{"id":11568,"date":"2020-12-08T15:37:05","date_gmt":"2020-12-08T20:37:05","guid":{"rendered":"http:\/\/www.uartes.edu.ec\/sitio\/?p=11568"},"modified":"2024-07-04T11:33:17","modified_gmt":"2024-07-04T16:33:17","slug":"mision-cumplida-once-nuevos-maestrantes-tiene-la-uartes","status":"publish","type":"post","link":"https:\/\/www.uartes.edu.ec\/sitio\/blog\/2020\/12\/08\/mision-cumplida-once-nuevos-maestrantes-tiene-la-uartes\/","title":{"rendered":"Misi\u00f3n cumplida, once nuevos maestrantes tiene la UArtes"},"content":{"rendered":"\n<p>Llegaron hace dos a\u00f1os a la Universidad de las Artes para continuar con sus estudios de cuarto nivel, en las maestr\u00edas de Pol\u00edticas Culturales y Gesti\u00f3n de las Artes y de Fotograf\u00eda y Sociedad en Am\u00e9rica Latina.<\/p>\n\n\n\n<p>Son once maestrantes que este s\u00e1bado 12 de diciembre ver\u00e1n con su participaci\u00f3n en la ceremonia virtual de graduaci\u00f3n, programada por la UArtes, los resultados de sus esfuerzos por alcanzar una meta, la cual los lleva a obtener sus t\u00edtulos de mag\u00edsteres.<\/p>\n\n\n\n<p>La economista y mag\u00edster Natalia Tamayo, docente y coordinadora de la Maestr\u00eda de Pol\u00edticas Culturales y Gesti\u00f3n de las Artes, indica que durante la semana del 23 al 29 de noviembre de 2020 cumplieron con la sustentaci\u00f3n de tesis, el paso final para titularse.<\/p>\n\n\n\n<p>Agrega que diez de ellos son de la Maestr\u00eda de Pol\u00edticas Culturales y Gesti\u00f3n de las Artes y que defendieron sus trabajos finales con productos de diversa tem\u00e1tica, as\u00ed como productos art\u00edsticos y actividades de gesti\u00f3n cultural. Explica que a la cohorte 2018-2020 se incorpor\u00f3 a la primera mag\u00edster en Fotograf\u00eda y Sociedad en Am\u00e9rica Latina, alcanzando tambi\u00e9n el reconocimiento de ser la primera mujer en lograr ese objetivo.<\/p>\n\n\n\n<p>De los posgradistas, el primero en sustentar tesis fue Carlos Andr\u00e9s Carrera Pe\u00f1afiel, quien tiene un diplomado en Relaciones Econ\u00f3micas Internacionales (Universidad Aut\u00f3noma Metropolitana de M\u00e9xico, UNAM), es m\u00fasico Especializado en Guitarra Cl\u00e1sica (Conservatorio Antonio Neumane), cuenta con Estudios Espirituales y Misionales (Asociaci\u00f3n Facultad Latinoamericana de Estudios Teol\u00f3gicos, Texas, AFLET)), es Asesor Familiar Sist\u00e9mico (Universidad de Las Am\u00e9ricas, UNELA) y Mediador de Conflictos (Centro Integral de la Familia, CIF).<\/p>\n\n\n\n<p>En la UArtes, Andr\u00e9s Carrera sigui\u00f3 la Maestr\u00eda de Pol\u00edticas Culturales y Gesti\u00f3n de las Artes y para titularse present\u00f3 como tesis el tema \u201cFestival Art\u00edstico Musical: Ni\u00f1os y j\u00f3venes unidos en una canci\u00f3n\u201d.<\/p>\n\n\n\n<p>Tambi\u00e9n en la Maestr\u00eda de Pol\u00edticas Culturales y Gesti\u00f3n de las Artes culminaron su preparaci\u00f3n Rosa Miriam Armijos Acosta, cuyo trabajo final fue \u201cLos rituales de la muerte en tiempos de pandemia en la ciudad de Guayaquil en el 2020\u201d; Julio C\u00e9sar Espinoza Bustamante, \u201cCampa\u00f1a radiof\u00f3nica de fomento a la lectura y creatividad Aquicito te Cuento\u201d; Cristina Ivonne Figueroa Pino, \u201cAn\u00e1lisis del \u00e1rea Educaci\u00f3n Cultural y Art\u00edstica dentro del curr\u00edculo nacional ecuatoriano y sus aplicaciones durante y post pandemia\u201d; Roc\u00edo Marlene Herrera V\u00e9lez, \u201cMujeres en resistencia &#8211; Dos voces, Dos tiempos, Dos historias &#8211; Pol\u00edtica, Cultura y Sociedad\u201d; y, Daniel Andr\u00e9s Merch\u00e1n P\u00e1stor, \u201cPropuesta de modelo de gesti\u00f3n alternativo para la creaci\u00f3n, producci\u00f3n y circulaci\u00f3n de contenidos musicales, del centro de producci\u00f3n\u201d.<\/p>\n\n\n\n<p>Al igual que ellos obtienen el t\u00edtulo de cuarto nivel, en la Maestr\u00eda de Pol\u00edticas Culturales y Gesti\u00f3n de las Artes, Orlin Monta\u00f1o, quien propuso y sustent\u00f3 como trabajo final el tema \u201cPalenque Marimbero, I Encuentro Virtual para el Fortalecimiento de la Cultura Afroamericana en Guayaquil\u201d; Roxana Betsab\u00e9 Molineros Faubla, \u201cParque Hist\u00f3rico Guayaquil: Un Derecho Cultural\u201d; Vicente Orellana Cobe\u00f1a, \u201cEl teatro guayaquile\u00f1o y su dimensi\u00f3n econ\u00f3mica\u201d. Y, Victoria Bernarda Vicu\u00f1a Bermeo, \u201cLa tragedia blanca de Bibli\u00e1n: Representaciones y tensiones de la memoria. Un proyecto de pel\u00edcula documental\u201d.<\/p>\n\n\n\n<p>La primera mag\u00edster en Fotograf\u00eda y Sociedad en Am\u00e9rica Latina es Tania Esmeralda Mu\u00f1oz Ord\u00f3\u00f1ez; su trabajo de tesis fue \u201cDiscursos visuales en Guayaquil: 1920-2020\u201d.<\/p>\n","protected":false},"excerpt":{"rendered":"<p>Llegaron hace dos a\u00f1os a la Universidad de las Artes para continuar con sus estudios de cuarto nivel, en las maestr\u00edas de Pol\u00edticas Culturales y Gesti\u00f3n de las Artes y de Fotograf\u00eda y Sociedad en Am\u00e9rica Latina. Son once maestrantes que este s\u00e1bado 12 de diciembre ver\u00e1n con su participaci\u00f3n en la ceremonia virtual de graduaci\u00f3n, programada por la UArtes, los resultados de sus esfuerzos por alcanzar una meta, la cual los lleva a obtener sus t\u00edtulos de mag\u00edsteres.<\/p>\n","protected":false},"author":1,"featured_media":11562,"comment_status":"closed","ping_status":"closed","sticky":false,"template":"","format":"standard","meta":{"_acf_changed":false,"_uag_custom_page_level_css":"","_monsterinsights_skip_tracking":false,"_monsterinsights_sitenote_active":false,"_monsterinsights_sitenote_note":"","_monsterinsights_sitenote_category":0,"cybocfi_hide_featured_image":"","footnotes":""},"categories":[80,76,264],"tags":[110],"infouartes":[],"class_list":["post-11568","post","type-post","status-publish","format-standard","has-post-thumbnail","hentry","category-academico","category-estudiantes","category-maestrias","tag-maestrias"],"acf":[],"yoast_head":"<!-- This site is optimized with the Yoast SEO plugin v27.4 - https:\/\/yoast.com\/product\/yoast-seo-wordpress\/ -->\n<title>Universidad de las Artes - Misi\u00f3n cumplida, once nuevos maestrantes tiene la UArtes<\/title>\n<meta name=\"description\" content=\"Universidad de las Artes - Misi\u00f3n cumplida, once nuevos maestrantes tiene la UArtes\" \/>\n<meta name=\"robots\" content=\"index, follow, max-snippet:-1, max-image-preview:large, max-video-preview:-1\" \/>\n<link rel=\"canonical\" href=\"https:\/\/www.uartes.edu.ec\/sitio\/blog\/2020\/12\/08\/mision-cumplida-once-nuevos-maestrantes-tiene-la-uartes\/\" \/>\n<meta property=\"og:locale\" content=\"es_ES\" \/>\n<meta property=\"og:type\" content=\"article\" \/>\n<meta property=\"og:title\" content=\"Universidad de las Artes - Misi\u00f3n cumplida, once nuevos maestrantes tiene la UArtes\" \/>\n<meta property=\"og:description\" content=\"Universidad de las Artes - Misi\u00f3n cumplida, once nuevos maestrantes tiene la UArtes\" \/>\n<meta property=\"og:url\" content=\"https:\/\/www.uartes.edu.ec\/sitio\/blog\/2020\/12\/08\/mision-cumplida-once-nuevos-maestrantes-tiene-la-uartes\/\" \/>\n<meta property=\"og:site_name\" content=\"Universidad de las Artes\" \/>\n<meta property=\"article:publisher\" content=\"https:\/\/www.facebook.com\/uartesec\" \/>\n<meta property=\"article:published_time\" content=\"2020-12-08T20:37:05+00:00\" \/>\n<meta property=\"article:modified_time\" content=\"2024-07-04T16:33:17+00:00\" \/>\n<meta property=\"og:image\" content=\"https:\/\/www.uartes.edu.ec\/sitio\/wp-content\/uploads\/2020\/12\/04-GRADUADOS-UARTES-POSGRADOS.jpg\" \/>\n\t<meta property=\"og:image:width\" content=\"2000\" \/>\n\t<meta property=\"og:image:height\" content=\"1333\" \/>\n\t<meta property=\"og:image:type\" content=\"image\/jpeg\" \/>\n<meta name=\"author\" content=\"Universidad de las Artes\" \/>\n<meta name=\"twitter:card\" content=\"summary_large_image\" \/>\n<meta name=\"twitter:creator\" content=\"@uartesec\" \/>\n<meta name=\"twitter:site\" content=\"@uartesec\" \/>\n<meta name=\"twitter:label1\" content=\"Escrito por\" \/>\n\t<meta name=\"twitter:data1\" content=\"Universidad de las Artes\" \/>\n\t<meta name=\"twitter:label2\" content=\"Tiempo de lectura\" \/>\n\t<meta name=\"twitter:data2\" content=\"3 minutos\" \/>\n<script type=\"application\/ld+json\" class=\"yoast-schema-graph\">{\"@context\":\"https:\\\/\\\/schema.org\",\"@graph\":[{\"@type\":\"Article\",\"@id\":\"https:\\\/\\\/www.uartes.edu.ec\\\/sitio\\\/blog\\\/2020\\\/12\\\/08\\\/mision-cumplida-once-nuevos-maestrantes-tiene-la-uartes\\\/#article\",\"isPartOf\":{\"@id\":\"https:\\\/\\\/www.uartes.edu.ec\\\/sitio\\\/blog\\\/2020\\\/12\\\/08\\\/mision-cumplida-once-nuevos-maestrantes-tiene-la-uartes\\\/\"},\"author\":{\"name\":\"Universidad de las Artes\",\"@id\":\"https:\\\/\\\/www.uartes.edu.ec\\\/sitio\\\/#\\\/schema\\\/person\\\/f33f8c1d2af0d5c80a38c8abf458184a\"},\"headline\":\"Misi\u00f3n cumplida, once nuevos maestrantes tiene la UArtes\",\"datePublished\":\"2020-12-08T20:37:05+00:00\",\"dateModified\":\"2024-07-04T16:33:17+00:00\",\"mainEntityOfPage\":{\"@id\":\"https:\\\/\\\/www.uartes.edu.ec\\\/sitio\\\/blog\\\/2020\\\/12\\\/08\\\/mision-cumplida-once-nuevos-maestrantes-tiene-la-uartes\\\/\"},\"wordCount\":620,\"publisher\":{\"@id\":\"https:\\\/\\\/www.uartes.edu.ec\\\/sitio\\\/#organization\"},\"image\":{\"@id\":\"https:\\\/\\\/www.uartes.edu.ec\\\/sitio\\\/blog\\\/2020\\\/12\\\/08\\\/mision-cumplida-once-nuevos-maestrantes-tiene-la-uartes\\\/#primaryimage\"},\"thumbnailUrl\":\"https:\\\/\\\/www.uartes.edu.ec\\\/sitio\\\/wp-content\\\/uploads\\\/2020\\\/12\\\/04-GRADUADOS-UARTES-POSGRADOS.jpg\",\"keywords\":[\"maestr\u00edas\"],\"articleSection\":[\"Acad\u00e9mico\",\"Estudiantes\",\"Maestr\u00edas\"],\"inLanguage\":\"es\"},{\"@type\":[\"WebPage\",\"ItemPage\"],\"@id\":\"https:\\\/\\\/www.uartes.edu.ec\\\/sitio\\\/blog\\\/2020\\\/12\\\/08\\\/mision-cumplida-once-nuevos-maestrantes-tiene-la-uartes\\\/\",\"url\":\"https:\\\/\\\/www.uartes.edu.ec\\\/sitio\\\/blog\\\/2020\\\/12\\\/08\\\/mision-cumplida-once-nuevos-maestrantes-tiene-la-uartes\\\/\",\"name\":\"Universidad de las Artes - Misi\u00f3n cumplida, once nuevos maestrantes tiene la UArtes\",\"isPartOf\":{\"@id\":\"https:\\\/\\\/www.uartes.edu.ec\\\/sitio\\\/#website\"},\"primaryImageOfPage\":{\"@id\":\"https:\\\/\\\/www.uartes.edu.ec\\\/sitio\\\/blog\\\/2020\\\/12\\\/08\\\/mision-cumplida-once-nuevos-maestrantes-tiene-la-uartes\\\/#primaryimage\"},\"image\":{\"@id\":\"https:\\\/\\\/www.uartes.edu.ec\\\/sitio\\\/blog\\\/2020\\\/12\\\/08\\\/mision-cumplida-once-nuevos-maestrantes-tiene-la-uartes\\\/#primaryimage\"},\"thumbnailUrl\":\"https:\\\/\\\/www.uartes.edu.ec\\\/sitio\\\/wp-content\\\/uploads\\\/2020\\\/12\\\/04-GRADUADOS-UARTES-POSGRADOS.jpg\",\"datePublished\":\"2020-12-08T20:37:05+00:00\",\"dateModified\":\"2024-07-04T16:33:17+00:00\",\"description\":\"Universidad de las Artes - Misi\u00f3n cumplida, once nuevos maestrantes tiene la UArtes\",\"breadcrumb\":{\"@id\":\"https:\\\/\\\/www.uartes.edu.ec\\\/sitio\\\/blog\\\/2020\\\/12\\\/08\\\/mision-cumplida-once-nuevos-maestrantes-tiene-la-uartes\\\/#breadcrumb\"},\"inLanguage\":\"es\",\"potentialAction\":[{\"@type\":\"ReadAction\",\"target\":[\"https:\\\/\\\/www.uartes.edu.ec\\\/sitio\\\/blog\\\/2020\\\/12\\\/08\\\/mision-cumplida-once-nuevos-maestrantes-tiene-la-uartes\\\/\"]}]},{\"@type\":\"ImageObject\",\"inLanguage\":\"es\",\"@id\":\"https:\\\/\\\/www.uartes.edu.ec\\\/sitio\\\/blog\\\/2020\\\/12\\\/08\\\/mision-cumplida-once-nuevos-maestrantes-tiene-la-uartes\\\/#primaryimage\",\"url\":\"https:\\\/\\\/www.uartes.edu.ec\\\/sitio\\\/wp-content\\\/uploads\\\/2020\\\/12\\\/04-GRADUADOS-UARTES-POSGRADOS.jpg\",\"contentUrl\":\"https:\\\/\\\/www.uartes.edu.ec\\\/sitio\\\/wp-content\\\/uploads\\\/2020\\\/12\\\/04-GRADUADOS-UARTES-POSGRADOS.jpg\",\"width\":2000,\"height\":1333},{\"@type\":\"BreadcrumbList\",\"@id\":\"https:\\\/\\\/www.uartes.edu.ec\\\/sitio\\\/blog\\\/2020\\\/12\\\/08\\\/mision-cumplida-once-nuevos-maestrantes-tiene-la-uartes\\\/#breadcrumb\",\"itemListElement\":[{\"@type\":\"ListItem\",\"position\":1,\"name\":\"Inicio\",\"item\":\"https:\\\/\\\/www.uartes.edu.ec\\\/sitio\\\/\"},{\"@type\":\"ListItem\",\"position\":2,\"name\":\"Misi\u00f3n cumplida, once nuevos maestrantes tiene la UArtes\"}]},{\"@type\":\"WebSite\",\"@id\":\"https:\\\/\\\/www.uartes.edu.ec\\\/sitio\\\/#website\",\"url\":\"https:\\\/\\\/www.uartes.edu.ec\\\/sitio\\\/\",\"name\":\"Universidad de las Artes\",\"description\":\"Sitio oficial de la Universidad Nacional de las Artes del Ecuador\",\"publisher\":{\"@id\":\"https:\\\/\\\/www.uartes.edu.ec\\\/sitio\\\/#organization\"},\"potentialAction\":[{\"@type\":\"SearchAction\",\"target\":{\"@type\":\"EntryPoint\",\"urlTemplate\":\"https:\\\/\\\/www.uartes.edu.ec\\\/sitio\\\/?s={search_term_string}\"},\"query-input\":{\"@type\":\"PropertyValueSpecification\",\"valueRequired\":true,\"valueName\":\"search_term_string\"}}],\"inLanguage\":\"es\"},{\"@type\":\"Organization\",\"@id\":\"https:\\\/\\\/www.uartes.edu.ec\\\/sitio\\\/#organization\",\"name\":\"Universidad de las Artes\",\"url\":\"https:\\\/\\\/www.uartes.edu.ec\\\/sitio\\\/\",\"logo\":{\"@type\":\"ImageObject\",\"inLanguage\":\"es\",\"@id\":\"https:\\\/\\\/www.uartes.edu.ec\\\/sitio\\\/#\\\/schema\\\/logo\\\/image\\\/\",\"url\":\"https:\\\/\\\/www.uartes.edu.ec\\\/sitio\\\/wp-content\\\/uploads\\\/2022\\\/07\\\/logo-ua-horizontal.png\",\"contentUrl\":\"https:\\\/\\\/www.uartes.edu.ec\\\/sitio\\\/wp-content\\\/uploads\\\/2022\\\/07\\\/logo-ua-horizontal.png\",\"width\":800,\"height\":276,\"caption\":\"Universidad de las Artes\"},\"image\":{\"@id\":\"https:\\\/\\\/www.uartes.edu.ec\\\/sitio\\\/#\\\/schema\\\/logo\\\/image\\\/\"},\"sameAs\":[\"https:\\\/\\\/www.facebook.com\\\/uartesec\",\"https:\\\/\\\/x.com\\\/uartesec\",\"https:\\\/\\\/www.tiktok.com\\\/@uartesec\"]},{\"@type\":\"Person\",\"@id\":\"https:\\\/\\\/www.uartes.edu.ec\\\/sitio\\\/#\\\/schema\\\/person\\\/f33f8c1d2af0d5c80a38c8abf458184a\",\"name\":\"Universidad de las Artes\",\"image\":{\"@type\":\"ImageObject\",\"inLanguage\":\"es\",\"@id\":\"https:\\\/\\\/secure.gravatar.com\\\/avatar\\\/52e4757902f5cfa5ac52d020e5be83cae5487519154b6c35482fe08d589f3c13?s=96&d=mm&r=g\",\"url\":\"https:\\\/\\\/secure.gravatar.com\\\/avatar\\\/52e4757902f5cfa5ac52d020e5be83cae5487519154b6c35482fe08d589f3c13?s=96&d=mm&r=g\",\"contentUrl\":\"https:\\\/\\\/secure.gravatar.com\\\/avatar\\\/52e4757902f5cfa5ac52d020e5be83cae5487519154b6c35482fe08d589f3c13?s=96&d=mm&r=g\",\"caption\":\"Universidad de las Artes\"},\"url\":\"https:\\\/\\\/www.uartes.edu.ec\\\/sitio\\\/blog\\\/author\\\/dircomadm\\\/\"}]}<\/script>\n<!-- \/ Yoast SEO plugin. -->","yoast_head_json":{"title":"Universidad de las Artes - Misi\u00f3n cumplida, once nuevos maestrantes tiene la UArtes","description":"Universidad de las Artes - Misi\u00f3n cumplida, once nuevos maestrantes tiene la UArtes","robots":{"index":"index","follow":"follow","max-snippet":"max-snippet:-1","max-image-preview":"max-image-preview:large","max-video-preview":"max-video-preview:-1"},"canonical":"https:\/\/www.uartes.edu.ec\/sitio\/blog\/2020\/12\/08\/mision-cumplida-once-nuevos-maestrantes-tiene-la-uartes\/","og_locale":"es_ES","og_type":"article","og_title":"Universidad de las Artes - Misi\u00f3n cumplida, once nuevos maestrantes tiene la UArtes","og_description":"Universidad de las Artes - Misi\u00f3n cumplida, once nuevos maestrantes tiene la UArtes","og_url":"https:\/\/www.uartes.edu.ec\/sitio\/blog\/2020\/12\/08\/mision-cumplida-once-nuevos-maestrantes-tiene-la-uartes\/","og_site_name":"Universidad de las Artes","article_publisher":"https:\/\/www.facebook.com\/uartesec","article_published_time":"2020-12-08T20:37:05+00:00","article_modified_time":"2024-07-04T16:33:17+00:00","og_image":[{"width":2000,"height":1333,"url":"https:\/\/www.uartes.edu.ec\/sitio\/wp-content\/uploads\/2020\/12\/04-GRADUADOS-UARTES-POSGRADOS.jpg","type":"image\/jpeg"}],"author":"Universidad de las Artes","twitter_card":"summary_large_image","twitter_creator":"@uartesec","twitter_site":"@uartesec","twitter_misc":{"Escrito por":"Universidad de las Artes","Tiempo de lectura":"3 minutos"},"schema":{"@context":"https:\/\/schema.org","@graph":[{"@type":"Article","@id":"https:\/\/www.uartes.edu.ec\/sitio\/blog\/2020\/12\/08\/mision-cumplida-once-nuevos-maestrantes-tiene-la-uartes\/#article","isPartOf":{"@id":"https:\/\/www.uartes.edu.ec\/sitio\/blog\/2020\/12\/08\/mision-cumplida-once-nuevos-maestrantes-tiene-la-uartes\/"},"author":{"name":"Universidad de las Artes","@id":"https:\/\/www.uartes.edu.ec\/sitio\/#\/schema\/person\/f33f8c1d2af0d5c80a38c8abf458184a"},"headline":"Misi\u00f3n cumplida, once nuevos maestrantes tiene la UArtes","datePublished":"2020-12-08T20:37:05+00:00","dateModified":"2024-07-04T16:33:17+00:00","mainEntityOfPage":{"@id":"https:\/\/www.uartes.edu.ec\/sitio\/blog\/2020\/12\/08\/mision-cumplida-once-nuevos-maestrantes-tiene-la-uartes\/"},"wordCount":620,"publisher":{"@id":"https:\/\/www.uartes.edu.ec\/sitio\/#organization"},"image":{"@id":"https:\/\/www.uartes.edu.ec\/sitio\/blog\/2020\/12\/08\/mision-cumplida-once-nuevos-maestrantes-tiene-la-uartes\/#primaryimage"},"thumbnailUrl":"https:\/\/www.uartes.edu.ec\/sitio\/wp-content\/uploads\/2020\/12\/04-GRADUADOS-UARTES-POSGRADOS.jpg","keywords":["maestr\u00edas"],"articleSection":["Acad\u00e9mico","Estudiantes","Maestr\u00edas"],"inLanguage":"es"},{"@type":["WebPage","ItemPage"],"@id":"https:\/\/www.uartes.edu.ec\/sitio\/blog\/2020\/12\/08\/mision-cumplida-once-nuevos-maestrantes-tiene-la-uartes\/","url":"https:\/\/www.uartes.edu.ec\/sitio\/blog\/2020\/12\/08\/mision-cumplida-once-nuevos-maestrantes-tiene-la-uartes\/","name":"Universidad de las Artes - Misi\u00f3n cumplida, once nuevos maestrantes tiene la UArtes","isPartOf":{"@id":"https:\/\/www.uartes.edu.ec\/sitio\/#website"},"primaryImageOfPage":{"@id":"https:\/\/www.uartes.edu.ec\/sitio\/blog\/2020\/12\/08\/mision-cumplida-once-nuevos-maestrantes-tiene-la-uartes\/#primaryimage"},"image":{"@id":"https:\/\/www.uartes.edu.ec\/sitio\/blog\/2020\/12\/08\/mision-cumplida-once-nuevos-maestrantes-tiene-la-uartes\/#primaryimage"},"thumbnailUrl":"https:\/\/www.uartes.edu.ec\/sitio\/wp-content\/uploads\/2020\/12\/04-GRADUADOS-UARTES-POSGRADOS.jpg","datePublished":"2020-12-08T20:37:05+00:00","dateModified":"2024-07-04T16:33:17+00:00","description":"Universidad de las Artes - Misi\u00f3n cumplida, once nuevos maestrantes tiene la UArtes","breadcrumb":{"@id":"https:\/\/www.uartes.edu.ec\/sitio\/blog\/2020\/12\/08\/mision-cumplida-once-nuevos-maestrantes-tiene-la-uartes\/#breadcrumb"},"inLanguage":"es","potentialAction":[{"@type":"ReadAction","target":["https:\/\/www.uartes.edu.ec\/sitio\/blog\/2020\/12\/08\/mision-cumplida-once-nuevos-maestrantes-tiene-la-uartes\/"]}]},{"@type":"ImageObject","inLanguage":"es","@id":"https:\/\/www.uartes.edu.ec\/sitio\/blog\/2020\/12\/08\/mision-cumplida-once-nuevos-maestrantes-tiene-la-uartes\/#primaryimage","url":"https:\/\/www.uartes.edu.ec\/sitio\/wp-content\/uploads\/2020\/12\/04-GRADUADOS-UARTES-POSGRADOS.jpg","contentUrl":"https:\/\/www.uartes.edu.ec\/sitio\/wp-content\/uploads\/2020\/12\/04-GRADUADOS-UARTES-POSGRADOS.jpg","width":2000,"height":1333},{"@type":"BreadcrumbList","@id":"https:\/\/www.uartes.edu.ec\/sitio\/blog\/2020\/12\/08\/mision-cumplida-once-nuevos-maestrantes-tiene-la-uartes\/#breadcrumb","itemListElement":[{"@type":"ListItem","position":1,"name":"Inicio","item":"https:\/\/www.uartes.edu.ec\/sitio\/"},{"@type":"ListItem","position":2,"name":"Misi\u00f3n cumplida, once nuevos maestrantes tiene la UArtes"}]},{"@type":"WebSite","@id":"https:\/\/www.uartes.edu.ec\/sitio\/#website","url":"https:\/\/www.uartes.edu.ec\/sitio\/","name":"Universidad de las Artes","description":"Sitio oficial de la Universidad Nacional de las Artes del Ecuador","publisher":{"@id":"https:\/\/www.uartes.edu.ec\/sitio\/#organization"},"potentialAction":[{"@type":"SearchAction","target":{"@type":"EntryPoint","urlTemplate":"https:\/\/www.uartes.edu.ec\/sitio\/?s={search_term_string}"},"query-input":{"@type":"PropertyValueSpecification","valueRequired":true,"valueName":"search_term_string"}}],"inLanguage":"es"},{"@type":"Organization","@id":"https:\/\/www.uartes.edu.ec\/sitio\/#organization","name":"Universidad de las Artes","url":"https:\/\/www.uartes.edu.ec\/sitio\/","logo":{"@type":"ImageObject","inLanguage":"es","@id":"https:\/\/www.uartes.edu.ec\/sitio\/#\/schema\/logo\/image\/","url":"https:\/\/www.uartes.edu.ec\/sitio\/wp-content\/uploads\/2022\/07\/logo-ua-horizontal.png","contentUrl":"https:\/\/www.uartes.edu.ec\/sitio\/wp-content\/uploads\/2022\/07\/logo-ua-horizontal.png","width":800,"height":276,"caption":"Universidad de las Artes"},"image":{"@id":"https:\/\/www.uartes.edu.ec\/sitio\/#\/schema\/logo\/image\/"},"sameAs":["https:\/\/www.facebook.com\/uartesec","https:\/\/x.com\/uartesec","https:\/\/www.tiktok.com\/@uartesec"]},{"@type":"Person","@id":"https:\/\/www.uartes.edu.ec\/sitio\/#\/schema\/person\/f33f8c1d2af0d5c80a38c8abf458184a","name":"Universidad de las Artes","image":{"@type":"ImageObject","inLanguage":"es","@id":"https:\/\/secure.gravatar.com\/avatar\/52e4757902f5cfa5ac52d020e5be83cae5487519154b6c35482fe08d589f3c13?s=96&d=mm&r=g","url":"https:\/\/secure.gravatar.com\/avatar\/52e4757902f5cfa5ac52d020e5be83cae5487519154b6c35482fe08d589f3c13?s=96&d=mm&r=g","contentUrl":"https:\/\/secure.gravatar.com\/avatar\/52e4757902f5cfa5ac52d020e5be83cae5487519154b6c35482fe08d589f3c13?s=96&d=mm&r=g","caption":"Universidad de las Artes"},"url":"https:\/\/www.uartes.edu.ec\/sitio\/blog\/author\/dircomadm\/"}]}},"uagb_featured_image_src":{"full":["https:\/\/www.uartes.edu.ec\/sitio\/wp-content\/uploads\/2020\/12\/04-GRADUADOS-UARTES-POSGRADOS.jpg",2000,1333,false],"thumbnail":["https:\/\/www.uartes.edu.ec\/sitio\/wp-content\/uploads\/2020\/12\/04-GRADUADOS-UARTES-POSGRADOS-150x150.jpg",150,150,true],"medium":["https:\/\/www.uartes.edu.ec\/sitio\/wp-content\/uploads\/2020\/12\/04-GRADUADOS-UARTES-POSGRADOS-300x200.jpg",300,200,true],"medium_large":["https:\/\/www.uartes.edu.ec\/sitio\/wp-content\/uploads\/2020\/12\/04-GRADUADOS-UARTES-POSGRADOS-768x512.jpg",768,512,true],"large":["https:\/\/www.uartes.edu.ec\/sitio\/wp-content\/uploads\/2020\/12\/04-GRADUADOS-UARTES-POSGRADOS-644x429.jpg",644,429,true],"1536x1536":["https:\/\/www.uartes.edu.ec\/sitio\/wp-content\/uploads\/2020\/12\/04-GRADUADOS-UARTES-POSGRADOS-1536x1024.jpg",1536,1024,true],"2048x2048":["https:\/\/www.uartes.edu.ec\/sitio\/wp-content\/uploads\/2020\/12\/04-GRADUADOS-UARTES-POSGRADOS.jpg",2000,1333,false],"trp-custom-language-flag":["https:\/\/www.uartes.edu.ec\/sitio\/wp-content\/uploads\/2020\/12\/04-GRADUADOS-UARTES-POSGRADOS.jpg",18,12,false],"htmega_size_585x295":["https:\/\/www.uartes.edu.ec\/sitio\/wp-content\/uploads\/2020\/12\/04-GRADUADOS-UARTES-POSGRADOS-585x295.jpg",585,295,true],"htmega_size_1170x536":["https:\/\/www.uartes.edu.ec\/sitio\/wp-content\/uploads\/2020\/12\/04-GRADUADOS-UARTES-POSGRADOS-1170x536.jpg",1170,536,true],"htmega_size_396x360":["https:\/\/www.uartes.edu.ec\/sitio\/wp-content\/uploads\/2020\/12\/04-GRADUADOS-UARTES-POSGRADOS-396x360.jpg",396,360,true],"gb-block-post-grid-landscape":["https:\/\/www.uartes.edu.ec\/sitio\/wp-content\/uploads\/2020\/12\/04-GRADUADOS-UARTES-POSGRADOS.jpg",600,400,false],"gb-block-post-grid-square":["https:\/\/www.uartes.edu.ec\/sitio\/wp-content\/uploads\/2020\/12\/04-GRADUADOS-UARTES-POSGRADOS.jpg",600,400,false],"university-hub-thumb":["https:\/\/www.uartes.edu.ec\/sitio\/wp-content\/uploads\/2020\/12\/04-GRADUADOS-UARTES-POSGRADOS.jpg",400,267,false],"mailpoet_newsletter_max":["https:\/\/www.uartes.edu.ec\/sitio\/wp-content\/uploads\/2020\/12\/04-GRADUADOS-UARTES-POSGRADOS.jpg",1320,880,false]},"uagb_author_info":{"display_name":"Universidad de las Artes","author_link":"https:\/\/www.uartes.edu.ec\/sitio\/blog\/author\/dircomadm\/"},"uagb_comment_info":0,"uagb_excerpt":"Llegaron hace dos a\u00f1os a la Universidad de las Artes para continuar con sus estudios de cuarto nivel, en las maestr\u00edas de Pol\u00edticas Culturales y Gesti\u00f3n de las Artes y de Fotograf\u00eda y Sociedad en Am\u00e9rica Latina. Son once maestrantes que este s\u00e1bado 12 de diciembre ver\u00e1n con su participaci\u00f3n en la ceremonia virtual de&hellip;","featured_image_src":"https:\/\/www.uartes.edu.ec\/sitio\/wp-content\/uploads\/2020\/12\/04-GRADUADOS-UARTES-POSGRADOS.jpg","featured_image_src_square":"https:\/\/www.uartes.edu.ec\/sitio\/wp-content\/uploads\/2020\/12\/04-GRADUADOS-UARTES-POSGRADOS.jpg","author_info":{"display_name":"Universidad de las Artes","author_link":"https:\/\/www.uartes.edu.ec\/sitio\/blog\/author\/dircomadm\/"},"publishpress_future_workflow_manual_trigger":{"enabledWorkflows":[]},"distributor_meta":false,"distributor_terms":false,"distributor_media":false,"distributor_original_site_name":"Universidad de las Artes","distributor_original_site_url":"https:\/\/www.uartes.edu.ec\/sitio","push-errors":false,"_links":{"self":[{"href":"https:\/\/www.uartes.edu.ec\/sitio\/wp-json\/wp\/v2\/posts\/11568","targetHints":{"allow":["GET"]}}],"collection":[{"href":"https:\/\/www.uartes.edu.ec\/sitio\/wp-json\/wp\/v2\/posts"}],"about":[{"href":"https:\/\/www.uartes.edu.ec\/sitio\/wp-json\/wp\/v2\/types\/post"}],"author":[{"embeddable":true,"href":"https:\/\/www.uartes.edu.ec\/sitio\/wp-json\/wp\/v2\/users\/1"}],"replies":[{"embeddable":true,"href":"https:\/\/www.uartes.edu.ec\/sitio\/wp-json\/wp\/v2\/comments?post=11568"}],"version-history":[{"count":2,"href":"https:\/\/www.uartes.edu.ec\/sitio\/wp-json\/wp\/v2\/posts\/11568\/revisions"}],"predecessor-version":[{"id":42974,"href":"https:\/\/www.uartes.edu.ec\/sitio\/wp-json\/wp\/v2\/posts\/11568\/revisions\/42974"}],"wp:featuredmedia":[{"embeddable":true,"href":"https:\/\/www.uartes.edu.ec\/sitio\/wp-json\/wp\/v2\/media\/11562"}],"wp:attachment":[{"href":"https:\/\/www.uartes.edu.ec\/sitio\/wp-json\/wp\/v2\/media?parent=11568"}],"wp:term":[{"taxonomy":"category","embeddable":true,"href":"https:\/\/www.uartes.edu.ec\/sitio\/wp-json\/wp\/v2\/categories?post=11568"},{"taxonomy":"post_tag","embeddable":true,"href":"https:\/\/www.uartes.edu.ec\/sitio\/wp-json\/wp\/v2\/tags?post=11568"},{"taxonomy":"infouartes","embeddable":true,"href":"https:\/\/www.uartes.edu.ec\/sitio\/wp-json\/wp\/v2\/infouartes?post=11568"}],"curies":[{"name":"wp","href":"https:\/\/api.w.org\/{rel}","templated":true}]}}