{"id":11601,"date":"2020-12-08T17:52:00","date_gmt":"2020-12-08T22:52:00","guid":{"rendered":"http:\/\/www.uartes.edu.ec\/sitio\/?p=11601"},"modified":"2024-07-04T11:33:17","modified_gmt":"2024-07-04T16:33:17","slug":"la-uartes-en-el-aniversario-250o-de-beethoven","status":"publish","type":"post","link":"https:\/\/www.uartes.edu.ec\/sitio\/blog\/2020\/12\/08\/la-uartes-en-el-aniversario-250o-de-beethoven\/","title":{"rendered":"La UArtes en el aniversario 250\u00ba de Beethoven"},"content":{"rendered":"\n<p class=\"has-text-align-right\"><em>Con dos jornadas acad\u00e9micas, musicales y creativas, la Escuela de Artes Sonoras de la Universidad de las Artes celebra el nacimiento del connotado compositor alem\u00e1n.<\/em><strong><\/strong><\/p>\n\n\n\n<p>La cita virtual con el legado del compositor alem\u00e1n Ludwig van Beethoven se inicia este 8 de diciembre de 2020. Por conmemorarse este 2020 el 250.\u00ba aniversario del nacimiento del autor de exitosas obras para&nbsp;piano, clarinete, viol\u00edn, violonchelo, <a href=\"https:\/\/es.wikipedia.org\/wiki\/Oboe\">oboe<\/a>,&nbsp;<a href=\"https:\/\/es.wikipedia.org\/wiki\/Clarinete\">clarinete<\/a>,&nbsp;<a href=\"https:\/\/es.wikipedia.org\/wiki\/Trompa_(instrumento)\">trompa<\/a>,&nbsp;<a href=\"https:\/\/es.wikipedia.org\/wiki\/Fagot\">fagot<\/a>, coro y orquesta, la Escuela de Artes Sonoras de la Universidad de las Artes ha preparado una jornada acad\u00e9mica, musical y creativa, la cual se extender\u00e1 hasta el mi\u00e9rcoles 9.<\/p>\n\n\n\n<p>El objetivo es reunir a la comunidad acad\u00e9mica \u2013con charlas, ponencias y presentaciones\u2013 y a los artistas, quienes celebrar\u00e1n con su m\u00fasica, interpretaciones y creaciones la obra del tambi\u00e9n director de orquesta y pianista. El evento est\u00e1 abierto al p\u00fablico en general. Las charlas se desarrollar\u00e1n en horario local (GMT-5 Quito, Lima, Bogot\u00e1). Participan docentes y m\u00fasicos nacionales e internacionales.<\/p>\n\n\n\n<p>As\u00ed, para hoy, 8 de diciembre, la Sesi\u00f3n de Apertura est\u00e1 programada a las 10:45. Le sigue la Mesa de Comunicaci\u00f3n, con estudiantes de la EAS, donde se hablar\u00e1 acerca de los \u201cCuadernos de trabajo, dossier: 250 a\u00f1os del nacimiento de Beethoven, correspondencias est\u00e9ticas\u201d, a las 11:00; \u201cBeethoven, \u00bfun homo pol\u00edtico?\u201d, charla con Johannes Dering-Read, a las 13:30; \u201cLa 5ta. Sinfon\u00eda de Beethoven, mitos y verdades\u201d, charla con Michael Meissner, a las 14:20; y, \u201cLa 3ra. Sinfon\u00eda de Beethoven: problemas orquestales\u201d, charla sincr\u00f3nica con Emmanuel Siffert, a las 15:00.<\/p>\n\n\n\n<p>Las ponencias tienen lugar desde las 16:30. La primera, titulada \u201cSinfon\u00eda del destino, la construcci\u00f3n de un paradigma a partir de la grabaci\u00f3n\u201d, corre a cargo de Luis P\u00e9rez Valero. La actividad contin\u00faa, a las 16:55, con \u201cEl coral de la 9na. Sinfon\u00eda de Beethoven y su relaci\u00f3n con el Lied Gegenliebe y la fantas\u00eda para piano, coro y orquesta\u201d, interviene Ivonne Schiaffino. A las 17:20, \u201cBeethoven: Sordera y memoria tonal, un acercamiento a su habilidad compositiva\u201d, con Jackeline Guti\u00e9rrez. A las 17:45, \u201cVariaciones sobre la Sonata Op. 111 de Ludwig van Beethoven\u201d, con Adina Izarra. A las 18:00, \u201cBeethoven en proceso\u2026 para bajo y procesos electr\u00f3nicos en vivo\u201d, con Rub\u00e9n Riera. A las 19:30, \u201cMetr\u00f3nomos rotos: La posibilidad cinematogr\u00e1fica de una imagen ac\u00fastica\u201d, con Mart\u00edn Baus. A las 20:00, \u201cAndante, variaciones y rond\u00f3, Sonata en la Bemol Op. 26\u201d, presentaci\u00f3n art\u00edstica del d\u00fao de guitarras integrado por Ivonne Subia y Ricardo Salazar. Y, \u201cSonata No. 28, Op 111\u201d, presentaci\u00f3n art\u00edstica de Ang\u00e9lica S\u00e1nchez (piano).<\/p>\n\n\n\n<figure class=\"wp-block-image alignfull size-large\"><img fetchpriority=\"high\" decoding=\"async\" width=\"644\" height=\"430\" src=\"http:\/\/www.uartes.edu.ec\/sitio\/wp-content\/uploads\/2020\/09\/Ludwig-Van-Beethoven-1-644x430.jpg\" alt=\"\" class=\"wp-image-9381\" srcset=\"https:\/\/www.uartes.edu.ec\/sitio\/wp-content\/uploads\/2020\/09\/Ludwig-Van-Beethoven-1-644x430.jpg 644w, https:\/\/www.uartes.edu.ec\/sitio\/wp-content\/uploads\/2020\/09\/Ludwig-Van-Beethoven-1-300x200.jpg 300w, https:\/\/www.uartes.edu.ec\/sitio\/wp-content\/uploads\/2020\/09\/Ludwig-Van-Beethoven-1-768x513.jpg 768w, https:\/\/www.uartes.edu.ec\/sitio\/wp-content\/uploads\/2020\/09\/Ludwig-Van-Beethoven-1-600x400.jpg 600w, https:\/\/www.uartes.edu.ec\/sitio\/wp-content\/uploads\/2020\/09\/Ludwig-Van-Beethoven-1-400x267.jpg 400w, https:\/\/www.uartes.edu.ec\/sitio\/wp-content\/uploads\/2020\/09\/Ludwig-Van-Beethoven-1-272x182.jpg 272w, https:\/\/www.uartes.edu.ec\/sitio\/wp-content\/uploads\/2020\/09\/Ludwig-Van-Beethoven-1.jpg 1500w\" sizes=\"(max-width: 644px) 100vw, 644px\" \/><\/figure>\n\n\n\n<p>La jornada del 9 de diciembre se inicia a las 08:20 con la charla \u201cPatolog\u00eda del \u00f3rgano ac\u00fastico: Beethoven y algo m\u00e1s\u201d, con la intervenci\u00f3n de William Vargas. A las 10:00, \u201cAspectos formales en la obra de Beethoven\u201d, con Julio Bueno. A las 11:30, \u201cBeethoven, Sonata Op. 27, No. 2, la obra y la grabaci\u00f3n\u201d, con Meining Cheung Ruiz. A las 13:30, \u201cDescubriendo la m\u00fasica de c\u00e1mara de Beethoven\u201d, con Andr\u00e9s Torres; a las 15:00, \u201cSonata No. 21, Op. 53 (Waldstein), presentaci\u00f3n art\u00edstica, di\u00e1logo sincr\u00f3nico\u201d, con Pilar Leyva (piano). A las 17:00, \u201cBeethoven en el 2020: La industria musical del m\u00fasico cl\u00e1sico\u201d, con Daniel Orejuela. Y, a las 18:00, \u201cEl rol del compositor desde Beethoven hasta nuestro tiempo\u201d, con Antonio (To\u00f1o) Cepeda.&nbsp;&nbsp;&nbsp; &nbsp;&nbsp;<\/p>\n\n\n\n<p>Como parte de la celebraci\u00f3n, la EAS ha programado tambi\u00e9n un Mini-festival Estudiantil, el cual, programado desde las 19:00, marcar\u00e1 la clausura de la cita. Participar\u00e1n alumnos de distintas instituciones del pa\u00eds: Christian Urgil\u00e9s, del Conservatorio Dr. Jorge Enrique Manzano; Karen y Juan Andrade, del Conservatorio Jos\u00e9 Mar\u00eda Rodr\u00edguez; Elio Santana y Elisa Astudillo, de la UArtes; Jiedan Ding y \u00c9rika Ruales, del Fest&amp;Arts; Ostin Tinoco, de la Universidad Central del Ecuador; y, Christian Ochoa, de la Universidad San Francisco de Quito.&nbsp;<\/p>\n","protected":false},"excerpt":{"rendered":"<p>Con dos jornadas acad\u00e9micas, musicales y creativas, la Escuela de Artes Sonoras de la Universidad de las Artes celebra el nacimiento del connotado compositor alem\u00e1n.<\/p>\n","protected":false},"author":1,"featured_media":11602,"comment_status":"closed","ping_status":"closed","sticky":false,"template":"","format":"standard","meta":{"_acf_changed":false,"_uag_custom_page_level_css":"","_monsterinsights_skip_tracking":false,"_monsterinsights_sitenote_active":false,"_monsterinsights_sitenote_note":"","_monsterinsights_sitenote_category":0,"cybocfi_hide_featured_image":"","footnotes":""},"categories":[80,150,75],"tags":[],"infouartes":[],"class_list":["post-11601","post","type-post","status-publish","format-standard","has-post-thumbnail","hentry","category-academico","category-artes-sonoras","category-docentes"],"acf":[],"yoast_head":"<!-- This site is optimized with the Yoast SEO plugin v27.4 - https:\/\/yoast.com\/product\/yoast-seo-wordpress\/ -->\n<title>Universidad de las Artes - La UArtes en el aniversario 250\u00ba de Beethoven<\/title>\n<meta name=\"description\" content=\"Universidad de las Artes - La UArtes en el aniversario 250\u00ba de Beethoven\" \/>\n<meta name=\"robots\" content=\"index, follow, max-snippet:-1, max-image-preview:large, max-video-preview:-1\" \/>\n<link rel=\"canonical\" href=\"https:\/\/www.uartes.edu.ec\/sitio\/blog\/2020\/12\/08\/la-uartes-en-el-aniversario-250o-de-beethoven\/\" \/>\n<meta property=\"og:locale\" content=\"es_ES\" \/>\n<meta property=\"og:type\" content=\"article\" \/>\n<meta property=\"og:title\" content=\"Universidad de las Artes - La UArtes en el aniversario 250\u00ba de Beethoven\" \/>\n<meta property=\"og:description\" content=\"Universidad de las Artes - La UArtes en el aniversario 250\u00ba de Beethoven\" \/>\n<meta property=\"og:url\" content=\"https:\/\/www.uartes.edu.ec\/sitio\/blog\/2020\/12\/08\/la-uartes-en-el-aniversario-250o-de-beethoven\/\" \/>\n<meta property=\"og:site_name\" content=\"Universidad de las Artes\" \/>\n<meta property=\"article:publisher\" content=\"https:\/\/www.facebook.com\/uartesec\" \/>\n<meta property=\"article:published_time\" content=\"2020-12-08T22:52:00+00:00\" \/>\n<meta property=\"article:modified_time\" content=\"2024-07-04T16:33:17+00:00\" \/>\n<meta property=\"og:image\" content=\"https:\/\/www.uartes.edu.ec\/sitio\/wp-content\/uploads\/2020\/12\/BETHOVEN.jpg\" \/>\n\t<meta property=\"og:image:width\" content=\"2000\" \/>\n\t<meta property=\"og:image:height\" content=\"1333\" \/>\n\t<meta property=\"og:image:type\" content=\"image\/jpeg\" \/>\n<meta name=\"author\" content=\"Universidad de las Artes\" \/>\n<meta name=\"twitter:card\" content=\"summary_large_image\" \/>\n<meta name=\"twitter:creator\" content=\"@uartesec\" \/>\n<meta name=\"twitter:site\" content=\"@uartesec\" \/>\n<meta name=\"twitter:label1\" content=\"Escrito por\" \/>\n\t<meta name=\"twitter:data1\" content=\"Universidad de las Artes\" \/>\n\t<meta name=\"twitter:label2\" content=\"Tiempo de lectura\" \/>\n\t<meta name=\"twitter:data2\" content=\"3 minutos\" \/>\n<script type=\"application\/ld+json\" class=\"yoast-schema-graph\">{\"@context\":\"https:\\\/\\\/schema.org\",\"@graph\":[{\"@type\":\"Article\",\"@id\":\"https:\\\/\\\/www.uartes.edu.ec\\\/sitio\\\/blog\\\/2020\\\/12\\\/08\\\/la-uartes-en-el-aniversario-250o-de-beethoven\\\/#article\",\"isPartOf\":{\"@id\":\"https:\\\/\\\/www.uartes.edu.ec\\\/sitio\\\/blog\\\/2020\\\/12\\\/08\\\/la-uartes-en-el-aniversario-250o-de-beethoven\\\/\"},\"author\":{\"name\":\"Universidad de las Artes\",\"@id\":\"https:\\\/\\\/www.uartes.edu.ec\\\/sitio\\\/#\\\/schema\\\/person\\\/f33f8c1d2af0d5c80a38c8abf458184a\"},\"headline\":\"La UArtes en el aniversario 250\u00ba de Beethoven\",\"datePublished\":\"2020-12-08T22:52:00+00:00\",\"dateModified\":\"2024-07-04T16:33:17+00:00\",\"mainEntityOfPage\":{\"@id\":\"https:\\\/\\\/www.uartes.edu.ec\\\/sitio\\\/blog\\\/2020\\\/12\\\/08\\\/la-uartes-en-el-aniversario-250o-de-beethoven\\\/\"},\"wordCount\":663,\"publisher\":{\"@id\":\"https:\\\/\\\/www.uartes.edu.ec\\\/sitio\\\/#organization\"},\"image\":{\"@id\":\"https:\\\/\\\/www.uartes.edu.ec\\\/sitio\\\/blog\\\/2020\\\/12\\\/08\\\/la-uartes-en-el-aniversario-250o-de-beethoven\\\/#primaryimage\"},\"thumbnailUrl\":\"https:\\\/\\\/www.uartes.edu.ec\\\/sitio\\\/wp-content\\\/uploads\\\/2020\\\/12\\\/BETHOVEN.jpg\",\"articleSection\":[\"Acad\u00e9mico\",\"Artes Sonoras\",\"Docentes\"],\"inLanguage\":\"es\"},{\"@type\":[\"WebPage\",\"ItemPage\"],\"@id\":\"https:\\\/\\\/www.uartes.edu.ec\\\/sitio\\\/blog\\\/2020\\\/12\\\/08\\\/la-uartes-en-el-aniversario-250o-de-beethoven\\\/\",\"url\":\"https:\\\/\\\/www.uartes.edu.ec\\\/sitio\\\/blog\\\/2020\\\/12\\\/08\\\/la-uartes-en-el-aniversario-250o-de-beethoven\\\/\",\"name\":\"Universidad de las Artes - La UArtes en el aniversario 250\u00ba de Beethoven\",\"isPartOf\":{\"@id\":\"https:\\\/\\\/www.uartes.edu.ec\\\/sitio\\\/#website\"},\"primaryImageOfPage\":{\"@id\":\"https:\\\/\\\/www.uartes.edu.ec\\\/sitio\\\/blog\\\/2020\\\/12\\\/08\\\/la-uartes-en-el-aniversario-250o-de-beethoven\\\/#primaryimage\"},\"image\":{\"@id\":\"https:\\\/\\\/www.uartes.edu.ec\\\/sitio\\\/blog\\\/2020\\\/12\\\/08\\\/la-uartes-en-el-aniversario-250o-de-beethoven\\\/#primaryimage\"},\"thumbnailUrl\":\"https:\\\/\\\/www.uartes.edu.ec\\\/sitio\\\/wp-content\\\/uploads\\\/2020\\\/12\\\/BETHOVEN.jpg\",\"datePublished\":\"2020-12-08T22:52:00+00:00\",\"dateModified\":\"2024-07-04T16:33:17+00:00\",\"description\":\"Universidad de las Artes - La UArtes en el aniversario 250\u00ba de Beethoven\",\"breadcrumb\":{\"@id\":\"https:\\\/\\\/www.uartes.edu.ec\\\/sitio\\\/blog\\\/2020\\\/12\\\/08\\\/la-uartes-en-el-aniversario-250o-de-beethoven\\\/#breadcrumb\"},\"inLanguage\":\"es\",\"potentialAction\":[{\"@type\":\"ReadAction\",\"target\":[\"https:\\\/\\\/www.uartes.edu.ec\\\/sitio\\\/blog\\\/2020\\\/12\\\/08\\\/la-uartes-en-el-aniversario-250o-de-beethoven\\\/\"]}]},{\"@type\":\"ImageObject\",\"inLanguage\":\"es\",\"@id\":\"https:\\\/\\\/www.uartes.edu.ec\\\/sitio\\\/blog\\\/2020\\\/12\\\/08\\\/la-uartes-en-el-aniversario-250o-de-beethoven\\\/#primaryimage\",\"url\":\"https:\\\/\\\/www.uartes.edu.ec\\\/sitio\\\/wp-content\\\/uploads\\\/2020\\\/12\\\/BETHOVEN.jpg\",\"contentUrl\":\"https:\\\/\\\/www.uartes.edu.ec\\\/sitio\\\/wp-content\\\/uploads\\\/2020\\\/12\\\/BETHOVEN.jpg\",\"width\":2000,\"height\":1333},{\"@type\":\"BreadcrumbList\",\"@id\":\"https:\\\/\\\/www.uartes.edu.ec\\\/sitio\\\/blog\\\/2020\\\/12\\\/08\\\/la-uartes-en-el-aniversario-250o-de-beethoven\\\/#breadcrumb\",\"itemListElement\":[{\"@type\":\"ListItem\",\"position\":1,\"name\":\"Inicio\",\"item\":\"https:\\\/\\\/www.uartes.edu.ec\\\/sitio\\\/\"},{\"@type\":\"ListItem\",\"position\":2,\"name\":\"La UArtes en el aniversario 250\u00ba de Beethoven\"}]},{\"@type\":\"WebSite\",\"@id\":\"https:\\\/\\\/www.uartes.edu.ec\\\/sitio\\\/#website\",\"url\":\"https:\\\/\\\/www.uartes.edu.ec\\\/sitio\\\/\",\"name\":\"Universidad de las Artes\",\"description\":\"Sitio oficial de la Universidad Nacional de las Artes del Ecuador\",\"publisher\":{\"@id\":\"https:\\\/\\\/www.uartes.edu.ec\\\/sitio\\\/#organization\"},\"potentialAction\":[{\"@type\":\"SearchAction\",\"target\":{\"@type\":\"EntryPoint\",\"urlTemplate\":\"https:\\\/\\\/www.uartes.edu.ec\\\/sitio\\\/?s={search_term_string}\"},\"query-input\":{\"@type\":\"PropertyValueSpecification\",\"valueRequired\":true,\"valueName\":\"search_term_string\"}}],\"inLanguage\":\"es\"},{\"@type\":\"Organization\",\"@id\":\"https:\\\/\\\/www.uartes.edu.ec\\\/sitio\\\/#organization\",\"name\":\"Universidad de las Artes\",\"url\":\"https:\\\/\\\/www.uartes.edu.ec\\\/sitio\\\/\",\"logo\":{\"@type\":\"ImageObject\",\"inLanguage\":\"es\",\"@id\":\"https:\\\/\\\/www.uartes.edu.ec\\\/sitio\\\/#\\\/schema\\\/logo\\\/image\\\/\",\"url\":\"https:\\\/\\\/www.uartes.edu.ec\\\/sitio\\\/wp-content\\\/uploads\\\/2022\\\/07\\\/logo-ua-horizontal.png\",\"contentUrl\":\"https:\\\/\\\/www.uartes.edu.ec\\\/sitio\\\/wp-content\\\/uploads\\\/2022\\\/07\\\/logo-ua-horizontal.png\",\"width\":800,\"height\":276,\"caption\":\"Universidad de las Artes\"},\"image\":{\"@id\":\"https:\\\/\\\/www.uartes.edu.ec\\\/sitio\\\/#\\\/schema\\\/logo\\\/image\\\/\"},\"sameAs\":[\"https:\\\/\\\/www.facebook.com\\\/uartesec\",\"https:\\\/\\\/x.com\\\/uartesec\",\"https:\\\/\\\/www.tiktok.com\\\/@uartesec\"]},{\"@type\":\"Person\",\"@id\":\"https:\\\/\\\/www.uartes.edu.ec\\\/sitio\\\/#\\\/schema\\\/person\\\/f33f8c1d2af0d5c80a38c8abf458184a\",\"name\":\"Universidad de las Artes\",\"image\":{\"@type\":\"ImageObject\",\"inLanguage\":\"es\",\"@id\":\"https:\\\/\\\/secure.gravatar.com\\\/avatar\\\/52e4757902f5cfa5ac52d020e5be83cae5487519154b6c35482fe08d589f3c13?s=96&d=mm&r=g\",\"url\":\"https:\\\/\\\/secure.gravatar.com\\\/avatar\\\/52e4757902f5cfa5ac52d020e5be83cae5487519154b6c35482fe08d589f3c13?s=96&d=mm&r=g\",\"contentUrl\":\"https:\\\/\\\/secure.gravatar.com\\\/avatar\\\/52e4757902f5cfa5ac52d020e5be83cae5487519154b6c35482fe08d589f3c13?s=96&d=mm&r=g\",\"caption\":\"Universidad de las Artes\"},\"url\":\"https:\\\/\\\/www.uartes.edu.ec\\\/sitio\\\/blog\\\/author\\\/dircomadm\\\/\"}]}<\/script>\n<!-- \/ Yoast SEO plugin. -->","yoast_head_json":{"title":"Universidad de las Artes - La UArtes en el aniversario 250\u00ba de Beethoven","description":"Universidad de las Artes - La UArtes en el aniversario 250\u00ba de Beethoven","robots":{"index":"index","follow":"follow","max-snippet":"max-snippet:-1","max-image-preview":"max-image-preview:large","max-video-preview":"max-video-preview:-1"},"canonical":"https:\/\/www.uartes.edu.ec\/sitio\/blog\/2020\/12\/08\/la-uartes-en-el-aniversario-250o-de-beethoven\/","og_locale":"es_ES","og_type":"article","og_title":"Universidad de las Artes - La UArtes en el aniversario 250\u00ba de Beethoven","og_description":"Universidad de las Artes - La UArtes en el aniversario 250\u00ba de Beethoven","og_url":"https:\/\/www.uartes.edu.ec\/sitio\/blog\/2020\/12\/08\/la-uartes-en-el-aniversario-250o-de-beethoven\/","og_site_name":"Universidad de las Artes","article_publisher":"https:\/\/www.facebook.com\/uartesec","article_published_time":"2020-12-08T22:52:00+00:00","article_modified_time":"2024-07-04T16:33:17+00:00","og_image":[{"width":2000,"height":1333,"url":"https:\/\/www.uartes.edu.ec\/sitio\/wp-content\/uploads\/2020\/12\/BETHOVEN.jpg","type":"image\/jpeg"}],"author":"Universidad de las Artes","twitter_card":"summary_large_image","twitter_creator":"@uartesec","twitter_site":"@uartesec","twitter_misc":{"Escrito por":"Universidad de las Artes","Tiempo de lectura":"3 minutos"},"schema":{"@context":"https:\/\/schema.org","@graph":[{"@type":"Article","@id":"https:\/\/www.uartes.edu.ec\/sitio\/blog\/2020\/12\/08\/la-uartes-en-el-aniversario-250o-de-beethoven\/#article","isPartOf":{"@id":"https:\/\/www.uartes.edu.ec\/sitio\/blog\/2020\/12\/08\/la-uartes-en-el-aniversario-250o-de-beethoven\/"},"author":{"name":"Universidad de las Artes","@id":"https:\/\/www.uartes.edu.ec\/sitio\/#\/schema\/person\/f33f8c1d2af0d5c80a38c8abf458184a"},"headline":"La UArtes en el aniversario 250\u00ba de Beethoven","datePublished":"2020-12-08T22:52:00+00:00","dateModified":"2024-07-04T16:33:17+00:00","mainEntityOfPage":{"@id":"https:\/\/www.uartes.edu.ec\/sitio\/blog\/2020\/12\/08\/la-uartes-en-el-aniversario-250o-de-beethoven\/"},"wordCount":663,"publisher":{"@id":"https:\/\/www.uartes.edu.ec\/sitio\/#organization"},"image":{"@id":"https:\/\/www.uartes.edu.ec\/sitio\/blog\/2020\/12\/08\/la-uartes-en-el-aniversario-250o-de-beethoven\/#primaryimage"},"thumbnailUrl":"https:\/\/www.uartes.edu.ec\/sitio\/wp-content\/uploads\/2020\/12\/BETHOVEN.jpg","articleSection":["Acad\u00e9mico","Artes Sonoras","Docentes"],"inLanguage":"es"},{"@type":["WebPage","ItemPage"],"@id":"https:\/\/www.uartes.edu.ec\/sitio\/blog\/2020\/12\/08\/la-uartes-en-el-aniversario-250o-de-beethoven\/","url":"https:\/\/www.uartes.edu.ec\/sitio\/blog\/2020\/12\/08\/la-uartes-en-el-aniversario-250o-de-beethoven\/","name":"Universidad de las Artes - La UArtes en el aniversario 250\u00ba de Beethoven","isPartOf":{"@id":"https:\/\/www.uartes.edu.ec\/sitio\/#website"},"primaryImageOfPage":{"@id":"https:\/\/www.uartes.edu.ec\/sitio\/blog\/2020\/12\/08\/la-uartes-en-el-aniversario-250o-de-beethoven\/#primaryimage"},"image":{"@id":"https:\/\/www.uartes.edu.ec\/sitio\/blog\/2020\/12\/08\/la-uartes-en-el-aniversario-250o-de-beethoven\/#primaryimage"},"thumbnailUrl":"https:\/\/www.uartes.edu.ec\/sitio\/wp-content\/uploads\/2020\/12\/BETHOVEN.jpg","datePublished":"2020-12-08T22:52:00+00:00","dateModified":"2024-07-04T16:33:17+00:00","description":"Universidad de las Artes - La UArtes en el aniversario 250\u00ba de Beethoven","breadcrumb":{"@id":"https:\/\/www.uartes.edu.ec\/sitio\/blog\/2020\/12\/08\/la-uartes-en-el-aniversario-250o-de-beethoven\/#breadcrumb"},"inLanguage":"es","potentialAction":[{"@type":"ReadAction","target":["https:\/\/www.uartes.edu.ec\/sitio\/blog\/2020\/12\/08\/la-uartes-en-el-aniversario-250o-de-beethoven\/"]}]},{"@type":"ImageObject","inLanguage":"es","@id":"https:\/\/www.uartes.edu.ec\/sitio\/blog\/2020\/12\/08\/la-uartes-en-el-aniversario-250o-de-beethoven\/#primaryimage","url":"https:\/\/www.uartes.edu.ec\/sitio\/wp-content\/uploads\/2020\/12\/BETHOVEN.jpg","contentUrl":"https:\/\/www.uartes.edu.ec\/sitio\/wp-content\/uploads\/2020\/12\/BETHOVEN.jpg","width":2000,"height":1333},{"@type":"BreadcrumbList","@id":"https:\/\/www.uartes.edu.ec\/sitio\/blog\/2020\/12\/08\/la-uartes-en-el-aniversario-250o-de-beethoven\/#breadcrumb","itemListElement":[{"@type":"ListItem","position":1,"name":"Inicio","item":"https:\/\/www.uartes.edu.ec\/sitio\/"},{"@type":"ListItem","position":2,"name":"La UArtes en el aniversario 250\u00ba de Beethoven"}]},{"@type":"WebSite","@id":"https:\/\/www.uartes.edu.ec\/sitio\/#website","url":"https:\/\/www.uartes.edu.ec\/sitio\/","name":"Universidad de las Artes","description":"Sitio oficial de la Universidad Nacional de las Artes del Ecuador","publisher":{"@id":"https:\/\/www.uartes.edu.ec\/sitio\/#organization"},"potentialAction":[{"@type":"SearchAction","target":{"@type":"EntryPoint","urlTemplate":"https:\/\/www.uartes.edu.ec\/sitio\/?s={search_term_string}"},"query-input":{"@type":"PropertyValueSpecification","valueRequired":true,"valueName":"search_term_string"}}],"inLanguage":"es"},{"@type":"Organization","@id":"https:\/\/www.uartes.edu.ec\/sitio\/#organization","name":"Universidad de las Artes","url":"https:\/\/www.uartes.edu.ec\/sitio\/","logo":{"@type":"ImageObject","inLanguage":"es","@id":"https:\/\/www.uartes.edu.ec\/sitio\/#\/schema\/logo\/image\/","url":"https:\/\/www.uartes.edu.ec\/sitio\/wp-content\/uploads\/2022\/07\/logo-ua-horizontal.png","contentUrl":"https:\/\/www.uartes.edu.ec\/sitio\/wp-content\/uploads\/2022\/07\/logo-ua-horizontal.png","width":800,"height":276,"caption":"Universidad de las Artes"},"image":{"@id":"https:\/\/www.uartes.edu.ec\/sitio\/#\/schema\/logo\/image\/"},"sameAs":["https:\/\/www.facebook.com\/uartesec","https:\/\/x.com\/uartesec","https:\/\/www.tiktok.com\/@uartesec"]},{"@type":"Person","@id":"https:\/\/www.uartes.edu.ec\/sitio\/#\/schema\/person\/f33f8c1d2af0d5c80a38c8abf458184a","name":"Universidad de las Artes","image":{"@type":"ImageObject","inLanguage":"es","@id":"https:\/\/secure.gravatar.com\/avatar\/52e4757902f5cfa5ac52d020e5be83cae5487519154b6c35482fe08d589f3c13?s=96&d=mm&r=g","url":"https:\/\/secure.gravatar.com\/avatar\/52e4757902f5cfa5ac52d020e5be83cae5487519154b6c35482fe08d589f3c13?s=96&d=mm&r=g","contentUrl":"https:\/\/secure.gravatar.com\/avatar\/52e4757902f5cfa5ac52d020e5be83cae5487519154b6c35482fe08d589f3c13?s=96&d=mm&r=g","caption":"Universidad de las Artes"},"url":"https:\/\/www.uartes.edu.ec\/sitio\/blog\/author\/dircomadm\/"}]}},"uagb_featured_image_src":{"full":["https:\/\/www.uartes.edu.ec\/sitio\/wp-content\/uploads\/2020\/12\/BETHOVEN.jpg",2000,1333,false],"thumbnail":["https:\/\/www.uartes.edu.ec\/sitio\/wp-content\/uploads\/2020\/12\/BETHOVEN-150x150.jpg",150,150,true],"medium":["https:\/\/www.uartes.edu.ec\/sitio\/wp-content\/uploads\/2020\/12\/BETHOVEN-300x200.jpg",300,200,true],"medium_large":["https:\/\/www.uartes.edu.ec\/sitio\/wp-content\/uploads\/2020\/12\/BETHOVEN-768x512.jpg",768,512,true],"large":["https:\/\/www.uartes.edu.ec\/sitio\/wp-content\/uploads\/2020\/12\/BETHOVEN-644x429.jpg",644,429,true],"1536x1536":["https:\/\/www.uartes.edu.ec\/sitio\/wp-content\/uploads\/2020\/12\/BETHOVEN-1536x1024.jpg",1536,1024,true],"2048x2048":["https:\/\/www.uartes.edu.ec\/sitio\/wp-content\/uploads\/2020\/12\/BETHOVEN.jpg",2000,1333,false],"trp-custom-language-flag":["https:\/\/www.uartes.edu.ec\/sitio\/wp-content\/uploads\/2020\/12\/BETHOVEN.jpg",18,12,false],"htmega_size_585x295":["https:\/\/www.uartes.edu.ec\/sitio\/wp-content\/uploads\/2020\/12\/BETHOVEN-585x295.jpg",585,295,true],"htmega_size_1170x536":["https:\/\/www.uartes.edu.ec\/sitio\/wp-content\/uploads\/2020\/12\/BETHOVEN-1170x536.jpg",1170,536,true],"htmega_size_396x360":["https:\/\/www.uartes.edu.ec\/sitio\/wp-content\/uploads\/2020\/12\/BETHOVEN-396x360.jpg",396,360,true],"gb-block-post-grid-landscape":["https:\/\/www.uartes.edu.ec\/sitio\/wp-content\/uploads\/2020\/12\/BETHOVEN.jpg",600,400,false],"gb-block-post-grid-square":["https:\/\/www.uartes.edu.ec\/sitio\/wp-content\/uploads\/2020\/12\/BETHOVEN.jpg",600,400,false],"university-hub-thumb":["https:\/\/www.uartes.edu.ec\/sitio\/wp-content\/uploads\/2020\/12\/BETHOVEN.jpg",400,267,false],"mailpoet_newsletter_max":["https:\/\/www.uartes.edu.ec\/sitio\/wp-content\/uploads\/2020\/12\/BETHOVEN.jpg",1320,880,false]},"uagb_author_info":{"display_name":"Universidad de las Artes","author_link":"https:\/\/www.uartes.edu.ec\/sitio\/blog\/author\/dircomadm\/"},"uagb_comment_info":0,"uagb_excerpt":"Con dos jornadas acad\u00e9micas, musicales y creativas, la Escuela de Artes Sonoras de la Universidad de las Artes celebra el nacimiento del connotado compositor alem\u00e1n.","featured_image_src":"https:\/\/www.uartes.edu.ec\/sitio\/wp-content\/uploads\/2020\/12\/BETHOVEN.jpg","featured_image_src_square":"https:\/\/www.uartes.edu.ec\/sitio\/wp-content\/uploads\/2020\/12\/BETHOVEN.jpg","author_info":{"display_name":"Universidad de las Artes","author_link":"https:\/\/www.uartes.edu.ec\/sitio\/blog\/author\/dircomadm\/"},"publishpress_future_workflow_manual_trigger":{"enabledWorkflows":[]},"distributor_meta":false,"distributor_terms":false,"distributor_media":false,"distributor_original_site_name":"Universidad de las Artes","distributor_original_site_url":"https:\/\/www.uartes.edu.ec\/sitio","push-errors":false,"_links":{"self":[{"href":"https:\/\/www.uartes.edu.ec\/sitio\/wp-json\/wp\/v2\/posts\/11601","targetHints":{"allow":["GET"]}}],"collection":[{"href":"https:\/\/www.uartes.edu.ec\/sitio\/wp-json\/wp\/v2\/posts"}],"about":[{"href":"https:\/\/www.uartes.edu.ec\/sitio\/wp-json\/wp\/v2\/types\/post"}],"author":[{"embeddable":true,"href":"https:\/\/www.uartes.edu.ec\/sitio\/wp-json\/wp\/v2\/users\/1"}],"replies":[{"embeddable":true,"href":"https:\/\/www.uartes.edu.ec\/sitio\/wp-json\/wp\/v2\/comments?post=11601"}],"version-history":[{"count":2,"href":"https:\/\/www.uartes.edu.ec\/sitio\/wp-json\/wp\/v2\/posts\/11601\/revisions"}],"predecessor-version":[{"id":57081,"href":"https:\/\/www.uartes.edu.ec\/sitio\/wp-json\/wp\/v2\/posts\/11601\/revisions\/57081"}],"wp:featuredmedia":[{"embeddable":true,"href":"https:\/\/www.uartes.edu.ec\/sitio\/wp-json\/wp\/v2\/media\/11602"}],"wp:attachment":[{"href":"https:\/\/www.uartes.edu.ec\/sitio\/wp-json\/wp\/v2\/media?parent=11601"}],"wp:term":[{"taxonomy":"category","embeddable":true,"href":"https:\/\/www.uartes.edu.ec\/sitio\/wp-json\/wp\/v2\/categories?post=11601"},{"taxonomy":"post_tag","embeddable":true,"href":"https:\/\/www.uartes.edu.ec\/sitio\/wp-json\/wp\/v2\/tags?post=11601"},{"taxonomy":"infouartes","embeddable":true,"href":"https:\/\/www.uartes.edu.ec\/sitio\/wp-json\/wp\/v2\/infouartes?post=11601"}],"curies":[{"name":"wp","href":"https:\/\/api.w.org\/{rel}","templated":true}]}}