{"id":12425,"date":"2020-12-09T12:37:00","date_gmt":"2020-12-09T17:37:00","guid":{"rendered":"http:\/\/www.uartes.edu.ec\/sitio\/?p=12425"},"modified":"2024-07-04T11:33:17","modified_gmt":"2024-07-04T16:33:17","slug":"paulina-romero-y-la-persistencia-del-furni","status":"publish","type":"post","link":"https:\/\/www.uartes.edu.ec\/sitio\/blog\/2020\/12\/09\/paulina-romero-y-la-persistencia-del-furni\/","title":{"rendered":"Paulina Romero y \u201cLa Persistencia del Furni\u201d"},"content":{"rendered":"\n<p><em>La Persistencia del Furni<\/em> gira en torno al gameart, netart y arte digital, elementos que se ponen en di\u00e1logo con la fisicidad del proyecto que present\u00f3 Paulina Alexandra Romero Cede\u00f1o, de la Escuela de Artes Visuales de la Universidad de las Artes, como tesis de grado. Este, agrega, tambi\u00e9n se basa en la comunidad virtual Habbo Hotel.<\/p>\n\n\n\n<p>\u201cMi experiencia personal en la comunidad de Habbo se remonta diez a\u00f1os atr\u00e1s. Mantengo una relaci\u00f3n emocional muy estrecha con este juego, el cual eventualmente se convirti\u00f3 en parte de mi producci\u00f3n. En ejercicios de clase empez\u00f3 siendo un referente est\u00e9tico, visual; me llamaba la atenci\u00f3n por el pixel art en proyecci\u00f3n isom\u00e9trica que es caracter\u00edstico de Habbo. M\u00e1s adelante se convirti\u00f3 en un elemento conceptual para confrontar problem\u00e1ticas en torno a la arquitectura, tensionando el material tangible con los datos\/im\u00e1genes virtuales e interviniendo el espacio p\u00fablico. As\u00ed fue como encontr\u00e9 en esta experiencia y en esta comunidad un potencial para desarrollar un proyecto que genere un di\u00e1logo constante entre el espacio f\u00edsico y el espacio virtual\u201d, explica.<\/p>\n\n\n\n<p>Su investigaci\u00f3n, a\u00f1ade, tuvo antecedentes en ejercicios de clase de los \u00faltimos semestres de la carrera, \u201cpor lo tanto ya ten\u00eda sentadas algunas bases para iniciar mi proyecto. Sin embargo, desde mayo de este a\u00f1o empec\u00e9 a trabajar espec\u00edficamente en las obras que ser\u00edan parte de <em>La Persistencia del Furni<\/em>, estas se divid\u00edan en piezas virtuales y piezas f\u00edsicas. Me val\u00ed de la plataforma en cuesti\u00f3n para construir las obras virtuales, con bases en la apropiaci\u00f3n y el ensamblaje (que se presentaron en un recorrido virtual guiado y se quedar\u00e1n de manera permanente en la plataforma); de manera simult\u00e1nea trabaj\u00e9 las piezas f\u00edsicas para las cuales us\u00e9 materiales como baldosas, cenefas de cocina, acr\u00edlico con textura. Tambi\u00e9n colabor\u00e9 con un carpintero para unas piezas de madera que fueron colocadas como intervenci\u00f3n en el espacio p\u00fablico, fotograf\u00eda, acuarela y acr\u00edlico para una serie de pinturas que ser\u00edan parte de una obra con realidad aumentada: desarroll\u00e9 desde cero una aplicaci\u00f3n en el software Unity\u201d.<\/p>\n\n\n\n<p>La defensa de su trabajo final la sustent\u00f3 v\u00eda Zoom. \u201cTanto el jurado como mi tutor fueron parte fundamental de mi proceso. En las diferentes instancias realizaron sugerencias que aportaron de manera significativa. Creo que una de las cosas puntuales que mencionaron fue c\u00f3mo pod\u00eda vincular ambas partes de mi proyecto: virtual y f\u00edsico, que en un principio se encontraban a\u00fan distantes, pero la inclusi\u00f3n de la plataforma virtual en la museograf\u00eda de la exposici\u00f3n f\u00edsica pudo conectar estos puntos. Destacaron, adem\u00e1s, la realizaci\u00f3n del recorrido virtual, lo cual result\u00f3 en una experiencia colectiva pedag\u00f3gica y l\u00fadica sobre la plataforma. Este recorrido reuni\u00f3 a los miembros del tribunal de tesis, compa\u00f1eros de mi carrera, amigos del juego e incluso alumnos de un colegio, de esta manera se complement\u00f3 esa experiencia con las obras f\u00edsicas, el di\u00e1logo y las tensiones eran constantes\u201d.<\/p>\n\n\n\n<figure class=\"wp-block-image alignfull size-large is-style-default\"><img fetchpriority=\"high\" decoding=\"async\" width=\"644\" height=\"429\" src=\"http:\/\/www.uartes.edu.ec\/sitio\/wp-content\/uploads\/2021\/01\/06-PAULINA-2-644x429.jpg\" alt=\"\" class=\"wp-image-12405\" srcset=\"https:\/\/www.uartes.edu.ec\/sitio\/wp-content\/uploads\/2021\/01\/06-PAULINA-2-644x429.jpg 644w, https:\/\/www.uartes.edu.ec\/sitio\/wp-content\/uploads\/2021\/01\/06-PAULINA-2-300x200.jpg 300w, https:\/\/www.uartes.edu.ec\/sitio\/wp-content\/uploads\/2021\/01\/06-PAULINA-2-768x512.jpg 768w, https:\/\/www.uartes.edu.ec\/sitio\/wp-content\/uploads\/2021\/01\/06-PAULINA-2-1536x1024.jpg 1536w, https:\/\/www.uartes.edu.ec\/sitio\/wp-content\/uploads\/2021\/01\/06-PAULINA-2-600x400.jpg 600w, https:\/\/www.uartes.edu.ec\/sitio\/wp-content\/uploads\/2021\/01\/06-PAULINA-2-1140x760.jpg 1140w, https:\/\/www.uartes.edu.ec\/sitio\/wp-content\/uploads\/2021\/01\/06-PAULINA-2-272x182.jpg 272w, https:\/\/www.uartes.edu.ec\/sitio\/wp-content\/uploads\/2021\/01\/06-PAULINA-2.jpg 2000w\" sizes=\"(max-width: 644px) 100vw, 644px\" \/><\/figure>\n\n\n\n<p>Paulina Romero asegura que la exposici\u00f3n virtual encaj\u00f3 con el contexto actual de confinamiento, dando una capa de sentidos sobre los espacios del arte y de exposici\u00f3n. \u201cTambi\u00e9n realic\u00e9 una exposici\u00f3n f\u00edsica en una habitaci\u00f3n de mi casa en Rocafuerte, Manab\u00ed; nuevamente el contexto me empuj\u00f3 a tomar esta decisi\u00f3n, aunque la exposici\u00f3n f\u00edsica fue visitada por un reducido p\u00fablico para mantener las medidas de bioseguridad. Consider\u00e9 esto muy necesario, ya que las interacciones del p\u00fablico eran imprescindibles para que los di\u00e1logos entre los virtual y lo f\u00edsico surjan\u201d.<\/p>\n","protected":false},"excerpt":{"rendered":"<p>La Persistencia del Furni gira en torno al gameart, netart y arte digital, elementos que se ponen en di\u00e1logo con la fisicidad del proyecto que present\u00f3 Paulina Alexandra Romero Cede\u00f1o, de la Escuela de Artes Visuales de la Universidad de las Artes, como tesis de grado. Este, agrega, tambi\u00e9n se basa en la comunidad virtual Habbo Hotel.<\/p>\n","protected":false},"author":1,"featured_media":12406,"comment_status":"closed","ping_status":"closed","sticky":false,"template":"","format":"standard","meta":{"_acf_changed":false,"_uag_custom_page_level_css":"","_monsterinsights_skip_tracking":false,"_monsterinsights_sitenote_active":false,"_monsterinsights_sitenote_note":"","_monsterinsights_sitenote_category":0,"cybocfi_hide_featured_image":"","footnotes":""},"categories":[80,157,76],"tags":[200],"infouartes":[],"class_list":["post-12425","post","type-post","status-publish","format-standard","has-post-thumbnail","hentry","category-academico","category-artes-visuales","category-estudiantes","tag-titulacion"],"acf":[],"yoast_head":"<!-- This site is optimized with the Yoast SEO plugin v27.4 - https:\/\/yoast.com\/product\/yoast-seo-wordpress\/ -->\n<title>Universidad de las Artes - Paulina Romero y \u201cLa Persistencia del Furni\u201d<\/title>\n<meta name=\"description\" content=\"Universidad de las Artes - Paulina Romero y \u201cLa Persistencia del Furni\u201d\" \/>\n<meta name=\"robots\" content=\"index, follow, max-snippet:-1, max-image-preview:large, max-video-preview:-1\" \/>\n<link rel=\"canonical\" href=\"https:\/\/www.uartes.edu.ec\/sitio\/blog\/2020\/12\/09\/paulina-romero-y-la-persistencia-del-furni\/\" \/>\n<meta property=\"og:locale\" content=\"es_ES\" \/>\n<meta property=\"og:type\" content=\"article\" \/>\n<meta property=\"og:title\" content=\"Universidad de las Artes - Paulina Romero y \u201cLa Persistencia del Furni\u201d\" \/>\n<meta property=\"og:description\" content=\"Universidad de las Artes - Paulina Romero y \u201cLa Persistencia del Furni\u201d\" \/>\n<meta property=\"og:url\" content=\"https:\/\/www.uartes.edu.ec\/sitio\/blog\/2020\/12\/09\/paulina-romero-y-la-persistencia-del-furni\/\" \/>\n<meta property=\"og:site_name\" content=\"Universidad de las Artes\" \/>\n<meta property=\"article:publisher\" content=\"https:\/\/www.facebook.com\/uartesec\" \/>\n<meta property=\"article:published_time\" content=\"2020-12-09T17:37:00+00:00\" \/>\n<meta property=\"article:modified_time\" content=\"2024-07-04T16:33:17+00:00\" \/>\n<meta property=\"og:image\" content=\"https:\/\/www.uartes.edu.ec\/sitio\/wp-content\/uploads\/2021\/01\/06-PAULINA.jpg\" \/>\n\t<meta property=\"og:image:width\" content=\"2000\" \/>\n\t<meta property=\"og:image:height\" content=\"1333\" \/>\n\t<meta property=\"og:image:type\" content=\"image\/jpeg\" \/>\n<meta name=\"author\" content=\"Universidad de las Artes\" \/>\n<meta name=\"twitter:card\" content=\"summary_large_image\" \/>\n<meta name=\"twitter:creator\" content=\"@uartesec\" \/>\n<meta name=\"twitter:site\" content=\"@uartesec\" \/>\n<meta name=\"twitter:label1\" content=\"Escrito por\" \/>\n\t<meta name=\"twitter:data1\" content=\"Universidad de las Artes\" \/>\n\t<meta name=\"twitter:label2\" content=\"Tiempo de lectura\" \/>\n\t<meta name=\"twitter:data2\" content=\"3 minutos\" \/>\n<script type=\"application\/ld+json\" class=\"yoast-schema-graph\">{\"@context\":\"https:\\\/\\\/schema.org\",\"@graph\":[{\"@type\":\"Article\",\"@id\":\"https:\\\/\\\/www.uartes.edu.ec\\\/sitio\\\/blog\\\/2020\\\/12\\\/09\\\/paulina-romero-y-la-persistencia-del-furni\\\/#article\",\"isPartOf\":{\"@id\":\"https:\\\/\\\/www.uartes.edu.ec\\\/sitio\\\/blog\\\/2020\\\/12\\\/09\\\/paulina-romero-y-la-persistencia-del-furni\\\/\"},\"author\":{\"name\":\"Universidad de las Artes\",\"@id\":\"https:\\\/\\\/www.uartes.edu.ec\\\/sitio\\\/#\\\/schema\\\/person\\\/f33f8c1d2af0d5c80a38c8abf458184a\"},\"headline\":\"Paulina Romero y \u201cLa Persistencia del Furni\u201d\",\"datePublished\":\"2020-12-09T17:37:00+00:00\",\"dateModified\":\"2024-07-04T16:33:17+00:00\",\"mainEntityOfPage\":{\"@id\":\"https:\\\/\\\/www.uartes.edu.ec\\\/sitio\\\/blog\\\/2020\\\/12\\\/09\\\/paulina-romero-y-la-persistencia-del-furni\\\/\"},\"wordCount\":643,\"publisher\":{\"@id\":\"https:\\\/\\\/www.uartes.edu.ec\\\/sitio\\\/#organization\"},\"image\":{\"@id\":\"https:\\\/\\\/www.uartes.edu.ec\\\/sitio\\\/blog\\\/2020\\\/12\\\/09\\\/paulina-romero-y-la-persistencia-del-furni\\\/#primaryimage\"},\"thumbnailUrl\":\"https:\\\/\\\/www.uartes.edu.ec\\\/sitio\\\/wp-content\\\/uploads\\\/2021\\\/01\\\/06-PAULINA.jpg\",\"keywords\":[\"titulaci\u00f3n\"],\"articleSection\":[\"Acad\u00e9mico\",\"Artes Visuales\",\"Estudiantes\"],\"inLanguage\":\"es\"},{\"@type\":[\"WebPage\",\"ItemPage\"],\"@id\":\"https:\\\/\\\/www.uartes.edu.ec\\\/sitio\\\/blog\\\/2020\\\/12\\\/09\\\/paulina-romero-y-la-persistencia-del-furni\\\/\",\"url\":\"https:\\\/\\\/www.uartes.edu.ec\\\/sitio\\\/blog\\\/2020\\\/12\\\/09\\\/paulina-romero-y-la-persistencia-del-furni\\\/\",\"name\":\"Universidad de las Artes - Paulina Romero y \u201cLa Persistencia del Furni\u201d\",\"isPartOf\":{\"@id\":\"https:\\\/\\\/www.uartes.edu.ec\\\/sitio\\\/#website\"},\"primaryImageOfPage\":{\"@id\":\"https:\\\/\\\/www.uartes.edu.ec\\\/sitio\\\/blog\\\/2020\\\/12\\\/09\\\/paulina-romero-y-la-persistencia-del-furni\\\/#primaryimage\"},\"image\":{\"@id\":\"https:\\\/\\\/www.uartes.edu.ec\\\/sitio\\\/blog\\\/2020\\\/12\\\/09\\\/paulina-romero-y-la-persistencia-del-furni\\\/#primaryimage\"},\"thumbnailUrl\":\"https:\\\/\\\/www.uartes.edu.ec\\\/sitio\\\/wp-content\\\/uploads\\\/2021\\\/01\\\/06-PAULINA.jpg\",\"datePublished\":\"2020-12-09T17:37:00+00:00\",\"dateModified\":\"2024-07-04T16:33:17+00:00\",\"description\":\"Universidad de las Artes - Paulina Romero y \u201cLa Persistencia del Furni\u201d\",\"breadcrumb\":{\"@id\":\"https:\\\/\\\/www.uartes.edu.ec\\\/sitio\\\/blog\\\/2020\\\/12\\\/09\\\/paulina-romero-y-la-persistencia-del-furni\\\/#breadcrumb\"},\"inLanguage\":\"es\",\"potentialAction\":[{\"@type\":\"ReadAction\",\"target\":[\"https:\\\/\\\/www.uartes.edu.ec\\\/sitio\\\/blog\\\/2020\\\/12\\\/09\\\/paulina-romero-y-la-persistencia-del-furni\\\/\"]}]},{\"@type\":\"ImageObject\",\"inLanguage\":\"es\",\"@id\":\"https:\\\/\\\/www.uartes.edu.ec\\\/sitio\\\/blog\\\/2020\\\/12\\\/09\\\/paulina-romero-y-la-persistencia-del-furni\\\/#primaryimage\",\"url\":\"https:\\\/\\\/www.uartes.edu.ec\\\/sitio\\\/wp-content\\\/uploads\\\/2021\\\/01\\\/06-PAULINA.jpg\",\"contentUrl\":\"https:\\\/\\\/www.uartes.edu.ec\\\/sitio\\\/wp-content\\\/uploads\\\/2021\\\/01\\\/06-PAULINA.jpg\",\"width\":2000,\"height\":1333},{\"@type\":\"BreadcrumbList\",\"@id\":\"https:\\\/\\\/www.uartes.edu.ec\\\/sitio\\\/blog\\\/2020\\\/12\\\/09\\\/paulina-romero-y-la-persistencia-del-furni\\\/#breadcrumb\",\"itemListElement\":[{\"@type\":\"ListItem\",\"position\":1,\"name\":\"Inicio\",\"item\":\"https:\\\/\\\/www.uartes.edu.ec\\\/sitio\\\/\"},{\"@type\":\"ListItem\",\"position\":2,\"name\":\"Paulina Romero y \u201cLa Persistencia del Furni\u201d\"}]},{\"@type\":\"WebSite\",\"@id\":\"https:\\\/\\\/www.uartes.edu.ec\\\/sitio\\\/#website\",\"url\":\"https:\\\/\\\/www.uartes.edu.ec\\\/sitio\\\/\",\"name\":\"Universidad de las Artes\",\"description\":\"Sitio oficial de la Universidad Nacional de las Artes del Ecuador\",\"publisher\":{\"@id\":\"https:\\\/\\\/www.uartes.edu.ec\\\/sitio\\\/#organization\"},\"potentialAction\":[{\"@type\":\"SearchAction\",\"target\":{\"@type\":\"EntryPoint\",\"urlTemplate\":\"https:\\\/\\\/www.uartes.edu.ec\\\/sitio\\\/?s={search_term_string}\"},\"query-input\":{\"@type\":\"PropertyValueSpecification\",\"valueRequired\":true,\"valueName\":\"search_term_string\"}}],\"inLanguage\":\"es\"},{\"@type\":\"Organization\",\"@id\":\"https:\\\/\\\/www.uartes.edu.ec\\\/sitio\\\/#organization\",\"name\":\"Universidad de las Artes\",\"url\":\"https:\\\/\\\/www.uartes.edu.ec\\\/sitio\\\/\",\"logo\":{\"@type\":\"ImageObject\",\"inLanguage\":\"es\",\"@id\":\"https:\\\/\\\/www.uartes.edu.ec\\\/sitio\\\/#\\\/schema\\\/logo\\\/image\\\/\",\"url\":\"https:\\\/\\\/www.uartes.edu.ec\\\/sitio\\\/wp-content\\\/uploads\\\/2022\\\/07\\\/logo-ua-horizontal.png\",\"contentUrl\":\"https:\\\/\\\/www.uartes.edu.ec\\\/sitio\\\/wp-content\\\/uploads\\\/2022\\\/07\\\/logo-ua-horizontal.png\",\"width\":800,\"height\":276,\"caption\":\"Universidad de las Artes\"},\"image\":{\"@id\":\"https:\\\/\\\/www.uartes.edu.ec\\\/sitio\\\/#\\\/schema\\\/logo\\\/image\\\/\"},\"sameAs\":[\"https:\\\/\\\/www.facebook.com\\\/uartesec\",\"https:\\\/\\\/x.com\\\/uartesec\",\"https:\\\/\\\/www.tiktok.com\\\/@uartesec\"]},{\"@type\":\"Person\",\"@id\":\"https:\\\/\\\/www.uartes.edu.ec\\\/sitio\\\/#\\\/schema\\\/person\\\/f33f8c1d2af0d5c80a38c8abf458184a\",\"name\":\"Universidad de las Artes\",\"image\":{\"@type\":\"ImageObject\",\"inLanguage\":\"es\",\"@id\":\"https:\\\/\\\/secure.gravatar.com\\\/avatar\\\/52e4757902f5cfa5ac52d020e5be83cae5487519154b6c35482fe08d589f3c13?s=96&d=mm&r=g\",\"url\":\"https:\\\/\\\/secure.gravatar.com\\\/avatar\\\/52e4757902f5cfa5ac52d020e5be83cae5487519154b6c35482fe08d589f3c13?s=96&d=mm&r=g\",\"contentUrl\":\"https:\\\/\\\/secure.gravatar.com\\\/avatar\\\/52e4757902f5cfa5ac52d020e5be83cae5487519154b6c35482fe08d589f3c13?s=96&d=mm&r=g\",\"caption\":\"Universidad de las Artes\"},\"url\":\"https:\\\/\\\/www.uartes.edu.ec\\\/sitio\\\/blog\\\/author\\\/dircomadm\\\/\"}]}<\/script>\n<!-- \/ Yoast SEO plugin. -->","yoast_head_json":{"title":"Universidad de las Artes - Paulina Romero y \u201cLa Persistencia del Furni\u201d","description":"Universidad de las Artes - Paulina Romero y \u201cLa Persistencia del Furni\u201d","robots":{"index":"index","follow":"follow","max-snippet":"max-snippet:-1","max-image-preview":"max-image-preview:large","max-video-preview":"max-video-preview:-1"},"canonical":"https:\/\/www.uartes.edu.ec\/sitio\/blog\/2020\/12\/09\/paulina-romero-y-la-persistencia-del-furni\/","og_locale":"es_ES","og_type":"article","og_title":"Universidad de las Artes - Paulina Romero y \u201cLa Persistencia del Furni\u201d","og_description":"Universidad de las Artes - Paulina Romero y \u201cLa Persistencia del Furni\u201d","og_url":"https:\/\/www.uartes.edu.ec\/sitio\/blog\/2020\/12\/09\/paulina-romero-y-la-persistencia-del-furni\/","og_site_name":"Universidad de las Artes","article_publisher":"https:\/\/www.facebook.com\/uartesec","article_published_time":"2020-12-09T17:37:00+00:00","article_modified_time":"2024-07-04T16:33:17+00:00","og_image":[{"width":2000,"height":1333,"url":"https:\/\/www.uartes.edu.ec\/sitio\/wp-content\/uploads\/2021\/01\/06-PAULINA.jpg","type":"image\/jpeg"}],"author":"Universidad de las Artes","twitter_card":"summary_large_image","twitter_creator":"@uartesec","twitter_site":"@uartesec","twitter_misc":{"Escrito por":"Universidad de las Artes","Tiempo de lectura":"3 minutos"},"schema":{"@context":"https:\/\/schema.org","@graph":[{"@type":"Article","@id":"https:\/\/www.uartes.edu.ec\/sitio\/blog\/2020\/12\/09\/paulina-romero-y-la-persistencia-del-furni\/#article","isPartOf":{"@id":"https:\/\/www.uartes.edu.ec\/sitio\/blog\/2020\/12\/09\/paulina-romero-y-la-persistencia-del-furni\/"},"author":{"name":"Universidad de las Artes","@id":"https:\/\/www.uartes.edu.ec\/sitio\/#\/schema\/person\/f33f8c1d2af0d5c80a38c8abf458184a"},"headline":"Paulina Romero y \u201cLa Persistencia del Furni\u201d","datePublished":"2020-12-09T17:37:00+00:00","dateModified":"2024-07-04T16:33:17+00:00","mainEntityOfPage":{"@id":"https:\/\/www.uartes.edu.ec\/sitio\/blog\/2020\/12\/09\/paulina-romero-y-la-persistencia-del-furni\/"},"wordCount":643,"publisher":{"@id":"https:\/\/www.uartes.edu.ec\/sitio\/#organization"},"image":{"@id":"https:\/\/www.uartes.edu.ec\/sitio\/blog\/2020\/12\/09\/paulina-romero-y-la-persistencia-del-furni\/#primaryimage"},"thumbnailUrl":"https:\/\/www.uartes.edu.ec\/sitio\/wp-content\/uploads\/2021\/01\/06-PAULINA.jpg","keywords":["titulaci\u00f3n"],"articleSection":["Acad\u00e9mico","Artes Visuales","Estudiantes"],"inLanguage":"es"},{"@type":["WebPage","ItemPage"],"@id":"https:\/\/www.uartes.edu.ec\/sitio\/blog\/2020\/12\/09\/paulina-romero-y-la-persistencia-del-furni\/","url":"https:\/\/www.uartes.edu.ec\/sitio\/blog\/2020\/12\/09\/paulina-romero-y-la-persistencia-del-furni\/","name":"Universidad de las Artes - Paulina Romero y \u201cLa Persistencia del Furni\u201d","isPartOf":{"@id":"https:\/\/www.uartes.edu.ec\/sitio\/#website"},"primaryImageOfPage":{"@id":"https:\/\/www.uartes.edu.ec\/sitio\/blog\/2020\/12\/09\/paulina-romero-y-la-persistencia-del-furni\/#primaryimage"},"image":{"@id":"https:\/\/www.uartes.edu.ec\/sitio\/blog\/2020\/12\/09\/paulina-romero-y-la-persistencia-del-furni\/#primaryimage"},"thumbnailUrl":"https:\/\/www.uartes.edu.ec\/sitio\/wp-content\/uploads\/2021\/01\/06-PAULINA.jpg","datePublished":"2020-12-09T17:37:00+00:00","dateModified":"2024-07-04T16:33:17+00:00","description":"Universidad de las Artes - Paulina Romero y \u201cLa Persistencia del Furni\u201d","breadcrumb":{"@id":"https:\/\/www.uartes.edu.ec\/sitio\/blog\/2020\/12\/09\/paulina-romero-y-la-persistencia-del-furni\/#breadcrumb"},"inLanguage":"es","potentialAction":[{"@type":"ReadAction","target":["https:\/\/www.uartes.edu.ec\/sitio\/blog\/2020\/12\/09\/paulina-romero-y-la-persistencia-del-furni\/"]}]},{"@type":"ImageObject","inLanguage":"es","@id":"https:\/\/www.uartes.edu.ec\/sitio\/blog\/2020\/12\/09\/paulina-romero-y-la-persistencia-del-furni\/#primaryimage","url":"https:\/\/www.uartes.edu.ec\/sitio\/wp-content\/uploads\/2021\/01\/06-PAULINA.jpg","contentUrl":"https:\/\/www.uartes.edu.ec\/sitio\/wp-content\/uploads\/2021\/01\/06-PAULINA.jpg","width":2000,"height":1333},{"@type":"BreadcrumbList","@id":"https:\/\/www.uartes.edu.ec\/sitio\/blog\/2020\/12\/09\/paulina-romero-y-la-persistencia-del-furni\/#breadcrumb","itemListElement":[{"@type":"ListItem","position":1,"name":"Inicio","item":"https:\/\/www.uartes.edu.ec\/sitio\/"},{"@type":"ListItem","position":2,"name":"Paulina Romero y \u201cLa Persistencia del Furni\u201d"}]},{"@type":"WebSite","@id":"https:\/\/www.uartes.edu.ec\/sitio\/#website","url":"https:\/\/www.uartes.edu.ec\/sitio\/","name":"Universidad de las Artes","description":"Sitio oficial de la Universidad Nacional de las Artes del Ecuador","publisher":{"@id":"https:\/\/www.uartes.edu.ec\/sitio\/#organization"},"potentialAction":[{"@type":"SearchAction","target":{"@type":"EntryPoint","urlTemplate":"https:\/\/www.uartes.edu.ec\/sitio\/?s={search_term_string}"},"query-input":{"@type":"PropertyValueSpecification","valueRequired":true,"valueName":"search_term_string"}}],"inLanguage":"es"},{"@type":"Organization","@id":"https:\/\/www.uartes.edu.ec\/sitio\/#organization","name":"Universidad de las Artes","url":"https:\/\/www.uartes.edu.ec\/sitio\/","logo":{"@type":"ImageObject","inLanguage":"es","@id":"https:\/\/www.uartes.edu.ec\/sitio\/#\/schema\/logo\/image\/","url":"https:\/\/www.uartes.edu.ec\/sitio\/wp-content\/uploads\/2022\/07\/logo-ua-horizontal.png","contentUrl":"https:\/\/www.uartes.edu.ec\/sitio\/wp-content\/uploads\/2022\/07\/logo-ua-horizontal.png","width":800,"height":276,"caption":"Universidad de las Artes"},"image":{"@id":"https:\/\/www.uartes.edu.ec\/sitio\/#\/schema\/logo\/image\/"},"sameAs":["https:\/\/www.facebook.com\/uartesec","https:\/\/x.com\/uartesec","https:\/\/www.tiktok.com\/@uartesec"]},{"@type":"Person","@id":"https:\/\/www.uartes.edu.ec\/sitio\/#\/schema\/person\/f33f8c1d2af0d5c80a38c8abf458184a","name":"Universidad de las Artes","image":{"@type":"ImageObject","inLanguage":"es","@id":"https:\/\/secure.gravatar.com\/avatar\/52e4757902f5cfa5ac52d020e5be83cae5487519154b6c35482fe08d589f3c13?s=96&d=mm&r=g","url":"https:\/\/secure.gravatar.com\/avatar\/52e4757902f5cfa5ac52d020e5be83cae5487519154b6c35482fe08d589f3c13?s=96&d=mm&r=g","contentUrl":"https:\/\/secure.gravatar.com\/avatar\/52e4757902f5cfa5ac52d020e5be83cae5487519154b6c35482fe08d589f3c13?s=96&d=mm&r=g","caption":"Universidad de las Artes"},"url":"https:\/\/www.uartes.edu.ec\/sitio\/blog\/author\/dircomadm\/"}]}},"uagb_featured_image_src":{"full":["https:\/\/www.uartes.edu.ec\/sitio\/wp-content\/uploads\/2021\/01\/06-PAULINA.jpg",2000,1333,false],"thumbnail":["https:\/\/www.uartes.edu.ec\/sitio\/wp-content\/uploads\/2021\/01\/06-PAULINA-150x150.jpg",150,150,true],"medium":["https:\/\/www.uartes.edu.ec\/sitio\/wp-content\/uploads\/2021\/01\/06-PAULINA-300x200.jpg",300,200,true],"medium_large":["https:\/\/www.uartes.edu.ec\/sitio\/wp-content\/uploads\/2021\/01\/06-PAULINA-768x512.jpg",768,512,true],"large":["https:\/\/www.uartes.edu.ec\/sitio\/wp-content\/uploads\/2021\/01\/06-PAULINA-644x429.jpg",644,429,true],"1536x1536":["https:\/\/www.uartes.edu.ec\/sitio\/wp-content\/uploads\/2021\/01\/06-PAULINA-1536x1024.jpg",1536,1024,true],"2048x2048":["https:\/\/www.uartes.edu.ec\/sitio\/wp-content\/uploads\/2021\/01\/06-PAULINA.jpg",2000,1333,false],"trp-custom-language-flag":["https:\/\/www.uartes.edu.ec\/sitio\/wp-content\/uploads\/2021\/01\/06-PAULINA.jpg",18,12,false],"htmega_size_585x295":["https:\/\/www.uartes.edu.ec\/sitio\/wp-content\/uploads\/2021\/01\/06-PAULINA-585x295.jpg",585,295,true],"htmega_size_1170x536":["https:\/\/www.uartes.edu.ec\/sitio\/wp-content\/uploads\/2021\/01\/06-PAULINA-1170x536.jpg",1170,536,true],"htmega_size_396x360":["https:\/\/www.uartes.edu.ec\/sitio\/wp-content\/uploads\/2021\/01\/06-PAULINA-396x360.jpg",396,360,true],"gb-block-post-grid-landscape":["https:\/\/www.uartes.edu.ec\/sitio\/wp-content\/uploads\/2021\/01\/06-PAULINA.jpg",600,400,false],"gb-block-post-grid-square":["https:\/\/www.uartes.edu.ec\/sitio\/wp-content\/uploads\/2021\/01\/06-PAULINA.jpg",600,400,false],"university-hub-thumb":["https:\/\/www.uartes.edu.ec\/sitio\/wp-content\/uploads\/2021\/01\/06-PAULINA.jpg",400,267,false],"mailpoet_newsletter_max":["https:\/\/www.uartes.edu.ec\/sitio\/wp-content\/uploads\/2021\/01\/06-PAULINA.jpg",1320,880,false]},"uagb_author_info":{"display_name":"Universidad de las Artes","author_link":"https:\/\/www.uartes.edu.ec\/sitio\/blog\/author\/dircomadm\/"},"uagb_comment_info":0,"uagb_excerpt":"La Persistencia del Furni gira en torno al gameart, netart y arte digital, elementos que se ponen en di\u00e1logo con la fisicidad del proyecto que present\u00f3 Paulina Alexandra Romero Cede\u00f1o, de la Escuela de Artes Visuales de la Universidad de las Artes, como tesis de grado. Este, agrega, tambi\u00e9n se basa en la comunidad virtual&hellip;","featured_image_src":"https:\/\/www.uartes.edu.ec\/sitio\/wp-content\/uploads\/2021\/01\/06-PAULINA.jpg","featured_image_src_square":"https:\/\/www.uartes.edu.ec\/sitio\/wp-content\/uploads\/2021\/01\/06-PAULINA.jpg","author_info":{"display_name":"Universidad de las Artes","author_link":"https:\/\/www.uartes.edu.ec\/sitio\/blog\/author\/dircomadm\/"},"publishpress_future_workflow_manual_trigger":{"enabledWorkflows":[]},"distributor_meta":false,"distributor_terms":false,"distributor_media":false,"distributor_original_site_name":"Universidad de las Artes","distributor_original_site_url":"https:\/\/www.uartes.edu.ec\/sitio","push-errors":false,"_links":{"self":[{"href":"https:\/\/www.uartes.edu.ec\/sitio\/wp-json\/wp\/v2\/posts\/12425","targetHints":{"allow":["GET"]}}],"collection":[{"href":"https:\/\/www.uartes.edu.ec\/sitio\/wp-json\/wp\/v2\/posts"}],"about":[{"href":"https:\/\/www.uartes.edu.ec\/sitio\/wp-json\/wp\/v2\/types\/post"}],"author":[{"embeddable":true,"href":"https:\/\/www.uartes.edu.ec\/sitio\/wp-json\/wp\/v2\/users\/1"}],"replies":[{"embeddable":true,"href":"https:\/\/www.uartes.edu.ec\/sitio\/wp-json\/wp\/v2\/comments?post=12425"}],"version-history":[{"count":3,"href":"https:\/\/www.uartes.edu.ec\/sitio\/wp-json\/wp\/v2\/posts\/12425\/revisions"}],"predecessor-version":[{"id":57079,"href":"https:\/\/www.uartes.edu.ec\/sitio\/wp-json\/wp\/v2\/posts\/12425\/revisions\/57079"}],"wp:featuredmedia":[{"embeddable":true,"href":"https:\/\/www.uartes.edu.ec\/sitio\/wp-json\/wp\/v2\/media\/12406"}],"wp:attachment":[{"href":"https:\/\/www.uartes.edu.ec\/sitio\/wp-json\/wp\/v2\/media?parent=12425"}],"wp:term":[{"taxonomy":"category","embeddable":true,"href":"https:\/\/www.uartes.edu.ec\/sitio\/wp-json\/wp\/v2\/categories?post=12425"},{"taxonomy":"post_tag","embeddable":true,"href":"https:\/\/www.uartes.edu.ec\/sitio\/wp-json\/wp\/v2\/tags?post=12425"},{"taxonomy":"infouartes","embeddable":true,"href":"https:\/\/www.uartes.edu.ec\/sitio\/wp-json\/wp\/v2\/infouartes?post=12425"}],"curies":[{"name":"wp","href":"https:\/\/api.w.org\/{rel}","templated":true}]}}