{"id":1278,"date":"2018-02-22T13:08:57","date_gmt":"2018-02-22T18:08:57","guid":{"rendered":"http:\/\/www.uartes.edu.ec\/infouartes\/?p=1278"},"modified":"2024-07-04T11:53:57","modified_gmt":"2024-07-04T16:53:57","slug":"rector-de-la-uartes-participa-en-la-iii-asamblea-general-de-la-red-universitaria-de-artes","status":"publish","type":"post","link":"https:\/\/www.uartes.edu.ec\/sitio\/blog\/2018\/02\/22\/rector-de-la-uartes-participa-en-la-iii-asamblea-general-de-la-red-universitaria-de-artes\/","title":{"rendered":"Rector de la UArtes participa en la III Asamblea General de la Red Universitaria de Artes"},"content":{"rendered":"<p>Durante su visita a Cuba, Ramiro Noriega asisti\u00f3 a la III Asamblea General de la Red Universitaria de Artes (RUA) de la cual forma parte la UArtes y particip\u00f3 tambi\u00e9n del III Simposio sobre la Ense\u00f1anza de las Artes en la Educaci\u00f3n Superior, que se llev\u00f3 a cabo en la Universidad de las Artes de Cuba. Dichos encuentros se realizaron en el marco del 11no. Congreso Internacional de Educaci\u00f3n Superior, Universidad 2018.<\/p>\n<p>Durante esta edici\u00f3n del Congreso, que se realiz\u00f3 del 12 al 16 de febrero en la Habana, el Rector Noriega manifest\u00f3 la importancia de las Artes como un eje transversal en la regi\u00f3n latinoamericana y la definici\u00f3n de un sistema de evaluaci\u00f3n para la Educaci\u00f3n Superior en Artes. En este contexto, la UArtes se constituy\u00f3 como parte del grupo de trabajo de la RUA y extendi\u00f3 de manera formal la invitaci\u00f3n respectiva a las debidas autoridades para ser part\u00edcipes de las II Jornadas Internacionales UArtes 2018, las mismas que tratar\u00e1n temas cruciales para la Educaci\u00f3n Superior en Artes, a prop\u00f3sito de la Conferencia Regional de Educaci\u00f3n Superior de Am\u00e9rica Latina y el Caribe (CRES 2018).<\/p>\n<p>Este espacio de encuentro permiti\u00f3 posicionar a la UArtes como una instituci\u00f3n que establece formatos de dialogo y debate sobre las problem\u00e1ticas m\u00e1s acuciantes de la Educaci\u00f3n Superior en Artes y fortalecer las relaciones institucionales internacionales.<\/p>\n<p><em>(*) Fotograf\u00eda de p\u00e1gina de Facebook de\u00a0<a href=\"https:\/\/www.facebook.com\/RedUnivArtes\/\">Red Universitaria de Artes<\/a><\/em><\/p>\n","protected":false},"excerpt":{"rendered":"<p>Durante su visita a Cuba, Ramiro Noriega asisti\u00f3 a la III Asamblea General de la Red Universitaria de Artes (RUA) de la cual forma parte la UArtes y particip\u00f3 tambi\u00e9n del III Simposio sobre la Ense\u00f1anza de las Artes en la Educaci\u00f3n Superior, que se llev\u00f3 a cabo en la Universidad de las Artes de [&hellip;]<\/p>\n","protected":false},"author":1,"featured_media":1280,"comment_status":"closed","ping_status":"open","sticky":false,"template":"","format":"standard","meta":{"_acf_changed":false,"_uag_custom_page_level_css":"","_monsterinsights_skip_tracking":false,"_monsterinsights_sitenote_active":false,"_monsterinsights_sitenote_note":"","_monsterinsights_sitenote_category":0,"cybocfi_hide_featured_image":"","footnotes":""},"categories":[77,84],"tags":[],"infouartes":[],"class_list":["post-1278","post","type-post","status-publish","format-standard","has-post-thumbnail","hentry","category-gestion","category-rectorado"],"acf":[],"yoast_head":"<!-- This site is optimized with the Yoast SEO plugin v27.4 - https:\/\/yoast.com\/product\/yoast-seo-wordpress\/ -->\n<title>Universidad de las Artes - Rector de la UArtes participa en la III Asamblea General de la Red Universitaria de Artes<\/title>\n<meta name=\"description\" content=\"Universidad de las Artes - Rector de la UArtes participa en la III Asamblea General de la Red Universitaria de Artes\" \/>\n<meta name=\"robots\" content=\"index, follow, max-snippet:-1, max-image-preview:large, max-video-preview:-1\" \/>\n<link rel=\"canonical\" href=\"https:\/\/www.uartes.edu.ec\/sitio\/blog\/2018\/02\/22\/rector-de-la-uartes-participa-en-la-iii-asamblea-general-de-la-red-universitaria-de-artes\/\" \/>\n<meta property=\"og:locale\" content=\"es_ES\" \/>\n<meta property=\"og:type\" content=\"article\" \/>\n<meta property=\"og:title\" content=\"Universidad de las Artes - Rector de la UArtes participa en la III Asamblea General de la Red Universitaria de Artes\" \/>\n<meta property=\"og:description\" content=\"Universidad de las Artes - Rector de la UArtes participa en la III Asamblea General de la Red Universitaria de Artes\" \/>\n<meta property=\"og:url\" content=\"https:\/\/www.uartes.edu.ec\/sitio\/blog\/2018\/02\/22\/rector-de-la-uartes-participa-en-la-iii-asamblea-general-de-la-red-universitaria-de-artes\/\" \/>\n<meta property=\"og:site_name\" content=\"Universidad de las Artes\" \/>\n<meta property=\"article:publisher\" content=\"https:\/\/www.facebook.com\/uartesec\" \/>\n<meta property=\"article:published_time\" content=\"2018-02-22T18:08:57+00:00\" \/>\n<meta property=\"article:modified_time\" content=\"2024-07-04T16:53:57+00:00\" \/>\n<meta name=\"author\" content=\"Universidad de las Artes\" \/>\n<meta name=\"twitter:card\" content=\"summary_large_image\" \/>\n<meta name=\"twitter:creator\" content=\"@uartesec\" \/>\n<meta name=\"twitter:site\" content=\"@uartesec\" \/>\n<meta name=\"twitter:label1\" content=\"Escrito por\" \/>\n\t<meta name=\"twitter:data1\" content=\"Universidad de las Artes\" \/>\n\t<meta name=\"twitter:label2\" content=\"Tiempo de lectura\" \/>\n\t<meta name=\"twitter:data2\" content=\"1 minuto\" \/>\n<script type=\"application\/ld+json\" class=\"yoast-schema-graph\">{\"@context\":\"https:\\\/\\\/schema.org\",\"@graph\":[{\"@type\":\"Article\",\"@id\":\"https:\\\/\\\/www.uartes.edu.ec\\\/sitio\\\/blog\\\/2018\\\/02\\\/22\\\/rector-de-la-uartes-participa-en-la-iii-asamblea-general-de-la-red-universitaria-de-artes\\\/#article\",\"isPartOf\":{\"@id\":\"https:\\\/\\\/www.uartes.edu.ec\\\/sitio\\\/blog\\\/2018\\\/02\\\/22\\\/rector-de-la-uartes-participa-en-la-iii-asamblea-general-de-la-red-universitaria-de-artes\\\/\"},\"author\":{\"name\":\"Universidad de las Artes\",\"@id\":\"https:\\\/\\\/www.uartes.edu.ec\\\/sitio\\\/#\\\/schema\\\/person\\\/f33f8c1d2af0d5c80a38c8abf458184a\"},\"headline\":\"Rector de la UArtes participa en la III Asamblea General de la Red Universitaria de Artes\",\"datePublished\":\"2018-02-22T18:08:57+00:00\",\"dateModified\":\"2024-07-04T16:53:57+00:00\",\"mainEntityOfPage\":{\"@id\":\"https:\\\/\\\/www.uartes.edu.ec\\\/sitio\\\/blog\\\/2018\\\/02\\\/22\\\/rector-de-la-uartes-participa-en-la-iii-asamblea-general-de-la-red-universitaria-de-artes\\\/\"},\"wordCount\":266,\"publisher\":{\"@id\":\"https:\\\/\\\/www.uartes.edu.ec\\\/sitio\\\/#organization\"},\"image\":{\"@id\":\"https:\\\/\\\/www.uartes.edu.ec\\\/sitio\\\/blog\\\/2018\\\/02\\\/22\\\/rector-de-la-uartes-participa-en-la-iii-asamblea-general-de-la-red-universitaria-de-artes\\\/#primaryimage\"},\"thumbnailUrl\":\"\",\"articleSection\":[\"Gesti\u00f3n\",\"Rectorado\"],\"inLanguage\":\"es\"},{\"@type\":[\"WebPage\",\"ItemPage\"],\"@id\":\"https:\\\/\\\/www.uartes.edu.ec\\\/sitio\\\/blog\\\/2018\\\/02\\\/22\\\/rector-de-la-uartes-participa-en-la-iii-asamblea-general-de-la-red-universitaria-de-artes\\\/\",\"url\":\"https:\\\/\\\/www.uartes.edu.ec\\\/sitio\\\/blog\\\/2018\\\/02\\\/22\\\/rector-de-la-uartes-participa-en-la-iii-asamblea-general-de-la-red-universitaria-de-artes\\\/\",\"name\":\"Universidad de las Artes - Rector de la UArtes participa en la III Asamblea General de la Red Universitaria de Artes\",\"isPartOf\":{\"@id\":\"https:\\\/\\\/www.uartes.edu.ec\\\/sitio\\\/#website\"},\"primaryImageOfPage\":{\"@id\":\"https:\\\/\\\/www.uartes.edu.ec\\\/sitio\\\/blog\\\/2018\\\/02\\\/22\\\/rector-de-la-uartes-participa-en-la-iii-asamblea-general-de-la-red-universitaria-de-artes\\\/#primaryimage\"},\"image\":{\"@id\":\"https:\\\/\\\/www.uartes.edu.ec\\\/sitio\\\/blog\\\/2018\\\/02\\\/22\\\/rector-de-la-uartes-participa-en-la-iii-asamblea-general-de-la-red-universitaria-de-artes\\\/#primaryimage\"},\"thumbnailUrl\":\"\",\"datePublished\":\"2018-02-22T18:08:57+00:00\",\"dateModified\":\"2024-07-04T16:53:57+00:00\",\"description\":\"Universidad de las Artes - Rector de la UArtes participa en la III Asamblea General de la Red Universitaria de Artes\",\"breadcrumb\":{\"@id\":\"https:\\\/\\\/www.uartes.edu.ec\\\/sitio\\\/blog\\\/2018\\\/02\\\/22\\\/rector-de-la-uartes-participa-en-la-iii-asamblea-general-de-la-red-universitaria-de-artes\\\/#breadcrumb\"},\"inLanguage\":\"es\",\"potentialAction\":[{\"@type\":\"ReadAction\",\"target\":[\"https:\\\/\\\/www.uartes.edu.ec\\\/sitio\\\/blog\\\/2018\\\/02\\\/22\\\/rector-de-la-uartes-participa-en-la-iii-asamblea-general-de-la-red-universitaria-de-artes\\\/\"]}]},{\"@type\":\"ImageObject\",\"inLanguage\":\"es\",\"@id\":\"https:\\\/\\\/www.uartes.edu.ec\\\/sitio\\\/blog\\\/2018\\\/02\\\/22\\\/rector-de-la-uartes-participa-en-la-iii-asamblea-general-de-la-red-universitaria-de-artes\\\/#primaryimage\",\"url\":\"\",\"contentUrl\":\"\"},{\"@type\":\"BreadcrumbList\",\"@id\":\"https:\\\/\\\/www.uartes.edu.ec\\\/sitio\\\/blog\\\/2018\\\/02\\\/22\\\/rector-de-la-uartes-participa-en-la-iii-asamblea-general-de-la-red-universitaria-de-artes\\\/#breadcrumb\",\"itemListElement\":[{\"@type\":\"ListItem\",\"position\":1,\"name\":\"Inicio\",\"item\":\"https:\\\/\\\/www.uartes.edu.ec\\\/sitio\\\/\"},{\"@type\":\"ListItem\",\"position\":2,\"name\":\"Rector de la UArtes participa en la III Asamblea General de la Red Universitaria de Artes\"}]},{\"@type\":\"WebSite\",\"@id\":\"https:\\\/\\\/www.uartes.edu.ec\\\/sitio\\\/#website\",\"url\":\"https:\\\/\\\/www.uartes.edu.ec\\\/sitio\\\/\",\"name\":\"Universidad de las Artes\",\"description\":\"Sitio oficial de la Universidad Nacional de las Artes del Ecuador\",\"publisher\":{\"@id\":\"https:\\\/\\\/www.uartes.edu.ec\\\/sitio\\\/#organization\"},\"potentialAction\":[{\"@type\":\"SearchAction\",\"target\":{\"@type\":\"EntryPoint\",\"urlTemplate\":\"https:\\\/\\\/www.uartes.edu.ec\\\/sitio\\\/?s={search_term_string}\"},\"query-input\":{\"@type\":\"PropertyValueSpecification\",\"valueRequired\":true,\"valueName\":\"search_term_string\"}}],\"inLanguage\":\"es\"},{\"@type\":\"Organization\",\"@id\":\"https:\\\/\\\/www.uartes.edu.ec\\\/sitio\\\/#organization\",\"name\":\"Universidad de las Artes\",\"url\":\"https:\\\/\\\/www.uartes.edu.ec\\\/sitio\\\/\",\"logo\":{\"@type\":\"ImageObject\",\"inLanguage\":\"es\",\"@id\":\"https:\\\/\\\/www.uartes.edu.ec\\\/sitio\\\/#\\\/schema\\\/logo\\\/image\\\/\",\"url\":\"https:\\\/\\\/www.uartes.edu.ec\\\/sitio\\\/wp-content\\\/uploads\\\/2022\\\/07\\\/logo-ua-horizontal.png\",\"contentUrl\":\"https:\\\/\\\/www.uartes.edu.ec\\\/sitio\\\/wp-content\\\/uploads\\\/2022\\\/07\\\/logo-ua-horizontal.png\",\"width\":800,\"height\":276,\"caption\":\"Universidad de las Artes\"},\"image\":{\"@id\":\"https:\\\/\\\/www.uartes.edu.ec\\\/sitio\\\/#\\\/schema\\\/logo\\\/image\\\/\"},\"sameAs\":[\"https:\\\/\\\/www.facebook.com\\\/uartesec\",\"https:\\\/\\\/x.com\\\/uartesec\",\"https:\\\/\\\/www.tiktok.com\\\/@uartesec\"]},{\"@type\":\"Person\",\"@id\":\"https:\\\/\\\/www.uartes.edu.ec\\\/sitio\\\/#\\\/schema\\\/person\\\/f33f8c1d2af0d5c80a38c8abf458184a\",\"name\":\"Universidad de las Artes\",\"image\":{\"@type\":\"ImageObject\",\"inLanguage\":\"es\",\"@id\":\"https:\\\/\\\/secure.gravatar.com\\\/avatar\\\/52e4757902f5cfa5ac52d020e5be83cae5487519154b6c35482fe08d589f3c13?s=96&d=mm&r=g\",\"url\":\"https:\\\/\\\/secure.gravatar.com\\\/avatar\\\/52e4757902f5cfa5ac52d020e5be83cae5487519154b6c35482fe08d589f3c13?s=96&d=mm&r=g\",\"contentUrl\":\"https:\\\/\\\/secure.gravatar.com\\\/avatar\\\/52e4757902f5cfa5ac52d020e5be83cae5487519154b6c35482fe08d589f3c13?s=96&d=mm&r=g\",\"caption\":\"Universidad de las Artes\"},\"url\":\"https:\\\/\\\/www.uartes.edu.ec\\\/sitio\\\/blog\\\/author\\\/dircomadm\\\/\"}]}<\/script>\n<!-- \/ Yoast SEO plugin. -->","yoast_head_json":{"title":"Universidad de las Artes - Rector de la UArtes participa en la III Asamblea General de la Red Universitaria de Artes","description":"Universidad de las Artes - Rector de la UArtes participa en la III Asamblea General de la Red Universitaria de Artes","robots":{"index":"index","follow":"follow","max-snippet":"max-snippet:-1","max-image-preview":"max-image-preview:large","max-video-preview":"max-video-preview:-1"},"canonical":"https:\/\/www.uartes.edu.ec\/sitio\/blog\/2018\/02\/22\/rector-de-la-uartes-participa-en-la-iii-asamblea-general-de-la-red-universitaria-de-artes\/","og_locale":"es_ES","og_type":"article","og_title":"Universidad de las Artes - Rector de la UArtes participa en la III Asamblea General de la Red Universitaria de Artes","og_description":"Universidad de las Artes - Rector de la UArtes participa en la III Asamblea General de la Red Universitaria de Artes","og_url":"https:\/\/www.uartes.edu.ec\/sitio\/blog\/2018\/02\/22\/rector-de-la-uartes-participa-en-la-iii-asamblea-general-de-la-red-universitaria-de-artes\/","og_site_name":"Universidad de las Artes","article_publisher":"https:\/\/www.facebook.com\/uartesec","article_published_time":"2018-02-22T18:08:57+00:00","article_modified_time":"2024-07-04T16:53:57+00:00","author":"Universidad de las Artes","twitter_card":"summary_large_image","twitter_creator":"@uartesec","twitter_site":"@uartesec","twitter_misc":{"Escrito por":"Universidad de las Artes","Tiempo de lectura":"1 minuto"},"schema":{"@context":"https:\/\/schema.org","@graph":[{"@type":"Article","@id":"https:\/\/www.uartes.edu.ec\/sitio\/blog\/2018\/02\/22\/rector-de-la-uartes-participa-en-la-iii-asamblea-general-de-la-red-universitaria-de-artes\/#article","isPartOf":{"@id":"https:\/\/www.uartes.edu.ec\/sitio\/blog\/2018\/02\/22\/rector-de-la-uartes-participa-en-la-iii-asamblea-general-de-la-red-universitaria-de-artes\/"},"author":{"name":"Universidad de las Artes","@id":"https:\/\/www.uartes.edu.ec\/sitio\/#\/schema\/person\/f33f8c1d2af0d5c80a38c8abf458184a"},"headline":"Rector de la UArtes participa en la III Asamblea General de la Red Universitaria de Artes","datePublished":"2018-02-22T18:08:57+00:00","dateModified":"2024-07-04T16:53:57+00:00","mainEntityOfPage":{"@id":"https:\/\/www.uartes.edu.ec\/sitio\/blog\/2018\/02\/22\/rector-de-la-uartes-participa-en-la-iii-asamblea-general-de-la-red-universitaria-de-artes\/"},"wordCount":266,"publisher":{"@id":"https:\/\/www.uartes.edu.ec\/sitio\/#organization"},"image":{"@id":"https:\/\/www.uartes.edu.ec\/sitio\/blog\/2018\/02\/22\/rector-de-la-uartes-participa-en-la-iii-asamblea-general-de-la-red-universitaria-de-artes\/#primaryimage"},"thumbnailUrl":"","articleSection":["Gesti\u00f3n","Rectorado"],"inLanguage":"es"},{"@type":["WebPage","ItemPage"],"@id":"https:\/\/www.uartes.edu.ec\/sitio\/blog\/2018\/02\/22\/rector-de-la-uartes-participa-en-la-iii-asamblea-general-de-la-red-universitaria-de-artes\/","url":"https:\/\/www.uartes.edu.ec\/sitio\/blog\/2018\/02\/22\/rector-de-la-uartes-participa-en-la-iii-asamblea-general-de-la-red-universitaria-de-artes\/","name":"Universidad de las Artes - Rector de la UArtes participa en la III Asamblea General de la Red Universitaria de Artes","isPartOf":{"@id":"https:\/\/www.uartes.edu.ec\/sitio\/#website"},"primaryImageOfPage":{"@id":"https:\/\/www.uartes.edu.ec\/sitio\/blog\/2018\/02\/22\/rector-de-la-uartes-participa-en-la-iii-asamblea-general-de-la-red-universitaria-de-artes\/#primaryimage"},"image":{"@id":"https:\/\/www.uartes.edu.ec\/sitio\/blog\/2018\/02\/22\/rector-de-la-uartes-participa-en-la-iii-asamblea-general-de-la-red-universitaria-de-artes\/#primaryimage"},"thumbnailUrl":"","datePublished":"2018-02-22T18:08:57+00:00","dateModified":"2024-07-04T16:53:57+00:00","description":"Universidad de las Artes - Rector de la UArtes participa en la III Asamblea General de la Red Universitaria de Artes","breadcrumb":{"@id":"https:\/\/www.uartes.edu.ec\/sitio\/blog\/2018\/02\/22\/rector-de-la-uartes-participa-en-la-iii-asamblea-general-de-la-red-universitaria-de-artes\/#breadcrumb"},"inLanguage":"es","potentialAction":[{"@type":"ReadAction","target":["https:\/\/www.uartes.edu.ec\/sitio\/blog\/2018\/02\/22\/rector-de-la-uartes-participa-en-la-iii-asamblea-general-de-la-red-universitaria-de-artes\/"]}]},{"@type":"ImageObject","inLanguage":"es","@id":"https:\/\/www.uartes.edu.ec\/sitio\/blog\/2018\/02\/22\/rector-de-la-uartes-participa-en-la-iii-asamblea-general-de-la-red-universitaria-de-artes\/#primaryimage","url":"","contentUrl":""},{"@type":"BreadcrumbList","@id":"https:\/\/www.uartes.edu.ec\/sitio\/blog\/2018\/02\/22\/rector-de-la-uartes-participa-en-la-iii-asamblea-general-de-la-red-universitaria-de-artes\/#breadcrumb","itemListElement":[{"@type":"ListItem","position":1,"name":"Inicio","item":"https:\/\/www.uartes.edu.ec\/sitio\/"},{"@type":"ListItem","position":2,"name":"Rector de la UArtes participa en la III Asamblea General de la Red Universitaria de Artes"}]},{"@type":"WebSite","@id":"https:\/\/www.uartes.edu.ec\/sitio\/#website","url":"https:\/\/www.uartes.edu.ec\/sitio\/","name":"Universidad de las Artes","description":"Sitio oficial de la Universidad Nacional de las Artes del Ecuador","publisher":{"@id":"https:\/\/www.uartes.edu.ec\/sitio\/#organization"},"potentialAction":[{"@type":"SearchAction","target":{"@type":"EntryPoint","urlTemplate":"https:\/\/www.uartes.edu.ec\/sitio\/?s={search_term_string}"},"query-input":{"@type":"PropertyValueSpecification","valueRequired":true,"valueName":"search_term_string"}}],"inLanguage":"es"},{"@type":"Organization","@id":"https:\/\/www.uartes.edu.ec\/sitio\/#organization","name":"Universidad de las Artes","url":"https:\/\/www.uartes.edu.ec\/sitio\/","logo":{"@type":"ImageObject","inLanguage":"es","@id":"https:\/\/www.uartes.edu.ec\/sitio\/#\/schema\/logo\/image\/","url":"https:\/\/www.uartes.edu.ec\/sitio\/wp-content\/uploads\/2022\/07\/logo-ua-horizontal.png","contentUrl":"https:\/\/www.uartes.edu.ec\/sitio\/wp-content\/uploads\/2022\/07\/logo-ua-horizontal.png","width":800,"height":276,"caption":"Universidad de las Artes"},"image":{"@id":"https:\/\/www.uartes.edu.ec\/sitio\/#\/schema\/logo\/image\/"},"sameAs":["https:\/\/www.facebook.com\/uartesec","https:\/\/x.com\/uartesec","https:\/\/www.tiktok.com\/@uartesec"]},{"@type":"Person","@id":"https:\/\/www.uartes.edu.ec\/sitio\/#\/schema\/person\/f33f8c1d2af0d5c80a38c8abf458184a","name":"Universidad de las Artes","image":{"@type":"ImageObject","inLanguage":"es","@id":"https:\/\/secure.gravatar.com\/avatar\/52e4757902f5cfa5ac52d020e5be83cae5487519154b6c35482fe08d589f3c13?s=96&d=mm&r=g","url":"https:\/\/secure.gravatar.com\/avatar\/52e4757902f5cfa5ac52d020e5be83cae5487519154b6c35482fe08d589f3c13?s=96&d=mm&r=g","contentUrl":"https:\/\/secure.gravatar.com\/avatar\/52e4757902f5cfa5ac52d020e5be83cae5487519154b6c35482fe08d589f3c13?s=96&d=mm&r=g","caption":"Universidad de las Artes"},"url":"https:\/\/www.uartes.edu.ec\/sitio\/blog\/author\/dircomadm\/"}]}},"uagb_featured_image_src":{"full":false,"thumbnail":false,"medium":false,"medium_large":false,"large":false,"1536x1536":false,"2048x2048":false,"trp-custom-language-flag":false,"htmega_size_585x295":false,"htmega_size_1170x536":false,"htmega_size_396x360":false,"gb-block-post-grid-landscape":false,"gb-block-post-grid-square":false,"university-hub-thumb":false,"mailpoet_newsletter_max":false},"uagb_author_info":{"display_name":"Universidad de las Artes","author_link":"https:\/\/www.uartes.edu.ec\/sitio\/blog\/author\/dircomadm\/"},"uagb_comment_info":0,"uagb_excerpt":"Durante su visita a Cuba, Ramiro Noriega asisti\u00f3 a la III Asamblea General de la Red Universitaria de Artes (RUA) de la cual forma parte la UArtes y particip\u00f3 tambi\u00e9n del III Simposio sobre la Ense\u00f1anza de las Artes en la Educaci\u00f3n Superior, que se llev\u00f3 a cabo en la Universidad de las Artes de&hellip;","featured_image_src":null,"featured_image_src_square":null,"author_info":{"display_name":"Universidad de las Artes","author_link":"https:\/\/www.uartes.edu.ec\/sitio\/blog\/author\/dircomadm\/"},"publishpress_future_workflow_manual_trigger":{"enabledWorkflows":[]},"distributor_meta":false,"distributor_terms":false,"distributor_media":false,"distributor_original_site_name":"Universidad de las Artes","distributor_original_site_url":"https:\/\/www.uartes.edu.ec\/sitio","push-errors":false,"_links":{"self":[{"href":"https:\/\/www.uartes.edu.ec\/sitio\/wp-json\/wp\/v2\/posts\/1278","targetHints":{"allow":["GET"]}}],"collection":[{"href":"https:\/\/www.uartes.edu.ec\/sitio\/wp-json\/wp\/v2\/posts"}],"about":[{"href":"https:\/\/www.uartes.edu.ec\/sitio\/wp-json\/wp\/v2\/types\/post"}],"author":[{"embeddable":true,"href":"https:\/\/www.uartes.edu.ec\/sitio\/wp-json\/wp\/v2\/users\/1"}],"replies":[{"embeddable":true,"href":"https:\/\/www.uartes.edu.ec\/sitio\/wp-json\/wp\/v2\/comments?post=1278"}],"version-history":[{"count":1,"href":"https:\/\/www.uartes.edu.ec\/sitio\/wp-json\/wp\/v2\/posts\/1278\/revisions"}],"predecessor-version":[{"id":57880,"href":"https:\/\/www.uartes.edu.ec\/sitio\/wp-json\/wp\/v2\/posts\/1278\/revisions\/57880"}],"wp:featuredmedia":[{"embeddable":true,"href":"https:\/\/www.uartes.edu.ec\/sitio\/wp-json\/"}],"wp:attachment":[{"href":"https:\/\/www.uartes.edu.ec\/sitio\/wp-json\/wp\/v2\/media?parent=1278"}],"wp:term":[{"taxonomy":"category","embeddable":true,"href":"https:\/\/www.uartes.edu.ec\/sitio\/wp-json\/wp\/v2\/categories?post=1278"},{"taxonomy":"post_tag","embeddable":true,"href":"https:\/\/www.uartes.edu.ec\/sitio\/wp-json\/wp\/v2\/tags?post=1278"},{"taxonomy":"infouartes","embeddable":true,"href":"https:\/\/www.uartes.edu.ec\/sitio\/wp-json\/wp\/v2\/infouartes?post=1278"}],"curies":[{"name":"wp","href":"https:\/\/api.w.org\/{rel}","templated":true}]}}