{"id":12954,"date":"2021-03-08T15:30:49","date_gmt":"2021-03-08T20:30:49","guid":{"rendered":"http:\/\/www.uartes.edu.ec\/sitio\/?p=12954"},"modified":"2024-07-04T11:28:12","modified_gmt":"2024-07-04T16:28:12","slug":"las-historias-del-arte-en-las-reuniones-virtuales-que-ria-realiza-con-ninas-y-ninos","status":"publish","type":"post","link":"https:\/\/www.uartes.edu.ec\/sitio\/blog\/2021\/03\/08\/las-historias-del-arte-en-las-reuniones-virtuales-que-ria-realiza-con-ninas-y-ninos\/","title":{"rendered":"Las \u201cHistorias del arte\u201d, en las reuniones virtuales que R\u00eda realiza con ni\u00f1as y ni\u00f1os"},"content":{"rendered":"\n<p>\u201cLa pandemia por COVID-19 parece una historia de terror\u201d. El comentario lo hizo una de las ni\u00f1as participantes de las reuniones virtuales que, v\u00eda Zoom, viene realizando la Sala R\u00eda de la Biblioteca de las Artes como parte de sus actividades para mantener e incentivar la lectura entre los m\u00e1s peque\u00f1os.<\/p>\n\n\n\n<p>Las puertas de la Biblioteca de las Artes y de R\u00eda, que funciona en la planta baja del patrimonial edificio (ubicado en las calles Pichincha y Aguirre), permanecen cerradas debido a la pandemia; lo estar\u00e1n hasta que las autoridades decidan lo contrario. No obstante, Ana Mar\u00eda Gonz\u00e1lez, directora de la sala, se\u00f1ala que se buscaron alternativas para mantener ese v\u00ednculo ya establecido con quienes y para quienes se concibi\u00f3 ese espacio de creaci\u00f3n y educaci\u00f3n en artes: los ni\u00f1os, ni\u00f1as y adolescentes.<\/p>\n\n\n\n<p>\u201cNos dimos cuenta de que enviar actividades o lecturas a casa no era suficiente. Las ni\u00f1as y los ni\u00f1os quer\u00edan un acompa\u00f1amiento diferente y quer\u00edan poder interactuar con otras personas y conversar, contarnos lo que estamos viviendo\u201d, dice. La labor, a\u00f1ade, se realiza desde octubre pasado mediante un convenio con el Tambo Lector del Plan Nacional de Lectura.<\/p>\n\n\n\n<p>Indica que una de las primeras sesiones que se desarrollaron fue \u201cHistorias de Terror\u201d, con obras de arte en esa tem\u00e1tica, los sue\u00f1os y el surrealismo, cuentos sobre el mar con obras de Juana Cordova\u2026 y mientras se daba la cita, se creaban personajes propios, con obras de colores para aprender el c\u00edrculo crom\u00e1tico. \u201cFue justamente en una de esas sesiones que la ni\u00f1a expres\u00f3 su opini\u00f3n y eso nos hizo ver que en estas reuniones est\u00e1bamos enlazando situaciones de nuestras vidas con el arte\u201d.<\/p>\n\n\n\n<p>Entonces, lo que inici\u00f3 como una actividad espor\u00e1dica se convirti\u00f3 en encuentros fijos y semanales, donde se le\u00edan los libros de R\u00eda y se empez\u00f3 a hablar del arte y las experiencias con el arte. Por ello, el espacio pas\u00f3 a llamarse \u201cHistorias del Arte\u201d y se comparte con los participantes la narraci\u00f3n de una historia o la lectura de un libro en conjunto. \u201cTenemos cuentos que nos ayudan a conversar sobre el performance, el arte urbano, el muralismo, los colectivos de arte, el grabado, la poes\u00eda, los artistas ecuatorianos y extranjeros, entre otros temas\u201d, expresa la directora de R\u00eda.<\/p>\n\n\n\n<p>Agrega que participan muchos ni\u00f1os y ni\u00f1as, y que se originan conversaciones s\u00faper interesantes. \u201cPor ejemplo, leemos un libro que tiene caricaturas y hablamos de la historia de la caricatura en Guayaquil y el mural de Mar\u00eda Lorena Pe\u00f1a, que es en caricatura. Las dos \u00faltimas semanas hemos le\u00eddo cuentos sobre los colores y conversamos de c\u00f3mo crear colores secundarios y la mezcla de los colores. La mediadora del Tambo de Lectura lee con ellos y yo hago las actividades y la presentaci\u00f3n de obras y artistas\u201d.<\/p>\n\n\n\n<p>Las reuniones se realizan los d\u00edas lunes y mi\u00e9rcoles, a las 15:00. \u201cEl mi\u00e9rcoles repetimos la actividad del lunes y los ni\u00f1os participan previa la inscripci\u00f3n que se realiza tras llenar un formulario; nosotros mandamos el respectivo link una hora antes de la reuni\u00f3n\u201d. Esto como parte de un protocolo de seguridad estricto establecido por la Sala R\u00eda. \u201cLos cuidadores inscriben a los menores, enviamos el enlace y los asistentes deber\u00e1n presentarse con la c\u00e1mara encendida al iniciar. Despu\u00e9s de 10 minutos no permitimos m\u00e1s ingresos para evitar peligros y personas no deseadas\u201d.<\/p>\n","protected":false},"excerpt":{"rendered":"<p>\u201cLa pandemia por COVID-19 parece una historia de terror\u201d. El comentario lo hizo una de las ni\u00f1as participantes de las reuniones virtuales que, v\u00eda Zoom, viene realizando la Sala R\u00eda de la Biblioteca de las Artes como parte de sus actividades para mantener e incentivar la lectura entre los m\u00e1s peque\u00f1os.<\/p>\n","protected":false},"author":1,"featured_media":12955,"comment_status":"closed","ping_status":"closed","sticky":false,"template":"","format":"standard","meta":{"_acf_changed":false,"_uag_custom_page_level_css":"","_monsterinsights_skip_tracking":false,"_monsterinsights_sitenote_active":false,"_monsterinsights_sitenote_note":"","_monsterinsights_sitenote_category":0,"cybocfi_hide_featured_image":"","footnotes":""},"categories":[82,79],"tags":[211,120],"infouartes":[],"class_list":["post-12954","post","type-post","status-publish","format-standard","has-post-thumbnail","hentry","category-artes","category-vinculo","tag-covid19","tag-ria"],"acf":[],"yoast_head":"<!-- This site is optimized with the Yoast SEO plugin v27.4 - https:\/\/yoast.com\/product\/yoast-seo-wordpress\/ -->\n<title>Universidad de las Artes - Las \u201cHistorias del arte\u201d, en las reuniones virtuales que R\u00eda realiza con ni\u00f1as y ni\u00f1os<\/title>\n<meta name=\"description\" content=\"Universidad de las Artes - Las \u201cHistorias del arte\u201d, en las reuniones virtuales que R\u00eda realiza con ni\u00f1as y ni\u00f1os\" \/>\n<meta name=\"robots\" content=\"index, follow, max-snippet:-1, max-image-preview:large, max-video-preview:-1\" \/>\n<link rel=\"canonical\" href=\"https:\/\/www.uartes.edu.ec\/sitio\/blog\/2021\/03\/08\/las-historias-del-arte-en-las-reuniones-virtuales-que-ria-realiza-con-ninas-y-ninos\/\" \/>\n<meta property=\"og:locale\" content=\"es_ES\" \/>\n<meta property=\"og:type\" content=\"article\" \/>\n<meta property=\"og:title\" content=\"Universidad de las Artes - Las \u201cHistorias del arte\u201d, en las reuniones virtuales que R\u00eda realiza con ni\u00f1as y ni\u00f1os\" \/>\n<meta property=\"og:description\" content=\"Universidad de las Artes - Las \u201cHistorias del arte\u201d, en las reuniones virtuales que R\u00eda realiza con ni\u00f1as y ni\u00f1os\" \/>\n<meta property=\"og:url\" content=\"https:\/\/www.uartes.edu.ec\/sitio\/blog\/2021\/03\/08\/las-historias-del-arte-en-las-reuniones-virtuales-que-ria-realiza-con-ninas-y-ninos\/\" \/>\n<meta property=\"og:site_name\" content=\"Universidad de las Artes\" \/>\n<meta property=\"article:publisher\" content=\"https:\/\/www.facebook.com\/uartesec\" \/>\n<meta property=\"article:published_time\" content=\"2021-03-08T20:30:49+00:00\" \/>\n<meta property=\"article:modified_time\" content=\"2024-07-04T16:28:12+00:00\" \/>\n<meta property=\"og:image\" content=\"https:\/\/www.uartes.edu.ec\/sitio\/wp-content\/uploads\/2021\/03\/HISTORIA-DEL-ARTE.jpg\" \/>\n\t<meta property=\"og:image:width\" content=\"2000\" \/>\n\t<meta property=\"og:image:height\" content=\"1333\" \/>\n\t<meta property=\"og:image:type\" content=\"image\/jpeg\" \/>\n<meta name=\"author\" content=\"Universidad de las Artes\" \/>\n<meta name=\"twitter:card\" content=\"summary_large_image\" \/>\n<meta name=\"twitter:creator\" content=\"@uartesec\" \/>\n<meta name=\"twitter:site\" content=\"@uartesec\" \/>\n<meta name=\"twitter:label1\" content=\"Escrito por\" \/>\n\t<meta name=\"twitter:data1\" content=\"Universidad de las Artes\" \/>\n\t<meta name=\"twitter:label2\" content=\"Tiempo de lectura\" \/>\n\t<meta name=\"twitter:data2\" content=\"3 minutos\" \/>\n<script type=\"application\/ld+json\" class=\"yoast-schema-graph\">{\"@context\":\"https:\\\/\\\/schema.org\",\"@graph\":[{\"@type\":\"Article\",\"@id\":\"https:\\\/\\\/www.uartes.edu.ec\\\/sitio\\\/blog\\\/2021\\\/03\\\/08\\\/las-historias-del-arte-en-las-reuniones-virtuales-que-ria-realiza-con-ninas-y-ninos\\\/#article\",\"isPartOf\":{\"@id\":\"https:\\\/\\\/www.uartes.edu.ec\\\/sitio\\\/blog\\\/2021\\\/03\\\/08\\\/las-historias-del-arte-en-las-reuniones-virtuales-que-ria-realiza-con-ninas-y-ninos\\\/\"},\"author\":{\"name\":\"Universidad de las Artes\",\"@id\":\"https:\\\/\\\/www.uartes.edu.ec\\\/sitio\\\/#\\\/schema\\\/person\\\/f33f8c1d2af0d5c80a38c8abf458184a\"},\"headline\":\"Las \u201cHistorias del arte\u201d, en las reuniones virtuales que R\u00eda realiza con ni\u00f1as y ni\u00f1os\",\"datePublished\":\"2021-03-08T20:30:49+00:00\",\"dateModified\":\"2024-07-04T16:28:12+00:00\",\"mainEntityOfPage\":{\"@id\":\"https:\\\/\\\/www.uartes.edu.ec\\\/sitio\\\/blog\\\/2021\\\/03\\\/08\\\/las-historias-del-arte-en-las-reuniones-virtuales-que-ria-realiza-con-ninas-y-ninos\\\/\"},\"wordCount\":625,\"publisher\":{\"@id\":\"https:\\\/\\\/www.uartes.edu.ec\\\/sitio\\\/#organization\"},\"image\":{\"@id\":\"https:\\\/\\\/www.uartes.edu.ec\\\/sitio\\\/blog\\\/2021\\\/03\\\/08\\\/las-historias-del-arte-en-las-reuniones-virtuales-que-ria-realiza-con-ninas-y-ninos\\\/#primaryimage\"},\"thumbnailUrl\":\"https:\\\/\\\/www.uartes.edu.ec\\\/sitio\\\/wp-content\\\/uploads\\\/2021\\\/03\\\/HISTORIA-DEL-ARTE.jpg\",\"keywords\":[\"covid19\",\"r\u00eda\"],\"articleSection\":[\"Artes\",\"V\u00ednculo\"],\"inLanguage\":\"es\"},{\"@type\":[\"WebPage\",\"ItemPage\"],\"@id\":\"https:\\\/\\\/www.uartes.edu.ec\\\/sitio\\\/blog\\\/2021\\\/03\\\/08\\\/las-historias-del-arte-en-las-reuniones-virtuales-que-ria-realiza-con-ninas-y-ninos\\\/\",\"url\":\"https:\\\/\\\/www.uartes.edu.ec\\\/sitio\\\/blog\\\/2021\\\/03\\\/08\\\/las-historias-del-arte-en-las-reuniones-virtuales-que-ria-realiza-con-ninas-y-ninos\\\/\",\"name\":\"Universidad de las Artes - Las \u201cHistorias del arte\u201d, en las reuniones virtuales que R\u00eda realiza con ni\u00f1as y ni\u00f1os\",\"isPartOf\":{\"@id\":\"https:\\\/\\\/www.uartes.edu.ec\\\/sitio\\\/#website\"},\"primaryImageOfPage\":{\"@id\":\"https:\\\/\\\/www.uartes.edu.ec\\\/sitio\\\/blog\\\/2021\\\/03\\\/08\\\/las-historias-del-arte-en-las-reuniones-virtuales-que-ria-realiza-con-ninas-y-ninos\\\/#primaryimage\"},\"image\":{\"@id\":\"https:\\\/\\\/www.uartes.edu.ec\\\/sitio\\\/blog\\\/2021\\\/03\\\/08\\\/las-historias-del-arte-en-las-reuniones-virtuales-que-ria-realiza-con-ninas-y-ninos\\\/#primaryimage\"},\"thumbnailUrl\":\"https:\\\/\\\/www.uartes.edu.ec\\\/sitio\\\/wp-content\\\/uploads\\\/2021\\\/03\\\/HISTORIA-DEL-ARTE.jpg\",\"datePublished\":\"2021-03-08T20:30:49+00:00\",\"dateModified\":\"2024-07-04T16:28:12+00:00\",\"description\":\"Universidad de las Artes - Las \u201cHistorias del arte\u201d, en las reuniones virtuales que R\u00eda realiza con ni\u00f1as y ni\u00f1os\",\"breadcrumb\":{\"@id\":\"https:\\\/\\\/www.uartes.edu.ec\\\/sitio\\\/blog\\\/2021\\\/03\\\/08\\\/las-historias-del-arte-en-las-reuniones-virtuales-que-ria-realiza-con-ninas-y-ninos\\\/#breadcrumb\"},\"inLanguage\":\"es\",\"potentialAction\":[{\"@type\":\"ReadAction\",\"target\":[\"https:\\\/\\\/www.uartes.edu.ec\\\/sitio\\\/blog\\\/2021\\\/03\\\/08\\\/las-historias-del-arte-en-las-reuniones-virtuales-que-ria-realiza-con-ninas-y-ninos\\\/\"]}]},{\"@type\":\"ImageObject\",\"inLanguage\":\"es\",\"@id\":\"https:\\\/\\\/www.uartes.edu.ec\\\/sitio\\\/blog\\\/2021\\\/03\\\/08\\\/las-historias-del-arte-en-las-reuniones-virtuales-que-ria-realiza-con-ninas-y-ninos\\\/#primaryimage\",\"url\":\"https:\\\/\\\/www.uartes.edu.ec\\\/sitio\\\/wp-content\\\/uploads\\\/2021\\\/03\\\/HISTORIA-DEL-ARTE.jpg\",\"contentUrl\":\"https:\\\/\\\/www.uartes.edu.ec\\\/sitio\\\/wp-content\\\/uploads\\\/2021\\\/03\\\/HISTORIA-DEL-ARTE.jpg\",\"width\":2000,\"height\":1333},{\"@type\":\"BreadcrumbList\",\"@id\":\"https:\\\/\\\/www.uartes.edu.ec\\\/sitio\\\/blog\\\/2021\\\/03\\\/08\\\/las-historias-del-arte-en-las-reuniones-virtuales-que-ria-realiza-con-ninas-y-ninos\\\/#breadcrumb\",\"itemListElement\":[{\"@type\":\"ListItem\",\"position\":1,\"name\":\"Inicio\",\"item\":\"https:\\\/\\\/www.uartes.edu.ec\\\/sitio\\\/\"},{\"@type\":\"ListItem\",\"position\":2,\"name\":\"Las \u201cHistorias del arte\u201d, en las reuniones virtuales que R\u00eda realiza con ni\u00f1as y ni\u00f1os\"}]},{\"@type\":\"WebSite\",\"@id\":\"https:\\\/\\\/www.uartes.edu.ec\\\/sitio\\\/#website\",\"url\":\"https:\\\/\\\/www.uartes.edu.ec\\\/sitio\\\/\",\"name\":\"Universidad de las Artes\",\"description\":\"Sitio oficial de la Universidad Nacional de las Artes del Ecuador\",\"publisher\":{\"@id\":\"https:\\\/\\\/www.uartes.edu.ec\\\/sitio\\\/#organization\"},\"potentialAction\":[{\"@type\":\"SearchAction\",\"target\":{\"@type\":\"EntryPoint\",\"urlTemplate\":\"https:\\\/\\\/www.uartes.edu.ec\\\/sitio\\\/?s={search_term_string}\"},\"query-input\":{\"@type\":\"PropertyValueSpecification\",\"valueRequired\":true,\"valueName\":\"search_term_string\"}}],\"inLanguage\":\"es\"},{\"@type\":\"Organization\",\"@id\":\"https:\\\/\\\/www.uartes.edu.ec\\\/sitio\\\/#organization\",\"name\":\"Universidad de las Artes\",\"url\":\"https:\\\/\\\/www.uartes.edu.ec\\\/sitio\\\/\",\"logo\":{\"@type\":\"ImageObject\",\"inLanguage\":\"es\",\"@id\":\"https:\\\/\\\/www.uartes.edu.ec\\\/sitio\\\/#\\\/schema\\\/logo\\\/image\\\/\",\"url\":\"https:\\\/\\\/www.uartes.edu.ec\\\/sitio\\\/wp-content\\\/uploads\\\/2022\\\/07\\\/logo-ua-horizontal.png\",\"contentUrl\":\"https:\\\/\\\/www.uartes.edu.ec\\\/sitio\\\/wp-content\\\/uploads\\\/2022\\\/07\\\/logo-ua-horizontal.png\",\"width\":800,\"height\":276,\"caption\":\"Universidad de las Artes\"},\"image\":{\"@id\":\"https:\\\/\\\/www.uartes.edu.ec\\\/sitio\\\/#\\\/schema\\\/logo\\\/image\\\/\"},\"sameAs\":[\"https:\\\/\\\/www.facebook.com\\\/uartesec\",\"https:\\\/\\\/x.com\\\/uartesec\",\"https:\\\/\\\/www.tiktok.com\\\/@uartesec\"]},{\"@type\":\"Person\",\"@id\":\"https:\\\/\\\/www.uartes.edu.ec\\\/sitio\\\/#\\\/schema\\\/person\\\/f33f8c1d2af0d5c80a38c8abf458184a\",\"name\":\"Universidad de las Artes\",\"image\":{\"@type\":\"ImageObject\",\"inLanguage\":\"es\",\"@id\":\"https:\\\/\\\/secure.gravatar.com\\\/avatar\\\/52e4757902f5cfa5ac52d020e5be83cae5487519154b6c35482fe08d589f3c13?s=96&d=mm&r=g\",\"url\":\"https:\\\/\\\/secure.gravatar.com\\\/avatar\\\/52e4757902f5cfa5ac52d020e5be83cae5487519154b6c35482fe08d589f3c13?s=96&d=mm&r=g\",\"contentUrl\":\"https:\\\/\\\/secure.gravatar.com\\\/avatar\\\/52e4757902f5cfa5ac52d020e5be83cae5487519154b6c35482fe08d589f3c13?s=96&d=mm&r=g\",\"caption\":\"Universidad de las Artes\"},\"url\":\"https:\\\/\\\/www.uartes.edu.ec\\\/sitio\\\/blog\\\/author\\\/dircomadm\\\/\"}]}<\/script>\n<!-- \/ Yoast SEO plugin. -->","yoast_head_json":{"title":"Universidad de las Artes - Las \u201cHistorias del arte\u201d, en las reuniones virtuales que R\u00eda realiza con ni\u00f1as y ni\u00f1os","description":"Universidad de las Artes - Las \u201cHistorias del arte\u201d, en las reuniones virtuales que R\u00eda realiza con ni\u00f1as y ni\u00f1os","robots":{"index":"index","follow":"follow","max-snippet":"max-snippet:-1","max-image-preview":"max-image-preview:large","max-video-preview":"max-video-preview:-1"},"canonical":"https:\/\/www.uartes.edu.ec\/sitio\/blog\/2021\/03\/08\/las-historias-del-arte-en-las-reuniones-virtuales-que-ria-realiza-con-ninas-y-ninos\/","og_locale":"es_ES","og_type":"article","og_title":"Universidad de las Artes - Las \u201cHistorias del arte\u201d, en las reuniones virtuales que R\u00eda realiza con ni\u00f1as y ni\u00f1os","og_description":"Universidad de las Artes - Las \u201cHistorias del arte\u201d, en las reuniones virtuales que R\u00eda realiza con ni\u00f1as y ni\u00f1os","og_url":"https:\/\/www.uartes.edu.ec\/sitio\/blog\/2021\/03\/08\/las-historias-del-arte-en-las-reuniones-virtuales-que-ria-realiza-con-ninas-y-ninos\/","og_site_name":"Universidad de las Artes","article_publisher":"https:\/\/www.facebook.com\/uartesec","article_published_time":"2021-03-08T20:30:49+00:00","article_modified_time":"2024-07-04T16:28:12+00:00","og_image":[{"width":2000,"height":1333,"url":"https:\/\/www.uartes.edu.ec\/sitio\/wp-content\/uploads\/2021\/03\/HISTORIA-DEL-ARTE.jpg","type":"image\/jpeg"}],"author":"Universidad de las Artes","twitter_card":"summary_large_image","twitter_creator":"@uartesec","twitter_site":"@uartesec","twitter_misc":{"Escrito por":"Universidad de las Artes","Tiempo de lectura":"3 minutos"},"schema":{"@context":"https:\/\/schema.org","@graph":[{"@type":"Article","@id":"https:\/\/www.uartes.edu.ec\/sitio\/blog\/2021\/03\/08\/las-historias-del-arte-en-las-reuniones-virtuales-que-ria-realiza-con-ninas-y-ninos\/#article","isPartOf":{"@id":"https:\/\/www.uartes.edu.ec\/sitio\/blog\/2021\/03\/08\/las-historias-del-arte-en-las-reuniones-virtuales-que-ria-realiza-con-ninas-y-ninos\/"},"author":{"name":"Universidad de las Artes","@id":"https:\/\/www.uartes.edu.ec\/sitio\/#\/schema\/person\/f33f8c1d2af0d5c80a38c8abf458184a"},"headline":"Las \u201cHistorias del arte\u201d, en las reuniones virtuales que R\u00eda realiza con ni\u00f1as y ni\u00f1os","datePublished":"2021-03-08T20:30:49+00:00","dateModified":"2024-07-04T16:28:12+00:00","mainEntityOfPage":{"@id":"https:\/\/www.uartes.edu.ec\/sitio\/blog\/2021\/03\/08\/las-historias-del-arte-en-las-reuniones-virtuales-que-ria-realiza-con-ninas-y-ninos\/"},"wordCount":625,"publisher":{"@id":"https:\/\/www.uartes.edu.ec\/sitio\/#organization"},"image":{"@id":"https:\/\/www.uartes.edu.ec\/sitio\/blog\/2021\/03\/08\/las-historias-del-arte-en-las-reuniones-virtuales-que-ria-realiza-con-ninas-y-ninos\/#primaryimage"},"thumbnailUrl":"https:\/\/www.uartes.edu.ec\/sitio\/wp-content\/uploads\/2021\/03\/HISTORIA-DEL-ARTE.jpg","keywords":["covid19","r\u00eda"],"articleSection":["Artes","V\u00ednculo"],"inLanguage":"es"},{"@type":["WebPage","ItemPage"],"@id":"https:\/\/www.uartes.edu.ec\/sitio\/blog\/2021\/03\/08\/las-historias-del-arte-en-las-reuniones-virtuales-que-ria-realiza-con-ninas-y-ninos\/","url":"https:\/\/www.uartes.edu.ec\/sitio\/blog\/2021\/03\/08\/las-historias-del-arte-en-las-reuniones-virtuales-que-ria-realiza-con-ninas-y-ninos\/","name":"Universidad de las Artes - Las \u201cHistorias del arte\u201d, en las reuniones virtuales que R\u00eda realiza con ni\u00f1as y ni\u00f1os","isPartOf":{"@id":"https:\/\/www.uartes.edu.ec\/sitio\/#website"},"primaryImageOfPage":{"@id":"https:\/\/www.uartes.edu.ec\/sitio\/blog\/2021\/03\/08\/las-historias-del-arte-en-las-reuniones-virtuales-que-ria-realiza-con-ninas-y-ninos\/#primaryimage"},"image":{"@id":"https:\/\/www.uartes.edu.ec\/sitio\/blog\/2021\/03\/08\/las-historias-del-arte-en-las-reuniones-virtuales-que-ria-realiza-con-ninas-y-ninos\/#primaryimage"},"thumbnailUrl":"https:\/\/www.uartes.edu.ec\/sitio\/wp-content\/uploads\/2021\/03\/HISTORIA-DEL-ARTE.jpg","datePublished":"2021-03-08T20:30:49+00:00","dateModified":"2024-07-04T16:28:12+00:00","description":"Universidad de las Artes - Las \u201cHistorias del arte\u201d, en las reuniones virtuales que R\u00eda realiza con ni\u00f1as y ni\u00f1os","breadcrumb":{"@id":"https:\/\/www.uartes.edu.ec\/sitio\/blog\/2021\/03\/08\/las-historias-del-arte-en-las-reuniones-virtuales-que-ria-realiza-con-ninas-y-ninos\/#breadcrumb"},"inLanguage":"es","potentialAction":[{"@type":"ReadAction","target":["https:\/\/www.uartes.edu.ec\/sitio\/blog\/2021\/03\/08\/las-historias-del-arte-en-las-reuniones-virtuales-que-ria-realiza-con-ninas-y-ninos\/"]}]},{"@type":"ImageObject","inLanguage":"es","@id":"https:\/\/www.uartes.edu.ec\/sitio\/blog\/2021\/03\/08\/las-historias-del-arte-en-las-reuniones-virtuales-que-ria-realiza-con-ninas-y-ninos\/#primaryimage","url":"https:\/\/www.uartes.edu.ec\/sitio\/wp-content\/uploads\/2021\/03\/HISTORIA-DEL-ARTE.jpg","contentUrl":"https:\/\/www.uartes.edu.ec\/sitio\/wp-content\/uploads\/2021\/03\/HISTORIA-DEL-ARTE.jpg","width":2000,"height":1333},{"@type":"BreadcrumbList","@id":"https:\/\/www.uartes.edu.ec\/sitio\/blog\/2021\/03\/08\/las-historias-del-arte-en-las-reuniones-virtuales-que-ria-realiza-con-ninas-y-ninos\/#breadcrumb","itemListElement":[{"@type":"ListItem","position":1,"name":"Inicio","item":"https:\/\/www.uartes.edu.ec\/sitio\/"},{"@type":"ListItem","position":2,"name":"Las \u201cHistorias del arte\u201d, en las reuniones virtuales que R\u00eda realiza con ni\u00f1as y ni\u00f1os"}]},{"@type":"WebSite","@id":"https:\/\/www.uartes.edu.ec\/sitio\/#website","url":"https:\/\/www.uartes.edu.ec\/sitio\/","name":"Universidad de las Artes","description":"Sitio oficial de la Universidad Nacional de las Artes del Ecuador","publisher":{"@id":"https:\/\/www.uartes.edu.ec\/sitio\/#organization"},"potentialAction":[{"@type":"SearchAction","target":{"@type":"EntryPoint","urlTemplate":"https:\/\/www.uartes.edu.ec\/sitio\/?s={search_term_string}"},"query-input":{"@type":"PropertyValueSpecification","valueRequired":true,"valueName":"search_term_string"}}],"inLanguage":"es"},{"@type":"Organization","@id":"https:\/\/www.uartes.edu.ec\/sitio\/#organization","name":"Universidad de las Artes","url":"https:\/\/www.uartes.edu.ec\/sitio\/","logo":{"@type":"ImageObject","inLanguage":"es","@id":"https:\/\/www.uartes.edu.ec\/sitio\/#\/schema\/logo\/image\/","url":"https:\/\/www.uartes.edu.ec\/sitio\/wp-content\/uploads\/2022\/07\/logo-ua-horizontal.png","contentUrl":"https:\/\/www.uartes.edu.ec\/sitio\/wp-content\/uploads\/2022\/07\/logo-ua-horizontal.png","width":800,"height":276,"caption":"Universidad de las Artes"},"image":{"@id":"https:\/\/www.uartes.edu.ec\/sitio\/#\/schema\/logo\/image\/"},"sameAs":["https:\/\/www.facebook.com\/uartesec","https:\/\/x.com\/uartesec","https:\/\/www.tiktok.com\/@uartesec"]},{"@type":"Person","@id":"https:\/\/www.uartes.edu.ec\/sitio\/#\/schema\/person\/f33f8c1d2af0d5c80a38c8abf458184a","name":"Universidad de las Artes","image":{"@type":"ImageObject","inLanguage":"es","@id":"https:\/\/secure.gravatar.com\/avatar\/52e4757902f5cfa5ac52d020e5be83cae5487519154b6c35482fe08d589f3c13?s=96&d=mm&r=g","url":"https:\/\/secure.gravatar.com\/avatar\/52e4757902f5cfa5ac52d020e5be83cae5487519154b6c35482fe08d589f3c13?s=96&d=mm&r=g","contentUrl":"https:\/\/secure.gravatar.com\/avatar\/52e4757902f5cfa5ac52d020e5be83cae5487519154b6c35482fe08d589f3c13?s=96&d=mm&r=g","caption":"Universidad de las Artes"},"url":"https:\/\/www.uartes.edu.ec\/sitio\/blog\/author\/dircomadm\/"}]}},"uagb_featured_image_src":{"full":["https:\/\/www.uartes.edu.ec\/sitio\/wp-content\/uploads\/2021\/03\/HISTORIA-DEL-ARTE.jpg",2000,1333,false],"thumbnail":["https:\/\/www.uartes.edu.ec\/sitio\/wp-content\/uploads\/2021\/03\/HISTORIA-DEL-ARTE-150x150.jpg",150,150,true],"medium":["https:\/\/www.uartes.edu.ec\/sitio\/wp-content\/uploads\/2021\/03\/HISTORIA-DEL-ARTE-300x200.jpg",300,200,true],"medium_large":["https:\/\/www.uartes.edu.ec\/sitio\/wp-content\/uploads\/2021\/03\/HISTORIA-DEL-ARTE-768x512.jpg",768,512,true],"large":["https:\/\/www.uartes.edu.ec\/sitio\/wp-content\/uploads\/2021\/03\/HISTORIA-DEL-ARTE-644x429.jpg",644,429,true],"1536x1536":["https:\/\/www.uartes.edu.ec\/sitio\/wp-content\/uploads\/2021\/03\/HISTORIA-DEL-ARTE-1536x1024.jpg",1536,1024,true],"2048x2048":["https:\/\/www.uartes.edu.ec\/sitio\/wp-content\/uploads\/2021\/03\/HISTORIA-DEL-ARTE.jpg",2000,1333,false],"trp-custom-language-flag":["https:\/\/www.uartes.edu.ec\/sitio\/wp-content\/uploads\/2021\/03\/HISTORIA-DEL-ARTE.jpg",18,12,false],"htmega_size_585x295":["https:\/\/www.uartes.edu.ec\/sitio\/wp-content\/uploads\/2021\/03\/HISTORIA-DEL-ARTE-585x295.jpg",585,295,true],"htmega_size_1170x536":["https:\/\/www.uartes.edu.ec\/sitio\/wp-content\/uploads\/2021\/03\/HISTORIA-DEL-ARTE-1170x536.jpg",1170,536,true],"htmega_size_396x360":["https:\/\/www.uartes.edu.ec\/sitio\/wp-content\/uploads\/2021\/03\/HISTORIA-DEL-ARTE-396x360.jpg",396,360,true],"gb-block-post-grid-landscape":["https:\/\/www.uartes.edu.ec\/sitio\/wp-content\/uploads\/2021\/03\/HISTORIA-DEL-ARTE.jpg",600,400,false],"gb-block-post-grid-square":["https:\/\/www.uartes.edu.ec\/sitio\/wp-content\/uploads\/2021\/03\/HISTORIA-DEL-ARTE.jpg",600,400,false],"university-hub-thumb":["https:\/\/www.uartes.edu.ec\/sitio\/wp-content\/uploads\/2021\/03\/HISTORIA-DEL-ARTE.jpg",400,267,false]},"uagb_author_info":{"display_name":"Universidad de las Artes","author_link":"https:\/\/www.uartes.edu.ec\/sitio\/blog\/author\/dircomadm\/"},"uagb_comment_info":0,"uagb_excerpt":"\u201cLa pandemia por COVID-19 parece una historia de terror\u201d. El comentario lo hizo una de las ni\u00f1as participantes de las reuniones virtuales que, v\u00eda Zoom, viene realizando la Sala R\u00eda de la Biblioteca de las Artes como parte de sus actividades para mantener e incentivar la lectura entre los m\u00e1s peque\u00f1os.","featured_image_src":"https:\/\/www.uartes.edu.ec\/sitio\/wp-content\/uploads\/2021\/03\/HISTORIA-DEL-ARTE.jpg","featured_image_src_square":"https:\/\/www.uartes.edu.ec\/sitio\/wp-content\/uploads\/2021\/03\/HISTORIA-DEL-ARTE.jpg","author_info":{"display_name":"Universidad de las Artes","author_link":"https:\/\/www.uartes.edu.ec\/sitio\/blog\/author\/dircomadm\/"},"publishpress_future_workflow_manual_trigger":{"enabledWorkflows":[]},"distributor_meta":false,"distributor_terms":false,"distributor_media":false,"distributor_original_site_name":"Universidad de las Artes","distributor_original_site_url":"https:\/\/www.uartes.edu.ec\/sitio","push-errors":false,"_links":{"self":[{"href":"https:\/\/www.uartes.edu.ec\/sitio\/wp-json\/wp\/v2\/posts\/12954","targetHints":{"allow":["GET"]}}],"collection":[{"href":"https:\/\/www.uartes.edu.ec\/sitio\/wp-json\/wp\/v2\/posts"}],"about":[{"href":"https:\/\/www.uartes.edu.ec\/sitio\/wp-json\/wp\/v2\/types\/post"}],"author":[{"embeddable":true,"href":"https:\/\/www.uartes.edu.ec\/sitio\/wp-json\/wp\/v2\/users\/1"}],"replies":[{"embeddable":true,"href":"https:\/\/www.uartes.edu.ec\/sitio\/wp-json\/wp\/v2\/comments?post=12954"}],"version-history":[{"count":1,"href":"https:\/\/www.uartes.edu.ec\/sitio\/wp-json\/wp\/v2\/posts\/12954\/revisions"}],"predecessor-version":[{"id":12956,"href":"https:\/\/www.uartes.edu.ec\/sitio\/wp-json\/wp\/v2\/posts\/12954\/revisions\/12956"}],"wp:featuredmedia":[{"embeddable":true,"href":"https:\/\/www.uartes.edu.ec\/sitio\/wp-json\/wp\/v2\/media\/12955"}],"wp:attachment":[{"href":"https:\/\/www.uartes.edu.ec\/sitio\/wp-json\/wp\/v2\/media?parent=12954"}],"wp:term":[{"taxonomy":"category","embeddable":true,"href":"https:\/\/www.uartes.edu.ec\/sitio\/wp-json\/wp\/v2\/categories?post=12954"},{"taxonomy":"post_tag","embeddable":true,"href":"https:\/\/www.uartes.edu.ec\/sitio\/wp-json\/wp\/v2\/tags?post=12954"},{"taxonomy":"infouartes","embeddable":true,"href":"https:\/\/www.uartes.edu.ec\/sitio\/wp-json\/wp\/v2\/infouartes?post=12954"}],"curies":[{"name":"wp","href":"https:\/\/api.w.org\/{rel}","templated":true}]}}