{"id":13123,"date":"2021-03-30T10:39:07","date_gmt":"2021-03-30T15:39:07","guid":{"rendered":"http:\/\/www.uartes.edu.ec\/sitio\/?p=13123"},"modified":"2024-07-04T11:27:30","modified_gmt":"2024-07-04T16:27:30","slug":"no-soy-flor-de-tu-florero-una-exposicion-desde-la-critica-y-los-feminismos","status":"publish","type":"post","link":"https:\/\/www.uartes.edu.ec\/sitio\/blog\/2021\/03\/30\/no-soy-flor-de-tu-florero-una-exposicion-desde-la-critica-y-los-feminismos\/","title":{"rendered":"\u201cNo soy flor de tu florero\u201d, una exposici\u00f3n desde la cr\u00edtica y los feminismos"},"content":{"rendered":"\n<p>Alejandra Bueno, docente de la UArtes y artista visual present\u00f3 en la galer\u00eda Artgia en Vitoria-Gasteiz su exposici\u00f3n \u201cNo soy flor de tu florero\u201d. Bueno nos comenta c\u00f3mo fue el proceso de la muestra: \u201cRedact\u00e9 para la convocatoria una propuesta audiovisual que revisaba las formas de representaci\u00f3n y construcci\u00f3n de relatos femeninos y feministas desde el audiovisual, es decir, c\u00f3mo la forma de grabar y de realizar la postproducci\u00f3n desde un punto de vista m\u00e1s creativo puede evocar diferentes situaciones de opresi\u00f3n hacia la mujer dentro del cotidiano\u201d.<\/p>\n\n\n\n<p>El trabajo de Bueno aborda problem\u00e1ticas sociales como la identidad, el consumo y los feminismos. Esta \u00faltima problem\u00e1tica ha sido la que m\u00e1s ha investigado y desde donde han surgido varios proyectos art\u00edsticos, te\u00f3ricos y culturales, creando en el 2016 el Festival Internacional de Videoarte Feminista Fem Tour Truck. Para la docente de la UArtes, esta l\u00ednea de trabajo la ha llevado al cuestionamiento constante para determinar cu\u00e1l es el control que ejerce la mirada patriarcal y as\u00ed crear propuestas que alteren el orden hegem\u00f3nico.<\/p>\n\n\n\n<p>Sobre los recursos art\u00edsticos usados en la muestra Alejandra se\u00f1ala: \u201cMe gusta hablar desde la ret\u00f3rica de los objetos y poder generar discursos h\u00edbridos e intertextuales, por ello escog\u00ed el elemento flor como eje transversal, por su significado y por su est\u00e9tica. La flor me proporciona el ideal de mujer, pero una m\u00e1scara llena de flores que me cubra el rostro puede hablar de todo lo contrario; las flores han establecido un estereotipo y un s\u00edmil femenino que ha homogeneizado la representaci\u00f3n de la mujer reduci\u00e9ndola a algo simple y superfluo, les ha robado la identidad, igual que lo hace la m\u00e1scara que cubre la identidad de la modelo en mi obra\u201d.<\/p>\n\n\n\n<p>Por otra parte, Bueno tambi\u00e9n usa los espacios cotidianos del hogar y acciones rutinarias de una mujer en el hogar, limpiar, servir el t\u00e9, esperar o el mismo hecho de leer, todas estas situaciones fueron subvertidas y tratadas con humor e iron\u00eda d\u00e1ndoles un toque absurdo mediante poses o escenarios imposibles que nos recuerdan a las modelos femeninas en sus sesiones fotogr\u00e1ficas. Otro elemento usado es el color, as\u00ed como en la obra de Pipiloti Rist, Peperminta, el color en la muestra de Alejandra tiene un efecto terap\u00e9utico, transmite viveza, alegr\u00eda, vibraci\u00f3n y fuerza.&nbsp;<\/p>\n\n\n\n<p>La docente de la UArtes comparte en \u201cNo soy flor de tu florero\u201d, su punto de vista sobre los feminismos y sus preocupaciones intelectuales: \u201cGracias a los feminismos hemos avanzado mucho hacia lo que ser\u00eda un mundo justo y sin discriminaciones por identidad o g\u00e9nero, pero la realidad es que cuando en ese equilibrio hay una falla externa de lo que sea, vuelven a salir los demonios del pasado y aquellas injusticias ya superadas vuelven a estar presentes, la mujer ser\u00e1 m\u00e1s pobre, m\u00e1s anclada a los servicios y cuidados no retribuidos, a estar m\u00e1s encerrada en su hogar y sufrir\u00e1 m\u00e1s violencia dom\u00e9stica\u201d.<\/p>\n\n\n\n<div class=\"wp-block-image is-style-default\"><figure class=\"aligncenter size-full\"><img fetchpriority=\"high\" decoding=\"async\" width=\"1333\" height=\"1333\" src=\"http:\/\/www.uartes.edu.ec\/sitio\/wp-content\/uploads\/2021\/03\/AB.jpg\" alt=\"\" class=\"wp-image-13124\" srcset=\"https:\/\/www.uartes.edu.ec\/sitio\/wp-content\/uploads\/2021\/03\/AB.jpg 1333w, https:\/\/www.uartes.edu.ec\/sitio\/wp-content\/uploads\/2021\/03\/AB-300x300.jpg 300w, https:\/\/www.uartes.edu.ec\/sitio\/wp-content\/uploads\/2021\/03\/AB-644x644.jpg 644w, https:\/\/www.uartes.edu.ec\/sitio\/wp-content\/uploads\/2021\/03\/AB-150x150.jpg 150w, https:\/\/www.uartes.edu.ec\/sitio\/wp-content\/uploads\/2021\/03\/AB-768x768.jpg 768w, https:\/\/www.uartes.edu.ec\/sitio\/wp-content\/uploads\/2021\/03\/AB-60x60.jpg 60w, https:\/\/www.uartes.edu.ec\/sitio\/wp-content\/uploads\/2021\/03\/AB-600x600.jpg 600w, https:\/\/www.uartes.edu.ec\/sitio\/wp-content\/uploads\/2021\/03\/AB-100x100.jpg 100w\" sizes=\"(max-width: 1333px) 100vw, 1333px\" \/><\/figure><\/div>\n\n\n\n<p>Sobre esta experiencia Alejandra comenta sentirse satisfecha con la exposici\u00f3n, con la acogida, con su pertinencia, con su mensaje y se siente agradecida de poder volver al plano m\u00e1s creativo de su carrera: \u201cLa creaci\u00f3n art\u00edstica supone una gran parte de mi realizaci\u00f3n personal y la echaba de menos, me divierto mucho creando im\u00e1genes y mensajes que puedan plantear nuevos paradigmas y que complementen la realidad de las mujeres, porque ni los medios de comunicaci\u00f3n ni la sociedad cuentan nuestra realidad, es por ello que debemos de contarla nosotras\u201d, se\u00f1al\u00f3 Bueno.<\/p>\n\n\n\n<figure class=\"wp-block-embed is-type-video is-provider-vimeo wp-block-embed-vimeo wp-embed-aspect-16-9 wp-has-aspect-ratio\"><div class=\"wp-block-embed__wrapper\">\n<iframe title=\"SEMIOTICS OF THE COSMETICS\" src=\"https:\/\/player.vimeo.com\/video\/529302117?h=2c1617d4f5&amp;dnt=1&amp;app_id=122963\" width=\"771\" height=\"434\" frameborder=\"0\" allow=\"autoplay; fullscreen; picture-in-picture\" allowfullscreen><\/iframe>\n<\/div><\/figure>\n","protected":false},"excerpt":{"rendered":"<p>Alejandra Bueno, docente de la UArtes y artista visual present\u00f3 en la galer\u00eda Artgia en Vitoria-Gasteiz su exposici\u00f3n \u201cNo soy flor de tu florero\u201d.<\/p>\n","protected":false},"author":1,"featured_media":13125,"comment_status":"closed","ping_status":"closed","sticky":false,"template":"","format":"standard","meta":{"_acf_changed":false,"_uag_custom_page_level_css":"","_monsterinsights_skip_tracking":false,"_monsterinsights_sitenote_active":false,"_monsterinsights_sitenote_note":"","_monsterinsights_sitenote_category":0,"cybocfi_hide_featured_image":"","footnotes":""},"categories":[82,75],"tags":[],"infouartes":[],"class_list":["post-13123","post","type-post","status-publish","format-standard","has-post-thumbnail","hentry","category-artes","category-docentes"],"acf":[],"yoast_head":"<!-- This site is optimized with the Yoast SEO plugin v27.4 - https:\/\/yoast.com\/product\/yoast-seo-wordpress\/ -->\n<title>Universidad de las Artes - \u201cNo soy flor de tu florero\u201d, una exposici\u00f3n desde la cr\u00edtica y los feminismos<\/title>\n<meta name=\"description\" content=\"Universidad de las Artes - \u201cNo soy flor de tu florero\u201d, una exposici\u00f3n desde la cr\u00edtica y los feminismos\" \/>\n<meta name=\"robots\" content=\"index, follow, max-snippet:-1, max-image-preview:large, max-video-preview:-1\" \/>\n<link rel=\"canonical\" href=\"https:\/\/www.uartes.edu.ec\/sitio\/blog\/2021\/03\/30\/no-soy-flor-de-tu-florero-una-exposicion-desde-la-critica-y-los-feminismos\/\" \/>\n<meta property=\"og:locale\" content=\"es_ES\" \/>\n<meta property=\"og:type\" content=\"article\" \/>\n<meta property=\"og:title\" content=\"Universidad de las Artes - \u201cNo soy flor de tu florero\u201d, una exposici\u00f3n desde la cr\u00edtica y los feminismos\" \/>\n<meta property=\"og:description\" content=\"Universidad de las Artes - \u201cNo soy flor de tu florero\u201d, una exposici\u00f3n desde la cr\u00edtica y los feminismos\" \/>\n<meta property=\"og:url\" content=\"https:\/\/www.uartes.edu.ec\/sitio\/blog\/2021\/03\/30\/no-soy-flor-de-tu-florero-una-exposicion-desde-la-critica-y-los-feminismos\/\" \/>\n<meta property=\"og:site_name\" content=\"Universidad de las Artes\" \/>\n<meta property=\"article:publisher\" content=\"https:\/\/www.facebook.com\/uartesec\" \/>\n<meta property=\"article:published_time\" content=\"2021-03-30T15:39:07+00:00\" \/>\n<meta property=\"article:modified_time\" content=\"2024-07-04T16:27:30+00:00\" \/>\n<meta property=\"og:image\" content=\"https:\/\/www.uartes.edu.ec\/sitio\/wp-content\/uploads\/2021\/03\/PORTADA-AB.jpg\" \/>\n\t<meta property=\"og:image:width\" content=\"2000\" \/>\n\t<meta property=\"og:image:height\" content=\"1333\" \/>\n\t<meta property=\"og:image:type\" content=\"image\/jpeg\" \/>\n<meta name=\"author\" content=\"Universidad de las Artes\" \/>\n<meta name=\"twitter:card\" content=\"summary_large_image\" \/>\n<meta name=\"twitter:creator\" content=\"@uartesec\" \/>\n<meta name=\"twitter:site\" content=\"@uartesec\" \/>\n<meta name=\"twitter:label1\" content=\"Escrito por\" \/>\n\t<meta name=\"twitter:data1\" content=\"Universidad de las Artes\" \/>\n\t<meta name=\"twitter:label2\" content=\"Tiempo de lectura\" \/>\n\t<meta name=\"twitter:data2\" content=\"3 minutos\" \/>\n<script type=\"application\/ld+json\" class=\"yoast-schema-graph\">{\"@context\":\"https:\\\/\\\/schema.org\",\"@graph\":[{\"@type\":\"Article\",\"@id\":\"https:\\\/\\\/www.uartes.edu.ec\\\/sitio\\\/blog\\\/2021\\\/03\\\/30\\\/no-soy-flor-de-tu-florero-una-exposicion-desde-la-critica-y-los-feminismos\\\/#article\",\"isPartOf\":{\"@id\":\"https:\\\/\\\/www.uartes.edu.ec\\\/sitio\\\/blog\\\/2021\\\/03\\\/30\\\/no-soy-flor-de-tu-florero-una-exposicion-desde-la-critica-y-los-feminismos\\\/\"},\"author\":{\"name\":\"Universidad de las Artes\",\"@id\":\"https:\\\/\\\/www.uartes.edu.ec\\\/sitio\\\/#\\\/schema\\\/person\\\/f33f8c1d2af0d5c80a38c8abf458184a\"},\"headline\":\"\u201cNo soy flor de tu florero\u201d, una exposici\u00f3n desde la cr\u00edtica y los feminismos\",\"datePublished\":\"2021-03-30T15:39:07+00:00\",\"dateModified\":\"2024-07-04T16:27:30+00:00\",\"mainEntityOfPage\":{\"@id\":\"https:\\\/\\\/www.uartes.edu.ec\\\/sitio\\\/blog\\\/2021\\\/03\\\/30\\\/no-soy-flor-de-tu-florero-una-exposicion-desde-la-critica-y-los-feminismos\\\/\"},\"wordCount\":642,\"publisher\":{\"@id\":\"https:\\\/\\\/www.uartes.edu.ec\\\/sitio\\\/#organization\"},\"image\":{\"@id\":\"https:\\\/\\\/www.uartes.edu.ec\\\/sitio\\\/blog\\\/2021\\\/03\\\/30\\\/no-soy-flor-de-tu-florero-una-exposicion-desde-la-critica-y-los-feminismos\\\/#primaryimage\"},\"thumbnailUrl\":\"https:\\\/\\\/www.uartes.edu.ec\\\/sitio\\\/wp-content\\\/uploads\\\/2021\\\/03\\\/PORTADA-AB.jpg\",\"articleSection\":[\"Artes\",\"Docentes\"],\"inLanguage\":\"es\"},{\"@type\":[\"WebPage\",\"ItemPage\"],\"@id\":\"https:\\\/\\\/www.uartes.edu.ec\\\/sitio\\\/blog\\\/2021\\\/03\\\/30\\\/no-soy-flor-de-tu-florero-una-exposicion-desde-la-critica-y-los-feminismos\\\/\",\"url\":\"https:\\\/\\\/www.uartes.edu.ec\\\/sitio\\\/blog\\\/2021\\\/03\\\/30\\\/no-soy-flor-de-tu-florero-una-exposicion-desde-la-critica-y-los-feminismos\\\/\",\"name\":\"Universidad de las Artes - \u201cNo soy flor de tu florero\u201d, una exposici\u00f3n desde la cr\u00edtica y los feminismos\",\"isPartOf\":{\"@id\":\"https:\\\/\\\/www.uartes.edu.ec\\\/sitio\\\/#website\"},\"primaryImageOfPage\":{\"@id\":\"https:\\\/\\\/www.uartes.edu.ec\\\/sitio\\\/blog\\\/2021\\\/03\\\/30\\\/no-soy-flor-de-tu-florero-una-exposicion-desde-la-critica-y-los-feminismos\\\/#primaryimage\"},\"image\":{\"@id\":\"https:\\\/\\\/www.uartes.edu.ec\\\/sitio\\\/blog\\\/2021\\\/03\\\/30\\\/no-soy-flor-de-tu-florero-una-exposicion-desde-la-critica-y-los-feminismos\\\/#primaryimage\"},\"thumbnailUrl\":\"https:\\\/\\\/www.uartes.edu.ec\\\/sitio\\\/wp-content\\\/uploads\\\/2021\\\/03\\\/PORTADA-AB.jpg\",\"datePublished\":\"2021-03-30T15:39:07+00:00\",\"dateModified\":\"2024-07-04T16:27:30+00:00\",\"description\":\"Universidad de las Artes - \u201cNo soy flor de tu florero\u201d, una exposici\u00f3n desde la cr\u00edtica y los feminismos\",\"breadcrumb\":{\"@id\":\"https:\\\/\\\/www.uartes.edu.ec\\\/sitio\\\/blog\\\/2021\\\/03\\\/30\\\/no-soy-flor-de-tu-florero-una-exposicion-desde-la-critica-y-los-feminismos\\\/#breadcrumb\"},\"inLanguage\":\"es\",\"potentialAction\":[{\"@type\":\"ReadAction\",\"target\":[\"https:\\\/\\\/www.uartes.edu.ec\\\/sitio\\\/blog\\\/2021\\\/03\\\/30\\\/no-soy-flor-de-tu-florero-una-exposicion-desde-la-critica-y-los-feminismos\\\/\"]}]},{\"@type\":\"ImageObject\",\"inLanguage\":\"es\",\"@id\":\"https:\\\/\\\/www.uartes.edu.ec\\\/sitio\\\/blog\\\/2021\\\/03\\\/30\\\/no-soy-flor-de-tu-florero-una-exposicion-desde-la-critica-y-los-feminismos\\\/#primaryimage\",\"url\":\"https:\\\/\\\/www.uartes.edu.ec\\\/sitio\\\/wp-content\\\/uploads\\\/2021\\\/03\\\/PORTADA-AB.jpg\",\"contentUrl\":\"https:\\\/\\\/www.uartes.edu.ec\\\/sitio\\\/wp-content\\\/uploads\\\/2021\\\/03\\\/PORTADA-AB.jpg\",\"width\":2000,\"height\":1333,\"caption\":\"\\\"No soy flor de tu florero\\\" de Alejandra Bueno\"},{\"@type\":\"BreadcrumbList\",\"@id\":\"https:\\\/\\\/www.uartes.edu.ec\\\/sitio\\\/blog\\\/2021\\\/03\\\/30\\\/no-soy-flor-de-tu-florero-una-exposicion-desde-la-critica-y-los-feminismos\\\/#breadcrumb\",\"itemListElement\":[{\"@type\":\"ListItem\",\"position\":1,\"name\":\"Inicio\",\"item\":\"https:\\\/\\\/www.uartes.edu.ec\\\/sitio\\\/\"},{\"@type\":\"ListItem\",\"position\":2,\"name\":\"\u201cNo soy flor de tu florero\u201d, una exposici\u00f3n desde la cr\u00edtica y los feminismos\"}]},{\"@type\":\"WebSite\",\"@id\":\"https:\\\/\\\/www.uartes.edu.ec\\\/sitio\\\/#website\",\"url\":\"https:\\\/\\\/www.uartes.edu.ec\\\/sitio\\\/\",\"name\":\"Universidad de las Artes\",\"description\":\"Sitio oficial de la Universidad Nacional de las Artes del Ecuador\",\"publisher\":{\"@id\":\"https:\\\/\\\/www.uartes.edu.ec\\\/sitio\\\/#organization\"},\"potentialAction\":[{\"@type\":\"SearchAction\",\"target\":{\"@type\":\"EntryPoint\",\"urlTemplate\":\"https:\\\/\\\/www.uartes.edu.ec\\\/sitio\\\/?s={search_term_string}\"},\"query-input\":{\"@type\":\"PropertyValueSpecification\",\"valueRequired\":true,\"valueName\":\"search_term_string\"}}],\"inLanguage\":\"es\"},{\"@type\":\"Organization\",\"@id\":\"https:\\\/\\\/www.uartes.edu.ec\\\/sitio\\\/#organization\",\"name\":\"Universidad de las Artes\",\"url\":\"https:\\\/\\\/www.uartes.edu.ec\\\/sitio\\\/\",\"logo\":{\"@type\":\"ImageObject\",\"inLanguage\":\"es\",\"@id\":\"https:\\\/\\\/www.uartes.edu.ec\\\/sitio\\\/#\\\/schema\\\/logo\\\/image\\\/\",\"url\":\"https:\\\/\\\/www.uartes.edu.ec\\\/sitio\\\/wp-content\\\/uploads\\\/2022\\\/07\\\/logo-ua-horizontal.png\",\"contentUrl\":\"https:\\\/\\\/www.uartes.edu.ec\\\/sitio\\\/wp-content\\\/uploads\\\/2022\\\/07\\\/logo-ua-horizontal.png\",\"width\":800,\"height\":276,\"caption\":\"Universidad de las Artes\"},\"image\":{\"@id\":\"https:\\\/\\\/www.uartes.edu.ec\\\/sitio\\\/#\\\/schema\\\/logo\\\/image\\\/\"},\"sameAs\":[\"https:\\\/\\\/www.facebook.com\\\/uartesec\",\"https:\\\/\\\/x.com\\\/uartesec\",\"https:\\\/\\\/www.tiktok.com\\\/@uartesec\"]},{\"@type\":\"Person\",\"@id\":\"https:\\\/\\\/www.uartes.edu.ec\\\/sitio\\\/#\\\/schema\\\/person\\\/f33f8c1d2af0d5c80a38c8abf458184a\",\"name\":\"Universidad de las Artes\",\"image\":{\"@type\":\"ImageObject\",\"inLanguage\":\"es\",\"@id\":\"https:\\\/\\\/secure.gravatar.com\\\/avatar\\\/52e4757902f5cfa5ac52d020e5be83cae5487519154b6c35482fe08d589f3c13?s=96&d=mm&r=g\",\"url\":\"https:\\\/\\\/secure.gravatar.com\\\/avatar\\\/52e4757902f5cfa5ac52d020e5be83cae5487519154b6c35482fe08d589f3c13?s=96&d=mm&r=g\",\"contentUrl\":\"https:\\\/\\\/secure.gravatar.com\\\/avatar\\\/52e4757902f5cfa5ac52d020e5be83cae5487519154b6c35482fe08d589f3c13?s=96&d=mm&r=g\",\"caption\":\"Universidad de las Artes\"},\"url\":\"https:\\\/\\\/www.uartes.edu.ec\\\/sitio\\\/blog\\\/author\\\/dircomadm\\\/\"}]}<\/script>\n<!-- \/ Yoast SEO plugin. -->","yoast_head_json":{"title":"Universidad de las Artes - \u201cNo soy flor de tu florero\u201d, una exposici\u00f3n desde la cr\u00edtica y los feminismos","description":"Universidad de las Artes - \u201cNo soy flor de tu florero\u201d, una exposici\u00f3n desde la cr\u00edtica y los feminismos","robots":{"index":"index","follow":"follow","max-snippet":"max-snippet:-1","max-image-preview":"max-image-preview:large","max-video-preview":"max-video-preview:-1"},"canonical":"https:\/\/www.uartes.edu.ec\/sitio\/blog\/2021\/03\/30\/no-soy-flor-de-tu-florero-una-exposicion-desde-la-critica-y-los-feminismos\/","og_locale":"es_ES","og_type":"article","og_title":"Universidad de las Artes - \u201cNo soy flor de tu florero\u201d, una exposici\u00f3n desde la cr\u00edtica y los feminismos","og_description":"Universidad de las Artes - \u201cNo soy flor de tu florero\u201d, una exposici\u00f3n desde la cr\u00edtica y los feminismos","og_url":"https:\/\/www.uartes.edu.ec\/sitio\/blog\/2021\/03\/30\/no-soy-flor-de-tu-florero-una-exposicion-desde-la-critica-y-los-feminismos\/","og_site_name":"Universidad de las Artes","article_publisher":"https:\/\/www.facebook.com\/uartesec","article_published_time":"2021-03-30T15:39:07+00:00","article_modified_time":"2024-07-04T16:27:30+00:00","og_image":[{"width":2000,"height":1333,"url":"https:\/\/www.uartes.edu.ec\/sitio\/wp-content\/uploads\/2021\/03\/PORTADA-AB.jpg","type":"image\/jpeg"}],"author":"Universidad de las Artes","twitter_card":"summary_large_image","twitter_creator":"@uartesec","twitter_site":"@uartesec","twitter_misc":{"Escrito por":"Universidad de las Artes","Tiempo de lectura":"3 minutos"},"schema":{"@context":"https:\/\/schema.org","@graph":[{"@type":"Article","@id":"https:\/\/www.uartes.edu.ec\/sitio\/blog\/2021\/03\/30\/no-soy-flor-de-tu-florero-una-exposicion-desde-la-critica-y-los-feminismos\/#article","isPartOf":{"@id":"https:\/\/www.uartes.edu.ec\/sitio\/blog\/2021\/03\/30\/no-soy-flor-de-tu-florero-una-exposicion-desde-la-critica-y-los-feminismos\/"},"author":{"name":"Universidad de las Artes","@id":"https:\/\/www.uartes.edu.ec\/sitio\/#\/schema\/person\/f33f8c1d2af0d5c80a38c8abf458184a"},"headline":"\u201cNo soy flor de tu florero\u201d, una exposici\u00f3n desde la cr\u00edtica y los feminismos","datePublished":"2021-03-30T15:39:07+00:00","dateModified":"2024-07-04T16:27:30+00:00","mainEntityOfPage":{"@id":"https:\/\/www.uartes.edu.ec\/sitio\/blog\/2021\/03\/30\/no-soy-flor-de-tu-florero-una-exposicion-desde-la-critica-y-los-feminismos\/"},"wordCount":642,"publisher":{"@id":"https:\/\/www.uartes.edu.ec\/sitio\/#organization"},"image":{"@id":"https:\/\/www.uartes.edu.ec\/sitio\/blog\/2021\/03\/30\/no-soy-flor-de-tu-florero-una-exposicion-desde-la-critica-y-los-feminismos\/#primaryimage"},"thumbnailUrl":"https:\/\/www.uartes.edu.ec\/sitio\/wp-content\/uploads\/2021\/03\/PORTADA-AB.jpg","articleSection":["Artes","Docentes"],"inLanguage":"es"},{"@type":["WebPage","ItemPage"],"@id":"https:\/\/www.uartes.edu.ec\/sitio\/blog\/2021\/03\/30\/no-soy-flor-de-tu-florero-una-exposicion-desde-la-critica-y-los-feminismos\/","url":"https:\/\/www.uartes.edu.ec\/sitio\/blog\/2021\/03\/30\/no-soy-flor-de-tu-florero-una-exposicion-desde-la-critica-y-los-feminismos\/","name":"Universidad de las Artes - \u201cNo soy flor de tu florero\u201d, una exposici\u00f3n desde la cr\u00edtica y los feminismos","isPartOf":{"@id":"https:\/\/www.uartes.edu.ec\/sitio\/#website"},"primaryImageOfPage":{"@id":"https:\/\/www.uartes.edu.ec\/sitio\/blog\/2021\/03\/30\/no-soy-flor-de-tu-florero-una-exposicion-desde-la-critica-y-los-feminismos\/#primaryimage"},"image":{"@id":"https:\/\/www.uartes.edu.ec\/sitio\/blog\/2021\/03\/30\/no-soy-flor-de-tu-florero-una-exposicion-desde-la-critica-y-los-feminismos\/#primaryimage"},"thumbnailUrl":"https:\/\/www.uartes.edu.ec\/sitio\/wp-content\/uploads\/2021\/03\/PORTADA-AB.jpg","datePublished":"2021-03-30T15:39:07+00:00","dateModified":"2024-07-04T16:27:30+00:00","description":"Universidad de las Artes - \u201cNo soy flor de tu florero\u201d, una exposici\u00f3n desde la cr\u00edtica y los feminismos","breadcrumb":{"@id":"https:\/\/www.uartes.edu.ec\/sitio\/blog\/2021\/03\/30\/no-soy-flor-de-tu-florero-una-exposicion-desde-la-critica-y-los-feminismos\/#breadcrumb"},"inLanguage":"es","potentialAction":[{"@type":"ReadAction","target":["https:\/\/www.uartes.edu.ec\/sitio\/blog\/2021\/03\/30\/no-soy-flor-de-tu-florero-una-exposicion-desde-la-critica-y-los-feminismos\/"]}]},{"@type":"ImageObject","inLanguage":"es","@id":"https:\/\/www.uartes.edu.ec\/sitio\/blog\/2021\/03\/30\/no-soy-flor-de-tu-florero-una-exposicion-desde-la-critica-y-los-feminismos\/#primaryimage","url":"https:\/\/www.uartes.edu.ec\/sitio\/wp-content\/uploads\/2021\/03\/PORTADA-AB.jpg","contentUrl":"https:\/\/www.uartes.edu.ec\/sitio\/wp-content\/uploads\/2021\/03\/PORTADA-AB.jpg","width":2000,"height":1333,"caption":"\"No soy flor de tu florero\" de Alejandra Bueno"},{"@type":"BreadcrumbList","@id":"https:\/\/www.uartes.edu.ec\/sitio\/blog\/2021\/03\/30\/no-soy-flor-de-tu-florero-una-exposicion-desde-la-critica-y-los-feminismos\/#breadcrumb","itemListElement":[{"@type":"ListItem","position":1,"name":"Inicio","item":"https:\/\/www.uartes.edu.ec\/sitio\/"},{"@type":"ListItem","position":2,"name":"\u201cNo soy flor de tu florero\u201d, una exposici\u00f3n desde la cr\u00edtica y los feminismos"}]},{"@type":"WebSite","@id":"https:\/\/www.uartes.edu.ec\/sitio\/#website","url":"https:\/\/www.uartes.edu.ec\/sitio\/","name":"Universidad de las Artes","description":"Sitio oficial de la Universidad Nacional de las Artes del Ecuador","publisher":{"@id":"https:\/\/www.uartes.edu.ec\/sitio\/#organization"},"potentialAction":[{"@type":"SearchAction","target":{"@type":"EntryPoint","urlTemplate":"https:\/\/www.uartes.edu.ec\/sitio\/?s={search_term_string}"},"query-input":{"@type":"PropertyValueSpecification","valueRequired":true,"valueName":"search_term_string"}}],"inLanguage":"es"},{"@type":"Organization","@id":"https:\/\/www.uartes.edu.ec\/sitio\/#organization","name":"Universidad de las Artes","url":"https:\/\/www.uartes.edu.ec\/sitio\/","logo":{"@type":"ImageObject","inLanguage":"es","@id":"https:\/\/www.uartes.edu.ec\/sitio\/#\/schema\/logo\/image\/","url":"https:\/\/www.uartes.edu.ec\/sitio\/wp-content\/uploads\/2022\/07\/logo-ua-horizontal.png","contentUrl":"https:\/\/www.uartes.edu.ec\/sitio\/wp-content\/uploads\/2022\/07\/logo-ua-horizontal.png","width":800,"height":276,"caption":"Universidad de las Artes"},"image":{"@id":"https:\/\/www.uartes.edu.ec\/sitio\/#\/schema\/logo\/image\/"},"sameAs":["https:\/\/www.facebook.com\/uartesec","https:\/\/x.com\/uartesec","https:\/\/www.tiktok.com\/@uartesec"]},{"@type":"Person","@id":"https:\/\/www.uartes.edu.ec\/sitio\/#\/schema\/person\/f33f8c1d2af0d5c80a38c8abf458184a","name":"Universidad de las Artes","image":{"@type":"ImageObject","inLanguage":"es","@id":"https:\/\/secure.gravatar.com\/avatar\/52e4757902f5cfa5ac52d020e5be83cae5487519154b6c35482fe08d589f3c13?s=96&d=mm&r=g","url":"https:\/\/secure.gravatar.com\/avatar\/52e4757902f5cfa5ac52d020e5be83cae5487519154b6c35482fe08d589f3c13?s=96&d=mm&r=g","contentUrl":"https:\/\/secure.gravatar.com\/avatar\/52e4757902f5cfa5ac52d020e5be83cae5487519154b6c35482fe08d589f3c13?s=96&d=mm&r=g","caption":"Universidad de las Artes"},"url":"https:\/\/www.uartes.edu.ec\/sitio\/blog\/author\/dircomadm\/"}]}},"uagb_featured_image_src":{"full":["https:\/\/www.uartes.edu.ec\/sitio\/wp-content\/uploads\/2021\/03\/PORTADA-AB.jpg",2000,1333,false],"thumbnail":["https:\/\/www.uartes.edu.ec\/sitio\/wp-content\/uploads\/2021\/03\/PORTADA-AB-150x150.jpg",150,150,true],"medium":["https:\/\/www.uartes.edu.ec\/sitio\/wp-content\/uploads\/2021\/03\/PORTADA-AB-300x200.jpg",300,200,true],"medium_large":["https:\/\/www.uartes.edu.ec\/sitio\/wp-content\/uploads\/2021\/03\/PORTADA-AB-768x512.jpg",768,512,true],"large":["https:\/\/www.uartes.edu.ec\/sitio\/wp-content\/uploads\/2021\/03\/PORTADA-AB-644x429.jpg",644,429,true],"1536x1536":["https:\/\/www.uartes.edu.ec\/sitio\/wp-content\/uploads\/2021\/03\/PORTADA-AB-1536x1024.jpg",1536,1024,true],"2048x2048":["https:\/\/www.uartes.edu.ec\/sitio\/wp-content\/uploads\/2021\/03\/PORTADA-AB.jpg",2000,1333,false],"trp-custom-language-flag":["https:\/\/www.uartes.edu.ec\/sitio\/wp-content\/uploads\/2021\/03\/PORTADA-AB.jpg",18,12,false],"htmega_size_585x295":["https:\/\/www.uartes.edu.ec\/sitio\/wp-content\/uploads\/2021\/03\/PORTADA-AB-585x295.jpg",585,295,true],"htmega_size_1170x536":["https:\/\/www.uartes.edu.ec\/sitio\/wp-content\/uploads\/2021\/03\/PORTADA-AB-1170x536.jpg",1170,536,true],"htmega_size_396x360":["https:\/\/www.uartes.edu.ec\/sitio\/wp-content\/uploads\/2021\/03\/PORTADA-AB-396x360.jpg",396,360,true],"gb-block-post-grid-landscape":["https:\/\/www.uartes.edu.ec\/sitio\/wp-content\/uploads\/2021\/03\/PORTADA-AB.jpg",600,400,false],"gb-block-post-grid-square":["https:\/\/www.uartes.edu.ec\/sitio\/wp-content\/uploads\/2021\/03\/PORTADA-AB.jpg",600,400,false],"university-hub-thumb":["https:\/\/www.uartes.edu.ec\/sitio\/wp-content\/uploads\/2021\/03\/PORTADA-AB-400x267.jpg",400,267,true]},"uagb_author_info":{"display_name":"Universidad de las Artes","author_link":"https:\/\/www.uartes.edu.ec\/sitio\/blog\/author\/dircomadm\/"},"uagb_comment_info":0,"uagb_excerpt":"Alejandra Bueno, docente de la UArtes y artista visual present\u00f3 en la galer\u00eda Artgia en Vitoria-Gasteiz su exposici\u00f3n \u201cNo soy flor de tu florero\u201d.","featured_image_src":"https:\/\/www.uartes.edu.ec\/sitio\/wp-content\/uploads\/2021\/03\/PORTADA-AB.jpg","featured_image_src_square":"https:\/\/www.uartes.edu.ec\/sitio\/wp-content\/uploads\/2021\/03\/PORTADA-AB.jpg","author_info":{"display_name":"Universidad de las Artes","author_link":"https:\/\/www.uartes.edu.ec\/sitio\/blog\/author\/dircomadm\/"},"publishpress_future_workflow_manual_trigger":{"enabledWorkflows":[]},"distributor_meta":false,"distributor_terms":false,"distributor_media":false,"distributor_original_site_name":"Universidad de las Artes","distributor_original_site_url":"https:\/\/www.uartes.edu.ec\/sitio","push-errors":false,"_links":{"self":[{"href":"https:\/\/www.uartes.edu.ec\/sitio\/wp-json\/wp\/v2\/posts\/13123","targetHints":{"allow":["GET"]}}],"collection":[{"href":"https:\/\/www.uartes.edu.ec\/sitio\/wp-json\/wp\/v2\/posts"}],"about":[{"href":"https:\/\/www.uartes.edu.ec\/sitio\/wp-json\/wp\/v2\/types\/post"}],"author":[{"embeddable":true,"href":"https:\/\/www.uartes.edu.ec\/sitio\/wp-json\/wp\/v2\/users\/1"}],"replies":[{"embeddable":true,"href":"https:\/\/www.uartes.edu.ec\/sitio\/wp-json\/wp\/v2\/comments?post=13123"}],"version-history":[{"count":2,"href":"https:\/\/www.uartes.edu.ec\/sitio\/wp-json\/wp\/v2\/posts\/13123\/revisions"}],"predecessor-version":[{"id":13130,"href":"https:\/\/www.uartes.edu.ec\/sitio\/wp-json\/wp\/v2\/posts\/13123\/revisions\/13130"}],"wp:featuredmedia":[{"embeddable":true,"href":"https:\/\/www.uartes.edu.ec\/sitio\/wp-json\/wp\/v2\/media\/13125"}],"wp:attachment":[{"href":"https:\/\/www.uartes.edu.ec\/sitio\/wp-json\/wp\/v2\/media?parent=13123"}],"wp:term":[{"taxonomy":"category","embeddable":true,"href":"https:\/\/www.uartes.edu.ec\/sitio\/wp-json\/wp\/v2\/categories?post=13123"},{"taxonomy":"post_tag","embeddable":true,"href":"https:\/\/www.uartes.edu.ec\/sitio\/wp-json\/wp\/v2\/tags?post=13123"},{"taxonomy":"infouartes","embeddable":true,"href":"https:\/\/www.uartes.edu.ec\/sitio\/wp-json\/wp\/v2\/infouartes?post=13123"}],"curies":[{"name":"wp","href":"https:\/\/api.w.org\/{rel}","templated":true}]}}