{"id":13145,"date":"2021-03-12T14:05:58","date_gmt":"2021-03-12T19:05:58","guid":{"rendered":"http:\/\/www.uartes.edu.ec\/sitio\/?p=13145"},"modified":"2024-07-04T11:28:08","modified_gmt":"2024-07-04T16:28:08","slug":"panorama-y-tendencias-del-periodismo-cultural-fueron-explorados-en-taller-del-observatorio","status":"publish","type":"post","link":"https:\/\/www.uartes.edu.ec\/sitio\/blog\/2021\/03\/12\/panorama-y-tendencias-del-periodismo-cultural-fueron-explorados-en-taller-del-observatorio\/","title":{"rendered":"Panorama y tendencias del periodismo cultural fueron explorados en taller del Observatorio"},"content":{"rendered":"\n<p>El 9 y 10 de marzo de 2021 se desarroll\u00f3 el Taller Panorama y Tendencias del Periodismo Cultural Contempor\u00e1neo, organizado por el Observatorio de Pol\u00edticas y Econom\u00eda de la Cultura, el cual tiene sede en el Instituto Latinoamericano de Investigaci\u00f3n en Artes (ILIA), un dispositivo de la Universidad de las Artes.<\/p>\n\n\n\n<p>Sara Jaramillo, directora de la Organizaci\u00f3n de Estados Iberoamericanos para la Educaci\u00f3n, la Ciencia y la Cultura en Ecuador (OEI), brind\u00f3 unas breves palabras de bienvenida en el acto inaugural (la ma\u00f1ana del martes 9 de marzo) y destac\u00f3 la importancia de brindar financiamiento a estas iniciativas culturales de proyecci\u00f3n internacional. Le toc\u00f3 el turno luego al periodista y escritor espa\u00f1ol Jorge Carri\u00f3n, quien por m\u00e1s de 60 minutos mantuvo una charla virtual v\u00eda Zoom con los inscritos al taller. \u201cC\u00f3mo ganar lectores con nuevos formatos, incorporar las redes sociales al trabajo investigativo y utilizarlas como medio de publicaci\u00f3n no convencional\u201d fueron las l\u00edneas centrales de su discurso, el cual complement\u00f3 comentando uno de sus proyectos m\u00e1s recientes, como el podcast Solaris y algunos de sus art\u00edculos publicados en&nbsp;<em>The New York Times<\/em>&nbsp;y la <em>Vanguardia,<\/em> enfocados en literatura y nuevas tecnolog\u00edas. Finalmente respondi\u00f3 algunas preguntas de los asistentes en un ambiente de di\u00e1logo ameno y distendido.&nbsp;<\/p>\n\n\n\n<p>La tallerista, periodista e investigadora mexicana Lucero Hern\u00e1ndez fue la siguiente en intervenir en el primer d\u00eda de actividades. La parte te\u00f3rica de su exposici\u00f3n estuvo centrada en el an\u00e1lisis de datos, verificaci\u00f3n de fuentes de informaci\u00f3n y sistemas de b\u00fasquedas avanzadas en internet. La tambi\u00e9n docente universitaria y capacitadora utiliz\u00f3 algunas publicaciones de medios mexicanos para ejemplarizar su metodolog\u00eda de investigaci\u00f3n. Despu\u00e9s de la pausa del mediod\u00eda, Hern\u00e1ndez inici\u00f3 la modalidad de taller y comparti\u00f3 un tutorial detallado de manejo de las herramientas&nbsp;Datawraper&nbsp;y&nbsp;Flourish.&nbsp;Las cifras obtenidas del proyecto&nbsp;Term\u00f3metro Cultural,&nbsp;reporte que recoge los resultados de la encuesta de condiciones&nbsp;laborales en trabajadores de las artes y la cultura publicados en julio del 2020 por el Observatorio, fue la base de datos utilizada para practicar comandos, f\u00f3rmulas, tabulaci\u00f3n y gr\u00e1ficos de informaci\u00f3n. Lucero Hern\u00e1ndez se despidi\u00f3 expresando su agrado de formar parte de este taller y realiz\u00f3 una invitaci\u00f3n a sus redes sociales para seguir su trabajo y publicaciones peri\u00f3dicas.<\/p>\n\n\n\n<p>El segundo d\u00eda de actividades (el mi\u00e9rcoles 10 de marzo) tuvo inicio en la ma\u00f1ana con la charla de Yomara Rosero, una de las mentoras y capacitadoras culturales con mayor experiencia en el pa\u00eds. Las estrategias para el financiamiento y postulaci\u00f3n de fondos concursables p\u00fablicos y privados fueron el eje principal de su conversaci\u00f3n. La fundadora de&nbsp;Maki Cultura&nbsp;comparti\u00f3 herramientas y ejemplos de&nbsp;dossiers, campa\u00f1as de&nbsp;crowdfounding, gesti\u00f3n de auspicios y recomendaciones para la estabilidad financiera de proyectos. En horas de la tarde, Rosero profundiz\u00f3 en casos de asesor\u00edas con resultados exitosos; analiz\u00f3 en detalle el antes, durante y despu\u00e9s de una aplicaci\u00f3n a fondos; y, recalc\u00f3 la importancia de mantener una imagen que se ajuste a la propuesta de manera profesional y din\u00e1mica. Con una introducci\u00f3n a la elaboraci\u00f3n de&nbsp;Press Clippings&nbsp;y perfiles laborales en&nbsp;Linkedin&nbsp;culmin\u00f3 su capacitaci\u00f3n, no sin antes enfatizar en que los conocimientos compartidos en el taller son vitales para enfrentar la legitimidad y transparencia requerida por los jurados de las diferentes competencias en un medio cultural con alta competencia y recortes presupuestales.&nbsp;<\/p>\n\n\n\n<p>El encargado de darle un cierre a las jornadas del taller fue Jos\u00e9 Miguel Cabrera, director de UArtes Ediciones. \u00c9l analiz\u00f3 las diferentes l\u00edneas de publicaci\u00f3n del Observatorio de Pol\u00edticas y Econom\u00eda de la Cultura desde su creaci\u00f3n en junio del 2020. Tambi\u00e9n present\u00f3 algunas plataformas culturales alternativas, como&nbsp;jotdown.es y&nbsp;nadieescool.com,&nbsp;y recogi\u00f3 algunas impresiones de la charla inicial de Jorge Carri\u00f3n, especialmente el art\u00edculo&nbsp;\u201cUn nuevo canon cultural en 10 objetos\u201d, publicado en diciembre del 2019 en&nbsp;<em>The New York Times<\/em>&nbsp;en espa\u00f1ol, donde a trav\u00e9s de la teor\u00eda de los Objetos Culturales Vagamente Identificados (OCVI) se promueven espacios innovadores y no tradicionales de publicaci\u00f3n. Como parte de la din\u00e1mica de su ponencia dialog\u00f3 con los asistentes virtuales y coment\u00f3 algunas de sus propuestas independientes y antecedentes investigativos dejando abierta la puerta a la creaci\u00f3n de una nueva red de periodismo cultural en el pa\u00eds. Uno de los compromisos para la obtenci\u00f3n de un cupo en el taller era la presentaci\u00f3n de un&nbsp;pitch&nbsp;de una propuesta, lleg\u00e1ndose a concretar m\u00e1s de 60 posibles contenidos para las diferentes l\u00edneas de publicaci\u00f3n del Observatorio de Pol\u00edticas y Econom\u00eda de la Cultura.&nbsp;<\/p>\n\n\n\n<p><em>Texto: Jimmy S\u00e1enz de Viteri.<\/em><\/p>\n","protected":false},"excerpt":{"rendered":"<p>El 9 y 10 de marzo de 2021 se desarroll\u00f3 el Taller Panorama y Tendencias del Periodismo Cultural Contempor\u00e1neo, organizado por el Observatorio de Pol\u00edticas y Econom\u00eda de la Cultura, el cual tiene sede en el Instituto Latinoamericano de Investigaci\u00f3n en Artes (ILIA), un dispositivo de la Universidad de las Artes.<\/p>\n","protected":false},"author":1,"featured_media":13140,"comment_status":"closed","ping_status":"closed","sticky":false,"template":"","format":"standard","meta":{"_acf_changed":false,"_uag_custom_page_level_css":"","_monsterinsights_skip_tracking":false,"_monsterinsights_sitenote_active":false,"_monsterinsights_sitenote_note":"","_monsterinsights_sitenote_category":0,"cybocfi_hide_featured_image":"","footnotes":""},"categories":[80],"tags":[37,410],"infouartes":[],"class_list":["post-13145","post","type-post","status-publish","format-standard","has-post-thumbnail","hentry","category-academico","tag-ilia","tag-observatorio-de-politicas-y-economia-de-la-cultura"],"acf":[],"yoast_head":"<!-- This site is optimized with the Yoast SEO plugin v27.4 - https:\/\/yoast.com\/product\/yoast-seo-wordpress\/ -->\n<title>Universidad de las Artes - Panorama y tendencias del periodismo cultural fueron explorados en taller del Observatorio<\/title>\n<meta name=\"description\" content=\"Universidad de las Artes - Panorama y tendencias del periodismo cultural fueron explorados en taller del Observatorio\" \/>\n<meta name=\"robots\" content=\"index, follow, max-snippet:-1, max-image-preview:large, max-video-preview:-1\" \/>\n<link rel=\"canonical\" href=\"https:\/\/www.uartes.edu.ec\/sitio\/blog\/2021\/03\/12\/panorama-y-tendencias-del-periodismo-cultural-fueron-explorados-en-taller-del-observatorio\/\" \/>\n<meta property=\"og:locale\" content=\"es_ES\" \/>\n<meta property=\"og:type\" content=\"article\" \/>\n<meta property=\"og:title\" content=\"Universidad de las Artes - Panorama y tendencias del periodismo cultural fueron explorados en taller del Observatorio\" \/>\n<meta property=\"og:description\" content=\"Universidad de las Artes - Panorama y tendencias del periodismo cultural fueron explorados en taller del Observatorio\" \/>\n<meta property=\"og:url\" content=\"https:\/\/www.uartes.edu.ec\/sitio\/blog\/2021\/03\/12\/panorama-y-tendencias-del-periodismo-cultural-fueron-explorados-en-taller-del-observatorio\/\" \/>\n<meta property=\"og:site_name\" content=\"Universidad de las Artes\" \/>\n<meta property=\"article:publisher\" content=\"https:\/\/www.facebook.com\/uartesec\" \/>\n<meta property=\"article:published_time\" content=\"2021-03-12T19:05:58+00:00\" \/>\n<meta property=\"article:modified_time\" content=\"2024-07-04T16:28:08+00:00\" \/>\n<meta property=\"og:image\" content=\"https:\/\/www.uartes.edu.ec\/sitio\/wp-content\/uploads\/2021\/03\/Taller-Panorama-y-Tendencias-del-Periodismo-Cultural-Contempora\u0301neo.jpg\" \/>\n\t<meta property=\"og:image:width\" content=\"2000\" \/>\n\t<meta property=\"og:image:height\" content=\"1333\" \/>\n\t<meta property=\"og:image:type\" content=\"image\/jpeg\" \/>\n<meta name=\"author\" content=\"Universidad de las Artes\" \/>\n<meta name=\"twitter:card\" content=\"summary_large_image\" \/>\n<meta name=\"twitter:creator\" content=\"@uartesec\" \/>\n<meta name=\"twitter:site\" content=\"@uartesec\" \/>\n<meta name=\"twitter:label1\" content=\"Escrito por\" \/>\n\t<meta name=\"twitter:data1\" content=\"Universidad de las Artes\" \/>\n\t<meta name=\"twitter:label2\" content=\"Tiempo de lectura\" \/>\n\t<meta name=\"twitter:data2\" content=\"4 minutos\" \/>\n<script type=\"application\/ld+json\" class=\"yoast-schema-graph\">{\"@context\":\"https:\\\/\\\/schema.org\",\"@graph\":[{\"@type\":\"Article\",\"@id\":\"https:\\\/\\\/www.uartes.edu.ec\\\/sitio\\\/blog\\\/2021\\\/03\\\/12\\\/panorama-y-tendencias-del-periodismo-cultural-fueron-explorados-en-taller-del-observatorio\\\/#article\",\"isPartOf\":{\"@id\":\"https:\\\/\\\/www.uartes.edu.ec\\\/sitio\\\/blog\\\/2021\\\/03\\\/12\\\/panorama-y-tendencias-del-periodismo-cultural-fueron-explorados-en-taller-del-observatorio\\\/\"},\"author\":{\"name\":\"Universidad de las Artes\",\"@id\":\"https:\\\/\\\/www.uartes.edu.ec\\\/sitio\\\/#\\\/schema\\\/person\\\/f33f8c1d2af0d5c80a38c8abf458184a\"},\"headline\":\"Panorama y tendencias del periodismo cultural fueron explorados en taller del Observatorio\",\"datePublished\":\"2021-03-12T19:05:58+00:00\",\"dateModified\":\"2024-07-04T16:28:08+00:00\",\"mainEntityOfPage\":{\"@id\":\"https:\\\/\\\/www.uartes.edu.ec\\\/sitio\\\/blog\\\/2021\\\/03\\\/12\\\/panorama-y-tendencias-del-periodismo-cultural-fueron-explorados-en-taller-del-observatorio\\\/\"},\"wordCount\":861,\"publisher\":{\"@id\":\"https:\\\/\\\/www.uartes.edu.ec\\\/sitio\\\/#organization\"},\"image\":{\"@id\":\"https:\\\/\\\/www.uartes.edu.ec\\\/sitio\\\/blog\\\/2021\\\/03\\\/12\\\/panorama-y-tendencias-del-periodismo-cultural-fueron-explorados-en-taller-del-observatorio\\\/#primaryimage\"},\"thumbnailUrl\":\"https:\\\/\\\/www.uartes.edu.ec\\\/sitio\\\/wp-content\\\/uploads\\\/2021\\\/03\\\/Taller-Panorama-y-Tendencias-del-Periodismo-Cultural-Contempora\u0301neo.jpg\",\"keywords\":[\"ilia\",\"Observatorio de Pol\u00edticas y Econom\u00eda de la Cultura\"],\"articleSection\":[\"Acad\u00e9mico\"],\"inLanguage\":\"es\"},{\"@type\":[\"WebPage\",\"ItemPage\"],\"@id\":\"https:\\\/\\\/www.uartes.edu.ec\\\/sitio\\\/blog\\\/2021\\\/03\\\/12\\\/panorama-y-tendencias-del-periodismo-cultural-fueron-explorados-en-taller-del-observatorio\\\/\",\"url\":\"https:\\\/\\\/www.uartes.edu.ec\\\/sitio\\\/blog\\\/2021\\\/03\\\/12\\\/panorama-y-tendencias-del-periodismo-cultural-fueron-explorados-en-taller-del-observatorio\\\/\",\"name\":\"Universidad de las Artes - Panorama y tendencias del periodismo cultural fueron explorados en taller del Observatorio\",\"isPartOf\":{\"@id\":\"https:\\\/\\\/www.uartes.edu.ec\\\/sitio\\\/#website\"},\"primaryImageOfPage\":{\"@id\":\"https:\\\/\\\/www.uartes.edu.ec\\\/sitio\\\/blog\\\/2021\\\/03\\\/12\\\/panorama-y-tendencias-del-periodismo-cultural-fueron-explorados-en-taller-del-observatorio\\\/#primaryimage\"},\"image\":{\"@id\":\"https:\\\/\\\/www.uartes.edu.ec\\\/sitio\\\/blog\\\/2021\\\/03\\\/12\\\/panorama-y-tendencias-del-periodismo-cultural-fueron-explorados-en-taller-del-observatorio\\\/#primaryimage\"},\"thumbnailUrl\":\"https:\\\/\\\/www.uartes.edu.ec\\\/sitio\\\/wp-content\\\/uploads\\\/2021\\\/03\\\/Taller-Panorama-y-Tendencias-del-Periodismo-Cultural-Contempora\u0301neo.jpg\",\"datePublished\":\"2021-03-12T19:05:58+00:00\",\"dateModified\":\"2024-07-04T16:28:08+00:00\",\"description\":\"Universidad de las Artes - Panorama y tendencias del periodismo cultural fueron explorados en taller del Observatorio\",\"breadcrumb\":{\"@id\":\"https:\\\/\\\/www.uartes.edu.ec\\\/sitio\\\/blog\\\/2021\\\/03\\\/12\\\/panorama-y-tendencias-del-periodismo-cultural-fueron-explorados-en-taller-del-observatorio\\\/#breadcrumb\"},\"inLanguage\":\"es\",\"potentialAction\":[{\"@type\":\"ReadAction\",\"target\":[\"https:\\\/\\\/www.uartes.edu.ec\\\/sitio\\\/blog\\\/2021\\\/03\\\/12\\\/panorama-y-tendencias-del-periodismo-cultural-fueron-explorados-en-taller-del-observatorio\\\/\"]}]},{\"@type\":\"ImageObject\",\"inLanguage\":\"es\",\"@id\":\"https:\\\/\\\/www.uartes.edu.ec\\\/sitio\\\/blog\\\/2021\\\/03\\\/12\\\/panorama-y-tendencias-del-periodismo-cultural-fueron-explorados-en-taller-del-observatorio\\\/#primaryimage\",\"url\":\"https:\\\/\\\/www.uartes.edu.ec\\\/sitio\\\/wp-content\\\/uploads\\\/2021\\\/03\\\/Taller-Panorama-y-Tendencias-del-Periodismo-Cultural-Contempora\u0301neo.jpg\",\"contentUrl\":\"https:\\\/\\\/www.uartes.edu.ec\\\/sitio\\\/wp-content\\\/uploads\\\/2021\\\/03\\\/Taller-Panorama-y-Tendencias-del-Periodismo-Cultural-Contempora\u0301neo.jpg\",\"width\":2000,\"height\":1333,\"caption\":\"Taller Panorama y Tendencias del Periodismo Cultural Contempora\u0301neo\"},{\"@type\":\"BreadcrumbList\",\"@id\":\"https:\\\/\\\/www.uartes.edu.ec\\\/sitio\\\/blog\\\/2021\\\/03\\\/12\\\/panorama-y-tendencias-del-periodismo-cultural-fueron-explorados-en-taller-del-observatorio\\\/#breadcrumb\",\"itemListElement\":[{\"@type\":\"ListItem\",\"position\":1,\"name\":\"Inicio\",\"item\":\"https:\\\/\\\/www.uartes.edu.ec\\\/sitio\\\/\"},{\"@type\":\"ListItem\",\"position\":2,\"name\":\"Panorama y tendencias del periodismo cultural fueron explorados en taller del Observatorio\"}]},{\"@type\":\"WebSite\",\"@id\":\"https:\\\/\\\/www.uartes.edu.ec\\\/sitio\\\/#website\",\"url\":\"https:\\\/\\\/www.uartes.edu.ec\\\/sitio\\\/\",\"name\":\"Universidad de las Artes\",\"description\":\"Sitio oficial de la Universidad Nacional de las Artes del Ecuador\",\"publisher\":{\"@id\":\"https:\\\/\\\/www.uartes.edu.ec\\\/sitio\\\/#organization\"},\"potentialAction\":[{\"@type\":\"SearchAction\",\"target\":{\"@type\":\"EntryPoint\",\"urlTemplate\":\"https:\\\/\\\/www.uartes.edu.ec\\\/sitio\\\/?s={search_term_string}\"},\"query-input\":{\"@type\":\"PropertyValueSpecification\",\"valueRequired\":true,\"valueName\":\"search_term_string\"}}],\"inLanguage\":\"es\"},{\"@type\":\"Organization\",\"@id\":\"https:\\\/\\\/www.uartes.edu.ec\\\/sitio\\\/#organization\",\"name\":\"Universidad de las Artes\",\"url\":\"https:\\\/\\\/www.uartes.edu.ec\\\/sitio\\\/\",\"logo\":{\"@type\":\"ImageObject\",\"inLanguage\":\"es\",\"@id\":\"https:\\\/\\\/www.uartes.edu.ec\\\/sitio\\\/#\\\/schema\\\/logo\\\/image\\\/\",\"url\":\"https:\\\/\\\/www.uartes.edu.ec\\\/sitio\\\/wp-content\\\/uploads\\\/2022\\\/07\\\/logo-ua-horizontal.png\",\"contentUrl\":\"https:\\\/\\\/www.uartes.edu.ec\\\/sitio\\\/wp-content\\\/uploads\\\/2022\\\/07\\\/logo-ua-horizontal.png\",\"width\":800,\"height\":276,\"caption\":\"Universidad de las Artes\"},\"image\":{\"@id\":\"https:\\\/\\\/www.uartes.edu.ec\\\/sitio\\\/#\\\/schema\\\/logo\\\/image\\\/\"},\"sameAs\":[\"https:\\\/\\\/www.facebook.com\\\/uartesec\",\"https:\\\/\\\/x.com\\\/uartesec\",\"https:\\\/\\\/www.tiktok.com\\\/@uartesec\"]},{\"@type\":\"Person\",\"@id\":\"https:\\\/\\\/www.uartes.edu.ec\\\/sitio\\\/#\\\/schema\\\/person\\\/f33f8c1d2af0d5c80a38c8abf458184a\",\"name\":\"Universidad de las Artes\",\"image\":{\"@type\":\"ImageObject\",\"inLanguage\":\"es\",\"@id\":\"https:\\\/\\\/secure.gravatar.com\\\/avatar\\\/52e4757902f5cfa5ac52d020e5be83cae5487519154b6c35482fe08d589f3c13?s=96&d=mm&r=g\",\"url\":\"https:\\\/\\\/secure.gravatar.com\\\/avatar\\\/52e4757902f5cfa5ac52d020e5be83cae5487519154b6c35482fe08d589f3c13?s=96&d=mm&r=g\",\"contentUrl\":\"https:\\\/\\\/secure.gravatar.com\\\/avatar\\\/52e4757902f5cfa5ac52d020e5be83cae5487519154b6c35482fe08d589f3c13?s=96&d=mm&r=g\",\"caption\":\"Universidad de las Artes\"},\"url\":\"https:\\\/\\\/www.uartes.edu.ec\\\/sitio\\\/blog\\\/author\\\/dircomadm\\\/\"}]}<\/script>\n<!-- \/ Yoast SEO plugin. -->","yoast_head_json":{"title":"Universidad de las Artes - Panorama y tendencias del periodismo cultural fueron explorados en taller del Observatorio","description":"Universidad de las Artes - Panorama y tendencias del periodismo cultural fueron explorados en taller del Observatorio","robots":{"index":"index","follow":"follow","max-snippet":"max-snippet:-1","max-image-preview":"max-image-preview:large","max-video-preview":"max-video-preview:-1"},"canonical":"https:\/\/www.uartes.edu.ec\/sitio\/blog\/2021\/03\/12\/panorama-y-tendencias-del-periodismo-cultural-fueron-explorados-en-taller-del-observatorio\/","og_locale":"es_ES","og_type":"article","og_title":"Universidad de las Artes - Panorama y tendencias del periodismo cultural fueron explorados en taller del Observatorio","og_description":"Universidad de las Artes - Panorama y tendencias del periodismo cultural fueron explorados en taller del Observatorio","og_url":"https:\/\/www.uartes.edu.ec\/sitio\/blog\/2021\/03\/12\/panorama-y-tendencias-del-periodismo-cultural-fueron-explorados-en-taller-del-observatorio\/","og_site_name":"Universidad de las Artes","article_publisher":"https:\/\/www.facebook.com\/uartesec","article_published_time":"2021-03-12T19:05:58+00:00","article_modified_time":"2024-07-04T16:28:08+00:00","og_image":[{"width":2000,"height":1333,"url":"https:\/\/www.uartes.edu.ec\/sitio\/wp-content\/uploads\/2021\/03\/Taller-Panorama-y-Tendencias-del-Periodismo-Cultural-Contempora\u0301neo.jpg","type":"image\/jpeg"}],"author":"Universidad de las Artes","twitter_card":"summary_large_image","twitter_creator":"@uartesec","twitter_site":"@uartesec","twitter_misc":{"Escrito por":"Universidad de las Artes","Tiempo de lectura":"4 minutos"},"schema":{"@context":"https:\/\/schema.org","@graph":[{"@type":"Article","@id":"https:\/\/www.uartes.edu.ec\/sitio\/blog\/2021\/03\/12\/panorama-y-tendencias-del-periodismo-cultural-fueron-explorados-en-taller-del-observatorio\/#article","isPartOf":{"@id":"https:\/\/www.uartes.edu.ec\/sitio\/blog\/2021\/03\/12\/panorama-y-tendencias-del-periodismo-cultural-fueron-explorados-en-taller-del-observatorio\/"},"author":{"name":"Universidad de las Artes","@id":"https:\/\/www.uartes.edu.ec\/sitio\/#\/schema\/person\/f33f8c1d2af0d5c80a38c8abf458184a"},"headline":"Panorama y tendencias del periodismo cultural fueron explorados en taller del Observatorio","datePublished":"2021-03-12T19:05:58+00:00","dateModified":"2024-07-04T16:28:08+00:00","mainEntityOfPage":{"@id":"https:\/\/www.uartes.edu.ec\/sitio\/blog\/2021\/03\/12\/panorama-y-tendencias-del-periodismo-cultural-fueron-explorados-en-taller-del-observatorio\/"},"wordCount":861,"publisher":{"@id":"https:\/\/www.uartes.edu.ec\/sitio\/#organization"},"image":{"@id":"https:\/\/www.uartes.edu.ec\/sitio\/blog\/2021\/03\/12\/panorama-y-tendencias-del-periodismo-cultural-fueron-explorados-en-taller-del-observatorio\/#primaryimage"},"thumbnailUrl":"https:\/\/www.uartes.edu.ec\/sitio\/wp-content\/uploads\/2021\/03\/Taller-Panorama-y-Tendencias-del-Periodismo-Cultural-Contempora\u0301neo.jpg","keywords":["ilia","Observatorio de Pol\u00edticas y Econom\u00eda de la Cultura"],"articleSection":["Acad\u00e9mico"],"inLanguage":"es"},{"@type":["WebPage","ItemPage"],"@id":"https:\/\/www.uartes.edu.ec\/sitio\/blog\/2021\/03\/12\/panorama-y-tendencias-del-periodismo-cultural-fueron-explorados-en-taller-del-observatorio\/","url":"https:\/\/www.uartes.edu.ec\/sitio\/blog\/2021\/03\/12\/panorama-y-tendencias-del-periodismo-cultural-fueron-explorados-en-taller-del-observatorio\/","name":"Universidad de las Artes - Panorama y tendencias del periodismo cultural fueron explorados en taller del Observatorio","isPartOf":{"@id":"https:\/\/www.uartes.edu.ec\/sitio\/#website"},"primaryImageOfPage":{"@id":"https:\/\/www.uartes.edu.ec\/sitio\/blog\/2021\/03\/12\/panorama-y-tendencias-del-periodismo-cultural-fueron-explorados-en-taller-del-observatorio\/#primaryimage"},"image":{"@id":"https:\/\/www.uartes.edu.ec\/sitio\/blog\/2021\/03\/12\/panorama-y-tendencias-del-periodismo-cultural-fueron-explorados-en-taller-del-observatorio\/#primaryimage"},"thumbnailUrl":"https:\/\/www.uartes.edu.ec\/sitio\/wp-content\/uploads\/2021\/03\/Taller-Panorama-y-Tendencias-del-Periodismo-Cultural-Contempora\u0301neo.jpg","datePublished":"2021-03-12T19:05:58+00:00","dateModified":"2024-07-04T16:28:08+00:00","description":"Universidad de las Artes - Panorama y tendencias del periodismo cultural fueron explorados en taller del Observatorio","breadcrumb":{"@id":"https:\/\/www.uartes.edu.ec\/sitio\/blog\/2021\/03\/12\/panorama-y-tendencias-del-periodismo-cultural-fueron-explorados-en-taller-del-observatorio\/#breadcrumb"},"inLanguage":"es","potentialAction":[{"@type":"ReadAction","target":["https:\/\/www.uartes.edu.ec\/sitio\/blog\/2021\/03\/12\/panorama-y-tendencias-del-periodismo-cultural-fueron-explorados-en-taller-del-observatorio\/"]}]},{"@type":"ImageObject","inLanguage":"es","@id":"https:\/\/www.uartes.edu.ec\/sitio\/blog\/2021\/03\/12\/panorama-y-tendencias-del-periodismo-cultural-fueron-explorados-en-taller-del-observatorio\/#primaryimage","url":"https:\/\/www.uartes.edu.ec\/sitio\/wp-content\/uploads\/2021\/03\/Taller-Panorama-y-Tendencias-del-Periodismo-Cultural-Contempora\u0301neo.jpg","contentUrl":"https:\/\/www.uartes.edu.ec\/sitio\/wp-content\/uploads\/2021\/03\/Taller-Panorama-y-Tendencias-del-Periodismo-Cultural-Contempora\u0301neo.jpg","width":2000,"height":1333,"caption":"Taller Panorama y Tendencias del Periodismo Cultural Contempora\u0301neo"},{"@type":"BreadcrumbList","@id":"https:\/\/www.uartes.edu.ec\/sitio\/blog\/2021\/03\/12\/panorama-y-tendencias-del-periodismo-cultural-fueron-explorados-en-taller-del-observatorio\/#breadcrumb","itemListElement":[{"@type":"ListItem","position":1,"name":"Inicio","item":"https:\/\/www.uartes.edu.ec\/sitio\/"},{"@type":"ListItem","position":2,"name":"Panorama y tendencias del periodismo cultural fueron explorados en taller del Observatorio"}]},{"@type":"WebSite","@id":"https:\/\/www.uartes.edu.ec\/sitio\/#website","url":"https:\/\/www.uartes.edu.ec\/sitio\/","name":"Universidad de las Artes","description":"Sitio oficial de la Universidad Nacional de las Artes del Ecuador","publisher":{"@id":"https:\/\/www.uartes.edu.ec\/sitio\/#organization"},"potentialAction":[{"@type":"SearchAction","target":{"@type":"EntryPoint","urlTemplate":"https:\/\/www.uartes.edu.ec\/sitio\/?s={search_term_string}"},"query-input":{"@type":"PropertyValueSpecification","valueRequired":true,"valueName":"search_term_string"}}],"inLanguage":"es"},{"@type":"Organization","@id":"https:\/\/www.uartes.edu.ec\/sitio\/#organization","name":"Universidad de las Artes","url":"https:\/\/www.uartes.edu.ec\/sitio\/","logo":{"@type":"ImageObject","inLanguage":"es","@id":"https:\/\/www.uartes.edu.ec\/sitio\/#\/schema\/logo\/image\/","url":"https:\/\/www.uartes.edu.ec\/sitio\/wp-content\/uploads\/2022\/07\/logo-ua-horizontal.png","contentUrl":"https:\/\/www.uartes.edu.ec\/sitio\/wp-content\/uploads\/2022\/07\/logo-ua-horizontal.png","width":800,"height":276,"caption":"Universidad de las Artes"},"image":{"@id":"https:\/\/www.uartes.edu.ec\/sitio\/#\/schema\/logo\/image\/"},"sameAs":["https:\/\/www.facebook.com\/uartesec","https:\/\/x.com\/uartesec","https:\/\/www.tiktok.com\/@uartesec"]},{"@type":"Person","@id":"https:\/\/www.uartes.edu.ec\/sitio\/#\/schema\/person\/f33f8c1d2af0d5c80a38c8abf458184a","name":"Universidad de las Artes","image":{"@type":"ImageObject","inLanguage":"es","@id":"https:\/\/secure.gravatar.com\/avatar\/52e4757902f5cfa5ac52d020e5be83cae5487519154b6c35482fe08d589f3c13?s=96&d=mm&r=g","url":"https:\/\/secure.gravatar.com\/avatar\/52e4757902f5cfa5ac52d020e5be83cae5487519154b6c35482fe08d589f3c13?s=96&d=mm&r=g","contentUrl":"https:\/\/secure.gravatar.com\/avatar\/52e4757902f5cfa5ac52d020e5be83cae5487519154b6c35482fe08d589f3c13?s=96&d=mm&r=g","caption":"Universidad de las Artes"},"url":"https:\/\/www.uartes.edu.ec\/sitio\/blog\/author\/dircomadm\/"}]}},"uagb_featured_image_src":{"full":["https:\/\/www.uartes.edu.ec\/sitio\/wp-content\/uploads\/2021\/03\/Taller-Panorama-y-Tendencias-del-Periodismo-Cultural-Contempora\u0301neo.jpg",2000,1333,false],"thumbnail":["https:\/\/www.uartes.edu.ec\/sitio\/wp-content\/uploads\/2021\/03\/Taller-Panorama-y-Tendencias-del-Periodismo-Cultural-Contempora\u0301neo-150x150.jpg",150,150,true],"medium":["https:\/\/www.uartes.edu.ec\/sitio\/wp-content\/uploads\/2021\/03\/Taller-Panorama-y-Tendencias-del-Periodismo-Cultural-Contempora\u0301neo-300x200.jpg",300,200,true],"medium_large":["https:\/\/www.uartes.edu.ec\/sitio\/wp-content\/uploads\/2021\/03\/Taller-Panorama-y-Tendencias-del-Periodismo-Cultural-Contempora\u0301neo-768x512.jpg",768,512,true],"large":["https:\/\/www.uartes.edu.ec\/sitio\/wp-content\/uploads\/2021\/03\/Taller-Panorama-y-Tendencias-del-Periodismo-Cultural-Contempora\u0301neo-644x429.jpg",644,429,true],"1536x1536":["https:\/\/www.uartes.edu.ec\/sitio\/wp-content\/uploads\/2021\/03\/Taller-Panorama-y-Tendencias-del-Periodismo-Cultural-Contempora\u0301neo-1536x1024.jpg",1536,1024,true],"2048x2048":["https:\/\/www.uartes.edu.ec\/sitio\/wp-content\/uploads\/2021\/03\/Taller-Panorama-y-Tendencias-del-Periodismo-Cultural-Contempora\u0301neo.jpg",2000,1333,false],"trp-custom-language-flag":["https:\/\/www.uartes.edu.ec\/sitio\/wp-content\/uploads\/2021\/03\/Taller-Panorama-y-Tendencias-del-Periodismo-Cultural-Contempora\u0301neo.jpg",18,12,false],"htmega_size_585x295":["https:\/\/www.uartes.edu.ec\/sitio\/wp-content\/uploads\/2021\/03\/Taller-Panorama-y-Tendencias-del-Periodismo-Cultural-Contempora\u0301neo-585x295.jpg",585,295,true],"htmega_size_1170x536":["https:\/\/www.uartes.edu.ec\/sitio\/wp-content\/uploads\/2021\/03\/Taller-Panorama-y-Tendencias-del-Periodismo-Cultural-Contempora\u0301neo-1170x536.jpg",1170,536,true],"htmega_size_396x360":["https:\/\/www.uartes.edu.ec\/sitio\/wp-content\/uploads\/2021\/03\/Taller-Panorama-y-Tendencias-del-Periodismo-Cultural-Contempora\u0301neo-396x360.jpg",396,360,true],"gb-block-post-grid-landscape":["https:\/\/www.uartes.edu.ec\/sitio\/wp-content\/uploads\/2021\/03\/Taller-Panorama-y-Tendencias-del-Periodismo-Cultural-Contempora\u0301neo.jpg",600,400,false],"gb-block-post-grid-square":["https:\/\/www.uartes.edu.ec\/sitio\/wp-content\/uploads\/2021\/03\/Taller-Panorama-y-Tendencias-del-Periodismo-Cultural-Contempora\u0301neo.jpg",600,400,false],"university-hub-thumb":["https:\/\/www.uartes.edu.ec\/sitio\/wp-content\/uploads\/2021\/03\/Taller-Panorama-y-Tendencias-del-Periodismo-Cultural-Contempora\u0301neo-400x267.jpg",400,267,true]},"uagb_author_info":{"display_name":"Universidad de las Artes","author_link":"https:\/\/www.uartes.edu.ec\/sitio\/blog\/author\/dircomadm\/"},"uagb_comment_info":0,"uagb_excerpt":"El 9 y 10 de marzo de 2021 se desarroll\u00f3 el Taller Panorama y Tendencias del Periodismo Cultural Contempor\u00e1neo, organizado por el Observatorio de Pol\u00edticas y Econom\u00eda de la Cultura, el cual tiene sede en el Instituto Latinoamericano de Investigaci\u00f3n en Artes (ILIA), un dispositivo de la Universidad de las Artes.","featured_image_src":"https:\/\/www.uartes.edu.ec\/sitio\/wp-content\/uploads\/2021\/03\/Taller-Panorama-y-Tendencias-del-Periodismo-Cultural-Contempora\u0301neo.jpg","featured_image_src_square":"https:\/\/www.uartes.edu.ec\/sitio\/wp-content\/uploads\/2021\/03\/Taller-Panorama-y-Tendencias-del-Periodismo-Cultural-Contempora\u0301neo.jpg","author_info":{"display_name":"Universidad de las Artes","author_link":"https:\/\/www.uartes.edu.ec\/sitio\/blog\/author\/dircomadm\/"},"publishpress_future_workflow_manual_trigger":{"enabledWorkflows":[]},"distributor_meta":false,"distributor_terms":false,"distributor_media":false,"distributor_original_site_name":"Universidad de las Artes","distributor_original_site_url":"https:\/\/www.uartes.edu.ec\/sitio","push-errors":false,"_links":{"self":[{"href":"https:\/\/www.uartes.edu.ec\/sitio\/wp-json\/wp\/v2\/posts\/13145","targetHints":{"allow":["GET"]}}],"collection":[{"href":"https:\/\/www.uartes.edu.ec\/sitio\/wp-json\/wp\/v2\/posts"}],"about":[{"href":"https:\/\/www.uartes.edu.ec\/sitio\/wp-json\/wp\/v2\/types\/post"}],"author":[{"embeddable":true,"href":"https:\/\/www.uartes.edu.ec\/sitio\/wp-json\/wp\/v2\/users\/1"}],"replies":[{"embeddable":true,"href":"https:\/\/www.uartes.edu.ec\/sitio\/wp-json\/wp\/v2\/comments?post=13145"}],"version-history":[{"count":1,"href":"https:\/\/www.uartes.edu.ec\/sitio\/wp-json\/wp\/v2\/posts\/13145\/revisions"}],"predecessor-version":[{"id":13146,"href":"https:\/\/www.uartes.edu.ec\/sitio\/wp-json\/wp\/v2\/posts\/13145\/revisions\/13146"}],"wp:featuredmedia":[{"embeddable":true,"href":"https:\/\/www.uartes.edu.ec\/sitio\/wp-json\/wp\/v2\/media\/13140"}],"wp:attachment":[{"href":"https:\/\/www.uartes.edu.ec\/sitio\/wp-json\/wp\/v2\/media?parent=13145"}],"wp:term":[{"taxonomy":"category","embeddable":true,"href":"https:\/\/www.uartes.edu.ec\/sitio\/wp-json\/wp\/v2\/categories?post=13145"},{"taxonomy":"post_tag","embeddable":true,"href":"https:\/\/www.uartes.edu.ec\/sitio\/wp-json\/wp\/v2\/tags?post=13145"},{"taxonomy":"infouartes","embeddable":true,"href":"https:\/\/www.uartes.edu.ec\/sitio\/wp-json\/wp\/v2\/infouartes?post=13145"}],"curies":[{"name":"wp","href":"https:\/\/api.w.org\/{rel}","templated":true}]}}