{"id":13231,"date":"2021-04-06T15:29:00","date_gmt":"2021-04-06T20:29:00","guid":{"rendered":"http:\/\/www.uartes.edu.ec\/sitio\/?p=13231"},"modified":"2024-07-04T11:27:27","modified_gmt":"2024-07-04T16:27:27","slug":"del-proyecto-el-gran-teatro-de-monte-sinai-a-estudiar-en-la-uartes-oliver-alvarado-comparte-su-historia","status":"publish","type":"post","link":"https:\/\/www.uartes.edu.ec\/sitio\/blog\/2021\/04\/06\/del-proyecto-el-gran-teatro-de-monte-sinai-a-estudiar-en-la-uartes-oliver-alvarado-comparte-su-historia\/","title":{"rendered":"Del proyecto de v\u00ednculo El Gran Teatro de Monte Sina\u00ed a estudiar en UArtes, Oliver Alvarado comparte su historia"},"content":{"rendered":"\n<p>En 2018 se dio inicio a los talleres del Proyecto El Gran Teatro de Monte Sina\u00ed, organizados entre la Universidad de las Artes y la Corporaci\u00f3n Hogar de Cristo. A lo largo de estos 3 a\u00f1os, la iniciativa liderada y coordinada por los docentes Marcelo Leyton, de la Escuela de Artes Esc\u00e9nicas, y Juan Carlos Gonz\u00e1lez, de la Escuela de Artes Sonoras, y en la que participan m\u00e1s de 30 estudiantes de la UArtes, se ha ido expandiendo e incorporando actividades de pintura, dibujo, m\u00fasica y cine. Todas dirigidas a ni\u00f1os, adolescentes y familias del sector, ubicado al noroeste de Guayaquil.<\/p>\n\n\n\n<p>Debido a la pandemia por COVID-19, el proyecto ha debido adaptarse a las modalidades virtuales con el prop\u00f3sito de poder llegar a todo el p\u00fablico confinado en sus hogares. Estudiantes como <a href=\"http:\/\/www.uartes.edu.ec\/sitio\/blog\/2020\/06\/23\/mateo-torres-tallerista-de-juegos-sonoros\/\">Mateo Torres, a cargo del taller Juegos Sonoros<\/a>, impartieron los talleres mediante plataformas digitales, teniendo un contacto constante con sus participantes, a fin de cerciorarse del aprendizaje.<\/p>\n\n\n\n<p>Es justamente por la importante acogida que ha tenido el proyecto que el inter\u00e9s por el mundo del arte, de la creaci\u00f3n y la producci\u00f3n se fue avivando entre quienes moran en Monte Sina\u00ed. Oliver Alvarado lo testifica, pues si bien por El Gran Teatro de Monte Sina\u00ed tuvo la oportunidad de aprender en comunidad, tambi\u00e9n sinti\u00f3 el \u00e1nimo por estudiar y profesionalizarse en lo que m\u00e1s disfruta: el cine.<\/p>\n\n\n\n<p>Oliver Alvarado reside en un sector aleda\u00f1o a Monte Sina\u00ed. Comenta que hace dos a\u00f1os y durante el periodo escolar de vacaciones se enter\u00f3 de que en Hogar de Cristo se impart\u00eda un taller de teatro. Acudi\u00f3 al sitio y se enter\u00f3 de la presencia de la Universidad de las Artes. Ya la conoc\u00eda, la hab\u00eda escuchado, asegura, pero no sab\u00eda de sus carreras ni de lo que esta instituci\u00f3n de educaci\u00f3n superior p\u00fablica ofrec\u00eda. Inquieto como es se inscribi\u00f3 en el taller de teatro vacacional y durante casi seis meses particip\u00f3 de los ensayos de movimientos esc\u00e9nicos, as\u00ed como de las posteriores presentaciones en Monte Sina\u00ed y otros escenarios.<\/p>\n\n\n\n<p>Revela que hubo tambi\u00e9n un taller de cine denominado CINE\u00cd, el cual desarroll\u00f3 el cortometraje <a href=\"https:\/\/youtu.be\/wKuusXxR3H4\">Los ni\u00f1os de Sina\u00ed<\/a>. Sin pensarlo mucho, Oliver Alvarado se inscribi\u00f3 y colabor\u00f3 en la producci\u00f3n mencionada. Esos fueron, a\u00f1ade, sus primeros acercamientos con la UArtes. \u201cEn los talleres conoc\u00ed a Denisse, l\u00edder del grupo musical ADELHAID creado en la UArtes por ella y sus compa\u00f1eros; al profesor Marcelo Leyton y a algunos de la Biblioteca de las Artes\u201d.<\/p>\n\n\n\n<p>Oliver Alvarado resalta la positiva recepci\u00f3n del p\u00fablico hacia el proyecto, comentando lo mucho que este ha ayudado a los habitantes de Monte Sina\u00ed a tener un momento para distraerse, alivianar las preocupaciones y reunirse en comunidad, lo cual, claro, se modific\u00f3 debido a la pandemia, pasando de la presencialidad a la virtualidad.<\/p>\n\n\n\n<p>Actualmente Oliver Alvarado cursa la fase de Nivelaci\u00f3n en la UArtes, donde aspira a postularse para la Escuela de Cine, visualiz\u00e1ndose a futuro como un cineasta profesional dedicado a la producci\u00f3n de pel\u00edculas de ciencia ficci\u00f3n, comedia, drama y terror. \u201cAs\u00ed tipo Hollywood, generando trabajo gracias a ello\u201d, dice y asegura que en Monte Sina\u00ed hay muchos m\u00e1s j\u00f3venes deseosos por estudiar en la UArtes. La pandemia los ha frenado, agrega, m\u00e1s no el inter\u00e9s de una amiga y un amigo (no menciona sus nombres) por entrar en las escuelas de Artes Visuales y Artes Sonoras.<\/p>\n\n\n\n<p><em>Imagen: Cortometraje Los Ni\u00f1os de Sina\u00ed realizado en el Taller de Cine Vacacional CINE\u00cd, 2019.<\/em><\/p>\n\n\n\n<p><em>Texto: Daniella Vera S., estudiante de la Escuela de Literatura.<\/em><\/p>\n","protected":false},"excerpt":{"rendered":"<p>Si bien por El Gran Teatro de Monte Sina\u00ed tuvo la oportunidad de aprender en comunidad, Oliver Alvarado revela que tambi\u00e9n sinti\u00f3 el \u00e1nimo por estudiar y profesionalizarse en lo que m\u00e1s disfruta: el cine. El integrante del proyecto de vinculaci\u00f3n con la sociedad que dirige el docente Marcelo Leyton se encuentraya cursando la Nivelaci\u00f3n en la Universidad de las Artes.<\/p>\n","protected":false},"author":1,"featured_media":13224,"comment_status":"closed","ping_status":"closed","sticky":false,"template":"","format":"standard","meta":{"_acf_changed":false,"_uag_custom_page_level_css":"","_monsterinsights_skip_tracking":false,"_monsterinsights_sitenote_active":false,"_monsterinsights_sitenote_note":"","_monsterinsights_sitenote_category":0,"cybocfi_hide_featured_image":"","footnotes":""},"categories":[159,150,75,76,79],"tags":[211,442],"infouartes":[],"class_list":["post-13231","post","type-post","status-publish","format-standard","has-post-thumbnail","hentry","category-artes-escenicas","category-artes-sonoras","category-docentes","category-estudiantes","category-vinculo","tag-covid19","tag-el-gran-teatro-de-monte-sinai"],"acf":[],"yoast_head":"<!-- This site is optimized with the Yoast SEO plugin v27.4 - https:\/\/yoast.com\/product\/yoast-seo-wordpress\/ -->\n<title>Universidad de las Artes - Del proyecto de v\u00ednculo El Gran Teatro de Monte Sina\u00ed a estudiar en UArtes, Oliver Alvarado comparte su historia<\/title>\n<meta name=\"description\" content=\"Universidad de las Artes - Del proyecto de v\u00ednculo El Gran Teatro de Monte Sina\u00ed a estudiar en UArtes, Oliver Alvarado comparte su historia\" \/>\n<meta name=\"robots\" content=\"index, follow, max-snippet:-1, max-image-preview:large, max-video-preview:-1\" \/>\n<link rel=\"canonical\" href=\"https:\/\/www.uartes.edu.ec\/sitio\/blog\/2021\/04\/06\/del-proyecto-el-gran-teatro-de-monte-sinai-a-estudiar-en-la-uartes-oliver-alvarado-comparte-su-historia\/\" \/>\n<meta property=\"og:locale\" content=\"es_ES\" \/>\n<meta property=\"og:type\" content=\"article\" \/>\n<meta property=\"og:title\" content=\"Universidad de las Artes - Del proyecto de v\u00ednculo El Gran Teatro de Monte Sina\u00ed a estudiar en UArtes, Oliver Alvarado comparte su historia\" \/>\n<meta property=\"og:description\" content=\"Universidad de las Artes - Del proyecto de v\u00ednculo El Gran Teatro de Monte Sina\u00ed a estudiar en UArtes, Oliver Alvarado comparte su historia\" \/>\n<meta property=\"og:url\" content=\"https:\/\/www.uartes.edu.ec\/sitio\/blog\/2021\/04\/06\/del-proyecto-el-gran-teatro-de-monte-sinai-a-estudiar-en-la-uartes-oliver-alvarado-comparte-su-historia\/\" \/>\n<meta property=\"og:site_name\" content=\"Universidad de las Artes\" \/>\n<meta property=\"article:publisher\" content=\"https:\/\/www.facebook.com\/uartesec\" \/>\n<meta property=\"article:published_time\" content=\"2021-04-06T20:29:00+00:00\" \/>\n<meta property=\"article:modified_time\" content=\"2024-07-04T16:27:27+00:00\" \/>\n<meta property=\"og:image\" content=\"https:\/\/www.uartes.edu.ec\/sitio\/wp-content\/uploads\/2021\/04\/NINOS-DE-SINAI.jpg\" \/>\n\t<meta property=\"og:image:width\" content=\"1999\" \/>\n\t<meta property=\"og:image:height\" content=\"1333\" \/>\n\t<meta property=\"og:image:type\" content=\"image\/jpeg\" \/>\n<meta name=\"author\" content=\"Universidad de las Artes\" \/>\n<meta name=\"twitter:card\" content=\"summary_large_image\" \/>\n<meta name=\"twitter:creator\" content=\"@uartesec\" \/>\n<meta name=\"twitter:site\" content=\"@uartesec\" \/>\n<meta name=\"twitter:label1\" content=\"Escrito por\" \/>\n\t<meta name=\"twitter:data1\" content=\"Universidad de las Artes\" \/>\n\t<meta name=\"twitter:label2\" content=\"Tiempo de lectura\" \/>\n\t<meta name=\"twitter:data2\" content=\"3 minutos\" \/>\n<script type=\"application\/ld+json\" class=\"yoast-schema-graph\">{\"@context\":\"https:\\\/\\\/schema.org\",\"@graph\":[{\"@type\":\"Article\",\"@id\":\"https:\\\/\\\/www.uartes.edu.ec\\\/sitio\\\/blog\\\/2021\\\/04\\\/06\\\/del-proyecto-el-gran-teatro-de-monte-sinai-a-estudiar-en-la-uartes-oliver-alvarado-comparte-su-historia\\\/#article\",\"isPartOf\":{\"@id\":\"https:\\\/\\\/www.uartes.edu.ec\\\/sitio\\\/blog\\\/2021\\\/04\\\/06\\\/del-proyecto-el-gran-teatro-de-monte-sinai-a-estudiar-en-la-uartes-oliver-alvarado-comparte-su-historia\\\/\"},\"author\":{\"name\":\"Universidad de las Artes\",\"@id\":\"https:\\\/\\\/www.uartes.edu.ec\\\/sitio\\\/#\\\/schema\\\/person\\\/f33f8c1d2af0d5c80a38c8abf458184a\"},\"headline\":\"Del proyecto de v\u00ednculo El Gran Teatro de Monte Sina\u00ed a estudiar en UArtes, Oliver Alvarado comparte su historia\",\"datePublished\":\"2021-04-06T20:29:00+00:00\",\"dateModified\":\"2024-07-04T16:27:27+00:00\",\"mainEntityOfPage\":{\"@id\":\"https:\\\/\\\/www.uartes.edu.ec\\\/sitio\\\/blog\\\/2021\\\/04\\\/06\\\/del-proyecto-el-gran-teatro-de-monte-sinai-a-estudiar-en-la-uartes-oliver-alvarado-comparte-su-historia\\\/\"},\"wordCount\":646,\"publisher\":{\"@id\":\"https:\\\/\\\/www.uartes.edu.ec\\\/sitio\\\/#organization\"},\"image\":{\"@id\":\"https:\\\/\\\/www.uartes.edu.ec\\\/sitio\\\/blog\\\/2021\\\/04\\\/06\\\/del-proyecto-el-gran-teatro-de-monte-sinai-a-estudiar-en-la-uartes-oliver-alvarado-comparte-su-historia\\\/#primaryimage\"},\"thumbnailUrl\":\"https:\\\/\\\/www.uartes.edu.ec\\\/sitio\\\/wp-content\\\/uploads\\\/2021\\\/04\\\/NINOS-DE-SINAI.jpg\",\"keywords\":[\"covid19\",\"El Gran Teatro de Monte Sina\u00ed\"],\"articleSection\":[\"Artes Esc\u00e9nicas\",\"Artes Sonoras\",\"Docentes\",\"Estudiantes\",\"V\u00ednculo\"],\"inLanguage\":\"es\"},{\"@type\":[\"WebPage\",\"ItemPage\"],\"@id\":\"https:\\\/\\\/www.uartes.edu.ec\\\/sitio\\\/blog\\\/2021\\\/04\\\/06\\\/del-proyecto-el-gran-teatro-de-monte-sinai-a-estudiar-en-la-uartes-oliver-alvarado-comparte-su-historia\\\/\",\"url\":\"https:\\\/\\\/www.uartes.edu.ec\\\/sitio\\\/blog\\\/2021\\\/04\\\/06\\\/del-proyecto-el-gran-teatro-de-monte-sinai-a-estudiar-en-la-uartes-oliver-alvarado-comparte-su-historia\\\/\",\"name\":\"Universidad de las Artes - Del proyecto de v\u00ednculo El Gran Teatro de Monte Sina\u00ed a estudiar en UArtes, Oliver Alvarado comparte su historia\",\"isPartOf\":{\"@id\":\"https:\\\/\\\/www.uartes.edu.ec\\\/sitio\\\/#website\"},\"primaryImageOfPage\":{\"@id\":\"https:\\\/\\\/www.uartes.edu.ec\\\/sitio\\\/blog\\\/2021\\\/04\\\/06\\\/del-proyecto-el-gran-teatro-de-monte-sinai-a-estudiar-en-la-uartes-oliver-alvarado-comparte-su-historia\\\/#primaryimage\"},\"image\":{\"@id\":\"https:\\\/\\\/www.uartes.edu.ec\\\/sitio\\\/blog\\\/2021\\\/04\\\/06\\\/del-proyecto-el-gran-teatro-de-monte-sinai-a-estudiar-en-la-uartes-oliver-alvarado-comparte-su-historia\\\/#primaryimage\"},\"thumbnailUrl\":\"https:\\\/\\\/www.uartes.edu.ec\\\/sitio\\\/wp-content\\\/uploads\\\/2021\\\/04\\\/NINOS-DE-SINAI.jpg\",\"datePublished\":\"2021-04-06T20:29:00+00:00\",\"dateModified\":\"2024-07-04T16:27:27+00:00\",\"description\":\"Universidad de las Artes - Del proyecto de v\u00ednculo El Gran Teatro de Monte Sina\u00ed a estudiar en UArtes, Oliver Alvarado comparte su historia\",\"breadcrumb\":{\"@id\":\"https:\\\/\\\/www.uartes.edu.ec\\\/sitio\\\/blog\\\/2021\\\/04\\\/06\\\/del-proyecto-el-gran-teatro-de-monte-sinai-a-estudiar-en-la-uartes-oliver-alvarado-comparte-su-historia\\\/#breadcrumb\"},\"inLanguage\":\"es\",\"potentialAction\":[{\"@type\":\"ReadAction\",\"target\":[\"https:\\\/\\\/www.uartes.edu.ec\\\/sitio\\\/blog\\\/2021\\\/04\\\/06\\\/del-proyecto-el-gran-teatro-de-monte-sinai-a-estudiar-en-la-uartes-oliver-alvarado-comparte-su-historia\\\/\"]}]},{\"@type\":\"ImageObject\",\"inLanguage\":\"es\",\"@id\":\"https:\\\/\\\/www.uartes.edu.ec\\\/sitio\\\/blog\\\/2021\\\/04\\\/06\\\/del-proyecto-el-gran-teatro-de-monte-sinai-a-estudiar-en-la-uartes-oliver-alvarado-comparte-su-historia\\\/#primaryimage\",\"url\":\"https:\\\/\\\/www.uartes.edu.ec\\\/sitio\\\/wp-content\\\/uploads\\\/2021\\\/04\\\/NINOS-DE-SINAI.jpg\",\"contentUrl\":\"https:\\\/\\\/www.uartes.edu.ec\\\/sitio\\\/wp-content\\\/uploads\\\/2021\\\/04\\\/NINOS-DE-SINAI.jpg\",\"width\":1999,\"height\":1333,\"caption\":\"Los ni\u00f1os de Sina\u00ed\"},{\"@type\":\"BreadcrumbList\",\"@id\":\"https:\\\/\\\/www.uartes.edu.ec\\\/sitio\\\/blog\\\/2021\\\/04\\\/06\\\/del-proyecto-el-gran-teatro-de-monte-sinai-a-estudiar-en-la-uartes-oliver-alvarado-comparte-su-historia\\\/#breadcrumb\",\"itemListElement\":[{\"@type\":\"ListItem\",\"position\":1,\"name\":\"Inicio\",\"item\":\"https:\\\/\\\/www.uartes.edu.ec\\\/sitio\\\/\"},{\"@type\":\"ListItem\",\"position\":2,\"name\":\"Del proyecto de v\u00ednculo El Gran Teatro de Monte Sina\u00ed a estudiar en UArtes, Oliver Alvarado comparte su historia\"}]},{\"@type\":\"WebSite\",\"@id\":\"https:\\\/\\\/www.uartes.edu.ec\\\/sitio\\\/#website\",\"url\":\"https:\\\/\\\/www.uartes.edu.ec\\\/sitio\\\/\",\"name\":\"Universidad de las Artes\",\"description\":\"Sitio oficial de la Universidad Nacional de las Artes del Ecuador\",\"publisher\":{\"@id\":\"https:\\\/\\\/www.uartes.edu.ec\\\/sitio\\\/#organization\"},\"potentialAction\":[{\"@type\":\"SearchAction\",\"target\":{\"@type\":\"EntryPoint\",\"urlTemplate\":\"https:\\\/\\\/www.uartes.edu.ec\\\/sitio\\\/?s={search_term_string}\"},\"query-input\":{\"@type\":\"PropertyValueSpecification\",\"valueRequired\":true,\"valueName\":\"search_term_string\"}}],\"inLanguage\":\"es\"},{\"@type\":\"Organization\",\"@id\":\"https:\\\/\\\/www.uartes.edu.ec\\\/sitio\\\/#organization\",\"name\":\"Universidad de las Artes\",\"url\":\"https:\\\/\\\/www.uartes.edu.ec\\\/sitio\\\/\",\"logo\":{\"@type\":\"ImageObject\",\"inLanguage\":\"es\",\"@id\":\"https:\\\/\\\/www.uartes.edu.ec\\\/sitio\\\/#\\\/schema\\\/logo\\\/image\\\/\",\"url\":\"https:\\\/\\\/www.uartes.edu.ec\\\/sitio\\\/wp-content\\\/uploads\\\/2022\\\/07\\\/logo-ua-horizontal.png\",\"contentUrl\":\"https:\\\/\\\/www.uartes.edu.ec\\\/sitio\\\/wp-content\\\/uploads\\\/2022\\\/07\\\/logo-ua-horizontal.png\",\"width\":800,\"height\":276,\"caption\":\"Universidad de las Artes\"},\"image\":{\"@id\":\"https:\\\/\\\/www.uartes.edu.ec\\\/sitio\\\/#\\\/schema\\\/logo\\\/image\\\/\"},\"sameAs\":[\"https:\\\/\\\/www.facebook.com\\\/uartesec\",\"https:\\\/\\\/x.com\\\/uartesec\",\"https:\\\/\\\/www.tiktok.com\\\/@uartesec\"]},{\"@type\":\"Person\",\"@id\":\"https:\\\/\\\/www.uartes.edu.ec\\\/sitio\\\/#\\\/schema\\\/person\\\/f33f8c1d2af0d5c80a38c8abf458184a\",\"name\":\"Universidad de las Artes\",\"image\":{\"@type\":\"ImageObject\",\"inLanguage\":\"es\",\"@id\":\"https:\\\/\\\/secure.gravatar.com\\\/avatar\\\/52e4757902f5cfa5ac52d020e5be83cae5487519154b6c35482fe08d589f3c13?s=96&d=mm&r=g\",\"url\":\"https:\\\/\\\/secure.gravatar.com\\\/avatar\\\/52e4757902f5cfa5ac52d020e5be83cae5487519154b6c35482fe08d589f3c13?s=96&d=mm&r=g\",\"contentUrl\":\"https:\\\/\\\/secure.gravatar.com\\\/avatar\\\/52e4757902f5cfa5ac52d020e5be83cae5487519154b6c35482fe08d589f3c13?s=96&d=mm&r=g\",\"caption\":\"Universidad de las Artes\"},\"url\":\"https:\\\/\\\/www.uartes.edu.ec\\\/sitio\\\/blog\\\/author\\\/dircomadm\\\/\"}]}<\/script>\n<!-- \/ Yoast SEO plugin. -->","yoast_head_json":{"title":"Universidad de las Artes - Del proyecto de v\u00ednculo El Gran Teatro de Monte Sina\u00ed a estudiar en UArtes, Oliver Alvarado comparte su historia","description":"Universidad de las Artes - Del proyecto de v\u00ednculo El Gran Teatro de Monte Sina\u00ed a estudiar en UArtes, Oliver Alvarado comparte su historia","robots":{"index":"index","follow":"follow","max-snippet":"max-snippet:-1","max-image-preview":"max-image-preview:large","max-video-preview":"max-video-preview:-1"},"canonical":"https:\/\/www.uartes.edu.ec\/sitio\/blog\/2021\/04\/06\/del-proyecto-el-gran-teatro-de-monte-sinai-a-estudiar-en-la-uartes-oliver-alvarado-comparte-su-historia\/","og_locale":"es_ES","og_type":"article","og_title":"Universidad de las Artes - Del proyecto de v\u00ednculo El Gran Teatro de Monte Sina\u00ed a estudiar en UArtes, Oliver Alvarado comparte su historia","og_description":"Universidad de las Artes - Del proyecto de v\u00ednculo El Gran Teatro de Monte Sina\u00ed a estudiar en UArtes, Oliver Alvarado comparte su historia","og_url":"https:\/\/www.uartes.edu.ec\/sitio\/blog\/2021\/04\/06\/del-proyecto-el-gran-teatro-de-monte-sinai-a-estudiar-en-la-uartes-oliver-alvarado-comparte-su-historia\/","og_site_name":"Universidad de las Artes","article_publisher":"https:\/\/www.facebook.com\/uartesec","article_published_time":"2021-04-06T20:29:00+00:00","article_modified_time":"2024-07-04T16:27:27+00:00","og_image":[{"width":1999,"height":1333,"url":"https:\/\/www.uartes.edu.ec\/sitio\/wp-content\/uploads\/2021\/04\/NINOS-DE-SINAI.jpg","type":"image\/jpeg"}],"author":"Universidad de las Artes","twitter_card":"summary_large_image","twitter_creator":"@uartesec","twitter_site":"@uartesec","twitter_misc":{"Escrito por":"Universidad de las Artes","Tiempo de lectura":"3 minutos"},"schema":{"@context":"https:\/\/schema.org","@graph":[{"@type":"Article","@id":"https:\/\/www.uartes.edu.ec\/sitio\/blog\/2021\/04\/06\/del-proyecto-el-gran-teatro-de-monte-sinai-a-estudiar-en-la-uartes-oliver-alvarado-comparte-su-historia\/#article","isPartOf":{"@id":"https:\/\/www.uartes.edu.ec\/sitio\/blog\/2021\/04\/06\/del-proyecto-el-gran-teatro-de-monte-sinai-a-estudiar-en-la-uartes-oliver-alvarado-comparte-su-historia\/"},"author":{"name":"Universidad de las Artes","@id":"https:\/\/www.uartes.edu.ec\/sitio\/#\/schema\/person\/f33f8c1d2af0d5c80a38c8abf458184a"},"headline":"Del proyecto de v\u00ednculo El Gran Teatro de Monte Sina\u00ed a estudiar en UArtes, Oliver Alvarado comparte su historia","datePublished":"2021-04-06T20:29:00+00:00","dateModified":"2024-07-04T16:27:27+00:00","mainEntityOfPage":{"@id":"https:\/\/www.uartes.edu.ec\/sitio\/blog\/2021\/04\/06\/del-proyecto-el-gran-teatro-de-monte-sinai-a-estudiar-en-la-uartes-oliver-alvarado-comparte-su-historia\/"},"wordCount":646,"publisher":{"@id":"https:\/\/www.uartes.edu.ec\/sitio\/#organization"},"image":{"@id":"https:\/\/www.uartes.edu.ec\/sitio\/blog\/2021\/04\/06\/del-proyecto-el-gran-teatro-de-monte-sinai-a-estudiar-en-la-uartes-oliver-alvarado-comparte-su-historia\/#primaryimage"},"thumbnailUrl":"https:\/\/www.uartes.edu.ec\/sitio\/wp-content\/uploads\/2021\/04\/NINOS-DE-SINAI.jpg","keywords":["covid19","El Gran Teatro de Monte Sina\u00ed"],"articleSection":["Artes Esc\u00e9nicas","Artes Sonoras","Docentes","Estudiantes","V\u00ednculo"],"inLanguage":"es"},{"@type":["WebPage","ItemPage"],"@id":"https:\/\/www.uartes.edu.ec\/sitio\/blog\/2021\/04\/06\/del-proyecto-el-gran-teatro-de-monte-sinai-a-estudiar-en-la-uartes-oliver-alvarado-comparte-su-historia\/","url":"https:\/\/www.uartes.edu.ec\/sitio\/blog\/2021\/04\/06\/del-proyecto-el-gran-teatro-de-monte-sinai-a-estudiar-en-la-uartes-oliver-alvarado-comparte-su-historia\/","name":"Universidad de las Artes - Del proyecto de v\u00ednculo El Gran Teatro de Monte Sina\u00ed a estudiar en UArtes, Oliver Alvarado comparte su historia","isPartOf":{"@id":"https:\/\/www.uartes.edu.ec\/sitio\/#website"},"primaryImageOfPage":{"@id":"https:\/\/www.uartes.edu.ec\/sitio\/blog\/2021\/04\/06\/del-proyecto-el-gran-teatro-de-monte-sinai-a-estudiar-en-la-uartes-oliver-alvarado-comparte-su-historia\/#primaryimage"},"image":{"@id":"https:\/\/www.uartes.edu.ec\/sitio\/blog\/2021\/04\/06\/del-proyecto-el-gran-teatro-de-monte-sinai-a-estudiar-en-la-uartes-oliver-alvarado-comparte-su-historia\/#primaryimage"},"thumbnailUrl":"https:\/\/www.uartes.edu.ec\/sitio\/wp-content\/uploads\/2021\/04\/NINOS-DE-SINAI.jpg","datePublished":"2021-04-06T20:29:00+00:00","dateModified":"2024-07-04T16:27:27+00:00","description":"Universidad de las Artes - Del proyecto de v\u00ednculo El Gran Teatro de Monte Sina\u00ed a estudiar en UArtes, Oliver Alvarado comparte su historia","breadcrumb":{"@id":"https:\/\/www.uartes.edu.ec\/sitio\/blog\/2021\/04\/06\/del-proyecto-el-gran-teatro-de-monte-sinai-a-estudiar-en-la-uartes-oliver-alvarado-comparte-su-historia\/#breadcrumb"},"inLanguage":"es","potentialAction":[{"@type":"ReadAction","target":["https:\/\/www.uartes.edu.ec\/sitio\/blog\/2021\/04\/06\/del-proyecto-el-gran-teatro-de-monte-sinai-a-estudiar-en-la-uartes-oliver-alvarado-comparte-su-historia\/"]}]},{"@type":"ImageObject","inLanguage":"es","@id":"https:\/\/www.uartes.edu.ec\/sitio\/blog\/2021\/04\/06\/del-proyecto-el-gran-teatro-de-monte-sinai-a-estudiar-en-la-uartes-oliver-alvarado-comparte-su-historia\/#primaryimage","url":"https:\/\/www.uartes.edu.ec\/sitio\/wp-content\/uploads\/2021\/04\/NINOS-DE-SINAI.jpg","contentUrl":"https:\/\/www.uartes.edu.ec\/sitio\/wp-content\/uploads\/2021\/04\/NINOS-DE-SINAI.jpg","width":1999,"height":1333,"caption":"Los ni\u00f1os de Sina\u00ed"},{"@type":"BreadcrumbList","@id":"https:\/\/www.uartes.edu.ec\/sitio\/blog\/2021\/04\/06\/del-proyecto-el-gran-teatro-de-monte-sinai-a-estudiar-en-la-uartes-oliver-alvarado-comparte-su-historia\/#breadcrumb","itemListElement":[{"@type":"ListItem","position":1,"name":"Inicio","item":"https:\/\/www.uartes.edu.ec\/sitio\/"},{"@type":"ListItem","position":2,"name":"Del proyecto de v\u00ednculo El Gran Teatro de Monte Sina\u00ed a estudiar en UArtes, Oliver Alvarado comparte su historia"}]},{"@type":"WebSite","@id":"https:\/\/www.uartes.edu.ec\/sitio\/#website","url":"https:\/\/www.uartes.edu.ec\/sitio\/","name":"Universidad de las Artes","description":"Sitio oficial de la Universidad Nacional de las Artes del Ecuador","publisher":{"@id":"https:\/\/www.uartes.edu.ec\/sitio\/#organization"},"potentialAction":[{"@type":"SearchAction","target":{"@type":"EntryPoint","urlTemplate":"https:\/\/www.uartes.edu.ec\/sitio\/?s={search_term_string}"},"query-input":{"@type":"PropertyValueSpecification","valueRequired":true,"valueName":"search_term_string"}}],"inLanguage":"es"},{"@type":"Organization","@id":"https:\/\/www.uartes.edu.ec\/sitio\/#organization","name":"Universidad de las Artes","url":"https:\/\/www.uartes.edu.ec\/sitio\/","logo":{"@type":"ImageObject","inLanguage":"es","@id":"https:\/\/www.uartes.edu.ec\/sitio\/#\/schema\/logo\/image\/","url":"https:\/\/www.uartes.edu.ec\/sitio\/wp-content\/uploads\/2022\/07\/logo-ua-horizontal.png","contentUrl":"https:\/\/www.uartes.edu.ec\/sitio\/wp-content\/uploads\/2022\/07\/logo-ua-horizontal.png","width":800,"height":276,"caption":"Universidad de las Artes"},"image":{"@id":"https:\/\/www.uartes.edu.ec\/sitio\/#\/schema\/logo\/image\/"},"sameAs":["https:\/\/www.facebook.com\/uartesec","https:\/\/x.com\/uartesec","https:\/\/www.tiktok.com\/@uartesec"]},{"@type":"Person","@id":"https:\/\/www.uartes.edu.ec\/sitio\/#\/schema\/person\/f33f8c1d2af0d5c80a38c8abf458184a","name":"Universidad de las Artes","image":{"@type":"ImageObject","inLanguage":"es","@id":"https:\/\/secure.gravatar.com\/avatar\/52e4757902f5cfa5ac52d020e5be83cae5487519154b6c35482fe08d589f3c13?s=96&d=mm&r=g","url":"https:\/\/secure.gravatar.com\/avatar\/52e4757902f5cfa5ac52d020e5be83cae5487519154b6c35482fe08d589f3c13?s=96&d=mm&r=g","contentUrl":"https:\/\/secure.gravatar.com\/avatar\/52e4757902f5cfa5ac52d020e5be83cae5487519154b6c35482fe08d589f3c13?s=96&d=mm&r=g","caption":"Universidad de las Artes"},"url":"https:\/\/www.uartes.edu.ec\/sitio\/blog\/author\/dircomadm\/"}]}},"uagb_featured_image_src":{"full":["https:\/\/www.uartes.edu.ec\/sitio\/wp-content\/uploads\/2021\/04\/NINOS-DE-SINAI.jpg",1999,1333,false],"thumbnail":["https:\/\/www.uartes.edu.ec\/sitio\/wp-content\/uploads\/2021\/04\/NINOS-DE-SINAI-150x150.jpg",150,150,true],"medium":["https:\/\/www.uartes.edu.ec\/sitio\/wp-content\/uploads\/2021\/04\/NINOS-DE-SINAI-300x200.jpg",300,200,true],"medium_large":["https:\/\/www.uartes.edu.ec\/sitio\/wp-content\/uploads\/2021\/04\/NINOS-DE-SINAI-768x512.jpg",768,512,true],"large":["https:\/\/www.uartes.edu.ec\/sitio\/wp-content\/uploads\/2021\/04\/NINOS-DE-SINAI-644x429.jpg",644,429,true],"1536x1536":["https:\/\/www.uartes.edu.ec\/sitio\/wp-content\/uploads\/2021\/04\/NINOS-DE-SINAI-1536x1024.jpg",1536,1024,true],"2048x2048":["https:\/\/www.uartes.edu.ec\/sitio\/wp-content\/uploads\/2021\/04\/NINOS-DE-SINAI.jpg",1999,1333,false],"trp-custom-language-flag":["https:\/\/www.uartes.edu.ec\/sitio\/wp-content\/uploads\/2021\/04\/NINOS-DE-SINAI.jpg",18,12,false],"htmega_size_585x295":["https:\/\/www.uartes.edu.ec\/sitio\/wp-content\/uploads\/2021\/04\/NINOS-DE-SINAI-585x295.jpg",585,295,true],"htmega_size_1170x536":["https:\/\/www.uartes.edu.ec\/sitio\/wp-content\/uploads\/2021\/04\/NINOS-DE-SINAI-1170x536.jpg",1170,536,true],"htmega_size_396x360":["https:\/\/www.uartes.edu.ec\/sitio\/wp-content\/uploads\/2021\/04\/NINOS-DE-SINAI-396x360.jpg",396,360,true],"gb-block-post-grid-landscape":["https:\/\/www.uartes.edu.ec\/sitio\/wp-content\/uploads\/2021\/04\/NINOS-DE-SINAI.jpg",600,400,false],"gb-block-post-grid-square":["https:\/\/www.uartes.edu.ec\/sitio\/wp-content\/uploads\/2021\/04\/NINOS-DE-SINAI.jpg",600,400,false],"university-hub-thumb":["https:\/\/www.uartes.edu.ec\/sitio\/wp-content\/uploads\/2021\/04\/NINOS-DE-SINAI-400x267.jpg",400,267,true]},"uagb_author_info":{"display_name":"Universidad de las Artes","author_link":"https:\/\/www.uartes.edu.ec\/sitio\/blog\/author\/dircomadm\/"},"uagb_comment_info":0,"uagb_excerpt":"Si bien por El Gran Teatro de Monte Sina\u00ed tuvo la oportunidad de aprender en comunidad, Oliver Alvarado revela que tambi\u00e9n sinti\u00f3 el \u00e1nimo por estudiar y profesionalizarse en lo que m\u00e1s disfruta: el cine. El integrante del proyecto de vinculaci\u00f3n con la sociedad que dirige el docente Marcelo Leyton se encuentraya cursando la Nivelaci\u00f3n&hellip;","featured_image_src":"https:\/\/www.uartes.edu.ec\/sitio\/wp-content\/uploads\/2021\/04\/NINOS-DE-SINAI.jpg","featured_image_src_square":"https:\/\/www.uartes.edu.ec\/sitio\/wp-content\/uploads\/2021\/04\/NINOS-DE-SINAI.jpg","author_info":{"display_name":"Universidad de las Artes","author_link":"https:\/\/www.uartes.edu.ec\/sitio\/blog\/author\/dircomadm\/"},"publishpress_future_workflow_manual_trigger":{"enabledWorkflows":[]},"distributor_meta":false,"distributor_terms":false,"distributor_media":false,"distributor_original_site_name":"Universidad de las Artes","distributor_original_site_url":"https:\/\/www.uartes.edu.ec\/sitio","push-errors":false,"_links":{"self":[{"href":"https:\/\/www.uartes.edu.ec\/sitio\/wp-json\/wp\/v2\/posts\/13231","targetHints":{"allow":["GET"]}}],"collection":[{"href":"https:\/\/www.uartes.edu.ec\/sitio\/wp-json\/wp\/v2\/posts"}],"about":[{"href":"https:\/\/www.uartes.edu.ec\/sitio\/wp-json\/wp\/v2\/types\/post"}],"author":[{"embeddable":true,"href":"https:\/\/www.uartes.edu.ec\/sitio\/wp-json\/wp\/v2\/users\/1"}],"replies":[{"embeddable":true,"href":"https:\/\/www.uartes.edu.ec\/sitio\/wp-json\/wp\/v2\/comments?post=13231"}],"version-history":[{"count":9,"href":"https:\/\/www.uartes.edu.ec\/sitio\/wp-json\/wp\/v2\/posts\/13231\/revisions"}],"predecessor-version":[{"id":50637,"href":"https:\/\/www.uartes.edu.ec\/sitio\/wp-json\/wp\/v2\/posts\/13231\/revisions\/50637"}],"wp:featuredmedia":[{"embeddable":true,"href":"https:\/\/www.uartes.edu.ec\/sitio\/wp-json\/wp\/v2\/media\/13224"}],"wp:attachment":[{"href":"https:\/\/www.uartes.edu.ec\/sitio\/wp-json\/wp\/v2\/media?parent=13231"}],"wp:term":[{"taxonomy":"category","embeddable":true,"href":"https:\/\/www.uartes.edu.ec\/sitio\/wp-json\/wp\/v2\/categories?post=13231"},{"taxonomy":"post_tag","embeddable":true,"href":"https:\/\/www.uartes.edu.ec\/sitio\/wp-json\/wp\/v2\/tags?post=13231"},{"taxonomy":"infouartes","embeddable":true,"href":"https:\/\/www.uartes.edu.ec\/sitio\/wp-json\/wp\/v2\/infouartes?post=13231"}],"curies":[{"name":"wp","href":"https:\/\/api.w.org\/{rel}","templated":true}]}}