{"id":13621,"date":"2021-05-03T17:00:00","date_gmt":"2021-05-03T22:00:00","guid":{"rendered":"http:\/\/www.uartes.edu.ec\/sitio\/?p=13621"},"modified":"2024-07-04T11:27:20","modified_gmt":"2024-07-04T16:27:20","slug":"la-universidad-de-las-artes-tuvo-su-dia-de-integracion","status":"publish","type":"post","link":"https:\/\/www.uartes.edu.ec\/sitio\/blog\/2021\/05\/05\/la-universidad-de-las-artes-tuvo-su-dia-de-integracion\/","title":{"rendered":"La Universidad de las Artes tuvo su D\u00eda de Integraci\u00f3n"},"content":{"rendered":"\n<p>Fue un encuentro diferente, en el que no hubo abrazos ni apretones de mano. Tampoco competencias deportivas ni de los juegos de anta\u00f1o, como los ensacados y las carreras de carretilla y tres piernas, que se reviven en citas donde compartir es la clave. Debido a la pandemia por COVID-19, la Universidad de las Artes vivi\u00f3 su D\u00eda de Integraci\u00f3n de manera virtual. Sucedi\u00f3 la tarde del jueves 29 de abril de 2021, en el \u00faltimo d\u00eda de la Semana Cero, la cual dio paso al Semestre A de este a\u00f1o para las carreras de pregrado y posgrado, iniciado hoy, lunes 3 de mayo.<\/p>\n\n\n\n<p>Mar\u00eda Fernanda Plaza, directora de Asuntos Estudiantiles y Comunidad Universitaria, condujo la cita e hizo referencia a lo que nos ha dejado y quitado la pandemia, no solo a nivel org\u00e1nico y f\u00edsico, sino a nivel emocional por quebrantos propios y la partida de seres queridos. Tambi\u00e9n invoc\u00f3 a la unidad y a continuar en la lucha, apoy\u00e1ndose en todas las atenciones y ayudas que ofrece la UArtes, como el departamento m\u00e9dico y psicol\u00f3gico.<\/p>\n\n\n\n<p>El rector de la UArtes, doctor William Herrera, tuvo en su intervenci\u00f3n palabras coincidentes, pero fue m\u00e1s all\u00e1 al mencionar lo que significa la universidad para quienes la viven y la transitan; para sus estudiantes, para sus docentes y administrativos, para el pa\u00eds. Un&nbsp; Proyecto \u00fanico en la historia, anot\u00f3, una instituci\u00f3n acad\u00e9mica p\u00fablica y de calidad que se ha planteado grandes desaf\u00edos pedag\u00f3gicos y de relaci\u00f3n con Guayaquil; un espacio para la experimentaci\u00f3n y la importancia de lo sensible.<\/p>\n\n\n\n<p>Lo que produce la universidad y la formaci\u00f3n art\u00edstica que ofrece es el camino para que como sociedad sanemos juntos y hallemos nuevas v\u00edas para la pandemia, precis\u00f3. William Herrera llam\u00f3 a los presentes a ser mejores como ciudadanos y sociedad, y agradeci\u00f3 el trabajo de todos los equipos.<\/p>\n\n\n\n<h3 class=\"wp-block-heading\"><strong>Contenido de InfoUArtes y AGUA<\/strong><\/h3>\n\n\n\n<p>Mar\u00eda Fernanda Plaza dio paso entonces a la licenciada Carmen Cortez Pe\u00f1afiel, quien integra el equipo de Comunicaci\u00f3n de esta instituci\u00f3n acad\u00e9mica y es responsable del InfoUArtes, el cual, record\u00f3, naci\u00f3 como un bolet\u00edn informativo y es ahora el medio de comunicaci\u00f3n oficial de la Universidad de las Artes.<\/p>\n\n\n\n<p>El InfoUArtes est\u00e1 en el sitio web (<a href=\"http:\/\/www.uartes.edu.ec\/sitio\/blog\/category\/noticias\/\">http:\/\/www.uartes.edu.ec\/sitio\/blog\/category\/noticias\/<\/a>) y desde all\u00ed da cuenta de todas las actividades acad\u00e9micas e institucionales que propicia, programa, desarrolla e impulsa la universidad. Que cont\u00f3 con una edici\u00f3n impresa \u2013dise\u00f1ada por Carlos Mor\u00e1n con im\u00e1genes de Tyronne Maridue\u00f1a\u2013, de la cual se llegaron a producir 21 n\u00fameros, adem\u00e1s de especiales, como los encuentros realizados por el ILIA y la Escuela de Artes Sonoras y la inauguraci\u00f3n de las librer\u00edas del Fondo de Cultura Econ\u00f3mica. \u201c(El impreso) Creci\u00f3 en estructura y paginaje por nuestro inter\u00e9s de registrar todo lo que se realiza en las escuelas, dispositivos, \u00e1reas y departamentos; Vinculaci\u00f3n con la Comunidad tiene su p\u00e1gina, al igual que la Secretar\u00eda de Bienestar Universitario y la Biblioteca de las Artes\u201d, refiri\u00f3.<\/p>\n\n\n\n<p>El InfoUArtes ofrece entrevistas, reportajes, cr\u00f3nicas, rese\u00f1as, noticia dura y boletines de prensa. Est\u00e1 presente en las visitas que recibe la universidad de funcionarios, autoridades y docentes del pa\u00eds y del exterior, en las firmas de convenios y acuerdos, etc. Brinda cobertura a las actividades del rectorado, as\u00ed como a las acad\u00e9micas que sus profesores cumplen dentro y fuera de la instituci\u00f3n y del pa\u00eds, y, por sobre todo, da mucha cuenta de los logros, creaciones, producciones, trabajos e incluso de las tesis de grado de sus estudiantes, haciendo conocer de primera mano sus procesos.<\/p>\n\n\n\n<p>Por la pandemia, el InfoUArtes no se imprime, pero cuenta con una edici\u00f3n digital enviada internamente en correo masivo. Su flujo de informaci\u00f3n es diario y constante. Y tenemos el enorme gusto de contar con estudiantes haciendo sus pr\u00e1cticas preprofesionales y conociendo de cerca c\u00f3mo se lo estructura y desarrolla; el contacto con las fuentes, las entrevistas que realizan y las coberturas \u2013con todos sus procesos\u2013 les significa otro plus para sus carreras, dijo Carmen Cortez.<\/p>\n\n\n\n<p>Hizo igualmente una descripci\u00f3n de AGUA, la cual defini\u00f3 como una plataforma virtual donde se da a conocer la producci\u00f3n simb\u00f3lica de las artes en Guayaquil. Una propuesta que procura replicar el tejido social que los artistas y espacios culturales realizan a trav\u00e9s de diversas pr\u00e1cticas creativas e innovadoras.<\/p>\n\n\n\n<p>Con la invitaci\u00f3n de Carmen Cortez de consumir y colaborar con el InfoUArtes (enviando todo tipo de novedades e informaci\u00f3n a carmen.cortez@uartes.edu.ec) y de alimentar AGUA con el env\u00edo de actividades a <a href=\"mailto:agua@uartes.edu.ec\">agua@uartes.edu.ec<\/a>, el D\u00eda de Integraci\u00f3n de la UArtes continu\u00f3 con la presentaci\u00f3n de nuevos funcionarios, a cargo de Cinthya&nbsp;G\u00f3mez, directora de Talento&nbsp;Humano; y, una trivia, competencia virtual que puso a pensar y correr a los presentes. Hubo tambi\u00e9n una charla motivacional y, al final, el enorme gusto de haber compartido un tiempo virtual que fortaleci\u00f3 la unidad.<\/p>\n","protected":false},"excerpt":{"rendered":"<p>Fue un encuentro diferente, en el que no hubo abrazos ni apretones de mano. Tampoco competencias deportivas ni de los juegos de anta\u00f1o, como los ensacados y las carreras de carretilla y tres piernas, que se reviven en citas donde compartir es la clave. <\/p>\n","protected":false},"author":1,"featured_media":13610,"comment_status":"closed","ping_status":"closed","sticky":false,"template":"","format":"standard","meta":{"_acf_changed":false,"_uag_custom_page_level_css":"","_monsterinsights_skip_tracking":false,"_monsterinsights_sitenote_active":false,"_monsterinsights_sitenote_note":"","_monsterinsights_sitenote_category":0,"cybocfi_hide_featured_image":"","footnotes":""},"categories":[438,75,77],"tags":[211,405],"infouartes":[],"class_list":["post-13621","post","type-post","status-publish","format-standard","has-post-thumbnail","hentry","category-administrativos","category-docentes","category-gestion","tag-covid19","tag-william-herrera"],"acf":[],"yoast_head":"<!-- This site is optimized with the Yoast SEO plugin v27.4 - https:\/\/yoast.com\/product\/yoast-seo-wordpress\/ -->\n<title>Universidad de las Artes - La Universidad de las Artes tuvo su D\u00eda de Integraci\u00f3n<\/title>\n<meta name=\"description\" content=\"Universidad de las Artes - La Universidad de las Artes tuvo su D\u00eda de Integraci\u00f3n\" \/>\n<meta name=\"robots\" content=\"index, follow, max-snippet:-1, max-image-preview:large, max-video-preview:-1\" \/>\n<link rel=\"canonical\" href=\"https:\/\/www.uartes.edu.ec\/sitio\/blog\/2021\/05\/05\/la-universidad-de-las-artes-tuvo-su-dia-de-integracion\/\" \/>\n<meta property=\"og:locale\" content=\"es_ES\" \/>\n<meta property=\"og:type\" content=\"article\" \/>\n<meta property=\"og:title\" content=\"Universidad de las Artes - La Universidad de las Artes tuvo su D\u00eda de Integraci\u00f3n\" \/>\n<meta property=\"og:description\" content=\"Universidad de las Artes - La Universidad de las Artes tuvo su D\u00eda de Integraci\u00f3n\" \/>\n<meta property=\"og:url\" content=\"https:\/\/www.uartes.edu.ec\/sitio\/blog\/2021\/05\/05\/la-universidad-de-las-artes-tuvo-su-dia-de-integracion\/\" \/>\n<meta property=\"og:site_name\" content=\"Universidad de las Artes\" \/>\n<meta property=\"article:publisher\" content=\"https:\/\/www.facebook.com\/uartesec\" \/>\n<meta property=\"article:published_time\" content=\"2021-05-03T22:00:00+00:00\" \/>\n<meta property=\"article:modified_time\" content=\"2024-07-04T16:27:20+00:00\" \/>\n<meta property=\"og:image\" content=\"https:\/\/www.uartes.edu.ec\/sitio\/wp-content\/uploads\/2021\/05\/La-Universidad-de-las-Artes-tuvo-su-Di\u0301a-de-Integracion.jpg\" \/>\n\t<meta property=\"og:image:width\" content=\"2000\" \/>\n\t<meta property=\"og:image:height\" content=\"1333\" \/>\n\t<meta property=\"og:image:type\" content=\"image\/jpeg\" \/>\n<meta name=\"author\" content=\"Universidad de las Artes\" \/>\n<meta name=\"twitter:card\" content=\"summary_large_image\" \/>\n<meta name=\"twitter:creator\" content=\"@uartesec\" \/>\n<meta name=\"twitter:site\" content=\"@uartesec\" \/>\n<meta name=\"twitter:label1\" content=\"Escrito por\" \/>\n\t<meta name=\"twitter:data1\" content=\"Universidad de las Artes\" \/>\n\t<meta name=\"twitter:label2\" content=\"Tiempo de lectura\" \/>\n\t<meta name=\"twitter:data2\" content=\"4 minutos\" \/>\n<script type=\"application\/ld+json\" class=\"yoast-schema-graph\">{\"@context\":\"https:\\\/\\\/schema.org\",\"@graph\":[{\"@type\":\"Article\",\"@id\":\"https:\\\/\\\/www.uartes.edu.ec\\\/sitio\\\/blog\\\/2021\\\/05\\\/05\\\/la-universidad-de-las-artes-tuvo-su-dia-de-integracion\\\/#article\",\"isPartOf\":{\"@id\":\"https:\\\/\\\/www.uartes.edu.ec\\\/sitio\\\/blog\\\/2021\\\/05\\\/05\\\/la-universidad-de-las-artes-tuvo-su-dia-de-integracion\\\/\"},\"author\":{\"name\":\"Universidad de las Artes\",\"@id\":\"https:\\\/\\\/www.uartes.edu.ec\\\/sitio\\\/#\\\/schema\\\/person\\\/f33f8c1d2af0d5c80a38c8abf458184a\"},\"headline\":\"La Universidad de las Artes tuvo su D\u00eda de Integraci\u00f3n\",\"datePublished\":\"2021-05-03T22:00:00+00:00\",\"dateModified\":\"2024-07-04T16:27:20+00:00\",\"mainEntityOfPage\":{\"@id\":\"https:\\\/\\\/www.uartes.edu.ec\\\/sitio\\\/blog\\\/2021\\\/05\\\/05\\\/la-universidad-de-las-artes-tuvo-su-dia-de-integracion\\\/\"},\"wordCount\":893,\"publisher\":{\"@id\":\"https:\\\/\\\/www.uartes.edu.ec\\\/sitio\\\/#organization\"},\"image\":{\"@id\":\"https:\\\/\\\/www.uartes.edu.ec\\\/sitio\\\/blog\\\/2021\\\/05\\\/05\\\/la-universidad-de-las-artes-tuvo-su-dia-de-integracion\\\/#primaryimage\"},\"thumbnailUrl\":\"https:\\\/\\\/www.uartes.edu.ec\\\/sitio\\\/wp-content\\\/uploads\\\/2021\\\/05\\\/La-Universidad-de-las-Artes-tuvo-su-Di\u0301a-de-Integracion.jpg\",\"keywords\":[\"covid19\",\"William Herrera\"],\"articleSection\":[\"Administrativos\",\"Docentes\",\"Gesti\u00f3n\"],\"inLanguage\":\"es\"},{\"@type\":[\"WebPage\",\"ItemPage\"],\"@id\":\"https:\\\/\\\/www.uartes.edu.ec\\\/sitio\\\/blog\\\/2021\\\/05\\\/05\\\/la-universidad-de-las-artes-tuvo-su-dia-de-integracion\\\/\",\"url\":\"https:\\\/\\\/www.uartes.edu.ec\\\/sitio\\\/blog\\\/2021\\\/05\\\/05\\\/la-universidad-de-las-artes-tuvo-su-dia-de-integracion\\\/\",\"name\":\"Universidad de las Artes - La Universidad de las Artes tuvo su D\u00eda de Integraci\u00f3n\",\"isPartOf\":{\"@id\":\"https:\\\/\\\/www.uartes.edu.ec\\\/sitio\\\/#website\"},\"primaryImageOfPage\":{\"@id\":\"https:\\\/\\\/www.uartes.edu.ec\\\/sitio\\\/blog\\\/2021\\\/05\\\/05\\\/la-universidad-de-las-artes-tuvo-su-dia-de-integracion\\\/#primaryimage\"},\"image\":{\"@id\":\"https:\\\/\\\/www.uartes.edu.ec\\\/sitio\\\/blog\\\/2021\\\/05\\\/05\\\/la-universidad-de-las-artes-tuvo-su-dia-de-integracion\\\/#primaryimage\"},\"thumbnailUrl\":\"https:\\\/\\\/www.uartes.edu.ec\\\/sitio\\\/wp-content\\\/uploads\\\/2021\\\/05\\\/La-Universidad-de-las-Artes-tuvo-su-Di\u0301a-de-Integracion.jpg\",\"datePublished\":\"2021-05-03T22:00:00+00:00\",\"dateModified\":\"2024-07-04T16:27:20+00:00\",\"description\":\"Universidad de las Artes - La Universidad de las Artes tuvo su D\u00eda de Integraci\u00f3n\",\"breadcrumb\":{\"@id\":\"https:\\\/\\\/www.uartes.edu.ec\\\/sitio\\\/blog\\\/2021\\\/05\\\/05\\\/la-universidad-de-las-artes-tuvo-su-dia-de-integracion\\\/#breadcrumb\"},\"inLanguage\":\"es\",\"potentialAction\":[{\"@type\":\"ReadAction\",\"target\":[\"https:\\\/\\\/www.uartes.edu.ec\\\/sitio\\\/blog\\\/2021\\\/05\\\/05\\\/la-universidad-de-las-artes-tuvo-su-dia-de-integracion\\\/\"]}]},{\"@type\":\"ImageObject\",\"inLanguage\":\"es\",\"@id\":\"https:\\\/\\\/www.uartes.edu.ec\\\/sitio\\\/blog\\\/2021\\\/05\\\/05\\\/la-universidad-de-las-artes-tuvo-su-dia-de-integracion\\\/#primaryimage\",\"url\":\"https:\\\/\\\/www.uartes.edu.ec\\\/sitio\\\/wp-content\\\/uploads\\\/2021\\\/05\\\/La-Universidad-de-las-Artes-tuvo-su-Di\u0301a-de-Integracion.jpg\",\"contentUrl\":\"https:\\\/\\\/www.uartes.edu.ec\\\/sitio\\\/wp-content\\\/uploads\\\/2021\\\/05\\\/La-Universidad-de-las-Artes-tuvo-su-Di\u0301a-de-Integracion.jpg\",\"width\":2000,\"height\":1333,\"caption\":\"Debido a la pandemia por COVID-19, la Universidad de las Artes vivi\u00f3 su D\u00eda de Integraci\u00f3n de manera virtual. Sucedi\u00f3 la tarde del jueves 29 de abril de 2021.\"},{\"@type\":\"BreadcrumbList\",\"@id\":\"https:\\\/\\\/www.uartes.edu.ec\\\/sitio\\\/blog\\\/2021\\\/05\\\/05\\\/la-universidad-de-las-artes-tuvo-su-dia-de-integracion\\\/#breadcrumb\",\"itemListElement\":[{\"@type\":\"ListItem\",\"position\":1,\"name\":\"Inicio\",\"item\":\"https:\\\/\\\/www.uartes.edu.ec\\\/sitio\\\/\"},{\"@type\":\"ListItem\",\"position\":2,\"name\":\"La Universidad de las Artes tuvo su D\u00eda de Integraci\u00f3n\"}]},{\"@type\":\"WebSite\",\"@id\":\"https:\\\/\\\/www.uartes.edu.ec\\\/sitio\\\/#website\",\"url\":\"https:\\\/\\\/www.uartes.edu.ec\\\/sitio\\\/\",\"name\":\"Universidad de las Artes\",\"description\":\"Sitio oficial de la Universidad Nacional de las Artes del Ecuador\",\"publisher\":{\"@id\":\"https:\\\/\\\/www.uartes.edu.ec\\\/sitio\\\/#organization\"},\"potentialAction\":[{\"@type\":\"SearchAction\",\"target\":{\"@type\":\"EntryPoint\",\"urlTemplate\":\"https:\\\/\\\/www.uartes.edu.ec\\\/sitio\\\/?s={search_term_string}\"},\"query-input\":{\"@type\":\"PropertyValueSpecification\",\"valueRequired\":true,\"valueName\":\"search_term_string\"}}],\"inLanguage\":\"es\"},{\"@type\":\"Organization\",\"@id\":\"https:\\\/\\\/www.uartes.edu.ec\\\/sitio\\\/#organization\",\"name\":\"Universidad de las Artes\",\"url\":\"https:\\\/\\\/www.uartes.edu.ec\\\/sitio\\\/\",\"logo\":{\"@type\":\"ImageObject\",\"inLanguage\":\"es\",\"@id\":\"https:\\\/\\\/www.uartes.edu.ec\\\/sitio\\\/#\\\/schema\\\/logo\\\/image\\\/\",\"url\":\"https:\\\/\\\/www.uartes.edu.ec\\\/sitio\\\/wp-content\\\/uploads\\\/2022\\\/07\\\/logo-ua-horizontal.png\",\"contentUrl\":\"https:\\\/\\\/www.uartes.edu.ec\\\/sitio\\\/wp-content\\\/uploads\\\/2022\\\/07\\\/logo-ua-horizontal.png\",\"width\":800,\"height\":276,\"caption\":\"Universidad de las Artes\"},\"image\":{\"@id\":\"https:\\\/\\\/www.uartes.edu.ec\\\/sitio\\\/#\\\/schema\\\/logo\\\/image\\\/\"},\"sameAs\":[\"https:\\\/\\\/www.facebook.com\\\/uartesec\",\"https:\\\/\\\/x.com\\\/uartesec\",\"https:\\\/\\\/www.tiktok.com\\\/@uartesec\"]},{\"@type\":\"Person\",\"@id\":\"https:\\\/\\\/www.uartes.edu.ec\\\/sitio\\\/#\\\/schema\\\/person\\\/f33f8c1d2af0d5c80a38c8abf458184a\",\"name\":\"Universidad de las Artes\",\"image\":{\"@type\":\"ImageObject\",\"inLanguage\":\"es\",\"@id\":\"https:\\\/\\\/secure.gravatar.com\\\/avatar\\\/52e4757902f5cfa5ac52d020e5be83cae5487519154b6c35482fe08d589f3c13?s=96&d=mm&r=g\",\"url\":\"https:\\\/\\\/secure.gravatar.com\\\/avatar\\\/52e4757902f5cfa5ac52d020e5be83cae5487519154b6c35482fe08d589f3c13?s=96&d=mm&r=g\",\"contentUrl\":\"https:\\\/\\\/secure.gravatar.com\\\/avatar\\\/52e4757902f5cfa5ac52d020e5be83cae5487519154b6c35482fe08d589f3c13?s=96&d=mm&r=g\",\"caption\":\"Universidad de las Artes\"},\"url\":\"https:\\\/\\\/www.uartes.edu.ec\\\/sitio\\\/blog\\\/author\\\/dircomadm\\\/\"}]}<\/script>\n<!-- \/ Yoast SEO plugin. -->","yoast_head_json":{"title":"Universidad de las Artes - La Universidad de las Artes tuvo su D\u00eda de Integraci\u00f3n","description":"Universidad de las Artes - La Universidad de las Artes tuvo su D\u00eda de Integraci\u00f3n","robots":{"index":"index","follow":"follow","max-snippet":"max-snippet:-1","max-image-preview":"max-image-preview:large","max-video-preview":"max-video-preview:-1"},"canonical":"https:\/\/www.uartes.edu.ec\/sitio\/blog\/2021\/05\/05\/la-universidad-de-las-artes-tuvo-su-dia-de-integracion\/","og_locale":"es_ES","og_type":"article","og_title":"Universidad de las Artes - La Universidad de las Artes tuvo su D\u00eda de Integraci\u00f3n","og_description":"Universidad de las Artes - La Universidad de las Artes tuvo su D\u00eda de Integraci\u00f3n","og_url":"https:\/\/www.uartes.edu.ec\/sitio\/blog\/2021\/05\/05\/la-universidad-de-las-artes-tuvo-su-dia-de-integracion\/","og_site_name":"Universidad de las Artes","article_publisher":"https:\/\/www.facebook.com\/uartesec","article_published_time":"2021-05-03T22:00:00+00:00","article_modified_time":"2024-07-04T16:27:20+00:00","og_image":[{"width":2000,"height":1333,"url":"https:\/\/www.uartes.edu.ec\/sitio\/wp-content\/uploads\/2021\/05\/La-Universidad-de-las-Artes-tuvo-su-Di\u0301a-de-Integracion.jpg","type":"image\/jpeg"}],"author":"Universidad de las Artes","twitter_card":"summary_large_image","twitter_creator":"@uartesec","twitter_site":"@uartesec","twitter_misc":{"Escrito por":"Universidad de las Artes","Tiempo de lectura":"4 minutos"},"schema":{"@context":"https:\/\/schema.org","@graph":[{"@type":"Article","@id":"https:\/\/www.uartes.edu.ec\/sitio\/blog\/2021\/05\/05\/la-universidad-de-las-artes-tuvo-su-dia-de-integracion\/#article","isPartOf":{"@id":"https:\/\/www.uartes.edu.ec\/sitio\/blog\/2021\/05\/05\/la-universidad-de-las-artes-tuvo-su-dia-de-integracion\/"},"author":{"name":"Universidad de las Artes","@id":"https:\/\/www.uartes.edu.ec\/sitio\/#\/schema\/person\/f33f8c1d2af0d5c80a38c8abf458184a"},"headline":"La Universidad de las Artes tuvo su D\u00eda de Integraci\u00f3n","datePublished":"2021-05-03T22:00:00+00:00","dateModified":"2024-07-04T16:27:20+00:00","mainEntityOfPage":{"@id":"https:\/\/www.uartes.edu.ec\/sitio\/blog\/2021\/05\/05\/la-universidad-de-las-artes-tuvo-su-dia-de-integracion\/"},"wordCount":893,"publisher":{"@id":"https:\/\/www.uartes.edu.ec\/sitio\/#organization"},"image":{"@id":"https:\/\/www.uartes.edu.ec\/sitio\/blog\/2021\/05\/05\/la-universidad-de-las-artes-tuvo-su-dia-de-integracion\/#primaryimage"},"thumbnailUrl":"https:\/\/www.uartes.edu.ec\/sitio\/wp-content\/uploads\/2021\/05\/La-Universidad-de-las-Artes-tuvo-su-Di\u0301a-de-Integracion.jpg","keywords":["covid19","William Herrera"],"articleSection":["Administrativos","Docentes","Gesti\u00f3n"],"inLanguage":"es"},{"@type":["WebPage","ItemPage"],"@id":"https:\/\/www.uartes.edu.ec\/sitio\/blog\/2021\/05\/05\/la-universidad-de-las-artes-tuvo-su-dia-de-integracion\/","url":"https:\/\/www.uartes.edu.ec\/sitio\/blog\/2021\/05\/05\/la-universidad-de-las-artes-tuvo-su-dia-de-integracion\/","name":"Universidad de las Artes - La Universidad de las Artes tuvo su D\u00eda de Integraci\u00f3n","isPartOf":{"@id":"https:\/\/www.uartes.edu.ec\/sitio\/#website"},"primaryImageOfPage":{"@id":"https:\/\/www.uartes.edu.ec\/sitio\/blog\/2021\/05\/05\/la-universidad-de-las-artes-tuvo-su-dia-de-integracion\/#primaryimage"},"image":{"@id":"https:\/\/www.uartes.edu.ec\/sitio\/blog\/2021\/05\/05\/la-universidad-de-las-artes-tuvo-su-dia-de-integracion\/#primaryimage"},"thumbnailUrl":"https:\/\/www.uartes.edu.ec\/sitio\/wp-content\/uploads\/2021\/05\/La-Universidad-de-las-Artes-tuvo-su-Di\u0301a-de-Integracion.jpg","datePublished":"2021-05-03T22:00:00+00:00","dateModified":"2024-07-04T16:27:20+00:00","description":"Universidad de las Artes - La Universidad de las Artes tuvo su D\u00eda de Integraci\u00f3n","breadcrumb":{"@id":"https:\/\/www.uartes.edu.ec\/sitio\/blog\/2021\/05\/05\/la-universidad-de-las-artes-tuvo-su-dia-de-integracion\/#breadcrumb"},"inLanguage":"es","potentialAction":[{"@type":"ReadAction","target":["https:\/\/www.uartes.edu.ec\/sitio\/blog\/2021\/05\/05\/la-universidad-de-las-artes-tuvo-su-dia-de-integracion\/"]}]},{"@type":"ImageObject","inLanguage":"es","@id":"https:\/\/www.uartes.edu.ec\/sitio\/blog\/2021\/05\/05\/la-universidad-de-las-artes-tuvo-su-dia-de-integracion\/#primaryimage","url":"https:\/\/www.uartes.edu.ec\/sitio\/wp-content\/uploads\/2021\/05\/La-Universidad-de-las-Artes-tuvo-su-Di\u0301a-de-Integracion.jpg","contentUrl":"https:\/\/www.uartes.edu.ec\/sitio\/wp-content\/uploads\/2021\/05\/La-Universidad-de-las-Artes-tuvo-su-Di\u0301a-de-Integracion.jpg","width":2000,"height":1333,"caption":"Debido a la pandemia por COVID-19, la Universidad de las Artes vivi\u00f3 su D\u00eda de Integraci\u00f3n de manera virtual. Sucedi\u00f3 la tarde del jueves 29 de abril de 2021."},{"@type":"BreadcrumbList","@id":"https:\/\/www.uartes.edu.ec\/sitio\/blog\/2021\/05\/05\/la-universidad-de-las-artes-tuvo-su-dia-de-integracion\/#breadcrumb","itemListElement":[{"@type":"ListItem","position":1,"name":"Inicio","item":"https:\/\/www.uartes.edu.ec\/sitio\/"},{"@type":"ListItem","position":2,"name":"La Universidad de las Artes tuvo su D\u00eda de Integraci\u00f3n"}]},{"@type":"WebSite","@id":"https:\/\/www.uartes.edu.ec\/sitio\/#website","url":"https:\/\/www.uartes.edu.ec\/sitio\/","name":"Universidad de las Artes","description":"Sitio oficial de la Universidad Nacional de las Artes del Ecuador","publisher":{"@id":"https:\/\/www.uartes.edu.ec\/sitio\/#organization"},"potentialAction":[{"@type":"SearchAction","target":{"@type":"EntryPoint","urlTemplate":"https:\/\/www.uartes.edu.ec\/sitio\/?s={search_term_string}"},"query-input":{"@type":"PropertyValueSpecification","valueRequired":true,"valueName":"search_term_string"}}],"inLanguage":"es"},{"@type":"Organization","@id":"https:\/\/www.uartes.edu.ec\/sitio\/#organization","name":"Universidad de las Artes","url":"https:\/\/www.uartes.edu.ec\/sitio\/","logo":{"@type":"ImageObject","inLanguage":"es","@id":"https:\/\/www.uartes.edu.ec\/sitio\/#\/schema\/logo\/image\/","url":"https:\/\/www.uartes.edu.ec\/sitio\/wp-content\/uploads\/2022\/07\/logo-ua-horizontal.png","contentUrl":"https:\/\/www.uartes.edu.ec\/sitio\/wp-content\/uploads\/2022\/07\/logo-ua-horizontal.png","width":800,"height":276,"caption":"Universidad de las Artes"},"image":{"@id":"https:\/\/www.uartes.edu.ec\/sitio\/#\/schema\/logo\/image\/"},"sameAs":["https:\/\/www.facebook.com\/uartesec","https:\/\/x.com\/uartesec","https:\/\/www.tiktok.com\/@uartesec"]},{"@type":"Person","@id":"https:\/\/www.uartes.edu.ec\/sitio\/#\/schema\/person\/f33f8c1d2af0d5c80a38c8abf458184a","name":"Universidad de las Artes","image":{"@type":"ImageObject","inLanguage":"es","@id":"https:\/\/secure.gravatar.com\/avatar\/52e4757902f5cfa5ac52d020e5be83cae5487519154b6c35482fe08d589f3c13?s=96&d=mm&r=g","url":"https:\/\/secure.gravatar.com\/avatar\/52e4757902f5cfa5ac52d020e5be83cae5487519154b6c35482fe08d589f3c13?s=96&d=mm&r=g","contentUrl":"https:\/\/secure.gravatar.com\/avatar\/52e4757902f5cfa5ac52d020e5be83cae5487519154b6c35482fe08d589f3c13?s=96&d=mm&r=g","caption":"Universidad de las Artes"},"url":"https:\/\/www.uartes.edu.ec\/sitio\/blog\/author\/dircomadm\/"}]}},"uagb_featured_image_src":{"full":["https:\/\/www.uartes.edu.ec\/sitio\/wp-content\/uploads\/2021\/05\/La-Universidad-de-las-Artes-tuvo-su-Di\u0301a-de-Integracion.jpg",2000,1333,false],"thumbnail":["https:\/\/www.uartes.edu.ec\/sitio\/wp-content\/uploads\/2021\/05\/La-Universidad-de-las-Artes-tuvo-su-Di\u0301a-de-Integracion-150x150.jpg",150,150,true],"medium":["https:\/\/www.uartes.edu.ec\/sitio\/wp-content\/uploads\/2021\/05\/La-Universidad-de-las-Artes-tuvo-su-Di\u0301a-de-Integracion-300x200.jpg",300,200,true],"medium_large":["https:\/\/www.uartes.edu.ec\/sitio\/wp-content\/uploads\/2021\/05\/La-Universidad-de-las-Artes-tuvo-su-Di\u0301a-de-Integracion-768x512.jpg",768,512,true],"large":["https:\/\/www.uartes.edu.ec\/sitio\/wp-content\/uploads\/2021\/05\/La-Universidad-de-las-Artes-tuvo-su-Di\u0301a-de-Integracion-644x429.jpg",644,429,true],"1536x1536":["https:\/\/www.uartes.edu.ec\/sitio\/wp-content\/uploads\/2021\/05\/La-Universidad-de-las-Artes-tuvo-su-Di\u0301a-de-Integracion-1536x1024.jpg",1536,1024,true],"2048x2048":["https:\/\/www.uartes.edu.ec\/sitio\/wp-content\/uploads\/2021\/05\/La-Universidad-de-las-Artes-tuvo-su-Di\u0301a-de-Integracion.jpg",2000,1333,false],"trp-custom-language-flag":["https:\/\/www.uartes.edu.ec\/sitio\/wp-content\/uploads\/2021\/05\/La-Universidad-de-las-Artes-tuvo-su-Di\u0301a-de-Integracion.jpg",18,12,false],"htmega_size_585x295":["https:\/\/www.uartes.edu.ec\/sitio\/wp-content\/uploads\/2021\/05\/La-Universidad-de-las-Artes-tuvo-su-Di\u0301a-de-Integracion-585x295.jpg",585,295,true],"htmega_size_1170x536":["https:\/\/www.uartes.edu.ec\/sitio\/wp-content\/uploads\/2021\/05\/La-Universidad-de-las-Artes-tuvo-su-Di\u0301a-de-Integracion-1170x536.jpg",1170,536,true],"htmega_size_396x360":["https:\/\/www.uartes.edu.ec\/sitio\/wp-content\/uploads\/2021\/05\/La-Universidad-de-las-Artes-tuvo-su-Di\u0301a-de-Integracion-396x360.jpg",396,360,true],"gb-block-post-grid-landscape":["https:\/\/www.uartes.edu.ec\/sitio\/wp-content\/uploads\/2021\/05\/La-Universidad-de-las-Artes-tuvo-su-Di\u0301a-de-Integracion.jpg",600,400,false],"gb-block-post-grid-square":["https:\/\/www.uartes.edu.ec\/sitio\/wp-content\/uploads\/2021\/05\/La-Universidad-de-las-Artes-tuvo-su-Di\u0301a-de-Integracion.jpg",600,400,false],"university-hub-thumb":["https:\/\/www.uartes.edu.ec\/sitio\/wp-content\/uploads\/2021\/05\/La-Universidad-de-las-Artes-tuvo-su-Di\u0301a-de-Integracion-400x267.jpg",400,267,true]},"uagb_author_info":{"display_name":"Universidad de las Artes","author_link":"https:\/\/www.uartes.edu.ec\/sitio\/blog\/author\/dircomadm\/"},"uagb_comment_info":0,"uagb_excerpt":"Fue un encuentro diferente, en el que no hubo abrazos ni apretones de mano. Tampoco competencias deportivas ni de los juegos de anta\u00f1o, como los ensacados y las carreras de carretilla y tres piernas, que se reviven en citas donde compartir es la clave.","featured_image_src":"https:\/\/www.uartes.edu.ec\/sitio\/wp-content\/uploads\/2021\/05\/La-Universidad-de-las-Artes-tuvo-su-Di\u0301a-de-Integracion.jpg","featured_image_src_square":"https:\/\/www.uartes.edu.ec\/sitio\/wp-content\/uploads\/2021\/05\/La-Universidad-de-las-Artes-tuvo-su-Di\u0301a-de-Integracion.jpg","author_info":{"display_name":"Universidad de las Artes","author_link":"https:\/\/www.uartes.edu.ec\/sitio\/blog\/author\/dircomadm\/"},"publishpress_future_workflow_manual_trigger":{"enabledWorkflows":[]},"distributor_meta":false,"distributor_terms":false,"distributor_media":false,"distributor_original_site_name":"Universidad de las Artes","distributor_original_site_url":"https:\/\/www.uartes.edu.ec\/sitio","push-errors":false,"_links":{"self":[{"href":"https:\/\/www.uartes.edu.ec\/sitio\/wp-json\/wp\/v2\/posts\/13621","targetHints":{"allow":["GET"]}}],"collection":[{"href":"https:\/\/www.uartes.edu.ec\/sitio\/wp-json\/wp\/v2\/posts"}],"about":[{"href":"https:\/\/www.uartes.edu.ec\/sitio\/wp-json\/wp\/v2\/types\/post"}],"author":[{"embeddable":true,"href":"https:\/\/www.uartes.edu.ec\/sitio\/wp-json\/wp\/v2\/users\/1"}],"replies":[{"embeddable":true,"href":"https:\/\/www.uartes.edu.ec\/sitio\/wp-json\/wp\/v2\/comments?post=13621"}],"version-history":[{"count":1,"href":"https:\/\/www.uartes.edu.ec\/sitio\/wp-json\/wp\/v2\/posts\/13621\/revisions"}],"predecessor-version":[{"id":13622,"href":"https:\/\/www.uartes.edu.ec\/sitio\/wp-json\/wp\/v2\/posts\/13621\/revisions\/13622"}],"wp:featuredmedia":[{"embeddable":true,"href":"https:\/\/www.uartes.edu.ec\/sitio\/wp-json\/wp\/v2\/media\/13610"}],"wp:attachment":[{"href":"https:\/\/www.uartes.edu.ec\/sitio\/wp-json\/wp\/v2\/media?parent=13621"}],"wp:term":[{"taxonomy":"category","embeddable":true,"href":"https:\/\/www.uartes.edu.ec\/sitio\/wp-json\/wp\/v2\/categories?post=13621"},{"taxonomy":"post_tag","embeddable":true,"href":"https:\/\/www.uartes.edu.ec\/sitio\/wp-json\/wp\/v2\/tags?post=13621"},{"taxonomy":"infouartes","embeddable":true,"href":"https:\/\/www.uartes.edu.ec\/sitio\/wp-json\/wp\/v2\/infouartes?post=13621"}],"curies":[{"name":"wp","href":"https:\/\/api.w.org\/{rel}","templated":true}]}}