{"id":13797,"date":"2021-05-18T15:59:16","date_gmt":"2021-05-18T20:59:16","guid":{"rendered":"http:\/\/www.uartes.edu.ec\/sitio\/?p=13797"},"modified":"2024-07-04T11:27:16","modified_gmt":"2024-07-04T16:27:16","slug":"uartes-inaugura-en-mz14-las-estaciones-de-su-fab-lab","status":"publish","type":"post","link":"https:\/\/www.uartes.edu.ec\/sitio\/blog\/2021\/05\/18\/uartes-inaugura-en-mz14-las-estaciones-de-su-fab.lab","title":{"rendered":"UArtes inaugura en MZ14 las estaciones de su Fab.Lab"},"content":{"rendered":"\n<p>La Universidad de las Artes inaugurar\u00e1 este mi\u00e9rcoles 19 de mayo de 2021 las estaciones de su Fab.Lab (Fabrication Laboratory), que est\u00e1 ubicado en el Centro de Producci\u00f3n e Innovaci\u00f3n MZ14 y que recibi\u00f3 a trav\u00e9s del Hub58 y la Secretar\u00eda de Educaci\u00f3n Superior, Ciencia, Tecnolog\u00eda e Innovaci\u00f3n (Senescyt).<\/p>\n\n\n\n<p>El Fab.Lab es un laboratorio de fabricaci\u00f3n que tiene la finalidad de contribuir a la generaci\u00f3n de ideas en el capital cognitivo y a la innovaci\u00f3n de la creaci\u00f3n desde la Universidad de las Artes, se\u00f1al\u00f3 a InfoUArtes Daniel Merch\u00e1n, director de Producci\u00f3n, cuando en abril pasado se realiz\u00f3 la respectiva capacitaci\u00f3n sobre el equipamiento. Esta, agreg\u00f3, consisti\u00f3 en una instrucci\u00f3n t\u00e9cnica del funcionamiento de equipos, como m\u00e1quinas de impresi\u00f3n en 3D, m\u00e1quinas de termoformado, kit de rob\u00f3tica y arduinos, realidad virtual y programaci\u00f3n.<\/p>\n\n\n\n<p>El acto inaugural estar\u00e1 presidido por las autoridades UArtes. Su rector, doctor William Herrera R\u00edos; vicerrector Acad\u00e9mico, Bradley Hilgert; vicerrectora de Posgrado e Investigaci\u00f3n en Artes, Olga L\u00f3pez; y, Pilar Estrada, de la Direcci\u00f3n Ejecutiva de MZ14.<\/p>\n\n\n\n<p>Han sido invitados representantes de las instituciones de educaci\u00f3n superior que integran junto con la UArtes el Hub58. Estas son la Universidad Cat\u00f3lica Santiago de Guayaquil (UCSG), la Universidad T\u00e9cnica de Babahoyo (UTB), la Universidad Estatal de Bol\u00edvar (UEB), la Universidad Estatal de Milagro (UNEMI) y la Universidad T\u00e9cnica Estatal de Quevedo (UTEQ).<\/p>\n\n\n\n<p>Por la UCSG asistir\u00e1n su rector, doctor Mauro Toscanini; Walter Mera y Roberto Garc\u00eda, de la Coordinaci\u00f3n General Hub58. Por la Senescyt, Nicol\u00e1s Malo y Vallardo Villegas. Asistir\u00e1n tambi\u00e9n algunos delegados universitarios del Hub58, entre ellos, Gerson Sol\u00e1g (UCSG), Andr\u00e9s Zerega (UArtes), Ronny Onofre (UTB), Hevert Molero y Marcelo Vilcacundo (UEB) y Byron Oviedo (UTEQ).<\/p>\n\n\n\n<p>El Hub58 es una iniciativa que nace de un acuerdo de cooperaci\u00f3n interinstitucional que la Senescyt mantiene con seis universidades de la zona 5 y 8, con el prop\u00f3sito de promover la investigaci\u00f3n, la producci\u00f3n del conocimiento, la creatividad y la innovaci\u00f3n como parte de la b\u00fasqueda de potencializar las capacidades de la regi\u00f3n, la mejora de los emprendimientos y la formaci\u00f3n del talento humano.<\/p>\n","protected":false},"excerpt":{"rendered":"<p>La Universidad de las Artes inaugurar\u00e1 este mi\u00e9rcoles 19 de mayo de 2021 las estaciones de su Fab.Lab (Fabrication Laboratory), que est\u00e1 ubicado en el Centro de Producci\u00f3n e Innovaci\u00f3n MZ14 y que recibi\u00f3 a trav\u00e9s del Hub58 y la Secretar\u00eda de Educaci\u00f3n Superior, Ciencia, Tecnolog\u00eda e Innovaci\u00f3n (Senescyt).<\/p>\n","protected":false},"author":9,"featured_media":13796,"comment_status":"closed","ping_status":"closed","sticky":false,"template":"","format":"standard","meta":{"_acf_changed":false,"_uag_custom_page_level_css":"","_monsterinsights_skip_tracking":false,"_monsterinsights_sitenote_active":false,"_monsterinsights_sitenote_note":"","_monsterinsights_sitenote_category":0,"cybocfi_hide_featured_image":"","footnotes":""},"categories":[80,77,84],"tags":[106,405],"infouartes":[],"class_list":["post-13797","post","type-post","status-publish","format-standard","has-post-thumbnail","hentry","category-academico","category-gestion","category-rectorado","tag-mz14","tag-william-herrera"],"acf":[],"yoast_head":"<!-- This site is optimized with the Yoast SEO plugin v27.4 - https:\/\/yoast.com\/product\/yoast-seo-wordpress\/ -->\n<title>Universidad de las Artes - UArtes inaugura en MZ14 las estaciones de su Fab.Lab<\/title>\n<meta name=\"description\" content=\"Universidad de las Artes - UArtes inaugura en MZ14 las estaciones de su Fab.Lab\" \/>\n<meta name=\"robots\" content=\"index, follow, max-snippet:-1, max-image-preview:large, max-video-preview:-1\" \/>\n<link rel=\"canonical\" href=\"https:\/\/www.uartes.edu.ec\/sitio\/blog\/2021\/05\/18\/uartes-inaugura-en-mz14-las-estaciones-de-su-fab.lab\" \/>\n<meta property=\"og:locale\" content=\"es_ES\" \/>\n<meta property=\"og:type\" content=\"article\" \/>\n<meta property=\"og:title\" content=\"Universidad de las Artes - UArtes inaugura en MZ14 las estaciones de su Fab.Lab\" \/>\n<meta property=\"og:description\" content=\"Universidad de las Artes - UArtes inaugura en MZ14 las estaciones de su Fab.Lab\" \/>\n<meta property=\"og:url\" content=\"https:\/\/www.uartes.edu.ec\/sitio\/blog\/2021\/05\/18\/uartes-inaugura-en-mz14-las-estaciones-de-su-fab.lab\" \/>\n<meta property=\"og:site_name\" content=\"Universidad de las Artes\" \/>\n<meta property=\"article:publisher\" content=\"https:\/\/www.facebook.com\/uartesec\" \/>\n<meta property=\"article:published_time\" content=\"2021-05-18T20:59:16+00:00\" \/>\n<meta property=\"article:modified_time\" content=\"2024-07-04T16:27:16+00:00\" \/>\n<meta property=\"og:image\" content=\"https:\/\/www.uartes.edu.ec\/sitio\/wp-content\/uploads\/2021\/05\/FAB-LAB-OK.jpg\" \/>\n\t<meta property=\"og:image:width\" content=\"2000\" \/>\n\t<meta property=\"og:image:height\" content=\"1334\" \/>\n\t<meta property=\"og:image:type\" content=\"image\/jpeg\" \/>\n<meta name=\"author\" content=\"tmariduena\" \/>\n<meta name=\"twitter:card\" content=\"summary_large_image\" \/>\n<meta name=\"twitter:creator\" content=\"@uartesec\" \/>\n<meta name=\"twitter:site\" content=\"@uartesec\" \/>\n<meta name=\"twitter:label1\" content=\"Escrito por\" \/>\n\t<meta name=\"twitter:data1\" content=\"tmariduena\" \/>\n\t<meta name=\"twitter:label2\" content=\"Tiempo de lectura\" \/>\n\t<meta name=\"twitter:data2\" content=\"2 minutos\" \/>\n<script type=\"application\/ld+json\" class=\"yoast-schema-graph\">{\"@context\":\"https:\\\/\\\/schema.org\",\"@graph\":[{\"@type\":\"Article\",\"@id\":\"https:\\\/\\\/www.uartes.edu.ec\\\/sitio\\\/blog\\\/2021\\\/05\\\/18\\\/uartes-inaugura-en-mz14-las-estaciones-de-su-fab.lab#article\",\"isPartOf\":{\"@id\":\"https:\\\/\\\/www.uartes.edu.ec\\\/sitio\\\/blog\\\/2021\\\/05\\\/18\\\/uartes-inaugura-en-mz14-las-estaciones-de-su-fab.lab\"},\"author\":{\"name\":\"tmariduena\",\"@id\":\"https:\\\/\\\/www.uartes.edu.ec\\\/sitio\\\/#\\\/schema\\\/person\\\/5374e8c901d217252e42ba3c04399dd6\"},\"headline\":\"UArtes inaugura en MZ14 las estaciones de su Fab.Lab\",\"datePublished\":\"2021-05-18T20:59:16+00:00\",\"dateModified\":\"2024-07-04T16:27:16+00:00\",\"mainEntityOfPage\":{\"@id\":\"https:\\\/\\\/www.uartes.edu.ec\\\/sitio\\\/blog\\\/2021\\\/05\\\/18\\\/uartes-inaugura-en-mz14-las-estaciones-de-su-fab.lab\"},\"wordCount\":400,\"publisher\":{\"@id\":\"https:\\\/\\\/www.uartes.edu.ec\\\/sitio\\\/#organization\"},\"image\":{\"@id\":\"https:\\\/\\\/www.uartes.edu.ec\\\/sitio\\\/blog\\\/2021\\\/05\\\/18\\\/uartes-inaugura-en-mz14-las-estaciones-de-su-fab.lab#primaryimage\"},\"thumbnailUrl\":\"https:\\\/\\\/www.uartes.edu.ec\\\/sitio\\\/wp-content\\\/uploads\\\/2021\\\/05\\\/FAB-LAB-OK.jpg\",\"keywords\":[\"mz14\",\"William Herrera\"],\"articleSection\":[\"Acad\u00e9mico\",\"Gesti\u00f3n\",\"Rectorado\"],\"inLanguage\":\"es\"},{\"@type\":[\"WebPage\",\"ItemPage\"],\"@id\":\"https:\\\/\\\/www.uartes.edu.ec\\\/sitio\\\/blog\\\/2021\\\/05\\\/18\\\/uartes-inaugura-en-mz14-las-estaciones-de-su-fab.lab\",\"url\":\"https:\\\/\\\/www.uartes.edu.ec\\\/sitio\\\/blog\\\/2021\\\/05\\\/18\\\/uartes-inaugura-en-mz14-las-estaciones-de-su-fab.lab\",\"name\":\"Universidad de las Artes - UArtes inaugura en MZ14 las estaciones de su Fab.Lab\",\"isPartOf\":{\"@id\":\"https:\\\/\\\/www.uartes.edu.ec\\\/sitio\\\/#website\"},\"primaryImageOfPage\":{\"@id\":\"https:\\\/\\\/www.uartes.edu.ec\\\/sitio\\\/blog\\\/2021\\\/05\\\/18\\\/uartes-inaugura-en-mz14-las-estaciones-de-su-fab.lab#primaryimage\"},\"image\":{\"@id\":\"https:\\\/\\\/www.uartes.edu.ec\\\/sitio\\\/blog\\\/2021\\\/05\\\/18\\\/uartes-inaugura-en-mz14-las-estaciones-de-su-fab.lab#primaryimage\"},\"thumbnailUrl\":\"https:\\\/\\\/www.uartes.edu.ec\\\/sitio\\\/wp-content\\\/uploads\\\/2021\\\/05\\\/FAB-LAB-OK.jpg\",\"datePublished\":\"2021-05-18T20:59:16+00:00\",\"dateModified\":\"2024-07-04T16:27:16+00:00\",\"description\":\"Universidad de las Artes - UArtes inaugura en MZ14 las estaciones de su Fab.Lab\",\"breadcrumb\":{\"@id\":\"https:\\\/\\\/www.uartes.edu.ec\\\/sitio\\\/blog\\\/2021\\\/05\\\/18\\\/uartes-inaugura-en-mz14-las-estaciones-de-su-fab.lab#breadcrumb\"},\"inLanguage\":\"es\",\"potentialAction\":[{\"@type\":\"ReadAction\",\"target\":[\"https:\\\/\\\/www.uartes.edu.ec\\\/sitio\\\/blog\\\/2021\\\/05\\\/18\\\/uartes-inaugura-en-mz14-las-estaciones-de-su-fab.lab\"]}]},{\"@type\":\"ImageObject\",\"inLanguage\":\"es\",\"@id\":\"https:\\\/\\\/www.uartes.edu.ec\\\/sitio\\\/blog\\\/2021\\\/05\\\/18\\\/uartes-inaugura-en-mz14-las-estaciones-de-su-fab.lab#primaryimage\",\"url\":\"https:\\\/\\\/www.uartes.edu.ec\\\/sitio\\\/wp-content\\\/uploads\\\/2021\\\/05\\\/FAB-LAB-OK.jpg\",\"contentUrl\":\"https:\\\/\\\/www.uartes.edu.ec\\\/sitio\\\/wp-content\\\/uploads\\\/2021\\\/05\\\/FAB-LAB-OK.jpg\",\"width\":2000,\"height\":1334,\"caption\":\"Instrucci\u00f3n t\u00e9cnica del funcionamiento de equipos\"},{\"@type\":\"BreadcrumbList\",\"@id\":\"https:\\\/\\\/www.uartes.edu.ec\\\/sitio\\\/blog\\\/2021\\\/05\\\/18\\\/uartes-inaugura-en-mz14-las-estaciones-de-su-fab.lab#breadcrumb\",\"itemListElement\":[{\"@type\":\"ListItem\",\"position\":1,\"name\":\"Inicio\",\"item\":\"https:\\\/\\\/www.uartes.edu.ec\\\/sitio\\\/\"},{\"@type\":\"ListItem\",\"position\":2,\"name\":\"UArtes inaugura en MZ14 las estaciones de su Fab.Lab\"}]},{\"@type\":\"WebSite\",\"@id\":\"https:\\\/\\\/www.uartes.edu.ec\\\/sitio\\\/#website\",\"url\":\"https:\\\/\\\/www.uartes.edu.ec\\\/sitio\\\/\",\"name\":\"Universidad de las Artes\",\"description\":\"Sitio oficial de la Universidad Nacional de las Artes del Ecuador\",\"publisher\":{\"@id\":\"https:\\\/\\\/www.uartes.edu.ec\\\/sitio\\\/#organization\"},\"potentialAction\":[{\"@type\":\"SearchAction\",\"target\":{\"@type\":\"EntryPoint\",\"urlTemplate\":\"https:\\\/\\\/www.uartes.edu.ec\\\/sitio\\\/?s={search_term_string}\"},\"query-input\":{\"@type\":\"PropertyValueSpecification\",\"valueRequired\":true,\"valueName\":\"search_term_string\"}}],\"inLanguage\":\"es\"},{\"@type\":\"Organization\",\"@id\":\"https:\\\/\\\/www.uartes.edu.ec\\\/sitio\\\/#organization\",\"name\":\"Universidad de las Artes\",\"url\":\"https:\\\/\\\/www.uartes.edu.ec\\\/sitio\\\/\",\"logo\":{\"@type\":\"ImageObject\",\"inLanguage\":\"es\",\"@id\":\"https:\\\/\\\/www.uartes.edu.ec\\\/sitio\\\/#\\\/schema\\\/logo\\\/image\\\/\",\"url\":\"https:\\\/\\\/www.uartes.edu.ec\\\/sitio\\\/wp-content\\\/uploads\\\/2022\\\/07\\\/logo-ua-horizontal.png\",\"contentUrl\":\"https:\\\/\\\/www.uartes.edu.ec\\\/sitio\\\/wp-content\\\/uploads\\\/2022\\\/07\\\/logo-ua-horizontal.png\",\"width\":800,\"height\":276,\"caption\":\"Universidad de las Artes\"},\"image\":{\"@id\":\"https:\\\/\\\/www.uartes.edu.ec\\\/sitio\\\/#\\\/schema\\\/logo\\\/image\\\/\"},\"sameAs\":[\"https:\\\/\\\/www.facebook.com\\\/uartesec\",\"https:\\\/\\\/x.com\\\/uartesec\",\"https:\\\/\\\/www.tiktok.com\\\/@uartesec\"]},{\"@type\":\"Person\",\"@id\":\"https:\\\/\\\/www.uartes.edu.ec\\\/sitio\\\/#\\\/schema\\\/person\\\/5374e8c901d217252e42ba3c04399dd6\",\"name\":\"tmariduena\",\"image\":{\"@type\":\"ImageObject\",\"inLanguage\":\"es\",\"@id\":\"https:\\\/\\\/secure.gravatar.com\\\/avatar\\\/20778b5ee784b2262381c66dd01e01078412c554f20b8232234574602e22ba24?s=96&d=mm&r=g\",\"url\":\"https:\\\/\\\/secure.gravatar.com\\\/avatar\\\/20778b5ee784b2262381c66dd01e01078412c554f20b8232234574602e22ba24?s=96&d=mm&r=g\",\"contentUrl\":\"https:\\\/\\\/secure.gravatar.com\\\/avatar\\\/20778b5ee784b2262381c66dd01e01078412c554f20b8232234574602e22ba24?s=96&d=mm&r=g\",\"caption\":\"tmariduena\"},\"url\":\"https:\\\/\\\/www.uartes.edu.ec\\\/sitio\\\/blog\\\/author\\\/tmariduena\\\/\"}]}<\/script>\n<!-- \/ Yoast SEO plugin. -->","yoast_head_json":{"title":"Universidad de las Artes - UArtes inaugura en MZ14 las estaciones de su Fab.Lab","description":"Universidad de las Artes - UArtes inaugura en MZ14 las estaciones de su Fab.Lab","robots":{"index":"index","follow":"follow","max-snippet":"max-snippet:-1","max-image-preview":"max-image-preview:large","max-video-preview":"max-video-preview:-1"},"canonical":"https:\/\/www.uartes.edu.ec\/sitio\/blog\/2021\/05\/18\/uartes-inaugura-en-mz14-las-estaciones-de-su-fab.lab","og_locale":"es_ES","og_type":"article","og_title":"Universidad de las Artes - UArtes inaugura en MZ14 las estaciones de su Fab.Lab","og_description":"Universidad de las Artes - UArtes inaugura en MZ14 las estaciones de su Fab.Lab","og_url":"https:\/\/www.uartes.edu.ec\/sitio\/blog\/2021\/05\/18\/uartes-inaugura-en-mz14-las-estaciones-de-su-fab.lab","og_site_name":"Universidad de las Artes","article_publisher":"https:\/\/www.facebook.com\/uartesec","article_published_time":"2021-05-18T20:59:16+00:00","article_modified_time":"2024-07-04T16:27:16+00:00","og_image":[{"width":2000,"height":1334,"url":"https:\/\/www.uartes.edu.ec\/sitio\/wp-content\/uploads\/2021\/05\/FAB-LAB-OK.jpg","type":"image\/jpeg"}],"author":"tmariduena","twitter_card":"summary_large_image","twitter_creator":"@uartesec","twitter_site":"@uartesec","twitter_misc":{"Escrito por":"tmariduena","Tiempo de lectura":"2 minutos"},"schema":{"@context":"https:\/\/schema.org","@graph":[{"@type":"Article","@id":"https:\/\/www.uartes.edu.ec\/sitio\/blog\/2021\/05\/18\/uartes-inaugura-en-mz14-las-estaciones-de-su-fab.lab#article","isPartOf":{"@id":"https:\/\/www.uartes.edu.ec\/sitio\/blog\/2021\/05\/18\/uartes-inaugura-en-mz14-las-estaciones-de-su-fab.lab"},"author":{"name":"tmariduena","@id":"https:\/\/www.uartes.edu.ec\/sitio\/#\/schema\/person\/5374e8c901d217252e42ba3c04399dd6"},"headline":"UArtes inaugura en MZ14 las estaciones de su Fab.Lab","datePublished":"2021-05-18T20:59:16+00:00","dateModified":"2024-07-04T16:27:16+00:00","mainEntityOfPage":{"@id":"https:\/\/www.uartes.edu.ec\/sitio\/blog\/2021\/05\/18\/uartes-inaugura-en-mz14-las-estaciones-de-su-fab.lab"},"wordCount":400,"publisher":{"@id":"https:\/\/www.uartes.edu.ec\/sitio\/#organization"},"image":{"@id":"https:\/\/www.uartes.edu.ec\/sitio\/blog\/2021\/05\/18\/uartes-inaugura-en-mz14-las-estaciones-de-su-fab.lab#primaryimage"},"thumbnailUrl":"https:\/\/www.uartes.edu.ec\/sitio\/wp-content\/uploads\/2021\/05\/FAB-LAB-OK.jpg","keywords":["mz14","William Herrera"],"articleSection":["Acad\u00e9mico","Gesti\u00f3n","Rectorado"],"inLanguage":"es"},{"@type":["WebPage","ItemPage"],"@id":"https:\/\/www.uartes.edu.ec\/sitio\/blog\/2021\/05\/18\/uartes-inaugura-en-mz14-las-estaciones-de-su-fab.lab","url":"https:\/\/www.uartes.edu.ec\/sitio\/blog\/2021\/05\/18\/uartes-inaugura-en-mz14-las-estaciones-de-su-fab.lab","name":"Universidad de las Artes - UArtes inaugura en MZ14 las estaciones de su Fab.Lab","isPartOf":{"@id":"https:\/\/www.uartes.edu.ec\/sitio\/#website"},"primaryImageOfPage":{"@id":"https:\/\/www.uartes.edu.ec\/sitio\/blog\/2021\/05\/18\/uartes-inaugura-en-mz14-las-estaciones-de-su-fab.lab#primaryimage"},"image":{"@id":"https:\/\/www.uartes.edu.ec\/sitio\/blog\/2021\/05\/18\/uartes-inaugura-en-mz14-las-estaciones-de-su-fab.lab#primaryimage"},"thumbnailUrl":"https:\/\/www.uartes.edu.ec\/sitio\/wp-content\/uploads\/2021\/05\/FAB-LAB-OK.jpg","datePublished":"2021-05-18T20:59:16+00:00","dateModified":"2024-07-04T16:27:16+00:00","description":"Universidad de las Artes - UArtes inaugura en MZ14 las estaciones de su Fab.Lab","breadcrumb":{"@id":"https:\/\/www.uartes.edu.ec\/sitio\/blog\/2021\/05\/18\/uartes-inaugura-en-mz14-las-estaciones-de-su-fab.lab#breadcrumb"},"inLanguage":"es","potentialAction":[{"@type":"ReadAction","target":["https:\/\/www.uartes.edu.ec\/sitio\/blog\/2021\/05\/18\/uartes-inaugura-en-mz14-las-estaciones-de-su-fab.lab"]}]},{"@type":"ImageObject","inLanguage":"es","@id":"https:\/\/www.uartes.edu.ec\/sitio\/blog\/2021\/05\/18\/uartes-inaugura-en-mz14-las-estaciones-de-su-fab.lab#primaryimage","url":"https:\/\/www.uartes.edu.ec\/sitio\/wp-content\/uploads\/2021\/05\/FAB-LAB-OK.jpg","contentUrl":"https:\/\/www.uartes.edu.ec\/sitio\/wp-content\/uploads\/2021\/05\/FAB-LAB-OK.jpg","width":2000,"height":1334,"caption":"Instrucci\u00f3n t\u00e9cnica del funcionamiento de equipos"},{"@type":"BreadcrumbList","@id":"https:\/\/www.uartes.edu.ec\/sitio\/blog\/2021\/05\/18\/uartes-inaugura-en-mz14-las-estaciones-de-su-fab.lab#breadcrumb","itemListElement":[{"@type":"ListItem","position":1,"name":"Inicio","item":"https:\/\/www.uartes.edu.ec\/sitio\/"},{"@type":"ListItem","position":2,"name":"UArtes inaugura en MZ14 las estaciones de su Fab.Lab"}]},{"@type":"WebSite","@id":"https:\/\/www.uartes.edu.ec\/sitio\/#website","url":"https:\/\/www.uartes.edu.ec\/sitio\/","name":"Universidad de las Artes","description":"Sitio oficial de la Universidad Nacional de las Artes del Ecuador","publisher":{"@id":"https:\/\/www.uartes.edu.ec\/sitio\/#organization"},"potentialAction":[{"@type":"SearchAction","target":{"@type":"EntryPoint","urlTemplate":"https:\/\/www.uartes.edu.ec\/sitio\/?s={search_term_string}"},"query-input":{"@type":"PropertyValueSpecification","valueRequired":true,"valueName":"search_term_string"}}],"inLanguage":"es"},{"@type":"Organization","@id":"https:\/\/www.uartes.edu.ec\/sitio\/#organization","name":"Universidad de las Artes","url":"https:\/\/www.uartes.edu.ec\/sitio\/","logo":{"@type":"ImageObject","inLanguage":"es","@id":"https:\/\/www.uartes.edu.ec\/sitio\/#\/schema\/logo\/image\/","url":"https:\/\/www.uartes.edu.ec\/sitio\/wp-content\/uploads\/2022\/07\/logo-ua-horizontal.png","contentUrl":"https:\/\/www.uartes.edu.ec\/sitio\/wp-content\/uploads\/2022\/07\/logo-ua-horizontal.png","width":800,"height":276,"caption":"Universidad de las Artes"},"image":{"@id":"https:\/\/www.uartes.edu.ec\/sitio\/#\/schema\/logo\/image\/"},"sameAs":["https:\/\/www.facebook.com\/uartesec","https:\/\/x.com\/uartesec","https:\/\/www.tiktok.com\/@uartesec"]},{"@type":"Person","@id":"https:\/\/www.uartes.edu.ec\/sitio\/#\/schema\/person\/5374e8c901d217252e42ba3c04399dd6","name":"tmariduena","image":{"@type":"ImageObject","inLanguage":"es","@id":"https:\/\/secure.gravatar.com\/avatar\/20778b5ee784b2262381c66dd01e01078412c554f20b8232234574602e22ba24?s=96&d=mm&r=g","url":"https:\/\/secure.gravatar.com\/avatar\/20778b5ee784b2262381c66dd01e01078412c554f20b8232234574602e22ba24?s=96&d=mm&r=g","contentUrl":"https:\/\/secure.gravatar.com\/avatar\/20778b5ee784b2262381c66dd01e01078412c554f20b8232234574602e22ba24?s=96&d=mm&r=g","caption":"tmariduena"},"url":"https:\/\/www.uartes.edu.ec\/sitio\/blog\/author\/tmariduena\/"}]}},"uagb_featured_image_src":{"full":["https:\/\/www.uartes.edu.ec\/sitio\/wp-content\/uploads\/2021\/05\/FAB-LAB-OK.jpg",2000,1334,false],"thumbnail":["https:\/\/www.uartes.edu.ec\/sitio\/wp-content\/uploads\/2021\/05\/FAB-LAB-OK-150x150.jpg",150,150,true],"medium":["https:\/\/www.uartes.edu.ec\/sitio\/wp-content\/uploads\/2021\/05\/FAB-LAB-OK-300x200.jpg",300,200,true],"medium_large":["https:\/\/www.uartes.edu.ec\/sitio\/wp-content\/uploads\/2021\/05\/FAB-LAB-OK-768x512.jpg",768,512,true],"large":["https:\/\/www.uartes.edu.ec\/sitio\/wp-content\/uploads\/2021\/05\/FAB-LAB-OK-644x430.jpg",644,430,true],"1536x1536":["https:\/\/www.uartes.edu.ec\/sitio\/wp-content\/uploads\/2021\/05\/FAB-LAB-OK-1536x1025.jpg",1536,1025,true],"2048x2048":["https:\/\/www.uartes.edu.ec\/sitio\/wp-content\/uploads\/2021\/05\/FAB-LAB-OK.jpg",2000,1334,false],"trp-custom-language-flag":["https:\/\/www.uartes.edu.ec\/sitio\/wp-content\/uploads\/2021\/05\/FAB-LAB-OK.jpg",18,12,false],"htmega_size_585x295":["https:\/\/www.uartes.edu.ec\/sitio\/wp-content\/uploads\/2021\/05\/FAB-LAB-OK-585x295.jpg",585,295,true],"htmega_size_1170x536":["https:\/\/www.uartes.edu.ec\/sitio\/wp-content\/uploads\/2021\/05\/FAB-LAB-OK-1170x536.jpg",1170,536,true],"htmega_size_396x360":["https:\/\/www.uartes.edu.ec\/sitio\/wp-content\/uploads\/2021\/05\/FAB-LAB-OK-396x360.jpg",396,360,true],"gb-block-post-grid-landscape":["https:\/\/www.uartes.edu.ec\/sitio\/wp-content\/uploads\/2021\/05\/FAB-LAB-OK.jpg",600,400,false],"gb-block-post-grid-square":["https:\/\/www.uartes.edu.ec\/sitio\/wp-content\/uploads\/2021\/05\/FAB-LAB-OK.jpg",600,400,false],"university-hub-thumb":["https:\/\/www.uartes.edu.ec\/sitio\/wp-content\/uploads\/2021\/05\/FAB-LAB-OK-400x267.jpg",400,267,true]},"uagb_author_info":{"display_name":"tmariduena","author_link":"https:\/\/www.uartes.edu.ec\/sitio\/blog\/author\/tmariduena\/"},"uagb_comment_info":0,"uagb_excerpt":"La Universidad de las Artes inaugurar\u00e1 este mi\u00e9rcoles 19 de mayo de 2021 las estaciones de su Fab.Lab (Fabrication Laboratory), que est\u00e1 ubicado en el Centro de Producci\u00f3n e Innovaci\u00f3n MZ14 y que recibi\u00f3 a trav\u00e9s del Hub58 y la Secretar\u00eda de Educaci\u00f3n Superior, Ciencia, Tecnolog\u00eda e Innovaci\u00f3n (Senescyt).","featured_image_src":"https:\/\/www.uartes.edu.ec\/sitio\/wp-content\/uploads\/2021\/05\/FAB-LAB-OK.jpg","featured_image_src_square":"https:\/\/www.uartes.edu.ec\/sitio\/wp-content\/uploads\/2021\/05\/FAB-LAB-OK.jpg","author_info":{"display_name":"tmariduena","author_link":"https:\/\/www.uartes.edu.ec\/sitio\/blog\/author\/tmariduena\/"},"publishpress_future_workflow_manual_trigger":{"enabledWorkflows":[]},"distributor_meta":false,"distributor_terms":false,"distributor_media":false,"distributor_original_site_name":"Universidad de las Artes","distributor_original_site_url":"https:\/\/www.uartes.edu.ec\/sitio","push-errors":false,"_links":{"self":[{"href":"https:\/\/www.uartes.edu.ec\/sitio\/wp-json\/wp\/v2\/posts\/13797","targetHints":{"allow":["GET"]}}],"collection":[{"href":"https:\/\/www.uartes.edu.ec\/sitio\/wp-json\/wp\/v2\/posts"}],"about":[{"href":"https:\/\/www.uartes.edu.ec\/sitio\/wp-json\/wp\/v2\/types\/post"}],"author":[{"embeddable":true,"href":"https:\/\/www.uartes.edu.ec\/sitio\/wp-json\/wp\/v2\/users\/9"}],"replies":[{"embeddable":true,"href":"https:\/\/www.uartes.edu.ec\/sitio\/wp-json\/wp\/v2\/comments?post=13797"}],"version-history":[{"count":2,"href":"https:\/\/www.uartes.edu.ec\/sitio\/wp-json\/wp\/v2\/posts\/13797\/revisions"}],"predecessor-version":[{"id":13801,"href":"https:\/\/www.uartes.edu.ec\/sitio\/wp-json\/wp\/v2\/posts\/13797\/revisions\/13801"}],"wp:featuredmedia":[{"embeddable":true,"href":"https:\/\/www.uartes.edu.ec\/sitio\/wp-json\/wp\/v2\/media\/13796"}],"wp:attachment":[{"href":"https:\/\/www.uartes.edu.ec\/sitio\/wp-json\/wp\/v2\/media?parent=13797"}],"wp:term":[{"taxonomy":"category","embeddable":true,"href":"https:\/\/www.uartes.edu.ec\/sitio\/wp-json\/wp\/v2\/categories?post=13797"},{"taxonomy":"post_tag","embeddable":true,"href":"https:\/\/www.uartes.edu.ec\/sitio\/wp-json\/wp\/v2\/tags?post=13797"},{"taxonomy":"infouartes","embeddable":true,"href":"https:\/\/www.uartes.edu.ec\/sitio\/wp-json\/wp\/v2\/infouartes?post=13797"}],"curies":[{"name":"wp","href":"https:\/\/api.w.org\/{rel}","templated":true}]}}