{"id":1385,"date":"2018-03-21T16:20:29","date_gmt":"2018-03-21T21:20:29","guid":{"rendered":"http:\/\/www.uartes.edu.ec\/infouartes\/?p=1385"},"modified":"2024-07-04T11:53:55","modified_gmt":"2024-07-04T16:53:55","slug":"convenio-con-el-instituto-de-fomento-a-las-artes-innovacion-y-creatividad-permitira-el-desarrollo-de-proyectos-artisticos","status":"publish","type":"post","link":"https:\/\/www.uartes.edu.ec\/sitio\/blog\/2018\/03\/21\/convenio-con-el-instituto-de-fomento-a-las-artes-innovacion-y-creatividad-permitira-el-desarrollo-de-proyectos-artisticos\/","title":{"rendered":"Convenio con el Instituto de Fomento a las Artes, Innovaci\u00f3n y Creatividad permitir\u00e1 el desarrollo de proyectos art\u00edsticos"},"content":{"rendered":"<p>La Universidad de las Artes del Ecuador (UArtes) firmar\u00e1 un convenio marco de cooperaci\u00f3n interinstitucional con el Instituto de Fomento a las Artes, Innovaci\u00f3n y Creatividad (IFAIC), el pr\u00f3ximo mi\u00e9rcoles 28 de marzo de 2018, a las 11h00, en el Sal\u00f3n de Uso M\u00faltiple, Campus Centro UArtes, Av. Malec\u00f3n y Aguirre.<\/p>\n<p>El acuerdo tiene como objetivo coordinar y articular acciones conjuntas que permitan destinar o gestionar recursos financieros, humanos, t\u00e9cnicos, con la intenci\u00f3n de promover el desarrollo de proyectos interinstitucionales de cooperaci\u00f3n acad\u00e9mica, fomento e innovaci\u00f3n cultural y art\u00edstica que aporten al desarrollo y fomento de emprendimientos culturales y art\u00edsticos a nivel nacional.<\/p>\n<p>\u201cA trav\u00e9s de este convenio se fortalecer\u00e1 la agenda art\u00edstica y acad\u00e9mica de las instituciones a trav\u00e9s de la organizaci\u00f3n conjunta de encuentros, ferias, talleres, conversatorios, congresos, seminarios. Adem\u00e1s, se prev\u00e9 el desarrollo de proyectos en las \u00e1reas de investigaci\u00f3n, creaci\u00f3n, e innovaci\u00f3n de ambas instituciones. De ah\u00ed que, el IFAIC contar\u00e1 con un espacio en las instalaciones del Centro de Innovaci\u00f3n Cultural que se alojar\u00e1 en el ex edificio de la Bolsa de Valores, Av. 9 de Octubre y Pichincha, centro de Guayaquil\u201d, afirma Maite Freire, Directora del Centro de Innovaci\u00f3n Cultural.<\/p>\n<p>La cooperaci\u00f3n se har\u00e1 en las \u00e1reas del Subsistema de Arte e Innovaci\u00f3n que sean de inter\u00e9s acad\u00e9mico, art\u00edstico y cultural para ambas instituciones. Entre las acciones espec\u00edficas de cooperaci\u00f3n, las entidades llevar\u00e1n en conjunto una agenda de formaci\u00f3n de p\u00fablicos que se realizar\u00e1 a trav\u00e9s de jornadas de capacitaci\u00f3n y talleres.<\/p>\n","protected":false},"excerpt":{"rendered":"<p>La Universidad de las Artes del Ecuador (UArtes) firmar\u00e1 un convenio marco de cooperaci\u00f3n interinstitucional con el Instituto de Fomento a las Artes, Innovaci\u00f3n y Creatividad (IFAIC), el pr\u00f3ximo mi\u00e9rcoles 28 de marzo de 2018, a las 11h00, en el Sal\u00f3n de Uso M\u00faltiple, Campus Centro UArtes, Av. Malec\u00f3n y Aguirre. El acuerdo tiene como [&hellip;]<\/p>\n","protected":false},"author":1,"featured_media":1386,"comment_status":"closed","ping_status":"closed","sticky":false,"template":"","format":"standard","meta":{"_acf_changed":false,"_uag_custom_page_level_css":"","_monsterinsights_skip_tracking":false,"_monsterinsights_sitenote_active":false,"_monsterinsights_sitenote_note":"","_monsterinsights_sitenote_category":0,"cybocfi_hide_featured_image":"","footnotes":""},"categories":[77],"tags":[],"infouartes":[],"class_list":["post-1385","post","type-post","status-publish","format-standard","has-post-thumbnail","hentry","category-gestion"],"acf":[],"yoast_head":"<!-- This site is optimized with the Yoast SEO plugin v27.4 - https:\/\/yoast.com\/product\/yoast-seo-wordpress\/ -->\n<title>Universidad de las Artes - Convenio con el Instituto de Fomento a las Artes, Innovaci\u00f3n y Creatividad permitir\u00e1 el desarrollo de proyectos art\u00edsticos<\/title>\n<meta name=\"description\" content=\"Universidad de las Artes - Convenio con el Instituto de Fomento a las Artes, Innovaci\u00f3n y Creatividad permitir\u00e1 el desarrollo de proyectos art\u00edsticos\" \/>\n<meta name=\"robots\" content=\"index, follow, max-snippet:-1, max-image-preview:large, max-video-preview:-1\" \/>\n<link rel=\"canonical\" href=\"https:\/\/www.uartes.edu.ec\/sitio\/blog\/2018\/03\/21\/convenio-con-el-instituto-de-fomento-a-las-artes-innovacion-y-creatividad-permitira-el-desarrollo-de-proyectos-artisticos\/\" \/>\n<meta property=\"og:locale\" content=\"es_ES\" \/>\n<meta property=\"og:type\" content=\"article\" \/>\n<meta property=\"og:title\" content=\"Universidad de las Artes - Convenio con el Instituto de Fomento a las Artes, Innovaci\u00f3n y Creatividad permitir\u00e1 el desarrollo de proyectos art\u00edsticos\" \/>\n<meta property=\"og:description\" content=\"Universidad de las Artes - Convenio con el Instituto de Fomento a las Artes, Innovaci\u00f3n y Creatividad permitir\u00e1 el desarrollo de proyectos art\u00edsticos\" \/>\n<meta property=\"og:url\" content=\"https:\/\/www.uartes.edu.ec\/sitio\/blog\/2018\/03\/21\/convenio-con-el-instituto-de-fomento-a-las-artes-innovacion-y-creatividad-permitira-el-desarrollo-de-proyectos-artisticos\/\" \/>\n<meta property=\"og:site_name\" content=\"Universidad de las Artes\" \/>\n<meta property=\"article:publisher\" content=\"https:\/\/www.facebook.com\/uartesec\" \/>\n<meta property=\"article:published_time\" content=\"2018-03-21T21:20:29+00:00\" \/>\n<meta property=\"article:modified_time\" content=\"2024-07-04T16:53:55+00:00\" \/>\n<meta name=\"author\" content=\"Universidad de las Artes\" \/>\n<meta name=\"twitter:card\" content=\"summary_large_image\" \/>\n<meta name=\"twitter:creator\" content=\"@uartesec\" \/>\n<meta name=\"twitter:site\" content=\"@uartesec\" \/>\n<meta name=\"twitter:label1\" content=\"Escrito por\" \/>\n\t<meta name=\"twitter:data1\" content=\"Universidad de las Artes\" \/>\n\t<meta name=\"twitter:label2\" content=\"Tiempo de lectura\" \/>\n\t<meta name=\"twitter:data2\" content=\"1 minuto\" \/>\n<script type=\"application\/ld+json\" class=\"yoast-schema-graph\">{\"@context\":\"https:\\\/\\\/schema.org\",\"@graph\":[{\"@type\":\"Article\",\"@id\":\"https:\\\/\\\/www.uartes.edu.ec\\\/sitio\\\/blog\\\/2018\\\/03\\\/21\\\/convenio-con-el-instituto-de-fomento-a-las-artes-innovacion-y-creatividad-permitira-el-desarrollo-de-proyectos-artisticos\\\/#article\",\"isPartOf\":{\"@id\":\"https:\\\/\\\/www.uartes.edu.ec\\\/sitio\\\/blog\\\/2018\\\/03\\\/21\\\/convenio-con-el-instituto-de-fomento-a-las-artes-innovacion-y-creatividad-permitira-el-desarrollo-de-proyectos-artisticos\\\/\"},\"author\":{\"name\":\"Universidad de las Artes\",\"@id\":\"https:\\\/\\\/www.uartes.edu.ec\\\/sitio\\\/#\\\/schema\\\/person\\\/f33f8c1d2af0d5c80a38c8abf458184a\"},\"headline\":\"Convenio con el Instituto de Fomento a las Artes, Innovaci\u00f3n y Creatividad permitir\u00e1 el desarrollo de proyectos art\u00edsticos\",\"datePublished\":\"2018-03-21T21:20:29+00:00\",\"dateModified\":\"2024-07-04T16:53:55+00:00\",\"mainEntityOfPage\":{\"@id\":\"https:\\\/\\\/www.uartes.edu.ec\\\/sitio\\\/blog\\\/2018\\\/03\\\/21\\\/convenio-con-el-instituto-de-fomento-a-las-artes-innovacion-y-creatividad-permitira-el-desarrollo-de-proyectos-artisticos\\\/\"},\"wordCount\":302,\"publisher\":{\"@id\":\"https:\\\/\\\/www.uartes.edu.ec\\\/sitio\\\/#organization\"},\"image\":{\"@id\":\"https:\\\/\\\/www.uartes.edu.ec\\\/sitio\\\/blog\\\/2018\\\/03\\\/21\\\/convenio-con-el-instituto-de-fomento-a-las-artes-innovacion-y-creatividad-permitira-el-desarrollo-de-proyectos-artisticos\\\/#primaryimage\"},\"thumbnailUrl\":\"\",\"articleSection\":[\"Gesti\u00f3n\"],\"inLanguage\":\"es\"},{\"@type\":[\"WebPage\",\"ItemPage\"],\"@id\":\"https:\\\/\\\/www.uartes.edu.ec\\\/sitio\\\/blog\\\/2018\\\/03\\\/21\\\/convenio-con-el-instituto-de-fomento-a-las-artes-innovacion-y-creatividad-permitira-el-desarrollo-de-proyectos-artisticos\\\/\",\"url\":\"https:\\\/\\\/www.uartes.edu.ec\\\/sitio\\\/blog\\\/2018\\\/03\\\/21\\\/convenio-con-el-instituto-de-fomento-a-las-artes-innovacion-y-creatividad-permitira-el-desarrollo-de-proyectos-artisticos\\\/\",\"name\":\"Universidad de las Artes - Convenio con el Instituto de Fomento a las Artes, Innovaci\u00f3n y Creatividad permitir\u00e1 el desarrollo de proyectos art\u00edsticos\",\"isPartOf\":{\"@id\":\"https:\\\/\\\/www.uartes.edu.ec\\\/sitio\\\/#website\"},\"primaryImageOfPage\":{\"@id\":\"https:\\\/\\\/www.uartes.edu.ec\\\/sitio\\\/blog\\\/2018\\\/03\\\/21\\\/convenio-con-el-instituto-de-fomento-a-las-artes-innovacion-y-creatividad-permitira-el-desarrollo-de-proyectos-artisticos\\\/#primaryimage\"},\"image\":{\"@id\":\"https:\\\/\\\/www.uartes.edu.ec\\\/sitio\\\/blog\\\/2018\\\/03\\\/21\\\/convenio-con-el-instituto-de-fomento-a-las-artes-innovacion-y-creatividad-permitira-el-desarrollo-de-proyectos-artisticos\\\/#primaryimage\"},\"thumbnailUrl\":\"\",\"datePublished\":\"2018-03-21T21:20:29+00:00\",\"dateModified\":\"2024-07-04T16:53:55+00:00\",\"description\":\"Universidad de las Artes - Convenio con el Instituto de Fomento a las Artes, Innovaci\u00f3n y Creatividad permitir\u00e1 el desarrollo de proyectos art\u00edsticos\",\"breadcrumb\":{\"@id\":\"https:\\\/\\\/www.uartes.edu.ec\\\/sitio\\\/blog\\\/2018\\\/03\\\/21\\\/convenio-con-el-instituto-de-fomento-a-las-artes-innovacion-y-creatividad-permitira-el-desarrollo-de-proyectos-artisticos\\\/#breadcrumb\"},\"inLanguage\":\"es\",\"potentialAction\":[{\"@type\":\"ReadAction\",\"target\":[\"https:\\\/\\\/www.uartes.edu.ec\\\/sitio\\\/blog\\\/2018\\\/03\\\/21\\\/convenio-con-el-instituto-de-fomento-a-las-artes-innovacion-y-creatividad-permitira-el-desarrollo-de-proyectos-artisticos\\\/\"]}]},{\"@type\":\"ImageObject\",\"inLanguage\":\"es\",\"@id\":\"https:\\\/\\\/www.uartes.edu.ec\\\/sitio\\\/blog\\\/2018\\\/03\\\/21\\\/convenio-con-el-instituto-de-fomento-a-las-artes-innovacion-y-creatividad-permitira-el-desarrollo-de-proyectos-artisticos\\\/#primaryimage\",\"url\":\"\",\"contentUrl\":\"\"},{\"@type\":\"BreadcrumbList\",\"@id\":\"https:\\\/\\\/www.uartes.edu.ec\\\/sitio\\\/blog\\\/2018\\\/03\\\/21\\\/convenio-con-el-instituto-de-fomento-a-las-artes-innovacion-y-creatividad-permitira-el-desarrollo-de-proyectos-artisticos\\\/#breadcrumb\",\"itemListElement\":[{\"@type\":\"ListItem\",\"position\":1,\"name\":\"Inicio\",\"item\":\"https:\\\/\\\/www.uartes.edu.ec\\\/sitio\\\/\"},{\"@type\":\"ListItem\",\"position\":2,\"name\":\"Convenio con el Instituto de Fomento a las Artes, Innovaci\u00f3n y Creatividad permitir\u00e1 el desarrollo de proyectos art\u00edsticos\"}]},{\"@type\":\"WebSite\",\"@id\":\"https:\\\/\\\/www.uartes.edu.ec\\\/sitio\\\/#website\",\"url\":\"https:\\\/\\\/www.uartes.edu.ec\\\/sitio\\\/\",\"name\":\"Universidad de las Artes\",\"description\":\"Sitio oficial de la Universidad Nacional de las Artes del Ecuador\",\"publisher\":{\"@id\":\"https:\\\/\\\/www.uartes.edu.ec\\\/sitio\\\/#organization\"},\"potentialAction\":[{\"@type\":\"SearchAction\",\"target\":{\"@type\":\"EntryPoint\",\"urlTemplate\":\"https:\\\/\\\/www.uartes.edu.ec\\\/sitio\\\/?s={search_term_string}\"},\"query-input\":{\"@type\":\"PropertyValueSpecification\",\"valueRequired\":true,\"valueName\":\"search_term_string\"}}],\"inLanguage\":\"es\"},{\"@type\":\"Organization\",\"@id\":\"https:\\\/\\\/www.uartes.edu.ec\\\/sitio\\\/#organization\",\"name\":\"Universidad de las Artes\",\"url\":\"https:\\\/\\\/www.uartes.edu.ec\\\/sitio\\\/\",\"logo\":{\"@type\":\"ImageObject\",\"inLanguage\":\"es\",\"@id\":\"https:\\\/\\\/www.uartes.edu.ec\\\/sitio\\\/#\\\/schema\\\/logo\\\/image\\\/\",\"url\":\"https:\\\/\\\/www.uartes.edu.ec\\\/sitio\\\/wp-content\\\/uploads\\\/2022\\\/07\\\/logo-ua-horizontal.png\",\"contentUrl\":\"https:\\\/\\\/www.uartes.edu.ec\\\/sitio\\\/wp-content\\\/uploads\\\/2022\\\/07\\\/logo-ua-horizontal.png\",\"width\":800,\"height\":276,\"caption\":\"Universidad de las Artes\"},\"image\":{\"@id\":\"https:\\\/\\\/www.uartes.edu.ec\\\/sitio\\\/#\\\/schema\\\/logo\\\/image\\\/\"},\"sameAs\":[\"https:\\\/\\\/www.facebook.com\\\/uartesec\",\"https:\\\/\\\/x.com\\\/uartesec\",\"https:\\\/\\\/www.tiktok.com\\\/@uartesec\"]},{\"@type\":\"Person\",\"@id\":\"https:\\\/\\\/www.uartes.edu.ec\\\/sitio\\\/#\\\/schema\\\/person\\\/f33f8c1d2af0d5c80a38c8abf458184a\",\"name\":\"Universidad de las Artes\",\"image\":{\"@type\":\"ImageObject\",\"inLanguage\":\"es\",\"@id\":\"https:\\\/\\\/secure.gravatar.com\\\/avatar\\\/52e4757902f5cfa5ac52d020e5be83cae5487519154b6c35482fe08d589f3c13?s=96&d=mm&r=g\",\"url\":\"https:\\\/\\\/secure.gravatar.com\\\/avatar\\\/52e4757902f5cfa5ac52d020e5be83cae5487519154b6c35482fe08d589f3c13?s=96&d=mm&r=g\",\"contentUrl\":\"https:\\\/\\\/secure.gravatar.com\\\/avatar\\\/52e4757902f5cfa5ac52d020e5be83cae5487519154b6c35482fe08d589f3c13?s=96&d=mm&r=g\",\"caption\":\"Universidad de las Artes\"},\"url\":\"https:\\\/\\\/www.uartes.edu.ec\\\/sitio\\\/blog\\\/author\\\/dircomadm\\\/\"}]}<\/script>\n<!-- \/ Yoast SEO plugin. -->","yoast_head_json":{"title":"Universidad de las Artes - Convenio con el Instituto de Fomento a las Artes, Innovaci\u00f3n y Creatividad permitir\u00e1 el desarrollo de proyectos art\u00edsticos","description":"Universidad de las Artes - Convenio con el Instituto de Fomento a las Artes, Innovaci\u00f3n y Creatividad permitir\u00e1 el desarrollo de proyectos art\u00edsticos","robots":{"index":"index","follow":"follow","max-snippet":"max-snippet:-1","max-image-preview":"max-image-preview:large","max-video-preview":"max-video-preview:-1"},"canonical":"https:\/\/www.uartes.edu.ec\/sitio\/blog\/2018\/03\/21\/convenio-con-el-instituto-de-fomento-a-las-artes-innovacion-y-creatividad-permitira-el-desarrollo-de-proyectos-artisticos\/","og_locale":"es_ES","og_type":"article","og_title":"Universidad de las Artes - Convenio con el Instituto de Fomento a las Artes, Innovaci\u00f3n y Creatividad permitir\u00e1 el desarrollo de proyectos art\u00edsticos","og_description":"Universidad de las Artes - Convenio con el Instituto de Fomento a las Artes, Innovaci\u00f3n y Creatividad permitir\u00e1 el desarrollo de proyectos art\u00edsticos","og_url":"https:\/\/www.uartes.edu.ec\/sitio\/blog\/2018\/03\/21\/convenio-con-el-instituto-de-fomento-a-las-artes-innovacion-y-creatividad-permitira-el-desarrollo-de-proyectos-artisticos\/","og_site_name":"Universidad de las Artes","article_publisher":"https:\/\/www.facebook.com\/uartesec","article_published_time":"2018-03-21T21:20:29+00:00","article_modified_time":"2024-07-04T16:53:55+00:00","author":"Universidad de las Artes","twitter_card":"summary_large_image","twitter_creator":"@uartesec","twitter_site":"@uartesec","twitter_misc":{"Escrito por":"Universidad de las Artes","Tiempo de lectura":"1 minuto"},"schema":{"@context":"https:\/\/schema.org","@graph":[{"@type":"Article","@id":"https:\/\/www.uartes.edu.ec\/sitio\/blog\/2018\/03\/21\/convenio-con-el-instituto-de-fomento-a-las-artes-innovacion-y-creatividad-permitira-el-desarrollo-de-proyectos-artisticos\/#article","isPartOf":{"@id":"https:\/\/www.uartes.edu.ec\/sitio\/blog\/2018\/03\/21\/convenio-con-el-instituto-de-fomento-a-las-artes-innovacion-y-creatividad-permitira-el-desarrollo-de-proyectos-artisticos\/"},"author":{"name":"Universidad de las Artes","@id":"https:\/\/www.uartes.edu.ec\/sitio\/#\/schema\/person\/f33f8c1d2af0d5c80a38c8abf458184a"},"headline":"Convenio con el Instituto de Fomento a las Artes, Innovaci\u00f3n y Creatividad permitir\u00e1 el desarrollo de proyectos art\u00edsticos","datePublished":"2018-03-21T21:20:29+00:00","dateModified":"2024-07-04T16:53:55+00:00","mainEntityOfPage":{"@id":"https:\/\/www.uartes.edu.ec\/sitio\/blog\/2018\/03\/21\/convenio-con-el-instituto-de-fomento-a-las-artes-innovacion-y-creatividad-permitira-el-desarrollo-de-proyectos-artisticos\/"},"wordCount":302,"publisher":{"@id":"https:\/\/www.uartes.edu.ec\/sitio\/#organization"},"image":{"@id":"https:\/\/www.uartes.edu.ec\/sitio\/blog\/2018\/03\/21\/convenio-con-el-instituto-de-fomento-a-las-artes-innovacion-y-creatividad-permitira-el-desarrollo-de-proyectos-artisticos\/#primaryimage"},"thumbnailUrl":"","articleSection":["Gesti\u00f3n"],"inLanguage":"es"},{"@type":["WebPage","ItemPage"],"@id":"https:\/\/www.uartes.edu.ec\/sitio\/blog\/2018\/03\/21\/convenio-con-el-instituto-de-fomento-a-las-artes-innovacion-y-creatividad-permitira-el-desarrollo-de-proyectos-artisticos\/","url":"https:\/\/www.uartes.edu.ec\/sitio\/blog\/2018\/03\/21\/convenio-con-el-instituto-de-fomento-a-las-artes-innovacion-y-creatividad-permitira-el-desarrollo-de-proyectos-artisticos\/","name":"Universidad de las Artes - Convenio con el Instituto de Fomento a las Artes, Innovaci\u00f3n y Creatividad permitir\u00e1 el desarrollo de proyectos art\u00edsticos","isPartOf":{"@id":"https:\/\/www.uartes.edu.ec\/sitio\/#website"},"primaryImageOfPage":{"@id":"https:\/\/www.uartes.edu.ec\/sitio\/blog\/2018\/03\/21\/convenio-con-el-instituto-de-fomento-a-las-artes-innovacion-y-creatividad-permitira-el-desarrollo-de-proyectos-artisticos\/#primaryimage"},"image":{"@id":"https:\/\/www.uartes.edu.ec\/sitio\/blog\/2018\/03\/21\/convenio-con-el-instituto-de-fomento-a-las-artes-innovacion-y-creatividad-permitira-el-desarrollo-de-proyectos-artisticos\/#primaryimage"},"thumbnailUrl":"","datePublished":"2018-03-21T21:20:29+00:00","dateModified":"2024-07-04T16:53:55+00:00","description":"Universidad de las Artes - Convenio con el Instituto de Fomento a las Artes, Innovaci\u00f3n y Creatividad permitir\u00e1 el desarrollo de proyectos art\u00edsticos","breadcrumb":{"@id":"https:\/\/www.uartes.edu.ec\/sitio\/blog\/2018\/03\/21\/convenio-con-el-instituto-de-fomento-a-las-artes-innovacion-y-creatividad-permitira-el-desarrollo-de-proyectos-artisticos\/#breadcrumb"},"inLanguage":"es","potentialAction":[{"@type":"ReadAction","target":["https:\/\/www.uartes.edu.ec\/sitio\/blog\/2018\/03\/21\/convenio-con-el-instituto-de-fomento-a-las-artes-innovacion-y-creatividad-permitira-el-desarrollo-de-proyectos-artisticos\/"]}]},{"@type":"ImageObject","inLanguage":"es","@id":"https:\/\/www.uartes.edu.ec\/sitio\/blog\/2018\/03\/21\/convenio-con-el-instituto-de-fomento-a-las-artes-innovacion-y-creatividad-permitira-el-desarrollo-de-proyectos-artisticos\/#primaryimage","url":"","contentUrl":""},{"@type":"BreadcrumbList","@id":"https:\/\/www.uartes.edu.ec\/sitio\/blog\/2018\/03\/21\/convenio-con-el-instituto-de-fomento-a-las-artes-innovacion-y-creatividad-permitira-el-desarrollo-de-proyectos-artisticos\/#breadcrumb","itemListElement":[{"@type":"ListItem","position":1,"name":"Inicio","item":"https:\/\/www.uartes.edu.ec\/sitio\/"},{"@type":"ListItem","position":2,"name":"Convenio con el Instituto de Fomento a las Artes, Innovaci\u00f3n y Creatividad permitir\u00e1 el desarrollo de proyectos art\u00edsticos"}]},{"@type":"WebSite","@id":"https:\/\/www.uartes.edu.ec\/sitio\/#website","url":"https:\/\/www.uartes.edu.ec\/sitio\/","name":"Universidad de las Artes","description":"Sitio oficial de la Universidad Nacional de las Artes del Ecuador","publisher":{"@id":"https:\/\/www.uartes.edu.ec\/sitio\/#organization"},"potentialAction":[{"@type":"SearchAction","target":{"@type":"EntryPoint","urlTemplate":"https:\/\/www.uartes.edu.ec\/sitio\/?s={search_term_string}"},"query-input":{"@type":"PropertyValueSpecification","valueRequired":true,"valueName":"search_term_string"}}],"inLanguage":"es"},{"@type":"Organization","@id":"https:\/\/www.uartes.edu.ec\/sitio\/#organization","name":"Universidad de las Artes","url":"https:\/\/www.uartes.edu.ec\/sitio\/","logo":{"@type":"ImageObject","inLanguage":"es","@id":"https:\/\/www.uartes.edu.ec\/sitio\/#\/schema\/logo\/image\/","url":"https:\/\/www.uartes.edu.ec\/sitio\/wp-content\/uploads\/2022\/07\/logo-ua-horizontal.png","contentUrl":"https:\/\/www.uartes.edu.ec\/sitio\/wp-content\/uploads\/2022\/07\/logo-ua-horizontal.png","width":800,"height":276,"caption":"Universidad de las Artes"},"image":{"@id":"https:\/\/www.uartes.edu.ec\/sitio\/#\/schema\/logo\/image\/"},"sameAs":["https:\/\/www.facebook.com\/uartesec","https:\/\/x.com\/uartesec","https:\/\/www.tiktok.com\/@uartesec"]},{"@type":"Person","@id":"https:\/\/www.uartes.edu.ec\/sitio\/#\/schema\/person\/f33f8c1d2af0d5c80a38c8abf458184a","name":"Universidad de las Artes","image":{"@type":"ImageObject","inLanguage":"es","@id":"https:\/\/secure.gravatar.com\/avatar\/52e4757902f5cfa5ac52d020e5be83cae5487519154b6c35482fe08d589f3c13?s=96&d=mm&r=g","url":"https:\/\/secure.gravatar.com\/avatar\/52e4757902f5cfa5ac52d020e5be83cae5487519154b6c35482fe08d589f3c13?s=96&d=mm&r=g","contentUrl":"https:\/\/secure.gravatar.com\/avatar\/52e4757902f5cfa5ac52d020e5be83cae5487519154b6c35482fe08d589f3c13?s=96&d=mm&r=g","caption":"Universidad de las Artes"},"url":"https:\/\/www.uartes.edu.ec\/sitio\/blog\/author\/dircomadm\/"}]}},"uagb_featured_image_src":{"full":false,"thumbnail":false,"medium":false,"medium_large":false,"large":false,"1536x1536":false,"2048x2048":false,"trp-custom-language-flag":false,"htmega_size_585x295":false,"htmega_size_1170x536":false,"htmega_size_396x360":false,"gb-block-post-grid-landscape":false,"gb-block-post-grid-square":false,"university-hub-thumb":false},"uagb_author_info":{"display_name":"Universidad de las Artes","author_link":"https:\/\/www.uartes.edu.ec\/sitio\/blog\/author\/dircomadm\/"},"uagb_comment_info":0,"uagb_excerpt":"La Universidad de las Artes del Ecuador (UArtes) firmar\u00e1 un convenio marco de cooperaci\u00f3n interinstitucional con el Instituto de Fomento a las Artes, Innovaci\u00f3n y Creatividad (IFAIC), el pr\u00f3ximo mi\u00e9rcoles 28 de marzo de 2018, a las 11h00, en el Sal\u00f3n de Uso M\u00faltiple, Campus Centro UArtes, Av. Malec\u00f3n y Aguirre. El acuerdo tiene como&hellip;","featured_image_src":null,"featured_image_src_square":null,"author_info":{"display_name":"Universidad de las Artes","author_link":"https:\/\/www.uartes.edu.ec\/sitio\/blog\/author\/dircomadm\/"},"publishpress_future_workflow_manual_trigger":{"enabledWorkflows":[]},"distributor_meta":false,"distributor_terms":false,"distributor_media":false,"distributor_original_site_name":"Universidad de las Artes","distributor_original_site_url":"https:\/\/www.uartes.edu.ec\/sitio","push-errors":false,"_links":{"self":[{"href":"https:\/\/www.uartes.edu.ec\/sitio\/wp-json\/wp\/v2\/posts\/1385","targetHints":{"allow":["GET"]}}],"collection":[{"href":"https:\/\/www.uartes.edu.ec\/sitio\/wp-json\/wp\/v2\/posts"}],"about":[{"href":"https:\/\/www.uartes.edu.ec\/sitio\/wp-json\/wp\/v2\/types\/post"}],"author":[{"embeddable":true,"href":"https:\/\/www.uartes.edu.ec\/sitio\/wp-json\/wp\/v2\/users\/1"}],"replies":[{"embeddable":true,"href":"https:\/\/www.uartes.edu.ec\/sitio\/wp-json\/wp\/v2\/comments?post=1385"}],"version-history":[{"count":1,"href":"https:\/\/www.uartes.edu.ec\/sitio\/wp-json\/wp\/v2\/posts\/1385\/revisions"}],"predecessor-version":[{"id":3419,"href":"https:\/\/www.uartes.edu.ec\/sitio\/wp-json\/wp\/v2\/posts\/1385\/revisions\/3419"}],"wp:featuredmedia":[{"embeddable":true,"href":"https:\/\/www.uartes.edu.ec\/sitio\/wp-json\/"}],"wp:attachment":[{"href":"https:\/\/www.uartes.edu.ec\/sitio\/wp-json\/wp\/v2\/media?parent=1385"}],"wp:term":[{"taxonomy":"category","embeddable":true,"href":"https:\/\/www.uartes.edu.ec\/sitio\/wp-json\/wp\/v2\/categories?post=1385"},{"taxonomy":"post_tag","embeddable":true,"href":"https:\/\/www.uartes.edu.ec\/sitio\/wp-json\/wp\/v2\/tags?post=1385"},{"taxonomy":"infouartes","embeddable":true,"href":"https:\/\/www.uartes.edu.ec\/sitio\/wp-json\/wp\/v2\/infouartes?post=1385"}],"curies":[{"name":"wp","href":"https:\/\/api.w.org\/{rel}","templated":true}]}}