{"id":13858,"date":"2021-05-19T16:39:00","date_gmt":"2021-05-19T21:39:00","guid":{"rendered":"http:\/\/www.uartes.edu.ec\/sitio\/?p=13858"},"modified":"2024-07-04T11:27:14","modified_gmt":"2024-07-04T16:27:14","slug":"fab-lab-inaugurado-en-mz14-es-resultado-de-un-esfuerzo-colectivo","status":"publish","type":"post","link":"https:\/\/www.uartes.edu.ec\/sitio\/blog\/2021\/05\/20\/fablab-inaugurado-en-mz14-es-resultado-de-un-esfuerzo-colectivo\/","title":{"rendered":"Fab.Lab., inaugurado en MZ14, es resultado de un esfuerzo colectivo"},"content":{"rendered":"\n<p>Pilar Estrada, directora ejecutiva del Centro de Producci\u00f3n e Innovaci\u00f3n MZ14 de la Universidad de las Artes (ubicado 9 de Octubre y Panam\u00e1), fue la encargada de dar la bienvenida este mi\u00e9rcoles 19 de mayo de 2021 al acto inaugural de las estaciones del Fab.Lab., un laboratorio de fabricaci\u00f3n que cuenta con equipamiento tecnol\u00f3gico y m\u00e1quinas para prototipar y construir objetos, y cuya finalidad es la de contribuir a la generaci\u00f3n de ideas, creaci\u00f3n y colaboraci\u00f3n e intercambio de saberes y experiencias, dedicado a emprendedores, artesanos, artistas y comunidades vinculadas a las artes y econom\u00edas creativas.<\/p>\n\n\n\n<p>Ubicado en el primer piso del patrimonial edificio, que originalmente fue Banco La Previsora y luego Bolsa de Valores, el Fab.Lab. es parte de la estrategia del Hub58, una iniciativa que nace del acuerdo de cooperaci\u00f3n interinstitucional que la Secretar\u00eda de Educaci\u00f3n Superior, Ciencia, Tecnolog\u00eda e Innovaci\u00f3n (Senescyt) mantiene con seis universidades de la Zona 5 y 8. Junto con la UArtes, la Universidad Cat\u00f3lica Santiago de Guayaquil, la Universidad T\u00e9cnica de Babahoyo, la Universidad Estatal de Bol\u00edvar, la Universidad Estatal de Milagro y la Universidad T\u00e9cnica Estatal de Quevedo.<\/p>\n\n\n\n<p>Justamente, en su intervenci\u00f3n Estrada se\u00f1al\u00f3 al Centro de Producci\u00f3n e Innovaci\u00f3n MZ14 como un espacio donde las industrias culturales van a tener su asidero, donde la universidad y sus carreras van a tener una ventana de promoci\u00f3n hacia la ciudad y donde la ciudadan\u00eda, las instituciones de educaci\u00f3n superior y las artes se vinculan.<\/p>\n\n\n\n<div class=\"wp-block-image\"><figure class=\"aligncenter size-full\"><img fetchpriority=\"high\" decoding=\"async\" width=\"2000\" height=\"1333\" src=\"http:\/\/www.uartes.edu.ec\/sitio\/wp-content\/uploads\/2021\/05\/INAUGURACION-FABLAB-3.jpg\" alt=\"Fab.Lab., inaugurado en MZ14, es resultado de un esfuerzo colectivo\" class=\"wp-image-13871\" srcset=\"https:\/\/www.uartes.edu.ec\/sitio\/wp-content\/uploads\/2021\/05\/INAUGURACION-FABLAB-3.jpg 2000w, https:\/\/www.uartes.edu.ec\/sitio\/wp-content\/uploads\/2021\/05\/INAUGURACION-FABLAB-3-300x200.jpg 300w, https:\/\/www.uartes.edu.ec\/sitio\/wp-content\/uploads\/2021\/05\/INAUGURACION-FABLAB-3-644x429.jpg 644w, https:\/\/www.uartes.edu.ec\/sitio\/wp-content\/uploads\/2021\/05\/INAUGURACION-FABLAB-3-768x512.jpg 768w, https:\/\/www.uartes.edu.ec\/sitio\/wp-content\/uploads\/2021\/05\/INAUGURACION-FABLAB-3-1536x1024.jpg 1536w, https:\/\/www.uartes.edu.ec\/sitio\/wp-content\/uploads\/2021\/05\/INAUGURACION-FABLAB-3-600x400.jpg 600w, https:\/\/www.uartes.edu.ec\/sitio\/wp-content\/uploads\/2021\/05\/INAUGURACION-FABLAB-3-400x267.jpg 400w, https:\/\/www.uartes.edu.ec\/sitio\/wp-content\/uploads\/2021\/05\/INAUGURACION-FABLAB-3-272x182.jpg 272w\" sizes=\"(max-width: 2000px) 100vw, 2000px\" \/><figcaption>Pilar Estrada, directora ejecutiva del Centro de Producci\u00f3n e Innovaci\u00f3n MZ14 de la Universidad de las Artes, fue la encargada de dar la bienvenida al acto inaugural de las estaciones del Fab.Lab.<\/figcaption><\/figure><\/div>\n\n\n\n<p>\u201cUn espacio pensado como ese lugar de v\u00ednculo, siempre de la mano de la investigaci\u00f3n\u201d, refiri\u00f3 Estrada, sustentando as\u00ed las razones por las cuales junto con el Fab.Lab. y el Hub58 se encuentran en ese edificio el Vicerrectorado de Posgrado e Investigaci\u00f3n en Artes y el Instituto Latinoamericano de Investigaci\u00f3n en Artes (ILIA), as\u00ed como los talleres, estudios de grabaci\u00f3n, cine, Sal\u00f3n Patrimonial y Vinculaci\u00f3n con la Comunidad. &nbsp;\u201cTodo va a suceder en MZ14. Todo ya est\u00e1 sucediendo casa dentro y esperamos que muy pronto sea casa afuera\u201d.<\/p>\n\n\n\n<p>Indic\u00f3 que poco a poco se ir\u00e1 montando el programa para desarrollar el modelo de gesti\u00f3n del MZ14, el cual permitir\u00e1 a la UArtes vincularse con todas las instituciones de educaci\u00f3n superior (IES) que tambi\u00e9n son parte del Hub58. \u201cPero, para que suceda, ten\u00edamos que estar en total conocimiento de la capacidad de nuestros equipos, con los cuales seguimos en pruebas\u201d.<\/p>\n\n\n\n<p>El rector de la Universidad de las Artes, doctor William Herrera R\u00edos, indic\u00f3 que parte de la apuesta de la UArtes era la recuperaci\u00f3n de los edificios patrimoniales de Guayaquil. Nuestro campus es urbano, en el centro de la ciudad, dijo y record\u00f3 que la matriz acad\u00e9mica se encuentra en el edificio de la Gobernaci\u00f3n y que recientemente se estren\u00f3 el antiguo edificio de El Tel\u00e9grafo (10 de Agosto y Boyac\u00e1), donde funciona gran parte de los equipos administrativos.<\/p>\n\n\n\n<p>El doctor Herrera agradeci\u00f3 a la Senescyt y a las universidades que participan en la iniciativa del Hub58, \u201cque para nosotros se inscribe en este esfuerzo de apostar seriamente por la innovaci\u00f3n, por las relaciones y lo que caracteriza a la UArtes, que es la producci\u00f3n del conocimiento a partir de la pr\u00e1ctica y la producci\u00f3n art\u00edstica; y establecer estos v\u00ednculos con otras disciplinas y campos del conocimiento que creemos es el futuro del sistema de educaci\u00f3n superior y de la manera en que miremos el ejercicio de la pedagog\u00eda y la investigaci\u00f3n\u201d.<\/p>\n\n\n\n<p>Antes de recorrer las estaciones del Fab.Lab., el rector de la UArtes agradeci\u00f3 la asistencia en un tiempo en el que no es f\u00e1cil trasladarse (debido a la pandemia por COVID-19). Y, adoptando todas las medidas de bioseguridad, manifest\u00f3 la satisfacci\u00f3n de poder presentar un espacio como MZ14 y, dentro de sus instalaciones, el laboratorio de fabricaci\u00f3n, resultado concreto de un esfuerzo colectivo.<\/p>\n\n\n\n<div class=\"wp-block-image\"><figure class=\"aligncenter size-full\"><img decoding=\"async\" width=\"2000\" height=\"1333\" src=\"http:\/\/www.uartes.edu.ec\/sitio\/wp-content\/uploads\/2021\/05\/INAUGURACION-FABLAB-2.jpg\" alt=\"Fab.Lab., inaugurado en MZ14, es resultado de un esfuerzo colectivo\" class=\"wp-image-13870\" srcset=\"https:\/\/www.uartes.edu.ec\/sitio\/wp-content\/uploads\/2021\/05\/INAUGURACION-FABLAB-2.jpg 2000w, https:\/\/www.uartes.edu.ec\/sitio\/wp-content\/uploads\/2021\/05\/INAUGURACION-FABLAB-2-300x200.jpg 300w, https:\/\/www.uartes.edu.ec\/sitio\/wp-content\/uploads\/2021\/05\/INAUGURACION-FABLAB-2-644x429.jpg 644w, https:\/\/www.uartes.edu.ec\/sitio\/wp-content\/uploads\/2021\/05\/INAUGURACION-FABLAB-2-768x512.jpg 768w, https:\/\/www.uartes.edu.ec\/sitio\/wp-content\/uploads\/2021\/05\/INAUGURACION-FABLAB-2-1536x1024.jpg 1536w, https:\/\/www.uartes.edu.ec\/sitio\/wp-content\/uploads\/2021\/05\/INAUGURACION-FABLAB-2-600x400.jpg 600w, https:\/\/www.uartes.edu.ec\/sitio\/wp-content\/uploads\/2021\/05\/INAUGURACION-FABLAB-2-400x267.jpg 400w, https:\/\/www.uartes.edu.ec\/sitio\/wp-content\/uploads\/2021\/05\/INAUGURACION-FABLAB-2-272x182.jpg 272w\" sizes=\"(max-width: 2000px) 100vw, 2000px\" \/><figcaption>Fab.Lab., inaugurado en MZ14, es resultado de un esfuerzo colectivo<\/figcaption><\/figure><\/div>\n\n\n\n<p>El director de Producci\u00f3n de MZ14, Daniel Merch\u00e1n, condujo a los representantes de las IES invitadas, as\u00ed como a los delegados de estas en el Hub58, por las estaciones del Fab.Lab. Jonathan Pilay y \u00c1ngel Murillo, del mismo departamento, hicieron demostraciones de los equipos. Entre estos, impresoras l\u00e1ser y 3D, cortadoras CNC, dispositivos de realidad virtual y arduinos. Presentaron, incluso, algunos prototipos y respondieron inquietudes.&nbsp;<\/p>\n\n\n\n<p>Junto al doctor Herrera, la doctora Olga L\u00f3pez, vicerrectora de Posgrado e Investigaci\u00f3n en Artes, y otros funcionarios UArtes, los invitados recorrieron igualmente el MZ14. Entre ellos, Vallardo Villegas, coordinador de la Zonal 8 de la Senescyt; Walter Mera, vicerrector de Investigaci\u00f3n y Posgrado de la UCSG; Roberto Garc\u00eda, delegado de la UCSG y coordinador General del Hub58; Carlos Zambrano, director de investigaci\u00f3n de la UTEQ; y los tambi\u00e9n delegados universitarios ante el Hub58: Gerson Sol\u00e1g (UCSG), Byron Oviedo (UTEQ) y Ronny Onofre (UTB).<\/p>\n\n\n\n<p>Vallardo Villegas coment\u00f3 que el Fab.Lab. de MZ14 es uno de los elementos que el Hub58 ofertar\u00e1 a las comunidades de las IES que lo integran y a la general. \u201cLa coordinadora es la Universidad Cat\u00f3lica, donde est\u00e1n la sede principal, la incubadora, los espacios de coworking. Estos se conectan con el laboratorio de fabricaci\u00f3n, cuya infraestructura vemos es de primer nivel y el espacio que tiene en MZ14 le da unas posibilidades enormes, pues le proporciona toda una atm\u00f3sfera de creatividad y desarrollo cultural\u201d.<\/p>\n\n\n\n<div class=\"wp-block-image\"><figure class=\"aligncenter size-full\"><img decoding=\"async\" width=\"2000\" height=\"1333\" src=\"http:\/\/www.uartes.edu.ec\/sitio\/wp-content\/uploads\/2021\/05\/INAUGURACION-FABLAB-5.jpg\" alt=\"Fab.Lab., inaugurado en MZ14, es resultado de un esfuerzo colectivo\" class=\"wp-image-13873\" srcset=\"https:\/\/www.uartes.edu.ec\/sitio\/wp-content\/uploads\/2021\/05\/INAUGURACION-FABLAB-5.jpg 2000w, https:\/\/www.uartes.edu.ec\/sitio\/wp-content\/uploads\/2021\/05\/INAUGURACION-FABLAB-5-300x200.jpg 300w, https:\/\/www.uartes.edu.ec\/sitio\/wp-content\/uploads\/2021\/05\/INAUGURACION-FABLAB-5-644x429.jpg 644w, https:\/\/www.uartes.edu.ec\/sitio\/wp-content\/uploads\/2021\/05\/INAUGURACION-FABLAB-5-768x512.jpg 768w, https:\/\/www.uartes.edu.ec\/sitio\/wp-content\/uploads\/2021\/05\/INAUGURACION-FABLAB-5-1536x1024.jpg 1536w, https:\/\/www.uartes.edu.ec\/sitio\/wp-content\/uploads\/2021\/05\/INAUGURACION-FABLAB-5-600x400.jpg 600w, https:\/\/www.uartes.edu.ec\/sitio\/wp-content\/uploads\/2021\/05\/INAUGURACION-FABLAB-5-400x267.jpg 400w, https:\/\/www.uartes.edu.ec\/sitio\/wp-content\/uploads\/2021\/05\/INAUGURACION-FABLAB-5-272x182.jpg 272w\" sizes=\"(max-width: 2000px) 100vw, 2000px\" \/><figcaption>Jonathan Pilay y \u00c1ngel Murillo, personal de MZ14, hicieron algunas demostraciones de las impresoras l\u00e1ser y 3D, cortadoras CNC, dispositivos de realidad virtual y arduinos.<\/figcaption><\/figure><\/div>\n\n\n\n<p>El reto, agreg\u00f3, ser\u00e1 lograr que las IES del Hub58 interact\u00faen y que la ciudadan\u00eda vea al Fab.Lab. de MZ14 como una oportunidad para promover la innovaci\u00f3n y el emprendimiento. \u201cLa UArtes tiene un rol fundamental en el desarrollo de la industria cultural y creativa, tarea compleja porque la sociedad ecuatoriana no ve a la cultura como una fuente de generaci\u00f3n de recursos, como sucede con la industria naranja en Estados Unidos y Colombia\u201d.<\/p>\n\n\n\n<p>Villegas destac\u00f3 los esfuerzos de la UArtes y del estado ecuatoriano, a trav\u00e9s de nuestra instituci\u00f3n acad\u00e9mica p\u00fablica, para desarrollar este enorme nodo donde la cultura encuentre un sitio de despegue. \u201cMe parece fant\u00e1stico y es un reto permanente convertirse en ese nodo generador de la actividad cultural del pa\u00eds\u201d.<\/p>\n\n\n\n<p>Por la cercan\u00eda que ha mantenido con la UArtes, el coordinador de la Zonal 8 de la Senescyt asegur\u00f3 conocer la lucha de nuestra instituci\u00f3n y como ecuatoriano dijo tener la esperanza de que esos esfuerzos ayuden a que se desarrolle una industria creativa en el pa\u00eds, una fuente de recursos con unas potencialidades enormes.<\/p>\n\n\n\n<p>Roberto Garc\u00eda record\u00f3 que tanto la UArtes como la Cat\u00f3lica tienen el compromiso de ser polo de desarrollo para la iniciativa y resalt\u00f3 la importancia de que los estudiantes de grado se vinculen y potencien abiertamente, pues tienen carreras primas hermanas, como Cine, M\u00fasica, Dise\u00f1o Audiovisual y 3D, y la experticia en Administraci\u00f3n, Derecho y Propiedad Intelectual; juntos es posible canalizar los emprendimientos de la econom\u00eda naranja. \u201c(\u2026) Puedo sacar pecho y decir que el Hub58 es el \u00fanico en el pa\u00eds (hay seis m\u00e1s) en tener a la UArtes como componente art\u00edstico y cultural\u201d.<\/p>\n\n\n\n<p>Garc\u00eda dijo hay expectativa por el retorno de las IES a las actividades presenciales, a fin de desarrollar proyectos conjuntos. Al momento todos son puestos en conocimiento del COE Nacional para poder aperturarlos. \u201cEsperamos poco a poco irnos involucrando con la sociedad y los estudiantes. El Fab.Lab. es un espacio de interacci\u00f3n\u201d.<\/p>\n\n\n\n<div class=\"wp-block-image\"><figure class=\"aligncenter size-full\"><img loading=\"lazy\" decoding=\"async\" width=\"2000\" height=\"1333\" src=\"http:\/\/www.uartes.edu.ec\/sitio\/wp-content\/uploads\/2021\/05\/INAUGURACION-FABLAB-4.jpg\" alt=\"Fab.Lab., inaugurado en MZ14, es resultado de un esfuerzo colectivo\" class=\"wp-image-13872\" srcset=\"https:\/\/www.uartes.edu.ec\/sitio\/wp-content\/uploads\/2021\/05\/INAUGURACION-FABLAB-4.jpg 2000w, https:\/\/www.uartes.edu.ec\/sitio\/wp-content\/uploads\/2021\/05\/INAUGURACION-FABLAB-4-300x200.jpg 300w, https:\/\/www.uartes.edu.ec\/sitio\/wp-content\/uploads\/2021\/05\/INAUGURACION-FABLAB-4-644x429.jpg 644w, https:\/\/www.uartes.edu.ec\/sitio\/wp-content\/uploads\/2021\/05\/INAUGURACION-FABLAB-4-768x512.jpg 768w, https:\/\/www.uartes.edu.ec\/sitio\/wp-content\/uploads\/2021\/05\/INAUGURACION-FABLAB-4-1536x1024.jpg 1536w, https:\/\/www.uartes.edu.ec\/sitio\/wp-content\/uploads\/2021\/05\/INAUGURACION-FABLAB-4-600x400.jpg 600w, https:\/\/www.uartes.edu.ec\/sitio\/wp-content\/uploads\/2021\/05\/INAUGURACION-FABLAB-4-400x267.jpg 400w, https:\/\/www.uartes.edu.ec\/sitio\/wp-content\/uploads\/2021\/05\/INAUGURACION-FABLAB-4-272x182.jpg 272w\" sizes=\"(max-width: 2000px) 100vw, 2000px\" \/><figcaption>Autoridades y funcionarios UArtes junto con los invitados al acto inaugural en las estaciones del Fab.Lab., <br>as\u00ed como en el recorrido realizado por las instalaciones del MZ14.<\/figcaption><\/figure><\/div>\n","protected":false},"excerpt":{"rendered":"<p>Pilar Estrada, directora ejecutiva del Centro de Producci\u00f3n e Innovaci\u00f3n MZ14 de la Universidad de las Artes (ubicado 9 de Octubre y Panam\u00e1), fue la encargada de dar la bienvenida este mi\u00e9rcoles 19 de mayo de 2021 al acto inaugural de las estaciones del Fab.Lab.<\/p>\n","protected":false},"author":10,"featured_media":13874,"comment_status":"closed","ping_status":"closed","sticky":false,"template":"","format":"standard","meta":{"_acf_changed":false,"_uag_custom_page_level_css":"","_monsterinsights_skip_tracking":false,"_monsterinsights_sitenote_active":false,"_monsterinsights_sitenote_note":"","_monsterinsights_sitenote_category":0,"cybocfi_hide_featured_image":"","footnotes":""},"categories":[77,84,79],"tags":[106,405],"infouartes":[],"class_list":["post-13858","post","type-post","status-publish","format-standard","has-post-thumbnail","hentry","category-gestion","category-rectorado","category-vinculo","tag-mz14","tag-william-herrera"],"acf":[],"yoast_head":"<!-- This site is optimized with the Yoast SEO plugin v27.4 - https:\/\/yoast.com\/product\/yoast-seo-wordpress\/ -->\n<title>Universidad de las Artes - Fab.Lab., inaugurado en MZ14, es resultado de un esfuerzo colectivo<\/title>\n<meta name=\"description\" content=\"Universidad de las Artes - Fab.Lab., inaugurado en MZ14, es resultado de un esfuerzo colectivo\" \/>\n<meta name=\"robots\" content=\"index, follow, max-snippet:-1, max-image-preview:large, max-video-preview:-1\" \/>\n<link rel=\"canonical\" href=\"https:\/\/www.uartes.edu.ec\/sitio\/blog\/2021\/05\/20\/fablab-inaugurado-en-mz14-es-resultado-de-un-esfuerzo-colectivo\/\" \/>\n<meta property=\"og:locale\" content=\"es_ES\" \/>\n<meta property=\"og:type\" content=\"article\" \/>\n<meta property=\"og:title\" content=\"Universidad de las Artes - Fab.Lab., inaugurado en MZ14, es resultado de un esfuerzo colectivo\" \/>\n<meta property=\"og:description\" content=\"Universidad de las Artes - Fab.Lab., inaugurado en MZ14, es resultado de un esfuerzo colectivo\" \/>\n<meta property=\"og:url\" content=\"https:\/\/www.uartes.edu.ec\/sitio\/blog\/2021\/05\/20\/fablab-inaugurado-en-mz14-es-resultado-de-un-esfuerzo-colectivo\/\" \/>\n<meta property=\"og:site_name\" content=\"Universidad de las Artes\" \/>\n<meta property=\"article:publisher\" content=\"https:\/\/www.facebook.com\/uartesec\" \/>\n<meta property=\"article:published_time\" content=\"2021-05-19T21:39:00+00:00\" \/>\n<meta property=\"article:modified_time\" content=\"2024-07-04T16:27:14+00:00\" \/>\n<meta property=\"og:image\" content=\"https:\/\/www.uartes.edu.ec\/sitio\/wp-content\/uploads\/2021\/05\/INAUGURACION-FABLAB.jpg\" \/>\n\t<meta property=\"og:image:width\" content=\"2000\" \/>\n\t<meta property=\"og:image:height\" content=\"1333\" \/>\n\t<meta property=\"og:image:type\" content=\"image\/jpeg\" \/>\n<meta name=\"author\" content=\"ccortez\" \/>\n<meta name=\"twitter:card\" content=\"summary_large_image\" \/>\n<meta name=\"twitter:creator\" content=\"@uartesec\" \/>\n<meta name=\"twitter:site\" content=\"@uartesec\" \/>\n<meta name=\"twitter:label1\" content=\"Escrito por\" \/>\n\t<meta name=\"twitter:data1\" content=\"ccortez\" \/>\n\t<meta name=\"twitter:label2\" content=\"Tiempo de lectura\" \/>\n\t<meta name=\"twitter:data2\" content=\"7 minutos\" \/>\n<script type=\"application\/ld+json\" class=\"yoast-schema-graph\">{\"@context\":\"https:\\\/\\\/schema.org\",\"@graph\":[{\"@type\":\"Article\",\"@id\":\"https:\\\/\\\/www.uartes.edu.ec\\\/sitio\\\/blog\\\/2021\\\/05\\\/20\\\/fablab-inaugurado-en-mz14-es-resultado-de-un-esfuerzo-colectivo\\\/#article\",\"isPartOf\":{\"@id\":\"https:\\\/\\\/www.uartes.edu.ec\\\/sitio\\\/blog\\\/2021\\\/05\\\/20\\\/fablab-inaugurado-en-mz14-es-resultado-de-un-esfuerzo-colectivo\\\/\"},\"author\":{\"name\":\"ccortez\",\"@id\":\"https:\\\/\\\/www.uartes.edu.ec\\\/sitio\\\/#\\\/schema\\\/person\\\/efa1b8275797664fd7f13a79ccc0b1f4\"},\"headline\":\"Fab.Lab., inaugurado en MZ14, es resultado de un esfuerzo colectivo\",\"datePublished\":\"2021-05-19T21:39:00+00:00\",\"dateModified\":\"2024-07-04T16:27:14+00:00\",\"mainEntityOfPage\":{\"@id\":\"https:\\\/\\\/www.uartes.edu.ec\\\/sitio\\\/blog\\\/2021\\\/05\\\/20\\\/fablab-inaugurado-en-mz14-es-resultado-de-un-esfuerzo-colectivo\\\/\"},\"wordCount\":1389,\"publisher\":{\"@id\":\"https:\\\/\\\/www.uartes.edu.ec\\\/sitio\\\/#organization\"},\"image\":{\"@id\":\"https:\\\/\\\/www.uartes.edu.ec\\\/sitio\\\/blog\\\/2021\\\/05\\\/20\\\/fablab-inaugurado-en-mz14-es-resultado-de-un-esfuerzo-colectivo\\\/#primaryimage\"},\"thumbnailUrl\":\"https:\\\/\\\/www.uartes.edu.ec\\\/sitio\\\/wp-content\\\/uploads\\\/2021\\\/05\\\/INAUGURACION-FABLAB.jpg\",\"keywords\":[\"mz14\",\"William Herrera\"],\"articleSection\":[\"Gesti\u00f3n\",\"Rectorado\",\"V\u00ednculo\"],\"inLanguage\":\"es\"},{\"@type\":[\"WebPage\",\"ItemPage\"],\"@id\":\"https:\\\/\\\/www.uartes.edu.ec\\\/sitio\\\/blog\\\/2021\\\/05\\\/20\\\/fablab-inaugurado-en-mz14-es-resultado-de-un-esfuerzo-colectivo\\\/\",\"url\":\"https:\\\/\\\/www.uartes.edu.ec\\\/sitio\\\/blog\\\/2021\\\/05\\\/20\\\/fablab-inaugurado-en-mz14-es-resultado-de-un-esfuerzo-colectivo\\\/\",\"name\":\"Universidad de las Artes - Fab.Lab., inaugurado en MZ14, es resultado de un esfuerzo colectivo\",\"isPartOf\":{\"@id\":\"https:\\\/\\\/www.uartes.edu.ec\\\/sitio\\\/#website\"},\"primaryImageOfPage\":{\"@id\":\"https:\\\/\\\/www.uartes.edu.ec\\\/sitio\\\/blog\\\/2021\\\/05\\\/20\\\/fablab-inaugurado-en-mz14-es-resultado-de-un-esfuerzo-colectivo\\\/#primaryimage\"},\"image\":{\"@id\":\"https:\\\/\\\/www.uartes.edu.ec\\\/sitio\\\/blog\\\/2021\\\/05\\\/20\\\/fablab-inaugurado-en-mz14-es-resultado-de-un-esfuerzo-colectivo\\\/#primaryimage\"},\"thumbnailUrl\":\"https:\\\/\\\/www.uartes.edu.ec\\\/sitio\\\/wp-content\\\/uploads\\\/2021\\\/05\\\/INAUGURACION-FABLAB.jpg\",\"datePublished\":\"2021-05-19T21:39:00+00:00\",\"dateModified\":\"2024-07-04T16:27:14+00:00\",\"description\":\"Universidad de las Artes - Fab.Lab., inaugurado en MZ14, es resultado de un esfuerzo colectivo\",\"breadcrumb\":{\"@id\":\"https:\\\/\\\/www.uartes.edu.ec\\\/sitio\\\/blog\\\/2021\\\/05\\\/20\\\/fablab-inaugurado-en-mz14-es-resultado-de-un-esfuerzo-colectivo\\\/#breadcrumb\"},\"inLanguage\":\"es\",\"potentialAction\":[{\"@type\":\"ReadAction\",\"target\":[\"https:\\\/\\\/www.uartes.edu.ec\\\/sitio\\\/blog\\\/2021\\\/05\\\/20\\\/fablab-inaugurado-en-mz14-es-resultado-de-un-esfuerzo-colectivo\\\/\"]}]},{\"@type\":\"ImageObject\",\"inLanguage\":\"es\",\"@id\":\"https:\\\/\\\/www.uartes.edu.ec\\\/sitio\\\/blog\\\/2021\\\/05\\\/20\\\/fablab-inaugurado-en-mz14-es-resultado-de-un-esfuerzo-colectivo\\\/#primaryimage\",\"url\":\"https:\\\/\\\/www.uartes.edu.ec\\\/sitio\\\/wp-content\\\/uploads\\\/2021\\\/05\\\/INAUGURACION-FABLAB.jpg\",\"contentUrl\":\"https:\\\/\\\/www.uartes.edu.ec\\\/sitio\\\/wp-content\\\/uploads\\\/2021\\\/05\\\/INAUGURACION-FABLAB.jpg\",\"width\":2000,\"height\":1333,\"caption\":\"El coordinador de la Zonal 8 de la Senescyt, Vallardo Villegas, coment\u00f3 que el Fab.Lab. de MZ14 es uno de los elementos que el Hub58 ofertar\u00e1 a las comunidades de las Instituciones de educaci\u00f3n superior que lo integran y a la general.\"},{\"@type\":\"BreadcrumbList\",\"@id\":\"https:\\\/\\\/www.uartes.edu.ec\\\/sitio\\\/blog\\\/2021\\\/05\\\/20\\\/fablab-inaugurado-en-mz14-es-resultado-de-un-esfuerzo-colectivo\\\/#breadcrumb\",\"itemListElement\":[{\"@type\":\"ListItem\",\"position\":1,\"name\":\"Inicio\",\"item\":\"https:\\\/\\\/www.uartes.edu.ec\\\/sitio\\\/\"},{\"@type\":\"ListItem\",\"position\":2,\"name\":\"Fab.Lab., inaugurado en MZ14, es resultado de un esfuerzo colectivo\"}]},{\"@type\":\"WebSite\",\"@id\":\"https:\\\/\\\/www.uartes.edu.ec\\\/sitio\\\/#website\",\"url\":\"https:\\\/\\\/www.uartes.edu.ec\\\/sitio\\\/\",\"name\":\"Universidad de las Artes\",\"description\":\"Sitio oficial de la Universidad Nacional de las Artes del Ecuador\",\"publisher\":{\"@id\":\"https:\\\/\\\/www.uartes.edu.ec\\\/sitio\\\/#organization\"},\"potentialAction\":[{\"@type\":\"SearchAction\",\"target\":{\"@type\":\"EntryPoint\",\"urlTemplate\":\"https:\\\/\\\/www.uartes.edu.ec\\\/sitio\\\/?s={search_term_string}\"},\"query-input\":{\"@type\":\"PropertyValueSpecification\",\"valueRequired\":true,\"valueName\":\"search_term_string\"}}],\"inLanguage\":\"es\"},{\"@type\":\"Organization\",\"@id\":\"https:\\\/\\\/www.uartes.edu.ec\\\/sitio\\\/#organization\",\"name\":\"Universidad de las Artes\",\"url\":\"https:\\\/\\\/www.uartes.edu.ec\\\/sitio\\\/\",\"logo\":{\"@type\":\"ImageObject\",\"inLanguage\":\"es\",\"@id\":\"https:\\\/\\\/www.uartes.edu.ec\\\/sitio\\\/#\\\/schema\\\/logo\\\/image\\\/\",\"url\":\"https:\\\/\\\/www.uartes.edu.ec\\\/sitio\\\/wp-content\\\/uploads\\\/2022\\\/07\\\/logo-ua-horizontal.png\",\"contentUrl\":\"https:\\\/\\\/www.uartes.edu.ec\\\/sitio\\\/wp-content\\\/uploads\\\/2022\\\/07\\\/logo-ua-horizontal.png\",\"width\":800,\"height\":276,\"caption\":\"Universidad de las Artes\"},\"image\":{\"@id\":\"https:\\\/\\\/www.uartes.edu.ec\\\/sitio\\\/#\\\/schema\\\/logo\\\/image\\\/\"},\"sameAs\":[\"https:\\\/\\\/www.facebook.com\\\/uartesec\",\"https:\\\/\\\/x.com\\\/uartesec\",\"https:\\\/\\\/www.tiktok.com\\\/@uartesec\"]},{\"@type\":\"Person\",\"@id\":\"https:\\\/\\\/www.uartes.edu.ec\\\/sitio\\\/#\\\/schema\\\/person\\\/efa1b8275797664fd7f13a79ccc0b1f4\",\"name\":\"ccortez\",\"image\":{\"@type\":\"ImageObject\",\"inLanguage\":\"es\",\"@id\":\"https:\\\/\\\/secure.gravatar.com\\\/avatar\\\/b2a6f664a3ae8e074346ef91775736c5ec479e637ecced6842de9dc98b5da9cd?s=96&d=mm&r=g\",\"url\":\"https:\\\/\\\/secure.gravatar.com\\\/avatar\\\/b2a6f664a3ae8e074346ef91775736c5ec479e637ecced6842de9dc98b5da9cd?s=96&d=mm&r=g\",\"contentUrl\":\"https:\\\/\\\/secure.gravatar.com\\\/avatar\\\/b2a6f664a3ae8e074346ef91775736c5ec479e637ecced6842de9dc98b5da9cd?s=96&d=mm&r=g\",\"caption\":\"ccortez\"},\"url\":\"https:\\\/\\\/www.uartes.edu.ec\\\/sitio\\\/blog\\\/author\\\/ccortez\\\/\"}]}<\/script>\n<!-- \/ Yoast SEO plugin. -->","yoast_head_json":{"title":"Universidad de las Artes - Fab.Lab., inaugurado en MZ14, es resultado de un esfuerzo colectivo","description":"Universidad de las Artes - Fab.Lab., inaugurado en MZ14, es resultado de un esfuerzo colectivo","robots":{"index":"index","follow":"follow","max-snippet":"max-snippet:-1","max-image-preview":"max-image-preview:large","max-video-preview":"max-video-preview:-1"},"canonical":"https:\/\/www.uartes.edu.ec\/sitio\/blog\/2021\/05\/20\/fablab-inaugurado-en-mz14-es-resultado-de-un-esfuerzo-colectivo\/","og_locale":"es_ES","og_type":"article","og_title":"Universidad de las Artes - Fab.Lab., inaugurado en MZ14, es resultado de un esfuerzo colectivo","og_description":"Universidad de las Artes - Fab.Lab., inaugurado en MZ14, es resultado de un esfuerzo colectivo","og_url":"https:\/\/www.uartes.edu.ec\/sitio\/blog\/2021\/05\/20\/fablab-inaugurado-en-mz14-es-resultado-de-un-esfuerzo-colectivo\/","og_site_name":"Universidad de las Artes","article_publisher":"https:\/\/www.facebook.com\/uartesec","article_published_time":"2021-05-19T21:39:00+00:00","article_modified_time":"2024-07-04T16:27:14+00:00","og_image":[{"width":2000,"height":1333,"url":"https:\/\/www.uartes.edu.ec\/sitio\/wp-content\/uploads\/2021\/05\/INAUGURACION-FABLAB.jpg","type":"image\/jpeg"}],"author":"ccortez","twitter_card":"summary_large_image","twitter_creator":"@uartesec","twitter_site":"@uartesec","twitter_misc":{"Escrito por":"ccortez","Tiempo de lectura":"7 minutos"},"schema":{"@context":"https:\/\/schema.org","@graph":[{"@type":"Article","@id":"https:\/\/www.uartes.edu.ec\/sitio\/blog\/2021\/05\/20\/fablab-inaugurado-en-mz14-es-resultado-de-un-esfuerzo-colectivo\/#article","isPartOf":{"@id":"https:\/\/www.uartes.edu.ec\/sitio\/blog\/2021\/05\/20\/fablab-inaugurado-en-mz14-es-resultado-de-un-esfuerzo-colectivo\/"},"author":{"name":"ccortez","@id":"https:\/\/www.uartes.edu.ec\/sitio\/#\/schema\/person\/efa1b8275797664fd7f13a79ccc0b1f4"},"headline":"Fab.Lab., inaugurado en MZ14, es resultado de un esfuerzo colectivo","datePublished":"2021-05-19T21:39:00+00:00","dateModified":"2024-07-04T16:27:14+00:00","mainEntityOfPage":{"@id":"https:\/\/www.uartes.edu.ec\/sitio\/blog\/2021\/05\/20\/fablab-inaugurado-en-mz14-es-resultado-de-un-esfuerzo-colectivo\/"},"wordCount":1389,"publisher":{"@id":"https:\/\/www.uartes.edu.ec\/sitio\/#organization"},"image":{"@id":"https:\/\/www.uartes.edu.ec\/sitio\/blog\/2021\/05\/20\/fablab-inaugurado-en-mz14-es-resultado-de-un-esfuerzo-colectivo\/#primaryimage"},"thumbnailUrl":"https:\/\/www.uartes.edu.ec\/sitio\/wp-content\/uploads\/2021\/05\/INAUGURACION-FABLAB.jpg","keywords":["mz14","William Herrera"],"articleSection":["Gesti\u00f3n","Rectorado","V\u00ednculo"],"inLanguage":"es"},{"@type":["WebPage","ItemPage"],"@id":"https:\/\/www.uartes.edu.ec\/sitio\/blog\/2021\/05\/20\/fablab-inaugurado-en-mz14-es-resultado-de-un-esfuerzo-colectivo\/","url":"https:\/\/www.uartes.edu.ec\/sitio\/blog\/2021\/05\/20\/fablab-inaugurado-en-mz14-es-resultado-de-un-esfuerzo-colectivo\/","name":"Universidad de las Artes - Fab.Lab., inaugurado en MZ14, es resultado de un esfuerzo colectivo","isPartOf":{"@id":"https:\/\/www.uartes.edu.ec\/sitio\/#website"},"primaryImageOfPage":{"@id":"https:\/\/www.uartes.edu.ec\/sitio\/blog\/2021\/05\/20\/fablab-inaugurado-en-mz14-es-resultado-de-un-esfuerzo-colectivo\/#primaryimage"},"image":{"@id":"https:\/\/www.uartes.edu.ec\/sitio\/blog\/2021\/05\/20\/fablab-inaugurado-en-mz14-es-resultado-de-un-esfuerzo-colectivo\/#primaryimage"},"thumbnailUrl":"https:\/\/www.uartes.edu.ec\/sitio\/wp-content\/uploads\/2021\/05\/INAUGURACION-FABLAB.jpg","datePublished":"2021-05-19T21:39:00+00:00","dateModified":"2024-07-04T16:27:14+00:00","description":"Universidad de las Artes - Fab.Lab., inaugurado en MZ14, es resultado de un esfuerzo colectivo","breadcrumb":{"@id":"https:\/\/www.uartes.edu.ec\/sitio\/blog\/2021\/05\/20\/fablab-inaugurado-en-mz14-es-resultado-de-un-esfuerzo-colectivo\/#breadcrumb"},"inLanguage":"es","potentialAction":[{"@type":"ReadAction","target":["https:\/\/www.uartes.edu.ec\/sitio\/blog\/2021\/05\/20\/fablab-inaugurado-en-mz14-es-resultado-de-un-esfuerzo-colectivo\/"]}]},{"@type":"ImageObject","inLanguage":"es","@id":"https:\/\/www.uartes.edu.ec\/sitio\/blog\/2021\/05\/20\/fablab-inaugurado-en-mz14-es-resultado-de-un-esfuerzo-colectivo\/#primaryimage","url":"https:\/\/www.uartes.edu.ec\/sitio\/wp-content\/uploads\/2021\/05\/INAUGURACION-FABLAB.jpg","contentUrl":"https:\/\/www.uartes.edu.ec\/sitio\/wp-content\/uploads\/2021\/05\/INAUGURACION-FABLAB.jpg","width":2000,"height":1333,"caption":"El coordinador de la Zonal 8 de la Senescyt, Vallardo Villegas, coment\u00f3 que el Fab.Lab. de MZ14 es uno de los elementos que el Hub58 ofertar\u00e1 a las comunidades de las Instituciones de educaci\u00f3n superior que lo integran y a la general."},{"@type":"BreadcrumbList","@id":"https:\/\/www.uartes.edu.ec\/sitio\/blog\/2021\/05\/20\/fablab-inaugurado-en-mz14-es-resultado-de-un-esfuerzo-colectivo\/#breadcrumb","itemListElement":[{"@type":"ListItem","position":1,"name":"Inicio","item":"https:\/\/www.uartes.edu.ec\/sitio\/"},{"@type":"ListItem","position":2,"name":"Fab.Lab., inaugurado en MZ14, es resultado de un esfuerzo colectivo"}]},{"@type":"WebSite","@id":"https:\/\/www.uartes.edu.ec\/sitio\/#website","url":"https:\/\/www.uartes.edu.ec\/sitio\/","name":"Universidad de las Artes","description":"Sitio oficial de la Universidad Nacional de las Artes del Ecuador","publisher":{"@id":"https:\/\/www.uartes.edu.ec\/sitio\/#organization"},"potentialAction":[{"@type":"SearchAction","target":{"@type":"EntryPoint","urlTemplate":"https:\/\/www.uartes.edu.ec\/sitio\/?s={search_term_string}"},"query-input":{"@type":"PropertyValueSpecification","valueRequired":true,"valueName":"search_term_string"}}],"inLanguage":"es"},{"@type":"Organization","@id":"https:\/\/www.uartes.edu.ec\/sitio\/#organization","name":"Universidad de las Artes","url":"https:\/\/www.uartes.edu.ec\/sitio\/","logo":{"@type":"ImageObject","inLanguage":"es","@id":"https:\/\/www.uartes.edu.ec\/sitio\/#\/schema\/logo\/image\/","url":"https:\/\/www.uartes.edu.ec\/sitio\/wp-content\/uploads\/2022\/07\/logo-ua-horizontal.png","contentUrl":"https:\/\/www.uartes.edu.ec\/sitio\/wp-content\/uploads\/2022\/07\/logo-ua-horizontal.png","width":800,"height":276,"caption":"Universidad de las Artes"},"image":{"@id":"https:\/\/www.uartes.edu.ec\/sitio\/#\/schema\/logo\/image\/"},"sameAs":["https:\/\/www.facebook.com\/uartesec","https:\/\/x.com\/uartesec","https:\/\/www.tiktok.com\/@uartesec"]},{"@type":"Person","@id":"https:\/\/www.uartes.edu.ec\/sitio\/#\/schema\/person\/efa1b8275797664fd7f13a79ccc0b1f4","name":"ccortez","image":{"@type":"ImageObject","inLanguage":"es","@id":"https:\/\/secure.gravatar.com\/avatar\/b2a6f664a3ae8e074346ef91775736c5ec479e637ecced6842de9dc98b5da9cd?s=96&d=mm&r=g","url":"https:\/\/secure.gravatar.com\/avatar\/b2a6f664a3ae8e074346ef91775736c5ec479e637ecced6842de9dc98b5da9cd?s=96&d=mm&r=g","contentUrl":"https:\/\/secure.gravatar.com\/avatar\/b2a6f664a3ae8e074346ef91775736c5ec479e637ecced6842de9dc98b5da9cd?s=96&d=mm&r=g","caption":"ccortez"},"url":"https:\/\/www.uartes.edu.ec\/sitio\/blog\/author\/ccortez\/"}]}},"uagb_featured_image_src":{"full":["https:\/\/www.uartes.edu.ec\/sitio\/wp-content\/uploads\/2021\/05\/INAUGURACION-FABLAB.jpg",2000,1333,false],"thumbnail":["https:\/\/www.uartes.edu.ec\/sitio\/wp-content\/uploads\/2021\/05\/INAUGURACION-FABLAB-150x150.jpg",150,150,true],"medium":["https:\/\/www.uartes.edu.ec\/sitio\/wp-content\/uploads\/2021\/05\/INAUGURACION-FABLAB-300x200.jpg",300,200,true],"medium_large":["https:\/\/www.uartes.edu.ec\/sitio\/wp-content\/uploads\/2021\/05\/INAUGURACION-FABLAB-768x512.jpg",768,512,true],"large":["https:\/\/www.uartes.edu.ec\/sitio\/wp-content\/uploads\/2021\/05\/INAUGURACION-FABLAB-644x429.jpg",644,429,true],"1536x1536":["https:\/\/www.uartes.edu.ec\/sitio\/wp-content\/uploads\/2021\/05\/INAUGURACION-FABLAB-1536x1024.jpg",1536,1024,true],"2048x2048":["https:\/\/www.uartes.edu.ec\/sitio\/wp-content\/uploads\/2021\/05\/INAUGURACION-FABLAB.jpg",2000,1333,false],"trp-custom-language-flag":["https:\/\/www.uartes.edu.ec\/sitio\/wp-content\/uploads\/2021\/05\/INAUGURACION-FABLAB.jpg",18,12,false],"htmega_size_585x295":["https:\/\/www.uartes.edu.ec\/sitio\/wp-content\/uploads\/2021\/05\/INAUGURACION-FABLAB-585x295.jpg",585,295,true],"htmega_size_1170x536":["https:\/\/www.uartes.edu.ec\/sitio\/wp-content\/uploads\/2021\/05\/INAUGURACION-FABLAB-1170x536.jpg",1170,536,true],"htmega_size_396x360":["https:\/\/www.uartes.edu.ec\/sitio\/wp-content\/uploads\/2021\/05\/INAUGURACION-FABLAB-396x360.jpg",396,360,true],"gb-block-post-grid-landscape":["https:\/\/www.uartes.edu.ec\/sitio\/wp-content\/uploads\/2021\/05\/INAUGURACION-FABLAB.jpg",600,400,false],"gb-block-post-grid-square":["https:\/\/www.uartes.edu.ec\/sitio\/wp-content\/uploads\/2021\/05\/INAUGURACION-FABLAB.jpg",600,400,false],"university-hub-thumb":["https:\/\/www.uartes.edu.ec\/sitio\/wp-content\/uploads\/2021\/05\/INAUGURACION-FABLAB-400x267.jpg",400,267,true]},"uagb_author_info":{"display_name":"ccortez","author_link":"https:\/\/www.uartes.edu.ec\/sitio\/blog\/author\/ccortez\/"},"uagb_comment_info":0,"uagb_excerpt":"Pilar Estrada, directora ejecutiva del Centro de Producci\u00f3n e Innovaci\u00f3n MZ14 de la Universidad de las Artes (ubicado 9 de Octubre y Panam\u00e1), fue la encargada de dar la bienvenida este mi\u00e9rcoles 19 de mayo de 2021 al acto inaugural de las estaciones del Fab.Lab.","featured_image_src":"https:\/\/www.uartes.edu.ec\/sitio\/wp-content\/uploads\/2021\/05\/INAUGURACION-FABLAB.jpg","featured_image_src_square":"https:\/\/www.uartes.edu.ec\/sitio\/wp-content\/uploads\/2021\/05\/INAUGURACION-FABLAB.jpg","author_info":{"display_name":"ccortez","author_link":"https:\/\/www.uartes.edu.ec\/sitio\/blog\/author\/ccortez\/"},"publishpress_future_workflow_manual_trigger":{"enabledWorkflows":[]},"distributor_meta":false,"distributor_terms":false,"distributor_media":false,"distributor_original_site_name":"Universidad de las Artes","distributor_original_site_url":"https:\/\/www.uartes.edu.ec\/sitio","push-errors":false,"_links":{"self":[{"href":"https:\/\/www.uartes.edu.ec\/sitio\/wp-json\/wp\/v2\/posts\/13858","targetHints":{"allow":["GET"]}}],"collection":[{"href":"https:\/\/www.uartes.edu.ec\/sitio\/wp-json\/wp\/v2\/posts"}],"about":[{"href":"https:\/\/www.uartes.edu.ec\/sitio\/wp-json\/wp\/v2\/types\/post"}],"author":[{"embeddable":true,"href":"https:\/\/www.uartes.edu.ec\/sitio\/wp-json\/wp\/v2\/users\/10"}],"replies":[{"embeddable":true,"href":"https:\/\/www.uartes.edu.ec\/sitio\/wp-json\/wp\/v2\/comments?post=13858"}],"version-history":[{"count":4,"href":"https:\/\/www.uartes.edu.ec\/sitio\/wp-json\/wp\/v2\/posts\/13858\/revisions"}],"predecessor-version":[{"id":13881,"href":"https:\/\/www.uartes.edu.ec\/sitio\/wp-json\/wp\/v2\/posts\/13858\/revisions\/13881"}],"wp:featuredmedia":[{"embeddable":true,"href":"https:\/\/www.uartes.edu.ec\/sitio\/wp-json\/wp\/v2\/media\/13874"}],"wp:attachment":[{"href":"https:\/\/www.uartes.edu.ec\/sitio\/wp-json\/wp\/v2\/media?parent=13858"}],"wp:term":[{"taxonomy":"category","embeddable":true,"href":"https:\/\/www.uartes.edu.ec\/sitio\/wp-json\/wp\/v2\/categories?post=13858"},{"taxonomy":"post_tag","embeddable":true,"href":"https:\/\/www.uartes.edu.ec\/sitio\/wp-json\/wp\/v2\/tags?post=13858"},{"taxonomy":"infouartes","embeddable":true,"href":"https:\/\/www.uartes.edu.ec\/sitio\/wp-json\/wp\/v2\/infouartes?post=13858"}],"curies":[{"name":"wp","href":"https:\/\/api.w.org\/{rel}","templated":true}]}}