{"id":14234,"date":"2021-06-18T11:23:52","date_gmt":"2021-06-18T16:23:52","guid":{"rendered":"http:\/\/www.uartes.edu.ec\/sitio\/?p=14234"},"modified":"2024-07-04T11:26:13","modified_gmt":"2024-07-04T16:26:13","slug":"el-consejo-estudiantil-uartes-y-sus-deliberaciones-laura-jacome-su-presidenta-detalla-lo-actuado","status":"publish","type":"post","link":"https:\/\/www.uartes.edu.ec\/sitio\/blog\/2021\/06\/17\/el-consejo-estudiantil-uartes-y-sus-deliberaciones-laura-jacome-su-presidenta-detalla-lo-actuado\/","title":{"rendered":"El Consejo Estudiantil UArtes y sus deliberaciones; Laura J\u00e1come, su presidenta, detalla lo actuado"},"content":{"rendered":"\n<p>Ante la Universidad de las Artes, Laura J\u00e1come, quien cursa la carrera de Artes Musicales y Sonoras, tiene triple responsabilidad. La de estudiar, evidentemente, la de integrar el \u00d3rgano Colegiado Superior y la de presidir el Consejo Estudiantil. Sobre esta \u00faltima, InfoUArtes busc\u00f3 dialogar con ella para conocer los pasos que se han dado al interior de esta representatividad, la cual, al institucionalizarse la UArtes y establecerse un OCS, observa reformas en su estructura. Tambi\u00e9n para despejar algunas inquietudes manifestadas por los alumnos.<\/p>\n\n\n\n<p>Laura J\u00e1come se\u00f1al\u00f3 que el Consejo Estudiantil se encarga de discutir temas que afecten al alumnado UArtes, que pudieran ser de \u00edndole acad\u00e9mico o administrativo, a fin de llegar a un consenso de prontas soluciones. La \u00faltima sesi\u00f3n se realiz\u00f3 en mayo pasado y entre los puntos a tratar constaron la falta de una \u00f3ptima comunicaci\u00f3n al interior de la universidad y los procedimientos adecuados a seguir frente a casos de abuso y acoso sexual. Se present\u00f3, adem\u00e1s, al cuerpo estudiantil que lo conforma.<\/p>\n\n\n\n<p>\u201cEl tema de la comunicaci\u00f3n es muy complejo\u201d, se\u00f1al\u00f3 y argument\u00f3 que muchos estudiantes desconocen lo que ocurre dentro del per\u00edmetro universitario debido a la falta de una red informativa eficiente. Recalc\u00f3, asimismo, el poco inter\u00e9s que existe por parte del cuerpo estudiantil para mantenerse al d\u00eda. Muchas veces los correos son olvidados, se hunden en publicaciones que \u201cno son de inter\u00e9s\u201d y el estudiante promedio busca conseguir informaci\u00f3n de alg\u00fan conocido dentro del cuerpo administrativo, incluso si estos ya no ejerzan el cargo ni est\u00e9n en la UArtes.<\/p>\n\n\n\n<p>\u201cSe entiende que haya cierto ausentismo, dadas las circunstancias por las que estamos pasando (\u2026). Eso nos ha complicado porque nos encontramos respondiendo las mismas preguntas una y otra vez. Entendemos que el antiguo Consejo Estudiantil no convocaba a asamblea de forma regular, pero nosotros tenemos la intenci\u00f3n de hacerlo de forma peri\u00f3dica\u201d, dijo J\u00e1come y afirm\u00f3 que busca mantener un feedback de cada sesi\u00f3n, procurando darles espacio a todos los estudiantes que se acerquen con dudas.<\/p>\n\n\n\n<p>El Consejo Estudiantil tiene su propia Comisi\u00f3n de Comunicaci\u00f3n y sus miembros est\u00e1n a cargo de todo lo que a informaci\u00f3n se refiere, as\u00ed como a los planes de difusi\u00f3n a ejecutarse y que incluye el formato de cada sesi\u00f3n y las v\u00edas por las que esta se transmite. La \u00faltima reuni\u00f3n no fue grabada porque se lleg\u00f3 al consenso de que varios estudiantes no estar\u00edan contentos con ello, sin embargo, parte del trabajo de la comisi\u00f3n es mantener un registro de cada asamblea. Actualmente, se elaboran dos calendarios: uno para los estudiantes y otro para los mismos miembros del Consejo Estudiantil, para evitar cualquier problem\u00e1tica.<\/p>\n\n\n\n<p>La \u00faltima sesi\u00f3n se realiz\u00f3 v\u00eda Zoom, en cuatro sesiones de media hora cada una, donde el Consejo Estudiantil se dirigi\u00f3 a dos semestres por sesi\u00f3n. De esta manera, sostuvo su presidenta, se lleg\u00f3 a mucha m\u00e1s gente y se pudo aprovechar el tiempo. Tambi\u00e9n se\u00f1al\u00f3 que una de las observaciones que m\u00e1s le llegan de los estudiantes son las Pr\u00e1cticas Pre-Profesionales (PPP) y que desde el OCS se realizan cambios respecto al tema, incluyendo el papel de los tutores, en consideraci\u00f3n a sus cargas de trabajo. \u201cAhora existen regulaciones&nbsp; que antes no exist\u00edan, pero como todo proceso, toma tiempo adaptarse\u201d.<\/p>\n\n\n\n<p>En el Consejo Estudiantil tambi\u00e9n se ha discutido sobre los intensivos que oferta la universidad. \u201cAlgo importante que debe saber la comunidad estudiantil es que no pueden abrirse dos intensivos al a\u00f1o\u201d, dijo. Hizo la menci\u00f3n porque muchos estudiantes se hallan recogiendo firmas para abrir ciertas materias en un segundo proceso de intensivos, lo cual ya ha establecido el OCS que, aparte de no tener buena planificaci\u00f3n, resulta una p\u00e9rdida de recursos, pues muchos de los que firman y se comprometen asistir a dichos cursos al final no van o terminan retir\u00e1ndose de la materia. \u201cDurante octubre no hay intensivos, no importa cu\u00e1ntas firmas se recojan\u201d, recalc\u00f3 J\u00e1come.<\/p>\n\n\n\n<p>Con respecto a idiomas, la UArtes trabaja en un programa intensivo especializado que sirva de manera virtual y se pueda tomar de corrido, a fin de que el estudiante interesado pueda avanzar m\u00e1s de un nivel por semestre y escoger el horario de su conveniencia. Durante dicho proceso se proporcionar\u00e1 todo el material necesario, junto a los trabajos requeridos para cada nivel. Con esto, la universidad busca optimizar el tiempo del estudiante. No obstante, J\u00e1come se\u00f1al\u00f3 inconvenientes con los idiomas de franc\u00e9s y portugu\u00e9s, que al no ser tan demandados como el ingl\u00e9s tiene menos profesores.&nbsp;<\/p>\n\n\n\n<p>Revel\u00f3 que para quienes les falte un nivel se ha creado una norma transitoria que les permita cursarlo junto a la materia de titulaci\u00f3n. Se puede apelar enviando su tema de tesis al Consejo Directivo de su respectiva escuela, lo cual pasa por Secretar\u00eda Acad\u00e9mica. Una vez aprobado, el estudiante puede cursar ambas materias sin problema.<\/p>\n\n\n\n<p>Una de las ideas que se present\u00f3 al Consejo Estudiantil fue la implementaci\u00f3n de un documento PDF que funcione como una gu\u00eda general, pues estar\u00e1 todo lo que el alumno UArtes debe saber, desde los nombres del cuerpo administrativo, sus respectivos cargos, qui\u00e9n puede ayudar con qu\u00e9, contactos de los responsables de las pr\u00e1cticas, a qui\u00e9n se puede acudir en caso dudas, etc. El fin es mantener, dentro de un formato de f\u00e1cil acceso, un compendio de las respuestas a las preguntas m\u00e1s comunes.<\/p>\n\n\n\n<p>Tambi\u00e9n se busca implementar una red informativa que no se encuentre saturada, pues existen decenas de grupos de WhatsApp de la UArtes, grupos de Facebook, grupos de correo institucional e incluso en Twitter hay cierta presencia. Instagram podr\u00eda ser la plataforma para mantener a la comunidad estudiantil informada, aprovechando las comodidades que dicha red social otorga y su f\u00e1cil manejo.<\/p>\n\n\n\n<p>Respecto al proceso de denuncia, J\u00e1come agreg\u00f3 se est\u00e1 regulando con Bienestar Estudiantil dar seguimiento a todas las denuncias que se hagan, ya sea de acoso sexual, discriminaci\u00f3n o violencia de g\u00e9nero. Recientemente se sum\u00f3 un nuevo trabajador social, quien mantiene contacto con la Fiscal\u00eda y la Polic\u00eda Nacional, y encarga de mantener el registro y de seguir cada caso hasta cerrarlo satisfactoriamente. \u201cMucha gente no denuncia porque estamos acostumbrados a que no lleguen a nada e incluso se escracha a quien denuncia\u201d, se\u00f1al\u00f3. Junto a Mar\u00eda Fernanda Plaza, directora (e) de Asuntos Estudiantiles y Comunidad Universitaria, se desarrollan ideas para incentivar a quienes sufran de este tipo de maltrato acercarse a denunciar sin temor a represalias.<\/p>\n\n\n\n<p>Actualmente se gestiona un contacto telef\u00f3nico del Consejo Estudiantil, a raz\u00f3n de ayudar a la descongesti\u00f3n de informaci\u00f3n, que los estudiantes recibir\u00e1n de forma concisa. La informaci\u00f3n compartida por este medio ser\u00e1 netamente acad\u00e9mica y administrativa.<\/p>\n\n\n\n<p><em>Texto: Abel Cano Carriel, estudiante de la Escuela de Literatura.<\/em><\/p>\n","protected":false},"excerpt":{"rendered":"<p>Ante la Universidad de las Artes, Laura J\u00e1come, quien cursa la carrera de Artes Musicales y Sonoras, tiene triple responsabilidad. La de estudiar, evidentemente, la de integrar el \u00d3rgano Colegiado Superior y la de presidir el Consejo Estudiantil. Sobre esta \u00faltima, InfoUArtes busc\u00f3 dialogar con ella para conocer los pasos que se han dado al interior de esta representatividad, la cual, al institucionalizarse la UArtes y establecerse un OCS, observa reformas en su estructura. Tambi\u00e9n para despejar algunas inquietudes manifestadas por los alumnos.<\/p>\n","protected":false},"author":10,"featured_media":14253,"comment_status":"open","ping_status":"open","sticky":false,"template":"","format":"standard","meta":{"_acf_changed":false,"_uag_custom_page_level_css":"","_monsterinsights_skip_tracking":false,"_monsterinsights_sitenote_active":false,"_monsterinsights_sitenote_note":"","_monsterinsights_sitenote_category":0,"cybocfi_hide_featured_image":"","footnotes":""},"categories":[76,77,175,465],"tags":[],"infouartes":[],"class_list":["post-14234","post","type-post","status-publish","format-standard","has-post-thumbnail","hentry","category-estudiantes","category-gestion","category-literatura","category-ocs"],"acf":[],"yoast_head":"<!-- This site is optimized with the Yoast SEO plugin v27.4 - https:\/\/yoast.com\/product\/yoast-seo-wordpress\/ -->\n<title>Universidad de las Artes - El Consejo Estudiantil UArtes y sus deliberaciones; Laura J\u00e1come, su presidenta, detalla lo actuado<\/title>\n<meta name=\"description\" content=\"Universidad de las Artes - El Consejo Estudiantil UArtes y sus deliberaciones; Laura J\u00e1come, su presidenta, detalla lo actuado\" \/>\n<meta name=\"robots\" content=\"index, follow, max-snippet:-1, max-image-preview:large, max-video-preview:-1\" \/>\n<link rel=\"canonical\" href=\"https:\/\/www.uartes.edu.ec\/sitio\/blog\/2021\/06\/17\/el-consejo-estudiantil-uartes-y-sus-deliberaciones-laura-jacome-su-presidenta-detalla-lo-actuado\/\" \/>\n<meta property=\"og:locale\" content=\"es_ES\" \/>\n<meta property=\"og:type\" content=\"article\" \/>\n<meta property=\"og:title\" content=\"Universidad de las Artes - El Consejo Estudiantil UArtes y sus deliberaciones; Laura J\u00e1come, su presidenta, detalla lo actuado\" \/>\n<meta property=\"og:description\" content=\"Universidad de las Artes - El Consejo Estudiantil UArtes y sus deliberaciones; Laura J\u00e1come, su presidenta, detalla lo actuado\" \/>\n<meta property=\"og:url\" content=\"https:\/\/www.uartes.edu.ec\/sitio\/blog\/2021\/06\/17\/el-consejo-estudiantil-uartes-y-sus-deliberaciones-laura-jacome-su-presidenta-detalla-lo-actuado\/\" \/>\n<meta property=\"og:site_name\" content=\"Universidad de las Artes\" \/>\n<meta property=\"article:publisher\" content=\"https:\/\/www.facebook.com\/uartesec\" \/>\n<meta property=\"article:published_time\" content=\"2021-06-18T16:23:52+00:00\" \/>\n<meta property=\"article:modified_time\" content=\"2024-07-04T16:26:13+00:00\" \/>\n<meta property=\"og:image\" content=\"https:\/\/www.uartes.edu.ec\/sitio\/wp-content\/uploads\/2021\/06\/LAURA-JACOME-REDES.jpg\" \/>\n\t<meta property=\"og:image:width\" content=\"2000\" \/>\n\t<meta property=\"og:image:height\" content=\"1333\" \/>\n\t<meta property=\"og:image:type\" content=\"image\/jpeg\" \/>\n<meta name=\"author\" content=\"ccortez\" \/>\n<meta name=\"twitter:card\" content=\"summary_large_image\" \/>\n<meta name=\"twitter:creator\" content=\"@uartesec\" \/>\n<meta name=\"twitter:site\" content=\"@uartesec\" \/>\n<meta name=\"twitter:label1\" content=\"Escrito por\" \/>\n\t<meta name=\"twitter:data1\" content=\"ccortez\" \/>\n\t<meta name=\"twitter:label2\" content=\"Tiempo de lectura\" \/>\n\t<meta name=\"twitter:data2\" content=\"5 minutos\" \/>\n<script type=\"application\/ld+json\" class=\"yoast-schema-graph\">{\"@context\":\"https:\\\/\\\/schema.org\",\"@graph\":[{\"@type\":\"Article\",\"@id\":\"https:\\\/\\\/www.uartes.edu.ec\\\/sitio\\\/blog\\\/2021\\\/06\\\/17\\\/el-consejo-estudiantil-uartes-y-sus-deliberaciones-laura-jacome-su-presidenta-detalla-lo-actuado\\\/#article\",\"isPartOf\":{\"@id\":\"https:\\\/\\\/www.uartes.edu.ec\\\/sitio\\\/blog\\\/2021\\\/06\\\/17\\\/el-consejo-estudiantil-uartes-y-sus-deliberaciones-laura-jacome-su-presidenta-detalla-lo-actuado\\\/\"},\"author\":{\"name\":\"ccortez\",\"@id\":\"https:\\\/\\\/www.uartes.edu.ec\\\/sitio\\\/#\\\/schema\\\/person\\\/efa1b8275797664fd7f13a79ccc0b1f4\"},\"headline\":\"El Consejo Estudiantil UArtes y sus deliberaciones; Laura J\u00e1come, su presidenta, detalla lo actuado\",\"datePublished\":\"2021-06-18T16:23:52+00:00\",\"dateModified\":\"2024-07-04T16:26:13+00:00\",\"mainEntityOfPage\":{\"@id\":\"https:\\\/\\\/www.uartes.edu.ec\\\/sitio\\\/blog\\\/2021\\\/06\\\/17\\\/el-consejo-estudiantil-uartes-y-sus-deliberaciones-laura-jacome-su-presidenta-detalla-lo-actuado\\\/\"},\"wordCount\":1206,\"commentCount\":0,\"publisher\":{\"@id\":\"https:\\\/\\\/www.uartes.edu.ec\\\/sitio\\\/#organization\"},\"image\":{\"@id\":\"https:\\\/\\\/www.uartes.edu.ec\\\/sitio\\\/blog\\\/2021\\\/06\\\/17\\\/el-consejo-estudiantil-uartes-y-sus-deliberaciones-laura-jacome-su-presidenta-detalla-lo-actuado\\\/#primaryimage\"},\"thumbnailUrl\":\"https:\\\/\\\/www.uartes.edu.ec\\\/sitio\\\/wp-content\\\/uploads\\\/2021\\\/06\\\/LAURA-JACOME-REDES.jpg\",\"articleSection\":[\"Estudiantes\",\"Gesti\u00f3n\",\"Literatura\",\"\u00d3rgano Colegiado Superior\"],\"inLanguage\":\"es\",\"potentialAction\":[{\"@type\":\"CommentAction\",\"name\":\"Comment\",\"target\":[\"https:\\\/\\\/www.uartes.edu.ec\\\/sitio\\\/blog\\\/2021\\\/06\\\/17\\\/el-consejo-estudiantil-uartes-y-sus-deliberaciones-laura-jacome-su-presidenta-detalla-lo-actuado\\\/#respond\"]}]},{\"@type\":[\"WebPage\",\"ItemPage\"],\"@id\":\"https:\\\/\\\/www.uartes.edu.ec\\\/sitio\\\/blog\\\/2021\\\/06\\\/17\\\/el-consejo-estudiantil-uartes-y-sus-deliberaciones-laura-jacome-su-presidenta-detalla-lo-actuado\\\/\",\"url\":\"https:\\\/\\\/www.uartes.edu.ec\\\/sitio\\\/blog\\\/2021\\\/06\\\/17\\\/el-consejo-estudiantil-uartes-y-sus-deliberaciones-laura-jacome-su-presidenta-detalla-lo-actuado\\\/\",\"name\":\"Universidad de las Artes - El Consejo Estudiantil UArtes y sus deliberaciones; Laura J\u00e1come, su presidenta, detalla lo actuado\",\"isPartOf\":{\"@id\":\"https:\\\/\\\/www.uartes.edu.ec\\\/sitio\\\/#website\"},\"primaryImageOfPage\":{\"@id\":\"https:\\\/\\\/www.uartes.edu.ec\\\/sitio\\\/blog\\\/2021\\\/06\\\/17\\\/el-consejo-estudiantil-uartes-y-sus-deliberaciones-laura-jacome-su-presidenta-detalla-lo-actuado\\\/#primaryimage\"},\"image\":{\"@id\":\"https:\\\/\\\/www.uartes.edu.ec\\\/sitio\\\/blog\\\/2021\\\/06\\\/17\\\/el-consejo-estudiantil-uartes-y-sus-deliberaciones-laura-jacome-su-presidenta-detalla-lo-actuado\\\/#primaryimage\"},\"thumbnailUrl\":\"https:\\\/\\\/www.uartes.edu.ec\\\/sitio\\\/wp-content\\\/uploads\\\/2021\\\/06\\\/LAURA-JACOME-REDES.jpg\",\"datePublished\":\"2021-06-18T16:23:52+00:00\",\"dateModified\":\"2024-07-04T16:26:13+00:00\",\"description\":\"Universidad de las Artes - El Consejo Estudiantil UArtes y sus deliberaciones; Laura J\u00e1come, su presidenta, detalla lo actuado\",\"breadcrumb\":{\"@id\":\"https:\\\/\\\/www.uartes.edu.ec\\\/sitio\\\/blog\\\/2021\\\/06\\\/17\\\/el-consejo-estudiantil-uartes-y-sus-deliberaciones-laura-jacome-su-presidenta-detalla-lo-actuado\\\/#breadcrumb\"},\"inLanguage\":\"es\",\"potentialAction\":[{\"@type\":\"ReadAction\",\"target\":[\"https:\\\/\\\/www.uartes.edu.ec\\\/sitio\\\/blog\\\/2021\\\/06\\\/17\\\/el-consejo-estudiantil-uartes-y-sus-deliberaciones-laura-jacome-su-presidenta-detalla-lo-actuado\\\/\"]}]},{\"@type\":\"ImageObject\",\"inLanguage\":\"es\",\"@id\":\"https:\\\/\\\/www.uartes.edu.ec\\\/sitio\\\/blog\\\/2021\\\/06\\\/17\\\/el-consejo-estudiantil-uartes-y-sus-deliberaciones-laura-jacome-su-presidenta-detalla-lo-actuado\\\/#primaryimage\",\"url\":\"https:\\\/\\\/www.uartes.edu.ec\\\/sitio\\\/wp-content\\\/uploads\\\/2021\\\/06\\\/LAURA-JACOME-REDES.jpg\",\"contentUrl\":\"https:\\\/\\\/www.uartes.edu.ec\\\/sitio\\\/wp-content\\\/uploads\\\/2021\\\/06\\\/LAURA-JACOME-REDES.jpg\",\"width\":2000,\"height\":1333,\"caption\":\"El Consejo Estudiantil UArtes, Laura J\u00e1come, su presidenta\"},{\"@type\":\"BreadcrumbList\",\"@id\":\"https:\\\/\\\/www.uartes.edu.ec\\\/sitio\\\/blog\\\/2021\\\/06\\\/17\\\/el-consejo-estudiantil-uartes-y-sus-deliberaciones-laura-jacome-su-presidenta-detalla-lo-actuado\\\/#breadcrumb\",\"itemListElement\":[{\"@type\":\"ListItem\",\"position\":1,\"name\":\"Inicio\",\"item\":\"https:\\\/\\\/www.uartes.edu.ec\\\/sitio\\\/\"},{\"@type\":\"ListItem\",\"position\":2,\"name\":\"El Consejo Estudiantil UArtes y sus deliberaciones; Laura J\u00e1come, su presidenta, detalla lo actuado\"}]},{\"@type\":\"WebSite\",\"@id\":\"https:\\\/\\\/www.uartes.edu.ec\\\/sitio\\\/#website\",\"url\":\"https:\\\/\\\/www.uartes.edu.ec\\\/sitio\\\/\",\"name\":\"Universidad de las Artes\",\"description\":\"Sitio oficial de la Universidad Nacional de las Artes del Ecuador\",\"publisher\":{\"@id\":\"https:\\\/\\\/www.uartes.edu.ec\\\/sitio\\\/#organization\"},\"potentialAction\":[{\"@type\":\"SearchAction\",\"target\":{\"@type\":\"EntryPoint\",\"urlTemplate\":\"https:\\\/\\\/www.uartes.edu.ec\\\/sitio\\\/?s={search_term_string}\"},\"query-input\":{\"@type\":\"PropertyValueSpecification\",\"valueRequired\":true,\"valueName\":\"search_term_string\"}}],\"inLanguage\":\"es\"},{\"@type\":\"Organization\",\"@id\":\"https:\\\/\\\/www.uartes.edu.ec\\\/sitio\\\/#organization\",\"name\":\"Universidad de las Artes\",\"url\":\"https:\\\/\\\/www.uartes.edu.ec\\\/sitio\\\/\",\"logo\":{\"@type\":\"ImageObject\",\"inLanguage\":\"es\",\"@id\":\"https:\\\/\\\/www.uartes.edu.ec\\\/sitio\\\/#\\\/schema\\\/logo\\\/image\\\/\",\"url\":\"https:\\\/\\\/www.uartes.edu.ec\\\/sitio\\\/wp-content\\\/uploads\\\/2022\\\/07\\\/logo-ua-horizontal.png\",\"contentUrl\":\"https:\\\/\\\/www.uartes.edu.ec\\\/sitio\\\/wp-content\\\/uploads\\\/2022\\\/07\\\/logo-ua-horizontal.png\",\"width\":800,\"height\":276,\"caption\":\"Universidad de las Artes\"},\"image\":{\"@id\":\"https:\\\/\\\/www.uartes.edu.ec\\\/sitio\\\/#\\\/schema\\\/logo\\\/image\\\/\"},\"sameAs\":[\"https:\\\/\\\/www.facebook.com\\\/uartesec\",\"https:\\\/\\\/x.com\\\/uartesec\",\"https:\\\/\\\/www.tiktok.com\\\/@uartesec\"]},{\"@type\":\"Person\",\"@id\":\"https:\\\/\\\/www.uartes.edu.ec\\\/sitio\\\/#\\\/schema\\\/person\\\/efa1b8275797664fd7f13a79ccc0b1f4\",\"name\":\"ccortez\",\"image\":{\"@type\":\"ImageObject\",\"inLanguage\":\"es\",\"@id\":\"https:\\\/\\\/secure.gravatar.com\\\/avatar\\\/b2a6f664a3ae8e074346ef91775736c5ec479e637ecced6842de9dc98b5da9cd?s=96&d=mm&r=g\",\"url\":\"https:\\\/\\\/secure.gravatar.com\\\/avatar\\\/b2a6f664a3ae8e074346ef91775736c5ec479e637ecced6842de9dc98b5da9cd?s=96&d=mm&r=g\",\"contentUrl\":\"https:\\\/\\\/secure.gravatar.com\\\/avatar\\\/b2a6f664a3ae8e074346ef91775736c5ec479e637ecced6842de9dc98b5da9cd?s=96&d=mm&r=g\",\"caption\":\"ccortez\"},\"url\":\"https:\\\/\\\/www.uartes.edu.ec\\\/sitio\\\/blog\\\/author\\\/ccortez\\\/\"}]}<\/script>\n<!-- \/ Yoast SEO plugin. -->","yoast_head_json":{"title":"Universidad de las Artes - El Consejo Estudiantil UArtes y sus deliberaciones; Laura J\u00e1come, su presidenta, detalla lo actuado","description":"Universidad de las Artes - El Consejo Estudiantil UArtes y sus deliberaciones; Laura J\u00e1come, su presidenta, detalla lo actuado","robots":{"index":"index","follow":"follow","max-snippet":"max-snippet:-1","max-image-preview":"max-image-preview:large","max-video-preview":"max-video-preview:-1"},"canonical":"https:\/\/www.uartes.edu.ec\/sitio\/blog\/2021\/06\/17\/el-consejo-estudiantil-uartes-y-sus-deliberaciones-laura-jacome-su-presidenta-detalla-lo-actuado\/","og_locale":"es_ES","og_type":"article","og_title":"Universidad de las Artes - El Consejo Estudiantil UArtes y sus deliberaciones; Laura J\u00e1come, su presidenta, detalla lo actuado","og_description":"Universidad de las Artes - El Consejo Estudiantil UArtes y sus deliberaciones; Laura J\u00e1come, su presidenta, detalla lo actuado","og_url":"https:\/\/www.uartes.edu.ec\/sitio\/blog\/2021\/06\/17\/el-consejo-estudiantil-uartes-y-sus-deliberaciones-laura-jacome-su-presidenta-detalla-lo-actuado\/","og_site_name":"Universidad de las Artes","article_publisher":"https:\/\/www.facebook.com\/uartesec","article_published_time":"2021-06-18T16:23:52+00:00","article_modified_time":"2024-07-04T16:26:13+00:00","og_image":[{"width":2000,"height":1333,"url":"https:\/\/www.uartes.edu.ec\/sitio\/wp-content\/uploads\/2021\/06\/LAURA-JACOME-REDES.jpg","type":"image\/jpeg"}],"author":"ccortez","twitter_card":"summary_large_image","twitter_creator":"@uartesec","twitter_site":"@uartesec","twitter_misc":{"Escrito por":"ccortez","Tiempo de lectura":"5 minutos"},"schema":{"@context":"https:\/\/schema.org","@graph":[{"@type":"Article","@id":"https:\/\/www.uartes.edu.ec\/sitio\/blog\/2021\/06\/17\/el-consejo-estudiantil-uartes-y-sus-deliberaciones-laura-jacome-su-presidenta-detalla-lo-actuado\/#article","isPartOf":{"@id":"https:\/\/www.uartes.edu.ec\/sitio\/blog\/2021\/06\/17\/el-consejo-estudiantil-uartes-y-sus-deliberaciones-laura-jacome-su-presidenta-detalla-lo-actuado\/"},"author":{"name":"ccortez","@id":"https:\/\/www.uartes.edu.ec\/sitio\/#\/schema\/person\/efa1b8275797664fd7f13a79ccc0b1f4"},"headline":"El Consejo Estudiantil UArtes y sus deliberaciones; Laura J\u00e1come, su presidenta, detalla lo actuado","datePublished":"2021-06-18T16:23:52+00:00","dateModified":"2024-07-04T16:26:13+00:00","mainEntityOfPage":{"@id":"https:\/\/www.uartes.edu.ec\/sitio\/blog\/2021\/06\/17\/el-consejo-estudiantil-uartes-y-sus-deliberaciones-laura-jacome-su-presidenta-detalla-lo-actuado\/"},"wordCount":1206,"commentCount":0,"publisher":{"@id":"https:\/\/www.uartes.edu.ec\/sitio\/#organization"},"image":{"@id":"https:\/\/www.uartes.edu.ec\/sitio\/blog\/2021\/06\/17\/el-consejo-estudiantil-uartes-y-sus-deliberaciones-laura-jacome-su-presidenta-detalla-lo-actuado\/#primaryimage"},"thumbnailUrl":"https:\/\/www.uartes.edu.ec\/sitio\/wp-content\/uploads\/2021\/06\/LAURA-JACOME-REDES.jpg","articleSection":["Estudiantes","Gesti\u00f3n","Literatura","\u00d3rgano Colegiado Superior"],"inLanguage":"es","potentialAction":[{"@type":"CommentAction","name":"Comment","target":["https:\/\/www.uartes.edu.ec\/sitio\/blog\/2021\/06\/17\/el-consejo-estudiantil-uartes-y-sus-deliberaciones-laura-jacome-su-presidenta-detalla-lo-actuado\/#respond"]}]},{"@type":["WebPage","ItemPage"],"@id":"https:\/\/www.uartes.edu.ec\/sitio\/blog\/2021\/06\/17\/el-consejo-estudiantil-uartes-y-sus-deliberaciones-laura-jacome-su-presidenta-detalla-lo-actuado\/","url":"https:\/\/www.uartes.edu.ec\/sitio\/blog\/2021\/06\/17\/el-consejo-estudiantil-uartes-y-sus-deliberaciones-laura-jacome-su-presidenta-detalla-lo-actuado\/","name":"Universidad de las Artes - El Consejo Estudiantil UArtes y sus deliberaciones; Laura J\u00e1come, su presidenta, detalla lo actuado","isPartOf":{"@id":"https:\/\/www.uartes.edu.ec\/sitio\/#website"},"primaryImageOfPage":{"@id":"https:\/\/www.uartes.edu.ec\/sitio\/blog\/2021\/06\/17\/el-consejo-estudiantil-uartes-y-sus-deliberaciones-laura-jacome-su-presidenta-detalla-lo-actuado\/#primaryimage"},"image":{"@id":"https:\/\/www.uartes.edu.ec\/sitio\/blog\/2021\/06\/17\/el-consejo-estudiantil-uartes-y-sus-deliberaciones-laura-jacome-su-presidenta-detalla-lo-actuado\/#primaryimage"},"thumbnailUrl":"https:\/\/www.uartes.edu.ec\/sitio\/wp-content\/uploads\/2021\/06\/LAURA-JACOME-REDES.jpg","datePublished":"2021-06-18T16:23:52+00:00","dateModified":"2024-07-04T16:26:13+00:00","description":"Universidad de las Artes - El Consejo Estudiantil UArtes y sus deliberaciones; Laura J\u00e1come, su presidenta, detalla lo actuado","breadcrumb":{"@id":"https:\/\/www.uartes.edu.ec\/sitio\/blog\/2021\/06\/17\/el-consejo-estudiantil-uartes-y-sus-deliberaciones-laura-jacome-su-presidenta-detalla-lo-actuado\/#breadcrumb"},"inLanguage":"es","potentialAction":[{"@type":"ReadAction","target":["https:\/\/www.uartes.edu.ec\/sitio\/blog\/2021\/06\/17\/el-consejo-estudiantil-uartes-y-sus-deliberaciones-laura-jacome-su-presidenta-detalla-lo-actuado\/"]}]},{"@type":"ImageObject","inLanguage":"es","@id":"https:\/\/www.uartes.edu.ec\/sitio\/blog\/2021\/06\/17\/el-consejo-estudiantil-uartes-y-sus-deliberaciones-laura-jacome-su-presidenta-detalla-lo-actuado\/#primaryimage","url":"https:\/\/www.uartes.edu.ec\/sitio\/wp-content\/uploads\/2021\/06\/LAURA-JACOME-REDES.jpg","contentUrl":"https:\/\/www.uartes.edu.ec\/sitio\/wp-content\/uploads\/2021\/06\/LAURA-JACOME-REDES.jpg","width":2000,"height":1333,"caption":"El Consejo Estudiantil UArtes, Laura J\u00e1come, su presidenta"},{"@type":"BreadcrumbList","@id":"https:\/\/www.uartes.edu.ec\/sitio\/blog\/2021\/06\/17\/el-consejo-estudiantil-uartes-y-sus-deliberaciones-laura-jacome-su-presidenta-detalla-lo-actuado\/#breadcrumb","itemListElement":[{"@type":"ListItem","position":1,"name":"Inicio","item":"https:\/\/www.uartes.edu.ec\/sitio\/"},{"@type":"ListItem","position":2,"name":"El Consejo Estudiantil UArtes y sus deliberaciones; Laura J\u00e1come, su presidenta, detalla lo actuado"}]},{"@type":"WebSite","@id":"https:\/\/www.uartes.edu.ec\/sitio\/#website","url":"https:\/\/www.uartes.edu.ec\/sitio\/","name":"Universidad de las Artes","description":"Sitio oficial de la Universidad Nacional de las Artes del Ecuador","publisher":{"@id":"https:\/\/www.uartes.edu.ec\/sitio\/#organization"},"potentialAction":[{"@type":"SearchAction","target":{"@type":"EntryPoint","urlTemplate":"https:\/\/www.uartes.edu.ec\/sitio\/?s={search_term_string}"},"query-input":{"@type":"PropertyValueSpecification","valueRequired":true,"valueName":"search_term_string"}}],"inLanguage":"es"},{"@type":"Organization","@id":"https:\/\/www.uartes.edu.ec\/sitio\/#organization","name":"Universidad de las Artes","url":"https:\/\/www.uartes.edu.ec\/sitio\/","logo":{"@type":"ImageObject","inLanguage":"es","@id":"https:\/\/www.uartes.edu.ec\/sitio\/#\/schema\/logo\/image\/","url":"https:\/\/www.uartes.edu.ec\/sitio\/wp-content\/uploads\/2022\/07\/logo-ua-horizontal.png","contentUrl":"https:\/\/www.uartes.edu.ec\/sitio\/wp-content\/uploads\/2022\/07\/logo-ua-horizontal.png","width":800,"height":276,"caption":"Universidad de las Artes"},"image":{"@id":"https:\/\/www.uartes.edu.ec\/sitio\/#\/schema\/logo\/image\/"},"sameAs":["https:\/\/www.facebook.com\/uartesec","https:\/\/x.com\/uartesec","https:\/\/www.tiktok.com\/@uartesec"]},{"@type":"Person","@id":"https:\/\/www.uartes.edu.ec\/sitio\/#\/schema\/person\/efa1b8275797664fd7f13a79ccc0b1f4","name":"ccortez","image":{"@type":"ImageObject","inLanguage":"es","@id":"https:\/\/secure.gravatar.com\/avatar\/b2a6f664a3ae8e074346ef91775736c5ec479e637ecced6842de9dc98b5da9cd?s=96&d=mm&r=g","url":"https:\/\/secure.gravatar.com\/avatar\/b2a6f664a3ae8e074346ef91775736c5ec479e637ecced6842de9dc98b5da9cd?s=96&d=mm&r=g","contentUrl":"https:\/\/secure.gravatar.com\/avatar\/b2a6f664a3ae8e074346ef91775736c5ec479e637ecced6842de9dc98b5da9cd?s=96&d=mm&r=g","caption":"ccortez"},"url":"https:\/\/www.uartes.edu.ec\/sitio\/blog\/author\/ccortez\/"}]}},"uagb_featured_image_src":{"full":["https:\/\/www.uartes.edu.ec\/sitio\/wp-content\/uploads\/2021\/06\/LAURA-JACOME-REDES.jpg",2000,1333,false],"thumbnail":["https:\/\/www.uartes.edu.ec\/sitio\/wp-content\/uploads\/2021\/06\/LAURA-JACOME-REDES-150x150.jpg",150,150,true],"medium":["https:\/\/www.uartes.edu.ec\/sitio\/wp-content\/uploads\/2021\/06\/LAURA-JACOME-REDES-300x200.jpg",300,200,true],"medium_large":["https:\/\/www.uartes.edu.ec\/sitio\/wp-content\/uploads\/2021\/06\/LAURA-JACOME-REDES-768x512.jpg",768,512,true],"large":["https:\/\/www.uartes.edu.ec\/sitio\/wp-content\/uploads\/2021\/06\/LAURA-JACOME-REDES-644x429.jpg",644,429,true],"1536x1536":["https:\/\/www.uartes.edu.ec\/sitio\/wp-content\/uploads\/2021\/06\/LAURA-JACOME-REDES-1536x1024.jpg",1536,1024,true],"2048x2048":["https:\/\/www.uartes.edu.ec\/sitio\/wp-content\/uploads\/2021\/06\/LAURA-JACOME-REDES.jpg",2000,1333,false],"trp-custom-language-flag":["https:\/\/www.uartes.edu.ec\/sitio\/wp-content\/uploads\/2021\/06\/LAURA-JACOME-REDES-16x12.jpg",16,12,true],"htmega_size_585x295":["https:\/\/www.uartes.edu.ec\/sitio\/wp-content\/uploads\/2021\/06\/LAURA-JACOME-REDES-585x295.jpg",585,295,true],"htmega_size_1170x536":["https:\/\/www.uartes.edu.ec\/sitio\/wp-content\/uploads\/2021\/06\/LAURA-JACOME-REDES-1170x536.jpg",1170,536,true],"htmega_size_396x360":["https:\/\/www.uartes.edu.ec\/sitio\/wp-content\/uploads\/2021\/06\/LAURA-JACOME-REDES-396x360.jpg",396,360,true],"gb-block-post-grid-landscape":["https:\/\/www.uartes.edu.ec\/sitio\/wp-content\/uploads\/2021\/06\/LAURA-JACOME-REDES.jpg",600,400,false],"gb-block-post-grid-square":["https:\/\/www.uartes.edu.ec\/sitio\/wp-content\/uploads\/2021\/06\/LAURA-JACOME-REDES.jpg",600,400,false],"university-hub-thumb":["https:\/\/www.uartes.edu.ec\/sitio\/wp-content\/uploads\/2021\/06\/LAURA-JACOME-REDES-400x267.jpg",400,267,true]},"uagb_author_info":{"display_name":"ccortez","author_link":"https:\/\/www.uartes.edu.ec\/sitio\/blog\/author\/ccortez\/"},"uagb_comment_info":0,"uagb_excerpt":"Ante la Universidad de las Artes, Laura J\u00e1come, quien cursa la carrera de Artes Musicales y Sonoras, tiene triple responsabilidad. La de estudiar, evidentemente, la de integrar el \u00d3rgano Colegiado Superior y la de presidir el Consejo Estudiantil. Sobre esta \u00faltima, InfoUArtes busc\u00f3 dialogar con ella para conocer los pasos que se han dado al&hellip;","featured_image_src":"https:\/\/www.uartes.edu.ec\/sitio\/wp-content\/uploads\/2021\/06\/LAURA-JACOME-REDES.jpg","featured_image_src_square":"https:\/\/www.uartes.edu.ec\/sitio\/wp-content\/uploads\/2021\/06\/LAURA-JACOME-REDES.jpg","author_info":{"display_name":"ccortez","author_link":"https:\/\/www.uartes.edu.ec\/sitio\/blog\/author\/ccortez\/"},"publishpress_future_workflow_manual_trigger":{"enabledWorkflows":[]},"distributor_meta":false,"distributor_terms":false,"distributor_media":false,"distributor_original_site_name":"Universidad de las Artes","distributor_original_site_url":"https:\/\/www.uartes.edu.ec\/sitio","push-errors":false,"_links":{"self":[{"href":"https:\/\/www.uartes.edu.ec\/sitio\/wp-json\/wp\/v2\/posts\/14234","targetHints":{"allow":["GET"]}}],"collection":[{"href":"https:\/\/www.uartes.edu.ec\/sitio\/wp-json\/wp\/v2\/posts"}],"about":[{"href":"https:\/\/www.uartes.edu.ec\/sitio\/wp-json\/wp\/v2\/types\/post"}],"author":[{"embeddable":true,"href":"https:\/\/www.uartes.edu.ec\/sitio\/wp-json\/wp\/v2\/users\/10"}],"replies":[{"embeddable":true,"href":"https:\/\/www.uartes.edu.ec\/sitio\/wp-json\/wp\/v2\/comments?post=14234"}],"version-history":[{"count":5,"href":"https:\/\/www.uartes.edu.ec\/sitio\/wp-json\/wp\/v2\/posts\/14234\/revisions"}],"predecessor-version":[{"id":14415,"href":"https:\/\/www.uartes.edu.ec\/sitio\/wp-json\/wp\/v2\/posts\/14234\/revisions\/14415"}],"wp:featuredmedia":[{"embeddable":true,"href":"https:\/\/www.uartes.edu.ec\/sitio\/wp-json\/wp\/v2\/media\/14253"}],"wp:attachment":[{"href":"https:\/\/www.uartes.edu.ec\/sitio\/wp-json\/wp\/v2\/media?parent=14234"}],"wp:term":[{"taxonomy":"category","embeddable":true,"href":"https:\/\/www.uartes.edu.ec\/sitio\/wp-json\/wp\/v2\/categories?post=14234"},{"taxonomy":"post_tag","embeddable":true,"href":"https:\/\/www.uartes.edu.ec\/sitio\/wp-json\/wp\/v2\/tags?post=14234"},{"taxonomy":"infouartes","embeddable":true,"href":"https:\/\/www.uartes.edu.ec\/sitio\/wp-json\/wp\/v2\/infouartes?post=14234"}],"curies":[{"name":"wp","href":"https:\/\/api.w.org\/{rel}","templated":true}]}}