{"id":1431,"date":"2018-03-29T16:20:28","date_gmt":"2018-03-29T21:20:28","guid":{"rendered":"http:\/\/www.uartes.edu.ec\/infouartes\/?p=1431"},"modified":"2024-07-04T11:53:54","modified_gmt":"2024-07-04T16:53:54","slug":"libro-de-ramiro-noriega-propone-debate-sobre-los-discursos-reales-a-partir-de-la-ficcion-en-novelas-de-piglia-bolano-y-cercas","status":"publish","type":"post","link":"https:\/\/www.uartes.edu.ec\/sitio\/blog\/2018\/03\/29\/libro-de-ramiro-noriega-propone-debate-sobre-los-discursos-reales-a-partir-de-la-ficcion-en-novelas-de-piglia-bolano-y-cercas\/","title":{"rendered":"Libro de Ramiro Noriega propone debate sobre los discursos reales a partir de la ficci\u00f3n en novelas de Piglia, Bola\u00f1o y Cercas"},"content":{"rendered":"<p>\u201cAl mezclar la historia oficial y la historia no oficial, <em>Respiraci\u00f3n artificial<\/em> de Piglia, <em>Los detectives salvajes<\/em> de Bola\u00f1o y los <em>Soldados de Salamina<\/em> de Cercas, incitamos a aceptar la posibilidad de una \u2018tercera verdad\u2019, dice el texto que resume el libro <strong>Entre la historia y memoria. La ficci\u00f3n como un montaje en Piglia, Bola\u00f1o y Cercas <\/strong>(L&#8217;Harmattan), que presentar\u00e1 Ramiro Noriega, Rector de la Universidad de las Artes, en Francia.<\/p>\n<p>\u201cLa novela contempor\u00e1nea cuestiona las relaciones entre lo verdadero y lo falso, entre lo real y lo ficticio, no para oponerse a ellas, sino para ir m\u00e1s all\u00e1 de este debate hacia lo que vemos como el verdadero debate: ante todo el de la relaci\u00f3n del lector frente al imaginario literario y, en segundo lugar, el estado de la ficci\u00f3n y su relaci\u00f3n con los llamados discursos reales, es decir, el discurso de la historia y la memoria\u201d.<\/p>\n<p>Ramiro Noriega, escritor y acad\u00e9mico, dialogar\u00e1 junto a Daniel-Henri Pageaux y Michel Gironde, a prop\u00f3sito de la presentaci\u00f3n de su libro que se realizar\u00e1 el pr\u00f3ximo mi\u00e9rcoles 11 de abril de 2018, en la Maison de l&#8217;Am\u00e9rique Latine, en Par\u00eds.<\/p>\n<p>Sobre los participantes<\/p>\n<p><strong>Ramiro Noriega <\/strong>es un escritor con m\u00e1s de dieciocho a\u00f1os de experiencia como autoridad acad\u00e9mica y profesor universitario. Cuenta con un doctorado en Literatura General y Comparada por la Universidad Sorbonne Nouvelle, Par\u00eds 3. Se ha desempe\u00f1ado como Ministro de Cultura del Ecuador, Agregado Cultural de la Embajada del Ecuador en Francia, profesor de la Universidad San Francisco de Quito, entre otros cargos. Ha contribuido a la institucionalizaci\u00f3n de la UArtes como Presidente de la Comisi\u00f3n Gestora y Rector desde sus inicios.<\/p>\n<p><strong>Daniel-Henri Pageaux<\/strong> es catedr\u00e1tico de Literatura General y Comparada en la Universidad Sorbonne Nouvelle, Par\u00eds 3, desde 1975. Hispanista de formaci\u00f3n, incursion\u00f3 en las literaturas francesas. Dirige la colecci\u00f3n &#8220;Classiques pour demain&#8221; en las ediciones L&#8217;Harmattan. Es codirector de la <em>Revue de Litt\u00e9rature Compar\u00e9e<\/em>\u00a0y es miembro corresponsal de la Academia de Ciencias\/Letras de Lisboa.<\/p>\n<p><strong>Michel Gironde<\/strong> es Doctor en Literatura General y Comparativa por la Universidad Sorbonne Nouvelle, Par\u00eds 3. Especialista en continuidad cultural hispana y estadounidense en la obra del escritor mexicano Carlos Fuentes. Investigador en la Universidad Paris 3 y miembro del grupo internacional RETINA, investigaci\u00f3n est\u00e9tica y te\u00f3rica sobre im\u00e1genes nuevas y antiguas.<\/p>\n","protected":false},"excerpt":{"rendered":"<p>\u201cAl mezclar la historia oficial y la historia no oficial, Respiraci\u00f3n artificial de Piglia, Los detectives salvajes de Bola\u00f1o y los Soldados de Salamina de Cercas, incitamos a aceptar la posibilidad de una \u2018tercera verdad\u2019, dice el texto que resume el libro Entre la historia y memoria. La ficci\u00f3n como un montaje en Piglia, Bola\u00f1o [&hellip;]<\/p>\n","protected":false},"author":1,"featured_media":1432,"comment_status":"closed","ping_status":"closed","sticky":false,"template":"","format":"standard","meta":{"_acf_changed":false,"_uag_custom_page_level_css":"","_monsterinsights_skip_tracking":false,"_monsterinsights_sitenote_active":false,"_monsterinsights_sitenote_note":"","_monsterinsights_sitenote_category":0,"cybocfi_hide_featured_image":"","footnotes":""},"categories":[84],"tags":[],"infouartes":[],"class_list":["post-1431","post","type-post","status-publish","format-standard","has-post-thumbnail","hentry","category-rectorado"],"acf":[],"yoast_head":"<!-- This site is optimized with the Yoast SEO plugin v27.4 - https:\/\/yoast.com\/product\/yoast-seo-wordpress\/ -->\n<title>Universidad de las Artes - Libro de Ramiro Noriega propone debate sobre los discursos reales a partir de la ficci\u00f3n en novelas de Piglia, Bola\u00f1o y Cercas<\/title>\n<meta name=\"description\" content=\"Universidad de las Artes - Libro de Ramiro Noriega propone debate sobre los discursos reales a partir de la ficci\u00f3n en novelas de Piglia, Bola\u00f1o y Cercas\" \/>\n<meta name=\"robots\" content=\"index, follow, max-snippet:-1, max-image-preview:large, max-video-preview:-1\" \/>\n<link rel=\"canonical\" href=\"https:\/\/www.uartes.edu.ec\/sitio\/blog\/2018\/03\/29\/libro-de-ramiro-noriega-propone-debate-sobre-los-discursos-reales-a-partir-de-la-ficcion-en-novelas-de-piglia-bolano-y-cercas\/\" \/>\n<meta property=\"og:locale\" content=\"es_ES\" \/>\n<meta property=\"og:type\" content=\"article\" \/>\n<meta property=\"og:title\" content=\"Universidad de las Artes - Libro de Ramiro Noriega propone debate sobre los discursos reales a partir de la ficci\u00f3n en novelas de Piglia, Bola\u00f1o y Cercas\" \/>\n<meta property=\"og:description\" content=\"Universidad de las Artes - Libro de Ramiro Noriega propone debate sobre los discursos reales a partir de la ficci\u00f3n en novelas de Piglia, Bola\u00f1o y Cercas\" \/>\n<meta property=\"og:url\" content=\"https:\/\/www.uartes.edu.ec\/sitio\/blog\/2018\/03\/29\/libro-de-ramiro-noriega-propone-debate-sobre-los-discursos-reales-a-partir-de-la-ficcion-en-novelas-de-piglia-bolano-y-cercas\/\" \/>\n<meta property=\"og:site_name\" content=\"Universidad de las Artes\" \/>\n<meta property=\"article:publisher\" content=\"https:\/\/www.facebook.com\/uartesec\" \/>\n<meta property=\"article:published_time\" content=\"2018-03-29T21:20:28+00:00\" \/>\n<meta property=\"article:modified_time\" content=\"2024-07-04T16:53:54+00:00\" \/>\n<meta name=\"author\" content=\"Universidad de las Artes\" \/>\n<meta name=\"twitter:card\" content=\"summary_large_image\" \/>\n<meta name=\"twitter:creator\" content=\"@uartesec\" \/>\n<meta name=\"twitter:site\" content=\"@uartesec\" \/>\n<meta name=\"twitter:label1\" content=\"Escrito por\" \/>\n\t<meta name=\"twitter:data1\" content=\"Universidad de las Artes\" \/>\n\t<meta name=\"twitter:label2\" content=\"Tiempo de lectura\" \/>\n\t<meta name=\"twitter:data2\" content=\"2 minutos\" \/>\n<script type=\"application\/ld+json\" class=\"yoast-schema-graph\">{\"@context\":\"https:\\\/\\\/schema.org\",\"@graph\":[{\"@type\":\"Article\",\"@id\":\"https:\\\/\\\/www.uartes.edu.ec\\\/sitio\\\/blog\\\/2018\\\/03\\\/29\\\/libro-de-ramiro-noriega-propone-debate-sobre-los-discursos-reales-a-partir-de-la-ficcion-en-novelas-de-piglia-bolano-y-cercas\\\/#article\",\"isPartOf\":{\"@id\":\"https:\\\/\\\/www.uartes.edu.ec\\\/sitio\\\/blog\\\/2018\\\/03\\\/29\\\/libro-de-ramiro-noriega-propone-debate-sobre-los-discursos-reales-a-partir-de-la-ficcion-en-novelas-de-piglia-bolano-y-cercas\\\/\"},\"author\":{\"name\":\"Universidad de las Artes\",\"@id\":\"https:\\\/\\\/www.uartes.edu.ec\\\/sitio\\\/#\\\/schema\\\/person\\\/f33f8c1d2af0d5c80a38c8abf458184a\"},\"headline\":\"Libro de Ramiro Noriega propone debate sobre los discursos reales a partir de la ficci\u00f3n en novelas de Piglia, Bola\u00f1o y Cercas\",\"datePublished\":\"2018-03-29T21:20:28+00:00\",\"dateModified\":\"2024-07-04T16:53:54+00:00\",\"mainEntityOfPage\":{\"@id\":\"https:\\\/\\\/www.uartes.edu.ec\\\/sitio\\\/blog\\\/2018\\\/03\\\/29\\\/libro-de-ramiro-noriega-propone-debate-sobre-los-discursos-reales-a-partir-de-la-ficcion-en-novelas-de-piglia-bolano-y-cercas\\\/\"},\"wordCount\":436,\"publisher\":{\"@id\":\"https:\\\/\\\/www.uartes.edu.ec\\\/sitio\\\/#organization\"},\"image\":{\"@id\":\"https:\\\/\\\/www.uartes.edu.ec\\\/sitio\\\/blog\\\/2018\\\/03\\\/29\\\/libro-de-ramiro-noriega-propone-debate-sobre-los-discursos-reales-a-partir-de-la-ficcion-en-novelas-de-piglia-bolano-y-cercas\\\/#primaryimage\"},\"thumbnailUrl\":\"\",\"articleSection\":[\"Rectorado\"],\"inLanguage\":\"es\"},{\"@type\":[\"WebPage\",\"ItemPage\"],\"@id\":\"https:\\\/\\\/www.uartes.edu.ec\\\/sitio\\\/blog\\\/2018\\\/03\\\/29\\\/libro-de-ramiro-noriega-propone-debate-sobre-los-discursos-reales-a-partir-de-la-ficcion-en-novelas-de-piglia-bolano-y-cercas\\\/\",\"url\":\"https:\\\/\\\/www.uartes.edu.ec\\\/sitio\\\/blog\\\/2018\\\/03\\\/29\\\/libro-de-ramiro-noriega-propone-debate-sobre-los-discursos-reales-a-partir-de-la-ficcion-en-novelas-de-piglia-bolano-y-cercas\\\/\",\"name\":\"Universidad de las Artes - Libro de Ramiro Noriega propone debate sobre los discursos reales a partir de la ficci\u00f3n en novelas de Piglia, Bola\u00f1o y Cercas\",\"isPartOf\":{\"@id\":\"https:\\\/\\\/www.uartes.edu.ec\\\/sitio\\\/#website\"},\"primaryImageOfPage\":{\"@id\":\"https:\\\/\\\/www.uartes.edu.ec\\\/sitio\\\/blog\\\/2018\\\/03\\\/29\\\/libro-de-ramiro-noriega-propone-debate-sobre-los-discursos-reales-a-partir-de-la-ficcion-en-novelas-de-piglia-bolano-y-cercas\\\/#primaryimage\"},\"image\":{\"@id\":\"https:\\\/\\\/www.uartes.edu.ec\\\/sitio\\\/blog\\\/2018\\\/03\\\/29\\\/libro-de-ramiro-noriega-propone-debate-sobre-los-discursos-reales-a-partir-de-la-ficcion-en-novelas-de-piglia-bolano-y-cercas\\\/#primaryimage\"},\"thumbnailUrl\":\"\",\"datePublished\":\"2018-03-29T21:20:28+00:00\",\"dateModified\":\"2024-07-04T16:53:54+00:00\",\"description\":\"Universidad de las Artes - Libro de Ramiro Noriega propone debate sobre los discursos reales a partir de la ficci\u00f3n en novelas de Piglia, Bola\u00f1o y Cercas\",\"breadcrumb\":{\"@id\":\"https:\\\/\\\/www.uartes.edu.ec\\\/sitio\\\/blog\\\/2018\\\/03\\\/29\\\/libro-de-ramiro-noriega-propone-debate-sobre-los-discursos-reales-a-partir-de-la-ficcion-en-novelas-de-piglia-bolano-y-cercas\\\/#breadcrumb\"},\"inLanguage\":\"es\",\"potentialAction\":[{\"@type\":\"ReadAction\",\"target\":[\"https:\\\/\\\/www.uartes.edu.ec\\\/sitio\\\/blog\\\/2018\\\/03\\\/29\\\/libro-de-ramiro-noriega-propone-debate-sobre-los-discursos-reales-a-partir-de-la-ficcion-en-novelas-de-piglia-bolano-y-cercas\\\/\"]}]},{\"@type\":\"ImageObject\",\"inLanguage\":\"es\",\"@id\":\"https:\\\/\\\/www.uartes.edu.ec\\\/sitio\\\/blog\\\/2018\\\/03\\\/29\\\/libro-de-ramiro-noriega-propone-debate-sobre-los-discursos-reales-a-partir-de-la-ficcion-en-novelas-de-piglia-bolano-y-cercas\\\/#primaryimage\",\"url\":\"\",\"contentUrl\":\"\"},{\"@type\":\"BreadcrumbList\",\"@id\":\"https:\\\/\\\/www.uartes.edu.ec\\\/sitio\\\/blog\\\/2018\\\/03\\\/29\\\/libro-de-ramiro-noriega-propone-debate-sobre-los-discursos-reales-a-partir-de-la-ficcion-en-novelas-de-piglia-bolano-y-cercas\\\/#breadcrumb\",\"itemListElement\":[{\"@type\":\"ListItem\",\"position\":1,\"name\":\"Inicio\",\"item\":\"https:\\\/\\\/www.uartes.edu.ec\\\/sitio\\\/\"},{\"@type\":\"ListItem\",\"position\":2,\"name\":\"Libro de Ramiro Noriega propone debate sobre los discursos reales a partir de la ficci\u00f3n en novelas de Piglia, Bola\u00f1o y Cercas\"}]},{\"@type\":\"WebSite\",\"@id\":\"https:\\\/\\\/www.uartes.edu.ec\\\/sitio\\\/#website\",\"url\":\"https:\\\/\\\/www.uartes.edu.ec\\\/sitio\\\/\",\"name\":\"Universidad de las Artes\",\"description\":\"Sitio oficial de la Universidad Nacional de las Artes del Ecuador\",\"publisher\":{\"@id\":\"https:\\\/\\\/www.uartes.edu.ec\\\/sitio\\\/#organization\"},\"potentialAction\":[{\"@type\":\"SearchAction\",\"target\":{\"@type\":\"EntryPoint\",\"urlTemplate\":\"https:\\\/\\\/www.uartes.edu.ec\\\/sitio\\\/?s={search_term_string}\"},\"query-input\":{\"@type\":\"PropertyValueSpecification\",\"valueRequired\":true,\"valueName\":\"search_term_string\"}}],\"inLanguage\":\"es\"},{\"@type\":\"Organization\",\"@id\":\"https:\\\/\\\/www.uartes.edu.ec\\\/sitio\\\/#organization\",\"name\":\"Universidad de las Artes\",\"url\":\"https:\\\/\\\/www.uartes.edu.ec\\\/sitio\\\/\",\"logo\":{\"@type\":\"ImageObject\",\"inLanguage\":\"es\",\"@id\":\"https:\\\/\\\/www.uartes.edu.ec\\\/sitio\\\/#\\\/schema\\\/logo\\\/image\\\/\",\"url\":\"https:\\\/\\\/www.uartes.edu.ec\\\/sitio\\\/wp-content\\\/uploads\\\/2022\\\/07\\\/logo-ua-horizontal.png\",\"contentUrl\":\"https:\\\/\\\/www.uartes.edu.ec\\\/sitio\\\/wp-content\\\/uploads\\\/2022\\\/07\\\/logo-ua-horizontal.png\",\"width\":800,\"height\":276,\"caption\":\"Universidad de las Artes\"},\"image\":{\"@id\":\"https:\\\/\\\/www.uartes.edu.ec\\\/sitio\\\/#\\\/schema\\\/logo\\\/image\\\/\"},\"sameAs\":[\"https:\\\/\\\/www.facebook.com\\\/uartesec\",\"https:\\\/\\\/x.com\\\/uartesec\",\"https:\\\/\\\/www.tiktok.com\\\/@uartesec\"]},{\"@type\":\"Person\",\"@id\":\"https:\\\/\\\/www.uartes.edu.ec\\\/sitio\\\/#\\\/schema\\\/person\\\/f33f8c1d2af0d5c80a38c8abf458184a\",\"name\":\"Universidad de las Artes\",\"image\":{\"@type\":\"ImageObject\",\"inLanguage\":\"es\",\"@id\":\"https:\\\/\\\/secure.gravatar.com\\\/avatar\\\/52e4757902f5cfa5ac52d020e5be83cae5487519154b6c35482fe08d589f3c13?s=96&d=mm&r=g\",\"url\":\"https:\\\/\\\/secure.gravatar.com\\\/avatar\\\/52e4757902f5cfa5ac52d020e5be83cae5487519154b6c35482fe08d589f3c13?s=96&d=mm&r=g\",\"contentUrl\":\"https:\\\/\\\/secure.gravatar.com\\\/avatar\\\/52e4757902f5cfa5ac52d020e5be83cae5487519154b6c35482fe08d589f3c13?s=96&d=mm&r=g\",\"caption\":\"Universidad de las Artes\"},\"url\":\"https:\\\/\\\/www.uartes.edu.ec\\\/sitio\\\/blog\\\/author\\\/dircomadm\\\/\"}]}<\/script>\n<!-- \/ Yoast SEO plugin. -->","yoast_head_json":{"title":"Universidad de las Artes - Libro de Ramiro Noriega propone debate sobre los discursos reales a partir de la ficci\u00f3n en novelas de Piglia, Bola\u00f1o y Cercas","description":"Universidad de las Artes - Libro de Ramiro Noriega propone debate sobre los discursos reales a partir de la ficci\u00f3n en novelas de Piglia, Bola\u00f1o y Cercas","robots":{"index":"index","follow":"follow","max-snippet":"max-snippet:-1","max-image-preview":"max-image-preview:large","max-video-preview":"max-video-preview:-1"},"canonical":"https:\/\/www.uartes.edu.ec\/sitio\/blog\/2018\/03\/29\/libro-de-ramiro-noriega-propone-debate-sobre-los-discursos-reales-a-partir-de-la-ficcion-en-novelas-de-piglia-bolano-y-cercas\/","og_locale":"es_ES","og_type":"article","og_title":"Universidad de las Artes - Libro de Ramiro Noriega propone debate sobre los discursos reales a partir de la ficci\u00f3n en novelas de Piglia, Bola\u00f1o y Cercas","og_description":"Universidad de las Artes - Libro de Ramiro Noriega propone debate sobre los discursos reales a partir de la ficci\u00f3n en novelas de Piglia, Bola\u00f1o y Cercas","og_url":"https:\/\/www.uartes.edu.ec\/sitio\/blog\/2018\/03\/29\/libro-de-ramiro-noriega-propone-debate-sobre-los-discursos-reales-a-partir-de-la-ficcion-en-novelas-de-piglia-bolano-y-cercas\/","og_site_name":"Universidad de las Artes","article_publisher":"https:\/\/www.facebook.com\/uartesec","article_published_time":"2018-03-29T21:20:28+00:00","article_modified_time":"2024-07-04T16:53:54+00:00","author":"Universidad de las Artes","twitter_card":"summary_large_image","twitter_creator":"@uartesec","twitter_site":"@uartesec","twitter_misc":{"Escrito por":"Universidad de las Artes","Tiempo de lectura":"2 minutos"},"schema":{"@context":"https:\/\/schema.org","@graph":[{"@type":"Article","@id":"https:\/\/www.uartes.edu.ec\/sitio\/blog\/2018\/03\/29\/libro-de-ramiro-noriega-propone-debate-sobre-los-discursos-reales-a-partir-de-la-ficcion-en-novelas-de-piglia-bolano-y-cercas\/#article","isPartOf":{"@id":"https:\/\/www.uartes.edu.ec\/sitio\/blog\/2018\/03\/29\/libro-de-ramiro-noriega-propone-debate-sobre-los-discursos-reales-a-partir-de-la-ficcion-en-novelas-de-piglia-bolano-y-cercas\/"},"author":{"name":"Universidad de las Artes","@id":"https:\/\/www.uartes.edu.ec\/sitio\/#\/schema\/person\/f33f8c1d2af0d5c80a38c8abf458184a"},"headline":"Libro de Ramiro Noriega propone debate sobre los discursos reales a partir de la ficci\u00f3n en novelas de Piglia, Bola\u00f1o y Cercas","datePublished":"2018-03-29T21:20:28+00:00","dateModified":"2024-07-04T16:53:54+00:00","mainEntityOfPage":{"@id":"https:\/\/www.uartes.edu.ec\/sitio\/blog\/2018\/03\/29\/libro-de-ramiro-noriega-propone-debate-sobre-los-discursos-reales-a-partir-de-la-ficcion-en-novelas-de-piglia-bolano-y-cercas\/"},"wordCount":436,"publisher":{"@id":"https:\/\/www.uartes.edu.ec\/sitio\/#organization"},"image":{"@id":"https:\/\/www.uartes.edu.ec\/sitio\/blog\/2018\/03\/29\/libro-de-ramiro-noriega-propone-debate-sobre-los-discursos-reales-a-partir-de-la-ficcion-en-novelas-de-piglia-bolano-y-cercas\/#primaryimage"},"thumbnailUrl":"","articleSection":["Rectorado"],"inLanguage":"es"},{"@type":["WebPage","ItemPage"],"@id":"https:\/\/www.uartes.edu.ec\/sitio\/blog\/2018\/03\/29\/libro-de-ramiro-noriega-propone-debate-sobre-los-discursos-reales-a-partir-de-la-ficcion-en-novelas-de-piglia-bolano-y-cercas\/","url":"https:\/\/www.uartes.edu.ec\/sitio\/blog\/2018\/03\/29\/libro-de-ramiro-noriega-propone-debate-sobre-los-discursos-reales-a-partir-de-la-ficcion-en-novelas-de-piglia-bolano-y-cercas\/","name":"Universidad de las Artes - Libro de Ramiro Noriega propone debate sobre los discursos reales a partir de la ficci\u00f3n en novelas de Piglia, Bola\u00f1o y Cercas","isPartOf":{"@id":"https:\/\/www.uartes.edu.ec\/sitio\/#website"},"primaryImageOfPage":{"@id":"https:\/\/www.uartes.edu.ec\/sitio\/blog\/2018\/03\/29\/libro-de-ramiro-noriega-propone-debate-sobre-los-discursos-reales-a-partir-de-la-ficcion-en-novelas-de-piglia-bolano-y-cercas\/#primaryimage"},"image":{"@id":"https:\/\/www.uartes.edu.ec\/sitio\/blog\/2018\/03\/29\/libro-de-ramiro-noriega-propone-debate-sobre-los-discursos-reales-a-partir-de-la-ficcion-en-novelas-de-piglia-bolano-y-cercas\/#primaryimage"},"thumbnailUrl":"","datePublished":"2018-03-29T21:20:28+00:00","dateModified":"2024-07-04T16:53:54+00:00","description":"Universidad de las Artes - Libro de Ramiro Noriega propone debate sobre los discursos reales a partir de la ficci\u00f3n en novelas de Piglia, Bola\u00f1o y Cercas","breadcrumb":{"@id":"https:\/\/www.uartes.edu.ec\/sitio\/blog\/2018\/03\/29\/libro-de-ramiro-noriega-propone-debate-sobre-los-discursos-reales-a-partir-de-la-ficcion-en-novelas-de-piglia-bolano-y-cercas\/#breadcrumb"},"inLanguage":"es","potentialAction":[{"@type":"ReadAction","target":["https:\/\/www.uartes.edu.ec\/sitio\/blog\/2018\/03\/29\/libro-de-ramiro-noriega-propone-debate-sobre-los-discursos-reales-a-partir-de-la-ficcion-en-novelas-de-piglia-bolano-y-cercas\/"]}]},{"@type":"ImageObject","inLanguage":"es","@id":"https:\/\/www.uartes.edu.ec\/sitio\/blog\/2018\/03\/29\/libro-de-ramiro-noriega-propone-debate-sobre-los-discursos-reales-a-partir-de-la-ficcion-en-novelas-de-piglia-bolano-y-cercas\/#primaryimage","url":"","contentUrl":""},{"@type":"BreadcrumbList","@id":"https:\/\/www.uartes.edu.ec\/sitio\/blog\/2018\/03\/29\/libro-de-ramiro-noriega-propone-debate-sobre-los-discursos-reales-a-partir-de-la-ficcion-en-novelas-de-piglia-bolano-y-cercas\/#breadcrumb","itemListElement":[{"@type":"ListItem","position":1,"name":"Inicio","item":"https:\/\/www.uartes.edu.ec\/sitio\/"},{"@type":"ListItem","position":2,"name":"Libro de Ramiro Noriega propone debate sobre los discursos reales a partir de la ficci\u00f3n en novelas de Piglia, Bola\u00f1o y Cercas"}]},{"@type":"WebSite","@id":"https:\/\/www.uartes.edu.ec\/sitio\/#website","url":"https:\/\/www.uartes.edu.ec\/sitio\/","name":"Universidad de las Artes","description":"Sitio oficial de la Universidad Nacional de las Artes del Ecuador","publisher":{"@id":"https:\/\/www.uartes.edu.ec\/sitio\/#organization"},"potentialAction":[{"@type":"SearchAction","target":{"@type":"EntryPoint","urlTemplate":"https:\/\/www.uartes.edu.ec\/sitio\/?s={search_term_string}"},"query-input":{"@type":"PropertyValueSpecification","valueRequired":true,"valueName":"search_term_string"}}],"inLanguage":"es"},{"@type":"Organization","@id":"https:\/\/www.uartes.edu.ec\/sitio\/#organization","name":"Universidad de las Artes","url":"https:\/\/www.uartes.edu.ec\/sitio\/","logo":{"@type":"ImageObject","inLanguage":"es","@id":"https:\/\/www.uartes.edu.ec\/sitio\/#\/schema\/logo\/image\/","url":"https:\/\/www.uartes.edu.ec\/sitio\/wp-content\/uploads\/2022\/07\/logo-ua-horizontal.png","contentUrl":"https:\/\/www.uartes.edu.ec\/sitio\/wp-content\/uploads\/2022\/07\/logo-ua-horizontal.png","width":800,"height":276,"caption":"Universidad de las Artes"},"image":{"@id":"https:\/\/www.uartes.edu.ec\/sitio\/#\/schema\/logo\/image\/"},"sameAs":["https:\/\/www.facebook.com\/uartesec","https:\/\/x.com\/uartesec","https:\/\/www.tiktok.com\/@uartesec"]},{"@type":"Person","@id":"https:\/\/www.uartes.edu.ec\/sitio\/#\/schema\/person\/f33f8c1d2af0d5c80a38c8abf458184a","name":"Universidad de las Artes","image":{"@type":"ImageObject","inLanguage":"es","@id":"https:\/\/secure.gravatar.com\/avatar\/52e4757902f5cfa5ac52d020e5be83cae5487519154b6c35482fe08d589f3c13?s=96&d=mm&r=g","url":"https:\/\/secure.gravatar.com\/avatar\/52e4757902f5cfa5ac52d020e5be83cae5487519154b6c35482fe08d589f3c13?s=96&d=mm&r=g","contentUrl":"https:\/\/secure.gravatar.com\/avatar\/52e4757902f5cfa5ac52d020e5be83cae5487519154b6c35482fe08d589f3c13?s=96&d=mm&r=g","caption":"Universidad de las Artes"},"url":"https:\/\/www.uartes.edu.ec\/sitio\/blog\/author\/dircomadm\/"}]}},"uagb_featured_image_src":{"full":false,"thumbnail":false,"medium":false,"medium_large":false,"large":false,"1536x1536":false,"2048x2048":false,"trp-custom-language-flag":false,"htmega_size_585x295":false,"htmega_size_1170x536":false,"htmega_size_396x360":false,"gb-block-post-grid-landscape":false,"gb-block-post-grid-square":false,"university-hub-thumb":false},"uagb_author_info":{"display_name":"Universidad de las Artes","author_link":"https:\/\/www.uartes.edu.ec\/sitio\/blog\/author\/dircomadm\/"},"uagb_comment_info":0,"uagb_excerpt":"\u201cAl mezclar la historia oficial y la historia no oficial, Respiraci\u00f3n artificial de Piglia, Los detectives salvajes de Bola\u00f1o y los Soldados de Salamina de Cercas, incitamos a aceptar la posibilidad de una \u2018tercera verdad\u2019, dice el texto que resume el libro Entre la historia y memoria. La ficci\u00f3n como un montaje en Piglia, Bola\u00f1o&hellip;","featured_image_src":null,"featured_image_src_square":null,"author_info":{"display_name":"Universidad de las Artes","author_link":"https:\/\/www.uartes.edu.ec\/sitio\/blog\/author\/dircomadm\/"},"publishpress_future_workflow_manual_trigger":{"enabledWorkflows":[]},"distributor_meta":false,"distributor_terms":false,"distributor_media":false,"distributor_original_site_name":"Universidad de las Artes","distributor_original_site_url":"https:\/\/www.uartes.edu.ec\/sitio","push-errors":false,"_links":{"self":[{"href":"https:\/\/www.uartes.edu.ec\/sitio\/wp-json\/wp\/v2\/posts\/1431","targetHints":{"allow":["GET"]}}],"collection":[{"href":"https:\/\/www.uartes.edu.ec\/sitio\/wp-json\/wp\/v2\/posts"}],"about":[{"href":"https:\/\/www.uartes.edu.ec\/sitio\/wp-json\/wp\/v2\/types\/post"}],"author":[{"embeddable":true,"href":"https:\/\/www.uartes.edu.ec\/sitio\/wp-json\/wp\/v2\/users\/1"}],"replies":[{"embeddable":true,"href":"https:\/\/www.uartes.edu.ec\/sitio\/wp-json\/wp\/v2\/comments?post=1431"}],"version-history":[{"count":1,"href":"https:\/\/www.uartes.edu.ec\/sitio\/wp-json\/wp\/v2\/posts\/1431\/revisions"}],"predecessor-version":[{"id":3410,"href":"https:\/\/www.uartes.edu.ec\/sitio\/wp-json\/wp\/v2\/posts\/1431\/revisions\/3410"}],"wp:featuredmedia":[{"embeddable":true,"href":"https:\/\/www.uartes.edu.ec\/sitio\/wp-json\/"}],"wp:attachment":[{"href":"https:\/\/www.uartes.edu.ec\/sitio\/wp-json\/wp\/v2\/media?parent=1431"}],"wp:term":[{"taxonomy":"category","embeddable":true,"href":"https:\/\/www.uartes.edu.ec\/sitio\/wp-json\/wp\/v2\/categories?post=1431"},{"taxonomy":"post_tag","embeddable":true,"href":"https:\/\/www.uartes.edu.ec\/sitio\/wp-json\/wp\/v2\/tags?post=1431"},{"taxonomy":"infouartes","embeddable":true,"href":"https:\/\/www.uartes.edu.ec\/sitio\/wp-json\/wp\/v2\/infouartes?post=1431"}],"curies":[{"name":"wp","href":"https:\/\/api.w.org\/{rel}","templated":true}]}}