{"id":14345,"date":"2021-06-21T11:38:00","date_gmt":"2021-06-21T16:38:00","guid":{"rendered":"http:\/\/www.uartes.edu.ec\/sitio\/?p=14345"},"modified":"2024-07-04T11:26:12","modified_gmt":"2024-07-04T16:26:12","slug":"rector-de-la-uartes-en-la-reunion-del-presidente-lasso-con-autoridades-de-instituciones-de-educacion-superior","status":"publish","type":"post","link":"https:\/\/www.uartes.edu.ec\/sitio\/blog\/2021\/06\/21\/rector-de-la-uartes-en-la-reunion-del-presidente-lasso-con-autoridades-de-instituciones-de-educacion-superior\/","title":{"rendered":"Rector de la UArtes, en la reuni\u00f3n del presidente Lasso con autoridades de instituciones de educaci\u00f3n superior"},"content":{"rendered":"\n<p>El doctor William Herrera R\u00edos, rector de la Universidad de las Artes del Ecuador, particip\u00f3 en la reuni\u00f3n convocada por el presidente de la Rep\u00fablica, Guillermo Lasso, este jueves 17 de junio de 2021, para exponer a las autoridades universitarias los detalles de las reformas a la Ley Org\u00e1nica de Educaci\u00f3n Superior (LOES).&nbsp;<\/p>\n\n\n\n<p>Que este sea el inicio de un proceso de fortalecimiento del Sistema de Educaci\u00f3n Superior, expres\u00f3 el doctor Herrera mediante video a la comunidad universitaria de la UArtes, a su ingreso al sal\u00f3n del Palacio de Carondelet, donde se desarroll\u00f3 la cita en la que junto al primer mandatario ecuatoriano participaron tambi\u00e9n el secretario de Educaci\u00f3n Superior, Alejandro Ribadeneira, y otros funcionarios de Gobierno.<\/p>\n\n\n\n<p>Ante 70 rectores de universidades p\u00fablicas y privadas e institutos y centros de educaci\u00f3n superior, el presidente Lasso record\u00f3 que cada a\u00f1o se grad\u00faan alrededor de 200.000 bachilleres en el pa\u00eds, mientras que existe una oferta de apenas 90.000 cupos en las universidades. \u201cHay 110.000 j\u00f3venes que no logran obtener un cupo\u201d, anot\u00f3.&nbsp;<\/p>\n\n\n\n<p>Los cambios a la LOES, dijo, buscan dar libertad a las universidades y centros t\u00e9cnicos para que puedan crear extensiones y nuevas carreras. Esto permitir\u00e1 ampliar la oferta de cupos para el ingreso a la educaci\u00f3n superior. Otro objetivo de las reformas, reiter\u00f3 el mandatario, es que los j\u00f3venes elijan libremente qu\u00e9 quieren estudiar y d\u00f3nde.<\/p>\n\n\n\n<p>\u201cPrefiero ver a un joven con una nota mediocre, sentado en una universidad y no deambulando por las calles, cayendo en las drogas o algunos de ellos siendo captados por el sicariato. Estoy de acuerdo con la excelencia acad\u00e9mica, pero en una sociedad como la ecuatoriana, donde tenemos muchos j\u00f3venes sin futuro, sin oportunidades de empleo, de emprender y de estudio, es preferible abrir un poco m\u00e1s las puertas para el ingreso de los j\u00f3venes a estudiar en la universidad\u201d, manifest\u00f3 Lasso.<\/p>\n\n\n\n<p>El presidente expres\u00f3 que la reforma se moldear\u00e1 en funci\u00f3n de las opiniones y criterios de los representantes de los centros de estudios superiores. \u201cYo estoy listo a atender todos los requerimientos de ustedes\u201d, dijo Lasso a los rectores. Y a\u00f1adi\u00f3 que \u00e9l presentar\u00e1 personalmente el proyecto de ley a la Asamblea Nacional la segunda semana de julio.<\/p>\n\n\n\n<p>Tras finalizar la reuni\u00f3n, la cual se desarroll\u00f3 a puerta cerrada por alrededor de tres horas, el secretario de Educaci\u00f3n Superior destac\u00f3 que se intercambiaron ideas para rescatar la autonom\u00eda real de las instituciones de educaci\u00f3n superior. \u201cPara que, en uso de esa autonom\u00eda, puedan tener una mayor oferta acad\u00e9mica. Esto es una apuesta por la calidad y por la democracia, por la inclusi\u00f3n\u201d, mencion\u00f3.<\/p>\n\n\n\n<p>Cabe indicar que el martes 15 de junio desde la Senescyt se inform\u00f3 de la eliminaci\u00f3n del&nbsp;<a href=\"https:\/\/www.elcomercio.com\/tag\/eaes\/\">Examen de Acceso a la Educaci\u00f3n Superior (EAES)<\/a>&nbsp;y en su lugar habr\u00e1 una&nbsp;evaluaci\u00f3n&nbsp;que medir\u00e1&nbsp;competencias y habilidades llamado&nbsp;Transparentar, el cual funcionar\u00e1 como filtro, ya que no hay suficientes cupos para el libre ingreso.&nbsp;<\/p>\n\n\n\n<p>Las universidades y centros de educaci\u00f3n superior tienen hasta la segunda semana de julio para presentar al Gobierno sus observaciones y propuestas a la reforma de la Ley Org\u00e1nica de Educaci\u00f3n Superior (LOES) que se enviar\u00e1 a la Asamblea Nacional.<\/p>\n\n\n\n<p><strong>Tambi\u00e9n en reuni\u00f3n con la Ministra de Cultura y Patrimonio<br><\/strong>Asimismo, el pasado jueves 10 de junio, el doctor William Herrera R\u00edos se reuni\u00f3 con la titular del Ministerio de Cultura y Patrimonio, Mar\u00eda Elena Machucha. Lo acompa\u00f1\u00f3, entre otros, el doctor Pablo Cardoso, director del ILIA. Tambi\u00e9n participaron en la cita representantes de la Organizaci\u00f3n de Estados Iberoamericanos (OEI Ecuador). En conjunto se establecieron acciones enfocadas a promover la formaci\u00f3n t\u00e9cnica y acad\u00e9mica de los trabajadores del sector y generar insumos t\u00e9cnicos que aporten al desarrollo de pol\u00edticas p\u00fablicas culturales.<\/p>\n\n\n\n<p>(Fuentes reuni\u00f3n de rectores: El Universo, El Comercio, Ecuavisa).<\/p>\n\n\n\n<figure class=\"wp-block-embed\"><div class=\"wp-block-embed__wrapper\">\nhttps:\/\/www.facebook.com\/100104842246281\/videos\/324387205961304\/?extid=CL-UNK-UNK-UNK-AN_GK0T-GK1C\n<\/div><\/figure>\n\n\n\n<p><\/p>\n","protected":false},"excerpt":{"rendered":"<p>El doctor William Herrera R\u00edos, rector de la Universidad de las Artes del Ecuador, particip\u00f3 en la reuni\u00f3n convocada por el presidente de la Rep\u00fablica, Guillermo Lasso, este jueves 17 de junio de 2021, para exponer a las autoridades universitarias los detalles de las reformas a la Ley Org\u00e1nica de Educaci\u00f3n Superior (LOES).\u00a0<\/p>\n","protected":false},"author":10,"featured_media":14381,"comment_status":"open","ping_status":"open","sticky":false,"template":"","format":"standard","meta":{"_acf_changed":false,"_uag_custom_page_level_css":"","_monsterinsights_skip_tracking":false,"_monsterinsights_sitenote_active":false,"_monsterinsights_sitenote_note":"","_monsterinsights_sitenote_category":0,"cybocfi_hide_featured_image":"","footnotes":""},"categories":[77,84],"tags":[405],"infouartes":[],"class_list":["post-14345","post","type-post","status-publish","format-standard","has-post-thumbnail","hentry","category-gestion","category-rectorado","tag-william-herrera"],"acf":[],"yoast_head":"<!-- This site is optimized with the Yoast SEO plugin v27.4 - https:\/\/yoast.com\/product\/yoast-seo-wordpress\/ -->\n<title>Universidad de las Artes - Rector de la UArtes, en la reuni\u00f3n del presidente Lasso con autoridades de instituciones de educaci\u00f3n superior<\/title>\n<meta name=\"description\" content=\"Universidad de las Artes - Rector de la UArtes, en la reuni\u00f3n del presidente Lasso con autoridades de instituciones de educaci\u00f3n superior\" \/>\n<meta name=\"robots\" content=\"index, follow, max-snippet:-1, max-image-preview:large, max-video-preview:-1\" \/>\n<link rel=\"canonical\" href=\"https:\/\/www.uartes.edu.ec\/sitio\/blog\/2021\/06\/21\/rector-de-la-uartes-en-la-reunion-del-presidente-lasso-con-autoridades-de-instituciones-de-educacion-superior\/\" \/>\n<meta property=\"og:locale\" content=\"es_ES\" \/>\n<meta property=\"og:type\" content=\"article\" \/>\n<meta property=\"og:title\" content=\"Universidad de las Artes - Rector de la UArtes, en la reuni\u00f3n del presidente Lasso con autoridades de instituciones de educaci\u00f3n superior\" \/>\n<meta property=\"og:description\" content=\"Universidad de las Artes - Rector de la UArtes, en la reuni\u00f3n del presidente Lasso con autoridades de instituciones de educaci\u00f3n superior\" \/>\n<meta property=\"og:url\" content=\"https:\/\/www.uartes.edu.ec\/sitio\/blog\/2021\/06\/21\/rector-de-la-uartes-en-la-reunion-del-presidente-lasso-con-autoridades-de-instituciones-de-educacion-superior\/\" \/>\n<meta property=\"og:site_name\" content=\"Universidad de las Artes\" \/>\n<meta property=\"article:publisher\" content=\"https:\/\/www.facebook.com\/uartesec\" \/>\n<meta property=\"article:published_time\" content=\"2021-06-21T16:38:00+00:00\" \/>\n<meta property=\"article:modified_time\" content=\"2024-07-04T16:26:12+00:00\" \/>\n<meta property=\"og:image\" content=\"https:\/\/www.uartes.edu.ec\/sitio\/wp-content\/uploads\/2021\/06\/Rector-de-la-UArtes-en-la-reunion-del-presidente-Lasso-con-autoridades.jpg\" \/>\n\t<meta property=\"og:image:width\" content=\"2000\" \/>\n\t<meta property=\"og:image:height\" content=\"1333\" \/>\n\t<meta property=\"og:image:type\" content=\"image\/jpeg\" \/>\n<meta name=\"author\" content=\"ccortez\" \/>\n<meta name=\"twitter:card\" content=\"summary_large_image\" \/>\n<meta name=\"twitter:creator\" content=\"@uartesec\" \/>\n<meta name=\"twitter:site\" content=\"@uartesec\" \/>\n<meta name=\"twitter:label1\" content=\"Escrito por\" \/>\n\t<meta name=\"twitter:data1\" content=\"ccortez\" \/>\n\t<meta name=\"twitter:label2\" content=\"Tiempo de lectura\" \/>\n\t<meta name=\"twitter:data2\" content=\"3 minutos\" \/>\n<script type=\"application\/ld+json\" class=\"yoast-schema-graph\">{\"@context\":\"https:\\\/\\\/schema.org\",\"@graph\":[{\"@type\":\"Article\",\"@id\":\"https:\\\/\\\/www.uartes.edu.ec\\\/sitio\\\/blog\\\/2021\\\/06\\\/21\\\/rector-de-la-uartes-en-la-reunion-del-presidente-lasso-con-autoridades-de-instituciones-de-educacion-superior\\\/#article\",\"isPartOf\":{\"@id\":\"https:\\\/\\\/www.uartes.edu.ec\\\/sitio\\\/blog\\\/2021\\\/06\\\/21\\\/rector-de-la-uartes-en-la-reunion-del-presidente-lasso-con-autoridades-de-instituciones-de-educacion-superior\\\/\"},\"author\":{\"name\":\"ccortez\",\"@id\":\"https:\\\/\\\/www.uartes.edu.ec\\\/sitio\\\/#\\\/schema\\\/person\\\/efa1b8275797664fd7f13a79ccc0b1f4\"},\"headline\":\"Rector de la UArtes, en la reuni\u00f3n del presidente Lasso con autoridades de instituciones de educaci\u00f3n superior\",\"datePublished\":\"2021-06-21T16:38:00+00:00\",\"dateModified\":\"2024-07-04T16:26:12+00:00\",\"mainEntityOfPage\":{\"@id\":\"https:\\\/\\\/www.uartes.edu.ec\\\/sitio\\\/blog\\\/2021\\\/06\\\/21\\\/rector-de-la-uartes-en-la-reunion-del-presidente-lasso-con-autoridades-de-instituciones-de-educacion-superior\\\/\"},\"wordCount\":706,\"commentCount\":0,\"publisher\":{\"@id\":\"https:\\\/\\\/www.uartes.edu.ec\\\/sitio\\\/#organization\"},\"image\":{\"@id\":\"https:\\\/\\\/www.uartes.edu.ec\\\/sitio\\\/blog\\\/2021\\\/06\\\/21\\\/rector-de-la-uartes-en-la-reunion-del-presidente-lasso-con-autoridades-de-instituciones-de-educacion-superior\\\/#primaryimage\"},\"thumbnailUrl\":\"https:\\\/\\\/www.uartes.edu.ec\\\/sitio\\\/wp-content\\\/uploads\\\/2021\\\/06\\\/Rector-de-la-UArtes-en-la-reunion-del-presidente-Lasso-con-autoridades.jpg\",\"keywords\":[\"William Herrera\"],\"articleSection\":[\"Gesti\u00f3n\",\"Rectorado\"],\"inLanguage\":\"es\",\"potentialAction\":[{\"@type\":\"CommentAction\",\"name\":\"Comment\",\"target\":[\"https:\\\/\\\/www.uartes.edu.ec\\\/sitio\\\/blog\\\/2021\\\/06\\\/21\\\/rector-de-la-uartes-en-la-reunion-del-presidente-lasso-con-autoridades-de-instituciones-de-educacion-superior\\\/#respond\"]}]},{\"@type\":[\"WebPage\",\"ItemPage\"],\"@id\":\"https:\\\/\\\/www.uartes.edu.ec\\\/sitio\\\/blog\\\/2021\\\/06\\\/21\\\/rector-de-la-uartes-en-la-reunion-del-presidente-lasso-con-autoridades-de-instituciones-de-educacion-superior\\\/\",\"url\":\"https:\\\/\\\/www.uartes.edu.ec\\\/sitio\\\/blog\\\/2021\\\/06\\\/21\\\/rector-de-la-uartes-en-la-reunion-del-presidente-lasso-con-autoridades-de-instituciones-de-educacion-superior\\\/\",\"name\":\"Universidad de las Artes - Rector de la UArtes, en la reuni\u00f3n del presidente Lasso con autoridades de instituciones de educaci\u00f3n superior\",\"isPartOf\":{\"@id\":\"https:\\\/\\\/www.uartes.edu.ec\\\/sitio\\\/#website\"},\"primaryImageOfPage\":{\"@id\":\"https:\\\/\\\/www.uartes.edu.ec\\\/sitio\\\/blog\\\/2021\\\/06\\\/21\\\/rector-de-la-uartes-en-la-reunion-del-presidente-lasso-con-autoridades-de-instituciones-de-educacion-superior\\\/#primaryimage\"},\"image\":{\"@id\":\"https:\\\/\\\/www.uartes.edu.ec\\\/sitio\\\/blog\\\/2021\\\/06\\\/21\\\/rector-de-la-uartes-en-la-reunion-del-presidente-lasso-con-autoridades-de-instituciones-de-educacion-superior\\\/#primaryimage\"},\"thumbnailUrl\":\"https:\\\/\\\/www.uartes.edu.ec\\\/sitio\\\/wp-content\\\/uploads\\\/2021\\\/06\\\/Rector-de-la-UArtes-en-la-reunion-del-presidente-Lasso-con-autoridades.jpg\",\"datePublished\":\"2021-06-21T16:38:00+00:00\",\"dateModified\":\"2024-07-04T16:26:12+00:00\",\"description\":\"Universidad de las Artes - Rector de la UArtes, en la reuni\u00f3n del presidente Lasso con autoridades de instituciones de educaci\u00f3n superior\",\"breadcrumb\":{\"@id\":\"https:\\\/\\\/www.uartes.edu.ec\\\/sitio\\\/blog\\\/2021\\\/06\\\/21\\\/rector-de-la-uartes-en-la-reunion-del-presidente-lasso-con-autoridades-de-instituciones-de-educacion-superior\\\/#breadcrumb\"},\"inLanguage\":\"es\",\"potentialAction\":[{\"@type\":\"ReadAction\",\"target\":[\"https:\\\/\\\/www.uartes.edu.ec\\\/sitio\\\/blog\\\/2021\\\/06\\\/21\\\/rector-de-la-uartes-en-la-reunion-del-presidente-lasso-con-autoridades-de-instituciones-de-educacion-superior\\\/\"]}]},{\"@type\":\"ImageObject\",\"inLanguage\":\"es\",\"@id\":\"https:\\\/\\\/www.uartes.edu.ec\\\/sitio\\\/blog\\\/2021\\\/06\\\/21\\\/rector-de-la-uartes-en-la-reunion-del-presidente-lasso-con-autoridades-de-instituciones-de-educacion-superior\\\/#primaryimage\",\"url\":\"https:\\\/\\\/www.uartes.edu.ec\\\/sitio\\\/wp-content\\\/uploads\\\/2021\\\/06\\\/Rector-de-la-UArtes-en-la-reunion-del-presidente-Lasso-con-autoridades.jpg\",\"contentUrl\":\"https:\\\/\\\/www.uartes.edu.ec\\\/sitio\\\/wp-content\\\/uploads\\\/2021\\\/06\\\/Rector-de-la-UArtes-en-la-reunion-del-presidente-Lasso-con-autoridades.jpg\",\"width\":2000,\"height\":1333},{\"@type\":\"BreadcrumbList\",\"@id\":\"https:\\\/\\\/www.uartes.edu.ec\\\/sitio\\\/blog\\\/2021\\\/06\\\/21\\\/rector-de-la-uartes-en-la-reunion-del-presidente-lasso-con-autoridades-de-instituciones-de-educacion-superior\\\/#breadcrumb\",\"itemListElement\":[{\"@type\":\"ListItem\",\"position\":1,\"name\":\"Inicio\",\"item\":\"https:\\\/\\\/www.uartes.edu.ec\\\/sitio\\\/\"},{\"@type\":\"ListItem\",\"position\":2,\"name\":\"Rector de la UArtes, en la reuni\u00f3n del presidente Lasso con autoridades de instituciones de educaci\u00f3n superior\"}]},{\"@type\":\"WebSite\",\"@id\":\"https:\\\/\\\/www.uartes.edu.ec\\\/sitio\\\/#website\",\"url\":\"https:\\\/\\\/www.uartes.edu.ec\\\/sitio\\\/\",\"name\":\"Universidad de las Artes\",\"description\":\"Sitio oficial de la Universidad Nacional de las Artes del Ecuador\",\"publisher\":{\"@id\":\"https:\\\/\\\/www.uartes.edu.ec\\\/sitio\\\/#organization\"},\"potentialAction\":[{\"@type\":\"SearchAction\",\"target\":{\"@type\":\"EntryPoint\",\"urlTemplate\":\"https:\\\/\\\/www.uartes.edu.ec\\\/sitio\\\/?s={search_term_string}\"},\"query-input\":{\"@type\":\"PropertyValueSpecification\",\"valueRequired\":true,\"valueName\":\"search_term_string\"}}],\"inLanguage\":\"es\"},{\"@type\":\"Organization\",\"@id\":\"https:\\\/\\\/www.uartes.edu.ec\\\/sitio\\\/#organization\",\"name\":\"Universidad de las Artes\",\"url\":\"https:\\\/\\\/www.uartes.edu.ec\\\/sitio\\\/\",\"logo\":{\"@type\":\"ImageObject\",\"inLanguage\":\"es\",\"@id\":\"https:\\\/\\\/www.uartes.edu.ec\\\/sitio\\\/#\\\/schema\\\/logo\\\/image\\\/\",\"url\":\"https:\\\/\\\/www.uartes.edu.ec\\\/sitio\\\/wp-content\\\/uploads\\\/2022\\\/07\\\/logo-ua-horizontal.png\",\"contentUrl\":\"https:\\\/\\\/www.uartes.edu.ec\\\/sitio\\\/wp-content\\\/uploads\\\/2022\\\/07\\\/logo-ua-horizontal.png\",\"width\":800,\"height\":276,\"caption\":\"Universidad de las Artes\"},\"image\":{\"@id\":\"https:\\\/\\\/www.uartes.edu.ec\\\/sitio\\\/#\\\/schema\\\/logo\\\/image\\\/\"},\"sameAs\":[\"https:\\\/\\\/www.facebook.com\\\/uartesec\",\"https:\\\/\\\/x.com\\\/uartesec\",\"https:\\\/\\\/www.tiktok.com\\\/@uartesec\"]},{\"@type\":\"Person\",\"@id\":\"https:\\\/\\\/www.uartes.edu.ec\\\/sitio\\\/#\\\/schema\\\/person\\\/efa1b8275797664fd7f13a79ccc0b1f4\",\"name\":\"ccortez\",\"image\":{\"@type\":\"ImageObject\",\"inLanguage\":\"es\",\"@id\":\"https:\\\/\\\/secure.gravatar.com\\\/avatar\\\/b2a6f664a3ae8e074346ef91775736c5ec479e637ecced6842de9dc98b5da9cd?s=96&d=mm&r=g\",\"url\":\"https:\\\/\\\/secure.gravatar.com\\\/avatar\\\/b2a6f664a3ae8e074346ef91775736c5ec479e637ecced6842de9dc98b5da9cd?s=96&d=mm&r=g\",\"contentUrl\":\"https:\\\/\\\/secure.gravatar.com\\\/avatar\\\/b2a6f664a3ae8e074346ef91775736c5ec479e637ecced6842de9dc98b5da9cd?s=96&d=mm&r=g\",\"caption\":\"ccortez\"},\"url\":\"https:\\\/\\\/www.uartes.edu.ec\\\/sitio\\\/blog\\\/author\\\/ccortez\\\/\"}]}<\/script>\n<!-- \/ Yoast SEO plugin. -->","yoast_head_json":{"title":"Universidad de las Artes - Rector de la UArtes, en la reuni\u00f3n del presidente Lasso con autoridades de instituciones de educaci\u00f3n superior","description":"Universidad de las Artes - Rector de la UArtes, en la reuni\u00f3n del presidente Lasso con autoridades de instituciones de educaci\u00f3n superior","robots":{"index":"index","follow":"follow","max-snippet":"max-snippet:-1","max-image-preview":"max-image-preview:large","max-video-preview":"max-video-preview:-1"},"canonical":"https:\/\/www.uartes.edu.ec\/sitio\/blog\/2021\/06\/21\/rector-de-la-uartes-en-la-reunion-del-presidente-lasso-con-autoridades-de-instituciones-de-educacion-superior\/","og_locale":"es_ES","og_type":"article","og_title":"Universidad de las Artes - Rector de la UArtes, en la reuni\u00f3n del presidente Lasso con autoridades de instituciones de educaci\u00f3n superior","og_description":"Universidad de las Artes - Rector de la UArtes, en la reuni\u00f3n del presidente Lasso con autoridades de instituciones de educaci\u00f3n superior","og_url":"https:\/\/www.uartes.edu.ec\/sitio\/blog\/2021\/06\/21\/rector-de-la-uartes-en-la-reunion-del-presidente-lasso-con-autoridades-de-instituciones-de-educacion-superior\/","og_site_name":"Universidad de las Artes","article_publisher":"https:\/\/www.facebook.com\/uartesec","article_published_time":"2021-06-21T16:38:00+00:00","article_modified_time":"2024-07-04T16:26:12+00:00","og_image":[{"width":2000,"height":1333,"url":"https:\/\/www.uartes.edu.ec\/sitio\/wp-content\/uploads\/2021\/06\/Rector-de-la-UArtes-en-la-reunion-del-presidente-Lasso-con-autoridades.jpg","type":"image\/jpeg"}],"author":"ccortez","twitter_card":"summary_large_image","twitter_creator":"@uartesec","twitter_site":"@uartesec","twitter_misc":{"Escrito por":"ccortez","Tiempo de lectura":"3 minutos"},"schema":{"@context":"https:\/\/schema.org","@graph":[{"@type":"Article","@id":"https:\/\/www.uartes.edu.ec\/sitio\/blog\/2021\/06\/21\/rector-de-la-uartes-en-la-reunion-del-presidente-lasso-con-autoridades-de-instituciones-de-educacion-superior\/#article","isPartOf":{"@id":"https:\/\/www.uartes.edu.ec\/sitio\/blog\/2021\/06\/21\/rector-de-la-uartes-en-la-reunion-del-presidente-lasso-con-autoridades-de-instituciones-de-educacion-superior\/"},"author":{"name":"ccortez","@id":"https:\/\/www.uartes.edu.ec\/sitio\/#\/schema\/person\/efa1b8275797664fd7f13a79ccc0b1f4"},"headline":"Rector de la UArtes, en la reuni\u00f3n del presidente Lasso con autoridades de instituciones de educaci\u00f3n superior","datePublished":"2021-06-21T16:38:00+00:00","dateModified":"2024-07-04T16:26:12+00:00","mainEntityOfPage":{"@id":"https:\/\/www.uartes.edu.ec\/sitio\/blog\/2021\/06\/21\/rector-de-la-uartes-en-la-reunion-del-presidente-lasso-con-autoridades-de-instituciones-de-educacion-superior\/"},"wordCount":706,"commentCount":0,"publisher":{"@id":"https:\/\/www.uartes.edu.ec\/sitio\/#organization"},"image":{"@id":"https:\/\/www.uartes.edu.ec\/sitio\/blog\/2021\/06\/21\/rector-de-la-uartes-en-la-reunion-del-presidente-lasso-con-autoridades-de-instituciones-de-educacion-superior\/#primaryimage"},"thumbnailUrl":"https:\/\/www.uartes.edu.ec\/sitio\/wp-content\/uploads\/2021\/06\/Rector-de-la-UArtes-en-la-reunion-del-presidente-Lasso-con-autoridades.jpg","keywords":["William Herrera"],"articleSection":["Gesti\u00f3n","Rectorado"],"inLanguage":"es","potentialAction":[{"@type":"CommentAction","name":"Comment","target":["https:\/\/www.uartes.edu.ec\/sitio\/blog\/2021\/06\/21\/rector-de-la-uartes-en-la-reunion-del-presidente-lasso-con-autoridades-de-instituciones-de-educacion-superior\/#respond"]}]},{"@type":["WebPage","ItemPage"],"@id":"https:\/\/www.uartes.edu.ec\/sitio\/blog\/2021\/06\/21\/rector-de-la-uartes-en-la-reunion-del-presidente-lasso-con-autoridades-de-instituciones-de-educacion-superior\/","url":"https:\/\/www.uartes.edu.ec\/sitio\/blog\/2021\/06\/21\/rector-de-la-uartes-en-la-reunion-del-presidente-lasso-con-autoridades-de-instituciones-de-educacion-superior\/","name":"Universidad de las Artes - Rector de la UArtes, en la reuni\u00f3n del presidente Lasso con autoridades de instituciones de educaci\u00f3n superior","isPartOf":{"@id":"https:\/\/www.uartes.edu.ec\/sitio\/#website"},"primaryImageOfPage":{"@id":"https:\/\/www.uartes.edu.ec\/sitio\/blog\/2021\/06\/21\/rector-de-la-uartes-en-la-reunion-del-presidente-lasso-con-autoridades-de-instituciones-de-educacion-superior\/#primaryimage"},"image":{"@id":"https:\/\/www.uartes.edu.ec\/sitio\/blog\/2021\/06\/21\/rector-de-la-uartes-en-la-reunion-del-presidente-lasso-con-autoridades-de-instituciones-de-educacion-superior\/#primaryimage"},"thumbnailUrl":"https:\/\/www.uartes.edu.ec\/sitio\/wp-content\/uploads\/2021\/06\/Rector-de-la-UArtes-en-la-reunion-del-presidente-Lasso-con-autoridades.jpg","datePublished":"2021-06-21T16:38:00+00:00","dateModified":"2024-07-04T16:26:12+00:00","description":"Universidad de las Artes - Rector de la UArtes, en la reuni\u00f3n del presidente Lasso con autoridades de instituciones de educaci\u00f3n superior","breadcrumb":{"@id":"https:\/\/www.uartes.edu.ec\/sitio\/blog\/2021\/06\/21\/rector-de-la-uartes-en-la-reunion-del-presidente-lasso-con-autoridades-de-instituciones-de-educacion-superior\/#breadcrumb"},"inLanguage":"es","potentialAction":[{"@type":"ReadAction","target":["https:\/\/www.uartes.edu.ec\/sitio\/blog\/2021\/06\/21\/rector-de-la-uartes-en-la-reunion-del-presidente-lasso-con-autoridades-de-instituciones-de-educacion-superior\/"]}]},{"@type":"ImageObject","inLanguage":"es","@id":"https:\/\/www.uartes.edu.ec\/sitio\/blog\/2021\/06\/21\/rector-de-la-uartes-en-la-reunion-del-presidente-lasso-con-autoridades-de-instituciones-de-educacion-superior\/#primaryimage","url":"https:\/\/www.uartes.edu.ec\/sitio\/wp-content\/uploads\/2021\/06\/Rector-de-la-UArtes-en-la-reunion-del-presidente-Lasso-con-autoridades.jpg","contentUrl":"https:\/\/www.uartes.edu.ec\/sitio\/wp-content\/uploads\/2021\/06\/Rector-de-la-UArtes-en-la-reunion-del-presidente-Lasso-con-autoridades.jpg","width":2000,"height":1333},{"@type":"BreadcrumbList","@id":"https:\/\/www.uartes.edu.ec\/sitio\/blog\/2021\/06\/21\/rector-de-la-uartes-en-la-reunion-del-presidente-lasso-con-autoridades-de-instituciones-de-educacion-superior\/#breadcrumb","itemListElement":[{"@type":"ListItem","position":1,"name":"Inicio","item":"https:\/\/www.uartes.edu.ec\/sitio\/"},{"@type":"ListItem","position":2,"name":"Rector de la UArtes, en la reuni\u00f3n del presidente Lasso con autoridades de instituciones de educaci\u00f3n superior"}]},{"@type":"WebSite","@id":"https:\/\/www.uartes.edu.ec\/sitio\/#website","url":"https:\/\/www.uartes.edu.ec\/sitio\/","name":"Universidad de las Artes","description":"Sitio oficial de la Universidad Nacional de las Artes del Ecuador","publisher":{"@id":"https:\/\/www.uartes.edu.ec\/sitio\/#organization"},"potentialAction":[{"@type":"SearchAction","target":{"@type":"EntryPoint","urlTemplate":"https:\/\/www.uartes.edu.ec\/sitio\/?s={search_term_string}"},"query-input":{"@type":"PropertyValueSpecification","valueRequired":true,"valueName":"search_term_string"}}],"inLanguage":"es"},{"@type":"Organization","@id":"https:\/\/www.uartes.edu.ec\/sitio\/#organization","name":"Universidad de las Artes","url":"https:\/\/www.uartes.edu.ec\/sitio\/","logo":{"@type":"ImageObject","inLanguage":"es","@id":"https:\/\/www.uartes.edu.ec\/sitio\/#\/schema\/logo\/image\/","url":"https:\/\/www.uartes.edu.ec\/sitio\/wp-content\/uploads\/2022\/07\/logo-ua-horizontal.png","contentUrl":"https:\/\/www.uartes.edu.ec\/sitio\/wp-content\/uploads\/2022\/07\/logo-ua-horizontal.png","width":800,"height":276,"caption":"Universidad de las Artes"},"image":{"@id":"https:\/\/www.uartes.edu.ec\/sitio\/#\/schema\/logo\/image\/"},"sameAs":["https:\/\/www.facebook.com\/uartesec","https:\/\/x.com\/uartesec","https:\/\/www.tiktok.com\/@uartesec"]},{"@type":"Person","@id":"https:\/\/www.uartes.edu.ec\/sitio\/#\/schema\/person\/efa1b8275797664fd7f13a79ccc0b1f4","name":"ccortez","image":{"@type":"ImageObject","inLanguage":"es","@id":"https:\/\/secure.gravatar.com\/avatar\/b2a6f664a3ae8e074346ef91775736c5ec479e637ecced6842de9dc98b5da9cd?s=96&d=mm&r=g","url":"https:\/\/secure.gravatar.com\/avatar\/b2a6f664a3ae8e074346ef91775736c5ec479e637ecced6842de9dc98b5da9cd?s=96&d=mm&r=g","contentUrl":"https:\/\/secure.gravatar.com\/avatar\/b2a6f664a3ae8e074346ef91775736c5ec479e637ecced6842de9dc98b5da9cd?s=96&d=mm&r=g","caption":"ccortez"},"url":"https:\/\/www.uartes.edu.ec\/sitio\/blog\/author\/ccortez\/"}]}},"uagb_featured_image_src":{"full":["https:\/\/www.uartes.edu.ec\/sitio\/wp-content\/uploads\/2021\/06\/Rector-de-la-UArtes-en-la-reunion-del-presidente-Lasso-con-autoridades.jpg",2000,1333,false],"thumbnail":["https:\/\/www.uartes.edu.ec\/sitio\/wp-content\/uploads\/2021\/06\/Rector-de-la-UArtes-en-la-reunion-del-presidente-Lasso-con-autoridades-150x150.jpg",150,150,true],"medium":["https:\/\/www.uartes.edu.ec\/sitio\/wp-content\/uploads\/2021\/06\/Rector-de-la-UArtes-en-la-reunion-del-presidente-Lasso-con-autoridades-300x200.jpg",300,200,true],"medium_large":["https:\/\/www.uartes.edu.ec\/sitio\/wp-content\/uploads\/2021\/06\/Rector-de-la-UArtes-en-la-reunion-del-presidente-Lasso-con-autoridades-768x512.jpg",768,512,true],"large":["https:\/\/www.uartes.edu.ec\/sitio\/wp-content\/uploads\/2021\/06\/Rector-de-la-UArtes-en-la-reunion-del-presidente-Lasso-con-autoridades-644x429.jpg",644,429,true],"1536x1536":["https:\/\/www.uartes.edu.ec\/sitio\/wp-content\/uploads\/2021\/06\/Rector-de-la-UArtes-en-la-reunion-del-presidente-Lasso-con-autoridades-1536x1024.jpg",1536,1024,true],"2048x2048":["https:\/\/www.uartes.edu.ec\/sitio\/wp-content\/uploads\/2021\/06\/Rector-de-la-UArtes-en-la-reunion-del-presidente-Lasso-con-autoridades.jpg",2000,1333,false],"trp-custom-language-flag":["https:\/\/www.uartes.edu.ec\/sitio\/wp-content\/uploads\/2021\/06\/Rector-de-la-UArtes-en-la-reunion-del-presidente-Lasso-con-autoridades-16x12.jpg",16,12,true],"htmega_size_585x295":["https:\/\/www.uartes.edu.ec\/sitio\/wp-content\/uploads\/2021\/06\/Rector-de-la-UArtes-en-la-reunion-del-presidente-Lasso-con-autoridades-585x295.jpg",585,295,true],"htmega_size_1170x536":["https:\/\/www.uartes.edu.ec\/sitio\/wp-content\/uploads\/2021\/06\/Rector-de-la-UArtes-en-la-reunion-del-presidente-Lasso-con-autoridades-1170x536.jpg",1170,536,true],"htmega_size_396x360":["https:\/\/www.uartes.edu.ec\/sitio\/wp-content\/uploads\/2021\/06\/Rector-de-la-UArtes-en-la-reunion-del-presidente-Lasso-con-autoridades-396x360.jpg",396,360,true],"gb-block-post-grid-landscape":["https:\/\/www.uartes.edu.ec\/sitio\/wp-content\/uploads\/2021\/06\/Rector-de-la-UArtes-en-la-reunion-del-presidente-Lasso-con-autoridades.jpg",600,400,false],"gb-block-post-grid-square":["https:\/\/www.uartes.edu.ec\/sitio\/wp-content\/uploads\/2021\/06\/Rector-de-la-UArtes-en-la-reunion-del-presidente-Lasso-con-autoridades.jpg",600,400,false],"university-hub-thumb":["https:\/\/www.uartes.edu.ec\/sitio\/wp-content\/uploads\/2021\/06\/Rector-de-la-UArtes-en-la-reunion-del-presidente-Lasso-con-autoridades-400x267.jpg",400,267,true]},"uagb_author_info":{"display_name":"ccortez","author_link":"https:\/\/www.uartes.edu.ec\/sitio\/blog\/author\/ccortez\/"},"uagb_comment_info":0,"uagb_excerpt":"El doctor William Herrera R\u00edos, rector de la Universidad de las Artes del Ecuador, particip\u00f3 en la reuni\u00f3n convocada por el presidente de la Rep\u00fablica, Guillermo Lasso, este jueves 17 de junio de 2021, para exponer a las autoridades universitarias los detalles de las reformas a la Ley Org\u00e1nica de Educaci\u00f3n Superior (LOES).\u00a0","featured_image_src":"https:\/\/www.uartes.edu.ec\/sitio\/wp-content\/uploads\/2021\/06\/Rector-de-la-UArtes-en-la-reunion-del-presidente-Lasso-con-autoridades.jpg","featured_image_src_square":"https:\/\/www.uartes.edu.ec\/sitio\/wp-content\/uploads\/2021\/06\/Rector-de-la-UArtes-en-la-reunion-del-presidente-Lasso-con-autoridades.jpg","author_info":{"display_name":"ccortez","author_link":"https:\/\/www.uartes.edu.ec\/sitio\/blog\/author\/ccortez\/"},"publishpress_future_workflow_manual_trigger":{"enabledWorkflows":[]},"distributor_meta":false,"distributor_terms":false,"distributor_media":false,"distributor_original_site_name":"Universidad de las Artes","distributor_original_site_url":"https:\/\/www.uartes.edu.ec\/sitio","push-errors":false,"_links":{"self":[{"href":"https:\/\/www.uartes.edu.ec\/sitio\/wp-json\/wp\/v2\/posts\/14345","targetHints":{"allow":["GET"]}}],"collection":[{"href":"https:\/\/www.uartes.edu.ec\/sitio\/wp-json\/wp\/v2\/posts"}],"about":[{"href":"https:\/\/www.uartes.edu.ec\/sitio\/wp-json\/wp\/v2\/types\/post"}],"author":[{"embeddable":true,"href":"https:\/\/www.uartes.edu.ec\/sitio\/wp-json\/wp\/v2\/users\/10"}],"replies":[{"embeddable":true,"href":"https:\/\/www.uartes.edu.ec\/sitio\/wp-json\/wp\/v2\/comments?post=14345"}],"version-history":[{"count":3,"href":"https:\/\/www.uartes.edu.ec\/sitio\/wp-json\/wp\/v2\/posts\/14345\/revisions"}],"predecessor-version":[{"id":14387,"href":"https:\/\/www.uartes.edu.ec\/sitio\/wp-json\/wp\/v2\/posts\/14345\/revisions\/14387"}],"wp:featuredmedia":[{"embeddable":true,"href":"https:\/\/www.uartes.edu.ec\/sitio\/wp-json\/wp\/v2\/media\/14381"}],"wp:attachment":[{"href":"https:\/\/www.uartes.edu.ec\/sitio\/wp-json\/wp\/v2\/media?parent=14345"}],"wp:term":[{"taxonomy":"category","embeddable":true,"href":"https:\/\/www.uartes.edu.ec\/sitio\/wp-json\/wp\/v2\/categories?post=14345"},{"taxonomy":"post_tag","embeddable":true,"href":"https:\/\/www.uartes.edu.ec\/sitio\/wp-json\/wp\/v2\/tags?post=14345"},{"taxonomy":"infouartes","embeddable":true,"href":"https:\/\/www.uartes.edu.ec\/sitio\/wp-json\/wp\/v2\/infouartes?post=14345"}],"curies":[{"name":"wp","href":"https:\/\/api.w.org\/{rel}","templated":true}]}}