{"id":14352,"date":"2021-06-21T13:47:00","date_gmt":"2021-06-21T18:47:00","guid":{"rendered":"http:\/\/www.uartes.edu.ec\/sitio\/?p=14352"},"modified":"2024-07-04T11:26:12","modified_gmt":"2024-07-04T16:26:12","slug":"semestre-2021-inicio-virtual-y-terminara-virtual-regreso-semipresencial-a-clases-esta-en-analisis","status":"publish","type":"post","link":"https:\/\/www.uartes.edu.ec\/sitio\/blog\/2021\/06\/21\/semestre-2021-inicio-virtual-y-terminara-virtual-regreso-semipresencial-a-clases-esta-en-analisis\/","title":{"rendered":"Semestre 2021 inici\u00f3 virtual y terminar\u00e1 virtual; regreso semipresencial a clases est\u00e1 en an\u00e1lisis"},"content":{"rendered":"\n<p>A prop\u00f3sito de que en la d\u00e9cima sesi\u00f3n de los miembros del \u00d3rgano Colegiado Superior (OCS) de la Universidad de las Artes, realizada el pasado 16 de junio de 2021, se dialog\u00f3 sobre el regreso a clases y se trat\u00f3 como punto del d\u00eda el An\u00e1lisis y aprobaci\u00f3n de la normativa interna de asistencia de estudiantes durante la pandemia por COVID-19, defini\u00e9ndose incluso las diferencias entre presencialidad y sincron\u00eda, as\u00ed como la participaci\u00f3n en las modalidades de estudio presencial, semipresencial, virtual e h\u00edbrida, InfoUArtes dialog\u00f3 con el Vicerrectorado Acad\u00e9mico.<\/p>\n\n\n\n<p>Su titular, el doctor Bradley Hilgert, indic\u00f3 que al d\u00eda siguiente de la sesi\u00f3n \u2013el jueves 17 de junio\u2013mantuvo reuniones con Meining Chung, directora de Acompa\u00f1amiento por el \u00c9xito Acad\u00e9mico; Pablo Galarza, especialista en Salud Ocupacional, y otros funcionarios UArtes, para definir los pasos que se requieren dar para un pr\u00f3ximo regreso a clases.<\/p>\n\n\n\n<p>Puntualiz\u00f3 que el retorno a clases se dar\u00e1 en modalidad semipresencial, lo cual no quiere decir que el actual semestre cambie de forma virtual a presencial. El semestre 2021 comenz\u00f3 v\u00eda remota y terminar\u00e1 v\u00eda remota, as\u00ed que cualquier rumor que diga lo contrario es infundado y debe ser ignorado. Esta informaci\u00f3n viene del Vicerrectorado Acad\u00e9mico y de la presidenta del Consejo Estudiantil, Laura J\u00e1come.<\/p>\n\n\n\n<p>A lo largo de estos meses, se han estado revisando los protocolos de bioseguridad en los diferentes espacios de la UArtes para garantizar un retorno a clases presenciales de forma espor\u00e1dica y segura. Con aprobaci\u00f3n del COE Nacional, las siguientes carreras tienen el visto bueno para el uso de dichos espacios: Creaci\u00f3n Teatral, Producci\u00f3n Musical y Sonora, Danza y Artes Musicales y Sonoras, dando como total 21 materias listas para esta primera fase.<\/p>\n\n\n\n<h3 class=\"wp-block-heading\"><strong>Proceso es voluntario<\/strong><\/h3>\n\n\n\n<p>Cada materia tendr\u00e1 un horario para la habilitaci\u00f3n de sus correspondientes espacios y es deber de los docentes informar a sus estudiantes al respecto. Tambi\u00e9n se ha dejado claro que este sistema es semipresencial, lo que significa que si un estudiante, por cualquier motivo, no puede asistir a la clase, el docente no puede obligarlo. El proceso es voluntario y cada docente debe tener claro que si se opta por usar estos espacios, posiblemente deban trabajar el doble: para aquellos que puedan asistir presencialmente y para aquellos que no, como es el caso de estudiantes de provincia, por mencionar un ejemplo.<\/p>\n\n\n\n<p>A medida de que este proyecto avance, se integrar\u00e1n otras materias. Las 21 primeras escogidas corresponden a aquellas asignaturas que ya no pueden sostenerse muy bien v\u00eda remota.<\/p>\n\n\n\n<h3 class=\"wp-block-heading\"><strong>Estricto protocolo de bioseguridad<\/strong><\/h3>\n\n\n\n<p>Pablo Galarza, especialista en Salud Ocupacional, ha sido tajante en aseverar que deber\u00e1 respetarse a cabalidad el protocolo, el cual puede definirse en estos puntos importantes: Uso de mascarilla, lavado de manos constante, mantener la distancia, desinfecci\u00f3n de equipos y respeto del aforo m\u00e1ximo permitido<\/p>\n\n\n\n<p>La Universidad de las Artes se toma en serio la seguridad de sus estudiantes, por lo que se est\u00e1 trabajando en la adquisici\u00f3n de equipos que ayuden a preservar la salud, como l\u00e1mparas UV para desinfecci\u00f3n, as\u00ed como tambi\u00e9n en la definici\u00f3n de nuevos protocolos para el cuerpo de guardias, de modo que puedan acoplarse al n\u00famero de estudiantes permitido por el aforo de cada espacio.<\/p>\n\n\n\n<p>Los diferentes departamentos de la Universidad de las Artes har\u00e1n llegar a los estudiantes m\u00e1s informaci\u00f3n al respecto. Se espera que el uso de estos espacios est\u00e9 completamente habilitado para mediados de julio del presente a\u00f1o. El Vicerrector Acad\u00e9mico ha pedido que se mantengan atentos al correo institucional.<\/p>\n","protected":false},"excerpt":{"rendered":"<p>A prop\u00f3sito de que en la d\u00e9cima sesi\u00f3n de los miembros del \u00d3rgano Colegiado Superior (OCS) de la Universidad de las Artes, realizada el pasado 16 de junio de 2021, se dialog\u00f3 sobre el regreso a clases y se trat\u00f3 como punto del d\u00eda el An\u00e1lisis y aprobaci\u00f3n de la normativa interna de asistencia de estudiantes durante la pandemia por COVID-19.<\/p>\n","protected":false},"author":10,"featured_media":14379,"comment_status":"open","ping_status":"open","sticky":false,"template":"","format":"standard","meta":{"_acf_changed":false,"_uag_custom_page_level_css":"","_monsterinsights_skip_tracking":false,"_monsterinsights_sitenote_active":false,"_monsterinsights_sitenote_note":"","_monsterinsights_sitenote_category":0,"cybocfi_hide_featured_image":"","footnotes":""},"categories":[80,75,76,77,465],"tags":[406,211,477],"infouartes":[],"class_list":["post-14352","post","type-post","status-publish","format-standard","has-post-thumbnail","hentry","category-academico","category-docentes","category-estudiantes","category-gestion","category-ocs","tag-bradley-hilgert","tag-covid19","tag-ocs-10"],"acf":[],"yoast_head":"<!-- This site is optimized with the Yoast SEO plugin v27.4 - https:\/\/yoast.com\/product\/yoast-seo-wordpress\/ -->\n<title>Universidad de las Artes - Semestre 2021 inici\u00f3 virtual y terminar\u00e1 virtual; regreso semipresencial a clases est\u00e1 en an\u00e1lisis<\/title>\n<meta name=\"description\" content=\"Universidad de las Artes - Semestre 2021 inici\u00f3 virtual y terminar\u00e1 virtual; regreso semipresencial a clases est\u00e1 en an\u00e1lisis\" \/>\n<meta name=\"robots\" content=\"index, follow, max-snippet:-1, max-image-preview:large, max-video-preview:-1\" \/>\n<link rel=\"canonical\" href=\"https:\/\/www.uartes.edu.ec\/sitio\/blog\/2021\/06\/21\/semestre-2021-inicio-virtual-y-terminara-virtual-regreso-semipresencial-a-clases-esta-en-analisis\/\" \/>\n<meta property=\"og:locale\" content=\"es_ES\" \/>\n<meta property=\"og:type\" content=\"article\" \/>\n<meta property=\"og:title\" content=\"Universidad de las Artes - Semestre 2021 inici\u00f3 virtual y terminar\u00e1 virtual; regreso semipresencial a clases est\u00e1 en an\u00e1lisis\" \/>\n<meta property=\"og:description\" content=\"Universidad de las Artes - Semestre 2021 inici\u00f3 virtual y terminar\u00e1 virtual; regreso semipresencial a clases est\u00e1 en an\u00e1lisis\" \/>\n<meta property=\"og:url\" content=\"https:\/\/www.uartes.edu.ec\/sitio\/blog\/2021\/06\/21\/semestre-2021-inicio-virtual-y-terminara-virtual-regreso-semipresencial-a-clases-esta-en-analisis\/\" \/>\n<meta property=\"og:site_name\" content=\"Universidad de las Artes\" \/>\n<meta property=\"article:publisher\" content=\"https:\/\/www.facebook.com\/uartesec\" \/>\n<meta property=\"article:published_time\" content=\"2021-06-21T18:47:00+00:00\" \/>\n<meta property=\"article:modified_time\" content=\"2024-07-04T16:26:12+00:00\" \/>\n<meta property=\"og:image\" content=\"https:\/\/www.uartes.edu.ec\/sitio\/wp-content\/uploads\/2021\/06\/Semestre-2021-inicio-virtual-y-terminara-virtual-regreso-semipresencial.jpg\" \/>\n\t<meta property=\"og:image:width\" content=\"2000\" \/>\n\t<meta property=\"og:image:height\" content=\"1333\" \/>\n\t<meta property=\"og:image:type\" content=\"image\/jpeg\" \/>\n<meta name=\"author\" content=\"ccortez\" \/>\n<meta name=\"twitter:card\" content=\"summary_large_image\" \/>\n<meta name=\"twitter:creator\" content=\"@uartesec\" \/>\n<meta name=\"twitter:site\" content=\"@uartesec\" \/>\n<meta name=\"twitter:label1\" content=\"Escrito por\" \/>\n\t<meta name=\"twitter:data1\" content=\"ccortez\" \/>\n\t<meta name=\"twitter:label2\" content=\"Tiempo de lectura\" \/>\n\t<meta name=\"twitter:data2\" content=\"3 minutos\" \/>\n<script type=\"application\/ld+json\" class=\"yoast-schema-graph\">{\"@context\":\"https:\\\/\\\/schema.org\",\"@graph\":[{\"@type\":\"Article\",\"@id\":\"https:\\\/\\\/www.uartes.edu.ec\\\/sitio\\\/blog\\\/2021\\\/06\\\/21\\\/semestre-2021-inicio-virtual-y-terminara-virtual-regreso-semipresencial-a-clases-esta-en-analisis\\\/#article\",\"isPartOf\":{\"@id\":\"https:\\\/\\\/www.uartes.edu.ec\\\/sitio\\\/blog\\\/2021\\\/06\\\/21\\\/semestre-2021-inicio-virtual-y-terminara-virtual-regreso-semipresencial-a-clases-esta-en-analisis\\\/\"},\"author\":{\"name\":\"ccortez\",\"@id\":\"https:\\\/\\\/www.uartes.edu.ec\\\/sitio\\\/#\\\/schema\\\/person\\\/efa1b8275797664fd7f13a79ccc0b1f4\"},\"headline\":\"Semestre 2021 inici\u00f3 virtual y terminar\u00e1 virtual; regreso semipresencial a clases est\u00e1 en an\u00e1lisis\",\"datePublished\":\"2021-06-21T18:47:00+00:00\",\"dateModified\":\"2024-07-04T16:26:12+00:00\",\"mainEntityOfPage\":{\"@id\":\"https:\\\/\\\/www.uartes.edu.ec\\\/sitio\\\/blog\\\/2021\\\/06\\\/21\\\/semestre-2021-inicio-virtual-y-terminara-virtual-regreso-semipresencial-a-clases-esta-en-analisis\\\/\"},\"wordCount\":627,\"commentCount\":0,\"publisher\":{\"@id\":\"https:\\\/\\\/www.uartes.edu.ec\\\/sitio\\\/#organization\"},\"image\":{\"@id\":\"https:\\\/\\\/www.uartes.edu.ec\\\/sitio\\\/blog\\\/2021\\\/06\\\/21\\\/semestre-2021-inicio-virtual-y-terminara-virtual-regreso-semipresencial-a-clases-esta-en-analisis\\\/#primaryimage\"},\"thumbnailUrl\":\"https:\\\/\\\/www.uartes.edu.ec\\\/sitio\\\/wp-content\\\/uploads\\\/2021\\\/06\\\/Semestre-2021-inicio-virtual-y-terminara-virtual-regreso-semipresencial.jpg\",\"keywords\":[\"Bradley Hilgert\",\"covid19\",\"OCS 10\"],\"articleSection\":[\"Acad\u00e9mico\",\"Docentes\",\"Estudiantes\",\"Gesti\u00f3n\",\"\u00d3rgano Colegiado Superior\"],\"inLanguage\":\"es\",\"potentialAction\":[{\"@type\":\"CommentAction\",\"name\":\"Comment\",\"target\":[\"https:\\\/\\\/www.uartes.edu.ec\\\/sitio\\\/blog\\\/2021\\\/06\\\/21\\\/semestre-2021-inicio-virtual-y-terminara-virtual-regreso-semipresencial-a-clases-esta-en-analisis\\\/#respond\"]}]},{\"@type\":[\"WebPage\",\"ItemPage\"],\"@id\":\"https:\\\/\\\/www.uartes.edu.ec\\\/sitio\\\/blog\\\/2021\\\/06\\\/21\\\/semestre-2021-inicio-virtual-y-terminara-virtual-regreso-semipresencial-a-clases-esta-en-analisis\\\/\",\"url\":\"https:\\\/\\\/www.uartes.edu.ec\\\/sitio\\\/blog\\\/2021\\\/06\\\/21\\\/semestre-2021-inicio-virtual-y-terminara-virtual-regreso-semipresencial-a-clases-esta-en-analisis\\\/\",\"name\":\"Universidad de las Artes - Semestre 2021 inici\u00f3 virtual y terminar\u00e1 virtual; regreso semipresencial a clases est\u00e1 en an\u00e1lisis\",\"isPartOf\":{\"@id\":\"https:\\\/\\\/www.uartes.edu.ec\\\/sitio\\\/#website\"},\"primaryImageOfPage\":{\"@id\":\"https:\\\/\\\/www.uartes.edu.ec\\\/sitio\\\/blog\\\/2021\\\/06\\\/21\\\/semestre-2021-inicio-virtual-y-terminara-virtual-regreso-semipresencial-a-clases-esta-en-analisis\\\/#primaryimage\"},\"image\":{\"@id\":\"https:\\\/\\\/www.uartes.edu.ec\\\/sitio\\\/blog\\\/2021\\\/06\\\/21\\\/semestre-2021-inicio-virtual-y-terminara-virtual-regreso-semipresencial-a-clases-esta-en-analisis\\\/#primaryimage\"},\"thumbnailUrl\":\"https:\\\/\\\/www.uartes.edu.ec\\\/sitio\\\/wp-content\\\/uploads\\\/2021\\\/06\\\/Semestre-2021-inicio-virtual-y-terminara-virtual-regreso-semipresencial.jpg\",\"datePublished\":\"2021-06-21T18:47:00+00:00\",\"dateModified\":\"2024-07-04T16:26:12+00:00\",\"description\":\"Universidad de las Artes - Semestre 2021 inici\u00f3 virtual y terminar\u00e1 virtual; regreso semipresencial a clases est\u00e1 en an\u00e1lisis\",\"breadcrumb\":{\"@id\":\"https:\\\/\\\/www.uartes.edu.ec\\\/sitio\\\/blog\\\/2021\\\/06\\\/21\\\/semestre-2021-inicio-virtual-y-terminara-virtual-regreso-semipresencial-a-clases-esta-en-analisis\\\/#breadcrumb\"},\"inLanguage\":\"es\",\"potentialAction\":[{\"@type\":\"ReadAction\",\"target\":[\"https:\\\/\\\/www.uartes.edu.ec\\\/sitio\\\/blog\\\/2021\\\/06\\\/21\\\/semestre-2021-inicio-virtual-y-terminara-virtual-regreso-semipresencial-a-clases-esta-en-analisis\\\/\"]}]},{\"@type\":\"ImageObject\",\"inLanguage\":\"es\",\"@id\":\"https:\\\/\\\/www.uartes.edu.ec\\\/sitio\\\/blog\\\/2021\\\/06\\\/21\\\/semestre-2021-inicio-virtual-y-terminara-virtual-regreso-semipresencial-a-clases-esta-en-analisis\\\/#primaryimage\",\"url\":\"https:\\\/\\\/www.uartes.edu.ec\\\/sitio\\\/wp-content\\\/uploads\\\/2021\\\/06\\\/Semestre-2021-inicio-virtual-y-terminara-virtual-regreso-semipresencial.jpg\",\"contentUrl\":\"https:\\\/\\\/www.uartes.edu.ec\\\/sitio\\\/wp-content\\\/uploads\\\/2021\\\/06\\\/Semestre-2021-inicio-virtual-y-terminara-virtual-regreso-semipresencial.jpg\",\"width\":2000,\"height\":1333},{\"@type\":\"BreadcrumbList\",\"@id\":\"https:\\\/\\\/www.uartes.edu.ec\\\/sitio\\\/blog\\\/2021\\\/06\\\/21\\\/semestre-2021-inicio-virtual-y-terminara-virtual-regreso-semipresencial-a-clases-esta-en-analisis\\\/#breadcrumb\",\"itemListElement\":[{\"@type\":\"ListItem\",\"position\":1,\"name\":\"Inicio\",\"item\":\"https:\\\/\\\/www.uartes.edu.ec\\\/sitio\\\/\"},{\"@type\":\"ListItem\",\"position\":2,\"name\":\"Semestre 2021 inici\u00f3 virtual y terminar\u00e1 virtual; regreso semipresencial a clases est\u00e1 en an\u00e1lisis\"}]},{\"@type\":\"WebSite\",\"@id\":\"https:\\\/\\\/www.uartes.edu.ec\\\/sitio\\\/#website\",\"url\":\"https:\\\/\\\/www.uartes.edu.ec\\\/sitio\\\/\",\"name\":\"Universidad de las Artes\",\"description\":\"Sitio oficial de la Universidad Nacional de las Artes del Ecuador\",\"publisher\":{\"@id\":\"https:\\\/\\\/www.uartes.edu.ec\\\/sitio\\\/#organization\"},\"potentialAction\":[{\"@type\":\"SearchAction\",\"target\":{\"@type\":\"EntryPoint\",\"urlTemplate\":\"https:\\\/\\\/www.uartes.edu.ec\\\/sitio\\\/?s={search_term_string}\"},\"query-input\":{\"@type\":\"PropertyValueSpecification\",\"valueRequired\":true,\"valueName\":\"search_term_string\"}}],\"inLanguage\":\"es\"},{\"@type\":\"Organization\",\"@id\":\"https:\\\/\\\/www.uartes.edu.ec\\\/sitio\\\/#organization\",\"name\":\"Universidad de las Artes\",\"url\":\"https:\\\/\\\/www.uartes.edu.ec\\\/sitio\\\/\",\"logo\":{\"@type\":\"ImageObject\",\"inLanguage\":\"es\",\"@id\":\"https:\\\/\\\/www.uartes.edu.ec\\\/sitio\\\/#\\\/schema\\\/logo\\\/image\\\/\",\"url\":\"https:\\\/\\\/www.uartes.edu.ec\\\/sitio\\\/wp-content\\\/uploads\\\/2022\\\/07\\\/logo-ua-horizontal.png\",\"contentUrl\":\"https:\\\/\\\/www.uartes.edu.ec\\\/sitio\\\/wp-content\\\/uploads\\\/2022\\\/07\\\/logo-ua-horizontal.png\",\"width\":800,\"height\":276,\"caption\":\"Universidad de las Artes\"},\"image\":{\"@id\":\"https:\\\/\\\/www.uartes.edu.ec\\\/sitio\\\/#\\\/schema\\\/logo\\\/image\\\/\"},\"sameAs\":[\"https:\\\/\\\/www.facebook.com\\\/uartesec\",\"https:\\\/\\\/x.com\\\/uartesec\",\"https:\\\/\\\/www.tiktok.com\\\/@uartesec\"]},{\"@type\":\"Person\",\"@id\":\"https:\\\/\\\/www.uartes.edu.ec\\\/sitio\\\/#\\\/schema\\\/person\\\/efa1b8275797664fd7f13a79ccc0b1f4\",\"name\":\"ccortez\",\"image\":{\"@type\":\"ImageObject\",\"inLanguage\":\"es\",\"@id\":\"https:\\\/\\\/secure.gravatar.com\\\/avatar\\\/b2a6f664a3ae8e074346ef91775736c5ec479e637ecced6842de9dc98b5da9cd?s=96&d=mm&r=g\",\"url\":\"https:\\\/\\\/secure.gravatar.com\\\/avatar\\\/b2a6f664a3ae8e074346ef91775736c5ec479e637ecced6842de9dc98b5da9cd?s=96&d=mm&r=g\",\"contentUrl\":\"https:\\\/\\\/secure.gravatar.com\\\/avatar\\\/b2a6f664a3ae8e074346ef91775736c5ec479e637ecced6842de9dc98b5da9cd?s=96&d=mm&r=g\",\"caption\":\"ccortez\"},\"url\":\"https:\\\/\\\/www.uartes.edu.ec\\\/sitio\\\/blog\\\/author\\\/ccortez\\\/\"}]}<\/script>\n<!-- \/ Yoast SEO plugin. -->","yoast_head_json":{"title":"Universidad de las Artes - Semestre 2021 inici\u00f3 virtual y terminar\u00e1 virtual; regreso semipresencial a clases est\u00e1 en an\u00e1lisis","description":"Universidad de las Artes - Semestre 2021 inici\u00f3 virtual y terminar\u00e1 virtual; regreso semipresencial a clases est\u00e1 en an\u00e1lisis","robots":{"index":"index","follow":"follow","max-snippet":"max-snippet:-1","max-image-preview":"max-image-preview:large","max-video-preview":"max-video-preview:-1"},"canonical":"https:\/\/www.uartes.edu.ec\/sitio\/blog\/2021\/06\/21\/semestre-2021-inicio-virtual-y-terminara-virtual-regreso-semipresencial-a-clases-esta-en-analisis\/","og_locale":"es_ES","og_type":"article","og_title":"Universidad de las Artes - Semestre 2021 inici\u00f3 virtual y terminar\u00e1 virtual; regreso semipresencial a clases est\u00e1 en an\u00e1lisis","og_description":"Universidad de las Artes - Semestre 2021 inici\u00f3 virtual y terminar\u00e1 virtual; regreso semipresencial a clases est\u00e1 en an\u00e1lisis","og_url":"https:\/\/www.uartes.edu.ec\/sitio\/blog\/2021\/06\/21\/semestre-2021-inicio-virtual-y-terminara-virtual-regreso-semipresencial-a-clases-esta-en-analisis\/","og_site_name":"Universidad de las Artes","article_publisher":"https:\/\/www.facebook.com\/uartesec","article_published_time":"2021-06-21T18:47:00+00:00","article_modified_time":"2024-07-04T16:26:12+00:00","og_image":[{"width":2000,"height":1333,"url":"https:\/\/www.uartes.edu.ec\/sitio\/wp-content\/uploads\/2021\/06\/Semestre-2021-inicio-virtual-y-terminara-virtual-regreso-semipresencial.jpg","type":"image\/jpeg"}],"author":"ccortez","twitter_card":"summary_large_image","twitter_creator":"@uartesec","twitter_site":"@uartesec","twitter_misc":{"Escrito por":"ccortez","Tiempo de lectura":"3 minutos"},"schema":{"@context":"https:\/\/schema.org","@graph":[{"@type":"Article","@id":"https:\/\/www.uartes.edu.ec\/sitio\/blog\/2021\/06\/21\/semestre-2021-inicio-virtual-y-terminara-virtual-regreso-semipresencial-a-clases-esta-en-analisis\/#article","isPartOf":{"@id":"https:\/\/www.uartes.edu.ec\/sitio\/blog\/2021\/06\/21\/semestre-2021-inicio-virtual-y-terminara-virtual-regreso-semipresencial-a-clases-esta-en-analisis\/"},"author":{"name":"ccortez","@id":"https:\/\/www.uartes.edu.ec\/sitio\/#\/schema\/person\/efa1b8275797664fd7f13a79ccc0b1f4"},"headline":"Semestre 2021 inici\u00f3 virtual y terminar\u00e1 virtual; regreso semipresencial a clases est\u00e1 en an\u00e1lisis","datePublished":"2021-06-21T18:47:00+00:00","dateModified":"2024-07-04T16:26:12+00:00","mainEntityOfPage":{"@id":"https:\/\/www.uartes.edu.ec\/sitio\/blog\/2021\/06\/21\/semestre-2021-inicio-virtual-y-terminara-virtual-regreso-semipresencial-a-clases-esta-en-analisis\/"},"wordCount":627,"commentCount":0,"publisher":{"@id":"https:\/\/www.uartes.edu.ec\/sitio\/#organization"},"image":{"@id":"https:\/\/www.uartes.edu.ec\/sitio\/blog\/2021\/06\/21\/semestre-2021-inicio-virtual-y-terminara-virtual-regreso-semipresencial-a-clases-esta-en-analisis\/#primaryimage"},"thumbnailUrl":"https:\/\/www.uartes.edu.ec\/sitio\/wp-content\/uploads\/2021\/06\/Semestre-2021-inicio-virtual-y-terminara-virtual-regreso-semipresencial.jpg","keywords":["Bradley Hilgert","covid19","OCS 10"],"articleSection":["Acad\u00e9mico","Docentes","Estudiantes","Gesti\u00f3n","\u00d3rgano Colegiado Superior"],"inLanguage":"es","potentialAction":[{"@type":"CommentAction","name":"Comment","target":["https:\/\/www.uartes.edu.ec\/sitio\/blog\/2021\/06\/21\/semestre-2021-inicio-virtual-y-terminara-virtual-regreso-semipresencial-a-clases-esta-en-analisis\/#respond"]}]},{"@type":["WebPage","ItemPage"],"@id":"https:\/\/www.uartes.edu.ec\/sitio\/blog\/2021\/06\/21\/semestre-2021-inicio-virtual-y-terminara-virtual-regreso-semipresencial-a-clases-esta-en-analisis\/","url":"https:\/\/www.uartes.edu.ec\/sitio\/blog\/2021\/06\/21\/semestre-2021-inicio-virtual-y-terminara-virtual-regreso-semipresencial-a-clases-esta-en-analisis\/","name":"Universidad de las Artes - Semestre 2021 inici\u00f3 virtual y terminar\u00e1 virtual; regreso semipresencial a clases est\u00e1 en an\u00e1lisis","isPartOf":{"@id":"https:\/\/www.uartes.edu.ec\/sitio\/#website"},"primaryImageOfPage":{"@id":"https:\/\/www.uartes.edu.ec\/sitio\/blog\/2021\/06\/21\/semestre-2021-inicio-virtual-y-terminara-virtual-regreso-semipresencial-a-clases-esta-en-analisis\/#primaryimage"},"image":{"@id":"https:\/\/www.uartes.edu.ec\/sitio\/blog\/2021\/06\/21\/semestre-2021-inicio-virtual-y-terminara-virtual-regreso-semipresencial-a-clases-esta-en-analisis\/#primaryimage"},"thumbnailUrl":"https:\/\/www.uartes.edu.ec\/sitio\/wp-content\/uploads\/2021\/06\/Semestre-2021-inicio-virtual-y-terminara-virtual-regreso-semipresencial.jpg","datePublished":"2021-06-21T18:47:00+00:00","dateModified":"2024-07-04T16:26:12+00:00","description":"Universidad de las Artes - Semestre 2021 inici\u00f3 virtual y terminar\u00e1 virtual; regreso semipresencial a clases est\u00e1 en an\u00e1lisis","breadcrumb":{"@id":"https:\/\/www.uartes.edu.ec\/sitio\/blog\/2021\/06\/21\/semestre-2021-inicio-virtual-y-terminara-virtual-regreso-semipresencial-a-clases-esta-en-analisis\/#breadcrumb"},"inLanguage":"es","potentialAction":[{"@type":"ReadAction","target":["https:\/\/www.uartes.edu.ec\/sitio\/blog\/2021\/06\/21\/semestre-2021-inicio-virtual-y-terminara-virtual-regreso-semipresencial-a-clases-esta-en-analisis\/"]}]},{"@type":"ImageObject","inLanguage":"es","@id":"https:\/\/www.uartes.edu.ec\/sitio\/blog\/2021\/06\/21\/semestre-2021-inicio-virtual-y-terminara-virtual-regreso-semipresencial-a-clases-esta-en-analisis\/#primaryimage","url":"https:\/\/www.uartes.edu.ec\/sitio\/wp-content\/uploads\/2021\/06\/Semestre-2021-inicio-virtual-y-terminara-virtual-regreso-semipresencial.jpg","contentUrl":"https:\/\/www.uartes.edu.ec\/sitio\/wp-content\/uploads\/2021\/06\/Semestre-2021-inicio-virtual-y-terminara-virtual-regreso-semipresencial.jpg","width":2000,"height":1333},{"@type":"BreadcrumbList","@id":"https:\/\/www.uartes.edu.ec\/sitio\/blog\/2021\/06\/21\/semestre-2021-inicio-virtual-y-terminara-virtual-regreso-semipresencial-a-clases-esta-en-analisis\/#breadcrumb","itemListElement":[{"@type":"ListItem","position":1,"name":"Inicio","item":"https:\/\/www.uartes.edu.ec\/sitio\/"},{"@type":"ListItem","position":2,"name":"Semestre 2021 inici\u00f3 virtual y terminar\u00e1 virtual; regreso semipresencial a clases est\u00e1 en an\u00e1lisis"}]},{"@type":"WebSite","@id":"https:\/\/www.uartes.edu.ec\/sitio\/#website","url":"https:\/\/www.uartes.edu.ec\/sitio\/","name":"Universidad de las Artes","description":"Sitio oficial de la Universidad Nacional de las Artes del Ecuador","publisher":{"@id":"https:\/\/www.uartes.edu.ec\/sitio\/#organization"},"potentialAction":[{"@type":"SearchAction","target":{"@type":"EntryPoint","urlTemplate":"https:\/\/www.uartes.edu.ec\/sitio\/?s={search_term_string}"},"query-input":{"@type":"PropertyValueSpecification","valueRequired":true,"valueName":"search_term_string"}}],"inLanguage":"es"},{"@type":"Organization","@id":"https:\/\/www.uartes.edu.ec\/sitio\/#organization","name":"Universidad de las Artes","url":"https:\/\/www.uartes.edu.ec\/sitio\/","logo":{"@type":"ImageObject","inLanguage":"es","@id":"https:\/\/www.uartes.edu.ec\/sitio\/#\/schema\/logo\/image\/","url":"https:\/\/www.uartes.edu.ec\/sitio\/wp-content\/uploads\/2022\/07\/logo-ua-horizontal.png","contentUrl":"https:\/\/www.uartes.edu.ec\/sitio\/wp-content\/uploads\/2022\/07\/logo-ua-horizontal.png","width":800,"height":276,"caption":"Universidad de las Artes"},"image":{"@id":"https:\/\/www.uartes.edu.ec\/sitio\/#\/schema\/logo\/image\/"},"sameAs":["https:\/\/www.facebook.com\/uartesec","https:\/\/x.com\/uartesec","https:\/\/www.tiktok.com\/@uartesec"]},{"@type":"Person","@id":"https:\/\/www.uartes.edu.ec\/sitio\/#\/schema\/person\/efa1b8275797664fd7f13a79ccc0b1f4","name":"ccortez","image":{"@type":"ImageObject","inLanguage":"es","@id":"https:\/\/secure.gravatar.com\/avatar\/b2a6f664a3ae8e074346ef91775736c5ec479e637ecced6842de9dc98b5da9cd?s=96&d=mm&r=g","url":"https:\/\/secure.gravatar.com\/avatar\/b2a6f664a3ae8e074346ef91775736c5ec479e637ecced6842de9dc98b5da9cd?s=96&d=mm&r=g","contentUrl":"https:\/\/secure.gravatar.com\/avatar\/b2a6f664a3ae8e074346ef91775736c5ec479e637ecced6842de9dc98b5da9cd?s=96&d=mm&r=g","caption":"ccortez"},"url":"https:\/\/www.uartes.edu.ec\/sitio\/blog\/author\/ccortez\/"}]}},"uagb_featured_image_src":{"full":["https:\/\/www.uartes.edu.ec\/sitio\/wp-content\/uploads\/2021\/06\/Semestre-2021-inicio-virtual-y-terminara-virtual-regreso-semipresencial.jpg",2000,1333,false],"thumbnail":["https:\/\/www.uartes.edu.ec\/sitio\/wp-content\/uploads\/2021\/06\/Semestre-2021-inicio-virtual-y-terminara-virtual-regreso-semipresencial-150x150.jpg",150,150,true],"medium":["https:\/\/www.uartes.edu.ec\/sitio\/wp-content\/uploads\/2021\/06\/Semestre-2021-inicio-virtual-y-terminara-virtual-regreso-semipresencial-300x200.jpg",300,200,true],"medium_large":["https:\/\/www.uartes.edu.ec\/sitio\/wp-content\/uploads\/2021\/06\/Semestre-2021-inicio-virtual-y-terminara-virtual-regreso-semipresencial-768x512.jpg",768,512,true],"large":["https:\/\/www.uartes.edu.ec\/sitio\/wp-content\/uploads\/2021\/06\/Semestre-2021-inicio-virtual-y-terminara-virtual-regreso-semipresencial-644x429.jpg",644,429,true],"1536x1536":["https:\/\/www.uartes.edu.ec\/sitio\/wp-content\/uploads\/2021\/06\/Semestre-2021-inicio-virtual-y-terminara-virtual-regreso-semipresencial-1536x1024.jpg",1536,1024,true],"2048x2048":["https:\/\/www.uartes.edu.ec\/sitio\/wp-content\/uploads\/2021\/06\/Semestre-2021-inicio-virtual-y-terminara-virtual-regreso-semipresencial.jpg",2000,1333,false],"trp-custom-language-flag":["https:\/\/www.uartes.edu.ec\/sitio\/wp-content\/uploads\/2021\/06\/Semestre-2021-inicio-virtual-y-terminara-virtual-regreso-semipresencial-16x12.jpg",16,12,true],"htmega_size_585x295":["https:\/\/www.uartes.edu.ec\/sitio\/wp-content\/uploads\/2021\/06\/Semestre-2021-inicio-virtual-y-terminara-virtual-regreso-semipresencial-585x295.jpg",585,295,true],"htmega_size_1170x536":["https:\/\/www.uartes.edu.ec\/sitio\/wp-content\/uploads\/2021\/06\/Semestre-2021-inicio-virtual-y-terminara-virtual-regreso-semipresencial-1170x536.jpg",1170,536,true],"htmega_size_396x360":["https:\/\/www.uartes.edu.ec\/sitio\/wp-content\/uploads\/2021\/06\/Semestre-2021-inicio-virtual-y-terminara-virtual-regreso-semipresencial-396x360.jpg",396,360,true],"gb-block-post-grid-landscape":["https:\/\/www.uartes.edu.ec\/sitio\/wp-content\/uploads\/2021\/06\/Semestre-2021-inicio-virtual-y-terminara-virtual-regreso-semipresencial.jpg",600,400,false],"gb-block-post-grid-square":["https:\/\/www.uartes.edu.ec\/sitio\/wp-content\/uploads\/2021\/06\/Semestre-2021-inicio-virtual-y-terminara-virtual-regreso-semipresencial.jpg",600,400,false],"university-hub-thumb":["https:\/\/www.uartes.edu.ec\/sitio\/wp-content\/uploads\/2021\/06\/Semestre-2021-inicio-virtual-y-terminara-virtual-regreso-semipresencial-400x267.jpg",400,267,true]},"uagb_author_info":{"display_name":"ccortez","author_link":"https:\/\/www.uartes.edu.ec\/sitio\/blog\/author\/ccortez\/"},"uagb_comment_info":0,"uagb_excerpt":"A prop\u00f3sito de que en la d\u00e9cima sesi\u00f3n de los miembros del \u00d3rgano Colegiado Superior (OCS) de la Universidad de las Artes, realizada el pasado 16 de junio de 2021, se dialog\u00f3 sobre el regreso a clases y se trat\u00f3 como punto del d\u00eda el An\u00e1lisis y aprobaci\u00f3n de la normativa interna de asistencia de&hellip;","featured_image_src":"https:\/\/www.uartes.edu.ec\/sitio\/wp-content\/uploads\/2021\/06\/Semestre-2021-inicio-virtual-y-terminara-virtual-regreso-semipresencial.jpg","featured_image_src_square":"https:\/\/www.uartes.edu.ec\/sitio\/wp-content\/uploads\/2021\/06\/Semestre-2021-inicio-virtual-y-terminara-virtual-regreso-semipresencial.jpg","author_info":{"display_name":"ccortez","author_link":"https:\/\/www.uartes.edu.ec\/sitio\/blog\/author\/ccortez\/"},"publishpress_future_workflow_manual_trigger":{"enabledWorkflows":[]},"distributor_meta":false,"distributor_terms":false,"distributor_media":false,"distributor_original_site_name":"Universidad de las Artes","distributor_original_site_url":"https:\/\/www.uartes.edu.ec\/sitio","push-errors":false,"_links":{"self":[{"href":"https:\/\/www.uartes.edu.ec\/sitio\/wp-json\/wp\/v2\/posts\/14352","targetHints":{"allow":["GET"]}}],"collection":[{"href":"https:\/\/www.uartes.edu.ec\/sitio\/wp-json\/wp\/v2\/posts"}],"about":[{"href":"https:\/\/www.uartes.edu.ec\/sitio\/wp-json\/wp\/v2\/types\/post"}],"author":[{"embeddable":true,"href":"https:\/\/www.uartes.edu.ec\/sitio\/wp-json\/wp\/v2\/users\/10"}],"replies":[{"embeddable":true,"href":"https:\/\/www.uartes.edu.ec\/sitio\/wp-json\/wp\/v2\/comments?post=14352"}],"version-history":[{"count":3,"href":"https:\/\/www.uartes.edu.ec\/sitio\/wp-json\/wp\/v2\/posts\/14352\/revisions"}],"predecessor-version":[{"id":14390,"href":"https:\/\/www.uartes.edu.ec\/sitio\/wp-json\/wp\/v2\/posts\/14352\/revisions\/14390"}],"wp:featuredmedia":[{"embeddable":true,"href":"https:\/\/www.uartes.edu.ec\/sitio\/wp-json\/wp\/v2\/media\/14379"}],"wp:attachment":[{"href":"https:\/\/www.uartes.edu.ec\/sitio\/wp-json\/wp\/v2\/media?parent=14352"}],"wp:term":[{"taxonomy":"category","embeddable":true,"href":"https:\/\/www.uartes.edu.ec\/sitio\/wp-json\/wp\/v2\/categories?post=14352"},{"taxonomy":"post_tag","embeddable":true,"href":"https:\/\/www.uartes.edu.ec\/sitio\/wp-json\/wp\/v2\/tags?post=14352"},{"taxonomy":"infouartes","embeddable":true,"href":"https:\/\/www.uartes.edu.ec\/sitio\/wp-json\/wp\/v2\/infouartes?post=14352"}],"curies":[{"name":"wp","href":"https:\/\/api.w.org\/{rel}","templated":true}]}}