{"id":14355,"date":"2021-06-21T15:44:00","date_gmt":"2021-06-21T20:44:00","guid":{"rendered":"http:\/\/www.uartes.edu.ec\/sitio\/?p=14355"},"modified":"2024-07-04T11:26:12","modified_gmt":"2024-07-04T16:26:12","slug":"sara-baranzoni-explica-los-cambios-aprobados-por-el-ocs-del-expediente-de-la-carrera-de-creacion-teatral","status":"publish","type":"post","link":"https:\/\/www.uartes.edu.ec\/sitio\/blog\/2021\/06\/21\/sara-baranzoni-explica-los-cambios-aprobados-por-el-ocs-del-expediente-de-la-carrera-de-creacion-teatral\/","title":{"rendered":"Sara Baranzoni explica los cambios aprobados por el OCS del expediente de la carrera de Creaci\u00f3n Teatral"},"content":{"rendered":"\n<p>El arduo proceso para el dise\u00f1o y desarrollo de un expediente desde cero para Creaci\u00f3n Teatral dio sus frutos durante la sesi\u00f3n n\u00famero nueve del \u00d3rgano Colegiado Superior (el pasado 2 de junio), donde se aprobaron todos los cambios realizados a la malla. Sara Baranzoni, docente y coordinadora de la carrera de la Escuela de Artes Esc\u00e9nicas, en di\u00e1logo con InfoUArtes detalla lo elaborado.<\/p>\n\n\n\n<p>El proceso llega despu\u00e9s de que, en 2020, la carrera de Creaci\u00f3n Teatral hab\u00eda dise\u00f1ado una nueva malla, consensuada entre el grupo de docentes que pertenecen a la misma carrera tras un estudio puntual de las problem\u00e1ticas y fortalezas de la malla vigente, y aprobada por la antigua Comisi\u00f3n Gestora en el mes de julio. Como sabemos, el proceso de oficializaci\u00f3n de aquella malla ha encontrado varios problemas, as\u00ed que se tuvo que trabajar en un redise\u00f1o completo del expediente. Esto en conjunto con la Direcci\u00f3n de Planificaci\u00f3n y Gesti\u00f3n Estrat\u00e9gica, para que, a partir de la malla propuesta, se pudieran ir organizando todas las partes m\u00e1s &#8220;t\u00e9cnicas&#8221;.<\/p>\n\n\n\n<p>El nuevo expediente de la carrera de Creaci\u00f3n Teatral tiene una mirada radicalmente distinta hacia el teatro y las artes esc\u00e9nicas. Reconoce no solo los procesos de producci\u00f3n art\u00edstica, sino tambi\u00e9n aquellos pedag\u00f3gicos y de escritura cr\u00edtica como momentos de creaci\u00f3n. Es por ello que propone tres itinerarios orientados a estas l\u00edneas: uno en Creaci\u00f3n, uno en Pedagog\u00eda de las Artes Esc\u00e9nicas y uno en Cr\u00edtica y Escritura para las Artes Esc\u00e9nicas. Como se puede ver, la palabra &#8220;teatro&#8221; desapareci\u00f3 del nombre de los itinerarios, reflejando un poco la tendencia internacional en enfocarse en el campo expandido de la escena viva, y no limitar el an\u00e1lisis y la formaci\u00f3n a un \u00e1mbito tan espec\u00edfico y restringido como lo es el teatro.<\/p>\n\n\n\n<p>Esto no significa que se haya perdido la componente tradicional y m\u00e1s cl\u00e1sica de la disciplina: esta se mantiene en el tronco com\u00fan (los primeros 4 semestres), mientras que en los 4 semestres de itinerario se apunta a una hibridaci\u00f3n de las pr\u00e1cticas y a una formaci\u00f3n que privilegia el inter\u00e9s personal del estudiantado, fomentando el desarrollo de lenguajes originales y adecuados a las transformaciones contempor\u00e1neas. Se ha utilizado una concepci\u00f3n del\/de la estudiante como sujeto activo y creador, en el sentido de que no se limita a reflejar y repetir los conocimientos adquiridos, sino que es capaz de comprometerse con su profesi\u00f3n y de asumir la responsabilidad de sus acciones y elecciones como efecto de una libertad de creaci\u00f3n-investigaci\u00f3n que ejerce en las tres \u00e1reas de la carrera, y que se transforma en capacidad de acci\u00f3n colectiva.<\/p>\n\n\n\n<p>Otro eje fundamental que orienta el expediente es la transdisciplinariedad, como posibilidad que alimenta las artes esc\u00e9nicas, alargando su campo de competencias y abri\u00e9ndose a una verdadera ecolog\u00eda de saberes, sin olvidar todo lo que hist\u00f3ricamente se ha considerado como marginal o no legitimado.<\/p>\n\n\n\n<p>Adem\u00e1s de pasar de un itinerario a tres, el nuevo expediente ofrece una articulaci\u00f3n muy clara de las funciones sustantivas de investigaci\u00f3n, vinculaci\u00f3n y pr\u00e1cticas pre-profesionales. Se han simplificado varios procesos y se ha repensado cada elemento en relaci\u00f3n con el perfil de egreso y profesional al que se apunta con esta propuesta.<\/p>\n\n\n\n<p>En t\u00e9rminos de principios gu\u00eda, se hace otra vez \u00e9nfasis en el concepto de creaci\u00f3n, que compone toda la propuesta y subraya el papel activo y propositivo de los aspirantes egresados. En este sentido, y en l\u00ednea con lo exitosamente implementado en la carrera de Danza, se ha previsto para los laboratorios de itinerario la incorporaci\u00f3n de artistas y docentes invitados, que se contratar\u00e1n anualmente, con la ilusi\u00f3n de que puedan aportar con visiones distintas, nuevas t\u00e9cnicas y propuestas a la formaci\u00f3n de nuestros creadores, ampliando el abanico de posibilidades que el estudiantado ya encuentra en la carrera gracias a la planta docente en fuerzas. Se ha considerado, adem\u00e1s, que se trata de una buena oportunidad para establecer di\u00e1logos e intercambios fruct\u00edferos con la comunidad art\u00edstica local, generando tambi\u00e9n futuras oportunidades de trabajo para nuestros egresados.<\/p>\n\n\n\n<p>La transdisciplinariedad de la malla se refleja en la presencia de algunas asignaturas impartidas por docentes de otras carreras (Danza y M\u00fasica en particular) y de tres c\u00e1tedras de libre opci\u00f3n, donde el estudiantado puede escoger oportunidades de formaci\u00f3n acorde su inter\u00e9s particular. Sara Baranzoni, quien es directora esc\u00e9nica y actriz, subraya entre las nuevas asignaturas que se ofertar\u00e1n a Canto, \u201cque nos pareci\u00f3 fundamental para la formaci\u00f3n de artistas esc\u00e9nicos integrales, pero tambi\u00e9n un taller de cr\u00edtica, as\u00ed como varios talleres pedag\u00f3gicos y de investigaci\u00f3n, que nos permiten ampliar el perfil de egreso\u201d.<\/p>\n\n\n\n<p>Una modificaci\u00f3n importante que introduce la nueva malla se refleja en el reparto de las horas de aprendizaje: conociendo la naturaleza del trabajo esc\u00e9nico, y considerando tanto la falta de espacios adecuados para ejercicios y tareas estudiantiles, as\u00ed como la posibilidad de que se verifiquen casos de lesiones o malestares a nivel psico-f\u00edsico, en algunos casos, detallados en la descripci\u00f3n microcurricular, se ha recomendado que el aprendizaje pr\u00e1ctico experimental del estudiantado pueda ser realizado en los espacios f\u00edsicos equipados con los que cuenta la Universidad, y monitoreado por un docente especialista en la materia (sin que se piensen estas horas como m\u00e1s horas de clase).<\/p>\n\n\n\n<p>Esto debido a la peculiar naturaleza de la carrera, que incluye materias cuyo contenido y aprendizaje aborda temas que tienen que ver con la anatom\u00eda, funcionamiento cin\u00e9tico del estudiante, as\u00ed como la exploraci\u00f3n de su universo psico-f\u00edsico y emotivo; o en otros casos, que se vinculan a talleres colectivos de escritura y lectura, o con el manejo de circuitos el\u00e9ctricos, o con actividades profesionalizantes espec\u00edficas, donde la supervisi\u00f3n de docentes resulta necesaria.&nbsp;&nbsp;&nbsp;&nbsp;&nbsp;<\/p>\n\n\n\n<p>Otro cambio fundamental que se ha establecido con la nueva malla tiene que ver precisamente con la Unidad de Titulaci\u00f3n. A partir de la experiencia con las generaciones precedentes, que llegaban con una preparaci\u00f3n a veces muy carente a sus procesos de titulaci\u00f3n, se ha detectado algunas estrategias que deber\u00edan permitir un seguimiento m\u00e1s consistente ya a partir del sexto semestre. En este sentido, la unidad de titulaci\u00f3n se reparte en tres asignaturas (en 6to, 7mo y 8vo semestre) gracias a las cuales el estudiantado tendr\u00e1 la oportunidad de acercarse gradualmente a los procesos de investigaci\u00f3n necesarios para realizar sus proyectos.<\/p>\n\n\n\n<p>Las opciones de titulaci\u00f3n se han simplificado y reducido a dos: un producto o presentaci\u00f3n art\u00edstica, acompa\u00f1ado por un texto de reflexi\u00f3n sobre el proceso creativo, y un proyecto de investigaci\u00f3n te\u00f3rico, que a su vez puede ser acompa\u00f1ado por un ejercicio esc\u00e9nico que funcione como demostraci\u00f3n-argumentaci\u00f3n del tema tratado. Para reflejar el esp\u00edritu intercultural e interdisciplinario de la Universidad de las Artes, en ambos casos el proyecto puede tener una naturaleza integradora, inter o transdisciplinaria. Anteriormente, esta era una tercera opci\u00f3n de titulaci\u00f3n, pero desde nuestro an\u00e1lisis se detect\u00f3 que resultaba m\u00e1s pertinente proponer este aspecto como una opci\u00f3n de formato v\u00e1lida transversalmente, es decir, que pueda ser aplicada tanto a la creaci\u00f3n art\u00edstica como a la reflexi\u00f3n te\u00f3rica. Como ya se ha establecido anteriormente, cada proyecto puede ser realizado individualmente o en equipo.<\/p>\n\n\n\n<p>Con la aprobaci\u00f3n de este expediente, as\u00ed como las de otras mallas, se representa el deseo de la UArtes de trazar un camino hacia la actualizaci\u00f3n de los estudios en arte en \u00e1mbito nacional, acogiendo tanto las tendencias m\u00e1s actuales del campo a nivel internacional, como las necesidades locales de fomentar procesos de calidad vinculados con el territorio y la historia del pa\u00eds. Tener carreras que est\u00e1n al paso de los tiempos y que pueden renovarse constantemente es adem\u00e1s \u00edndice de una atenci\u00f3n particular hacia las posibilidades laborales que se dan en el presente.<\/p>\n\n\n\n<p>En t\u00e9rminos de beneficios, y hablando del caso espec\u00edfico de Creaci\u00f3n Teatral, el estudiantado se encontrar\u00e1 con un proyecto org\u00e1nico, en l\u00ednea con los requerimientos de una formaci\u00f3n de pregrado y capaz de satisfacer exigencias diversas. Tendr\u00e1, adem\u00e1s, m\u00e1s posibilidades de personalizar la oferta acad\u00e9mica gracias a las asignaturas electivas y una m\u00e1s amplia frecuentaci\u00f3n de profesionales del campo. En el caso de los docentes, la nueva propuesta valoriza la formaci\u00f3n profesional de cada uno y propone una vinculaci\u00f3n m\u00e1s continua con posibilidades de capacitaci\u00f3n y trabajo en redes nacionales e internacionales.<\/p>\n\n\n\n<p>De ser aprobada por el CES, la nueva carrera de Creaci\u00f3n Teatral tendr\u00e1 una vigencia de 10 a\u00f1os, aunque ser\u00e1 posible implementar modificaciones menores en el caso de que se necesite.<\/p>\n\n\n\n<p>Sara Baranzoni expres\u00f3 su agradeciendo a todo el equipo del Vicerrectorado Acad\u00e9mico, Planificaci\u00f3n y a sus colegas, tanto de Creaci\u00f3n Teatral como de Danza, por este enorme, complejo, pero tambi\u00e9n apasionante trabajo. Estas colaboraciones nos hacen bien esperar con respecto a aquellas buenas pr\u00e1cticas y de calidad que se quieren implementar dentro de nuestra instituci\u00f3n.<\/p>\n\n\n\n<p>Texto: Sara Baranzoni, docente de Artes Esc\u00e9nicas.<\/p>\n\n\n\n<p>Edici\u00f3n: InfoUArtes<\/p>\n","protected":false},"excerpt":{"rendered":"<p>El arduo proceso para el dise\u00f1o y desarrollo de un expediente desde cero para Creaci\u00f3n Teatral dio sus frutos durante la sesi\u00f3n n\u00famero nueve del \u00d3rgano Colegiado Superior (el pasado 2 de junio), donde se aprobaron todos los cambios realizados a la malla.<\/p>\n","protected":false},"author":10,"featured_media":14364,"comment_status":"open","ping_status":"open","sticky":false,"template":"","format":"standard","meta":{"_acf_changed":false,"_uag_custom_page_level_css":"","_monsterinsights_skip_tracking":false,"_monsterinsights_sitenote_active":false,"_monsterinsights_sitenote_note":"","_monsterinsights_sitenote_category":0,"cybocfi_hide_featured_image":"","footnotes":""},"categories":[80,159,75,77,465],"tags":[478,477],"infouartes":[],"class_list":["post-14355","post","type-post","status-publish","format-standard","has-post-thumbnail","hentry","category-academico","category-artes-escenicas","category-docentes","category-gestion","category-ocs","tag-creacion-teatral","tag-ocs-10"],"acf":[],"yoast_head":"<!-- This site is optimized with the Yoast SEO plugin v27.4 - https:\/\/yoast.com\/product\/yoast-seo-wordpress\/ -->\n<title>Universidad de las Artes - Sara Baranzoni explica los cambios aprobados por el OCS del expediente de la carrera de Creaci\u00f3n Teatral<\/title>\n<meta name=\"description\" content=\"Universidad de las Artes - Sara Baranzoni explica los cambios aprobados por el OCS del expediente de la carrera de Creaci\u00f3n Teatral\" \/>\n<meta name=\"robots\" content=\"index, follow, max-snippet:-1, max-image-preview:large, max-video-preview:-1\" \/>\n<link rel=\"canonical\" href=\"https:\/\/www.uartes.edu.ec\/sitio\/blog\/2021\/06\/21\/sara-baranzoni-explica-los-cambios-aprobados-por-el-ocs-del-expediente-de-la-carrera-de-creacion-teatral\/\" \/>\n<meta property=\"og:locale\" content=\"es_ES\" \/>\n<meta property=\"og:type\" content=\"article\" \/>\n<meta property=\"og:title\" content=\"Universidad de las Artes - Sara Baranzoni explica los cambios aprobados por el OCS del expediente de la carrera de Creaci\u00f3n Teatral\" \/>\n<meta property=\"og:description\" content=\"Universidad de las Artes - Sara Baranzoni explica los cambios aprobados por el OCS del expediente de la carrera de Creaci\u00f3n Teatral\" \/>\n<meta property=\"og:url\" content=\"https:\/\/www.uartes.edu.ec\/sitio\/blog\/2021\/06\/21\/sara-baranzoni-explica-los-cambios-aprobados-por-el-ocs-del-expediente-de-la-carrera-de-creacion-teatral\/\" \/>\n<meta property=\"og:site_name\" content=\"Universidad de las Artes\" \/>\n<meta property=\"article:publisher\" content=\"https:\/\/www.facebook.com\/uartesec\" \/>\n<meta property=\"article:published_time\" content=\"2021-06-21T20:44:00+00:00\" \/>\n<meta property=\"article:modified_time\" content=\"2024-07-04T16:26:12+00:00\" \/>\n<meta property=\"og:image\" content=\"https:\/\/www.uartes.edu.ec\/sitio\/wp-content\/uploads\/2021\/06\/Sara-Baranzoni-2.jpg\" \/>\n\t<meta property=\"og:image:width\" content=\"2000\" \/>\n\t<meta property=\"og:image:height\" content=\"1333\" \/>\n\t<meta property=\"og:image:type\" content=\"image\/jpeg\" \/>\n<meta name=\"author\" content=\"ccortez\" \/>\n<meta name=\"twitter:card\" content=\"summary_large_image\" \/>\n<meta name=\"twitter:creator\" content=\"@uartesec\" \/>\n<meta name=\"twitter:site\" content=\"@uartesec\" \/>\n<meta name=\"twitter:label1\" content=\"Escrito por\" \/>\n\t<meta name=\"twitter:data1\" content=\"ccortez\" \/>\n\t<meta name=\"twitter:label2\" content=\"Tiempo de lectura\" \/>\n\t<meta name=\"twitter:data2\" content=\"7 minutos\" \/>\n<script type=\"application\/ld+json\" class=\"yoast-schema-graph\">{\"@context\":\"https:\\\/\\\/schema.org\",\"@graph\":[{\"@type\":\"Article\",\"@id\":\"https:\\\/\\\/www.uartes.edu.ec\\\/sitio\\\/blog\\\/2021\\\/06\\\/21\\\/sara-baranzoni-explica-los-cambios-aprobados-por-el-ocs-del-expediente-de-la-carrera-de-creacion-teatral\\\/#article\",\"isPartOf\":{\"@id\":\"https:\\\/\\\/www.uartes.edu.ec\\\/sitio\\\/blog\\\/2021\\\/06\\\/21\\\/sara-baranzoni-explica-los-cambios-aprobados-por-el-ocs-del-expediente-de-la-carrera-de-creacion-teatral\\\/\"},\"author\":{\"name\":\"ccortez\",\"@id\":\"https:\\\/\\\/www.uartes.edu.ec\\\/sitio\\\/#\\\/schema\\\/person\\\/efa1b8275797664fd7f13a79ccc0b1f4\"},\"headline\":\"Sara Baranzoni explica los cambios aprobados por el OCS del expediente de la carrera de Creaci\u00f3n Teatral\",\"datePublished\":\"2021-06-21T20:44:00+00:00\",\"dateModified\":\"2024-07-04T16:26:12+00:00\",\"mainEntityOfPage\":{\"@id\":\"https:\\\/\\\/www.uartes.edu.ec\\\/sitio\\\/blog\\\/2021\\\/06\\\/21\\\/sara-baranzoni-explica-los-cambios-aprobados-por-el-ocs-del-expediente-de-la-carrera-de-creacion-teatral\\\/\"},\"wordCount\":1633,\"commentCount\":0,\"publisher\":{\"@id\":\"https:\\\/\\\/www.uartes.edu.ec\\\/sitio\\\/#organization\"},\"image\":{\"@id\":\"https:\\\/\\\/www.uartes.edu.ec\\\/sitio\\\/blog\\\/2021\\\/06\\\/21\\\/sara-baranzoni-explica-los-cambios-aprobados-por-el-ocs-del-expediente-de-la-carrera-de-creacion-teatral\\\/#primaryimage\"},\"thumbnailUrl\":\"https:\\\/\\\/www.uartes.edu.ec\\\/sitio\\\/wp-content\\\/uploads\\\/2021\\\/06\\\/Sara-Baranzoni-2.jpg\",\"keywords\":[\"creaci\u00f3n teatral\",\"OCS 10\"],\"articleSection\":[\"Acad\u00e9mico\",\"Artes Esc\u00e9nicas\",\"Docentes\",\"Gesti\u00f3n\",\"\u00d3rgano Colegiado Superior\"],\"inLanguage\":\"es\",\"potentialAction\":[{\"@type\":\"CommentAction\",\"name\":\"Comment\",\"target\":[\"https:\\\/\\\/www.uartes.edu.ec\\\/sitio\\\/blog\\\/2021\\\/06\\\/21\\\/sara-baranzoni-explica-los-cambios-aprobados-por-el-ocs-del-expediente-de-la-carrera-de-creacion-teatral\\\/#respond\"]}]},{\"@type\":[\"WebPage\",\"ItemPage\"],\"@id\":\"https:\\\/\\\/www.uartes.edu.ec\\\/sitio\\\/blog\\\/2021\\\/06\\\/21\\\/sara-baranzoni-explica-los-cambios-aprobados-por-el-ocs-del-expediente-de-la-carrera-de-creacion-teatral\\\/\",\"url\":\"https:\\\/\\\/www.uartes.edu.ec\\\/sitio\\\/blog\\\/2021\\\/06\\\/21\\\/sara-baranzoni-explica-los-cambios-aprobados-por-el-ocs-del-expediente-de-la-carrera-de-creacion-teatral\\\/\",\"name\":\"Universidad de las Artes - Sara Baranzoni explica los cambios aprobados por el OCS del expediente de la carrera de Creaci\u00f3n Teatral\",\"isPartOf\":{\"@id\":\"https:\\\/\\\/www.uartes.edu.ec\\\/sitio\\\/#website\"},\"primaryImageOfPage\":{\"@id\":\"https:\\\/\\\/www.uartes.edu.ec\\\/sitio\\\/blog\\\/2021\\\/06\\\/21\\\/sara-baranzoni-explica-los-cambios-aprobados-por-el-ocs-del-expediente-de-la-carrera-de-creacion-teatral\\\/#primaryimage\"},\"image\":{\"@id\":\"https:\\\/\\\/www.uartes.edu.ec\\\/sitio\\\/blog\\\/2021\\\/06\\\/21\\\/sara-baranzoni-explica-los-cambios-aprobados-por-el-ocs-del-expediente-de-la-carrera-de-creacion-teatral\\\/#primaryimage\"},\"thumbnailUrl\":\"https:\\\/\\\/www.uartes.edu.ec\\\/sitio\\\/wp-content\\\/uploads\\\/2021\\\/06\\\/Sara-Baranzoni-2.jpg\",\"datePublished\":\"2021-06-21T20:44:00+00:00\",\"dateModified\":\"2024-07-04T16:26:12+00:00\",\"description\":\"Universidad de las Artes - Sara Baranzoni explica los cambios aprobados por el OCS del expediente de la carrera de Creaci\u00f3n Teatral\",\"breadcrumb\":{\"@id\":\"https:\\\/\\\/www.uartes.edu.ec\\\/sitio\\\/blog\\\/2021\\\/06\\\/21\\\/sara-baranzoni-explica-los-cambios-aprobados-por-el-ocs-del-expediente-de-la-carrera-de-creacion-teatral\\\/#breadcrumb\"},\"inLanguage\":\"es\",\"potentialAction\":[{\"@type\":\"ReadAction\",\"target\":[\"https:\\\/\\\/www.uartes.edu.ec\\\/sitio\\\/blog\\\/2021\\\/06\\\/21\\\/sara-baranzoni-explica-los-cambios-aprobados-por-el-ocs-del-expediente-de-la-carrera-de-creacion-teatral\\\/\"]}]},{\"@type\":\"ImageObject\",\"inLanguage\":\"es\",\"@id\":\"https:\\\/\\\/www.uartes.edu.ec\\\/sitio\\\/blog\\\/2021\\\/06\\\/21\\\/sara-baranzoni-explica-los-cambios-aprobados-por-el-ocs-del-expediente-de-la-carrera-de-creacion-teatral\\\/#primaryimage\",\"url\":\"https:\\\/\\\/www.uartes.edu.ec\\\/sitio\\\/wp-content\\\/uploads\\\/2021\\\/06\\\/Sara-Baranzoni-2.jpg\",\"contentUrl\":\"https:\\\/\\\/www.uartes.edu.ec\\\/sitio\\\/wp-content\\\/uploads\\\/2021\\\/06\\\/Sara-Baranzoni-2.jpg\",\"width\":2000,\"height\":1333,\"caption\":\"Sara Baranzoni explica los cambios aprobados por el OCS del expediente de la carrera de Creaci\u00f3n Teatral\"},{\"@type\":\"BreadcrumbList\",\"@id\":\"https:\\\/\\\/www.uartes.edu.ec\\\/sitio\\\/blog\\\/2021\\\/06\\\/21\\\/sara-baranzoni-explica-los-cambios-aprobados-por-el-ocs-del-expediente-de-la-carrera-de-creacion-teatral\\\/#breadcrumb\",\"itemListElement\":[{\"@type\":\"ListItem\",\"position\":1,\"name\":\"Inicio\",\"item\":\"https:\\\/\\\/www.uartes.edu.ec\\\/sitio\\\/\"},{\"@type\":\"ListItem\",\"position\":2,\"name\":\"Sara Baranzoni explica los cambios aprobados por el OCS del expediente de la carrera de Creaci\u00f3n Teatral\"}]},{\"@type\":\"WebSite\",\"@id\":\"https:\\\/\\\/www.uartes.edu.ec\\\/sitio\\\/#website\",\"url\":\"https:\\\/\\\/www.uartes.edu.ec\\\/sitio\\\/\",\"name\":\"Universidad de las Artes\",\"description\":\"Sitio oficial de la Universidad Nacional de las Artes del Ecuador\",\"publisher\":{\"@id\":\"https:\\\/\\\/www.uartes.edu.ec\\\/sitio\\\/#organization\"},\"potentialAction\":[{\"@type\":\"SearchAction\",\"target\":{\"@type\":\"EntryPoint\",\"urlTemplate\":\"https:\\\/\\\/www.uartes.edu.ec\\\/sitio\\\/?s={search_term_string}\"},\"query-input\":{\"@type\":\"PropertyValueSpecification\",\"valueRequired\":true,\"valueName\":\"search_term_string\"}}],\"inLanguage\":\"es\"},{\"@type\":\"Organization\",\"@id\":\"https:\\\/\\\/www.uartes.edu.ec\\\/sitio\\\/#organization\",\"name\":\"Universidad de las Artes\",\"url\":\"https:\\\/\\\/www.uartes.edu.ec\\\/sitio\\\/\",\"logo\":{\"@type\":\"ImageObject\",\"inLanguage\":\"es\",\"@id\":\"https:\\\/\\\/www.uartes.edu.ec\\\/sitio\\\/#\\\/schema\\\/logo\\\/image\\\/\",\"url\":\"https:\\\/\\\/www.uartes.edu.ec\\\/sitio\\\/wp-content\\\/uploads\\\/2022\\\/07\\\/logo-ua-horizontal.png\",\"contentUrl\":\"https:\\\/\\\/www.uartes.edu.ec\\\/sitio\\\/wp-content\\\/uploads\\\/2022\\\/07\\\/logo-ua-horizontal.png\",\"width\":800,\"height\":276,\"caption\":\"Universidad de las Artes\"},\"image\":{\"@id\":\"https:\\\/\\\/www.uartes.edu.ec\\\/sitio\\\/#\\\/schema\\\/logo\\\/image\\\/\"},\"sameAs\":[\"https:\\\/\\\/www.facebook.com\\\/uartesec\",\"https:\\\/\\\/x.com\\\/uartesec\",\"https:\\\/\\\/www.tiktok.com\\\/@uartesec\"]},{\"@type\":\"Person\",\"@id\":\"https:\\\/\\\/www.uartes.edu.ec\\\/sitio\\\/#\\\/schema\\\/person\\\/efa1b8275797664fd7f13a79ccc0b1f4\",\"name\":\"ccortez\",\"image\":{\"@type\":\"ImageObject\",\"inLanguage\":\"es\",\"@id\":\"https:\\\/\\\/secure.gravatar.com\\\/avatar\\\/b2a6f664a3ae8e074346ef91775736c5ec479e637ecced6842de9dc98b5da9cd?s=96&d=mm&r=g\",\"url\":\"https:\\\/\\\/secure.gravatar.com\\\/avatar\\\/b2a6f664a3ae8e074346ef91775736c5ec479e637ecced6842de9dc98b5da9cd?s=96&d=mm&r=g\",\"contentUrl\":\"https:\\\/\\\/secure.gravatar.com\\\/avatar\\\/b2a6f664a3ae8e074346ef91775736c5ec479e637ecced6842de9dc98b5da9cd?s=96&d=mm&r=g\",\"caption\":\"ccortez\"},\"url\":\"https:\\\/\\\/www.uartes.edu.ec\\\/sitio\\\/blog\\\/author\\\/ccortez\\\/\"}]}<\/script>\n<!-- \/ Yoast SEO plugin. -->","yoast_head_json":{"title":"Universidad de las Artes - Sara Baranzoni explica los cambios aprobados por el OCS del expediente de la carrera de Creaci\u00f3n Teatral","description":"Universidad de las Artes - Sara Baranzoni explica los cambios aprobados por el OCS del expediente de la carrera de Creaci\u00f3n Teatral","robots":{"index":"index","follow":"follow","max-snippet":"max-snippet:-1","max-image-preview":"max-image-preview:large","max-video-preview":"max-video-preview:-1"},"canonical":"https:\/\/www.uartes.edu.ec\/sitio\/blog\/2021\/06\/21\/sara-baranzoni-explica-los-cambios-aprobados-por-el-ocs-del-expediente-de-la-carrera-de-creacion-teatral\/","og_locale":"es_ES","og_type":"article","og_title":"Universidad de las Artes - Sara Baranzoni explica los cambios aprobados por el OCS del expediente de la carrera de Creaci\u00f3n Teatral","og_description":"Universidad de las Artes - Sara Baranzoni explica los cambios aprobados por el OCS del expediente de la carrera de Creaci\u00f3n Teatral","og_url":"https:\/\/www.uartes.edu.ec\/sitio\/blog\/2021\/06\/21\/sara-baranzoni-explica-los-cambios-aprobados-por-el-ocs-del-expediente-de-la-carrera-de-creacion-teatral\/","og_site_name":"Universidad de las Artes","article_publisher":"https:\/\/www.facebook.com\/uartesec","article_published_time":"2021-06-21T20:44:00+00:00","article_modified_time":"2024-07-04T16:26:12+00:00","og_image":[{"width":2000,"height":1333,"url":"https:\/\/www.uartes.edu.ec\/sitio\/wp-content\/uploads\/2021\/06\/Sara-Baranzoni-2.jpg","type":"image\/jpeg"}],"author":"ccortez","twitter_card":"summary_large_image","twitter_creator":"@uartesec","twitter_site":"@uartesec","twitter_misc":{"Escrito por":"ccortez","Tiempo de lectura":"7 minutos"},"schema":{"@context":"https:\/\/schema.org","@graph":[{"@type":"Article","@id":"https:\/\/www.uartes.edu.ec\/sitio\/blog\/2021\/06\/21\/sara-baranzoni-explica-los-cambios-aprobados-por-el-ocs-del-expediente-de-la-carrera-de-creacion-teatral\/#article","isPartOf":{"@id":"https:\/\/www.uartes.edu.ec\/sitio\/blog\/2021\/06\/21\/sara-baranzoni-explica-los-cambios-aprobados-por-el-ocs-del-expediente-de-la-carrera-de-creacion-teatral\/"},"author":{"name":"ccortez","@id":"https:\/\/www.uartes.edu.ec\/sitio\/#\/schema\/person\/efa1b8275797664fd7f13a79ccc0b1f4"},"headline":"Sara Baranzoni explica los cambios aprobados por el OCS del expediente de la carrera de Creaci\u00f3n Teatral","datePublished":"2021-06-21T20:44:00+00:00","dateModified":"2024-07-04T16:26:12+00:00","mainEntityOfPage":{"@id":"https:\/\/www.uartes.edu.ec\/sitio\/blog\/2021\/06\/21\/sara-baranzoni-explica-los-cambios-aprobados-por-el-ocs-del-expediente-de-la-carrera-de-creacion-teatral\/"},"wordCount":1633,"commentCount":0,"publisher":{"@id":"https:\/\/www.uartes.edu.ec\/sitio\/#organization"},"image":{"@id":"https:\/\/www.uartes.edu.ec\/sitio\/blog\/2021\/06\/21\/sara-baranzoni-explica-los-cambios-aprobados-por-el-ocs-del-expediente-de-la-carrera-de-creacion-teatral\/#primaryimage"},"thumbnailUrl":"https:\/\/www.uartes.edu.ec\/sitio\/wp-content\/uploads\/2021\/06\/Sara-Baranzoni-2.jpg","keywords":["creaci\u00f3n teatral","OCS 10"],"articleSection":["Acad\u00e9mico","Artes Esc\u00e9nicas","Docentes","Gesti\u00f3n","\u00d3rgano Colegiado Superior"],"inLanguage":"es","potentialAction":[{"@type":"CommentAction","name":"Comment","target":["https:\/\/www.uartes.edu.ec\/sitio\/blog\/2021\/06\/21\/sara-baranzoni-explica-los-cambios-aprobados-por-el-ocs-del-expediente-de-la-carrera-de-creacion-teatral\/#respond"]}]},{"@type":["WebPage","ItemPage"],"@id":"https:\/\/www.uartes.edu.ec\/sitio\/blog\/2021\/06\/21\/sara-baranzoni-explica-los-cambios-aprobados-por-el-ocs-del-expediente-de-la-carrera-de-creacion-teatral\/","url":"https:\/\/www.uartes.edu.ec\/sitio\/blog\/2021\/06\/21\/sara-baranzoni-explica-los-cambios-aprobados-por-el-ocs-del-expediente-de-la-carrera-de-creacion-teatral\/","name":"Universidad de las Artes - Sara Baranzoni explica los cambios aprobados por el OCS del expediente de la carrera de Creaci\u00f3n Teatral","isPartOf":{"@id":"https:\/\/www.uartes.edu.ec\/sitio\/#website"},"primaryImageOfPage":{"@id":"https:\/\/www.uartes.edu.ec\/sitio\/blog\/2021\/06\/21\/sara-baranzoni-explica-los-cambios-aprobados-por-el-ocs-del-expediente-de-la-carrera-de-creacion-teatral\/#primaryimage"},"image":{"@id":"https:\/\/www.uartes.edu.ec\/sitio\/blog\/2021\/06\/21\/sara-baranzoni-explica-los-cambios-aprobados-por-el-ocs-del-expediente-de-la-carrera-de-creacion-teatral\/#primaryimage"},"thumbnailUrl":"https:\/\/www.uartes.edu.ec\/sitio\/wp-content\/uploads\/2021\/06\/Sara-Baranzoni-2.jpg","datePublished":"2021-06-21T20:44:00+00:00","dateModified":"2024-07-04T16:26:12+00:00","description":"Universidad de las Artes - Sara Baranzoni explica los cambios aprobados por el OCS del expediente de la carrera de Creaci\u00f3n Teatral","breadcrumb":{"@id":"https:\/\/www.uartes.edu.ec\/sitio\/blog\/2021\/06\/21\/sara-baranzoni-explica-los-cambios-aprobados-por-el-ocs-del-expediente-de-la-carrera-de-creacion-teatral\/#breadcrumb"},"inLanguage":"es","potentialAction":[{"@type":"ReadAction","target":["https:\/\/www.uartes.edu.ec\/sitio\/blog\/2021\/06\/21\/sara-baranzoni-explica-los-cambios-aprobados-por-el-ocs-del-expediente-de-la-carrera-de-creacion-teatral\/"]}]},{"@type":"ImageObject","inLanguage":"es","@id":"https:\/\/www.uartes.edu.ec\/sitio\/blog\/2021\/06\/21\/sara-baranzoni-explica-los-cambios-aprobados-por-el-ocs-del-expediente-de-la-carrera-de-creacion-teatral\/#primaryimage","url":"https:\/\/www.uartes.edu.ec\/sitio\/wp-content\/uploads\/2021\/06\/Sara-Baranzoni-2.jpg","contentUrl":"https:\/\/www.uartes.edu.ec\/sitio\/wp-content\/uploads\/2021\/06\/Sara-Baranzoni-2.jpg","width":2000,"height":1333,"caption":"Sara Baranzoni explica los cambios aprobados por el OCS del expediente de la carrera de Creaci\u00f3n Teatral"},{"@type":"BreadcrumbList","@id":"https:\/\/www.uartes.edu.ec\/sitio\/blog\/2021\/06\/21\/sara-baranzoni-explica-los-cambios-aprobados-por-el-ocs-del-expediente-de-la-carrera-de-creacion-teatral\/#breadcrumb","itemListElement":[{"@type":"ListItem","position":1,"name":"Inicio","item":"https:\/\/www.uartes.edu.ec\/sitio\/"},{"@type":"ListItem","position":2,"name":"Sara Baranzoni explica los cambios aprobados por el OCS del expediente de la carrera de Creaci\u00f3n Teatral"}]},{"@type":"WebSite","@id":"https:\/\/www.uartes.edu.ec\/sitio\/#website","url":"https:\/\/www.uartes.edu.ec\/sitio\/","name":"Universidad de las Artes","description":"Sitio oficial de la Universidad Nacional de las Artes del Ecuador","publisher":{"@id":"https:\/\/www.uartes.edu.ec\/sitio\/#organization"},"potentialAction":[{"@type":"SearchAction","target":{"@type":"EntryPoint","urlTemplate":"https:\/\/www.uartes.edu.ec\/sitio\/?s={search_term_string}"},"query-input":{"@type":"PropertyValueSpecification","valueRequired":true,"valueName":"search_term_string"}}],"inLanguage":"es"},{"@type":"Organization","@id":"https:\/\/www.uartes.edu.ec\/sitio\/#organization","name":"Universidad de las Artes","url":"https:\/\/www.uartes.edu.ec\/sitio\/","logo":{"@type":"ImageObject","inLanguage":"es","@id":"https:\/\/www.uartes.edu.ec\/sitio\/#\/schema\/logo\/image\/","url":"https:\/\/www.uartes.edu.ec\/sitio\/wp-content\/uploads\/2022\/07\/logo-ua-horizontal.png","contentUrl":"https:\/\/www.uartes.edu.ec\/sitio\/wp-content\/uploads\/2022\/07\/logo-ua-horizontal.png","width":800,"height":276,"caption":"Universidad de las Artes"},"image":{"@id":"https:\/\/www.uartes.edu.ec\/sitio\/#\/schema\/logo\/image\/"},"sameAs":["https:\/\/www.facebook.com\/uartesec","https:\/\/x.com\/uartesec","https:\/\/www.tiktok.com\/@uartesec"]},{"@type":"Person","@id":"https:\/\/www.uartes.edu.ec\/sitio\/#\/schema\/person\/efa1b8275797664fd7f13a79ccc0b1f4","name":"ccortez","image":{"@type":"ImageObject","inLanguage":"es","@id":"https:\/\/secure.gravatar.com\/avatar\/b2a6f664a3ae8e074346ef91775736c5ec479e637ecced6842de9dc98b5da9cd?s=96&d=mm&r=g","url":"https:\/\/secure.gravatar.com\/avatar\/b2a6f664a3ae8e074346ef91775736c5ec479e637ecced6842de9dc98b5da9cd?s=96&d=mm&r=g","contentUrl":"https:\/\/secure.gravatar.com\/avatar\/b2a6f664a3ae8e074346ef91775736c5ec479e637ecced6842de9dc98b5da9cd?s=96&d=mm&r=g","caption":"ccortez"},"url":"https:\/\/www.uartes.edu.ec\/sitio\/blog\/author\/ccortez\/"}]}},"uagb_featured_image_src":{"full":["https:\/\/www.uartes.edu.ec\/sitio\/wp-content\/uploads\/2021\/06\/Sara-Baranzoni-2.jpg",2000,1333,false],"thumbnail":["https:\/\/www.uartes.edu.ec\/sitio\/wp-content\/uploads\/2021\/06\/Sara-Baranzoni-2-150x150.jpg",150,150,true],"medium":["https:\/\/www.uartes.edu.ec\/sitio\/wp-content\/uploads\/2021\/06\/Sara-Baranzoni-2-300x200.jpg",300,200,true],"medium_large":["https:\/\/www.uartes.edu.ec\/sitio\/wp-content\/uploads\/2021\/06\/Sara-Baranzoni-2-768x512.jpg",768,512,true],"large":["https:\/\/www.uartes.edu.ec\/sitio\/wp-content\/uploads\/2021\/06\/Sara-Baranzoni-2-644x429.jpg",644,429,true],"1536x1536":["https:\/\/www.uartes.edu.ec\/sitio\/wp-content\/uploads\/2021\/06\/Sara-Baranzoni-2-1536x1024.jpg",1536,1024,true],"2048x2048":["https:\/\/www.uartes.edu.ec\/sitio\/wp-content\/uploads\/2021\/06\/Sara-Baranzoni-2.jpg",2000,1333,false],"trp-custom-language-flag":["https:\/\/www.uartes.edu.ec\/sitio\/wp-content\/uploads\/2021\/06\/Sara-Baranzoni-2-16x12.jpg",16,12,true],"htmega_size_585x295":["https:\/\/www.uartes.edu.ec\/sitio\/wp-content\/uploads\/2021\/06\/Sara-Baranzoni-2-585x295.jpg",585,295,true],"htmega_size_1170x536":["https:\/\/www.uartes.edu.ec\/sitio\/wp-content\/uploads\/2021\/06\/Sara-Baranzoni-2-1170x536.jpg",1170,536,true],"htmega_size_396x360":["https:\/\/www.uartes.edu.ec\/sitio\/wp-content\/uploads\/2021\/06\/Sara-Baranzoni-2-396x360.jpg",396,360,true],"gb-block-post-grid-landscape":["https:\/\/www.uartes.edu.ec\/sitio\/wp-content\/uploads\/2021\/06\/Sara-Baranzoni-2.jpg",600,400,false],"gb-block-post-grid-square":["https:\/\/www.uartes.edu.ec\/sitio\/wp-content\/uploads\/2021\/06\/Sara-Baranzoni-2.jpg",600,400,false],"university-hub-thumb":["https:\/\/www.uartes.edu.ec\/sitio\/wp-content\/uploads\/2021\/06\/Sara-Baranzoni-2-400x267.jpg",400,267,true]},"uagb_author_info":{"display_name":"ccortez","author_link":"https:\/\/www.uartes.edu.ec\/sitio\/blog\/author\/ccortez\/"},"uagb_comment_info":0,"uagb_excerpt":"El arduo proceso para el dise\u00f1o y desarrollo de un expediente desde cero para Creaci\u00f3n Teatral dio sus frutos durante la sesi\u00f3n n\u00famero nueve del \u00d3rgano Colegiado Superior (el pasado 2 de junio), donde se aprobaron todos los cambios realizados a la malla.","featured_image_src":"https:\/\/www.uartes.edu.ec\/sitio\/wp-content\/uploads\/2021\/06\/Sara-Baranzoni-2.jpg","featured_image_src_square":"https:\/\/www.uartes.edu.ec\/sitio\/wp-content\/uploads\/2021\/06\/Sara-Baranzoni-2.jpg","author_info":{"display_name":"ccortez","author_link":"https:\/\/www.uartes.edu.ec\/sitio\/blog\/author\/ccortez\/"},"publishpress_future_workflow_manual_trigger":{"enabledWorkflows":[]},"distributor_meta":false,"distributor_terms":false,"distributor_media":false,"distributor_original_site_name":"Universidad de las Artes","distributor_original_site_url":"https:\/\/www.uartes.edu.ec\/sitio","push-errors":false,"_links":{"self":[{"href":"https:\/\/www.uartes.edu.ec\/sitio\/wp-json\/wp\/v2\/posts\/14355","targetHints":{"allow":["GET"]}}],"collection":[{"href":"https:\/\/www.uartes.edu.ec\/sitio\/wp-json\/wp\/v2\/posts"}],"about":[{"href":"https:\/\/www.uartes.edu.ec\/sitio\/wp-json\/wp\/v2\/types\/post"}],"author":[{"embeddable":true,"href":"https:\/\/www.uartes.edu.ec\/sitio\/wp-json\/wp\/v2\/users\/10"}],"replies":[{"embeddable":true,"href":"https:\/\/www.uartes.edu.ec\/sitio\/wp-json\/wp\/v2\/comments?post=14355"}],"version-history":[{"count":4,"href":"https:\/\/www.uartes.edu.ec\/sitio\/wp-json\/wp\/v2\/posts\/14355\/revisions"}],"predecessor-version":[{"id":14396,"href":"https:\/\/www.uartes.edu.ec\/sitio\/wp-json\/wp\/v2\/posts\/14355\/revisions\/14396"}],"wp:featuredmedia":[{"embeddable":true,"href":"https:\/\/www.uartes.edu.ec\/sitio\/wp-json\/wp\/v2\/media\/14364"}],"wp:attachment":[{"href":"https:\/\/www.uartes.edu.ec\/sitio\/wp-json\/wp\/v2\/media?parent=14355"}],"wp:term":[{"taxonomy":"category","embeddable":true,"href":"https:\/\/www.uartes.edu.ec\/sitio\/wp-json\/wp\/v2\/categories?post=14355"},{"taxonomy":"post_tag","embeddable":true,"href":"https:\/\/www.uartes.edu.ec\/sitio\/wp-json\/wp\/v2\/tags?post=14355"},{"taxonomy":"infouartes","embeddable":true,"href":"https:\/\/www.uartes.edu.ec\/sitio\/wp-json\/wp\/v2\/infouartes?post=14355"}],"curies":[{"name":"wp","href":"https:\/\/api.w.org\/{rel}","templated":true}]}}