{"id":14360,"date":"2021-06-21T15:28:00","date_gmt":"2021-06-21T20:28:00","guid":{"rendered":"http:\/\/www.uartes.edu.ec\/sitio\/?p=14360"},"modified":"2024-07-04T11:26:12","modified_gmt":"2024-07-04T16:26:12","slug":"diana-medina-la-educacion-hibrida-se-esta-imponiendo-llego-para-quedarse-y-emanciparse","status":"publish","type":"post","link":"https:\/\/www.uartes.edu.ec\/sitio\/blog\/2021\/06\/21\/diana-medina-la-educacion-hibrida-se-esta-imponiendo-llego-para-quedarse-y-emanciparse\/","title":{"rendered":"Diana Medina: La educaci\u00f3n h\u00edbrida se est\u00e1 imponiendo, lleg\u00f3 para quedarse y emanciparse"},"content":{"rendered":"\n<p>Luego de la sustentaci\u00f3n ante los miembros del \u00d3rgano Colegiado Superior (OCS), que en el orden del d\u00eda de su d\u00e9cima sesi\u00f3n analiz\u00f3 y aprob\u00f3 (el 16 de junio de 2021) las modificaciones en la malla de la Maestr\u00eda en Composici\u00f3n Musical y Artes Sonoras, su modalidad h\u00edbrida y el cambio de nombres por perfiles en los expedientes de las Maestr\u00edas de la Escuela de Posgrados, la directora de esta \u00faltima, doctora Diana Medina, responde algunas inquietudes de InfoUArtes (en modo preguntas y respuestas):<\/p>\n\n\n\n<p><em><strong>\u00bfCu\u00e1les son las modificaciones realizadas a la malla de Maestr\u00eda en Composici\u00f3n Musical y Artes Sonoras?, \u00bfen qu\u00e9 consisten?, \u00bfcu\u00e1l ha sido su proceso hasta llegar a su presentaci\u00f3n ante el OCS?<\/strong><\/em><\/p>\n\n\n\n<p>Las modificaciones que se solicitan al expediente son:<\/p>\n\n\n\n<ol class=\"wp-block-list\"><li>Propuesta de cambio de Modalidad del Aprendizaje, con el prop\u00f3sito de cambiar de modalidad Presencial, aprobada en el expediente, a la de modalidad H\u00edbrida.<\/li><li>Cambio de nombres de docentes por perfiles, el cual facilitar\u00eda la contrataci\u00f3n de docentes id\u00f3neos en el momento oportuno, porque es muy dif\u00edcil planificar la disponibilidad de ellos a lo largo de dos a\u00f1os de desarrollo del programa.<\/li><li>Necesidad de ajustar, ampliar y mejorar los Contenidos m\u00ednimos y Resultados de aprendizajes de cinco m\u00f3dulos del programa.<\/li><\/ol>\n\n\n\n<p>En las modificaciones que se proponen en la malla, de acuerdo a un an\u00e1lisis cuantitativo: De 17 m\u00f3dulos en total, se propone perfeccionar los rubros contenidos m\u00ednimos y resultados de aprendizajes de cinco m\u00f3dulos.<\/p>\n\n\n\n<p>De acuerdo a un an\u00e1lisis cualitativo: Se persigue, sin dejar de tener determinado rango de amplitud, una mayor precisi\u00f3n en sus \u00e1reas de contenidos y mejor interconexi\u00f3n y di\u00e1logo intermodular. En ese sentido, sin dejar de existir libertad de c\u00e1tedra, cada docente deber\u00e1 impartir campos tem\u00e1ticos previamente determinados y evitar as\u00ed, las repeticiones de contenidos, la dispersi\u00f3n y los divorcios entre asignaturas y contenidos.<\/p>\n\n\n\n<p>Las modificaciones de estos contenidos m\u00ednimos inciden directamente en los resultados de aprendizajes, porque se incorporan y modifican nuevas t\u00e9cnicas y recursos que ser\u00e1n evaluados, buscando mejorar el proceso de adquisici\u00f3n de capacidades y competencias de los\/as maestrantes.<\/p>\n\n\n\n<p>El proceso para llegar a estos cambios ha sido:<\/p>\n\n\n\n<ul class=\"wp-block-list\"><li>Propuestas, revisiones y debates en el Comit\u00e9 Acad\u00e9mico del programa de maestr\u00eda.<\/li><li>Revisi\u00f3n y debate en el Consejo de Escuela de Posgrado<\/li><\/ul>\n\n\n\n<p><em><strong>\u00bfQu\u00e9 implica el cambio a modalidad h\u00edbrida de la maestr\u00eda en Composici\u00f3n Musical y Artes Sonoras?<\/strong><\/em><\/p>\n\n\n\n<p>El cambio significar\u00eda: Ahorro, equilibrio regional y rentabilidad.<\/p>\n\n\n\n<ul class=\"wp-block-list\"><li>El programa de la Maestr\u00eda en Composici\u00f3n Musical y Artes Sonoras fue concebido para impartirse de manera presencial y ha funcionado perfectamente en la modalidad virtual. La pandemia nos oblig\u00f3 a cambiar la modalidad, pero tambi\u00e9n demostr\u00f3 que funciona.<\/li><li>Ahorro con los docentes extranjeros o ecuatorianos que viven en otras ciudades, el programa se ahorrar\u00eda (y se ahorra actualmente) pasajes, hospedaje y alimentaci\u00f3n.<\/li><li>Equilibrio regional: Un programa en modalidad h\u00edbrida facilitar\u00eda el ingreso de maestrantes de cualquier pa\u00eds hispanohablante.<\/li><li>Rentabilidad: De realizarse un programa h\u00edbrido, podr\u00eda disponerse de varios paralelos.<\/li><\/ul>\n\n\n\n<p><em><strong>Igualmente, en cuanto al cambio de nombres por perfiles en los expedientes de las Maestr\u00edas de la Escuela de Posgrados, \u00bfcu\u00e1les son estos cambios y en qu\u00e9 consisten?<\/strong>\u00a0<\/em><\/p>\n\n\n\n<p>Los programas aprobados por el CES, tal y como se exig\u00eda, se presentaron con nombres de docentes adecuados a los perfiles requeridos para la impartici\u00f3n de las asignaturas. Debido a complejidades variadas, como enfermedades o cambios de trabajo, entre otras, se ha evaluado que es m\u00e1s efectivo mantener los perfiles sin sujeci\u00f3n a nombres concretos.<\/p>\n\n\n\n<p><strong><em>Evidentemente, con estas modificaciones y cambios se busca mejorar la oferta acad\u00e9mica en lo que Posgrados respecta, \u00bfqu\u00e9 an\u00e1lisis los llev\u00f3 a ejecutarlos?<\/em>\u00a0<\/strong><\/p>\n\n\n\n<p>Nuestro programa de Maestr\u00eda en Composici\u00f3n Musical y Artes Sonoras es \u00fanico de su tipo en el Ecuador y se enfoca en la creaci\u00f3n que es pilar fundamental en la conformaci\u00f3n del patrimonio sonoro de cada naci\u00f3n, pero la sociedad contempor\u00e1nea est\u00e1 cambiando y sabemos que transitamos hacia una nueva e indefinida normalidad. La educaci\u00f3n h\u00edbrida se est\u00e1 imponiendo y lleg\u00f3 para quedarse y emanciparse. Debemos pensar en nuestros futuros maestrantes. Ajustamos nuestros programas de posgrado, sin perder nuestra identidad y objetivos como universidad, pero adecuados al complejo contexto actual.<\/p>\n\n\n\n<p><em><strong>Una vez aprobados por el OCS, \u00bfcu\u00e1l es el siguiente paso a seguir para que entren en vigencia?<\/strong><\/em><\/p>\n\n\n\n<p>En caso de ser aprobadas, entrar\u00edan en vigencia en la nueva cohorte que se planifica para comenzar en el mes de octubre del a\u00f1o en curso. \u00a0<\/p>\n","protected":false},"excerpt":{"rendered":"<p>La directora de la Escuela de Posgrados, doctora Diana Medina, responde algunas inquietudes de InfoUArtes (en modo preguntas y respuestas.)<\/p>\n","protected":false},"author":10,"featured_media":14383,"comment_status":"open","ping_status":"open","sticky":false,"template":"","format":"standard","meta":{"_acf_changed":false,"_uag_custom_page_level_css":"","_monsterinsights_skip_tracking":false,"_monsterinsights_sitenote_active":false,"_monsterinsights_sitenote_note":"","_monsterinsights_sitenote_category":0,"cybocfi_hide_featured_image":"","footnotes":""},"categories":[80,75,77,264,465],"tags":[477],"infouartes":[],"class_list":["post-14360","post","type-post","status-publish","format-standard","has-post-thumbnail","hentry","category-academico","category-docentes","category-gestion","category-maestrias","category-ocs","tag-ocs-10"],"acf":[],"yoast_head":"<!-- This site is optimized with the Yoast SEO plugin v27.4 - https:\/\/yoast.com\/product\/yoast-seo-wordpress\/ -->\n<title>Universidad de las Artes - Diana Medina: La educaci\u00f3n h\u00edbrida se est\u00e1 imponiendo, lleg\u00f3 para quedarse y emanciparse<\/title>\n<meta name=\"description\" content=\"Universidad de las Artes - Diana Medina: La educaci\u00f3n h\u00edbrida se est\u00e1 imponiendo, lleg\u00f3 para quedarse y emanciparse\" \/>\n<meta name=\"robots\" content=\"index, follow, max-snippet:-1, max-image-preview:large, max-video-preview:-1\" \/>\n<link rel=\"canonical\" href=\"https:\/\/www.uartes.edu.ec\/sitio\/blog\/2021\/06\/21\/diana-medina-la-educacion-hibrida-se-esta-imponiendo-llego-para-quedarse-y-emanciparse\/\" \/>\n<meta property=\"og:locale\" content=\"es_ES\" \/>\n<meta property=\"og:type\" content=\"article\" \/>\n<meta property=\"og:title\" content=\"Universidad de las Artes - Diana Medina: La educaci\u00f3n h\u00edbrida se est\u00e1 imponiendo, lleg\u00f3 para quedarse y emanciparse\" \/>\n<meta property=\"og:description\" content=\"Universidad de las Artes - Diana Medina: La educaci\u00f3n h\u00edbrida se est\u00e1 imponiendo, lleg\u00f3 para quedarse y emanciparse\" \/>\n<meta property=\"og:url\" content=\"https:\/\/www.uartes.edu.ec\/sitio\/blog\/2021\/06\/21\/diana-medina-la-educacion-hibrida-se-esta-imponiendo-llego-para-quedarse-y-emanciparse\/\" \/>\n<meta property=\"og:site_name\" content=\"Universidad de las Artes\" \/>\n<meta property=\"article:publisher\" content=\"https:\/\/www.facebook.com\/uartesec\" \/>\n<meta property=\"article:published_time\" content=\"2021-06-21T20:28:00+00:00\" \/>\n<meta property=\"article:modified_time\" content=\"2024-07-04T16:26:12+00:00\" \/>\n<meta property=\"og:image\" content=\"https:\/\/www.uartes.edu.ec\/sitio\/wp-content\/uploads\/2021\/06\/Diana-Medina-La-educacion-hibrida-se-esta-imponiendo.jpg\" \/>\n\t<meta property=\"og:image:width\" content=\"2000\" \/>\n\t<meta property=\"og:image:height\" content=\"1333\" \/>\n\t<meta property=\"og:image:type\" content=\"image\/jpeg\" \/>\n<meta name=\"author\" content=\"ccortez\" \/>\n<meta name=\"twitter:card\" content=\"summary_large_image\" \/>\n<meta name=\"twitter:creator\" content=\"@uartesec\" \/>\n<meta name=\"twitter:site\" content=\"@uartesec\" \/>\n<meta name=\"twitter:label1\" content=\"Escrito por\" \/>\n\t<meta name=\"twitter:data1\" content=\"ccortez\" \/>\n\t<meta name=\"twitter:label2\" content=\"Tiempo de lectura\" \/>\n\t<meta name=\"twitter:data2\" content=\"4 minutos\" \/>\n<script type=\"application\/ld+json\" class=\"yoast-schema-graph\">{\"@context\":\"https:\\\/\\\/schema.org\",\"@graph\":[{\"@type\":\"Article\",\"@id\":\"https:\\\/\\\/www.uartes.edu.ec\\\/sitio\\\/blog\\\/2021\\\/06\\\/21\\\/diana-medina-la-educacion-hibrida-se-esta-imponiendo-llego-para-quedarse-y-emanciparse\\\/#article\",\"isPartOf\":{\"@id\":\"https:\\\/\\\/www.uartes.edu.ec\\\/sitio\\\/blog\\\/2021\\\/06\\\/21\\\/diana-medina-la-educacion-hibrida-se-esta-imponiendo-llego-para-quedarse-y-emanciparse\\\/\"},\"author\":{\"name\":\"ccortez\",\"@id\":\"https:\\\/\\\/www.uartes.edu.ec\\\/sitio\\\/#\\\/schema\\\/person\\\/efa1b8275797664fd7f13a79ccc0b1f4\"},\"headline\":\"Diana Medina: La educaci\u00f3n h\u00edbrida se est\u00e1 imponiendo, lleg\u00f3 para quedarse y emanciparse\",\"datePublished\":\"2021-06-21T20:28:00+00:00\",\"dateModified\":\"2024-07-04T16:26:12+00:00\",\"mainEntityOfPage\":{\"@id\":\"https:\\\/\\\/www.uartes.edu.ec\\\/sitio\\\/blog\\\/2021\\\/06\\\/21\\\/diana-medina-la-educacion-hibrida-se-esta-imponiendo-llego-para-quedarse-y-emanciparse\\\/\"},\"wordCount\":811,\"commentCount\":0,\"publisher\":{\"@id\":\"https:\\\/\\\/www.uartes.edu.ec\\\/sitio\\\/#organization\"},\"image\":{\"@id\":\"https:\\\/\\\/www.uartes.edu.ec\\\/sitio\\\/blog\\\/2021\\\/06\\\/21\\\/diana-medina-la-educacion-hibrida-se-esta-imponiendo-llego-para-quedarse-y-emanciparse\\\/#primaryimage\"},\"thumbnailUrl\":\"https:\\\/\\\/www.uartes.edu.ec\\\/sitio\\\/wp-content\\\/uploads\\\/2021\\\/06\\\/Diana-Medina-La-educacion-hibrida-se-esta-imponiendo.jpg\",\"keywords\":[\"OCS 10\"],\"articleSection\":[\"Acad\u00e9mico\",\"Docentes\",\"Gesti\u00f3n\",\"Maestr\u00edas\",\"\u00d3rgano Colegiado Superior\"],\"inLanguage\":\"es\",\"potentialAction\":[{\"@type\":\"CommentAction\",\"name\":\"Comment\",\"target\":[\"https:\\\/\\\/www.uartes.edu.ec\\\/sitio\\\/blog\\\/2021\\\/06\\\/21\\\/diana-medina-la-educacion-hibrida-se-esta-imponiendo-llego-para-quedarse-y-emanciparse\\\/#respond\"]}]},{\"@type\":[\"WebPage\",\"ItemPage\"],\"@id\":\"https:\\\/\\\/www.uartes.edu.ec\\\/sitio\\\/blog\\\/2021\\\/06\\\/21\\\/diana-medina-la-educacion-hibrida-se-esta-imponiendo-llego-para-quedarse-y-emanciparse\\\/\",\"url\":\"https:\\\/\\\/www.uartes.edu.ec\\\/sitio\\\/blog\\\/2021\\\/06\\\/21\\\/diana-medina-la-educacion-hibrida-se-esta-imponiendo-llego-para-quedarse-y-emanciparse\\\/\",\"name\":\"Universidad de las Artes - Diana Medina: La educaci\u00f3n h\u00edbrida se est\u00e1 imponiendo, lleg\u00f3 para quedarse y emanciparse\",\"isPartOf\":{\"@id\":\"https:\\\/\\\/www.uartes.edu.ec\\\/sitio\\\/#website\"},\"primaryImageOfPage\":{\"@id\":\"https:\\\/\\\/www.uartes.edu.ec\\\/sitio\\\/blog\\\/2021\\\/06\\\/21\\\/diana-medina-la-educacion-hibrida-se-esta-imponiendo-llego-para-quedarse-y-emanciparse\\\/#primaryimage\"},\"image\":{\"@id\":\"https:\\\/\\\/www.uartes.edu.ec\\\/sitio\\\/blog\\\/2021\\\/06\\\/21\\\/diana-medina-la-educacion-hibrida-se-esta-imponiendo-llego-para-quedarse-y-emanciparse\\\/#primaryimage\"},\"thumbnailUrl\":\"https:\\\/\\\/www.uartes.edu.ec\\\/sitio\\\/wp-content\\\/uploads\\\/2021\\\/06\\\/Diana-Medina-La-educacion-hibrida-se-esta-imponiendo.jpg\",\"datePublished\":\"2021-06-21T20:28:00+00:00\",\"dateModified\":\"2024-07-04T16:26:12+00:00\",\"description\":\"Universidad de las Artes - Diana Medina: La educaci\u00f3n h\u00edbrida se est\u00e1 imponiendo, lleg\u00f3 para quedarse y emanciparse\",\"breadcrumb\":{\"@id\":\"https:\\\/\\\/www.uartes.edu.ec\\\/sitio\\\/blog\\\/2021\\\/06\\\/21\\\/diana-medina-la-educacion-hibrida-se-esta-imponiendo-llego-para-quedarse-y-emanciparse\\\/#breadcrumb\"},\"inLanguage\":\"es\",\"potentialAction\":[{\"@type\":\"ReadAction\",\"target\":[\"https:\\\/\\\/www.uartes.edu.ec\\\/sitio\\\/blog\\\/2021\\\/06\\\/21\\\/diana-medina-la-educacion-hibrida-se-esta-imponiendo-llego-para-quedarse-y-emanciparse\\\/\"]}]},{\"@type\":\"ImageObject\",\"inLanguage\":\"es\",\"@id\":\"https:\\\/\\\/www.uartes.edu.ec\\\/sitio\\\/blog\\\/2021\\\/06\\\/21\\\/diana-medina-la-educacion-hibrida-se-esta-imponiendo-llego-para-quedarse-y-emanciparse\\\/#primaryimage\",\"url\":\"https:\\\/\\\/www.uartes.edu.ec\\\/sitio\\\/wp-content\\\/uploads\\\/2021\\\/06\\\/Diana-Medina-La-educacion-hibrida-se-esta-imponiendo.jpg\",\"contentUrl\":\"https:\\\/\\\/www.uartes.edu.ec\\\/sitio\\\/wp-content\\\/uploads\\\/2021\\\/06\\\/Diana-Medina-La-educacion-hibrida-se-esta-imponiendo.jpg\",\"width\":2000,\"height\":1333},{\"@type\":\"BreadcrumbList\",\"@id\":\"https:\\\/\\\/www.uartes.edu.ec\\\/sitio\\\/blog\\\/2021\\\/06\\\/21\\\/diana-medina-la-educacion-hibrida-se-esta-imponiendo-llego-para-quedarse-y-emanciparse\\\/#breadcrumb\",\"itemListElement\":[{\"@type\":\"ListItem\",\"position\":1,\"name\":\"Inicio\",\"item\":\"https:\\\/\\\/www.uartes.edu.ec\\\/sitio\\\/\"},{\"@type\":\"ListItem\",\"position\":2,\"name\":\"Diana Medina: La educaci\u00f3n h\u00edbrida se est\u00e1 imponiendo, lleg\u00f3 para quedarse y emanciparse\"}]},{\"@type\":\"WebSite\",\"@id\":\"https:\\\/\\\/www.uartes.edu.ec\\\/sitio\\\/#website\",\"url\":\"https:\\\/\\\/www.uartes.edu.ec\\\/sitio\\\/\",\"name\":\"Universidad de las Artes\",\"description\":\"Sitio oficial de la Universidad Nacional de las Artes del Ecuador\",\"publisher\":{\"@id\":\"https:\\\/\\\/www.uartes.edu.ec\\\/sitio\\\/#organization\"},\"potentialAction\":[{\"@type\":\"SearchAction\",\"target\":{\"@type\":\"EntryPoint\",\"urlTemplate\":\"https:\\\/\\\/www.uartes.edu.ec\\\/sitio\\\/?s={search_term_string}\"},\"query-input\":{\"@type\":\"PropertyValueSpecification\",\"valueRequired\":true,\"valueName\":\"search_term_string\"}}],\"inLanguage\":\"es\"},{\"@type\":\"Organization\",\"@id\":\"https:\\\/\\\/www.uartes.edu.ec\\\/sitio\\\/#organization\",\"name\":\"Universidad de las Artes\",\"url\":\"https:\\\/\\\/www.uartes.edu.ec\\\/sitio\\\/\",\"logo\":{\"@type\":\"ImageObject\",\"inLanguage\":\"es\",\"@id\":\"https:\\\/\\\/www.uartes.edu.ec\\\/sitio\\\/#\\\/schema\\\/logo\\\/image\\\/\",\"url\":\"https:\\\/\\\/www.uartes.edu.ec\\\/sitio\\\/wp-content\\\/uploads\\\/2022\\\/07\\\/logo-ua-horizontal.png\",\"contentUrl\":\"https:\\\/\\\/www.uartes.edu.ec\\\/sitio\\\/wp-content\\\/uploads\\\/2022\\\/07\\\/logo-ua-horizontal.png\",\"width\":800,\"height\":276,\"caption\":\"Universidad de las Artes\"},\"image\":{\"@id\":\"https:\\\/\\\/www.uartes.edu.ec\\\/sitio\\\/#\\\/schema\\\/logo\\\/image\\\/\"},\"sameAs\":[\"https:\\\/\\\/www.facebook.com\\\/uartesec\",\"https:\\\/\\\/x.com\\\/uartesec\",\"https:\\\/\\\/www.tiktok.com\\\/@uartesec\"]},{\"@type\":\"Person\",\"@id\":\"https:\\\/\\\/www.uartes.edu.ec\\\/sitio\\\/#\\\/schema\\\/person\\\/efa1b8275797664fd7f13a79ccc0b1f4\",\"name\":\"ccortez\",\"image\":{\"@type\":\"ImageObject\",\"inLanguage\":\"es\",\"@id\":\"https:\\\/\\\/secure.gravatar.com\\\/avatar\\\/b2a6f664a3ae8e074346ef91775736c5ec479e637ecced6842de9dc98b5da9cd?s=96&d=mm&r=g\",\"url\":\"https:\\\/\\\/secure.gravatar.com\\\/avatar\\\/b2a6f664a3ae8e074346ef91775736c5ec479e637ecced6842de9dc98b5da9cd?s=96&d=mm&r=g\",\"contentUrl\":\"https:\\\/\\\/secure.gravatar.com\\\/avatar\\\/b2a6f664a3ae8e074346ef91775736c5ec479e637ecced6842de9dc98b5da9cd?s=96&d=mm&r=g\",\"caption\":\"ccortez\"},\"url\":\"https:\\\/\\\/www.uartes.edu.ec\\\/sitio\\\/blog\\\/author\\\/ccortez\\\/\"}]}<\/script>\n<!-- \/ Yoast SEO plugin. -->","yoast_head_json":{"title":"Universidad de las Artes - Diana Medina: La educaci\u00f3n h\u00edbrida se est\u00e1 imponiendo, lleg\u00f3 para quedarse y emanciparse","description":"Universidad de las Artes - Diana Medina: La educaci\u00f3n h\u00edbrida se est\u00e1 imponiendo, lleg\u00f3 para quedarse y emanciparse","robots":{"index":"index","follow":"follow","max-snippet":"max-snippet:-1","max-image-preview":"max-image-preview:large","max-video-preview":"max-video-preview:-1"},"canonical":"https:\/\/www.uartes.edu.ec\/sitio\/blog\/2021\/06\/21\/diana-medina-la-educacion-hibrida-se-esta-imponiendo-llego-para-quedarse-y-emanciparse\/","og_locale":"es_ES","og_type":"article","og_title":"Universidad de las Artes - Diana Medina: La educaci\u00f3n h\u00edbrida se est\u00e1 imponiendo, lleg\u00f3 para quedarse y emanciparse","og_description":"Universidad de las Artes - Diana Medina: La educaci\u00f3n h\u00edbrida se est\u00e1 imponiendo, lleg\u00f3 para quedarse y emanciparse","og_url":"https:\/\/www.uartes.edu.ec\/sitio\/blog\/2021\/06\/21\/diana-medina-la-educacion-hibrida-se-esta-imponiendo-llego-para-quedarse-y-emanciparse\/","og_site_name":"Universidad de las Artes","article_publisher":"https:\/\/www.facebook.com\/uartesec","article_published_time":"2021-06-21T20:28:00+00:00","article_modified_time":"2024-07-04T16:26:12+00:00","og_image":[{"width":2000,"height":1333,"url":"https:\/\/www.uartes.edu.ec\/sitio\/wp-content\/uploads\/2021\/06\/Diana-Medina-La-educacion-hibrida-se-esta-imponiendo.jpg","type":"image\/jpeg"}],"author":"ccortez","twitter_card":"summary_large_image","twitter_creator":"@uartesec","twitter_site":"@uartesec","twitter_misc":{"Escrito por":"ccortez","Tiempo de lectura":"4 minutos"},"schema":{"@context":"https:\/\/schema.org","@graph":[{"@type":"Article","@id":"https:\/\/www.uartes.edu.ec\/sitio\/blog\/2021\/06\/21\/diana-medina-la-educacion-hibrida-se-esta-imponiendo-llego-para-quedarse-y-emanciparse\/#article","isPartOf":{"@id":"https:\/\/www.uartes.edu.ec\/sitio\/blog\/2021\/06\/21\/diana-medina-la-educacion-hibrida-se-esta-imponiendo-llego-para-quedarse-y-emanciparse\/"},"author":{"name":"ccortez","@id":"https:\/\/www.uartes.edu.ec\/sitio\/#\/schema\/person\/efa1b8275797664fd7f13a79ccc0b1f4"},"headline":"Diana Medina: La educaci\u00f3n h\u00edbrida se est\u00e1 imponiendo, lleg\u00f3 para quedarse y emanciparse","datePublished":"2021-06-21T20:28:00+00:00","dateModified":"2024-07-04T16:26:12+00:00","mainEntityOfPage":{"@id":"https:\/\/www.uartes.edu.ec\/sitio\/blog\/2021\/06\/21\/diana-medina-la-educacion-hibrida-se-esta-imponiendo-llego-para-quedarse-y-emanciparse\/"},"wordCount":811,"commentCount":0,"publisher":{"@id":"https:\/\/www.uartes.edu.ec\/sitio\/#organization"},"image":{"@id":"https:\/\/www.uartes.edu.ec\/sitio\/blog\/2021\/06\/21\/diana-medina-la-educacion-hibrida-se-esta-imponiendo-llego-para-quedarse-y-emanciparse\/#primaryimage"},"thumbnailUrl":"https:\/\/www.uartes.edu.ec\/sitio\/wp-content\/uploads\/2021\/06\/Diana-Medina-La-educacion-hibrida-se-esta-imponiendo.jpg","keywords":["OCS 10"],"articleSection":["Acad\u00e9mico","Docentes","Gesti\u00f3n","Maestr\u00edas","\u00d3rgano Colegiado Superior"],"inLanguage":"es","potentialAction":[{"@type":"CommentAction","name":"Comment","target":["https:\/\/www.uartes.edu.ec\/sitio\/blog\/2021\/06\/21\/diana-medina-la-educacion-hibrida-se-esta-imponiendo-llego-para-quedarse-y-emanciparse\/#respond"]}]},{"@type":["WebPage","ItemPage"],"@id":"https:\/\/www.uartes.edu.ec\/sitio\/blog\/2021\/06\/21\/diana-medina-la-educacion-hibrida-se-esta-imponiendo-llego-para-quedarse-y-emanciparse\/","url":"https:\/\/www.uartes.edu.ec\/sitio\/blog\/2021\/06\/21\/diana-medina-la-educacion-hibrida-se-esta-imponiendo-llego-para-quedarse-y-emanciparse\/","name":"Universidad de las Artes - Diana Medina: La educaci\u00f3n h\u00edbrida se est\u00e1 imponiendo, lleg\u00f3 para quedarse y emanciparse","isPartOf":{"@id":"https:\/\/www.uartes.edu.ec\/sitio\/#website"},"primaryImageOfPage":{"@id":"https:\/\/www.uartes.edu.ec\/sitio\/blog\/2021\/06\/21\/diana-medina-la-educacion-hibrida-se-esta-imponiendo-llego-para-quedarse-y-emanciparse\/#primaryimage"},"image":{"@id":"https:\/\/www.uartes.edu.ec\/sitio\/blog\/2021\/06\/21\/diana-medina-la-educacion-hibrida-se-esta-imponiendo-llego-para-quedarse-y-emanciparse\/#primaryimage"},"thumbnailUrl":"https:\/\/www.uartes.edu.ec\/sitio\/wp-content\/uploads\/2021\/06\/Diana-Medina-La-educacion-hibrida-se-esta-imponiendo.jpg","datePublished":"2021-06-21T20:28:00+00:00","dateModified":"2024-07-04T16:26:12+00:00","description":"Universidad de las Artes - Diana Medina: La educaci\u00f3n h\u00edbrida se est\u00e1 imponiendo, lleg\u00f3 para quedarse y emanciparse","breadcrumb":{"@id":"https:\/\/www.uartes.edu.ec\/sitio\/blog\/2021\/06\/21\/diana-medina-la-educacion-hibrida-se-esta-imponiendo-llego-para-quedarse-y-emanciparse\/#breadcrumb"},"inLanguage":"es","potentialAction":[{"@type":"ReadAction","target":["https:\/\/www.uartes.edu.ec\/sitio\/blog\/2021\/06\/21\/diana-medina-la-educacion-hibrida-se-esta-imponiendo-llego-para-quedarse-y-emanciparse\/"]}]},{"@type":"ImageObject","inLanguage":"es","@id":"https:\/\/www.uartes.edu.ec\/sitio\/blog\/2021\/06\/21\/diana-medina-la-educacion-hibrida-se-esta-imponiendo-llego-para-quedarse-y-emanciparse\/#primaryimage","url":"https:\/\/www.uartes.edu.ec\/sitio\/wp-content\/uploads\/2021\/06\/Diana-Medina-La-educacion-hibrida-se-esta-imponiendo.jpg","contentUrl":"https:\/\/www.uartes.edu.ec\/sitio\/wp-content\/uploads\/2021\/06\/Diana-Medina-La-educacion-hibrida-se-esta-imponiendo.jpg","width":2000,"height":1333},{"@type":"BreadcrumbList","@id":"https:\/\/www.uartes.edu.ec\/sitio\/blog\/2021\/06\/21\/diana-medina-la-educacion-hibrida-se-esta-imponiendo-llego-para-quedarse-y-emanciparse\/#breadcrumb","itemListElement":[{"@type":"ListItem","position":1,"name":"Inicio","item":"https:\/\/www.uartes.edu.ec\/sitio\/"},{"@type":"ListItem","position":2,"name":"Diana Medina: La educaci\u00f3n h\u00edbrida se est\u00e1 imponiendo, lleg\u00f3 para quedarse y emanciparse"}]},{"@type":"WebSite","@id":"https:\/\/www.uartes.edu.ec\/sitio\/#website","url":"https:\/\/www.uartes.edu.ec\/sitio\/","name":"Universidad de las Artes","description":"Sitio oficial de la Universidad Nacional de las Artes del Ecuador","publisher":{"@id":"https:\/\/www.uartes.edu.ec\/sitio\/#organization"},"potentialAction":[{"@type":"SearchAction","target":{"@type":"EntryPoint","urlTemplate":"https:\/\/www.uartes.edu.ec\/sitio\/?s={search_term_string}"},"query-input":{"@type":"PropertyValueSpecification","valueRequired":true,"valueName":"search_term_string"}}],"inLanguage":"es"},{"@type":"Organization","@id":"https:\/\/www.uartes.edu.ec\/sitio\/#organization","name":"Universidad de las Artes","url":"https:\/\/www.uartes.edu.ec\/sitio\/","logo":{"@type":"ImageObject","inLanguage":"es","@id":"https:\/\/www.uartes.edu.ec\/sitio\/#\/schema\/logo\/image\/","url":"https:\/\/www.uartes.edu.ec\/sitio\/wp-content\/uploads\/2022\/07\/logo-ua-horizontal.png","contentUrl":"https:\/\/www.uartes.edu.ec\/sitio\/wp-content\/uploads\/2022\/07\/logo-ua-horizontal.png","width":800,"height":276,"caption":"Universidad de las Artes"},"image":{"@id":"https:\/\/www.uartes.edu.ec\/sitio\/#\/schema\/logo\/image\/"},"sameAs":["https:\/\/www.facebook.com\/uartesec","https:\/\/x.com\/uartesec","https:\/\/www.tiktok.com\/@uartesec"]},{"@type":"Person","@id":"https:\/\/www.uartes.edu.ec\/sitio\/#\/schema\/person\/efa1b8275797664fd7f13a79ccc0b1f4","name":"ccortez","image":{"@type":"ImageObject","inLanguage":"es","@id":"https:\/\/secure.gravatar.com\/avatar\/b2a6f664a3ae8e074346ef91775736c5ec479e637ecced6842de9dc98b5da9cd?s=96&d=mm&r=g","url":"https:\/\/secure.gravatar.com\/avatar\/b2a6f664a3ae8e074346ef91775736c5ec479e637ecced6842de9dc98b5da9cd?s=96&d=mm&r=g","contentUrl":"https:\/\/secure.gravatar.com\/avatar\/b2a6f664a3ae8e074346ef91775736c5ec479e637ecced6842de9dc98b5da9cd?s=96&d=mm&r=g","caption":"ccortez"},"url":"https:\/\/www.uartes.edu.ec\/sitio\/blog\/author\/ccortez\/"}]}},"uagb_featured_image_src":{"full":["https:\/\/www.uartes.edu.ec\/sitio\/wp-content\/uploads\/2021\/06\/Diana-Medina-La-educacion-hibrida-se-esta-imponiendo.jpg",2000,1333,false],"thumbnail":["https:\/\/www.uartes.edu.ec\/sitio\/wp-content\/uploads\/2021\/06\/Diana-Medina-La-educacion-hibrida-se-esta-imponiendo-150x150.jpg",150,150,true],"medium":["https:\/\/www.uartes.edu.ec\/sitio\/wp-content\/uploads\/2021\/06\/Diana-Medina-La-educacion-hibrida-se-esta-imponiendo-300x200.jpg",300,200,true],"medium_large":["https:\/\/www.uartes.edu.ec\/sitio\/wp-content\/uploads\/2021\/06\/Diana-Medina-La-educacion-hibrida-se-esta-imponiendo-768x512.jpg",768,512,true],"large":["https:\/\/www.uartes.edu.ec\/sitio\/wp-content\/uploads\/2021\/06\/Diana-Medina-La-educacion-hibrida-se-esta-imponiendo-644x429.jpg",644,429,true],"1536x1536":["https:\/\/www.uartes.edu.ec\/sitio\/wp-content\/uploads\/2021\/06\/Diana-Medina-La-educacion-hibrida-se-esta-imponiendo-1536x1024.jpg",1536,1024,true],"2048x2048":["https:\/\/www.uartes.edu.ec\/sitio\/wp-content\/uploads\/2021\/06\/Diana-Medina-La-educacion-hibrida-se-esta-imponiendo.jpg",2000,1333,false],"trp-custom-language-flag":["https:\/\/www.uartes.edu.ec\/sitio\/wp-content\/uploads\/2021\/06\/Diana-Medina-La-educacion-hibrida-se-esta-imponiendo-16x12.jpg",16,12,true],"htmega_size_585x295":["https:\/\/www.uartes.edu.ec\/sitio\/wp-content\/uploads\/2021\/06\/Diana-Medina-La-educacion-hibrida-se-esta-imponiendo-585x295.jpg",585,295,true],"htmega_size_1170x536":["https:\/\/www.uartes.edu.ec\/sitio\/wp-content\/uploads\/2021\/06\/Diana-Medina-La-educacion-hibrida-se-esta-imponiendo-1170x536.jpg",1170,536,true],"htmega_size_396x360":["https:\/\/www.uartes.edu.ec\/sitio\/wp-content\/uploads\/2021\/06\/Diana-Medina-La-educacion-hibrida-se-esta-imponiendo-396x360.jpg",396,360,true],"gb-block-post-grid-landscape":["https:\/\/www.uartes.edu.ec\/sitio\/wp-content\/uploads\/2021\/06\/Diana-Medina-La-educacion-hibrida-se-esta-imponiendo.jpg",600,400,false],"gb-block-post-grid-square":["https:\/\/www.uartes.edu.ec\/sitio\/wp-content\/uploads\/2021\/06\/Diana-Medina-La-educacion-hibrida-se-esta-imponiendo.jpg",600,400,false],"university-hub-thumb":["https:\/\/www.uartes.edu.ec\/sitio\/wp-content\/uploads\/2021\/06\/Diana-Medina-La-educacion-hibrida-se-esta-imponiendo-400x267.jpg",400,267,true]},"uagb_author_info":{"display_name":"ccortez","author_link":"https:\/\/www.uartes.edu.ec\/sitio\/blog\/author\/ccortez\/"},"uagb_comment_info":0,"uagb_excerpt":"La directora de la Escuela de Posgrados, doctora Diana Medina, responde algunas inquietudes de InfoUArtes (en modo preguntas y respuestas.)","featured_image_src":"https:\/\/www.uartes.edu.ec\/sitio\/wp-content\/uploads\/2021\/06\/Diana-Medina-La-educacion-hibrida-se-esta-imponiendo.jpg","featured_image_src_square":"https:\/\/www.uartes.edu.ec\/sitio\/wp-content\/uploads\/2021\/06\/Diana-Medina-La-educacion-hibrida-se-esta-imponiendo.jpg","author_info":{"display_name":"ccortez","author_link":"https:\/\/www.uartes.edu.ec\/sitio\/blog\/author\/ccortez\/"},"publishpress_future_workflow_manual_trigger":{"enabledWorkflows":[]},"distributor_meta":false,"distributor_terms":false,"distributor_media":false,"distributor_original_site_name":"Universidad de las Artes","distributor_original_site_url":"https:\/\/www.uartes.edu.ec\/sitio","push-errors":false,"_links":{"self":[{"href":"https:\/\/www.uartes.edu.ec\/sitio\/wp-json\/wp\/v2\/posts\/14360","targetHints":{"allow":["GET"]}}],"collection":[{"href":"https:\/\/www.uartes.edu.ec\/sitio\/wp-json\/wp\/v2\/posts"}],"about":[{"href":"https:\/\/www.uartes.edu.ec\/sitio\/wp-json\/wp\/v2\/types\/post"}],"author":[{"embeddable":true,"href":"https:\/\/www.uartes.edu.ec\/sitio\/wp-json\/wp\/v2\/users\/10"}],"replies":[{"embeddable":true,"href":"https:\/\/www.uartes.edu.ec\/sitio\/wp-json\/wp\/v2\/comments?post=14360"}],"version-history":[{"count":2,"href":"https:\/\/www.uartes.edu.ec\/sitio\/wp-json\/wp\/v2\/posts\/14360\/revisions"}],"predecessor-version":[{"id":14394,"href":"https:\/\/www.uartes.edu.ec\/sitio\/wp-json\/wp\/v2\/posts\/14360\/revisions\/14394"}],"wp:featuredmedia":[{"embeddable":true,"href":"https:\/\/www.uartes.edu.ec\/sitio\/wp-json\/wp\/v2\/media\/14383"}],"wp:attachment":[{"href":"https:\/\/www.uartes.edu.ec\/sitio\/wp-json\/wp\/v2\/media?parent=14360"}],"wp:term":[{"taxonomy":"category","embeddable":true,"href":"https:\/\/www.uartes.edu.ec\/sitio\/wp-json\/wp\/v2\/categories?post=14360"},{"taxonomy":"post_tag","embeddable":true,"href":"https:\/\/www.uartes.edu.ec\/sitio\/wp-json\/wp\/v2\/tags?post=14360"},{"taxonomy":"infouartes","embeddable":true,"href":"https:\/\/www.uartes.edu.ec\/sitio\/wp-json\/wp\/v2\/infouartes?post=14360"}],"curies":[{"name":"wp","href":"https:\/\/api.w.org\/{rel}","templated":true}]}}