{"id":14361,"date":"2021-06-21T15:55:00","date_gmt":"2021-06-21T20:55:00","guid":{"rendered":"http:\/\/www.uartes.edu.ec\/sitio\/?p=14361"},"modified":"2024-07-04T11:26:12","modified_gmt":"2024-07-04T16:26:12","slug":"diseno-de-nueva-malla-de-creacion-teatral-es-el-resultado-de-consensos-analisis-e-investigacion","status":"publish","type":"post","link":"https:\/\/www.uartes.edu.ec\/sitio\/blog\/2021\/06\/21\/diseno-de-nueva-malla-de-creacion-teatral-es-el-resultado-de-consensos-analisis-e-investigacion\/","title":{"rendered":"Dise\u00f1o de nueva malla de Creaci\u00f3n Teatral es el resultado de consensos, an\u00e1lisis e investigaci\u00f3n"},"content":{"rendered":"\n<p>Frente a los procesos para dise\u00f1ar la nueva malla de Creaci\u00f3n Teatral, Sara Baranzoni, docente y coordinadora de la carrera, indica que respecto a las partes m\u00e1s acad\u00e9micas se armaron propuestas que fueron compartidas en OneDrive y se invit\u00f3 a los docentes a colaborar activamente, aportando seg\u00fan su \u00e1rea de inter\u00e9s. Algunos de los planteamientos se basaron en los resultados de un seminario interno que la Escuela de Artes Esc\u00e9nicas organiz\u00f3 en 2019, donde los docentes se hab\u00edan confrontado sobre cuestiones pedag\u00f3gicas y herramientas metodol\u00f3gicas para la ense\u00f1anza. A partir de estos insumos surgieron muy buenas conversaciones y se pudo avanzar r\u00e1pidamente gracias a la colaboraci\u00f3n recibida.<\/p>\n\n\n\n<p>Una parte importante de an\u00e1lisis y estudio se la dedic\u00f3 a los temas pedag\u00f3gicos espec\u00edficos: se analizaron y cotejaron propuestas te\u00f3rico-metodol\u00f3gicas y tendencias contempor\u00e1neas de los estudios en arte, hasta llegar a definir una visi\u00f3n original y basada en aquella detectada como las necesidades m\u00e1s urgentes, tanto de estudiantes como de docentes vinculados a la carrera. Tambi\u00e9n se realizaron estudios de pertinencia, analizando las condiciones locales y las tendencias regionales e internacionales de los estudios teatrales y esc\u00e9nicos.<\/p>\n\n\n\n<p>Entre 2019 y 2020, una vez dise\u00f1ada la primera propuesta de malla, se consult\u00f3 tambi\u00e9n con estudiantes, se realizaron varias presentaciones y se recogieron comentarios y sugerencias. La malla tuvo muy buena acogida entre el alumnado y esto anim\u00f3 a seguir con la propuesta y el dise\u00f1o a pesar de los tiempos estrictos. Todo esto para subrayar que la propuesta, a pesar de haber sido realizada en un tiempo r\u00e9cord, se basa en una importante fase de investigaci\u00f3n y definici\u00f3n en todos sus aspectos, algo que se traduce concretamente en una cierta consistencia de la misma.<\/p>\n\n\n\n<p>La estructura de la nueva malla de Creaci\u00f3n Teatral se rige en los Laboratorios, pensados como la base de la composici\u00f3n creativa del estudiantado; de esta manera la carrera se desarrolla a trav\u00e9s de su experimentaci\u00f3n-experiencia individual y colectiva. Se asign\u00f3 tambi\u00e9n un reordenamiento en la progresi\u00f3n de asignaturas propuesta por el Departamento Transversal. Esto para que, en cada semestre, a cada asignatura transversal corresponda siempre al menos una asignatura de carrera en di\u00e1logo con ella, en que el estudiantado pueda experimentar desde las pr\u00e1cticas las herramientas compartidas.<\/p>\n\n\n\n<p>En esta nueva propuesta se hace hincapi\u00e9 en un concepto de educaci\u00f3n basada en la pr\u00e1ctica activa, donde la experiencia del estudiantado se desarrolla de forma relacional, abierta al otro, y con el objetivo de que pueda construir una comprensi\u00f3n personal de la realidad basada en la complejidad y la problematizaci\u00f3n de lo existente. Tambi\u00e9n apunta a contextualizar la ense\u00f1anza en la conciencia del medio en el que se vive, generando valores, \u00e9tica y responsabilidades espec\u00edficas con el entorno.<\/p>\n\n\n\n<p>Despu\u00e9s de esta fase de dise\u00f1o, el borrador de expediente pas\u00f3 por varias revisiones de las \u00e1reas correspondientes y una vez recogidas las sugerencias se arm\u00f3 la versi\u00f3n final, misma que se aprob\u00f3 en el \u00d3rgano Colegiado Superior con fecha 26 de mayo, una semana antes de las dem\u00e1s carreras que presentaron su redise\u00f1o. La aprobaci\u00f3n del OCS que ir\u00e1 al CES se dio en la sesi\u00f3n n\u00famero nueve, realizada el pasado 2 de junio.<\/p>\n\n\n\n<h3 class=\"wp-block-heading\"><strong>Las opciones laborales y la internacionalizaci\u00f3n de la carrera<\/strong><\/h3>\n\n\n\n<p>Pasando a las opciones laborales que tendr\u00e1n los egresados, gracias a la introducci\u00f3n de los itinerarios ser\u00e1n m\u00e1s amplias y vinculadas con las necesidades reales del \u00e1mbito local e internacional. Entre otras, se a\u00f1aden figuras profesionales que se han detectado como ausentes o poco desarrolladas en el Ecuador, como historiadores de las artes esc\u00e9nicas y cr\u00edticos capaces de colaborar tanto con medios de comunicaci\u00f3n y publicaciones peri\u00f3dicas, como con agrupaciones en tanto asesores o ayudo-investigaci\u00f3n. En el espec\u00edfico, Sara Baranzoni detalla que la carrera de Creaci\u00f3n Teatral de la UArtes forma:<\/p>\n\n\n\n<ol class=\"wp-block-list\" type=\"1\"><li>Creadores e int\u00e9rpretes de espect\u00e1culos esc\u00e9nicos, con una perspectiva multi, inter y transdisciplinar;<\/li><li>Gestores y ejecutores de proyectos aut\u00f3nomos y actividades profesionales en el amplio espectro de la creaci\u00f3n esc\u00e9nica;&nbsp;<\/li><li>Teatr\u00f3logos que generen un pensamiento cr\u00edtico del teatro en el \u00e1mbito local, nacional e internacional;&nbsp;<\/li><li>Investigadores, cr\u00edticos y facilitadores culturales en institutos de educaci\u00f3n superior, organismos regionales e internacionales, ONGs, fundaciones, medios de comunicaci\u00f3n y publicaciones peri\u00f3dicas especializadas en artes esc\u00e9nicas o afines;&nbsp;<\/li><li>Actores, directores, dramaturgos, performers, asesores, asistentes en compa\u00f1\u00edas p\u00fablicas y\/o privadas, grupos y colectivos independientes;&nbsp;&nbsp;<\/li><li>Docentes en institutos t\u00e9cnicos y\/o tecnol\u00f3gicos, conservatorios, academias, colegios y escuelas, instituciones informales, ONGs y fundaciones.&nbsp;&nbsp;<\/li><\/ol>\n\n\n\n<p>La docente y coordinadora de Creaci\u00f3n Teatral de la EAE resalta tambi\u00e9n la necesidad de trabajar en la internacionalizaci\u00f3n de la carrera, aprovechando convenios y relaciones que la Universidad de las Artes mantiene con otras instituciones de educaci\u00f3n superior para fomentar la movilidad docente y estudiantil. \u201cCreemos firmemente que estas experiencias mejoren la formaci\u00f3n tanto de estudiantes como de docentes y necesitamos implementarlas para que puedan alimentar la pr\u00e1ctica art\u00edstica a nivel local\u201d.<\/p>\n","protected":false},"excerpt":{"rendered":"<p>Frente a los procesos para dise\u00f1ar la nueva malla de Creaci\u00f3n Teatral, Sara Baranzoni, docente y coordinadora de la carrera, indica que respecto a las partes m\u00e1s acad\u00e9micas se armaron propuestas que fueron compartidas en OneDrive y se invit\u00f3 a los docentes a colaborar activamente, aportando seg\u00fan su \u00e1rea de inter\u00e9s. <\/p>\n","protected":false},"author":10,"featured_media":14367,"comment_status":"open","ping_status":"open","sticky":false,"template":"","format":"standard","meta":{"_acf_changed":false,"_uag_custom_page_level_css":"","_monsterinsights_skip_tracking":false,"_monsterinsights_sitenote_active":false,"_monsterinsights_sitenote_note":"","_monsterinsights_sitenote_category":0,"cybocfi_hide_featured_image":"","footnotes":""},"categories":[80,159,75,77,465],"tags":[478,477],"infouartes":[],"class_list":["post-14361","post","type-post","status-publish","format-standard","has-post-thumbnail","hentry","category-academico","category-artes-escenicas","category-docentes","category-gestion","category-ocs","tag-creacion-teatral","tag-ocs-10"],"acf":[],"yoast_head":"<!-- This site is optimized with the Yoast SEO plugin v27.4 - https:\/\/yoast.com\/product\/yoast-seo-wordpress\/ -->\n<title>Universidad de las Artes - Dise\u00f1o de nueva malla de Creaci\u00f3n Teatral es el resultado de consensos, an\u00e1lisis e investigaci\u00f3n<\/title>\n<meta name=\"description\" content=\"Universidad de las Artes - Dise\u00f1o de nueva malla de Creaci\u00f3n Teatral es el resultado de consensos, an\u00e1lisis e investigaci\u00f3n\" \/>\n<meta name=\"robots\" content=\"index, follow, max-snippet:-1, max-image-preview:large, max-video-preview:-1\" \/>\n<link rel=\"canonical\" href=\"https:\/\/www.uartes.edu.ec\/sitio\/blog\/2021\/06\/21\/diseno-de-nueva-malla-de-creacion-teatral-es-el-resultado-de-consensos-analisis-e-investigacion\/\" \/>\n<meta property=\"og:locale\" content=\"es_ES\" \/>\n<meta property=\"og:type\" content=\"article\" \/>\n<meta property=\"og:title\" content=\"Universidad de las Artes - Dise\u00f1o de nueva malla de Creaci\u00f3n Teatral es el resultado de consensos, an\u00e1lisis e investigaci\u00f3n\" \/>\n<meta property=\"og:description\" content=\"Universidad de las Artes - Dise\u00f1o de nueva malla de Creaci\u00f3n Teatral es el resultado de consensos, an\u00e1lisis e investigaci\u00f3n\" \/>\n<meta property=\"og:url\" content=\"https:\/\/www.uartes.edu.ec\/sitio\/blog\/2021\/06\/21\/diseno-de-nueva-malla-de-creacion-teatral-es-el-resultado-de-consensos-analisis-e-investigacion\/\" \/>\n<meta property=\"og:site_name\" content=\"Universidad de las Artes\" \/>\n<meta property=\"article:publisher\" content=\"https:\/\/www.facebook.com\/uartesec\" \/>\n<meta property=\"article:published_time\" content=\"2021-06-21T20:55:00+00:00\" \/>\n<meta property=\"article:modified_time\" content=\"2024-07-04T16:26:12+00:00\" \/>\n<meta property=\"og:image\" content=\"https:\/\/www.uartes.edu.ec\/sitio\/wp-content\/uploads\/2021\/06\/ARTES-ESCENICAS.jpg\" \/>\n\t<meta property=\"og:image:width\" content=\"2000\" \/>\n\t<meta property=\"og:image:height\" content=\"1333\" \/>\n\t<meta property=\"og:image:type\" content=\"image\/jpeg\" \/>\n<meta name=\"author\" content=\"ccortez\" \/>\n<meta name=\"twitter:card\" content=\"summary_large_image\" \/>\n<meta name=\"twitter:creator\" content=\"@uartesec\" \/>\n<meta name=\"twitter:site\" content=\"@uartesec\" \/>\n<meta name=\"twitter:label1\" content=\"Escrito por\" \/>\n\t<meta name=\"twitter:data1\" content=\"ccortez\" \/>\n\t<meta name=\"twitter:label2\" content=\"Tiempo de lectura\" \/>\n\t<meta name=\"twitter:data2\" content=\"4 minutos\" \/>\n<script type=\"application\/ld+json\" class=\"yoast-schema-graph\">{\"@context\":\"https:\\\/\\\/schema.org\",\"@graph\":[{\"@type\":\"Article\",\"@id\":\"https:\\\/\\\/www.uartes.edu.ec\\\/sitio\\\/blog\\\/2021\\\/06\\\/21\\\/diseno-de-nueva-malla-de-creacion-teatral-es-el-resultado-de-consensos-analisis-e-investigacion\\\/#article\",\"isPartOf\":{\"@id\":\"https:\\\/\\\/www.uartes.edu.ec\\\/sitio\\\/blog\\\/2021\\\/06\\\/21\\\/diseno-de-nueva-malla-de-creacion-teatral-es-el-resultado-de-consensos-analisis-e-investigacion\\\/\"},\"author\":{\"name\":\"ccortez\",\"@id\":\"https:\\\/\\\/www.uartes.edu.ec\\\/sitio\\\/#\\\/schema\\\/person\\\/efa1b8275797664fd7f13a79ccc0b1f4\"},\"headline\":\"Dise\u00f1o de nueva malla de Creaci\u00f3n Teatral es el resultado de consensos, an\u00e1lisis e investigaci\u00f3n\",\"datePublished\":\"2021-06-21T20:55:00+00:00\",\"dateModified\":\"2024-07-04T16:26:12+00:00\",\"mainEntityOfPage\":{\"@id\":\"https:\\\/\\\/www.uartes.edu.ec\\\/sitio\\\/blog\\\/2021\\\/06\\\/21\\\/diseno-de-nueva-malla-de-creacion-teatral-es-el-resultado-de-consensos-analisis-e-investigacion\\\/\"},\"wordCount\":912,\"commentCount\":0,\"publisher\":{\"@id\":\"https:\\\/\\\/www.uartes.edu.ec\\\/sitio\\\/#organization\"},\"image\":{\"@id\":\"https:\\\/\\\/www.uartes.edu.ec\\\/sitio\\\/blog\\\/2021\\\/06\\\/21\\\/diseno-de-nueva-malla-de-creacion-teatral-es-el-resultado-de-consensos-analisis-e-investigacion\\\/#primaryimage\"},\"thumbnailUrl\":\"https:\\\/\\\/www.uartes.edu.ec\\\/sitio\\\/wp-content\\\/uploads\\\/2021\\\/06\\\/ARTES-ESCENICAS.jpg\",\"keywords\":[\"creaci\u00f3n teatral\",\"OCS 10\"],\"articleSection\":[\"Acad\u00e9mico\",\"Artes Esc\u00e9nicas\",\"Docentes\",\"Gesti\u00f3n\",\"\u00d3rgano Colegiado Superior\"],\"inLanguage\":\"es\",\"potentialAction\":[{\"@type\":\"CommentAction\",\"name\":\"Comment\",\"target\":[\"https:\\\/\\\/www.uartes.edu.ec\\\/sitio\\\/blog\\\/2021\\\/06\\\/21\\\/diseno-de-nueva-malla-de-creacion-teatral-es-el-resultado-de-consensos-analisis-e-investigacion\\\/#respond\"]}]},{\"@type\":[\"WebPage\",\"ItemPage\"],\"@id\":\"https:\\\/\\\/www.uartes.edu.ec\\\/sitio\\\/blog\\\/2021\\\/06\\\/21\\\/diseno-de-nueva-malla-de-creacion-teatral-es-el-resultado-de-consensos-analisis-e-investigacion\\\/\",\"url\":\"https:\\\/\\\/www.uartes.edu.ec\\\/sitio\\\/blog\\\/2021\\\/06\\\/21\\\/diseno-de-nueva-malla-de-creacion-teatral-es-el-resultado-de-consensos-analisis-e-investigacion\\\/\",\"name\":\"Universidad de las Artes - Dise\u00f1o de nueva malla de Creaci\u00f3n Teatral es el resultado de consensos, an\u00e1lisis e investigaci\u00f3n\",\"isPartOf\":{\"@id\":\"https:\\\/\\\/www.uartes.edu.ec\\\/sitio\\\/#website\"},\"primaryImageOfPage\":{\"@id\":\"https:\\\/\\\/www.uartes.edu.ec\\\/sitio\\\/blog\\\/2021\\\/06\\\/21\\\/diseno-de-nueva-malla-de-creacion-teatral-es-el-resultado-de-consensos-analisis-e-investigacion\\\/#primaryimage\"},\"image\":{\"@id\":\"https:\\\/\\\/www.uartes.edu.ec\\\/sitio\\\/blog\\\/2021\\\/06\\\/21\\\/diseno-de-nueva-malla-de-creacion-teatral-es-el-resultado-de-consensos-analisis-e-investigacion\\\/#primaryimage\"},\"thumbnailUrl\":\"https:\\\/\\\/www.uartes.edu.ec\\\/sitio\\\/wp-content\\\/uploads\\\/2021\\\/06\\\/ARTES-ESCENICAS.jpg\",\"datePublished\":\"2021-06-21T20:55:00+00:00\",\"dateModified\":\"2024-07-04T16:26:12+00:00\",\"description\":\"Universidad de las Artes - Dise\u00f1o de nueva malla de Creaci\u00f3n Teatral es el resultado de consensos, an\u00e1lisis e investigaci\u00f3n\",\"breadcrumb\":{\"@id\":\"https:\\\/\\\/www.uartes.edu.ec\\\/sitio\\\/blog\\\/2021\\\/06\\\/21\\\/diseno-de-nueva-malla-de-creacion-teatral-es-el-resultado-de-consensos-analisis-e-investigacion\\\/#breadcrumb\"},\"inLanguage\":\"es\",\"potentialAction\":[{\"@type\":\"ReadAction\",\"target\":[\"https:\\\/\\\/www.uartes.edu.ec\\\/sitio\\\/blog\\\/2021\\\/06\\\/21\\\/diseno-de-nueva-malla-de-creacion-teatral-es-el-resultado-de-consensos-analisis-e-investigacion\\\/\"]}]},{\"@type\":\"ImageObject\",\"inLanguage\":\"es\",\"@id\":\"https:\\\/\\\/www.uartes.edu.ec\\\/sitio\\\/blog\\\/2021\\\/06\\\/21\\\/diseno-de-nueva-malla-de-creacion-teatral-es-el-resultado-de-consensos-analisis-e-investigacion\\\/#primaryimage\",\"url\":\"https:\\\/\\\/www.uartes.edu.ec\\\/sitio\\\/wp-content\\\/uploads\\\/2021\\\/06\\\/ARTES-ESCENICAS.jpg\",\"contentUrl\":\"https:\\\/\\\/www.uartes.edu.ec\\\/sitio\\\/wp-content\\\/uploads\\\/2021\\\/06\\\/ARTES-ESCENICAS.jpg\",\"width\":2000,\"height\":1333,\"caption\":\"Dise\u00f1o de nueva malla de Creaci\u00f3n Teatral es el resultado de consensos, an\u00e1lisis e investigaci\u00f3n\"},{\"@type\":\"BreadcrumbList\",\"@id\":\"https:\\\/\\\/www.uartes.edu.ec\\\/sitio\\\/blog\\\/2021\\\/06\\\/21\\\/diseno-de-nueva-malla-de-creacion-teatral-es-el-resultado-de-consensos-analisis-e-investigacion\\\/#breadcrumb\",\"itemListElement\":[{\"@type\":\"ListItem\",\"position\":1,\"name\":\"Inicio\",\"item\":\"https:\\\/\\\/www.uartes.edu.ec\\\/sitio\\\/\"},{\"@type\":\"ListItem\",\"position\":2,\"name\":\"Dise\u00f1o de nueva malla de Creaci\u00f3n Teatral es el resultado de consensos, an\u00e1lisis e investigaci\u00f3n\"}]},{\"@type\":\"WebSite\",\"@id\":\"https:\\\/\\\/www.uartes.edu.ec\\\/sitio\\\/#website\",\"url\":\"https:\\\/\\\/www.uartes.edu.ec\\\/sitio\\\/\",\"name\":\"Universidad de las Artes\",\"description\":\"Sitio oficial de la Universidad Nacional de las Artes del Ecuador\",\"publisher\":{\"@id\":\"https:\\\/\\\/www.uartes.edu.ec\\\/sitio\\\/#organization\"},\"potentialAction\":[{\"@type\":\"SearchAction\",\"target\":{\"@type\":\"EntryPoint\",\"urlTemplate\":\"https:\\\/\\\/www.uartes.edu.ec\\\/sitio\\\/?s={search_term_string}\"},\"query-input\":{\"@type\":\"PropertyValueSpecification\",\"valueRequired\":true,\"valueName\":\"search_term_string\"}}],\"inLanguage\":\"es\"},{\"@type\":\"Organization\",\"@id\":\"https:\\\/\\\/www.uartes.edu.ec\\\/sitio\\\/#organization\",\"name\":\"Universidad de las Artes\",\"url\":\"https:\\\/\\\/www.uartes.edu.ec\\\/sitio\\\/\",\"logo\":{\"@type\":\"ImageObject\",\"inLanguage\":\"es\",\"@id\":\"https:\\\/\\\/www.uartes.edu.ec\\\/sitio\\\/#\\\/schema\\\/logo\\\/image\\\/\",\"url\":\"https:\\\/\\\/www.uartes.edu.ec\\\/sitio\\\/wp-content\\\/uploads\\\/2022\\\/07\\\/logo-ua-horizontal.png\",\"contentUrl\":\"https:\\\/\\\/www.uartes.edu.ec\\\/sitio\\\/wp-content\\\/uploads\\\/2022\\\/07\\\/logo-ua-horizontal.png\",\"width\":800,\"height\":276,\"caption\":\"Universidad de las Artes\"},\"image\":{\"@id\":\"https:\\\/\\\/www.uartes.edu.ec\\\/sitio\\\/#\\\/schema\\\/logo\\\/image\\\/\"},\"sameAs\":[\"https:\\\/\\\/www.facebook.com\\\/uartesec\",\"https:\\\/\\\/x.com\\\/uartesec\",\"https:\\\/\\\/www.tiktok.com\\\/@uartesec\"]},{\"@type\":\"Person\",\"@id\":\"https:\\\/\\\/www.uartes.edu.ec\\\/sitio\\\/#\\\/schema\\\/person\\\/efa1b8275797664fd7f13a79ccc0b1f4\",\"name\":\"ccortez\",\"image\":{\"@type\":\"ImageObject\",\"inLanguage\":\"es\",\"@id\":\"https:\\\/\\\/secure.gravatar.com\\\/avatar\\\/b2a6f664a3ae8e074346ef91775736c5ec479e637ecced6842de9dc98b5da9cd?s=96&d=mm&r=g\",\"url\":\"https:\\\/\\\/secure.gravatar.com\\\/avatar\\\/b2a6f664a3ae8e074346ef91775736c5ec479e637ecced6842de9dc98b5da9cd?s=96&d=mm&r=g\",\"contentUrl\":\"https:\\\/\\\/secure.gravatar.com\\\/avatar\\\/b2a6f664a3ae8e074346ef91775736c5ec479e637ecced6842de9dc98b5da9cd?s=96&d=mm&r=g\",\"caption\":\"ccortez\"},\"url\":\"https:\\\/\\\/www.uartes.edu.ec\\\/sitio\\\/blog\\\/author\\\/ccortez\\\/\"}]}<\/script>\n<!-- \/ Yoast SEO plugin. -->","yoast_head_json":{"title":"Universidad de las Artes - Dise\u00f1o de nueva malla de Creaci\u00f3n Teatral es el resultado de consensos, an\u00e1lisis e investigaci\u00f3n","description":"Universidad de las Artes - Dise\u00f1o de nueva malla de Creaci\u00f3n Teatral es el resultado de consensos, an\u00e1lisis e investigaci\u00f3n","robots":{"index":"index","follow":"follow","max-snippet":"max-snippet:-1","max-image-preview":"max-image-preview:large","max-video-preview":"max-video-preview:-1"},"canonical":"https:\/\/www.uartes.edu.ec\/sitio\/blog\/2021\/06\/21\/diseno-de-nueva-malla-de-creacion-teatral-es-el-resultado-de-consensos-analisis-e-investigacion\/","og_locale":"es_ES","og_type":"article","og_title":"Universidad de las Artes - Dise\u00f1o de nueva malla de Creaci\u00f3n Teatral es el resultado de consensos, an\u00e1lisis e investigaci\u00f3n","og_description":"Universidad de las Artes - Dise\u00f1o de nueva malla de Creaci\u00f3n Teatral es el resultado de consensos, an\u00e1lisis e investigaci\u00f3n","og_url":"https:\/\/www.uartes.edu.ec\/sitio\/blog\/2021\/06\/21\/diseno-de-nueva-malla-de-creacion-teatral-es-el-resultado-de-consensos-analisis-e-investigacion\/","og_site_name":"Universidad de las Artes","article_publisher":"https:\/\/www.facebook.com\/uartesec","article_published_time":"2021-06-21T20:55:00+00:00","article_modified_time":"2024-07-04T16:26:12+00:00","og_image":[{"width":2000,"height":1333,"url":"https:\/\/www.uartes.edu.ec\/sitio\/wp-content\/uploads\/2021\/06\/ARTES-ESCENICAS.jpg","type":"image\/jpeg"}],"author":"ccortez","twitter_card":"summary_large_image","twitter_creator":"@uartesec","twitter_site":"@uartesec","twitter_misc":{"Escrito por":"ccortez","Tiempo de lectura":"4 minutos"},"schema":{"@context":"https:\/\/schema.org","@graph":[{"@type":"Article","@id":"https:\/\/www.uartes.edu.ec\/sitio\/blog\/2021\/06\/21\/diseno-de-nueva-malla-de-creacion-teatral-es-el-resultado-de-consensos-analisis-e-investigacion\/#article","isPartOf":{"@id":"https:\/\/www.uartes.edu.ec\/sitio\/blog\/2021\/06\/21\/diseno-de-nueva-malla-de-creacion-teatral-es-el-resultado-de-consensos-analisis-e-investigacion\/"},"author":{"name":"ccortez","@id":"https:\/\/www.uartes.edu.ec\/sitio\/#\/schema\/person\/efa1b8275797664fd7f13a79ccc0b1f4"},"headline":"Dise\u00f1o de nueva malla de Creaci\u00f3n Teatral es el resultado de consensos, an\u00e1lisis e investigaci\u00f3n","datePublished":"2021-06-21T20:55:00+00:00","dateModified":"2024-07-04T16:26:12+00:00","mainEntityOfPage":{"@id":"https:\/\/www.uartes.edu.ec\/sitio\/blog\/2021\/06\/21\/diseno-de-nueva-malla-de-creacion-teatral-es-el-resultado-de-consensos-analisis-e-investigacion\/"},"wordCount":912,"commentCount":0,"publisher":{"@id":"https:\/\/www.uartes.edu.ec\/sitio\/#organization"},"image":{"@id":"https:\/\/www.uartes.edu.ec\/sitio\/blog\/2021\/06\/21\/diseno-de-nueva-malla-de-creacion-teatral-es-el-resultado-de-consensos-analisis-e-investigacion\/#primaryimage"},"thumbnailUrl":"https:\/\/www.uartes.edu.ec\/sitio\/wp-content\/uploads\/2021\/06\/ARTES-ESCENICAS.jpg","keywords":["creaci\u00f3n teatral","OCS 10"],"articleSection":["Acad\u00e9mico","Artes Esc\u00e9nicas","Docentes","Gesti\u00f3n","\u00d3rgano Colegiado Superior"],"inLanguage":"es","potentialAction":[{"@type":"CommentAction","name":"Comment","target":["https:\/\/www.uartes.edu.ec\/sitio\/blog\/2021\/06\/21\/diseno-de-nueva-malla-de-creacion-teatral-es-el-resultado-de-consensos-analisis-e-investigacion\/#respond"]}]},{"@type":["WebPage","ItemPage"],"@id":"https:\/\/www.uartes.edu.ec\/sitio\/blog\/2021\/06\/21\/diseno-de-nueva-malla-de-creacion-teatral-es-el-resultado-de-consensos-analisis-e-investigacion\/","url":"https:\/\/www.uartes.edu.ec\/sitio\/blog\/2021\/06\/21\/diseno-de-nueva-malla-de-creacion-teatral-es-el-resultado-de-consensos-analisis-e-investigacion\/","name":"Universidad de las Artes - Dise\u00f1o de nueva malla de Creaci\u00f3n Teatral es el resultado de consensos, an\u00e1lisis e investigaci\u00f3n","isPartOf":{"@id":"https:\/\/www.uartes.edu.ec\/sitio\/#website"},"primaryImageOfPage":{"@id":"https:\/\/www.uartes.edu.ec\/sitio\/blog\/2021\/06\/21\/diseno-de-nueva-malla-de-creacion-teatral-es-el-resultado-de-consensos-analisis-e-investigacion\/#primaryimage"},"image":{"@id":"https:\/\/www.uartes.edu.ec\/sitio\/blog\/2021\/06\/21\/diseno-de-nueva-malla-de-creacion-teatral-es-el-resultado-de-consensos-analisis-e-investigacion\/#primaryimage"},"thumbnailUrl":"https:\/\/www.uartes.edu.ec\/sitio\/wp-content\/uploads\/2021\/06\/ARTES-ESCENICAS.jpg","datePublished":"2021-06-21T20:55:00+00:00","dateModified":"2024-07-04T16:26:12+00:00","description":"Universidad de las Artes - Dise\u00f1o de nueva malla de Creaci\u00f3n Teatral es el resultado de consensos, an\u00e1lisis e investigaci\u00f3n","breadcrumb":{"@id":"https:\/\/www.uartes.edu.ec\/sitio\/blog\/2021\/06\/21\/diseno-de-nueva-malla-de-creacion-teatral-es-el-resultado-de-consensos-analisis-e-investigacion\/#breadcrumb"},"inLanguage":"es","potentialAction":[{"@type":"ReadAction","target":["https:\/\/www.uartes.edu.ec\/sitio\/blog\/2021\/06\/21\/diseno-de-nueva-malla-de-creacion-teatral-es-el-resultado-de-consensos-analisis-e-investigacion\/"]}]},{"@type":"ImageObject","inLanguage":"es","@id":"https:\/\/www.uartes.edu.ec\/sitio\/blog\/2021\/06\/21\/diseno-de-nueva-malla-de-creacion-teatral-es-el-resultado-de-consensos-analisis-e-investigacion\/#primaryimage","url":"https:\/\/www.uartes.edu.ec\/sitio\/wp-content\/uploads\/2021\/06\/ARTES-ESCENICAS.jpg","contentUrl":"https:\/\/www.uartes.edu.ec\/sitio\/wp-content\/uploads\/2021\/06\/ARTES-ESCENICAS.jpg","width":2000,"height":1333,"caption":"Dise\u00f1o de nueva malla de Creaci\u00f3n Teatral es el resultado de consensos, an\u00e1lisis e investigaci\u00f3n"},{"@type":"BreadcrumbList","@id":"https:\/\/www.uartes.edu.ec\/sitio\/blog\/2021\/06\/21\/diseno-de-nueva-malla-de-creacion-teatral-es-el-resultado-de-consensos-analisis-e-investigacion\/#breadcrumb","itemListElement":[{"@type":"ListItem","position":1,"name":"Inicio","item":"https:\/\/www.uartes.edu.ec\/sitio\/"},{"@type":"ListItem","position":2,"name":"Dise\u00f1o de nueva malla de Creaci\u00f3n Teatral es el resultado de consensos, an\u00e1lisis e investigaci\u00f3n"}]},{"@type":"WebSite","@id":"https:\/\/www.uartes.edu.ec\/sitio\/#website","url":"https:\/\/www.uartes.edu.ec\/sitio\/","name":"Universidad de las Artes","description":"Sitio oficial de la Universidad Nacional de las Artes del Ecuador","publisher":{"@id":"https:\/\/www.uartes.edu.ec\/sitio\/#organization"},"potentialAction":[{"@type":"SearchAction","target":{"@type":"EntryPoint","urlTemplate":"https:\/\/www.uartes.edu.ec\/sitio\/?s={search_term_string}"},"query-input":{"@type":"PropertyValueSpecification","valueRequired":true,"valueName":"search_term_string"}}],"inLanguage":"es"},{"@type":"Organization","@id":"https:\/\/www.uartes.edu.ec\/sitio\/#organization","name":"Universidad de las Artes","url":"https:\/\/www.uartes.edu.ec\/sitio\/","logo":{"@type":"ImageObject","inLanguage":"es","@id":"https:\/\/www.uartes.edu.ec\/sitio\/#\/schema\/logo\/image\/","url":"https:\/\/www.uartes.edu.ec\/sitio\/wp-content\/uploads\/2022\/07\/logo-ua-horizontal.png","contentUrl":"https:\/\/www.uartes.edu.ec\/sitio\/wp-content\/uploads\/2022\/07\/logo-ua-horizontal.png","width":800,"height":276,"caption":"Universidad de las Artes"},"image":{"@id":"https:\/\/www.uartes.edu.ec\/sitio\/#\/schema\/logo\/image\/"},"sameAs":["https:\/\/www.facebook.com\/uartesec","https:\/\/x.com\/uartesec","https:\/\/www.tiktok.com\/@uartesec"]},{"@type":"Person","@id":"https:\/\/www.uartes.edu.ec\/sitio\/#\/schema\/person\/efa1b8275797664fd7f13a79ccc0b1f4","name":"ccortez","image":{"@type":"ImageObject","inLanguage":"es","@id":"https:\/\/secure.gravatar.com\/avatar\/b2a6f664a3ae8e074346ef91775736c5ec479e637ecced6842de9dc98b5da9cd?s=96&d=mm&r=g","url":"https:\/\/secure.gravatar.com\/avatar\/b2a6f664a3ae8e074346ef91775736c5ec479e637ecced6842de9dc98b5da9cd?s=96&d=mm&r=g","contentUrl":"https:\/\/secure.gravatar.com\/avatar\/b2a6f664a3ae8e074346ef91775736c5ec479e637ecced6842de9dc98b5da9cd?s=96&d=mm&r=g","caption":"ccortez"},"url":"https:\/\/www.uartes.edu.ec\/sitio\/blog\/author\/ccortez\/"}]}},"uagb_featured_image_src":{"full":["https:\/\/www.uartes.edu.ec\/sitio\/wp-content\/uploads\/2021\/06\/ARTES-ESCENICAS.jpg",2000,1333,false],"thumbnail":["https:\/\/www.uartes.edu.ec\/sitio\/wp-content\/uploads\/2021\/06\/ARTES-ESCENICAS-150x150.jpg",150,150,true],"medium":["https:\/\/www.uartes.edu.ec\/sitio\/wp-content\/uploads\/2021\/06\/ARTES-ESCENICAS-300x200.jpg",300,200,true],"medium_large":["https:\/\/www.uartes.edu.ec\/sitio\/wp-content\/uploads\/2021\/06\/ARTES-ESCENICAS-768x512.jpg",768,512,true],"large":["https:\/\/www.uartes.edu.ec\/sitio\/wp-content\/uploads\/2021\/06\/ARTES-ESCENICAS-644x429.jpg",644,429,true],"1536x1536":["https:\/\/www.uartes.edu.ec\/sitio\/wp-content\/uploads\/2021\/06\/ARTES-ESCENICAS-1536x1024.jpg",1536,1024,true],"2048x2048":["https:\/\/www.uartes.edu.ec\/sitio\/wp-content\/uploads\/2021\/06\/ARTES-ESCENICAS.jpg",2000,1333,false],"trp-custom-language-flag":["https:\/\/www.uartes.edu.ec\/sitio\/wp-content\/uploads\/2021\/06\/ARTES-ESCENICAS-16x12.jpg",16,12,true],"htmega_size_585x295":["https:\/\/www.uartes.edu.ec\/sitio\/wp-content\/uploads\/2021\/06\/ARTES-ESCENICAS-585x295.jpg",585,295,true],"htmega_size_1170x536":["https:\/\/www.uartes.edu.ec\/sitio\/wp-content\/uploads\/2021\/06\/ARTES-ESCENICAS-1170x536.jpg",1170,536,true],"htmega_size_396x360":["https:\/\/www.uartes.edu.ec\/sitio\/wp-content\/uploads\/2021\/06\/ARTES-ESCENICAS-396x360.jpg",396,360,true],"gb-block-post-grid-landscape":["https:\/\/www.uartes.edu.ec\/sitio\/wp-content\/uploads\/2021\/06\/ARTES-ESCENICAS.jpg",600,400,false],"gb-block-post-grid-square":["https:\/\/www.uartes.edu.ec\/sitio\/wp-content\/uploads\/2021\/06\/ARTES-ESCENICAS.jpg",600,400,false],"university-hub-thumb":["https:\/\/www.uartes.edu.ec\/sitio\/wp-content\/uploads\/2021\/06\/ARTES-ESCENICAS-400x267.jpg",400,267,true]},"uagb_author_info":{"display_name":"ccortez","author_link":"https:\/\/www.uartes.edu.ec\/sitio\/blog\/author\/ccortez\/"},"uagb_comment_info":0,"uagb_excerpt":"Frente a los procesos para dise\u00f1ar la nueva malla de Creaci\u00f3n Teatral, Sara Baranzoni, docente y coordinadora de la carrera, indica que respecto a las partes m\u00e1s acad\u00e9micas se armaron propuestas que fueron compartidas en OneDrive y se invit\u00f3 a los docentes a colaborar activamente, aportando seg\u00fan su \u00e1rea de inter\u00e9s.","featured_image_src":"https:\/\/www.uartes.edu.ec\/sitio\/wp-content\/uploads\/2021\/06\/ARTES-ESCENICAS.jpg","featured_image_src_square":"https:\/\/www.uartes.edu.ec\/sitio\/wp-content\/uploads\/2021\/06\/ARTES-ESCENICAS.jpg","author_info":{"display_name":"ccortez","author_link":"https:\/\/www.uartes.edu.ec\/sitio\/blog\/author\/ccortez\/"},"publishpress_future_workflow_manual_trigger":{"enabledWorkflows":[]},"distributor_meta":false,"distributor_terms":false,"distributor_media":false,"distributor_original_site_name":"Universidad de las Artes","distributor_original_site_url":"https:\/\/www.uartes.edu.ec\/sitio","push-errors":false,"_links":{"self":[{"href":"https:\/\/www.uartes.edu.ec\/sitio\/wp-json\/wp\/v2\/posts\/14361","targetHints":{"allow":["GET"]}}],"collection":[{"href":"https:\/\/www.uartes.edu.ec\/sitio\/wp-json\/wp\/v2\/posts"}],"about":[{"href":"https:\/\/www.uartes.edu.ec\/sitio\/wp-json\/wp\/v2\/types\/post"}],"author":[{"embeddable":true,"href":"https:\/\/www.uartes.edu.ec\/sitio\/wp-json\/wp\/v2\/users\/10"}],"replies":[{"embeddable":true,"href":"https:\/\/www.uartes.edu.ec\/sitio\/wp-json\/wp\/v2\/comments?post=14361"}],"version-history":[{"count":2,"href":"https:\/\/www.uartes.edu.ec\/sitio\/wp-json\/wp\/v2\/posts\/14361\/revisions"}],"predecessor-version":[{"id":14398,"href":"https:\/\/www.uartes.edu.ec\/sitio\/wp-json\/wp\/v2\/posts\/14361\/revisions\/14398"}],"wp:featuredmedia":[{"embeddable":true,"href":"https:\/\/www.uartes.edu.ec\/sitio\/wp-json\/wp\/v2\/media\/14367"}],"wp:attachment":[{"href":"https:\/\/www.uartes.edu.ec\/sitio\/wp-json\/wp\/v2\/media?parent=14361"}],"wp:term":[{"taxonomy":"category","embeddable":true,"href":"https:\/\/www.uartes.edu.ec\/sitio\/wp-json\/wp\/v2\/categories?post=14361"},{"taxonomy":"post_tag","embeddable":true,"href":"https:\/\/www.uartes.edu.ec\/sitio\/wp-json\/wp\/v2\/tags?post=14361"},{"taxonomy":"infouartes","embeddable":true,"href":"https:\/\/www.uartes.edu.ec\/sitio\/wp-json\/wp\/v2\/infouartes?post=14361"}],"curies":[{"name":"wp","href":"https:\/\/api.w.org\/{rel}","templated":true}]}}