{"id":1450,"date":"2018-04-04T16:20:28","date_gmt":"2018-04-04T21:20:28","guid":{"rendered":"http:\/\/www.uartes.edu.ec\/infouartes\/?p=1450"},"modified":"2024-07-04T11:53:54","modified_gmt":"2024-07-04T16:53:54","slug":"miguel-leon-estudiante-de-la-uartes-participa-como-solista-en-concierto-de-la-osg","status":"publish","type":"post","link":"https:\/\/www.uartes.edu.ec\/sitio\/blog\/2018\/04\/04\/miguel-leon-estudiante-de-la-uartes-participa-como-solista-en-concierto-de-la-osg\/","title":{"rendered":"Miguel Le\u00f3n, estudiante de la UArtes, participa como solista en concierto de la OSG"},"content":{"rendered":"<p>Miguel Le\u00f3n, estudiante de la Escuela de Artes Sonoras de la Universidad de las Artes, participar\u00e1 como solista junto a la OSG en el concierto J\u00f3venes M\u00fasicos que se realizar\u00e1 este d\u00eda viernes 6 de abril en el Teatro Centro C\u00edvico Eloy Alfaro, sur de Guayaquil.<\/p>\n<p>Le\u00f3n, es bachiller del conservatorio nacional \u201cAntonio Neumane\u201d de la c\u00e1tedra de corno franc\u00e9s del maestro Adam Jastrzebski, ha asistido a festivales nacionales e internacionales y ha recibido clases de los maestros Radek Baborak, Radovan Vlatkovic, Joao Pedro, entre otros. Actualmente, es estudiante de la Universidad de las Artes con el maestro Andrey Astaiza y miembro de la Orquesta Sinf\u00f3nica de Guayaquil desde el a\u00f1o 2017.<\/p>\n<p>Miguel Le\u00f3n ha sido escogido para participar en el concierto por su alto desempe\u00f1o como m\u00fasico de la Orquesta. La Universidad de las Artes felicita al artista en su proceso de formaci\u00f3n acad\u00e9mica y art\u00edstica.<\/p>\n<p><em>(*) Fotograf\u00eda de Amaury Mart\u00ednez<\/em><\/p>\n","protected":false},"excerpt":{"rendered":"<p>Miguel Le\u00f3n, estudiante de la Escuela de Artes Sonoras de la Universidad de las Artes, participar\u00e1 como solista junto a la OSG en el concierto J\u00f3venes M\u00fasicos que se realizar\u00e1 este d\u00eda viernes 6 de abril en el Teatro Centro C\u00edvico Eloy Alfaro, sur de Guayaquil. Le\u00f3n, es bachiller del conservatorio nacional \u201cAntonio Neumane\u201d de [&hellip;]<\/p>\n","protected":false},"author":1,"featured_media":1451,"comment_status":"closed","ping_status":"closed","sticky":false,"template":"","format":"standard","meta":{"_acf_changed":false,"_uag_custom_page_level_css":"","_monsterinsights_skip_tracking":false,"_monsterinsights_sitenote_active":false,"_monsterinsights_sitenote_note":"","_monsterinsights_sitenote_category":0,"cybocfi_hide_featured_image":"","footnotes":""},"categories":[76],"tags":[],"infouartes":[],"class_list":["post-1450","post","type-post","status-publish","format-standard","has-post-thumbnail","hentry","category-estudiantes"],"acf":[],"yoast_head":"<!-- This site is optimized with the Yoast SEO plugin v27.4 - https:\/\/yoast.com\/product\/yoast-seo-wordpress\/ -->\n<title>Universidad de las Artes - Miguel Le\u00f3n, estudiante de la UArtes, participa como solista en concierto de la OSG<\/title>\n<meta name=\"description\" content=\"Universidad de las Artes - Miguel Le\u00f3n, estudiante de la UArtes, participa como solista en concierto de la OSG\" \/>\n<meta name=\"robots\" content=\"index, follow, max-snippet:-1, max-image-preview:large, max-video-preview:-1\" \/>\n<link rel=\"canonical\" href=\"https:\/\/www.uartes.edu.ec\/sitio\/blog\/2018\/04\/04\/miguel-leon-estudiante-de-la-uartes-participa-como-solista-en-concierto-de-la-osg\/\" \/>\n<meta property=\"og:locale\" content=\"es_ES\" \/>\n<meta property=\"og:type\" content=\"article\" \/>\n<meta property=\"og:title\" content=\"Universidad de las Artes - Miguel Le\u00f3n, estudiante de la UArtes, participa como solista en concierto de la OSG\" \/>\n<meta property=\"og:description\" content=\"Universidad de las Artes - Miguel Le\u00f3n, estudiante de la UArtes, participa como solista en concierto de la OSG\" \/>\n<meta property=\"og:url\" content=\"https:\/\/www.uartes.edu.ec\/sitio\/blog\/2018\/04\/04\/miguel-leon-estudiante-de-la-uartes-participa-como-solista-en-concierto-de-la-osg\/\" \/>\n<meta property=\"og:site_name\" content=\"Universidad de las Artes\" \/>\n<meta property=\"article:publisher\" content=\"https:\/\/www.facebook.com\/uartesec\" \/>\n<meta property=\"article:published_time\" content=\"2018-04-04T21:20:28+00:00\" \/>\n<meta property=\"article:modified_time\" content=\"2024-07-04T16:53:54+00:00\" \/>\n<meta name=\"author\" content=\"Universidad de las Artes\" \/>\n<meta name=\"twitter:card\" content=\"summary_large_image\" \/>\n<meta name=\"twitter:creator\" content=\"@uartesec\" \/>\n<meta name=\"twitter:site\" content=\"@uartesec\" \/>\n<meta name=\"twitter:label1\" content=\"Escrito por\" \/>\n\t<meta name=\"twitter:data1\" content=\"Universidad de las Artes\" \/>\n\t<meta name=\"twitter:label2\" content=\"Tiempo de lectura\" \/>\n\t<meta name=\"twitter:data2\" content=\"1 minuto\" \/>\n<script type=\"application\/ld+json\" class=\"yoast-schema-graph\">{\"@context\":\"https:\\\/\\\/schema.org\",\"@graph\":[{\"@type\":\"Article\",\"@id\":\"https:\\\/\\\/www.uartes.edu.ec\\\/sitio\\\/blog\\\/2018\\\/04\\\/04\\\/miguel-leon-estudiante-de-la-uartes-participa-como-solista-en-concierto-de-la-osg\\\/#article\",\"isPartOf\":{\"@id\":\"https:\\\/\\\/www.uartes.edu.ec\\\/sitio\\\/blog\\\/2018\\\/04\\\/04\\\/miguel-leon-estudiante-de-la-uartes-participa-como-solista-en-concierto-de-la-osg\\\/\"},\"author\":{\"name\":\"Universidad de las Artes\",\"@id\":\"https:\\\/\\\/www.uartes.edu.ec\\\/sitio\\\/#\\\/schema\\\/person\\\/f33f8c1d2af0d5c80a38c8abf458184a\"},\"headline\":\"Miguel Le\u00f3n, estudiante de la UArtes, participa como solista en concierto de la OSG\",\"datePublished\":\"2018-04-04T21:20:28+00:00\",\"dateModified\":\"2024-07-04T16:53:54+00:00\",\"mainEntityOfPage\":{\"@id\":\"https:\\\/\\\/www.uartes.edu.ec\\\/sitio\\\/blog\\\/2018\\\/04\\\/04\\\/miguel-leon-estudiante-de-la-uartes-participa-como-solista-en-concierto-de-la-osg\\\/\"},\"wordCount\":182,\"publisher\":{\"@id\":\"https:\\\/\\\/www.uartes.edu.ec\\\/sitio\\\/#organization\"},\"image\":{\"@id\":\"https:\\\/\\\/www.uartes.edu.ec\\\/sitio\\\/blog\\\/2018\\\/04\\\/04\\\/miguel-leon-estudiante-de-la-uartes-participa-como-solista-en-concierto-de-la-osg\\\/#primaryimage\"},\"thumbnailUrl\":\"\",\"articleSection\":[\"Estudiantes\"],\"inLanguage\":\"es\"},{\"@type\":[\"WebPage\",\"ItemPage\"],\"@id\":\"https:\\\/\\\/www.uartes.edu.ec\\\/sitio\\\/blog\\\/2018\\\/04\\\/04\\\/miguel-leon-estudiante-de-la-uartes-participa-como-solista-en-concierto-de-la-osg\\\/\",\"url\":\"https:\\\/\\\/www.uartes.edu.ec\\\/sitio\\\/blog\\\/2018\\\/04\\\/04\\\/miguel-leon-estudiante-de-la-uartes-participa-como-solista-en-concierto-de-la-osg\\\/\",\"name\":\"Universidad de las Artes - Miguel Le\u00f3n, estudiante de la UArtes, participa como solista en concierto de la OSG\",\"isPartOf\":{\"@id\":\"https:\\\/\\\/www.uartes.edu.ec\\\/sitio\\\/#website\"},\"primaryImageOfPage\":{\"@id\":\"https:\\\/\\\/www.uartes.edu.ec\\\/sitio\\\/blog\\\/2018\\\/04\\\/04\\\/miguel-leon-estudiante-de-la-uartes-participa-como-solista-en-concierto-de-la-osg\\\/#primaryimage\"},\"image\":{\"@id\":\"https:\\\/\\\/www.uartes.edu.ec\\\/sitio\\\/blog\\\/2018\\\/04\\\/04\\\/miguel-leon-estudiante-de-la-uartes-participa-como-solista-en-concierto-de-la-osg\\\/#primaryimage\"},\"thumbnailUrl\":\"\",\"datePublished\":\"2018-04-04T21:20:28+00:00\",\"dateModified\":\"2024-07-04T16:53:54+00:00\",\"description\":\"Universidad de las Artes - Miguel Le\u00f3n, estudiante de la UArtes, participa como solista en concierto de la OSG\",\"breadcrumb\":{\"@id\":\"https:\\\/\\\/www.uartes.edu.ec\\\/sitio\\\/blog\\\/2018\\\/04\\\/04\\\/miguel-leon-estudiante-de-la-uartes-participa-como-solista-en-concierto-de-la-osg\\\/#breadcrumb\"},\"inLanguage\":\"es\",\"potentialAction\":[{\"@type\":\"ReadAction\",\"target\":[\"https:\\\/\\\/www.uartes.edu.ec\\\/sitio\\\/blog\\\/2018\\\/04\\\/04\\\/miguel-leon-estudiante-de-la-uartes-participa-como-solista-en-concierto-de-la-osg\\\/\"]}]},{\"@type\":\"ImageObject\",\"inLanguage\":\"es\",\"@id\":\"https:\\\/\\\/www.uartes.edu.ec\\\/sitio\\\/blog\\\/2018\\\/04\\\/04\\\/miguel-leon-estudiante-de-la-uartes-participa-como-solista-en-concierto-de-la-osg\\\/#primaryimage\",\"url\":\"\",\"contentUrl\":\"\"},{\"@type\":\"BreadcrumbList\",\"@id\":\"https:\\\/\\\/www.uartes.edu.ec\\\/sitio\\\/blog\\\/2018\\\/04\\\/04\\\/miguel-leon-estudiante-de-la-uartes-participa-como-solista-en-concierto-de-la-osg\\\/#breadcrumb\",\"itemListElement\":[{\"@type\":\"ListItem\",\"position\":1,\"name\":\"Inicio\",\"item\":\"https:\\\/\\\/www.uartes.edu.ec\\\/sitio\\\/\"},{\"@type\":\"ListItem\",\"position\":2,\"name\":\"Miguel Le\u00f3n, estudiante de la UArtes, participa como solista en concierto de la OSG\"}]},{\"@type\":\"WebSite\",\"@id\":\"https:\\\/\\\/www.uartes.edu.ec\\\/sitio\\\/#website\",\"url\":\"https:\\\/\\\/www.uartes.edu.ec\\\/sitio\\\/\",\"name\":\"Universidad de las Artes\",\"description\":\"Sitio oficial de la Universidad Nacional de las Artes del Ecuador\",\"publisher\":{\"@id\":\"https:\\\/\\\/www.uartes.edu.ec\\\/sitio\\\/#organization\"},\"potentialAction\":[{\"@type\":\"SearchAction\",\"target\":{\"@type\":\"EntryPoint\",\"urlTemplate\":\"https:\\\/\\\/www.uartes.edu.ec\\\/sitio\\\/?s={search_term_string}\"},\"query-input\":{\"@type\":\"PropertyValueSpecification\",\"valueRequired\":true,\"valueName\":\"search_term_string\"}}],\"inLanguage\":\"es\"},{\"@type\":\"Organization\",\"@id\":\"https:\\\/\\\/www.uartes.edu.ec\\\/sitio\\\/#organization\",\"name\":\"Universidad de las Artes\",\"url\":\"https:\\\/\\\/www.uartes.edu.ec\\\/sitio\\\/\",\"logo\":{\"@type\":\"ImageObject\",\"inLanguage\":\"es\",\"@id\":\"https:\\\/\\\/www.uartes.edu.ec\\\/sitio\\\/#\\\/schema\\\/logo\\\/image\\\/\",\"url\":\"https:\\\/\\\/www.uartes.edu.ec\\\/sitio\\\/wp-content\\\/uploads\\\/2022\\\/07\\\/logo-ua-horizontal.png\",\"contentUrl\":\"https:\\\/\\\/www.uartes.edu.ec\\\/sitio\\\/wp-content\\\/uploads\\\/2022\\\/07\\\/logo-ua-horizontal.png\",\"width\":800,\"height\":276,\"caption\":\"Universidad de las Artes\"},\"image\":{\"@id\":\"https:\\\/\\\/www.uartes.edu.ec\\\/sitio\\\/#\\\/schema\\\/logo\\\/image\\\/\"},\"sameAs\":[\"https:\\\/\\\/www.facebook.com\\\/uartesec\",\"https:\\\/\\\/x.com\\\/uartesec\",\"https:\\\/\\\/www.tiktok.com\\\/@uartesec\"]},{\"@type\":\"Person\",\"@id\":\"https:\\\/\\\/www.uartes.edu.ec\\\/sitio\\\/#\\\/schema\\\/person\\\/f33f8c1d2af0d5c80a38c8abf458184a\",\"name\":\"Universidad de las Artes\",\"image\":{\"@type\":\"ImageObject\",\"inLanguage\":\"es\",\"@id\":\"https:\\\/\\\/secure.gravatar.com\\\/avatar\\\/52e4757902f5cfa5ac52d020e5be83cae5487519154b6c35482fe08d589f3c13?s=96&d=mm&r=g\",\"url\":\"https:\\\/\\\/secure.gravatar.com\\\/avatar\\\/52e4757902f5cfa5ac52d020e5be83cae5487519154b6c35482fe08d589f3c13?s=96&d=mm&r=g\",\"contentUrl\":\"https:\\\/\\\/secure.gravatar.com\\\/avatar\\\/52e4757902f5cfa5ac52d020e5be83cae5487519154b6c35482fe08d589f3c13?s=96&d=mm&r=g\",\"caption\":\"Universidad de las Artes\"},\"url\":\"https:\\\/\\\/www.uartes.edu.ec\\\/sitio\\\/blog\\\/author\\\/dircomadm\\\/\"}]}<\/script>\n<!-- \/ Yoast SEO plugin. -->","yoast_head_json":{"title":"Universidad de las Artes - Miguel Le\u00f3n, estudiante de la UArtes, participa como solista en concierto de la OSG","description":"Universidad de las Artes - Miguel Le\u00f3n, estudiante de la UArtes, participa como solista en concierto de la OSG","robots":{"index":"index","follow":"follow","max-snippet":"max-snippet:-1","max-image-preview":"max-image-preview:large","max-video-preview":"max-video-preview:-1"},"canonical":"https:\/\/www.uartes.edu.ec\/sitio\/blog\/2018\/04\/04\/miguel-leon-estudiante-de-la-uartes-participa-como-solista-en-concierto-de-la-osg\/","og_locale":"es_ES","og_type":"article","og_title":"Universidad de las Artes - Miguel Le\u00f3n, estudiante de la UArtes, participa como solista en concierto de la OSG","og_description":"Universidad de las Artes - Miguel Le\u00f3n, estudiante de la UArtes, participa como solista en concierto de la OSG","og_url":"https:\/\/www.uartes.edu.ec\/sitio\/blog\/2018\/04\/04\/miguel-leon-estudiante-de-la-uartes-participa-como-solista-en-concierto-de-la-osg\/","og_site_name":"Universidad de las Artes","article_publisher":"https:\/\/www.facebook.com\/uartesec","article_published_time":"2018-04-04T21:20:28+00:00","article_modified_time":"2024-07-04T16:53:54+00:00","author":"Universidad de las Artes","twitter_card":"summary_large_image","twitter_creator":"@uartesec","twitter_site":"@uartesec","twitter_misc":{"Escrito por":"Universidad de las Artes","Tiempo de lectura":"1 minuto"},"schema":{"@context":"https:\/\/schema.org","@graph":[{"@type":"Article","@id":"https:\/\/www.uartes.edu.ec\/sitio\/blog\/2018\/04\/04\/miguel-leon-estudiante-de-la-uartes-participa-como-solista-en-concierto-de-la-osg\/#article","isPartOf":{"@id":"https:\/\/www.uartes.edu.ec\/sitio\/blog\/2018\/04\/04\/miguel-leon-estudiante-de-la-uartes-participa-como-solista-en-concierto-de-la-osg\/"},"author":{"name":"Universidad de las Artes","@id":"https:\/\/www.uartes.edu.ec\/sitio\/#\/schema\/person\/f33f8c1d2af0d5c80a38c8abf458184a"},"headline":"Miguel Le\u00f3n, estudiante de la UArtes, participa como solista en concierto de la OSG","datePublished":"2018-04-04T21:20:28+00:00","dateModified":"2024-07-04T16:53:54+00:00","mainEntityOfPage":{"@id":"https:\/\/www.uartes.edu.ec\/sitio\/blog\/2018\/04\/04\/miguel-leon-estudiante-de-la-uartes-participa-como-solista-en-concierto-de-la-osg\/"},"wordCount":182,"publisher":{"@id":"https:\/\/www.uartes.edu.ec\/sitio\/#organization"},"image":{"@id":"https:\/\/www.uartes.edu.ec\/sitio\/blog\/2018\/04\/04\/miguel-leon-estudiante-de-la-uartes-participa-como-solista-en-concierto-de-la-osg\/#primaryimage"},"thumbnailUrl":"","articleSection":["Estudiantes"],"inLanguage":"es"},{"@type":["WebPage","ItemPage"],"@id":"https:\/\/www.uartes.edu.ec\/sitio\/blog\/2018\/04\/04\/miguel-leon-estudiante-de-la-uartes-participa-como-solista-en-concierto-de-la-osg\/","url":"https:\/\/www.uartes.edu.ec\/sitio\/blog\/2018\/04\/04\/miguel-leon-estudiante-de-la-uartes-participa-como-solista-en-concierto-de-la-osg\/","name":"Universidad de las Artes - Miguel Le\u00f3n, estudiante de la UArtes, participa como solista en concierto de la OSG","isPartOf":{"@id":"https:\/\/www.uartes.edu.ec\/sitio\/#website"},"primaryImageOfPage":{"@id":"https:\/\/www.uartes.edu.ec\/sitio\/blog\/2018\/04\/04\/miguel-leon-estudiante-de-la-uartes-participa-como-solista-en-concierto-de-la-osg\/#primaryimage"},"image":{"@id":"https:\/\/www.uartes.edu.ec\/sitio\/blog\/2018\/04\/04\/miguel-leon-estudiante-de-la-uartes-participa-como-solista-en-concierto-de-la-osg\/#primaryimage"},"thumbnailUrl":"","datePublished":"2018-04-04T21:20:28+00:00","dateModified":"2024-07-04T16:53:54+00:00","description":"Universidad de las Artes - Miguel Le\u00f3n, estudiante de la UArtes, participa como solista en concierto de la OSG","breadcrumb":{"@id":"https:\/\/www.uartes.edu.ec\/sitio\/blog\/2018\/04\/04\/miguel-leon-estudiante-de-la-uartes-participa-como-solista-en-concierto-de-la-osg\/#breadcrumb"},"inLanguage":"es","potentialAction":[{"@type":"ReadAction","target":["https:\/\/www.uartes.edu.ec\/sitio\/blog\/2018\/04\/04\/miguel-leon-estudiante-de-la-uartes-participa-como-solista-en-concierto-de-la-osg\/"]}]},{"@type":"ImageObject","inLanguage":"es","@id":"https:\/\/www.uartes.edu.ec\/sitio\/blog\/2018\/04\/04\/miguel-leon-estudiante-de-la-uartes-participa-como-solista-en-concierto-de-la-osg\/#primaryimage","url":"","contentUrl":""},{"@type":"BreadcrumbList","@id":"https:\/\/www.uartes.edu.ec\/sitio\/blog\/2018\/04\/04\/miguel-leon-estudiante-de-la-uartes-participa-como-solista-en-concierto-de-la-osg\/#breadcrumb","itemListElement":[{"@type":"ListItem","position":1,"name":"Inicio","item":"https:\/\/www.uartes.edu.ec\/sitio\/"},{"@type":"ListItem","position":2,"name":"Miguel Le\u00f3n, estudiante de la UArtes, participa como solista en concierto de la OSG"}]},{"@type":"WebSite","@id":"https:\/\/www.uartes.edu.ec\/sitio\/#website","url":"https:\/\/www.uartes.edu.ec\/sitio\/","name":"Universidad de las Artes","description":"Sitio oficial de la Universidad Nacional de las Artes del Ecuador","publisher":{"@id":"https:\/\/www.uartes.edu.ec\/sitio\/#organization"},"potentialAction":[{"@type":"SearchAction","target":{"@type":"EntryPoint","urlTemplate":"https:\/\/www.uartes.edu.ec\/sitio\/?s={search_term_string}"},"query-input":{"@type":"PropertyValueSpecification","valueRequired":true,"valueName":"search_term_string"}}],"inLanguage":"es"},{"@type":"Organization","@id":"https:\/\/www.uartes.edu.ec\/sitio\/#organization","name":"Universidad de las Artes","url":"https:\/\/www.uartes.edu.ec\/sitio\/","logo":{"@type":"ImageObject","inLanguage":"es","@id":"https:\/\/www.uartes.edu.ec\/sitio\/#\/schema\/logo\/image\/","url":"https:\/\/www.uartes.edu.ec\/sitio\/wp-content\/uploads\/2022\/07\/logo-ua-horizontal.png","contentUrl":"https:\/\/www.uartes.edu.ec\/sitio\/wp-content\/uploads\/2022\/07\/logo-ua-horizontal.png","width":800,"height":276,"caption":"Universidad de las Artes"},"image":{"@id":"https:\/\/www.uartes.edu.ec\/sitio\/#\/schema\/logo\/image\/"},"sameAs":["https:\/\/www.facebook.com\/uartesec","https:\/\/x.com\/uartesec","https:\/\/www.tiktok.com\/@uartesec"]},{"@type":"Person","@id":"https:\/\/www.uartes.edu.ec\/sitio\/#\/schema\/person\/f33f8c1d2af0d5c80a38c8abf458184a","name":"Universidad de las Artes","image":{"@type":"ImageObject","inLanguage":"es","@id":"https:\/\/secure.gravatar.com\/avatar\/52e4757902f5cfa5ac52d020e5be83cae5487519154b6c35482fe08d589f3c13?s=96&d=mm&r=g","url":"https:\/\/secure.gravatar.com\/avatar\/52e4757902f5cfa5ac52d020e5be83cae5487519154b6c35482fe08d589f3c13?s=96&d=mm&r=g","contentUrl":"https:\/\/secure.gravatar.com\/avatar\/52e4757902f5cfa5ac52d020e5be83cae5487519154b6c35482fe08d589f3c13?s=96&d=mm&r=g","caption":"Universidad de las Artes"},"url":"https:\/\/www.uartes.edu.ec\/sitio\/blog\/author\/dircomadm\/"}]}},"uagb_featured_image_src":{"full":false,"thumbnail":false,"medium":false,"medium_large":false,"large":false,"1536x1536":false,"2048x2048":false,"trp-custom-language-flag":false,"htmega_size_585x295":false,"htmega_size_1170x536":false,"htmega_size_396x360":false,"gb-block-post-grid-landscape":false,"gb-block-post-grid-square":false,"university-hub-thumb":false},"uagb_author_info":{"display_name":"Universidad de las Artes","author_link":"https:\/\/www.uartes.edu.ec\/sitio\/blog\/author\/dircomadm\/"},"uagb_comment_info":0,"uagb_excerpt":"Miguel Le\u00f3n, estudiante de la Escuela de Artes Sonoras de la Universidad de las Artes, participar\u00e1 como solista junto a la OSG en el concierto J\u00f3venes M\u00fasicos que se realizar\u00e1 este d\u00eda viernes 6 de abril en el Teatro Centro C\u00edvico Eloy Alfaro, sur de Guayaquil. Le\u00f3n, es bachiller del conservatorio nacional \u201cAntonio Neumane\u201d de&hellip;","featured_image_src":null,"featured_image_src_square":null,"author_info":{"display_name":"Universidad de las Artes","author_link":"https:\/\/www.uartes.edu.ec\/sitio\/blog\/author\/dircomadm\/"},"publishpress_future_workflow_manual_trigger":{"enabledWorkflows":[]},"distributor_meta":false,"distributor_terms":false,"distributor_media":false,"distributor_original_site_name":"Universidad de las Artes","distributor_original_site_url":"https:\/\/www.uartes.edu.ec\/sitio","push-errors":false,"_links":{"self":[{"href":"https:\/\/www.uartes.edu.ec\/sitio\/wp-json\/wp\/v2\/posts\/1450","targetHints":{"allow":["GET"]}}],"collection":[{"href":"https:\/\/www.uartes.edu.ec\/sitio\/wp-json\/wp\/v2\/posts"}],"about":[{"href":"https:\/\/www.uartes.edu.ec\/sitio\/wp-json\/wp\/v2\/types\/post"}],"author":[{"embeddable":true,"href":"https:\/\/www.uartes.edu.ec\/sitio\/wp-json\/wp\/v2\/users\/1"}],"replies":[{"embeddable":true,"href":"https:\/\/www.uartes.edu.ec\/sitio\/wp-json\/wp\/v2\/comments?post=1450"}],"version-history":[{"count":1,"href":"https:\/\/www.uartes.edu.ec\/sitio\/wp-json\/wp\/v2\/posts\/1450\/revisions"}],"predecessor-version":[{"id":3405,"href":"https:\/\/www.uartes.edu.ec\/sitio\/wp-json\/wp\/v2\/posts\/1450\/revisions\/3405"}],"wp:featuredmedia":[{"embeddable":true,"href":"https:\/\/www.uartes.edu.ec\/sitio\/wp-json\/"}],"wp:attachment":[{"href":"https:\/\/www.uartes.edu.ec\/sitio\/wp-json\/wp\/v2\/media?parent=1450"}],"wp:term":[{"taxonomy":"category","embeddable":true,"href":"https:\/\/www.uartes.edu.ec\/sitio\/wp-json\/wp\/v2\/categories?post=1450"},{"taxonomy":"post_tag","embeddable":true,"href":"https:\/\/www.uartes.edu.ec\/sitio\/wp-json\/wp\/v2\/tags?post=1450"},{"taxonomy":"infouartes","embeddable":true,"href":"https:\/\/www.uartes.edu.ec\/sitio\/wp-json\/wp\/v2\/infouartes?post=1450"}],"curies":[{"name":"wp","href":"https:\/\/api.w.org\/{rel}","templated":true}]}}