{"id":1453,"date":"2018-04-05T16:20:28","date_gmt":"2018-04-05T21:20:28","guid":{"rendered":"http:\/\/www.uartes.edu.ec\/infouartes\/?p=1453"},"modified":"2024-07-04T11:53:54","modified_gmt":"2024-07-04T16:53:54","slug":"rector-de-la-uartes-propone-debate-sobre-la-educacion-superior-en-artes-en-italia","status":"publish","type":"post","link":"https:\/\/www.uartes.edu.ec\/sitio\/blog\/2018\/04\/05\/rector-de-la-uartes-propone-debate-sobre-la-educacion-superior-en-artes-en-italia\/","title":{"rendered":"Rector de la UArtes propone debate sobre la educaci\u00f3n superior en artes en Italia"},"content":{"rendered":"<p>Ramiro Noriega, Rector de la Universidad de las Artes del Ecuador (UArtes), intervendr\u00e1 en el Instituto Italo\u2013Latino Americano (IILA), en Roma, Italia, con la conferencia denominada \u201cLa Educaci\u00f3n Superior en Artes en el siglo XXI, desde la perspectiva latinoamericana y sus principales desaf\u00edos a nivel regional\u201d.<\/p>\n<p>Este debate cobra un inter\u00e9s particular en la medida de la constituci\u00f3n de la primera Universidad p\u00fablica dedicada a la formaci\u00f3n superior en artes en el Ecuador. Este proyecto in\u00e9dito en la regi\u00f3n concibe a la educaci\u00f3n, las artes y la cultura como necesarios para la transformaci\u00f3n de las sociedades. As\u00ed mismo, la UArtes apuesta por la creaci\u00f3n y propone que la producci\u00f3n art\u00edstica debe reconocerse como matriz generadora de nuevos conocimientos.<\/p>\n<p>En este contexto, la Universidad de las Artes, establecida en diciembre de 2013, tiene como objetivo crear un espacio interdisciplinario en el campo de la formaci\u00f3n, la investigaci\u00f3n, la producci\u00f3n, la difusi\u00f3n de las artes y los conocimientos con una importante proyecci\u00f3n internacional.<\/p>\n<p>Este encuentro se llevar\u00e1 a cabo al medio d\u00eda del pr\u00f3ximo 20 de abril de 2018.<\/p>\n<p><strong>Perfil del Dr. Ramiro Noriega<\/strong><\/p>\n<p>Ramiro Noriega<strong>\u00a0<\/strong>es un escritor con m\u00e1s de dieciocho a\u00f1os de experiencia como autoridad acad\u00e9mica y profesor universitario. Cuenta con un doctorado en Literatura General y Comparada por la Universidad Sorbonne Nouvelle, Par\u00eds 3. Se ha desempe\u00f1ado como Ministro de Cultura del Ecuador, Agregado Cultural de la Embajada del Ecuador en Francia, profesor de la Universidad San Francisco de Quito, entre otros cargos. Ha contribuido a la institucionalizaci\u00f3n de la UArtes como Presidente de la Comisi\u00f3n Gestora y Rector desde sus inicios.<\/p>\n","protected":false},"excerpt":{"rendered":"<p>Ramiro Noriega, Rector de la Universidad de las Artes del Ecuador (UArtes), intervendr\u00e1 en el Instituto Italo\u2013Latino Americano (IILA), en Roma, Italia, con la conferencia denominada \u201cLa Educaci\u00f3n Superior en Artes en el siglo XXI, desde la perspectiva latinoamericana y sus principales desaf\u00edos a nivel regional\u201d. Este debate cobra un inter\u00e9s particular en la medida [&hellip;]<\/p>\n","protected":false},"author":1,"featured_media":1454,"comment_status":"closed","ping_status":"closed","sticky":false,"template":"","format":"standard","meta":{"_acf_changed":false,"_uag_custom_page_level_css":"","_monsterinsights_skip_tracking":false,"_monsterinsights_sitenote_active":false,"_monsterinsights_sitenote_note":"","_monsterinsights_sitenote_category":0,"cybocfi_hide_featured_image":"","footnotes":""},"categories":[84],"tags":[],"infouartes":[],"class_list":["post-1453","post","type-post","status-publish","format-standard","has-post-thumbnail","hentry","category-rectorado"],"acf":[],"yoast_head":"<!-- This site is optimized with the Yoast SEO plugin v27.4 - https:\/\/yoast.com\/product\/yoast-seo-wordpress\/ -->\n<title>Universidad de las Artes - Rector de la UArtes propone debate sobre la educaci\u00f3n superior en artes en Italia<\/title>\n<meta name=\"description\" content=\"Universidad de las Artes - Rector de la UArtes propone debate sobre la educaci\u00f3n superior en artes en Italia\" \/>\n<meta name=\"robots\" content=\"index, follow, max-snippet:-1, max-image-preview:large, max-video-preview:-1\" \/>\n<link rel=\"canonical\" href=\"https:\/\/www.uartes.edu.ec\/sitio\/blog\/2018\/04\/05\/rector-de-la-uartes-propone-debate-sobre-la-educacion-superior-en-artes-en-italia\/\" \/>\n<meta property=\"og:locale\" content=\"es_ES\" \/>\n<meta property=\"og:type\" content=\"article\" \/>\n<meta property=\"og:title\" content=\"Universidad de las Artes - Rector de la UArtes propone debate sobre la educaci\u00f3n superior en artes en Italia\" \/>\n<meta property=\"og:description\" content=\"Universidad de las Artes - Rector de la UArtes propone debate sobre la educaci\u00f3n superior en artes en Italia\" \/>\n<meta property=\"og:url\" content=\"https:\/\/www.uartes.edu.ec\/sitio\/blog\/2018\/04\/05\/rector-de-la-uartes-propone-debate-sobre-la-educacion-superior-en-artes-en-italia\/\" \/>\n<meta property=\"og:site_name\" content=\"Universidad de las Artes\" \/>\n<meta property=\"article:publisher\" content=\"https:\/\/www.facebook.com\/uartesec\" \/>\n<meta property=\"article:published_time\" content=\"2018-04-05T21:20:28+00:00\" \/>\n<meta property=\"article:modified_time\" content=\"2024-07-04T16:53:54+00:00\" \/>\n<meta name=\"author\" content=\"Universidad de las Artes\" \/>\n<meta name=\"twitter:card\" content=\"summary_large_image\" \/>\n<meta name=\"twitter:creator\" content=\"@uartesec\" \/>\n<meta name=\"twitter:site\" content=\"@uartesec\" \/>\n<meta name=\"twitter:label1\" content=\"Escrito por\" \/>\n\t<meta name=\"twitter:data1\" content=\"Universidad de las Artes\" \/>\n\t<meta name=\"twitter:label2\" content=\"Tiempo de lectura\" \/>\n\t<meta name=\"twitter:data2\" content=\"1 minuto\" \/>\n<script type=\"application\/ld+json\" class=\"yoast-schema-graph\">{\"@context\":\"https:\\\/\\\/schema.org\",\"@graph\":[{\"@type\":\"Article\",\"@id\":\"https:\\\/\\\/www.uartes.edu.ec\\\/sitio\\\/blog\\\/2018\\\/04\\\/05\\\/rector-de-la-uartes-propone-debate-sobre-la-educacion-superior-en-artes-en-italia\\\/#article\",\"isPartOf\":{\"@id\":\"https:\\\/\\\/www.uartes.edu.ec\\\/sitio\\\/blog\\\/2018\\\/04\\\/05\\\/rector-de-la-uartes-propone-debate-sobre-la-educacion-superior-en-artes-en-italia\\\/\"},\"author\":{\"name\":\"Universidad de las Artes\",\"@id\":\"https:\\\/\\\/www.uartes.edu.ec\\\/sitio\\\/#\\\/schema\\\/person\\\/f33f8c1d2af0d5c80a38c8abf458184a\"},\"headline\":\"Rector de la UArtes propone debate sobre la educaci\u00f3n superior en artes en Italia\",\"datePublished\":\"2018-04-05T21:20:28+00:00\",\"dateModified\":\"2024-07-04T16:53:54+00:00\",\"mainEntityOfPage\":{\"@id\":\"https:\\\/\\\/www.uartes.edu.ec\\\/sitio\\\/blog\\\/2018\\\/04\\\/05\\\/rector-de-la-uartes-propone-debate-sobre-la-educacion-superior-en-artes-en-italia\\\/\"},\"wordCount\":303,\"publisher\":{\"@id\":\"https:\\\/\\\/www.uartes.edu.ec\\\/sitio\\\/#organization\"},\"image\":{\"@id\":\"https:\\\/\\\/www.uartes.edu.ec\\\/sitio\\\/blog\\\/2018\\\/04\\\/05\\\/rector-de-la-uartes-propone-debate-sobre-la-educacion-superior-en-artes-en-italia\\\/#primaryimage\"},\"thumbnailUrl\":\"\",\"articleSection\":[\"Rectorado\"],\"inLanguage\":\"es\"},{\"@type\":[\"WebPage\",\"ItemPage\"],\"@id\":\"https:\\\/\\\/www.uartes.edu.ec\\\/sitio\\\/blog\\\/2018\\\/04\\\/05\\\/rector-de-la-uartes-propone-debate-sobre-la-educacion-superior-en-artes-en-italia\\\/\",\"url\":\"https:\\\/\\\/www.uartes.edu.ec\\\/sitio\\\/blog\\\/2018\\\/04\\\/05\\\/rector-de-la-uartes-propone-debate-sobre-la-educacion-superior-en-artes-en-italia\\\/\",\"name\":\"Universidad de las Artes - Rector de la UArtes propone debate sobre la educaci\u00f3n superior en artes en Italia\",\"isPartOf\":{\"@id\":\"https:\\\/\\\/www.uartes.edu.ec\\\/sitio\\\/#website\"},\"primaryImageOfPage\":{\"@id\":\"https:\\\/\\\/www.uartes.edu.ec\\\/sitio\\\/blog\\\/2018\\\/04\\\/05\\\/rector-de-la-uartes-propone-debate-sobre-la-educacion-superior-en-artes-en-italia\\\/#primaryimage\"},\"image\":{\"@id\":\"https:\\\/\\\/www.uartes.edu.ec\\\/sitio\\\/blog\\\/2018\\\/04\\\/05\\\/rector-de-la-uartes-propone-debate-sobre-la-educacion-superior-en-artes-en-italia\\\/#primaryimage\"},\"thumbnailUrl\":\"\",\"datePublished\":\"2018-04-05T21:20:28+00:00\",\"dateModified\":\"2024-07-04T16:53:54+00:00\",\"description\":\"Universidad de las Artes - Rector de la UArtes propone debate sobre la educaci\u00f3n superior en artes en Italia\",\"breadcrumb\":{\"@id\":\"https:\\\/\\\/www.uartes.edu.ec\\\/sitio\\\/blog\\\/2018\\\/04\\\/05\\\/rector-de-la-uartes-propone-debate-sobre-la-educacion-superior-en-artes-en-italia\\\/#breadcrumb\"},\"inLanguage\":\"es\",\"potentialAction\":[{\"@type\":\"ReadAction\",\"target\":[\"https:\\\/\\\/www.uartes.edu.ec\\\/sitio\\\/blog\\\/2018\\\/04\\\/05\\\/rector-de-la-uartes-propone-debate-sobre-la-educacion-superior-en-artes-en-italia\\\/\"]}]},{\"@type\":\"ImageObject\",\"inLanguage\":\"es\",\"@id\":\"https:\\\/\\\/www.uartes.edu.ec\\\/sitio\\\/blog\\\/2018\\\/04\\\/05\\\/rector-de-la-uartes-propone-debate-sobre-la-educacion-superior-en-artes-en-italia\\\/#primaryimage\",\"url\":\"\",\"contentUrl\":\"\"},{\"@type\":\"BreadcrumbList\",\"@id\":\"https:\\\/\\\/www.uartes.edu.ec\\\/sitio\\\/blog\\\/2018\\\/04\\\/05\\\/rector-de-la-uartes-propone-debate-sobre-la-educacion-superior-en-artes-en-italia\\\/#breadcrumb\",\"itemListElement\":[{\"@type\":\"ListItem\",\"position\":1,\"name\":\"Inicio\",\"item\":\"https:\\\/\\\/www.uartes.edu.ec\\\/sitio\\\/\"},{\"@type\":\"ListItem\",\"position\":2,\"name\":\"Rector de la UArtes propone debate sobre la educaci\u00f3n superior en artes en Italia\"}]},{\"@type\":\"WebSite\",\"@id\":\"https:\\\/\\\/www.uartes.edu.ec\\\/sitio\\\/#website\",\"url\":\"https:\\\/\\\/www.uartes.edu.ec\\\/sitio\\\/\",\"name\":\"Universidad de las Artes\",\"description\":\"Sitio oficial de la Universidad Nacional de las Artes del Ecuador\",\"publisher\":{\"@id\":\"https:\\\/\\\/www.uartes.edu.ec\\\/sitio\\\/#organization\"},\"potentialAction\":[{\"@type\":\"SearchAction\",\"target\":{\"@type\":\"EntryPoint\",\"urlTemplate\":\"https:\\\/\\\/www.uartes.edu.ec\\\/sitio\\\/?s={search_term_string}\"},\"query-input\":{\"@type\":\"PropertyValueSpecification\",\"valueRequired\":true,\"valueName\":\"search_term_string\"}}],\"inLanguage\":\"es\"},{\"@type\":\"Organization\",\"@id\":\"https:\\\/\\\/www.uartes.edu.ec\\\/sitio\\\/#organization\",\"name\":\"Universidad de las Artes\",\"url\":\"https:\\\/\\\/www.uartes.edu.ec\\\/sitio\\\/\",\"logo\":{\"@type\":\"ImageObject\",\"inLanguage\":\"es\",\"@id\":\"https:\\\/\\\/www.uartes.edu.ec\\\/sitio\\\/#\\\/schema\\\/logo\\\/image\\\/\",\"url\":\"https:\\\/\\\/www.uartes.edu.ec\\\/sitio\\\/wp-content\\\/uploads\\\/2022\\\/07\\\/logo-ua-horizontal.png\",\"contentUrl\":\"https:\\\/\\\/www.uartes.edu.ec\\\/sitio\\\/wp-content\\\/uploads\\\/2022\\\/07\\\/logo-ua-horizontal.png\",\"width\":800,\"height\":276,\"caption\":\"Universidad de las Artes\"},\"image\":{\"@id\":\"https:\\\/\\\/www.uartes.edu.ec\\\/sitio\\\/#\\\/schema\\\/logo\\\/image\\\/\"},\"sameAs\":[\"https:\\\/\\\/www.facebook.com\\\/uartesec\",\"https:\\\/\\\/x.com\\\/uartesec\",\"https:\\\/\\\/www.tiktok.com\\\/@uartesec\"]},{\"@type\":\"Person\",\"@id\":\"https:\\\/\\\/www.uartes.edu.ec\\\/sitio\\\/#\\\/schema\\\/person\\\/f33f8c1d2af0d5c80a38c8abf458184a\",\"name\":\"Universidad de las Artes\",\"image\":{\"@type\":\"ImageObject\",\"inLanguage\":\"es\",\"@id\":\"https:\\\/\\\/secure.gravatar.com\\\/avatar\\\/52e4757902f5cfa5ac52d020e5be83cae5487519154b6c35482fe08d589f3c13?s=96&d=mm&r=g\",\"url\":\"https:\\\/\\\/secure.gravatar.com\\\/avatar\\\/52e4757902f5cfa5ac52d020e5be83cae5487519154b6c35482fe08d589f3c13?s=96&d=mm&r=g\",\"contentUrl\":\"https:\\\/\\\/secure.gravatar.com\\\/avatar\\\/52e4757902f5cfa5ac52d020e5be83cae5487519154b6c35482fe08d589f3c13?s=96&d=mm&r=g\",\"caption\":\"Universidad de las Artes\"},\"url\":\"https:\\\/\\\/www.uartes.edu.ec\\\/sitio\\\/blog\\\/author\\\/dircomadm\\\/\"}]}<\/script>\n<!-- \/ Yoast SEO plugin. -->","yoast_head_json":{"title":"Universidad de las Artes - Rector de la UArtes propone debate sobre la educaci\u00f3n superior en artes en Italia","description":"Universidad de las Artes - Rector de la UArtes propone debate sobre la educaci\u00f3n superior en artes en Italia","robots":{"index":"index","follow":"follow","max-snippet":"max-snippet:-1","max-image-preview":"max-image-preview:large","max-video-preview":"max-video-preview:-1"},"canonical":"https:\/\/www.uartes.edu.ec\/sitio\/blog\/2018\/04\/05\/rector-de-la-uartes-propone-debate-sobre-la-educacion-superior-en-artes-en-italia\/","og_locale":"es_ES","og_type":"article","og_title":"Universidad de las Artes - Rector de la UArtes propone debate sobre la educaci\u00f3n superior en artes en Italia","og_description":"Universidad de las Artes - Rector de la UArtes propone debate sobre la educaci\u00f3n superior en artes en Italia","og_url":"https:\/\/www.uartes.edu.ec\/sitio\/blog\/2018\/04\/05\/rector-de-la-uartes-propone-debate-sobre-la-educacion-superior-en-artes-en-italia\/","og_site_name":"Universidad de las Artes","article_publisher":"https:\/\/www.facebook.com\/uartesec","article_published_time":"2018-04-05T21:20:28+00:00","article_modified_time":"2024-07-04T16:53:54+00:00","author":"Universidad de las Artes","twitter_card":"summary_large_image","twitter_creator":"@uartesec","twitter_site":"@uartesec","twitter_misc":{"Escrito por":"Universidad de las Artes","Tiempo de lectura":"1 minuto"},"schema":{"@context":"https:\/\/schema.org","@graph":[{"@type":"Article","@id":"https:\/\/www.uartes.edu.ec\/sitio\/blog\/2018\/04\/05\/rector-de-la-uartes-propone-debate-sobre-la-educacion-superior-en-artes-en-italia\/#article","isPartOf":{"@id":"https:\/\/www.uartes.edu.ec\/sitio\/blog\/2018\/04\/05\/rector-de-la-uartes-propone-debate-sobre-la-educacion-superior-en-artes-en-italia\/"},"author":{"name":"Universidad de las Artes","@id":"https:\/\/www.uartes.edu.ec\/sitio\/#\/schema\/person\/f33f8c1d2af0d5c80a38c8abf458184a"},"headline":"Rector de la UArtes propone debate sobre la educaci\u00f3n superior en artes en Italia","datePublished":"2018-04-05T21:20:28+00:00","dateModified":"2024-07-04T16:53:54+00:00","mainEntityOfPage":{"@id":"https:\/\/www.uartes.edu.ec\/sitio\/blog\/2018\/04\/05\/rector-de-la-uartes-propone-debate-sobre-la-educacion-superior-en-artes-en-italia\/"},"wordCount":303,"publisher":{"@id":"https:\/\/www.uartes.edu.ec\/sitio\/#organization"},"image":{"@id":"https:\/\/www.uartes.edu.ec\/sitio\/blog\/2018\/04\/05\/rector-de-la-uartes-propone-debate-sobre-la-educacion-superior-en-artes-en-italia\/#primaryimage"},"thumbnailUrl":"","articleSection":["Rectorado"],"inLanguage":"es"},{"@type":["WebPage","ItemPage"],"@id":"https:\/\/www.uartes.edu.ec\/sitio\/blog\/2018\/04\/05\/rector-de-la-uartes-propone-debate-sobre-la-educacion-superior-en-artes-en-italia\/","url":"https:\/\/www.uartes.edu.ec\/sitio\/blog\/2018\/04\/05\/rector-de-la-uartes-propone-debate-sobre-la-educacion-superior-en-artes-en-italia\/","name":"Universidad de las Artes - Rector de la UArtes propone debate sobre la educaci\u00f3n superior en artes en Italia","isPartOf":{"@id":"https:\/\/www.uartes.edu.ec\/sitio\/#website"},"primaryImageOfPage":{"@id":"https:\/\/www.uartes.edu.ec\/sitio\/blog\/2018\/04\/05\/rector-de-la-uartes-propone-debate-sobre-la-educacion-superior-en-artes-en-italia\/#primaryimage"},"image":{"@id":"https:\/\/www.uartes.edu.ec\/sitio\/blog\/2018\/04\/05\/rector-de-la-uartes-propone-debate-sobre-la-educacion-superior-en-artes-en-italia\/#primaryimage"},"thumbnailUrl":"","datePublished":"2018-04-05T21:20:28+00:00","dateModified":"2024-07-04T16:53:54+00:00","description":"Universidad de las Artes - Rector de la UArtes propone debate sobre la educaci\u00f3n superior en artes en Italia","breadcrumb":{"@id":"https:\/\/www.uartes.edu.ec\/sitio\/blog\/2018\/04\/05\/rector-de-la-uartes-propone-debate-sobre-la-educacion-superior-en-artes-en-italia\/#breadcrumb"},"inLanguage":"es","potentialAction":[{"@type":"ReadAction","target":["https:\/\/www.uartes.edu.ec\/sitio\/blog\/2018\/04\/05\/rector-de-la-uartes-propone-debate-sobre-la-educacion-superior-en-artes-en-italia\/"]}]},{"@type":"ImageObject","inLanguage":"es","@id":"https:\/\/www.uartes.edu.ec\/sitio\/blog\/2018\/04\/05\/rector-de-la-uartes-propone-debate-sobre-la-educacion-superior-en-artes-en-italia\/#primaryimage","url":"","contentUrl":""},{"@type":"BreadcrumbList","@id":"https:\/\/www.uartes.edu.ec\/sitio\/blog\/2018\/04\/05\/rector-de-la-uartes-propone-debate-sobre-la-educacion-superior-en-artes-en-italia\/#breadcrumb","itemListElement":[{"@type":"ListItem","position":1,"name":"Inicio","item":"https:\/\/www.uartes.edu.ec\/sitio\/"},{"@type":"ListItem","position":2,"name":"Rector de la UArtes propone debate sobre la educaci\u00f3n superior en artes en Italia"}]},{"@type":"WebSite","@id":"https:\/\/www.uartes.edu.ec\/sitio\/#website","url":"https:\/\/www.uartes.edu.ec\/sitio\/","name":"Universidad de las Artes","description":"Sitio oficial de la Universidad Nacional de las Artes del Ecuador","publisher":{"@id":"https:\/\/www.uartes.edu.ec\/sitio\/#organization"},"potentialAction":[{"@type":"SearchAction","target":{"@type":"EntryPoint","urlTemplate":"https:\/\/www.uartes.edu.ec\/sitio\/?s={search_term_string}"},"query-input":{"@type":"PropertyValueSpecification","valueRequired":true,"valueName":"search_term_string"}}],"inLanguage":"es"},{"@type":"Organization","@id":"https:\/\/www.uartes.edu.ec\/sitio\/#organization","name":"Universidad de las Artes","url":"https:\/\/www.uartes.edu.ec\/sitio\/","logo":{"@type":"ImageObject","inLanguage":"es","@id":"https:\/\/www.uartes.edu.ec\/sitio\/#\/schema\/logo\/image\/","url":"https:\/\/www.uartes.edu.ec\/sitio\/wp-content\/uploads\/2022\/07\/logo-ua-horizontal.png","contentUrl":"https:\/\/www.uartes.edu.ec\/sitio\/wp-content\/uploads\/2022\/07\/logo-ua-horizontal.png","width":800,"height":276,"caption":"Universidad de las Artes"},"image":{"@id":"https:\/\/www.uartes.edu.ec\/sitio\/#\/schema\/logo\/image\/"},"sameAs":["https:\/\/www.facebook.com\/uartesec","https:\/\/x.com\/uartesec","https:\/\/www.tiktok.com\/@uartesec"]},{"@type":"Person","@id":"https:\/\/www.uartes.edu.ec\/sitio\/#\/schema\/person\/f33f8c1d2af0d5c80a38c8abf458184a","name":"Universidad de las Artes","image":{"@type":"ImageObject","inLanguage":"es","@id":"https:\/\/secure.gravatar.com\/avatar\/52e4757902f5cfa5ac52d020e5be83cae5487519154b6c35482fe08d589f3c13?s=96&d=mm&r=g","url":"https:\/\/secure.gravatar.com\/avatar\/52e4757902f5cfa5ac52d020e5be83cae5487519154b6c35482fe08d589f3c13?s=96&d=mm&r=g","contentUrl":"https:\/\/secure.gravatar.com\/avatar\/52e4757902f5cfa5ac52d020e5be83cae5487519154b6c35482fe08d589f3c13?s=96&d=mm&r=g","caption":"Universidad de las Artes"},"url":"https:\/\/www.uartes.edu.ec\/sitio\/blog\/author\/dircomadm\/"}]}},"uagb_featured_image_src":{"full":false,"thumbnail":false,"medium":false,"medium_large":false,"large":false,"1536x1536":false,"2048x2048":false,"trp-custom-language-flag":false,"htmega_size_585x295":false,"htmega_size_1170x536":false,"htmega_size_396x360":false,"gb-block-post-grid-landscape":false,"gb-block-post-grid-square":false,"university-hub-thumb":false},"uagb_author_info":{"display_name":"Universidad de las Artes","author_link":"https:\/\/www.uartes.edu.ec\/sitio\/blog\/author\/dircomadm\/"},"uagb_comment_info":0,"uagb_excerpt":"Ramiro Noriega, Rector de la Universidad de las Artes del Ecuador (UArtes), intervendr\u00e1 en el Instituto Italo\u2013Latino Americano (IILA), en Roma, Italia, con la conferencia denominada \u201cLa Educaci\u00f3n Superior en Artes en el siglo XXI, desde la perspectiva latinoamericana y sus principales desaf\u00edos a nivel regional\u201d. Este debate cobra un inter\u00e9s particular en la medida&hellip;","featured_image_src":null,"featured_image_src_square":null,"author_info":{"display_name":"Universidad de las Artes","author_link":"https:\/\/www.uartes.edu.ec\/sitio\/blog\/author\/dircomadm\/"},"publishpress_future_workflow_manual_trigger":{"enabledWorkflows":[]},"distributor_meta":false,"distributor_terms":false,"distributor_media":false,"distributor_original_site_name":"Universidad de las Artes","distributor_original_site_url":"https:\/\/www.uartes.edu.ec\/sitio","push-errors":false,"_links":{"self":[{"href":"https:\/\/www.uartes.edu.ec\/sitio\/wp-json\/wp\/v2\/posts\/1453","targetHints":{"allow":["GET"]}}],"collection":[{"href":"https:\/\/www.uartes.edu.ec\/sitio\/wp-json\/wp\/v2\/posts"}],"about":[{"href":"https:\/\/www.uartes.edu.ec\/sitio\/wp-json\/wp\/v2\/types\/post"}],"author":[{"embeddable":true,"href":"https:\/\/www.uartes.edu.ec\/sitio\/wp-json\/wp\/v2\/users\/1"}],"replies":[{"embeddable":true,"href":"https:\/\/www.uartes.edu.ec\/sitio\/wp-json\/wp\/v2\/comments?post=1453"}],"version-history":[{"count":1,"href":"https:\/\/www.uartes.edu.ec\/sitio\/wp-json\/wp\/v2\/posts\/1453\/revisions"}],"predecessor-version":[{"id":3404,"href":"https:\/\/www.uartes.edu.ec\/sitio\/wp-json\/wp\/v2\/posts\/1453\/revisions\/3404"}],"wp:featuredmedia":[{"embeddable":true,"href":"https:\/\/www.uartes.edu.ec\/sitio\/wp-json\/"}],"wp:attachment":[{"href":"https:\/\/www.uartes.edu.ec\/sitio\/wp-json\/wp\/v2\/media?parent=1453"}],"wp:term":[{"taxonomy":"category","embeddable":true,"href":"https:\/\/www.uartes.edu.ec\/sitio\/wp-json\/wp\/v2\/categories?post=1453"},{"taxonomy":"post_tag","embeddable":true,"href":"https:\/\/www.uartes.edu.ec\/sitio\/wp-json\/wp\/v2\/tags?post=1453"},{"taxonomy":"infouartes","embeddable":true,"href":"https:\/\/www.uartes.edu.ec\/sitio\/wp-json\/wp\/v2\/infouartes?post=1453"}],"curies":[{"name":"wp","href":"https:\/\/api.w.org\/{rel}","templated":true}]}}