{"id":14654,"date":"2021-07-08T15:25:00","date_gmt":"2021-07-08T20:25:00","guid":{"rendered":"http:\/\/www.uartes.edu.ec\/sitio\/?p=14654"},"modified":"2024-07-04T11:26:07","modified_gmt":"2024-07-04T16:26:07","slug":"mz14-con-una-programacion-que-promueve-el-acercamiento-ciudadano-al-arte-y-la-cultura","status":"publish","type":"post","link":"https:\/\/www.uartes.edu.ec\/sitio\/blog\/2021\/07\/08\/mz14-con-una-programacion-que-promueve-el-acercamiento-ciudadano-al-arte-y-la-cultura\/","title":{"rendered":"El MZ14 presenta programaci\u00f3n que promueve el acercamiento ciudadano al arte, la cultura y todos sus espacios"},"content":{"rendered":"\n<p>La Plaza P\u00fablica, el Sal\u00f3n Patrimonial, el Project Room y las B\u00f3vedas, la Vitrina y la Galer\u00eda. Todos son espacios del Centro de Producci\u00f3n e Innovaci\u00f3n MZ14 de la Universidad de las Artes, donde desde el primer d\u00eda del mes en curso se vienen registrando actividades culturales y art\u00edsticas tanto de la comunidad universitaria como de la colectividad.<\/p>\n\n\n\n<p>La programaci\u00f3n es variada y dise\u00f1ada en coherencia con el trabajo que han desarrollado los artistas y gestores del pa\u00eds. MZ14 pretende ser un actor de transformaci\u00f3n social y cultural, promoviendo el acercamiento ciudadano al arte y la cultura en todas sus manifestaciones. Su agenda es el resultado de un di\u00e1logo permanente con el espacio p\u00fablico y la comunidad, se\u00f1ala Mait\u00e9 Freire, de la Direcci\u00f3n de Formaci\u00f3n de P\u00fablicos de Manzana 14.<\/p>\n\n\n\n<p>As\u00ed, observando todas las medidas de bioseguridad necesarias y con aforo limitado, las actividades julianas de MZ14 iniciaron el jueves 1 con la inauguraci\u00f3n de la muestra <em>Duomining,<\/em> de Juan Carlos Le\u00f3n, misma que permanecer\u00e1 hasta el 27 de agosto en el Project Room y las B\u00f3vedas; se puede visitar de lunes a s\u00e1bado, de 10:00 a 17:30. Ese mismo d\u00eda se brind\u00f3, en el Sal\u00f3n Patrimonial, el <em>Concierto Voces,<\/em> con Puente Art Lab. Y, en la Plaza P\u00fablica, el viernes 2, la presentaci\u00f3n de Minimal\/Deep Tech, de la Fundaci\u00f3n Minimalista.<\/p>\n\n\n\n<p>Tambi\u00e9n en la Plaza P\u00fablica, este jueves 8, a las 17:00, el \u00e1rea de metales de la Escuela de Artes Sonoras de la UArtes tendr\u00e1 como invitado al doctor Reese Land, profesor de trompeta de la University of Louisville, EE.UU., en una presentaci\u00f3n donde tambi\u00e9n participar\u00e1n los estudiantes Melany Le\u00f3n y Roger M\u00e1rquez, con el apoyo del docente Eduardo Manzanilla.<\/p>\n\n\n\n<p>Para el 15 de julio, en la Galer\u00eda MZ14 se abrir\u00e1, desde las 16:00, la exposici\u00f3n <em>15 a\u00f1os de Villa Rosita,<\/em> de Mar\u00eda Lorena Pe\u00f1a Puga (estar\u00e1 hasta el 27 de agosto, visitas de lunes a s\u00e1bado, de 10:00 a 17:30). Ese mismo d\u00eda, a partir de las 17:00, en el Sal\u00f3n Patrimonial tendr\u00e1 lugar el concierto <em>Proyecto de Creaci\u00f3n Creativa,<\/em> con los artistas y docentes UArtes, Andrey Astaiza y Diego Benalc\u00e1zar.<\/p>\n\n\n\n<p>El 17 de julio, a las 14:00 y 18:00, en la Vitrina MZ14 (calle Panam\u00e1), la artista y docente UArtes, Carolina Pepper, desarrollar\u00e1 la <em>Acci\u00f3n Encuentro Almanaque de Cuerpos.<\/em><\/p>\n\n\n\n<p>El 22 de julio, a las 17:00, Samay (EAS) dar\u00e1 un concierto en la Plaza P\u00fablica. MZ14 cerrar\u00e1 su agenda art\u00edstica y cultural el 29 con el concierto de piano que brindar\u00e1 el artista y docente Manolo Larrea.<\/p>\n\n\n\n<p>Las actividades en MZ14 ser\u00e1n permanentes, a fin de potenciar la creaci\u00f3n, producci\u00f3n, exhibici\u00f3n e investigaci\u00f3n art\u00edstica para favorecer el encuentro entre creadores y ciudadan\u00eda.<\/p>\n\n\n<div class=\"wp-block-image\">\n<figure class=\"aligncenter size-full\"><img fetchpriority=\"high\" decoding=\"async\" width=\"2000\" height=\"1333\" src=\"http:\/\/www.uartes.edu.ec\/sitio\/wp-content\/uploads\/2021\/07\/MZ14-SALON-PATRIMONIAL.jpg\" alt=\"\" class=\"wp-image-14685\" srcset=\"https:\/\/www.uartes.edu.ec\/sitio\/wp-content\/uploads\/2021\/07\/MZ14-SALON-PATRIMONIAL.jpg 2000w, https:\/\/www.uartes.edu.ec\/sitio\/wp-content\/uploads\/2021\/07\/MZ14-SALON-PATRIMONIAL-300x200.jpg 300w, https:\/\/www.uartes.edu.ec\/sitio\/wp-content\/uploads\/2021\/07\/MZ14-SALON-PATRIMONIAL-644x429.jpg 644w, https:\/\/www.uartes.edu.ec\/sitio\/wp-content\/uploads\/2021\/07\/MZ14-SALON-PATRIMONIAL-768x512.jpg 768w, https:\/\/www.uartes.edu.ec\/sitio\/wp-content\/uploads\/2021\/07\/MZ14-SALON-PATRIMONIAL-1536x1024.jpg 1536w, https:\/\/www.uartes.edu.ec\/sitio\/wp-content\/uploads\/2021\/07\/MZ14-SALON-PATRIMONIAL-16x12.jpg 16w, https:\/\/www.uartes.edu.ec\/sitio\/wp-content\/uploads\/2021\/07\/MZ14-SALON-PATRIMONIAL-600x400.jpg 600w, https:\/\/www.uartes.edu.ec\/sitio\/wp-content\/uploads\/2021\/07\/MZ14-SALON-PATRIMONIAL-400x267.jpg 400w, https:\/\/www.uartes.edu.ec\/sitio\/wp-content\/uploads\/2021\/07\/MZ14-SALON-PATRIMONIAL-272x182.jpg 272w\" sizes=\"(max-width: 2000px) 100vw, 2000px\" \/><figcaption class=\"wp-element-caption\">MZ14 \u00b7 Sal\u00f3n Patrimonial<\/figcaption><\/figure>\n<\/div>\n\n\n<h3 class=\"wp-block-heading\"><strong>Apuntes<\/strong><\/h3>\n\n\n\n<p>MZ14&nbsp;integra arte, tecnolog\u00eda, investigaci\u00f3n e innovaci\u00f3n, proyect\u00e1ndose como el contenedor cultural m\u00e1s importante de Guayaquil. Promueve el desarrollo de las econom\u00edas creativas a trav\u00e9s del fomento a la investigaci\u00f3n y creaci\u00f3n, el trabajo en red, la formaci\u00f3n de p\u00fablicos y el impulso de nuevos emprendimientos culturales; entendiendo las artes como un catalizador de la econom\u00eda social, la generaci\u00f3n de conocimiento y el empoderamiento ciudadano.<\/p>\n\n\n\n<p>Junto con los espacios antes mencionados, en MZ14 se encuentran el Centro de Investigaci\u00f3n de la Fotograf\u00eda (CIF), dispositivo de intercambio, difusi\u00f3n e investigaci\u00f3n que impulsa la creaci\u00f3n y la producci\u00f3n de conocimientos sobre y con la fotograf\u00eda. &nbsp;<\/p>\n\n\n\n<p>El Fab. Lab., un laboratorio de creaci\u00f3n, colaboraci\u00f3n e intercambio de saberes y experiencias dedicado a emprendedores, artesanos, artistas y comunidades vinculadas a las artes y las econom\u00edas creativas; pertenece al HUB58, un acuerdo de cooperaci\u00f3n interinstitucional que la Senescyt firm\u00f3 con la UArtes y otras cinco universidades: Cat\u00f3lica de Guayaquil, T\u00e9cnica Estatal de Quevedo, Estatal de Bol\u00edvar, T\u00e9cnica de Babahoyo y Estatal de Milagro, ubicadas en las zonas 5 y 8.<\/p>\n\n\n\n<p>Tambi\u00e9n, las Incubadoras, los centros de Experimentaci\u00f3n Sonora y Experimentaci\u00f3n Audiovisual; las salas de Experimentaci\u00f3n Esc\u00e9nica y de Cine,&nbsp;dedicada est\u00e1 \u00faltima a la programaci\u00f3n de cine de autor,&nbsp;con atenci\u00f3n especial a la producci\u00f3n ecuatoriana y de los estudiantes de la UArtes; la librer\u00eda del Fondo de Cultura Econ\u00f3mico Miguel Donoso Pareja; y, la Cafeter\u00eda Masamadre.<\/p>\n","protected":false},"excerpt":{"rendered":"<p>La Plaza P\u00fablica, el Sal\u00f3n Patrimonial, el Project Room y las B\u00f3vedas, la Vitrina y la Galer\u00eda. Todos son espacios del Centro de Producci\u00f3n e Innovaci\u00f3n MZ14 de la Universidad de las Artes, donde desde el primer d\u00eda del mes en curso se vienen registrando actividades culturales y art\u00edsticas tanto de la comunidad universitaria como de la colectividad.<\/p>\n","protected":false},"author":10,"featured_media":14684,"comment_status":"open","ping_status":"open","sticky":false,"template":"","format":"standard","meta":{"_acf_changed":false,"_uag_custom_page_level_css":"","_monsterinsights_skip_tracking":false,"_monsterinsights_sitenote_active":false,"_monsterinsights_sitenote_note":"","_monsterinsights_sitenote_category":0,"cybocfi_hide_featured_image":"","footnotes":""},"categories":[82,77],"tags":[106],"infouartes":[],"class_list":["post-14654","post","type-post","status-publish","format-standard","has-post-thumbnail","hentry","category-artes","category-gestion","tag-mz14"],"acf":[],"yoast_head":"<!-- This site is optimized with the Yoast SEO plugin v27.4 - https:\/\/yoast.com\/product\/yoast-seo-wordpress\/ -->\n<title>Universidad de las Artes - El MZ14 presenta programaci\u00f3n que promueve el acercamiento ciudadano al arte, la cultura y todos sus espacios<\/title>\n<meta name=\"description\" content=\"Universidad de las Artes - El MZ14 presenta programaci\u00f3n que promueve el acercamiento ciudadano al arte, la cultura y todos sus espacios\" \/>\n<meta name=\"robots\" content=\"index, follow, max-snippet:-1, max-image-preview:large, max-video-preview:-1\" \/>\n<link rel=\"canonical\" href=\"https:\/\/www.uartes.edu.ec\/sitio\/blog\/2021\/07\/08\/mz14-con-una-programacion-que-promueve-el-acercamiento-ciudadano-al-arte-y-la-cultura\/\" \/>\n<meta property=\"og:locale\" content=\"es_ES\" \/>\n<meta property=\"og:type\" content=\"article\" \/>\n<meta property=\"og:title\" content=\"Universidad de las Artes - El MZ14 presenta programaci\u00f3n que promueve el acercamiento ciudadano al arte, la cultura y todos sus espacios\" \/>\n<meta property=\"og:description\" content=\"Universidad de las Artes - El MZ14 presenta programaci\u00f3n que promueve el acercamiento ciudadano al arte, la cultura y todos sus espacios\" \/>\n<meta property=\"og:url\" content=\"https:\/\/www.uartes.edu.ec\/sitio\/blog\/2021\/07\/08\/mz14-con-una-programacion-que-promueve-el-acercamiento-ciudadano-al-arte-y-la-cultura\/\" \/>\n<meta property=\"og:site_name\" content=\"Universidad de las Artes\" \/>\n<meta property=\"article:publisher\" content=\"https:\/\/www.facebook.com\/uartesec\" \/>\n<meta property=\"article:published_time\" content=\"2021-07-08T20:25:00+00:00\" \/>\n<meta property=\"article:modified_time\" content=\"2024-07-04T16:26:07+00:00\" \/>\n<meta property=\"og:image\" content=\"https:\/\/www.uartes.edu.ec\/sitio\/wp-content\/uploads\/2021\/07\/MZ14-PLAZA-PUBLICA.jpg\" \/>\n\t<meta property=\"og:image:width\" content=\"2000\" \/>\n\t<meta property=\"og:image:height\" content=\"1333\" \/>\n\t<meta property=\"og:image:type\" content=\"image\/jpeg\" \/>\n<meta name=\"author\" content=\"ccortez\" \/>\n<meta name=\"twitter:card\" content=\"summary_large_image\" \/>\n<meta name=\"twitter:creator\" content=\"@uartesec\" \/>\n<meta name=\"twitter:site\" content=\"@uartesec\" \/>\n<meta name=\"twitter:label1\" content=\"Escrito por\" \/>\n\t<meta name=\"twitter:data1\" content=\"ccortez\" \/>\n\t<meta name=\"twitter:label2\" content=\"Tiempo de lectura\" \/>\n\t<meta name=\"twitter:data2\" content=\"4 minutos\" \/>\n<script type=\"application\/ld+json\" class=\"yoast-schema-graph\">{\"@context\":\"https:\\\/\\\/schema.org\",\"@graph\":[{\"@type\":\"Article\",\"@id\":\"https:\\\/\\\/www.uartes.edu.ec\\\/sitio\\\/blog\\\/2021\\\/07\\\/08\\\/mz14-con-una-programacion-que-promueve-el-acercamiento-ciudadano-al-arte-y-la-cultura\\\/#article\",\"isPartOf\":{\"@id\":\"https:\\\/\\\/www.uartes.edu.ec\\\/sitio\\\/blog\\\/2021\\\/07\\\/08\\\/mz14-con-una-programacion-que-promueve-el-acercamiento-ciudadano-al-arte-y-la-cultura\\\/\"},\"author\":{\"name\":\"ccortez\",\"@id\":\"https:\\\/\\\/www.uartes.edu.ec\\\/sitio\\\/#\\\/schema\\\/person\\\/efa1b8275797664fd7f13a79ccc0b1f4\"},\"headline\":\"El MZ14 presenta programaci\u00f3n que promueve el acercamiento ciudadano al arte, la cultura y todos sus espacios\",\"datePublished\":\"2021-07-08T20:25:00+00:00\",\"dateModified\":\"2024-07-04T16:26:07+00:00\",\"mainEntityOfPage\":{\"@id\":\"https:\\\/\\\/www.uartes.edu.ec\\\/sitio\\\/blog\\\/2021\\\/07\\\/08\\\/mz14-con-una-programacion-que-promueve-el-acercamiento-ciudadano-al-arte-y-la-cultura\\\/\"},\"wordCount\":776,\"commentCount\":0,\"publisher\":{\"@id\":\"https:\\\/\\\/www.uartes.edu.ec\\\/sitio\\\/#organization\"},\"image\":{\"@id\":\"https:\\\/\\\/www.uartes.edu.ec\\\/sitio\\\/blog\\\/2021\\\/07\\\/08\\\/mz14-con-una-programacion-que-promueve-el-acercamiento-ciudadano-al-arte-y-la-cultura\\\/#primaryimage\"},\"thumbnailUrl\":\"https:\\\/\\\/www.uartes.edu.ec\\\/sitio\\\/wp-content\\\/uploads\\\/2021\\\/07\\\/MZ14-PLAZA-PUBLICA.jpg\",\"keywords\":[\"mz14\"],\"articleSection\":[\"Artes\",\"Gesti\u00f3n\"],\"inLanguage\":\"es\",\"potentialAction\":[{\"@type\":\"CommentAction\",\"name\":\"Comment\",\"target\":[\"https:\\\/\\\/www.uartes.edu.ec\\\/sitio\\\/blog\\\/2021\\\/07\\\/08\\\/mz14-con-una-programacion-que-promueve-el-acercamiento-ciudadano-al-arte-y-la-cultura\\\/#respond\"]}]},{\"@type\":[\"WebPage\",\"ItemPage\"],\"@id\":\"https:\\\/\\\/www.uartes.edu.ec\\\/sitio\\\/blog\\\/2021\\\/07\\\/08\\\/mz14-con-una-programacion-que-promueve-el-acercamiento-ciudadano-al-arte-y-la-cultura\\\/\",\"url\":\"https:\\\/\\\/www.uartes.edu.ec\\\/sitio\\\/blog\\\/2021\\\/07\\\/08\\\/mz14-con-una-programacion-que-promueve-el-acercamiento-ciudadano-al-arte-y-la-cultura\\\/\",\"name\":\"Universidad de las Artes - El MZ14 presenta programaci\u00f3n que promueve el acercamiento ciudadano al arte, la cultura y todos sus espacios\",\"isPartOf\":{\"@id\":\"https:\\\/\\\/www.uartes.edu.ec\\\/sitio\\\/#website\"},\"primaryImageOfPage\":{\"@id\":\"https:\\\/\\\/www.uartes.edu.ec\\\/sitio\\\/blog\\\/2021\\\/07\\\/08\\\/mz14-con-una-programacion-que-promueve-el-acercamiento-ciudadano-al-arte-y-la-cultura\\\/#primaryimage\"},\"image\":{\"@id\":\"https:\\\/\\\/www.uartes.edu.ec\\\/sitio\\\/blog\\\/2021\\\/07\\\/08\\\/mz14-con-una-programacion-que-promueve-el-acercamiento-ciudadano-al-arte-y-la-cultura\\\/#primaryimage\"},\"thumbnailUrl\":\"https:\\\/\\\/www.uartes.edu.ec\\\/sitio\\\/wp-content\\\/uploads\\\/2021\\\/07\\\/MZ14-PLAZA-PUBLICA.jpg\",\"datePublished\":\"2021-07-08T20:25:00+00:00\",\"dateModified\":\"2024-07-04T16:26:07+00:00\",\"description\":\"Universidad de las Artes - El MZ14 presenta programaci\u00f3n que promueve el acercamiento ciudadano al arte, la cultura y todos sus espacios\",\"breadcrumb\":{\"@id\":\"https:\\\/\\\/www.uartes.edu.ec\\\/sitio\\\/blog\\\/2021\\\/07\\\/08\\\/mz14-con-una-programacion-que-promueve-el-acercamiento-ciudadano-al-arte-y-la-cultura\\\/#breadcrumb\"},\"inLanguage\":\"es\",\"potentialAction\":[{\"@type\":\"ReadAction\",\"target\":[\"https:\\\/\\\/www.uartes.edu.ec\\\/sitio\\\/blog\\\/2021\\\/07\\\/08\\\/mz14-con-una-programacion-que-promueve-el-acercamiento-ciudadano-al-arte-y-la-cultura\\\/\"]}]},{\"@type\":\"ImageObject\",\"inLanguage\":\"es\",\"@id\":\"https:\\\/\\\/www.uartes.edu.ec\\\/sitio\\\/blog\\\/2021\\\/07\\\/08\\\/mz14-con-una-programacion-que-promueve-el-acercamiento-ciudadano-al-arte-y-la-cultura\\\/#primaryimage\",\"url\":\"https:\\\/\\\/www.uartes.edu.ec\\\/sitio\\\/wp-content\\\/uploads\\\/2021\\\/07\\\/MZ14-PLAZA-PUBLICA.jpg\",\"contentUrl\":\"https:\\\/\\\/www.uartes.edu.ec\\\/sitio\\\/wp-content\\\/uploads\\\/2021\\\/07\\\/MZ14-PLAZA-PUBLICA.jpg\",\"width\":2000,\"height\":1333},{\"@type\":\"BreadcrumbList\",\"@id\":\"https:\\\/\\\/www.uartes.edu.ec\\\/sitio\\\/blog\\\/2021\\\/07\\\/08\\\/mz14-con-una-programacion-que-promueve-el-acercamiento-ciudadano-al-arte-y-la-cultura\\\/#breadcrumb\",\"itemListElement\":[{\"@type\":\"ListItem\",\"position\":1,\"name\":\"Inicio\",\"item\":\"https:\\\/\\\/www.uartes.edu.ec\\\/sitio\\\/\"},{\"@type\":\"ListItem\",\"position\":2,\"name\":\"El MZ14 presenta programaci\u00f3n que promueve el acercamiento ciudadano al arte, la cultura y todos sus espacios\"}]},{\"@type\":\"WebSite\",\"@id\":\"https:\\\/\\\/www.uartes.edu.ec\\\/sitio\\\/#website\",\"url\":\"https:\\\/\\\/www.uartes.edu.ec\\\/sitio\\\/\",\"name\":\"Universidad de las Artes\",\"description\":\"Sitio oficial de la Universidad Nacional de las Artes del Ecuador\",\"publisher\":{\"@id\":\"https:\\\/\\\/www.uartes.edu.ec\\\/sitio\\\/#organization\"},\"potentialAction\":[{\"@type\":\"SearchAction\",\"target\":{\"@type\":\"EntryPoint\",\"urlTemplate\":\"https:\\\/\\\/www.uartes.edu.ec\\\/sitio\\\/?s={search_term_string}\"},\"query-input\":{\"@type\":\"PropertyValueSpecification\",\"valueRequired\":true,\"valueName\":\"search_term_string\"}}],\"inLanguage\":\"es\"},{\"@type\":\"Organization\",\"@id\":\"https:\\\/\\\/www.uartes.edu.ec\\\/sitio\\\/#organization\",\"name\":\"Universidad de las Artes\",\"url\":\"https:\\\/\\\/www.uartes.edu.ec\\\/sitio\\\/\",\"logo\":{\"@type\":\"ImageObject\",\"inLanguage\":\"es\",\"@id\":\"https:\\\/\\\/www.uartes.edu.ec\\\/sitio\\\/#\\\/schema\\\/logo\\\/image\\\/\",\"url\":\"https:\\\/\\\/www.uartes.edu.ec\\\/sitio\\\/wp-content\\\/uploads\\\/2022\\\/07\\\/logo-ua-horizontal.png\",\"contentUrl\":\"https:\\\/\\\/www.uartes.edu.ec\\\/sitio\\\/wp-content\\\/uploads\\\/2022\\\/07\\\/logo-ua-horizontal.png\",\"width\":800,\"height\":276,\"caption\":\"Universidad de las Artes\"},\"image\":{\"@id\":\"https:\\\/\\\/www.uartes.edu.ec\\\/sitio\\\/#\\\/schema\\\/logo\\\/image\\\/\"},\"sameAs\":[\"https:\\\/\\\/www.facebook.com\\\/uartesec\",\"https:\\\/\\\/x.com\\\/uartesec\",\"https:\\\/\\\/www.tiktok.com\\\/@uartesec\"]},{\"@type\":\"Person\",\"@id\":\"https:\\\/\\\/www.uartes.edu.ec\\\/sitio\\\/#\\\/schema\\\/person\\\/efa1b8275797664fd7f13a79ccc0b1f4\",\"name\":\"ccortez\",\"image\":{\"@type\":\"ImageObject\",\"inLanguage\":\"es\",\"@id\":\"https:\\\/\\\/secure.gravatar.com\\\/avatar\\\/b2a6f664a3ae8e074346ef91775736c5ec479e637ecced6842de9dc98b5da9cd?s=96&d=mm&r=g\",\"url\":\"https:\\\/\\\/secure.gravatar.com\\\/avatar\\\/b2a6f664a3ae8e074346ef91775736c5ec479e637ecced6842de9dc98b5da9cd?s=96&d=mm&r=g\",\"contentUrl\":\"https:\\\/\\\/secure.gravatar.com\\\/avatar\\\/b2a6f664a3ae8e074346ef91775736c5ec479e637ecced6842de9dc98b5da9cd?s=96&d=mm&r=g\",\"caption\":\"ccortez\"},\"url\":\"https:\\\/\\\/www.uartes.edu.ec\\\/sitio\\\/blog\\\/author\\\/ccortez\\\/\"}]}<\/script>\n<!-- \/ Yoast SEO plugin. -->","yoast_head_json":{"title":"Universidad de las Artes - El MZ14 presenta programaci\u00f3n que promueve el acercamiento ciudadano al arte, la cultura y todos sus espacios","description":"Universidad de las Artes - El MZ14 presenta programaci\u00f3n que promueve el acercamiento ciudadano al arte, la cultura y todos sus espacios","robots":{"index":"index","follow":"follow","max-snippet":"max-snippet:-1","max-image-preview":"max-image-preview:large","max-video-preview":"max-video-preview:-1"},"canonical":"https:\/\/www.uartes.edu.ec\/sitio\/blog\/2021\/07\/08\/mz14-con-una-programacion-que-promueve-el-acercamiento-ciudadano-al-arte-y-la-cultura\/","og_locale":"es_ES","og_type":"article","og_title":"Universidad de las Artes - El MZ14 presenta programaci\u00f3n que promueve el acercamiento ciudadano al arte, la cultura y todos sus espacios","og_description":"Universidad de las Artes - El MZ14 presenta programaci\u00f3n que promueve el acercamiento ciudadano al arte, la cultura y todos sus espacios","og_url":"https:\/\/www.uartes.edu.ec\/sitio\/blog\/2021\/07\/08\/mz14-con-una-programacion-que-promueve-el-acercamiento-ciudadano-al-arte-y-la-cultura\/","og_site_name":"Universidad de las Artes","article_publisher":"https:\/\/www.facebook.com\/uartesec","article_published_time":"2021-07-08T20:25:00+00:00","article_modified_time":"2024-07-04T16:26:07+00:00","og_image":[{"width":2000,"height":1333,"url":"https:\/\/www.uartes.edu.ec\/sitio\/wp-content\/uploads\/2021\/07\/MZ14-PLAZA-PUBLICA.jpg","type":"image\/jpeg"}],"author":"ccortez","twitter_card":"summary_large_image","twitter_creator":"@uartesec","twitter_site":"@uartesec","twitter_misc":{"Escrito por":"ccortez","Tiempo de lectura":"4 minutos"},"schema":{"@context":"https:\/\/schema.org","@graph":[{"@type":"Article","@id":"https:\/\/www.uartes.edu.ec\/sitio\/blog\/2021\/07\/08\/mz14-con-una-programacion-que-promueve-el-acercamiento-ciudadano-al-arte-y-la-cultura\/#article","isPartOf":{"@id":"https:\/\/www.uartes.edu.ec\/sitio\/blog\/2021\/07\/08\/mz14-con-una-programacion-que-promueve-el-acercamiento-ciudadano-al-arte-y-la-cultura\/"},"author":{"name":"ccortez","@id":"https:\/\/www.uartes.edu.ec\/sitio\/#\/schema\/person\/efa1b8275797664fd7f13a79ccc0b1f4"},"headline":"El MZ14 presenta programaci\u00f3n que promueve el acercamiento ciudadano al arte, la cultura y todos sus espacios","datePublished":"2021-07-08T20:25:00+00:00","dateModified":"2024-07-04T16:26:07+00:00","mainEntityOfPage":{"@id":"https:\/\/www.uartes.edu.ec\/sitio\/blog\/2021\/07\/08\/mz14-con-una-programacion-que-promueve-el-acercamiento-ciudadano-al-arte-y-la-cultura\/"},"wordCount":776,"commentCount":0,"publisher":{"@id":"https:\/\/www.uartes.edu.ec\/sitio\/#organization"},"image":{"@id":"https:\/\/www.uartes.edu.ec\/sitio\/blog\/2021\/07\/08\/mz14-con-una-programacion-que-promueve-el-acercamiento-ciudadano-al-arte-y-la-cultura\/#primaryimage"},"thumbnailUrl":"https:\/\/www.uartes.edu.ec\/sitio\/wp-content\/uploads\/2021\/07\/MZ14-PLAZA-PUBLICA.jpg","keywords":["mz14"],"articleSection":["Artes","Gesti\u00f3n"],"inLanguage":"es","potentialAction":[{"@type":"CommentAction","name":"Comment","target":["https:\/\/www.uartes.edu.ec\/sitio\/blog\/2021\/07\/08\/mz14-con-una-programacion-que-promueve-el-acercamiento-ciudadano-al-arte-y-la-cultura\/#respond"]}]},{"@type":["WebPage","ItemPage"],"@id":"https:\/\/www.uartes.edu.ec\/sitio\/blog\/2021\/07\/08\/mz14-con-una-programacion-que-promueve-el-acercamiento-ciudadano-al-arte-y-la-cultura\/","url":"https:\/\/www.uartes.edu.ec\/sitio\/blog\/2021\/07\/08\/mz14-con-una-programacion-que-promueve-el-acercamiento-ciudadano-al-arte-y-la-cultura\/","name":"Universidad de las Artes - El MZ14 presenta programaci\u00f3n que promueve el acercamiento ciudadano al arte, la cultura y todos sus espacios","isPartOf":{"@id":"https:\/\/www.uartes.edu.ec\/sitio\/#website"},"primaryImageOfPage":{"@id":"https:\/\/www.uartes.edu.ec\/sitio\/blog\/2021\/07\/08\/mz14-con-una-programacion-que-promueve-el-acercamiento-ciudadano-al-arte-y-la-cultura\/#primaryimage"},"image":{"@id":"https:\/\/www.uartes.edu.ec\/sitio\/blog\/2021\/07\/08\/mz14-con-una-programacion-que-promueve-el-acercamiento-ciudadano-al-arte-y-la-cultura\/#primaryimage"},"thumbnailUrl":"https:\/\/www.uartes.edu.ec\/sitio\/wp-content\/uploads\/2021\/07\/MZ14-PLAZA-PUBLICA.jpg","datePublished":"2021-07-08T20:25:00+00:00","dateModified":"2024-07-04T16:26:07+00:00","description":"Universidad de las Artes - El MZ14 presenta programaci\u00f3n que promueve el acercamiento ciudadano al arte, la cultura y todos sus espacios","breadcrumb":{"@id":"https:\/\/www.uartes.edu.ec\/sitio\/blog\/2021\/07\/08\/mz14-con-una-programacion-que-promueve-el-acercamiento-ciudadano-al-arte-y-la-cultura\/#breadcrumb"},"inLanguage":"es","potentialAction":[{"@type":"ReadAction","target":["https:\/\/www.uartes.edu.ec\/sitio\/blog\/2021\/07\/08\/mz14-con-una-programacion-que-promueve-el-acercamiento-ciudadano-al-arte-y-la-cultura\/"]}]},{"@type":"ImageObject","inLanguage":"es","@id":"https:\/\/www.uartes.edu.ec\/sitio\/blog\/2021\/07\/08\/mz14-con-una-programacion-que-promueve-el-acercamiento-ciudadano-al-arte-y-la-cultura\/#primaryimage","url":"https:\/\/www.uartes.edu.ec\/sitio\/wp-content\/uploads\/2021\/07\/MZ14-PLAZA-PUBLICA.jpg","contentUrl":"https:\/\/www.uartes.edu.ec\/sitio\/wp-content\/uploads\/2021\/07\/MZ14-PLAZA-PUBLICA.jpg","width":2000,"height":1333},{"@type":"BreadcrumbList","@id":"https:\/\/www.uartes.edu.ec\/sitio\/blog\/2021\/07\/08\/mz14-con-una-programacion-que-promueve-el-acercamiento-ciudadano-al-arte-y-la-cultura\/#breadcrumb","itemListElement":[{"@type":"ListItem","position":1,"name":"Inicio","item":"https:\/\/www.uartes.edu.ec\/sitio\/"},{"@type":"ListItem","position":2,"name":"El MZ14 presenta programaci\u00f3n que promueve el acercamiento ciudadano al arte, la cultura y todos sus espacios"}]},{"@type":"WebSite","@id":"https:\/\/www.uartes.edu.ec\/sitio\/#website","url":"https:\/\/www.uartes.edu.ec\/sitio\/","name":"Universidad de las Artes","description":"Sitio oficial de la Universidad Nacional de las Artes del Ecuador","publisher":{"@id":"https:\/\/www.uartes.edu.ec\/sitio\/#organization"},"potentialAction":[{"@type":"SearchAction","target":{"@type":"EntryPoint","urlTemplate":"https:\/\/www.uartes.edu.ec\/sitio\/?s={search_term_string}"},"query-input":{"@type":"PropertyValueSpecification","valueRequired":true,"valueName":"search_term_string"}}],"inLanguage":"es"},{"@type":"Organization","@id":"https:\/\/www.uartes.edu.ec\/sitio\/#organization","name":"Universidad de las Artes","url":"https:\/\/www.uartes.edu.ec\/sitio\/","logo":{"@type":"ImageObject","inLanguage":"es","@id":"https:\/\/www.uartes.edu.ec\/sitio\/#\/schema\/logo\/image\/","url":"https:\/\/www.uartes.edu.ec\/sitio\/wp-content\/uploads\/2022\/07\/logo-ua-horizontal.png","contentUrl":"https:\/\/www.uartes.edu.ec\/sitio\/wp-content\/uploads\/2022\/07\/logo-ua-horizontal.png","width":800,"height":276,"caption":"Universidad de las Artes"},"image":{"@id":"https:\/\/www.uartes.edu.ec\/sitio\/#\/schema\/logo\/image\/"},"sameAs":["https:\/\/www.facebook.com\/uartesec","https:\/\/x.com\/uartesec","https:\/\/www.tiktok.com\/@uartesec"]},{"@type":"Person","@id":"https:\/\/www.uartes.edu.ec\/sitio\/#\/schema\/person\/efa1b8275797664fd7f13a79ccc0b1f4","name":"ccortez","image":{"@type":"ImageObject","inLanguage":"es","@id":"https:\/\/secure.gravatar.com\/avatar\/b2a6f664a3ae8e074346ef91775736c5ec479e637ecced6842de9dc98b5da9cd?s=96&d=mm&r=g","url":"https:\/\/secure.gravatar.com\/avatar\/b2a6f664a3ae8e074346ef91775736c5ec479e637ecced6842de9dc98b5da9cd?s=96&d=mm&r=g","contentUrl":"https:\/\/secure.gravatar.com\/avatar\/b2a6f664a3ae8e074346ef91775736c5ec479e637ecced6842de9dc98b5da9cd?s=96&d=mm&r=g","caption":"ccortez"},"url":"https:\/\/www.uartes.edu.ec\/sitio\/blog\/author\/ccortez\/"}]}},"uagb_featured_image_src":{"full":["https:\/\/www.uartes.edu.ec\/sitio\/wp-content\/uploads\/2021\/07\/MZ14-PLAZA-PUBLICA.jpg",2000,1333,false],"thumbnail":["https:\/\/www.uartes.edu.ec\/sitio\/wp-content\/uploads\/2021\/07\/MZ14-PLAZA-PUBLICA-150x150.jpg",150,150,true],"medium":["https:\/\/www.uartes.edu.ec\/sitio\/wp-content\/uploads\/2021\/07\/MZ14-PLAZA-PUBLICA-300x200.jpg",300,200,true],"medium_large":["https:\/\/www.uartes.edu.ec\/sitio\/wp-content\/uploads\/2021\/07\/MZ14-PLAZA-PUBLICA-768x512.jpg",768,512,true],"large":["https:\/\/www.uartes.edu.ec\/sitio\/wp-content\/uploads\/2021\/07\/MZ14-PLAZA-PUBLICA-644x429.jpg",644,429,true],"1536x1536":["https:\/\/www.uartes.edu.ec\/sitio\/wp-content\/uploads\/2021\/07\/MZ14-PLAZA-PUBLICA-1536x1024.jpg",1536,1024,true],"2048x2048":["https:\/\/www.uartes.edu.ec\/sitio\/wp-content\/uploads\/2021\/07\/MZ14-PLAZA-PUBLICA.jpg",2000,1333,false],"trp-custom-language-flag":["https:\/\/www.uartes.edu.ec\/sitio\/wp-content\/uploads\/2021\/07\/MZ14-PLAZA-PUBLICA-16x12.jpg",16,12,true],"htmega_size_585x295":["https:\/\/www.uartes.edu.ec\/sitio\/wp-content\/uploads\/2021\/07\/MZ14-PLAZA-PUBLICA-585x295.jpg",585,295,true],"htmega_size_1170x536":["https:\/\/www.uartes.edu.ec\/sitio\/wp-content\/uploads\/2021\/07\/MZ14-PLAZA-PUBLICA-1170x536.jpg",1170,536,true],"htmega_size_396x360":["https:\/\/www.uartes.edu.ec\/sitio\/wp-content\/uploads\/2021\/07\/MZ14-PLAZA-PUBLICA-396x360.jpg",396,360,true],"gb-block-post-grid-landscape":["https:\/\/www.uartes.edu.ec\/sitio\/wp-content\/uploads\/2021\/07\/MZ14-PLAZA-PUBLICA.jpg",600,400,false],"gb-block-post-grid-square":["https:\/\/www.uartes.edu.ec\/sitio\/wp-content\/uploads\/2021\/07\/MZ14-PLAZA-PUBLICA.jpg",600,400,false],"university-hub-thumb":["https:\/\/www.uartes.edu.ec\/sitio\/wp-content\/uploads\/2021\/07\/MZ14-PLAZA-PUBLICA-400x267.jpg",400,267,true]},"uagb_author_info":{"display_name":"ccortez","author_link":"https:\/\/www.uartes.edu.ec\/sitio\/blog\/author\/ccortez\/"},"uagb_comment_info":0,"uagb_excerpt":"La Plaza P\u00fablica, el Sal\u00f3n Patrimonial, el Project Room y las B\u00f3vedas, la Vitrina y la Galer\u00eda. Todos son espacios del Centro de Producci\u00f3n e Innovaci\u00f3n MZ14 de la Universidad de las Artes, donde desde el primer d\u00eda del mes en curso se vienen registrando actividades culturales y art\u00edsticas tanto de la comunidad universitaria como&hellip;","featured_image_src":"https:\/\/www.uartes.edu.ec\/sitio\/wp-content\/uploads\/2021\/07\/MZ14-PLAZA-PUBLICA.jpg","featured_image_src_square":"https:\/\/www.uartes.edu.ec\/sitio\/wp-content\/uploads\/2021\/07\/MZ14-PLAZA-PUBLICA.jpg","author_info":{"display_name":"ccortez","author_link":"https:\/\/www.uartes.edu.ec\/sitio\/blog\/author\/ccortez\/"},"publishpress_future_workflow_manual_trigger":{"enabledWorkflows":[]},"distributor_meta":false,"distributor_terms":false,"distributor_media":false,"distributor_original_site_name":"Universidad de las Artes","distributor_original_site_url":"https:\/\/www.uartes.edu.ec\/sitio","push-errors":false,"_links":{"self":[{"href":"https:\/\/www.uartes.edu.ec\/sitio\/wp-json\/wp\/v2\/posts\/14654","targetHints":{"allow":["GET"]}}],"collection":[{"href":"https:\/\/www.uartes.edu.ec\/sitio\/wp-json\/wp\/v2\/posts"}],"about":[{"href":"https:\/\/www.uartes.edu.ec\/sitio\/wp-json\/wp\/v2\/types\/post"}],"author":[{"embeddable":true,"href":"https:\/\/www.uartes.edu.ec\/sitio\/wp-json\/wp\/v2\/users\/10"}],"replies":[{"embeddable":true,"href":"https:\/\/www.uartes.edu.ec\/sitio\/wp-json\/wp\/v2\/comments?post=14654"}],"version-history":[{"count":9,"href":"https:\/\/www.uartes.edu.ec\/sitio\/wp-json\/wp\/v2\/posts\/14654\/revisions"}],"predecessor-version":[{"id":27429,"href":"https:\/\/www.uartes.edu.ec\/sitio\/wp-json\/wp\/v2\/posts\/14654\/revisions\/27429"}],"wp:featuredmedia":[{"embeddable":true,"href":"https:\/\/www.uartes.edu.ec\/sitio\/wp-json\/wp\/v2\/media\/14684"}],"wp:attachment":[{"href":"https:\/\/www.uartes.edu.ec\/sitio\/wp-json\/wp\/v2\/media?parent=14654"}],"wp:term":[{"taxonomy":"category","embeddable":true,"href":"https:\/\/www.uartes.edu.ec\/sitio\/wp-json\/wp\/v2\/categories?post=14654"},{"taxonomy":"post_tag","embeddable":true,"href":"https:\/\/www.uartes.edu.ec\/sitio\/wp-json\/wp\/v2\/tags?post=14654"},{"taxonomy":"infouartes","embeddable":true,"href":"https:\/\/www.uartes.edu.ec\/sitio\/wp-json\/wp\/v2\/infouartes?post=14654"}],"curies":[{"name":"wp","href":"https:\/\/api.w.org\/{rel}","templated":true}]}}