{"id":1472,"date":"2018-04-13T16:20:28","date_gmt":"2018-04-13T21:20:28","guid":{"rendered":"http:\/\/www.uartes.edu.ec\/infouartes\/?p=1472"},"modified":"2024-07-04T11:53:53","modified_gmt":"2024-07-04T16:53:53","slug":"dos-cortometrajes-de-la-uartes-se-unen-a-los-138-documentales-que-proyectara-el-edoc-17","status":"publish","type":"post","link":"https:\/\/www.uartes.edu.ec\/sitio\/blog\/2018\/04\/13\/dos-cortometrajes-de-la-uartes-se-unen-a-los-138-documentales-que-proyectara-el-edoc-17\/","title":{"rendered":"Dos cortometrajes de la UArtes se unen a los 138 documentales que proyectar\u00e1 el EDOC 17"},"content":{"rendered":"<p>Los documentales Rosita, de Rosa Iliana Matamoros, y A medio camino, de Nantu Mantilla, ambas estudiantes de la carrera de Cine de la Universidad de las Artes, forman parte de la selecci\u00f3n del Festival Internacional de Cine Documental \u201cEncuentros del Otro Cine\u201d \u2013 EDOC.<\/p>\n<p>Los cortometrajes seleccionados se constituyen como los primeros productos art\u00edsticos de estudiantes de la UArtes que han logrado este gran m\u00e9rito, adem\u00e1s de ser trabajos\u00a0producidos por la Universidad dentro del desarrollo acad\u00e9mico de la carrera de Cine.<\/p>\n<p>El festival internacional independiente de cine documental es producto de la creaci\u00f3n y gesti\u00f3n de la Corporaci\u00f3n Cinememoria, una organizaci\u00f3n sin fines de lucro dedicada a promover el cine documental y la conservaci\u00f3n del patrimonio audiovisual en el Ecuador.<\/p>\n<p>La edici\u00f3n 17\u00aa de EDCO contar\u00e1 con 138 documentales de 45 pa\u00edses y tendr\u00e1 como sedes, adem\u00e1s de las ciudades de Quito y Guayaquil, a Cotacachi, al norte del pa\u00eds. El Festival se realizar\u00e1 del 9 al 20 de mayo de 2018.<\/p>\n<p><a href=\"http:\/\/festivaledoc.org\/programas\/rosita\/\"><strong>Sinopsis de Rosita<\/strong><\/a><\/p>\n<p><img fetchpriority=\"high\" decoding=\"async\" class=\"aligncenter size-full wp-image-1473\" src=\"http:\/\/www.uartes.edu.ec\/infouartes\/wp-content\/uploads\/2018\/04\/Foto-1.jpg\" alt=\"\" width=\"800\" height=\"450\" \/><\/p>\n<p>Dicen que cuando te ponen un nombre te asignan tambi\u00e9n un destino. La realizadora de este ensayo documental hered\u00f3 el suyo de una t\u00eda que muri\u00f3 muy joven y a la que no conoci\u00f3. A trav\u00e9s de una pel\u00edcula de 8mm de 1962 y entrevistas con quienes la conocieron, intentar\u00e1 develar sus secretos y reconocerse un poco m\u00e1s ella misma.<\/p>\n<p><em>Ficha t\u00e9cnica<\/em><\/p>\n<p>Direcci\u00f3n: Rosa Ileana Matamoros<br \/>\nEdici\u00f3n:Frank Vera<br \/>\nProducci\u00f3n: Universidad de las Artes, Dany Cevallos<br \/>\nSonido:Michael Lojano<br \/>\nFotograf\u00eda:Dominique Pazmi\u00f1o<\/p>\n<p><a href=\"http:\/\/festivaledoc.org\/programas\/a-medio-camino\/\"><strong>Sinopsis de A medio camino<\/strong><\/a><\/p>\n<p><img decoding=\"async\" class=\"aligncenter size-full wp-image-1474\" src=\"http:\/\/www.uartes.edu.ec\/infouartes\/wp-content\/uploads\/2018\/04\/Foto-2.jpg\" alt=\"\" width=\"800\" height=\"533\" \/><\/p>\n<p>En el barrio \u201cEl Brinco\u201d de la ciudad de Tulc\u00e1n muchas familias cruzan por el r\u00edo Carchi (frontera Ecuador \u2013 Colombia) con productos reci\u00e9n comprados, desde televisores hasta gallinas. Aunque el micro-contrabando es un apoyo econ\u00f3mico para algunos, debido a su naturaleza ilegal, se desarrolla en medios hostiles que ponen en peligro a sus participantes.<\/p>\n<p><em>Ficha t\u00e9cnica<\/em><\/p>\n<p>Direcci\u00f3n: Nantu Mantilla<br \/>\nEdici\u00f3n: Gabriel Barreno, Melisa Esparza<br \/>\nProducci\u00f3n: Nantu Mantilla (Universidad de las Artes)<br \/>\nSonido: Elizabeth Sig Tu, Jhon Vinces<br \/>\nFotograf\u00eda: Diego Coello<\/p>\n","protected":false},"excerpt":{"rendered":"<p>Los documentales Rosita, de Rosa Iliana Matamoros, y A medio camino, de Nantu Mantilla, ambas estudiantes de la carrera de Cine de la Universidad de las Artes, forman parte de la selecci\u00f3n del Festival Internacional de Cine Documental \u201cEncuentros del Otro Cine\u201d \u2013 EDOC. Los cortometrajes seleccionados se constituyen como los primeros productos art\u00edsticos de [&hellip;]<\/p>\n","protected":false},"author":1,"featured_media":1475,"comment_status":"closed","ping_status":"closed","sticky":false,"template":"","format":"standard","meta":{"_acf_changed":false,"_uag_custom_page_level_css":"","_monsterinsights_skip_tracking":false,"_monsterinsights_sitenote_active":false,"_monsterinsights_sitenote_note":"","_monsterinsights_sitenote_category":0,"cybocfi_hide_featured_image":"","footnotes":""},"categories":[82],"tags":[36],"infouartes":[],"class_list":["post-1472","post","type-post","status-publish","format-standard","has-post-thumbnail","hentry","category-artes","tag-edoc"],"acf":[],"yoast_head":"<!-- This site is optimized with the Yoast SEO plugin v27.4 - https:\/\/yoast.com\/product\/yoast-seo-wordpress\/ -->\n<title>Universidad de las Artes - Dos cortometrajes de la UArtes se unen a los 138 documentales que proyectar\u00e1 el EDOC 17<\/title>\n<meta name=\"description\" content=\"Universidad de las Artes - Dos cortometrajes de la UArtes se unen a los 138 documentales que proyectar\u00e1 el EDOC 17\" \/>\n<meta name=\"robots\" content=\"index, follow, max-snippet:-1, max-image-preview:large, max-video-preview:-1\" \/>\n<link rel=\"canonical\" href=\"https:\/\/www.uartes.edu.ec\/sitio\/blog\/2018\/04\/13\/dos-cortometrajes-de-la-uartes-se-unen-a-los-138-documentales-que-proyectara-el-edoc-17\/\" \/>\n<meta property=\"og:locale\" content=\"es_ES\" \/>\n<meta property=\"og:type\" content=\"article\" \/>\n<meta property=\"og:title\" content=\"Universidad de las Artes - Dos cortometrajes de la UArtes se unen a los 138 documentales que proyectar\u00e1 el EDOC 17\" \/>\n<meta property=\"og:description\" content=\"Universidad de las Artes - Dos cortometrajes de la UArtes se unen a los 138 documentales que proyectar\u00e1 el EDOC 17\" \/>\n<meta property=\"og:url\" content=\"https:\/\/www.uartes.edu.ec\/sitio\/blog\/2018\/04\/13\/dos-cortometrajes-de-la-uartes-se-unen-a-los-138-documentales-que-proyectara-el-edoc-17\/\" \/>\n<meta property=\"og:site_name\" content=\"Universidad de las Artes\" \/>\n<meta property=\"article:publisher\" content=\"https:\/\/www.facebook.com\/uartesec\" \/>\n<meta property=\"article:published_time\" content=\"2018-04-13T21:20:28+00:00\" \/>\n<meta property=\"article:modified_time\" content=\"2024-07-04T16:53:53+00:00\" \/>\n<meta name=\"author\" content=\"Universidad de las Artes\" \/>\n<meta name=\"twitter:card\" content=\"summary_large_image\" \/>\n<meta name=\"twitter:creator\" content=\"@uartesec\" \/>\n<meta name=\"twitter:site\" content=\"@uartesec\" \/>\n<meta name=\"twitter:label1\" content=\"Escrito por\" \/>\n\t<meta name=\"twitter:data1\" content=\"Universidad de las Artes\" \/>\n\t<meta name=\"twitter:label2\" content=\"Tiempo de lectura\" \/>\n\t<meta name=\"twitter:data2\" content=\"2 minutos\" \/>\n<script type=\"application\/ld+json\" class=\"yoast-schema-graph\">{\"@context\":\"https:\\\/\\\/schema.org\",\"@graph\":[{\"@type\":\"Article\",\"@id\":\"https:\\\/\\\/www.uartes.edu.ec\\\/sitio\\\/blog\\\/2018\\\/04\\\/13\\\/dos-cortometrajes-de-la-uartes-se-unen-a-los-138-documentales-que-proyectara-el-edoc-17\\\/#article\",\"isPartOf\":{\"@id\":\"https:\\\/\\\/www.uartes.edu.ec\\\/sitio\\\/blog\\\/2018\\\/04\\\/13\\\/dos-cortometrajes-de-la-uartes-se-unen-a-los-138-documentales-que-proyectara-el-edoc-17\\\/\"},\"author\":{\"name\":\"Universidad de las Artes\",\"@id\":\"https:\\\/\\\/www.uartes.edu.ec\\\/sitio\\\/#\\\/schema\\\/person\\\/f33f8c1d2af0d5c80a38c8abf458184a\"},\"headline\":\"Dos cortometrajes de la UArtes se unen a los 138 documentales que proyectar\u00e1 el EDOC 17\",\"datePublished\":\"2018-04-13T21:20:28+00:00\",\"dateModified\":\"2024-07-04T16:53:53+00:00\",\"mainEntityOfPage\":{\"@id\":\"https:\\\/\\\/www.uartes.edu.ec\\\/sitio\\\/blog\\\/2018\\\/04\\\/13\\\/dos-cortometrajes-de-la-uartes-se-unen-a-los-138-documentales-que-proyectara-el-edoc-17\\\/\"},\"wordCount\":373,\"publisher\":{\"@id\":\"https:\\\/\\\/www.uartes.edu.ec\\\/sitio\\\/#organization\"},\"image\":{\"@id\":\"https:\\\/\\\/www.uartes.edu.ec\\\/sitio\\\/blog\\\/2018\\\/04\\\/13\\\/dos-cortometrajes-de-la-uartes-se-unen-a-los-138-documentales-que-proyectara-el-edoc-17\\\/#primaryimage\"},\"thumbnailUrl\":\"\",\"keywords\":[\"edoc\"],\"articleSection\":[\"Artes\"],\"inLanguage\":\"es\"},{\"@type\":[\"WebPage\",\"ItemPage\"],\"@id\":\"https:\\\/\\\/www.uartes.edu.ec\\\/sitio\\\/blog\\\/2018\\\/04\\\/13\\\/dos-cortometrajes-de-la-uartes-se-unen-a-los-138-documentales-que-proyectara-el-edoc-17\\\/\",\"url\":\"https:\\\/\\\/www.uartes.edu.ec\\\/sitio\\\/blog\\\/2018\\\/04\\\/13\\\/dos-cortometrajes-de-la-uartes-se-unen-a-los-138-documentales-que-proyectara-el-edoc-17\\\/\",\"name\":\"Universidad de las Artes - Dos cortometrajes de la UArtes se unen a los 138 documentales que proyectar\u00e1 el EDOC 17\",\"isPartOf\":{\"@id\":\"https:\\\/\\\/www.uartes.edu.ec\\\/sitio\\\/#website\"},\"primaryImageOfPage\":{\"@id\":\"https:\\\/\\\/www.uartes.edu.ec\\\/sitio\\\/blog\\\/2018\\\/04\\\/13\\\/dos-cortometrajes-de-la-uartes-se-unen-a-los-138-documentales-que-proyectara-el-edoc-17\\\/#primaryimage\"},\"image\":{\"@id\":\"https:\\\/\\\/www.uartes.edu.ec\\\/sitio\\\/blog\\\/2018\\\/04\\\/13\\\/dos-cortometrajes-de-la-uartes-se-unen-a-los-138-documentales-que-proyectara-el-edoc-17\\\/#primaryimage\"},\"thumbnailUrl\":\"\",\"datePublished\":\"2018-04-13T21:20:28+00:00\",\"dateModified\":\"2024-07-04T16:53:53+00:00\",\"description\":\"Universidad de las Artes - Dos cortometrajes de la UArtes se unen a los 138 documentales que proyectar\u00e1 el EDOC 17\",\"breadcrumb\":{\"@id\":\"https:\\\/\\\/www.uartes.edu.ec\\\/sitio\\\/blog\\\/2018\\\/04\\\/13\\\/dos-cortometrajes-de-la-uartes-se-unen-a-los-138-documentales-que-proyectara-el-edoc-17\\\/#breadcrumb\"},\"inLanguage\":\"es\",\"potentialAction\":[{\"@type\":\"ReadAction\",\"target\":[\"https:\\\/\\\/www.uartes.edu.ec\\\/sitio\\\/blog\\\/2018\\\/04\\\/13\\\/dos-cortometrajes-de-la-uartes-se-unen-a-los-138-documentales-que-proyectara-el-edoc-17\\\/\"]}]},{\"@type\":\"ImageObject\",\"inLanguage\":\"es\",\"@id\":\"https:\\\/\\\/www.uartes.edu.ec\\\/sitio\\\/blog\\\/2018\\\/04\\\/13\\\/dos-cortometrajes-de-la-uartes-se-unen-a-los-138-documentales-que-proyectara-el-edoc-17\\\/#primaryimage\",\"url\":\"\",\"contentUrl\":\"\"},{\"@type\":\"BreadcrumbList\",\"@id\":\"https:\\\/\\\/www.uartes.edu.ec\\\/sitio\\\/blog\\\/2018\\\/04\\\/13\\\/dos-cortometrajes-de-la-uartes-se-unen-a-los-138-documentales-que-proyectara-el-edoc-17\\\/#breadcrumb\",\"itemListElement\":[{\"@type\":\"ListItem\",\"position\":1,\"name\":\"Inicio\",\"item\":\"https:\\\/\\\/www.uartes.edu.ec\\\/sitio\\\/\"},{\"@type\":\"ListItem\",\"position\":2,\"name\":\"Dos cortometrajes de la UArtes se unen a los 138 documentales que proyectar\u00e1 el EDOC 17\"}]},{\"@type\":\"WebSite\",\"@id\":\"https:\\\/\\\/www.uartes.edu.ec\\\/sitio\\\/#website\",\"url\":\"https:\\\/\\\/www.uartes.edu.ec\\\/sitio\\\/\",\"name\":\"Universidad de las Artes\",\"description\":\"Sitio oficial de la Universidad Nacional de las Artes del Ecuador\",\"publisher\":{\"@id\":\"https:\\\/\\\/www.uartes.edu.ec\\\/sitio\\\/#organization\"},\"potentialAction\":[{\"@type\":\"SearchAction\",\"target\":{\"@type\":\"EntryPoint\",\"urlTemplate\":\"https:\\\/\\\/www.uartes.edu.ec\\\/sitio\\\/?s={search_term_string}\"},\"query-input\":{\"@type\":\"PropertyValueSpecification\",\"valueRequired\":true,\"valueName\":\"search_term_string\"}}],\"inLanguage\":\"es\"},{\"@type\":\"Organization\",\"@id\":\"https:\\\/\\\/www.uartes.edu.ec\\\/sitio\\\/#organization\",\"name\":\"Universidad de las Artes\",\"url\":\"https:\\\/\\\/www.uartes.edu.ec\\\/sitio\\\/\",\"logo\":{\"@type\":\"ImageObject\",\"inLanguage\":\"es\",\"@id\":\"https:\\\/\\\/www.uartes.edu.ec\\\/sitio\\\/#\\\/schema\\\/logo\\\/image\\\/\",\"url\":\"https:\\\/\\\/www.uartes.edu.ec\\\/sitio\\\/wp-content\\\/uploads\\\/2022\\\/07\\\/logo-ua-horizontal.png\",\"contentUrl\":\"https:\\\/\\\/www.uartes.edu.ec\\\/sitio\\\/wp-content\\\/uploads\\\/2022\\\/07\\\/logo-ua-horizontal.png\",\"width\":800,\"height\":276,\"caption\":\"Universidad de las Artes\"},\"image\":{\"@id\":\"https:\\\/\\\/www.uartes.edu.ec\\\/sitio\\\/#\\\/schema\\\/logo\\\/image\\\/\"},\"sameAs\":[\"https:\\\/\\\/www.facebook.com\\\/uartesec\",\"https:\\\/\\\/x.com\\\/uartesec\",\"https:\\\/\\\/www.tiktok.com\\\/@uartesec\"]},{\"@type\":\"Person\",\"@id\":\"https:\\\/\\\/www.uartes.edu.ec\\\/sitio\\\/#\\\/schema\\\/person\\\/f33f8c1d2af0d5c80a38c8abf458184a\",\"name\":\"Universidad de las Artes\",\"image\":{\"@type\":\"ImageObject\",\"inLanguage\":\"es\",\"@id\":\"https:\\\/\\\/secure.gravatar.com\\\/avatar\\\/52e4757902f5cfa5ac52d020e5be83cae5487519154b6c35482fe08d589f3c13?s=96&d=mm&r=g\",\"url\":\"https:\\\/\\\/secure.gravatar.com\\\/avatar\\\/52e4757902f5cfa5ac52d020e5be83cae5487519154b6c35482fe08d589f3c13?s=96&d=mm&r=g\",\"contentUrl\":\"https:\\\/\\\/secure.gravatar.com\\\/avatar\\\/52e4757902f5cfa5ac52d020e5be83cae5487519154b6c35482fe08d589f3c13?s=96&d=mm&r=g\",\"caption\":\"Universidad de las Artes\"},\"url\":\"https:\\\/\\\/www.uartes.edu.ec\\\/sitio\\\/blog\\\/author\\\/dircomadm\\\/\"}]}<\/script>\n<!-- \/ Yoast SEO plugin. -->","yoast_head_json":{"title":"Universidad de las Artes - Dos cortometrajes de la UArtes se unen a los 138 documentales que proyectar\u00e1 el EDOC 17","description":"Universidad de las Artes - Dos cortometrajes de la UArtes se unen a los 138 documentales que proyectar\u00e1 el EDOC 17","robots":{"index":"index","follow":"follow","max-snippet":"max-snippet:-1","max-image-preview":"max-image-preview:large","max-video-preview":"max-video-preview:-1"},"canonical":"https:\/\/www.uartes.edu.ec\/sitio\/blog\/2018\/04\/13\/dos-cortometrajes-de-la-uartes-se-unen-a-los-138-documentales-que-proyectara-el-edoc-17\/","og_locale":"es_ES","og_type":"article","og_title":"Universidad de las Artes - Dos cortometrajes de la UArtes se unen a los 138 documentales que proyectar\u00e1 el EDOC 17","og_description":"Universidad de las Artes - Dos cortometrajes de la UArtes se unen a los 138 documentales que proyectar\u00e1 el EDOC 17","og_url":"https:\/\/www.uartes.edu.ec\/sitio\/blog\/2018\/04\/13\/dos-cortometrajes-de-la-uartes-se-unen-a-los-138-documentales-que-proyectara-el-edoc-17\/","og_site_name":"Universidad de las Artes","article_publisher":"https:\/\/www.facebook.com\/uartesec","article_published_time":"2018-04-13T21:20:28+00:00","article_modified_time":"2024-07-04T16:53:53+00:00","author":"Universidad de las Artes","twitter_card":"summary_large_image","twitter_creator":"@uartesec","twitter_site":"@uartesec","twitter_misc":{"Escrito por":"Universidad de las Artes","Tiempo de lectura":"2 minutos"},"schema":{"@context":"https:\/\/schema.org","@graph":[{"@type":"Article","@id":"https:\/\/www.uartes.edu.ec\/sitio\/blog\/2018\/04\/13\/dos-cortometrajes-de-la-uartes-se-unen-a-los-138-documentales-que-proyectara-el-edoc-17\/#article","isPartOf":{"@id":"https:\/\/www.uartes.edu.ec\/sitio\/blog\/2018\/04\/13\/dos-cortometrajes-de-la-uartes-se-unen-a-los-138-documentales-que-proyectara-el-edoc-17\/"},"author":{"name":"Universidad de las Artes","@id":"https:\/\/www.uartes.edu.ec\/sitio\/#\/schema\/person\/f33f8c1d2af0d5c80a38c8abf458184a"},"headline":"Dos cortometrajes de la UArtes se unen a los 138 documentales que proyectar\u00e1 el EDOC 17","datePublished":"2018-04-13T21:20:28+00:00","dateModified":"2024-07-04T16:53:53+00:00","mainEntityOfPage":{"@id":"https:\/\/www.uartes.edu.ec\/sitio\/blog\/2018\/04\/13\/dos-cortometrajes-de-la-uartes-se-unen-a-los-138-documentales-que-proyectara-el-edoc-17\/"},"wordCount":373,"publisher":{"@id":"https:\/\/www.uartes.edu.ec\/sitio\/#organization"},"image":{"@id":"https:\/\/www.uartes.edu.ec\/sitio\/blog\/2018\/04\/13\/dos-cortometrajes-de-la-uartes-se-unen-a-los-138-documentales-que-proyectara-el-edoc-17\/#primaryimage"},"thumbnailUrl":"","keywords":["edoc"],"articleSection":["Artes"],"inLanguage":"es"},{"@type":["WebPage","ItemPage"],"@id":"https:\/\/www.uartes.edu.ec\/sitio\/blog\/2018\/04\/13\/dos-cortometrajes-de-la-uartes-se-unen-a-los-138-documentales-que-proyectara-el-edoc-17\/","url":"https:\/\/www.uartes.edu.ec\/sitio\/blog\/2018\/04\/13\/dos-cortometrajes-de-la-uartes-se-unen-a-los-138-documentales-que-proyectara-el-edoc-17\/","name":"Universidad de las Artes - Dos cortometrajes de la UArtes se unen a los 138 documentales que proyectar\u00e1 el EDOC 17","isPartOf":{"@id":"https:\/\/www.uartes.edu.ec\/sitio\/#website"},"primaryImageOfPage":{"@id":"https:\/\/www.uartes.edu.ec\/sitio\/blog\/2018\/04\/13\/dos-cortometrajes-de-la-uartes-se-unen-a-los-138-documentales-que-proyectara-el-edoc-17\/#primaryimage"},"image":{"@id":"https:\/\/www.uartes.edu.ec\/sitio\/blog\/2018\/04\/13\/dos-cortometrajes-de-la-uartes-se-unen-a-los-138-documentales-que-proyectara-el-edoc-17\/#primaryimage"},"thumbnailUrl":"","datePublished":"2018-04-13T21:20:28+00:00","dateModified":"2024-07-04T16:53:53+00:00","description":"Universidad de las Artes - Dos cortometrajes de la UArtes se unen a los 138 documentales que proyectar\u00e1 el EDOC 17","breadcrumb":{"@id":"https:\/\/www.uartes.edu.ec\/sitio\/blog\/2018\/04\/13\/dos-cortometrajes-de-la-uartes-se-unen-a-los-138-documentales-que-proyectara-el-edoc-17\/#breadcrumb"},"inLanguage":"es","potentialAction":[{"@type":"ReadAction","target":["https:\/\/www.uartes.edu.ec\/sitio\/blog\/2018\/04\/13\/dos-cortometrajes-de-la-uartes-se-unen-a-los-138-documentales-que-proyectara-el-edoc-17\/"]}]},{"@type":"ImageObject","inLanguage":"es","@id":"https:\/\/www.uartes.edu.ec\/sitio\/blog\/2018\/04\/13\/dos-cortometrajes-de-la-uartes-se-unen-a-los-138-documentales-que-proyectara-el-edoc-17\/#primaryimage","url":"","contentUrl":""},{"@type":"BreadcrumbList","@id":"https:\/\/www.uartes.edu.ec\/sitio\/blog\/2018\/04\/13\/dos-cortometrajes-de-la-uartes-se-unen-a-los-138-documentales-que-proyectara-el-edoc-17\/#breadcrumb","itemListElement":[{"@type":"ListItem","position":1,"name":"Inicio","item":"https:\/\/www.uartes.edu.ec\/sitio\/"},{"@type":"ListItem","position":2,"name":"Dos cortometrajes de la UArtes se unen a los 138 documentales que proyectar\u00e1 el EDOC 17"}]},{"@type":"WebSite","@id":"https:\/\/www.uartes.edu.ec\/sitio\/#website","url":"https:\/\/www.uartes.edu.ec\/sitio\/","name":"Universidad de las Artes","description":"Sitio oficial de la Universidad Nacional de las Artes del Ecuador","publisher":{"@id":"https:\/\/www.uartes.edu.ec\/sitio\/#organization"},"potentialAction":[{"@type":"SearchAction","target":{"@type":"EntryPoint","urlTemplate":"https:\/\/www.uartes.edu.ec\/sitio\/?s={search_term_string}"},"query-input":{"@type":"PropertyValueSpecification","valueRequired":true,"valueName":"search_term_string"}}],"inLanguage":"es"},{"@type":"Organization","@id":"https:\/\/www.uartes.edu.ec\/sitio\/#organization","name":"Universidad de las Artes","url":"https:\/\/www.uartes.edu.ec\/sitio\/","logo":{"@type":"ImageObject","inLanguage":"es","@id":"https:\/\/www.uartes.edu.ec\/sitio\/#\/schema\/logo\/image\/","url":"https:\/\/www.uartes.edu.ec\/sitio\/wp-content\/uploads\/2022\/07\/logo-ua-horizontal.png","contentUrl":"https:\/\/www.uartes.edu.ec\/sitio\/wp-content\/uploads\/2022\/07\/logo-ua-horizontal.png","width":800,"height":276,"caption":"Universidad de las Artes"},"image":{"@id":"https:\/\/www.uartes.edu.ec\/sitio\/#\/schema\/logo\/image\/"},"sameAs":["https:\/\/www.facebook.com\/uartesec","https:\/\/x.com\/uartesec","https:\/\/www.tiktok.com\/@uartesec"]},{"@type":"Person","@id":"https:\/\/www.uartes.edu.ec\/sitio\/#\/schema\/person\/f33f8c1d2af0d5c80a38c8abf458184a","name":"Universidad de las Artes","image":{"@type":"ImageObject","inLanguage":"es","@id":"https:\/\/secure.gravatar.com\/avatar\/52e4757902f5cfa5ac52d020e5be83cae5487519154b6c35482fe08d589f3c13?s=96&d=mm&r=g","url":"https:\/\/secure.gravatar.com\/avatar\/52e4757902f5cfa5ac52d020e5be83cae5487519154b6c35482fe08d589f3c13?s=96&d=mm&r=g","contentUrl":"https:\/\/secure.gravatar.com\/avatar\/52e4757902f5cfa5ac52d020e5be83cae5487519154b6c35482fe08d589f3c13?s=96&d=mm&r=g","caption":"Universidad de las Artes"},"url":"https:\/\/www.uartes.edu.ec\/sitio\/blog\/author\/dircomadm\/"}]}},"uagb_featured_image_src":{"full":false,"thumbnail":false,"medium":false,"medium_large":false,"large":false,"1536x1536":false,"2048x2048":false,"trp-custom-language-flag":false,"htmega_size_585x295":false,"htmega_size_1170x536":false,"htmega_size_396x360":false,"gb-block-post-grid-landscape":false,"gb-block-post-grid-square":false,"university-hub-thumb":false,"mailpoet_newsletter_max":false},"uagb_author_info":{"display_name":"Universidad de las Artes","author_link":"https:\/\/www.uartes.edu.ec\/sitio\/blog\/author\/dircomadm\/"},"uagb_comment_info":0,"uagb_excerpt":"Los documentales Rosita, de Rosa Iliana Matamoros, y A medio camino, de Nantu Mantilla, ambas estudiantes de la carrera de Cine de la Universidad de las Artes, forman parte de la selecci\u00f3n del Festival Internacional de Cine Documental \u201cEncuentros del Otro Cine\u201d \u2013 EDOC. Los cortometrajes seleccionados se constituyen como los primeros productos art\u00edsticos de&hellip;","featured_image_src":null,"featured_image_src_square":null,"author_info":{"display_name":"Universidad de las Artes","author_link":"https:\/\/www.uartes.edu.ec\/sitio\/blog\/author\/dircomadm\/"},"publishpress_future_workflow_manual_trigger":{"enabledWorkflows":[]},"distributor_meta":false,"distributor_terms":false,"distributor_media":false,"distributor_original_site_name":"Universidad de las Artes","distributor_original_site_url":"https:\/\/www.uartes.edu.ec\/sitio","push-errors":false,"_links":{"self":[{"href":"https:\/\/www.uartes.edu.ec\/sitio\/wp-json\/wp\/v2\/posts\/1472","targetHints":{"allow":["GET"]}}],"collection":[{"href":"https:\/\/www.uartes.edu.ec\/sitio\/wp-json\/wp\/v2\/posts"}],"about":[{"href":"https:\/\/www.uartes.edu.ec\/sitio\/wp-json\/wp\/v2\/types\/post"}],"author":[{"embeddable":true,"href":"https:\/\/www.uartes.edu.ec\/sitio\/wp-json\/wp\/v2\/users\/1"}],"replies":[{"embeddable":true,"href":"https:\/\/www.uartes.edu.ec\/sitio\/wp-json\/wp\/v2\/comments?post=1472"}],"version-history":[{"count":1,"href":"https:\/\/www.uartes.edu.ec\/sitio\/wp-json\/wp\/v2\/posts\/1472\/revisions"}],"predecessor-version":[{"id":3399,"href":"https:\/\/www.uartes.edu.ec\/sitio\/wp-json\/wp\/v2\/posts\/1472\/revisions\/3399"}],"wp:featuredmedia":[{"embeddable":true,"href":"https:\/\/www.uartes.edu.ec\/sitio\/wp-json\/"}],"wp:attachment":[{"href":"https:\/\/www.uartes.edu.ec\/sitio\/wp-json\/wp\/v2\/media?parent=1472"}],"wp:term":[{"taxonomy":"category","embeddable":true,"href":"https:\/\/www.uartes.edu.ec\/sitio\/wp-json\/wp\/v2\/categories?post=1472"},{"taxonomy":"post_tag","embeddable":true,"href":"https:\/\/www.uartes.edu.ec\/sitio\/wp-json\/wp\/v2\/tags?post=1472"},{"taxonomy":"infouartes","embeddable":true,"href":"https:\/\/www.uartes.edu.ec\/sitio\/wp-json\/wp\/v2\/infouartes?post=1472"}],"curies":[{"name":"wp","href":"https:\/\/api.w.org\/{rel}","templated":true}]}}