{"id":14764,"date":"2021-07-14T11:20:38","date_gmt":"2021-07-14T16:20:38","guid":{"rendered":"http:\/\/www.uartes.edu.ec\/sitio\/?p=14764"},"modified":"2024-07-04T11:26:05","modified_gmt":"2024-07-04T16:26:05","slug":"cooperacion-interinstitucional-entre-la-uartes-y-la-casa-de-la-cultura-nucleo-de-tungurahua","status":"publish","type":"post","link":"https:\/\/www.uartes.edu.ec\/sitio\/blog\/2021\/07\/13\/cooperacion-interinstitucional-entre-la-uartes-y-la-casa-de-la-cultura-nucleo-de-tungurahua\/","title":{"rendered":"Cooperaci\u00f3n interinstitucional entre la UArtes y la Casa de la Cultura N\u00facleo de Tungurahua"},"content":{"rendered":"\n<p>Un Convenio Marco de Cooperaci\u00f3n Interinstitucional se firm\u00f3 este lunes 12 de julio de 2021 entre la Universidad de las Artes y la Casa de la Cultura Ecuatoriana N\u00facleo de Tungurahua. En la suscripci\u00f3n intervinieron sus respectivos representantes, el Dr. William Herrera R\u00edos, rector de la UArtes, y el Soc. Fernando Cer\u00f3n, director de la CCENT.<\/p>\n\n\n\n<p>En el documento se detalla como prop\u00f3sito coordinar y articular el desarrollo de planes, programas, proyectos y actividades colaborativas que est\u00e9n encaminadas al fortalecimiento de capacidades individuales y colectivas, a la transformaci\u00f3n sociocultural, la b\u00fasqueda de soluciones a problem\u00e1ticas comunitarias, la producci\u00f3n y difusi\u00f3n del conocimiento, el arte y la cultura, y la creaci\u00f3n conjunta de entornos favorables para desarrollar instrumentos innovadores que beneficien a las partes y a las comunidades en la provincia de Tungurahua.<\/p>\n\n\n\n<p>La Universidad de las Artes tiene como misi\u00f3n generar un entorno nacional e internacional que valore y apoye el rol de los profesionales acad\u00e9micos e investigadores del arte, su aporte a la econom\u00eda y la trasformaci\u00f3n de la sociedad, generando un cambio real en la matriz productiva, adem\u00e1s de lograr el cumplimiento de uno de sus objetivos sobre internacionalizaci\u00f3n y posicionamiento de las pol\u00edticas y procesos en la ejecuci\u00f3n de carreras y programas, la investigaci\u00f3n, la educaci\u00f3n continua, la innovaci\u00f3n tecnol\u00f3gica, el dise\u00f1o e implementaci\u00f3n de programas de desarrollo y la movilidad acad\u00e9mica de estudiantes, del personal acad\u00e9mico y de la obra art\u00edstica y literaria.<\/p>\n\n\n\n<p>En este sentido, el Convenio Marco de Cooperaci\u00f3n Interinstitucional, cuya duraci\u00f3n es de cuatro a\u00f1os, beneficiar\u00e1 la difusi\u00f3n de la oferta acad\u00e9mica de la UArtes y la relaci\u00f3n de integraci\u00f3n entre la comunidad universitaria y comunidades diversas de Tungurahua.<\/p>\n\n\n\n<p>Como objetivos espec\u00edficos del acuerdo constan, entre otros, promover el desarrollo de espacios de formaci\u00f3n continua y capacitaci\u00f3n relacionados con educaci\u00f3n en artes y gesti\u00f3n cultural, con \u00e9nfasis en educadoras\/es, gestoras y gestores culturales, artistas, gestor\/as comunitarias; favorecer el desarrollo de proyectos y actividades orientadas el fortalecimiento de capacidades de ambas instituciones, gobiernos aut\u00f3nomos descentralizados en Tungurahua, instituciones p\u00fablicas y organizaciones comunitarias; y, promover proyectos relacionados con la producci\u00f3n y circulaci\u00f3n de pr\u00e1cticas art\u00edsticas, que incentiven la organizaci\u00f3n y participaci\u00f3n de la ciudadan\u00eda de Tungurahua que impulsen la valoraci\u00f3n y di\u00e1logos de creatividades y saberes diversos.<\/p>\n\n\n\n<p>Tambi\u00e9n, impulsar procesos de investigaci\u00f3n y gesti\u00f3n del conocimiento en el \u00e1mbito de las artes y la cultura para contribuir a los di\u00e1logos interculturales, el reconocimiento de las identidades diversas, la memoria hist\u00f3rica y social y la conexi\u00f3n y cuidado del ser humano consigo mismo, con la comunidad y con el entorno; desarrollar publicaciones conjuntas y eventos colaborativos de divulgaci\u00f3n acad\u00e9mica, art\u00edstica, cient\u00edfica, cultural y tecnol\u00f3gica; promover la realizaci\u00f3n de pr\u00e1cticas preprofesionales por parte de estudiantes de la Universidad de las Artes en las actividades relacionadas con el campo de su formaci\u00f3n en Tungurahua; y, realizar la gesti\u00f3n y promoci\u00f3n del acceso de la ciudadan\u00eda en Tungurahua para la aplicaci\u00f3n a becas de estudios en la UArtes, as\u00ed como informaci\u00f3n respecto de los servicios de la Universidad de las Artes.<\/p>\n\n\n\n<div class=\"wp-block-image\"><figure class=\"aligncenter size-full\"><img fetchpriority=\"high\" decoding=\"async\" width=\"2000\" height=\"1333\" src=\"http:\/\/www.uartes.edu.ec\/sitio\/wp-content\/uploads\/2021\/07\/CCE-TUNGURAHUA-UARTES-2.jpg\" alt=\"Cooperaci\u00f3n interinstitucional entre la UArtes y la Casa de la Cultura N\u00facleo de Tungurahua\" class=\"wp-image-14791\" srcset=\"https:\/\/www.uartes.edu.ec\/sitio\/wp-content\/uploads\/2021\/07\/CCE-TUNGURAHUA-UARTES-2.jpg 2000w, https:\/\/www.uartes.edu.ec\/sitio\/wp-content\/uploads\/2021\/07\/CCE-TUNGURAHUA-UARTES-2-300x200.jpg 300w, https:\/\/www.uartes.edu.ec\/sitio\/wp-content\/uploads\/2021\/07\/CCE-TUNGURAHUA-UARTES-2-644x429.jpg 644w, https:\/\/www.uartes.edu.ec\/sitio\/wp-content\/uploads\/2021\/07\/CCE-TUNGURAHUA-UARTES-2-768x512.jpg 768w, https:\/\/www.uartes.edu.ec\/sitio\/wp-content\/uploads\/2021\/07\/CCE-TUNGURAHUA-UARTES-2-1536x1024.jpg 1536w, https:\/\/www.uartes.edu.ec\/sitio\/wp-content\/uploads\/2021\/07\/CCE-TUNGURAHUA-UARTES-2-16x12.jpg 16w, https:\/\/www.uartes.edu.ec\/sitio\/wp-content\/uploads\/2021\/07\/CCE-TUNGURAHUA-UARTES-2-600x400.jpg 600w, https:\/\/www.uartes.edu.ec\/sitio\/wp-content\/uploads\/2021\/07\/CCE-TUNGURAHUA-UARTES-2-400x267.jpg 400w, https:\/\/www.uartes.edu.ec\/sitio\/wp-content\/uploads\/2021\/07\/CCE-TUNGURAHUA-UARTES-2-272x182.jpg 272w\" sizes=\"(max-width: 2000px) 100vw, 2000px\" \/><figcaption>Cooperaci\u00f3n interinstitucional entre la UArtes y la Casa de la Cultura N\u00facleo de Tungurahua<\/figcaption><\/figure><\/div>\n\n\n\n<p>Dentro de las obligaciones de las partes, acorde a lo que se\u00f1ala la cl\u00e1usula quinta del convenio, se indica, entre otros puntos, que la Casa de la Cultura Ecuatoriana N\u00facleo del Tungurahua y la Universidad de las Artes participar\u00e1n de manera conjunta en el dise\u00f1o, ejecuci\u00f3n, seguimiento y evaluaci\u00f3n de programas, proyectos y dem\u00e1s acciones que consoliden espacios de formaci\u00f3n, promoci\u00f3n, difusi\u00f3n de las artes y la cultura, en el marco de lo establecido en los planes de desarrollo y ordenamiento territorial locales, la vocaci\u00f3n de ambas instituciones, las demandas ciudadanas, y el objeto del presente convenio.<\/p>\n","protected":false},"excerpt":{"rendered":"<p>Un Convenio Marco de Cooperaci\u00f3n Interinstitucional se firm\u00f3 este lunes 12 de julio de 2021 entre la Universidad de las Artes y la Casa de la Cultura Ecuatoriana N\u00facleo de Tungurahua. En la suscripci\u00f3n intervinieron sus respectivos representantes, el Dr. William Herrera R\u00edos, rector de la UArtes, y el Soc. Fernando Cer\u00f3n, director de la CCENT.<\/p>\n","protected":false},"author":1,"featured_media":14792,"comment_status":"open","ping_status":"open","sticky":false,"template":"","format":"standard","meta":{"_acf_changed":false,"_uag_custom_page_level_css":"","_monsterinsights_skip_tracking":false,"_monsterinsights_sitenote_active":false,"_monsterinsights_sitenote_note":"","_monsterinsights_sitenote_category":0,"cybocfi_hide_featured_image":"","footnotes":""},"categories":[77,84],"tags":[281],"infouartes":[],"class_list":["post-14764","post","type-post","status-publish","format-standard","has-post-thumbnail","hentry","category-gestion","category-rectorado","tag-interinstitucional"],"acf":[],"yoast_head":"<!-- This site is optimized with the Yoast SEO plugin v27.4 - https:\/\/yoast.com\/product\/yoast-seo-wordpress\/ -->\n<title>Universidad de las Artes - Cooperaci\u00f3n interinstitucional entre la UArtes y la Casa de la Cultura N\u00facleo de Tungurahua<\/title>\n<meta name=\"description\" content=\"Universidad de las Artes - Cooperaci\u00f3n interinstitucional entre la UArtes y la Casa de la Cultura N\u00facleo de Tungurahua\" \/>\n<meta name=\"robots\" content=\"index, follow, max-snippet:-1, max-image-preview:large, max-video-preview:-1\" \/>\n<link rel=\"canonical\" href=\"https:\/\/www.uartes.edu.ec\/sitio\/blog\/2021\/07\/13\/cooperacion-interinstitucional-entre-la-uartes-y-la-casa-de-la-cultura-nucleo-de-tungurahua\/\" \/>\n<meta property=\"og:locale\" content=\"es_ES\" \/>\n<meta property=\"og:type\" content=\"article\" \/>\n<meta property=\"og:title\" content=\"Universidad de las Artes - Cooperaci\u00f3n interinstitucional entre la UArtes y la Casa de la Cultura N\u00facleo de Tungurahua\" \/>\n<meta property=\"og:description\" content=\"Universidad de las Artes - Cooperaci\u00f3n interinstitucional entre la UArtes y la Casa de la Cultura N\u00facleo de Tungurahua\" \/>\n<meta property=\"og:url\" content=\"https:\/\/www.uartes.edu.ec\/sitio\/blog\/2021\/07\/13\/cooperacion-interinstitucional-entre-la-uartes-y-la-casa-de-la-cultura-nucleo-de-tungurahua\/\" \/>\n<meta property=\"og:site_name\" content=\"Universidad de las Artes\" \/>\n<meta property=\"article:publisher\" content=\"https:\/\/www.facebook.com\/uartesec\" \/>\n<meta property=\"article:published_time\" content=\"2021-07-14T16:20:38+00:00\" \/>\n<meta property=\"article:modified_time\" content=\"2024-07-04T16:26:05+00:00\" \/>\n<meta property=\"og:image\" content=\"https:\/\/www.uartes.edu.ec\/sitio\/wp-content\/uploads\/2021\/07\/CCE-TUNGURAHUA-UARTES.jpg\" \/>\n\t<meta property=\"og:image:width\" content=\"2000\" \/>\n\t<meta property=\"og:image:height\" content=\"1333\" \/>\n\t<meta property=\"og:image:type\" content=\"image\/jpeg\" \/>\n<meta name=\"author\" content=\"Universidad de las Artes\" \/>\n<meta name=\"twitter:card\" content=\"summary_large_image\" \/>\n<meta name=\"twitter:creator\" content=\"@uartesec\" \/>\n<meta name=\"twitter:site\" content=\"@uartesec\" \/>\n<meta name=\"twitter:label1\" content=\"Escrito por\" \/>\n\t<meta name=\"twitter:data1\" content=\"Universidad de las Artes\" \/>\n\t<meta name=\"twitter:label2\" content=\"Tiempo de lectura\" \/>\n\t<meta name=\"twitter:data2\" content=\"3 minutos\" \/>\n<script type=\"application\/ld+json\" class=\"yoast-schema-graph\">{\"@context\":\"https:\\\/\\\/schema.org\",\"@graph\":[{\"@type\":\"Article\",\"@id\":\"https:\\\/\\\/www.uartes.edu.ec\\\/sitio\\\/blog\\\/2021\\\/07\\\/13\\\/cooperacion-interinstitucional-entre-la-uartes-y-la-casa-de-la-cultura-nucleo-de-tungurahua\\\/#article\",\"isPartOf\":{\"@id\":\"https:\\\/\\\/www.uartes.edu.ec\\\/sitio\\\/blog\\\/2021\\\/07\\\/13\\\/cooperacion-interinstitucional-entre-la-uartes-y-la-casa-de-la-cultura-nucleo-de-tungurahua\\\/\"},\"author\":{\"name\":\"Universidad de las Artes\",\"@id\":\"https:\\\/\\\/www.uartes.edu.ec\\\/sitio\\\/#\\\/schema\\\/person\\\/f33f8c1d2af0d5c80a38c8abf458184a\"},\"headline\":\"Cooperaci\u00f3n interinstitucional entre la UArtes y la Casa de la Cultura N\u00facleo de Tungurahua\",\"datePublished\":\"2021-07-14T16:20:38+00:00\",\"dateModified\":\"2024-07-04T16:26:05+00:00\",\"mainEntityOfPage\":{\"@id\":\"https:\\\/\\\/www.uartes.edu.ec\\\/sitio\\\/blog\\\/2021\\\/07\\\/13\\\/cooperacion-interinstitucional-entre-la-uartes-y-la-casa-de-la-cultura-nucleo-de-tungurahua\\\/\"},\"wordCount\":715,\"commentCount\":0,\"publisher\":{\"@id\":\"https:\\\/\\\/www.uartes.edu.ec\\\/sitio\\\/#organization\"},\"image\":{\"@id\":\"https:\\\/\\\/www.uartes.edu.ec\\\/sitio\\\/blog\\\/2021\\\/07\\\/13\\\/cooperacion-interinstitucional-entre-la-uartes-y-la-casa-de-la-cultura-nucleo-de-tungurahua\\\/#primaryimage\"},\"thumbnailUrl\":\"https:\\\/\\\/www.uartes.edu.ec\\\/sitio\\\/wp-content\\\/uploads\\\/2021\\\/07\\\/CCE-TUNGURAHUA-UARTES.jpg\",\"keywords\":[\"interinstitucional\"],\"articleSection\":[\"Gesti\u00f3n\",\"Rectorado\"],\"inLanguage\":\"es\",\"potentialAction\":[{\"@type\":\"CommentAction\",\"name\":\"Comment\",\"target\":[\"https:\\\/\\\/www.uartes.edu.ec\\\/sitio\\\/blog\\\/2021\\\/07\\\/13\\\/cooperacion-interinstitucional-entre-la-uartes-y-la-casa-de-la-cultura-nucleo-de-tungurahua\\\/#respond\"]}]},{\"@type\":[\"WebPage\",\"ItemPage\"],\"@id\":\"https:\\\/\\\/www.uartes.edu.ec\\\/sitio\\\/blog\\\/2021\\\/07\\\/13\\\/cooperacion-interinstitucional-entre-la-uartes-y-la-casa-de-la-cultura-nucleo-de-tungurahua\\\/\",\"url\":\"https:\\\/\\\/www.uartes.edu.ec\\\/sitio\\\/blog\\\/2021\\\/07\\\/13\\\/cooperacion-interinstitucional-entre-la-uartes-y-la-casa-de-la-cultura-nucleo-de-tungurahua\\\/\",\"name\":\"Universidad de las Artes - Cooperaci\u00f3n interinstitucional entre la UArtes y la Casa de la Cultura N\u00facleo de Tungurahua\",\"isPartOf\":{\"@id\":\"https:\\\/\\\/www.uartes.edu.ec\\\/sitio\\\/#website\"},\"primaryImageOfPage\":{\"@id\":\"https:\\\/\\\/www.uartes.edu.ec\\\/sitio\\\/blog\\\/2021\\\/07\\\/13\\\/cooperacion-interinstitucional-entre-la-uartes-y-la-casa-de-la-cultura-nucleo-de-tungurahua\\\/#primaryimage\"},\"image\":{\"@id\":\"https:\\\/\\\/www.uartes.edu.ec\\\/sitio\\\/blog\\\/2021\\\/07\\\/13\\\/cooperacion-interinstitucional-entre-la-uartes-y-la-casa-de-la-cultura-nucleo-de-tungurahua\\\/#primaryimage\"},\"thumbnailUrl\":\"https:\\\/\\\/www.uartes.edu.ec\\\/sitio\\\/wp-content\\\/uploads\\\/2021\\\/07\\\/CCE-TUNGURAHUA-UARTES.jpg\",\"datePublished\":\"2021-07-14T16:20:38+00:00\",\"dateModified\":\"2024-07-04T16:26:05+00:00\",\"description\":\"Universidad de las Artes - Cooperaci\u00f3n interinstitucional entre la UArtes y la Casa de la Cultura N\u00facleo de Tungurahua\",\"breadcrumb\":{\"@id\":\"https:\\\/\\\/www.uartes.edu.ec\\\/sitio\\\/blog\\\/2021\\\/07\\\/13\\\/cooperacion-interinstitucional-entre-la-uartes-y-la-casa-de-la-cultura-nucleo-de-tungurahua\\\/#breadcrumb\"},\"inLanguage\":\"es\",\"potentialAction\":[{\"@type\":\"ReadAction\",\"target\":[\"https:\\\/\\\/www.uartes.edu.ec\\\/sitio\\\/blog\\\/2021\\\/07\\\/13\\\/cooperacion-interinstitucional-entre-la-uartes-y-la-casa-de-la-cultura-nucleo-de-tungurahua\\\/\"]}]},{\"@type\":\"ImageObject\",\"inLanguage\":\"es\",\"@id\":\"https:\\\/\\\/www.uartes.edu.ec\\\/sitio\\\/blog\\\/2021\\\/07\\\/13\\\/cooperacion-interinstitucional-entre-la-uartes-y-la-casa-de-la-cultura-nucleo-de-tungurahua\\\/#primaryimage\",\"url\":\"https:\\\/\\\/www.uartes.edu.ec\\\/sitio\\\/wp-content\\\/uploads\\\/2021\\\/07\\\/CCE-TUNGURAHUA-UARTES.jpg\",\"contentUrl\":\"https:\\\/\\\/www.uartes.edu.ec\\\/sitio\\\/wp-content\\\/uploads\\\/2021\\\/07\\\/CCE-TUNGURAHUA-UARTES.jpg\",\"width\":2000,\"height\":1333,\"caption\":\"Cooperaci\u00f3n interinstitucional entre la UArtes y la Casa de la Cultura N\u00facleo de Tungurahua\"},{\"@type\":\"BreadcrumbList\",\"@id\":\"https:\\\/\\\/www.uartes.edu.ec\\\/sitio\\\/blog\\\/2021\\\/07\\\/13\\\/cooperacion-interinstitucional-entre-la-uartes-y-la-casa-de-la-cultura-nucleo-de-tungurahua\\\/#breadcrumb\",\"itemListElement\":[{\"@type\":\"ListItem\",\"position\":1,\"name\":\"Inicio\",\"item\":\"https:\\\/\\\/www.uartes.edu.ec\\\/sitio\\\/\"},{\"@type\":\"ListItem\",\"position\":2,\"name\":\"Cooperaci\u00f3n interinstitucional entre la UArtes y la Casa de la Cultura N\u00facleo de Tungurahua\"}]},{\"@type\":\"WebSite\",\"@id\":\"https:\\\/\\\/www.uartes.edu.ec\\\/sitio\\\/#website\",\"url\":\"https:\\\/\\\/www.uartes.edu.ec\\\/sitio\\\/\",\"name\":\"Universidad de las Artes\",\"description\":\"Sitio oficial de la Universidad Nacional de las Artes del Ecuador\",\"publisher\":{\"@id\":\"https:\\\/\\\/www.uartes.edu.ec\\\/sitio\\\/#organization\"},\"potentialAction\":[{\"@type\":\"SearchAction\",\"target\":{\"@type\":\"EntryPoint\",\"urlTemplate\":\"https:\\\/\\\/www.uartes.edu.ec\\\/sitio\\\/?s={search_term_string}\"},\"query-input\":{\"@type\":\"PropertyValueSpecification\",\"valueRequired\":true,\"valueName\":\"search_term_string\"}}],\"inLanguage\":\"es\"},{\"@type\":\"Organization\",\"@id\":\"https:\\\/\\\/www.uartes.edu.ec\\\/sitio\\\/#organization\",\"name\":\"Universidad de las Artes\",\"url\":\"https:\\\/\\\/www.uartes.edu.ec\\\/sitio\\\/\",\"logo\":{\"@type\":\"ImageObject\",\"inLanguage\":\"es\",\"@id\":\"https:\\\/\\\/www.uartes.edu.ec\\\/sitio\\\/#\\\/schema\\\/logo\\\/image\\\/\",\"url\":\"https:\\\/\\\/www.uartes.edu.ec\\\/sitio\\\/wp-content\\\/uploads\\\/2022\\\/07\\\/logo-ua-horizontal.png\",\"contentUrl\":\"https:\\\/\\\/www.uartes.edu.ec\\\/sitio\\\/wp-content\\\/uploads\\\/2022\\\/07\\\/logo-ua-horizontal.png\",\"width\":800,\"height\":276,\"caption\":\"Universidad de las Artes\"},\"image\":{\"@id\":\"https:\\\/\\\/www.uartes.edu.ec\\\/sitio\\\/#\\\/schema\\\/logo\\\/image\\\/\"},\"sameAs\":[\"https:\\\/\\\/www.facebook.com\\\/uartesec\",\"https:\\\/\\\/x.com\\\/uartesec\",\"https:\\\/\\\/www.tiktok.com\\\/@uartesec\"]},{\"@type\":\"Person\",\"@id\":\"https:\\\/\\\/www.uartes.edu.ec\\\/sitio\\\/#\\\/schema\\\/person\\\/f33f8c1d2af0d5c80a38c8abf458184a\",\"name\":\"Universidad de las Artes\",\"image\":{\"@type\":\"ImageObject\",\"inLanguage\":\"es\",\"@id\":\"https:\\\/\\\/secure.gravatar.com\\\/avatar\\\/52e4757902f5cfa5ac52d020e5be83cae5487519154b6c35482fe08d589f3c13?s=96&d=mm&r=g\",\"url\":\"https:\\\/\\\/secure.gravatar.com\\\/avatar\\\/52e4757902f5cfa5ac52d020e5be83cae5487519154b6c35482fe08d589f3c13?s=96&d=mm&r=g\",\"contentUrl\":\"https:\\\/\\\/secure.gravatar.com\\\/avatar\\\/52e4757902f5cfa5ac52d020e5be83cae5487519154b6c35482fe08d589f3c13?s=96&d=mm&r=g\",\"caption\":\"Universidad de las Artes\"},\"url\":\"https:\\\/\\\/www.uartes.edu.ec\\\/sitio\\\/blog\\\/author\\\/dircomadm\\\/\"}]}<\/script>\n<!-- \/ Yoast SEO plugin. -->","yoast_head_json":{"title":"Universidad de las Artes - Cooperaci\u00f3n interinstitucional entre la UArtes y la Casa de la Cultura N\u00facleo de Tungurahua","description":"Universidad de las Artes - Cooperaci\u00f3n interinstitucional entre la UArtes y la Casa de la Cultura N\u00facleo de Tungurahua","robots":{"index":"index","follow":"follow","max-snippet":"max-snippet:-1","max-image-preview":"max-image-preview:large","max-video-preview":"max-video-preview:-1"},"canonical":"https:\/\/www.uartes.edu.ec\/sitio\/blog\/2021\/07\/13\/cooperacion-interinstitucional-entre-la-uartes-y-la-casa-de-la-cultura-nucleo-de-tungurahua\/","og_locale":"es_ES","og_type":"article","og_title":"Universidad de las Artes - Cooperaci\u00f3n interinstitucional entre la UArtes y la Casa de la Cultura N\u00facleo de Tungurahua","og_description":"Universidad de las Artes - Cooperaci\u00f3n interinstitucional entre la UArtes y la Casa de la Cultura N\u00facleo de Tungurahua","og_url":"https:\/\/www.uartes.edu.ec\/sitio\/blog\/2021\/07\/13\/cooperacion-interinstitucional-entre-la-uartes-y-la-casa-de-la-cultura-nucleo-de-tungurahua\/","og_site_name":"Universidad de las Artes","article_publisher":"https:\/\/www.facebook.com\/uartesec","article_published_time":"2021-07-14T16:20:38+00:00","article_modified_time":"2024-07-04T16:26:05+00:00","og_image":[{"width":2000,"height":1333,"url":"https:\/\/www.uartes.edu.ec\/sitio\/wp-content\/uploads\/2021\/07\/CCE-TUNGURAHUA-UARTES.jpg","type":"image\/jpeg"}],"author":"Universidad de las Artes","twitter_card":"summary_large_image","twitter_creator":"@uartesec","twitter_site":"@uartesec","twitter_misc":{"Escrito por":"Universidad de las Artes","Tiempo de lectura":"3 minutos"},"schema":{"@context":"https:\/\/schema.org","@graph":[{"@type":"Article","@id":"https:\/\/www.uartes.edu.ec\/sitio\/blog\/2021\/07\/13\/cooperacion-interinstitucional-entre-la-uartes-y-la-casa-de-la-cultura-nucleo-de-tungurahua\/#article","isPartOf":{"@id":"https:\/\/www.uartes.edu.ec\/sitio\/blog\/2021\/07\/13\/cooperacion-interinstitucional-entre-la-uartes-y-la-casa-de-la-cultura-nucleo-de-tungurahua\/"},"author":{"name":"Universidad de las Artes","@id":"https:\/\/www.uartes.edu.ec\/sitio\/#\/schema\/person\/f33f8c1d2af0d5c80a38c8abf458184a"},"headline":"Cooperaci\u00f3n interinstitucional entre la UArtes y la Casa de la Cultura N\u00facleo de Tungurahua","datePublished":"2021-07-14T16:20:38+00:00","dateModified":"2024-07-04T16:26:05+00:00","mainEntityOfPage":{"@id":"https:\/\/www.uartes.edu.ec\/sitio\/blog\/2021\/07\/13\/cooperacion-interinstitucional-entre-la-uartes-y-la-casa-de-la-cultura-nucleo-de-tungurahua\/"},"wordCount":715,"commentCount":0,"publisher":{"@id":"https:\/\/www.uartes.edu.ec\/sitio\/#organization"},"image":{"@id":"https:\/\/www.uartes.edu.ec\/sitio\/blog\/2021\/07\/13\/cooperacion-interinstitucional-entre-la-uartes-y-la-casa-de-la-cultura-nucleo-de-tungurahua\/#primaryimage"},"thumbnailUrl":"https:\/\/www.uartes.edu.ec\/sitio\/wp-content\/uploads\/2021\/07\/CCE-TUNGURAHUA-UARTES.jpg","keywords":["interinstitucional"],"articleSection":["Gesti\u00f3n","Rectorado"],"inLanguage":"es","potentialAction":[{"@type":"CommentAction","name":"Comment","target":["https:\/\/www.uartes.edu.ec\/sitio\/blog\/2021\/07\/13\/cooperacion-interinstitucional-entre-la-uartes-y-la-casa-de-la-cultura-nucleo-de-tungurahua\/#respond"]}]},{"@type":["WebPage","ItemPage"],"@id":"https:\/\/www.uartes.edu.ec\/sitio\/blog\/2021\/07\/13\/cooperacion-interinstitucional-entre-la-uartes-y-la-casa-de-la-cultura-nucleo-de-tungurahua\/","url":"https:\/\/www.uartes.edu.ec\/sitio\/blog\/2021\/07\/13\/cooperacion-interinstitucional-entre-la-uartes-y-la-casa-de-la-cultura-nucleo-de-tungurahua\/","name":"Universidad de las Artes - Cooperaci\u00f3n interinstitucional entre la UArtes y la Casa de la Cultura N\u00facleo de Tungurahua","isPartOf":{"@id":"https:\/\/www.uartes.edu.ec\/sitio\/#website"},"primaryImageOfPage":{"@id":"https:\/\/www.uartes.edu.ec\/sitio\/blog\/2021\/07\/13\/cooperacion-interinstitucional-entre-la-uartes-y-la-casa-de-la-cultura-nucleo-de-tungurahua\/#primaryimage"},"image":{"@id":"https:\/\/www.uartes.edu.ec\/sitio\/blog\/2021\/07\/13\/cooperacion-interinstitucional-entre-la-uartes-y-la-casa-de-la-cultura-nucleo-de-tungurahua\/#primaryimage"},"thumbnailUrl":"https:\/\/www.uartes.edu.ec\/sitio\/wp-content\/uploads\/2021\/07\/CCE-TUNGURAHUA-UARTES.jpg","datePublished":"2021-07-14T16:20:38+00:00","dateModified":"2024-07-04T16:26:05+00:00","description":"Universidad de las Artes - Cooperaci\u00f3n interinstitucional entre la UArtes y la Casa de la Cultura N\u00facleo de Tungurahua","breadcrumb":{"@id":"https:\/\/www.uartes.edu.ec\/sitio\/blog\/2021\/07\/13\/cooperacion-interinstitucional-entre-la-uartes-y-la-casa-de-la-cultura-nucleo-de-tungurahua\/#breadcrumb"},"inLanguage":"es","potentialAction":[{"@type":"ReadAction","target":["https:\/\/www.uartes.edu.ec\/sitio\/blog\/2021\/07\/13\/cooperacion-interinstitucional-entre-la-uartes-y-la-casa-de-la-cultura-nucleo-de-tungurahua\/"]}]},{"@type":"ImageObject","inLanguage":"es","@id":"https:\/\/www.uartes.edu.ec\/sitio\/blog\/2021\/07\/13\/cooperacion-interinstitucional-entre-la-uartes-y-la-casa-de-la-cultura-nucleo-de-tungurahua\/#primaryimage","url":"https:\/\/www.uartes.edu.ec\/sitio\/wp-content\/uploads\/2021\/07\/CCE-TUNGURAHUA-UARTES.jpg","contentUrl":"https:\/\/www.uartes.edu.ec\/sitio\/wp-content\/uploads\/2021\/07\/CCE-TUNGURAHUA-UARTES.jpg","width":2000,"height":1333,"caption":"Cooperaci\u00f3n interinstitucional entre la UArtes y la Casa de la Cultura N\u00facleo de Tungurahua"},{"@type":"BreadcrumbList","@id":"https:\/\/www.uartes.edu.ec\/sitio\/blog\/2021\/07\/13\/cooperacion-interinstitucional-entre-la-uartes-y-la-casa-de-la-cultura-nucleo-de-tungurahua\/#breadcrumb","itemListElement":[{"@type":"ListItem","position":1,"name":"Inicio","item":"https:\/\/www.uartes.edu.ec\/sitio\/"},{"@type":"ListItem","position":2,"name":"Cooperaci\u00f3n interinstitucional entre la UArtes y la Casa de la Cultura N\u00facleo de Tungurahua"}]},{"@type":"WebSite","@id":"https:\/\/www.uartes.edu.ec\/sitio\/#website","url":"https:\/\/www.uartes.edu.ec\/sitio\/","name":"Universidad de las Artes","description":"Sitio oficial de la Universidad Nacional de las Artes del Ecuador","publisher":{"@id":"https:\/\/www.uartes.edu.ec\/sitio\/#organization"},"potentialAction":[{"@type":"SearchAction","target":{"@type":"EntryPoint","urlTemplate":"https:\/\/www.uartes.edu.ec\/sitio\/?s={search_term_string}"},"query-input":{"@type":"PropertyValueSpecification","valueRequired":true,"valueName":"search_term_string"}}],"inLanguage":"es"},{"@type":"Organization","@id":"https:\/\/www.uartes.edu.ec\/sitio\/#organization","name":"Universidad de las Artes","url":"https:\/\/www.uartes.edu.ec\/sitio\/","logo":{"@type":"ImageObject","inLanguage":"es","@id":"https:\/\/www.uartes.edu.ec\/sitio\/#\/schema\/logo\/image\/","url":"https:\/\/www.uartes.edu.ec\/sitio\/wp-content\/uploads\/2022\/07\/logo-ua-horizontal.png","contentUrl":"https:\/\/www.uartes.edu.ec\/sitio\/wp-content\/uploads\/2022\/07\/logo-ua-horizontal.png","width":800,"height":276,"caption":"Universidad de las Artes"},"image":{"@id":"https:\/\/www.uartes.edu.ec\/sitio\/#\/schema\/logo\/image\/"},"sameAs":["https:\/\/www.facebook.com\/uartesec","https:\/\/x.com\/uartesec","https:\/\/www.tiktok.com\/@uartesec"]},{"@type":"Person","@id":"https:\/\/www.uartes.edu.ec\/sitio\/#\/schema\/person\/f33f8c1d2af0d5c80a38c8abf458184a","name":"Universidad de las Artes","image":{"@type":"ImageObject","inLanguage":"es","@id":"https:\/\/secure.gravatar.com\/avatar\/52e4757902f5cfa5ac52d020e5be83cae5487519154b6c35482fe08d589f3c13?s=96&d=mm&r=g","url":"https:\/\/secure.gravatar.com\/avatar\/52e4757902f5cfa5ac52d020e5be83cae5487519154b6c35482fe08d589f3c13?s=96&d=mm&r=g","contentUrl":"https:\/\/secure.gravatar.com\/avatar\/52e4757902f5cfa5ac52d020e5be83cae5487519154b6c35482fe08d589f3c13?s=96&d=mm&r=g","caption":"Universidad de las Artes"},"url":"https:\/\/www.uartes.edu.ec\/sitio\/blog\/author\/dircomadm\/"}]}},"uagb_featured_image_src":{"full":["https:\/\/www.uartes.edu.ec\/sitio\/wp-content\/uploads\/2021\/07\/CCE-TUNGURAHUA-UARTES.jpg",2000,1333,false],"thumbnail":["https:\/\/www.uartes.edu.ec\/sitio\/wp-content\/uploads\/2021\/07\/CCE-TUNGURAHUA-UARTES-150x150.jpg",150,150,true],"medium":["https:\/\/www.uartes.edu.ec\/sitio\/wp-content\/uploads\/2021\/07\/CCE-TUNGURAHUA-UARTES-300x200.jpg",300,200,true],"medium_large":["https:\/\/www.uartes.edu.ec\/sitio\/wp-content\/uploads\/2021\/07\/CCE-TUNGURAHUA-UARTES-768x512.jpg",768,512,true],"large":["https:\/\/www.uartes.edu.ec\/sitio\/wp-content\/uploads\/2021\/07\/CCE-TUNGURAHUA-UARTES-644x429.jpg",644,429,true],"1536x1536":["https:\/\/www.uartes.edu.ec\/sitio\/wp-content\/uploads\/2021\/07\/CCE-TUNGURAHUA-UARTES-1536x1024.jpg",1536,1024,true],"2048x2048":["https:\/\/www.uartes.edu.ec\/sitio\/wp-content\/uploads\/2021\/07\/CCE-TUNGURAHUA-UARTES.jpg",2000,1333,false],"trp-custom-language-flag":["https:\/\/www.uartes.edu.ec\/sitio\/wp-content\/uploads\/2021\/07\/CCE-TUNGURAHUA-UARTES-16x12.jpg",16,12,true],"htmega_size_585x295":["https:\/\/www.uartes.edu.ec\/sitio\/wp-content\/uploads\/2021\/07\/CCE-TUNGURAHUA-UARTES-585x295.jpg",585,295,true],"htmega_size_1170x536":["https:\/\/www.uartes.edu.ec\/sitio\/wp-content\/uploads\/2021\/07\/CCE-TUNGURAHUA-UARTES-1170x536.jpg",1170,536,true],"htmega_size_396x360":["https:\/\/www.uartes.edu.ec\/sitio\/wp-content\/uploads\/2021\/07\/CCE-TUNGURAHUA-UARTES-396x360.jpg",396,360,true],"gb-block-post-grid-landscape":["https:\/\/www.uartes.edu.ec\/sitio\/wp-content\/uploads\/2021\/07\/CCE-TUNGURAHUA-UARTES.jpg",600,400,false],"gb-block-post-grid-square":["https:\/\/www.uartes.edu.ec\/sitio\/wp-content\/uploads\/2021\/07\/CCE-TUNGURAHUA-UARTES.jpg",600,400,false],"university-hub-thumb":["https:\/\/www.uartes.edu.ec\/sitio\/wp-content\/uploads\/2021\/07\/CCE-TUNGURAHUA-UARTES-400x267.jpg",400,267,true]},"uagb_author_info":{"display_name":"Universidad de las Artes","author_link":"https:\/\/www.uartes.edu.ec\/sitio\/blog\/author\/dircomadm\/"},"uagb_comment_info":0,"uagb_excerpt":"Un Convenio Marco de Cooperaci\u00f3n Interinstitucional se firm\u00f3 este lunes 12 de julio de 2021 entre la Universidad de las Artes y la Casa de la Cultura Ecuatoriana N\u00facleo de Tungurahua. En la suscripci\u00f3n intervinieron sus respectivos representantes, el Dr. William Herrera R\u00edos, rector de la UArtes, y el Soc. Fernando Cer\u00f3n, director de la&hellip;","featured_image_src":"https:\/\/www.uartes.edu.ec\/sitio\/wp-content\/uploads\/2021\/07\/CCE-TUNGURAHUA-UARTES.jpg","featured_image_src_square":"https:\/\/www.uartes.edu.ec\/sitio\/wp-content\/uploads\/2021\/07\/CCE-TUNGURAHUA-UARTES.jpg","author_info":{"display_name":"Universidad de las Artes","author_link":"https:\/\/www.uartes.edu.ec\/sitio\/blog\/author\/dircomadm\/"},"publishpress_future_workflow_manual_trigger":{"enabledWorkflows":[]},"distributor_meta":false,"distributor_terms":false,"distributor_media":false,"distributor_original_site_name":"Universidad de las Artes","distributor_original_site_url":"https:\/\/www.uartes.edu.ec\/sitio","push-errors":false,"_links":{"self":[{"href":"https:\/\/www.uartes.edu.ec\/sitio\/wp-json\/wp\/v2\/posts\/14764","targetHints":{"allow":["GET"]}}],"collection":[{"href":"https:\/\/www.uartes.edu.ec\/sitio\/wp-json\/wp\/v2\/posts"}],"about":[{"href":"https:\/\/www.uartes.edu.ec\/sitio\/wp-json\/wp\/v2\/types\/post"}],"author":[{"embeddable":true,"href":"https:\/\/www.uartes.edu.ec\/sitio\/wp-json\/wp\/v2\/users\/1"}],"replies":[{"embeddable":true,"href":"https:\/\/www.uartes.edu.ec\/sitio\/wp-json\/wp\/v2\/comments?post=14764"}],"version-history":[{"count":3,"href":"https:\/\/www.uartes.edu.ec\/sitio\/wp-json\/wp\/v2\/posts\/14764\/revisions"}],"predecessor-version":[{"id":14805,"href":"https:\/\/www.uartes.edu.ec\/sitio\/wp-json\/wp\/v2\/posts\/14764\/revisions\/14805"}],"wp:featuredmedia":[{"embeddable":true,"href":"https:\/\/www.uartes.edu.ec\/sitio\/wp-json\/wp\/v2\/media\/14792"}],"wp:attachment":[{"href":"https:\/\/www.uartes.edu.ec\/sitio\/wp-json\/wp\/v2\/media?parent=14764"}],"wp:term":[{"taxonomy":"category","embeddable":true,"href":"https:\/\/www.uartes.edu.ec\/sitio\/wp-json\/wp\/v2\/categories?post=14764"},{"taxonomy":"post_tag","embeddable":true,"href":"https:\/\/www.uartes.edu.ec\/sitio\/wp-json\/wp\/v2\/tags?post=14764"},{"taxonomy":"infouartes","embeddable":true,"href":"https:\/\/www.uartes.edu.ec\/sitio\/wp-json\/wp\/v2\/infouartes?post=14764"}],"curies":[{"name":"wp","href":"https:\/\/api.w.org\/{rel}","templated":true}]}}