{"id":14776,"date":"2021-07-14T11:22:35","date_gmt":"2021-07-14T16:22:35","guid":{"rendered":"http:\/\/www.uartes.edu.ec\/sitio\/?p=14776"},"modified":"2024-07-04T11:26:05","modified_gmt":"2024-07-04T16:26:05","slug":"las-propuestas-de-juan-posso-jazz-trio-y-lolabum-en-la-xvii-edicion-del-festivalfff","status":"publish","type":"post","link":"https:\/\/www.uartes.edu.ec\/sitio\/blog\/2021\/07\/14\/las-propuestas-de-juan-posso-jazz-trio-y-lolabum-en-la-xvii-edicion-del-festivalfff\/","title":{"rendered":"Las propuestas de Juan Posso Jazz Tr\u00edo y Lolab\u00fam en la XVII edici\u00f3n del Festivalfff"},"content":{"rendered":"\n<p>Juan Posso Jazz Tr\u00edo, liderado por el baterista y compositor Juan Posso, y Lolab\u00fam, al mando de Pedro Bonfim, ambos docentes de la Universidad de las Artes, figuran entre los grupos y solistas que participar\u00e1n en la edici\u00f3n n\u00famero 17 del Festival de M\u00fasica de Vanguardia, que se desarrollar\u00e1 del 9 al 12 de septiembre y tendr\u00e1 como sede en Guayaquil al Centro de Producci\u00f3n e Innovaci\u00f3n MZ14 de la UArtes. Sus otros escenarios son Quito y Cuenca.<\/p>\n\n\n\n<p>Conocido como el Festivalfff, el encuentro ser\u00e1 por segundo a\u00f1o virtual. Un motor de cambio, un acontecimiento cultural pionero y \u00fanico en su formato y contenidos, un difusor de influencias, tendencias musicales de vanguardia experimentales y contempor\u00e1neas que internacionaliza su m\u00fasica al mundo, se\u00f1alan sus organizadores, quienes agradecen a todas las bandas y proyectos que han participado en estos 17 a\u00f1os de batalla cuesta arriba, en los que pas\u00f3 de ser una cita de provincia para ser una de resiliencia, por el momento hist\u00f3rico de pos coronavirus que ha cambiado estilos de vida,&nbsp;realidades sociales y equilibrios geopol\u00edticos.<\/p>\n\n\n\n<p>De la propuesta curatorial del Festivalfff, los organizadores detallan que fue decidida en conjunto con los jurados Grecia Alb\u00e1n, Juan Pablo Viteri y Fabiola Pazmi\u00f1o, luego de una escucha atenta y meditativa, y que este a\u00f1o incluir\u00e1 una diversidad de bandas y propuestas, que incluye estilos&nbsp;tropical post digital, metal, hip hop, electroac\u00fastico+ac\u00fastico, dreampop, indie folk\/alternativa, audaz urbano, fusi\u00f3n m\u00fasica ecuatoriana y m\u00fasicas del mundo, rock alternativo, jazz instrumental, m\u00fasica afromarimba, electropunk y rock ecuatoriano. Como invitados especiales, Getulio Abelha y Spock Frevo Orchestra, de Brasil, y Frank\u2019s White Canvas e I.O., de Chile.&nbsp;<\/p>\n\n\n\n<h3 class=\"wp-block-heading\"><strong>Juan Posso Jazz Tr\u00edo<\/strong><\/h3>\n\n\n\n<p>Para el Festivalfff, y acorde a lo planificado por la organizaci\u00f3n, Juan Posso Jazz Tr\u00edo grabar\u00e1 su presentaci\u00f3n en el Sal\u00f3n Patrimonial de MZ14. Se trata de un registro que se transmitir\u00e1 durante la cita musical, en septiembre pr\u00f3ximo.<\/p>\n\n\n\n<p>Juan Posso, director del tr\u00edo de jazz, baterista, compositor y docente de la Escuela de Artes Sonoras, indica que para esa pregrabaci\u00f3n contar\u00e1 con el acompa\u00f1amiento de Miguel Gallardo, en el piano (tambi\u00e9n profesor UArtes), y Fernando Alvarado, en el contrabajo (profesor de la UEES). Interpretar\u00e1n de tres a cuatro temas, unos del disco <em>Ciclos,<\/em> lanzado recientemente, y otros de estreno.<\/p>\n\n\n\n<p>Por haber nacido en Quito, Juan Posso argumenta la influencia recibida de muchas culturas de diferentes lugares. Su m\u00fasica es, por tanto, una mezcla de influencias como el jazz, el metal y la m\u00fasica latina, basada en la improvisaci\u00f3n. Comenz\u00f3 a tocar metal y hard core emp\u00edricamente, present\u00e1ndose en festivales como Rock al Parque (Colombia), Makinaria fest (Brasil) y en diferentes lugares en Per\u00fa, Chile, Venezuela y Ecuador.<\/p>\n\n\n\n<p>Con una primera producci\u00f3n como solista \u2013el EP <em>Resiliencia<\/em>\u2013, Juan Posso present\u00f3 recientemente con su jazz tr\u00edo <em>Ciclos,<\/em>&nbsp;un disco de seis temas en una sesi\u00f3n en vivo, grabado en los Estudios Runa (de la capital ecuatoriana), que ha sido parte de los Festivales 7virtual Jazz Club (Mil\u00e1n) y Bosphorus Fest (Bogot\u00e1) en las ediciones 2020.<\/p>\n\n\n\n<div class=\"wp-block-image\"><figure class=\"aligncenter size-full\"><img fetchpriority=\"high\" decoding=\"async\" width=\"2000\" height=\"1333\" src=\"http:\/\/www.uartes.edu.ec\/sitio\/wp-content\/uploads\/2021\/07\/FESTIVALFFF-LOLABUM.jpg\" alt=\"Las propuestas de Juan Posso Jazz Tr\u00edo y Lolab\u00fam en la XVII edici\u00f3n del Festivalfff\" class=\"wp-image-14796\" srcset=\"https:\/\/www.uartes.edu.ec\/sitio\/wp-content\/uploads\/2021\/07\/FESTIVALFFF-LOLABUM.jpg 2000w, https:\/\/www.uartes.edu.ec\/sitio\/wp-content\/uploads\/2021\/07\/FESTIVALFFF-LOLABUM-300x200.jpg 300w, https:\/\/www.uartes.edu.ec\/sitio\/wp-content\/uploads\/2021\/07\/FESTIVALFFF-LOLABUM-644x429.jpg 644w, https:\/\/www.uartes.edu.ec\/sitio\/wp-content\/uploads\/2021\/07\/FESTIVALFFF-LOLABUM-768x512.jpg 768w, https:\/\/www.uartes.edu.ec\/sitio\/wp-content\/uploads\/2021\/07\/FESTIVALFFF-LOLABUM-1536x1024.jpg 1536w, https:\/\/www.uartes.edu.ec\/sitio\/wp-content\/uploads\/2021\/07\/FESTIVALFFF-LOLABUM-16x12.jpg 16w, https:\/\/www.uartes.edu.ec\/sitio\/wp-content\/uploads\/2021\/07\/FESTIVALFFF-LOLABUM-600x400.jpg 600w, https:\/\/www.uartes.edu.ec\/sitio\/wp-content\/uploads\/2021\/07\/FESTIVALFFF-LOLABUM-400x267.jpg 400w, https:\/\/www.uartes.edu.ec\/sitio\/wp-content\/uploads\/2021\/07\/FESTIVALFFF-LOLABUM-272x182.jpg 272w\" sizes=\"(max-width: 2000px) 100vw, 2000px\" \/><figcaption>Lolab\u00fam en la XVII edici\u00f3n del Festivalfff<\/figcaption><\/figure><\/div>\n\n\n\n<h3 class=\"wp-block-heading\"><strong>Pedro Bonfim y su Lolab\u00fam<\/strong><\/h3>\n\n\n\n<p>Lolab\u00fam es una agrupaci\u00f3n que aparece en la escena musical a mediados del 2014 en Quito. Pedro Bonfim, su l\u00edder y fundador, es docente de la Escuela de Literatura de la UArtes.<\/p>\n\n\n\n<p>Del perfil de la banda en el sitio web del Festivalfff, y del di\u00e1logo de InfoUArtes con Pedro Bonfim, se revela que a lo largo del 2015 Lolab\u00fam cultiv\u00f3 una base de fans activa y fiel, despu\u00e9s de varios conciertos en diferentes ciudades del pa\u00eds en los que se agotaron las entradas.<\/p>\n\n\n\n<p>En 2016 publica <em>El Cielo,<\/em> su \u00e1lbum debut, con el cual explora un sonido garage, despreocupado y rockero. En julio de 2018 presenta su segundo \u00e1lbum, titulado <em>Tristes Tr\u00f3picos<\/em>, cuyas letras registran mayor profundidad y sonoridades diversas, con influencias de m\u00fasica latinoamericana y hip-hop.<\/p>\n\n\n\n<p>En 2020 propuso <em>Verte antes de fin de a\u00f1o y O clarividencia<\/em>, \u00e1lbumes gestados desde el confinamiento. Con estas producciones sorprendieron al p\u00fablico por su nuevo sonido ecl\u00e9ctico y modernizado. Actualmente su m\u00fasica est\u00e1 compuesta por una nueva mixtura de g\u00e9neros y tem\u00e1ticas l\u00edricas m\u00e1s profundas.<\/p>\n","protected":false},"excerpt":{"rendered":"<p>Juan Posso Jazz Tr\u00edo, liderado por el baterista y compositor Juan Posso, y Lolab\u00fam, al mando de Pedro Bonfim, ambos docentes de la Universidad de las Artes, figuran entre los grupos y solistas que participar\u00e1n en la edici\u00f3n n\u00famero 17 del Festival de M\u00fasica de Vanguardia, que se desarrollar\u00e1 del 9 al 12 de septiembre y tendr\u00e1 como sede en Guayaquil al Centro de Producci\u00f3n e Innovaci\u00f3n MZ14 de la UArtes. Sus otros escenarios son Quito y Cuenca.<\/p>\n","protected":false},"author":10,"featured_media":14795,"comment_status":"open","ping_status":"open","sticky":false,"template":"","format":"standard","meta":{"_acf_changed":false,"_uag_custom_page_level_css":"","_monsterinsights_skip_tracking":false,"_monsterinsights_sitenote_active":false,"_monsterinsights_sitenote_note":"","_monsterinsights_sitenote_category":0,"cybocfi_hide_featured_image":"","footnotes":""},"categories":[82,150,75],"tags":[],"infouartes":[],"class_list":["post-14776","post","type-post","status-publish","format-standard","has-post-thumbnail","hentry","category-artes","category-artes-sonoras","category-docentes"],"acf":[],"yoast_head":"<!-- This site is optimized with the Yoast SEO plugin v27.4 - https:\/\/yoast.com\/product\/yoast-seo-wordpress\/ -->\n<title>Universidad de las Artes - Las propuestas de Juan Posso Jazz Tr\u00edo y Lolab\u00fam en la XVII edici\u00f3n del Festivalfff<\/title>\n<meta name=\"description\" content=\"Universidad de las Artes - Las propuestas de Juan Posso Jazz Tr\u00edo y Lolab\u00fam en la XVII edici\u00f3n del Festivalfff\" \/>\n<meta name=\"robots\" content=\"index, follow, max-snippet:-1, max-image-preview:large, max-video-preview:-1\" \/>\n<link rel=\"canonical\" href=\"https:\/\/www.uartes.edu.ec\/sitio\/blog\/2021\/07\/14\/las-propuestas-de-juan-posso-jazz-trio-y-lolabum-en-la-xvii-edicion-del-festivalfff\/\" \/>\n<meta property=\"og:locale\" content=\"es_ES\" \/>\n<meta property=\"og:type\" content=\"article\" \/>\n<meta property=\"og:title\" content=\"Universidad de las Artes - Las propuestas de Juan Posso Jazz Tr\u00edo y Lolab\u00fam en la XVII edici\u00f3n del Festivalfff\" \/>\n<meta property=\"og:description\" content=\"Universidad de las Artes - Las propuestas de Juan Posso Jazz Tr\u00edo y Lolab\u00fam en la XVII edici\u00f3n del Festivalfff\" \/>\n<meta property=\"og:url\" content=\"https:\/\/www.uartes.edu.ec\/sitio\/blog\/2021\/07\/14\/las-propuestas-de-juan-posso-jazz-trio-y-lolabum-en-la-xvii-edicion-del-festivalfff\/\" \/>\n<meta property=\"og:site_name\" content=\"Universidad de las Artes\" \/>\n<meta property=\"article:publisher\" content=\"https:\/\/www.facebook.com\/uartesec\" \/>\n<meta property=\"article:published_time\" content=\"2021-07-14T16:22:35+00:00\" \/>\n<meta property=\"article:modified_time\" content=\"2024-07-04T16:26:05+00:00\" \/>\n<meta property=\"og:image\" content=\"https:\/\/www.uartes.edu.ec\/sitio\/wp-content\/uploads\/2021\/07\/FESTIVALFFF-JUAN-POSSO.jpg\" \/>\n\t<meta property=\"og:image:width\" content=\"2000\" \/>\n\t<meta property=\"og:image:height\" content=\"1333\" \/>\n\t<meta property=\"og:image:type\" content=\"image\/jpeg\" \/>\n<meta name=\"author\" content=\"ccortez\" \/>\n<meta name=\"twitter:card\" content=\"summary_large_image\" \/>\n<meta name=\"twitter:creator\" content=\"@uartesec\" \/>\n<meta name=\"twitter:site\" content=\"@uartesec\" \/>\n<meta name=\"twitter:label1\" content=\"Escrito por\" \/>\n\t<meta name=\"twitter:data1\" content=\"ccortez\" \/>\n\t<meta name=\"twitter:label2\" content=\"Tiempo de lectura\" \/>\n\t<meta name=\"twitter:data2\" content=\"4 minutos\" \/>\n<script type=\"application\/ld+json\" class=\"yoast-schema-graph\">{\"@context\":\"https:\\\/\\\/schema.org\",\"@graph\":[{\"@type\":\"Article\",\"@id\":\"https:\\\/\\\/www.uartes.edu.ec\\\/sitio\\\/blog\\\/2021\\\/07\\\/14\\\/las-propuestas-de-juan-posso-jazz-trio-y-lolabum-en-la-xvii-edicion-del-festivalfff\\\/#article\",\"isPartOf\":{\"@id\":\"https:\\\/\\\/www.uartes.edu.ec\\\/sitio\\\/blog\\\/2021\\\/07\\\/14\\\/las-propuestas-de-juan-posso-jazz-trio-y-lolabum-en-la-xvii-edicion-del-festivalfff\\\/\"},\"author\":{\"name\":\"ccortez\",\"@id\":\"https:\\\/\\\/www.uartes.edu.ec\\\/sitio\\\/#\\\/schema\\\/person\\\/efa1b8275797664fd7f13a79ccc0b1f4\"},\"headline\":\"Las propuestas de Juan Posso Jazz Tr\u00edo y Lolab\u00fam en la XVII edici\u00f3n del Festivalfff\",\"datePublished\":\"2021-07-14T16:22:35+00:00\",\"dateModified\":\"2024-07-04T16:26:05+00:00\",\"mainEntityOfPage\":{\"@id\":\"https:\\\/\\\/www.uartes.edu.ec\\\/sitio\\\/blog\\\/2021\\\/07\\\/14\\\/las-propuestas-de-juan-posso-jazz-trio-y-lolabum-en-la-xvii-edicion-del-festivalfff\\\/\"},\"wordCount\":764,\"commentCount\":0,\"publisher\":{\"@id\":\"https:\\\/\\\/www.uartes.edu.ec\\\/sitio\\\/#organization\"},\"image\":{\"@id\":\"https:\\\/\\\/www.uartes.edu.ec\\\/sitio\\\/blog\\\/2021\\\/07\\\/14\\\/las-propuestas-de-juan-posso-jazz-trio-y-lolabum-en-la-xvii-edicion-del-festivalfff\\\/#primaryimage\"},\"thumbnailUrl\":\"https:\\\/\\\/www.uartes.edu.ec\\\/sitio\\\/wp-content\\\/uploads\\\/2021\\\/07\\\/FESTIVALFFF-JUAN-POSSO.jpg\",\"articleSection\":[\"Artes\",\"Artes Sonoras\",\"Docentes\"],\"inLanguage\":\"es\",\"potentialAction\":[{\"@type\":\"CommentAction\",\"name\":\"Comment\",\"target\":[\"https:\\\/\\\/www.uartes.edu.ec\\\/sitio\\\/blog\\\/2021\\\/07\\\/14\\\/las-propuestas-de-juan-posso-jazz-trio-y-lolabum-en-la-xvii-edicion-del-festivalfff\\\/#respond\"]}]},{\"@type\":[\"WebPage\",\"ItemPage\"],\"@id\":\"https:\\\/\\\/www.uartes.edu.ec\\\/sitio\\\/blog\\\/2021\\\/07\\\/14\\\/las-propuestas-de-juan-posso-jazz-trio-y-lolabum-en-la-xvii-edicion-del-festivalfff\\\/\",\"url\":\"https:\\\/\\\/www.uartes.edu.ec\\\/sitio\\\/blog\\\/2021\\\/07\\\/14\\\/las-propuestas-de-juan-posso-jazz-trio-y-lolabum-en-la-xvii-edicion-del-festivalfff\\\/\",\"name\":\"Universidad de las Artes - Las propuestas de Juan Posso Jazz Tr\u00edo y Lolab\u00fam en la XVII edici\u00f3n del Festivalfff\",\"isPartOf\":{\"@id\":\"https:\\\/\\\/www.uartes.edu.ec\\\/sitio\\\/#website\"},\"primaryImageOfPage\":{\"@id\":\"https:\\\/\\\/www.uartes.edu.ec\\\/sitio\\\/blog\\\/2021\\\/07\\\/14\\\/las-propuestas-de-juan-posso-jazz-trio-y-lolabum-en-la-xvii-edicion-del-festivalfff\\\/#primaryimage\"},\"image\":{\"@id\":\"https:\\\/\\\/www.uartes.edu.ec\\\/sitio\\\/blog\\\/2021\\\/07\\\/14\\\/las-propuestas-de-juan-posso-jazz-trio-y-lolabum-en-la-xvii-edicion-del-festivalfff\\\/#primaryimage\"},\"thumbnailUrl\":\"https:\\\/\\\/www.uartes.edu.ec\\\/sitio\\\/wp-content\\\/uploads\\\/2021\\\/07\\\/FESTIVALFFF-JUAN-POSSO.jpg\",\"datePublished\":\"2021-07-14T16:22:35+00:00\",\"dateModified\":\"2024-07-04T16:26:05+00:00\",\"description\":\"Universidad de las Artes - Las propuestas de Juan Posso Jazz Tr\u00edo y Lolab\u00fam en la XVII edici\u00f3n del Festivalfff\",\"breadcrumb\":{\"@id\":\"https:\\\/\\\/www.uartes.edu.ec\\\/sitio\\\/blog\\\/2021\\\/07\\\/14\\\/las-propuestas-de-juan-posso-jazz-trio-y-lolabum-en-la-xvii-edicion-del-festivalfff\\\/#breadcrumb\"},\"inLanguage\":\"es\",\"potentialAction\":[{\"@type\":\"ReadAction\",\"target\":[\"https:\\\/\\\/www.uartes.edu.ec\\\/sitio\\\/blog\\\/2021\\\/07\\\/14\\\/las-propuestas-de-juan-posso-jazz-trio-y-lolabum-en-la-xvii-edicion-del-festivalfff\\\/\"]}]},{\"@type\":\"ImageObject\",\"inLanguage\":\"es\",\"@id\":\"https:\\\/\\\/www.uartes.edu.ec\\\/sitio\\\/blog\\\/2021\\\/07\\\/14\\\/las-propuestas-de-juan-posso-jazz-trio-y-lolabum-en-la-xvii-edicion-del-festivalfff\\\/#primaryimage\",\"url\":\"https:\\\/\\\/www.uartes.edu.ec\\\/sitio\\\/wp-content\\\/uploads\\\/2021\\\/07\\\/FESTIVALFFF-JUAN-POSSO.jpg\",\"contentUrl\":\"https:\\\/\\\/www.uartes.edu.ec\\\/sitio\\\/wp-content\\\/uploads\\\/2021\\\/07\\\/FESTIVALFFF-JUAN-POSSO.jpg\",\"width\":2000,\"height\":1333,\"caption\":\"Las propuestas de Juan Posso Jazz Tr\u00edo y Lolab\u00fam en la XVII edici\u00f3n del Festivalfff\"},{\"@type\":\"BreadcrumbList\",\"@id\":\"https:\\\/\\\/www.uartes.edu.ec\\\/sitio\\\/blog\\\/2021\\\/07\\\/14\\\/las-propuestas-de-juan-posso-jazz-trio-y-lolabum-en-la-xvii-edicion-del-festivalfff\\\/#breadcrumb\",\"itemListElement\":[{\"@type\":\"ListItem\",\"position\":1,\"name\":\"Inicio\",\"item\":\"https:\\\/\\\/www.uartes.edu.ec\\\/sitio\\\/\"},{\"@type\":\"ListItem\",\"position\":2,\"name\":\"Las propuestas de Juan Posso Jazz Tr\u00edo y Lolab\u00fam en la XVII edici\u00f3n del Festivalfff\"}]},{\"@type\":\"WebSite\",\"@id\":\"https:\\\/\\\/www.uartes.edu.ec\\\/sitio\\\/#website\",\"url\":\"https:\\\/\\\/www.uartes.edu.ec\\\/sitio\\\/\",\"name\":\"Universidad de las Artes\",\"description\":\"Sitio oficial de la Universidad Nacional de las Artes del Ecuador\",\"publisher\":{\"@id\":\"https:\\\/\\\/www.uartes.edu.ec\\\/sitio\\\/#organization\"},\"potentialAction\":[{\"@type\":\"SearchAction\",\"target\":{\"@type\":\"EntryPoint\",\"urlTemplate\":\"https:\\\/\\\/www.uartes.edu.ec\\\/sitio\\\/?s={search_term_string}\"},\"query-input\":{\"@type\":\"PropertyValueSpecification\",\"valueRequired\":true,\"valueName\":\"search_term_string\"}}],\"inLanguage\":\"es\"},{\"@type\":\"Organization\",\"@id\":\"https:\\\/\\\/www.uartes.edu.ec\\\/sitio\\\/#organization\",\"name\":\"Universidad de las Artes\",\"url\":\"https:\\\/\\\/www.uartes.edu.ec\\\/sitio\\\/\",\"logo\":{\"@type\":\"ImageObject\",\"inLanguage\":\"es\",\"@id\":\"https:\\\/\\\/www.uartes.edu.ec\\\/sitio\\\/#\\\/schema\\\/logo\\\/image\\\/\",\"url\":\"https:\\\/\\\/www.uartes.edu.ec\\\/sitio\\\/wp-content\\\/uploads\\\/2022\\\/07\\\/logo-ua-horizontal.png\",\"contentUrl\":\"https:\\\/\\\/www.uartes.edu.ec\\\/sitio\\\/wp-content\\\/uploads\\\/2022\\\/07\\\/logo-ua-horizontal.png\",\"width\":800,\"height\":276,\"caption\":\"Universidad de las Artes\"},\"image\":{\"@id\":\"https:\\\/\\\/www.uartes.edu.ec\\\/sitio\\\/#\\\/schema\\\/logo\\\/image\\\/\"},\"sameAs\":[\"https:\\\/\\\/www.facebook.com\\\/uartesec\",\"https:\\\/\\\/x.com\\\/uartesec\",\"https:\\\/\\\/www.tiktok.com\\\/@uartesec\"]},{\"@type\":\"Person\",\"@id\":\"https:\\\/\\\/www.uartes.edu.ec\\\/sitio\\\/#\\\/schema\\\/person\\\/efa1b8275797664fd7f13a79ccc0b1f4\",\"name\":\"ccortez\",\"image\":{\"@type\":\"ImageObject\",\"inLanguage\":\"es\",\"@id\":\"https:\\\/\\\/secure.gravatar.com\\\/avatar\\\/b2a6f664a3ae8e074346ef91775736c5ec479e637ecced6842de9dc98b5da9cd?s=96&d=mm&r=g\",\"url\":\"https:\\\/\\\/secure.gravatar.com\\\/avatar\\\/b2a6f664a3ae8e074346ef91775736c5ec479e637ecced6842de9dc98b5da9cd?s=96&d=mm&r=g\",\"contentUrl\":\"https:\\\/\\\/secure.gravatar.com\\\/avatar\\\/b2a6f664a3ae8e074346ef91775736c5ec479e637ecced6842de9dc98b5da9cd?s=96&d=mm&r=g\",\"caption\":\"ccortez\"},\"url\":\"https:\\\/\\\/www.uartes.edu.ec\\\/sitio\\\/blog\\\/author\\\/ccortez\\\/\"}]}<\/script>\n<!-- \/ Yoast SEO plugin. -->","yoast_head_json":{"title":"Universidad de las Artes - Las propuestas de Juan Posso Jazz Tr\u00edo y Lolab\u00fam en la XVII edici\u00f3n del Festivalfff","description":"Universidad de las Artes - Las propuestas de Juan Posso Jazz Tr\u00edo y Lolab\u00fam en la XVII edici\u00f3n del Festivalfff","robots":{"index":"index","follow":"follow","max-snippet":"max-snippet:-1","max-image-preview":"max-image-preview:large","max-video-preview":"max-video-preview:-1"},"canonical":"https:\/\/www.uartes.edu.ec\/sitio\/blog\/2021\/07\/14\/las-propuestas-de-juan-posso-jazz-trio-y-lolabum-en-la-xvii-edicion-del-festivalfff\/","og_locale":"es_ES","og_type":"article","og_title":"Universidad de las Artes - Las propuestas de Juan Posso Jazz Tr\u00edo y Lolab\u00fam en la XVII edici\u00f3n del Festivalfff","og_description":"Universidad de las Artes - Las propuestas de Juan Posso Jazz Tr\u00edo y Lolab\u00fam en la XVII edici\u00f3n del Festivalfff","og_url":"https:\/\/www.uartes.edu.ec\/sitio\/blog\/2021\/07\/14\/las-propuestas-de-juan-posso-jazz-trio-y-lolabum-en-la-xvii-edicion-del-festivalfff\/","og_site_name":"Universidad de las Artes","article_publisher":"https:\/\/www.facebook.com\/uartesec","article_published_time":"2021-07-14T16:22:35+00:00","article_modified_time":"2024-07-04T16:26:05+00:00","og_image":[{"width":2000,"height":1333,"url":"https:\/\/www.uartes.edu.ec\/sitio\/wp-content\/uploads\/2021\/07\/FESTIVALFFF-JUAN-POSSO.jpg","type":"image\/jpeg"}],"author":"ccortez","twitter_card":"summary_large_image","twitter_creator":"@uartesec","twitter_site":"@uartesec","twitter_misc":{"Escrito por":"ccortez","Tiempo de lectura":"4 minutos"},"schema":{"@context":"https:\/\/schema.org","@graph":[{"@type":"Article","@id":"https:\/\/www.uartes.edu.ec\/sitio\/blog\/2021\/07\/14\/las-propuestas-de-juan-posso-jazz-trio-y-lolabum-en-la-xvii-edicion-del-festivalfff\/#article","isPartOf":{"@id":"https:\/\/www.uartes.edu.ec\/sitio\/blog\/2021\/07\/14\/las-propuestas-de-juan-posso-jazz-trio-y-lolabum-en-la-xvii-edicion-del-festivalfff\/"},"author":{"name":"ccortez","@id":"https:\/\/www.uartes.edu.ec\/sitio\/#\/schema\/person\/efa1b8275797664fd7f13a79ccc0b1f4"},"headline":"Las propuestas de Juan Posso Jazz Tr\u00edo y Lolab\u00fam en la XVII edici\u00f3n del Festivalfff","datePublished":"2021-07-14T16:22:35+00:00","dateModified":"2024-07-04T16:26:05+00:00","mainEntityOfPage":{"@id":"https:\/\/www.uartes.edu.ec\/sitio\/blog\/2021\/07\/14\/las-propuestas-de-juan-posso-jazz-trio-y-lolabum-en-la-xvii-edicion-del-festivalfff\/"},"wordCount":764,"commentCount":0,"publisher":{"@id":"https:\/\/www.uartes.edu.ec\/sitio\/#organization"},"image":{"@id":"https:\/\/www.uartes.edu.ec\/sitio\/blog\/2021\/07\/14\/las-propuestas-de-juan-posso-jazz-trio-y-lolabum-en-la-xvii-edicion-del-festivalfff\/#primaryimage"},"thumbnailUrl":"https:\/\/www.uartes.edu.ec\/sitio\/wp-content\/uploads\/2021\/07\/FESTIVALFFF-JUAN-POSSO.jpg","articleSection":["Artes","Artes Sonoras","Docentes"],"inLanguage":"es","potentialAction":[{"@type":"CommentAction","name":"Comment","target":["https:\/\/www.uartes.edu.ec\/sitio\/blog\/2021\/07\/14\/las-propuestas-de-juan-posso-jazz-trio-y-lolabum-en-la-xvii-edicion-del-festivalfff\/#respond"]}]},{"@type":["WebPage","ItemPage"],"@id":"https:\/\/www.uartes.edu.ec\/sitio\/blog\/2021\/07\/14\/las-propuestas-de-juan-posso-jazz-trio-y-lolabum-en-la-xvii-edicion-del-festivalfff\/","url":"https:\/\/www.uartes.edu.ec\/sitio\/blog\/2021\/07\/14\/las-propuestas-de-juan-posso-jazz-trio-y-lolabum-en-la-xvii-edicion-del-festivalfff\/","name":"Universidad de las Artes - Las propuestas de Juan Posso Jazz Tr\u00edo y Lolab\u00fam en la XVII edici\u00f3n del Festivalfff","isPartOf":{"@id":"https:\/\/www.uartes.edu.ec\/sitio\/#website"},"primaryImageOfPage":{"@id":"https:\/\/www.uartes.edu.ec\/sitio\/blog\/2021\/07\/14\/las-propuestas-de-juan-posso-jazz-trio-y-lolabum-en-la-xvii-edicion-del-festivalfff\/#primaryimage"},"image":{"@id":"https:\/\/www.uartes.edu.ec\/sitio\/blog\/2021\/07\/14\/las-propuestas-de-juan-posso-jazz-trio-y-lolabum-en-la-xvii-edicion-del-festivalfff\/#primaryimage"},"thumbnailUrl":"https:\/\/www.uartes.edu.ec\/sitio\/wp-content\/uploads\/2021\/07\/FESTIVALFFF-JUAN-POSSO.jpg","datePublished":"2021-07-14T16:22:35+00:00","dateModified":"2024-07-04T16:26:05+00:00","description":"Universidad de las Artes - Las propuestas de Juan Posso Jazz Tr\u00edo y Lolab\u00fam en la XVII edici\u00f3n del Festivalfff","breadcrumb":{"@id":"https:\/\/www.uartes.edu.ec\/sitio\/blog\/2021\/07\/14\/las-propuestas-de-juan-posso-jazz-trio-y-lolabum-en-la-xvii-edicion-del-festivalfff\/#breadcrumb"},"inLanguage":"es","potentialAction":[{"@type":"ReadAction","target":["https:\/\/www.uartes.edu.ec\/sitio\/blog\/2021\/07\/14\/las-propuestas-de-juan-posso-jazz-trio-y-lolabum-en-la-xvii-edicion-del-festivalfff\/"]}]},{"@type":"ImageObject","inLanguage":"es","@id":"https:\/\/www.uartes.edu.ec\/sitio\/blog\/2021\/07\/14\/las-propuestas-de-juan-posso-jazz-trio-y-lolabum-en-la-xvii-edicion-del-festivalfff\/#primaryimage","url":"https:\/\/www.uartes.edu.ec\/sitio\/wp-content\/uploads\/2021\/07\/FESTIVALFFF-JUAN-POSSO.jpg","contentUrl":"https:\/\/www.uartes.edu.ec\/sitio\/wp-content\/uploads\/2021\/07\/FESTIVALFFF-JUAN-POSSO.jpg","width":2000,"height":1333,"caption":"Las propuestas de Juan Posso Jazz Tr\u00edo y Lolab\u00fam en la XVII edici\u00f3n del Festivalfff"},{"@type":"BreadcrumbList","@id":"https:\/\/www.uartes.edu.ec\/sitio\/blog\/2021\/07\/14\/las-propuestas-de-juan-posso-jazz-trio-y-lolabum-en-la-xvii-edicion-del-festivalfff\/#breadcrumb","itemListElement":[{"@type":"ListItem","position":1,"name":"Inicio","item":"https:\/\/www.uartes.edu.ec\/sitio\/"},{"@type":"ListItem","position":2,"name":"Las propuestas de Juan Posso Jazz Tr\u00edo y Lolab\u00fam en la XVII edici\u00f3n del Festivalfff"}]},{"@type":"WebSite","@id":"https:\/\/www.uartes.edu.ec\/sitio\/#website","url":"https:\/\/www.uartes.edu.ec\/sitio\/","name":"Universidad de las Artes","description":"Sitio oficial de la Universidad Nacional de las Artes del Ecuador","publisher":{"@id":"https:\/\/www.uartes.edu.ec\/sitio\/#organization"},"potentialAction":[{"@type":"SearchAction","target":{"@type":"EntryPoint","urlTemplate":"https:\/\/www.uartes.edu.ec\/sitio\/?s={search_term_string}"},"query-input":{"@type":"PropertyValueSpecification","valueRequired":true,"valueName":"search_term_string"}}],"inLanguage":"es"},{"@type":"Organization","@id":"https:\/\/www.uartes.edu.ec\/sitio\/#organization","name":"Universidad de las Artes","url":"https:\/\/www.uartes.edu.ec\/sitio\/","logo":{"@type":"ImageObject","inLanguage":"es","@id":"https:\/\/www.uartes.edu.ec\/sitio\/#\/schema\/logo\/image\/","url":"https:\/\/www.uartes.edu.ec\/sitio\/wp-content\/uploads\/2022\/07\/logo-ua-horizontal.png","contentUrl":"https:\/\/www.uartes.edu.ec\/sitio\/wp-content\/uploads\/2022\/07\/logo-ua-horizontal.png","width":800,"height":276,"caption":"Universidad de las Artes"},"image":{"@id":"https:\/\/www.uartes.edu.ec\/sitio\/#\/schema\/logo\/image\/"},"sameAs":["https:\/\/www.facebook.com\/uartesec","https:\/\/x.com\/uartesec","https:\/\/www.tiktok.com\/@uartesec"]},{"@type":"Person","@id":"https:\/\/www.uartes.edu.ec\/sitio\/#\/schema\/person\/efa1b8275797664fd7f13a79ccc0b1f4","name":"ccortez","image":{"@type":"ImageObject","inLanguage":"es","@id":"https:\/\/secure.gravatar.com\/avatar\/b2a6f664a3ae8e074346ef91775736c5ec479e637ecced6842de9dc98b5da9cd?s=96&d=mm&r=g","url":"https:\/\/secure.gravatar.com\/avatar\/b2a6f664a3ae8e074346ef91775736c5ec479e637ecced6842de9dc98b5da9cd?s=96&d=mm&r=g","contentUrl":"https:\/\/secure.gravatar.com\/avatar\/b2a6f664a3ae8e074346ef91775736c5ec479e637ecced6842de9dc98b5da9cd?s=96&d=mm&r=g","caption":"ccortez"},"url":"https:\/\/www.uartes.edu.ec\/sitio\/blog\/author\/ccortez\/"}]}},"uagb_featured_image_src":{"full":["https:\/\/www.uartes.edu.ec\/sitio\/wp-content\/uploads\/2021\/07\/FESTIVALFFF-JUAN-POSSO.jpg",2000,1333,false],"thumbnail":["https:\/\/www.uartes.edu.ec\/sitio\/wp-content\/uploads\/2021\/07\/FESTIVALFFF-JUAN-POSSO-150x150.jpg",150,150,true],"medium":["https:\/\/www.uartes.edu.ec\/sitio\/wp-content\/uploads\/2021\/07\/FESTIVALFFF-JUAN-POSSO-300x200.jpg",300,200,true],"medium_large":["https:\/\/www.uartes.edu.ec\/sitio\/wp-content\/uploads\/2021\/07\/FESTIVALFFF-JUAN-POSSO-768x512.jpg",768,512,true],"large":["https:\/\/www.uartes.edu.ec\/sitio\/wp-content\/uploads\/2021\/07\/FESTIVALFFF-JUAN-POSSO-644x429.jpg",644,429,true],"1536x1536":["https:\/\/www.uartes.edu.ec\/sitio\/wp-content\/uploads\/2021\/07\/FESTIVALFFF-JUAN-POSSO-1536x1024.jpg",1536,1024,true],"2048x2048":["https:\/\/www.uartes.edu.ec\/sitio\/wp-content\/uploads\/2021\/07\/FESTIVALFFF-JUAN-POSSO.jpg",2000,1333,false],"trp-custom-language-flag":["https:\/\/www.uartes.edu.ec\/sitio\/wp-content\/uploads\/2021\/07\/FESTIVALFFF-JUAN-POSSO-16x12.jpg",16,12,true],"htmega_size_585x295":["https:\/\/www.uartes.edu.ec\/sitio\/wp-content\/uploads\/2021\/07\/FESTIVALFFF-JUAN-POSSO-585x295.jpg",585,295,true],"htmega_size_1170x536":["https:\/\/www.uartes.edu.ec\/sitio\/wp-content\/uploads\/2021\/07\/FESTIVALFFF-JUAN-POSSO-1170x536.jpg",1170,536,true],"htmega_size_396x360":["https:\/\/www.uartes.edu.ec\/sitio\/wp-content\/uploads\/2021\/07\/FESTIVALFFF-JUAN-POSSO-396x360.jpg",396,360,true],"gb-block-post-grid-landscape":["https:\/\/www.uartes.edu.ec\/sitio\/wp-content\/uploads\/2021\/07\/FESTIVALFFF-JUAN-POSSO.jpg",600,400,false],"gb-block-post-grid-square":["https:\/\/www.uartes.edu.ec\/sitio\/wp-content\/uploads\/2021\/07\/FESTIVALFFF-JUAN-POSSO.jpg",600,400,false],"university-hub-thumb":["https:\/\/www.uartes.edu.ec\/sitio\/wp-content\/uploads\/2021\/07\/FESTIVALFFF-JUAN-POSSO-400x267.jpg",400,267,true]},"uagb_author_info":{"display_name":"ccortez","author_link":"https:\/\/www.uartes.edu.ec\/sitio\/blog\/author\/ccortez\/"},"uagb_comment_info":0,"uagb_excerpt":"Juan Posso Jazz Tr\u00edo, liderado por el baterista y compositor Juan Posso, y Lolab\u00fam, al mando de Pedro Bonfim, ambos docentes de la Universidad de las Artes, figuran entre los grupos y solistas que participar\u00e1n en la edici\u00f3n n\u00famero 17 del Festival de M\u00fasica de Vanguardia, que se desarrollar\u00e1 del 9 al 12 de septiembre&hellip;","featured_image_src":"https:\/\/www.uartes.edu.ec\/sitio\/wp-content\/uploads\/2021\/07\/FESTIVALFFF-JUAN-POSSO.jpg","featured_image_src_square":"https:\/\/www.uartes.edu.ec\/sitio\/wp-content\/uploads\/2021\/07\/FESTIVALFFF-JUAN-POSSO.jpg","author_info":{"display_name":"ccortez","author_link":"https:\/\/www.uartes.edu.ec\/sitio\/blog\/author\/ccortez\/"},"publishpress_future_workflow_manual_trigger":{"enabledWorkflows":[]},"distributor_meta":false,"distributor_terms":false,"distributor_media":false,"distributor_original_site_name":"Universidad de las Artes","distributor_original_site_url":"https:\/\/www.uartes.edu.ec\/sitio","push-errors":false,"_links":{"self":[{"href":"https:\/\/www.uartes.edu.ec\/sitio\/wp-json\/wp\/v2\/posts\/14776","targetHints":{"allow":["GET"]}}],"collection":[{"href":"https:\/\/www.uartes.edu.ec\/sitio\/wp-json\/wp\/v2\/posts"}],"about":[{"href":"https:\/\/www.uartes.edu.ec\/sitio\/wp-json\/wp\/v2\/types\/post"}],"author":[{"embeddable":true,"href":"https:\/\/www.uartes.edu.ec\/sitio\/wp-json\/wp\/v2\/users\/10"}],"replies":[{"embeddable":true,"href":"https:\/\/www.uartes.edu.ec\/sitio\/wp-json\/wp\/v2\/comments?post=14776"}],"version-history":[{"count":3,"href":"https:\/\/www.uartes.edu.ec\/sitio\/wp-json\/wp\/v2\/posts\/14776\/revisions"}],"predecessor-version":[{"id":14807,"href":"https:\/\/www.uartes.edu.ec\/sitio\/wp-json\/wp\/v2\/posts\/14776\/revisions\/14807"}],"wp:featuredmedia":[{"embeddable":true,"href":"https:\/\/www.uartes.edu.ec\/sitio\/wp-json\/wp\/v2\/media\/14795"}],"wp:attachment":[{"href":"https:\/\/www.uartes.edu.ec\/sitio\/wp-json\/wp\/v2\/media?parent=14776"}],"wp:term":[{"taxonomy":"category","embeddable":true,"href":"https:\/\/www.uartes.edu.ec\/sitio\/wp-json\/wp\/v2\/categories?post=14776"},{"taxonomy":"post_tag","embeddable":true,"href":"https:\/\/www.uartes.edu.ec\/sitio\/wp-json\/wp\/v2\/tags?post=14776"},{"taxonomy":"infouartes","embeddable":true,"href":"https:\/\/www.uartes.edu.ec\/sitio\/wp-json\/wp\/v2\/infouartes?post=14776"}],"curies":[{"name":"wp","href":"https:\/\/api.w.org\/{rel}","templated":true}]}}