{"id":1478,"date":"2018-04-18T16:20:28","date_gmt":"2018-04-18T21:20:28","guid":{"rendered":"http:\/\/www.uartes.edu.ec\/infouartes\/?p=1478"},"modified":"2024-07-04T11:53:53","modified_gmt":"2024-07-04T16:53:53","slug":"primer-proyecto-final-de-titulacion-en-artes-reflexiona-sobre-el-espacio-publico","status":"publish","type":"post","link":"https:\/\/www.uartes.edu.ec\/sitio\/blog\/2018\/04\/18\/primer-proyecto-final-de-titulacion-en-artes-reflexiona-sobre-el-espacio-publico\/","title":{"rendered":"Primer proyecto final de titulaci\u00f3n en artes reflexiona sobre el espacio p\u00fablico"},"content":{"rendered":"<p>El inicio de este primer semestre 2018 es muy importante para nuestra Escuela de Artes Visuales y toda la comunidad UArtes: se inaugura nuestro primer a\u00f1o de sustentaciones de proyectos de Titulaci\u00f3n. De la Escuela egresar\u00e1n en el presente a\u00f1o, 3 grupos de estudiantes que dar\u00e1n cuenta de sus competencias en investigaci\u00f3n \u2013 creaci\u00f3n en Artes Visuales, tanto en las defensas como en las presentaciones de proyectos art\u00edsticos y de investigaci\u00f3n te\u00f3rica, desde este mes de Abril hasta Octubre del 2018.<\/p>\n<p>Desde este jueves 19 de Abril, la Escuela de Artes Visuales dar\u00e1 inicio a este calendario\/cronograma de sustentaciones p\u00fablicas en sala, intervenciones urbanas, performances, instalaciones, proyectos en <em>site specific <\/em>y muchos otros formatos que dan cuenta de la diversidad de lenguajes y pr\u00e1cticas art\u00edsticas propuestas como un \u00faltimo proyecto acad\u00e9mico, que opta por el t\u00edtulo de Licenciado en Artes Visuales de la UArtes.<\/p>\n<p>La obra que inaugurar\u00e1 este primer grupo de sustentaciones est\u00e1 a cargo del estudiante de nuestra Escuela, <strong>Ricardo Xavier Jord\u00e1n S\u00e1nchez, <\/strong>con su proyecto de investigaci\u00f3n <strong><em>Deriva<\/em><\/strong>, que surge de 4 a\u00f1os de constante inquietud sobre un espacio ubicado en la V\u00eda a la Costa, donde existi\u00f3 un cerro que ha desaparecido. La remoci\u00f3n gradual del paisaje fue causada por una empresa dedicada a la extracci\u00f3n de piedra, dejando atr\u00e1s un paisaje completamente decadente y muy misterioso, ya que, a pesar de estar aparentemente abandonado, sufre constantes cambios, sin existir un motivo claro.<\/p>\n<p>A partir de este espacio, el estudiante propone por medio del lenguaje audiovisual, la observaci\u00f3n y exploraci\u00f3n de este lugar en aparente abandono, planteando un recorrido libre de narrativa para el espectador. En el marco del proyecto de Titulaci\u00f3n se sugiere, por medio del montaje de las piezas videogr\u00e1ficas, reforzar la idea de recorrido por medio de su emplazamiento en cuatro estaciones distintas en el centro de la ciudad de Guayaquil; lo cual comprende un desplazamiento f\u00edsico por el espacio p\u00fablico, al mismo tiempo que existe un desplazamiento por otro espacio, sugerido e imaginado, por quien lo contempla y juega el rol del espectador. Desde su pertinencia, el proyecto del estudiante aporta y valida nuevas reflexiones entorno a la intervenci\u00f3n del espacio p\u00fablico, desde un lenguaje videogr\u00e1fico que no necesariamente debe estar montado en el espacio convencional del cubo blanco de galer\u00edas y salas de exhibici\u00f3n. Es una propuesta ambiciosa al poner en cuesti\u00f3n, desde la gesti\u00f3n misma de los espacios urbanos para su apropiaci\u00f3n, una relectura del espacio p\u00fablico tan distante y complejo en sus usos, si pensamos desde nuestro lugar de producci\u00f3n, la ciudad de Guayaquil.<\/p>\n<p>La propuesta de Titulaci\u00f3n de Jord\u00e1n representa para la Escuela, la primera de sus experiencias en emplazar y defender un proyecto de investigaci\u00f3n en Artes y uno de los eventos acad\u00e9micos m\u00e1s importantes para la Universidad de las Artes, ya que abre su primera cohorte de Licenciados, a la cual se sumar\u00e1n otras Escuelas de la Universidad en el 2018 y 2019.<\/p>\n<p>Como tutora fue un placer trabajar con un estudiante tan comprometido y apasionado por sus proyectos. Agradezco a la Escuela este inmenso voto de confianza y al estudiante por confiar en mi guia y mi trayectoria, para acompa\u00f1ar este proceso que avalo con total orgullo. Que hayamos establecido acuerdos sensatos y nutridos en m\u00e1s de 6 meses de trabajo articulado entre tutor y estudiante, fue mi mayor regalo.<\/p>\n<p>La propuesta de Ricardo Jord\u00e1n, <em>Deriva,<\/em> iniciar\u00e1 a las 19h00 en la Casa del Cacao, en las calles Panam\u00e1 e Imbabura. Esta es la propuesta sugerida por el estudiante. Como espectadores, podemos iniciar el recorrido por cualquiera de las 4 estaciones propuestas en el proyecto.<\/p>\n<p>&nbsp;<\/p>\n<p style=\"text-align: right\"><strong>Adriana Mar\u00eda R\u00edos D\u00edaz<br \/>\n<\/strong>Subdirectora Escuela de Artes Visuales<br \/>\nUniversidad de las Artes del Ecuador<\/p>\n<p><strong>Conoce el mapa de recorridos<\/strong><\/p>\n<p><img fetchpriority=\"high\" decoding=\"async\" class=\"aligncenter size-full wp-image-1479\" src=\"http:\/\/www.uartes.edu.ec\/infouartes\/wp-content\/uploads\/2018\/04\/Mapa-Final.jpg\" alt=\"\" width=\"800\" height=\"566\" \/><\/p>\n<p>Sigue el <a href=\"https:\/\/www.facebook.com\/events\/2049409948640545\/\">evento en Facebook<\/a>.<\/p>\n<p><img decoding=\"async\" class=\"aligncenter size-full wp-image-1480\" src=\"http:\/\/www.uartes.edu.ec\/infouartes\/wp-content\/uploads\/2018\/04\/Afiche-web.jpg\" alt=\"\" width=\"800\" height=\"1131\" \/><\/p>\n<p><em>(*) <\/em><em>Cr\u00e9ditos fotogr\u00e1ficos: Daniela Cevallos\u00a0<\/em><\/p>\n","protected":false},"excerpt":{"rendered":"<p>El inicio de este primer semestre 2018 es muy importante para nuestra Escuela de Artes Visuales y toda la comunidad UArtes: se inaugura nuestro primer a\u00f1o de sustentaciones de proyectos de Titulaci\u00f3n. De la Escuela egresar\u00e1n en el presente a\u00f1o, 3 grupos de estudiantes que dar\u00e1n cuenta de sus competencias en investigaci\u00f3n \u2013 creaci\u00f3n en [&hellip;]<\/p>\n","protected":false},"author":1,"featured_media":1481,"comment_status":"closed","ping_status":"closed","sticky":false,"template":"","format":"standard","meta":{"_acf_changed":false,"_uag_custom_page_level_css":"","_monsterinsights_skip_tracking":false,"_monsterinsights_sitenote_active":false,"_monsterinsights_sitenote_note":"","_monsterinsights_sitenote_category":0,"cybocfi_hide_featured_image":"","footnotes":""},"categories":[76],"tags":[],"infouartes":[],"class_list":["post-1478","post","type-post","status-publish","format-standard","has-post-thumbnail","hentry","category-estudiantes"],"acf":[],"yoast_head":"<!-- This site is optimized with the Yoast SEO plugin v27.4 - https:\/\/yoast.com\/product\/yoast-seo-wordpress\/ -->\n<title>Universidad de las Artes - Primer proyecto final de titulaci\u00f3n en artes reflexiona sobre el espacio p\u00fablico<\/title>\n<meta name=\"description\" content=\"Universidad de las Artes - Primer proyecto final de titulaci\u00f3n en artes reflexiona sobre el espacio p\u00fablico\" \/>\n<meta name=\"robots\" content=\"index, follow, max-snippet:-1, max-image-preview:large, max-video-preview:-1\" \/>\n<link rel=\"canonical\" href=\"https:\/\/www.uartes.edu.ec\/sitio\/blog\/2018\/04\/18\/primer-proyecto-final-de-titulacion-en-artes-reflexiona-sobre-el-espacio-publico\/\" \/>\n<meta property=\"og:locale\" content=\"es_ES\" \/>\n<meta property=\"og:type\" content=\"article\" \/>\n<meta property=\"og:title\" content=\"Universidad de las Artes - Primer proyecto final de titulaci\u00f3n en artes reflexiona sobre el espacio p\u00fablico\" \/>\n<meta property=\"og:description\" content=\"Universidad de las Artes - Primer proyecto final de titulaci\u00f3n en artes reflexiona sobre el espacio p\u00fablico\" \/>\n<meta property=\"og:url\" content=\"https:\/\/www.uartes.edu.ec\/sitio\/blog\/2018\/04\/18\/primer-proyecto-final-de-titulacion-en-artes-reflexiona-sobre-el-espacio-publico\/\" \/>\n<meta property=\"og:site_name\" content=\"Universidad de las Artes\" \/>\n<meta property=\"article:publisher\" content=\"https:\/\/www.facebook.com\/uartesec\" \/>\n<meta property=\"article:published_time\" content=\"2018-04-18T21:20:28+00:00\" \/>\n<meta property=\"article:modified_time\" content=\"2024-07-04T16:53:53+00:00\" \/>\n<meta name=\"author\" content=\"Universidad de las Artes\" \/>\n<meta name=\"twitter:card\" content=\"summary_large_image\" \/>\n<meta name=\"twitter:creator\" content=\"@uartesec\" \/>\n<meta name=\"twitter:site\" content=\"@uartesec\" \/>\n<meta name=\"twitter:label1\" content=\"Escrito por\" \/>\n\t<meta name=\"twitter:data1\" content=\"Universidad de las Artes\" \/>\n\t<meta name=\"twitter:label2\" content=\"Tiempo de lectura\" \/>\n\t<meta name=\"twitter:data2\" content=\"3 minutos\" \/>\n<script type=\"application\/ld+json\" class=\"yoast-schema-graph\">{\"@context\":\"https:\\\/\\\/schema.org\",\"@graph\":[{\"@type\":\"Article\",\"@id\":\"https:\\\/\\\/www.uartes.edu.ec\\\/sitio\\\/blog\\\/2018\\\/04\\\/18\\\/primer-proyecto-final-de-titulacion-en-artes-reflexiona-sobre-el-espacio-publico\\\/#article\",\"isPartOf\":{\"@id\":\"https:\\\/\\\/www.uartes.edu.ec\\\/sitio\\\/blog\\\/2018\\\/04\\\/18\\\/primer-proyecto-final-de-titulacion-en-artes-reflexiona-sobre-el-espacio-publico\\\/\"},\"author\":{\"name\":\"Universidad de las Artes\",\"@id\":\"https:\\\/\\\/www.uartes.edu.ec\\\/sitio\\\/#\\\/schema\\\/person\\\/f33f8c1d2af0d5c80a38c8abf458184a\"},\"headline\":\"Primer proyecto final de titulaci\u00f3n en artes reflexiona sobre el espacio p\u00fablico\",\"datePublished\":\"2018-04-18T21:20:28+00:00\",\"dateModified\":\"2024-07-04T16:53:53+00:00\",\"mainEntityOfPage\":{\"@id\":\"https:\\\/\\\/www.uartes.edu.ec\\\/sitio\\\/blog\\\/2018\\\/04\\\/18\\\/primer-proyecto-final-de-titulacion-en-artes-reflexiona-sobre-el-espacio-publico\\\/\"},\"wordCount\":688,\"publisher\":{\"@id\":\"https:\\\/\\\/www.uartes.edu.ec\\\/sitio\\\/#organization\"},\"image\":{\"@id\":\"https:\\\/\\\/www.uartes.edu.ec\\\/sitio\\\/blog\\\/2018\\\/04\\\/18\\\/primer-proyecto-final-de-titulacion-en-artes-reflexiona-sobre-el-espacio-publico\\\/#primaryimage\"},\"thumbnailUrl\":\"\",\"articleSection\":[\"Estudiantes\"],\"inLanguage\":\"es\"},{\"@type\":[\"WebPage\",\"ItemPage\"],\"@id\":\"https:\\\/\\\/www.uartes.edu.ec\\\/sitio\\\/blog\\\/2018\\\/04\\\/18\\\/primer-proyecto-final-de-titulacion-en-artes-reflexiona-sobre-el-espacio-publico\\\/\",\"url\":\"https:\\\/\\\/www.uartes.edu.ec\\\/sitio\\\/blog\\\/2018\\\/04\\\/18\\\/primer-proyecto-final-de-titulacion-en-artes-reflexiona-sobre-el-espacio-publico\\\/\",\"name\":\"Universidad de las Artes - Primer proyecto final de titulaci\u00f3n en artes reflexiona sobre el espacio p\u00fablico\",\"isPartOf\":{\"@id\":\"https:\\\/\\\/www.uartes.edu.ec\\\/sitio\\\/#website\"},\"primaryImageOfPage\":{\"@id\":\"https:\\\/\\\/www.uartes.edu.ec\\\/sitio\\\/blog\\\/2018\\\/04\\\/18\\\/primer-proyecto-final-de-titulacion-en-artes-reflexiona-sobre-el-espacio-publico\\\/#primaryimage\"},\"image\":{\"@id\":\"https:\\\/\\\/www.uartes.edu.ec\\\/sitio\\\/blog\\\/2018\\\/04\\\/18\\\/primer-proyecto-final-de-titulacion-en-artes-reflexiona-sobre-el-espacio-publico\\\/#primaryimage\"},\"thumbnailUrl\":\"\",\"datePublished\":\"2018-04-18T21:20:28+00:00\",\"dateModified\":\"2024-07-04T16:53:53+00:00\",\"description\":\"Universidad de las Artes - Primer proyecto final de titulaci\u00f3n en artes reflexiona sobre el espacio p\u00fablico\",\"breadcrumb\":{\"@id\":\"https:\\\/\\\/www.uartes.edu.ec\\\/sitio\\\/blog\\\/2018\\\/04\\\/18\\\/primer-proyecto-final-de-titulacion-en-artes-reflexiona-sobre-el-espacio-publico\\\/#breadcrumb\"},\"inLanguage\":\"es\",\"potentialAction\":[{\"@type\":\"ReadAction\",\"target\":[\"https:\\\/\\\/www.uartes.edu.ec\\\/sitio\\\/blog\\\/2018\\\/04\\\/18\\\/primer-proyecto-final-de-titulacion-en-artes-reflexiona-sobre-el-espacio-publico\\\/\"]}]},{\"@type\":\"ImageObject\",\"inLanguage\":\"es\",\"@id\":\"https:\\\/\\\/www.uartes.edu.ec\\\/sitio\\\/blog\\\/2018\\\/04\\\/18\\\/primer-proyecto-final-de-titulacion-en-artes-reflexiona-sobre-el-espacio-publico\\\/#primaryimage\",\"url\":\"\",\"contentUrl\":\"\"},{\"@type\":\"BreadcrumbList\",\"@id\":\"https:\\\/\\\/www.uartes.edu.ec\\\/sitio\\\/blog\\\/2018\\\/04\\\/18\\\/primer-proyecto-final-de-titulacion-en-artes-reflexiona-sobre-el-espacio-publico\\\/#breadcrumb\",\"itemListElement\":[{\"@type\":\"ListItem\",\"position\":1,\"name\":\"Inicio\",\"item\":\"https:\\\/\\\/www.uartes.edu.ec\\\/sitio\\\/\"},{\"@type\":\"ListItem\",\"position\":2,\"name\":\"Primer proyecto final de titulaci\u00f3n en artes reflexiona sobre el espacio p\u00fablico\"}]},{\"@type\":\"WebSite\",\"@id\":\"https:\\\/\\\/www.uartes.edu.ec\\\/sitio\\\/#website\",\"url\":\"https:\\\/\\\/www.uartes.edu.ec\\\/sitio\\\/\",\"name\":\"Universidad de las Artes\",\"description\":\"Sitio oficial de la Universidad Nacional de las Artes del Ecuador\",\"publisher\":{\"@id\":\"https:\\\/\\\/www.uartes.edu.ec\\\/sitio\\\/#organization\"},\"potentialAction\":[{\"@type\":\"SearchAction\",\"target\":{\"@type\":\"EntryPoint\",\"urlTemplate\":\"https:\\\/\\\/www.uartes.edu.ec\\\/sitio\\\/?s={search_term_string}\"},\"query-input\":{\"@type\":\"PropertyValueSpecification\",\"valueRequired\":true,\"valueName\":\"search_term_string\"}}],\"inLanguage\":\"es\"},{\"@type\":\"Organization\",\"@id\":\"https:\\\/\\\/www.uartes.edu.ec\\\/sitio\\\/#organization\",\"name\":\"Universidad de las Artes\",\"url\":\"https:\\\/\\\/www.uartes.edu.ec\\\/sitio\\\/\",\"logo\":{\"@type\":\"ImageObject\",\"inLanguage\":\"es\",\"@id\":\"https:\\\/\\\/www.uartes.edu.ec\\\/sitio\\\/#\\\/schema\\\/logo\\\/image\\\/\",\"url\":\"https:\\\/\\\/www.uartes.edu.ec\\\/sitio\\\/wp-content\\\/uploads\\\/2022\\\/07\\\/logo-ua-horizontal.png\",\"contentUrl\":\"https:\\\/\\\/www.uartes.edu.ec\\\/sitio\\\/wp-content\\\/uploads\\\/2022\\\/07\\\/logo-ua-horizontal.png\",\"width\":800,\"height\":276,\"caption\":\"Universidad de las Artes\"},\"image\":{\"@id\":\"https:\\\/\\\/www.uartes.edu.ec\\\/sitio\\\/#\\\/schema\\\/logo\\\/image\\\/\"},\"sameAs\":[\"https:\\\/\\\/www.facebook.com\\\/uartesec\",\"https:\\\/\\\/x.com\\\/uartesec\",\"https:\\\/\\\/www.tiktok.com\\\/@uartesec\"]},{\"@type\":\"Person\",\"@id\":\"https:\\\/\\\/www.uartes.edu.ec\\\/sitio\\\/#\\\/schema\\\/person\\\/f33f8c1d2af0d5c80a38c8abf458184a\",\"name\":\"Universidad de las Artes\",\"image\":{\"@type\":\"ImageObject\",\"inLanguage\":\"es\",\"@id\":\"https:\\\/\\\/secure.gravatar.com\\\/avatar\\\/52e4757902f5cfa5ac52d020e5be83cae5487519154b6c35482fe08d589f3c13?s=96&d=mm&r=g\",\"url\":\"https:\\\/\\\/secure.gravatar.com\\\/avatar\\\/52e4757902f5cfa5ac52d020e5be83cae5487519154b6c35482fe08d589f3c13?s=96&d=mm&r=g\",\"contentUrl\":\"https:\\\/\\\/secure.gravatar.com\\\/avatar\\\/52e4757902f5cfa5ac52d020e5be83cae5487519154b6c35482fe08d589f3c13?s=96&d=mm&r=g\",\"caption\":\"Universidad de las Artes\"},\"url\":\"https:\\\/\\\/www.uartes.edu.ec\\\/sitio\\\/blog\\\/author\\\/dircomadm\\\/\"}]}<\/script>\n<!-- \/ Yoast SEO plugin. -->","yoast_head_json":{"title":"Universidad de las Artes - Primer proyecto final de titulaci\u00f3n en artes reflexiona sobre el espacio p\u00fablico","description":"Universidad de las Artes - Primer proyecto final de titulaci\u00f3n en artes reflexiona sobre el espacio p\u00fablico","robots":{"index":"index","follow":"follow","max-snippet":"max-snippet:-1","max-image-preview":"max-image-preview:large","max-video-preview":"max-video-preview:-1"},"canonical":"https:\/\/www.uartes.edu.ec\/sitio\/blog\/2018\/04\/18\/primer-proyecto-final-de-titulacion-en-artes-reflexiona-sobre-el-espacio-publico\/","og_locale":"es_ES","og_type":"article","og_title":"Universidad de las Artes - Primer proyecto final de titulaci\u00f3n en artes reflexiona sobre el espacio p\u00fablico","og_description":"Universidad de las Artes - Primer proyecto final de titulaci\u00f3n en artes reflexiona sobre el espacio p\u00fablico","og_url":"https:\/\/www.uartes.edu.ec\/sitio\/blog\/2018\/04\/18\/primer-proyecto-final-de-titulacion-en-artes-reflexiona-sobre-el-espacio-publico\/","og_site_name":"Universidad de las Artes","article_publisher":"https:\/\/www.facebook.com\/uartesec","article_published_time":"2018-04-18T21:20:28+00:00","article_modified_time":"2024-07-04T16:53:53+00:00","author":"Universidad de las Artes","twitter_card":"summary_large_image","twitter_creator":"@uartesec","twitter_site":"@uartesec","twitter_misc":{"Escrito por":"Universidad de las Artes","Tiempo de lectura":"3 minutos"},"schema":{"@context":"https:\/\/schema.org","@graph":[{"@type":"Article","@id":"https:\/\/www.uartes.edu.ec\/sitio\/blog\/2018\/04\/18\/primer-proyecto-final-de-titulacion-en-artes-reflexiona-sobre-el-espacio-publico\/#article","isPartOf":{"@id":"https:\/\/www.uartes.edu.ec\/sitio\/blog\/2018\/04\/18\/primer-proyecto-final-de-titulacion-en-artes-reflexiona-sobre-el-espacio-publico\/"},"author":{"name":"Universidad de las Artes","@id":"https:\/\/www.uartes.edu.ec\/sitio\/#\/schema\/person\/f33f8c1d2af0d5c80a38c8abf458184a"},"headline":"Primer proyecto final de titulaci\u00f3n en artes reflexiona sobre el espacio p\u00fablico","datePublished":"2018-04-18T21:20:28+00:00","dateModified":"2024-07-04T16:53:53+00:00","mainEntityOfPage":{"@id":"https:\/\/www.uartes.edu.ec\/sitio\/blog\/2018\/04\/18\/primer-proyecto-final-de-titulacion-en-artes-reflexiona-sobre-el-espacio-publico\/"},"wordCount":688,"publisher":{"@id":"https:\/\/www.uartes.edu.ec\/sitio\/#organization"},"image":{"@id":"https:\/\/www.uartes.edu.ec\/sitio\/blog\/2018\/04\/18\/primer-proyecto-final-de-titulacion-en-artes-reflexiona-sobre-el-espacio-publico\/#primaryimage"},"thumbnailUrl":"","articleSection":["Estudiantes"],"inLanguage":"es"},{"@type":["WebPage","ItemPage"],"@id":"https:\/\/www.uartes.edu.ec\/sitio\/blog\/2018\/04\/18\/primer-proyecto-final-de-titulacion-en-artes-reflexiona-sobre-el-espacio-publico\/","url":"https:\/\/www.uartes.edu.ec\/sitio\/blog\/2018\/04\/18\/primer-proyecto-final-de-titulacion-en-artes-reflexiona-sobre-el-espacio-publico\/","name":"Universidad de las Artes - Primer proyecto final de titulaci\u00f3n en artes reflexiona sobre el espacio p\u00fablico","isPartOf":{"@id":"https:\/\/www.uartes.edu.ec\/sitio\/#website"},"primaryImageOfPage":{"@id":"https:\/\/www.uartes.edu.ec\/sitio\/blog\/2018\/04\/18\/primer-proyecto-final-de-titulacion-en-artes-reflexiona-sobre-el-espacio-publico\/#primaryimage"},"image":{"@id":"https:\/\/www.uartes.edu.ec\/sitio\/blog\/2018\/04\/18\/primer-proyecto-final-de-titulacion-en-artes-reflexiona-sobre-el-espacio-publico\/#primaryimage"},"thumbnailUrl":"","datePublished":"2018-04-18T21:20:28+00:00","dateModified":"2024-07-04T16:53:53+00:00","description":"Universidad de las Artes - Primer proyecto final de titulaci\u00f3n en artes reflexiona sobre el espacio p\u00fablico","breadcrumb":{"@id":"https:\/\/www.uartes.edu.ec\/sitio\/blog\/2018\/04\/18\/primer-proyecto-final-de-titulacion-en-artes-reflexiona-sobre-el-espacio-publico\/#breadcrumb"},"inLanguage":"es","potentialAction":[{"@type":"ReadAction","target":["https:\/\/www.uartes.edu.ec\/sitio\/blog\/2018\/04\/18\/primer-proyecto-final-de-titulacion-en-artes-reflexiona-sobre-el-espacio-publico\/"]}]},{"@type":"ImageObject","inLanguage":"es","@id":"https:\/\/www.uartes.edu.ec\/sitio\/blog\/2018\/04\/18\/primer-proyecto-final-de-titulacion-en-artes-reflexiona-sobre-el-espacio-publico\/#primaryimage","url":"","contentUrl":""},{"@type":"BreadcrumbList","@id":"https:\/\/www.uartes.edu.ec\/sitio\/blog\/2018\/04\/18\/primer-proyecto-final-de-titulacion-en-artes-reflexiona-sobre-el-espacio-publico\/#breadcrumb","itemListElement":[{"@type":"ListItem","position":1,"name":"Inicio","item":"https:\/\/www.uartes.edu.ec\/sitio\/"},{"@type":"ListItem","position":2,"name":"Primer proyecto final de titulaci\u00f3n en artes reflexiona sobre el espacio p\u00fablico"}]},{"@type":"WebSite","@id":"https:\/\/www.uartes.edu.ec\/sitio\/#website","url":"https:\/\/www.uartes.edu.ec\/sitio\/","name":"Universidad de las Artes","description":"Sitio oficial de la Universidad Nacional de las Artes del Ecuador","publisher":{"@id":"https:\/\/www.uartes.edu.ec\/sitio\/#organization"},"potentialAction":[{"@type":"SearchAction","target":{"@type":"EntryPoint","urlTemplate":"https:\/\/www.uartes.edu.ec\/sitio\/?s={search_term_string}"},"query-input":{"@type":"PropertyValueSpecification","valueRequired":true,"valueName":"search_term_string"}}],"inLanguage":"es"},{"@type":"Organization","@id":"https:\/\/www.uartes.edu.ec\/sitio\/#organization","name":"Universidad de las Artes","url":"https:\/\/www.uartes.edu.ec\/sitio\/","logo":{"@type":"ImageObject","inLanguage":"es","@id":"https:\/\/www.uartes.edu.ec\/sitio\/#\/schema\/logo\/image\/","url":"https:\/\/www.uartes.edu.ec\/sitio\/wp-content\/uploads\/2022\/07\/logo-ua-horizontal.png","contentUrl":"https:\/\/www.uartes.edu.ec\/sitio\/wp-content\/uploads\/2022\/07\/logo-ua-horizontal.png","width":800,"height":276,"caption":"Universidad de las Artes"},"image":{"@id":"https:\/\/www.uartes.edu.ec\/sitio\/#\/schema\/logo\/image\/"},"sameAs":["https:\/\/www.facebook.com\/uartesec","https:\/\/x.com\/uartesec","https:\/\/www.tiktok.com\/@uartesec"]},{"@type":"Person","@id":"https:\/\/www.uartes.edu.ec\/sitio\/#\/schema\/person\/f33f8c1d2af0d5c80a38c8abf458184a","name":"Universidad de las Artes","image":{"@type":"ImageObject","inLanguage":"es","@id":"https:\/\/secure.gravatar.com\/avatar\/52e4757902f5cfa5ac52d020e5be83cae5487519154b6c35482fe08d589f3c13?s=96&d=mm&r=g","url":"https:\/\/secure.gravatar.com\/avatar\/52e4757902f5cfa5ac52d020e5be83cae5487519154b6c35482fe08d589f3c13?s=96&d=mm&r=g","contentUrl":"https:\/\/secure.gravatar.com\/avatar\/52e4757902f5cfa5ac52d020e5be83cae5487519154b6c35482fe08d589f3c13?s=96&d=mm&r=g","caption":"Universidad de las Artes"},"url":"https:\/\/www.uartes.edu.ec\/sitio\/blog\/author\/dircomadm\/"}]}},"uagb_featured_image_src":{"full":false,"thumbnail":false,"medium":false,"medium_large":false,"large":false,"1536x1536":false,"2048x2048":false,"trp-custom-language-flag":false,"htmega_size_585x295":false,"htmega_size_1170x536":false,"htmega_size_396x360":false,"gb-block-post-grid-landscape":false,"gb-block-post-grid-square":false,"university-hub-thumb":false,"mailpoet_newsletter_max":false},"uagb_author_info":{"display_name":"Universidad de las Artes","author_link":"https:\/\/www.uartes.edu.ec\/sitio\/blog\/author\/dircomadm\/"},"uagb_comment_info":0,"uagb_excerpt":"El inicio de este primer semestre 2018 es muy importante para nuestra Escuela de Artes Visuales y toda la comunidad UArtes: se inaugura nuestro primer a\u00f1o de sustentaciones de proyectos de Titulaci\u00f3n. De la Escuela egresar\u00e1n en el presente a\u00f1o, 3 grupos de estudiantes que dar\u00e1n cuenta de sus competencias en investigaci\u00f3n \u2013 creaci\u00f3n en&hellip;","featured_image_src":null,"featured_image_src_square":null,"author_info":{"display_name":"Universidad de las Artes","author_link":"https:\/\/www.uartes.edu.ec\/sitio\/blog\/author\/dircomadm\/"},"publishpress_future_workflow_manual_trigger":{"enabledWorkflows":[]},"distributor_meta":false,"distributor_terms":false,"distributor_media":false,"distributor_original_site_name":"Universidad de las Artes","distributor_original_site_url":"https:\/\/www.uartes.edu.ec\/sitio","push-errors":false,"_links":{"self":[{"href":"https:\/\/www.uartes.edu.ec\/sitio\/wp-json\/wp\/v2\/posts\/1478","targetHints":{"allow":["GET"]}}],"collection":[{"href":"https:\/\/www.uartes.edu.ec\/sitio\/wp-json\/wp\/v2\/posts"}],"about":[{"href":"https:\/\/www.uartes.edu.ec\/sitio\/wp-json\/wp\/v2\/types\/post"}],"author":[{"embeddable":true,"href":"https:\/\/www.uartes.edu.ec\/sitio\/wp-json\/wp\/v2\/users\/1"}],"replies":[{"embeddable":true,"href":"https:\/\/www.uartes.edu.ec\/sitio\/wp-json\/wp\/v2\/comments?post=1478"}],"version-history":[{"count":1,"href":"https:\/\/www.uartes.edu.ec\/sitio\/wp-json\/wp\/v2\/posts\/1478\/revisions"}],"predecessor-version":[{"id":3398,"href":"https:\/\/www.uartes.edu.ec\/sitio\/wp-json\/wp\/v2\/posts\/1478\/revisions\/3398"}],"wp:featuredmedia":[{"embeddable":true,"href":"https:\/\/www.uartes.edu.ec\/sitio\/wp-json\/"}],"wp:attachment":[{"href":"https:\/\/www.uartes.edu.ec\/sitio\/wp-json\/wp\/v2\/media?parent=1478"}],"wp:term":[{"taxonomy":"category","embeddable":true,"href":"https:\/\/www.uartes.edu.ec\/sitio\/wp-json\/wp\/v2\/categories?post=1478"},{"taxonomy":"post_tag","embeddable":true,"href":"https:\/\/www.uartes.edu.ec\/sitio\/wp-json\/wp\/v2\/tags?post=1478"},{"taxonomy":"infouartes","embeddable":true,"href":"https:\/\/www.uartes.edu.ec\/sitio\/wp-json\/wp\/v2\/infouartes?post=1478"}],"curies":[{"name":"wp","href":"https:\/\/api.w.org\/{rel}","templated":true}]}}