{"id":14810,"date":"2021-07-14T16:39:00","date_gmt":"2021-07-14T21:39:00","guid":{"rendered":"http:\/\/www.uartes.edu.ec\/sitio\/?p=14810"},"modified":"2024-07-04T11:26:05","modified_gmt":"2024-07-04T16:26:05","slug":"abierta-la-convocatoria-para-que-los-estudiantes-uartes-se-sumen-a-guayas-pueblos-de-colores","status":"publish","type":"post","link":"https:\/\/www.uartes.edu.ec\/sitio\/blog\/2021\/07\/14\/abierta-la-convocatoria-para-que-los-estudiantes-uartes-se-sumen-a-guayas-pueblos-de-colores\/","title":{"rendered":"Abierta la convocatoria para que los estudiantes UArtes se sumen a \u201cGuayas, Pueblos de Colores\u201d"},"content":{"rendered":"\n<p>Hasta el 20 de julio de 2021 estar\u00e1 abierta la convocatoria para ser parte del&nbsp;programa \u201cGuayas, Pueblos de Colores\u201d, el cual trabajar\u00e1 en quince comunidades rurales de esta provincia mediante intervenciones art\u00edsticas y levantamiento de informaci\u00f3n de patrimonio cultural inmaterial.&nbsp;<\/p>\n\n\n\n<p>Este martes 13, la Universidad de las Artes y la Prefectura del Guayas efectuaron en el Centro de Producci\u00f3n e Innovaci\u00f3n MZ14 la presentaci\u00f3n del proyecto. Se hizo entonces la invitaci\u00f3n para que participen tanto estudiantes de pregrado como de posgrado. Como perfiles, se indic\u00f3 que los primeros deben tener experiencia en: Realizaci\u00f3n de murales comunitarios, Facilitaci\u00f3n de talleres de danza y teatro, Registro de Patrimonio Cultural Inmaterial y Registro Audiovisual y&nbsp;Documental. Los segundos (los graduados) necesitan tener experiencia en la coordinaci\u00f3n de proyectos comunitarios.<\/p>\n\n\n\n<p>En la cita de presentaci\u00f3n se inform\u00f3 tambi\u00e9n que la participaci\u00f3n de los estudiantes seleccionados ser\u00e1 considerada como pr\u00e1cticas preprofesionales y que recibir\u00e1n un reconocimiento econ\u00f3mico, financiado como parte del Convenio de Cooperaci\u00f3n Interinstitucional entre la Prefectura del Guayas y la Universidad de las Artes.<\/p>\n\n\n\n<p>\u201cEs trasladar el arte, la cultura, la metodolog\u00eda, el desarrollo de habilidades esc\u00e9nicas hacia el resto de la provincia. El desaf\u00edo es romper esa brecha marcada que a\u00fan existe entre la cultura urbana y la ruralidad. Apostamos a este \u2018Guayas, Pueblos de Colores\u2019 unidos en la diversidad. El mejor homenaje a los ni\u00f1os y ni\u00f1as es la inclusi\u00f3n\u201d, dijo la prefecta del Guayas, Mgs. Susana Gonz\u00e1lez, el 1 de junio pasado, cuando junto con el rector de la UArtes, doctor William Herrera R\u00edos, suscribi\u00f3 el convenio.<\/p>\n\n\n\n<p>Por su parte, en su intervenci\u00f3n, el doctor Herrera calific\u00f3 de fundamental la relaci\u00f3n con la Prefectura del Guayas, puesto que permite que estos procesos que se realizan desde la UArtes puedan llegar a las comunidades de la provincia. \u201cEs un mecanismo para ampliar las capacidades, la cobertura y que sean cada vez m\u00e1s ni\u00f1os que puedan beneficiarse de la formaci\u00f3n art\u00edstica\u201d.<\/p>\n\n\n\n<p>Con el proyecto \u201cGuayas, Pueblos de Colores\u201d, la Prefectura del Guayas busca difundir las artes en la provincia. Para el efecto, seg\u00fan se inform\u00f3, desde julio del 2020 realiza el levantamiento de diagn\u00f3sticos a nivel de cantones y juntas parroquiales para definir los programas que requieren. En agosto pasado se desarroll\u00f3 un proyecto de teatro itinerante, lo que permiti\u00f3 la creaci\u00f3n del programa ahora en ejecuci\u00f3n con la UArtes.<\/p>\n\n\n\n<p>Fue concebido para fomentar el desarrollo sostenible e integral, a trav\u00e9s de una planificaci\u00f3n a largo plazo, a sectores rurales de la provincia con la participaci\u00f3n de equipos t\u00e9cnicos de turismo, \u00e1rea social, productiva, ambiental, tecnol\u00f3gica y de infraestructura. Los primeros cantones beneficiados ser\u00e1n Playas, Naranjal, Yaguachi, Nobol y Daule.<\/p>\n\n\n\n<p>En el siguiente link, el detalle de la convocatoria y la respectiva inscripci\u00f3n:<br><a href=\"https:\/\/forms.office.com\/r\/98RJgKBRtn\" target=\"_blank\" rel=\"noreferrer noopener\">https:\/\/forms.office.com\/r\/98RJgKBRtn<\/a><\/p>\n","protected":false},"excerpt":{"rendered":"<p>Hasta el 20 de julio de 2021 estar\u00e1 abierta la convocatoria para ser parte del programa \u201cGuayas, Pueblos de Colores\u201d, el cual trabajar\u00e1 en quince comunidades rurales de esta provincia mediante intervenciones art\u00edsticas y levantamiento de informaci\u00f3n de patrimonio cultural inmaterial. <\/p>\n","protected":false},"author":10,"featured_media":14812,"comment_status":"open","ping_status":"open","sticky":false,"template":"","format":"standard","meta":{"_acf_changed":false,"_uag_custom_page_level_css":"","_monsterinsights_skip_tracking":false,"_monsterinsights_sitenote_active":false,"_monsterinsights_sitenote_note":"","_monsterinsights_sitenote_category":0,"cybocfi_hide_featured_image":"","footnotes":""},"categories":[76,79],"tags":[],"infouartes":[],"class_list":["post-14810","post","type-post","status-publish","format-standard","has-post-thumbnail","hentry","category-estudiantes","category-vinculo"],"acf":[],"yoast_head":"<!-- This site is optimized with the Yoast SEO plugin v27.4 - https:\/\/yoast.com\/product\/yoast-seo-wordpress\/ -->\n<title>Universidad de las Artes - Abierta la convocatoria para que los estudiantes UArtes se sumen a \u201cGuayas, Pueblos de Colores\u201d<\/title>\n<meta name=\"description\" content=\"Universidad de las Artes - Abierta la convocatoria para que los estudiantes UArtes se sumen a \u201cGuayas, Pueblos de Colores\u201d\" \/>\n<meta name=\"robots\" content=\"index, follow, max-snippet:-1, max-image-preview:large, max-video-preview:-1\" \/>\n<link rel=\"canonical\" href=\"https:\/\/www.uartes.edu.ec\/sitio\/blog\/2021\/07\/14\/abierta-la-convocatoria-para-que-los-estudiantes-uartes-se-sumen-a-guayas-pueblos-de-colores\/\" \/>\n<meta property=\"og:locale\" content=\"es_ES\" \/>\n<meta property=\"og:type\" content=\"article\" \/>\n<meta property=\"og:title\" content=\"Universidad de las Artes - Abierta la convocatoria para que los estudiantes UArtes se sumen a \u201cGuayas, Pueblos de Colores\u201d\" \/>\n<meta property=\"og:description\" content=\"Universidad de las Artes - Abierta la convocatoria para que los estudiantes UArtes se sumen a \u201cGuayas, Pueblos de Colores\u201d\" \/>\n<meta property=\"og:url\" content=\"https:\/\/www.uartes.edu.ec\/sitio\/blog\/2021\/07\/14\/abierta-la-convocatoria-para-que-los-estudiantes-uartes-se-sumen-a-guayas-pueblos-de-colores\/\" \/>\n<meta property=\"og:site_name\" content=\"Universidad de las Artes\" \/>\n<meta property=\"article:publisher\" content=\"https:\/\/www.facebook.com\/uartesec\" \/>\n<meta property=\"article:published_time\" content=\"2021-07-14T21:39:00+00:00\" \/>\n<meta property=\"article:modified_time\" content=\"2024-07-04T16:26:05+00:00\" \/>\n<meta property=\"og:image\" content=\"https:\/\/www.uartes.edu.ec\/sitio\/wp-content\/uploads\/2021\/07\/WEB-PREFECTURA-UARTES-PUEBLO-DE-COLORES-CONVENIO.jpg\" \/>\n\t<meta property=\"og:image:width\" content=\"2000\" \/>\n\t<meta property=\"og:image:height\" content=\"1333\" \/>\n\t<meta property=\"og:image:type\" content=\"image\/jpeg\" \/>\n<meta name=\"author\" content=\"ccortez\" \/>\n<meta name=\"twitter:card\" content=\"summary_large_image\" \/>\n<meta name=\"twitter:creator\" content=\"@uartesec\" \/>\n<meta name=\"twitter:site\" content=\"@uartesec\" \/>\n<meta name=\"twitter:label1\" content=\"Escrito por\" \/>\n\t<meta name=\"twitter:data1\" content=\"ccortez\" \/>\n\t<meta name=\"twitter:label2\" content=\"Tiempo de lectura\" \/>\n\t<meta name=\"twitter:data2\" content=\"2 minutos\" \/>\n<script type=\"application\/ld+json\" class=\"yoast-schema-graph\">{\"@context\":\"https:\\\/\\\/schema.org\",\"@graph\":[{\"@type\":\"Article\",\"@id\":\"https:\\\/\\\/www.uartes.edu.ec\\\/sitio\\\/blog\\\/2021\\\/07\\\/14\\\/abierta-la-convocatoria-para-que-los-estudiantes-uartes-se-sumen-a-guayas-pueblos-de-colores\\\/#article\",\"isPartOf\":{\"@id\":\"https:\\\/\\\/www.uartes.edu.ec\\\/sitio\\\/blog\\\/2021\\\/07\\\/14\\\/abierta-la-convocatoria-para-que-los-estudiantes-uartes-se-sumen-a-guayas-pueblos-de-colores\\\/\"},\"author\":{\"name\":\"ccortez\",\"@id\":\"https:\\\/\\\/www.uartes.edu.ec\\\/sitio\\\/#\\\/schema\\\/person\\\/efa1b8275797664fd7f13a79ccc0b1f4\"},\"headline\":\"Abierta la convocatoria para que los estudiantes UArtes se sumen a \u201cGuayas, Pueblos de Colores\u201d\",\"datePublished\":\"2021-07-14T21:39:00+00:00\",\"dateModified\":\"2024-07-04T16:26:05+00:00\",\"mainEntityOfPage\":{\"@id\":\"https:\\\/\\\/www.uartes.edu.ec\\\/sitio\\\/blog\\\/2021\\\/07\\\/14\\\/abierta-la-convocatoria-para-que-los-estudiantes-uartes-se-sumen-a-guayas-pueblos-de-colores\\\/\"},\"wordCount\":513,\"commentCount\":0,\"publisher\":{\"@id\":\"https:\\\/\\\/www.uartes.edu.ec\\\/sitio\\\/#organization\"},\"image\":{\"@id\":\"https:\\\/\\\/www.uartes.edu.ec\\\/sitio\\\/blog\\\/2021\\\/07\\\/14\\\/abierta-la-convocatoria-para-que-los-estudiantes-uartes-se-sumen-a-guayas-pueblos-de-colores\\\/#primaryimage\"},\"thumbnailUrl\":\"https:\\\/\\\/www.uartes.edu.ec\\\/sitio\\\/wp-content\\\/uploads\\\/2021\\\/07\\\/WEB-PREFECTURA-UARTES-PUEBLO-DE-COLORES-CONVENIO.jpg\",\"articleSection\":[\"Estudiantes\",\"V\u00ednculo\"],\"inLanguage\":\"es\",\"potentialAction\":[{\"@type\":\"CommentAction\",\"name\":\"Comment\",\"target\":[\"https:\\\/\\\/www.uartes.edu.ec\\\/sitio\\\/blog\\\/2021\\\/07\\\/14\\\/abierta-la-convocatoria-para-que-los-estudiantes-uartes-se-sumen-a-guayas-pueblos-de-colores\\\/#respond\"]}]},{\"@type\":[\"WebPage\",\"ItemPage\"],\"@id\":\"https:\\\/\\\/www.uartes.edu.ec\\\/sitio\\\/blog\\\/2021\\\/07\\\/14\\\/abierta-la-convocatoria-para-que-los-estudiantes-uartes-se-sumen-a-guayas-pueblos-de-colores\\\/\",\"url\":\"https:\\\/\\\/www.uartes.edu.ec\\\/sitio\\\/blog\\\/2021\\\/07\\\/14\\\/abierta-la-convocatoria-para-que-los-estudiantes-uartes-se-sumen-a-guayas-pueblos-de-colores\\\/\",\"name\":\"Universidad de las Artes - Abierta la convocatoria para que los estudiantes UArtes se sumen a \u201cGuayas, Pueblos de Colores\u201d\",\"isPartOf\":{\"@id\":\"https:\\\/\\\/www.uartes.edu.ec\\\/sitio\\\/#website\"},\"primaryImageOfPage\":{\"@id\":\"https:\\\/\\\/www.uartes.edu.ec\\\/sitio\\\/blog\\\/2021\\\/07\\\/14\\\/abierta-la-convocatoria-para-que-los-estudiantes-uartes-se-sumen-a-guayas-pueblos-de-colores\\\/#primaryimage\"},\"image\":{\"@id\":\"https:\\\/\\\/www.uartes.edu.ec\\\/sitio\\\/blog\\\/2021\\\/07\\\/14\\\/abierta-la-convocatoria-para-que-los-estudiantes-uartes-se-sumen-a-guayas-pueblos-de-colores\\\/#primaryimage\"},\"thumbnailUrl\":\"https:\\\/\\\/www.uartes.edu.ec\\\/sitio\\\/wp-content\\\/uploads\\\/2021\\\/07\\\/WEB-PREFECTURA-UARTES-PUEBLO-DE-COLORES-CONVENIO.jpg\",\"datePublished\":\"2021-07-14T21:39:00+00:00\",\"dateModified\":\"2024-07-04T16:26:05+00:00\",\"description\":\"Universidad de las Artes - Abierta la convocatoria para que los estudiantes UArtes se sumen a \u201cGuayas, Pueblos de Colores\u201d\",\"breadcrumb\":{\"@id\":\"https:\\\/\\\/www.uartes.edu.ec\\\/sitio\\\/blog\\\/2021\\\/07\\\/14\\\/abierta-la-convocatoria-para-que-los-estudiantes-uartes-se-sumen-a-guayas-pueblos-de-colores\\\/#breadcrumb\"},\"inLanguage\":\"es\",\"potentialAction\":[{\"@type\":\"ReadAction\",\"target\":[\"https:\\\/\\\/www.uartes.edu.ec\\\/sitio\\\/blog\\\/2021\\\/07\\\/14\\\/abierta-la-convocatoria-para-que-los-estudiantes-uartes-se-sumen-a-guayas-pueblos-de-colores\\\/\"]}]},{\"@type\":\"ImageObject\",\"inLanguage\":\"es\",\"@id\":\"https:\\\/\\\/www.uartes.edu.ec\\\/sitio\\\/blog\\\/2021\\\/07\\\/14\\\/abierta-la-convocatoria-para-que-los-estudiantes-uartes-se-sumen-a-guayas-pueblos-de-colores\\\/#primaryimage\",\"url\":\"https:\\\/\\\/www.uartes.edu.ec\\\/sitio\\\/wp-content\\\/uploads\\\/2021\\\/07\\\/WEB-PREFECTURA-UARTES-PUEBLO-DE-COLORES-CONVENIO.jpg\",\"contentUrl\":\"https:\\\/\\\/www.uartes.edu.ec\\\/sitio\\\/wp-content\\\/uploads\\\/2021\\\/07\\\/WEB-PREFECTURA-UARTES-PUEBLO-DE-COLORES-CONVENIO.jpg\",\"width\":2000,\"height\":1333,\"caption\":\"PREFECTURA UARTES PUEBLO DE COLORES CONVENIO\"},{\"@type\":\"BreadcrumbList\",\"@id\":\"https:\\\/\\\/www.uartes.edu.ec\\\/sitio\\\/blog\\\/2021\\\/07\\\/14\\\/abierta-la-convocatoria-para-que-los-estudiantes-uartes-se-sumen-a-guayas-pueblos-de-colores\\\/#breadcrumb\",\"itemListElement\":[{\"@type\":\"ListItem\",\"position\":1,\"name\":\"Inicio\",\"item\":\"https:\\\/\\\/www.uartes.edu.ec\\\/sitio\\\/\"},{\"@type\":\"ListItem\",\"position\":2,\"name\":\"Abierta la convocatoria para que los estudiantes UArtes se sumen a \u201cGuayas, Pueblos de Colores\u201d\"}]},{\"@type\":\"WebSite\",\"@id\":\"https:\\\/\\\/www.uartes.edu.ec\\\/sitio\\\/#website\",\"url\":\"https:\\\/\\\/www.uartes.edu.ec\\\/sitio\\\/\",\"name\":\"Universidad de las Artes\",\"description\":\"Sitio oficial de la Universidad Nacional de las Artes del Ecuador\",\"publisher\":{\"@id\":\"https:\\\/\\\/www.uartes.edu.ec\\\/sitio\\\/#organization\"},\"potentialAction\":[{\"@type\":\"SearchAction\",\"target\":{\"@type\":\"EntryPoint\",\"urlTemplate\":\"https:\\\/\\\/www.uartes.edu.ec\\\/sitio\\\/?s={search_term_string}\"},\"query-input\":{\"@type\":\"PropertyValueSpecification\",\"valueRequired\":true,\"valueName\":\"search_term_string\"}}],\"inLanguage\":\"es\"},{\"@type\":\"Organization\",\"@id\":\"https:\\\/\\\/www.uartes.edu.ec\\\/sitio\\\/#organization\",\"name\":\"Universidad de las Artes\",\"url\":\"https:\\\/\\\/www.uartes.edu.ec\\\/sitio\\\/\",\"logo\":{\"@type\":\"ImageObject\",\"inLanguage\":\"es\",\"@id\":\"https:\\\/\\\/www.uartes.edu.ec\\\/sitio\\\/#\\\/schema\\\/logo\\\/image\\\/\",\"url\":\"https:\\\/\\\/www.uartes.edu.ec\\\/sitio\\\/wp-content\\\/uploads\\\/2022\\\/07\\\/logo-ua-horizontal.png\",\"contentUrl\":\"https:\\\/\\\/www.uartes.edu.ec\\\/sitio\\\/wp-content\\\/uploads\\\/2022\\\/07\\\/logo-ua-horizontal.png\",\"width\":800,\"height\":276,\"caption\":\"Universidad de las Artes\"},\"image\":{\"@id\":\"https:\\\/\\\/www.uartes.edu.ec\\\/sitio\\\/#\\\/schema\\\/logo\\\/image\\\/\"},\"sameAs\":[\"https:\\\/\\\/www.facebook.com\\\/uartesec\",\"https:\\\/\\\/x.com\\\/uartesec\",\"https:\\\/\\\/www.tiktok.com\\\/@uartesec\"]},{\"@type\":\"Person\",\"@id\":\"https:\\\/\\\/www.uartes.edu.ec\\\/sitio\\\/#\\\/schema\\\/person\\\/efa1b8275797664fd7f13a79ccc0b1f4\",\"name\":\"ccortez\",\"image\":{\"@type\":\"ImageObject\",\"inLanguage\":\"es\",\"@id\":\"https:\\\/\\\/secure.gravatar.com\\\/avatar\\\/b2a6f664a3ae8e074346ef91775736c5ec479e637ecced6842de9dc98b5da9cd?s=96&d=mm&r=g\",\"url\":\"https:\\\/\\\/secure.gravatar.com\\\/avatar\\\/b2a6f664a3ae8e074346ef91775736c5ec479e637ecced6842de9dc98b5da9cd?s=96&d=mm&r=g\",\"contentUrl\":\"https:\\\/\\\/secure.gravatar.com\\\/avatar\\\/b2a6f664a3ae8e074346ef91775736c5ec479e637ecced6842de9dc98b5da9cd?s=96&d=mm&r=g\",\"caption\":\"ccortez\"},\"url\":\"https:\\\/\\\/www.uartes.edu.ec\\\/sitio\\\/blog\\\/author\\\/ccortez\\\/\"}]}<\/script>\n<!-- \/ Yoast SEO plugin. -->","yoast_head_json":{"title":"Universidad de las Artes - Abierta la convocatoria para que los estudiantes UArtes se sumen a \u201cGuayas, Pueblos de Colores\u201d","description":"Universidad de las Artes - Abierta la convocatoria para que los estudiantes UArtes se sumen a \u201cGuayas, Pueblos de Colores\u201d","robots":{"index":"index","follow":"follow","max-snippet":"max-snippet:-1","max-image-preview":"max-image-preview:large","max-video-preview":"max-video-preview:-1"},"canonical":"https:\/\/www.uartes.edu.ec\/sitio\/blog\/2021\/07\/14\/abierta-la-convocatoria-para-que-los-estudiantes-uartes-se-sumen-a-guayas-pueblos-de-colores\/","og_locale":"es_ES","og_type":"article","og_title":"Universidad de las Artes - Abierta la convocatoria para que los estudiantes UArtes se sumen a \u201cGuayas, Pueblos de Colores\u201d","og_description":"Universidad de las Artes - Abierta la convocatoria para que los estudiantes UArtes se sumen a \u201cGuayas, Pueblos de Colores\u201d","og_url":"https:\/\/www.uartes.edu.ec\/sitio\/blog\/2021\/07\/14\/abierta-la-convocatoria-para-que-los-estudiantes-uartes-se-sumen-a-guayas-pueblos-de-colores\/","og_site_name":"Universidad de las Artes","article_publisher":"https:\/\/www.facebook.com\/uartesec","article_published_time":"2021-07-14T21:39:00+00:00","article_modified_time":"2024-07-04T16:26:05+00:00","og_image":[{"width":2000,"height":1333,"url":"https:\/\/www.uartes.edu.ec\/sitio\/wp-content\/uploads\/2021\/07\/WEB-PREFECTURA-UARTES-PUEBLO-DE-COLORES-CONVENIO.jpg","type":"image\/jpeg"}],"author":"ccortez","twitter_card":"summary_large_image","twitter_creator":"@uartesec","twitter_site":"@uartesec","twitter_misc":{"Escrito por":"ccortez","Tiempo de lectura":"2 minutos"},"schema":{"@context":"https:\/\/schema.org","@graph":[{"@type":"Article","@id":"https:\/\/www.uartes.edu.ec\/sitio\/blog\/2021\/07\/14\/abierta-la-convocatoria-para-que-los-estudiantes-uartes-se-sumen-a-guayas-pueblos-de-colores\/#article","isPartOf":{"@id":"https:\/\/www.uartes.edu.ec\/sitio\/blog\/2021\/07\/14\/abierta-la-convocatoria-para-que-los-estudiantes-uartes-se-sumen-a-guayas-pueblos-de-colores\/"},"author":{"name":"ccortez","@id":"https:\/\/www.uartes.edu.ec\/sitio\/#\/schema\/person\/efa1b8275797664fd7f13a79ccc0b1f4"},"headline":"Abierta la convocatoria para que los estudiantes UArtes se sumen a \u201cGuayas, Pueblos de Colores\u201d","datePublished":"2021-07-14T21:39:00+00:00","dateModified":"2024-07-04T16:26:05+00:00","mainEntityOfPage":{"@id":"https:\/\/www.uartes.edu.ec\/sitio\/blog\/2021\/07\/14\/abierta-la-convocatoria-para-que-los-estudiantes-uartes-se-sumen-a-guayas-pueblos-de-colores\/"},"wordCount":513,"commentCount":0,"publisher":{"@id":"https:\/\/www.uartes.edu.ec\/sitio\/#organization"},"image":{"@id":"https:\/\/www.uartes.edu.ec\/sitio\/blog\/2021\/07\/14\/abierta-la-convocatoria-para-que-los-estudiantes-uartes-se-sumen-a-guayas-pueblos-de-colores\/#primaryimage"},"thumbnailUrl":"https:\/\/www.uartes.edu.ec\/sitio\/wp-content\/uploads\/2021\/07\/WEB-PREFECTURA-UARTES-PUEBLO-DE-COLORES-CONVENIO.jpg","articleSection":["Estudiantes","V\u00ednculo"],"inLanguage":"es","potentialAction":[{"@type":"CommentAction","name":"Comment","target":["https:\/\/www.uartes.edu.ec\/sitio\/blog\/2021\/07\/14\/abierta-la-convocatoria-para-que-los-estudiantes-uartes-se-sumen-a-guayas-pueblos-de-colores\/#respond"]}]},{"@type":["WebPage","ItemPage"],"@id":"https:\/\/www.uartes.edu.ec\/sitio\/blog\/2021\/07\/14\/abierta-la-convocatoria-para-que-los-estudiantes-uartes-se-sumen-a-guayas-pueblos-de-colores\/","url":"https:\/\/www.uartes.edu.ec\/sitio\/blog\/2021\/07\/14\/abierta-la-convocatoria-para-que-los-estudiantes-uartes-se-sumen-a-guayas-pueblos-de-colores\/","name":"Universidad de las Artes - Abierta la convocatoria para que los estudiantes UArtes se sumen a \u201cGuayas, Pueblos de Colores\u201d","isPartOf":{"@id":"https:\/\/www.uartes.edu.ec\/sitio\/#website"},"primaryImageOfPage":{"@id":"https:\/\/www.uartes.edu.ec\/sitio\/blog\/2021\/07\/14\/abierta-la-convocatoria-para-que-los-estudiantes-uartes-se-sumen-a-guayas-pueblos-de-colores\/#primaryimage"},"image":{"@id":"https:\/\/www.uartes.edu.ec\/sitio\/blog\/2021\/07\/14\/abierta-la-convocatoria-para-que-los-estudiantes-uartes-se-sumen-a-guayas-pueblos-de-colores\/#primaryimage"},"thumbnailUrl":"https:\/\/www.uartes.edu.ec\/sitio\/wp-content\/uploads\/2021\/07\/WEB-PREFECTURA-UARTES-PUEBLO-DE-COLORES-CONVENIO.jpg","datePublished":"2021-07-14T21:39:00+00:00","dateModified":"2024-07-04T16:26:05+00:00","description":"Universidad de las Artes - Abierta la convocatoria para que los estudiantes UArtes se sumen a \u201cGuayas, Pueblos de Colores\u201d","breadcrumb":{"@id":"https:\/\/www.uartes.edu.ec\/sitio\/blog\/2021\/07\/14\/abierta-la-convocatoria-para-que-los-estudiantes-uartes-se-sumen-a-guayas-pueblos-de-colores\/#breadcrumb"},"inLanguage":"es","potentialAction":[{"@type":"ReadAction","target":["https:\/\/www.uartes.edu.ec\/sitio\/blog\/2021\/07\/14\/abierta-la-convocatoria-para-que-los-estudiantes-uartes-se-sumen-a-guayas-pueblos-de-colores\/"]}]},{"@type":"ImageObject","inLanguage":"es","@id":"https:\/\/www.uartes.edu.ec\/sitio\/blog\/2021\/07\/14\/abierta-la-convocatoria-para-que-los-estudiantes-uartes-se-sumen-a-guayas-pueblos-de-colores\/#primaryimage","url":"https:\/\/www.uartes.edu.ec\/sitio\/wp-content\/uploads\/2021\/07\/WEB-PREFECTURA-UARTES-PUEBLO-DE-COLORES-CONVENIO.jpg","contentUrl":"https:\/\/www.uartes.edu.ec\/sitio\/wp-content\/uploads\/2021\/07\/WEB-PREFECTURA-UARTES-PUEBLO-DE-COLORES-CONVENIO.jpg","width":2000,"height":1333,"caption":"PREFECTURA UARTES PUEBLO DE COLORES CONVENIO"},{"@type":"BreadcrumbList","@id":"https:\/\/www.uartes.edu.ec\/sitio\/blog\/2021\/07\/14\/abierta-la-convocatoria-para-que-los-estudiantes-uartes-se-sumen-a-guayas-pueblos-de-colores\/#breadcrumb","itemListElement":[{"@type":"ListItem","position":1,"name":"Inicio","item":"https:\/\/www.uartes.edu.ec\/sitio\/"},{"@type":"ListItem","position":2,"name":"Abierta la convocatoria para que los estudiantes UArtes se sumen a \u201cGuayas, Pueblos de Colores\u201d"}]},{"@type":"WebSite","@id":"https:\/\/www.uartes.edu.ec\/sitio\/#website","url":"https:\/\/www.uartes.edu.ec\/sitio\/","name":"Universidad de las Artes","description":"Sitio oficial de la Universidad Nacional de las Artes del Ecuador","publisher":{"@id":"https:\/\/www.uartes.edu.ec\/sitio\/#organization"},"potentialAction":[{"@type":"SearchAction","target":{"@type":"EntryPoint","urlTemplate":"https:\/\/www.uartes.edu.ec\/sitio\/?s={search_term_string}"},"query-input":{"@type":"PropertyValueSpecification","valueRequired":true,"valueName":"search_term_string"}}],"inLanguage":"es"},{"@type":"Organization","@id":"https:\/\/www.uartes.edu.ec\/sitio\/#organization","name":"Universidad de las Artes","url":"https:\/\/www.uartes.edu.ec\/sitio\/","logo":{"@type":"ImageObject","inLanguage":"es","@id":"https:\/\/www.uartes.edu.ec\/sitio\/#\/schema\/logo\/image\/","url":"https:\/\/www.uartes.edu.ec\/sitio\/wp-content\/uploads\/2022\/07\/logo-ua-horizontal.png","contentUrl":"https:\/\/www.uartes.edu.ec\/sitio\/wp-content\/uploads\/2022\/07\/logo-ua-horizontal.png","width":800,"height":276,"caption":"Universidad de las Artes"},"image":{"@id":"https:\/\/www.uartes.edu.ec\/sitio\/#\/schema\/logo\/image\/"},"sameAs":["https:\/\/www.facebook.com\/uartesec","https:\/\/x.com\/uartesec","https:\/\/www.tiktok.com\/@uartesec"]},{"@type":"Person","@id":"https:\/\/www.uartes.edu.ec\/sitio\/#\/schema\/person\/efa1b8275797664fd7f13a79ccc0b1f4","name":"ccortez","image":{"@type":"ImageObject","inLanguage":"es","@id":"https:\/\/secure.gravatar.com\/avatar\/b2a6f664a3ae8e074346ef91775736c5ec479e637ecced6842de9dc98b5da9cd?s=96&d=mm&r=g","url":"https:\/\/secure.gravatar.com\/avatar\/b2a6f664a3ae8e074346ef91775736c5ec479e637ecced6842de9dc98b5da9cd?s=96&d=mm&r=g","contentUrl":"https:\/\/secure.gravatar.com\/avatar\/b2a6f664a3ae8e074346ef91775736c5ec479e637ecced6842de9dc98b5da9cd?s=96&d=mm&r=g","caption":"ccortez"},"url":"https:\/\/www.uartes.edu.ec\/sitio\/blog\/author\/ccortez\/"}]}},"uagb_featured_image_src":{"full":["https:\/\/www.uartes.edu.ec\/sitio\/wp-content\/uploads\/2021\/07\/WEB-PREFECTURA-UARTES-PUEBLO-DE-COLORES-CONVENIO.jpg",2000,1333,false],"thumbnail":["https:\/\/www.uartes.edu.ec\/sitio\/wp-content\/uploads\/2021\/07\/WEB-PREFECTURA-UARTES-PUEBLO-DE-COLORES-CONVENIO-150x150.jpg",150,150,true],"medium":["https:\/\/www.uartes.edu.ec\/sitio\/wp-content\/uploads\/2021\/07\/WEB-PREFECTURA-UARTES-PUEBLO-DE-COLORES-CONVENIO-300x200.jpg",300,200,true],"medium_large":["https:\/\/www.uartes.edu.ec\/sitio\/wp-content\/uploads\/2021\/07\/WEB-PREFECTURA-UARTES-PUEBLO-DE-COLORES-CONVENIO-768x512.jpg",768,512,true],"large":["https:\/\/www.uartes.edu.ec\/sitio\/wp-content\/uploads\/2021\/07\/WEB-PREFECTURA-UARTES-PUEBLO-DE-COLORES-CONVENIO-644x429.jpg",644,429,true],"1536x1536":["https:\/\/www.uartes.edu.ec\/sitio\/wp-content\/uploads\/2021\/07\/WEB-PREFECTURA-UARTES-PUEBLO-DE-COLORES-CONVENIO-1536x1024.jpg",1536,1024,true],"2048x2048":["https:\/\/www.uartes.edu.ec\/sitio\/wp-content\/uploads\/2021\/07\/WEB-PREFECTURA-UARTES-PUEBLO-DE-COLORES-CONVENIO.jpg",2000,1333,false],"trp-custom-language-flag":["https:\/\/www.uartes.edu.ec\/sitio\/wp-content\/uploads\/2021\/07\/WEB-PREFECTURA-UARTES-PUEBLO-DE-COLORES-CONVENIO-16x12.jpg",16,12,true],"htmega_size_585x295":["https:\/\/www.uartes.edu.ec\/sitio\/wp-content\/uploads\/2021\/07\/WEB-PREFECTURA-UARTES-PUEBLO-DE-COLORES-CONVENIO-585x295.jpg",585,295,true],"htmega_size_1170x536":["https:\/\/www.uartes.edu.ec\/sitio\/wp-content\/uploads\/2021\/07\/WEB-PREFECTURA-UARTES-PUEBLO-DE-COLORES-CONVENIO-1170x536.jpg",1170,536,true],"htmega_size_396x360":["https:\/\/www.uartes.edu.ec\/sitio\/wp-content\/uploads\/2021\/07\/WEB-PREFECTURA-UARTES-PUEBLO-DE-COLORES-CONVENIO-396x360.jpg",396,360,true],"gb-block-post-grid-landscape":["https:\/\/www.uartes.edu.ec\/sitio\/wp-content\/uploads\/2021\/07\/WEB-PREFECTURA-UARTES-PUEBLO-DE-COLORES-CONVENIO.jpg",600,400,false],"gb-block-post-grid-square":["https:\/\/www.uartes.edu.ec\/sitio\/wp-content\/uploads\/2021\/07\/WEB-PREFECTURA-UARTES-PUEBLO-DE-COLORES-CONVENIO.jpg",600,400,false],"university-hub-thumb":["https:\/\/www.uartes.edu.ec\/sitio\/wp-content\/uploads\/2021\/07\/WEB-PREFECTURA-UARTES-PUEBLO-DE-COLORES-CONVENIO-400x267.jpg",400,267,true]},"uagb_author_info":{"display_name":"ccortez","author_link":"https:\/\/www.uartes.edu.ec\/sitio\/blog\/author\/ccortez\/"},"uagb_comment_info":0,"uagb_excerpt":"Hasta el 20 de julio de 2021 estar\u00e1 abierta la convocatoria para ser parte del programa \u201cGuayas, Pueblos de Colores\u201d, el cual trabajar\u00e1 en quince comunidades rurales de esta provincia mediante intervenciones art\u00edsticas y levantamiento de informaci\u00f3n de patrimonio cultural inmaterial.","featured_image_src":"https:\/\/www.uartes.edu.ec\/sitio\/wp-content\/uploads\/2021\/07\/WEB-PREFECTURA-UARTES-PUEBLO-DE-COLORES-CONVENIO.jpg","featured_image_src_square":"https:\/\/www.uartes.edu.ec\/sitio\/wp-content\/uploads\/2021\/07\/WEB-PREFECTURA-UARTES-PUEBLO-DE-COLORES-CONVENIO.jpg","author_info":{"display_name":"ccortez","author_link":"https:\/\/www.uartes.edu.ec\/sitio\/blog\/author\/ccortez\/"},"publishpress_future_workflow_manual_trigger":{"enabledWorkflows":[]},"distributor_meta":false,"distributor_terms":false,"distributor_media":false,"distributor_original_site_name":"Universidad de las Artes","distributor_original_site_url":"https:\/\/www.uartes.edu.ec\/sitio","push-errors":false,"_links":{"self":[{"href":"https:\/\/www.uartes.edu.ec\/sitio\/wp-json\/wp\/v2\/posts\/14810","targetHints":{"allow":["GET"]}}],"collection":[{"href":"https:\/\/www.uartes.edu.ec\/sitio\/wp-json\/wp\/v2\/posts"}],"about":[{"href":"https:\/\/www.uartes.edu.ec\/sitio\/wp-json\/wp\/v2\/types\/post"}],"author":[{"embeddable":true,"href":"https:\/\/www.uartes.edu.ec\/sitio\/wp-json\/wp\/v2\/users\/10"}],"replies":[{"embeddable":true,"href":"https:\/\/www.uartes.edu.ec\/sitio\/wp-json\/wp\/v2\/comments?post=14810"}],"version-history":[{"count":2,"href":"https:\/\/www.uartes.edu.ec\/sitio\/wp-json\/wp\/v2\/posts\/14810\/revisions"}],"predecessor-version":[{"id":14837,"href":"https:\/\/www.uartes.edu.ec\/sitio\/wp-json\/wp\/v2\/posts\/14810\/revisions\/14837"}],"wp:featuredmedia":[{"embeddable":true,"href":"https:\/\/www.uartes.edu.ec\/sitio\/wp-json\/wp\/v2\/media\/14812"}],"wp:attachment":[{"href":"https:\/\/www.uartes.edu.ec\/sitio\/wp-json\/wp\/v2\/media?parent=14810"}],"wp:term":[{"taxonomy":"category","embeddable":true,"href":"https:\/\/www.uartes.edu.ec\/sitio\/wp-json\/wp\/v2\/categories?post=14810"},{"taxonomy":"post_tag","embeddable":true,"href":"https:\/\/www.uartes.edu.ec\/sitio\/wp-json\/wp\/v2\/tags?post=14810"},{"taxonomy":"infouartes","embeddable":true,"href":"https:\/\/www.uartes.edu.ec\/sitio\/wp-json\/wp\/v2\/infouartes?post=14810"}],"curies":[{"name":"wp","href":"https:\/\/api.w.org\/{rel}","templated":true}]}}