{"id":14911,"date":"2021-07-22T12:00:00","date_gmt":"2021-07-22T17:00:00","guid":{"rendered":"http:\/\/www.uartes.edu.ec\/sitio\/?p=14911"},"modified":"2024-07-04T11:26:04","modified_gmt":"2024-07-04T16:26:04","slug":"uartes-en-cooperacion-interinstitucional-con-casa-de-la-cultura-nucleo-de-manabi","status":"publish","type":"post","link":"https:\/\/www.uartes.edu.ec\/sitio\/blog\/2021\/07\/22\/uartes-en-cooperacion-interinstitucional-con-casa-de-la-cultura-nucleo-de-manabi\/","title":{"rendered":"UArtes, en cooperaci\u00f3n interinstitucional con Casa de la Cultura N\u00facleo de Manab\u00ed"},"content":{"rendered":"\n<p>Raymundo Zambrano y Nayhelli Su\u00e1rez, conocidos exponentes de la tradici\u00f3n oral manabita, recibieron con amorfinos al rector de la Universidad de las Artes, doctor William Herrera R\u00edos, y a la delegaci\u00f3n que lo acompa\u00f1\u00f3 hasta Manta, donde la UArtes suscribi\u00f3 un Convenio Marco de Cooperaci\u00f3n Interinstitucional con la Casa de la Cultura N\u00facleo de Manab\u00ed, que dirige el licenciado Fidel Intriago.&nbsp;<\/p>\n\n\n\n<div class=\"wp-block-image\"><figure class=\"aligncenter size-full\"><img fetchpriority=\"high\" decoding=\"async\" width=\"2000\" height=\"1333\" src=\"http:\/\/www.uartes.edu.ec\/sitio\/wp-content\/uploads\/2021\/07\/CONVENIO-UARTES-CASA-CULTURA-MANABI-4.jpg\" alt=\"\" class=\"wp-image-14920\" srcset=\"https:\/\/www.uartes.edu.ec\/sitio\/wp-content\/uploads\/2021\/07\/CONVENIO-UARTES-CASA-CULTURA-MANABI-4.jpg 2000w, https:\/\/www.uartes.edu.ec\/sitio\/wp-content\/uploads\/2021\/07\/CONVENIO-UARTES-CASA-CULTURA-MANABI-4-300x200.jpg 300w, https:\/\/www.uartes.edu.ec\/sitio\/wp-content\/uploads\/2021\/07\/CONVENIO-UARTES-CASA-CULTURA-MANABI-4-644x429.jpg 644w, https:\/\/www.uartes.edu.ec\/sitio\/wp-content\/uploads\/2021\/07\/CONVENIO-UARTES-CASA-CULTURA-MANABI-4-768x512.jpg 768w, https:\/\/www.uartes.edu.ec\/sitio\/wp-content\/uploads\/2021\/07\/CONVENIO-UARTES-CASA-CULTURA-MANABI-4-1536x1024.jpg 1536w, https:\/\/www.uartes.edu.ec\/sitio\/wp-content\/uploads\/2021\/07\/CONVENIO-UARTES-CASA-CULTURA-MANABI-4-16x12.jpg 16w, https:\/\/www.uartes.edu.ec\/sitio\/wp-content\/uploads\/2021\/07\/CONVENIO-UARTES-CASA-CULTURA-MANABI-4-600x400.jpg 600w, https:\/\/www.uartes.edu.ec\/sitio\/wp-content\/uploads\/2021\/07\/CONVENIO-UARTES-CASA-CULTURA-MANABI-4-400x267.jpg 400w, https:\/\/www.uartes.edu.ec\/sitio\/wp-content\/uploads\/2021\/07\/CONVENIO-UARTES-CASA-CULTURA-MANABI-4-272x182.jpg 272w\" sizes=\"(max-width: 2000px) 100vw, 2000px\" \/><\/figure><\/div>\n\n\n\n<p>El acto se desarroll\u00f3 el martes 20 de julio de 2021 en La Sala Mac del puerto manabita, en cuyo escenario Raymundo Zambrano, reconocido actor que ha dado vida a personajes como Don Pascual, lo inici\u00f3 diciendo: \u201cAnte este tiempo tan duro,\/ el m\u00e1s duro del milenio,\/ el arte veo florecer\/ con la firma de un convenio.\/ La academia es la herramienta que al arte le brinda a la altura\/ y el arte es la luz que alumbra el cielo de la cultura.\/ Los valores del montuvio,\/ que considero muy m\u00edos,\/ los traigo pa&#8217; saludarlo a William Herrera R\u00edos\u201d. Nayhelli Su\u00e1rez prosigui\u00f3 argumentando: \u201cHoy d\u00eda se estrechan las manos,\/ sin la pose ni el halago,\/ William y este caballero, llamado Fidel intriago\u201d.<\/p>\n\n\n\n<p>Un performance a cargo de Jimel Palacios Mac\u00edas, estudiante de Danza de la Escuela de Artes Esc\u00e9nicas, y una segunda presentaci\u00f3n, protagonizada por Jorge Luis Santana, graduado en la UArtes por Validaci\u00f3n de Trayectoria, dieron continuidad a la bienvenida y posterior firma del convenio, el cual se\u00f1ala como objetivo el desarrollo de planes, programas, proyectos y actividades colaborativas que est\u00e9n encaminadas al fortalecimiento de capacidades individuales y colectivas, a la transformaci\u00f3n sociocultural, la b\u00fasqueda de soluciones a problem\u00e1ticas comunitarias, la producci\u00f3n y difusi\u00f3n del conocimiento, el arte y la cultura, y la creaci\u00f3n conjunta de entornos favorables para desarrollar instrumentos innovadores que beneficien a las partes y a las comunidades en la provincia de Manab\u00ed.<\/p>\n\n\n\n<p>Es necesario, dijo el Ldo. Intriago, en cuanto a la articulaci\u00f3n que deben tener tanto la Casa de la Cultura N\u00facleo de Manab\u00ed como la Universidad de las Artes. \u201c(\u2026) As\u00ed como tenemos esta infraestructura a disposici\u00f3n de la UArtes, tenemos redes de espacios comunitarios en las zonas rurales de Manab\u00ed. Agradecemos la confianza que ha tenido la universidad, lo cual quiere decir que se reconoce el trabajo que hemos realizado\u201d.<\/p>\n\n\n\n<p>Intriago tambi\u00e9n indic\u00f3 la participaci\u00f3n que tuvo en una de las actividades del Observatorio de Pol\u00edticas y Econom\u00edas de la Cultura de la UArtes y se\u00f1al\u00f3 como uno de sus proyectos m\u00e1s importantes la recolecci\u00f3n de datos que efect\u00faa y cuyos frutos se ver\u00e1n a futuro. \u201cEs uno de los pocos que est\u00e1 recabando informaci\u00f3n, fundamental, porque sin datos no es posible direccionar y emitir pol\u00edticas p\u00fablicas\u201d. &nbsp;<\/p>\n\n\n\n<p>Nos han invitado a procesos de dialogo, lo cual quiere decir que algo hemos hecho bien, a\u00f1adi\u00f3 el director de la CCEManab\u00ed, quien est\u00e1 en el cargo desde el 2017 y pr\u00f3ximo a concluir periodo, pues la Casa de la Cultura Ecuatoriana se encuentra, a nivel general, preparando el proceso de elecciones de directores provinciales. \u201cAgradezco que esta sea nuestra \u00faltima actividad en funciones. Terminamos de esta manera, con estos v\u00ednculos que no son m\u00e1s que el resultado de un trabajo laborioso en cercan\u00eda con la comunidad y con los actores sociales, sobre todo con el sector cultural, independiente, artistas emergentes y j\u00f3venes manabitas que ven en las artes una posibilidad de vida\u201d.<\/p>\n\n\n\n<p>En su intervenci\u00f3n, el rector William Herrera se manifest\u00f3 tambi\u00e9n agradecido con el director de la CCEManab\u00ed. Dijo que lleg\u00f3 a Manta con mucha emoci\u00f3n porque es el tipo de acciones concretas que dan sentido a un proyecto como la Universidad de las Artes. \u201cSi bien formalmente no somos parte del Sistema Nacional de Cultura, en los hechos lo somos. Por medio de nuestros artistas, docentes y estudiantes estamos muy activos\u201d. Expres\u00f3 su emoci\u00f3n por estudiantes como Jimel, quien fue su alumna y present\u00f3 uno de los performances.<\/p>\n\n\n\n<div class=\"wp-block-image\"><figure class=\"aligncenter size-full\"><img decoding=\"async\" width=\"2000\" height=\"1333\" src=\"http:\/\/www.uartes.edu.ec\/sitio\/wp-content\/uploads\/2021\/07\/CONVENIO-UARTES-CASA-CULTURA-MANABI-3.jpg\" alt=\"\" class=\"wp-image-14919\" srcset=\"https:\/\/www.uartes.edu.ec\/sitio\/wp-content\/uploads\/2021\/07\/CONVENIO-UARTES-CASA-CULTURA-MANABI-3.jpg 2000w, https:\/\/www.uartes.edu.ec\/sitio\/wp-content\/uploads\/2021\/07\/CONVENIO-UARTES-CASA-CULTURA-MANABI-3-300x200.jpg 300w, https:\/\/www.uartes.edu.ec\/sitio\/wp-content\/uploads\/2021\/07\/CONVENIO-UARTES-CASA-CULTURA-MANABI-3-644x429.jpg 644w, https:\/\/www.uartes.edu.ec\/sitio\/wp-content\/uploads\/2021\/07\/CONVENIO-UARTES-CASA-CULTURA-MANABI-3-768x512.jpg 768w, https:\/\/www.uartes.edu.ec\/sitio\/wp-content\/uploads\/2021\/07\/CONVENIO-UARTES-CASA-CULTURA-MANABI-3-1536x1024.jpg 1536w, https:\/\/www.uartes.edu.ec\/sitio\/wp-content\/uploads\/2021\/07\/CONVENIO-UARTES-CASA-CULTURA-MANABI-3-16x12.jpg 16w, https:\/\/www.uartes.edu.ec\/sitio\/wp-content\/uploads\/2021\/07\/CONVENIO-UARTES-CASA-CULTURA-MANABI-3-600x400.jpg 600w, https:\/\/www.uartes.edu.ec\/sitio\/wp-content\/uploads\/2021\/07\/CONVENIO-UARTES-CASA-CULTURA-MANABI-3-400x267.jpg 400w, https:\/\/www.uartes.edu.ec\/sitio\/wp-content\/uploads\/2021\/07\/CONVENIO-UARTES-CASA-CULTURA-MANABI-3-272x182.jpg 272w\" sizes=\"(max-width: 2000px) 100vw, 2000px\" \/><\/figure><\/div>\n\n\n\n<p>Subray\u00f3, asimismo, la importancia de articular un proyecto de formaci\u00f3n art\u00edstica como la UArtes con el trabajo que hace la CCEManab\u00ed. Felicit\u00f3 a Fidel Intriago por la actividad realizada e indic\u00f3 que forma parte de una nueva generaci\u00f3n de gestores culturales que le dan esperanza al Sistema Nacional de Cultura y a la pol\u00edtica cultural del pa\u00eds. \u201cFundamental y necesaria su consolidaci\u00f3n, sobre todo a ra\u00edz de la pandemia que nos ha dado lecciones muy fuertes; en este momento, creo, valoramos a\u00fan m\u00e1s el trabajo de lo sensible, saber trabajar en redes, saber trabajar con iniciativas comunitarias (\u2026)\u201d.<\/p>\n\n\n\n<p>El doctor Herrera se\u00f1al\u00f3 que la UArtes naci\u00f3 como un proyecto que, de cierta manera, busca responder a una deuda hist\u00f3rica que ten\u00eda el pa\u00eds: la formaci\u00f3n art\u00edstica. \u201cHoy estamos viendo resultados concretos de lo que han sido estos seis a\u00f1os de existencia, somos universidad joven, con una comunidad de 2.000 estudiantes, que ya est\u00e1 dejando sus huellas y siempre ser\u00e1 a trav\u00e9s de sus estudiantes y comunidad de graduados cada vez m\u00e1s amplia\u201d.<\/p>\n\n\n\n<p>Se\u00f1alando lo realizado por Intriago, el rector de la UArtes destac\u00f3 la importancia de tener esa visi\u00f3n en la gesti\u00f3n cultural en Manab\u00ed, una gesti\u00f3n que involucra la consolidaci\u00f3n de alianzas y redes, de trabajar en procesos que son los que sostienen a las instituciones culturales, pero sin perder la importancia de la infraestructura cultural en un pa\u00eds como Ecuador. \u201cTodav\u00eda hay que trabajar mucho, pero solo la historia de este lugar es el reflejo de lo que muchas veces ha sido la pol\u00edtica cultural, que a veces no tiene un enfoque muy preciso, que ha descuidado ciertos espacios, la importancia de territorio y trabajar con los GAD&#8217;s y redes locales\u201d.<\/p>\n\n\n\n<p>El doctor Herrera asegur\u00f3 una total apertura de la UArtes para trabajar muy de cerca, no solo con el N\u00facleo de Manab\u00ed, sino con la Casa de la Cultura Ecuatoriana en general, cuya misi\u00f3n es importante en el desarrollo de los procesos culturales del pa\u00eds. Espera, dijo, que el actual proceso de elecciones permita una renovaci\u00f3n de energ\u00eda y una visi\u00f3n muy clara sobre las necesidades del sector cultural del pa\u00eds. Al concluir agradeci\u00f3 a Mar\u00eda Jos\u00e9 Icaza, directora de V\u00ednculos con la Sociedad UArtes, por la gesti\u00f3n realizada.&nbsp;<\/p>\n\n\n\n<p>Tras la firma del convenio en Manta, el rector, la comitiva y los anfitriones se trasladaron a Portoviejo para recorrer las instalaciones de la CCEManab\u00ed. Tambi\u00e9n visit\u00f3 el Museo Arqueol\u00f3gico Cerro de Hojas-Jaboncillo.<\/p>\n\n\n\n<div class=\"wp-block-image\"><figure class=\"aligncenter size-full\"><img decoding=\"async\" width=\"2000\" height=\"1333\" src=\"http:\/\/www.uartes.edu.ec\/sitio\/wp-content\/uploads\/2021\/07\/CONVENIO-UARTES-CASA-CULTURA-MANABI.jpg\" alt=\"\" class=\"wp-image-14921\" srcset=\"https:\/\/www.uartes.edu.ec\/sitio\/wp-content\/uploads\/2021\/07\/CONVENIO-UARTES-CASA-CULTURA-MANABI.jpg 2000w, https:\/\/www.uartes.edu.ec\/sitio\/wp-content\/uploads\/2021\/07\/CONVENIO-UARTES-CASA-CULTURA-MANABI-300x200.jpg 300w, https:\/\/www.uartes.edu.ec\/sitio\/wp-content\/uploads\/2021\/07\/CONVENIO-UARTES-CASA-CULTURA-MANABI-644x429.jpg 644w, https:\/\/www.uartes.edu.ec\/sitio\/wp-content\/uploads\/2021\/07\/CONVENIO-UARTES-CASA-CULTURA-MANABI-768x512.jpg 768w, https:\/\/www.uartes.edu.ec\/sitio\/wp-content\/uploads\/2021\/07\/CONVENIO-UARTES-CASA-CULTURA-MANABI-1536x1024.jpg 1536w, https:\/\/www.uartes.edu.ec\/sitio\/wp-content\/uploads\/2021\/07\/CONVENIO-UARTES-CASA-CULTURA-MANABI-16x12.jpg 16w, https:\/\/www.uartes.edu.ec\/sitio\/wp-content\/uploads\/2021\/07\/CONVENIO-UARTES-CASA-CULTURA-MANABI-600x400.jpg 600w, https:\/\/www.uartes.edu.ec\/sitio\/wp-content\/uploads\/2021\/07\/CONVENIO-UARTES-CASA-CULTURA-MANABI-400x267.jpg 400w, https:\/\/www.uartes.edu.ec\/sitio\/wp-content\/uploads\/2021\/07\/CONVENIO-UARTES-CASA-CULTURA-MANABI-272x182.jpg 272w\" sizes=\"(max-width: 2000px) 100vw, 2000px\" \/><\/figure><\/div>\n\n\n\n<p>Entrevistado por medios de comunicaci\u00f3n manabitas, el doctor Herrera se\u00f1al\u00f3 a la firma del convenio como un momento muy importante para dos instituciones comprometidas con la formaci\u00f3n sociocultural del pa\u00eds. Manifest\u00f3 como motivaci\u00f3n muy particular tener un n\u00famero destacado de estudiantes de Manab\u00ed \u2013provenientes de Manta, Portoviejo, Jipijapa y Chone\u2013 cursando distintas carreras y formando la primera promoci\u00f3n de graduados. \u201cSon para nosotros un orgullo por su dedicaci\u00f3n y compromiso por la formaci\u00f3n art\u00edstica y el cambio, un deseo de la transformaci\u00f3n sociocultural del pa\u00eds\u201d.<\/p>\n\n\n\n<p>Para los estudiantes, agreg\u00f3, significa una gran posibilidad poder trabajar de cerca con la Casa de la Cultura manabita y realizar sus pr\u00e1cticas preprofesionales, ampliar los campos de formaci\u00f3n continua tanto para los gestores culturales como para los artistas de la provincia y activar otras formas de cooperaci\u00f3n. Expres\u00f3 su contento por conocer La Sala Mac, un espacio para el arte y la cultura recuperado bajo la direcci\u00f3n de Fidel Intriago.<\/p>\n","protected":false},"excerpt":{"rendered":"<p>Raymundo Zambrano y Nayhelli Su\u00e1rez, conocidos exponentes de la tradici\u00f3n oral manabita, recibieron con amorfinos al rector de la Universidad de las Artes, doctor William Herrera R\u00edos, y a la delegaci\u00f3n que lo acompa\u00f1\u00f3 hasta Manta, donde la UArtes suscribi\u00f3 un Convenio Marco de Cooperaci\u00f3n Interinstitucional con la Casa de la Cultura N\u00facleo de Manab\u00ed, que dirige el licenciado Fidel Intriago. <\/p>\n","protected":false},"author":10,"featured_media":14918,"comment_status":"open","ping_status":"open","sticky":false,"template":"","format":"standard","meta":{"_acf_changed":false,"_uag_custom_page_level_css":"","_monsterinsights_skip_tracking":false,"_monsterinsights_sitenote_active":false,"_monsterinsights_sitenote_note":"","_monsterinsights_sitenote_category":0,"cybocfi_hide_featured_image":"","footnotes":""},"categories":[490,159,75,77,84],"tags":[281,269,405],"infouartes":[],"class_list":["post-14911","post","type-post","status-publish","format-standard","has-post-thumbnail","hentry","category-alumni","category-artes-escenicas","category-docentes","category-gestion","category-rectorado","tag-interinstitucional","tag-validacion-de-trayectorias","tag-william-herrera"],"acf":[],"yoast_head":"<!-- This site is optimized with the Yoast SEO plugin v27.4 - https:\/\/yoast.com\/product\/yoast-seo-wordpress\/ -->\n<title>Universidad de las Artes - UArtes, en cooperaci\u00f3n interinstitucional con Casa de la Cultura N\u00facleo de Manab\u00ed<\/title>\n<meta name=\"description\" content=\"Universidad de las Artes - UArtes, en cooperaci\u00f3n interinstitucional con Casa de la Cultura N\u00facleo de Manab\u00ed\" \/>\n<meta name=\"robots\" content=\"index, follow, max-snippet:-1, max-image-preview:large, max-video-preview:-1\" \/>\n<link rel=\"canonical\" href=\"https:\/\/www.uartes.edu.ec\/sitio\/blog\/2021\/07\/22\/uartes-en-cooperacion-interinstitucional-con-casa-de-la-cultura-nucleo-de-manabi\/\" \/>\n<meta property=\"og:locale\" content=\"es_ES\" \/>\n<meta property=\"og:type\" content=\"article\" \/>\n<meta property=\"og:title\" content=\"Universidad de las Artes - UArtes, en cooperaci\u00f3n interinstitucional con Casa de la Cultura N\u00facleo de Manab\u00ed\" \/>\n<meta property=\"og:description\" content=\"Universidad de las Artes - UArtes, en cooperaci\u00f3n interinstitucional con Casa de la Cultura N\u00facleo de Manab\u00ed\" \/>\n<meta property=\"og:url\" content=\"https:\/\/www.uartes.edu.ec\/sitio\/blog\/2021\/07\/22\/uartes-en-cooperacion-interinstitucional-con-casa-de-la-cultura-nucleo-de-manabi\/\" \/>\n<meta property=\"og:site_name\" content=\"Universidad de las Artes\" \/>\n<meta property=\"article:publisher\" content=\"https:\/\/www.facebook.com\/uartesec\" \/>\n<meta property=\"article:published_time\" content=\"2021-07-22T17:00:00+00:00\" \/>\n<meta property=\"article:modified_time\" content=\"2024-07-04T16:26:04+00:00\" \/>\n<meta property=\"og:image\" content=\"https:\/\/www.uartes.edu.ec\/sitio\/wp-content\/uploads\/2021\/07\/CONVENIO-UARTES-CASA-CULTURA-MANABI-2.jpg\" \/>\n\t<meta property=\"og:image:width\" content=\"2000\" \/>\n\t<meta property=\"og:image:height\" content=\"1333\" \/>\n\t<meta property=\"og:image:type\" content=\"image\/jpeg\" \/>\n<meta name=\"author\" content=\"ccortez\" \/>\n<meta name=\"twitter:card\" content=\"summary_large_image\" \/>\n<meta name=\"twitter:creator\" content=\"@uartesec\" \/>\n<meta name=\"twitter:site\" content=\"@uartesec\" \/>\n<meta name=\"twitter:label1\" content=\"Escrito por\" \/>\n\t<meta name=\"twitter:data1\" content=\"ccortez\" \/>\n\t<meta name=\"twitter:label2\" content=\"Tiempo de lectura\" \/>\n\t<meta name=\"twitter:data2\" content=\"6 minutos\" \/>\n<script type=\"application\/ld+json\" class=\"yoast-schema-graph\">{\"@context\":\"https:\\\/\\\/schema.org\",\"@graph\":[{\"@type\":\"Article\",\"@id\":\"https:\\\/\\\/www.uartes.edu.ec\\\/sitio\\\/blog\\\/2021\\\/07\\\/22\\\/uartes-en-cooperacion-interinstitucional-con-casa-de-la-cultura-nucleo-de-manabi\\\/#article\",\"isPartOf\":{\"@id\":\"https:\\\/\\\/www.uartes.edu.ec\\\/sitio\\\/blog\\\/2021\\\/07\\\/22\\\/uartes-en-cooperacion-interinstitucional-con-casa-de-la-cultura-nucleo-de-manabi\\\/\"},\"author\":{\"name\":\"ccortez\",\"@id\":\"https:\\\/\\\/www.uartes.edu.ec\\\/sitio\\\/#\\\/schema\\\/person\\\/efa1b8275797664fd7f13a79ccc0b1f4\"},\"headline\":\"UArtes, en cooperaci\u00f3n interinstitucional con Casa de la Cultura N\u00facleo de Manab\u00ed\",\"datePublished\":\"2021-07-22T17:00:00+00:00\",\"dateModified\":\"2024-07-04T16:26:04+00:00\",\"mainEntityOfPage\":{\"@id\":\"https:\\\/\\\/www.uartes.edu.ec\\\/sitio\\\/blog\\\/2021\\\/07\\\/22\\\/uartes-en-cooperacion-interinstitucional-con-casa-de-la-cultura-nucleo-de-manabi\\\/\"},\"wordCount\":1312,\"commentCount\":0,\"publisher\":{\"@id\":\"https:\\\/\\\/www.uartes.edu.ec\\\/sitio\\\/#organization\"},\"image\":{\"@id\":\"https:\\\/\\\/www.uartes.edu.ec\\\/sitio\\\/blog\\\/2021\\\/07\\\/22\\\/uartes-en-cooperacion-interinstitucional-con-casa-de-la-cultura-nucleo-de-manabi\\\/#primaryimage\"},\"thumbnailUrl\":\"https:\\\/\\\/www.uartes.edu.ec\\\/sitio\\\/wp-content\\\/uploads\\\/2021\\\/07\\\/CONVENIO-UARTES-CASA-CULTURA-MANABI-2.jpg\",\"keywords\":[\"interinstitucional\",\"Validaci\u00f3n de Trayectorias\",\"William Herrera\"],\"articleSection\":[\"Alumni\",\"Artes Esc\u00e9nicas\",\"Docentes\",\"Gesti\u00f3n\",\"Rectorado\"],\"inLanguage\":\"es\",\"potentialAction\":[{\"@type\":\"CommentAction\",\"name\":\"Comment\",\"target\":[\"https:\\\/\\\/www.uartes.edu.ec\\\/sitio\\\/blog\\\/2021\\\/07\\\/22\\\/uartes-en-cooperacion-interinstitucional-con-casa-de-la-cultura-nucleo-de-manabi\\\/#respond\"]}]},{\"@type\":[\"WebPage\",\"ItemPage\"],\"@id\":\"https:\\\/\\\/www.uartes.edu.ec\\\/sitio\\\/blog\\\/2021\\\/07\\\/22\\\/uartes-en-cooperacion-interinstitucional-con-casa-de-la-cultura-nucleo-de-manabi\\\/\",\"url\":\"https:\\\/\\\/www.uartes.edu.ec\\\/sitio\\\/blog\\\/2021\\\/07\\\/22\\\/uartes-en-cooperacion-interinstitucional-con-casa-de-la-cultura-nucleo-de-manabi\\\/\",\"name\":\"Universidad de las Artes - UArtes, en cooperaci\u00f3n interinstitucional con Casa de la Cultura N\u00facleo de Manab\u00ed\",\"isPartOf\":{\"@id\":\"https:\\\/\\\/www.uartes.edu.ec\\\/sitio\\\/#website\"},\"primaryImageOfPage\":{\"@id\":\"https:\\\/\\\/www.uartes.edu.ec\\\/sitio\\\/blog\\\/2021\\\/07\\\/22\\\/uartes-en-cooperacion-interinstitucional-con-casa-de-la-cultura-nucleo-de-manabi\\\/#primaryimage\"},\"image\":{\"@id\":\"https:\\\/\\\/www.uartes.edu.ec\\\/sitio\\\/blog\\\/2021\\\/07\\\/22\\\/uartes-en-cooperacion-interinstitucional-con-casa-de-la-cultura-nucleo-de-manabi\\\/#primaryimage\"},\"thumbnailUrl\":\"https:\\\/\\\/www.uartes.edu.ec\\\/sitio\\\/wp-content\\\/uploads\\\/2021\\\/07\\\/CONVENIO-UARTES-CASA-CULTURA-MANABI-2.jpg\",\"datePublished\":\"2021-07-22T17:00:00+00:00\",\"dateModified\":\"2024-07-04T16:26:04+00:00\",\"description\":\"Universidad de las Artes - UArtes, en cooperaci\u00f3n interinstitucional con Casa de la Cultura N\u00facleo de Manab\u00ed\",\"breadcrumb\":{\"@id\":\"https:\\\/\\\/www.uartes.edu.ec\\\/sitio\\\/blog\\\/2021\\\/07\\\/22\\\/uartes-en-cooperacion-interinstitucional-con-casa-de-la-cultura-nucleo-de-manabi\\\/#breadcrumb\"},\"inLanguage\":\"es\",\"potentialAction\":[{\"@type\":\"ReadAction\",\"target\":[\"https:\\\/\\\/www.uartes.edu.ec\\\/sitio\\\/blog\\\/2021\\\/07\\\/22\\\/uartes-en-cooperacion-interinstitucional-con-casa-de-la-cultura-nucleo-de-manabi\\\/\"]}]},{\"@type\":\"ImageObject\",\"inLanguage\":\"es\",\"@id\":\"https:\\\/\\\/www.uartes.edu.ec\\\/sitio\\\/blog\\\/2021\\\/07\\\/22\\\/uartes-en-cooperacion-interinstitucional-con-casa-de-la-cultura-nucleo-de-manabi\\\/#primaryimage\",\"url\":\"https:\\\/\\\/www.uartes.edu.ec\\\/sitio\\\/wp-content\\\/uploads\\\/2021\\\/07\\\/CONVENIO-UARTES-CASA-CULTURA-MANABI-2.jpg\",\"contentUrl\":\"https:\\\/\\\/www.uartes.edu.ec\\\/sitio\\\/wp-content\\\/uploads\\\/2021\\\/07\\\/CONVENIO-UARTES-CASA-CULTURA-MANABI-2.jpg\",\"width\":2000,\"height\":1333},{\"@type\":\"BreadcrumbList\",\"@id\":\"https:\\\/\\\/www.uartes.edu.ec\\\/sitio\\\/blog\\\/2021\\\/07\\\/22\\\/uartes-en-cooperacion-interinstitucional-con-casa-de-la-cultura-nucleo-de-manabi\\\/#breadcrumb\",\"itemListElement\":[{\"@type\":\"ListItem\",\"position\":1,\"name\":\"Inicio\",\"item\":\"https:\\\/\\\/www.uartes.edu.ec\\\/sitio\\\/\"},{\"@type\":\"ListItem\",\"position\":2,\"name\":\"UArtes, en cooperaci\u00f3n interinstitucional con Casa de la Cultura N\u00facleo de Manab\u00ed\"}]},{\"@type\":\"WebSite\",\"@id\":\"https:\\\/\\\/www.uartes.edu.ec\\\/sitio\\\/#website\",\"url\":\"https:\\\/\\\/www.uartes.edu.ec\\\/sitio\\\/\",\"name\":\"Universidad de las Artes\",\"description\":\"Sitio oficial de la Universidad Nacional de las Artes del Ecuador\",\"publisher\":{\"@id\":\"https:\\\/\\\/www.uartes.edu.ec\\\/sitio\\\/#organization\"},\"potentialAction\":[{\"@type\":\"SearchAction\",\"target\":{\"@type\":\"EntryPoint\",\"urlTemplate\":\"https:\\\/\\\/www.uartes.edu.ec\\\/sitio\\\/?s={search_term_string}\"},\"query-input\":{\"@type\":\"PropertyValueSpecification\",\"valueRequired\":true,\"valueName\":\"search_term_string\"}}],\"inLanguage\":\"es\"},{\"@type\":\"Organization\",\"@id\":\"https:\\\/\\\/www.uartes.edu.ec\\\/sitio\\\/#organization\",\"name\":\"Universidad de las Artes\",\"url\":\"https:\\\/\\\/www.uartes.edu.ec\\\/sitio\\\/\",\"logo\":{\"@type\":\"ImageObject\",\"inLanguage\":\"es\",\"@id\":\"https:\\\/\\\/www.uartes.edu.ec\\\/sitio\\\/#\\\/schema\\\/logo\\\/image\\\/\",\"url\":\"https:\\\/\\\/www.uartes.edu.ec\\\/sitio\\\/wp-content\\\/uploads\\\/2022\\\/07\\\/logo-ua-horizontal.png\",\"contentUrl\":\"https:\\\/\\\/www.uartes.edu.ec\\\/sitio\\\/wp-content\\\/uploads\\\/2022\\\/07\\\/logo-ua-horizontal.png\",\"width\":800,\"height\":276,\"caption\":\"Universidad de las Artes\"},\"image\":{\"@id\":\"https:\\\/\\\/www.uartes.edu.ec\\\/sitio\\\/#\\\/schema\\\/logo\\\/image\\\/\"},\"sameAs\":[\"https:\\\/\\\/www.facebook.com\\\/uartesec\",\"https:\\\/\\\/x.com\\\/uartesec\",\"https:\\\/\\\/www.tiktok.com\\\/@uartesec\"]},{\"@type\":\"Person\",\"@id\":\"https:\\\/\\\/www.uartes.edu.ec\\\/sitio\\\/#\\\/schema\\\/person\\\/efa1b8275797664fd7f13a79ccc0b1f4\",\"name\":\"ccortez\",\"image\":{\"@type\":\"ImageObject\",\"inLanguage\":\"es\",\"@id\":\"https:\\\/\\\/secure.gravatar.com\\\/avatar\\\/b2a6f664a3ae8e074346ef91775736c5ec479e637ecced6842de9dc98b5da9cd?s=96&d=mm&r=g\",\"url\":\"https:\\\/\\\/secure.gravatar.com\\\/avatar\\\/b2a6f664a3ae8e074346ef91775736c5ec479e637ecced6842de9dc98b5da9cd?s=96&d=mm&r=g\",\"contentUrl\":\"https:\\\/\\\/secure.gravatar.com\\\/avatar\\\/b2a6f664a3ae8e074346ef91775736c5ec479e637ecced6842de9dc98b5da9cd?s=96&d=mm&r=g\",\"caption\":\"ccortez\"},\"url\":\"https:\\\/\\\/www.uartes.edu.ec\\\/sitio\\\/blog\\\/author\\\/ccortez\\\/\"}]}<\/script>\n<!-- \/ Yoast SEO plugin. -->","yoast_head_json":{"title":"Universidad de las Artes - UArtes, en cooperaci\u00f3n interinstitucional con Casa de la Cultura N\u00facleo de Manab\u00ed","description":"Universidad de las Artes - UArtes, en cooperaci\u00f3n interinstitucional con Casa de la Cultura N\u00facleo de Manab\u00ed","robots":{"index":"index","follow":"follow","max-snippet":"max-snippet:-1","max-image-preview":"max-image-preview:large","max-video-preview":"max-video-preview:-1"},"canonical":"https:\/\/www.uartes.edu.ec\/sitio\/blog\/2021\/07\/22\/uartes-en-cooperacion-interinstitucional-con-casa-de-la-cultura-nucleo-de-manabi\/","og_locale":"es_ES","og_type":"article","og_title":"Universidad de las Artes - UArtes, en cooperaci\u00f3n interinstitucional con Casa de la Cultura N\u00facleo de Manab\u00ed","og_description":"Universidad de las Artes - UArtes, en cooperaci\u00f3n interinstitucional con Casa de la Cultura N\u00facleo de Manab\u00ed","og_url":"https:\/\/www.uartes.edu.ec\/sitio\/blog\/2021\/07\/22\/uartes-en-cooperacion-interinstitucional-con-casa-de-la-cultura-nucleo-de-manabi\/","og_site_name":"Universidad de las Artes","article_publisher":"https:\/\/www.facebook.com\/uartesec","article_published_time":"2021-07-22T17:00:00+00:00","article_modified_time":"2024-07-04T16:26:04+00:00","og_image":[{"width":2000,"height":1333,"url":"https:\/\/www.uartes.edu.ec\/sitio\/wp-content\/uploads\/2021\/07\/CONVENIO-UARTES-CASA-CULTURA-MANABI-2.jpg","type":"image\/jpeg"}],"author":"ccortez","twitter_card":"summary_large_image","twitter_creator":"@uartesec","twitter_site":"@uartesec","twitter_misc":{"Escrito por":"ccortez","Tiempo de lectura":"6 minutos"},"schema":{"@context":"https:\/\/schema.org","@graph":[{"@type":"Article","@id":"https:\/\/www.uartes.edu.ec\/sitio\/blog\/2021\/07\/22\/uartes-en-cooperacion-interinstitucional-con-casa-de-la-cultura-nucleo-de-manabi\/#article","isPartOf":{"@id":"https:\/\/www.uartes.edu.ec\/sitio\/blog\/2021\/07\/22\/uartes-en-cooperacion-interinstitucional-con-casa-de-la-cultura-nucleo-de-manabi\/"},"author":{"name":"ccortez","@id":"https:\/\/www.uartes.edu.ec\/sitio\/#\/schema\/person\/efa1b8275797664fd7f13a79ccc0b1f4"},"headline":"UArtes, en cooperaci\u00f3n interinstitucional con Casa de la Cultura N\u00facleo de Manab\u00ed","datePublished":"2021-07-22T17:00:00+00:00","dateModified":"2024-07-04T16:26:04+00:00","mainEntityOfPage":{"@id":"https:\/\/www.uartes.edu.ec\/sitio\/blog\/2021\/07\/22\/uartes-en-cooperacion-interinstitucional-con-casa-de-la-cultura-nucleo-de-manabi\/"},"wordCount":1312,"commentCount":0,"publisher":{"@id":"https:\/\/www.uartes.edu.ec\/sitio\/#organization"},"image":{"@id":"https:\/\/www.uartes.edu.ec\/sitio\/blog\/2021\/07\/22\/uartes-en-cooperacion-interinstitucional-con-casa-de-la-cultura-nucleo-de-manabi\/#primaryimage"},"thumbnailUrl":"https:\/\/www.uartes.edu.ec\/sitio\/wp-content\/uploads\/2021\/07\/CONVENIO-UARTES-CASA-CULTURA-MANABI-2.jpg","keywords":["interinstitucional","Validaci\u00f3n de Trayectorias","William Herrera"],"articleSection":["Alumni","Artes Esc\u00e9nicas","Docentes","Gesti\u00f3n","Rectorado"],"inLanguage":"es","potentialAction":[{"@type":"CommentAction","name":"Comment","target":["https:\/\/www.uartes.edu.ec\/sitio\/blog\/2021\/07\/22\/uartes-en-cooperacion-interinstitucional-con-casa-de-la-cultura-nucleo-de-manabi\/#respond"]}]},{"@type":["WebPage","ItemPage"],"@id":"https:\/\/www.uartes.edu.ec\/sitio\/blog\/2021\/07\/22\/uartes-en-cooperacion-interinstitucional-con-casa-de-la-cultura-nucleo-de-manabi\/","url":"https:\/\/www.uartes.edu.ec\/sitio\/blog\/2021\/07\/22\/uartes-en-cooperacion-interinstitucional-con-casa-de-la-cultura-nucleo-de-manabi\/","name":"Universidad de las Artes - UArtes, en cooperaci\u00f3n interinstitucional con Casa de la Cultura N\u00facleo de Manab\u00ed","isPartOf":{"@id":"https:\/\/www.uartes.edu.ec\/sitio\/#website"},"primaryImageOfPage":{"@id":"https:\/\/www.uartes.edu.ec\/sitio\/blog\/2021\/07\/22\/uartes-en-cooperacion-interinstitucional-con-casa-de-la-cultura-nucleo-de-manabi\/#primaryimage"},"image":{"@id":"https:\/\/www.uartes.edu.ec\/sitio\/blog\/2021\/07\/22\/uartes-en-cooperacion-interinstitucional-con-casa-de-la-cultura-nucleo-de-manabi\/#primaryimage"},"thumbnailUrl":"https:\/\/www.uartes.edu.ec\/sitio\/wp-content\/uploads\/2021\/07\/CONVENIO-UARTES-CASA-CULTURA-MANABI-2.jpg","datePublished":"2021-07-22T17:00:00+00:00","dateModified":"2024-07-04T16:26:04+00:00","description":"Universidad de las Artes - UArtes, en cooperaci\u00f3n interinstitucional con Casa de la Cultura N\u00facleo de Manab\u00ed","breadcrumb":{"@id":"https:\/\/www.uartes.edu.ec\/sitio\/blog\/2021\/07\/22\/uartes-en-cooperacion-interinstitucional-con-casa-de-la-cultura-nucleo-de-manabi\/#breadcrumb"},"inLanguage":"es","potentialAction":[{"@type":"ReadAction","target":["https:\/\/www.uartes.edu.ec\/sitio\/blog\/2021\/07\/22\/uartes-en-cooperacion-interinstitucional-con-casa-de-la-cultura-nucleo-de-manabi\/"]}]},{"@type":"ImageObject","inLanguage":"es","@id":"https:\/\/www.uartes.edu.ec\/sitio\/blog\/2021\/07\/22\/uartes-en-cooperacion-interinstitucional-con-casa-de-la-cultura-nucleo-de-manabi\/#primaryimage","url":"https:\/\/www.uartes.edu.ec\/sitio\/wp-content\/uploads\/2021\/07\/CONVENIO-UARTES-CASA-CULTURA-MANABI-2.jpg","contentUrl":"https:\/\/www.uartes.edu.ec\/sitio\/wp-content\/uploads\/2021\/07\/CONVENIO-UARTES-CASA-CULTURA-MANABI-2.jpg","width":2000,"height":1333},{"@type":"BreadcrumbList","@id":"https:\/\/www.uartes.edu.ec\/sitio\/blog\/2021\/07\/22\/uartes-en-cooperacion-interinstitucional-con-casa-de-la-cultura-nucleo-de-manabi\/#breadcrumb","itemListElement":[{"@type":"ListItem","position":1,"name":"Inicio","item":"https:\/\/www.uartes.edu.ec\/sitio\/"},{"@type":"ListItem","position":2,"name":"UArtes, en cooperaci\u00f3n interinstitucional con Casa de la Cultura N\u00facleo de Manab\u00ed"}]},{"@type":"WebSite","@id":"https:\/\/www.uartes.edu.ec\/sitio\/#website","url":"https:\/\/www.uartes.edu.ec\/sitio\/","name":"Universidad de las Artes","description":"Sitio oficial de la Universidad Nacional de las Artes del Ecuador","publisher":{"@id":"https:\/\/www.uartes.edu.ec\/sitio\/#organization"},"potentialAction":[{"@type":"SearchAction","target":{"@type":"EntryPoint","urlTemplate":"https:\/\/www.uartes.edu.ec\/sitio\/?s={search_term_string}"},"query-input":{"@type":"PropertyValueSpecification","valueRequired":true,"valueName":"search_term_string"}}],"inLanguage":"es"},{"@type":"Organization","@id":"https:\/\/www.uartes.edu.ec\/sitio\/#organization","name":"Universidad de las Artes","url":"https:\/\/www.uartes.edu.ec\/sitio\/","logo":{"@type":"ImageObject","inLanguage":"es","@id":"https:\/\/www.uartes.edu.ec\/sitio\/#\/schema\/logo\/image\/","url":"https:\/\/www.uartes.edu.ec\/sitio\/wp-content\/uploads\/2022\/07\/logo-ua-horizontal.png","contentUrl":"https:\/\/www.uartes.edu.ec\/sitio\/wp-content\/uploads\/2022\/07\/logo-ua-horizontal.png","width":800,"height":276,"caption":"Universidad de las Artes"},"image":{"@id":"https:\/\/www.uartes.edu.ec\/sitio\/#\/schema\/logo\/image\/"},"sameAs":["https:\/\/www.facebook.com\/uartesec","https:\/\/x.com\/uartesec","https:\/\/www.tiktok.com\/@uartesec"]},{"@type":"Person","@id":"https:\/\/www.uartes.edu.ec\/sitio\/#\/schema\/person\/efa1b8275797664fd7f13a79ccc0b1f4","name":"ccortez","image":{"@type":"ImageObject","inLanguage":"es","@id":"https:\/\/secure.gravatar.com\/avatar\/b2a6f664a3ae8e074346ef91775736c5ec479e637ecced6842de9dc98b5da9cd?s=96&d=mm&r=g","url":"https:\/\/secure.gravatar.com\/avatar\/b2a6f664a3ae8e074346ef91775736c5ec479e637ecced6842de9dc98b5da9cd?s=96&d=mm&r=g","contentUrl":"https:\/\/secure.gravatar.com\/avatar\/b2a6f664a3ae8e074346ef91775736c5ec479e637ecced6842de9dc98b5da9cd?s=96&d=mm&r=g","caption":"ccortez"},"url":"https:\/\/www.uartes.edu.ec\/sitio\/blog\/author\/ccortez\/"}]}},"uagb_featured_image_src":{"full":["https:\/\/www.uartes.edu.ec\/sitio\/wp-content\/uploads\/2021\/07\/CONVENIO-UARTES-CASA-CULTURA-MANABI-2.jpg",2000,1333,false],"thumbnail":["https:\/\/www.uartes.edu.ec\/sitio\/wp-content\/uploads\/2021\/07\/CONVENIO-UARTES-CASA-CULTURA-MANABI-2-150x150.jpg",150,150,true],"medium":["https:\/\/www.uartes.edu.ec\/sitio\/wp-content\/uploads\/2021\/07\/CONVENIO-UARTES-CASA-CULTURA-MANABI-2-300x200.jpg",300,200,true],"medium_large":["https:\/\/www.uartes.edu.ec\/sitio\/wp-content\/uploads\/2021\/07\/CONVENIO-UARTES-CASA-CULTURA-MANABI-2-768x512.jpg",768,512,true],"large":["https:\/\/www.uartes.edu.ec\/sitio\/wp-content\/uploads\/2021\/07\/CONVENIO-UARTES-CASA-CULTURA-MANABI-2-644x429.jpg",644,429,true],"1536x1536":["https:\/\/www.uartes.edu.ec\/sitio\/wp-content\/uploads\/2021\/07\/CONVENIO-UARTES-CASA-CULTURA-MANABI-2-1536x1024.jpg",1536,1024,true],"2048x2048":["https:\/\/www.uartes.edu.ec\/sitio\/wp-content\/uploads\/2021\/07\/CONVENIO-UARTES-CASA-CULTURA-MANABI-2.jpg",2000,1333,false],"trp-custom-language-flag":["https:\/\/www.uartes.edu.ec\/sitio\/wp-content\/uploads\/2021\/07\/CONVENIO-UARTES-CASA-CULTURA-MANABI-2-16x12.jpg",16,12,true],"htmega_size_585x295":["https:\/\/www.uartes.edu.ec\/sitio\/wp-content\/uploads\/2021\/07\/CONVENIO-UARTES-CASA-CULTURA-MANABI-2-585x295.jpg",585,295,true],"htmega_size_1170x536":["https:\/\/www.uartes.edu.ec\/sitio\/wp-content\/uploads\/2021\/07\/CONVENIO-UARTES-CASA-CULTURA-MANABI-2-1170x536.jpg",1170,536,true],"htmega_size_396x360":["https:\/\/www.uartes.edu.ec\/sitio\/wp-content\/uploads\/2021\/07\/CONVENIO-UARTES-CASA-CULTURA-MANABI-2-396x360.jpg",396,360,true],"gb-block-post-grid-landscape":["https:\/\/www.uartes.edu.ec\/sitio\/wp-content\/uploads\/2021\/07\/CONVENIO-UARTES-CASA-CULTURA-MANABI-2.jpg",600,400,false],"gb-block-post-grid-square":["https:\/\/www.uartes.edu.ec\/sitio\/wp-content\/uploads\/2021\/07\/CONVENIO-UARTES-CASA-CULTURA-MANABI-2.jpg",600,400,false],"university-hub-thumb":["https:\/\/www.uartes.edu.ec\/sitio\/wp-content\/uploads\/2021\/07\/CONVENIO-UARTES-CASA-CULTURA-MANABI-2-400x267.jpg",400,267,true]},"uagb_author_info":{"display_name":"ccortez","author_link":"https:\/\/www.uartes.edu.ec\/sitio\/blog\/author\/ccortez\/"},"uagb_comment_info":0,"uagb_excerpt":"Raymundo Zambrano y Nayhelli Su\u00e1rez, conocidos exponentes de la tradici\u00f3n oral manabita, recibieron con amorfinos al rector de la Universidad de las Artes, doctor William Herrera R\u00edos, y a la delegaci\u00f3n que lo acompa\u00f1\u00f3 hasta Manta, donde la UArtes suscribi\u00f3 un Convenio Marco de Cooperaci\u00f3n Interinstitucional con la Casa de la Cultura N\u00facleo de Manab\u00ed,&hellip;","featured_image_src":"https:\/\/www.uartes.edu.ec\/sitio\/wp-content\/uploads\/2021\/07\/CONVENIO-UARTES-CASA-CULTURA-MANABI-2.jpg","featured_image_src_square":"https:\/\/www.uartes.edu.ec\/sitio\/wp-content\/uploads\/2021\/07\/CONVENIO-UARTES-CASA-CULTURA-MANABI-2.jpg","author_info":{"display_name":"ccortez","author_link":"https:\/\/www.uartes.edu.ec\/sitio\/blog\/author\/ccortez\/"},"publishpress_future_workflow_manual_trigger":{"enabledWorkflows":[]},"distributor_meta":false,"distributor_terms":false,"distributor_media":false,"distributor_original_site_name":"Universidad de las Artes","distributor_original_site_url":"https:\/\/www.uartes.edu.ec\/sitio","push-errors":false,"_links":{"self":[{"href":"https:\/\/www.uartes.edu.ec\/sitio\/wp-json\/wp\/v2\/posts\/14911","targetHints":{"allow":["GET"]}}],"collection":[{"href":"https:\/\/www.uartes.edu.ec\/sitio\/wp-json\/wp\/v2\/posts"}],"about":[{"href":"https:\/\/www.uartes.edu.ec\/sitio\/wp-json\/wp\/v2\/types\/post"}],"author":[{"embeddable":true,"href":"https:\/\/www.uartes.edu.ec\/sitio\/wp-json\/wp\/v2\/users\/10"}],"replies":[{"embeddable":true,"href":"https:\/\/www.uartes.edu.ec\/sitio\/wp-json\/wp\/v2\/comments?post=14911"}],"version-history":[{"count":3,"href":"https:\/\/www.uartes.edu.ec\/sitio\/wp-json\/wp\/v2\/posts\/14911\/revisions"}],"predecessor-version":[{"id":14929,"href":"https:\/\/www.uartes.edu.ec\/sitio\/wp-json\/wp\/v2\/posts\/14911\/revisions\/14929"}],"wp:featuredmedia":[{"embeddable":true,"href":"https:\/\/www.uartes.edu.ec\/sitio\/wp-json\/wp\/v2\/media\/14918"}],"wp:attachment":[{"href":"https:\/\/www.uartes.edu.ec\/sitio\/wp-json\/wp\/v2\/media?parent=14911"}],"wp:term":[{"taxonomy":"category","embeddable":true,"href":"https:\/\/www.uartes.edu.ec\/sitio\/wp-json\/wp\/v2\/categories?post=14911"},{"taxonomy":"post_tag","embeddable":true,"href":"https:\/\/www.uartes.edu.ec\/sitio\/wp-json\/wp\/v2\/tags?post=14911"},{"taxonomy":"infouartes","embeddable":true,"href":"https:\/\/www.uartes.edu.ec\/sitio\/wp-json\/wp\/v2\/infouartes?post=14911"}],"curies":[{"name":"wp","href":"https:\/\/api.w.org\/{rel}","templated":true}]}}