{"id":14939,"date":"2021-07-23T14:42:32","date_gmt":"2021-07-23T19:42:32","guid":{"rendered":"http:\/\/www.uartes.edu.ec\/sitio\/?p=14939"},"modified":"2024-07-04T11:26:04","modified_gmt":"2024-07-04T16:26:04","slug":"andres-noboa-y-tabata-alvarado-haran-realidad-los-proyectos-que-llevaron-al-ifci","status":"publish","type":"post","link":"https:\/\/www.uartes.edu.ec\/sitio\/blog\/2021\/07\/23\/andres-noboa-y-tabata-alvarado-haran-realidad-los-proyectos-que-llevaron-al-ifci\/","title":{"rendered":"Andr\u00e9s Noboa y T\u00e1bata Alvarado har\u00e1n realidad los proyectos que llevaron al IFCI"},"content":{"rendered":"\n<p class=\"has-text-align-right\"><em>El docente y la estudiante, ambos de la Escuela de Artes Sonoras de la UArtes, participaron<br>en la convocatoria de la l\u00ednea de fomento Creaci\u00f3n y Producci\u00f3n Musical del IFCI y ganaron.<br>\u00c9l con <strong>\u201c<\/strong>La Orquesta Interbarrial\u201d y ella con \u201cF\u00e1bulas Suburbanas\u201d.<\/em><\/p>\n\n\n\n<p>El Instituto de Fomento a la Creatividad y la Innovaci\u00f3n dio a conocer en su sitio web (<a href=\"http:\/\/www.creatividad.gob.ec\">www.creatividad.gob.ec<\/a>), as\u00ed como en sus redes sociales, los Proyectos Ganadores de la l\u00ednea de fomento Creaci\u00f3n y Producci\u00f3n Musical, modalidades: Producci\u00f3n de M\u00fasica Popular y Producci\u00f3n de M\u00fasica Acad\u00e9mica. Estos, anota en @Creatividad_Ec, corresponden al primer llamado de las convocatorias 2021.<\/p>\n\n\n\n<p>Entre los ganadores constan, en el Grupo A, la estudiante T\u00e1bata Soledad Alvarado Palacios, con el Proyecto de M\u00fasica Popular \u201cF\u00e1bulas Suburbanas\u201d; y, en el Grupo B, el docente Andr\u00e9s Mauricio Noboa Cabezas, con el Proyecto de M\u00fasica Acad\u00e9mica, \u201cLa Orquesta Interbarrial\u201d. Ambos pertenecen a la Escuela de Artes Sonoras de la Universidad de las Artes.<\/p>\n\n\n\n<p>El objetivo principal de esta l\u00ednea de fomento, se lee en el sitio web, es financiar total o parcialmente proyectos de creaci\u00f3n y producci\u00f3n musical que culminen su etapa de promoci\u00f3n con la producci\u00f3n y difusi\u00f3n de un videoclip de uno de sus temas producidos.<\/p>\n\n\n\n<p>Se explica que la l\u00ednea de fomento&nbsp;Creaci\u00f3n y Producci\u00f3n Musical,&nbsp;modalidades: Producci\u00f3n de M\u00fasica Popular y Producci\u00f3n de M\u00fasica Acad\u00e9mica,&nbsp;de&nbsp;conformidad con lo establecido en el numeral 5&nbsp;\u2013Presupuesto asignado y su distribuci\u00f3n, de las Bases T\u00e9cnicas del concurso p\u00fablico\u2013 beneficiar\u00e1 con un monto m\u00e1ximo de&nbsp;15 mil d\u00f3lares, de car\u00e1cter no reembolsable, por cada proyecto seleccionado.<\/p>\n\n\n\n<p>Junto a la Resoluci\u00f3n Nro. IFCI-DE-2021-0034-R se encuentran el acta de evaluaci\u00f3n colectiva del Grupo A y el acta final de ganadores del Grupo B. En la declaratoria se especifica tambi\u00e9n que los productos de M\u00fasica Popular son un EP+Videoclip y en el M\u00fasica Acad\u00e9mica, Obras+Videoclip.<\/p>\n\n\n\n<p>Del proyecto \u201cF\u00e1bulas Suburbanas\u201d, presentado por T\u00e1bata Alvarado, se lee en la evaluaci\u00f3n que \u201ces una propuesta con tem\u00e1tica feministas lo cual es un tema de inter\u00e9s com\u00fan. (\u2026) La propuesta de videoclip es de lo mejor que tiene el proyecto, con una sola locaci\u00f3n y recurre a recursos de direcci\u00f3n de arte. El trabajo de c\u00e1mara est\u00e1 bien planteado. (\u2026) El plan de promoci\u00f3n se centra en Quito, pero ser\u00eda bueno expandirse a otras ciudades\u201d.<\/p>\n\n\n\n<p>De \u201cLa Orquesta Interbarrial\u201d, el jurado se\u00f1ala: \u201cEs un proyecto concreto que presenta una fusi\u00f3n de sonidos ecuatorianos con el g\u00e9nero del jazz; es una propuesta viable, se proyecta a tener un resultado final de calidad (\u2026). En cuanto al videoclip, la propuesta de realizaci\u00f3n del mismo se encuentra bien explicada, el guion est\u00e1 bien planteado y es viable. Este proyecto podr\u00eda acercar la m\u00fasica acad\u00e9mica a los p\u00fablicos m\u00e1s grandes y tener mayor alcance en las nuevas generaciones. Es un proyecto que promueve la educaci\u00f3n musical a trav\u00e9s de dar una master class en centros educativos\u201d.<\/p>\n\n\n\n<p>Link con la lista de los ganadores y sus propuestas: <a href=\"http:\/\/www.creatividad.gob.ec\/2021\/07\/14\/proyectos-ganadores-de-la-direccion-de-fomento-a-la-industria-musical\/\">http:\/\/www.creatividad.gob.ec\/2021\/07\/14\/proyectos-ganadores-de-la-direccion-de-fomento-a-la-industria-musical\/<\/a><\/p>\n","protected":false},"excerpt":{"rendered":"<p>El docente y la estudiante, ambos de la Escuela de Artes Sonoras de la UArtes, participaron en la convocatoria de la l\u00ednea de fomento Creaci\u00f3n y Producci\u00f3n Musical del IFCI y ganaron. \u00c9l con \u201cLa Orquesta Interbarrial\u201d y ella con \u201cF\u00e1bulas Suburbanas\u201d.<\/p>\n","protected":false},"author":10,"featured_media":14945,"comment_status":"open","ping_status":"open","sticky":false,"template":"","format":"standard","meta":{"_acf_changed":false,"_uag_custom_page_level_css":"","_monsterinsights_skip_tracking":false,"_monsterinsights_sitenote_active":false,"_monsterinsights_sitenote_note":"","_monsterinsights_sitenote_category":0,"cybocfi_hide_featured_image":"","footnotes":""},"categories":[82,150,76],"tags":[428],"infouartes":[],"class_list":["post-14939","post","type-post","status-publish","format-standard","has-post-thumbnail","hentry","category-artes","category-artes-sonoras","category-estudiantes","tag-ifci"],"acf":[],"yoast_head":"<!-- This site is optimized with the Yoast SEO plugin v27.4 - https:\/\/yoast.com\/product\/yoast-seo-wordpress\/ -->\n<title>Universidad de las Artes - Andr\u00e9s Noboa y T\u00e1bata Alvarado har\u00e1n realidad los proyectos que llevaron al IFCI<\/title>\n<meta name=\"description\" content=\"Universidad de las Artes - Andr\u00e9s Noboa y T\u00e1bata Alvarado har\u00e1n realidad los proyectos que llevaron al IFCI\" \/>\n<meta name=\"robots\" content=\"index, follow, max-snippet:-1, max-image-preview:large, max-video-preview:-1\" \/>\n<link rel=\"canonical\" href=\"https:\/\/www.uartes.edu.ec\/sitio\/blog\/2021\/07\/23\/andres-noboa-y-tabata-alvarado-haran-realidad-los-proyectos-que-llevaron-al-ifci\/\" \/>\n<meta property=\"og:locale\" content=\"es_ES\" \/>\n<meta property=\"og:type\" content=\"article\" \/>\n<meta property=\"og:title\" content=\"Universidad de las Artes - Andr\u00e9s Noboa y T\u00e1bata Alvarado har\u00e1n realidad los proyectos que llevaron al IFCI\" \/>\n<meta property=\"og:description\" content=\"Universidad de las Artes - Andr\u00e9s Noboa y T\u00e1bata Alvarado har\u00e1n realidad los proyectos que llevaron al IFCI\" \/>\n<meta property=\"og:url\" content=\"https:\/\/www.uartes.edu.ec\/sitio\/blog\/2021\/07\/23\/andres-noboa-y-tabata-alvarado-haran-realidad-los-proyectos-que-llevaron-al-ifci\/\" \/>\n<meta property=\"og:site_name\" content=\"Universidad de las Artes\" \/>\n<meta property=\"article:publisher\" content=\"https:\/\/www.facebook.com\/uartesec\" \/>\n<meta property=\"article:published_time\" content=\"2021-07-23T19:42:32+00:00\" \/>\n<meta property=\"article:modified_time\" content=\"2024-07-04T16:26:04+00:00\" \/>\n<meta property=\"og:image\" content=\"https:\/\/www.uartes.edu.ec\/sitio\/wp-content\/uploads\/2021\/07\/ANDRES-NOBOA.jpg\" \/>\n\t<meta property=\"og:image:width\" content=\"2000\" \/>\n\t<meta property=\"og:image:height\" content=\"1333\" \/>\n\t<meta property=\"og:image:type\" content=\"image\/jpeg\" \/>\n<meta name=\"author\" content=\"ccortez\" \/>\n<meta name=\"twitter:card\" content=\"summary_large_image\" \/>\n<meta name=\"twitter:creator\" content=\"@uartesec\" \/>\n<meta name=\"twitter:site\" content=\"@uartesec\" \/>\n<meta name=\"twitter:label1\" content=\"Escrito por\" \/>\n\t<meta name=\"twitter:data1\" content=\"ccortez\" \/>\n\t<meta name=\"twitter:label2\" content=\"Tiempo de lectura\" \/>\n\t<meta name=\"twitter:data2\" content=\"3 minutos\" \/>\n<script type=\"application\/ld+json\" class=\"yoast-schema-graph\">{\"@context\":\"https:\\\/\\\/schema.org\",\"@graph\":[{\"@type\":\"Article\",\"@id\":\"https:\\\/\\\/www.uartes.edu.ec\\\/sitio\\\/blog\\\/2021\\\/07\\\/23\\\/andres-noboa-y-tabata-alvarado-haran-realidad-los-proyectos-que-llevaron-al-ifci\\\/#article\",\"isPartOf\":{\"@id\":\"https:\\\/\\\/www.uartes.edu.ec\\\/sitio\\\/blog\\\/2021\\\/07\\\/23\\\/andres-noboa-y-tabata-alvarado-haran-realidad-los-proyectos-que-llevaron-al-ifci\\\/\"},\"author\":{\"name\":\"ccortez\",\"@id\":\"https:\\\/\\\/www.uartes.edu.ec\\\/sitio\\\/#\\\/schema\\\/person\\\/efa1b8275797664fd7f13a79ccc0b1f4\"},\"headline\":\"Andr\u00e9s Noboa y T\u00e1bata Alvarado har\u00e1n realidad los proyectos que llevaron al IFCI\",\"datePublished\":\"2021-07-23T19:42:32+00:00\",\"dateModified\":\"2024-07-04T16:26:04+00:00\",\"mainEntityOfPage\":{\"@id\":\"https:\\\/\\\/www.uartes.edu.ec\\\/sitio\\\/blog\\\/2021\\\/07\\\/23\\\/andres-noboa-y-tabata-alvarado-haran-realidad-los-proyectos-que-llevaron-al-ifci\\\/\"},\"wordCount\":585,\"commentCount\":0,\"publisher\":{\"@id\":\"https:\\\/\\\/www.uartes.edu.ec\\\/sitio\\\/#organization\"},\"image\":{\"@id\":\"https:\\\/\\\/www.uartes.edu.ec\\\/sitio\\\/blog\\\/2021\\\/07\\\/23\\\/andres-noboa-y-tabata-alvarado-haran-realidad-los-proyectos-que-llevaron-al-ifci\\\/#primaryimage\"},\"thumbnailUrl\":\"https:\\\/\\\/www.uartes.edu.ec\\\/sitio\\\/wp-content\\\/uploads\\\/2021\\\/07\\\/ANDRES-NOBOA.jpg\",\"keywords\":[\"IFCI\"],\"articleSection\":[\"Artes\",\"Artes Sonoras\",\"Estudiantes\"],\"inLanguage\":\"es\",\"potentialAction\":[{\"@type\":\"CommentAction\",\"name\":\"Comment\",\"target\":[\"https:\\\/\\\/www.uartes.edu.ec\\\/sitio\\\/blog\\\/2021\\\/07\\\/23\\\/andres-noboa-y-tabata-alvarado-haran-realidad-los-proyectos-que-llevaron-al-ifci\\\/#respond\"]}]},{\"@type\":[\"WebPage\",\"ItemPage\"],\"@id\":\"https:\\\/\\\/www.uartes.edu.ec\\\/sitio\\\/blog\\\/2021\\\/07\\\/23\\\/andres-noboa-y-tabata-alvarado-haran-realidad-los-proyectos-que-llevaron-al-ifci\\\/\",\"url\":\"https:\\\/\\\/www.uartes.edu.ec\\\/sitio\\\/blog\\\/2021\\\/07\\\/23\\\/andres-noboa-y-tabata-alvarado-haran-realidad-los-proyectos-que-llevaron-al-ifci\\\/\",\"name\":\"Universidad de las Artes - Andr\u00e9s Noboa y T\u00e1bata Alvarado har\u00e1n realidad los proyectos que llevaron al IFCI\",\"isPartOf\":{\"@id\":\"https:\\\/\\\/www.uartes.edu.ec\\\/sitio\\\/#website\"},\"primaryImageOfPage\":{\"@id\":\"https:\\\/\\\/www.uartes.edu.ec\\\/sitio\\\/blog\\\/2021\\\/07\\\/23\\\/andres-noboa-y-tabata-alvarado-haran-realidad-los-proyectos-que-llevaron-al-ifci\\\/#primaryimage\"},\"image\":{\"@id\":\"https:\\\/\\\/www.uartes.edu.ec\\\/sitio\\\/blog\\\/2021\\\/07\\\/23\\\/andres-noboa-y-tabata-alvarado-haran-realidad-los-proyectos-que-llevaron-al-ifci\\\/#primaryimage\"},\"thumbnailUrl\":\"https:\\\/\\\/www.uartes.edu.ec\\\/sitio\\\/wp-content\\\/uploads\\\/2021\\\/07\\\/ANDRES-NOBOA.jpg\",\"datePublished\":\"2021-07-23T19:42:32+00:00\",\"dateModified\":\"2024-07-04T16:26:04+00:00\",\"description\":\"Universidad de las Artes - Andr\u00e9s Noboa y T\u00e1bata Alvarado har\u00e1n realidad los proyectos que llevaron al IFCI\",\"breadcrumb\":{\"@id\":\"https:\\\/\\\/www.uartes.edu.ec\\\/sitio\\\/blog\\\/2021\\\/07\\\/23\\\/andres-noboa-y-tabata-alvarado-haran-realidad-los-proyectos-que-llevaron-al-ifci\\\/#breadcrumb\"},\"inLanguage\":\"es\",\"potentialAction\":[{\"@type\":\"ReadAction\",\"target\":[\"https:\\\/\\\/www.uartes.edu.ec\\\/sitio\\\/blog\\\/2021\\\/07\\\/23\\\/andres-noboa-y-tabata-alvarado-haran-realidad-los-proyectos-que-llevaron-al-ifci\\\/\"]}]},{\"@type\":\"ImageObject\",\"inLanguage\":\"es\",\"@id\":\"https:\\\/\\\/www.uartes.edu.ec\\\/sitio\\\/blog\\\/2021\\\/07\\\/23\\\/andres-noboa-y-tabata-alvarado-haran-realidad-los-proyectos-que-llevaron-al-ifci\\\/#primaryimage\",\"url\":\"https:\\\/\\\/www.uartes.edu.ec\\\/sitio\\\/wp-content\\\/uploads\\\/2021\\\/07\\\/ANDRES-NOBOA.jpg\",\"contentUrl\":\"https:\\\/\\\/www.uartes.edu.ec\\\/sitio\\\/wp-content\\\/uploads\\\/2021\\\/07\\\/ANDRES-NOBOA.jpg\",\"width\":2000,\"height\":1333,\"caption\":\"Andr\u00e9s Noboa\"},{\"@type\":\"BreadcrumbList\",\"@id\":\"https:\\\/\\\/www.uartes.edu.ec\\\/sitio\\\/blog\\\/2021\\\/07\\\/23\\\/andres-noboa-y-tabata-alvarado-haran-realidad-los-proyectos-que-llevaron-al-ifci\\\/#breadcrumb\",\"itemListElement\":[{\"@type\":\"ListItem\",\"position\":1,\"name\":\"Inicio\",\"item\":\"https:\\\/\\\/www.uartes.edu.ec\\\/sitio\\\/\"},{\"@type\":\"ListItem\",\"position\":2,\"name\":\"Andr\u00e9s Noboa y T\u00e1bata Alvarado har\u00e1n realidad los proyectos que llevaron al IFCI\"}]},{\"@type\":\"WebSite\",\"@id\":\"https:\\\/\\\/www.uartes.edu.ec\\\/sitio\\\/#website\",\"url\":\"https:\\\/\\\/www.uartes.edu.ec\\\/sitio\\\/\",\"name\":\"Universidad de las Artes\",\"description\":\"Sitio oficial de la Universidad Nacional de las Artes del Ecuador\",\"publisher\":{\"@id\":\"https:\\\/\\\/www.uartes.edu.ec\\\/sitio\\\/#organization\"},\"potentialAction\":[{\"@type\":\"SearchAction\",\"target\":{\"@type\":\"EntryPoint\",\"urlTemplate\":\"https:\\\/\\\/www.uartes.edu.ec\\\/sitio\\\/?s={search_term_string}\"},\"query-input\":{\"@type\":\"PropertyValueSpecification\",\"valueRequired\":true,\"valueName\":\"search_term_string\"}}],\"inLanguage\":\"es\"},{\"@type\":\"Organization\",\"@id\":\"https:\\\/\\\/www.uartes.edu.ec\\\/sitio\\\/#organization\",\"name\":\"Universidad de las Artes\",\"url\":\"https:\\\/\\\/www.uartes.edu.ec\\\/sitio\\\/\",\"logo\":{\"@type\":\"ImageObject\",\"inLanguage\":\"es\",\"@id\":\"https:\\\/\\\/www.uartes.edu.ec\\\/sitio\\\/#\\\/schema\\\/logo\\\/image\\\/\",\"url\":\"https:\\\/\\\/www.uartes.edu.ec\\\/sitio\\\/wp-content\\\/uploads\\\/2022\\\/07\\\/logo-ua-horizontal.png\",\"contentUrl\":\"https:\\\/\\\/www.uartes.edu.ec\\\/sitio\\\/wp-content\\\/uploads\\\/2022\\\/07\\\/logo-ua-horizontal.png\",\"width\":800,\"height\":276,\"caption\":\"Universidad de las Artes\"},\"image\":{\"@id\":\"https:\\\/\\\/www.uartes.edu.ec\\\/sitio\\\/#\\\/schema\\\/logo\\\/image\\\/\"},\"sameAs\":[\"https:\\\/\\\/www.facebook.com\\\/uartesec\",\"https:\\\/\\\/x.com\\\/uartesec\",\"https:\\\/\\\/www.tiktok.com\\\/@uartesec\"]},{\"@type\":\"Person\",\"@id\":\"https:\\\/\\\/www.uartes.edu.ec\\\/sitio\\\/#\\\/schema\\\/person\\\/efa1b8275797664fd7f13a79ccc0b1f4\",\"name\":\"ccortez\",\"image\":{\"@type\":\"ImageObject\",\"inLanguage\":\"es\",\"@id\":\"https:\\\/\\\/secure.gravatar.com\\\/avatar\\\/b2a6f664a3ae8e074346ef91775736c5ec479e637ecced6842de9dc98b5da9cd?s=96&d=mm&r=g\",\"url\":\"https:\\\/\\\/secure.gravatar.com\\\/avatar\\\/b2a6f664a3ae8e074346ef91775736c5ec479e637ecced6842de9dc98b5da9cd?s=96&d=mm&r=g\",\"contentUrl\":\"https:\\\/\\\/secure.gravatar.com\\\/avatar\\\/b2a6f664a3ae8e074346ef91775736c5ec479e637ecced6842de9dc98b5da9cd?s=96&d=mm&r=g\",\"caption\":\"ccortez\"},\"url\":\"https:\\\/\\\/www.uartes.edu.ec\\\/sitio\\\/blog\\\/author\\\/ccortez\\\/\"}]}<\/script>\n<!-- \/ Yoast SEO plugin. -->","yoast_head_json":{"title":"Universidad de las Artes - Andr\u00e9s Noboa y T\u00e1bata Alvarado har\u00e1n realidad los proyectos que llevaron al IFCI","description":"Universidad de las Artes - Andr\u00e9s Noboa y T\u00e1bata Alvarado har\u00e1n realidad los proyectos que llevaron al IFCI","robots":{"index":"index","follow":"follow","max-snippet":"max-snippet:-1","max-image-preview":"max-image-preview:large","max-video-preview":"max-video-preview:-1"},"canonical":"https:\/\/www.uartes.edu.ec\/sitio\/blog\/2021\/07\/23\/andres-noboa-y-tabata-alvarado-haran-realidad-los-proyectos-que-llevaron-al-ifci\/","og_locale":"es_ES","og_type":"article","og_title":"Universidad de las Artes - Andr\u00e9s Noboa y T\u00e1bata Alvarado har\u00e1n realidad los proyectos que llevaron al IFCI","og_description":"Universidad de las Artes - Andr\u00e9s Noboa y T\u00e1bata Alvarado har\u00e1n realidad los proyectos que llevaron al IFCI","og_url":"https:\/\/www.uartes.edu.ec\/sitio\/blog\/2021\/07\/23\/andres-noboa-y-tabata-alvarado-haran-realidad-los-proyectos-que-llevaron-al-ifci\/","og_site_name":"Universidad de las Artes","article_publisher":"https:\/\/www.facebook.com\/uartesec","article_published_time":"2021-07-23T19:42:32+00:00","article_modified_time":"2024-07-04T16:26:04+00:00","og_image":[{"width":2000,"height":1333,"url":"https:\/\/www.uartes.edu.ec\/sitio\/wp-content\/uploads\/2021\/07\/ANDRES-NOBOA.jpg","type":"image\/jpeg"}],"author":"ccortez","twitter_card":"summary_large_image","twitter_creator":"@uartesec","twitter_site":"@uartesec","twitter_misc":{"Escrito por":"ccortez","Tiempo de lectura":"3 minutos"},"schema":{"@context":"https:\/\/schema.org","@graph":[{"@type":"Article","@id":"https:\/\/www.uartes.edu.ec\/sitio\/blog\/2021\/07\/23\/andres-noboa-y-tabata-alvarado-haran-realidad-los-proyectos-que-llevaron-al-ifci\/#article","isPartOf":{"@id":"https:\/\/www.uartes.edu.ec\/sitio\/blog\/2021\/07\/23\/andres-noboa-y-tabata-alvarado-haran-realidad-los-proyectos-que-llevaron-al-ifci\/"},"author":{"name":"ccortez","@id":"https:\/\/www.uartes.edu.ec\/sitio\/#\/schema\/person\/efa1b8275797664fd7f13a79ccc0b1f4"},"headline":"Andr\u00e9s Noboa y T\u00e1bata Alvarado har\u00e1n realidad los proyectos que llevaron al IFCI","datePublished":"2021-07-23T19:42:32+00:00","dateModified":"2024-07-04T16:26:04+00:00","mainEntityOfPage":{"@id":"https:\/\/www.uartes.edu.ec\/sitio\/blog\/2021\/07\/23\/andres-noboa-y-tabata-alvarado-haran-realidad-los-proyectos-que-llevaron-al-ifci\/"},"wordCount":585,"commentCount":0,"publisher":{"@id":"https:\/\/www.uartes.edu.ec\/sitio\/#organization"},"image":{"@id":"https:\/\/www.uartes.edu.ec\/sitio\/blog\/2021\/07\/23\/andres-noboa-y-tabata-alvarado-haran-realidad-los-proyectos-que-llevaron-al-ifci\/#primaryimage"},"thumbnailUrl":"https:\/\/www.uartes.edu.ec\/sitio\/wp-content\/uploads\/2021\/07\/ANDRES-NOBOA.jpg","keywords":["IFCI"],"articleSection":["Artes","Artes Sonoras","Estudiantes"],"inLanguage":"es","potentialAction":[{"@type":"CommentAction","name":"Comment","target":["https:\/\/www.uartes.edu.ec\/sitio\/blog\/2021\/07\/23\/andres-noboa-y-tabata-alvarado-haran-realidad-los-proyectos-que-llevaron-al-ifci\/#respond"]}]},{"@type":["WebPage","ItemPage"],"@id":"https:\/\/www.uartes.edu.ec\/sitio\/blog\/2021\/07\/23\/andres-noboa-y-tabata-alvarado-haran-realidad-los-proyectos-que-llevaron-al-ifci\/","url":"https:\/\/www.uartes.edu.ec\/sitio\/blog\/2021\/07\/23\/andres-noboa-y-tabata-alvarado-haran-realidad-los-proyectos-que-llevaron-al-ifci\/","name":"Universidad de las Artes - Andr\u00e9s Noboa y T\u00e1bata Alvarado har\u00e1n realidad los proyectos que llevaron al IFCI","isPartOf":{"@id":"https:\/\/www.uartes.edu.ec\/sitio\/#website"},"primaryImageOfPage":{"@id":"https:\/\/www.uartes.edu.ec\/sitio\/blog\/2021\/07\/23\/andres-noboa-y-tabata-alvarado-haran-realidad-los-proyectos-que-llevaron-al-ifci\/#primaryimage"},"image":{"@id":"https:\/\/www.uartes.edu.ec\/sitio\/blog\/2021\/07\/23\/andres-noboa-y-tabata-alvarado-haran-realidad-los-proyectos-que-llevaron-al-ifci\/#primaryimage"},"thumbnailUrl":"https:\/\/www.uartes.edu.ec\/sitio\/wp-content\/uploads\/2021\/07\/ANDRES-NOBOA.jpg","datePublished":"2021-07-23T19:42:32+00:00","dateModified":"2024-07-04T16:26:04+00:00","description":"Universidad de las Artes - Andr\u00e9s Noboa y T\u00e1bata Alvarado har\u00e1n realidad los proyectos que llevaron al IFCI","breadcrumb":{"@id":"https:\/\/www.uartes.edu.ec\/sitio\/blog\/2021\/07\/23\/andres-noboa-y-tabata-alvarado-haran-realidad-los-proyectos-que-llevaron-al-ifci\/#breadcrumb"},"inLanguage":"es","potentialAction":[{"@type":"ReadAction","target":["https:\/\/www.uartes.edu.ec\/sitio\/blog\/2021\/07\/23\/andres-noboa-y-tabata-alvarado-haran-realidad-los-proyectos-que-llevaron-al-ifci\/"]}]},{"@type":"ImageObject","inLanguage":"es","@id":"https:\/\/www.uartes.edu.ec\/sitio\/blog\/2021\/07\/23\/andres-noboa-y-tabata-alvarado-haran-realidad-los-proyectos-que-llevaron-al-ifci\/#primaryimage","url":"https:\/\/www.uartes.edu.ec\/sitio\/wp-content\/uploads\/2021\/07\/ANDRES-NOBOA.jpg","contentUrl":"https:\/\/www.uartes.edu.ec\/sitio\/wp-content\/uploads\/2021\/07\/ANDRES-NOBOA.jpg","width":2000,"height":1333,"caption":"Andr\u00e9s Noboa"},{"@type":"BreadcrumbList","@id":"https:\/\/www.uartes.edu.ec\/sitio\/blog\/2021\/07\/23\/andres-noboa-y-tabata-alvarado-haran-realidad-los-proyectos-que-llevaron-al-ifci\/#breadcrumb","itemListElement":[{"@type":"ListItem","position":1,"name":"Inicio","item":"https:\/\/www.uartes.edu.ec\/sitio\/"},{"@type":"ListItem","position":2,"name":"Andr\u00e9s Noboa y T\u00e1bata Alvarado har\u00e1n realidad los proyectos que llevaron al IFCI"}]},{"@type":"WebSite","@id":"https:\/\/www.uartes.edu.ec\/sitio\/#website","url":"https:\/\/www.uartes.edu.ec\/sitio\/","name":"Universidad de las Artes","description":"Sitio oficial de la Universidad Nacional de las Artes del Ecuador","publisher":{"@id":"https:\/\/www.uartes.edu.ec\/sitio\/#organization"},"potentialAction":[{"@type":"SearchAction","target":{"@type":"EntryPoint","urlTemplate":"https:\/\/www.uartes.edu.ec\/sitio\/?s={search_term_string}"},"query-input":{"@type":"PropertyValueSpecification","valueRequired":true,"valueName":"search_term_string"}}],"inLanguage":"es"},{"@type":"Organization","@id":"https:\/\/www.uartes.edu.ec\/sitio\/#organization","name":"Universidad de las Artes","url":"https:\/\/www.uartes.edu.ec\/sitio\/","logo":{"@type":"ImageObject","inLanguage":"es","@id":"https:\/\/www.uartes.edu.ec\/sitio\/#\/schema\/logo\/image\/","url":"https:\/\/www.uartes.edu.ec\/sitio\/wp-content\/uploads\/2022\/07\/logo-ua-horizontal.png","contentUrl":"https:\/\/www.uartes.edu.ec\/sitio\/wp-content\/uploads\/2022\/07\/logo-ua-horizontal.png","width":800,"height":276,"caption":"Universidad de las Artes"},"image":{"@id":"https:\/\/www.uartes.edu.ec\/sitio\/#\/schema\/logo\/image\/"},"sameAs":["https:\/\/www.facebook.com\/uartesec","https:\/\/x.com\/uartesec","https:\/\/www.tiktok.com\/@uartesec"]},{"@type":"Person","@id":"https:\/\/www.uartes.edu.ec\/sitio\/#\/schema\/person\/efa1b8275797664fd7f13a79ccc0b1f4","name":"ccortez","image":{"@type":"ImageObject","inLanguage":"es","@id":"https:\/\/secure.gravatar.com\/avatar\/b2a6f664a3ae8e074346ef91775736c5ec479e637ecced6842de9dc98b5da9cd?s=96&d=mm&r=g","url":"https:\/\/secure.gravatar.com\/avatar\/b2a6f664a3ae8e074346ef91775736c5ec479e637ecced6842de9dc98b5da9cd?s=96&d=mm&r=g","contentUrl":"https:\/\/secure.gravatar.com\/avatar\/b2a6f664a3ae8e074346ef91775736c5ec479e637ecced6842de9dc98b5da9cd?s=96&d=mm&r=g","caption":"ccortez"},"url":"https:\/\/www.uartes.edu.ec\/sitio\/blog\/author\/ccortez\/"}]}},"uagb_featured_image_src":{"full":["https:\/\/www.uartes.edu.ec\/sitio\/wp-content\/uploads\/2021\/07\/ANDRES-NOBOA.jpg",2000,1333,false],"thumbnail":["https:\/\/www.uartes.edu.ec\/sitio\/wp-content\/uploads\/2021\/07\/ANDRES-NOBOA-150x150.jpg",150,150,true],"medium":["https:\/\/www.uartes.edu.ec\/sitio\/wp-content\/uploads\/2021\/07\/ANDRES-NOBOA-300x200.jpg",300,200,true],"medium_large":["https:\/\/www.uartes.edu.ec\/sitio\/wp-content\/uploads\/2021\/07\/ANDRES-NOBOA-768x512.jpg",768,512,true],"large":["https:\/\/www.uartes.edu.ec\/sitio\/wp-content\/uploads\/2021\/07\/ANDRES-NOBOA-644x429.jpg",644,429,true],"1536x1536":["https:\/\/www.uartes.edu.ec\/sitio\/wp-content\/uploads\/2021\/07\/ANDRES-NOBOA-1536x1024.jpg",1536,1024,true],"2048x2048":["https:\/\/www.uartes.edu.ec\/sitio\/wp-content\/uploads\/2021\/07\/ANDRES-NOBOA.jpg",2000,1333,false],"trp-custom-language-flag":["https:\/\/www.uartes.edu.ec\/sitio\/wp-content\/uploads\/2021\/07\/ANDRES-NOBOA-16x12.jpg",16,12,true],"htmega_size_585x295":["https:\/\/www.uartes.edu.ec\/sitio\/wp-content\/uploads\/2021\/07\/ANDRES-NOBOA-585x295.jpg",585,295,true],"htmega_size_1170x536":["https:\/\/www.uartes.edu.ec\/sitio\/wp-content\/uploads\/2021\/07\/ANDRES-NOBOA-1170x536.jpg",1170,536,true],"htmega_size_396x360":["https:\/\/www.uartes.edu.ec\/sitio\/wp-content\/uploads\/2021\/07\/ANDRES-NOBOA-396x360.jpg",396,360,true],"gb-block-post-grid-landscape":["https:\/\/www.uartes.edu.ec\/sitio\/wp-content\/uploads\/2021\/07\/ANDRES-NOBOA.jpg",600,400,false],"gb-block-post-grid-square":["https:\/\/www.uartes.edu.ec\/sitio\/wp-content\/uploads\/2021\/07\/ANDRES-NOBOA.jpg",600,400,false],"university-hub-thumb":["https:\/\/www.uartes.edu.ec\/sitio\/wp-content\/uploads\/2021\/07\/ANDRES-NOBOA-400x267.jpg",400,267,true]},"uagb_author_info":{"display_name":"ccortez","author_link":"https:\/\/www.uartes.edu.ec\/sitio\/blog\/author\/ccortez\/"},"uagb_comment_info":0,"uagb_excerpt":"El docente y la estudiante, ambos de la Escuela de Artes Sonoras de la UArtes, participaron en la convocatoria de la l\u00ednea de fomento Creaci\u00f3n y Producci\u00f3n Musical del IFCI y ganaron. \u00c9l con \u201cLa Orquesta Interbarrial\u201d y ella con \u201cF\u00e1bulas Suburbanas\u201d.","featured_image_src":"https:\/\/www.uartes.edu.ec\/sitio\/wp-content\/uploads\/2021\/07\/ANDRES-NOBOA.jpg","featured_image_src_square":"https:\/\/www.uartes.edu.ec\/sitio\/wp-content\/uploads\/2021\/07\/ANDRES-NOBOA.jpg","author_info":{"display_name":"ccortez","author_link":"https:\/\/www.uartes.edu.ec\/sitio\/blog\/author\/ccortez\/"},"publishpress_future_workflow_manual_trigger":{"enabledWorkflows":[]},"distributor_meta":false,"distributor_terms":false,"distributor_media":false,"distributor_original_site_name":"Universidad de las Artes","distributor_original_site_url":"https:\/\/www.uartes.edu.ec\/sitio","push-errors":false,"_links":{"self":[{"href":"https:\/\/www.uartes.edu.ec\/sitio\/wp-json\/wp\/v2\/posts\/14939","targetHints":{"allow":["GET"]}}],"collection":[{"href":"https:\/\/www.uartes.edu.ec\/sitio\/wp-json\/wp\/v2\/posts"}],"about":[{"href":"https:\/\/www.uartes.edu.ec\/sitio\/wp-json\/wp\/v2\/types\/post"}],"author":[{"embeddable":true,"href":"https:\/\/www.uartes.edu.ec\/sitio\/wp-json\/wp\/v2\/users\/10"}],"replies":[{"embeddable":true,"href":"https:\/\/www.uartes.edu.ec\/sitio\/wp-json\/wp\/v2\/comments?post=14939"}],"version-history":[{"count":2,"href":"https:\/\/www.uartes.edu.ec\/sitio\/wp-json\/wp\/v2\/posts\/14939\/revisions"}],"predecessor-version":[{"id":14947,"href":"https:\/\/www.uartes.edu.ec\/sitio\/wp-json\/wp\/v2\/posts\/14939\/revisions\/14947"}],"wp:featuredmedia":[{"embeddable":true,"href":"https:\/\/www.uartes.edu.ec\/sitio\/wp-json\/wp\/v2\/media\/14945"}],"wp:attachment":[{"href":"https:\/\/www.uartes.edu.ec\/sitio\/wp-json\/wp\/v2\/media?parent=14939"}],"wp:term":[{"taxonomy":"category","embeddable":true,"href":"https:\/\/www.uartes.edu.ec\/sitio\/wp-json\/wp\/v2\/categories?post=14939"},{"taxonomy":"post_tag","embeddable":true,"href":"https:\/\/www.uartes.edu.ec\/sitio\/wp-json\/wp\/v2\/tags?post=14939"},{"taxonomy":"infouartes","embeddable":true,"href":"https:\/\/www.uartes.edu.ec\/sitio\/wp-json\/wp\/v2\/infouartes?post=14939"}],"curies":[{"name":"wp","href":"https:\/\/api.w.org\/{rel}","templated":true}]}}