{"id":1523,"date":"2018-05-08T16:20:27","date_gmt":"2018-05-08T21:20:27","guid":{"rendered":"http:\/\/www.uartes.edu.ec\/infouartes\/?p=1523"},"modified":"2024-07-04T11:53:50","modified_gmt":"2024-07-04T16:53:50","slug":"festival-edoc-programa-diez-dias-de-cine-documental-en-guayaquil","status":"publish","type":"post","link":"https:\/\/www.uartes.edu.ec\/sitio\/blog\/2018\/05\/08\/festival-edoc-programa-diez-dias-de-cine-documental-en-guayaquil\/","title":{"rendered":"Festival EDOC programa diez d\u00edas de cine documental en Guayaquil"},"content":{"rendered":"<p>138 pel\u00edculas de 45 pa\u00edses se proyectar\u00e1n en la XVII edici\u00f3n del Festival Internacional de Cine Documental, Encuentros del Otro Cine \u2013 EDOC, 2018. Esta edici\u00f3n se realizar\u00e1 del 9 al 20 de mayo y contar\u00e1 a las ciudades de Quito, Cotacahi y Guayaquil como sedes del encuentro.<\/p>\n<p>El Festival EDOC rendir\u00e1 homenaje al reconocido cineasta mexicano\u00a0Everardo Gonz\u00e1lez\u00a0quien ser\u00e1 uno de los invitados internacionales al encuentro. En esta edici\u00f3n se incluir\u00e1 una secci\u00f3n de retrospectiva compuesta por seis de sus documentales, desde <em>La Canci\u00f3n del Pulque, <\/em>opera prima, hasta su \u00faltima\u00a0pel\u00edcula,\u00a0<em>La libertad del diablo<\/em>, la cual fue estrenada en 2017 en el Festival Internacional de Cine de Berl\u00edn.<\/p>\n<p>Los documentales,<strong> A medio camino<\/strong>, de Nantu Mantilla y <strong>Rosita<\/strong>, de Rosa Ileana Matamoros, estudiantes de la Universidad de las Artes, forman parte de la selecci\u00f3n oficial del Festival para este a\u00f1o. Al finalizar las proyecciones, Mantilla y Matamoros dialogar\u00e1n con el p\u00fablico presente sobre sus respectivos trabajos.<\/p>\n<p>En Guayaquil, las pel\u00edculas se proyectar\u00e1n en el Espacio Mu\u00e9gano Teatro, ubicado en el Callej\u00f3n Magallanes y Pedro Carbo, entre Rocafuerte y Tom\u00e1s Mart\u00ednez, centro de la urbe. El horario y funciones de las pel\u00edculas las podr\u00e1n encontrar en la <a href=\"http:\/\/www.uartes.edu.ec\/agua\/?s=17EDOC\">Agenda AGUA<\/a>.<\/p>\n<p>La Universidad de las Artes se suma nuevamente al Festival como coproductora oficial en Guayaquil. Esto se traduce en beneficios para la ciudadan\u00eda, que contar\u00e1 con diez d\u00edas de programaci\u00f3n cinematogr\u00e1fica, y para la comunidad estudiantil de la UArtes quienes, adem\u00e1s de poder ver algunas de las pel\u00edculas con entrada libre, podr\u00e1n mantener conversaciones con algunos de los directores que visitar\u00e1n Guayaquil durante el Festival.<\/p>\n<p>Conoce aqu\u00ed las <a href=\"http:\/\/www.uartes.edu.ec\/descargables\/escuela-cine\/17edoc-programa-actividsdes-ua.pdf\"><strong>actividades<\/strong><\/a>\u00a0de libre acceso para los estudiantes de la UArtes.<\/p>\n<p><em>Fotograma: La libertad del diablo de Everardo Gonz\u00e1lez<\/em><\/p>\n","protected":false},"excerpt":{"rendered":"<p>138 pel\u00edculas de 45 pa\u00edses se proyectar\u00e1n en la XVII edici\u00f3n del Festival Internacional de Cine Documental, Encuentros del Otro Cine \u2013 EDOC, 2018. Esta edici\u00f3n se realizar\u00e1 del 9 al 20 de mayo y contar\u00e1 a las ciudades de Quito, Cotacahi y Guayaquil como sedes del encuentro. El Festival EDOC rendir\u00e1 homenaje al reconocido [&hellip;]<\/p>\n","protected":false},"author":1,"featured_media":1524,"comment_status":"closed","ping_status":"closed","sticky":false,"template":"","format":"standard","meta":{"_acf_changed":false,"_uag_custom_page_level_css":"","_monsterinsights_skip_tracking":false,"_monsterinsights_sitenote_active":false,"_monsterinsights_sitenote_note":"","_monsterinsights_sitenote_category":0,"cybocfi_hide_featured_image":"","footnotes":""},"categories":[82],"tags":[36],"infouartes":[],"class_list":["post-1523","post","type-post","status-publish","format-standard","has-post-thumbnail","hentry","category-artes","tag-edoc"],"acf":[],"yoast_head":"<!-- This site is optimized with the Yoast SEO plugin v27.4 - https:\/\/yoast.com\/product\/yoast-seo-wordpress\/ -->\n<title>Universidad de las Artes - Festival EDOC programa diez d\u00edas de cine documental en Guayaquil<\/title>\n<meta name=\"description\" content=\"Universidad de las Artes - Festival EDOC programa diez d\u00edas de cine documental en Guayaquil\" \/>\n<meta name=\"robots\" content=\"index, follow, max-snippet:-1, max-image-preview:large, max-video-preview:-1\" \/>\n<link rel=\"canonical\" href=\"https:\/\/www.uartes.edu.ec\/sitio\/blog\/2018\/05\/08\/festival-edoc-programa-diez-dias-de-cine-documental-en-guayaquil\/\" \/>\n<meta property=\"og:locale\" content=\"es_ES\" \/>\n<meta property=\"og:type\" content=\"article\" \/>\n<meta property=\"og:title\" content=\"Universidad de las Artes - Festival EDOC programa diez d\u00edas de cine documental en Guayaquil\" \/>\n<meta property=\"og:description\" content=\"Universidad de las Artes - Festival EDOC programa diez d\u00edas de cine documental en Guayaquil\" \/>\n<meta property=\"og:url\" content=\"https:\/\/www.uartes.edu.ec\/sitio\/blog\/2018\/05\/08\/festival-edoc-programa-diez-dias-de-cine-documental-en-guayaquil\/\" \/>\n<meta property=\"og:site_name\" content=\"Universidad de las Artes\" \/>\n<meta property=\"article:publisher\" content=\"https:\/\/www.facebook.com\/uartesec\" \/>\n<meta property=\"article:published_time\" content=\"2018-05-08T21:20:27+00:00\" \/>\n<meta property=\"article:modified_time\" content=\"2024-07-04T16:53:50+00:00\" \/>\n<meta name=\"author\" content=\"Universidad de las Artes\" \/>\n<meta name=\"twitter:card\" content=\"summary_large_image\" \/>\n<meta name=\"twitter:creator\" content=\"@uartesec\" \/>\n<meta name=\"twitter:site\" content=\"@uartesec\" \/>\n<meta name=\"twitter:label1\" content=\"Escrito por\" \/>\n\t<meta name=\"twitter:data1\" content=\"Universidad de las Artes\" \/>\n\t<meta name=\"twitter:label2\" content=\"Tiempo de lectura\" \/>\n\t<meta name=\"twitter:data2\" content=\"2 minutos\" \/>\n<script type=\"application\/ld+json\" class=\"yoast-schema-graph\">{\"@context\":\"https:\\\/\\\/schema.org\",\"@graph\":[{\"@type\":\"Article\",\"@id\":\"https:\\\/\\\/www.uartes.edu.ec\\\/sitio\\\/blog\\\/2018\\\/05\\\/08\\\/festival-edoc-programa-diez-dias-de-cine-documental-en-guayaquil\\\/#article\",\"isPartOf\":{\"@id\":\"https:\\\/\\\/www.uartes.edu.ec\\\/sitio\\\/blog\\\/2018\\\/05\\\/08\\\/festival-edoc-programa-diez-dias-de-cine-documental-en-guayaquil\\\/\"},\"author\":{\"name\":\"Universidad de las Artes\",\"@id\":\"https:\\\/\\\/www.uartes.edu.ec\\\/sitio\\\/#\\\/schema\\\/person\\\/f33f8c1d2af0d5c80a38c8abf458184a\"},\"headline\":\"Festival EDOC programa diez d\u00edas de cine documental en Guayaquil\",\"datePublished\":\"2018-05-08T21:20:27+00:00\",\"dateModified\":\"2024-07-04T16:53:50+00:00\",\"mainEntityOfPage\":{\"@id\":\"https:\\\/\\\/www.uartes.edu.ec\\\/sitio\\\/blog\\\/2018\\\/05\\\/08\\\/festival-edoc-programa-diez-dias-de-cine-documental-en-guayaquil\\\/\"},\"wordCount\":324,\"publisher\":{\"@id\":\"https:\\\/\\\/www.uartes.edu.ec\\\/sitio\\\/#organization\"},\"image\":{\"@id\":\"https:\\\/\\\/www.uartes.edu.ec\\\/sitio\\\/blog\\\/2018\\\/05\\\/08\\\/festival-edoc-programa-diez-dias-de-cine-documental-en-guayaquil\\\/#primaryimage\"},\"thumbnailUrl\":\"\",\"keywords\":[\"edoc\"],\"articleSection\":[\"Artes\"],\"inLanguage\":\"es\"},{\"@type\":[\"WebPage\",\"ItemPage\"],\"@id\":\"https:\\\/\\\/www.uartes.edu.ec\\\/sitio\\\/blog\\\/2018\\\/05\\\/08\\\/festival-edoc-programa-diez-dias-de-cine-documental-en-guayaquil\\\/\",\"url\":\"https:\\\/\\\/www.uartes.edu.ec\\\/sitio\\\/blog\\\/2018\\\/05\\\/08\\\/festival-edoc-programa-diez-dias-de-cine-documental-en-guayaquil\\\/\",\"name\":\"Universidad de las Artes - Festival EDOC programa diez d\u00edas de cine documental en Guayaquil\",\"isPartOf\":{\"@id\":\"https:\\\/\\\/www.uartes.edu.ec\\\/sitio\\\/#website\"},\"primaryImageOfPage\":{\"@id\":\"https:\\\/\\\/www.uartes.edu.ec\\\/sitio\\\/blog\\\/2018\\\/05\\\/08\\\/festival-edoc-programa-diez-dias-de-cine-documental-en-guayaquil\\\/#primaryimage\"},\"image\":{\"@id\":\"https:\\\/\\\/www.uartes.edu.ec\\\/sitio\\\/blog\\\/2018\\\/05\\\/08\\\/festival-edoc-programa-diez-dias-de-cine-documental-en-guayaquil\\\/#primaryimage\"},\"thumbnailUrl\":\"\",\"datePublished\":\"2018-05-08T21:20:27+00:00\",\"dateModified\":\"2024-07-04T16:53:50+00:00\",\"description\":\"Universidad de las Artes - Festival EDOC programa diez d\u00edas de cine documental en Guayaquil\",\"breadcrumb\":{\"@id\":\"https:\\\/\\\/www.uartes.edu.ec\\\/sitio\\\/blog\\\/2018\\\/05\\\/08\\\/festival-edoc-programa-diez-dias-de-cine-documental-en-guayaquil\\\/#breadcrumb\"},\"inLanguage\":\"es\",\"potentialAction\":[{\"@type\":\"ReadAction\",\"target\":[\"https:\\\/\\\/www.uartes.edu.ec\\\/sitio\\\/blog\\\/2018\\\/05\\\/08\\\/festival-edoc-programa-diez-dias-de-cine-documental-en-guayaquil\\\/\"]}]},{\"@type\":\"ImageObject\",\"inLanguage\":\"es\",\"@id\":\"https:\\\/\\\/www.uartes.edu.ec\\\/sitio\\\/blog\\\/2018\\\/05\\\/08\\\/festival-edoc-programa-diez-dias-de-cine-documental-en-guayaquil\\\/#primaryimage\",\"url\":\"\",\"contentUrl\":\"\"},{\"@type\":\"BreadcrumbList\",\"@id\":\"https:\\\/\\\/www.uartes.edu.ec\\\/sitio\\\/blog\\\/2018\\\/05\\\/08\\\/festival-edoc-programa-diez-dias-de-cine-documental-en-guayaquil\\\/#breadcrumb\",\"itemListElement\":[{\"@type\":\"ListItem\",\"position\":1,\"name\":\"Inicio\",\"item\":\"https:\\\/\\\/www.uartes.edu.ec\\\/sitio\\\/\"},{\"@type\":\"ListItem\",\"position\":2,\"name\":\"Festival EDOC programa diez d\u00edas de cine documental en Guayaquil\"}]},{\"@type\":\"WebSite\",\"@id\":\"https:\\\/\\\/www.uartes.edu.ec\\\/sitio\\\/#website\",\"url\":\"https:\\\/\\\/www.uartes.edu.ec\\\/sitio\\\/\",\"name\":\"Universidad de las Artes\",\"description\":\"Sitio oficial de la Universidad Nacional de las Artes del Ecuador\",\"publisher\":{\"@id\":\"https:\\\/\\\/www.uartes.edu.ec\\\/sitio\\\/#organization\"},\"potentialAction\":[{\"@type\":\"SearchAction\",\"target\":{\"@type\":\"EntryPoint\",\"urlTemplate\":\"https:\\\/\\\/www.uartes.edu.ec\\\/sitio\\\/?s={search_term_string}\"},\"query-input\":{\"@type\":\"PropertyValueSpecification\",\"valueRequired\":true,\"valueName\":\"search_term_string\"}}],\"inLanguage\":\"es\"},{\"@type\":\"Organization\",\"@id\":\"https:\\\/\\\/www.uartes.edu.ec\\\/sitio\\\/#organization\",\"name\":\"Universidad de las Artes\",\"url\":\"https:\\\/\\\/www.uartes.edu.ec\\\/sitio\\\/\",\"logo\":{\"@type\":\"ImageObject\",\"inLanguage\":\"es\",\"@id\":\"https:\\\/\\\/www.uartes.edu.ec\\\/sitio\\\/#\\\/schema\\\/logo\\\/image\\\/\",\"url\":\"https:\\\/\\\/www.uartes.edu.ec\\\/sitio\\\/wp-content\\\/uploads\\\/2022\\\/07\\\/logo-ua-horizontal.png\",\"contentUrl\":\"https:\\\/\\\/www.uartes.edu.ec\\\/sitio\\\/wp-content\\\/uploads\\\/2022\\\/07\\\/logo-ua-horizontal.png\",\"width\":800,\"height\":276,\"caption\":\"Universidad de las Artes\"},\"image\":{\"@id\":\"https:\\\/\\\/www.uartes.edu.ec\\\/sitio\\\/#\\\/schema\\\/logo\\\/image\\\/\"},\"sameAs\":[\"https:\\\/\\\/www.facebook.com\\\/uartesec\",\"https:\\\/\\\/x.com\\\/uartesec\",\"https:\\\/\\\/www.tiktok.com\\\/@uartesec\"]},{\"@type\":\"Person\",\"@id\":\"https:\\\/\\\/www.uartes.edu.ec\\\/sitio\\\/#\\\/schema\\\/person\\\/f33f8c1d2af0d5c80a38c8abf458184a\",\"name\":\"Universidad de las Artes\",\"image\":{\"@type\":\"ImageObject\",\"inLanguage\":\"es\",\"@id\":\"https:\\\/\\\/secure.gravatar.com\\\/avatar\\\/52e4757902f5cfa5ac52d020e5be83cae5487519154b6c35482fe08d589f3c13?s=96&d=mm&r=g\",\"url\":\"https:\\\/\\\/secure.gravatar.com\\\/avatar\\\/52e4757902f5cfa5ac52d020e5be83cae5487519154b6c35482fe08d589f3c13?s=96&d=mm&r=g\",\"contentUrl\":\"https:\\\/\\\/secure.gravatar.com\\\/avatar\\\/52e4757902f5cfa5ac52d020e5be83cae5487519154b6c35482fe08d589f3c13?s=96&d=mm&r=g\",\"caption\":\"Universidad de las Artes\"},\"url\":\"https:\\\/\\\/www.uartes.edu.ec\\\/sitio\\\/blog\\\/author\\\/dircomadm\\\/\"}]}<\/script>\n<!-- \/ Yoast SEO plugin. -->","yoast_head_json":{"title":"Universidad de las Artes - Festival EDOC programa diez d\u00edas de cine documental en Guayaquil","description":"Universidad de las Artes - Festival EDOC programa diez d\u00edas de cine documental en Guayaquil","robots":{"index":"index","follow":"follow","max-snippet":"max-snippet:-1","max-image-preview":"max-image-preview:large","max-video-preview":"max-video-preview:-1"},"canonical":"https:\/\/www.uartes.edu.ec\/sitio\/blog\/2018\/05\/08\/festival-edoc-programa-diez-dias-de-cine-documental-en-guayaquil\/","og_locale":"es_ES","og_type":"article","og_title":"Universidad de las Artes - Festival EDOC programa diez d\u00edas de cine documental en Guayaquil","og_description":"Universidad de las Artes - Festival EDOC programa diez d\u00edas de cine documental en Guayaquil","og_url":"https:\/\/www.uartes.edu.ec\/sitio\/blog\/2018\/05\/08\/festival-edoc-programa-diez-dias-de-cine-documental-en-guayaquil\/","og_site_name":"Universidad de las Artes","article_publisher":"https:\/\/www.facebook.com\/uartesec","article_published_time":"2018-05-08T21:20:27+00:00","article_modified_time":"2024-07-04T16:53:50+00:00","author":"Universidad de las Artes","twitter_card":"summary_large_image","twitter_creator":"@uartesec","twitter_site":"@uartesec","twitter_misc":{"Escrito por":"Universidad de las Artes","Tiempo de lectura":"2 minutos"},"schema":{"@context":"https:\/\/schema.org","@graph":[{"@type":"Article","@id":"https:\/\/www.uartes.edu.ec\/sitio\/blog\/2018\/05\/08\/festival-edoc-programa-diez-dias-de-cine-documental-en-guayaquil\/#article","isPartOf":{"@id":"https:\/\/www.uartes.edu.ec\/sitio\/blog\/2018\/05\/08\/festival-edoc-programa-diez-dias-de-cine-documental-en-guayaquil\/"},"author":{"name":"Universidad de las Artes","@id":"https:\/\/www.uartes.edu.ec\/sitio\/#\/schema\/person\/f33f8c1d2af0d5c80a38c8abf458184a"},"headline":"Festival EDOC programa diez d\u00edas de cine documental en Guayaquil","datePublished":"2018-05-08T21:20:27+00:00","dateModified":"2024-07-04T16:53:50+00:00","mainEntityOfPage":{"@id":"https:\/\/www.uartes.edu.ec\/sitio\/blog\/2018\/05\/08\/festival-edoc-programa-diez-dias-de-cine-documental-en-guayaquil\/"},"wordCount":324,"publisher":{"@id":"https:\/\/www.uartes.edu.ec\/sitio\/#organization"},"image":{"@id":"https:\/\/www.uartes.edu.ec\/sitio\/blog\/2018\/05\/08\/festival-edoc-programa-diez-dias-de-cine-documental-en-guayaquil\/#primaryimage"},"thumbnailUrl":"","keywords":["edoc"],"articleSection":["Artes"],"inLanguage":"es"},{"@type":["WebPage","ItemPage"],"@id":"https:\/\/www.uartes.edu.ec\/sitio\/blog\/2018\/05\/08\/festival-edoc-programa-diez-dias-de-cine-documental-en-guayaquil\/","url":"https:\/\/www.uartes.edu.ec\/sitio\/blog\/2018\/05\/08\/festival-edoc-programa-diez-dias-de-cine-documental-en-guayaquil\/","name":"Universidad de las Artes - Festival EDOC programa diez d\u00edas de cine documental en Guayaquil","isPartOf":{"@id":"https:\/\/www.uartes.edu.ec\/sitio\/#website"},"primaryImageOfPage":{"@id":"https:\/\/www.uartes.edu.ec\/sitio\/blog\/2018\/05\/08\/festival-edoc-programa-diez-dias-de-cine-documental-en-guayaquil\/#primaryimage"},"image":{"@id":"https:\/\/www.uartes.edu.ec\/sitio\/blog\/2018\/05\/08\/festival-edoc-programa-diez-dias-de-cine-documental-en-guayaquil\/#primaryimage"},"thumbnailUrl":"","datePublished":"2018-05-08T21:20:27+00:00","dateModified":"2024-07-04T16:53:50+00:00","description":"Universidad de las Artes - Festival EDOC programa diez d\u00edas de cine documental en Guayaquil","breadcrumb":{"@id":"https:\/\/www.uartes.edu.ec\/sitio\/blog\/2018\/05\/08\/festival-edoc-programa-diez-dias-de-cine-documental-en-guayaquil\/#breadcrumb"},"inLanguage":"es","potentialAction":[{"@type":"ReadAction","target":["https:\/\/www.uartes.edu.ec\/sitio\/blog\/2018\/05\/08\/festival-edoc-programa-diez-dias-de-cine-documental-en-guayaquil\/"]}]},{"@type":"ImageObject","inLanguage":"es","@id":"https:\/\/www.uartes.edu.ec\/sitio\/blog\/2018\/05\/08\/festival-edoc-programa-diez-dias-de-cine-documental-en-guayaquil\/#primaryimage","url":"","contentUrl":""},{"@type":"BreadcrumbList","@id":"https:\/\/www.uartes.edu.ec\/sitio\/blog\/2018\/05\/08\/festival-edoc-programa-diez-dias-de-cine-documental-en-guayaquil\/#breadcrumb","itemListElement":[{"@type":"ListItem","position":1,"name":"Inicio","item":"https:\/\/www.uartes.edu.ec\/sitio\/"},{"@type":"ListItem","position":2,"name":"Festival EDOC programa diez d\u00edas de cine documental en Guayaquil"}]},{"@type":"WebSite","@id":"https:\/\/www.uartes.edu.ec\/sitio\/#website","url":"https:\/\/www.uartes.edu.ec\/sitio\/","name":"Universidad de las Artes","description":"Sitio oficial de la Universidad Nacional de las Artes del Ecuador","publisher":{"@id":"https:\/\/www.uartes.edu.ec\/sitio\/#organization"},"potentialAction":[{"@type":"SearchAction","target":{"@type":"EntryPoint","urlTemplate":"https:\/\/www.uartes.edu.ec\/sitio\/?s={search_term_string}"},"query-input":{"@type":"PropertyValueSpecification","valueRequired":true,"valueName":"search_term_string"}}],"inLanguage":"es"},{"@type":"Organization","@id":"https:\/\/www.uartes.edu.ec\/sitio\/#organization","name":"Universidad de las Artes","url":"https:\/\/www.uartes.edu.ec\/sitio\/","logo":{"@type":"ImageObject","inLanguage":"es","@id":"https:\/\/www.uartes.edu.ec\/sitio\/#\/schema\/logo\/image\/","url":"https:\/\/www.uartes.edu.ec\/sitio\/wp-content\/uploads\/2022\/07\/logo-ua-horizontal.png","contentUrl":"https:\/\/www.uartes.edu.ec\/sitio\/wp-content\/uploads\/2022\/07\/logo-ua-horizontal.png","width":800,"height":276,"caption":"Universidad de las Artes"},"image":{"@id":"https:\/\/www.uartes.edu.ec\/sitio\/#\/schema\/logo\/image\/"},"sameAs":["https:\/\/www.facebook.com\/uartesec","https:\/\/x.com\/uartesec","https:\/\/www.tiktok.com\/@uartesec"]},{"@type":"Person","@id":"https:\/\/www.uartes.edu.ec\/sitio\/#\/schema\/person\/f33f8c1d2af0d5c80a38c8abf458184a","name":"Universidad de las Artes","image":{"@type":"ImageObject","inLanguage":"es","@id":"https:\/\/secure.gravatar.com\/avatar\/52e4757902f5cfa5ac52d020e5be83cae5487519154b6c35482fe08d589f3c13?s=96&d=mm&r=g","url":"https:\/\/secure.gravatar.com\/avatar\/52e4757902f5cfa5ac52d020e5be83cae5487519154b6c35482fe08d589f3c13?s=96&d=mm&r=g","contentUrl":"https:\/\/secure.gravatar.com\/avatar\/52e4757902f5cfa5ac52d020e5be83cae5487519154b6c35482fe08d589f3c13?s=96&d=mm&r=g","caption":"Universidad de las Artes"},"url":"https:\/\/www.uartes.edu.ec\/sitio\/blog\/author\/dircomadm\/"}]}},"uagb_featured_image_src":{"full":false,"thumbnail":false,"medium":false,"medium_large":false,"large":false,"1536x1536":false,"2048x2048":false,"trp-custom-language-flag":false,"htmega_size_585x295":false,"htmega_size_1170x536":false,"htmega_size_396x360":false,"gb-block-post-grid-landscape":false,"gb-block-post-grid-square":false,"university-hub-thumb":false},"uagb_author_info":{"display_name":"Universidad de las Artes","author_link":"https:\/\/www.uartes.edu.ec\/sitio\/blog\/author\/dircomadm\/"},"uagb_comment_info":0,"uagb_excerpt":"138 pel\u00edculas de 45 pa\u00edses se proyectar\u00e1n en la XVII edici\u00f3n del Festival Internacional de Cine Documental, Encuentros del Otro Cine \u2013 EDOC, 2018. Esta edici\u00f3n se realizar\u00e1 del 9 al 20 de mayo y contar\u00e1 a las ciudades de Quito, Cotacahi y Guayaquil como sedes del encuentro. El Festival EDOC rendir\u00e1 homenaje al reconocido&hellip;","featured_image_src":null,"featured_image_src_square":null,"author_info":{"display_name":"Universidad de las Artes","author_link":"https:\/\/www.uartes.edu.ec\/sitio\/blog\/author\/dircomadm\/"},"publishpress_future_workflow_manual_trigger":{"enabledWorkflows":[]},"distributor_meta":false,"distributor_terms":false,"distributor_media":false,"distributor_original_site_name":"Universidad de las Artes","distributor_original_site_url":"https:\/\/www.uartes.edu.ec\/sitio","push-errors":false,"_links":{"self":[{"href":"https:\/\/www.uartes.edu.ec\/sitio\/wp-json\/wp\/v2\/posts\/1523","targetHints":{"allow":["GET"]}}],"collection":[{"href":"https:\/\/www.uartes.edu.ec\/sitio\/wp-json\/wp\/v2\/posts"}],"about":[{"href":"https:\/\/www.uartes.edu.ec\/sitio\/wp-json\/wp\/v2\/types\/post"}],"author":[{"embeddable":true,"href":"https:\/\/www.uartes.edu.ec\/sitio\/wp-json\/wp\/v2\/users\/1"}],"replies":[{"embeddable":true,"href":"https:\/\/www.uartes.edu.ec\/sitio\/wp-json\/wp\/v2\/comments?post=1523"}],"version-history":[{"count":1,"href":"https:\/\/www.uartes.edu.ec\/sitio\/wp-json\/wp\/v2\/posts\/1523\/revisions"}],"predecessor-version":[{"id":3387,"href":"https:\/\/www.uartes.edu.ec\/sitio\/wp-json\/wp\/v2\/posts\/1523\/revisions\/3387"}],"wp:featuredmedia":[{"embeddable":true,"href":"https:\/\/www.uartes.edu.ec\/sitio\/wp-json\/"}],"wp:attachment":[{"href":"https:\/\/www.uartes.edu.ec\/sitio\/wp-json\/wp\/v2\/media?parent=1523"}],"wp:term":[{"taxonomy":"category","embeddable":true,"href":"https:\/\/www.uartes.edu.ec\/sitio\/wp-json\/wp\/v2\/categories?post=1523"},{"taxonomy":"post_tag","embeddable":true,"href":"https:\/\/www.uartes.edu.ec\/sitio\/wp-json\/wp\/v2\/tags?post=1523"},{"taxonomy":"infouartes","embeddable":true,"href":"https:\/\/www.uartes.edu.ec\/sitio\/wp-json\/wp\/v2\/infouartes?post=1523"}],"curies":[{"name":"wp","href":"https:\/\/api.w.org\/{rel}","templated":true}]}}