{"id":15282,"date":"2021-08-05T16:26:00","date_gmt":"2021-08-05T21:26:00","guid":{"rendered":"http:\/\/www.uartes.edu.ec\/sitio\/?p=15282"},"modified":"2024-07-04T11:26:02","modified_gmt":"2024-07-04T16:26:02","slug":"firma-de-convenio-uartes-y-alcaldia-de-duran-evidencia-relacionamiento-con-gad-municipales","status":"publish","type":"post","link":"https:\/\/www.uartes.edu.ec\/sitio\/blog\/2021\/08\/04\/firma-de-convenio-uartes-y-alcaldia-de-duran-evidencia-relacionamiento-con-gad-municipales\/","title":{"rendered":"Firma de convenio UArtes y Alcald\u00eda de Dur\u00e1n evidencia relacionamiento con GAD Municipales"},"content":{"rendered":"\n<p>Primero fue <em>Entre paralelas, <\/em>exposici\u00f3n que la artista Silvia Quezada, licenciada en Artes Visuales por la Universidad de las Artes, inaugur\u00f3 en agosto de 2020<em>.<\/em> Luego, <em>Confluencias: Al otro lado del r\u00edo,<\/em>&nbsp;una muestra colectiva en la que intervinieron ocho artistas, entre estudiantes y egresados de la misma escuela de la UArtes, y que se mantuvo abierta hasta septiembre del a\u00f1o pasado. Le sigui\u00f3 <em>Entre el arte y la memoria de Dur\u00e1n,<\/em> que incluy\u00f3 fotograf\u00edas y elementos ferroviarios de los habitantes del cant\u00f3n. Ahora se presenta <em>A Nuestros H\u00e9roes de la Pandemia<\/em>, un trabajo art\u00edstico que desde mayo de 2021 vienen realizando alumnos de nuestra instituci\u00f3n de educaci\u00f3n superior.<\/p>\n\n\n\n<p>El escenario es Dur\u00e1n, cant\u00f3n de la provincia del Guayas reconocido por la Unesco, en el 2015, como Ciudad Creativa, cuyas autoridades han apoyado a los estudiantes y titulados de la Universidad de las Artes brindando lugares d\u00f3nde ejecutar propuestas que buscan fomentar la cultura y el conocimiento, que invitan a reflexionar sobre los espacios patrimoniales y la memoria colectiva y que estrechan lazos entre artistas, ideas creativas y comunidad.<\/p>\n\n\n\n<p>En este 2021, la UArtes formaliza y consolida su presencia en Dur\u00e1n con la suscripci\u00f3n de un convenio de Cooperaci\u00f3n Interinstitucional, que tendr\u00e1 lugar este viernes 6 de agosto, a las 14:00. Intervienen su alcalde, Econ. Dalton Narv\u00e1ez, y el rector de la Universidad de las Artes, Dr. William Herrera PhD.<\/p>\n\n\n\n<p>La firma entre la UArtes y el Municipio de Dur\u00e1n evidencia el trabajo de relacionamiento territorial que nuestra instituci\u00f3n ha desarrollado con los Gobiernos Aut\u00f3nomos Descentralizados (GAD) Municipales. En el vecino cant\u00f3n guayasense se origin\u00f3 al calor de las propuestas que nuestros estudiantes y egresados llevaron a sus autoridades. Jos\u00e9 Luis Zavala y Silvia Quezada hicieron los primeros contactos para desarrollar en espacios p\u00fablicos muestras de arte contempor\u00e1neo y pl\u00e1stico. Uno de los sitios expositivos que se habilit\u00f3 es la Biblioteca Municipal Rosa Pazmi\u00f1o de Guevara.<\/p>\n\n\n\n<p>Los licenciados en Artes Visuales, Jos\u00e9 Luis Zavala (desde su Centro Cultural Estruendo) y Silvia Quezada (desde el espacio virtual Tarpuk) han gestionado, adem\u00e1s de los espacios para exposiciones, talleres e incluso residencias en Dur\u00e1n. Contaron con el apoyo del Alcalde de Dur\u00e1n, Econ. Dalton Narv\u00e1ez, y del entonces director de Turismo, Cultura y Patrimonio, Roberto N\u00fa\u00f1ez. As\u00ed, junto con las muestras detalladas al inicio de este texto, se han realizado otras como <em>Utop\u00eda fallida,<\/em> de Jos\u00e9 Mor\u00e1n, y <em>Percepciones,<\/em> que actualmente se exhibe y en el que intervienen los artistas Carla Moncayo, Danica Uscocovich, Demetrio Sober\u00f3n, Jorge Paz y Ronny Pita, alumno de la UArtes.<\/p>\n\n\n\n<p>La Direcci\u00f3n de Asuntos Estudiantiles y de Comunidad Universitaria estableci\u00f3, asimismo desde el a\u00f1o pasado, una relaci\u00f3n interinstitucional para el desarrollo de proyectos conjuntos y el GAD de Dur\u00e1n propuso la realizaci\u00f3n de tres: el mural pict\u00f3rico <em>A Nuestros H\u00e9roes de la Pandemia; <\/em>la activaci\u00f3n art\u00edstica <em>Estruendos art\u00edsticos,<\/em> mediante la plataforma virtual institucional; y, un proyecto curatorial de arte contempor\u00e1neo, con la intervenci\u00f3n de alumnos y egresados UArtes.<\/p>\n\n\n\n<p>Plante\u00f3, adem\u00e1s, la ejecuci\u00f3n de propuestas comunitarias, como talleres, cineclub y producci\u00f3n audiovisual, para las cuales asum\u00eda la log\u00edstica, la infraestructura y el personal de apoyo. La Secretar\u00eda y Direcci\u00f3n de Vinculaci\u00f3n con la Sociedad de la Universidad de las Artes sugirieron entonces que el acuerdo de cooperaci\u00f3n sea ampliado.<\/p>\n\n\n\n<p>Con fecha 30 de julio de 2021, el Secretario de Vinculaci\u00f3n con la Sociedad de la UArtes, MSc. Javier Garc\u00eda, mantuvo una reuni\u00f3n de coordinaci\u00f3n con el MSc. Roberto N\u00fa\u00f1ez, director General de Desarrollo de la Comunidad, para orientar y ampliar el enfoque de la relaci\u00f3n interinstitucional, lo cual conlleva a la firma del convenio.<\/p>\n\n\n\n<p>Cabe indicar que tambi\u00e9n este viernes 6 de agosto se invitar\u00e1 a las autoridades firmantes del convenio a recorrer la muestra <em>Percepciones<\/em>. &nbsp;<\/p>\n","protected":false},"excerpt":{"rendered":"<p>En este 2021, la UArtes formaliza y consolida su presencia en Dur\u00e1n con la suscripci\u00f3n de un convenio de Cooperaci\u00f3n Interinstitucional, que tendr\u00e1 lugar este viernes 6 de agosto, a las 14:00. Intervienen su alcalde, Econ. Dalton Narv\u00e1ez, y el rector de la Universidad de las Artes, Dr. William Herrera PhD.<\/p>\n","protected":false},"author":10,"featured_media":15360,"comment_status":"open","ping_status":"open","sticky":false,"template":"","format":"standard","meta":{"_acf_changed":false,"_uag_custom_page_level_css":"","_monsterinsights_skip_tracking":false,"_monsterinsights_sitenote_active":false,"_monsterinsights_sitenote_note":"","_monsterinsights_sitenote_category":0,"cybocfi_hide_featured_image":"","footnotes":""},"categories":[77,84,79],"tags":[405],"infouartes":[],"class_list":["post-15282","post","type-post","status-publish","format-standard","has-post-thumbnail","hentry","category-gestion","category-rectorado","category-vinculo","tag-william-herrera"],"acf":[],"yoast_head":"<!-- This site is optimized with the Yoast SEO plugin v27.4 - https:\/\/yoast.com\/product\/yoast-seo-wordpress\/ -->\n<title>Universidad de las Artes - Firma de convenio UArtes y Alcald\u00eda de Dur\u00e1n evidencia relacionamiento con GAD Municipales<\/title>\n<meta name=\"description\" content=\"Universidad de las Artes - Firma de convenio UArtes y Alcald\u00eda de Dur\u00e1n evidencia relacionamiento con GAD Municipales\" \/>\n<meta name=\"robots\" content=\"index, follow, max-snippet:-1, max-image-preview:large, max-video-preview:-1\" \/>\n<link rel=\"canonical\" href=\"https:\/\/www.uartes.edu.ec\/sitio\/blog\/2021\/08\/04\/firma-de-convenio-uartes-y-alcaldia-de-duran-evidencia-relacionamiento-con-gad-municipales\/\" \/>\n<meta property=\"og:locale\" content=\"es_ES\" \/>\n<meta property=\"og:type\" content=\"article\" \/>\n<meta property=\"og:title\" content=\"Universidad de las Artes - Firma de convenio UArtes y Alcald\u00eda de Dur\u00e1n evidencia relacionamiento con GAD Municipales\" \/>\n<meta property=\"og:description\" content=\"Universidad de las Artes - Firma de convenio UArtes y Alcald\u00eda de Dur\u00e1n evidencia relacionamiento con GAD Municipales\" \/>\n<meta property=\"og:url\" content=\"https:\/\/www.uartes.edu.ec\/sitio\/blog\/2021\/08\/04\/firma-de-convenio-uartes-y-alcaldia-de-duran-evidencia-relacionamiento-con-gad-municipales\/\" \/>\n<meta property=\"og:site_name\" content=\"Universidad de las Artes\" \/>\n<meta property=\"article:publisher\" content=\"https:\/\/www.facebook.com\/uartesec\" \/>\n<meta property=\"article:published_time\" content=\"2021-08-05T21:26:00+00:00\" \/>\n<meta property=\"article:modified_time\" content=\"2024-07-04T16:26:02+00:00\" \/>\n<meta property=\"og:image\" content=\"https:\/\/www.uartes.edu.ec\/sitio\/wp-content\/uploads\/2021\/08\/entre-paralelas-silvia-quezada.jpg\" \/>\n\t<meta property=\"og:image:width\" content=\"2000\" \/>\n\t<meta property=\"og:image:height\" content=\"1333\" \/>\n\t<meta property=\"og:image:type\" content=\"image\/jpeg\" \/>\n<meta name=\"author\" content=\"ccortez\" \/>\n<meta name=\"twitter:card\" content=\"summary_large_image\" \/>\n<meta name=\"twitter:creator\" content=\"@uartesec\" \/>\n<meta name=\"twitter:site\" content=\"@uartesec\" \/>\n<meta name=\"twitter:label1\" content=\"Escrito por\" \/>\n\t<meta name=\"twitter:data1\" content=\"ccortez\" \/>\n\t<meta name=\"twitter:label2\" content=\"Tiempo de lectura\" \/>\n\t<meta name=\"twitter:data2\" content=\"3 minutos\" \/>\n<script type=\"application\/ld+json\" class=\"yoast-schema-graph\">{\"@context\":\"https:\\\/\\\/schema.org\",\"@graph\":[{\"@type\":\"Article\",\"@id\":\"https:\\\/\\\/www.uartes.edu.ec\\\/sitio\\\/blog\\\/2021\\\/08\\\/04\\\/firma-de-convenio-uartes-y-alcaldia-de-duran-evidencia-relacionamiento-con-gad-municipales\\\/#article\",\"isPartOf\":{\"@id\":\"https:\\\/\\\/www.uartes.edu.ec\\\/sitio\\\/blog\\\/2021\\\/08\\\/04\\\/firma-de-convenio-uartes-y-alcaldia-de-duran-evidencia-relacionamiento-con-gad-municipales\\\/\"},\"author\":{\"name\":\"ccortez\",\"@id\":\"https:\\\/\\\/www.uartes.edu.ec\\\/sitio\\\/#\\\/schema\\\/person\\\/efa1b8275797664fd7f13a79ccc0b1f4\"},\"headline\":\"Firma de convenio UArtes y Alcald\u00eda de Dur\u00e1n evidencia relacionamiento con GAD Municipales\",\"datePublished\":\"2021-08-05T21:26:00+00:00\",\"dateModified\":\"2024-07-04T16:26:02+00:00\",\"mainEntityOfPage\":{\"@id\":\"https:\\\/\\\/www.uartes.edu.ec\\\/sitio\\\/blog\\\/2021\\\/08\\\/04\\\/firma-de-convenio-uartes-y-alcaldia-de-duran-evidencia-relacionamiento-con-gad-municipales\\\/\"},\"wordCount\":686,\"commentCount\":0,\"publisher\":{\"@id\":\"https:\\\/\\\/www.uartes.edu.ec\\\/sitio\\\/#organization\"},\"image\":{\"@id\":\"https:\\\/\\\/www.uartes.edu.ec\\\/sitio\\\/blog\\\/2021\\\/08\\\/04\\\/firma-de-convenio-uartes-y-alcaldia-de-duran-evidencia-relacionamiento-con-gad-municipales\\\/#primaryimage\"},\"thumbnailUrl\":\"https:\\\/\\\/www.uartes.edu.ec\\\/sitio\\\/wp-content\\\/uploads\\\/2021\\\/08\\\/entre-paralelas-silvia-quezada.jpg\",\"keywords\":[\"William Herrera\"],\"articleSection\":[\"Gesti\u00f3n\",\"Rectorado\",\"V\u00ednculo\"],\"inLanguage\":\"es\",\"potentialAction\":[{\"@type\":\"CommentAction\",\"name\":\"Comment\",\"target\":[\"https:\\\/\\\/www.uartes.edu.ec\\\/sitio\\\/blog\\\/2021\\\/08\\\/04\\\/firma-de-convenio-uartes-y-alcaldia-de-duran-evidencia-relacionamiento-con-gad-municipales\\\/#respond\"]}]},{\"@type\":[\"WebPage\",\"ItemPage\"],\"@id\":\"https:\\\/\\\/www.uartes.edu.ec\\\/sitio\\\/blog\\\/2021\\\/08\\\/04\\\/firma-de-convenio-uartes-y-alcaldia-de-duran-evidencia-relacionamiento-con-gad-municipales\\\/\",\"url\":\"https:\\\/\\\/www.uartes.edu.ec\\\/sitio\\\/blog\\\/2021\\\/08\\\/04\\\/firma-de-convenio-uartes-y-alcaldia-de-duran-evidencia-relacionamiento-con-gad-municipales\\\/\",\"name\":\"Universidad de las Artes - Firma de convenio UArtes y Alcald\u00eda de Dur\u00e1n evidencia relacionamiento con GAD Municipales\",\"isPartOf\":{\"@id\":\"https:\\\/\\\/www.uartes.edu.ec\\\/sitio\\\/#website\"},\"primaryImageOfPage\":{\"@id\":\"https:\\\/\\\/www.uartes.edu.ec\\\/sitio\\\/blog\\\/2021\\\/08\\\/04\\\/firma-de-convenio-uartes-y-alcaldia-de-duran-evidencia-relacionamiento-con-gad-municipales\\\/#primaryimage\"},\"image\":{\"@id\":\"https:\\\/\\\/www.uartes.edu.ec\\\/sitio\\\/blog\\\/2021\\\/08\\\/04\\\/firma-de-convenio-uartes-y-alcaldia-de-duran-evidencia-relacionamiento-con-gad-municipales\\\/#primaryimage\"},\"thumbnailUrl\":\"https:\\\/\\\/www.uartes.edu.ec\\\/sitio\\\/wp-content\\\/uploads\\\/2021\\\/08\\\/entre-paralelas-silvia-quezada.jpg\",\"datePublished\":\"2021-08-05T21:26:00+00:00\",\"dateModified\":\"2024-07-04T16:26:02+00:00\",\"description\":\"Universidad de las Artes - Firma de convenio UArtes y Alcald\u00eda de Dur\u00e1n evidencia relacionamiento con GAD Municipales\",\"breadcrumb\":{\"@id\":\"https:\\\/\\\/www.uartes.edu.ec\\\/sitio\\\/blog\\\/2021\\\/08\\\/04\\\/firma-de-convenio-uartes-y-alcaldia-de-duran-evidencia-relacionamiento-con-gad-municipales\\\/#breadcrumb\"},\"inLanguage\":\"es\",\"potentialAction\":[{\"@type\":\"ReadAction\",\"target\":[\"https:\\\/\\\/www.uartes.edu.ec\\\/sitio\\\/blog\\\/2021\\\/08\\\/04\\\/firma-de-convenio-uartes-y-alcaldia-de-duran-evidencia-relacionamiento-con-gad-municipales\\\/\"]}]},{\"@type\":\"ImageObject\",\"inLanguage\":\"es\",\"@id\":\"https:\\\/\\\/www.uartes.edu.ec\\\/sitio\\\/blog\\\/2021\\\/08\\\/04\\\/firma-de-convenio-uartes-y-alcaldia-de-duran-evidencia-relacionamiento-con-gad-municipales\\\/#primaryimage\",\"url\":\"https:\\\/\\\/www.uartes.edu.ec\\\/sitio\\\/wp-content\\\/uploads\\\/2021\\\/08\\\/entre-paralelas-silvia-quezada.jpg\",\"contentUrl\":\"https:\\\/\\\/www.uartes.edu.ec\\\/sitio\\\/wp-content\\\/uploads\\\/2021\\\/08\\\/entre-paralelas-silvia-quezada.jpg\",\"width\":2000,\"height\":1333},{\"@type\":\"BreadcrumbList\",\"@id\":\"https:\\\/\\\/www.uartes.edu.ec\\\/sitio\\\/blog\\\/2021\\\/08\\\/04\\\/firma-de-convenio-uartes-y-alcaldia-de-duran-evidencia-relacionamiento-con-gad-municipales\\\/#breadcrumb\",\"itemListElement\":[{\"@type\":\"ListItem\",\"position\":1,\"name\":\"Inicio\",\"item\":\"https:\\\/\\\/www.uartes.edu.ec\\\/sitio\\\/\"},{\"@type\":\"ListItem\",\"position\":2,\"name\":\"Firma de convenio UArtes y Alcald\u00eda de Dur\u00e1n evidencia relacionamiento con GAD Municipales\"}]},{\"@type\":\"WebSite\",\"@id\":\"https:\\\/\\\/www.uartes.edu.ec\\\/sitio\\\/#website\",\"url\":\"https:\\\/\\\/www.uartes.edu.ec\\\/sitio\\\/\",\"name\":\"Universidad de las Artes\",\"description\":\"Sitio oficial de la Universidad Nacional de las Artes del Ecuador\",\"publisher\":{\"@id\":\"https:\\\/\\\/www.uartes.edu.ec\\\/sitio\\\/#organization\"},\"potentialAction\":[{\"@type\":\"SearchAction\",\"target\":{\"@type\":\"EntryPoint\",\"urlTemplate\":\"https:\\\/\\\/www.uartes.edu.ec\\\/sitio\\\/?s={search_term_string}\"},\"query-input\":{\"@type\":\"PropertyValueSpecification\",\"valueRequired\":true,\"valueName\":\"search_term_string\"}}],\"inLanguage\":\"es\"},{\"@type\":\"Organization\",\"@id\":\"https:\\\/\\\/www.uartes.edu.ec\\\/sitio\\\/#organization\",\"name\":\"Universidad de las Artes\",\"url\":\"https:\\\/\\\/www.uartes.edu.ec\\\/sitio\\\/\",\"logo\":{\"@type\":\"ImageObject\",\"inLanguage\":\"es\",\"@id\":\"https:\\\/\\\/www.uartes.edu.ec\\\/sitio\\\/#\\\/schema\\\/logo\\\/image\\\/\",\"url\":\"https:\\\/\\\/www.uartes.edu.ec\\\/sitio\\\/wp-content\\\/uploads\\\/2022\\\/07\\\/logo-ua-horizontal.png\",\"contentUrl\":\"https:\\\/\\\/www.uartes.edu.ec\\\/sitio\\\/wp-content\\\/uploads\\\/2022\\\/07\\\/logo-ua-horizontal.png\",\"width\":800,\"height\":276,\"caption\":\"Universidad de las Artes\"},\"image\":{\"@id\":\"https:\\\/\\\/www.uartes.edu.ec\\\/sitio\\\/#\\\/schema\\\/logo\\\/image\\\/\"},\"sameAs\":[\"https:\\\/\\\/www.facebook.com\\\/uartesec\",\"https:\\\/\\\/x.com\\\/uartesec\",\"https:\\\/\\\/www.tiktok.com\\\/@uartesec\"]},{\"@type\":\"Person\",\"@id\":\"https:\\\/\\\/www.uartes.edu.ec\\\/sitio\\\/#\\\/schema\\\/person\\\/efa1b8275797664fd7f13a79ccc0b1f4\",\"name\":\"ccortez\",\"image\":{\"@type\":\"ImageObject\",\"inLanguage\":\"es\",\"@id\":\"https:\\\/\\\/secure.gravatar.com\\\/avatar\\\/b2a6f664a3ae8e074346ef91775736c5ec479e637ecced6842de9dc98b5da9cd?s=96&d=mm&r=g\",\"url\":\"https:\\\/\\\/secure.gravatar.com\\\/avatar\\\/b2a6f664a3ae8e074346ef91775736c5ec479e637ecced6842de9dc98b5da9cd?s=96&d=mm&r=g\",\"contentUrl\":\"https:\\\/\\\/secure.gravatar.com\\\/avatar\\\/b2a6f664a3ae8e074346ef91775736c5ec479e637ecced6842de9dc98b5da9cd?s=96&d=mm&r=g\",\"caption\":\"ccortez\"},\"url\":\"https:\\\/\\\/www.uartes.edu.ec\\\/sitio\\\/blog\\\/author\\\/ccortez\\\/\"}]}<\/script>\n<!-- \/ Yoast SEO plugin. -->","yoast_head_json":{"title":"Universidad de las Artes - Firma de convenio UArtes y Alcald\u00eda de Dur\u00e1n evidencia relacionamiento con GAD Municipales","description":"Universidad de las Artes - Firma de convenio UArtes y Alcald\u00eda de Dur\u00e1n evidencia relacionamiento con GAD Municipales","robots":{"index":"index","follow":"follow","max-snippet":"max-snippet:-1","max-image-preview":"max-image-preview:large","max-video-preview":"max-video-preview:-1"},"canonical":"https:\/\/www.uartes.edu.ec\/sitio\/blog\/2021\/08\/04\/firma-de-convenio-uartes-y-alcaldia-de-duran-evidencia-relacionamiento-con-gad-municipales\/","og_locale":"es_ES","og_type":"article","og_title":"Universidad de las Artes - Firma de convenio UArtes y Alcald\u00eda de Dur\u00e1n evidencia relacionamiento con GAD Municipales","og_description":"Universidad de las Artes - Firma de convenio UArtes y Alcald\u00eda de Dur\u00e1n evidencia relacionamiento con GAD Municipales","og_url":"https:\/\/www.uartes.edu.ec\/sitio\/blog\/2021\/08\/04\/firma-de-convenio-uartes-y-alcaldia-de-duran-evidencia-relacionamiento-con-gad-municipales\/","og_site_name":"Universidad de las Artes","article_publisher":"https:\/\/www.facebook.com\/uartesec","article_published_time":"2021-08-05T21:26:00+00:00","article_modified_time":"2024-07-04T16:26:02+00:00","og_image":[{"width":2000,"height":1333,"url":"https:\/\/www.uartes.edu.ec\/sitio\/wp-content\/uploads\/2021\/08\/entre-paralelas-silvia-quezada.jpg","type":"image\/jpeg"}],"author":"ccortez","twitter_card":"summary_large_image","twitter_creator":"@uartesec","twitter_site":"@uartesec","twitter_misc":{"Escrito por":"ccortez","Tiempo de lectura":"3 minutos"},"schema":{"@context":"https:\/\/schema.org","@graph":[{"@type":"Article","@id":"https:\/\/www.uartes.edu.ec\/sitio\/blog\/2021\/08\/04\/firma-de-convenio-uartes-y-alcaldia-de-duran-evidencia-relacionamiento-con-gad-municipales\/#article","isPartOf":{"@id":"https:\/\/www.uartes.edu.ec\/sitio\/blog\/2021\/08\/04\/firma-de-convenio-uartes-y-alcaldia-de-duran-evidencia-relacionamiento-con-gad-municipales\/"},"author":{"name":"ccortez","@id":"https:\/\/www.uartes.edu.ec\/sitio\/#\/schema\/person\/efa1b8275797664fd7f13a79ccc0b1f4"},"headline":"Firma de convenio UArtes y Alcald\u00eda de Dur\u00e1n evidencia relacionamiento con GAD Municipales","datePublished":"2021-08-05T21:26:00+00:00","dateModified":"2024-07-04T16:26:02+00:00","mainEntityOfPage":{"@id":"https:\/\/www.uartes.edu.ec\/sitio\/blog\/2021\/08\/04\/firma-de-convenio-uartes-y-alcaldia-de-duran-evidencia-relacionamiento-con-gad-municipales\/"},"wordCount":686,"commentCount":0,"publisher":{"@id":"https:\/\/www.uartes.edu.ec\/sitio\/#organization"},"image":{"@id":"https:\/\/www.uartes.edu.ec\/sitio\/blog\/2021\/08\/04\/firma-de-convenio-uartes-y-alcaldia-de-duran-evidencia-relacionamiento-con-gad-municipales\/#primaryimage"},"thumbnailUrl":"https:\/\/www.uartes.edu.ec\/sitio\/wp-content\/uploads\/2021\/08\/entre-paralelas-silvia-quezada.jpg","keywords":["William Herrera"],"articleSection":["Gesti\u00f3n","Rectorado","V\u00ednculo"],"inLanguage":"es","potentialAction":[{"@type":"CommentAction","name":"Comment","target":["https:\/\/www.uartes.edu.ec\/sitio\/blog\/2021\/08\/04\/firma-de-convenio-uartes-y-alcaldia-de-duran-evidencia-relacionamiento-con-gad-municipales\/#respond"]}]},{"@type":["WebPage","ItemPage"],"@id":"https:\/\/www.uartes.edu.ec\/sitio\/blog\/2021\/08\/04\/firma-de-convenio-uartes-y-alcaldia-de-duran-evidencia-relacionamiento-con-gad-municipales\/","url":"https:\/\/www.uartes.edu.ec\/sitio\/blog\/2021\/08\/04\/firma-de-convenio-uartes-y-alcaldia-de-duran-evidencia-relacionamiento-con-gad-municipales\/","name":"Universidad de las Artes - Firma de convenio UArtes y Alcald\u00eda de Dur\u00e1n evidencia relacionamiento con GAD Municipales","isPartOf":{"@id":"https:\/\/www.uartes.edu.ec\/sitio\/#website"},"primaryImageOfPage":{"@id":"https:\/\/www.uartes.edu.ec\/sitio\/blog\/2021\/08\/04\/firma-de-convenio-uartes-y-alcaldia-de-duran-evidencia-relacionamiento-con-gad-municipales\/#primaryimage"},"image":{"@id":"https:\/\/www.uartes.edu.ec\/sitio\/blog\/2021\/08\/04\/firma-de-convenio-uartes-y-alcaldia-de-duran-evidencia-relacionamiento-con-gad-municipales\/#primaryimage"},"thumbnailUrl":"https:\/\/www.uartes.edu.ec\/sitio\/wp-content\/uploads\/2021\/08\/entre-paralelas-silvia-quezada.jpg","datePublished":"2021-08-05T21:26:00+00:00","dateModified":"2024-07-04T16:26:02+00:00","description":"Universidad de las Artes - Firma de convenio UArtes y Alcald\u00eda de Dur\u00e1n evidencia relacionamiento con GAD Municipales","breadcrumb":{"@id":"https:\/\/www.uartes.edu.ec\/sitio\/blog\/2021\/08\/04\/firma-de-convenio-uartes-y-alcaldia-de-duran-evidencia-relacionamiento-con-gad-municipales\/#breadcrumb"},"inLanguage":"es","potentialAction":[{"@type":"ReadAction","target":["https:\/\/www.uartes.edu.ec\/sitio\/blog\/2021\/08\/04\/firma-de-convenio-uartes-y-alcaldia-de-duran-evidencia-relacionamiento-con-gad-municipales\/"]}]},{"@type":"ImageObject","inLanguage":"es","@id":"https:\/\/www.uartes.edu.ec\/sitio\/blog\/2021\/08\/04\/firma-de-convenio-uartes-y-alcaldia-de-duran-evidencia-relacionamiento-con-gad-municipales\/#primaryimage","url":"https:\/\/www.uartes.edu.ec\/sitio\/wp-content\/uploads\/2021\/08\/entre-paralelas-silvia-quezada.jpg","contentUrl":"https:\/\/www.uartes.edu.ec\/sitio\/wp-content\/uploads\/2021\/08\/entre-paralelas-silvia-quezada.jpg","width":2000,"height":1333},{"@type":"BreadcrumbList","@id":"https:\/\/www.uartes.edu.ec\/sitio\/blog\/2021\/08\/04\/firma-de-convenio-uartes-y-alcaldia-de-duran-evidencia-relacionamiento-con-gad-municipales\/#breadcrumb","itemListElement":[{"@type":"ListItem","position":1,"name":"Inicio","item":"https:\/\/www.uartes.edu.ec\/sitio\/"},{"@type":"ListItem","position":2,"name":"Firma de convenio UArtes y Alcald\u00eda de Dur\u00e1n evidencia relacionamiento con GAD Municipales"}]},{"@type":"WebSite","@id":"https:\/\/www.uartes.edu.ec\/sitio\/#website","url":"https:\/\/www.uartes.edu.ec\/sitio\/","name":"Universidad de las Artes","description":"Sitio oficial de la Universidad Nacional de las Artes del Ecuador","publisher":{"@id":"https:\/\/www.uartes.edu.ec\/sitio\/#organization"},"potentialAction":[{"@type":"SearchAction","target":{"@type":"EntryPoint","urlTemplate":"https:\/\/www.uartes.edu.ec\/sitio\/?s={search_term_string}"},"query-input":{"@type":"PropertyValueSpecification","valueRequired":true,"valueName":"search_term_string"}}],"inLanguage":"es"},{"@type":"Organization","@id":"https:\/\/www.uartes.edu.ec\/sitio\/#organization","name":"Universidad de las Artes","url":"https:\/\/www.uartes.edu.ec\/sitio\/","logo":{"@type":"ImageObject","inLanguage":"es","@id":"https:\/\/www.uartes.edu.ec\/sitio\/#\/schema\/logo\/image\/","url":"https:\/\/www.uartes.edu.ec\/sitio\/wp-content\/uploads\/2022\/07\/logo-ua-horizontal.png","contentUrl":"https:\/\/www.uartes.edu.ec\/sitio\/wp-content\/uploads\/2022\/07\/logo-ua-horizontal.png","width":800,"height":276,"caption":"Universidad de las Artes"},"image":{"@id":"https:\/\/www.uartes.edu.ec\/sitio\/#\/schema\/logo\/image\/"},"sameAs":["https:\/\/www.facebook.com\/uartesec","https:\/\/x.com\/uartesec","https:\/\/www.tiktok.com\/@uartesec"]},{"@type":"Person","@id":"https:\/\/www.uartes.edu.ec\/sitio\/#\/schema\/person\/efa1b8275797664fd7f13a79ccc0b1f4","name":"ccortez","image":{"@type":"ImageObject","inLanguage":"es","@id":"https:\/\/secure.gravatar.com\/avatar\/b2a6f664a3ae8e074346ef91775736c5ec479e637ecced6842de9dc98b5da9cd?s=96&d=mm&r=g","url":"https:\/\/secure.gravatar.com\/avatar\/b2a6f664a3ae8e074346ef91775736c5ec479e637ecced6842de9dc98b5da9cd?s=96&d=mm&r=g","contentUrl":"https:\/\/secure.gravatar.com\/avatar\/b2a6f664a3ae8e074346ef91775736c5ec479e637ecced6842de9dc98b5da9cd?s=96&d=mm&r=g","caption":"ccortez"},"url":"https:\/\/www.uartes.edu.ec\/sitio\/blog\/author\/ccortez\/"}]}},"uagb_featured_image_src":{"full":["https:\/\/www.uartes.edu.ec\/sitio\/wp-content\/uploads\/2021\/08\/entre-paralelas-silvia-quezada.jpg",2000,1333,false],"thumbnail":["https:\/\/www.uartes.edu.ec\/sitio\/wp-content\/uploads\/2021\/08\/entre-paralelas-silvia-quezada-150x150.jpg",150,150,true],"medium":["https:\/\/www.uartes.edu.ec\/sitio\/wp-content\/uploads\/2021\/08\/entre-paralelas-silvia-quezada-300x200.jpg",300,200,true],"medium_large":["https:\/\/www.uartes.edu.ec\/sitio\/wp-content\/uploads\/2021\/08\/entre-paralelas-silvia-quezada-768x512.jpg",768,512,true],"large":["https:\/\/www.uartes.edu.ec\/sitio\/wp-content\/uploads\/2021\/08\/entre-paralelas-silvia-quezada-644x429.jpg",644,429,true],"1536x1536":["https:\/\/www.uartes.edu.ec\/sitio\/wp-content\/uploads\/2021\/08\/entre-paralelas-silvia-quezada-1536x1024.jpg",1536,1024,true],"2048x2048":["https:\/\/www.uartes.edu.ec\/sitio\/wp-content\/uploads\/2021\/08\/entre-paralelas-silvia-quezada.jpg",2000,1333,false],"trp-custom-language-flag":["https:\/\/www.uartes.edu.ec\/sitio\/wp-content\/uploads\/2021\/08\/entre-paralelas-silvia-quezada-16x12.jpg",16,12,true],"htmega_size_585x295":["https:\/\/www.uartes.edu.ec\/sitio\/wp-content\/uploads\/2021\/08\/entre-paralelas-silvia-quezada-585x295.jpg",585,295,true],"htmega_size_1170x536":["https:\/\/www.uartes.edu.ec\/sitio\/wp-content\/uploads\/2021\/08\/entre-paralelas-silvia-quezada-1170x536.jpg",1170,536,true],"htmega_size_396x360":["https:\/\/www.uartes.edu.ec\/sitio\/wp-content\/uploads\/2021\/08\/entre-paralelas-silvia-quezada-396x360.jpg",396,360,true],"gb-block-post-grid-landscape":["https:\/\/www.uartes.edu.ec\/sitio\/wp-content\/uploads\/2021\/08\/entre-paralelas-silvia-quezada.jpg",600,400,false],"gb-block-post-grid-square":["https:\/\/www.uartes.edu.ec\/sitio\/wp-content\/uploads\/2021\/08\/entre-paralelas-silvia-quezada.jpg",600,400,false],"university-hub-thumb":["https:\/\/www.uartes.edu.ec\/sitio\/wp-content\/uploads\/2021\/08\/entre-paralelas-silvia-quezada-400x267.jpg",400,267,true]},"uagb_author_info":{"display_name":"ccortez","author_link":"https:\/\/www.uartes.edu.ec\/sitio\/blog\/author\/ccortez\/"},"uagb_comment_info":0,"uagb_excerpt":"En este 2021, la UArtes formaliza y consolida su presencia en Dur\u00e1n con la suscripci\u00f3n de un convenio de Cooperaci\u00f3n Interinstitucional, que tendr\u00e1 lugar este viernes 6 de agosto, a las 14:00. Intervienen su alcalde, Econ. Dalton Narv\u00e1ez, y el rector de la Universidad de las Artes, Dr. William Herrera PhD.","featured_image_src":"https:\/\/www.uartes.edu.ec\/sitio\/wp-content\/uploads\/2021\/08\/entre-paralelas-silvia-quezada.jpg","featured_image_src_square":"https:\/\/www.uartes.edu.ec\/sitio\/wp-content\/uploads\/2021\/08\/entre-paralelas-silvia-quezada.jpg","author_info":{"display_name":"ccortez","author_link":"https:\/\/www.uartes.edu.ec\/sitio\/blog\/author\/ccortez\/"},"publishpress_future_workflow_manual_trigger":{"enabledWorkflows":[]},"distributor_meta":false,"distributor_terms":false,"distributor_media":false,"distributor_original_site_name":"Universidad de las Artes","distributor_original_site_url":"https:\/\/www.uartes.edu.ec\/sitio","push-errors":false,"_links":{"self":[{"href":"https:\/\/www.uartes.edu.ec\/sitio\/wp-json\/wp\/v2\/posts\/15282","targetHints":{"allow":["GET"]}}],"collection":[{"href":"https:\/\/www.uartes.edu.ec\/sitio\/wp-json\/wp\/v2\/posts"}],"about":[{"href":"https:\/\/www.uartes.edu.ec\/sitio\/wp-json\/wp\/v2\/types\/post"}],"author":[{"embeddable":true,"href":"https:\/\/www.uartes.edu.ec\/sitio\/wp-json\/wp\/v2\/users\/10"}],"replies":[{"embeddable":true,"href":"https:\/\/www.uartes.edu.ec\/sitio\/wp-json\/wp\/v2\/comments?post=15282"}],"version-history":[{"count":4,"href":"https:\/\/www.uartes.edu.ec\/sitio\/wp-json\/wp\/v2\/posts\/15282\/revisions"}],"predecessor-version":[{"id":15388,"href":"https:\/\/www.uartes.edu.ec\/sitio\/wp-json\/wp\/v2\/posts\/15282\/revisions\/15388"}],"wp:featuredmedia":[{"embeddable":true,"href":"https:\/\/www.uartes.edu.ec\/sitio\/wp-json\/wp\/v2\/media\/15360"}],"wp:attachment":[{"href":"https:\/\/www.uartes.edu.ec\/sitio\/wp-json\/wp\/v2\/media?parent=15282"}],"wp:term":[{"taxonomy":"category","embeddable":true,"href":"https:\/\/www.uartes.edu.ec\/sitio\/wp-json\/wp\/v2\/categories?post=15282"},{"taxonomy":"post_tag","embeddable":true,"href":"https:\/\/www.uartes.edu.ec\/sitio\/wp-json\/wp\/v2\/tags?post=15282"},{"taxonomy":"infouartes","embeddable":true,"href":"https:\/\/www.uartes.edu.ec\/sitio\/wp-json\/wp\/v2\/infouartes?post=15282"}],"curies":[{"name":"wp","href":"https:\/\/api.w.org\/{rel}","templated":true}]}}