{"id":15413,"date":"2021-08-06T15:45:00","date_gmt":"2021-08-06T20:45:00","guid":{"rendered":"http:\/\/www.uartes.edu.ec\/sitio\/?p=15413"},"modified":"2024-07-04T11:26:01","modified_gmt":"2024-07-04T16:26:01","slug":"breve-abordaje-teorico-practico-sobre-la-investigacion-en-artes-con-el-ceat","status":"publish","type":"post","link":"https:\/\/www.uartes.edu.ec\/sitio\/blog\/2021\/08\/06\/breve-abordaje-teorico-practico-sobre-la-investigacion-en-artes-con-el-ceat\/","title":{"rendered":"\u201cBreve abordaje te\u00f3rico-pr\u00e1ctico sobre la investigaci\u00f3n en artes\u201d con el CEAT"},"content":{"rendered":"\n<p class=\"has-text-align-right\"><em>Del 11 al 17 de agosto se desarrollar\u00e1n una serie de talleres de <\/em><br><em>escritura acad\u00e9mica en la Biblioteca de las Artes.\u00a0<\/em>\u00a0<\/p>\n\n\n\n<p>El CEAT (Centro de Escritura Acad\u00e9mica y Traducci\u00f3n) realizar\u00e1, en colaboraci\u00f3n con la Biblioteca de las Artes, talleres dirigidos a la comunidad universitaria desde el mi\u00e9rcoles 11 hasta al martes 17 de agosto de 2021. &nbsp;&nbsp;<\/p>\n\n\n\n<p>Aportar, a trav\u00e9s de los talleres, herramientas para la correcta escritura y redacci\u00f3n de la comunidad estudiantil es el prop\u00f3sito de los miembros del CEAT.&nbsp;&nbsp;<\/p>\n\n\n\n<p>La propuesta toma por nombre \u201cBreve abordaje te\u00f3rico-pr\u00e1ctico sobre la investigaci\u00f3n en artes&#8221;, se enfoca en cada carrera de la Universidad de las Artes, adem\u00e1s de dos talleres sobre escritura acad\u00e9mica. Los talleres tendr\u00e1n lugar en el auditorio de la Biblioteca de las Artes los d\u00edas 11, 12, 13 y 16 de agosto y se desarrollar\u00e1n bajo la modalidad presencial, respetando las medidas de bioseguridad pertinentes. &nbsp;&nbsp;<\/p>\n\n\n\n<p>Se ofrecer\u00e1n herramientas para la b\u00fasqueda de informaci\u00f3n en cualquier trabajo acad\u00e9mico e incluso proyectos de grado de la comunidad estudiantil; b\u00fasquedas de informaci\u00f3n no convencionales seg\u00fan cada especializaci\u00f3n y c\u00f3mo referenciarlas apropiadamente. A su vez, se explicar\u00e1 c\u00f3mo hacer un correcto uso de las normas de referencia y bibliograf\u00eda acorde al Manual de Estilo Chicago-Deusto.&nbsp;&nbsp;<\/p>\n\n\n\n<h3 class=\"wp-block-heading\"><strong>D\u00edas, horarios y responsables de los talleres<\/strong><\/h3>\n\n\n\n<p>El mi\u00e9rcoles 11 de agosto, de 10h00 a 12h00: Danza, por Jennifer Flores. El jueves 12, de 10h00 a 12h00: Producci\u00f3n musical, por Pamela Jim\u00e9nez Moreno; y, de 14h00 a 16h00: Artes visuales, por Marietta Altamirano. El viernes 13, de 10h00 a 12h00: Creaci\u00f3n teatral, por Mar\u00eda Jos\u00e9 Hidalgo; y, de 14h00 a 16h00: Cine, por Rogger Cede\u00f1o.\u00a0\u00a0<\/p>\n\n\n\n<p>Asimismo, Rogger Cede\u00f1o impartir\u00e1 dos talleres sobre escritura acad\u00e9mica. El primero es \u201cEnsayo Breve: Primer abordaje\u201d, programado para el lunes 16 de agosto, de 10h00 a 12h00, que tambi\u00e9n se realizar\u00e1 de manera presencial en el auditorio de la Biblioteca. El segundo, \u201cAnotaciones sobre la escritura acad\u00e9mica: Errores comunes\u201d, el martes 17, de 14h00 a 16h00, siendo este este \u00faltimo el \u00fanico que se ejecutar\u00e1 bajo modalidad virtual.&nbsp;<\/p>\n\n\n\n<p>El CEAT les invita a ser parte de los talleres a presentar la semana siguiente, los cuales han sido preparados desde y para la comunidad estudiantil con la b\u00fasqueda de generar aprendizajes y aportes colaborativos. &nbsp;&nbsp;<\/p>\n\n\n\n<div class=\"wp-block-image\"><figure class=\"aligncenter size-full\"><img fetchpriority=\"high\" decoding=\"async\" width=\"1053\" height=\"1412\" src=\"http:\/\/www.uartes.edu.ec\/sitio\/wp-content\/uploads\/2021\/08\/COMUNICADO-TALLERES-CEAT.jpg\" alt=\"\" class=\"wp-image-15423\" srcset=\"https:\/\/www.uartes.edu.ec\/sitio\/wp-content\/uploads\/2021\/08\/COMUNICADO-TALLERES-CEAT.jpg 1053w, https:\/\/www.uartes.edu.ec\/sitio\/wp-content\/uploads\/2021\/08\/COMUNICADO-TALLERES-CEAT-224x300.jpg 224w, https:\/\/www.uartes.edu.ec\/sitio\/wp-content\/uploads\/2021\/08\/COMUNICADO-TALLERES-CEAT-644x864.jpg 644w, https:\/\/www.uartes.edu.ec\/sitio\/wp-content\/uploads\/2021\/08\/COMUNICADO-TALLERES-CEAT-768x1030.jpg 768w, https:\/\/www.uartes.edu.ec\/sitio\/wp-content\/uploads\/2021\/08\/COMUNICADO-TALLERES-CEAT-9x12.jpg 9w, https:\/\/www.uartes.edu.ec\/sitio\/wp-content\/uploads\/2021\/08\/COMUNICADO-TALLERES-CEAT-600x805.jpg 600w\" sizes=\"(max-width: 1053px) 100vw, 1053px\" \/><\/figure><\/div>\n","protected":false},"excerpt":{"rendered":"<p>Del 11 al 17 de agosto se desarrollar\u00e1n una serie de talleres de escritura acad\u00e9mica en la Biblioteca de las Artes.  <\/p>\n","protected":false},"author":10,"featured_media":15419,"comment_status":"open","ping_status":"open","sticky":false,"template":"","format":"standard","meta":{"_acf_changed":false,"_uag_custom_page_level_css":"","_monsterinsights_skip_tracking":false,"_monsterinsights_sitenote_active":false,"_monsterinsights_sitenote_note":"","_monsterinsights_sitenote_category":0,"cybocfi_hide_featured_image":"","footnotes":""},"categories":[80,76,153],"tags":[41,228],"infouartes":[],"class_list":["post-15413","post","type-post","status-publish","format-standard","has-post-thumbnail","hentry","category-academico","category-estudiantes","category-vida-estudiantil","tag-biblioteca","tag-ceat"],"acf":[],"yoast_head":"<!-- This site is optimized with the Yoast SEO plugin v27.4 - https:\/\/yoast.com\/product\/yoast-seo-wordpress\/ -->\n<title>Universidad de las Artes - \u201cBreve abordaje te\u00f3rico-pr\u00e1ctico sobre la investigaci\u00f3n en artes\u201d con el CEAT<\/title>\n<meta name=\"description\" content=\"Universidad de las Artes - \u201cBreve abordaje te\u00f3rico-pr\u00e1ctico sobre la investigaci\u00f3n en artes\u201d con el CEAT\" \/>\n<meta name=\"robots\" content=\"index, follow, max-snippet:-1, max-image-preview:large, max-video-preview:-1\" \/>\n<link rel=\"canonical\" href=\"https:\/\/www.uartes.edu.ec\/sitio\/blog\/2021\/08\/06\/breve-abordaje-teorico-practico-sobre-la-investigacion-en-artes-con-el-ceat\/\" \/>\n<meta property=\"og:locale\" content=\"es_ES\" \/>\n<meta property=\"og:type\" content=\"article\" \/>\n<meta property=\"og:title\" content=\"Universidad de las Artes - \u201cBreve abordaje te\u00f3rico-pr\u00e1ctico sobre la investigaci\u00f3n en artes\u201d con el CEAT\" \/>\n<meta property=\"og:description\" content=\"Universidad de las Artes - \u201cBreve abordaje te\u00f3rico-pr\u00e1ctico sobre la investigaci\u00f3n en artes\u201d con el CEAT\" \/>\n<meta property=\"og:url\" content=\"https:\/\/www.uartes.edu.ec\/sitio\/blog\/2021\/08\/06\/breve-abordaje-teorico-practico-sobre-la-investigacion-en-artes-con-el-ceat\/\" \/>\n<meta property=\"og:site_name\" content=\"Universidad de las Artes\" \/>\n<meta property=\"article:publisher\" content=\"https:\/\/www.facebook.com\/uartesec\" \/>\n<meta property=\"article:published_time\" content=\"2021-08-06T20:45:00+00:00\" \/>\n<meta property=\"article:modified_time\" content=\"2024-07-04T16:26:01+00:00\" \/>\n<meta property=\"og:image\" content=\"https:\/\/www.uartes.edu.ec\/sitio\/wp-content\/uploads\/2021\/08\/CEAT-WEB.jpg\" \/>\n\t<meta property=\"og:image:width\" content=\"2000\" \/>\n\t<meta property=\"og:image:height\" content=\"1333\" \/>\n\t<meta property=\"og:image:type\" content=\"image\/jpeg\" \/>\n<meta name=\"author\" content=\"ccortez\" \/>\n<meta name=\"twitter:card\" content=\"summary_large_image\" \/>\n<meta name=\"twitter:creator\" content=\"@uartesec\" \/>\n<meta name=\"twitter:site\" content=\"@uartesec\" \/>\n<meta name=\"twitter:label1\" content=\"Escrito por\" \/>\n\t<meta name=\"twitter:data1\" content=\"ccortez\" \/>\n\t<meta name=\"twitter:label2\" content=\"Tiempo de lectura\" \/>\n\t<meta name=\"twitter:data2\" content=\"2 minutos\" \/>\n<script type=\"application\/ld+json\" class=\"yoast-schema-graph\">{\"@context\":\"https:\\\/\\\/schema.org\",\"@graph\":[{\"@type\":\"Article\",\"@id\":\"https:\\\/\\\/www.uartes.edu.ec\\\/sitio\\\/blog\\\/2021\\\/08\\\/06\\\/breve-abordaje-teorico-practico-sobre-la-investigacion-en-artes-con-el-ceat\\\/#article\",\"isPartOf\":{\"@id\":\"https:\\\/\\\/www.uartes.edu.ec\\\/sitio\\\/blog\\\/2021\\\/08\\\/06\\\/breve-abordaje-teorico-practico-sobre-la-investigacion-en-artes-con-el-ceat\\\/\"},\"author\":{\"name\":\"ccortez\",\"@id\":\"https:\\\/\\\/www.uartes.edu.ec\\\/sitio\\\/#\\\/schema\\\/person\\\/efa1b8275797664fd7f13a79ccc0b1f4\"},\"headline\":\"\u201cBreve abordaje te\u00f3rico-pr\u00e1ctico sobre la investigaci\u00f3n en artes\u201d con el CEAT\",\"datePublished\":\"2021-08-06T20:45:00+00:00\",\"dateModified\":\"2024-07-04T16:26:01+00:00\",\"mainEntityOfPage\":{\"@id\":\"https:\\\/\\\/www.uartes.edu.ec\\\/sitio\\\/blog\\\/2021\\\/08\\\/06\\\/breve-abordaje-teorico-practico-sobre-la-investigacion-en-artes-con-el-ceat\\\/\"},\"wordCount\":422,\"commentCount\":0,\"publisher\":{\"@id\":\"https:\\\/\\\/www.uartes.edu.ec\\\/sitio\\\/#organization\"},\"image\":{\"@id\":\"https:\\\/\\\/www.uartes.edu.ec\\\/sitio\\\/blog\\\/2021\\\/08\\\/06\\\/breve-abordaje-teorico-practico-sobre-la-investigacion-en-artes-con-el-ceat\\\/#primaryimage\"},\"thumbnailUrl\":\"https:\\\/\\\/www.uartes.edu.ec\\\/sitio\\\/wp-content\\\/uploads\\\/2021\\\/08\\\/CEAT-WEB.jpg\",\"keywords\":[\"biblioteca\",\"CEAT\"],\"articleSection\":[\"Acad\u00e9mico\",\"Estudiantes\",\"Vida Estudiantil\"],\"inLanguage\":\"es\",\"potentialAction\":[{\"@type\":\"CommentAction\",\"name\":\"Comment\",\"target\":[\"https:\\\/\\\/www.uartes.edu.ec\\\/sitio\\\/blog\\\/2021\\\/08\\\/06\\\/breve-abordaje-teorico-practico-sobre-la-investigacion-en-artes-con-el-ceat\\\/#respond\"]}]},{\"@type\":[\"WebPage\",\"ItemPage\"],\"@id\":\"https:\\\/\\\/www.uartes.edu.ec\\\/sitio\\\/blog\\\/2021\\\/08\\\/06\\\/breve-abordaje-teorico-practico-sobre-la-investigacion-en-artes-con-el-ceat\\\/\",\"url\":\"https:\\\/\\\/www.uartes.edu.ec\\\/sitio\\\/blog\\\/2021\\\/08\\\/06\\\/breve-abordaje-teorico-practico-sobre-la-investigacion-en-artes-con-el-ceat\\\/\",\"name\":\"Universidad de las Artes - \u201cBreve abordaje te\u00f3rico-pr\u00e1ctico sobre la investigaci\u00f3n en artes\u201d con el CEAT\",\"isPartOf\":{\"@id\":\"https:\\\/\\\/www.uartes.edu.ec\\\/sitio\\\/#website\"},\"primaryImageOfPage\":{\"@id\":\"https:\\\/\\\/www.uartes.edu.ec\\\/sitio\\\/blog\\\/2021\\\/08\\\/06\\\/breve-abordaje-teorico-practico-sobre-la-investigacion-en-artes-con-el-ceat\\\/#primaryimage\"},\"image\":{\"@id\":\"https:\\\/\\\/www.uartes.edu.ec\\\/sitio\\\/blog\\\/2021\\\/08\\\/06\\\/breve-abordaje-teorico-practico-sobre-la-investigacion-en-artes-con-el-ceat\\\/#primaryimage\"},\"thumbnailUrl\":\"https:\\\/\\\/www.uartes.edu.ec\\\/sitio\\\/wp-content\\\/uploads\\\/2021\\\/08\\\/CEAT-WEB.jpg\",\"datePublished\":\"2021-08-06T20:45:00+00:00\",\"dateModified\":\"2024-07-04T16:26:01+00:00\",\"description\":\"Universidad de las Artes - \u201cBreve abordaje te\u00f3rico-pr\u00e1ctico sobre la investigaci\u00f3n en artes\u201d con el CEAT\",\"breadcrumb\":{\"@id\":\"https:\\\/\\\/www.uartes.edu.ec\\\/sitio\\\/blog\\\/2021\\\/08\\\/06\\\/breve-abordaje-teorico-practico-sobre-la-investigacion-en-artes-con-el-ceat\\\/#breadcrumb\"},\"inLanguage\":\"es\",\"potentialAction\":[{\"@type\":\"ReadAction\",\"target\":[\"https:\\\/\\\/www.uartes.edu.ec\\\/sitio\\\/blog\\\/2021\\\/08\\\/06\\\/breve-abordaje-teorico-practico-sobre-la-investigacion-en-artes-con-el-ceat\\\/\"]}]},{\"@type\":\"ImageObject\",\"inLanguage\":\"es\",\"@id\":\"https:\\\/\\\/www.uartes.edu.ec\\\/sitio\\\/blog\\\/2021\\\/08\\\/06\\\/breve-abordaje-teorico-practico-sobre-la-investigacion-en-artes-con-el-ceat\\\/#primaryimage\",\"url\":\"https:\\\/\\\/www.uartes.edu.ec\\\/sitio\\\/wp-content\\\/uploads\\\/2021\\\/08\\\/CEAT-WEB.jpg\",\"contentUrl\":\"https:\\\/\\\/www.uartes.edu.ec\\\/sitio\\\/wp-content\\\/uploads\\\/2021\\\/08\\\/CEAT-WEB.jpg\",\"width\":2000,\"height\":1333},{\"@type\":\"BreadcrumbList\",\"@id\":\"https:\\\/\\\/www.uartes.edu.ec\\\/sitio\\\/blog\\\/2021\\\/08\\\/06\\\/breve-abordaje-teorico-practico-sobre-la-investigacion-en-artes-con-el-ceat\\\/#breadcrumb\",\"itemListElement\":[{\"@type\":\"ListItem\",\"position\":1,\"name\":\"Inicio\",\"item\":\"https:\\\/\\\/www.uartes.edu.ec\\\/sitio\\\/\"},{\"@type\":\"ListItem\",\"position\":2,\"name\":\"\u201cBreve abordaje te\u00f3rico-pr\u00e1ctico sobre la investigaci\u00f3n en artes\u201d con el CEAT\"}]},{\"@type\":\"WebSite\",\"@id\":\"https:\\\/\\\/www.uartes.edu.ec\\\/sitio\\\/#website\",\"url\":\"https:\\\/\\\/www.uartes.edu.ec\\\/sitio\\\/\",\"name\":\"Universidad de las Artes\",\"description\":\"Sitio oficial de la Universidad Nacional de las Artes del Ecuador\",\"publisher\":{\"@id\":\"https:\\\/\\\/www.uartes.edu.ec\\\/sitio\\\/#organization\"},\"potentialAction\":[{\"@type\":\"SearchAction\",\"target\":{\"@type\":\"EntryPoint\",\"urlTemplate\":\"https:\\\/\\\/www.uartes.edu.ec\\\/sitio\\\/?s={search_term_string}\"},\"query-input\":{\"@type\":\"PropertyValueSpecification\",\"valueRequired\":true,\"valueName\":\"search_term_string\"}}],\"inLanguage\":\"es\"},{\"@type\":\"Organization\",\"@id\":\"https:\\\/\\\/www.uartes.edu.ec\\\/sitio\\\/#organization\",\"name\":\"Universidad de las Artes\",\"url\":\"https:\\\/\\\/www.uartes.edu.ec\\\/sitio\\\/\",\"logo\":{\"@type\":\"ImageObject\",\"inLanguage\":\"es\",\"@id\":\"https:\\\/\\\/www.uartes.edu.ec\\\/sitio\\\/#\\\/schema\\\/logo\\\/image\\\/\",\"url\":\"https:\\\/\\\/www.uartes.edu.ec\\\/sitio\\\/wp-content\\\/uploads\\\/2022\\\/07\\\/logo-ua-horizontal.png\",\"contentUrl\":\"https:\\\/\\\/www.uartes.edu.ec\\\/sitio\\\/wp-content\\\/uploads\\\/2022\\\/07\\\/logo-ua-horizontal.png\",\"width\":800,\"height\":276,\"caption\":\"Universidad de las Artes\"},\"image\":{\"@id\":\"https:\\\/\\\/www.uartes.edu.ec\\\/sitio\\\/#\\\/schema\\\/logo\\\/image\\\/\"},\"sameAs\":[\"https:\\\/\\\/www.facebook.com\\\/uartesec\",\"https:\\\/\\\/x.com\\\/uartesec\",\"https:\\\/\\\/www.tiktok.com\\\/@uartesec\"]},{\"@type\":\"Person\",\"@id\":\"https:\\\/\\\/www.uartes.edu.ec\\\/sitio\\\/#\\\/schema\\\/person\\\/efa1b8275797664fd7f13a79ccc0b1f4\",\"name\":\"ccortez\",\"image\":{\"@type\":\"ImageObject\",\"inLanguage\":\"es\",\"@id\":\"https:\\\/\\\/secure.gravatar.com\\\/avatar\\\/b2a6f664a3ae8e074346ef91775736c5ec479e637ecced6842de9dc98b5da9cd?s=96&d=mm&r=g\",\"url\":\"https:\\\/\\\/secure.gravatar.com\\\/avatar\\\/b2a6f664a3ae8e074346ef91775736c5ec479e637ecced6842de9dc98b5da9cd?s=96&d=mm&r=g\",\"contentUrl\":\"https:\\\/\\\/secure.gravatar.com\\\/avatar\\\/b2a6f664a3ae8e074346ef91775736c5ec479e637ecced6842de9dc98b5da9cd?s=96&d=mm&r=g\",\"caption\":\"ccortez\"},\"url\":\"https:\\\/\\\/www.uartes.edu.ec\\\/sitio\\\/blog\\\/author\\\/ccortez\\\/\"}]}<\/script>\n<!-- \/ Yoast SEO plugin. -->","yoast_head_json":{"title":"Universidad de las Artes - \u201cBreve abordaje te\u00f3rico-pr\u00e1ctico sobre la investigaci\u00f3n en artes\u201d con el CEAT","description":"Universidad de las Artes - \u201cBreve abordaje te\u00f3rico-pr\u00e1ctico sobre la investigaci\u00f3n en artes\u201d con el CEAT","robots":{"index":"index","follow":"follow","max-snippet":"max-snippet:-1","max-image-preview":"max-image-preview:large","max-video-preview":"max-video-preview:-1"},"canonical":"https:\/\/www.uartes.edu.ec\/sitio\/blog\/2021\/08\/06\/breve-abordaje-teorico-practico-sobre-la-investigacion-en-artes-con-el-ceat\/","og_locale":"es_ES","og_type":"article","og_title":"Universidad de las Artes - \u201cBreve abordaje te\u00f3rico-pr\u00e1ctico sobre la investigaci\u00f3n en artes\u201d con el CEAT","og_description":"Universidad de las Artes - \u201cBreve abordaje te\u00f3rico-pr\u00e1ctico sobre la investigaci\u00f3n en artes\u201d con el CEAT","og_url":"https:\/\/www.uartes.edu.ec\/sitio\/blog\/2021\/08\/06\/breve-abordaje-teorico-practico-sobre-la-investigacion-en-artes-con-el-ceat\/","og_site_name":"Universidad de las Artes","article_publisher":"https:\/\/www.facebook.com\/uartesec","article_published_time":"2021-08-06T20:45:00+00:00","article_modified_time":"2024-07-04T16:26:01+00:00","og_image":[{"width":2000,"height":1333,"url":"https:\/\/www.uartes.edu.ec\/sitio\/wp-content\/uploads\/2021\/08\/CEAT-WEB.jpg","type":"image\/jpeg"}],"author":"ccortez","twitter_card":"summary_large_image","twitter_creator":"@uartesec","twitter_site":"@uartesec","twitter_misc":{"Escrito por":"ccortez","Tiempo de lectura":"2 minutos"},"schema":{"@context":"https:\/\/schema.org","@graph":[{"@type":"Article","@id":"https:\/\/www.uartes.edu.ec\/sitio\/blog\/2021\/08\/06\/breve-abordaje-teorico-practico-sobre-la-investigacion-en-artes-con-el-ceat\/#article","isPartOf":{"@id":"https:\/\/www.uartes.edu.ec\/sitio\/blog\/2021\/08\/06\/breve-abordaje-teorico-practico-sobre-la-investigacion-en-artes-con-el-ceat\/"},"author":{"name":"ccortez","@id":"https:\/\/www.uartes.edu.ec\/sitio\/#\/schema\/person\/efa1b8275797664fd7f13a79ccc0b1f4"},"headline":"\u201cBreve abordaje te\u00f3rico-pr\u00e1ctico sobre la investigaci\u00f3n en artes\u201d con el CEAT","datePublished":"2021-08-06T20:45:00+00:00","dateModified":"2024-07-04T16:26:01+00:00","mainEntityOfPage":{"@id":"https:\/\/www.uartes.edu.ec\/sitio\/blog\/2021\/08\/06\/breve-abordaje-teorico-practico-sobre-la-investigacion-en-artes-con-el-ceat\/"},"wordCount":422,"commentCount":0,"publisher":{"@id":"https:\/\/www.uartes.edu.ec\/sitio\/#organization"},"image":{"@id":"https:\/\/www.uartes.edu.ec\/sitio\/blog\/2021\/08\/06\/breve-abordaje-teorico-practico-sobre-la-investigacion-en-artes-con-el-ceat\/#primaryimage"},"thumbnailUrl":"https:\/\/www.uartes.edu.ec\/sitio\/wp-content\/uploads\/2021\/08\/CEAT-WEB.jpg","keywords":["biblioteca","CEAT"],"articleSection":["Acad\u00e9mico","Estudiantes","Vida Estudiantil"],"inLanguage":"es","potentialAction":[{"@type":"CommentAction","name":"Comment","target":["https:\/\/www.uartes.edu.ec\/sitio\/blog\/2021\/08\/06\/breve-abordaje-teorico-practico-sobre-la-investigacion-en-artes-con-el-ceat\/#respond"]}]},{"@type":["WebPage","ItemPage"],"@id":"https:\/\/www.uartes.edu.ec\/sitio\/blog\/2021\/08\/06\/breve-abordaje-teorico-practico-sobre-la-investigacion-en-artes-con-el-ceat\/","url":"https:\/\/www.uartes.edu.ec\/sitio\/blog\/2021\/08\/06\/breve-abordaje-teorico-practico-sobre-la-investigacion-en-artes-con-el-ceat\/","name":"Universidad de las Artes - \u201cBreve abordaje te\u00f3rico-pr\u00e1ctico sobre la investigaci\u00f3n en artes\u201d con el CEAT","isPartOf":{"@id":"https:\/\/www.uartes.edu.ec\/sitio\/#website"},"primaryImageOfPage":{"@id":"https:\/\/www.uartes.edu.ec\/sitio\/blog\/2021\/08\/06\/breve-abordaje-teorico-practico-sobre-la-investigacion-en-artes-con-el-ceat\/#primaryimage"},"image":{"@id":"https:\/\/www.uartes.edu.ec\/sitio\/blog\/2021\/08\/06\/breve-abordaje-teorico-practico-sobre-la-investigacion-en-artes-con-el-ceat\/#primaryimage"},"thumbnailUrl":"https:\/\/www.uartes.edu.ec\/sitio\/wp-content\/uploads\/2021\/08\/CEAT-WEB.jpg","datePublished":"2021-08-06T20:45:00+00:00","dateModified":"2024-07-04T16:26:01+00:00","description":"Universidad de las Artes - \u201cBreve abordaje te\u00f3rico-pr\u00e1ctico sobre la investigaci\u00f3n en artes\u201d con el CEAT","breadcrumb":{"@id":"https:\/\/www.uartes.edu.ec\/sitio\/blog\/2021\/08\/06\/breve-abordaje-teorico-practico-sobre-la-investigacion-en-artes-con-el-ceat\/#breadcrumb"},"inLanguage":"es","potentialAction":[{"@type":"ReadAction","target":["https:\/\/www.uartes.edu.ec\/sitio\/blog\/2021\/08\/06\/breve-abordaje-teorico-practico-sobre-la-investigacion-en-artes-con-el-ceat\/"]}]},{"@type":"ImageObject","inLanguage":"es","@id":"https:\/\/www.uartes.edu.ec\/sitio\/blog\/2021\/08\/06\/breve-abordaje-teorico-practico-sobre-la-investigacion-en-artes-con-el-ceat\/#primaryimage","url":"https:\/\/www.uartes.edu.ec\/sitio\/wp-content\/uploads\/2021\/08\/CEAT-WEB.jpg","contentUrl":"https:\/\/www.uartes.edu.ec\/sitio\/wp-content\/uploads\/2021\/08\/CEAT-WEB.jpg","width":2000,"height":1333},{"@type":"BreadcrumbList","@id":"https:\/\/www.uartes.edu.ec\/sitio\/blog\/2021\/08\/06\/breve-abordaje-teorico-practico-sobre-la-investigacion-en-artes-con-el-ceat\/#breadcrumb","itemListElement":[{"@type":"ListItem","position":1,"name":"Inicio","item":"https:\/\/www.uartes.edu.ec\/sitio\/"},{"@type":"ListItem","position":2,"name":"\u201cBreve abordaje te\u00f3rico-pr\u00e1ctico sobre la investigaci\u00f3n en artes\u201d con el CEAT"}]},{"@type":"WebSite","@id":"https:\/\/www.uartes.edu.ec\/sitio\/#website","url":"https:\/\/www.uartes.edu.ec\/sitio\/","name":"Universidad de las Artes","description":"Sitio oficial de la Universidad Nacional de las Artes del Ecuador","publisher":{"@id":"https:\/\/www.uartes.edu.ec\/sitio\/#organization"},"potentialAction":[{"@type":"SearchAction","target":{"@type":"EntryPoint","urlTemplate":"https:\/\/www.uartes.edu.ec\/sitio\/?s={search_term_string}"},"query-input":{"@type":"PropertyValueSpecification","valueRequired":true,"valueName":"search_term_string"}}],"inLanguage":"es"},{"@type":"Organization","@id":"https:\/\/www.uartes.edu.ec\/sitio\/#organization","name":"Universidad de las Artes","url":"https:\/\/www.uartes.edu.ec\/sitio\/","logo":{"@type":"ImageObject","inLanguage":"es","@id":"https:\/\/www.uartes.edu.ec\/sitio\/#\/schema\/logo\/image\/","url":"https:\/\/www.uartes.edu.ec\/sitio\/wp-content\/uploads\/2022\/07\/logo-ua-horizontal.png","contentUrl":"https:\/\/www.uartes.edu.ec\/sitio\/wp-content\/uploads\/2022\/07\/logo-ua-horizontal.png","width":800,"height":276,"caption":"Universidad de las Artes"},"image":{"@id":"https:\/\/www.uartes.edu.ec\/sitio\/#\/schema\/logo\/image\/"},"sameAs":["https:\/\/www.facebook.com\/uartesec","https:\/\/x.com\/uartesec","https:\/\/www.tiktok.com\/@uartesec"]},{"@type":"Person","@id":"https:\/\/www.uartes.edu.ec\/sitio\/#\/schema\/person\/efa1b8275797664fd7f13a79ccc0b1f4","name":"ccortez","image":{"@type":"ImageObject","inLanguage":"es","@id":"https:\/\/secure.gravatar.com\/avatar\/b2a6f664a3ae8e074346ef91775736c5ec479e637ecced6842de9dc98b5da9cd?s=96&d=mm&r=g","url":"https:\/\/secure.gravatar.com\/avatar\/b2a6f664a3ae8e074346ef91775736c5ec479e637ecced6842de9dc98b5da9cd?s=96&d=mm&r=g","contentUrl":"https:\/\/secure.gravatar.com\/avatar\/b2a6f664a3ae8e074346ef91775736c5ec479e637ecced6842de9dc98b5da9cd?s=96&d=mm&r=g","caption":"ccortez"},"url":"https:\/\/www.uartes.edu.ec\/sitio\/blog\/author\/ccortez\/"}]}},"uagb_featured_image_src":{"full":["https:\/\/www.uartes.edu.ec\/sitio\/wp-content\/uploads\/2021\/08\/CEAT-WEB.jpg",2000,1333,false],"thumbnail":["https:\/\/www.uartes.edu.ec\/sitio\/wp-content\/uploads\/2021\/08\/CEAT-WEB-150x150.jpg",150,150,true],"medium":["https:\/\/www.uartes.edu.ec\/sitio\/wp-content\/uploads\/2021\/08\/CEAT-WEB-300x200.jpg",300,200,true],"medium_large":["https:\/\/www.uartes.edu.ec\/sitio\/wp-content\/uploads\/2021\/08\/CEAT-WEB-768x512.jpg",768,512,true],"large":["https:\/\/www.uartes.edu.ec\/sitio\/wp-content\/uploads\/2021\/08\/CEAT-WEB-644x429.jpg",644,429,true],"1536x1536":["https:\/\/www.uartes.edu.ec\/sitio\/wp-content\/uploads\/2021\/08\/CEAT-WEB-1536x1024.jpg",1536,1024,true],"2048x2048":["https:\/\/www.uartes.edu.ec\/sitio\/wp-content\/uploads\/2021\/08\/CEAT-WEB.jpg",2000,1333,false],"trp-custom-language-flag":["https:\/\/www.uartes.edu.ec\/sitio\/wp-content\/uploads\/2021\/08\/CEAT-WEB-16x12.jpg",16,12,true],"htmega_size_585x295":["https:\/\/www.uartes.edu.ec\/sitio\/wp-content\/uploads\/2021\/08\/CEAT-WEB-585x295.jpg",585,295,true],"htmega_size_1170x536":["https:\/\/www.uartes.edu.ec\/sitio\/wp-content\/uploads\/2021\/08\/CEAT-WEB-1170x536.jpg",1170,536,true],"htmega_size_396x360":["https:\/\/www.uartes.edu.ec\/sitio\/wp-content\/uploads\/2021\/08\/CEAT-WEB-396x360.jpg",396,360,true],"gb-block-post-grid-landscape":["https:\/\/www.uartes.edu.ec\/sitio\/wp-content\/uploads\/2021\/08\/CEAT-WEB.jpg",600,400,false],"gb-block-post-grid-square":["https:\/\/www.uartes.edu.ec\/sitio\/wp-content\/uploads\/2021\/08\/CEAT-WEB.jpg",600,400,false],"university-hub-thumb":["https:\/\/www.uartes.edu.ec\/sitio\/wp-content\/uploads\/2021\/08\/CEAT-WEB-400x267.jpg",400,267,true]},"uagb_author_info":{"display_name":"ccortez","author_link":"https:\/\/www.uartes.edu.ec\/sitio\/blog\/author\/ccortez\/"},"uagb_comment_info":0,"uagb_excerpt":"Del 11 al 17 de agosto se desarrollar\u00e1n una serie de talleres de escritura acad\u00e9mica en la Biblioteca de las Artes.","featured_image_src":"https:\/\/www.uartes.edu.ec\/sitio\/wp-content\/uploads\/2021\/08\/CEAT-WEB.jpg","featured_image_src_square":"https:\/\/www.uartes.edu.ec\/sitio\/wp-content\/uploads\/2021\/08\/CEAT-WEB.jpg","author_info":{"display_name":"ccortez","author_link":"https:\/\/www.uartes.edu.ec\/sitio\/blog\/author\/ccortez\/"},"publishpress_future_workflow_manual_trigger":{"enabledWorkflows":[]},"distributor_meta":false,"distributor_terms":false,"distributor_media":false,"distributor_original_site_name":"Universidad de las Artes","distributor_original_site_url":"https:\/\/www.uartes.edu.ec\/sitio","push-errors":false,"_links":{"self":[{"href":"https:\/\/www.uartes.edu.ec\/sitio\/wp-json\/wp\/v2\/posts\/15413","targetHints":{"allow":["GET"]}}],"collection":[{"href":"https:\/\/www.uartes.edu.ec\/sitio\/wp-json\/wp\/v2\/posts"}],"about":[{"href":"https:\/\/www.uartes.edu.ec\/sitio\/wp-json\/wp\/v2\/types\/post"}],"author":[{"embeddable":true,"href":"https:\/\/www.uartes.edu.ec\/sitio\/wp-json\/wp\/v2\/users\/10"}],"replies":[{"embeddable":true,"href":"https:\/\/www.uartes.edu.ec\/sitio\/wp-json\/wp\/v2\/comments?post=15413"}],"version-history":[{"count":3,"href":"https:\/\/www.uartes.edu.ec\/sitio\/wp-json\/wp\/v2\/posts\/15413\/revisions"}],"predecessor-version":[{"id":15424,"href":"https:\/\/www.uartes.edu.ec\/sitio\/wp-json\/wp\/v2\/posts\/15413\/revisions\/15424"}],"wp:featuredmedia":[{"embeddable":true,"href":"https:\/\/www.uartes.edu.ec\/sitio\/wp-json\/wp\/v2\/media\/15419"}],"wp:attachment":[{"href":"https:\/\/www.uartes.edu.ec\/sitio\/wp-json\/wp\/v2\/media?parent=15413"}],"wp:term":[{"taxonomy":"category","embeddable":true,"href":"https:\/\/www.uartes.edu.ec\/sitio\/wp-json\/wp\/v2\/categories?post=15413"},{"taxonomy":"post_tag","embeddable":true,"href":"https:\/\/www.uartes.edu.ec\/sitio\/wp-json\/wp\/v2\/tags?post=15413"},{"taxonomy":"infouartes","embeddable":true,"href":"https:\/\/www.uartes.edu.ec\/sitio\/wp-json\/wp\/v2\/infouartes?post=15413"}],"curies":[{"name":"wp","href":"https:\/\/api.w.org\/{rel}","templated":true}]}}