{"id":15494,"date":"2021-08-12T09:13:00","date_gmt":"2021-08-12T14:13:00","guid":{"rendered":"http:\/\/www.uartes.edu.ec\/sitio\/?p=15494"},"modified":"2024-07-04T11:26:00","modified_gmt":"2024-07-04T16:26:00","slug":"uartes-lidera-en-engabao-el-encuentro-artistico-y-comunitario-a-toda-costa","status":"publish","type":"post","link":"https:\/\/www.uartes.edu.ec\/sitio\/blog\/2021\/08\/11\/uartes-lidera-en-engabao-el-encuentro-artistico-y-comunitario-a-toda-costa\/","title":{"rendered":"UArtes lidera en Engabao el encuentro art\u00edstico y comunitario \u201cA Toda Costa\u201d"},"content":{"rendered":"\n<p>La comuna de Engabao y su Puerto est\u00e1n a unos 16,6 Km (20 minutos) de Playas Villamil, en la provincia del Guayas. La Universidad de las Artes ha estado y est\u00e1 presente en este paradis\u00edaco lugar \u2013que destaca por sus grandes olas, su pesca artesanal y deportiva\u2013 propiciando un encuentro comunitario denominado <em>A Toda Costa,<\/em> cuyo prop\u00f3sito es compartir conocimientos en artes con ni\u00f1as, ni\u00f1os, adolescentes y poblaci\u00f3n en general.&nbsp;&nbsp;<\/p>\n\n\n\n<p>Es un encuentro comunitario, pues estudiantes UArtes, con la tutor\u00eda de sus docentes, realizan residencias para desarrollar talleres y generar espacios art\u00edsticos. La gestora cultural Carolina Reyna da fe de ello y agrega que el proyecto est\u00e1 en marcha gracias a nuestra instituci\u00f3n de educaci\u00f3n superior y el convenio interinstitucional con Unidos por la Educaci\u00f3n, organizaci\u00f3n que articula procesos educativos, culturales y sociales en comunidades del Ecuador.<\/p>\n\n\n\n<p>Siendo el prop\u00f3sito de <em>A Toda Costa<\/em> promover de forma efectiva el desarrollo social a trav\u00e9s de espacios y actividades art\u00edsticas, la pandemia no fren\u00f3 su accionar, sino que lo enfrent\u00f3 con un proceso de creaci\u00f3n que impuls\u00f3 la intervenci\u00f3n colectiva y el intercambio de saberes entre la comunidad, los estudiantes de pasant\u00edas de la UArtes y artistas invitados. Todo bajo estrictas medidas de bioseguridad.<\/p>\n\n\n\n<p>Carolina Reyna colabor\u00f3 en la intervenci\u00f3n y ejecuci\u00f3n del proyecto, el cual cont\u00f3 con el apoyo de varias instituciones. Ella mencion\u00f3 al Comit\u00e9 Pro Mejoras, la Escuela Puerto Engabao, el Comit\u00e9 de Padres de Familia de la Escuela Puerto Engabao, la Comuna Engabao, el Frente de Hoteleros Puerto Engabao, la Uni\u00f3n Estudiantil Playasense, la Alcald\u00eda de Playas y la Prefectura del Guayas. \u201cLa uni\u00f3n de estos equipos result\u00f3 un soporte log\u00edstico digno de felicitar\u201d, dijo.<\/p>\n\n\n\n<div class=\"wp-block-image\"><figure class=\"aligncenter size-full\"><img fetchpriority=\"high\" decoding=\"async\" width=\"2000\" height=\"1333\" src=\"http:\/\/www.uartes.edu.ec\/sitio\/wp-content\/uploads\/2021\/08\/A-TODA-COSTA-2.jpg\" alt=\"\" class=\"wp-image-15516\" srcset=\"https:\/\/www.uartes.edu.ec\/sitio\/wp-content\/uploads\/2021\/08\/A-TODA-COSTA-2.jpg 2000w, https:\/\/www.uartes.edu.ec\/sitio\/wp-content\/uploads\/2021\/08\/A-TODA-COSTA-2-300x200.jpg 300w, https:\/\/www.uartes.edu.ec\/sitio\/wp-content\/uploads\/2021\/08\/A-TODA-COSTA-2-644x429.jpg 644w, https:\/\/www.uartes.edu.ec\/sitio\/wp-content\/uploads\/2021\/08\/A-TODA-COSTA-2-768x512.jpg 768w, https:\/\/www.uartes.edu.ec\/sitio\/wp-content\/uploads\/2021\/08\/A-TODA-COSTA-2-1536x1024.jpg 1536w, https:\/\/www.uartes.edu.ec\/sitio\/wp-content\/uploads\/2021\/08\/A-TODA-COSTA-2-16x12.jpg 16w, https:\/\/www.uartes.edu.ec\/sitio\/wp-content\/uploads\/2021\/08\/A-TODA-COSTA-2-600x400.jpg 600w, https:\/\/www.uartes.edu.ec\/sitio\/wp-content\/uploads\/2021\/08\/A-TODA-COSTA-2-400x267.jpg 400w, https:\/\/www.uartes.edu.ec\/sitio\/wp-content\/uploads\/2021\/08\/A-TODA-COSTA-2-272x182.jpg 272w\" sizes=\"(max-width: 2000px) 100vw, 2000px\" \/><\/figure><\/div>\n\n\n\n<p>En el desarrollo de este proyecto, intervinieron estudiantes de la Escuela de Pedagog\u00eda en Artes y Humanidades de la Universidad Nacional de Educaci\u00f3n (UNAE), quienes estudian una parte de la carrera en la UArtes. Laura Guam\u00e1n y Melanie Palomeque, del s\u00e9ptimo semestre, cumplieron recientemente una residencia en Engabao, la cual a nivel profesional y personal les dej\u00f3 una enriquecedora experiencia, seg\u00fan expresaron.<\/p>\n\n\n\n<p>En di\u00e1logo con InfoUArtes, ellas mencionaron que sus actividades dentro de la comuna se ejecutaron del 24 al 30 de julio y tuvieron dos enfoques: el Pedag\u00f3gico y el V\u00ednculo con la Comunidad. \u201cPara lo primero aplicamos las artes pl\u00e1sticas, con el dibujo y la pintura, y trabajamos las bases para la realizaci\u00f3n de un mural en cooperaci\u00f3n con los participantes de los talleres. Se implementaron tambi\u00e9n las artes musicales, con t\u00e9cnicas como musicograma, paisajes sonoros, notas y acordes en guitarra\u201d. Agrega que hubo, asimismo, actividades extras recreativas previas para animar a ni\u00f1as, ni\u00f1os y j\u00f3venes, de entre 3 y 14 a\u00f1os.<\/p>\n\n\n\n<p>Para el proceso de V\u00ednculo con la Comunidad, Guam\u00e1n explic\u00f3 se centraron en la vida del pescador del Puerto, su labor en altamar, la fr\u00e1gil seguridad que lo resguarda y el temor constante con el que debe salir a trabajar. En los di\u00e1logos expresaron preocupaci\u00f3n y gratitud por las faenas que el pescador realiza para proveer de alimentos del mar a la poblaci\u00f3n.<\/p>\n\n\n\n<p>En homenaje a los pescadores, Guam\u00e1n revel\u00f3 que se hizo un segundo mural en un \u00e1rea utilizada por ellos. <em>Resistencia en altamar, <\/em>como se denomin\u00f3 a la obra, es una expresi\u00f3n art\u00edstica, pero tambi\u00e9n de denuncia social que retrata en los seis rostros que la componen la situaci\u00f3n que viven.<\/p>\n\n\n\n<p>La estudiante hizo referencia tambi\u00e9n al apoyo recibido de los representantes del lugar, como la t\u00e9cnica y los directivos de la comuna, quienes velaron por su seguridad y tranquilidad y, sobre todo, mantuvieron medidas de bioseguridad por la pandemia. Para la realizaci\u00f3n de los murales contaron con la gesti\u00f3n y el apoyo del artista muralista Antonio Bermeo.&nbsp;<\/p>\n\n\n\n<p>Guam\u00e1n y Palomeque destacaron tambi\u00e9n el apoyo de los tutores antes y durante la ejecuci\u00f3n del proyecto, como es el caso del docente Byron Cevallos, quien las gu\u00edo en territorio. \u201cLa labor conjunta comenz\u00f3 semanas antes de trabajar directamente en la comuna, con los debidos procesos de investigaci\u00f3n, planificaci\u00f3n, coordinaci\u00f3n y socializaci\u00f3n\u201d, anotaron y anticiparon la ardua labor que tendr\u00e1n al hacer la selecci\u00f3n y edici\u00f3n de un trabajo audiovisual, a fin de llegar a muchas personas con esta gran experiencia.<\/p>\n\n\n\n<p>Ana Paula P\u00e9rez y Sebasti\u00e1n Loaiza, quienes cursan el s\u00e9ptimo semestre de la carrera de Pedagog\u00eda en Artes y Humanidades y estuvieron antes en este proyecto, tambi\u00e9n compartieron sus experiencias. \u201cNuestro objetivo fue conocer sobre la identidad cultural de Engabao y Puerto Engabao. Mediante la ense\u00f1anza y el aprendizaje del arte expresar esta identidad cultural\u201d, dijo la estudiante.<\/p>\n\n\n\n<p>Gracias a la acogida de los comuneros, P\u00e9rez y Loaiza desarrollaron sus pr\u00e1cticas de V\u00ednculo con la Comunidad del 10 al 24 de julio, tiempo en que impartieron a 25 personas talleres de modelado, pintura b\u00e1sica, dibujo b\u00e1sico, m\u00fasica y fotograf\u00eda.<\/p>\n\n\n\n<p>P\u00e9rez mencion\u00f3, adem\u00e1s, una minga que organiz\u00f3 con el apoyo de la comunidad e instituciones como Gesti\u00f3n de Riesgos, Mi Barrio Sin Drogas, Alcald\u00eda de Playas, Prefectura del Guayas, Delegaci\u00f3n del Ministerio del Ambiente. Se realiz\u00f3, adem\u00e1s, un mural dirigido por Dennis Defaz en la sede comunal, as\u00ed como dos talleres m\u00e1s de artistas invitados.<\/p>\n\n\n\n<p>Como pedagogos de las artes coincidieron en que la experiencia fue incre\u00edble, pues presencialmente se aprende mucho m\u00e1s y se pudo trabajar con personas de varias edades. Al final se realiz\u00f3 una muestra de los productos art\u00edsticos y entregaron certificados de asistencia.<\/p>\n\n\n\n<div class=\"wp-block-image\"><figure class=\"aligncenter size-full\"><img decoding=\"async\" width=\"2000\" height=\"1333\" src=\"http:\/\/www.uartes.edu.ec\/sitio\/wp-content\/uploads\/2021\/08\/A-TODA-COSTA-3.jpg\" alt=\"\" class=\"wp-image-15517\" srcset=\"https:\/\/www.uartes.edu.ec\/sitio\/wp-content\/uploads\/2021\/08\/A-TODA-COSTA-3.jpg 2000w, https:\/\/www.uartes.edu.ec\/sitio\/wp-content\/uploads\/2021\/08\/A-TODA-COSTA-3-300x200.jpg 300w, https:\/\/www.uartes.edu.ec\/sitio\/wp-content\/uploads\/2021\/08\/A-TODA-COSTA-3-644x429.jpg 644w, https:\/\/www.uartes.edu.ec\/sitio\/wp-content\/uploads\/2021\/08\/A-TODA-COSTA-3-768x512.jpg 768w, https:\/\/www.uartes.edu.ec\/sitio\/wp-content\/uploads\/2021\/08\/A-TODA-COSTA-3-1536x1024.jpg 1536w, https:\/\/www.uartes.edu.ec\/sitio\/wp-content\/uploads\/2021\/08\/A-TODA-COSTA-3-16x12.jpg 16w, https:\/\/www.uartes.edu.ec\/sitio\/wp-content\/uploads\/2021\/08\/A-TODA-COSTA-3-600x400.jpg 600w, https:\/\/www.uartes.edu.ec\/sitio\/wp-content\/uploads\/2021\/08\/A-TODA-COSTA-3-400x267.jpg 400w, https:\/\/www.uartes.edu.ec\/sitio\/wp-content\/uploads\/2021\/08\/A-TODA-COSTA-3-272x182.jpg 272w\" sizes=\"(max-width: 2000px) 100vw, 2000px\" \/><\/figure><\/div>\n\n\n\n<p>Durante 18 d\u00edas de intervenci\u00f3n, <em>A Toda Costa<\/em> realiz\u00f3 actividades art\u00edsticas con 324 ni\u00f1as y ni\u00f1os. El apoyo de la comunidad contribuy\u00f3 significativamente al proyecto, pues hubo mucho inter\u00e9s y cooperaci\u00f3n.<\/p>\n\n\n\n<p>Texto: Mar\u00eda Fernanda Hidalgo, estudiante de la Escuela de Literatura.<br>Fotos: Cortes\u00eda<\/p>\n","protected":false},"excerpt":{"rendered":"<p>La comuna de Engabao y su Puerto est\u00e1n a unos 16,6 Km (20 minutos) de Playas Villamil, en la provincia del Guayas. La Universidad de las Artes ha estado y est\u00e1 presente en este paradis\u00edaco lugar \u2013que destaca por sus grandes olas, su pesca artesanal y deportiva\u2013 propiciando un encuentro comunitario denominado A Toda Costa, cuyo prop\u00f3sito es compartir conocimientos en artes con ni\u00f1as, ni\u00f1os, adolescentes y poblaci\u00f3n en general.\u00a0\u00a0<\/p>\n","protected":false},"author":10,"featured_media":15515,"comment_status":"open","ping_status":"open","sticky":false,"template":"","format":"standard","meta":{"_acf_changed":false,"_uag_custom_page_level_css":"","_monsterinsights_skip_tracking":false,"_monsterinsights_sitenote_active":false,"_monsterinsights_sitenote_note":"","_monsterinsights_sitenote_category":0,"cybocfi_hide_featured_image":"","footnotes":""},"categories":[82,76,79],"tags":[229],"infouartes":[],"class_list":["post-15494","post","type-post","status-publish","format-standard","has-post-thumbnail","hentry","category-artes","category-estudiantes","category-vinculo","tag-pedagogia-de-las-artes-y-humanidades"],"acf":[],"yoast_head":"<!-- This site is optimized with the Yoast SEO plugin v27.4 - https:\/\/yoast.com\/product\/yoast-seo-wordpress\/ -->\n<title>Universidad de las Artes - UArtes lidera en Engabao el encuentro art\u00edstico y comunitario \u201cA Toda Costa\u201d<\/title>\n<meta name=\"description\" content=\"Universidad de las Artes - UArtes lidera en Engabao el encuentro art\u00edstico y comunitario \u201cA Toda Costa\u201d\" \/>\n<meta name=\"robots\" content=\"index, follow, max-snippet:-1, max-image-preview:large, max-video-preview:-1\" \/>\n<link rel=\"canonical\" href=\"https:\/\/www.uartes.edu.ec\/sitio\/blog\/2021\/08\/11\/uartes-lidera-en-engabao-el-encuentro-artistico-y-comunitario-a-toda-costa\/\" \/>\n<meta property=\"og:locale\" content=\"es_ES\" \/>\n<meta property=\"og:type\" content=\"article\" \/>\n<meta property=\"og:title\" content=\"Universidad de las Artes - UArtes lidera en Engabao el encuentro art\u00edstico y comunitario \u201cA Toda Costa\u201d\" \/>\n<meta property=\"og:description\" content=\"Universidad de las Artes - UArtes lidera en Engabao el encuentro art\u00edstico y comunitario \u201cA Toda Costa\u201d\" \/>\n<meta property=\"og:url\" content=\"https:\/\/www.uartes.edu.ec\/sitio\/blog\/2021\/08\/11\/uartes-lidera-en-engabao-el-encuentro-artistico-y-comunitario-a-toda-costa\/\" \/>\n<meta property=\"og:site_name\" content=\"Universidad de las Artes\" \/>\n<meta property=\"article:publisher\" content=\"https:\/\/www.facebook.com\/uartesec\" \/>\n<meta property=\"article:published_time\" content=\"2021-08-12T14:13:00+00:00\" \/>\n<meta property=\"article:modified_time\" content=\"2024-07-04T16:26:00+00:00\" \/>\n<meta property=\"og:image\" content=\"https:\/\/www.uartes.edu.ec\/sitio\/wp-content\/uploads\/2021\/08\/A-TODA-COSTA-1.jpg\" \/>\n\t<meta property=\"og:image:width\" content=\"2000\" \/>\n\t<meta property=\"og:image:height\" content=\"1333\" \/>\n\t<meta property=\"og:image:type\" content=\"image\/jpeg\" \/>\n<meta name=\"author\" content=\"ccortez\" \/>\n<meta name=\"twitter:card\" content=\"summary_large_image\" \/>\n<meta name=\"twitter:creator\" content=\"@uartesec\" \/>\n<meta name=\"twitter:site\" content=\"@uartesec\" \/>\n<meta name=\"twitter:label1\" content=\"Escrito por\" \/>\n\t<meta name=\"twitter:data1\" content=\"ccortez\" \/>\n\t<meta name=\"twitter:label2\" content=\"Tiempo de lectura\" \/>\n\t<meta name=\"twitter:data2\" content=\"5 minutos\" \/>\n<script type=\"application\/ld+json\" class=\"yoast-schema-graph\">{\"@context\":\"https:\\\/\\\/schema.org\",\"@graph\":[{\"@type\":\"Article\",\"@id\":\"https:\\\/\\\/www.uartes.edu.ec\\\/sitio\\\/blog\\\/2021\\\/08\\\/11\\\/uartes-lidera-en-engabao-el-encuentro-artistico-y-comunitario-a-toda-costa\\\/#article\",\"isPartOf\":{\"@id\":\"https:\\\/\\\/www.uartes.edu.ec\\\/sitio\\\/blog\\\/2021\\\/08\\\/11\\\/uartes-lidera-en-engabao-el-encuentro-artistico-y-comunitario-a-toda-costa\\\/\"},\"author\":{\"name\":\"ccortez\",\"@id\":\"https:\\\/\\\/www.uartes.edu.ec\\\/sitio\\\/#\\\/schema\\\/person\\\/efa1b8275797664fd7f13a79ccc0b1f4\"},\"headline\":\"UArtes lidera en Engabao el encuentro art\u00edstico y comunitario \u201cA Toda Costa\u201d\",\"datePublished\":\"2021-08-12T14:13:00+00:00\",\"dateModified\":\"2024-07-04T16:26:00+00:00\",\"mainEntityOfPage\":{\"@id\":\"https:\\\/\\\/www.uartes.edu.ec\\\/sitio\\\/blog\\\/2021\\\/08\\\/11\\\/uartes-lidera-en-engabao-el-encuentro-artistico-y-comunitario-a-toda-costa\\\/\"},\"wordCount\":1035,\"commentCount\":0,\"publisher\":{\"@id\":\"https:\\\/\\\/www.uartes.edu.ec\\\/sitio\\\/#organization\"},\"image\":{\"@id\":\"https:\\\/\\\/www.uartes.edu.ec\\\/sitio\\\/blog\\\/2021\\\/08\\\/11\\\/uartes-lidera-en-engabao-el-encuentro-artistico-y-comunitario-a-toda-costa\\\/#primaryimage\"},\"thumbnailUrl\":\"https:\\\/\\\/www.uartes.edu.ec\\\/sitio\\\/wp-content\\\/uploads\\\/2021\\\/08\\\/A-TODA-COSTA-1.jpg\",\"keywords\":[\"Pedagog\u00eda de las Artes y Humanidades\"],\"articleSection\":[\"Artes\",\"Estudiantes\",\"V\u00ednculo\"],\"inLanguage\":\"es\",\"potentialAction\":[{\"@type\":\"CommentAction\",\"name\":\"Comment\",\"target\":[\"https:\\\/\\\/www.uartes.edu.ec\\\/sitio\\\/blog\\\/2021\\\/08\\\/11\\\/uartes-lidera-en-engabao-el-encuentro-artistico-y-comunitario-a-toda-costa\\\/#respond\"]}]},{\"@type\":[\"WebPage\",\"ItemPage\"],\"@id\":\"https:\\\/\\\/www.uartes.edu.ec\\\/sitio\\\/blog\\\/2021\\\/08\\\/11\\\/uartes-lidera-en-engabao-el-encuentro-artistico-y-comunitario-a-toda-costa\\\/\",\"url\":\"https:\\\/\\\/www.uartes.edu.ec\\\/sitio\\\/blog\\\/2021\\\/08\\\/11\\\/uartes-lidera-en-engabao-el-encuentro-artistico-y-comunitario-a-toda-costa\\\/\",\"name\":\"Universidad de las Artes - UArtes lidera en Engabao el encuentro art\u00edstico y comunitario \u201cA Toda Costa\u201d\",\"isPartOf\":{\"@id\":\"https:\\\/\\\/www.uartes.edu.ec\\\/sitio\\\/#website\"},\"primaryImageOfPage\":{\"@id\":\"https:\\\/\\\/www.uartes.edu.ec\\\/sitio\\\/blog\\\/2021\\\/08\\\/11\\\/uartes-lidera-en-engabao-el-encuentro-artistico-y-comunitario-a-toda-costa\\\/#primaryimage\"},\"image\":{\"@id\":\"https:\\\/\\\/www.uartes.edu.ec\\\/sitio\\\/blog\\\/2021\\\/08\\\/11\\\/uartes-lidera-en-engabao-el-encuentro-artistico-y-comunitario-a-toda-costa\\\/#primaryimage\"},\"thumbnailUrl\":\"https:\\\/\\\/www.uartes.edu.ec\\\/sitio\\\/wp-content\\\/uploads\\\/2021\\\/08\\\/A-TODA-COSTA-1.jpg\",\"datePublished\":\"2021-08-12T14:13:00+00:00\",\"dateModified\":\"2024-07-04T16:26:00+00:00\",\"description\":\"Universidad de las Artes - UArtes lidera en Engabao el encuentro art\u00edstico y comunitario \u201cA Toda Costa\u201d\",\"breadcrumb\":{\"@id\":\"https:\\\/\\\/www.uartes.edu.ec\\\/sitio\\\/blog\\\/2021\\\/08\\\/11\\\/uartes-lidera-en-engabao-el-encuentro-artistico-y-comunitario-a-toda-costa\\\/#breadcrumb\"},\"inLanguage\":\"es\",\"potentialAction\":[{\"@type\":\"ReadAction\",\"target\":[\"https:\\\/\\\/www.uartes.edu.ec\\\/sitio\\\/blog\\\/2021\\\/08\\\/11\\\/uartes-lidera-en-engabao-el-encuentro-artistico-y-comunitario-a-toda-costa\\\/\"]}]},{\"@type\":\"ImageObject\",\"inLanguage\":\"es\",\"@id\":\"https:\\\/\\\/www.uartes.edu.ec\\\/sitio\\\/blog\\\/2021\\\/08\\\/11\\\/uartes-lidera-en-engabao-el-encuentro-artistico-y-comunitario-a-toda-costa\\\/#primaryimage\",\"url\":\"https:\\\/\\\/www.uartes.edu.ec\\\/sitio\\\/wp-content\\\/uploads\\\/2021\\\/08\\\/A-TODA-COSTA-1.jpg\",\"contentUrl\":\"https:\\\/\\\/www.uartes.edu.ec\\\/sitio\\\/wp-content\\\/uploads\\\/2021\\\/08\\\/A-TODA-COSTA-1.jpg\",\"width\":2000,\"height\":1333},{\"@type\":\"BreadcrumbList\",\"@id\":\"https:\\\/\\\/www.uartes.edu.ec\\\/sitio\\\/blog\\\/2021\\\/08\\\/11\\\/uartes-lidera-en-engabao-el-encuentro-artistico-y-comunitario-a-toda-costa\\\/#breadcrumb\",\"itemListElement\":[{\"@type\":\"ListItem\",\"position\":1,\"name\":\"Inicio\",\"item\":\"https:\\\/\\\/www.uartes.edu.ec\\\/sitio\\\/\"},{\"@type\":\"ListItem\",\"position\":2,\"name\":\"UArtes lidera en Engabao el encuentro art\u00edstico y comunitario \u201cA Toda Costa\u201d\"}]},{\"@type\":\"WebSite\",\"@id\":\"https:\\\/\\\/www.uartes.edu.ec\\\/sitio\\\/#website\",\"url\":\"https:\\\/\\\/www.uartes.edu.ec\\\/sitio\\\/\",\"name\":\"Universidad de las Artes\",\"description\":\"Sitio oficial de la Universidad Nacional de las Artes del Ecuador\",\"publisher\":{\"@id\":\"https:\\\/\\\/www.uartes.edu.ec\\\/sitio\\\/#organization\"},\"potentialAction\":[{\"@type\":\"SearchAction\",\"target\":{\"@type\":\"EntryPoint\",\"urlTemplate\":\"https:\\\/\\\/www.uartes.edu.ec\\\/sitio\\\/?s={search_term_string}\"},\"query-input\":{\"@type\":\"PropertyValueSpecification\",\"valueRequired\":true,\"valueName\":\"search_term_string\"}}],\"inLanguage\":\"es\"},{\"@type\":\"Organization\",\"@id\":\"https:\\\/\\\/www.uartes.edu.ec\\\/sitio\\\/#organization\",\"name\":\"Universidad de las Artes\",\"url\":\"https:\\\/\\\/www.uartes.edu.ec\\\/sitio\\\/\",\"logo\":{\"@type\":\"ImageObject\",\"inLanguage\":\"es\",\"@id\":\"https:\\\/\\\/www.uartes.edu.ec\\\/sitio\\\/#\\\/schema\\\/logo\\\/image\\\/\",\"url\":\"https:\\\/\\\/www.uartes.edu.ec\\\/sitio\\\/wp-content\\\/uploads\\\/2022\\\/07\\\/logo-ua-horizontal.png\",\"contentUrl\":\"https:\\\/\\\/www.uartes.edu.ec\\\/sitio\\\/wp-content\\\/uploads\\\/2022\\\/07\\\/logo-ua-horizontal.png\",\"width\":800,\"height\":276,\"caption\":\"Universidad de las Artes\"},\"image\":{\"@id\":\"https:\\\/\\\/www.uartes.edu.ec\\\/sitio\\\/#\\\/schema\\\/logo\\\/image\\\/\"},\"sameAs\":[\"https:\\\/\\\/www.facebook.com\\\/uartesec\",\"https:\\\/\\\/x.com\\\/uartesec\",\"https:\\\/\\\/www.tiktok.com\\\/@uartesec\"]},{\"@type\":\"Person\",\"@id\":\"https:\\\/\\\/www.uartes.edu.ec\\\/sitio\\\/#\\\/schema\\\/person\\\/efa1b8275797664fd7f13a79ccc0b1f4\",\"name\":\"ccortez\",\"image\":{\"@type\":\"ImageObject\",\"inLanguage\":\"es\",\"@id\":\"https:\\\/\\\/secure.gravatar.com\\\/avatar\\\/b2a6f664a3ae8e074346ef91775736c5ec479e637ecced6842de9dc98b5da9cd?s=96&d=mm&r=g\",\"url\":\"https:\\\/\\\/secure.gravatar.com\\\/avatar\\\/b2a6f664a3ae8e074346ef91775736c5ec479e637ecced6842de9dc98b5da9cd?s=96&d=mm&r=g\",\"contentUrl\":\"https:\\\/\\\/secure.gravatar.com\\\/avatar\\\/b2a6f664a3ae8e074346ef91775736c5ec479e637ecced6842de9dc98b5da9cd?s=96&d=mm&r=g\",\"caption\":\"ccortez\"},\"url\":\"https:\\\/\\\/www.uartes.edu.ec\\\/sitio\\\/blog\\\/author\\\/ccortez\\\/\"}]}<\/script>\n<!-- \/ Yoast SEO plugin. -->","yoast_head_json":{"title":"Universidad de las Artes - UArtes lidera en Engabao el encuentro art\u00edstico y comunitario \u201cA Toda Costa\u201d","description":"Universidad de las Artes - UArtes lidera en Engabao el encuentro art\u00edstico y comunitario \u201cA Toda Costa\u201d","robots":{"index":"index","follow":"follow","max-snippet":"max-snippet:-1","max-image-preview":"max-image-preview:large","max-video-preview":"max-video-preview:-1"},"canonical":"https:\/\/www.uartes.edu.ec\/sitio\/blog\/2021\/08\/11\/uartes-lidera-en-engabao-el-encuentro-artistico-y-comunitario-a-toda-costa\/","og_locale":"es_ES","og_type":"article","og_title":"Universidad de las Artes - UArtes lidera en Engabao el encuentro art\u00edstico y comunitario \u201cA Toda Costa\u201d","og_description":"Universidad de las Artes - UArtes lidera en Engabao el encuentro art\u00edstico y comunitario \u201cA Toda Costa\u201d","og_url":"https:\/\/www.uartes.edu.ec\/sitio\/blog\/2021\/08\/11\/uartes-lidera-en-engabao-el-encuentro-artistico-y-comunitario-a-toda-costa\/","og_site_name":"Universidad de las Artes","article_publisher":"https:\/\/www.facebook.com\/uartesec","article_published_time":"2021-08-12T14:13:00+00:00","article_modified_time":"2024-07-04T16:26:00+00:00","og_image":[{"width":2000,"height":1333,"url":"https:\/\/www.uartes.edu.ec\/sitio\/wp-content\/uploads\/2021\/08\/A-TODA-COSTA-1.jpg","type":"image\/jpeg"}],"author":"ccortez","twitter_card":"summary_large_image","twitter_creator":"@uartesec","twitter_site":"@uartesec","twitter_misc":{"Escrito por":"ccortez","Tiempo de lectura":"5 minutos"},"schema":{"@context":"https:\/\/schema.org","@graph":[{"@type":"Article","@id":"https:\/\/www.uartes.edu.ec\/sitio\/blog\/2021\/08\/11\/uartes-lidera-en-engabao-el-encuentro-artistico-y-comunitario-a-toda-costa\/#article","isPartOf":{"@id":"https:\/\/www.uartes.edu.ec\/sitio\/blog\/2021\/08\/11\/uartes-lidera-en-engabao-el-encuentro-artistico-y-comunitario-a-toda-costa\/"},"author":{"name":"ccortez","@id":"https:\/\/www.uartes.edu.ec\/sitio\/#\/schema\/person\/efa1b8275797664fd7f13a79ccc0b1f4"},"headline":"UArtes lidera en Engabao el encuentro art\u00edstico y comunitario \u201cA Toda Costa\u201d","datePublished":"2021-08-12T14:13:00+00:00","dateModified":"2024-07-04T16:26:00+00:00","mainEntityOfPage":{"@id":"https:\/\/www.uartes.edu.ec\/sitio\/blog\/2021\/08\/11\/uartes-lidera-en-engabao-el-encuentro-artistico-y-comunitario-a-toda-costa\/"},"wordCount":1035,"commentCount":0,"publisher":{"@id":"https:\/\/www.uartes.edu.ec\/sitio\/#organization"},"image":{"@id":"https:\/\/www.uartes.edu.ec\/sitio\/blog\/2021\/08\/11\/uartes-lidera-en-engabao-el-encuentro-artistico-y-comunitario-a-toda-costa\/#primaryimage"},"thumbnailUrl":"https:\/\/www.uartes.edu.ec\/sitio\/wp-content\/uploads\/2021\/08\/A-TODA-COSTA-1.jpg","keywords":["Pedagog\u00eda de las Artes y Humanidades"],"articleSection":["Artes","Estudiantes","V\u00ednculo"],"inLanguage":"es","potentialAction":[{"@type":"CommentAction","name":"Comment","target":["https:\/\/www.uartes.edu.ec\/sitio\/blog\/2021\/08\/11\/uartes-lidera-en-engabao-el-encuentro-artistico-y-comunitario-a-toda-costa\/#respond"]}]},{"@type":["WebPage","ItemPage"],"@id":"https:\/\/www.uartes.edu.ec\/sitio\/blog\/2021\/08\/11\/uartes-lidera-en-engabao-el-encuentro-artistico-y-comunitario-a-toda-costa\/","url":"https:\/\/www.uartes.edu.ec\/sitio\/blog\/2021\/08\/11\/uartes-lidera-en-engabao-el-encuentro-artistico-y-comunitario-a-toda-costa\/","name":"Universidad de las Artes - UArtes lidera en Engabao el encuentro art\u00edstico y comunitario \u201cA Toda Costa\u201d","isPartOf":{"@id":"https:\/\/www.uartes.edu.ec\/sitio\/#website"},"primaryImageOfPage":{"@id":"https:\/\/www.uartes.edu.ec\/sitio\/blog\/2021\/08\/11\/uartes-lidera-en-engabao-el-encuentro-artistico-y-comunitario-a-toda-costa\/#primaryimage"},"image":{"@id":"https:\/\/www.uartes.edu.ec\/sitio\/blog\/2021\/08\/11\/uartes-lidera-en-engabao-el-encuentro-artistico-y-comunitario-a-toda-costa\/#primaryimage"},"thumbnailUrl":"https:\/\/www.uartes.edu.ec\/sitio\/wp-content\/uploads\/2021\/08\/A-TODA-COSTA-1.jpg","datePublished":"2021-08-12T14:13:00+00:00","dateModified":"2024-07-04T16:26:00+00:00","description":"Universidad de las Artes - UArtes lidera en Engabao el encuentro art\u00edstico y comunitario \u201cA Toda Costa\u201d","breadcrumb":{"@id":"https:\/\/www.uartes.edu.ec\/sitio\/blog\/2021\/08\/11\/uartes-lidera-en-engabao-el-encuentro-artistico-y-comunitario-a-toda-costa\/#breadcrumb"},"inLanguage":"es","potentialAction":[{"@type":"ReadAction","target":["https:\/\/www.uartes.edu.ec\/sitio\/blog\/2021\/08\/11\/uartes-lidera-en-engabao-el-encuentro-artistico-y-comunitario-a-toda-costa\/"]}]},{"@type":"ImageObject","inLanguage":"es","@id":"https:\/\/www.uartes.edu.ec\/sitio\/blog\/2021\/08\/11\/uartes-lidera-en-engabao-el-encuentro-artistico-y-comunitario-a-toda-costa\/#primaryimage","url":"https:\/\/www.uartes.edu.ec\/sitio\/wp-content\/uploads\/2021\/08\/A-TODA-COSTA-1.jpg","contentUrl":"https:\/\/www.uartes.edu.ec\/sitio\/wp-content\/uploads\/2021\/08\/A-TODA-COSTA-1.jpg","width":2000,"height":1333},{"@type":"BreadcrumbList","@id":"https:\/\/www.uartes.edu.ec\/sitio\/blog\/2021\/08\/11\/uartes-lidera-en-engabao-el-encuentro-artistico-y-comunitario-a-toda-costa\/#breadcrumb","itemListElement":[{"@type":"ListItem","position":1,"name":"Inicio","item":"https:\/\/www.uartes.edu.ec\/sitio\/"},{"@type":"ListItem","position":2,"name":"UArtes lidera en Engabao el encuentro art\u00edstico y comunitario \u201cA Toda Costa\u201d"}]},{"@type":"WebSite","@id":"https:\/\/www.uartes.edu.ec\/sitio\/#website","url":"https:\/\/www.uartes.edu.ec\/sitio\/","name":"Universidad de las Artes","description":"Sitio oficial de la Universidad Nacional de las Artes del Ecuador","publisher":{"@id":"https:\/\/www.uartes.edu.ec\/sitio\/#organization"},"potentialAction":[{"@type":"SearchAction","target":{"@type":"EntryPoint","urlTemplate":"https:\/\/www.uartes.edu.ec\/sitio\/?s={search_term_string}"},"query-input":{"@type":"PropertyValueSpecification","valueRequired":true,"valueName":"search_term_string"}}],"inLanguage":"es"},{"@type":"Organization","@id":"https:\/\/www.uartes.edu.ec\/sitio\/#organization","name":"Universidad de las Artes","url":"https:\/\/www.uartes.edu.ec\/sitio\/","logo":{"@type":"ImageObject","inLanguage":"es","@id":"https:\/\/www.uartes.edu.ec\/sitio\/#\/schema\/logo\/image\/","url":"https:\/\/www.uartes.edu.ec\/sitio\/wp-content\/uploads\/2022\/07\/logo-ua-horizontal.png","contentUrl":"https:\/\/www.uartes.edu.ec\/sitio\/wp-content\/uploads\/2022\/07\/logo-ua-horizontal.png","width":800,"height":276,"caption":"Universidad de las Artes"},"image":{"@id":"https:\/\/www.uartes.edu.ec\/sitio\/#\/schema\/logo\/image\/"},"sameAs":["https:\/\/www.facebook.com\/uartesec","https:\/\/x.com\/uartesec","https:\/\/www.tiktok.com\/@uartesec"]},{"@type":"Person","@id":"https:\/\/www.uartes.edu.ec\/sitio\/#\/schema\/person\/efa1b8275797664fd7f13a79ccc0b1f4","name":"ccortez","image":{"@type":"ImageObject","inLanguage":"es","@id":"https:\/\/secure.gravatar.com\/avatar\/b2a6f664a3ae8e074346ef91775736c5ec479e637ecced6842de9dc98b5da9cd?s=96&d=mm&r=g","url":"https:\/\/secure.gravatar.com\/avatar\/b2a6f664a3ae8e074346ef91775736c5ec479e637ecced6842de9dc98b5da9cd?s=96&d=mm&r=g","contentUrl":"https:\/\/secure.gravatar.com\/avatar\/b2a6f664a3ae8e074346ef91775736c5ec479e637ecced6842de9dc98b5da9cd?s=96&d=mm&r=g","caption":"ccortez"},"url":"https:\/\/www.uartes.edu.ec\/sitio\/blog\/author\/ccortez\/"}]}},"uagb_featured_image_src":{"full":["https:\/\/www.uartes.edu.ec\/sitio\/wp-content\/uploads\/2021\/08\/A-TODA-COSTA-1.jpg",2000,1333,false],"thumbnail":["https:\/\/www.uartes.edu.ec\/sitio\/wp-content\/uploads\/2021\/08\/A-TODA-COSTA-1-150x150.jpg",150,150,true],"medium":["https:\/\/www.uartes.edu.ec\/sitio\/wp-content\/uploads\/2021\/08\/A-TODA-COSTA-1-300x200.jpg",300,200,true],"medium_large":["https:\/\/www.uartes.edu.ec\/sitio\/wp-content\/uploads\/2021\/08\/A-TODA-COSTA-1-768x512.jpg",768,512,true],"large":["https:\/\/www.uartes.edu.ec\/sitio\/wp-content\/uploads\/2021\/08\/A-TODA-COSTA-1-644x429.jpg",644,429,true],"1536x1536":["https:\/\/www.uartes.edu.ec\/sitio\/wp-content\/uploads\/2021\/08\/A-TODA-COSTA-1-1536x1024.jpg",1536,1024,true],"2048x2048":["https:\/\/www.uartes.edu.ec\/sitio\/wp-content\/uploads\/2021\/08\/A-TODA-COSTA-1.jpg",2000,1333,false],"trp-custom-language-flag":["https:\/\/www.uartes.edu.ec\/sitio\/wp-content\/uploads\/2021\/08\/A-TODA-COSTA-1-16x12.jpg",16,12,true],"htmega_size_585x295":["https:\/\/www.uartes.edu.ec\/sitio\/wp-content\/uploads\/2021\/08\/A-TODA-COSTA-1-585x295.jpg",585,295,true],"htmega_size_1170x536":["https:\/\/www.uartes.edu.ec\/sitio\/wp-content\/uploads\/2021\/08\/A-TODA-COSTA-1-1170x536.jpg",1170,536,true],"htmega_size_396x360":["https:\/\/www.uartes.edu.ec\/sitio\/wp-content\/uploads\/2021\/08\/A-TODA-COSTA-1-396x360.jpg",396,360,true],"gb-block-post-grid-landscape":["https:\/\/www.uartes.edu.ec\/sitio\/wp-content\/uploads\/2021\/08\/A-TODA-COSTA-1.jpg",600,400,false],"gb-block-post-grid-square":["https:\/\/www.uartes.edu.ec\/sitio\/wp-content\/uploads\/2021\/08\/A-TODA-COSTA-1.jpg",600,400,false],"university-hub-thumb":["https:\/\/www.uartes.edu.ec\/sitio\/wp-content\/uploads\/2021\/08\/A-TODA-COSTA-1-400x267.jpg",400,267,true]},"uagb_author_info":{"display_name":"ccortez","author_link":"https:\/\/www.uartes.edu.ec\/sitio\/blog\/author\/ccortez\/"},"uagb_comment_info":0,"uagb_excerpt":"La comuna de Engabao y su Puerto est\u00e1n a unos 16,6 Km (20 minutos) de Playas Villamil, en la provincia del Guayas. La Universidad de las Artes ha estado y est\u00e1 presente en este paradis\u00edaco lugar \u2013que destaca por sus grandes olas, su pesca artesanal y deportiva\u2013 propiciando un encuentro comunitario denominado A Toda Costa,&hellip;","featured_image_src":"https:\/\/www.uartes.edu.ec\/sitio\/wp-content\/uploads\/2021\/08\/A-TODA-COSTA-1.jpg","featured_image_src_square":"https:\/\/www.uartes.edu.ec\/sitio\/wp-content\/uploads\/2021\/08\/A-TODA-COSTA-1.jpg","author_info":{"display_name":"ccortez","author_link":"https:\/\/www.uartes.edu.ec\/sitio\/blog\/author\/ccortez\/"},"publishpress_future_workflow_manual_trigger":{"enabledWorkflows":[]},"distributor_meta":false,"distributor_terms":false,"distributor_media":false,"distributor_original_site_name":"Universidad de las Artes","distributor_original_site_url":"https:\/\/www.uartes.edu.ec\/sitio","push-errors":false,"_links":{"self":[{"href":"https:\/\/www.uartes.edu.ec\/sitio\/wp-json\/wp\/v2\/posts\/15494","targetHints":{"allow":["GET"]}}],"collection":[{"href":"https:\/\/www.uartes.edu.ec\/sitio\/wp-json\/wp\/v2\/posts"}],"about":[{"href":"https:\/\/www.uartes.edu.ec\/sitio\/wp-json\/wp\/v2\/types\/post"}],"author":[{"embeddable":true,"href":"https:\/\/www.uartes.edu.ec\/sitio\/wp-json\/wp\/v2\/users\/10"}],"replies":[{"embeddable":true,"href":"https:\/\/www.uartes.edu.ec\/sitio\/wp-json\/wp\/v2\/comments?post=15494"}],"version-history":[{"count":3,"href":"https:\/\/www.uartes.edu.ec\/sitio\/wp-json\/wp\/v2\/posts\/15494\/revisions"}],"predecessor-version":[{"id":15523,"href":"https:\/\/www.uartes.edu.ec\/sitio\/wp-json\/wp\/v2\/posts\/15494\/revisions\/15523"}],"wp:featuredmedia":[{"embeddable":true,"href":"https:\/\/www.uartes.edu.ec\/sitio\/wp-json\/wp\/v2\/media\/15515"}],"wp:attachment":[{"href":"https:\/\/www.uartes.edu.ec\/sitio\/wp-json\/wp\/v2\/media?parent=15494"}],"wp:term":[{"taxonomy":"category","embeddable":true,"href":"https:\/\/www.uartes.edu.ec\/sitio\/wp-json\/wp\/v2\/categories?post=15494"},{"taxonomy":"post_tag","embeddable":true,"href":"https:\/\/www.uartes.edu.ec\/sitio\/wp-json\/wp\/v2\/tags?post=15494"},{"taxonomy":"infouartes","embeddable":true,"href":"https:\/\/www.uartes.edu.ec\/sitio\/wp-json\/wp\/v2\/infouartes?post=15494"}],"curies":[{"name":"wp","href":"https:\/\/api.w.org\/{rel}","templated":true}]}}