{"id":15510,"date":"2021-08-12T09:07:00","date_gmt":"2021-08-12T14:07:00","guid":{"rendered":"http:\/\/www.uartes.edu.ec\/sitio\/?p=15510"},"modified":"2024-07-04T11:26:00","modified_gmt":"2024-07-04T16:26:00","slug":"uaproyectkids-entra-en-fase-de-implementacion","status":"publish","type":"post","link":"https:\/\/www.uartes.edu.ec\/sitio\/blog\/2021\/08\/12\/uaproyectkids-entra-en-fase-de-implementacion\/","title":{"rendered":"UAPK, en fase de implementaci\u00f3n"},"content":{"rendered":"\n<p>UAProyectKids contin\u00faa creciendo y ampliando su rango de trabajo, cumpliendo las expectativas cada vez m\u00e1s demandantes, presentes dentro del aspecto acad\u00e9mico y cultural. Con nuevos retos por delante y nacido como un proyecto en clases con el docente Fernando Intriago, en colaboraci\u00f3n con los departamentos de Lenguas Extranjeras y de V\u00ednculo con la Comunidad, se mantiene la premisa de ense\u00f1ar el idioma ingl\u00e9s de forma did\u00e1ctica y entretenida, al mismo tiempo que utiliza el contexto sociocultural y ambiental del Ecuador.<\/p>\n\n\n\n<p>Con respecto a las \u00faltimas noticias sobre esta iniciativa, UAProyectKids entrar\u00e1 oficialmente en fase de implementaci\u00f3n a finales del mes de septiembre del 2021. Junto con la Fundaci\u00f3n Vueltas, que trabaja en conjunto con el Ministerio de Educaci\u00f3n y se muestra muy interesada en la propuesta que ofrece el proyecto de la UArtes, se analiza el posible alcance que tenga este de introducirse en las diferentes comunidades que conforman la Costa y la Sierra ecuatorianas. Se plantea su uso como medio de reactivaci\u00f3n de la educaci\u00f3n en estas zonas descentralizadas y de dif\u00edcil acceso.<\/p>\n\n\n\n<p>Cabe destacar que la Fundaci\u00f3n Vueltas ya ha trabajado con el Departamento de V\u00ednculo con la Comunidad de la UArtes. \u201cLa idea es que aprendamos de su metodolog\u00eda de trabajo para la implementaci\u00f3n del aprendizaje, sobre todo desde el idioma ingl\u00e9s, parte fundamental de este proyecto\u201d, se\u00f1al\u00f3 Fernando Intriago a InfoUArtes.<\/p>\n\n\n\n<p>Debido a la naturaleza del proyecto, UAProyectKids se implementar\u00e1 en los equipos (tablets) que el Gobierno entregue pr\u00f3ximamente a estudiantes de nivel primario y secundario, con una aplicaci\u00f3n que contendr\u00e1 el acceso a todo el material did\u00e1ctico recopilado para que, quien est\u00e9 interesado, pueda acceder libremente. Esta fase de implementaci\u00f3n es sumamente importante, pues contar\u00e1 con una estimaci\u00f3n real del posible impacto que tenga con su p\u00fablico objetivo.<\/p>\n\n\n\n<p>La idea original de usar una plataforma virtual fue propuesta por los estudiantes Shila Montesdeoca, Zayra S\u00e1nchez, Ariana Tigua, Arelys Su\u00e1rez y Liberti Nuques, de la carrera de Artes Visuales, y de Carlos Rugel, de la carrera de Literatura. En conjunto, establecieron tomar todos los recursos pedag\u00f3gicos producidos dentro de las clases del Departamento de Lenguas Extranjeras y montarlos en una p\u00e1gina web de dominio p\u00fablico, de f\u00e1cil navegaci\u00f3n y acceso.<\/p>\n\n\n\n<p>Actualmente, UAProyectKids cuenta con equipos integrados por alumnos pasantes de las diferentes carreras de la UArtes, que abarcan los cuatro nodos de importancia del proyecto. Shila Montesdeoca y Zayra S\u00e1nchez son ahora sus Gerentes Creativas y manejan ambos grupos de trabajo. Con la primera de las mencionadas est\u00e1n: Paula Barona, Diana S\u00e1nchez, Antonio Acosta, Jhael Zamora, Stephano Rodr\u00edguez, Javier Avelino y Wladimir Jim\u00e9nez. Con la segunda: Dom\u00e9nica Le\u00f3n, Rebeca Silva, Abel Cano, Jhon Pavel, Mar\u00eda de los \u00c1ngeles Andrade, Alejandro Ch\u00e1vez y Byron Vallejo.<\/p>\n\n\n\n<p>Debido a que la ense\u00f1anza del ingl\u00e9s, al menos en nuestro pa\u00eds, se da por etapas, el proyecto establece cuatro grupos diferentes de aprendizaje, acomodando la dificultad acorde a la edad del usuario. Estos rangos van desde los 5 a 6 a\u00f1os hasta los 12 a 14 a\u00f1os. Adicionalmente, la propuesta busca abarcar cuatro temas principales dentro de su metodolog\u00eda de ense\u00f1anza, que son la interculturalidad, el g\u00e9nero, la educaci\u00f3n ambiental y los derechos de los ni\u00f1os.<\/p>\n\n\n\n<p>Shila Montesdeoca se\u00f1al\u00f3 que estas tem\u00e1ticas se basan en el curr\u00edculo educativo ecuatoriano, que plantea una transversalidad en el proceso de ense\u00f1anza, encaminado al cumplimiento del Buen Vivir establecido en la Constituci\u00f3n. \u201cFusionamos esto con los objetivos de Desarrollo Sostenible que plantea Naciones Unidas en su Agenda 2030. De ah\u00ed que surgieran estas cuatro tem\u00e1ticas necesarias para reforzar los procesos de aprendizaje en las aulas\u201d, a\u00f1adi\u00f3 y revel\u00f3 haber enviado el pasado 6 de agosto un correo &nbsp;con el material de muestra creado por pasantes de la UArtes y que servir\u00e1 para probar su pronta implementaci\u00f3n dentro de las comunidades. Se espera para septiembre pr\u00f3ximo la confirmaci\u00f3n del cronograma de trabajo de la Fundaci\u00f3n Vueltas.<\/p>\n\n\n\n<p>Los materiales de los que se dispone dentro de esta plataforma virtual van desde productos audiovisuales hasta historias y cuentos did\u00e1cticos, as\u00ed como lecciones para resolver que cuentan con PDFs de f\u00e1cil descarga. Recientemente, una nota producida por los estudiantes Jhon Pavel y Zayra S\u00e1nchez, titulada Ecuadorian Cultures Waorani (Culturas Ecuatorianas Waorani), destaca por la t\u00e9cnica del dibujo y la forma en que est\u00e1 narrada. Tambi\u00e9n cobra relevancia el trabajo del artista Pedro Guevara Nieto (<em>Peder<\/em>), de primer a\u00f1o, con su texto The Inti Raymi celebration and the Aya Uma (La celebraci\u00f3n del Inti Raymi y el Aya Uma) e ilustraciones realmente preciosas. Estos documentos forman parte de la muestra entregada para su aprobaci\u00f3n y se adjuntar\u00e1n a la nota. &nbsp;<\/p>\n\n\n\n<p>Shila Montesdeoca, por su parte, coment\u00f3: Estamos en la incubadora de MZ14 trabajando en la econom\u00eda creativa del proyecto para encontrar una mejor estructura organizacional. Tambi\u00e9n queremos empezar a probar el material en las comunidades no solo a trav\u00e9s de las tablets, sino con visitas in situ para conocerlas y evaluar el alcance y los resultados de los prototipos que enviamos\u201d. Actualmente, UAProyectKids avanza a pasos agigantados con respecto a la mejora del material disponible, contando con los recursos de todas las carreras de la UArtes. &nbsp;<\/p>\n\n\n\n<p><a><\/a>\u201cNecesitamos replantearnos una colaboraci\u00f3n dentro de la UArtes con respecto a la ense\u00f1anza del ingl\u00e9s, porque existe la necesidad de que la gente aprenda este idioma. Al ser globalizado, es m\u00e1s para una preparaci\u00f3n profesional a futuro. Al mismo tiempo, utilizar una metodolog\u00eda de ense\u00f1anza que se nutra de la riqueza \u00e9tnica y cultural del Ecuador. Ese es el coraz\u00f3n del proyecto, la idea de que si t\u00fa aprendes una lengua extranjera, la estimulaci\u00f3n podr\u00eda venir de aprender sobre tu propio contexto. Eso se hace a trav\u00e9s de las artes, con lo que se potencia el material con el cual uno aprende y te genera todos los est\u00edmulos de aprendizaje\u201d, finaliz\u00f3 Fernando Intriago.<\/p>\n\n\n\n<p>Estaremos pendientes de los avances de <a href=\"http:\/\/www.uartes.edu.ec\/sitio\/uapk\/\">UAProyectKids<\/a> en esta nueva etapa. De momento, se les recuerda a los lectores que las plazas de V\u00ednculo con la Comunidad est\u00e1n disponibles para cualquiera que tenga deseos de unirse a esta iniciativa art\u00edstica que abarca terreno dentro de lo pedag\u00f3gico.<\/p>\n\n\n\n<p><em>Texto: Abel Cano Carriel, estudiante de la Escuela de Literatura.<\/em><\/p>\n","protected":false},"excerpt":{"rendered":"<p>UAProyectKids contin\u00faa creciendo y ampliando su rango de trabajo, cumpliendo las expectativas cada vez m\u00e1s demandantes, presentes dentro del aspecto acad\u00e9mico y cultural. Nacido como un proyecto en clases con el docente Fernando Intriago, en colaboraci\u00f3n con Lenguas Extranjeras y de V\u00ednculo con la Comunidad, mantiene la premisa de ense\u00f1ar el idioma ingl\u00e9s de forma did\u00e1ctica y entretenida, al mismo tiempo que utiliza el contexto sociocultural y ambiental del Ecuador.<\/p>\n","protected":false},"author":10,"featured_media":15514,"comment_status":"open","ping_status":"open","sticky":false,"template":"","format":"standard","meta":{"_acf_changed":false,"_uag_custom_page_level_css":"","_monsterinsights_skip_tracking":false,"_monsterinsights_sitenote_active":false,"_monsterinsights_sitenote_note":"","_monsterinsights_sitenote_category":0,"cybocfi_hide_featured_image":"","footnotes":""},"categories":[80,82,157,76,154,175,79],"tags":[],"infouartes":[],"class_list":["post-15510","post","type-post","status-publish","format-standard","has-post-thumbnail","hentry","category-academico","category-artes","category-artes-visuales","category-estudiantes","category-lenguas-extranjeras","category-literatura","category-vinculo"],"acf":[],"yoast_head":"<!-- This site is optimized with the Yoast SEO plugin v27.4 - https:\/\/yoast.com\/product\/yoast-seo-wordpress\/ -->\n<title>Universidad de las Artes - UAPK, en fase de implementaci\u00f3n<\/title>\n<meta name=\"description\" content=\"Universidad de las Artes - UAPK, en fase de implementaci\u00f3n\" \/>\n<meta name=\"robots\" content=\"index, follow, max-snippet:-1, max-image-preview:large, max-video-preview:-1\" \/>\n<link rel=\"canonical\" href=\"https:\/\/www.uartes.edu.ec\/sitio\/blog\/2021\/08\/12\/uaproyectkids-entra-en-fase-de-implementacion\/\" \/>\n<meta property=\"og:locale\" content=\"es_ES\" \/>\n<meta property=\"og:type\" content=\"article\" \/>\n<meta property=\"og:title\" content=\"Universidad de las Artes - UAPK, en fase de implementaci\u00f3n\" \/>\n<meta property=\"og:description\" content=\"Universidad de las Artes - UAPK, en fase de implementaci\u00f3n\" \/>\n<meta property=\"og:url\" content=\"https:\/\/www.uartes.edu.ec\/sitio\/blog\/2021\/08\/12\/uaproyectkids-entra-en-fase-de-implementacion\/\" \/>\n<meta property=\"og:site_name\" content=\"Universidad de las Artes\" \/>\n<meta property=\"article:publisher\" content=\"https:\/\/www.facebook.com\/uartesec\" \/>\n<meta property=\"article:published_time\" content=\"2021-08-12T14:07:00+00:00\" \/>\n<meta property=\"article:modified_time\" content=\"2024-07-04T16:26:00+00:00\" \/>\n<meta property=\"og:image\" content=\"https:\/\/www.uartes.edu.ec\/sitio\/wp-content\/uploads\/2021\/08\/UAPROJECKIDS.jpg\" \/>\n\t<meta property=\"og:image:width\" content=\"2000\" \/>\n\t<meta property=\"og:image:height\" content=\"1333\" \/>\n\t<meta property=\"og:image:type\" content=\"image\/jpeg\" \/>\n<meta name=\"author\" content=\"ccortez\" \/>\n<meta name=\"twitter:card\" content=\"summary_large_image\" \/>\n<meta name=\"twitter:creator\" content=\"@uartesec\" \/>\n<meta name=\"twitter:site\" content=\"@uartesec\" \/>\n<meta name=\"twitter:label1\" content=\"Escrito por\" \/>\n\t<meta name=\"twitter:data1\" content=\"ccortez\" \/>\n\t<meta name=\"twitter:label2\" content=\"Tiempo de lectura\" \/>\n\t<meta name=\"twitter:data2\" content=\"5 minutos\" \/>\n<script type=\"application\/ld+json\" class=\"yoast-schema-graph\">{\"@context\":\"https:\\\/\\\/schema.org\",\"@graph\":[{\"@type\":\"Article\",\"@id\":\"https:\\\/\\\/www.uartes.edu.ec\\\/sitio\\\/blog\\\/2021\\\/08\\\/12\\\/uaproyectkids-entra-en-fase-de-implementacion\\\/#article\",\"isPartOf\":{\"@id\":\"https:\\\/\\\/www.uartes.edu.ec\\\/sitio\\\/blog\\\/2021\\\/08\\\/12\\\/uaproyectkids-entra-en-fase-de-implementacion\\\/\"},\"author\":{\"name\":\"ccortez\",\"@id\":\"https:\\\/\\\/www.uartes.edu.ec\\\/sitio\\\/#\\\/schema\\\/person\\\/efa1b8275797664fd7f13a79ccc0b1f4\"},\"headline\":\"UAPK, en fase de implementaci\u00f3n\",\"datePublished\":\"2021-08-12T14:07:00+00:00\",\"dateModified\":\"2024-07-04T16:26:00+00:00\",\"mainEntityOfPage\":{\"@id\":\"https:\\\/\\\/www.uartes.edu.ec\\\/sitio\\\/blog\\\/2021\\\/08\\\/12\\\/uaproyectkids-entra-en-fase-de-implementacion\\\/\"},\"wordCount\":1109,\"commentCount\":0,\"publisher\":{\"@id\":\"https:\\\/\\\/www.uartes.edu.ec\\\/sitio\\\/#organization\"},\"image\":{\"@id\":\"https:\\\/\\\/www.uartes.edu.ec\\\/sitio\\\/blog\\\/2021\\\/08\\\/12\\\/uaproyectkids-entra-en-fase-de-implementacion\\\/#primaryimage\"},\"thumbnailUrl\":\"https:\\\/\\\/www.uartes.edu.ec\\\/sitio\\\/wp-content\\\/uploads\\\/2021\\\/08\\\/UAPROJECKIDS.jpg\",\"articleSection\":[\"Acad\u00e9mico\",\"Artes\",\"Artes Visuales\",\"Estudiantes\",\"Lenguas Extranjeras\",\"Literatura\",\"V\u00ednculo\"],\"inLanguage\":\"es\",\"potentialAction\":[{\"@type\":\"CommentAction\",\"name\":\"Comment\",\"target\":[\"https:\\\/\\\/www.uartes.edu.ec\\\/sitio\\\/blog\\\/2021\\\/08\\\/12\\\/uaproyectkids-entra-en-fase-de-implementacion\\\/#respond\"]}]},{\"@type\":[\"WebPage\",\"ItemPage\"],\"@id\":\"https:\\\/\\\/www.uartes.edu.ec\\\/sitio\\\/blog\\\/2021\\\/08\\\/12\\\/uaproyectkids-entra-en-fase-de-implementacion\\\/\",\"url\":\"https:\\\/\\\/www.uartes.edu.ec\\\/sitio\\\/blog\\\/2021\\\/08\\\/12\\\/uaproyectkids-entra-en-fase-de-implementacion\\\/\",\"name\":\"Universidad de las Artes - UAPK, en fase de implementaci\u00f3n\",\"isPartOf\":{\"@id\":\"https:\\\/\\\/www.uartes.edu.ec\\\/sitio\\\/#website\"},\"primaryImageOfPage\":{\"@id\":\"https:\\\/\\\/www.uartes.edu.ec\\\/sitio\\\/blog\\\/2021\\\/08\\\/12\\\/uaproyectkids-entra-en-fase-de-implementacion\\\/#primaryimage\"},\"image\":{\"@id\":\"https:\\\/\\\/www.uartes.edu.ec\\\/sitio\\\/blog\\\/2021\\\/08\\\/12\\\/uaproyectkids-entra-en-fase-de-implementacion\\\/#primaryimage\"},\"thumbnailUrl\":\"https:\\\/\\\/www.uartes.edu.ec\\\/sitio\\\/wp-content\\\/uploads\\\/2021\\\/08\\\/UAPROJECKIDS.jpg\",\"datePublished\":\"2021-08-12T14:07:00+00:00\",\"dateModified\":\"2024-07-04T16:26:00+00:00\",\"description\":\"Universidad de las Artes - UAPK, en fase de implementaci\u00f3n\",\"breadcrumb\":{\"@id\":\"https:\\\/\\\/www.uartes.edu.ec\\\/sitio\\\/blog\\\/2021\\\/08\\\/12\\\/uaproyectkids-entra-en-fase-de-implementacion\\\/#breadcrumb\"},\"inLanguage\":\"es\",\"potentialAction\":[{\"@type\":\"ReadAction\",\"target\":[\"https:\\\/\\\/www.uartes.edu.ec\\\/sitio\\\/blog\\\/2021\\\/08\\\/12\\\/uaproyectkids-entra-en-fase-de-implementacion\\\/\"]}]},{\"@type\":\"ImageObject\",\"inLanguage\":\"es\",\"@id\":\"https:\\\/\\\/www.uartes.edu.ec\\\/sitio\\\/blog\\\/2021\\\/08\\\/12\\\/uaproyectkids-entra-en-fase-de-implementacion\\\/#primaryimage\",\"url\":\"https:\\\/\\\/www.uartes.edu.ec\\\/sitio\\\/wp-content\\\/uploads\\\/2021\\\/08\\\/UAPROJECKIDS.jpg\",\"contentUrl\":\"https:\\\/\\\/www.uartes.edu.ec\\\/sitio\\\/wp-content\\\/uploads\\\/2021\\\/08\\\/UAPROJECKIDS.jpg\",\"width\":2000,\"height\":1333},{\"@type\":\"BreadcrumbList\",\"@id\":\"https:\\\/\\\/www.uartes.edu.ec\\\/sitio\\\/blog\\\/2021\\\/08\\\/12\\\/uaproyectkids-entra-en-fase-de-implementacion\\\/#breadcrumb\",\"itemListElement\":[{\"@type\":\"ListItem\",\"position\":1,\"name\":\"Inicio\",\"item\":\"https:\\\/\\\/www.uartes.edu.ec\\\/sitio\\\/\"},{\"@type\":\"ListItem\",\"position\":2,\"name\":\"UAPK, en fase de implementaci\u00f3n\"}]},{\"@type\":\"WebSite\",\"@id\":\"https:\\\/\\\/www.uartes.edu.ec\\\/sitio\\\/#website\",\"url\":\"https:\\\/\\\/www.uartes.edu.ec\\\/sitio\\\/\",\"name\":\"Universidad de las Artes\",\"description\":\"Sitio oficial de la Universidad Nacional de las Artes del Ecuador\",\"publisher\":{\"@id\":\"https:\\\/\\\/www.uartes.edu.ec\\\/sitio\\\/#organization\"},\"potentialAction\":[{\"@type\":\"SearchAction\",\"target\":{\"@type\":\"EntryPoint\",\"urlTemplate\":\"https:\\\/\\\/www.uartes.edu.ec\\\/sitio\\\/?s={search_term_string}\"},\"query-input\":{\"@type\":\"PropertyValueSpecification\",\"valueRequired\":true,\"valueName\":\"search_term_string\"}}],\"inLanguage\":\"es\"},{\"@type\":\"Organization\",\"@id\":\"https:\\\/\\\/www.uartes.edu.ec\\\/sitio\\\/#organization\",\"name\":\"Universidad de las Artes\",\"url\":\"https:\\\/\\\/www.uartes.edu.ec\\\/sitio\\\/\",\"logo\":{\"@type\":\"ImageObject\",\"inLanguage\":\"es\",\"@id\":\"https:\\\/\\\/www.uartes.edu.ec\\\/sitio\\\/#\\\/schema\\\/logo\\\/image\\\/\",\"url\":\"https:\\\/\\\/www.uartes.edu.ec\\\/sitio\\\/wp-content\\\/uploads\\\/2022\\\/07\\\/logo-ua-horizontal.png\",\"contentUrl\":\"https:\\\/\\\/www.uartes.edu.ec\\\/sitio\\\/wp-content\\\/uploads\\\/2022\\\/07\\\/logo-ua-horizontal.png\",\"width\":800,\"height\":276,\"caption\":\"Universidad de las Artes\"},\"image\":{\"@id\":\"https:\\\/\\\/www.uartes.edu.ec\\\/sitio\\\/#\\\/schema\\\/logo\\\/image\\\/\"},\"sameAs\":[\"https:\\\/\\\/www.facebook.com\\\/uartesec\",\"https:\\\/\\\/x.com\\\/uartesec\",\"https:\\\/\\\/www.tiktok.com\\\/@uartesec\"]},{\"@type\":\"Person\",\"@id\":\"https:\\\/\\\/www.uartes.edu.ec\\\/sitio\\\/#\\\/schema\\\/person\\\/efa1b8275797664fd7f13a79ccc0b1f4\",\"name\":\"ccortez\",\"image\":{\"@type\":\"ImageObject\",\"inLanguage\":\"es\",\"@id\":\"https:\\\/\\\/secure.gravatar.com\\\/avatar\\\/b2a6f664a3ae8e074346ef91775736c5ec479e637ecced6842de9dc98b5da9cd?s=96&d=mm&r=g\",\"url\":\"https:\\\/\\\/secure.gravatar.com\\\/avatar\\\/b2a6f664a3ae8e074346ef91775736c5ec479e637ecced6842de9dc98b5da9cd?s=96&d=mm&r=g\",\"contentUrl\":\"https:\\\/\\\/secure.gravatar.com\\\/avatar\\\/b2a6f664a3ae8e074346ef91775736c5ec479e637ecced6842de9dc98b5da9cd?s=96&d=mm&r=g\",\"caption\":\"ccortez\"},\"url\":\"https:\\\/\\\/www.uartes.edu.ec\\\/sitio\\\/blog\\\/author\\\/ccortez\\\/\"}]}<\/script>\n<!-- \/ Yoast SEO plugin. -->","yoast_head_json":{"title":"Universidad de las Artes - UAPK, en fase de implementaci\u00f3n","description":"Universidad de las Artes - UAPK, en fase de implementaci\u00f3n","robots":{"index":"index","follow":"follow","max-snippet":"max-snippet:-1","max-image-preview":"max-image-preview:large","max-video-preview":"max-video-preview:-1"},"canonical":"https:\/\/www.uartes.edu.ec\/sitio\/blog\/2021\/08\/12\/uaproyectkids-entra-en-fase-de-implementacion\/","og_locale":"es_ES","og_type":"article","og_title":"Universidad de las Artes - UAPK, en fase de implementaci\u00f3n","og_description":"Universidad de las Artes - UAPK, en fase de implementaci\u00f3n","og_url":"https:\/\/www.uartes.edu.ec\/sitio\/blog\/2021\/08\/12\/uaproyectkids-entra-en-fase-de-implementacion\/","og_site_name":"Universidad de las Artes","article_publisher":"https:\/\/www.facebook.com\/uartesec","article_published_time":"2021-08-12T14:07:00+00:00","article_modified_time":"2024-07-04T16:26:00+00:00","og_image":[{"width":2000,"height":1333,"url":"https:\/\/www.uartes.edu.ec\/sitio\/wp-content\/uploads\/2021\/08\/UAPROJECKIDS.jpg","type":"image\/jpeg"}],"author":"ccortez","twitter_card":"summary_large_image","twitter_creator":"@uartesec","twitter_site":"@uartesec","twitter_misc":{"Escrito por":"ccortez","Tiempo de lectura":"5 minutos"},"schema":{"@context":"https:\/\/schema.org","@graph":[{"@type":"Article","@id":"https:\/\/www.uartes.edu.ec\/sitio\/blog\/2021\/08\/12\/uaproyectkids-entra-en-fase-de-implementacion\/#article","isPartOf":{"@id":"https:\/\/www.uartes.edu.ec\/sitio\/blog\/2021\/08\/12\/uaproyectkids-entra-en-fase-de-implementacion\/"},"author":{"name":"ccortez","@id":"https:\/\/www.uartes.edu.ec\/sitio\/#\/schema\/person\/efa1b8275797664fd7f13a79ccc0b1f4"},"headline":"UAPK, en fase de implementaci\u00f3n","datePublished":"2021-08-12T14:07:00+00:00","dateModified":"2024-07-04T16:26:00+00:00","mainEntityOfPage":{"@id":"https:\/\/www.uartes.edu.ec\/sitio\/blog\/2021\/08\/12\/uaproyectkids-entra-en-fase-de-implementacion\/"},"wordCount":1109,"commentCount":0,"publisher":{"@id":"https:\/\/www.uartes.edu.ec\/sitio\/#organization"},"image":{"@id":"https:\/\/www.uartes.edu.ec\/sitio\/blog\/2021\/08\/12\/uaproyectkids-entra-en-fase-de-implementacion\/#primaryimage"},"thumbnailUrl":"https:\/\/www.uartes.edu.ec\/sitio\/wp-content\/uploads\/2021\/08\/UAPROJECKIDS.jpg","articleSection":["Acad\u00e9mico","Artes","Artes Visuales","Estudiantes","Lenguas Extranjeras","Literatura","V\u00ednculo"],"inLanguage":"es","potentialAction":[{"@type":"CommentAction","name":"Comment","target":["https:\/\/www.uartes.edu.ec\/sitio\/blog\/2021\/08\/12\/uaproyectkids-entra-en-fase-de-implementacion\/#respond"]}]},{"@type":["WebPage","ItemPage"],"@id":"https:\/\/www.uartes.edu.ec\/sitio\/blog\/2021\/08\/12\/uaproyectkids-entra-en-fase-de-implementacion\/","url":"https:\/\/www.uartes.edu.ec\/sitio\/blog\/2021\/08\/12\/uaproyectkids-entra-en-fase-de-implementacion\/","name":"Universidad de las Artes - UAPK, en fase de implementaci\u00f3n","isPartOf":{"@id":"https:\/\/www.uartes.edu.ec\/sitio\/#website"},"primaryImageOfPage":{"@id":"https:\/\/www.uartes.edu.ec\/sitio\/blog\/2021\/08\/12\/uaproyectkids-entra-en-fase-de-implementacion\/#primaryimage"},"image":{"@id":"https:\/\/www.uartes.edu.ec\/sitio\/blog\/2021\/08\/12\/uaproyectkids-entra-en-fase-de-implementacion\/#primaryimage"},"thumbnailUrl":"https:\/\/www.uartes.edu.ec\/sitio\/wp-content\/uploads\/2021\/08\/UAPROJECKIDS.jpg","datePublished":"2021-08-12T14:07:00+00:00","dateModified":"2024-07-04T16:26:00+00:00","description":"Universidad de las Artes - UAPK, en fase de implementaci\u00f3n","breadcrumb":{"@id":"https:\/\/www.uartes.edu.ec\/sitio\/blog\/2021\/08\/12\/uaproyectkids-entra-en-fase-de-implementacion\/#breadcrumb"},"inLanguage":"es","potentialAction":[{"@type":"ReadAction","target":["https:\/\/www.uartes.edu.ec\/sitio\/blog\/2021\/08\/12\/uaproyectkids-entra-en-fase-de-implementacion\/"]}]},{"@type":"ImageObject","inLanguage":"es","@id":"https:\/\/www.uartes.edu.ec\/sitio\/blog\/2021\/08\/12\/uaproyectkids-entra-en-fase-de-implementacion\/#primaryimage","url":"https:\/\/www.uartes.edu.ec\/sitio\/wp-content\/uploads\/2021\/08\/UAPROJECKIDS.jpg","contentUrl":"https:\/\/www.uartes.edu.ec\/sitio\/wp-content\/uploads\/2021\/08\/UAPROJECKIDS.jpg","width":2000,"height":1333},{"@type":"BreadcrumbList","@id":"https:\/\/www.uartes.edu.ec\/sitio\/blog\/2021\/08\/12\/uaproyectkids-entra-en-fase-de-implementacion\/#breadcrumb","itemListElement":[{"@type":"ListItem","position":1,"name":"Inicio","item":"https:\/\/www.uartes.edu.ec\/sitio\/"},{"@type":"ListItem","position":2,"name":"UAPK, en fase de implementaci\u00f3n"}]},{"@type":"WebSite","@id":"https:\/\/www.uartes.edu.ec\/sitio\/#website","url":"https:\/\/www.uartes.edu.ec\/sitio\/","name":"Universidad de las Artes","description":"Sitio oficial de la Universidad Nacional de las Artes del Ecuador","publisher":{"@id":"https:\/\/www.uartes.edu.ec\/sitio\/#organization"},"potentialAction":[{"@type":"SearchAction","target":{"@type":"EntryPoint","urlTemplate":"https:\/\/www.uartes.edu.ec\/sitio\/?s={search_term_string}"},"query-input":{"@type":"PropertyValueSpecification","valueRequired":true,"valueName":"search_term_string"}}],"inLanguage":"es"},{"@type":"Organization","@id":"https:\/\/www.uartes.edu.ec\/sitio\/#organization","name":"Universidad de las Artes","url":"https:\/\/www.uartes.edu.ec\/sitio\/","logo":{"@type":"ImageObject","inLanguage":"es","@id":"https:\/\/www.uartes.edu.ec\/sitio\/#\/schema\/logo\/image\/","url":"https:\/\/www.uartes.edu.ec\/sitio\/wp-content\/uploads\/2022\/07\/logo-ua-horizontal.png","contentUrl":"https:\/\/www.uartes.edu.ec\/sitio\/wp-content\/uploads\/2022\/07\/logo-ua-horizontal.png","width":800,"height":276,"caption":"Universidad de las Artes"},"image":{"@id":"https:\/\/www.uartes.edu.ec\/sitio\/#\/schema\/logo\/image\/"},"sameAs":["https:\/\/www.facebook.com\/uartesec","https:\/\/x.com\/uartesec","https:\/\/www.tiktok.com\/@uartesec"]},{"@type":"Person","@id":"https:\/\/www.uartes.edu.ec\/sitio\/#\/schema\/person\/efa1b8275797664fd7f13a79ccc0b1f4","name":"ccortez","image":{"@type":"ImageObject","inLanguage":"es","@id":"https:\/\/secure.gravatar.com\/avatar\/b2a6f664a3ae8e074346ef91775736c5ec479e637ecced6842de9dc98b5da9cd?s=96&d=mm&r=g","url":"https:\/\/secure.gravatar.com\/avatar\/b2a6f664a3ae8e074346ef91775736c5ec479e637ecced6842de9dc98b5da9cd?s=96&d=mm&r=g","contentUrl":"https:\/\/secure.gravatar.com\/avatar\/b2a6f664a3ae8e074346ef91775736c5ec479e637ecced6842de9dc98b5da9cd?s=96&d=mm&r=g","caption":"ccortez"},"url":"https:\/\/www.uartes.edu.ec\/sitio\/blog\/author\/ccortez\/"}]}},"uagb_featured_image_src":{"full":["https:\/\/www.uartes.edu.ec\/sitio\/wp-content\/uploads\/2021\/08\/UAPROJECKIDS.jpg",2000,1333,false],"thumbnail":["https:\/\/www.uartes.edu.ec\/sitio\/wp-content\/uploads\/2021\/08\/UAPROJECKIDS-150x150.jpg",150,150,true],"medium":["https:\/\/www.uartes.edu.ec\/sitio\/wp-content\/uploads\/2021\/08\/UAPROJECKIDS-300x200.jpg",300,200,true],"medium_large":["https:\/\/www.uartes.edu.ec\/sitio\/wp-content\/uploads\/2021\/08\/UAPROJECKIDS-768x512.jpg",768,512,true],"large":["https:\/\/www.uartes.edu.ec\/sitio\/wp-content\/uploads\/2021\/08\/UAPROJECKIDS-644x429.jpg",644,429,true],"1536x1536":["https:\/\/www.uartes.edu.ec\/sitio\/wp-content\/uploads\/2021\/08\/UAPROJECKIDS-1536x1024.jpg",1536,1024,true],"2048x2048":["https:\/\/www.uartes.edu.ec\/sitio\/wp-content\/uploads\/2021\/08\/UAPROJECKIDS.jpg",2000,1333,false],"trp-custom-language-flag":["https:\/\/www.uartes.edu.ec\/sitio\/wp-content\/uploads\/2021\/08\/UAPROJECKIDS-16x12.jpg",16,12,true],"htmega_size_585x295":["https:\/\/www.uartes.edu.ec\/sitio\/wp-content\/uploads\/2021\/08\/UAPROJECKIDS-585x295.jpg",585,295,true],"htmega_size_1170x536":["https:\/\/www.uartes.edu.ec\/sitio\/wp-content\/uploads\/2021\/08\/UAPROJECKIDS-1170x536.jpg",1170,536,true],"htmega_size_396x360":["https:\/\/www.uartes.edu.ec\/sitio\/wp-content\/uploads\/2021\/08\/UAPROJECKIDS-396x360.jpg",396,360,true],"gb-block-post-grid-landscape":["https:\/\/www.uartes.edu.ec\/sitio\/wp-content\/uploads\/2021\/08\/UAPROJECKIDS.jpg",600,400,false],"gb-block-post-grid-square":["https:\/\/www.uartes.edu.ec\/sitio\/wp-content\/uploads\/2021\/08\/UAPROJECKIDS.jpg",600,400,false],"university-hub-thumb":["https:\/\/www.uartes.edu.ec\/sitio\/wp-content\/uploads\/2021\/08\/UAPROJECKIDS-400x267.jpg",400,267,true]},"uagb_author_info":{"display_name":"ccortez","author_link":"https:\/\/www.uartes.edu.ec\/sitio\/blog\/author\/ccortez\/"},"uagb_comment_info":0,"uagb_excerpt":"UAProyectKids contin\u00faa creciendo y ampliando su rango de trabajo, cumpliendo las expectativas cada vez m\u00e1s demandantes, presentes dentro del aspecto acad\u00e9mico y cultural. Nacido como un proyecto en clases con el docente Fernando Intriago, en colaboraci\u00f3n con Lenguas Extranjeras y de V\u00ednculo con la Comunidad, mantiene la premisa de ense\u00f1ar el idioma ingl\u00e9s de forma&hellip;","featured_image_src":"https:\/\/www.uartes.edu.ec\/sitio\/wp-content\/uploads\/2021\/08\/UAPROJECKIDS.jpg","featured_image_src_square":"https:\/\/www.uartes.edu.ec\/sitio\/wp-content\/uploads\/2021\/08\/UAPROJECKIDS.jpg","author_info":{"display_name":"ccortez","author_link":"https:\/\/www.uartes.edu.ec\/sitio\/blog\/author\/ccortez\/"},"publishpress_future_workflow_manual_trigger":{"enabledWorkflows":[]},"distributor_meta":false,"distributor_terms":false,"distributor_media":false,"distributor_original_site_name":"Universidad de las Artes","distributor_original_site_url":"https:\/\/www.uartes.edu.ec\/sitio","push-errors":false,"_links":{"self":[{"href":"https:\/\/www.uartes.edu.ec\/sitio\/wp-json\/wp\/v2\/posts\/15510","targetHints":{"allow":["GET"]}}],"collection":[{"href":"https:\/\/www.uartes.edu.ec\/sitio\/wp-json\/wp\/v2\/posts"}],"about":[{"href":"https:\/\/www.uartes.edu.ec\/sitio\/wp-json\/wp\/v2\/types\/post"}],"author":[{"embeddable":true,"href":"https:\/\/www.uartes.edu.ec\/sitio\/wp-json\/wp\/v2\/users\/10"}],"replies":[{"embeddable":true,"href":"https:\/\/www.uartes.edu.ec\/sitio\/wp-json\/wp\/v2\/comments?post=15510"}],"version-history":[{"count":5,"href":"https:\/\/www.uartes.edu.ec\/sitio\/wp-json\/wp\/v2\/posts\/15510\/revisions"}],"predecessor-version":[{"id":40460,"href":"https:\/\/www.uartes.edu.ec\/sitio\/wp-json\/wp\/v2\/posts\/15510\/revisions\/40460"}],"wp:featuredmedia":[{"embeddable":true,"href":"https:\/\/www.uartes.edu.ec\/sitio\/wp-json\/wp\/v2\/media\/15514"}],"wp:attachment":[{"href":"https:\/\/www.uartes.edu.ec\/sitio\/wp-json\/wp\/v2\/media?parent=15510"}],"wp:term":[{"taxonomy":"category","embeddable":true,"href":"https:\/\/www.uartes.edu.ec\/sitio\/wp-json\/wp\/v2\/categories?post=15510"},{"taxonomy":"post_tag","embeddable":true,"href":"https:\/\/www.uartes.edu.ec\/sitio\/wp-json\/wp\/v2\/tags?post=15510"},{"taxonomy":"infouartes","embeddable":true,"href":"https:\/\/www.uartes.edu.ec\/sitio\/wp-json\/wp\/v2\/infouartes?post=15510"}],"curies":[{"name":"wp","href":"https:\/\/api.w.org\/{rel}","templated":true}]}}