{"id":1554,"date":"2018-05-15T16:20:27","date_gmt":"2018-05-15T21:20:27","guid":{"rendered":"http:\/\/www.uartes.edu.ec\/infouartes\/?p=1554"},"modified":"2024-07-04T11:53:50","modified_gmt":"2024-07-04T16:53:50","slug":"fredy-vallejos-intervendra-con-sonidos-visuales-en-el-museo-de-arte-moderno-en-argentina","status":"publish","type":"post","link":"https:\/\/www.uartes.edu.ec\/sitio\/blog\/2018\/05\/15\/fredy-vallejos-intervendra-con-sonidos-visuales-en-el-museo-de-arte-moderno-en-argentina\/","title":{"rendered":"Fredy Vallejos intervendr\u00e1 con sonidos visuales en el Museo de Arte Moderno en Argentina"},"content":{"rendered":"<p>Fredy Vallejos, artista sonoro y docente de la Universidad de las Artes del Ecuador, participa en el ciclo \u2018Escuchar [Sonidos visuales]\u2019 del Museo de Arte Moderno de Buenos Aires, Argentina. Como un peque\u00f1o festival, Escuchar combina experimentaci\u00f3n, investigaci\u00f3n, promoci\u00f3n y reivindicaci\u00f3n sonora, musical y audiovisual. Este ciclo, que cumple 20 a\u00f1os, se desarrollar\u00e1 los d\u00edas 18, 19 y 20 de mayo reuniendo a artistas argentinos y del exterior.<\/p>\n<p>Adem\u00e1s de participar en Escuchar, Vallejos dictar\u00e1 una charla magistral y brindar\u00e1 un concierto en el Instituto Superior de M\u00fasica de la Universidad Nacional\u00a0del Litoral,\u00a0en Santa Fe. Posteriormente, en la Universidad Nacional Tres de Febrero de la ciudad de Buenos Aires, el artista dictar\u00e1 una charla magistral sobre la gestualidad a trav\u00e9s de las nuevas tecnolog\u00edas, para la Maestr\u00eda en Artes Electr\u00f3nicas de esta instituci\u00f3n en la que, a trav\u00e9s del an\u00e1lisis de obras inter\/transdisciplinarias, abordar\u00e1 la relaci\u00f3n gesto-sonido con especial \u00e9nfasis en la utilizaci\u00f3n de las TICS y su influencia en el proceso creativo art\u00edstico. En en el Centro Cultural Mercedes Sosa, presentar\u00e1 MONO, un concierto inmersivo en el acusmonium de Blind Sound Experience. MONO (coproducci\u00f3n del Centro Pompidou\/IRCAM, Charleroi Danse, Centre chor\u00e9ographique de Rillieux \u2013La-Pape y STUK Kunstencentrum) es una creaci\u00f3n original para la compa\u00f1\u00eda de Danza ZOO del core\u00f3grafo suizo basado en B\u00e9lgica Thomas Hauert.<\/p>\n<p>Fredy Vallejos cerrar\u00e1 su gira con el concierto FRAGMENTS en el Museo de Arte Moderno de Buenos Aires. FRAGMENTS \u2013pieza constituida por Fragmentos o movimientos pertenecientes a diferentes obras creadas entre 2013 y 2017\u2013 propone una reflexi\u00f3n sobre la heterogeneidad como factor fundamental del mundo contempor\u00e1neo, utilizando para ello objetos sonoros contrastantes, as\u00ed como elementos ling\u00fc\u00edsticos o esc\u00e9nicos para acentuar la polifon\u00eda sensorial de la propuesta.<\/p>\n<p>Fredy Vallejos fue invitado por <a href=\"http:\/\/www.jorgeharo.com.ar\/\">Jorge Haro<\/a>, quien junto a <a href=\"http:\/\/leandrofrias.com.ar\">Leandro Frias<\/a>, cura el ciclo Escuchar en el Museo de Arte Moderno de Buenos Aires.<\/p>\n<p>Conoce la agenda de actividades que realizar\u00e1 Vallejos en Argentina<\/p>\n<ul>\n<li><strong>17 de mayo \u2013 19h00<\/strong>:\u00a0Charla magistral y concierto <em>FRAGMENTS<\/em> en el <a href=\"http:\/\/www.ism.unl.edu.ar\/noticia\/34910\/concierto_de_m%C3%BAsica_electroac%C3%BAstica_en_el_ism.html\">Instituto Superior de M\u00fasica de la Universidad Nacional\u00a0del Litoral<\/a>,\u00a0en Santa Fe.<\/li>\n<li><strong>18 de mayo \u2013 16h00: <\/strong>Charla magistral para la <a href=\"https:\/\/www.facebook.com\/phkt.art\/posts\/390456944766998\">Maestr\u00eda en Artes Electr\u00f3nicas de la Universidad Nacional\u00a0Tres de Febrero<\/a>.<\/li>\n<li><strong>18 de mayo \u2013 20h00:<\/strong> Concierto multicanal dentro del ciclo Acusm\u00e1tica \/ Electroac\u00fastica \/ Improvisaci\u00f3n Experimental, en la <a href=\"https:\/\/bue.tickethoy.com\/entradas-musica\/fredy-vallejos-blind-sound-experience-en-fundacion-mercedes-sosa\">Fundaci\u00f3n Mercedes Sosa<\/a> de Buenos Aires.<\/li>\n<li><strong>19 de mayo \u2013 20h00: <\/strong>Concierto <em>FRAGMENTS <\/em>dentro del\u00a0ciclo Escuchar en el <a href=\"http:\/\/museomoderno.org.ci7.toservers.com\/es\/programa-mayo\">Museo de Arte Moderno de Buenos Aires<\/a>.<\/li>\n<\/ul>\n","protected":false},"excerpt":{"rendered":"<p>Fredy Vallejos, artista sonoro y docente de la Universidad de las Artes del Ecuador, participa en el ciclo \u2018Escuchar [Sonidos visuales]\u2019 del Museo de Arte Moderno de Buenos Aires, Argentina. Como un peque\u00f1o festival, Escuchar combina experimentaci\u00f3n, investigaci\u00f3n, promoci\u00f3n y reivindicaci\u00f3n sonora, musical y audiovisual. Este ciclo, que cumple 20 a\u00f1os, se desarrollar\u00e1 los d\u00edas [&hellip;]<\/p>\n","protected":false},"author":1,"featured_media":1555,"comment_status":"closed","ping_status":"closed","sticky":false,"template":"","format":"standard","meta":{"_acf_changed":false,"_uag_custom_page_level_css":"","_monsterinsights_skip_tracking":false,"_monsterinsights_sitenote_active":false,"_monsterinsights_sitenote_note":"","_monsterinsights_sitenote_category":0,"cybocfi_hide_featured_image":"","footnotes":""},"categories":[75],"tags":[],"infouartes":[],"class_list":["post-1554","post","type-post","status-publish","format-standard","has-post-thumbnail","hentry","category-docentes"],"acf":[],"yoast_head":"<!-- This site is optimized with the Yoast SEO plugin v27.4 - https:\/\/yoast.com\/product\/yoast-seo-wordpress\/ -->\n<title>Universidad de las Artes - Fredy Vallejos intervendr\u00e1 con sonidos visuales en el Museo de Arte Moderno en Argentina<\/title>\n<meta name=\"description\" content=\"Universidad de las Artes - Fredy Vallejos intervendr\u00e1 con sonidos visuales en el Museo de Arte Moderno en Argentina\" \/>\n<meta name=\"robots\" content=\"index, follow, max-snippet:-1, max-image-preview:large, max-video-preview:-1\" \/>\n<link rel=\"canonical\" href=\"https:\/\/www.uartes.edu.ec\/sitio\/blog\/2018\/05\/15\/fredy-vallejos-intervendra-con-sonidos-visuales-en-el-museo-de-arte-moderno-en-argentina\/\" \/>\n<meta property=\"og:locale\" content=\"es_ES\" \/>\n<meta property=\"og:type\" content=\"article\" \/>\n<meta property=\"og:title\" content=\"Universidad de las Artes - Fredy Vallejos intervendr\u00e1 con sonidos visuales en el Museo de Arte Moderno en Argentina\" \/>\n<meta property=\"og:description\" content=\"Universidad de las Artes - Fredy Vallejos intervendr\u00e1 con sonidos visuales en el Museo de Arte Moderno en Argentina\" \/>\n<meta property=\"og:url\" content=\"https:\/\/www.uartes.edu.ec\/sitio\/blog\/2018\/05\/15\/fredy-vallejos-intervendra-con-sonidos-visuales-en-el-museo-de-arte-moderno-en-argentina\/\" \/>\n<meta property=\"og:site_name\" content=\"Universidad de las Artes\" \/>\n<meta property=\"article:publisher\" content=\"https:\/\/www.facebook.com\/uartesec\" \/>\n<meta property=\"article:published_time\" content=\"2018-05-15T21:20:27+00:00\" \/>\n<meta property=\"article:modified_time\" content=\"2024-07-04T16:53:50+00:00\" \/>\n<meta name=\"author\" content=\"Universidad de las Artes\" \/>\n<meta name=\"twitter:card\" content=\"summary_large_image\" \/>\n<meta name=\"twitter:creator\" content=\"@uartesec\" \/>\n<meta name=\"twitter:site\" content=\"@uartesec\" \/>\n<meta name=\"twitter:label1\" content=\"Escrito por\" \/>\n\t<meta name=\"twitter:data1\" content=\"Universidad de las Artes\" \/>\n\t<meta name=\"twitter:label2\" content=\"Tiempo de lectura\" \/>\n\t<meta name=\"twitter:data2\" content=\"2 minutos\" \/>\n<script type=\"application\/ld+json\" class=\"yoast-schema-graph\">{\"@context\":\"https:\\\/\\\/schema.org\",\"@graph\":[{\"@type\":\"Article\",\"@id\":\"https:\\\/\\\/www.uartes.edu.ec\\\/sitio\\\/blog\\\/2018\\\/05\\\/15\\\/fredy-vallejos-intervendra-con-sonidos-visuales-en-el-museo-de-arte-moderno-en-argentina\\\/#article\",\"isPartOf\":{\"@id\":\"https:\\\/\\\/www.uartes.edu.ec\\\/sitio\\\/blog\\\/2018\\\/05\\\/15\\\/fredy-vallejos-intervendra-con-sonidos-visuales-en-el-museo-de-arte-moderno-en-argentina\\\/\"},\"author\":{\"name\":\"Universidad de las Artes\",\"@id\":\"https:\\\/\\\/www.uartes.edu.ec\\\/sitio\\\/#\\\/schema\\\/person\\\/f33f8c1d2af0d5c80a38c8abf458184a\"},\"headline\":\"Fredy Vallejos intervendr\u00e1 con sonidos visuales en el Museo de Arte Moderno en Argentina\",\"datePublished\":\"2018-05-15T21:20:27+00:00\",\"dateModified\":\"2024-07-04T16:53:50+00:00\",\"mainEntityOfPage\":{\"@id\":\"https:\\\/\\\/www.uartes.edu.ec\\\/sitio\\\/blog\\\/2018\\\/05\\\/15\\\/fredy-vallejos-intervendra-con-sonidos-visuales-en-el-museo-de-arte-moderno-en-argentina\\\/\"},\"wordCount\":445,\"publisher\":{\"@id\":\"https:\\\/\\\/www.uartes.edu.ec\\\/sitio\\\/#organization\"},\"image\":{\"@id\":\"https:\\\/\\\/www.uartes.edu.ec\\\/sitio\\\/blog\\\/2018\\\/05\\\/15\\\/fredy-vallejos-intervendra-con-sonidos-visuales-en-el-museo-de-arte-moderno-en-argentina\\\/#primaryimage\"},\"thumbnailUrl\":\"\",\"articleSection\":[\"Docentes\"],\"inLanguage\":\"es\"},{\"@type\":[\"WebPage\",\"ItemPage\"],\"@id\":\"https:\\\/\\\/www.uartes.edu.ec\\\/sitio\\\/blog\\\/2018\\\/05\\\/15\\\/fredy-vallejos-intervendra-con-sonidos-visuales-en-el-museo-de-arte-moderno-en-argentina\\\/\",\"url\":\"https:\\\/\\\/www.uartes.edu.ec\\\/sitio\\\/blog\\\/2018\\\/05\\\/15\\\/fredy-vallejos-intervendra-con-sonidos-visuales-en-el-museo-de-arte-moderno-en-argentina\\\/\",\"name\":\"Universidad de las Artes - Fredy Vallejos intervendr\u00e1 con sonidos visuales en el Museo de Arte Moderno en Argentina\",\"isPartOf\":{\"@id\":\"https:\\\/\\\/www.uartes.edu.ec\\\/sitio\\\/#website\"},\"primaryImageOfPage\":{\"@id\":\"https:\\\/\\\/www.uartes.edu.ec\\\/sitio\\\/blog\\\/2018\\\/05\\\/15\\\/fredy-vallejos-intervendra-con-sonidos-visuales-en-el-museo-de-arte-moderno-en-argentina\\\/#primaryimage\"},\"image\":{\"@id\":\"https:\\\/\\\/www.uartes.edu.ec\\\/sitio\\\/blog\\\/2018\\\/05\\\/15\\\/fredy-vallejos-intervendra-con-sonidos-visuales-en-el-museo-de-arte-moderno-en-argentina\\\/#primaryimage\"},\"thumbnailUrl\":\"\",\"datePublished\":\"2018-05-15T21:20:27+00:00\",\"dateModified\":\"2024-07-04T16:53:50+00:00\",\"description\":\"Universidad de las Artes - Fredy Vallejos intervendr\u00e1 con sonidos visuales en el Museo de Arte Moderno en Argentina\",\"breadcrumb\":{\"@id\":\"https:\\\/\\\/www.uartes.edu.ec\\\/sitio\\\/blog\\\/2018\\\/05\\\/15\\\/fredy-vallejos-intervendra-con-sonidos-visuales-en-el-museo-de-arte-moderno-en-argentina\\\/#breadcrumb\"},\"inLanguage\":\"es\",\"potentialAction\":[{\"@type\":\"ReadAction\",\"target\":[\"https:\\\/\\\/www.uartes.edu.ec\\\/sitio\\\/blog\\\/2018\\\/05\\\/15\\\/fredy-vallejos-intervendra-con-sonidos-visuales-en-el-museo-de-arte-moderno-en-argentina\\\/\"]}]},{\"@type\":\"ImageObject\",\"inLanguage\":\"es\",\"@id\":\"https:\\\/\\\/www.uartes.edu.ec\\\/sitio\\\/blog\\\/2018\\\/05\\\/15\\\/fredy-vallejos-intervendra-con-sonidos-visuales-en-el-museo-de-arte-moderno-en-argentina\\\/#primaryimage\",\"url\":\"\",\"contentUrl\":\"\"},{\"@type\":\"BreadcrumbList\",\"@id\":\"https:\\\/\\\/www.uartes.edu.ec\\\/sitio\\\/blog\\\/2018\\\/05\\\/15\\\/fredy-vallejos-intervendra-con-sonidos-visuales-en-el-museo-de-arte-moderno-en-argentina\\\/#breadcrumb\",\"itemListElement\":[{\"@type\":\"ListItem\",\"position\":1,\"name\":\"Inicio\",\"item\":\"https:\\\/\\\/www.uartes.edu.ec\\\/sitio\\\/\"},{\"@type\":\"ListItem\",\"position\":2,\"name\":\"Fredy Vallejos intervendr\u00e1 con sonidos visuales en el Museo de Arte Moderno en Argentina\"}]},{\"@type\":\"WebSite\",\"@id\":\"https:\\\/\\\/www.uartes.edu.ec\\\/sitio\\\/#website\",\"url\":\"https:\\\/\\\/www.uartes.edu.ec\\\/sitio\\\/\",\"name\":\"Universidad de las Artes\",\"description\":\"Sitio oficial de la Universidad Nacional de las Artes del Ecuador\",\"publisher\":{\"@id\":\"https:\\\/\\\/www.uartes.edu.ec\\\/sitio\\\/#organization\"},\"potentialAction\":[{\"@type\":\"SearchAction\",\"target\":{\"@type\":\"EntryPoint\",\"urlTemplate\":\"https:\\\/\\\/www.uartes.edu.ec\\\/sitio\\\/?s={search_term_string}\"},\"query-input\":{\"@type\":\"PropertyValueSpecification\",\"valueRequired\":true,\"valueName\":\"search_term_string\"}}],\"inLanguage\":\"es\"},{\"@type\":\"Organization\",\"@id\":\"https:\\\/\\\/www.uartes.edu.ec\\\/sitio\\\/#organization\",\"name\":\"Universidad de las Artes\",\"url\":\"https:\\\/\\\/www.uartes.edu.ec\\\/sitio\\\/\",\"logo\":{\"@type\":\"ImageObject\",\"inLanguage\":\"es\",\"@id\":\"https:\\\/\\\/www.uartes.edu.ec\\\/sitio\\\/#\\\/schema\\\/logo\\\/image\\\/\",\"url\":\"https:\\\/\\\/www.uartes.edu.ec\\\/sitio\\\/wp-content\\\/uploads\\\/2022\\\/07\\\/logo-ua-horizontal.png\",\"contentUrl\":\"https:\\\/\\\/www.uartes.edu.ec\\\/sitio\\\/wp-content\\\/uploads\\\/2022\\\/07\\\/logo-ua-horizontal.png\",\"width\":800,\"height\":276,\"caption\":\"Universidad de las Artes\"},\"image\":{\"@id\":\"https:\\\/\\\/www.uartes.edu.ec\\\/sitio\\\/#\\\/schema\\\/logo\\\/image\\\/\"},\"sameAs\":[\"https:\\\/\\\/www.facebook.com\\\/uartesec\",\"https:\\\/\\\/x.com\\\/uartesec\",\"https:\\\/\\\/www.tiktok.com\\\/@uartesec\"]},{\"@type\":\"Person\",\"@id\":\"https:\\\/\\\/www.uartes.edu.ec\\\/sitio\\\/#\\\/schema\\\/person\\\/f33f8c1d2af0d5c80a38c8abf458184a\",\"name\":\"Universidad de las Artes\",\"image\":{\"@type\":\"ImageObject\",\"inLanguage\":\"es\",\"@id\":\"https:\\\/\\\/secure.gravatar.com\\\/avatar\\\/52e4757902f5cfa5ac52d020e5be83cae5487519154b6c35482fe08d589f3c13?s=96&d=mm&r=g\",\"url\":\"https:\\\/\\\/secure.gravatar.com\\\/avatar\\\/52e4757902f5cfa5ac52d020e5be83cae5487519154b6c35482fe08d589f3c13?s=96&d=mm&r=g\",\"contentUrl\":\"https:\\\/\\\/secure.gravatar.com\\\/avatar\\\/52e4757902f5cfa5ac52d020e5be83cae5487519154b6c35482fe08d589f3c13?s=96&d=mm&r=g\",\"caption\":\"Universidad de las Artes\"},\"url\":\"https:\\\/\\\/www.uartes.edu.ec\\\/sitio\\\/blog\\\/author\\\/dircomadm\\\/\"}]}<\/script>\n<!-- \/ Yoast SEO plugin. -->","yoast_head_json":{"title":"Universidad de las Artes - Fredy Vallejos intervendr\u00e1 con sonidos visuales en el Museo de Arte Moderno en Argentina","description":"Universidad de las Artes - Fredy Vallejos intervendr\u00e1 con sonidos visuales en el Museo de Arte Moderno en Argentina","robots":{"index":"index","follow":"follow","max-snippet":"max-snippet:-1","max-image-preview":"max-image-preview:large","max-video-preview":"max-video-preview:-1"},"canonical":"https:\/\/www.uartes.edu.ec\/sitio\/blog\/2018\/05\/15\/fredy-vallejos-intervendra-con-sonidos-visuales-en-el-museo-de-arte-moderno-en-argentina\/","og_locale":"es_ES","og_type":"article","og_title":"Universidad de las Artes - Fredy Vallejos intervendr\u00e1 con sonidos visuales en el Museo de Arte Moderno en Argentina","og_description":"Universidad de las Artes - Fredy Vallejos intervendr\u00e1 con sonidos visuales en el Museo de Arte Moderno en Argentina","og_url":"https:\/\/www.uartes.edu.ec\/sitio\/blog\/2018\/05\/15\/fredy-vallejos-intervendra-con-sonidos-visuales-en-el-museo-de-arte-moderno-en-argentina\/","og_site_name":"Universidad de las Artes","article_publisher":"https:\/\/www.facebook.com\/uartesec","article_published_time":"2018-05-15T21:20:27+00:00","article_modified_time":"2024-07-04T16:53:50+00:00","author":"Universidad de las Artes","twitter_card":"summary_large_image","twitter_creator":"@uartesec","twitter_site":"@uartesec","twitter_misc":{"Escrito por":"Universidad de las Artes","Tiempo de lectura":"2 minutos"},"schema":{"@context":"https:\/\/schema.org","@graph":[{"@type":"Article","@id":"https:\/\/www.uartes.edu.ec\/sitio\/blog\/2018\/05\/15\/fredy-vallejos-intervendra-con-sonidos-visuales-en-el-museo-de-arte-moderno-en-argentina\/#article","isPartOf":{"@id":"https:\/\/www.uartes.edu.ec\/sitio\/blog\/2018\/05\/15\/fredy-vallejos-intervendra-con-sonidos-visuales-en-el-museo-de-arte-moderno-en-argentina\/"},"author":{"name":"Universidad de las Artes","@id":"https:\/\/www.uartes.edu.ec\/sitio\/#\/schema\/person\/f33f8c1d2af0d5c80a38c8abf458184a"},"headline":"Fredy Vallejos intervendr\u00e1 con sonidos visuales en el Museo de Arte Moderno en Argentina","datePublished":"2018-05-15T21:20:27+00:00","dateModified":"2024-07-04T16:53:50+00:00","mainEntityOfPage":{"@id":"https:\/\/www.uartes.edu.ec\/sitio\/blog\/2018\/05\/15\/fredy-vallejos-intervendra-con-sonidos-visuales-en-el-museo-de-arte-moderno-en-argentina\/"},"wordCount":445,"publisher":{"@id":"https:\/\/www.uartes.edu.ec\/sitio\/#organization"},"image":{"@id":"https:\/\/www.uartes.edu.ec\/sitio\/blog\/2018\/05\/15\/fredy-vallejos-intervendra-con-sonidos-visuales-en-el-museo-de-arte-moderno-en-argentina\/#primaryimage"},"thumbnailUrl":"","articleSection":["Docentes"],"inLanguage":"es"},{"@type":["WebPage","ItemPage"],"@id":"https:\/\/www.uartes.edu.ec\/sitio\/blog\/2018\/05\/15\/fredy-vallejos-intervendra-con-sonidos-visuales-en-el-museo-de-arte-moderno-en-argentina\/","url":"https:\/\/www.uartes.edu.ec\/sitio\/blog\/2018\/05\/15\/fredy-vallejos-intervendra-con-sonidos-visuales-en-el-museo-de-arte-moderno-en-argentina\/","name":"Universidad de las Artes - Fredy Vallejos intervendr\u00e1 con sonidos visuales en el Museo de Arte Moderno en Argentina","isPartOf":{"@id":"https:\/\/www.uartes.edu.ec\/sitio\/#website"},"primaryImageOfPage":{"@id":"https:\/\/www.uartes.edu.ec\/sitio\/blog\/2018\/05\/15\/fredy-vallejos-intervendra-con-sonidos-visuales-en-el-museo-de-arte-moderno-en-argentina\/#primaryimage"},"image":{"@id":"https:\/\/www.uartes.edu.ec\/sitio\/blog\/2018\/05\/15\/fredy-vallejos-intervendra-con-sonidos-visuales-en-el-museo-de-arte-moderno-en-argentina\/#primaryimage"},"thumbnailUrl":"","datePublished":"2018-05-15T21:20:27+00:00","dateModified":"2024-07-04T16:53:50+00:00","description":"Universidad de las Artes - Fredy Vallejos intervendr\u00e1 con sonidos visuales en el Museo de Arte Moderno en Argentina","breadcrumb":{"@id":"https:\/\/www.uartes.edu.ec\/sitio\/blog\/2018\/05\/15\/fredy-vallejos-intervendra-con-sonidos-visuales-en-el-museo-de-arte-moderno-en-argentina\/#breadcrumb"},"inLanguage":"es","potentialAction":[{"@type":"ReadAction","target":["https:\/\/www.uartes.edu.ec\/sitio\/blog\/2018\/05\/15\/fredy-vallejos-intervendra-con-sonidos-visuales-en-el-museo-de-arte-moderno-en-argentina\/"]}]},{"@type":"ImageObject","inLanguage":"es","@id":"https:\/\/www.uartes.edu.ec\/sitio\/blog\/2018\/05\/15\/fredy-vallejos-intervendra-con-sonidos-visuales-en-el-museo-de-arte-moderno-en-argentina\/#primaryimage","url":"","contentUrl":""},{"@type":"BreadcrumbList","@id":"https:\/\/www.uartes.edu.ec\/sitio\/blog\/2018\/05\/15\/fredy-vallejos-intervendra-con-sonidos-visuales-en-el-museo-de-arte-moderno-en-argentina\/#breadcrumb","itemListElement":[{"@type":"ListItem","position":1,"name":"Inicio","item":"https:\/\/www.uartes.edu.ec\/sitio\/"},{"@type":"ListItem","position":2,"name":"Fredy Vallejos intervendr\u00e1 con sonidos visuales en el Museo de Arte Moderno en Argentina"}]},{"@type":"WebSite","@id":"https:\/\/www.uartes.edu.ec\/sitio\/#website","url":"https:\/\/www.uartes.edu.ec\/sitio\/","name":"Universidad de las Artes","description":"Sitio oficial de la Universidad Nacional de las Artes del Ecuador","publisher":{"@id":"https:\/\/www.uartes.edu.ec\/sitio\/#organization"},"potentialAction":[{"@type":"SearchAction","target":{"@type":"EntryPoint","urlTemplate":"https:\/\/www.uartes.edu.ec\/sitio\/?s={search_term_string}"},"query-input":{"@type":"PropertyValueSpecification","valueRequired":true,"valueName":"search_term_string"}}],"inLanguage":"es"},{"@type":"Organization","@id":"https:\/\/www.uartes.edu.ec\/sitio\/#organization","name":"Universidad de las Artes","url":"https:\/\/www.uartes.edu.ec\/sitio\/","logo":{"@type":"ImageObject","inLanguage":"es","@id":"https:\/\/www.uartes.edu.ec\/sitio\/#\/schema\/logo\/image\/","url":"https:\/\/www.uartes.edu.ec\/sitio\/wp-content\/uploads\/2022\/07\/logo-ua-horizontal.png","contentUrl":"https:\/\/www.uartes.edu.ec\/sitio\/wp-content\/uploads\/2022\/07\/logo-ua-horizontal.png","width":800,"height":276,"caption":"Universidad de las Artes"},"image":{"@id":"https:\/\/www.uartes.edu.ec\/sitio\/#\/schema\/logo\/image\/"},"sameAs":["https:\/\/www.facebook.com\/uartesec","https:\/\/x.com\/uartesec","https:\/\/www.tiktok.com\/@uartesec"]},{"@type":"Person","@id":"https:\/\/www.uartes.edu.ec\/sitio\/#\/schema\/person\/f33f8c1d2af0d5c80a38c8abf458184a","name":"Universidad de las Artes","image":{"@type":"ImageObject","inLanguage":"es","@id":"https:\/\/secure.gravatar.com\/avatar\/52e4757902f5cfa5ac52d020e5be83cae5487519154b6c35482fe08d589f3c13?s=96&d=mm&r=g","url":"https:\/\/secure.gravatar.com\/avatar\/52e4757902f5cfa5ac52d020e5be83cae5487519154b6c35482fe08d589f3c13?s=96&d=mm&r=g","contentUrl":"https:\/\/secure.gravatar.com\/avatar\/52e4757902f5cfa5ac52d020e5be83cae5487519154b6c35482fe08d589f3c13?s=96&d=mm&r=g","caption":"Universidad de las Artes"},"url":"https:\/\/www.uartes.edu.ec\/sitio\/blog\/author\/dircomadm\/"}]}},"uagb_featured_image_src":{"full":false,"thumbnail":false,"medium":false,"medium_large":false,"large":false,"1536x1536":false,"2048x2048":false,"trp-custom-language-flag":false,"htmega_size_585x295":false,"htmega_size_1170x536":false,"htmega_size_396x360":false,"gb-block-post-grid-landscape":false,"gb-block-post-grid-square":false,"university-hub-thumb":false,"mailpoet_newsletter_max":false},"uagb_author_info":{"display_name":"Universidad de las Artes","author_link":"https:\/\/www.uartes.edu.ec\/sitio\/blog\/author\/dircomadm\/"},"uagb_comment_info":0,"uagb_excerpt":"Fredy Vallejos, artista sonoro y docente de la Universidad de las Artes del Ecuador, participa en el ciclo \u2018Escuchar [Sonidos visuales]\u2019 del Museo de Arte Moderno de Buenos Aires, Argentina. Como un peque\u00f1o festival, Escuchar combina experimentaci\u00f3n, investigaci\u00f3n, promoci\u00f3n y reivindicaci\u00f3n sonora, musical y audiovisual. Este ciclo, que cumple 20 a\u00f1os, se desarrollar\u00e1 los d\u00edas&hellip;","featured_image_src":null,"featured_image_src_square":null,"author_info":{"display_name":"Universidad de las Artes","author_link":"https:\/\/www.uartes.edu.ec\/sitio\/blog\/author\/dircomadm\/"},"publishpress_future_workflow_manual_trigger":{"enabledWorkflows":[]},"distributor_meta":false,"distributor_terms":false,"distributor_media":false,"distributor_original_site_name":"Universidad de las Artes","distributor_original_site_url":"https:\/\/www.uartes.edu.ec\/sitio","push-errors":false,"_links":{"self":[{"href":"https:\/\/www.uartes.edu.ec\/sitio\/wp-json\/wp\/v2\/posts\/1554","targetHints":{"allow":["GET"]}}],"collection":[{"href":"https:\/\/www.uartes.edu.ec\/sitio\/wp-json\/wp\/v2\/posts"}],"about":[{"href":"https:\/\/www.uartes.edu.ec\/sitio\/wp-json\/wp\/v2\/types\/post"}],"author":[{"embeddable":true,"href":"https:\/\/www.uartes.edu.ec\/sitio\/wp-json\/wp\/v2\/users\/1"}],"replies":[{"embeddable":true,"href":"https:\/\/www.uartes.edu.ec\/sitio\/wp-json\/wp\/v2\/comments?post=1554"}],"version-history":[{"count":1,"href":"https:\/\/www.uartes.edu.ec\/sitio\/wp-json\/wp\/v2\/posts\/1554\/revisions"}],"predecessor-version":[{"id":3383,"href":"https:\/\/www.uartes.edu.ec\/sitio\/wp-json\/wp\/v2\/posts\/1554\/revisions\/3383"}],"wp:featuredmedia":[{"embeddable":true,"href":"https:\/\/www.uartes.edu.ec\/sitio\/wp-json\/"}],"wp:attachment":[{"href":"https:\/\/www.uartes.edu.ec\/sitio\/wp-json\/wp\/v2\/media?parent=1554"}],"wp:term":[{"taxonomy":"category","embeddable":true,"href":"https:\/\/www.uartes.edu.ec\/sitio\/wp-json\/wp\/v2\/categories?post=1554"},{"taxonomy":"post_tag","embeddable":true,"href":"https:\/\/www.uartes.edu.ec\/sitio\/wp-json\/wp\/v2\/tags?post=1554"},{"taxonomy":"infouartes","embeddable":true,"href":"https:\/\/www.uartes.edu.ec\/sitio\/wp-json\/wp\/v2\/infouartes?post=1554"}],"curies":[{"name":"wp","href":"https:\/\/api.w.org\/{rel}","templated":true}]}}