{"id":15854,"date":"2021-08-31T11:00:00","date_gmt":"2021-08-31T16:00:00","guid":{"rendered":"http:\/\/www.uartes.edu.ec\/sitio\/?p=15854"},"modified":"2024-07-04T11:25:57","modified_gmt":"2024-07-04T16:25:57","slug":"las-extranas-dimensiones-de-jefferson-onofre","status":"publish","type":"post","link":"https:\/\/www.uartes.edu.ec\/sitio\/blog\/2021\/09\/01\/las-extranas-dimensiones-de-jefferson-onofre\/","title":{"rendered":"Las \u201cExtra\u00f1as dimensiones\u201d de Jefferson Onofre"},"content":{"rendered":"\n<p>Entre el bien &amp; el mal, No hay barreras, Quimera y Buscando mi lugar son algunos de los t\u00edtulos de las obras que componen la muestra Extra\u00f1as dimensiones del artista Jefferson Onofre Mora. Del 1 al 7 de septiembre se mantendr\u00e1n expuestas en la Galer\u00eda del Centro de Producci\u00f3n e Innovaci\u00f3n MZ14, de la Universidad de las Artes.<\/p>\n\n\n\n<p>Trabajada en acr\u00edlico sobre lienzo y en formatos que van desde los 100cm x 120cm hasta los 200cm x 145cm, la propuesta expositiva del estudiante de la Escuela de Artes Visuales es el resultado de buscar una po\u00e9tica pict\u00f3rica personal, \u201cas\u00ed como el desarrollo de las dimensiones del ser humano que nos permiten crecer y progresar en las distintas \u00e1reas de nuestra vida para salir adelante y poder enfrentarnos a lo que nos rodea\u201d, expresa.<\/p>\n\n\n\n<p>Agrega que la carrera de Artes Visuales de la UArtes le permite expresar sus emociones y sensaciones, pero con una visi\u00f3n propia. \u201cSi bien es cierto que lo ling\u00fc\u00edstico y audible que permite relacionarse con los dem\u00e1s son sentidos que carezco, me permito expresar mis ideas, experiencias, confusiones, sue\u00f1os y anhelos represent\u00e1ndolos f\u00edsicamente para tratar de entender lo que me rodea. No para cambiarlo, pero s\u00ed para tratar de explicar el mundo que vivo, alejado del ruido, lo que no ha sido impedimento para avanzar y obtener conocimientos\u201d.<\/p>\n\n\n\n<p>Que no puede ver la Unidad de Titulaci\u00f3n porque el Consejo de Educaci\u00f3n Superior (CES) no aprueba a\u00fan el lenguaje de se\u00f1as, como su lenguaje universal, anota. Sin embargo, eso no lo ha desalentado para continuar con sus estudios hasta obtener la licenciatura.<\/p>\n\n\n\n<p>Que ha participado en muestras colectivas, como Dimensiones Variables (Volumen I y Volumen II) y que tambi\u00e9n ha llevado su trabajo a la Galer\u00eda 8A del estudiante UArtes Daniel Ochoa, la cual se llama ahora Onder, revela. En esta oportunidad comparte el espacio del MZ14 con V\u00edctor Hugo Mendoza, pero cada quien con sus respectivas exposiciones.<\/p>\n\n\n\n<p>Extra\u00f1as dimensiones se mantendr\u00e1 abierta hasta el martes 7 de septiembre; se puede visitar de lunes a s\u00e1bado, de 10:00 a 17:00.<\/p>\n\n\n\n<div class=\"wp-block-image\"><figure class=\"aligncenter size-full\"><img fetchpriority=\"high\" decoding=\"async\" width=\"2000\" height=\"1333\" src=\"http:\/\/www.uartes.edu.ec\/sitio\/wp-content\/uploads\/2021\/09\/02-EXTRANAS-DIMENSIONES-JO.jpg\" alt=\"\" class=\"wp-image-15857\" srcset=\"https:\/\/www.uartes.edu.ec\/sitio\/wp-content\/uploads\/2021\/09\/02-EXTRANAS-DIMENSIONES-JO.jpg 2000w, https:\/\/www.uartes.edu.ec\/sitio\/wp-content\/uploads\/2021\/09\/02-EXTRANAS-DIMENSIONES-JO-300x200.jpg 300w, https:\/\/www.uartes.edu.ec\/sitio\/wp-content\/uploads\/2021\/09\/02-EXTRANAS-DIMENSIONES-JO-644x429.jpg 644w, https:\/\/www.uartes.edu.ec\/sitio\/wp-content\/uploads\/2021\/09\/02-EXTRANAS-DIMENSIONES-JO-768x512.jpg 768w, https:\/\/www.uartes.edu.ec\/sitio\/wp-content\/uploads\/2021\/09\/02-EXTRANAS-DIMENSIONES-JO-1536x1024.jpg 1536w, https:\/\/www.uartes.edu.ec\/sitio\/wp-content\/uploads\/2021\/09\/02-EXTRANAS-DIMENSIONES-JO-16x12.jpg 16w, https:\/\/www.uartes.edu.ec\/sitio\/wp-content\/uploads\/2021\/09\/02-EXTRANAS-DIMENSIONES-JO-400x267.jpg 400w, https:\/\/www.uartes.edu.ec\/sitio\/wp-content\/uploads\/2021\/09\/02-EXTRANAS-DIMENSIONES-JO-600x400.jpg 600w, https:\/\/www.uartes.edu.ec\/sitio\/wp-content\/uploads\/2021\/09\/02-EXTRANAS-DIMENSIONES-JO-272x182.jpg 272w\" sizes=\"(max-width: 2000px) 100vw, 2000px\" \/><\/figure><\/div>\n\n\n\n<p>Apuntes Jefferson Onofre manifiesta que la curadur\u00eda y la museograf\u00eda de su trabajo las asumieron Ren\u00e9 Ponce y Saidel Brito, respectivamente. A continuaci\u00f3n, la opini\u00f3n del curador sobre ella: A pocos meses de nacido una jugada del destino le quit\u00f3 el habla a Onofre, en adelante todo fue visual para \u00e9l. Me permito pensar en voz alta sobre el silencio: como imagen se identifica aterrador con el vac\u00edo, con la ausencia, incluso con la muerte. La experiencia de Onofre con el silencio es indiscutible, sus pronunciamientos son cuasi gr\u00e1ficos, el lenguaje de se\u00f1as deja una estela con cada codificaci\u00f3n que realiza con las manos. En ese sentido, para entender a Onofre debemos orientarnos visualmente hacia \u00e9l.<\/p>\n\n\n\n<p>Pero, \u00bfc\u00f3mo sobrevive en los entornos sonoros? Con intensidad visual y asumiendo al silencio como una parte primordial de ese abecedario perdido que no puede ser recitado a viva voz. Pero, esos callejones sin salida que suponen sus t\u00edmpanos, abren una alternativa al silencio; desterrado el o\u00eddo, las Artes Visuales que practica Onofre recubren el silencio con p\u00e1tina de ruido que nos devuelve algo potentemente visible. En ese contexto, Onofre se orienta en contra sentido a lo audible, como un fuerte aleado de las im\u00e1genes, como un testigo ensordecido de los eventos vivientes que han determinado su espacio en el mundo.<\/p>\n\n\n\n<div class=\"wp-block-image\"><figure class=\"aligncenter size-full\"><img decoding=\"async\" width=\"2000\" height=\"1333\" src=\"http:\/\/www.uartes.edu.ec\/sitio\/wp-content\/uploads\/2021\/09\/03-EXTRANAS-DIMENSIONES-JO.jpg\" alt=\"\" class=\"wp-image-15858\" srcset=\"https:\/\/www.uartes.edu.ec\/sitio\/wp-content\/uploads\/2021\/09\/03-EXTRANAS-DIMENSIONES-JO.jpg 2000w, https:\/\/www.uartes.edu.ec\/sitio\/wp-content\/uploads\/2021\/09\/03-EXTRANAS-DIMENSIONES-JO-300x200.jpg 300w, https:\/\/www.uartes.edu.ec\/sitio\/wp-content\/uploads\/2021\/09\/03-EXTRANAS-DIMENSIONES-JO-644x429.jpg 644w, https:\/\/www.uartes.edu.ec\/sitio\/wp-content\/uploads\/2021\/09\/03-EXTRANAS-DIMENSIONES-JO-768x512.jpg 768w, https:\/\/www.uartes.edu.ec\/sitio\/wp-content\/uploads\/2021\/09\/03-EXTRANAS-DIMENSIONES-JO-1536x1024.jpg 1536w, https:\/\/www.uartes.edu.ec\/sitio\/wp-content\/uploads\/2021\/09\/03-EXTRANAS-DIMENSIONES-JO-16x12.jpg 16w, https:\/\/www.uartes.edu.ec\/sitio\/wp-content\/uploads\/2021\/09\/03-EXTRANAS-DIMENSIONES-JO-400x267.jpg 400w, https:\/\/www.uartes.edu.ec\/sitio\/wp-content\/uploads\/2021\/09\/03-EXTRANAS-DIMENSIONES-JO-600x400.jpg 600w, https:\/\/www.uartes.edu.ec\/sitio\/wp-content\/uploads\/2021\/09\/03-EXTRANAS-DIMENSIONES-JO-272x182.jpg 272w\" sizes=\"(max-width: 2000px) 100vw, 2000px\" \/><\/figure><\/div>\n\n\n\n<p>Se ha perdido la finalidad del o\u00eddo, de un sentido que amalgama comunidad y da oriente a los pasos. En esa ruta por donde deber\u00eda transitar el sonido de las cosas, escapa en contrav\u00eda la exteriorizaci\u00f3n de sus procesos mismos como individuo, un individuo m\u00e1s \u00fanico que otros.<\/p>\n","protected":false},"excerpt":{"rendered":"<p>Entre el bien &amp; el mal, No hay barreras, Quimera y Buscando mi lugar son algunos de los t\u00edtulos de las obras que componen la muestra Extra\u00f1as dimensiones del artista Jefferson Onofre Mora. Del 1 al 7 de septiembre se mantendr\u00e1n expuestas en la Galer\u00eda del Centro de Producci\u00f3n e Innovaci\u00f3n MZ14, de la Universidad [&hellip;]<\/p>\n","protected":false},"author":9,"featured_media":15856,"comment_status":"open","ping_status":"open","sticky":false,"template":"","format":"standard","meta":{"_acf_changed":false,"_uag_custom_page_level_css":"","_monsterinsights_skip_tracking":false,"_monsterinsights_sitenote_active":false,"_monsterinsights_sitenote_note":"","_monsterinsights_sitenote_category":0,"cybocfi_hide_featured_image":"","footnotes":""},"categories":[82,157,76,1],"tags":[507,39],"infouartes":[],"class_list":["post-15854","post","type-post","status-publish","format-standard","has-post-thumbnail","hentry","category-artes","category-artes-visuales","category-estudiantes","category-sin-categoria","tag-artes-visuales","tag-para-estudiantes"],"acf":[],"yoast_head":"<!-- This site is optimized with the Yoast SEO plugin v27.4 - https:\/\/yoast.com\/product\/yoast-seo-wordpress\/ -->\n<title>Universidad de las Artes - Las \u201cExtra\u00f1as dimensiones\u201d de Jefferson Onofre<\/title>\n<meta name=\"description\" content=\"Universidad de las Artes - Las \u201cExtra\u00f1as dimensiones\u201d de Jefferson Onofre\" \/>\n<meta name=\"robots\" content=\"index, follow, max-snippet:-1, max-image-preview:large, max-video-preview:-1\" \/>\n<link rel=\"canonical\" href=\"https:\/\/www.uartes.edu.ec\/sitio\/blog\/2021\/09\/01\/las-extranas-dimensiones-de-jefferson-onofre\/\" \/>\n<meta property=\"og:locale\" content=\"es_ES\" \/>\n<meta property=\"og:type\" content=\"article\" \/>\n<meta property=\"og:title\" content=\"Universidad de las Artes - Las \u201cExtra\u00f1as dimensiones\u201d de Jefferson Onofre\" \/>\n<meta property=\"og:description\" content=\"Universidad de las Artes - Las \u201cExtra\u00f1as dimensiones\u201d de Jefferson Onofre\" \/>\n<meta property=\"og:url\" content=\"https:\/\/www.uartes.edu.ec\/sitio\/blog\/2021\/09\/01\/las-extranas-dimensiones-de-jefferson-onofre\/\" \/>\n<meta property=\"og:site_name\" content=\"Universidad de las Artes\" \/>\n<meta property=\"article:publisher\" content=\"https:\/\/www.facebook.com\/uartesec\" \/>\n<meta property=\"article:published_time\" content=\"2021-08-31T16:00:00+00:00\" \/>\n<meta property=\"article:modified_time\" content=\"2024-07-04T16:25:57+00:00\" \/>\n<meta property=\"og:image\" content=\"https:\/\/www.uartes.edu.ec\/sitio\/wp-content\/uploads\/2021\/09\/01-EXTRANAS-DIMENSIONES-JO.jpg\" \/>\n\t<meta property=\"og:image:width\" content=\"2000\" \/>\n\t<meta property=\"og:image:height\" content=\"1333\" \/>\n\t<meta property=\"og:image:type\" content=\"image\/jpeg\" \/>\n<meta name=\"author\" content=\"tmariduena\" \/>\n<meta name=\"twitter:card\" content=\"summary_large_image\" \/>\n<meta name=\"twitter:creator\" content=\"@uartesec\" \/>\n<meta name=\"twitter:site\" content=\"@uartesec\" \/>\n<meta name=\"twitter:label1\" content=\"Escrito por\" \/>\n\t<meta name=\"twitter:data1\" content=\"tmariduena\" \/>\n\t<meta name=\"twitter:label2\" content=\"Tiempo de lectura\" \/>\n\t<meta name=\"twitter:data2\" content=\"4 minutos\" \/>\n<script type=\"application\/ld+json\" class=\"yoast-schema-graph\">{\"@context\":\"https:\\\/\\\/schema.org\",\"@graph\":[{\"@type\":\"Article\",\"@id\":\"https:\\\/\\\/www.uartes.edu.ec\\\/sitio\\\/blog\\\/2021\\\/09\\\/01\\\/las-extranas-dimensiones-de-jefferson-onofre\\\/#article\",\"isPartOf\":{\"@id\":\"https:\\\/\\\/www.uartes.edu.ec\\\/sitio\\\/blog\\\/2021\\\/09\\\/01\\\/las-extranas-dimensiones-de-jefferson-onofre\\\/\"},\"author\":{\"name\":\"tmariduena\",\"@id\":\"https:\\\/\\\/www.uartes.edu.ec\\\/sitio\\\/#\\\/schema\\\/person\\\/5374e8c901d217252e42ba3c04399dd6\"},\"headline\":\"Las \u201cExtra\u00f1as dimensiones\u201d de Jefferson Onofre\",\"datePublished\":\"2021-08-31T16:00:00+00:00\",\"dateModified\":\"2024-07-04T16:25:57+00:00\",\"mainEntityOfPage\":{\"@id\":\"https:\\\/\\\/www.uartes.edu.ec\\\/sitio\\\/blog\\\/2021\\\/09\\\/01\\\/las-extranas-dimensiones-de-jefferson-onofre\\\/\"},\"wordCount\":651,\"commentCount\":0,\"publisher\":{\"@id\":\"https:\\\/\\\/www.uartes.edu.ec\\\/sitio\\\/#organization\"},\"image\":{\"@id\":\"https:\\\/\\\/www.uartes.edu.ec\\\/sitio\\\/blog\\\/2021\\\/09\\\/01\\\/las-extranas-dimensiones-de-jefferson-onofre\\\/#primaryimage\"},\"thumbnailUrl\":\"https:\\\/\\\/www.uartes.edu.ec\\\/sitio\\\/wp-content\\\/uploads\\\/2021\\\/09\\\/01-EXTRANAS-DIMENSIONES-JO.jpg\",\"keywords\":[\"artes visuales\",\"para estudiantes\"],\"articleSection\":[\"Artes\",\"Artes Visuales\",\"Estudiantes\"],\"inLanguage\":\"es\",\"potentialAction\":[{\"@type\":\"CommentAction\",\"name\":\"Comment\",\"target\":[\"https:\\\/\\\/www.uartes.edu.ec\\\/sitio\\\/blog\\\/2021\\\/09\\\/01\\\/las-extranas-dimensiones-de-jefferson-onofre\\\/#respond\"]}]},{\"@type\":[\"WebPage\",\"ItemPage\"],\"@id\":\"https:\\\/\\\/www.uartes.edu.ec\\\/sitio\\\/blog\\\/2021\\\/09\\\/01\\\/las-extranas-dimensiones-de-jefferson-onofre\\\/\",\"url\":\"https:\\\/\\\/www.uartes.edu.ec\\\/sitio\\\/blog\\\/2021\\\/09\\\/01\\\/las-extranas-dimensiones-de-jefferson-onofre\\\/\",\"name\":\"Universidad de las Artes - Las \u201cExtra\u00f1as dimensiones\u201d de Jefferson Onofre\",\"isPartOf\":{\"@id\":\"https:\\\/\\\/www.uartes.edu.ec\\\/sitio\\\/#website\"},\"primaryImageOfPage\":{\"@id\":\"https:\\\/\\\/www.uartes.edu.ec\\\/sitio\\\/blog\\\/2021\\\/09\\\/01\\\/las-extranas-dimensiones-de-jefferson-onofre\\\/#primaryimage\"},\"image\":{\"@id\":\"https:\\\/\\\/www.uartes.edu.ec\\\/sitio\\\/blog\\\/2021\\\/09\\\/01\\\/las-extranas-dimensiones-de-jefferson-onofre\\\/#primaryimage\"},\"thumbnailUrl\":\"https:\\\/\\\/www.uartes.edu.ec\\\/sitio\\\/wp-content\\\/uploads\\\/2021\\\/09\\\/01-EXTRANAS-DIMENSIONES-JO.jpg\",\"datePublished\":\"2021-08-31T16:00:00+00:00\",\"dateModified\":\"2024-07-04T16:25:57+00:00\",\"description\":\"Universidad de las Artes - Las \u201cExtra\u00f1as dimensiones\u201d de Jefferson Onofre\",\"breadcrumb\":{\"@id\":\"https:\\\/\\\/www.uartes.edu.ec\\\/sitio\\\/blog\\\/2021\\\/09\\\/01\\\/las-extranas-dimensiones-de-jefferson-onofre\\\/#breadcrumb\"},\"inLanguage\":\"es\",\"potentialAction\":[{\"@type\":\"ReadAction\",\"target\":[\"https:\\\/\\\/www.uartes.edu.ec\\\/sitio\\\/blog\\\/2021\\\/09\\\/01\\\/las-extranas-dimensiones-de-jefferson-onofre\\\/\"]}]},{\"@type\":\"ImageObject\",\"inLanguage\":\"es\",\"@id\":\"https:\\\/\\\/www.uartes.edu.ec\\\/sitio\\\/blog\\\/2021\\\/09\\\/01\\\/las-extranas-dimensiones-de-jefferson-onofre\\\/#primaryimage\",\"url\":\"https:\\\/\\\/www.uartes.edu.ec\\\/sitio\\\/wp-content\\\/uploads\\\/2021\\\/09\\\/01-EXTRANAS-DIMENSIONES-JO.jpg\",\"contentUrl\":\"https:\\\/\\\/www.uartes.edu.ec\\\/sitio\\\/wp-content\\\/uploads\\\/2021\\\/09\\\/01-EXTRANAS-DIMENSIONES-JO.jpg\",\"width\":2000,\"height\":1333},{\"@type\":\"BreadcrumbList\",\"@id\":\"https:\\\/\\\/www.uartes.edu.ec\\\/sitio\\\/blog\\\/2021\\\/09\\\/01\\\/las-extranas-dimensiones-de-jefferson-onofre\\\/#breadcrumb\",\"itemListElement\":[{\"@type\":\"ListItem\",\"position\":1,\"name\":\"Inicio\",\"item\":\"https:\\\/\\\/www.uartes.edu.ec\\\/sitio\\\/\"},{\"@type\":\"ListItem\",\"position\":2,\"name\":\"Las \u201cExtra\u00f1as dimensiones\u201d de Jefferson Onofre\"}]},{\"@type\":\"WebSite\",\"@id\":\"https:\\\/\\\/www.uartes.edu.ec\\\/sitio\\\/#website\",\"url\":\"https:\\\/\\\/www.uartes.edu.ec\\\/sitio\\\/\",\"name\":\"Universidad de las Artes\",\"description\":\"Sitio oficial de la Universidad Nacional de las Artes del Ecuador\",\"publisher\":{\"@id\":\"https:\\\/\\\/www.uartes.edu.ec\\\/sitio\\\/#organization\"},\"potentialAction\":[{\"@type\":\"SearchAction\",\"target\":{\"@type\":\"EntryPoint\",\"urlTemplate\":\"https:\\\/\\\/www.uartes.edu.ec\\\/sitio\\\/?s={search_term_string}\"},\"query-input\":{\"@type\":\"PropertyValueSpecification\",\"valueRequired\":true,\"valueName\":\"search_term_string\"}}],\"inLanguage\":\"es\"},{\"@type\":\"Organization\",\"@id\":\"https:\\\/\\\/www.uartes.edu.ec\\\/sitio\\\/#organization\",\"name\":\"Universidad de las Artes\",\"url\":\"https:\\\/\\\/www.uartes.edu.ec\\\/sitio\\\/\",\"logo\":{\"@type\":\"ImageObject\",\"inLanguage\":\"es\",\"@id\":\"https:\\\/\\\/www.uartes.edu.ec\\\/sitio\\\/#\\\/schema\\\/logo\\\/image\\\/\",\"url\":\"https:\\\/\\\/www.uartes.edu.ec\\\/sitio\\\/wp-content\\\/uploads\\\/2022\\\/07\\\/logo-ua-horizontal.png\",\"contentUrl\":\"https:\\\/\\\/www.uartes.edu.ec\\\/sitio\\\/wp-content\\\/uploads\\\/2022\\\/07\\\/logo-ua-horizontal.png\",\"width\":800,\"height\":276,\"caption\":\"Universidad de las Artes\"},\"image\":{\"@id\":\"https:\\\/\\\/www.uartes.edu.ec\\\/sitio\\\/#\\\/schema\\\/logo\\\/image\\\/\"},\"sameAs\":[\"https:\\\/\\\/www.facebook.com\\\/uartesec\",\"https:\\\/\\\/x.com\\\/uartesec\",\"https:\\\/\\\/www.tiktok.com\\\/@uartesec\"]},{\"@type\":\"Person\",\"@id\":\"https:\\\/\\\/www.uartes.edu.ec\\\/sitio\\\/#\\\/schema\\\/person\\\/5374e8c901d217252e42ba3c04399dd6\",\"name\":\"tmariduena\",\"image\":{\"@type\":\"ImageObject\",\"inLanguage\":\"es\",\"@id\":\"https:\\\/\\\/secure.gravatar.com\\\/avatar\\\/20778b5ee784b2262381c66dd01e01078412c554f20b8232234574602e22ba24?s=96&d=mm&r=g\",\"url\":\"https:\\\/\\\/secure.gravatar.com\\\/avatar\\\/20778b5ee784b2262381c66dd01e01078412c554f20b8232234574602e22ba24?s=96&d=mm&r=g\",\"contentUrl\":\"https:\\\/\\\/secure.gravatar.com\\\/avatar\\\/20778b5ee784b2262381c66dd01e01078412c554f20b8232234574602e22ba24?s=96&d=mm&r=g\",\"caption\":\"tmariduena\"},\"url\":\"https:\\\/\\\/www.uartes.edu.ec\\\/sitio\\\/blog\\\/author\\\/tmariduena\\\/\"}]}<\/script>\n<!-- \/ Yoast SEO plugin. -->","yoast_head_json":{"title":"Universidad de las Artes - Las \u201cExtra\u00f1as dimensiones\u201d de Jefferson Onofre","description":"Universidad de las Artes - Las \u201cExtra\u00f1as dimensiones\u201d de Jefferson Onofre","robots":{"index":"index","follow":"follow","max-snippet":"max-snippet:-1","max-image-preview":"max-image-preview:large","max-video-preview":"max-video-preview:-1"},"canonical":"https:\/\/www.uartes.edu.ec\/sitio\/blog\/2021\/09\/01\/las-extranas-dimensiones-de-jefferson-onofre\/","og_locale":"es_ES","og_type":"article","og_title":"Universidad de las Artes - Las \u201cExtra\u00f1as dimensiones\u201d de Jefferson Onofre","og_description":"Universidad de las Artes - Las \u201cExtra\u00f1as dimensiones\u201d de Jefferson Onofre","og_url":"https:\/\/www.uartes.edu.ec\/sitio\/blog\/2021\/09\/01\/las-extranas-dimensiones-de-jefferson-onofre\/","og_site_name":"Universidad de las Artes","article_publisher":"https:\/\/www.facebook.com\/uartesec","article_published_time":"2021-08-31T16:00:00+00:00","article_modified_time":"2024-07-04T16:25:57+00:00","og_image":[{"width":2000,"height":1333,"url":"https:\/\/www.uartes.edu.ec\/sitio\/wp-content\/uploads\/2021\/09\/01-EXTRANAS-DIMENSIONES-JO.jpg","type":"image\/jpeg"}],"author":"tmariduena","twitter_card":"summary_large_image","twitter_creator":"@uartesec","twitter_site":"@uartesec","twitter_misc":{"Escrito por":"tmariduena","Tiempo de lectura":"4 minutos"},"schema":{"@context":"https:\/\/schema.org","@graph":[{"@type":"Article","@id":"https:\/\/www.uartes.edu.ec\/sitio\/blog\/2021\/09\/01\/las-extranas-dimensiones-de-jefferson-onofre\/#article","isPartOf":{"@id":"https:\/\/www.uartes.edu.ec\/sitio\/blog\/2021\/09\/01\/las-extranas-dimensiones-de-jefferson-onofre\/"},"author":{"name":"tmariduena","@id":"https:\/\/www.uartes.edu.ec\/sitio\/#\/schema\/person\/5374e8c901d217252e42ba3c04399dd6"},"headline":"Las \u201cExtra\u00f1as dimensiones\u201d de Jefferson Onofre","datePublished":"2021-08-31T16:00:00+00:00","dateModified":"2024-07-04T16:25:57+00:00","mainEntityOfPage":{"@id":"https:\/\/www.uartes.edu.ec\/sitio\/blog\/2021\/09\/01\/las-extranas-dimensiones-de-jefferson-onofre\/"},"wordCount":651,"commentCount":0,"publisher":{"@id":"https:\/\/www.uartes.edu.ec\/sitio\/#organization"},"image":{"@id":"https:\/\/www.uartes.edu.ec\/sitio\/blog\/2021\/09\/01\/las-extranas-dimensiones-de-jefferson-onofre\/#primaryimage"},"thumbnailUrl":"https:\/\/www.uartes.edu.ec\/sitio\/wp-content\/uploads\/2021\/09\/01-EXTRANAS-DIMENSIONES-JO.jpg","keywords":["artes visuales","para estudiantes"],"articleSection":["Artes","Artes Visuales","Estudiantes"],"inLanguage":"es","potentialAction":[{"@type":"CommentAction","name":"Comment","target":["https:\/\/www.uartes.edu.ec\/sitio\/blog\/2021\/09\/01\/las-extranas-dimensiones-de-jefferson-onofre\/#respond"]}]},{"@type":["WebPage","ItemPage"],"@id":"https:\/\/www.uartes.edu.ec\/sitio\/blog\/2021\/09\/01\/las-extranas-dimensiones-de-jefferson-onofre\/","url":"https:\/\/www.uartes.edu.ec\/sitio\/blog\/2021\/09\/01\/las-extranas-dimensiones-de-jefferson-onofre\/","name":"Universidad de las Artes - Las \u201cExtra\u00f1as dimensiones\u201d de Jefferson Onofre","isPartOf":{"@id":"https:\/\/www.uartes.edu.ec\/sitio\/#website"},"primaryImageOfPage":{"@id":"https:\/\/www.uartes.edu.ec\/sitio\/blog\/2021\/09\/01\/las-extranas-dimensiones-de-jefferson-onofre\/#primaryimage"},"image":{"@id":"https:\/\/www.uartes.edu.ec\/sitio\/blog\/2021\/09\/01\/las-extranas-dimensiones-de-jefferson-onofre\/#primaryimage"},"thumbnailUrl":"https:\/\/www.uartes.edu.ec\/sitio\/wp-content\/uploads\/2021\/09\/01-EXTRANAS-DIMENSIONES-JO.jpg","datePublished":"2021-08-31T16:00:00+00:00","dateModified":"2024-07-04T16:25:57+00:00","description":"Universidad de las Artes - Las \u201cExtra\u00f1as dimensiones\u201d de Jefferson Onofre","breadcrumb":{"@id":"https:\/\/www.uartes.edu.ec\/sitio\/blog\/2021\/09\/01\/las-extranas-dimensiones-de-jefferson-onofre\/#breadcrumb"},"inLanguage":"es","potentialAction":[{"@type":"ReadAction","target":["https:\/\/www.uartes.edu.ec\/sitio\/blog\/2021\/09\/01\/las-extranas-dimensiones-de-jefferson-onofre\/"]}]},{"@type":"ImageObject","inLanguage":"es","@id":"https:\/\/www.uartes.edu.ec\/sitio\/blog\/2021\/09\/01\/las-extranas-dimensiones-de-jefferson-onofre\/#primaryimage","url":"https:\/\/www.uartes.edu.ec\/sitio\/wp-content\/uploads\/2021\/09\/01-EXTRANAS-DIMENSIONES-JO.jpg","contentUrl":"https:\/\/www.uartes.edu.ec\/sitio\/wp-content\/uploads\/2021\/09\/01-EXTRANAS-DIMENSIONES-JO.jpg","width":2000,"height":1333},{"@type":"BreadcrumbList","@id":"https:\/\/www.uartes.edu.ec\/sitio\/blog\/2021\/09\/01\/las-extranas-dimensiones-de-jefferson-onofre\/#breadcrumb","itemListElement":[{"@type":"ListItem","position":1,"name":"Inicio","item":"https:\/\/www.uartes.edu.ec\/sitio\/"},{"@type":"ListItem","position":2,"name":"Las \u201cExtra\u00f1as dimensiones\u201d de Jefferson Onofre"}]},{"@type":"WebSite","@id":"https:\/\/www.uartes.edu.ec\/sitio\/#website","url":"https:\/\/www.uartes.edu.ec\/sitio\/","name":"Universidad de las Artes","description":"Sitio oficial de la Universidad Nacional de las Artes del Ecuador","publisher":{"@id":"https:\/\/www.uartes.edu.ec\/sitio\/#organization"},"potentialAction":[{"@type":"SearchAction","target":{"@type":"EntryPoint","urlTemplate":"https:\/\/www.uartes.edu.ec\/sitio\/?s={search_term_string}"},"query-input":{"@type":"PropertyValueSpecification","valueRequired":true,"valueName":"search_term_string"}}],"inLanguage":"es"},{"@type":"Organization","@id":"https:\/\/www.uartes.edu.ec\/sitio\/#organization","name":"Universidad de las Artes","url":"https:\/\/www.uartes.edu.ec\/sitio\/","logo":{"@type":"ImageObject","inLanguage":"es","@id":"https:\/\/www.uartes.edu.ec\/sitio\/#\/schema\/logo\/image\/","url":"https:\/\/www.uartes.edu.ec\/sitio\/wp-content\/uploads\/2022\/07\/logo-ua-horizontal.png","contentUrl":"https:\/\/www.uartes.edu.ec\/sitio\/wp-content\/uploads\/2022\/07\/logo-ua-horizontal.png","width":800,"height":276,"caption":"Universidad de las Artes"},"image":{"@id":"https:\/\/www.uartes.edu.ec\/sitio\/#\/schema\/logo\/image\/"},"sameAs":["https:\/\/www.facebook.com\/uartesec","https:\/\/x.com\/uartesec","https:\/\/www.tiktok.com\/@uartesec"]},{"@type":"Person","@id":"https:\/\/www.uartes.edu.ec\/sitio\/#\/schema\/person\/5374e8c901d217252e42ba3c04399dd6","name":"tmariduena","image":{"@type":"ImageObject","inLanguage":"es","@id":"https:\/\/secure.gravatar.com\/avatar\/20778b5ee784b2262381c66dd01e01078412c554f20b8232234574602e22ba24?s=96&d=mm&r=g","url":"https:\/\/secure.gravatar.com\/avatar\/20778b5ee784b2262381c66dd01e01078412c554f20b8232234574602e22ba24?s=96&d=mm&r=g","contentUrl":"https:\/\/secure.gravatar.com\/avatar\/20778b5ee784b2262381c66dd01e01078412c554f20b8232234574602e22ba24?s=96&d=mm&r=g","caption":"tmariduena"},"url":"https:\/\/www.uartes.edu.ec\/sitio\/blog\/author\/tmariduena\/"}]}},"uagb_featured_image_src":{"full":["https:\/\/www.uartes.edu.ec\/sitio\/wp-content\/uploads\/2021\/09\/01-EXTRANAS-DIMENSIONES-JO.jpg",2000,1333,false],"thumbnail":["https:\/\/www.uartes.edu.ec\/sitio\/wp-content\/uploads\/2021\/09\/01-EXTRANAS-DIMENSIONES-JO-150x150.jpg",150,150,true],"medium":["https:\/\/www.uartes.edu.ec\/sitio\/wp-content\/uploads\/2021\/09\/01-EXTRANAS-DIMENSIONES-JO-300x200.jpg",300,200,true],"medium_large":["https:\/\/www.uartes.edu.ec\/sitio\/wp-content\/uploads\/2021\/09\/01-EXTRANAS-DIMENSIONES-JO-768x512.jpg",768,512,true],"large":["https:\/\/www.uartes.edu.ec\/sitio\/wp-content\/uploads\/2021\/09\/01-EXTRANAS-DIMENSIONES-JO-644x429.jpg",644,429,true],"1536x1536":["https:\/\/www.uartes.edu.ec\/sitio\/wp-content\/uploads\/2021\/09\/01-EXTRANAS-DIMENSIONES-JO-1536x1024.jpg",1536,1024,true],"2048x2048":["https:\/\/www.uartes.edu.ec\/sitio\/wp-content\/uploads\/2021\/09\/01-EXTRANAS-DIMENSIONES-JO.jpg",2000,1333,false],"trp-custom-language-flag":["https:\/\/www.uartes.edu.ec\/sitio\/wp-content\/uploads\/2021\/09\/01-EXTRANAS-DIMENSIONES-JO-16x12.jpg",16,12,true],"htmega_size_585x295":["https:\/\/www.uartes.edu.ec\/sitio\/wp-content\/uploads\/2021\/09\/01-EXTRANAS-DIMENSIONES-JO-585x295.jpg",585,295,true],"htmega_size_1170x536":["https:\/\/www.uartes.edu.ec\/sitio\/wp-content\/uploads\/2021\/09\/01-EXTRANAS-DIMENSIONES-JO-1170x536.jpg",1170,536,true],"htmega_size_396x360":["https:\/\/www.uartes.edu.ec\/sitio\/wp-content\/uploads\/2021\/09\/01-EXTRANAS-DIMENSIONES-JO-396x360.jpg",396,360,true],"gb-block-post-grid-landscape":["https:\/\/www.uartes.edu.ec\/sitio\/wp-content\/uploads\/2021\/09\/01-EXTRANAS-DIMENSIONES-JO.jpg",600,400,false],"gb-block-post-grid-square":["https:\/\/www.uartes.edu.ec\/sitio\/wp-content\/uploads\/2021\/09\/01-EXTRANAS-DIMENSIONES-JO.jpg",600,400,false],"university-hub-thumb":["https:\/\/www.uartes.edu.ec\/sitio\/wp-content\/uploads\/2021\/09\/01-EXTRANAS-DIMENSIONES-JO-400x267.jpg",400,267,true]},"uagb_author_info":{"display_name":"tmariduena","author_link":"https:\/\/www.uartes.edu.ec\/sitio\/blog\/author\/tmariduena\/"},"uagb_comment_info":0,"uagb_excerpt":"Entre el bien &amp; el mal, No hay barreras, Quimera y Buscando mi lugar son algunos de los t\u00edtulos de las obras que componen la muestra Extra\u00f1as dimensiones del artista Jefferson Onofre Mora. Del 1 al 7 de septiembre se mantendr\u00e1n expuestas en la Galer\u00eda del Centro de Producci\u00f3n e Innovaci\u00f3n MZ14, de la Universidad&hellip;","featured_image_src":"https:\/\/www.uartes.edu.ec\/sitio\/wp-content\/uploads\/2021\/09\/01-EXTRANAS-DIMENSIONES-JO.jpg","featured_image_src_square":"https:\/\/www.uartes.edu.ec\/sitio\/wp-content\/uploads\/2021\/09\/01-EXTRANAS-DIMENSIONES-JO.jpg","author_info":{"display_name":"tmariduena","author_link":"https:\/\/www.uartes.edu.ec\/sitio\/blog\/author\/tmariduena\/"},"publishpress_future_workflow_manual_trigger":{"enabledWorkflows":[]},"distributor_meta":false,"distributor_terms":false,"distributor_media":false,"distributor_original_site_name":"Universidad de las Artes","distributor_original_site_url":"https:\/\/www.uartes.edu.ec\/sitio","push-errors":false,"_links":{"self":[{"href":"https:\/\/www.uartes.edu.ec\/sitio\/wp-json\/wp\/v2\/posts\/15854","targetHints":{"allow":["GET"]}}],"collection":[{"href":"https:\/\/www.uartes.edu.ec\/sitio\/wp-json\/wp\/v2\/posts"}],"about":[{"href":"https:\/\/www.uartes.edu.ec\/sitio\/wp-json\/wp\/v2\/types\/post"}],"author":[{"embeddable":true,"href":"https:\/\/www.uartes.edu.ec\/sitio\/wp-json\/wp\/v2\/users\/9"}],"replies":[{"embeddable":true,"href":"https:\/\/www.uartes.edu.ec\/sitio\/wp-json\/wp\/v2\/comments?post=15854"}],"version-history":[{"count":2,"href":"https:\/\/www.uartes.edu.ec\/sitio\/wp-json\/wp\/v2\/posts\/15854\/revisions"}],"predecessor-version":[{"id":15859,"href":"https:\/\/www.uartes.edu.ec\/sitio\/wp-json\/wp\/v2\/posts\/15854\/revisions\/15859"}],"wp:featuredmedia":[{"embeddable":true,"href":"https:\/\/www.uartes.edu.ec\/sitio\/wp-json\/wp\/v2\/media\/15856"}],"wp:attachment":[{"href":"https:\/\/www.uartes.edu.ec\/sitio\/wp-json\/wp\/v2\/media?parent=15854"}],"wp:term":[{"taxonomy":"category","embeddable":true,"href":"https:\/\/www.uartes.edu.ec\/sitio\/wp-json\/wp\/v2\/categories?post=15854"},{"taxonomy":"post_tag","embeddable":true,"href":"https:\/\/www.uartes.edu.ec\/sitio\/wp-json\/wp\/v2\/tags?post=15854"},{"taxonomy":"infouartes","embeddable":true,"href":"https:\/\/www.uartes.edu.ec\/sitio\/wp-json\/wp\/v2\/infouartes?post=15854"}],"curies":[{"name":"wp","href":"https:\/\/api.w.org\/{rel}","templated":true}]}}