{"id":15953,"date":"2021-09-10T16:00:00","date_gmt":"2021-09-10T21:00:00","guid":{"rendered":"http:\/\/www.uartes.edu.ec\/sitio\/?p=15953"},"modified":"2024-07-04T11:25:34","modified_gmt":"2024-07-04T16:25:34","slug":"firma-de-convenio-entre-uartes-y-mane-propicio-la-feria-de-iniciativa-de-proyectos-en-el-noroeste","status":"publish","type":"post","link":"https:\/\/www.uartes.edu.ec\/sitio\/blog\/2021\/09\/10\/firma-de-convenio-entre-uartes-y-mane-propicio-la-feria-de-iniciativa-de-proyectos-en-el-noroeste\/","title":{"rendered":"Firma de convenio entre UArtes y MANE propici\u00f3 la Feria de Iniciativa de Proyectos en el Noroeste"},"content":{"rendered":"\n<p>Con la presentaci\u00f3n del Ensamble de Violines del Proyecto Semillero de Talentos, as\u00ed como la proyecci\u00f3n de un video de labor en territorio, se inici\u00f3 la ma\u00f1ana de este viernes 10 de septiembre de 2021 el acto de suscripci\u00f3n del Convenio Marco de Cooperaci\u00f3n Interinstitucional entre la Universidad de las Artes (UArtes) y la Misi\u00f3n Alianza de Noruega en Ecuador (MANE).<\/p>\n\n\n\n<p>La firma se realiz\u00f3 en la Sala R\u00eda, de la Biblioteca de las Artes. Por la UArtes, su vicerrector Acad\u00e9mico, Dr. Bradley Hilgert \u2013en subrogaci\u00f3n del rector, Dr. William Herrera R\u00edos\u2013, y por la MANE su director, Soc. Javier Guti\u00e9rrez. En su contenido, el convenio se\u00f1ala como objetivo el desarrollo de programas, proyectos y actividades acad\u00e9micas, de investigaci\u00f3n y de Vinculaci\u00f3n con la Sociedad a favor de la creaci\u00f3n art\u00edstica y el intercambio y circulaci\u00f3n de conocimientos diversos, para contribuir al fortalecimiento de capacidades comunitarias y la transformaci\u00f3n sociocultural en Guayaquil.<\/p>\n\n\n\n<figure class=\"wp-block-image size-full\"><img fetchpriority=\"high\" decoding=\"async\" width=\"2000\" height=\"1333\" src=\"http:\/\/www.uartes.edu.ec\/sitio\/wp-content\/uploads\/2021\/09\/WEB-01-UARTES-MISION-ALIANZA.webp\" alt=\"\" class=\"wp-image-15955\" \/><\/figure>\n\n\n\n<p>Del trabajo en territorio de MANE se escucharon los testimonios de Susana Mu\u00f1oz, de la comunidad La Realidad del Noroeste y de la lideresa comunitaria de la Cooperativa Sergio Toral.<\/p>\n\n\n\n<p>La presentaci\u00f3n del Cuerpo de Baile del Proyecto Semillero de Talentos marc\u00f3 el cierre de la cita, pero no de la jornada, puesto que seguidamente se realiz\u00f3 una visita con recorrido guiado por la Biblioteca de las Artes y el Centro de Producci\u00f3n e Innovaci\u00f3n MZ14.<\/p>\n\n\n\n<figure class=\"wp-block-image size-full\"><img decoding=\"async\" width=\"2000\" height=\"1333\" src=\"http:\/\/www.uartes.edu.ec\/sitio\/wp-content\/uploads\/2021\/09\/WEB-03-UARTES-MISION-ALIANZA.webp\" alt=\"\" class=\"wp-image-15956\" \/><\/figure>\n\n\n\n<p>As\u00ed tambi\u00e9n, como parte de la consolidaci\u00f3n del relacionamiento entre la UArtes y la MANE, desde las 14:00 hasta las 17:00 se program\u00f3 en el Pasaje Illingworth (edificio de la Gobernaci\u00f3n, Malec\u00f3n Sim\u00f3n Bol\u00edvar y Aguirre) la Feria de Iniciativa de Proyectos en el Noroeste, a fin de visibilizar el trabajo de la Misi\u00f3n Alianza de Noruega en Ecuador en una de sus zonas de intervenci\u00f3n: el sector de Monte Sina\u00ed, y propiciar el acercamiento de la comunidad beneficiaria con la Universidad de las Artes y sus distintos espacios para el desarrollo de las artes, el conocimiento y la cultura.<\/p>\n\n\n\n<p>Observando todas las medidas de bioseguridad y con un aforo permitido de 150 personas, la feria, denominada Arte, Vida y Color en Monte Sina\u00ed, present\u00f3 diez mesas de emprendimientos y otras diez de asesor\u00eda y asistencia. Durante su desarrollo hubo, adem\u00e1s, las presentaciones art\u00edsticas de la Orquesta Sinf\u00f3nica del Noroeste, de los Grupos Musical y de Baile de la Fundaci\u00f3n Nausan y de los Cuerpos de Baile de los Centros Creer y del Proyecto Semillero de Talentos.<\/p>\n\n\n\n<p><strong>Apuntes<br><\/strong>Misi\u00f3n Alianza de Noruega en Ecuador es una ONG de cooperaci\u00f3n internacional al desarrollo (misionera, diaconal e interdenominacional) con sede en Oslo (Noruega), que consiste en una amplia alianza de individuos, grupos, iglesias, organizaciones externas y socios. Trabaja en Guayaquil desde 1994 en zonas de mayor vulnerabilidad social. Cuenta con el respaldo y la confianza de la poblaci\u00f3n y del Estado ecuatoriano. Est\u00e1 tambi\u00e9n presente en China, Camboya, Filipinas, Nepal, Vietnam, Liberia, Sierra Leona, Nepal, Brasil y Bolivia.<\/p>\n\n\n\n<p>El concepto de \u201cDiacon\u00eda\u201d describe el trabajo de la MANE con un fuerte compromiso con los m\u00e1s vulnerables y con la justicia social, desde la misi\u00f3n de la Iglesia. Sus acciones permiten trabajar en unidad, amor y ayudar a quienes m\u00e1s sufren. As\u00ed, desde su gesti\u00f3n contribuye al desarrollo socioecon\u00f3mico de los habitantes de estos sectores vulnerables y a la formaci\u00f3n art\u00edstica de los m\u00e1s j\u00f3venes, desde la m\u00fasica y la danza. Esta organizaci\u00f3n trabaja con otras con las cuales la UArtes desarrolla procesos, como el Comit\u00e9 por la Defensa de los Derechos Humanos (CDH) y el Centro Ecuatoriano para la Promoci\u00f3n y Acci\u00f3n de la Mujer (CEPAM).<\/p>\n\n\n\n<p>Cabe destacar que Misi\u00f3n Alianza de Noruega en Ecuador desarrolla actividades comunitarias en territorios donde la Universidad de las Artes efect\u00faa tambi\u00e9n procesos, como el sector de Monte Sina\u00ed y otros en el Noroeste de Guayaquil.<\/p>\n\n\n\n<p>La UArtes est\u00e1 interesada profundamente en potenciar el alcance de los objetivos art\u00edsticos con el apoyo de la MANE, a trav\u00e9s de la cooperaci\u00f3n entre ambas instituciones para la creaci\u00f3n conjunta de agendas que beneficien a ni\u00f1os y adolescentes de las comunidades del Noroeste de la ciudad, as\u00ed como tambi\u00e9n a los estudiantes de sus carreras, mediante la inserci\u00f3n en actividades y proyectos que permitan tanto el desarrollo de pr\u00e1cticas preprofesionales como de servicio comunitario.<\/p>\n\n\n\n<p><br><a href=\"http:\/\/www.misionalianza.org\/\" target=\"_blank\" rel=\"noreferrer noopener\">www.misionalianza.org<\/a>&nbsp;\/ @MisionAlianzaEc<br><a href=\"http:\/\/www.uartes.edu.ec\/\" target=\"_blank\" rel=\"noreferrer noopener\">www.uartes.edu.ec<\/a>&nbsp;\/ @UArtesEc<\/p>\n","protected":false},"excerpt":{"rendered":"<p>Con la presentaci\u00f3n del Ensamble de Violines del Proyecto Semillero de Talentos, as\u00ed como la proyecci\u00f3n de un video de labor en territorio, se inici\u00f3 la ma\u00f1ana de este viernes 10 de septiembre de 2021 el acto de suscripci\u00f3n del Convenio Marco de Cooperaci\u00f3n Interinstitucional entre la Universidad de las Artes (UArtes) y la Misi\u00f3n [&hellip;]<\/p>\n","protected":false},"author":10,"featured_media":15954,"comment_status":"open","ping_status":"open","sticky":false,"template":"","format":"standard","meta":{"_acf_changed":false,"_uag_custom_page_level_css":"","_monsterinsights_skip_tracking":false,"_monsterinsights_sitenote_active":false,"_monsterinsights_sitenote_note":"","_monsterinsights_sitenote_category":0,"cybocfi_hide_featured_image":"","footnotes":""},"categories":[438,84],"tags":[406,405],"infouartes":[],"class_list":["post-15953","post","type-post","status-publish","format-standard","has-post-thumbnail","hentry","category-administrativos","category-rectorado","tag-bradley-hilgert","tag-william-herrera"],"acf":[],"yoast_head":"<!-- This site is optimized with the Yoast SEO plugin v27.4 - https:\/\/yoast.com\/product\/yoast-seo-wordpress\/ -->\n<title>Universidad de las Artes - Firma de convenio entre UArtes y MANE propici\u00f3 la Feria de Iniciativa de Proyectos en el Noroeste<\/title>\n<meta name=\"description\" content=\"Universidad de las Artes - Firma de convenio entre UArtes y MANE propici\u00f3 la Feria de Iniciativa de Proyectos en el Noroeste\" \/>\n<meta name=\"robots\" content=\"index, follow, max-snippet:-1, max-image-preview:large, max-video-preview:-1\" \/>\n<link rel=\"canonical\" href=\"https:\/\/www.uartes.edu.ec\/sitio\/blog\/2021\/09\/10\/firma-de-convenio-entre-uartes-y-mane-propicio-la-feria-de-iniciativa-de-proyectos-en-el-noroeste\/\" \/>\n<meta property=\"og:locale\" content=\"es_ES\" \/>\n<meta property=\"og:type\" content=\"article\" \/>\n<meta property=\"og:title\" content=\"Universidad de las Artes - Firma de convenio entre UArtes y MANE propici\u00f3 la Feria de Iniciativa de Proyectos en el Noroeste\" \/>\n<meta property=\"og:description\" content=\"Universidad de las Artes - Firma de convenio entre UArtes y MANE propici\u00f3 la Feria de Iniciativa de Proyectos en el Noroeste\" \/>\n<meta property=\"og:url\" content=\"https:\/\/www.uartes.edu.ec\/sitio\/blog\/2021\/09\/10\/firma-de-convenio-entre-uartes-y-mane-propicio-la-feria-de-iniciativa-de-proyectos-en-el-noroeste\/\" \/>\n<meta property=\"og:site_name\" content=\"Universidad de las Artes\" \/>\n<meta property=\"article:publisher\" content=\"https:\/\/www.facebook.com\/uartesec\" \/>\n<meta property=\"article:published_time\" content=\"2021-09-10T21:00:00+00:00\" \/>\n<meta property=\"article:modified_time\" content=\"2024-07-04T16:25:34+00:00\" \/>\n<meta property=\"og:image\" content=\"https:\/\/www.uartes.edu.ec\/sitio\/wp-content\/uploads\/2021\/09\/WEB-02-UARTES-MISION-ALIANZA.webp\" \/>\n\t<meta property=\"og:image:width\" content=\"2000\" \/>\n\t<meta property=\"og:image:height\" content=\"1333\" \/>\n\t<meta property=\"og:image:type\" content=\"image\/webp\" \/>\n<meta name=\"author\" content=\"ccortez\" \/>\n<meta name=\"twitter:card\" content=\"summary_large_image\" \/>\n<meta name=\"twitter:creator\" content=\"@uartesec\" \/>\n<meta name=\"twitter:site\" content=\"@uartesec\" \/>\n<meta name=\"twitter:label1\" content=\"Escrito por\" \/>\n\t<meta name=\"twitter:data1\" content=\"ccortez\" \/>\n\t<meta name=\"twitter:label2\" content=\"Tiempo de lectura\" \/>\n\t<meta name=\"twitter:data2\" content=\"4 minutos\" \/>\n<script type=\"application\/ld+json\" class=\"yoast-schema-graph\">{\"@context\":\"https:\\\/\\\/schema.org\",\"@graph\":[{\"@type\":\"Article\",\"@id\":\"https:\\\/\\\/www.uartes.edu.ec\\\/sitio\\\/blog\\\/2021\\\/09\\\/10\\\/firma-de-convenio-entre-uartes-y-mane-propicio-la-feria-de-iniciativa-de-proyectos-en-el-noroeste\\\/#article\",\"isPartOf\":{\"@id\":\"https:\\\/\\\/www.uartes.edu.ec\\\/sitio\\\/blog\\\/2021\\\/09\\\/10\\\/firma-de-convenio-entre-uartes-y-mane-propicio-la-feria-de-iniciativa-de-proyectos-en-el-noroeste\\\/\"},\"author\":{\"name\":\"ccortez\",\"@id\":\"https:\\\/\\\/www.uartes.edu.ec\\\/sitio\\\/#\\\/schema\\\/person\\\/efa1b8275797664fd7f13a79ccc0b1f4\"},\"headline\":\"Firma de convenio entre UArtes y MANE propici\u00f3 la Feria de Iniciativa de Proyectos en el Noroeste\",\"datePublished\":\"2021-09-10T21:00:00+00:00\",\"dateModified\":\"2024-07-04T16:25:34+00:00\",\"mainEntityOfPage\":{\"@id\":\"https:\\\/\\\/www.uartes.edu.ec\\\/sitio\\\/blog\\\/2021\\\/09\\\/10\\\/firma-de-convenio-entre-uartes-y-mane-propicio-la-feria-de-iniciativa-de-proyectos-en-el-noroeste\\\/\"},\"wordCount\":790,\"commentCount\":0,\"publisher\":{\"@id\":\"https:\\\/\\\/www.uartes.edu.ec\\\/sitio\\\/#organization\"},\"image\":{\"@id\":\"https:\\\/\\\/www.uartes.edu.ec\\\/sitio\\\/blog\\\/2021\\\/09\\\/10\\\/firma-de-convenio-entre-uartes-y-mane-propicio-la-feria-de-iniciativa-de-proyectos-en-el-noroeste\\\/#primaryimage\"},\"thumbnailUrl\":\"https:\\\/\\\/www.uartes.edu.ec\\\/sitio\\\/wp-content\\\/uploads\\\/2021\\\/09\\\/WEB-02-UARTES-MISION-ALIANZA.webp\",\"keywords\":[\"Bradley Hilgert\",\"William Herrera\"],\"articleSection\":[\"Administrativos\",\"Rectorado\"],\"inLanguage\":\"es\",\"potentialAction\":[{\"@type\":\"CommentAction\",\"name\":\"Comment\",\"target\":[\"https:\\\/\\\/www.uartes.edu.ec\\\/sitio\\\/blog\\\/2021\\\/09\\\/10\\\/firma-de-convenio-entre-uartes-y-mane-propicio-la-feria-de-iniciativa-de-proyectos-en-el-noroeste\\\/#respond\"]}]},{\"@type\":[\"WebPage\",\"ItemPage\"],\"@id\":\"https:\\\/\\\/www.uartes.edu.ec\\\/sitio\\\/blog\\\/2021\\\/09\\\/10\\\/firma-de-convenio-entre-uartes-y-mane-propicio-la-feria-de-iniciativa-de-proyectos-en-el-noroeste\\\/\",\"url\":\"https:\\\/\\\/www.uartes.edu.ec\\\/sitio\\\/blog\\\/2021\\\/09\\\/10\\\/firma-de-convenio-entre-uartes-y-mane-propicio-la-feria-de-iniciativa-de-proyectos-en-el-noroeste\\\/\",\"name\":\"Universidad de las Artes - Firma de convenio entre UArtes y MANE propici\u00f3 la Feria de Iniciativa de Proyectos en el Noroeste\",\"isPartOf\":{\"@id\":\"https:\\\/\\\/www.uartes.edu.ec\\\/sitio\\\/#website\"},\"primaryImageOfPage\":{\"@id\":\"https:\\\/\\\/www.uartes.edu.ec\\\/sitio\\\/blog\\\/2021\\\/09\\\/10\\\/firma-de-convenio-entre-uartes-y-mane-propicio-la-feria-de-iniciativa-de-proyectos-en-el-noroeste\\\/#primaryimage\"},\"image\":{\"@id\":\"https:\\\/\\\/www.uartes.edu.ec\\\/sitio\\\/blog\\\/2021\\\/09\\\/10\\\/firma-de-convenio-entre-uartes-y-mane-propicio-la-feria-de-iniciativa-de-proyectos-en-el-noroeste\\\/#primaryimage\"},\"thumbnailUrl\":\"https:\\\/\\\/www.uartes.edu.ec\\\/sitio\\\/wp-content\\\/uploads\\\/2021\\\/09\\\/WEB-02-UARTES-MISION-ALIANZA.webp\",\"datePublished\":\"2021-09-10T21:00:00+00:00\",\"dateModified\":\"2024-07-04T16:25:34+00:00\",\"description\":\"Universidad de las Artes - Firma de convenio entre UArtes y MANE propici\u00f3 la Feria de Iniciativa de Proyectos en el Noroeste\",\"breadcrumb\":{\"@id\":\"https:\\\/\\\/www.uartes.edu.ec\\\/sitio\\\/blog\\\/2021\\\/09\\\/10\\\/firma-de-convenio-entre-uartes-y-mane-propicio-la-feria-de-iniciativa-de-proyectos-en-el-noroeste\\\/#breadcrumb\"},\"inLanguage\":\"es\",\"potentialAction\":[{\"@type\":\"ReadAction\",\"target\":[\"https:\\\/\\\/www.uartes.edu.ec\\\/sitio\\\/blog\\\/2021\\\/09\\\/10\\\/firma-de-convenio-entre-uartes-y-mane-propicio-la-feria-de-iniciativa-de-proyectos-en-el-noroeste\\\/\"]}]},{\"@type\":\"ImageObject\",\"inLanguage\":\"es\",\"@id\":\"https:\\\/\\\/www.uartes.edu.ec\\\/sitio\\\/blog\\\/2021\\\/09\\\/10\\\/firma-de-convenio-entre-uartes-y-mane-propicio-la-feria-de-iniciativa-de-proyectos-en-el-noroeste\\\/#primaryimage\",\"url\":\"https:\\\/\\\/www.uartes.edu.ec\\\/sitio\\\/wp-content\\\/uploads\\\/2021\\\/09\\\/WEB-02-UARTES-MISION-ALIANZA.webp\",\"contentUrl\":\"https:\\\/\\\/www.uartes.edu.ec\\\/sitio\\\/wp-content\\\/uploads\\\/2021\\\/09\\\/WEB-02-UARTES-MISION-ALIANZA.webp\",\"width\":2000,\"height\":1333},{\"@type\":\"BreadcrumbList\",\"@id\":\"https:\\\/\\\/www.uartes.edu.ec\\\/sitio\\\/blog\\\/2021\\\/09\\\/10\\\/firma-de-convenio-entre-uartes-y-mane-propicio-la-feria-de-iniciativa-de-proyectos-en-el-noroeste\\\/#breadcrumb\",\"itemListElement\":[{\"@type\":\"ListItem\",\"position\":1,\"name\":\"Inicio\",\"item\":\"https:\\\/\\\/www.uartes.edu.ec\\\/sitio\\\/\"},{\"@type\":\"ListItem\",\"position\":2,\"name\":\"Firma de convenio entre UArtes y MANE propici\u00f3 la Feria de Iniciativa de Proyectos en el Noroeste\"}]},{\"@type\":\"WebSite\",\"@id\":\"https:\\\/\\\/www.uartes.edu.ec\\\/sitio\\\/#website\",\"url\":\"https:\\\/\\\/www.uartes.edu.ec\\\/sitio\\\/\",\"name\":\"Universidad de las Artes\",\"description\":\"Sitio oficial de la Universidad Nacional de las Artes del Ecuador\",\"publisher\":{\"@id\":\"https:\\\/\\\/www.uartes.edu.ec\\\/sitio\\\/#organization\"},\"potentialAction\":[{\"@type\":\"SearchAction\",\"target\":{\"@type\":\"EntryPoint\",\"urlTemplate\":\"https:\\\/\\\/www.uartes.edu.ec\\\/sitio\\\/?s={search_term_string}\"},\"query-input\":{\"@type\":\"PropertyValueSpecification\",\"valueRequired\":true,\"valueName\":\"search_term_string\"}}],\"inLanguage\":\"es\"},{\"@type\":\"Organization\",\"@id\":\"https:\\\/\\\/www.uartes.edu.ec\\\/sitio\\\/#organization\",\"name\":\"Universidad de las Artes\",\"url\":\"https:\\\/\\\/www.uartes.edu.ec\\\/sitio\\\/\",\"logo\":{\"@type\":\"ImageObject\",\"inLanguage\":\"es\",\"@id\":\"https:\\\/\\\/www.uartes.edu.ec\\\/sitio\\\/#\\\/schema\\\/logo\\\/image\\\/\",\"url\":\"https:\\\/\\\/www.uartes.edu.ec\\\/sitio\\\/wp-content\\\/uploads\\\/2022\\\/07\\\/logo-ua-horizontal.png\",\"contentUrl\":\"https:\\\/\\\/www.uartes.edu.ec\\\/sitio\\\/wp-content\\\/uploads\\\/2022\\\/07\\\/logo-ua-horizontal.png\",\"width\":800,\"height\":276,\"caption\":\"Universidad de las Artes\"},\"image\":{\"@id\":\"https:\\\/\\\/www.uartes.edu.ec\\\/sitio\\\/#\\\/schema\\\/logo\\\/image\\\/\"},\"sameAs\":[\"https:\\\/\\\/www.facebook.com\\\/uartesec\",\"https:\\\/\\\/x.com\\\/uartesec\",\"https:\\\/\\\/www.tiktok.com\\\/@uartesec\"]},{\"@type\":\"Person\",\"@id\":\"https:\\\/\\\/www.uartes.edu.ec\\\/sitio\\\/#\\\/schema\\\/person\\\/efa1b8275797664fd7f13a79ccc0b1f4\",\"name\":\"ccortez\",\"image\":{\"@type\":\"ImageObject\",\"inLanguage\":\"es\",\"@id\":\"https:\\\/\\\/secure.gravatar.com\\\/avatar\\\/b2a6f664a3ae8e074346ef91775736c5ec479e637ecced6842de9dc98b5da9cd?s=96&d=mm&r=g\",\"url\":\"https:\\\/\\\/secure.gravatar.com\\\/avatar\\\/b2a6f664a3ae8e074346ef91775736c5ec479e637ecced6842de9dc98b5da9cd?s=96&d=mm&r=g\",\"contentUrl\":\"https:\\\/\\\/secure.gravatar.com\\\/avatar\\\/b2a6f664a3ae8e074346ef91775736c5ec479e637ecced6842de9dc98b5da9cd?s=96&d=mm&r=g\",\"caption\":\"ccortez\"},\"url\":\"https:\\\/\\\/www.uartes.edu.ec\\\/sitio\\\/blog\\\/author\\\/ccortez\\\/\"}]}<\/script>\n<!-- \/ Yoast SEO plugin. -->","yoast_head_json":{"title":"Universidad de las Artes - Firma de convenio entre UArtes y MANE propici\u00f3 la Feria de Iniciativa de Proyectos en el Noroeste","description":"Universidad de las Artes - Firma de convenio entre UArtes y MANE propici\u00f3 la Feria de Iniciativa de Proyectos en el Noroeste","robots":{"index":"index","follow":"follow","max-snippet":"max-snippet:-1","max-image-preview":"max-image-preview:large","max-video-preview":"max-video-preview:-1"},"canonical":"https:\/\/www.uartes.edu.ec\/sitio\/blog\/2021\/09\/10\/firma-de-convenio-entre-uartes-y-mane-propicio-la-feria-de-iniciativa-de-proyectos-en-el-noroeste\/","og_locale":"es_ES","og_type":"article","og_title":"Universidad de las Artes - Firma de convenio entre UArtes y MANE propici\u00f3 la Feria de Iniciativa de Proyectos en el Noroeste","og_description":"Universidad de las Artes - Firma de convenio entre UArtes y MANE propici\u00f3 la Feria de Iniciativa de Proyectos en el Noroeste","og_url":"https:\/\/www.uartes.edu.ec\/sitio\/blog\/2021\/09\/10\/firma-de-convenio-entre-uartes-y-mane-propicio-la-feria-de-iniciativa-de-proyectos-en-el-noroeste\/","og_site_name":"Universidad de las Artes","article_publisher":"https:\/\/www.facebook.com\/uartesec","article_published_time":"2021-09-10T21:00:00+00:00","article_modified_time":"2024-07-04T16:25:34+00:00","og_image":[{"width":2000,"height":1333,"url":"https:\/\/www.uartes.edu.ec\/sitio\/wp-content\/uploads\/2021\/09\/WEB-02-UARTES-MISION-ALIANZA.webp","type":"image\/webp"}],"author":"ccortez","twitter_card":"summary_large_image","twitter_creator":"@uartesec","twitter_site":"@uartesec","twitter_misc":{"Escrito por":"ccortez","Tiempo de lectura":"4 minutos"},"schema":{"@context":"https:\/\/schema.org","@graph":[{"@type":"Article","@id":"https:\/\/www.uartes.edu.ec\/sitio\/blog\/2021\/09\/10\/firma-de-convenio-entre-uartes-y-mane-propicio-la-feria-de-iniciativa-de-proyectos-en-el-noroeste\/#article","isPartOf":{"@id":"https:\/\/www.uartes.edu.ec\/sitio\/blog\/2021\/09\/10\/firma-de-convenio-entre-uartes-y-mane-propicio-la-feria-de-iniciativa-de-proyectos-en-el-noroeste\/"},"author":{"name":"ccortez","@id":"https:\/\/www.uartes.edu.ec\/sitio\/#\/schema\/person\/efa1b8275797664fd7f13a79ccc0b1f4"},"headline":"Firma de convenio entre UArtes y MANE propici\u00f3 la Feria de Iniciativa de Proyectos en el Noroeste","datePublished":"2021-09-10T21:00:00+00:00","dateModified":"2024-07-04T16:25:34+00:00","mainEntityOfPage":{"@id":"https:\/\/www.uartes.edu.ec\/sitio\/blog\/2021\/09\/10\/firma-de-convenio-entre-uartes-y-mane-propicio-la-feria-de-iniciativa-de-proyectos-en-el-noroeste\/"},"wordCount":790,"commentCount":0,"publisher":{"@id":"https:\/\/www.uartes.edu.ec\/sitio\/#organization"},"image":{"@id":"https:\/\/www.uartes.edu.ec\/sitio\/blog\/2021\/09\/10\/firma-de-convenio-entre-uartes-y-mane-propicio-la-feria-de-iniciativa-de-proyectos-en-el-noroeste\/#primaryimage"},"thumbnailUrl":"https:\/\/www.uartes.edu.ec\/sitio\/wp-content\/uploads\/2021\/09\/WEB-02-UARTES-MISION-ALIANZA.webp","keywords":["Bradley Hilgert","William Herrera"],"articleSection":["Administrativos","Rectorado"],"inLanguage":"es","potentialAction":[{"@type":"CommentAction","name":"Comment","target":["https:\/\/www.uartes.edu.ec\/sitio\/blog\/2021\/09\/10\/firma-de-convenio-entre-uartes-y-mane-propicio-la-feria-de-iniciativa-de-proyectos-en-el-noroeste\/#respond"]}]},{"@type":["WebPage","ItemPage"],"@id":"https:\/\/www.uartes.edu.ec\/sitio\/blog\/2021\/09\/10\/firma-de-convenio-entre-uartes-y-mane-propicio-la-feria-de-iniciativa-de-proyectos-en-el-noroeste\/","url":"https:\/\/www.uartes.edu.ec\/sitio\/blog\/2021\/09\/10\/firma-de-convenio-entre-uartes-y-mane-propicio-la-feria-de-iniciativa-de-proyectos-en-el-noroeste\/","name":"Universidad de las Artes - Firma de convenio entre UArtes y MANE propici\u00f3 la Feria de Iniciativa de Proyectos en el Noroeste","isPartOf":{"@id":"https:\/\/www.uartes.edu.ec\/sitio\/#website"},"primaryImageOfPage":{"@id":"https:\/\/www.uartes.edu.ec\/sitio\/blog\/2021\/09\/10\/firma-de-convenio-entre-uartes-y-mane-propicio-la-feria-de-iniciativa-de-proyectos-en-el-noroeste\/#primaryimage"},"image":{"@id":"https:\/\/www.uartes.edu.ec\/sitio\/blog\/2021\/09\/10\/firma-de-convenio-entre-uartes-y-mane-propicio-la-feria-de-iniciativa-de-proyectos-en-el-noroeste\/#primaryimage"},"thumbnailUrl":"https:\/\/www.uartes.edu.ec\/sitio\/wp-content\/uploads\/2021\/09\/WEB-02-UARTES-MISION-ALIANZA.webp","datePublished":"2021-09-10T21:00:00+00:00","dateModified":"2024-07-04T16:25:34+00:00","description":"Universidad de las Artes - Firma de convenio entre UArtes y MANE propici\u00f3 la Feria de Iniciativa de Proyectos en el Noroeste","breadcrumb":{"@id":"https:\/\/www.uartes.edu.ec\/sitio\/blog\/2021\/09\/10\/firma-de-convenio-entre-uartes-y-mane-propicio-la-feria-de-iniciativa-de-proyectos-en-el-noroeste\/#breadcrumb"},"inLanguage":"es","potentialAction":[{"@type":"ReadAction","target":["https:\/\/www.uartes.edu.ec\/sitio\/blog\/2021\/09\/10\/firma-de-convenio-entre-uartes-y-mane-propicio-la-feria-de-iniciativa-de-proyectos-en-el-noroeste\/"]}]},{"@type":"ImageObject","inLanguage":"es","@id":"https:\/\/www.uartes.edu.ec\/sitio\/blog\/2021\/09\/10\/firma-de-convenio-entre-uartes-y-mane-propicio-la-feria-de-iniciativa-de-proyectos-en-el-noroeste\/#primaryimage","url":"https:\/\/www.uartes.edu.ec\/sitio\/wp-content\/uploads\/2021\/09\/WEB-02-UARTES-MISION-ALIANZA.webp","contentUrl":"https:\/\/www.uartes.edu.ec\/sitio\/wp-content\/uploads\/2021\/09\/WEB-02-UARTES-MISION-ALIANZA.webp","width":2000,"height":1333},{"@type":"BreadcrumbList","@id":"https:\/\/www.uartes.edu.ec\/sitio\/blog\/2021\/09\/10\/firma-de-convenio-entre-uartes-y-mane-propicio-la-feria-de-iniciativa-de-proyectos-en-el-noroeste\/#breadcrumb","itemListElement":[{"@type":"ListItem","position":1,"name":"Inicio","item":"https:\/\/www.uartes.edu.ec\/sitio\/"},{"@type":"ListItem","position":2,"name":"Firma de convenio entre UArtes y MANE propici\u00f3 la Feria de Iniciativa de Proyectos en el Noroeste"}]},{"@type":"WebSite","@id":"https:\/\/www.uartes.edu.ec\/sitio\/#website","url":"https:\/\/www.uartes.edu.ec\/sitio\/","name":"Universidad de las Artes","description":"Sitio oficial de la Universidad Nacional de las Artes del Ecuador","publisher":{"@id":"https:\/\/www.uartes.edu.ec\/sitio\/#organization"},"potentialAction":[{"@type":"SearchAction","target":{"@type":"EntryPoint","urlTemplate":"https:\/\/www.uartes.edu.ec\/sitio\/?s={search_term_string}"},"query-input":{"@type":"PropertyValueSpecification","valueRequired":true,"valueName":"search_term_string"}}],"inLanguage":"es"},{"@type":"Organization","@id":"https:\/\/www.uartes.edu.ec\/sitio\/#organization","name":"Universidad de las Artes","url":"https:\/\/www.uartes.edu.ec\/sitio\/","logo":{"@type":"ImageObject","inLanguage":"es","@id":"https:\/\/www.uartes.edu.ec\/sitio\/#\/schema\/logo\/image\/","url":"https:\/\/www.uartes.edu.ec\/sitio\/wp-content\/uploads\/2022\/07\/logo-ua-horizontal.png","contentUrl":"https:\/\/www.uartes.edu.ec\/sitio\/wp-content\/uploads\/2022\/07\/logo-ua-horizontal.png","width":800,"height":276,"caption":"Universidad de las Artes"},"image":{"@id":"https:\/\/www.uartes.edu.ec\/sitio\/#\/schema\/logo\/image\/"},"sameAs":["https:\/\/www.facebook.com\/uartesec","https:\/\/x.com\/uartesec","https:\/\/www.tiktok.com\/@uartesec"]},{"@type":"Person","@id":"https:\/\/www.uartes.edu.ec\/sitio\/#\/schema\/person\/efa1b8275797664fd7f13a79ccc0b1f4","name":"ccortez","image":{"@type":"ImageObject","inLanguage":"es","@id":"https:\/\/secure.gravatar.com\/avatar\/b2a6f664a3ae8e074346ef91775736c5ec479e637ecced6842de9dc98b5da9cd?s=96&d=mm&r=g","url":"https:\/\/secure.gravatar.com\/avatar\/b2a6f664a3ae8e074346ef91775736c5ec479e637ecced6842de9dc98b5da9cd?s=96&d=mm&r=g","contentUrl":"https:\/\/secure.gravatar.com\/avatar\/b2a6f664a3ae8e074346ef91775736c5ec479e637ecced6842de9dc98b5da9cd?s=96&d=mm&r=g","caption":"ccortez"},"url":"https:\/\/www.uartes.edu.ec\/sitio\/blog\/author\/ccortez\/"}]}},"uagb_featured_image_src":{"full":["https:\/\/www.uartes.edu.ec\/sitio\/wp-content\/uploads\/2021\/09\/WEB-02-UARTES-MISION-ALIANZA.webp",2000,1333,false],"thumbnail":["https:\/\/www.uartes.edu.ec\/sitio\/wp-content\/uploads\/2021\/09\/WEB-02-UARTES-MISION-ALIANZA.webp",150,100,false],"medium":["https:\/\/www.uartes.edu.ec\/sitio\/wp-content\/uploads\/2021\/09\/WEB-02-UARTES-MISION-ALIANZA.webp",300,200,false],"medium_large":["https:\/\/www.uartes.edu.ec\/sitio\/wp-content\/uploads\/2021\/09\/WEB-02-UARTES-MISION-ALIANZA.webp",768,512,false],"large":["https:\/\/www.uartes.edu.ec\/sitio\/wp-content\/uploads\/2021\/09\/WEB-02-UARTES-MISION-ALIANZA.webp",644,429,false],"1536x1536":["https:\/\/www.uartes.edu.ec\/sitio\/wp-content\/uploads\/2021\/09\/WEB-02-UARTES-MISION-ALIANZA.webp",1536,1024,false],"2048x2048":["https:\/\/www.uartes.edu.ec\/sitio\/wp-content\/uploads\/2021\/09\/WEB-02-UARTES-MISION-ALIANZA.webp",2000,1333,false],"trp-custom-language-flag":["https:\/\/www.uartes.edu.ec\/sitio\/wp-content\/uploads\/2021\/09\/WEB-02-UARTES-MISION-ALIANZA.webp",18,12,false],"htmega_size_585x295":["https:\/\/www.uartes.edu.ec\/sitio\/wp-content\/uploads\/2021\/09\/WEB-02-UARTES-MISION-ALIANZA.webp",443,295,false],"htmega_size_1170x536":["https:\/\/www.uartes.edu.ec\/sitio\/wp-content\/uploads\/2021\/09\/WEB-02-UARTES-MISION-ALIANZA.webp",804,536,false],"htmega_size_396x360":["https:\/\/www.uartes.edu.ec\/sitio\/wp-content\/uploads\/2021\/09\/WEB-02-UARTES-MISION-ALIANZA.webp",396,264,false],"gb-block-post-grid-landscape":["https:\/\/www.uartes.edu.ec\/sitio\/wp-content\/uploads\/2021\/09\/WEB-02-UARTES-MISION-ALIANZA.webp",600,400,false],"gb-block-post-grid-square":["https:\/\/www.uartes.edu.ec\/sitio\/wp-content\/uploads\/2021\/09\/WEB-02-UARTES-MISION-ALIANZA.webp",600,400,false],"university-hub-thumb":["https:\/\/www.uartes.edu.ec\/sitio\/wp-content\/uploads\/2021\/09\/WEB-02-UARTES-MISION-ALIANZA.webp",400,267,false]},"uagb_author_info":{"display_name":"ccortez","author_link":"https:\/\/www.uartes.edu.ec\/sitio\/blog\/author\/ccortez\/"},"uagb_comment_info":0,"uagb_excerpt":"Con la presentaci\u00f3n del Ensamble de Violines del Proyecto Semillero de Talentos, as\u00ed como la proyecci\u00f3n de un video de labor en territorio, se inici\u00f3 la ma\u00f1ana de este viernes 10 de septiembre de 2021 el acto de suscripci\u00f3n del Convenio Marco de Cooperaci\u00f3n Interinstitucional entre la Universidad de las Artes (UArtes) y la Misi\u00f3n&hellip;","featured_image_src":"https:\/\/www.uartes.edu.ec\/sitio\/wp-content\/uploads\/2021\/09\/WEB-02-UARTES-MISION-ALIANZA.webp","featured_image_src_square":"https:\/\/www.uartes.edu.ec\/sitio\/wp-content\/uploads\/2021\/09\/WEB-02-UARTES-MISION-ALIANZA.webp","author_info":{"display_name":"ccortez","author_link":"https:\/\/www.uartes.edu.ec\/sitio\/blog\/author\/ccortez\/"},"publishpress_future_workflow_manual_trigger":{"enabledWorkflows":[]},"distributor_meta":false,"distributor_terms":false,"distributor_media":false,"distributor_original_site_name":"Universidad de las Artes","distributor_original_site_url":"https:\/\/www.uartes.edu.ec\/sitio","push-errors":false,"_links":{"self":[{"href":"https:\/\/www.uartes.edu.ec\/sitio\/wp-json\/wp\/v2\/posts\/15953","targetHints":{"allow":["GET"]}}],"collection":[{"href":"https:\/\/www.uartes.edu.ec\/sitio\/wp-json\/wp\/v2\/posts"}],"about":[{"href":"https:\/\/www.uartes.edu.ec\/sitio\/wp-json\/wp\/v2\/types\/post"}],"author":[{"embeddable":true,"href":"https:\/\/www.uartes.edu.ec\/sitio\/wp-json\/wp\/v2\/users\/10"}],"replies":[{"embeddable":true,"href":"https:\/\/www.uartes.edu.ec\/sitio\/wp-json\/wp\/v2\/comments?post=15953"}],"version-history":[{"count":1,"href":"https:\/\/www.uartes.edu.ec\/sitio\/wp-json\/wp\/v2\/posts\/15953\/revisions"}],"predecessor-version":[{"id":15957,"href":"https:\/\/www.uartes.edu.ec\/sitio\/wp-json\/wp\/v2\/posts\/15953\/revisions\/15957"}],"wp:featuredmedia":[{"embeddable":true,"href":"https:\/\/www.uartes.edu.ec\/sitio\/wp-json\/wp\/v2\/media\/15954"}],"wp:attachment":[{"href":"https:\/\/www.uartes.edu.ec\/sitio\/wp-json\/wp\/v2\/media?parent=15953"}],"wp:term":[{"taxonomy":"category","embeddable":true,"href":"https:\/\/www.uartes.edu.ec\/sitio\/wp-json\/wp\/v2\/categories?post=15953"},{"taxonomy":"post_tag","embeddable":true,"href":"https:\/\/www.uartes.edu.ec\/sitio\/wp-json\/wp\/v2\/tags?post=15953"},{"taxonomy":"infouartes","embeddable":true,"href":"https:\/\/www.uartes.edu.ec\/sitio\/wp-json\/wp\/v2\/infouartes?post=15953"}],"curies":[{"name":"wp","href":"https:\/\/api.w.org\/{rel}","templated":true}]}}