{"id":15958,"date":"2021-09-13T08:00:00","date_gmt":"2021-09-13T13:00:00","guid":{"rendered":"http:\/\/www.uartes.edu.ec\/sitio\/?p=15958"},"modified":"2024-07-04T11:25:34","modified_gmt":"2024-07-04T16:25:34","slug":"vi-encuentro-del-ilia-da-inicio-al-retorno-progresivo-de-comunidad-uartes-a-las-actividades-presenciales","status":"publish","type":"post","link":"https:\/\/www.uartes.edu.ec\/sitio\/blog\/2021\/09\/13\/vi-encuentro-del-ilia-da-inicio-al-retorno-progresivo-de-comunidad-uartes-a-las-actividades-presenciales\/","title":{"rendered":"VI Encuentro del ILIA da inicio al retorno progresivo de comunidad UArtes a las actividades presenciales"},"content":{"rendered":"\n<p>Tras m\u00e1s de un a\u00f1o de trabajo remoto, la Universidad de las Artes del Ecuador reabre sus puertas para recibir a sus estudiantes y a la comunidad mediante la realizaci\u00f3n del VI Encuentro Internacional de Investigaci\u00f3n en Artes, organizado por el Instituto Latinoamericano de Investigaci\u00f3n en Artes (ILIA), que se desarrollar\u00e1 del 1 al 7 de octubre de 2021.<\/p>\n\n\n\n<p>As\u00ed, acorde al calendario acad\u00e9mico de la UArtes, el 4 de octubre se inician las clases de pregrado del segundo semestre de este a\u00f1o 2021, momento que supondr\u00e1 tambi\u00e9n el retorno progresivo a las actividades pedag\u00f3gicas presenciales. En este sentido, el encuentro del ILIA pretende establecer una oportunidad adicional para motivar este retorno, adem\u00e1s de ser ese espacio ya tradicional que permite la continuidad reflexiva de abordajes investigativos en torno a aquellas pr\u00e1cticas art\u00edsticas que pueden constituirse como vectores de creaci\u00f3n y de generaci\u00f3n de pensamiento de la comunidad universitaria.<\/p>\n\n\n\n<p>La sexta edici\u00f3n del encuentro est\u00e1 conformada por m\u00e1s de 40 propuestas entre ponencias, talleres y manifestaciones art\u00edsticas, las cuales fueron recibidas en una convocatoria abierta dirigida principalmente a los grupos de investigaci\u00f3n de la Universidad de las Artes. Este proceso apunt\u00f3 a impulsar y aportar a las l\u00edneas de trabajo y proyectos de investigaci\u00f3n-creaci\u00f3n institucionales, as\u00ed como a establecer una perspectiva cr\u00edtico-reflexiva respecto a los abordajes investigativo\u2013pedag\u00f3gicos que la universidad ha generado.<\/p>\n\n\n\n<p>La curadur\u00eda estuvo a cargo del Comit\u00e9 ILIA, integrado por la vicerrectora de Investigaci\u00f3n y Posgrado, Olga L\u00f3pez; Pablo Cardoso, director del ILIA; y, los docentes Mar\u00eda Pilar Gavilanes, Fernando Mieles, Andr\u00e9s Land\u00e1zuri, Mashol Rosero, Saidel Brito, Bernarda Ubidia e Ybelice Brice\u00f1o, quien es directora de Investigaci\u00f3n de nuestra instituci\u00f3n de educaci\u00f3n superior. Por otro lado, la programaci\u00f3n del encuentro se complement\u00f3 con las propuestas acad\u00e9micas y art\u00edsticas recibidas por las cinco Escuelas de la UArtes: Cine, Literatura, Esc\u00e9nicas, Visuales y Sonoras, adem\u00e1s de otras generosas contribuciones de investigadores y artistas invitados. La producci\u00f3n del encuentro es asegurada por el equipo del Centro de Producci\u00f3n e Innovaci\u00f3n MZ14, que estrena a Tania Navarrete como su directora Ejecutiva.<\/p>\n\n\n\n<figure class=\"wp-block-image size-full\"><img fetchpriority=\"high\" decoding=\"async\" width=\"2000\" height=\"1333\" src=\"http:\/\/www.uartes.edu.ec\/sitio\/wp-content\/uploads\/2021\/09\/ILIA-2019.webp\" alt=\"\" class=\"wp-image-15960\"\/><\/figure>\n\n\n\n<p>Dentro de la agenda de esta sexta edici\u00f3n merece menci\u00f3n especial la propuesta de la Escuela de Artes Sonoras, Encuentro Universos Sonoros, mediante la cual se manifiesta el enfoque multidisciplinar que la Universidad de las Artes ha puesto en pr\u00e1ctica desde su creaci\u00f3n.<\/p>\n\n\n\n<p>Las l\u00edneas de investigaci\u00f3n del encuentro se articulan en torno a los siguientes ejes: Investigaci\u00f3n y modos de producci\u00f3n en las artes; Las artes y las urgencias contempor\u00e1neas de lo social; Pr\u00e1cticas interdisciplinares; y, La Universidad de las Artes en la ciudad. Siendo estas representativas de las formas de pensar y crear de la Universidad de las Artes, y dan vida a la sexta edici\u00f3n de este encuentro que lleva por nombre \u201cLa Investigaci\u00f3n en la Universidad\u201d.<\/p>\n\n\n\n<p>As\u00ed, las jornadas (a realizarse durante la ma\u00f1ana, tarde y noche de forma presencial y virtual) tendr\u00e1n lugar en los edificios patrimoniales de la Gobernaci\u00f3n, El Tel\u00e9grafo, la Biblioteca de las Artes y el Centro de Producci\u00f3n e Innovaci\u00f3n MZ14, del cual su Plaza P\u00fablica servir\u00e1 como punto de libre acceso para todo aquel que transite por la avenida 9 de Octubre y las calles Pichincha y Panam\u00e1, motivando as\u00ed la afluencia ciudadana.<\/p>\n\n\n\n<p>La conferencia inaugural del encuentro estar\u00e1 a cargo de Nelly Richard, te\u00f3rica cultural, cr\u00edtica, ensayista y acad\u00e9mica francesa residente en Chile. Tambi\u00e9n participar\u00e1n ponentes nacionales y de pa\u00edses como Argentina, Venezuela, Brasil, M\u00e9xico, Estados Unidos, Alemania y Espa\u00f1a.<\/p>\n","protected":false},"excerpt":{"rendered":"<p>Tras m\u00e1s de un a\u00f1o de trabajo remoto, la Universidad de las Artes del Ecuador reabre sus puertas para recibir a sus estudiantes y a la comunidad mediante la realizaci\u00f3n del VI Encuentro Internacional de Investigaci\u00f3n en Artes, organizado por el Instituto Latinoamericano de Investigaci\u00f3n en Artes (ILIA), que se desarrollar\u00e1 del 1 al 7 de octubre de 2021.<\/p>\n","protected":false},"author":10,"featured_media":15959,"comment_status":"open","ping_status":"open","sticky":false,"template":"","format":"standard","meta":{"_acf_changed":false,"_uag_custom_page_level_css":"","_monsterinsights_skip_tracking":false,"_monsterinsights_sitenote_active":false,"_monsterinsights_sitenote_note":"","_monsterinsights_sitenote_category":0,"cybocfi_hide_featured_image":"","footnotes":""},"categories":[80,82,265,75,76,77,284],"tags":[37,463],"infouartes":[],"class_list":["post-15958","post","type-post","status-publish","format-standard","has-post-thumbnail","hentry","category-academico","category-artes","category-bienestar-universitario","category-docentes","category-estudiantes","category-gestion","category-investigacion","tag-ilia","tag-ilia2021"],"acf":[],"yoast_head":"<!-- This site is optimized with the Yoast SEO plugin v27.4 - https:\/\/yoast.com\/product\/yoast-seo-wordpress\/ -->\n<title>Universidad de las Artes - VI Encuentro del ILIA da inicio al retorno progresivo de comunidad UArtes a las actividades presenciales<\/title>\n<meta name=\"description\" content=\"Universidad de las Artes - VI Encuentro del ILIA da inicio al retorno progresivo de comunidad UArtes a las actividades presenciales\" \/>\n<meta name=\"robots\" content=\"index, follow, max-snippet:-1, max-image-preview:large, max-video-preview:-1\" \/>\n<link rel=\"canonical\" href=\"https:\/\/www.uartes.edu.ec\/sitio\/blog\/2021\/09\/13\/vi-encuentro-del-ilia-da-inicio-al-retorno-progresivo-de-comunidad-uartes-a-las-actividades-presenciales\/\" \/>\n<meta property=\"og:locale\" content=\"es_ES\" \/>\n<meta property=\"og:type\" content=\"article\" \/>\n<meta property=\"og:title\" content=\"Universidad de las Artes - VI Encuentro del ILIA da inicio al retorno progresivo de comunidad UArtes a las actividades presenciales\" \/>\n<meta property=\"og:description\" content=\"Universidad de las Artes - VI Encuentro del ILIA da inicio al retorno progresivo de comunidad UArtes a las actividades presenciales\" \/>\n<meta property=\"og:url\" content=\"https:\/\/www.uartes.edu.ec\/sitio\/blog\/2021\/09\/13\/vi-encuentro-del-ilia-da-inicio-al-retorno-progresivo-de-comunidad-uartes-a-las-actividades-presenciales\/\" \/>\n<meta property=\"og:site_name\" content=\"Universidad de las Artes\" \/>\n<meta property=\"article:publisher\" content=\"https:\/\/www.facebook.com\/uartesec\" \/>\n<meta property=\"article:published_time\" content=\"2021-09-13T13:00:00+00:00\" \/>\n<meta property=\"article:modified_time\" content=\"2024-07-04T16:25:34+00:00\" \/>\n<meta property=\"og:image\" content=\"https:\/\/www.uartes.edu.ec\/sitio\/wp-content\/uploads\/2021\/09\/ILIA-2021.webp\" \/>\n\t<meta property=\"og:image:width\" content=\"2000\" \/>\n\t<meta property=\"og:image:height\" content=\"1333\" \/>\n\t<meta property=\"og:image:type\" content=\"image\/webp\" \/>\n<meta name=\"author\" content=\"ccortez\" \/>\n<meta name=\"twitter:card\" content=\"summary_large_image\" \/>\n<meta name=\"twitter:creator\" content=\"@uartesec\" \/>\n<meta name=\"twitter:site\" content=\"@uartesec\" \/>\n<meta name=\"twitter:label1\" content=\"Escrito por\" \/>\n\t<meta name=\"twitter:data1\" content=\"ccortez\" \/>\n\t<meta name=\"twitter:label2\" content=\"Tiempo de lectura\" \/>\n\t<meta name=\"twitter:data2\" content=\"3 minutos\" \/>\n<script type=\"application\/ld+json\" class=\"yoast-schema-graph\">{\"@context\":\"https:\\\/\\\/schema.org\",\"@graph\":[{\"@type\":\"Article\",\"@id\":\"https:\\\/\\\/www.uartes.edu.ec\\\/sitio\\\/blog\\\/2021\\\/09\\\/13\\\/vi-encuentro-del-ilia-da-inicio-al-retorno-progresivo-de-comunidad-uartes-a-las-actividades-presenciales\\\/#article\",\"isPartOf\":{\"@id\":\"https:\\\/\\\/www.uartes.edu.ec\\\/sitio\\\/blog\\\/2021\\\/09\\\/13\\\/vi-encuentro-del-ilia-da-inicio-al-retorno-progresivo-de-comunidad-uartes-a-las-actividades-presenciales\\\/\"},\"author\":{\"name\":\"ccortez\",\"@id\":\"https:\\\/\\\/www.uartes.edu.ec\\\/sitio\\\/#\\\/schema\\\/person\\\/efa1b8275797664fd7f13a79ccc0b1f4\"},\"headline\":\"VI Encuentro del ILIA da inicio al retorno progresivo de comunidad UArtes a las actividades presenciales\",\"datePublished\":\"2021-09-13T13:00:00+00:00\",\"dateModified\":\"2024-07-04T16:25:34+00:00\",\"mainEntityOfPage\":{\"@id\":\"https:\\\/\\\/www.uartes.edu.ec\\\/sitio\\\/blog\\\/2021\\\/09\\\/13\\\/vi-encuentro-del-ilia-da-inicio-al-retorno-progresivo-de-comunidad-uartes-a-las-actividades-presenciales\\\/\"},\"wordCount\":648,\"commentCount\":0,\"publisher\":{\"@id\":\"https:\\\/\\\/www.uartes.edu.ec\\\/sitio\\\/#organization\"},\"image\":{\"@id\":\"https:\\\/\\\/www.uartes.edu.ec\\\/sitio\\\/blog\\\/2021\\\/09\\\/13\\\/vi-encuentro-del-ilia-da-inicio-al-retorno-progresivo-de-comunidad-uartes-a-las-actividades-presenciales\\\/#primaryimage\"},\"thumbnailUrl\":\"https:\\\/\\\/www.uartes.edu.ec\\\/sitio\\\/wp-content\\\/uploads\\\/2021\\\/09\\\/ILIA-2021.webp\",\"keywords\":[\"ilia\",\"ilia2021\"],\"articleSection\":[\"Acad\u00e9mico\",\"Artes\",\"Bienestar Universitario\",\"Docentes\",\"Estudiantes\",\"Gesti\u00f3n\",\"Investigaci\u00f3n\"],\"inLanguage\":\"es\",\"potentialAction\":[{\"@type\":\"CommentAction\",\"name\":\"Comment\",\"target\":[\"https:\\\/\\\/www.uartes.edu.ec\\\/sitio\\\/blog\\\/2021\\\/09\\\/13\\\/vi-encuentro-del-ilia-da-inicio-al-retorno-progresivo-de-comunidad-uartes-a-las-actividades-presenciales\\\/#respond\"]}]},{\"@type\":[\"WebPage\",\"ItemPage\"],\"@id\":\"https:\\\/\\\/www.uartes.edu.ec\\\/sitio\\\/blog\\\/2021\\\/09\\\/13\\\/vi-encuentro-del-ilia-da-inicio-al-retorno-progresivo-de-comunidad-uartes-a-las-actividades-presenciales\\\/\",\"url\":\"https:\\\/\\\/www.uartes.edu.ec\\\/sitio\\\/blog\\\/2021\\\/09\\\/13\\\/vi-encuentro-del-ilia-da-inicio-al-retorno-progresivo-de-comunidad-uartes-a-las-actividades-presenciales\\\/\",\"name\":\"Universidad de las Artes - VI Encuentro del ILIA da inicio al retorno progresivo de comunidad UArtes a las actividades presenciales\",\"isPartOf\":{\"@id\":\"https:\\\/\\\/www.uartes.edu.ec\\\/sitio\\\/#website\"},\"primaryImageOfPage\":{\"@id\":\"https:\\\/\\\/www.uartes.edu.ec\\\/sitio\\\/blog\\\/2021\\\/09\\\/13\\\/vi-encuentro-del-ilia-da-inicio-al-retorno-progresivo-de-comunidad-uartes-a-las-actividades-presenciales\\\/#primaryimage\"},\"image\":{\"@id\":\"https:\\\/\\\/www.uartes.edu.ec\\\/sitio\\\/blog\\\/2021\\\/09\\\/13\\\/vi-encuentro-del-ilia-da-inicio-al-retorno-progresivo-de-comunidad-uartes-a-las-actividades-presenciales\\\/#primaryimage\"},\"thumbnailUrl\":\"https:\\\/\\\/www.uartes.edu.ec\\\/sitio\\\/wp-content\\\/uploads\\\/2021\\\/09\\\/ILIA-2021.webp\",\"datePublished\":\"2021-09-13T13:00:00+00:00\",\"dateModified\":\"2024-07-04T16:25:34+00:00\",\"description\":\"Universidad de las Artes - VI Encuentro del ILIA da inicio al retorno progresivo de comunidad UArtes a las actividades presenciales\",\"breadcrumb\":{\"@id\":\"https:\\\/\\\/www.uartes.edu.ec\\\/sitio\\\/blog\\\/2021\\\/09\\\/13\\\/vi-encuentro-del-ilia-da-inicio-al-retorno-progresivo-de-comunidad-uartes-a-las-actividades-presenciales\\\/#breadcrumb\"},\"inLanguage\":\"es\",\"potentialAction\":[{\"@type\":\"ReadAction\",\"target\":[\"https:\\\/\\\/www.uartes.edu.ec\\\/sitio\\\/blog\\\/2021\\\/09\\\/13\\\/vi-encuentro-del-ilia-da-inicio-al-retorno-progresivo-de-comunidad-uartes-a-las-actividades-presenciales\\\/\"]}]},{\"@type\":\"ImageObject\",\"inLanguage\":\"es\",\"@id\":\"https:\\\/\\\/www.uartes.edu.ec\\\/sitio\\\/blog\\\/2021\\\/09\\\/13\\\/vi-encuentro-del-ilia-da-inicio-al-retorno-progresivo-de-comunidad-uartes-a-las-actividades-presenciales\\\/#primaryimage\",\"url\":\"https:\\\/\\\/www.uartes.edu.ec\\\/sitio\\\/wp-content\\\/uploads\\\/2021\\\/09\\\/ILIA-2021.webp\",\"contentUrl\":\"https:\\\/\\\/www.uartes.edu.ec\\\/sitio\\\/wp-content\\\/uploads\\\/2021\\\/09\\\/ILIA-2021.webp\",\"width\":2000,\"height\":1333},{\"@type\":\"BreadcrumbList\",\"@id\":\"https:\\\/\\\/www.uartes.edu.ec\\\/sitio\\\/blog\\\/2021\\\/09\\\/13\\\/vi-encuentro-del-ilia-da-inicio-al-retorno-progresivo-de-comunidad-uartes-a-las-actividades-presenciales\\\/#breadcrumb\",\"itemListElement\":[{\"@type\":\"ListItem\",\"position\":1,\"name\":\"Inicio\",\"item\":\"https:\\\/\\\/www.uartes.edu.ec\\\/sitio\\\/\"},{\"@type\":\"ListItem\",\"position\":2,\"name\":\"VI Encuentro del ILIA da inicio al retorno progresivo de comunidad UArtes a las actividades presenciales\"}]},{\"@type\":\"WebSite\",\"@id\":\"https:\\\/\\\/www.uartes.edu.ec\\\/sitio\\\/#website\",\"url\":\"https:\\\/\\\/www.uartes.edu.ec\\\/sitio\\\/\",\"name\":\"Universidad de las Artes\",\"description\":\"Sitio oficial de la Universidad Nacional de las Artes del Ecuador\",\"publisher\":{\"@id\":\"https:\\\/\\\/www.uartes.edu.ec\\\/sitio\\\/#organization\"},\"potentialAction\":[{\"@type\":\"SearchAction\",\"target\":{\"@type\":\"EntryPoint\",\"urlTemplate\":\"https:\\\/\\\/www.uartes.edu.ec\\\/sitio\\\/?s={search_term_string}\"},\"query-input\":{\"@type\":\"PropertyValueSpecification\",\"valueRequired\":true,\"valueName\":\"search_term_string\"}}],\"inLanguage\":\"es\"},{\"@type\":\"Organization\",\"@id\":\"https:\\\/\\\/www.uartes.edu.ec\\\/sitio\\\/#organization\",\"name\":\"Universidad de las Artes\",\"url\":\"https:\\\/\\\/www.uartes.edu.ec\\\/sitio\\\/\",\"logo\":{\"@type\":\"ImageObject\",\"inLanguage\":\"es\",\"@id\":\"https:\\\/\\\/www.uartes.edu.ec\\\/sitio\\\/#\\\/schema\\\/logo\\\/image\\\/\",\"url\":\"https:\\\/\\\/www.uartes.edu.ec\\\/sitio\\\/wp-content\\\/uploads\\\/2022\\\/07\\\/logo-ua-horizontal.png\",\"contentUrl\":\"https:\\\/\\\/www.uartes.edu.ec\\\/sitio\\\/wp-content\\\/uploads\\\/2022\\\/07\\\/logo-ua-horizontal.png\",\"width\":800,\"height\":276,\"caption\":\"Universidad de las Artes\"},\"image\":{\"@id\":\"https:\\\/\\\/www.uartes.edu.ec\\\/sitio\\\/#\\\/schema\\\/logo\\\/image\\\/\"},\"sameAs\":[\"https:\\\/\\\/www.facebook.com\\\/uartesec\",\"https:\\\/\\\/x.com\\\/uartesec\",\"https:\\\/\\\/www.tiktok.com\\\/@uartesec\"]},{\"@type\":\"Person\",\"@id\":\"https:\\\/\\\/www.uartes.edu.ec\\\/sitio\\\/#\\\/schema\\\/person\\\/efa1b8275797664fd7f13a79ccc0b1f4\",\"name\":\"ccortez\",\"image\":{\"@type\":\"ImageObject\",\"inLanguage\":\"es\",\"@id\":\"https:\\\/\\\/secure.gravatar.com\\\/avatar\\\/b2a6f664a3ae8e074346ef91775736c5ec479e637ecced6842de9dc98b5da9cd?s=96&d=mm&r=g\",\"url\":\"https:\\\/\\\/secure.gravatar.com\\\/avatar\\\/b2a6f664a3ae8e074346ef91775736c5ec479e637ecced6842de9dc98b5da9cd?s=96&d=mm&r=g\",\"contentUrl\":\"https:\\\/\\\/secure.gravatar.com\\\/avatar\\\/b2a6f664a3ae8e074346ef91775736c5ec479e637ecced6842de9dc98b5da9cd?s=96&d=mm&r=g\",\"caption\":\"ccortez\"},\"url\":\"https:\\\/\\\/www.uartes.edu.ec\\\/sitio\\\/blog\\\/author\\\/ccortez\\\/\"}]}<\/script>\n<!-- \/ Yoast SEO plugin. -->","yoast_head_json":{"title":"Universidad de las Artes - VI Encuentro del ILIA da inicio al retorno progresivo de comunidad UArtes a las actividades presenciales","description":"Universidad de las Artes - VI Encuentro del ILIA da inicio al retorno progresivo de comunidad UArtes a las actividades presenciales","robots":{"index":"index","follow":"follow","max-snippet":"max-snippet:-1","max-image-preview":"max-image-preview:large","max-video-preview":"max-video-preview:-1"},"canonical":"https:\/\/www.uartes.edu.ec\/sitio\/blog\/2021\/09\/13\/vi-encuentro-del-ilia-da-inicio-al-retorno-progresivo-de-comunidad-uartes-a-las-actividades-presenciales\/","og_locale":"es_ES","og_type":"article","og_title":"Universidad de las Artes - VI Encuentro del ILIA da inicio al retorno progresivo de comunidad UArtes a las actividades presenciales","og_description":"Universidad de las Artes - VI Encuentro del ILIA da inicio al retorno progresivo de comunidad UArtes a las actividades presenciales","og_url":"https:\/\/www.uartes.edu.ec\/sitio\/blog\/2021\/09\/13\/vi-encuentro-del-ilia-da-inicio-al-retorno-progresivo-de-comunidad-uartes-a-las-actividades-presenciales\/","og_site_name":"Universidad de las Artes","article_publisher":"https:\/\/www.facebook.com\/uartesec","article_published_time":"2021-09-13T13:00:00+00:00","article_modified_time":"2024-07-04T16:25:34+00:00","og_image":[{"width":2000,"height":1333,"url":"https:\/\/www.uartes.edu.ec\/sitio\/wp-content\/uploads\/2021\/09\/ILIA-2021.webp","type":"image\/webp"}],"author":"ccortez","twitter_card":"summary_large_image","twitter_creator":"@uartesec","twitter_site":"@uartesec","twitter_misc":{"Escrito por":"ccortez","Tiempo de lectura":"3 minutos"},"schema":{"@context":"https:\/\/schema.org","@graph":[{"@type":"Article","@id":"https:\/\/www.uartes.edu.ec\/sitio\/blog\/2021\/09\/13\/vi-encuentro-del-ilia-da-inicio-al-retorno-progresivo-de-comunidad-uartes-a-las-actividades-presenciales\/#article","isPartOf":{"@id":"https:\/\/www.uartes.edu.ec\/sitio\/blog\/2021\/09\/13\/vi-encuentro-del-ilia-da-inicio-al-retorno-progresivo-de-comunidad-uartes-a-las-actividades-presenciales\/"},"author":{"name":"ccortez","@id":"https:\/\/www.uartes.edu.ec\/sitio\/#\/schema\/person\/efa1b8275797664fd7f13a79ccc0b1f4"},"headline":"VI Encuentro del ILIA da inicio al retorno progresivo de comunidad UArtes a las actividades presenciales","datePublished":"2021-09-13T13:00:00+00:00","dateModified":"2024-07-04T16:25:34+00:00","mainEntityOfPage":{"@id":"https:\/\/www.uartes.edu.ec\/sitio\/blog\/2021\/09\/13\/vi-encuentro-del-ilia-da-inicio-al-retorno-progresivo-de-comunidad-uartes-a-las-actividades-presenciales\/"},"wordCount":648,"commentCount":0,"publisher":{"@id":"https:\/\/www.uartes.edu.ec\/sitio\/#organization"},"image":{"@id":"https:\/\/www.uartes.edu.ec\/sitio\/blog\/2021\/09\/13\/vi-encuentro-del-ilia-da-inicio-al-retorno-progresivo-de-comunidad-uartes-a-las-actividades-presenciales\/#primaryimage"},"thumbnailUrl":"https:\/\/www.uartes.edu.ec\/sitio\/wp-content\/uploads\/2021\/09\/ILIA-2021.webp","keywords":["ilia","ilia2021"],"articleSection":["Acad\u00e9mico","Artes","Bienestar Universitario","Docentes","Estudiantes","Gesti\u00f3n","Investigaci\u00f3n"],"inLanguage":"es","potentialAction":[{"@type":"CommentAction","name":"Comment","target":["https:\/\/www.uartes.edu.ec\/sitio\/blog\/2021\/09\/13\/vi-encuentro-del-ilia-da-inicio-al-retorno-progresivo-de-comunidad-uartes-a-las-actividades-presenciales\/#respond"]}]},{"@type":["WebPage","ItemPage"],"@id":"https:\/\/www.uartes.edu.ec\/sitio\/blog\/2021\/09\/13\/vi-encuentro-del-ilia-da-inicio-al-retorno-progresivo-de-comunidad-uartes-a-las-actividades-presenciales\/","url":"https:\/\/www.uartes.edu.ec\/sitio\/blog\/2021\/09\/13\/vi-encuentro-del-ilia-da-inicio-al-retorno-progresivo-de-comunidad-uartes-a-las-actividades-presenciales\/","name":"Universidad de las Artes - VI Encuentro del ILIA da inicio al retorno progresivo de comunidad UArtes a las actividades presenciales","isPartOf":{"@id":"https:\/\/www.uartes.edu.ec\/sitio\/#website"},"primaryImageOfPage":{"@id":"https:\/\/www.uartes.edu.ec\/sitio\/blog\/2021\/09\/13\/vi-encuentro-del-ilia-da-inicio-al-retorno-progresivo-de-comunidad-uartes-a-las-actividades-presenciales\/#primaryimage"},"image":{"@id":"https:\/\/www.uartes.edu.ec\/sitio\/blog\/2021\/09\/13\/vi-encuentro-del-ilia-da-inicio-al-retorno-progresivo-de-comunidad-uartes-a-las-actividades-presenciales\/#primaryimage"},"thumbnailUrl":"https:\/\/www.uartes.edu.ec\/sitio\/wp-content\/uploads\/2021\/09\/ILIA-2021.webp","datePublished":"2021-09-13T13:00:00+00:00","dateModified":"2024-07-04T16:25:34+00:00","description":"Universidad de las Artes - VI Encuentro del ILIA da inicio al retorno progresivo de comunidad UArtes a las actividades presenciales","breadcrumb":{"@id":"https:\/\/www.uartes.edu.ec\/sitio\/blog\/2021\/09\/13\/vi-encuentro-del-ilia-da-inicio-al-retorno-progresivo-de-comunidad-uartes-a-las-actividades-presenciales\/#breadcrumb"},"inLanguage":"es","potentialAction":[{"@type":"ReadAction","target":["https:\/\/www.uartes.edu.ec\/sitio\/blog\/2021\/09\/13\/vi-encuentro-del-ilia-da-inicio-al-retorno-progresivo-de-comunidad-uartes-a-las-actividades-presenciales\/"]}]},{"@type":"ImageObject","inLanguage":"es","@id":"https:\/\/www.uartes.edu.ec\/sitio\/blog\/2021\/09\/13\/vi-encuentro-del-ilia-da-inicio-al-retorno-progresivo-de-comunidad-uartes-a-las-actividades-presenciales\/#primaryimage","url":"https:\/\/www.uartes.edu.ec\/sitio\/wp-content\/uploads\/2021\/09\/ILIA-2021.webp","contentUrl":"https:\/\/www.uartes.edu.ec\/sitio\/wp-content\/uploads\/2021\/09\/ILIA-2021.webp","width":2000,"height":1333},{"@type":"BreadcrumbList","@id":"https:\/\/www.uartes.edu.ec\/sitio\/blog\/2021\/09\/13\/vi-encuentro-del-ilia-da-inicio-al-retorno-progresivo-de-comunidad-uartes-a-las-actividades-presenciales\/#breadcrumb","itemListElement":[{"@type":"ListItem","position":1,"name":"Inicio","item":"https:\/\/www.uartes.edu.ec\/sitio\/"},{"@type":"ListItem","position":2,"name":"VI Encuentro del ILIA da inicio al retorno progresivo de comunidad UArtes a las actividades presenciales"}]},{"@type":"WebSite","@id":"https:\/\/www.uartes.edu.ec\/sitio\/#website","url":"https:\/\/www.uartes.edu.ec\/sitio\/","name":"Universidad de las Artes","description":"Sitio oficial de la Universidad Nacional de las Artes del Ecuador","publisher":{"@id":"https:\/\/www.uartes.edu.ec\/sitio\/#organization"},"potentialAction":[{"@type":"SearchAction","target":{"@type":"EntryPoint","urlTemplate":"https:\/\/www.uartes.edu.ec\/sitio\/?s={search_term_string}"},"query-input":{"@type":"PropertyValueSpecification","valueRequired":true,"valueName":"search_term_string"}}],"inLanguage":"es"},{"@type":"Organization","@id":"https:\/\/www.uartes.edu.ec\/sitio\/#organization","name":"Universidad de las Artes","url":"https:\/\/www.uartes.edu.ec\/sitio\/","logo":{"@type":"ImageObject","inLanguage":"es","@id":"https:\/\/www.uartes.edu.ec\/sitio\/#\/schema\/logo\/image\/","url":"https:\/\/www.uartes.edu.ec\/sitio\/wp-content\/uploads\/2022\/07\/logo-ua-horizontal.png","contentUrl":"https:\/\/www.uartes.edu.ec\/sitio\/wp-content\/uploads\/2022\/07\/logo-ua-horizontal.png","width":800,"height":276,"caption":"Universidad de las Artes"},"image":{"@id":"https:\/\/www.uartes.edu.ec\/sitio\/#\/schema\/logo\/image\/"},"sameAs":["https:\/\/www.facebook.com\/uartesec","https:\/\/x.com\/uartesec","https:\/\/www.tiktok.com\/@uartesec"]},{"@type":"Person","@id":"https:\/\/www.uartes.edu.ec\/sitio\/#\/schema\/person\/efa1b8275797664fd7f13a79ccc0b1f4","name":"ccortez","image":{"@type":"ImageObject","inLanguage":"es","@id":"https:\/\/secure.gravatar.com\/avatar\/b2a6f664a3ae8e074346ef91775736c5ec479e637ecced6842de9dc98b5da9cd?s=96&d=mm&r=g","url":"https:\/\/secure.gravatar.com\/avatar\/b2a6f664a3ae8e074346ef91775736c5ec479e637ecced6842de9dc98b5da9cd?s=96&d=mm&r=g","contentUrl":"https:\/\/secure.gravatar.com\/avatar\/b2a6f664a3ae8e074346ef91775736c5ec479e637ecced6842de9dc98b5da9cd?s=96&d=mm&r=g","caption":"ccortez"},"url":"https:\/\/www.uartes.edu.ec\/sitio\/blog\/author\/ccortez\/"}]}},"uagb_featured_image_src":{"full":["https:\/\/www.uartes.edu.ec\/sitio\/wp-content\/uploads\/2021\/09\/ILIA-2021.webp",2000,1333,false],"thumbnail":["https:\/\/www.uartes.edu.ec\/sitio\/wp-content\/uploads\/2021\/09\/ILIA-2021.webp",150,100,false],"medium":["https:\/\/www.uartes.edu.ec\/sitio\/wp-content\/uploads\/2021\/09\/ILIA-2021.webp",300,200,false],"medium_large":["https:\/\/www.uartes.edu.ec\/sitio\/wp-content\/uploads\/2021\/09\/ILIA-2021.webp",768,512,false],"large":["https:\/\/www.uartes.edu.ec\/sitio\/wp-content\/uploads\/2021\/09\/ILIA-2021.webp",644,429,false],"1536x1536":["https:\/\/www.uartes.edu.ec\/sitio\/wp-content\/uploads\/2021\/09\/ILIA-2021.webp",1536,1024,false],"2048x2048":["https:\/\/www.uartes.edu.ec\/sitio\/wp-content\/uploads\/2021\/09\/ILIA-2021.webp",2000,1333,false],"trp-custom-language-flag":["https:\/\/www.uartes.edu.ec\/sitio\/wp-content\/uploads\/2021\/09\/ILIA-2021.webp",18,12,false],"htmega_size_585x295":["https:\/\/www.uartes.edu.ec\/sitio\/wp-content\/uploads\/2021\/09\/ILIA-2021.webp",443,295,false],"htmega_size_1170x536":["https:\/\/www.uartes.edu.ec\/sitio\/wp-content\/uploads\/2021\/09\/ILIA-2021.webp",804,536,false],"htmega_size_396x360":["https:\/\/www.uartes.edu.ec\/sitio\/wp-content\/uploads\/2021\/09\/ILIA-2021.webp",396,264,false],"gb-block-post-grid-landscape":["https:\/\/www.uartes.edu.ec\/sitio\/wp-content\/uploads\/2021\/09\/ILIA-2021.webp",600,400,false],"gb-block-post-grid-square":["https:\/\/www.uartes.edu.ec\/sitio\/wp-content\/uploads\/2021\/09\/ILIA-2021.webp",600,400,false],"university-hub-thumb":["https:\/\/www.uartes.edu.ec\/sitio\/wp-content\/uploads\/2021\/09\/ILIA-2021.webp",400,267,false]},"uagb_author_info":{"display_name":"ccortez","author_link":"https:\/\/www.uartes.edu.ec\/sitio\/blog\/author\/ccortez\/"},"uagb_comment_info":0,"uagb_excerpt":"Tras m\u00e1s de un a\u00f1o de trabajo remoto, la Universidad de las Artes del Ecuador reabre sus puertas para recibir a sus estudiantes y a la comunidad mediante la realizaci\u00f3n del VI Encuentro Internacional de Investigaci\u00f3n en Artes, organizado por el Instituto Latinoamericano de Investigaci\u00f3n en Artes (ILIA), que se desarrollar\u00e1 del 1 al 7&hellip;","featured_image_src":"https:\/\/www.uartes.edu.ec\/sitio\/wp-content\/uploads\/2021\/09\/ILIA-2021.webp","featured_image_src_square":"https:\/\/www.uartes.edu.ec\/sitio\/wp-content\/uploads\/2021\/09\/ILIA-2021.webp","author_info":{"display_name":"ccortez","author_link":"https:\/\/www.uartes.edu.ec\/sitio\/blog\/author\/ccortez\/"},"publishpress_future_workflow_manual_trigger":{"enabledWorkflows":[]},"distributor_meta":false,"distributor_terms":false,"distributor_media":false,"distributor_original_site_name":"Universidad de las Artes","distributor_original_site_url":"https:\/\/www.uartes.edu.ec\/sitio","push-errors":false,"_links":{"self":[{"href":"https:\/\/www.uartes.edu.ec\/sitio\/wp-json\/wp\/v2\/posts\/15958","targetHints":{"allow":["GET"]}}],"collection":[{"href":"https:\/\/www.uartes.edu.ec\/sitio\/wp-json\/wp\/v2\/posts"}],"about":[{"href":"https:\/\/www.uartes.edu.ec\/sitio\/wp-json\/wp\/v2\/types\/post"}],"author":[{"embeddable":true,"href":"https:\/\/www.uartes.edu.ec\/sitio\/wp-json\/wp\/v2\/users\/10"}],"replies":[{"embeddable":true,"href":"https:\/\/www.uartes.edu.ec\/sitio\/wp-json\/wp\/v2\/comments?post=15958"}],"version-history":[{"count":2,"href":"https:\/\/www.uartes.edu.ec\/sitio\/wp-json\/wp\/v2\/posts\/15958\/revisions"}],"predecessor-version":[{"id":15976,"href":"https:\/\/www.uartes.edu.ec\/sitio\/wp-json\/wp\/v2\/posts\/15958\/revisions\/15976"}],"wp:featuredmedia":[{"embeddable":true,"href":"https:\/\/www.uartes.edu.ec\/sitio\/wp-json\/wp\/v2\/media\/15959"}],"wp:attachment":[{"href":"https:\/\/www.uartes.edu.ec\/sitio\/wp-json\/wp\/v2\/media?parent=15958"}],"wp:term":[{"taxonomy":"category","embeddable":true,"href":"https:\/\/www.uartes.edu.ec\/sitio\/wp-json\/wp\/v2\/categories?post=15958"},{"taxonomy":"post_tag","embeddable":true,"href":"https:\/\/www.uartes.edu.ec\/sitio\/wp-json\/wp\/v2\/tags?post=15958"},{"taxonomy":"infouartes","embeddable":true,"href":"https:\/\/www.uartes.edu.ec\/sitio\/wp-json\/wp\/v2\/infouartes?post=15958"}],"curies":[{"name":"wp","href":"https:\/\/api.w.org\/{rel}","templated":true}]}}