{"id":16085,"date":"2021-09-24T21:56:00","date_gmt":"2021-09-25T02:56:00","guid":{"rendered":"http:\/\/www.uartes.edu.ec\/sitio\/?p=16085"},"modified":"2024-07-04T11:25:32","modified_gmt":"2024-07-04T16:25:32","slug":"william-herrera-rector-de-la-universidad-de-las-artes-comparecio-ante-la-comision-de-fiscalizacion-y-control-politico","status":"publish","type":"post","link":"https:\/\/www.uartes.edu.ec\/sitio\/blog\/2021\/09\/24\/william-herrera-rector-de-la-universidad-de-las-artes-comparecio-ante-la-comision-de-fiscalizacion-y-control-politico\/","title":{"rendered":"William Herrera, rector de la Universidad de las Artes, compareci\u00f3 ante la Comisi\u00f3n de Fiscalizaci\u00f3n y Control Pol\u00edtico"},"content":{"rendered":"\n<p>El d\u00eda 23 de septiembre de 2021, William Herrera, rector de la Universidad de las Artes, compareci\u00f3 ante la Comisi\u00f3n de Fiscalizaci\u00f3n y Control Pol\u00edtico. Los temas que se trataron fueron: asignaci\u00f3n de becas, elecciones de autoridades, personal acad\u00e9mico y jer\u00e1rquico administrativo.<\/p>\n\n\n\n<p>El Dr. Herrera empez\u00f3 agradeciendo el espacio y presentando la Universidad de las Artes a las autoridades. Destac\u00f3 que la instituci\u00f3n est\u00e1 centrada en la formaci\u00f3n art\u00edstica a diferencia de otras universidades y que solo hay tres m\u00e1s en Am\u00e9rica Latina con caracter\u00edsticas similares.<\/p>\n\n\n\n<p>Resalt\u00f3 el camino recorrido hacia la institucionalizaci\u00f3n de la UArtes y que finaliz\u00f3 en diciembre 2020 con las elecciones de autoridades. Este proceso empez\u00f3 cuando fue aprobada la ley de creaci\u00f3n de la UArtes en el 2013 con una comisi\u00f3n gestora designada por decreto presidencial y en el 2017 por acuerdo ministerial. Seg\u00fan la ley, la UArtes ten\u00eda 5 a\u00f1os para su institucionalizaci\u00f3n y por la reforma de la LOES (2018), dicho plazo se extendi\u00f3 el periodo hasta diciembre 2020.<\/p>\n\n\n\n<p>Durante este periodo, se trabaj\u00f3 en la consolidaci\u00f3n del estatuto (con su respectiva actualizaci\u00f3n en el 2019), la aprobaci\u00f3n de reglamentos e instrumentos normativos que permitan el correcto funcionamiento de la instituci\u00f3n, sobre todo de las funciones sustantivas: reglamento de r\u00e9gimen acad\u00e9mico interno, reglamento de carrera y escalaf\u00f3n interno, de titulaci\u00f3n, vinculaci\u00f3n, manuales org\u00e1nicos por procesos, etc.<\/p>\n\n\n\n<p>Tambi\u00e9n se realizaron concursos de m\u00e9ritos y oposiciones para el personal acad\u00e9mico y administrativo. En el 2017 se realiz\u00f3 el concurso de personal acad\u00e9mico, dando como resultado 17 docentes titulares actualmente. El siguiente concurso estaba programado para el 2020, pero debido a la pandemia, el recorte presupuestario y el cambio que se produjo en la comisi\u00f3n gestora, este fue suspendido.<\/p>\n\n\n\n<p>Por otro lado, destac\u00f3 la infraestructura donde funcionan los diferentes departamentos e instancias administrativas y acad\u00e9micas de la UArtes en el centro de Guayaquil, resaltando la rehabilitaci\u00f3n de edificios patrimoniales dedicados ahora a la formaci\u00f3n art\u00edstica. Asimismo, se\u00f1alo que objetivo principal de la instituci\u00f3n es la acreditaci\u00f3n y por la cual se est\u00e1 trabajando desde los diferentes departamentos que forman la universidad.<\/p>\n\n\n\n<p>En cuanto al presupuesto, se\u00f1al\u00f3 que la UArtes no tiene empresa p\u00fablica y que funciona con los recursos del presupuesto general del estado. Al igual que con un presupuesto de inversi\u00f3n del cual se ha recibido cerca de 33 millones de d\u00f3lares desde el 2012 hasta agosto 2021.<\/p>\n\n\n\n<p>A pesar de la pandemia y con los debidos cuidados de bioseguridad, el 5 de diciembre se realizo de forma presencial el proceso de elecciones con la aprobaci\u00f3n del COE Guayaquil, se cont\u00f3 con la veedur\u00eda externa del Consejo Nacional Electoral y el Consejo de Participaci\u00f3n Ciudadana. En este proceso se escogieron a las m\u00e1ximas autoridades y a los miembros principales y alternos del \u00d3rgano Colegiado Superior (OCS), al que el &nbsp;Consejo Directivo de Escuelas. EL informe final del proceso fue presentado y posteriormente, el pleno del Consejo de Educaci\u00f3n Superior emiti\u00f3 la resoluci\u00f3n de institucionalizaci\u00f3n de la Universidad de las Artes. El 1 de enero de 2021 empez\u00f3 a funcionar el OCS, lo cual representa una pieza fundamental para la autonom\u00eda de la universidad.<\/p>\n\n\n\n<p>La UArtes continua con el proceso de institucionalizaci\u00f3n administrativa y financiera. Este a\u00f1o la universidad ingresar\u00e1 al &nbsp;Fondo Permanente para el Desarrollo Universitario y Polit\u00e9cnico (FOPEDEUPO) para contar con estos recursos junto a otras universidades del pa\u00eds.<\/p>\n\n\n\n<div class=\"wp-block-image\"><figure class=\"aligncenter size-full\"><img fetchpriority=\"high\" decoding=\"async\" width=\"2000\" height=\"1333\" src=\"http:\/\/www.uartes.edu.ec\/sitio\/wp-content\/uploads\/2021\/09\/WILLIAM-Y-COMISION-FISCALIZACION-03.jpg\" alt=\"\" class=\"wp-image-16087\" srcset=\"https:\/\/www.uartes.edu.ec\/sitio\/wp-content\/uploads\/2021\/09\/WILLIAM-Y-COMISION-FISCALIZACION-03.jpg 2000w, https:\/\/www.uartes.edu.ec\/sitio\/wp-content\/uploads\/2021\/09\/WILLIAM-Y-COMISION-FISCALIZACION-03-300x200.jpg 300w, https:\/\/www.uartes.edu.ec\/sitio\/wp-content\/uploads\/2021\/09\/WILLIAM-Y-COMISION-FISCALIZACION-03-644x429.jpg 644w, https:\/\/www.uartes.edu.ec\/sitio\/wp-content\/uploads\/2021\/09\/WILLIAM-Y-COMISION-FISCALIZACION-03-768x512.jpg 768w, https:\/\/www.uartes.edu.ec\/sitio\/wp-content\/uploads\/2021\/09\/WILLIAM-Y-COMISION-FISCALIZACION-03-1536x1024.jpg 1536w, https:\/\/www.uartes.edu.ec\/sitio\/wp-content\/uploads\/2021\/09\/WILLIAM-Y-COMISION-FISCALIZACION-03-16x12.jpg 16w, https:\/\/www.uartes.edu.ec\/sitio\/wp-content\/uploads\/2021\/09\/WILLIAM-Y-COMISION-FISCALIZACION-03-400x267.jpg 400w, https:\/\/www.uartes.edu.ec\/sitio\/wp-content\/uploads\/2021\/09\/WILLIAM-Y-COMISION-FISCALIZACION-03-600x400.jpg 600w, https:\/\/www.uartes.edu.ec\/sitio\/wp-content\/uploads\/2021\/09\/WILLIAM-Y-COMISION-FISCALIZACION-03-272x182.jpg 272w\" sizes=\"(max-width: 2000px) 100vw, 2000px\" \/><\/figure><\/div>\n\n\n\n<p><strong>\u00bfQu\u00e9 es la UArtes?<\/strong><\/p>\n\n\n\n<p>Dentro de su explicaci\u00f3n, el rector de la UArtes expuso temas importantes de la instituci\u00f3n. La UArtes es una universidad que tiene un prop\u00f3sito espec\u00edfico de formaci\u00f3n art\u00edstica. Su modelo pedag\u00f3gico esta centrado en la practica art\u00edstica y en el desarrollo de procesos creativos de los estudiantes. Cuenta con 8 carreras de grado, 4 maestr\u00edas y tiene el prop\u00f3sito de contar con el primer doctorado en artes del pa\u00eds.<\/p>\n\n\n\n<p><strong>Estudiantes<\/strong><\/p>\n\n\n\n<p>La UArtes tiene una comunicad estudiantil de 1837 estudiantes de los cuales 1600 son de licenciatura, 190 de nivelaci\u00f3n y 47 de posgrado. Sus estudiantes son de todas las provincias del pa\u00eds, la mayor\u00eda (60%) de la provincia del Guayas. Su tasa de retenci\u00f3n es superior al 85% y su tasa de titulaci\u00f3n en funci\u00f3n de las carreras llega al 70%. El rector es consciente de los efectos de la pandemia y su consecuencia en las estad\u00edsticas que se presentan, el plan, asegur\u00f3, es seguir trabajando d\u00eda a d\u00eda para mejorar todos los procesos.<\/p>\n\n\n\n<p>El principal resultado, destaca, son los graduados. 365 graduados aproximadamente en las carreras de licenciatura: cine, creaci\u00f3n teatral, artes visuales, artes musicales, producci\u00f3n musical, literatura y esta semana, los primeros graduados de la carrera de danza. De igual forma, la UArtes ha entregado 62 t\u00edtulos de validaci\u00f3n de trayectoria, este proceso es regulado por el CES.<\/p>\n\n\n\n<p><strong>Docentes<\/strong><\/p>\n\n\n\n<p>La UArtes cuenta con 178 docentes, de los cuales 134 son de tiempo completo. El 25% tienen un PHD y el 75% maestr\u00eda. Adem\u00e1s, cuenta con un n\u00famero importante de docentes que est\u00e1n en el proceso de validaci\u00f3n de trayectoria art\u00edstica.<\/p>\n\n\n\n<p>Destac\u00f3 que los docentes son artistas con pr\u00e1ctica art\u00edstica activa, es decir, sus proyectos de investigaci\u00f3n y vinculaci\u00f3n son productos o presentaciones art\u00edsticas. \u201cEsto es importante, ya que la manera de entender la investigaci\u00f3n en nuestra universidad son las producciones art\u00edsticas, no solo los art\u00edculos o revistas indexadas.\u201d<\/p>\n\n\n\n<p>Dentro de las 403 producciones art\u00edsticas que tiene la universidad se encuentran: arreglos, composiciones musicales, documentales, exposiciones, muestras e instalaciones esc\u00e9nicas. Asimismo, ha desarrollado alrededor de 600 eventos acad\u00e9micos con circulaci\u00f3n en diversos espacios, producciones editoriales, revistas acad\u00e9micas, colecciones y publicaciones de investigaci\u00f3n.<\/p>\n\n\n\n<p><strong>Vinculaci\u00f3n<\/strong><\/p>\n\n\n\n<p>El Dr. Herrera especific\u00f3 que la vinculaci\u00f3n con la sociedad permite, por medio de las artes, trabajar con varios territorios programas enfocados en la ni\u00f1ez, la activaci\u00f3n de espacios y comunidades. Algunos ejemplos son: Isla Trinitaria, Monte Sina\u00ed, Barrio Cuba y varios otros.<\/p>\n\n\n\n<p>Su intervenci\u00f3n finaliz\u00f3 hablando sobre los cambios que se tuvieron que realizar por la pandemia, de una modalidad de presencial a virtual y c\u00f3mo en este momento se ha ido retomando la presencialidad y los accesos a los espacios de la instituci\u00f3n.<\/p>\n\n\n\n<div class=\"wp-block-image\"><figure class=\"aligncenter size-full\"><img decoding=\"async\" width=\"2000\" height=\"1333\" src=\"http:\/\/www.uartes.edu.ec\/sitio\/wp-content\/uploads\/2021\/09\/WILLIAM-Y-COMISION-FISCALIZACION-02.jpg\" alt=\"\" class=\"wp-image-16088\" srcset=\"https:\/\/www.uartes.edu.ec\/sitio\/wp-content\/uploads\/2021\/09\/WILLIAM-Y-COMISION-FISCALIZACION-02.jpg 2000w, https:\/\/www.uartes.edu.ec\/sitio\/wp-content\/uploads\/2021\/09\/WILLIAM-Y-COMISION-FISCALIZACION-02-300x200.jpg 300w, https:\/\/www.uartes.edu.ec\/sitio\/wp-content\/uploads\/2021\/09\/WILLIAM-Y-COMISION-FISCALIZACION-02-644x429.jpg 644w, https:\/\/www.uartes.edu.ec\/sitio\/wp-content\/uploads\/2021\/09\/WILLIAM-Y-COMISION-FISCALIZACION-02-768x512.jpg 768w, https:\/\/www.uartes.edu.ec\/sitio\/wp-content\/uploads\/2021\/09\/WILLIAM-Y-COMISION-FISCALIZACION-02-1536x1024.jpg 1536w, https:\/\/www.uartes.edu.ec\/sitio\/wp-content\/uploads\/2021\/09\/WILLIAM-Y-COMISION-FISCALIZACION-02-16x12.jpg 16w, https:\/\/www.uartes.edu.ec\/sitio\/wp-content\/uploads\/2021\/09\/WILLIAM-Y-COMISION-FISCALIZACION-02-400x267.jpg 400w, https:\/\/www.uartes.edu.ec\/sitio\/wp-content\/uploads\/2021\/09\/WILLIAM-Y-COMISION-FISCALIZACION-02-600x400.jpg 600w, https:\/\/www.uartes.edu.ec\/sitio\/wp-content\/uploads\/2021\/09\/WILLIAM-Y-COMISION-FISCALIZACION-02-272x182.jpg 272w\" sizes=\"(max-width: 2000px) 100vw, 2000px\" \/><\/figure><\/div>\n\n\n\n<p>La asamble\u00edsta Ana Bel\u00e9n Cordero pregunt\u00f3 sobre el proceso de selecci\u00f3n y reformas en el perfil requerido para la Secretar\u00eda de Bienestar Estudiantil. Dicho proceso se dio siguiendo el debido proceso y las normativas de la UArtes. De igual manera, la reforma en el perfil fue pensada para el cuidado de los estudiantes, sobre todo atendiendo las carreras art\u00edsticas que trabajan con el cuerpo y necesitan cuidados en su alimentaci\u00f3n.<\/p>\n\n\n\n<p>La siguiente consulta fue sobre el proceso de becas que inici\u00f3 el I semestre de 2020 y se atras\u00f3 por la pandemia. Este proceso ya estaba establecido cuando se dieron los cambios de autoridades en la comisi\u00f3n gestora. La UArtes decidi\u00f3 mantener el proceso de becas y preservar la continuidad de los estudiantes que se vio afectada por la pandemia.<\/p>\n\n\n\n<p>Como parte del plan de campa\u00f1a fue fundamental apoyar a los graduados de la UArtes, por lo que se ha logrado contratar seg\u00fan el perfil del cargo, a los alumni.<\/p>\n\n\n\n<p>El Asamble\u00edsta Roberto Cuero consult\u00f3 sobre la existencia de otras universidades con las caracter\u00edsticas de la UArtes, a lo cual el Dr. Herrera se\u00f1al\u00f3 que, contando a la UArtes, existen 4 universidades dedicadas exclusivamente a la formaci\u00f3n art\u00edstica.<\/p>\n\n\n\n<p>Otra consulta fue sobre las formas de producir conocimiento innovador cuando se mezclan distintos campos del conocimiento. La UArtes aporta directamente a las diferentes metas que est\u00e1n planteadas en el plan de desarrollo. \u201cObtener un t\u00edtulo de licenciatura o de maestr\u00eda va a permitir que artistas y gestores culturales puedan ingresar con mejor condiciones al mercado laboral\u201d. Tenemos un compromiso muy fuerte con el arte y cultura del Ecuador, se\u00f1al\u00f3 el rector de la Universidad de las Artes.<\/p>\n\n\n\n<p>Asimismo, se enfoc\u00f3 en los proyectos de V\u00ednculo con la Comunidad de la UArtes, la cual ha trabajado con comunidades como Monte Sina\u00ed, Barrio Nigeria, Isla trinitaria y Barrio cuba. Apunt\u00f3 a otros proyectos de desarrollo por medio de las artes, a la recuperaci\u00f3n de la memoria y la identidad. Se\u00f1al\u00f3 que hay que permitir el acceso al arte y a la cultura que representan y son un motor para la transformaci\u00f3n social. Actualmente tambi\u00e9n se trabaja con diversas comunidades de la provincia del Guayas junto a la prefectura.<\/p>\n\n\n\n<p>El asamble\u00edsta tambi\u00e9n consult\u00f3 sobre el proceso de admisi\u00f3n de la UArtes. El rector de la universidad, William Herrera, contest\u00f3 que los estudiantes deben presentarse a un examen de suficiencia en artes y rendir evaluaciones con nuestros equipos; esto enfocado en los campos espec\u00edficos del arte para reconocer las diferentes destrezas que deben tener los aspirantes.<\/p>\n\n\n\n<p>El presidente de la comisi\u00f3n, Fernando Villavicencio, al final de la sesi\u00f3n asegur\u00f3 que lo que se busca es la excelencia acad\u00e9mica de la Universidad de las Artes por medio del uso adecuado de sus recursos, objetivo que la UArtes en la voz de su rector, William Herrera, expuso en su intervenci\u00f3n en el pleno. Sobre el mismo tema, el asamble\u00edsta Juan Carlos Troya, hizo \u00e9nfasis en el trabajo de vinculaci\u00f3n con la comunidad, se\u00f1alando la importancia de trabajar en conjunto con los municipios. <\/p>\n\n\n\n<p>El rector de la UArtes se\u00f1al\u00f3 como requisito indispensable para graduarse las horas de pr\u00e1cticas laborales y con la comunidad que deben cumplir los estudiantes, destacando uno de los trabajos que realiz\u00f3 hace pocos d\u00edas una estudiante de la Escuela de Creaci\u00f3n Teatral, \u201cVoces de la Isla Trinitaria\u201d, donde el di\u00e1logo entre comunidad, artes e investigaci\u00f3n social dieron como resultado la tesis de la ahora graduada de dicha carrera. El asamble\u00edsta Juan Carlos Troya sum\u00f3 como recomendaci\u00f3n trazar puentes de intereses mutuos con la Asociaci\u00f3n de Municipalidades del Ecuador y converger en objetivos que impulsen din\u00e1micas sociales y art\u00edsticas en beneficio de la ciudadan\u00eda. Al final de su exposici\u00f3n el asamble\u00edsta felicit\u00f3 y se\u00f1al\u00f3 la importancia de compartir el conocimiento que la Universidad de las Artes propone a nivel nacional para dinamizar y desarrollar un cambio productivo para la sociedad ecuatoriana.<\/p>\n","protected":false},"excerpt":{"rendered":"<p>El d\u00eda 23 de septiembre de 2021, William Herrera, rector de la Universidad de las Artes, compareci\u00f3 ante la Comisi\u00f3n de Fiscalizaci\u00f3n y Control Pol\u00edtico. Los temas que se trataron fueron: asignaci\u00f3n de becas, elecciones de autoridades, personal acad\u00e9mico y jer\u00e1rquico administrativo. El Dr. Herrera empez\u00f3 agradeciendo el espacio y presentando la Universidad de las [&hellip;]<\/p>\n","protected":false},"author":10,"featured_media":16086,"comment_status":"open","ping_status":"open","sticky":false,"template":"","format":"standard","meta":{"_acf_changed":false,"_uag_custom_page_level_css":"","_monsterinsights_skip_tracking":false,"_monsterinsights_sitenote_active":false,"_monsterinsights_sitenote_note":"","_monsterinsights_sitenote_category":0,"cybocfi_hide_featured_image":"","footnotes":""},"categories":[77,91,84],"tags":[405],"infouartes":[],"class_list":["post-16085","post","type-post","status-publish","format-standard","has-post-thumbnail","hentry","category-gestion","category-noticias","category-rectorado","tag-william-herrera"],"acf":[],"yoast_head":"<!-- This site is optimized with the Yoast SEO plugin v27.4 - https:\/\/yoast.com\/product\/yoast-seo-wordpress\/ -->\n<title>Universidad de las Artes - William Herrera, rector de la Universidad de las Artes, compareci\u00f3 ante la Comisi\u00f3n de Fiscalizaci\u00f3n y Control Pol\u00edtico<\/title>\n<meta name=\"description\" content=\"Universidad de las Artes - William Herrera, rector de la Universidad de las Artes, compareci\u00f3 ante la Comisi\u00f3n de Fiscalizaci\u00f3n y Control Pol\u00edtico\" \/>\n<meta name=\"robots\" content=\"index, follow, max-snippet:-1, max-image-preview:large, max-video-preview:-1\" \/>\n<link rel=\"canonical\" href=\"https:\/\/www.uartes.edu.ec\/sitio\/blog\/2021\/09\/24\/william-herrera-rector-de-la-universidad-de-las-artes-comparecio-ante-la-comision-de-fiscalizacion-y-control-politico\/\" \/>\n<meta property=\"og:locale\" content=\"es_ES\" \/>\n<meta property=\"og:type\" content=\"article\" \/>\n<meta property=\"og:title\" content=\"Universidad de las Artes - William Herrera, rector de la Universidad de las Artes, compareci\u00f3 ante la Comisi\u00f3n de Fiscalizaci\u00f3n y Control Pol\u00edtico\" \/>\n<meta property=\"og:description\" content=\"Universidad de las Artes - William Herrera, rector de la Universidad de las Artes, compareci\u00f3 ante la Comisi\u00f3n de Fiscalizaci\u00f3n y Control Pol\u00edtico\" \/>\n<meta property=\"og:url\" content=\"https:\/\/www.uartes.edu.ec\/sitio\/blog\/2021\/09\/24\/william-herrera-rector-de-la-universidad-de-las-artes-comparecio-ante-la-comision-de-fiscalizacion-y-control-politico\/\" \/>\n<meta property=\"og:site_name\" content=\"Universidad de las Artes\" \/>\n<meta property=\"article:publisher\" content=\"https:\/\/www.facebook.com\/uartesec\" \/>\n<meta property=\"article:published_time\" content=\"2021-09-25T02:56:00+00:00\" \/>\n<meta property=\"article:modified_time\" content=\"2024-07-04T16:25:32+00:00\" \/>\n<meta property=\"og:image\" content=\"https:\/\/www.uartes.edu.ec\/sitio\/wp-content\/uploads\/2021\/09\/WILLIAM-Y-COMISION-FISCALIZACION.jpg\" \/>\n\t<meta property=\"og:image:width\" content=\"2000\" \/>\n\t<meta property=\"og:image:height\" content=\"1333\" \/>\n\t<meta property=\"og:image:type\" content=\"image\/jpeg\" \/>\n<meta name=\"author\" content=\"ccortez\" \/>\n<meta name=\"twitter:card\" content=\"summary_large_image\" \/>\n<meta name=\"twitter:creator\" content=\"@uartesec\" \/>\n<meta name=\"twitter:site\" content=\"@uartesec\" \/>\n<meta name=\"twitter:label1\" content=\"Escrito por\" \/>\n\t<meta name=\"twitter:data1\" content=\"ccortez\" \/>\n\t<meta name=\"twitter:label2\" content=\"Tiempo de lectura\" \/>\n\t<meta name=\"twitter:data2\" content=\"8 minutos\" \/>\n<script type=\"application\/ld+json\" class=\"yoast-schema-graph\">{\"@context\":\"https:\\\/\\\/schema.org\",\"@graph\":[{\"@type\":\"Article\",\"@id\":\"https:\\\/\\\/www.uartes.edu.ec\\\/sitio\\\/blog\\\/2021\\\/09\\\/24\\\/william-herrera-rector-de-la-universidad-de-las-artes-comparecio-ante-la-comision-de-fiscalizacion-y-control-politico\\\/#article\",\"isPartOf\":{\"@id\":\"https:\\\/\\\/www.uartes.edu.ec\\\/sitio\\\/blog\\\/2021\\\/09\\\/24\\\/william-herrera-rector-de-la-universidad-de-las-artes-comparecio-ante-la-comision-de-fiscalizacion-y-control-politico\\\/\"},\"author\":{\"name\":\"ccortez\",\"@id\":\"https:\\\/\\\/www.uartes.edu.ec\\\/sitio\\\/#\\\/schema\\\/person\\\/efa1b8275797664fd7f13a79ccc0b1f4\"},\"headline\":\"William Herrera, rector de la Universidad de las Artes, compareci\u00f3 ante la Comisi\u00f3n de Fiscalizaci\u00f3n y Control Pol\u00edtico\",\"datePublished\":\"2021-09-25T02:56:00+00:00\",\"dateModified\":\"2024-07-04T16:25:32+00:00\",\"mainEntityOfPage\":{\"@id\":\"https:\\\/\\\/www.uartes.edu.ec\\\/sitio\\\/blog\\\/2021\\\/09\\\/24\\\/william-herrera-rector-de-la-universidad-de-las-artes-comparecio-ante-la-comision-de-fiscalizacion-y-control-politico\\\/\"},\"wordCount\":1788,\"commentCount\":0,\"publisher\":{\"@id\":\"https:\\\/\\\/www.uartes.edu.ec\\\/sitio\\\/#organization\"},\"image\":{\"@id\":\"https:\\\/\\\/www.uartes.edu.ec\\\/sitio\\\/blog\\\/2021\\\/09\\\/24\\\/william-herrera-rector-de-la-universidad-de-las-artes-comparecio-ante-la-comision-de-fiscalizacion-y-control-politico\\\/#primaryimage\"},\"thumbnailUrl\":\"https:\\\/\\\/www.uartes.edu.ec\\\/sitio\\\/wp-content\\\/uploads\\\/2021\\\/09\\\/WILLIAM-Y-COMISION-FISCALIZACION.jpg\",\"keywords\":[\"William Herrera\"],\"articleSection\":[\"Gesti\u00f3n\",\"Noticias\",\"Rectorado\"],\"inLanguage\":\"es\",\"potentialAction\":[{\"@type\":\"CommentAction\",\"name\":\"Comment\",\"target\":[\"https:\\\/\\\/www.uartes.edu.ec\\\/sitio\\\/blog\\\/2021\\\/09\\\/24\\\/william-herrera-rector-de-la-universidad-de-las-artes-comparecio-ante-la-comision-de-fiscalizacion-y-control-politico\\\/#respond\"]}]},{\"@type\":[\"WebPage\",\"ItemPage\"],\"@id\":\"https:\\\/\\\/www.uartes.edu.ec\\\/sitio\\\/blog\\\/2021\\\/09\\\/24\\\/william-herrera-rector-de-la-universidad-de-las-artes-comparecio-ante-la-comision-de-fiscalizacion-y-control-politico\\\/\",\"url\":\"https:\\\/\\\/www.uartes.edu.ec\\\/sitio\\\/blog\\\/2021\\\/09\\\/24\\\/william-herrera-rector-de-la-universidad-de-las-artes-comparecio-ante-la-comision-de-fiscalizacion-y-control-politico\\\/\",\"name\":\"Universidad de las Artes - William Herrera, rector de la Universidad de las Artes, compareci\u00f3 ante la Comisi\u00f3n de Fiscalizaci\u00f3n y Control Pol\u00edtico\",\"isPartOf\":{\"@id\":\"https:\\\/\\\/www.uartes.edu.ec\\\/sitio\\\/#website\"},\"primaryImageOfPage\":{\"@id\":\"https:\\\/\\\/www.uartes.edu.ec\\\/sitio\\\/blog\\\/2021\\\/09\\\/24\\\/william-herrera-rector-de-la-universidad-de-las-artes-comparecio-ante-la-comision-de-fiscalizacion-y-control-politico\\\/#primaryimage\"},\"image\":{\"@id\":\"https:\\\/\\\/www.uartes.edu.ec\\\/sitio\\\/blog\\\/2021\\\/09\\\/24\\\/william-herrera-rector-de-la-universidad-de-las-artes-comparecio-ante-la-comision-de-fiscalizacion-y-control-politico\\\/#primaryimage\"},\"thumbnailUrl\":\"https:\\\/\\\/www.uartes.edu.ec\\\/sitio\\\/wp-content\\\/uploads\\\/2021\\\/09\\\/WILLIAM-Y-COMISION-FISCALIZACION.jpg\",\"datePublished\":\"2021-09-25T02:56:00+00:00\",\"dateModified\":\"2024-07-04T16:25:32+00:00\",\"description\":\"Universidad de las Artes - William Herrera, rector de la Universidad de las Artes, compareci\u00f3 ante la Comisi\u00f3n de Fiscalizaci\u00f3n y Control Pol\u00edtico\",\"breadcrumb\":{\"@id\":\"https:\\\/\\\/www.uartes.edu.ec\\\/sitio\\\/blog\\\/2021\\\/09\\\/24\\\/william-herrera-rector-de-la-universidad-de-las-artes-comparecio-ante-la-comision-de-fiscalizacion-y-control-politico\\\/#breadcrumb\"},\"inLanguage\":\"es\",\"potentialAction\":[{\"@type\":\"ReadAction\",\"target\":[\"https:\\\/\\\/www.uartes.edu.ec\\\/sitio\\\/blog\\\/2021\\\/09\\\/24\\\/william-herrera-rector-de-la-universidad-de-las-artes-comparecio-ante-la-comision-de-fiscalizacion-y-control-politico\\\/\"]}]},{\"@type\":\"ImageObject\",\"inLanguage\":\"es\",\"@id\":\"https:\\\/\\\/www.uartes.edu.ec\\\/sitio\\\/blog\\\/2021\\\/09\\\/24\\\/william-herrera-rector-de-la-universidad-de-las-artes-comparecio-ante-la-comision-de-fiscalizacion-y-control-politico\\\/#primaryimage\",\"url\":\"https:\\\/\\\/www.uartes.edu.ec\\\/sitio\\\/wp-content\\\/uploads\\\/2021\\\/09\\\/WILLIAM-Y-COMISION-FISCALIZACION.jpg\",\"contentUrl\":\"https:\\\/\\\/www.uartes.edu.ec\\\/sitio\\\/wp-content\\\/uploads\\\/2021\\\/09\\\/WILLIAM-Y-COMISION-FISCALIZACION.jpg\",\"width\":2000,\"height\":1333},{\"@type\":\"BreadcrumbList\",\"@id\":\"https:\\\/\\\/www.uartes.edu.ec\\\/sitio\\\/blog\\\/2021\\\/09\\\/24\\\/william-herrera-rector-de-la-universidad-de-las-artes-comparecio-ante-la-comision-de-fiscalizacion-y-control-politico\\\/#breadcrumb\",\"itemListElement\":[{\"@type\":\"ListItem\",\"position\":1,\"name\":\"Inicio\",\"item\":\"https:\\\/\\\/www.uartes.edu.ec\\\/sitio\\\/\"},{\"@type\":\"ListItem\",\"position\":2,\"name\":\"William Herrera, rector de la Universidad de las Artes, compareci\u00f3 ante la Comisi\u00f3n de Fiscalizaci\u00f3n y Control Pol\u00edtico\"}]},{\"@type\":\"WebSite\",\"@id\":\"https:\\\/\\\/www.uartes.edu.ec\\\/sitio\\\/#website\",\"url\":\"https:\\\/\\\/www.uartes.edu.ec\\\/sitio\\\/\",\"name\":\"Universidad de las Artes\",\"description\":\"Sitio oficial de la Universidad Nacional de las Artes del Ecuador\",\"publisher\":{\"@id\":\"https:\\\/\\\/www.uartes.edu.ec\\\/sitio\\\/#organization\"},\"potentialAction\":[{\"@type\":\"SearchAction\",\"target\":{\"@type\":\"EntryPoint\",\"urlTemplate\":\"https:\\\/\\\/www.uartes.edu.ec\\\/sitio\\\/?s={search_term_string}\"},\"query-input\":{\"@type\":\"PropertyValueSpecification\",\"valueRequired\":true,\"valueName\":\"search_term_string\"}}],\"inLanguage\":\"es\"},{\"@type\":\"Organization\",\"@id\":\"https:\\\/\\\/www.uartes.edu.ec\\\/sitio\\\/#organization\",\"name\":\"Universidad de las Artes\",\"url\":\"https:\\\/\\\/www.uartes.edu.ec\\\/sitio\\\/\",\"logo\":{\"@type\":\"ImageObject\",\"inLanguage\":\"es\",\"@id\":\"https:\\\/\\\/www.uartes.edu.ec\\\/sitio\\\/#\\\/schema\\\/logo\\\/image\\\/\",\"url\":\"https:\\\/\\\/www.uartes.edu.ec\\\/sitio\\\/wp-content\\\/uploads\\\/2022\\\/07\\\/logo-ua-horizontal.png\",\"contentUrl\":\"https:\\\/\\\/www.uartes.edu.ec\\\/sitio\\\/wp-content\\\/uploads\\\/2022\\\/07\\\/logo-ua-horizontal.png\",\"width\":800,\"height\":276,\"caption\":\"Universidad de las Artes\"},\"image\":{\"@id\":\"https:\\\/\\\/www.uartes.edu.ec\\\/sitio\\\/#\\\/schema\\\/logo\\\/image\\\/\"},\"sameAs\":[\"https:\\\/\\\/www.facebook.com\\\/uartesec\",\"https:\\\/\\\/x.com\\\/uartesec\",\"https:\\\/\\\/www.tiktok.com\\\/@uartesec\"]},{\"@type\":\"Person\",\"@id\":\"https:\\\/\\\/www.uartes.edu.ec\\\/sitio\\\/#\\\/schema\\\/person\\\/efa1b8275797664fd7f13a79ccc0b1f4\",\"name\":\"ccortez\",\"image\":{\"@type\":\"ImageObject\",\"inLanguage\":\"es\",\"@id\":\"https:\\\/\\\/secure.gravatar.com\\\/avatar\\\/b2a6f664a3ae8e074346ef91775736c5ec479e637ecced6842de9dc98b5da9cd?s=96&d=mm&r=g\",\"url\":\"https:\\\/\\\/secure.gravatar.com\\\/avatar\\\/b2a6f664a3ae8e074346ef91775736c5ec479e637ecced6842de9dc98b5da9cd?s=96&d=mm&r=g\",\"contentUrl\":\"https:\\\/\\\/secure.gravatar.com\\\/avatar\\\/b2a6f664a3ae8e074346ef91775736c5ec479e637ecced6842de9dc98b5da9cd?s=96&d=mm&r=g\",\"caption\":\"ccortez\"},\"url\":\"https:\\\/\\\/www.uartes.edu.ec\\\/sitio\\\/blog\\\/author\\\/ccortez\\\/\"}]}<\/script>\n<!-- \/ Yoast SEO plugin. -->","yoast_head_json":{"title":"Universidad de las Artes - William Herrera, rector de la Universidad de las Artes, compareci\u00f3 ante la Comisi\u00f3n de Fiscalizaci\u00f3n y Control Pol\u00edtico","description":"Universidad de las Artes - William Herrera, rector de la Universidad de las Artes, compareci\u00f3 ante la Comisi\u00f3n de Fiscalizaci\u00f3n y Control Pol\u00edtico","robots":{"index":"index","follow":"follow","max-snippet":"max-snippet:-1","max-image-preview":"max-image-preview:large","max-video-preview":"max-video-preview:-1"},"canonical":"https:\/\/www.uartes.edu.ec\/sitio\/blog\/2021\/09\/24\/william-herrera-rector-de-la-universidad-de-las-artes-comparecio-ante-la-comision-de-fiscalizacion-y-control-politico\/","og_locale":"es_ES","og_type":"article","og_title":"Universidad de las Artes - William Herrera, rector de la Universidad de las Artes, compareci\u00f3 ante la Comisi\u00f3n de Fiscalizaci\u00f3n y Control Pol\u00edtico","og_description":"Universidad de las Artes - William Herrera, rector de la Universidad de las Artes, compareci\u00f3 ante la Comisi\u00f3n de Fiscalizaci\u00f3n y Control Pol\u00edtico","og_url":"https:\/\/www.uartes.edu.ec\/sitio\/blog\/2021\/09\/24\/william-herrera-rector-de-la-universidad-de-las-artes-comparecio-ante-la-comision-de-fiscalizacion-y-control-politico\/","og_site_name":"Universidad de las Artes","article_publisher":"https:\/\/www.facebook.com\/uartesec","article_published_time":"2021-09-25T02:56:00+00:00","article_modified_time":"2024-07-04T16:25:32+00:00","og_image":[{"width":2000,"height":1333,"url":"https:\/\/www.uartes.edu.ec\/sitio\/wp-content\/uploads\/2021\/09\/WILLIAM-Y-COMISION-FISCALIZACION.jpg","type":"image\/jpeg"}],"author":"ccortez","twitter_card":"summary_large_image","twitter_creator":"@uartesec","twitter_site":"@uartesec","twitter_misc":{"Escrito por":"ccortez","Tiempo de lectura":"8 minutos"},"schema":{"@context":"https:\/\/schema.org","@graph":[{"@type":"Article","@id":"https:\/\/www.uartes.edu.ec\/sitio\/blog\/2021\/09\/24\/william-herrera-rector-de-la-universidad-de-las-artes-comparecio-ante-la-comision-de-fiscalizacion-y-control-politico\/#article","isPartOf":{"@id":"https:\/\/www.uartes.edu.ec\/sitio\/blog\/2021\/09\/24\/william-herrera-rector-de-la-universidad-de-las-artes-comparecio-ante-la-comision-de-fiscalizacion-y-control-politico\/"},"author":{"name":"ccortez","@id":"https:\/\/www.uartes.edu.ec\/sitio\/#\/schema\/person\/efa1b8275797664fd7f13a79ccc0b1f4"},"headline":"William Herrera, rector de la Universidad de las Artes, compareci\u00f3 ante la Comisi\u00f3n de Fiscalizaci\u00f3n y Control Pol\u00edtico","datePublished":"2021-09-25T02:56:00+00:00","dateModified":"2024-07-04T16:25:32+00:00","mainEntityOfPage":{"@id":"https:\/\/www.uartes.edu.ec\/sitio\/blog\/2021\/09\/24\/william-herrera-rector-de-la-universidad-de-las-artes-comparecio-ante-la-comision-de-fiscalizacion-y-control-politico\/"},"wordCount":1788,"commentCount":0,"publisher":{"@id":"https:\/\/www.uartes.edu.ec\/sitio\/#organization"},"image":{"@id":"https:\/\/www.uartes.edu.ec\/sitio\/blog\/2021\/09\/24\/william-herrera-rector-de-la-universidad-de-las-artes-comparecio-ante-la-comision-de-fiscalizacion-y-control-politico\/#primaryimage"},"thumbnailUrl":"https:\/\/www.uartes.edu.ec\/sitio\/wp-content\/uploads\/2021\/09\/WILLIAM-Y-COMISION-FISCALIZACION.jpg","keywords":["William Herrera"],"articleSection":["Gesti\u00f3n","Noticias","Rectorado"],"inLanguage":"es","potentialAction":[{"@type":"CommentAction","name":"Comment","target":["https:\/\/www.uartes.edu.ec\/sitio\/blog\/2021\/09\/24\/william-herrera-rector-de-la-universidad-de-las-artes-comparecio-ante-la-comision-de-fiscalizacion-y-control-politico\/#respond"]}]},{"@type":["WebPage","ItemPage"],"@id":"https:\/\/www.uartes.edu.ec\/sitio\/blog\/2021\/09\/24\/william-herrera-rector-de-la-universidad-de-las-artes-comparecio-ante-la-comision-de-fiscalizacion-y-control-politico\/","url":"https:\/\/www.uartes.edu.ec\/sitio\/blog\/2021\/09\/24\/william-herrera-rector-de-la-universidad-de-las-artes-comparecio-ante-la-comision-de-fiscalizacion-y-control-politico\/","name":"Universidad de las Artes - William Herrera, rector de la Universidad de las Artes, compareci\u00f3 ante la Comisi\u00f3n de Fiscalizaci\u00f3n y Control Pol\u00edtico","isPartOf":{"@id":"https:\/\/www.uartes.edu.ec\/sitio\/#website"},"primaryImageOfPage":{"@id":"https:\/\/www.uartes.edu.ec\/sitio\/blog\/2021\/09\/24\/william-herrera-rector-de-la-universidad-de-las-artes-comparecio-ante-la-comision-de-fiscalizacion-y-control-politico\/#primaryimage"},"image":{"@id":"https:\/\/www.uartes.edu.ec\/sitio\/blog\/2021\/09\/24\/william-herrera-rector-de-la-universidad-de-las-artes-comparecio-ante-la-comision-de-fiscalizacion-y-control-politico\/#primaryimage"},"thumbnailUrl":"https:\/\/www.uartes.edu.ec\/sitio\/wp-content\/uploads\/2021\/09\/WILLIAM-Y-COMISION-FISCALIZACION.jpg","datePublished":"2021-09-25T02:56:00+00:00","dateModified":"2024-07-04T16:25:32+00:00","description":"Universidad de las Artes - William Herrera, rector de la Universidad de las Artes, compareci\u00f3 ante la Comisi\u00f3n de Fiscalizaci\u00f3n y Control Pol\u00edtico","breadcrumb":{"@id":"https:\/\/www.uartes.edu.ec\/sitio\/blog\/2021\/09\/24\/william-herrera-rector-de-la-universidad-de-las-artes-comparecio-ante-la-comision-de-fiscalizacion-y-control-politico\/#breadcrumb"},"inLanguage":"es","potentialAction":[{"@type":"ReadAction","target":["https:\/\/www.uartes.edu.ec\/sitio\/blog\/2021\/09\/24\/william-herrera-rector-de-la-universidad-de-las-artes-comparecio-ante-la-comision-de-fiscalizacion-y-control-politico\/"]}]},{"@type":"ImageObject","inLanguage":"es","@id":"https:\/\/www.uartes.edu.ec\/sitio\/blog\/2021\/09\/24\/william-herrera-rector-de-la-universidad-de-las-artes-comparecio-ante-la-comision-de-fiscalizacion-y-control-politico\/#primaryimage","url":"https:\/\/www.uartes.edu.ec\/sitio\/wp-content\/uploads\/2021\/09\/WILLIAM-Y-COMISION-FISCALIZACION.jpg","contentUrl":"https:\/\/www.uartes.edu.ec\/sitio\/wp-content\/uploads\/2021\/09\/WILLIAM-Y-COMISION-FISCALIZACION.jpg","width":2000,"height":1333},{"@type":"BreadcrumbList","@id":"https:\/\/www.uartes.edu.ec\/sitio\/blog\/2021\/09\/24\/william-herrera-rector-de-la-universidad-de-las-artes-comparecio-ante-la-comision-de-fiscalizacion-y-control-politico\/#breadcrumb","itemListElement":[{"@type":"ListItem","position":1,"name":"Inicio","item":"https:\/\/www.uartes.edu.ec\/sitio\/"},{"@type":"ListItem","position":2,"name":"William Herrera, rector de la Universidad de las Artes, compareci\u00f3 ante la Comisi\u00f3n de Fiscalizaci\u00f3n y Control Pol\u00edtico"}]},{"@type":"WebSite","@id":"https:\/\/www.uartes.edu.ec\/sitio\/#website","url":"https:\/\/www.uartes.edu.ec\/sitio\/","name":"Universidad de las Artes","description":"Sitio oficial de la Universidad Nacional de las Artes del Ecuador","publisher":{"@id":"https:\/\/www.uartes.edu.ec\/sitio\/#organization"},"potentialAction":[{"@type":"SearchAction","target":{"@type":"EntryPoint","urlTemplate":"https:\/\/www.uartes.edu.ec\/sitio\/?s={search_term_string}"},"query-input":{"@type":"PropertyValueSpecification","valueRequired":true,"valueName":"search_term_string"}}],"inLanguage":"es"},{"@type":"Organization","@id":"https:\/\/www.uartes.edu.ec\/sitio\/#organization","name":"Universidad de las Artes","url":"https:\/\/www.uartes.edu.ec\/sitio\/","logo":{"@type":"ImageObject","inLanguage":"es","@id":"https:\/\/www.uartes.edu.ec\/sitio\/#\/schema\/logo\/image\/","url":"https:\/\/www.uartes.edu.ec\/sitio\/wp-content\/uploads\/2022\/07\/logo-ua-horizontal.png","contentUrl":"https:\/\/www.uartes.edu.ec\/sitio\/wp-content\/uploads\/2022\/07\/logo-ua-horizontal.png","width":800,"height":276,"caption":"Universidad de las Artes"},"image":{"@id":"https:\/\/www.uartes.edu.ec\/sitio\/#\/schema\/logo\/image\/"},"sameAs":["https:\/\/www.facebook.com\/uartesec","https:\/\/x.com\/uartesec","https:\/\/www.tiktok.com\/@uartesec"]},{"@type":"Person","@id":"https:\/\/www.uartes.edu.ec\/sitio\/#\/schema\/person\/efa1b8275797664fd7f13a79ccc0b1f4","name":"ccortez","image":{"@type":"ImageObject","inLanguage":"es","@id":"https:\/\/secure.gravatar.com\/avatar\/b2a6f664a3ae8e074346ef91775736c5ec479e637ecced6842de9dc98b5da9cd?s=96&d=mm&r=g","url":"https:\/\/secure.gravatar.com\/avatar\/b2a6f664a3ae8e074346ef91775736c5ec479e637ecced6842de9dc98b5da9cd?s=96&d=mm&r=g","contentUrl":"https:\/\/secure.gravatar.com\/avatar\/b2a6f664a3ae8e074346ef91775736c5ec479e637ecced6842de9dc98b5da9cd?s=96&d=mm&r=g","caption":"ccortez"},"url":"https:\/\/www.uartes.edu.ec\/sitio\/blog\/author\/ccortez\/"}]}},"uagb_featured_image_src":{"full":["https:\/\/www.uartes.edu.ec\/sitio\/wp-content\/uploads\/2021\/09\/WILLIAM-Y-COMISION-FISCALIZACION.jpg",2000,1333,false],"thumbnail":["https:\/\/www.uartes.edu.ec\/sitio\/wp-content\/uploads\/2021\/09\/WILLIAM-Y-COMISION-FISCALIZACION-150x150.jpg",150,150,true],"medium":["https:\/\/www.uartes.edu.ec\/sitio\/wp-content\/uploads\/2021\/09\/WILLIAM-Y-COMISION-FISCALIZACION-300x200.jpg",300,200,true],"medium_large":["https:\/\/www.uartes.edu.ec\/sitio\/wp-content\/uploads\/2021\/09\/WILLIAM-Y-COMISION-FISCALIZACION-768x512.jpg",768,512,true],"large":["https:\/\/www.uartes.edu.ec\/sitio\/wp-content\/uploads\/2021\/09\/WILLIAM-Y-COMISION-FISCALIZACION-644x429.jpg",644,429,true],"1536x1536":["https:\/\/www.uartes.edu.ec\/sitio\/wp-content\/uploads\/2021\/09\/WILLIAM-Y-COMISION-FISCALIZACION-1536x1024.jpg",1536,1024,true],"2048x2048":["https:\/\/www.uartes.edu.ec\/sitio\/wp-content\/uploads\/2021\/09\/WILLIAM-Y-COMISION-FISCALIZACION.jpg",2000,1333,false],"trp-custom-language-flag":["https:\/\/www.uartes.edu.ec\/sitio\/wp-content\/uploads\/2021\/09\/WILLIAM-Y-COMISION-FISCALIZACION-16x12.jpg",16,12,true],"htmega_size_585x295":["https:\/\/www.uartes.edu.ec\/sitio\/wp-content\/uploads\/2021\/09\/WILLIAM-Y-COMISION-FISCALIZACION-585x295.jpg",585,295,true],"htmega_size_1170x536":["https:\/\/www.uartes.edu.ec\/sitio\/wp-content\/uploads\/2021\/09\/WILLIAM-Y-COMISION-FISCALIZACION-1170x536.jpg",1170,536,true],"htmega_size_396x360":["https:\/\/www.uartes.edu.ec\/sitio\/wp-content\/uploads\/2021\/09\/WILLIAM-Y-COMISION-FISCALIZACION-396x360.jpg",396,360,true],"gb-block-post-grid-landscape":["https:\/\/www.uartes.edu.ec\/sitio\/wp-content\/uploads\/2021\/09\/WILLIAM-Y-COMISION-FISCALIZACION.jpg",600,400,false],"gb-block-post-grid-square":["https:\/\/www.uartes.edu.ec\/sitio\/wp-content\/uploads\/2021\/09\/WILLIAM-Y-COMISION-FISCALIZACION.jpg",600,400,false],"university-hub-thumb":["https:\/\/www.uartes.edu.ec\/sitio\/wp-content\/uploads\/2021\/09\/WILLIAM-Y-COMISION-FISCALIZACION-400x267.jpg",400,267,true]},"uagb_author_info":{"display_name":"ccortez","author_link":"https:\/\/www.uartes.edu.ec\/sitio\/blog\/author\/ccortez\/"},"uagb_comment_info":0,"uagb_excerpt":"El d\u00eda 23 de septiembre de 2021, William Herrera, rector de la Universidad de las Artes, compareci\u00f3 ante la Comisi\u00f3n de Fiscalizaci\u00f3n y Control Pol\u00edtico. Los temas que se trataron fueron: asignaci\u00f3n de becas, elecciones de autoridades, personal acad\u00e9mico y jer\u00e1rquico administrativo. El Dr. Herrera empez\u00f3 agradeciendo el espacio y presentando la Universidad de las&hellip;","featured_image_src":"https:\/\/www.uartes.edu.ec\/sitio\/wp-content\/uploads\/2021\/09\/WILLIAM-Y-COMISION-FISCALIZACION.jpg","featured_image_src_square":"https:\/\/www.uartes.edu.ec\/sitio\/wp-content\/uploads\/2021\/09\/WILLIAM-Y-COMISION-FISCALIZACION.jpg","author_info":{"display_name":"ccortez","author_link":"https:\/\/www.uartes.edu.ec\/sitio\/blog\/author\/ccortez\/"},"publishpress_future_workflow_manual_trigger":{"enabledWorkflows":[]},"distributor_meta":false,"distributor_terms":false,"distributor_media":false,"distributor_original_site_name":"Universidad de las Artes","distributor_original_site_url":"https:\/\/www.uartes.edu.ec\/sitio","push-errors":false,"_links":{"self":[{"href":"https:\/\/www.uartes.edu.ec\/sitio\/wp-json\/wp\/v2\/posts\/16085","targetHints":{"allow":["GET"]}}],"collection":[{"href":"https:\/\/www.uartes.edu.ec\/sitio\/wp-json\/wp\/v2\/posts"}],"about":[{"href":"https:\/\/www.uartes.edu.ec\/sitio\/wp-json\/wp\/v2\/types\/post"}],"author":[{"embeddable":true,"href":"https:\/\/www.uartes.edu.ec\/sitio\/wp-json\/wp\/v2\/users\/10"}],"replies":[{"embeddable":true,"href":"https:\/\/www.uartes.edu.ec\/sitio\/wp-json\/wp\/v2\/comments?post=16085"}],"version-history":[{"count":2,"href":"https:\/\/www.uartes.edu.ec\/sitio\/wp-json\/wp\/v2\/posts\/16085\/revisions"}],"predecessor-version":[{"id":16090,"href":"https:\/\/www.uartes.edu.ec\/sitio\/wp-json\/wp\/v2\/posts\/16085\/revisions\/16090"}],"wp:featuredmedia":[{"embeddable":true,"href":"https:\/\/www.uartes.edu.ec\/sitio\/wp-json\/wp\/v2\/media\/16086"}],"wp:attachment":[{"href":"https:\/\/www.uartes.edu.ec\/sitio\/wp-json\/wp\/v2\/media?parent=16085"}],"wp:term":[{"taxonomy":"category","embeddable":true,"href":"https:\/\/www.uartes.edu.ec\/sitio\/wp-json\/wp\/v2\/categories?post=16085"},{"taxonomy":"post_tag","embeddable":true,"href":"https:\/\/www.uartes.edu.ec\/sitio\/wp-json\/wp\/v2\/tags?post=16085"},{"taxonomy":"infouartes","embeddable":true,"href":"https:\/\/www.uartes.edu.ec\/sitio\/wp-json\/wp\/v2\/infouartes?post=16085"}],"curies":[{"name":"wp","href":"https:\/\/api.w.org\/{rel}","templated":true}]}}