{"id":16381,"date":"2021-10-20T17:30:00","date_gmt":"2021-10-20T22:30:00","guid":{"rendered":"http:\/\/www.uartes.edu.ec\/sitio\/?p=16381"},"modified":"2024-07-04T11:25:28","modified_gmt":"2024-07-04T16:25:28","slug":"poeticas-sonoras-latinoamericanas-una-mirada-desde-la-universidad","status":"publish","type":"post","link":"https:\/\/www.uartes.edu.ec\/sitio\/blog\/2021\/10\/20\/poeticas-sonoras-latinoamericanas-una-mirada-desde-la-universidad\/","title":{"rendered":"Po\u00e9ticas Sonoras Latinoamericanas, una mirada desde la universidad"},"content":{"rendered":"\n<p>En <a href=\"http:\/\/mz14.uartes.edu.ec\/producto\/poeticas-sonoras-latinoamericanas-vol-2\/\">http:\/\/mz14.uartes.edu.ec\/producto\/poeticas-sonoras-latinoamericanas-vol-2\/<\/a> se encuentra disponible ya la publicaci\u00f3n digital de <em>Po\u00e9ticas Sonoras Latinoamericanas. Una mirada desde la universidad<\/em>. Se trata del volumen 2 de la obra, que ha sido coeditada por la Universidad de las Artes y la Universidad Nacional de Artes de Argentina y que recopila partituras de docentes de siete instituciones de educaci\u00f3n superior de Am\u00e9rica Latina.<\/p>\n\n\n\n<p>El rol de las universidades de artes de Latinoam\u00e9rica respecto a la circulaci\u00f3n y preservaci\u00f3n del patrimonio cultural de la regi\u00f3n es indiscutible. La creaci\u00f3n y recuperaci\u00f3n de archivos, las investigaciones de car\u00e1cter antropol\u00f3gico y etnomusicol\u00f3gico y las compilaciones de relatos de la tradici\u00f3n oral de miles de comunidades son algunos ejemplos. En este sentido, los departamentos y escuelas de m\u00fasica y artes sonoras, como centros estrat\u00e9gicos de producci\u00f3n y circulaci\u00f3n simb\u00f3lica, tienen la posibilidad y el desaf\u00edo de participar en la visibilizaci\u00f3n y conservaci\u00f3n del patrimonio cultural intangible que nutre nuestra identidad latinoamericana.<\/p>\n\n\n\n<p>Este segundo volumen de\u00a0<em>Po\u00e9ticas Sonoras Latinoamericanas. Una mirada desde la universidad<\/em> es resultado de un trabajo conjunto entre el Departamento de Artes Musicales y Sonoras de la UNA, Argentina; la Escuela de Artes Sonoras de la UArtes, Ecuador; el Conservatorio Nacional de M\u00fasica, Paraguay; la Facultad de M\u00fasica del Instituto Superior del Arte, Cuba; la Universidad de S\u00e3o Paulo, Brasil; la Escuela Universitaria de M\u00fasica de la Universidad Nacional de la Rep\u00fablica, Uruguay; y, el Centro Mexicano para la M\u00fasica y las Artes Sonoras de la Universidad Aut\u00f3noma, M\u00e9xico. Se presenta como una oportunidad no solo para dar a conocer las producciones de las compositoras y los compositores docentes de nuestras casas de estudio, sino, sobre todo, para profundizar el intercambio de bienes simb\u00f3licos que contribuyan a desarrollar una perspectiva latinoamericana de la producci\u00f3n musical.<\/p>\n\n\n\n<p>Si la primera edici\u00f3n naci\u00f3 con la fuerza intuitiva de la necesidad, este segundo volumen llega con una organizaci\u00f3n institucional que permite abarcar m\u00e1s tiempo y espacio (ahora desde el Bravo hasta la Patagonia) para mostrar un caleidoscopio incre\u00edblemente rico en posibilidades musicales. Docentes compositores\/as latinoamericanos\/as muestran aqu\u00ed lucidez e inspiraci\u00f3n en sus contextos cada vez m\u00e1s complejos, se\u00f1alan en la nota introductoria de la obra sus compiladores, Victoria Gandini y Rafael Guzm\u00e1n. La coordinaci\u00f3n corri\u00f3 a cargo de Cristina V\u00e1zquez y Andrey Astaiza. En ambos casos, de la UNA y la UArtes, respectivamente.<\/p>\n\n\n\n<p>De nuestra instituci\u00f3n de educaci\u00f3n superior, en <em>Po\u00e9ticas Sonoras Latinoamericanas. Una mirada desde la universidad <\/em>participan con sus trabajos los docentes: Adina Izarra, con el t\u00edtulo \u201cDesde una ventana con loros\u201d; Andr\u00e9s Noboa, con \u201cLa mangosta dorada\u201d; Andrey Astaiza, con \u201cChonta Madre\u201d; Carlos L\u00f3pez, con \u201cJazz son para Cachao\u201d; Ernesto Mora, con \u201cSi sonr\u00ede la humanidad\u201d; Juan Carlos Franco, con \u201cMiraremos al Sol\u201d; Luis P\u00e9rez-Valero, con \u201cCaracas 1958\u201d; Manuel Larrea, con \u201cAnank\u201d; Omar Dom\u00ednguez, con \u201cSol de la ma\u00f1ana\u201d; Rafael Guzm\u00e1n, con \u201cVarjazzciones cubanas sobre un tema de Mozart\u201d; y, Roberto Moscoso, con \u201cEl hombre que no escucha sus pasos\u201d.<\/p>\n","protected":false},"excerpt":{"rendered":"<p>El volumen 2 de &#8220;Po\u00e9ticas Sonoras Latinoamericanas. Una mirada desde la universidad&#8221; se encuentra ya disponible en http:\/\/mz14.uartes.edu.ec\/producto\/poeticas-sonoras-latinoamericanas-vol-2\/. La publicaci\u00f3n digital, coeditada por la Universidad de las Artes y la Universidad Nacional de Artes de Argentina, recopila partituras de docentes de siete instituciones de educaci\u00f3n superior de Am\u00e9rica Latina.<\/p>\n","protected":false},"author":10,"featured_media":16382,"comment_status":"open","ping_status":"open","sticky":false,"template":"","format":"standard","meta":{"_acf_changed":false,"_uag_custom_page_level_css":"","_monsterinsights_skip_tracking":false,"_monsterinsights_sitenote_active":false,"_monsterinsights_sitenote_note":"","_monsterinsights_sitenote_category":0,"cybocfi_hide_featured_image":"","footnotes":""},"categories":[80,150,75,76,284],"tags":[58],"infouartes":[],"class_list":["post-16381","post","type-post","status-publish","format-standard","has-post-thumbnail","hentry","category-academico","category-artes-sonoras","category-docentes","category-estudiantes","category-investigacion","tag-investigacion"],"acf":[],"yoast_head":"<!-- This site is optimized with the Yoast SEO plugin v27.4 - https:\/\/yoast.com\/product\/yoast-seo-wordpress\/ -->\n<title>Universidad de las Artes - Po\u00e9ticas Sonoras Latinoamericanas, una mirada desde la universidad<\/title>\n<meta name=\"description\" content=\"Universidad de las Artes - Po\u00e9ticas Sonoras Latinoamericanas, una mirada desde la universidad\" \/>\n<meta name=\"robots\" content=\"index, follow, max-snippet:-1, max-image-preview:large, max-video-preview:-1\" \/>\n<link rel=\"canonical\" href=\"https:\/\/www.uartes.edu.ec\/sitio\/blog\/2021\/10\/20\/poeticas-sonoras-latinoamericanas-una-mirada-desde-la-universidad\/\" \/>\n<meta property=\"og:locale\" content=\"es_ES\" \/>\n<meta property=\"og:type\" content=\"article\" \/>\n<meta property=\"og:title\" content=\"Universidad de las Artes - Po\u00e9ticas Sonoras Latinoamericanas, una mirada desde la universidad\" \/>\n<meta property=\"og:description\" content=\"Universidad de las Artes - Po\u00e9ticas Sonoras Latinoamericanas, una mirada desde la universidad\" \/>\n<meta property=\"og:url\" content=\"https:\/\/www.uartes.edu.ec\/sitio\/blog\/2021\/10\/20\/poeticas-sonoras-latinoamericanas-una-mirada-desde-la-universidad\/\" \/>\n<meta property=\"og:site_name\" content=\"Universidad de las Artes\" \/>\n<meta property=\"article:publisher\" content=\"https:\/\/www.facebook.com\/uartesec\" \/>\n<meta property=\"article:published_time\" content=\"2021-10-20T22:30:00+00:00\" \/>\n<meta property=\"article:modified_time\" content=\"2024-07-04T16:25:28+00:00\" \/>\n<meta property=\"og:image\" content=\"https:\/\/www.uartes.edu.ec\/sitio\/wp-content\/uploads\/2021\/10\/POETICAS-SONORAS-LATINOAMERICANAS-PORTADA.webp\" \/>\n\t<meta property=\"og:image:width\" content=\"2000\" \/>\n\t<meta property=\"og:image:height\" content=\"1333\" \/>\n\t<meta property=\"og:image:type\" content=\"image\/webp\" \/>\n<meta name=\"author\" content=\"ccortez\" \/>\n<meta name=\"twitter:card\" content=\"summary_large_image\" \/>\n<meta name=\"twitter:creator\" content=\"@uartesec\" \/>\n<meta name=\"twitter:site\" content=\"@uartesec\" \/>\n<meta name=\"twitter:label1\" content=\"Escrito por\" \/>\n\t<meta name=\"twitter:data1\" content=\"ccortez\" \/>\n\t<meta name=\"twitter:label2\" content=\"Tiempo de lectura\" \/>\n\t<meta name=\"twitter:data2\" content=\"3 minutos\" \/>\n<script type=\"application\/ld+json\" class=\"yoast-schema-graph\">{\"@context\":\"https:\\\/\\\/schema.org\",\"@graph\":[{\"@type\":\"Article\",\"@id\":\"https:\\\/\\\/www.uartes.edu.ec\\\/sitio\\\/blog\\\/2021\\\/10\\\/20\\\/poeticas-sonoras-latinoamericanas-una-mirada-desde-la-universidad\\\/#article\",\"isPartOf\":{\"@id\":\"https:\\\/\\\/www.uartes.edu.ec\\\/sitio\\\/blog\\\/2021\\\/10\\\/20\\\/poeticas-sonoras-latinoamericanas-una-mirada-desde-la-universidad\\\/\"},\"author\":{\"name\":\"ccortez\",\"@id\":\"https:\\\/\\\/www.uartes.edu.ec\\\/sitio\\\/#\\\/schema\\\/person\\\/efa1b8275797664fd7f13a79ccc0b1f4\"},\"headline\":\"Po\u00e9ticas Sonoras Latinoamericanas, una mirada desde la universidad\",\"datePublished\":\"2021-10-20T22:30:00+00:00\",\"dateModified\":\"2024-07-04T16:25:28+00:00\",\"mainEntityOfPage\":{\"@id\":\"https:\\\/\\\/www.uartes.edu.ec\\\/sitio\\\/blog\\\/2021\\\/10\\\/20\\\/poeticas-sonoras-latinoamericanas-una-mirada-desde-la-universidad\\\/\"},\"wordCount\":552,\"commentCount\":0,\"publisher\":{\"@id\":\"https:\\\/\\\/www.uartes.edu.ec\\\/sitio\\\/#organization\"},\"image\":{\"@id\":\"https:\\\/\\\/www.uartes.edu.ec\\\/sitio\\\/blog\\\/2021\\\/10\\\/20\\\/poeticas-sonoras-latinoamericanas-una-mirada-desde-la-universidad\\\/#primaryimage\"},\"thumbnailUrl\":\"https:\\\/\\\/www.uartes.edu.ec\\\/sitio\\\/wp-content\\\/uploads\\\/2021\\\/10\\\/POETICAS-SONORAS-LATINOAMERICANAS-PORTADA.webp\",\"keywords\":[\"investigaci\u00f3n\"],\"articleSection\":[\"Acad\u00e9mico\",\"Artes Sonoras\",\"Docentes\",\"Estudiantes\",\"Investigaci\u00f3n\"],\"inLanguage\":\"es\",\"potentialAction\":[{\"@type\":\"CommentAction\",\"name\":\"Comment\",\"target\":[\"https:\\\/\\\/www.uartes.edu.ec\\\/sitio\\\/blog\\\/2021\\\/10\\\/20\\\/poeticas-sonoras-latinoamericanas-una-mirada-desde-la-universidad\\\/#respond\"]}]},{\"@type\":[\"WebPage\",\"ItemPage\"],\"@id\":\"https:\\\/\\\/www.uartes.edu.ec\\\/sitio\\\/blog\\\/2021\\\/10\\\/20\\\/poeticas-sonoras-latinoamericanas-una-mirada-desde-la-universidad\\\/\",\"url\":\"https:\\\/\\\/www.uartes.edu.ec\\\/sitio\\\/blog\\\/2021\\\/10\\\/20\\\/poeticas-sonoras-latinoamericanas-una-mirada-desde-la-universidad\\\/\",\"name\":\"Universidad de las Artes - Po\u00e9ticas Sonoras Latinoamericanas, una mirada desde la universidad\",\"isPartOf\":{\"@id\":\"https:\\\/\\\/www.uartes.edu.ec\\\/sitio\\\/#website\"},\"primaryImageOfPage\":{\"@id\":\"https:\\\/\\\/www.uartes.edu.ec\\\/sitio\\\/blog\\\/2021\\\/10\\\/20\\\/poeticas-sonoras-latinoamericanas-una-mirada-desde-la-universidad\\\/#primaryimage\"},\"image\":{\"@id\":\"https:\\\/\\\/www.uartes.edu.ec\\\/sitio\\\/blog\\\/2021\\\/10\\\/20\\\/poeticas-sonoras-latinoamericanas-una-mirada-desde-la-universidad\\\/#primaryimage\"},\"thumbnailUrl\":\"https:\\\/\\\/www.uartes.edu.ec\\\/sitio\\\/wp-content\\\/uploads\\\/2021\\\/10\\\/POETICAS-SONORAS-LATINOAMERICANAS-PORTADA.webp\",\"datePublished\":\"2021-10-20T22:30:00+00:00\",\"dateModified\":\"2024-07-04T16:25:28+00:00\",\"description\":\"Universidad de las Artes - Po\u00e9ticas Sonoras Latinoamericanas, una mirada desde la universidad\",\"breadcrumb\":{\"@id\":\"https:\\\/\\\/www.uartes.edu.ec\\\/sitio\\\/blog\\\/2021\\\/10\\\/20\\\/poeticas-sonoras-latinoamericanas-una-mirada-desde-la-universidad\\\/#breadcrumb\"},\"inLanguage\":\"es\",\"potentialAction\":[{\"@type\":\"ReadAction\",\"target\":[\"https:\\\/\\\/www.uartes.edu.ec\\\/sitio\\\/blog\\\/2021\\\/10\\\/20\\\/poeticas-sonoras-latinoamericanas-una-mirada-desde-la-universidad\\\/\"]}]},{\"@type\":\"ImageObject\",\"inLanguage\":\"es\",\"@id\":\"https:\\\/\\\/www.uartes.edu.ec\\\/sitio\\\/blog\\\/2021\\\/10\\\/20\\\/poeticas-sonoras-latinoamericanas-una-mirada-desde-la-universidad\\\/#primaryimage\",\"url\":\"https:\\\/\\\/www.uartes.edu.ec\\\/sitio\\\/wp-content\\\/uploads\\\/2021\\\/10\\\/POETICAS-SONORAS-LATINOAMERICANAS-PORTADA.webp\",\"contentUrl\":\"https:\\\/\\\/www.uartes.edu.ec\\\/sitio\\\/wp-content\\\/uploads\\\/2021\\\/10\\\/POETICAS-SONORAS-LATINOAMERICANAS-PORTADA.webp\",\"width\":2000,\"height\":1333},{\"@type\":\"BreadcrumbList\",\"@id\":\"https:\\\/\\\/www.uartes.edu.ec\\\/sitio\\\/blog\\\/2021\\\/10\\\/20\\\/poeticas-sonoras-latinoamericanas-una-mirada-desde-la-universidad\\\/#breadcrumb\",\"itemListElement\":[{\"@type\":\"ListItem\",\"position\":1,\"name\":\"Inicio\",\"item\":\"https:\\\/\\\/www.uartes.edu.ec\\\/sitio\\\/\"},{\"@type\":\"ListItem\",\"position\":2,\"name\":\"Po\u00e9ticas Sonoras Latinoamericanas, una mirada desde la universidad\"}]},{\"@type\":\"WebSite\",\"@id\":\"https:\\\/\\\/www.uartes.edu.ec\\\/sitio\\\/#website\",\"url\":\"https:\\\/\\\/www.uartes.edu.ec\\\/sitio\\\/\",\"name\":\"Universidad de las Artes\",\"description\":\"Sitio oficial de la Universidad Nacional de las Artes del Ecuador\",\"publisher\":{\"@id\":\"https:\\\/\\\/www.uartes.edu.ec\\\/sitio\\\/#organization\"},\"potentialAction\":[{\"@type\":\"SearchAction\",\"target\":{\"@type\":\"EntryPoint\",\"urlTemplate\":\"https:\\\/\\\/www.uartes.edu.ec\\\/sitio\\\/?s={search_term_string}\"},\"query-input\":{\"@type\":\"PropertyValueSpecification\",\"valueRequired\":true,\"valueName\":\"search_term_string\"}}],\"inLanguage\":\"es\"},{\"@type\":\"Organization\",\"@id\":\"https:\\\/\\\/www.uartes.edu.ec\\\/sitio\\\/#organization\",\"name\":\"Universidad de las Artes\",\"url\":\"https:\\\/\\\/www.uartes.edu.ec\\\/sitio\\\/\",\"logo\":{\"@type\":\"ImageObject\",\"inLanguage\":\"es\",\"@id\":\"https:\\\/\\\/www.uartes.edu.ec\\\/sitio\\\/#\\\/schema\\\/logo\\\/image\\\/\",\"url\":\"https:\\\/\\\/www.uartes.edu.ec\\\/sitio\\\/wp-content\\\/uploads\\\/2022\\\/07\\\/logo-ua-horizontal.png\",\"contentUrl\":\"https:\\\/\\\/www.uartes.edu.ec\\\/sitio\\\/wp-content\\\/uploads\\\/2022\\\/07\\\/logo-ua-horizontal.png\",\"width\":800,\"height\":276,\"caption\":\"Universidad de las Artes\"},\"image\":{\"@id\":\"https:\\\/\\\/www.uartes.edu.ec\\\/sitio\\\/#\\\/schema\\\/logo\\\/image\\\/\"},\"sameAs\":[\"https:\\\/\\\/www.facebook.com\\\/uartesec\",\"https:\\\/\\\/x.com\\\/uartesec\",\"https:\\\/\\\/www.tiktok.com\\\/@uartesec\"]},{\"@type\":\"Person\",\"@id\":\"https:\\\/\\\/www.uartes.edu.ec\\\/sitio\\\/#\\\/schema\\\/person\\\/efa1b8275797664fd7f13a79ccc0b1f4\",\"name\":\"ccortez\",\"image\":{\"@type\":\"ImageObject\",\"inLanguage\":\"es\",\"@id\":\"https:\\\/\\\/secure.gravatar.com\\\/avatar\\\/b2a6f664a3ae8e074346ef91775736c5ec479e637ecced6842de9dc98b5da9cd?s=96&d=mm&r=g\",\"url\":\"https:\\\/\\\/secure.gravatar.com\\\/avatar\\\/b2a6f664a3ae8e074346ef91775736c5ec479e637ecced6842de9dc98b5da9cd?s=96&d=mm&r=g\",\"contentUrl\":\"https:\\\/\\\/secure.gravatar.com\\\/avatar\\\/b2a6f664a3ae8e074346ef91775736c5ec479e637ecced6842de9dc98b5da9cd?s=96&d=mm&r=g\",\"caption\":\"ccortez\"},\"url\":\"https:\\\/\\\/www.uartes.edu.ec\\\/sitio\\\/blog\\\/author\\\/ccortez\\\/\"}]}<\/script>\n<!-- \/ Yoast SEO plugin. -->","yoast_head_json":{"title":"Universidad de las Artes - Po\u00e9ticas Sonoras Latinoamericanas, una mirada desde la universidad","description":"Universidad de las Artes - Po\u00e9ticas Sonoras Latinoamericanas, una mirada desde la universidad","robots":{"index":"index","follow":"follow","max-snippet":"max-snippet:-1","max-image-preview":"max-image-preview:large","max-video-preview":"max-video-preview:-1"},"canonical":"https:\/\/www.uartes.edu.ec\/sitio\/blog\/2021\/10\/20\/poeticas-sonoras-latinoamericanas-una-mirada-desde-la-universidad\/","og_locale":"es_ES","og_type":"article","og_title":"Universidad de las Artes - Po\u00e9ticas Sonoras Latinoamericanas, una mirada desde la universidad","og_description":"Universidad de las Artes - Po\u00e9ticas Sonoras Latinoamericanas, una mirada desde la universidad","og_url":"https:\/\/www.uartes.edu.ec\/sitio\/blog\/2021\/10\/20\/poeticas-sonoras-latinoamericanas-una-mirada-desde-la-universidad\/","og_site_name":"Universidad de las Artes","article_publisher":"https:\/\/www.facebook.com\/uartesec","article_published_time":"2021-10-20T22:30:00+00:00","article_modified_time":"2024-07-04T16:25:28+00:00","og_image":[{"width":2000,"height":1333,"url":"https:\/\/www.uartes.edu.ec\/sitio\/wp-content\/uploads\/2021\/10\/POETICAS-SONORAS-LATINOAMERICANAS-PORTADA.webp","type":"image\/webp"}],"author":"ccortez","twitter_card":"summary_large_image","twitter_creator":"@uartesec","twitter_site":"@uartesec","twitter_misc":{"Escrito por":"ccortez","Tiempo de lectura":"3 minutos"},"schema":{"@context":"https:\/\/schema.org","@graph":[{"@type":"Article","@id":"https:\/\/www.uartes.edu.ec\/sitio\/blog\/2021\/10\/20\/poeticas-sonoras-latinoamericanas-una-mirada-desde-la-universidad\/#article","isPartOf":{"@id":"https:\/\/www.uartes.edu.ec\/sitio\/blog\/2021\/10\/20\/poeticas-sonoras-latinoamericanas-una-mirada-desde-la-universidad\/"},"author":{"name":"ccortez","@id":"https:\/\/www.uartes.edu.ec\/sitio\/#\/schema\/person\/efa1b8275797664fd7f13a79ccc0b1f4"},"headline":"Po\u00e9ticas Sonoras Latinoamericanas, una mirada desde la universidad","datePublished":"2021-10-20T22:30:00+00:00","dateModified":"2024-07-04T16:25:28+00:00","mainEntityOfPage":{"@id":"https:\/\/www.uartes.edu.ec\/sitio\/blog\/2021\/10\/20\/poeticas-sonoras-latinoamericanas-una-mirada-desde-la-universidad\/"},"wordCount":552,"commentCount":0,"publisher":{"@id":"https:\/\/www.uartes.edu.ec\/sitio\/#organization"},"image":{"@id":"https:\/\/www.uartes.edu.ec\/sitio\/blog\/2021\/10\/20\/poeticas-sonoras-latinoamericanas-una-mirada-desde-la-universidad\/#primaryimage"},"thumbnailUrl":"https:\/\/www.uartes.edu.ec\/sitio\/wp-content\/uploads\/2021\/10\/POETICAS-SONORAS-LATINOAMERICANAS-PORTADA.webp","keywords":["investigaci\u00f3n"],"articleSection":["Acad\u00e9mico","Artes Sonoras","Docentes","Estudiantes","Investigaci\u00f3n"],"inLanguage":"es","potentialAction":[{"@type":"CommentAction","name":"Comment","target":["https:\/\/www.uartes.edu.ec\/sitio\/blog\/2021\/10\/20\/poeticas-sonoras-latinoamericanas-una-mirada-desde-la-universidad\/#respond"]}]},{"@type":["WebPage","ItemPage"],"@id":"https:\/\/www.uartes.edu.ec\/sitio\/blog\/2021\/10\/20\/poeticas-sonoras-latinoamericanas-una-mirada-desde-la-universidad\/","url":"https:\/\/www.uartes.edu.ec\/sitio\/blog\/2021\/10\/20\/poeticas-sonoras-latinoamericanas-una-mirada-desde-la-universidad\/","name":"Universidad de las Artes - Po\u00e9ticas Sonoras Latinoamericanas, una mirada desde la universidad","isPartOf":{"@id":"https:\/\/www.uartes.edu.ec\/sitio\/#website"},"primaryImageOfPage":{"@id":"https:\/\/www.uartes.edu.ec\/sitio\/blog\/2021\/10\/20\/poeticas-sonoras-latinoamericanas-una-mirada-desde-la-universidad\/#primaryimage"},"image":{"@id":"https:\/\/www.uartes.edu.ec\/sitio\/blog\/2021\/10\/20\/poeticas-sonoras-latinoamericanas-una-mirada-desde-la-universidad\/#primaryimage"},"thumbnailUrl":"https:\/\/www.uartes.edu.ec\/sitio\/wp-content\/uploads\/2021\/10\/POETICAS-SONORAS-LATINOAMERICANAS-PORTADA.webp","datePublished":"2021-10-20T22:30:00+00:00","dateModified":"2024-07-04T16:25:28+00:00","description":"Universidad de las Artes - Po\u00e9ticas Sonoras Latinoamericanas, una mirada desde la universidad","breadcrumb":{"@id":"https:\/\/www.uartes.edu.ec\/sitio\/blog\/2021\/10\/20\/poeticas-sonoras-latinoamericanas-una-mirada-desde-la-universidad\/#breadcrumb"},"inLanguage":"es","potentialAction":[{"@type":"ReadAction","target":["https:\/\/www.uartes.edu.ec\/sitio\/blog\/2021\/10\/20\/poeticas-sonoras-latinoamericanas-una-mirada-desde-la-universidad\/"]}]},{"@type":"ImageObject","inLanguage":"es","@id":"https:\/\/www.uartes.edu.ec\/sitio\/blog\/2021\/10\/20\/poeticas-sonoras-latinoamericanas-una-mirada-desde-la-universidad\/#primaryimage","url":"https:\/\/www.uartes.edu.ec\/sitio\/wp-content\/uploads\/2021\/10\/POETICAS-SONORAS-LATINOAMERICANAS-PORTADA.webp","contentUrl":"https:\/\/www.uartes.edu.ec\/sitio\/wp-content\/uploads\/2021\/10\/POETICAS-SONORAS-LATINOAMERICANAS-PORTADA.webp","width":2000,"height":1333},{"@type":"BreadcrumbList","@id":"https:\/\/www.uartes.edu.ec\/sitio\/blog\/2021\/10\/20\/poeticas-sonoras-latinoamericanas-una-mirada-desde-la-universidad\/#breadcrumb","itemListElement":[{"@type":"ListItem","position":1,"name":"Inicio","item":"https:\/\/www.uartes.edu.ec\/sitio\/"},{"@type":"ListItem","position":2,"name":"Po\u00e9ticas Sonoras Latinoamericanas, una mirada desde la universidad"}]},{"@type":"WebSite","@id":"https:\/\/www.uartes.edu.ec\/sitio\/#website","url":"https:\/\/www.uartes.edu.ec\/sitio\/","name":"Universidad de las Artes","description":"Sitio oficial de la Universidad Nacional de las Artes del Ecuador","publisher":{"@id":"https:\/\/www.uartes.edu.ec\/sitio\/#organization"},"potentialAction":[{"@type":"SearchAction","target":{"@type":"EntryPoint","urlTemplate":"https:\/\/www.uartes.edu.ec\/sitio\/?s={search_term_string}"},"query-input":{"@type":"PropertyValueSpecification","valueRequired":true,"valueName":"search_term_string"}}],"inLanguage":"es"},{"@type":"Organization","@id":"https:\/\/www.uartes.edu.ec\/sitio\/#organization","name":"Universidad de las Artes","url":"https:\/\/www.uartes.edu.ec\/sitio\/","logo":{"@type":"ImageObject","inLanguage":"es","@id":"https:\/\/www.uartes.edu.ec\/sitio\/#\/schema\/logo\/image\/","url":"https:\/\/www.uartes.edu.ec\/sitio\/wp-content\/uploads\/2022\/07\/logo-ua-horizontal.png","contentUrl":"https:\/\/www.uartes.edu.ec\/sitio\/wp-content\/uploads\/2022\/07\/logo-ua-horizontal.png","width":800,"height":276,"caption":"Universidad de las Artes"},"image":{"@id":"https:\/\/www.uartes.edu.ec\/sitio\/#\/schema\/logo\/image\/"},"sameAs":["https:\/\/www.facebook.com\/uartesec","https:\/\/x.com\/uartesec","https:\/\/www.tiktok.com\/@uartesec"]},{"@type":"Person","@id":"https:\/\/www.uartes.edu.ec\/sitio\/#\/schema\/person\/efa1b8275797664fd7f13a79ccc0b1f4","name":"ccortez","image":{"@type":"ImageObject","inLanguage":"es","@id":"https:\/\/secure.gravatar.com\/avatar\/b2a6f664a3ae8e074346ef91775736c5ec479e637ecced6842de9dc98b5da9cd?s=96&d=mm&r=g","url":"https:\/\/secure.gravatar.com\/avatar\/b2a6f664a3ae8e074346ef91775736c5ec479e637ecced6842de9dc98b5da9cd?s=96&d=mm&r=g","contentUrl":"https:\/\/secure.gravatar.com\/avatar\/b2a6f664a3ae8e074346ef91775736c5ec479e637ecced6842de9dc98b5da9cd?s=96&d=mm&r=g","caption":"ccortez"},"url":"https:\/\/www.uartes.edu.ec\/sitio\/blog\/author\/ccortez\/"}]}},"uagb_featured_image_src":{"full":["https:\/\/www.uartes.edu.ec\/sitio\/wp-content\/uploads\/2021\/10\/POETICAS-SONORAS-LATINOAMERICANAS-PORTADA.webp",2000,1333,false],"thumbnail":["https:\/\/www.uartes.edu.ec\/sitio\/wp-content\/uploads\/2021\/10\/POETICAS-SONORAS-LATINOAMERICANAS-PORTADA.webp",150,100,false],"medium":["https:\/\/www.uartes.edu.ec\/sitio\/wp-content\/uploads\/2021\/10\/POETICAS-SONORAS-LATINOAMERICANAS-PORTADA.webp",300,200,false],"medium_large":["https:\/\/www.uartes.edu.ec\/sitio\/wp-content\/uploads\/2021\/10\/POETICAS-SONORAS-LATINOAMERICANAS-PORTADA.webp",768,512,false],"large":["https:\/\/www.uartes.edu.ec\/sitio\/wp-content\/uploads\/2021\/10\/POETICAS-SONORAS-LATINOAMERICANAS-PORTADA.webp",644,429,false],"1536x1536":["https:\/\/www.uartes.edu.ec\/sitio\/wp-content\/uploads\/2021\/10\/POETICAS-SONORAS-LATINOAMERICANAS-PORTADA.webp",1536,1024,false],"2048x2048":["https:\/\/www.uartes.edu.ec\/sitio\/wp-content\/uploads\/2021\/10\/POETICAS-SONORAS-LATINOAMERICANAS-PORTADA.webp",2000,1333,false],"trp-custom-language-flag":["https:\/\/www.uartes.edu.ec\/sitio\/wp-content\/uploads\/2021\/10\/POETICAS-SONORAS-LATINOAMERICANAS-PORTADA.webp",18,12,false],"htmega_size_585x295":["https:\/\/www.uartes.edu.ec\/sitio\/wp-content\/uploads\/2021\/10\/POETICAS-SONORAS-LATINOAMERICANAS-PORTADA.webp",443,295,false],"htmega_size_1170x536":["https:\/\/www.uartes.edu.ec\/sitio\/wp-content\/uploads\/2021\/10\/POETICAS-SONORAS-LATINOAMERICANAS-PORTADA.webp",804,536,false],"htmega_size_396x360":["https:\/\/www.uartes.edu.ec\/sitio\/wp-content\/uploads\/2021\/10\/POETICAS-SONORAS-LATINOAMERICANAS-PORTADA.webp",396,264,false],"gb-block-post-grid-landscape":["https:\/\/www.uartes.edu.ec\/sitio\/wp-content\/uploads\/2021\/10\/POETICAS-SONORAS-LATINOAMERICANAS-PORTADA.webp",600,400,false],"gb-block-post-grid-square":["https:\/\/www.uartes.edu.ec\/sitio\/wp-content\/uploads\/2021\/10\/POETICAS-SONORAS-LATINOAMERICANAS-PORTADA.webp",600,400,false],"university-hub-thumb":["https:\/\/www.uartes.edu.ec\/sitio\/wp-content\/uploads\/2021\/10\/POETICAS-SONORAS-LATINOAMERICANAS-PORTADA.webp",400,267,false]},"uagb_author_info":{"display_name":"ccortez","author_link":"https:\/\/www.uartes.edu.ec\/sitio\/blog\/author\/ccortez\/"},"uagb_comment_info":0,"uagb_excerpt":"El volumen 2 de \"Po\u00e9ticas Sonoras Latinoamericanas. Una mirada desde la universidad\" se encuentra ya disponible en http:\/\/mz14.uartes.edu.ec\/producto\/poeticas-sonoras-latinoamericanas-vol-2\/. La publicaci\u00f3n digital, coeditada por la Universidad de las Artes y la Universidad Nacional de Artes de Argentina, recopila partituras de docentes de siete instituciones de educaci\u00f3n superior de Am\u00e9rica Latina.","featured_image_src":"https:\/\/www.uartes.edu.ec\/sitio\/wp-content\/uploads\/2021\/10\/POETICAS-SONORAS-LATINOAMERICANAS-PORTADA.webp","featured_image_src_square":"https:\/\/www.uartes.edu.ec\/sitio\/wp-content\/uploads\/2021\/10\/POETICAS-SONORAS-LATINOAMERICANAS-PORTADA.webp","author_info":{"display_name":"ccortez","author_link":"https:\/\/www.uartes.edu.ec\/sitio\/blog\/author\/ccortez\/"},"publishpress_future_workflow_manual_trigger":{"enabledWorkflows":[]},"distributor_meta":false,"distributor_terms":false,"distributor_media":false,"distributor_original_site_name":"Universidad de las Artes","distributor_original_site_url":"https:\/\/www.uartes.edu.ec\/sitio","push-errors":false,"_links":{"self":[{"href":"https:\/\/www.uartes.edu.ec\/sitio\/wp-json\/wp\/v2\/posts\/16381","targetHints":{"allow":["GET"]}}],"collection":[{"href":"https:\/\/www.uartes.edu.ec\/sitio\/wp-json\/wp\/v2\/posts"}],"about":[{"href":"https:\/\/www.uartes.edu.ec\/sitio\/wp-json\/wp\/v2\/types\/post"}],"author":[{"embeddable":true,"href":"https:\/\/www.uartes.edu.ec\/sitio\/wp-json\/wp\/v2\/users\/10"}],"replies":[{"embeddable":true,"href":"https:\/\/www.uartes.edu.ec\/sitio\/wp-json\/wp\/v2\/comments?post=16381"}],"version-history":[{"count":1,"href":"https:\/\/www.uartes.edu.ec\/sitio\/wp-json\/wp\/v2\/posts\/16381\/revisions"}],"predecessor-version":[{"id":16383,"href":"https:\/\/www.uartes.edu.ec\/sitio\/wp-json\/wp\/v2\/posts\/16381\/revisions\/16383"}],"wp:featuredmedia":[{"embeddable":true,"href":"https:\/\/www.uartes.edu.ec\/sitio\/wp-json\/wp\/v2\/media\/16382"}],"wp:attachment":[{"href":"https:\/\/www.uartes.edu.ec\/sitio\/wp-json\/wp\/v2\/media?parent=16381"}],"wp:term":[{"taxonomy":"category","embeddable":true,"href":"https:\/\/www.uartes.edu.ec\/sitio\/wp-json\/wp\/v2\/categories?post=16381"},{"taxonomy":"post_tag","embeddable":true,"href":"https:\/\/www.uartes.edu.ec\/sitio\/wp-json\/wp\/v2\/tags?post=16381"},{"taxonomy":"infouartes","embeddable":true,"href":"https:\/\/www.uartes.edu.ec\/sitio\/wp-json\/wp\/v2\/infouartes?post=16381"}],"curies":[{"name":"wp","href":"https:\/\/api.w.org\/{rel}","templated":true}]}}