{"id":1643,"date":"2018-06-27T16:20:26","date_gmt":"2018-06-27T21:20:26","guid":{"rendered":"http:\/\/www.uartes.edu.ec\/infouartes\/?p=1643"},"modified":"2024-07-04T11:53:48","modified_gmt":"2024-07-04T16:53:48","slug":"fredy-vallejos-participa-en-festival-la-trenza-sonora-de-peru","status":"publish","type":"post","link":"https:\/\/www.uartes.edu.ec\/sitio\/blog\/2018\/06\/27\/fredy-vallejos-participa-en-festival-la-trenza-sonora-de-peru\/","title":{"rendered":"Fredy Vallejos participa en festival La Trenza Sonora de Per\u00fa"},"content":{"rendered":"<p>Fredy Vallejos, compositor, music\u00f3logo, percusionista y docente de la Escuela de Artes Sonoras de la Universidad de las Artes del Ecuador, particip\u00f3 en una serie de actividades art\u00edsticas y acad\u00e9micas en las ciudades de Cuzco y Lima, en Per\u00fa.<\/p>\n<p>Este 21 y 23 de junio realiz\u00f3 el concierto de m\u00fasica electroac\u00fastica <em>FRAGMENTS<\/em> en la Capilla de San Bernardo de la Casa de la Cultura de Cusco y en la Universidad Nacional de M\u00fasica en Lima, respectivamente. Estas actividades se realizan en el marco del Festival internacional de m\u00fasica electroac\u00fastica, contempor\u00e1nea y experimental, La Trenza Sonora, en el que participa como invitado internacional.<\/p>\n<p>\u200bVallejos cerrar\u00e1 el festival en compa\u00f1\u00eda del reconocido artista sonoro Nicolas Collins (EEUU), precursor del uso de los micro-computadores en el campo de la electr\u00f3nica en vivo. Finalmente, el lunes 25 de junio, Vallejos dict\u00f3 una clase magistral de composici\u00f3n musical\u00a0titulada <em>La gesti\u00f3n de lo heterog\u00e9neo<\/em> en la Universidad Nacional de M\u00fasica del Per\u00fa.<\/p>\n<p>La Trenza Sonora es un festival de m\u00fasica contempor\u00e1nea creado para destruir fronteras y espacios cerrados, para llegar a nuevos escuchas e incentivar la escucha creativa. Experimentales, acad\u00e9micos, improvisadores, etc. de cualquier origen y credo son invitados al Per\u00fa para el encuentro.<\/p>\n<p>Conoce m\u00e1s del artista en: <a href=\"https:\/\/www.fredyvallejos.com\/es\/\">https:\/\/www.fredyvallejos.com\/es\/<\/a><\/p>\n","protected":false},"excerpt":{"rendered":"<p>Fredy Vallejos, compositor, music\u00f3logo, percusionista y docente de la Escuela de Artes Sonoras de la Universidad de las Artes del Ecuador, particip\u00f3 en una serie de actividades art\u00edsticas y acad\u00e9micas en las ciudades de Cuzco y Lima, en Per\u00fa. Este 21 y 23 de junio realiz\u00f3 el concierto de m\u00fasica electroac\u00fastica FRAGMENTS en la Capilla [&hellip;]<\/p>\n","protected":false},"author":1,"featured_media":1644,"comment_status":"closed","ping_status":"closed","sticky":false,"template":"","format":"standard","meta":{"_acf_changed":false,"_uag_custom_page_level_css":"","_monsterinsights_skip_tracking":false,"_monsterinsights_sitenote_active":false,"_monsterinsights_sitenote_note":"","_monsterinsights_sitenote_category":0,"cybocfi_hide_featured_image":"","footnotes":""},"categories":[75],"tags":[],"infouartes":[],"class_list":["post-1643","post","type-post","status-publish","format-standard","has-post-thumbnail","hentry","category-docentes"],"acf":[],"yoast_head":"<!-- This site is optimized with the Yoast SEO plugin v27.4 - https:\/\/yoast.com\/product\/yoast-seo-wordpress\/ -->\n<title>Universidad de las Artes - Fredy Vallejos participa en festival La Trenza Sonora de Per\u00fa<\/title>\n<meta name=\"description\" content=\"Universidad de las Artes - Fredy Vallejos participa en festival La Trenza Sonora de Per\u00fa\" \/>\n<meta name=\"robots\" content=\"index, follow, max-snippet:-1, max-image-preview:large, max-video-preview:-1\" \/>\n<link rel=\"canonical\" href=\"https:\/\/www.uartes.edu.ec\/sitio\/blog\/2018\/06\/27\/fredy-vallejos-participa-en-festival-la-trenza-sonora-de-peru\/\" \/>\n<meta property=\"og:locale\" content=\"es_ES\" \/>\n<meta property=\"og:type\" content=\"article\" \/>\n<meta property=\"og:title\" content=\"Universidad de las Artes - Fredy Vallejos participa en festival La Trenza Sonora de Per\u00fa\" \/>\n<meta property=\"og:description\" content=\"Universidad de las Artes - Fredy Vallejos participa en festival La Trenza Sonora de Per\u00fa\" \/>\n<meta property=\"og:url\" content=\"https:\/\/www.uartes.edu.ec\/sitio\/blog\/2018\/06\/27\/fredy-vallejos-participa-en-festival-la-trenza-sonora-de-peru\/\" \/>\n<meta property=\"og:site_name\" content=\"Universidad de las Artes\" \/>\n<meta property=\"article:publisher\" content=\"https:\/\/www.facebook.com\/uartesec\" \/>\n<meta property=\"article:published_time\" content=\"2018-06-27T21:20:26+00:00\" \/>\n<meta property=\"article:modified_time\" content=\"2024-07-04T16:53:48+00:00\" \/>\n<meta name=\"author\" content=\"Universidad de las Artes\" \/>\n<meta name=\"twitter:card\" content=\"summary_large_image\" \/>\n<meta name=\"twitter:creator\" content=\"@uartesec\" \/>\n<meta name=\"twitter:site\" content=\"@uartesec\" \/>\n<meta name=\"twitter:label1\" content=\"Escrito por\" \/>\n\t<meta name=\"twitter:data1\" content=\"Universidad de las Artes\" \/>\n\t<meta name=\"twitter:label2\" content=\"Tiempo de lectura\" \/>\n\t<meta name=\"twitter:data2\" content=\"1 minuto\" \/>\n<script type=\"application\/ld+json\" class=\"yoast-schema-graph\">{\"@context\":\"https:\\\/\\\/schema.org\",\"@graph\":[{\"@type\":\"Article\",\"@id\":\"https:\\\/\\\/www.uartes.edu.ec\\\/sitio\\\/blog\\\/2018\\\/06\\\/27\\\/fredy-vallejos-participa-en-festival-la-trenza-sonora-de-peru\\\/#article\",\"isPartOf\":{\"@id\":\"https:\\\/\\\/www.uartes.edu.ec\\\/sitio\\\/blog\\\/2018\\\/06\\\/27\\\/fredy-vallejos-participa-en-festival-la-trenza-sonora-de-peru\\\/\"},\"author\":{\"name\":\"Universidad de las Artes\",\"@id\":\"https:\\\/\\\/www.uartes.edu.ec\\\/sitio\\\/#\\\/schema\\\/person\\\/f33f8c1d2af0d5c80a38c8abf458184a\"},\"headline\":\"Fredy Vallejos participa en festival La Trenza Sonora de Per\u00fa\",\"datePublished\":\"2018-06-27T21:20:26+00:00\",\"dateModified\":\"2024-07-04T16:53:48+00:00\",\"mainEntityOfPage\":{\"@id\":\"https:\\\/\\\/www.uartes.edu.ec\\\/sitio\\\/blog\\\/2018\\\/06\\\/27\\\/fredy-vallejos-participa-en-festival-la-trenza-sonora-de-peru\\\/\"},\"wordCount\":235,\"publisher\":{\"@id\":\"https:\\\/\\\/www.uartes.edu.ec\\\/sitio\\\/#organization\"},\"image\":{\"@id\":\"https:\\\/\\\/www.uartes.edu.ec\\\/sitio\\\/blog\\\/2018\\\/06\\\/27\\\/fredy-vallejos-participa-en-festival-la-trenza-sonora-de-peru\\\/#primaryimage\"},\"thumbnailUrl\":\"\",\"articleSection\":[\"Docentes\"],\"inLanguage\":\"es\"},{\"@type\":[\"WebPage\",\"ItemPage\"],\"@id\":\"https:\\\/\\\/www.uartes.edu.ec\\\/sitio\\\/blog\\\/2018\\\/06\\\/27\\\/fredy-vallejos-participa-en-festival-la-trenza-sonora-de-peru\\\/\",\"url\":\"https:\\\/\\\/www.uartes.edu.ec\\\/sitio\\\/blog\\\/2018\\\/06\\\/27\\\/fredy-vallejos-participa-en-festival-la-trenza-sonora-de-peru\\\/\",\"name\":\"Universidad de las Artes - Fredy Vallejos participa en festival La Trenza Sonora de Per\u00fa\",\"isPartOf\":{\"@id\":\"https:\\\/\\\/www.uartes.edu.ec\\\/sitio\\\/#website\"},\"primaryImageOfPage\":{\"@id\":\"https:\\\/\\\/www.uartes.edu.ec\\\/sitio\\\/blog\\\/2018\\\/06\\\/27\\\/fredy-vallejos-participa-en-festival-la-trenza-sonora-de-peru\\\/#primaryimage\"},\"image\":{\"@id\":\"https:\\\/\\\/www.uartes.edu.ec\\\/sitio\\\/blog\\\/2018\\\/06\\\/27\\\/fredy-vallejos-participa-en-festival-la-trenza-sonora-de-peru\\\/#primaryimage\"},\"thumbnailUrl\":\"\",\"datePublished\":\"2018-06-27T21:20:26+00:00\",\"dateModified\":\"2024-07-04T16:53:48+00:00\",\"description\":\"Universidad de las Artes - Fredy Vallejos participa en festival La Trenza Sonora de Per\u00fa\",\"breadcrumb\":{\"@id\":\"https:\\\/\\\/www.uartes.edu.ec\\\/sitio\\\/blog\\\/2018\\\/06\\\/27\\\/fredy-vallejos-participa-en-festival-la-trenza-sonora-de-peru\\\/#breadcrumb\"},\"inLanguage\":\"es\",\"potentialAction\":[{\"@type\":\"ReadAction\",\"target\":[\"https:\\\/\\\/www.uartes.edu.ec\\\/sitio\\\/blog\\\/2018\\\/06\\\/27\\\/fredy-vallejos-participa-en-festival-la-trenza-sonora-de-peru\\\/\"]}]},{\"@type\":\"ImageObject\",\"inLanguage\":\"es\",\"@id\":\"https:\\\/\\\/www.uartes.edu.ec\\\/sitio\\\/blog\\\/2018\\\/06\\\/27\\\/fredy-vallejos-participa-en-festival-la-trenza-sonora-de-peru\\\/#primaryimage\",\"url\":\"\",\"contentUrl\":\"\"},{\"@type\":\"BreadcrumbList\",\"@id\":\"https:\\\/\\\/www.uartes.edu.ec\\\/sitio\\\/blog\\\/2018\\\/06\\\/27\\\/fredy-vallejos-participa-en-festival-la-trenza-sonora-de-peru\\\/#breadcrumb\",\"itemListElement\":[{\"@type\":\"ListItem\",\"position\":1,\"name\":\"Inicio\",\"item\":\"https:\\\/\\\/www.uartes.edu.ec\\\/sitio\\\/\"},{\"@type\":\"ListItem\",\"position\":2,\"name\":\"Fredy Vallejos participa en festival La Trenza Sonora de Per\u00fa\"}]},{\"@type\":\"WebSite\",\"@id\":\"https:\\\/\\\/www.uartes.edu.ec\\\/sitio\\\/#website\",\"url\":\"https:\\\/\\\/www.uartes.edu.ec\\\/sitio\\\/\",\"name\":\"Universidad de las Artes\",\"description\":\"Sitio oficial de la Universidad Nacional de las Artes del Ecuador\",\"publisher\":{\"@id\":\"https:\\\/\\\/www.uartes.edu.ec\\\/sitio\\\/#organization\"},\"potentialAction\":[{\"@type\":\"SearchAction\",\"target\":{\"@type\":\"EntryPoint\",\"urlTemplate\":\"https:\\\/\\\/www.uartes.edu.ec\\\/sitio\\\/?s={search_term_string}\"},\"query-input\":{\"@type\":\"PropertyValueSpecification\",\"valueRequired\":true,\"valueName\":\"search_term_string\"}}],\"inLanguage\":\"es\"},{\"@type\":\"Organization\",\"@id\":\"https:\\\/\\\/www.uartes.edu.ec\\\/sitio\\\/#organization\",\"name\":\"Universidad de las Artes\",\"url\":\"https:\\\/\\\/www.uartes.edu.ec\\\/sitio\\\/\",\"logo\":{\"@type\":\"ImageObject\",\"inLanguage\":\"es\",\"@id\":\"https:\\\/\\\/www.uartes.edu.ec\\\/sitio\\\/#\\\/schema\\\/logo\\\/image\\\/\",\"url\":\"https:\\\/\\\/www.uartes.edu.ec\\\/sitio\\\/wp-content\\\/uploads\\\/2022\\\/07\\\/logo-ua-horizontal.png\",\"contentUrl\":\"https:\\\/\\\/www.uartes.edu.ec\\\/sitio\\\/wp-content\\\/uploads\\\/2022\\\/07\\\/logo-ua-horizontal.png\",\"width\":800,\"height\":276,\"caption\":\"Universidad de las Artes\"},\"image\":{\"@id\":\"https:\\\/\\\/www.uartes.edu.ec\\\/sitio\\\/#\\\/schema\\\/logo\\\/image\\\/\"},\"sameAs\":[\"https:\\\/\\\/www.facebook.com\\\/uartesec\",\"https:\\\/\\\/x.com\\\/uartesec\",\"https:\\\/\\\/www.tiktok.com\\\/@uartesec\"]},{\"@type\":\"Person\",\"@id\":\"https:\\\/\\\/www.uartes.edu.ec\\\/sitio\\\/#\\\/schema\\\/person\\\/f33f8c1d2af0d5c80a38c8abf458184a\",\"name\":\"Universidad de las Artes\",\"image\":{\"@type\":\"ImageObject\",\"inLanguage\":\"es\",\"@id\":\"https:\\\/\\\/secure.gravatar.com\\\/avatar\\\/52e4757902f5cfa5ac52d020e5be83cae5487519154b6c35482fe08d589f3c13?s=96&d=mm&r=g\",\"url\":\"https:\\\/\\\/secure.gravatar.com\\\/avatar\\\/52e4757902f5cfa5ac52d020e5be83cae5487519154b6c35482fe08d589f3c13?s=96&d=mm&r=g\",\"contentUrl\":\"https:\\\/\\\/secure.gravatar.com\\\/avatar\\\/52e4757902f5cfa5ac52d020e5be83cae5487519154b6c35482fe08d589f3c13?s=96&d=mm&r=g\",\"caption\":\"Universidad de las Artes\"},\"url\":\"https:\\\/\\\/www.uartes.edu.ec\\\/sitio\\\/blog\\\/author\\\/dircomadm\\\/\"}]}<\/script>\n<!-- \/ Yoast SEO plugin. -->","yoast_head_json":{"title":"Universidad de las Artes - Fredy Vallejos participa en festival La Trenza Sonora de Per\u00fa","description":"Universidad de las Artes - Fredy Vallejos participa en festival La Trenza Sonora de Per\u00fa","robots":{"index":"index","follow":"follow","max-snippet":"max-snippet:-1","max-image-preview":"max-image-preview:large","max-video-preview":"max-video-preview:-1"},"canonical":"https:\/\/www.uartes.edu.ec\/sitio\/blog\/2018\/06\/27\/fredy-vallejos-participa-en-festival-la-trenza-sonora-de-peru\/","og_locale":"es_ES","og_type":"article","og_title":"Universidad de las Artes - Fredy Vallejos participa en festival La Trenza Sonora de Per\u00fa","og_description":"Universidad de las Artes - Fredy Vallejos participa en festival La Trenza Sonora de Per\u00fa","og_url":"https:\/\/www.uartes.edu.ec\/sitio\/blog\/2018\/06\/27\/fredy-vallejos-participa-en-festival-la-trenza-sonora-de-peru\/","og_site_name":"Universidad de las Artes","article_publisher":"https:\/\/www.facebook.com\/uartesec","article_published_time":"2018-06-27T21:20:26+00:00","article_modified_time":"2024-07-04T16:53:48+00:00","author":"Universidad de las Artes","twitter_card":"summary_large_image","twitter_creator":"@uartesec","twitter_site":"@uartesec","twitter_misc":{"Escrito por":"Universidad de las Artes","Tiempo de lectura":"1 minuto"},"schema":{"@context":"https:\/\/schema.org","@graph":[{"@type":"Article","@id":"https:\/\/www.uartes.edu.ec\/sitio\/blog\/2018\/06\/27\/fredy-vallejos-participa-en-festival-la-trenza-sonora-de-peru\/#article","isPartOf":{"@id":"https:\/\/www.uartes.edu.ec\/sitio\/blog\/2018\/06\/27\/fredy-vallejos-participa-en-festival-la-trenza-sonora-de-peru\/"},"author":{"name":"Universidad de las Artes","@id":"https:\/\/www.uartes.edu.ec\/sitio\/#\/schema\/person\/f33f8c1d2af0d5c80a38c8abf458184a"},"headline":"Fredy Vallejos participa en festival La Trenza Sonora de Per\u00fa","datePublished":"2018-06-27T21:20:26+00:00","dateModified":"2024-07-04T16:53:48+00:00","mainEntityOfPage":{"@id":"https:\/\/www.uartes.edu.ec\/sitio\/blog\/2018\/06\/27\/fredy-vallejos-participa-en-festival-la-trenza-sonora-de-peru\/"},"wordCount":235,"publisher":{"@id":"https:\/\/www.uartes.edu.ec\/sitio\/#organization"},"image":{"@id":"https:\/\/www.uartes.edu.ec\/sitio\/blog\/2018\/06\/27\/fredy-vallejos-participa-en-festival-la-trenza-sonora-de-peru\/#primaryimage"},"thumbnailUrl":"","articleSection":["Docentes"],"inLanguage":"es"},{"@type":["WebPage","ItemPage"],"@id":"https:\/\/www.uartes.edu.ec\/sitio\/blog\/2018\/06\/27\/fredy-vallejos-participa-en-festival-la-trenza-sonora-de-peru\/","url":"https:\/\/www.uartes.edu.ec\/sitio\/blog\/2018\/06\/27\/fredy-vallejos-participa-en-festival-la-trenza-sonora-de-peru\/","name":"Universidad de las Artes - Fredy Vallejos participa en festival La Trenza Sonora de Per\u00fa","isPartOf":{"@id":"https:\/\/www.uartes.edu.ec\/sitio\/#website"},"primaryImageOfPage":{"@id":"https:\/\/www.uartes.edu.ec\/sitio\/blog\/2018\/06\/27\/fredy-vallejos-participa-en-festival-la-trenza-sonora-de-peru\/#primaryimage"},"image":{"@id":"https:\/\/www.uartes.edu.ec\/sitio\/blog\/2018\/06\/27\/fredy-vallejos-participa-en-festival-la-trenza-sonora-de-peru\/#primaryimage"},"thumbnailUrl":"","datePublished":"2018-06-27T21:20:26+00:00","dateModified":"2024-07-04T16:53:48+00:00","description":"Universidad de las Artes - Fredy Vallejos participa en festival La Trenza Sonora de Per\u00fa","breadcrumb":{"@id":"https:\/\/www.uartes.edu.ec\/sitio\/blog\/2018\/06\/27\/fredy-vallejos-participa-en-festival-la-trenza-sonora-de-peru\/#breadcrumb"},"inLanguage":"es","potentialAction":[{"@type":"ReadAction","target":["https:\/\/www.uartes.edu.ec\/sitio\/blog\/2018\/06\/27\/fredy-vallejos-participa-en-festival-la-trenza-sonora-de-peru\/"]}]},{"@type":"ImageObject","inLanguage":"es","@id":"https:\/\/www.uartes.edu.ec\/sitio\/blog\/2018\/06\/27\/fredy-vallejos-participa-en-festival-la-trenza-sonora-de-peru\/#primaryimage","url":"","contentUrl":""},{"@type":"BreadcrumbList","@id":"https:\/\/www.uartes.edu.ec\/sitio\/blog\/2018\/06\/27\/fredy-vallejos-participa-en-festival-la-trenza-sonora-de-peru\/#breadcrumb","itemListElement":[{"@type":"ListItem","position":1,"name":"Inicio","item":"https:\/\/www.uartes.edu.ec\/sitio\/"},{"@type":"ListItem","position":2,"name":"Fredy Vallejos participa en festival La Trenza Sonora de Per\u00fa"}]},{"@type":"WebSite","@id":"https:\/\/www.uartes.edu.ec\/sitio\/#website","url":"https:\/\/www.uartes.edu.ec\/sitio\/","name":"Universidad de las Artes","description":"Sitio oficial de la Universidad Nacional de las Artes del Ecuador","publisher":{"@id":"https:\/\/www.uartes.edu.ec\/sitio\/#organization"},"potentialAction":[{"@type":"SearchAction","target":{"@type":"EntryPoint","urlTemplate":"https:\/\/www.uartes.edu.ec\/sitio\/?s={search_term_string}"},"query-input":{"@type":"PropertyValueSpecification","valueRequired":true,"valueName":"search_term_string"}}],"inLanguage":"es"},{"@type":"Organization","@id":"https:\/\/www.uartes.edu.ec\/sitio\/#organization","name":"Universidad de las Artes","url":"https:\/\/www.uartes.edu.ec\/sitio\/","logo":{"@type":"ImageObject","inLanguage":"es","@id":"https:\/\/www.uartes.edu.ec\/sitio\/#\/schema\/logo\/image\/","url":"https:\/\/www.uartes.edu.ec\/sitio\/wp-content\/uploads\/2022\/07\/logo-ua-horizontal.png","contentUrl":"https:\/\/www.uartes.edu.ec\/sitio\/wp-content\/uploads\/2022\/07\/logo-ua-horizontal.png","width":800,"height":276,"caption":"Universidad de las Artes"},"image":{"@id":"https:\/\/www.uartes.edu.ec\/sitio\/#\/schema\/logo\/image\/"},"sameAs":["https:\/\/www.facebook.com\/uartesec","https:\/\/x.com\/uartesec","https:\/\/www.tiktok.com\/@uartesec"]},{"@type":"Person","@id":"https:\/\/www.uartes.edu.ec\/sitio\/#\/schema\/person\/f33f8c1d2af0d5c80a38c8abf458184a","name":"Universidad de las Artes","image":{"@type":"ImageObject","inLanguage":"es","@id":"https:\/\/secure.gravatar.com\/avatar\/52e4757902f5cfa5ac52d020e5be83cae5487519154b6c35482fe08d589f3c13?s=96&d=mm&r=g","url":"https:\/\/secure.gravatar.com\/avatar\/52e4757902f5cfa5ac52d020e5be83cae5487519154b6c35482fe08d589f3c13?s=96&d=mm&r=g","contentUrl":"https:\/\/secure.gravatar.com\/avatar\/52e4757902f5cfa5ac52d020e5be83cae5487519154b6c35482fe08d589f3c13?s=96&d=mm&r=g","caption":"Universidad de las Artes"},"url":"https:\/\/www.uartes.edu.ec\/sitio\/blog\/author\/dircomadm\/"}]}},"uagb_featured_image_src":{"full":false,"thumbnail":false,"medium":false,"medium_large":false,"large":false,"1536x1536":false,"2048x2048":false,"trp-custom-language-flag":false,"htmega_size_585x295":false,"htmega_size_1170x536":false,"htmega_size_396x360":false,"gb-block-post-grid-landscape":false,"gb-block-post-grid-square":false,"university-hub-thumb":false},"uagb_author_info":{"display_name":"Universidad de las Artes","author_link":"https:\/\/www.uartes.edu.ec\/sitio\/blog\/author\/dircomadm\/"},"uagb_comment_info":0,"uagb_excerpt":"Fredy Vallejos, compositor, music\u00f3logo, percusionista y docente de la Escuela de Artes Sonoras de la Universidad de las Artes del Ecuador, particip\u00f3 en una serie de actividades art\u00edsticas y acad\u00e9micas en las ciudades de Cuzco y Lima, en Per\u00fa. Este 21 y 23 de junio realiz\u00f3 el concierto de m\u00fasica electroac\u00fastica FRAGMENTS en la Capilla&hellip;","featured_image_src":null,"featured_image_src_square":null,"author_info":{"display_name":"Universidad de las Artes","author_link":"https:\/\/www.uartes.edu.ec\/sitio\/blog\/author\/dircomadm\/"},"publishpress_future_workflow_manual_trigger":{"enabledWorkflows":[]},"distributor_meta":false,"distributor_terms":false,"distributor_media":false,"distributor_original_site_name":"Universidad de las Artes","distributor_original_site_url":"https:\/\/www.uartes.edu.ec\/sitio","push-errors":false,"_links":{"self":[{"href":"https:\/\/www.uartes.edu.ec\/sitio\/wp-json\/wp\/v2\/posts\/1643","targetHints":{"allow":["GET"]}}],"collection":[{"href":"https:\/\/www.uartes.edu.ec\/sitio\/wp-json\/wp\/v2\/posts"}],"about":[{"href":"https:\/\/www.uartes.edu.ec\/sitio\/wp-json\/wp\/v2\/types\/post"}],"author":[{"embeddable":true,"href":"https:\/\/www.uartes.edu.ec\/sitio\/wp-json\/wp\/v2\/users\/1"}],"replies":[{"embeddable":true,"href":"https:\/\/www.uartes.edu.ec\/sitio\/wp-json\/wp\/v2\/comments?post=1643"}],"version-history":[{"count":1,"href":"https:\/\/www.uartes.edu.ec\/sitio\/wp-json\/wp\/v2\/posts\/1643\/revisions"}],"predecessor-version":[{"id":3362,"href":"https:\/\/www.uartes.edu.ec\/sitio\/wp-json\/wp\/v2\/posts\/1643\/revisions\/3362"}],"wp:featuredmedia":[{"embeddable":true,"href":"https:\/\/www.uartes.edu.ec\/sitio\/wp-json\/"}],"wp:attachment":[{"href":"https:\/\/www.uartes.edu.ec\/sitio\/wp-json\/wp\/v2\/media?parent=1643"}],"wp:term":[{"taxonomy":"category","embeddable":true,"href":"https:\/\/www.uartes.edu.ec\/sitio\/wp-json\/wp\/v2\/categories?post=1643"},{"taxonomy":"post_tag","embeddable":true,"href":"https:\/\/www.uartes.edu.ec\/sitio\/wp-json\/wp\/v2\/tags?post=1643"},{"taxonomy":"infouartes","embeddable":true,"href":"https:\/\/www.uartes.edu.ec\/sitio\/wp-json\/wp\/v2\/infouartes?post=1643"}],"curies":[{"name":"wp","href":"https:\/\/api.w.org\/{rel}","templated":true}]}}