{"id":1650,"date":"2018-06-28T16:20:26","date_gmt":"2018-06-28T21:20:26","guid":{"rendered":"http:\/\/www.uartes.edu.ec\/infouartes\/?p=1650"},"modified":"2024-07-04T11:53:47","modified_gmt":"2024-07-04T16:53:47","slug":"huaira-realiza-gira-por-europa-y-abre-dos-conciertos-de-cafe-tacvba","status":"publish","type":"post","link":"https:\/\/www.uartes.edu.ec\/sitio\/blog\/2018\/06\/28\/huaira-realiza-gira-por-europa-y-abre-dos-conciertos-de-cafe-tacvba\/","title":{"rendered":"Huaira realiza gira por Europa y abre dos conciertos de Caf\u00e9 Tacvba"},"content":{"rendered":"<p>Juan Diego Illescas, docente de la carrera de Producci\u00f3n Musical de la Universidad de las Artes del Ecuador, participa con el proyecto Huaira en una gira art\u00edstica por algunos pa\u00edses de Europa, adem\u00e1s, la banda intervendr\u00e1 como teloneros de dos conciertos de Caf\u00e9 Tacvba en <a href=\"https:\/\/www.astra-berlin.de\/events\/2018-07-24-caf--tacvba\">Berl\u00edn<\/a>\u00a0y <a href=\"https:\/\/livemusichall.de\/caf%C3%A9-tacvba.1279.html\">Colonia<\/a>, en Alemania.<\/p>\n<p>\u201cHuaira nace en los valles andinos del Ecuador, m\u00fasica de ra\u00edz, comprometida con la transformaci\u00f3n del ser a trav\u00e9s del arte. Es m\u00fasica inspirada en la naturaleza y en la investigaci\u00f3n de saberes ancestrales de culturas nativas, cantos y ceremonias, creando un sonido con lirica entregada por la medicina. Huaira es una propuesta que mezcla sonidos andinos, afros, electr\u00f3nicos y mestizos creando una mezcla perfecta para bailar junto a las vibraciones del universo y la pacha mama\u201d.<\/p>\n<p>Illescas trabaj\u00f3 como productor musical de la banda, donde tambi\u00e9n participa como m\u00fasico interpretado en vivo, junto con Daniela Baquero, Julio Vicencio y Pablo Vicencio. Huaira grab\u00f3 su primer sencillo (EP), <a href=\"https:\/\/shikashika.bandcamp.com\/album\/uka-shunku-ep\">\u00d1uka Shunku<\/a>, el pasado 21 de junio con la disquera Shika Shika.<\/p>\n<p><a href=\"http:\/\/shikashika.bandcamp.com\/album\/uka-shunku-ep\">\u00d1uka Shunku EP by Huaira<\/a><\/p>\n<p>Huaira inici\u00f3 en el 2017 y se convirti\u00f3 en el proyecto de investigaci\u00f3n de Juan Diego Illescas en la UArtes, que se forma a ra\u00edz de investigaciones en torno a los cantos ancestrales utilizados en ceremonias en Ecuador y diferentes comunidades ind\u00edgenas en Latinoam\u00e9rica. El proyecto es adem\u00e1s una consecuencia del documental &#8220;Sonido Mestizo&#8221;, donde Illescas colabora como productor general, co-productor e investigador, en el que se presenta el mestizaje del sonido latinoamericano con artistas como Nicola Cruz, Mateo Kingman, Huaira Ukay, Alex Alvear, Ivis Flies, entre otros.<\/p>\n<p>\u201cCreo que la ejecuci\u00f3n de proyectos personales, vinculados con la profesi\u00f3n, de la que imparto clases en la UArtes, es importante para dictar clases \u2013Administraci\u00f3n y Gesti\u00f3n Musical, Banda Sonora y Audio para Imagen\u2013 desde la experiencia\u201d, afirma Illescas.<\/p>\n<p>Conoce la agenda de presentaciones de Huaira por Alemania, Francia, Espa\u00f1a y Hungr\u00eda:<\/p>\n<p><img fetchpriority=\"high\" decoding=\"async\" class=\"aligncenter size-full wp-image-1651\" src=\"http:\/\/www.uartes.edu.ec\/infouartes\/wp-content\/uploads\/2018\/06\/GIRA-HUAIRA.jpg\" alt=\"\" width=\"800\" height=\"1167\" \/><\/p>\n","protected":false},"excerpt":{"rendered":"<p>Juan Diego Illescas, docente de la carrera de Producci\u00f3n Musical de la Universidad de las Artes del Ecuador, participa con el proyecto Huaira en una gira art\u00edstica por algunos pa\u00edses de Europa, adem\u00e1s, la banda intervendr\u00e1 como teloneros de dos conciertos de Caf\u00e9 Tacvba en Berl\u00edn\u00a0y Colonia, en Alemania. \u201cHuaira nace en los valles andinos [&hellip;]<\/p>\n","protected":false},"author":1,"featured_media":1652,"comment_status":"closed","ping_status":"closed","sticky":false,"template":"","format":"standard","meta":{"_acf_changed":false,"_uag_custom_page_level_css":"","_monsterinsights_skip_tracking":false,"_monsterinsights_sitenote_active":false,"_monsterinsights_sitenote_note":"","_monsterinsights_sitenote_category":0,"cybocfi_hide_featured_image":"","footnotes":""},"categories":[75],"tags":[],"infouartes":[],"class_list":["post-1650","post","type-post","status-publish","format-standard","has-post-thumbnail","hentry","category-docentes"],"acf":[],"yoast_head":"<!-- This site is optimized with the Yoast SEO plugin v27.4 - https:\/\/yoast.com\/product\/yoast-seo-wordpress\/ -->\n<title>Universidad de las Artes - Huaira realiza gira por Europa y abre dos conciertos de Caf\u00e9 Tacvba<\/title>\n<meta name=\"description\" content=\"Universidad de las Artes - Huaira realiza gira por Europa y abre dos conciertos de Caf\u00e9 Tacvba\" \/>\n<meta name=\"robots\" content=\"index, follow, max-snippet:-1, max-image-preview:large, max-video-preview:-1\" \/>\n<link rel=\"canonical\" href=\"https:\/\/www.uartes.edu.ec\/sitio\/blog\/2018\/06\/28\/huaira-realiza-gira-por-europa-y-abre-dos-conciertos-de-cafe-tacvba\/\" \/>\n<meta property=\"og:locale\" content=\"es_ES\" \/>\n<meta property=\"og:type\" content=\"article\" \/>\n<meta property=\"og:title\" content=\"Universidad de las Artes - Huaira realiza gira por Europa y abre dos conciertos de Caf\u00e9 Tacvba\" \/>\n<meta property=\"og:description\" content=\"Universidad de las Artes - Huaira realiza gira por Europa y abre dos conciertos de Caf\u00e9 Tacvba\" \/>\n<meta property=\"og:url\" content=\"https:\/\/www.uartes.edu.ec\/sitio\/blog\/2018\/06\/28\/huaira-realiza-gira-por-europa-y-abre-dos-conciertos-de-cafe-tacvba\/\" \/>\n<meta property=\"og:site_name\" content=\"Universidad de las Artes\" \/>\n<meta property=\"article:publisher\" content=\"https:\/\/www.facebook.com\/uartesec\" \/>\n<meta property=\"article:published_time\" content=\"2018-06-28T21:20:26+00:00\" \/>\n<meta property=\"article:modified_time\" content=\"2024-07-04T16:53:47+00:00\" \/>\n<meta name=\"author\" content=\"Universidad de las Artes\" \/>\n<meta name=\"twitter:card\" content=\"summary_large_image\" \/>\n<meta name=\"twitter:creator\" content=\"@uartesec\" \/>\n<meta name=\"twitter:site\" content=\"@uartesec\" \/>\n<meta name=\"twitter:label1\" content=\"Escrito por\" \/>\n\t<meta name=\"twitter:data1\" content=\"Universidad de las Artes\" \/>\n\t<meta name=\"twitter:label2\" content=\"Tiempo de lectura\" \/>\n\t<meta name=\"twitter:data2\" content=\"2 minutos\" \/>\n<script type=\"application\/ld+json\" class=\"yoast-schema-graph\">{\"@context\":\"https:\\\/\\\/schema.org\",\"@graph\":[{\"@type\":\"Article\",\"@id\":\"https:\\\/\\\/www.uartes.edu.ec\\\/sitio\\\/blog\\\/2018\\\/06\\\/28\\\/huaira-realiza-gira-por-europa-y-abre-dos-conciertos-de-cafe-tacvba\\\/#article\",\"isPartOf\":{\"@id\":\"https:\\\/\\\/www.uartes.edu.ec\\\/sitio\\\/blog\\\/2018\\\/06\\\/28\\\/huaira-realiza-gira-por-europa-y-abre-dos-conciertos-de-cafe-tacvba\\\/\"},\"author\":{\"name\":\"Universidad de las Artes\",\"@id\":\"https:\\\/\\\/www.uartes.edu.ec\\\/sitio\\\/#\\\/schema\\\/person\\\/f33f8c1d2af0d5c80a38c8abf458184a\"},\"headline\":\"Huaira realiza gira por Europa y abre dos conciertos de Caf\u00e9 Tacvba\",\"datePublished\":\"2018-06-28T21:20:26+00:00\",\"dateModified\":\"2024-07-04T16:53:47+00:00\",\"mainEntityOfPage\":{\"@id\":\"https:\\\/\\\/www.uartes.edu.ec\\\/sitio\\\/blog\\\/2018\\\/06\\\/28\\\/huaira-realiza-gira-por-europa-y-abre-dos-conciertos-de-cafe-tacvba\\\/\"},\"wordCount\":350,\"publisher\":{\"@id\":\"https:\\\/\\\/www.uartes.edu.ec\\\/sitio\\\/#organization\"},\"image\":{\"@id\":\"https:\\\/\\\/www.uartes.edu.ec\\\/sitio\\\/blog\\\/2018\\\/06\\\/28\\\/huaira-realiza-gira-por-europa-y-abre-dos-conciertos-de-cafe-tacvba\\\/#primaryimage\"},\"thumbnailUrl\":\"\",\"articleSection\":[\"Docentes\"],\"inLanguage\":\"es\"},{\"@type\":[\"WebPage\",\"ItemPage\"],\"@id\":\"https:\\\/\\\/www.uartes.edu.ec\\\/sitio\\\/blog\\\/2018\\\/06\\\/28\\\/huaira-realiza-gira-por-europa-y-abre-dos-conciertos-de-cafe-tacvba\\\/\",\"url\":\"https:\\\/\\\/www.uartes.edu.ec\\\/sitio\\\/blog\\\/2018\\\/06\\\/28\\\/huaira-realiza-gira-por-europa-y-abre-dos-conciertos-de-cafe-tacvba\\\/\",\"name\":\"Universidad de las Artes - Huaira realiza gira por Europa y abre dos conciertos de Caf\u00e9 Tacvba\",\"isPartOf\":{\"@id\":\"https:\\\/\\\/www.uartes.edu.ec\\\/sitio\\\/#website\"},\"primaryImageOfPage\":{\"@id\":\"https:\\\/\\\/www.uartes.edu.ec\\\/sitio\\\/blog\\\/2018\\\/06\\\/28\\\/huaira-realiza-gira-por-europa-y-abre-dos-conciertos-de-cafe-tacvba\\\/#primaryimage\"},\"image\":{\"@id\":\"https:\\\/\\\/www.uartes.edu.ec\\\/sitio\\\/blog\\\/2018\\\/06\\\/28\\\/huaira-realiza-gira-por-europa-y-abre-dos-conciertos-de-cafe-tacvba\\\/#primaryimage\"},\"thumbnailUrl\":\"\",\"datePublished\":\"2018-06-28T21:20:26+00:00\",\"dateModified\":\"2024-07-04T16:53:47+00:00\",\"description\":\"Universidad de las Artes - Huaira realiza gira por Europa y abre dos conciertos de Caf\u00e9 Tacvba\",\"breadcrumb\":{\"@id\":\"https:\\\/\\\/www.uartes.edu.ec\\\/sitio\\\/blog\\\/2018\\\/06\\\/28\\\/huaira-realiza-gira-por-europa-y-abre-dos-conciertos-de-cafe-tacvba\\\/#breadcrumb\"},\"inLanguage\":\"es\",\"potentialAction\":[{\"@type\":\"ReadAction\",\"target\":[\"https:\\\/\\\/www.uartes.edu.ec\\\/sitio\\\/blog\\\/2018\\\/06\\\/28\\\/huaira-realiza-gira-por-europa-y-abre-dos-conciertos-de-cafe-tacvba\\\/\"]}]},{\"@type\":\"ImageObject\",\"inLanguage\":\"es\",\"@id\":\"https:\\\/\\\/www.uartes.edu.ec\\\/sitio\\\/blog\\\/2018\\\/06\\\/28\\\/huaira-realiza-gira-por-europa-y-abre-dos-conciertos-de-cafe-tacvba\\\/#primaryimage\",\"url\":\"\",\"contentUrl\":\"\"},{\"@type\":\"BreadcrumbList\",\"@id\":\"https:\\\/\\\/www.uartes.edu.ec\\\/sitio\\\/blog\\\/2018\\\/06\\\/28\\\/huaira-realiza-gira-por-europa-y-abre-dos-conciertos-de-cafe-tacvba\\\/#breadcrumb\",\"itemListElement\":[{\"@type\":\"ListItem\",\"position\":1,\"name\":\"Inicio\",\"item\":\"https:\\\/\\\/www.uartes.edu.ec\\\/sitio\\\/\"},{\"@type\":\"ListItem\",\"position\":2,\"name\":\"Huaira realiza gira por Europa y abre dos conciertos de Caf\u00e9 Tacvba\"}]},{\"@type\":\"WebSite\",\"@id\":\"https:\\\/\\\/www.uartes.edu.ec\\\/sitio\\\/#website\",\"url\":\"https:\\\/\\\/www.uartes.edu.ec\\\/sitio\\\/\",\"name\":\"Universidad de las Artes\",\"description\":\"Sitio oficial de la Universidad Nacional de las Artes del Ecuador\",\"publisher\":{\"@id\":\"https:\\\/\\\/www.uartes.edu.ec\\\/sitio\\\/#organization\"},\"potentialAction\":[{\"@type\":\"SearchAction\",\"target\":{\"@type\":\"EntryPoint\",\"urlTemplate\":\"https:\\\/\\\/www.uartes.edu.ec\\\/sitio\\\/?s={search_term_string}\"},\"query-input\":{\"@type\":\"PropertyValueSpecification\",\"valueRequired\":true,\"valueName\":\"search_term_string\"}}],\"inLanguage\":\"es\"},{\"@type\":\"Organization\",\"@id\":\"https:\\\/\\\/www.uartes.edu.ec\\\/sitio\\\/#organization\",\"name\":\"Universidad de las Artes\",\"url\":\"https:\\\/\\\/www.uartes.edu.ec\\\/sitio\\\/\",\"logo\":{\"@type\":\"ImageObject\",\"inLanguage\":\"es\",\"@id\":\"https:\\\/\\\/www.uartes.edu.ec\\\/sitio\\\/#\\\/schema\\\/logo\\\/image\\\/\",\"url\":\"https:\\\/\\\/www.uartes.edu.ec\\\/sitio\\\/wp-content\\\/uploads\\\/2022\\\/07\\\/logo-ua-horizontal.png\",\"contentUrl\":\"https:\\\/\\\/www.uartes.edu.ec\\\/sitio\\\/wp-content\\\/uploads\\\/2022\\\/07\\\/logo-ua-horizontal.png\",\"width\":800,\"height\":276,\"caption\":\"Universidad de las Artes\"},\"image\":{\"@id\":\"https:\\\/\\\/www.uartes.edu.ec\\\/sitio\\\/#\\\/schema\\\/logo\\\/image\\\/\"},\"sameAs\":[\"https:\\\/\\\/www.facebook.com\\\/uartesec\",\"https:\\\/\\\/x.com\\\/uartesec\",\"https:\\\/\\\/www.tiktok.com\\\/@uartesec\"]},{\"@type\":\"Person\",\"@id\":\"https:\\\/\\\/www.uartes.edu.ec\\\/sitio\\\/#\\\/schema\\\/person\\\/f33f8c1d2af0d5c80a38c8abf458184a\",\"name\":\"Universidad de las Artes\",\"image\":{\"@type\":\"ImageObject\",\"inLanguage\":\"es\",\"@id\":\"https:\\\/\\\/secure.gravatar.com\\\/avatar\\\/52e4757902f5cfa5ac52d020e5be83cae5487519154b6c35482fe08d589f3c13?s=96&d=mm&r=g\",\"url\":\"https:\\\/\\\/secure.gravatar.com\\\/avatar\\\/52e4757902f5cfa5ac52d020e5be83cae5487519154b6c35482fe08d589f3c13?s=96&d=mm&r=g\",\"contentUrl\":\"https:\\\/\\\/secure.gravatar.com\\\/avatar\\\/52e4757902f5cfa5ac52d020e5be83cae5487519154b6c35482fe08d589f3c13?s=96&d=mm&r=g\",\"caption\":\"Universidad de las Artes\"},\"url\":\"https:\\\/\\\/www.uartes.edu.ec\\\/sitio\\\/blog\\\/author\\\/dircomadm\\\/\"}]}<\/script>\n<!-- \/ Yoast SEO plugin. -->","yoast_head_json":{"title":"Universidad de las Artes - Huaira realiza gira por Europa y abre dos conciertos de Caf\u00e9 Tacvba","description":"Universidad de las Artes - Huaira realiza gira por Europa y abre dos conciertos de Caf\u00e9 Tacvba","robots":{"index":"index","follow":"follow","max-snippet":"max-snippet:-1","max-image-preview":"max-image-preview:large","max-video-preview":"max-video-preview:-1"},"canonical":"https:\/\/www.uartes.edu.ec\/sitio\/blog\/2018\/06\/28\/huaira-realiza-gira-por-europa-y-abre-dos-conciertos-de-cafe-tacvba\/","og_locale":"es_ES","og_type":"article","og_title":"Universidad de las Artes - Huaira realiza gira por Europa y abre dos conciertos de Caf\u00e9 Tacvba","og_description":"Universidad de las Artes - Huaira realiza gira por Europa y abre dos conciertos de Caf\u00e9 Tacvba","og_url":"https:\/\/www.uartes.edu.ec\/sitio\/blog\/2018\/06\/28\/huaira-realiza-gira-por-europa-y-abre-dos-conciertos-de-cafe-tacvba\/","og_site_name":"Universidad de las Artes","article_publisher":"https:\/\/www.facebook.com\/uartesec","article_published_time":"2018-06-28T21:20:26+00:00","article_modified_time":"2024-07-04T16:53:47+00:00","author":"Universidad de las Artes","twitter_card":"summary_large_image","twitter_creator":"@uartesec","twitter_site":"@uartesec","twitter_misc":{"Escrito por":"Universidad de las Artes","Tiempo de lectura":"2 minutos"},"schema":{"@context":"https:\/\/schema.org","@graph":[{"@type":"Article","@id":"https:\/\/www.uartes.edu.ec\/sitio\/blog\/2018\/06\/28\/huaira-realiza-gira-por-europa-y-abre-dos-conciertos-de-cafe-tacvba\/#article","isPartOf":{"@id":"https:\/\/www.uartes.edu.ec\/sitio\/blog\/2018\/06\/28\/huaira-realiza-gira-por-europa-y-abre-dos-conciertos-de-cafe-tacvba\/"},"author":{"name":"Universidad de las Artes","@id":"https:\/\/www.uartes.edu.ec\/sitio\/#\/schema\/person\/f33f8c1d2af0d5c80a38c8abf458184a"},"headline":"Huaira realiza gira por Europa y abre dos conciertos de Caf\u00e9 Tacvba","datePublished":"2018-06-28T21:20:26+00:00","dateModified":"2024-07-04T16:53:47+00:00","mainEntityOfPage":{"@id":"https:\/\/www.uartes.edu.ec\/sitio\/blog\/2018\/06\/28\/huaira-realiza-gira-por-europa-y-abre-dos-conciertos-de-cafe-tacvba\/"},"wordCount":350,"publisher":{"@id":"https:\/\/www.uartes.edu.ec\/sitio\/#organization"},"image":{"@id":"https:\/\/www.uartes.edu.ec\/sitio\/blog\/2018\/06\/28\/huaira-realiza-gira-por-europa-y-abre-dos-conciertos-de-cafe-tacvba\/#primaryimage"},"thumbnailUrl":"","articleSection":["Docentes"],"inLanguage":"es"},{"@type":["WebPage","ItemPage"],"@id":"https:\/\/www.uartes.edu.ec\/sitio\/blog\/2018\/06\/28\/huaira-realiza-gira-por-europa-y-abre-dos-conciertos-de-cafe-tacvba\/","url":"https:\/\/www.uartes.edu.ec\/sitio\/blog\/2018\/06\/28\/huaira-realiza-gira-por-europa-y-abre-dos-conciertos-de-cafe-tacvba\/","name":"Universidad de las Artes - Huaira realiza gira por Europa y abre dos conciertos de Caf\u00e9 Tacvba","isPartOf":{"@id":"https:\/\/www.uartes.edu.ec\/sitio\/#website"},"primaryImageOfPage":{"@id":"https:\/\/www.uartes.edu.ec\/sitio\/blog\/2018\/06\/28\/huaira-realiza-gira-por-europa-y-abre-dos-conciertos-de-cafe-tacvba\/#primaryimage"},"image":{"@id":"https:\/\/www.uartes.edu.ec\/sitio\/blog\/2018\/06\/28\/huaira-realiza-gira-por-europa-y-abre-dos-conciertos-de-cafe-tacvba\/#primaryimage"},"thumbnailUrl":"","datePublished":"2018-06-28T21:20:26+00:00","dateModified":"2024-07-04T16:53:47+00:00","description":"Universidad de las Artes - Huaira realiza gira por Europa y abre dos conciertos de Caf\u00e9 Tacvba","breadcrumb":{"@id":"https:\/\/www.uartes.edu.ec\/sitio\/blog\/2018\/06\/28\/huaira-realiza-gira-por-europa-y-abre-dos-conciertos-de-cafe-tacvba\/#breadcrumb"},"inLanguage":"es","potentialAction":[{"@type":"ReadAction","target":["https:\/\/www.uartes.edu.ec\/sitio\/blog\/2018\/06\/28\/huaira-realiza-gira-por-europa-y-abre-dos-conciertos-de-cafe-tacvba\/"]}]},{"@type":"ImageObject","inLanguage":"es","@id":"https:\/\/www.uartes.edu.ec\/sitio\/blog\/2018\/06\/28\/huaira-realiza-gira-por-europa-y-abre-dos-conciertos-de-cafe-tacvba\/#primaryimage","url":"","contentUrl":""},{"@type":"BreadcrumbList","@id":"https:\/\/www.uartes.edu.ec\/sitio\/blog\/2018\/06\/28\/huaira-realiza-gira-por-europa-y-abre-dos-conciertos-de-cafe-tacvba\/#breadcrumb","itemListElement":[{"@type":"ListItem","position":1,"name":"Inicio","item":"https:\/\/www.uartes.edu.ec\/sitio\/"},{"@type":"ListItem","position":2,"name":"Huaira realiza gira por Europa y abre dos conciertos de Caf\u00e9 Tacvba"}]},{"@type":"WebSite","@id":"https:\/\/www.uartes.edu.ec\/sitio\/#website","url":"https:\/\/www.uartes.edu.ec\/sitio\/","name":"Universidad de las Artes","description":"Sitio oficial de la Universidad Nacional de las Artes del Ecuador","publisher":{"@id":"https:\/\/www.uartes.edu.ec\/sitio\/#organization"},"potentialAction":[{"@type":"SearchAction","target":{"@type":"EntryPoint","urlTemplate":"https:\/\/www.uartes.edu.ec\/sitio\/?s={search_term_string}"},"query-input":{"@type":"PropertyValueSpecification","valueRequired":true,"valueName":"search_term_string"}}],"inLanguage":"es"},{"@type":"Organization","@id":"https:\/\/www.uartes.edu.ec\/sitio\/#organization","name":"Universidad de las Artes","url":"https:\/\/www.uartes.edu.ec\/sitio\/","logo":{"@type":"ImageObject","inLanguage":"es","@id":"https:\/\/www.uartes.edu.ec\/sitio\/#\/schema\/logo\/image\/","url":"https:\/\/www.uartes.edu.ec\/sitio\/wp-content\/uploads\/2022\/07\/logo-ua-horizontal.png","contentUrl":"https:\/\/www.uartes.edu.ec\/sitio\/wp-content\/uploads\/2022\/07\/logo-ua-horizontal.png","width":800,"height":276,"caption":"Universidad de las Artes"},"image":{"@id":"https:\/\/www.uartes.edu.ec\/sitio\/#\/schema\/logo\/image\/"},"sameAs":["https:\/\/www.facebook.com\/uartesec","https:\/\/x.com\/uartesec","https:\/\/www.tiktok.com\/@uartesec"]},{"@type":"Person","@id":"https:\/\/www.uartes.edu.ec\/sitio\/#\/schema\/person\/f33f8c1d2af0d5c80a38c8abf458184a","name":"Universidad de las Artes","image":{"@type":"ImageObject","inLanguage":"es","@id":"https:\/\/secure.gravatar.com\/avatar\/52e4757902f5cfa5ac52d020e5be83cae5487519154b6c35482fe08d589f3c13?s=96&d=mm&r=g","url":"https:\/\/secure.gravatar.com\/avatar\/52e4757902f5cfa5ac52d020e5be83cae5487519154b6c35482fe08d589f3c13?s=96&d=mm&r=g","contentUrl":"https:\/\/secure.gravatar.com\/avatar\/52e4757902f5cfa5ac52d020e5be83cae5487519154b6c35482fe08d589f3c13?s=96&d=mm&r=g","caption":"Universidad de las Artes"},"url":"https:\/\/www.uartes.edu.ec\/sitio\/blog\/author\/dircomadm\/"}]}},"uagb_featured_image_src":{"full":false,"thumbnail":false,"medium":false,"medium_large":false,"large":false,"1536x1536":false,"2048x2048":false,"trp-custom-language-flag":false,"htmega_size_585x295":false,"htmega_size_1170x536":false,"htmega_size_396x360":false,"gb-block-post-grid-landscape":false,"gb-block-post-grid-square":false,"university-hub-thumb":false},"uagb_author_info":{"display_name":"Universidad de las Artes","author_link":"https:\/\/www.uartes.edu.ec\/sitio\/blog\/author\/dircomadm\/"},"uagb_comment_info":0,"uagb_excerpt":"Juan Diego Illescas, docente de la carrera de Producci\u00f3n Musical de la Universidad de las Artes del Ecuador, participa con el proyecto Huaira en una gira art\u00edstica por algunos pa\u00edses de Europa, adem\u00e1s, la banda intervendr\u00e1 como teloneros de dos conciertos de Caf\u00e9 Tacvba en Berl\u00edn\u00a0y Colonia, en Alemania. \u201cHuaira nace en los valles andinos&hellip;","featured_image_src":null,"featured_image_src_square":null,"author_info":{"display_name":"Universidad de las Artes","author_link":"https:\/\/www.uartes.edu.ec\/sitio\/blog\/author\/dircomadm\/"},"publishpress_future_workflow_manual_trigger":{"enabledWorkflows":[]},"distributor_meta":false,"distributor_terms":false,"distributor_media":false,"distributor_original_site_name":"Universidad de las Artes","distributor_original_site_url":"https:\/\/www.uartes.edu.ec\/sitio","push-errors":false,"_links":{"self":[{"href":"https:\/\/www.uartes.edu.ec\/sitio\/wp-json\/wp\/v2\/posts\/1650","targetHints":{"allow":["GET"]}}],"collection":[{"href":"https:\/\/www.uartes.edu.ec\/sitio\/wp-json\/wp\/v2\/posts"}],"about":[{"href":"https:\/\/www.uartes.edu.ec\/sitio\/wp-json\/wp\/v2\/types\/post"}],"author":[{"embeddable":true,"href":"https:\/\/www.uartes.edu.ec\/sitio\/wp-json\/wp\/v2\/users\/1"}],"replies":[{"embeddable":true,"href":"https:\/\/www.uartes.edu.ec\/sitio\/wp-json\/wp\/v2\/comments?post=1650"}],"version-history":[{"count":1,"href":"https:\/\/www.uartes.edu.ec\/sitio\/wp-json\/wp\/v2\/posts\/1650\/revisions"}],"predecessor-version":[{"id":3360,"href":"https:\/\/www.uartes.edu.ec\/sitio\/wp-json\/wp\/v2\/posts\/1650\/revisions\/3360"}],"wp:featuredmedia":[{"embeddable":true,"href":"https:\/\/www.uartes.edu.ec\/sitio\/wp-json\/"}],"wp:attachment":[{"href":"https:\/\/www.uartes.edu.ec\/sitio\/wp-json\/wp\/v2\/media?parent=1650"}],"wp:term":[{"taxonomy":"category","embeddable":true,"href":"https:\/\/www.uartes.edu.ec\/sitio\/wp-json\/wp\/v2\/categories?post=1650"},{"taxonomy":"post_tag","embeddable":true,"href":"https:\/\/www.uartes.edu.ec\/sitio\/wp-json\/wp\/v2\/tags?post=1650"},{"taxonomy":"infouartes","embeddable":true,"href":"https:\/\/www.uartes.edu.ec\/sitio\/wp-json\/wp\/v2\/infouartes?post=1650"}],"curies":[{"name":"wp","href":"https:\/\/api.w.org\/{rel}","templated":true}]}}