{"id":16543,"date":"2021-10-29T12:23:00","date_gmt":"2021-10-29T17:23:00","guid":{"rendered":"http:\/\/www.uartes.edu.ec\/sitio\/?p=16543"},"modified":"2024-07-04T11:25:26","modified_gmt":"2024-07-04T16:25:26","slug":"diana-gardeneira-es-la-curadora-de-galeria-urbana-proyecto-que-sustituye-con-arte-femenino-publicidad-en-pantallas-ledes","status":"publish","type":"post","link":"https:\/\/www.uartes.edu.ec\/sitio\/blog\/2021\/10\/29\/diana-gardeneira-es-la-curadora-de-galeria-urbana-proyecto-que-sustituye-con-arte-femenino-publicidad-en-pantallas-ledes\/","title":{"rendered":"Galer\u00eda Urbana sustituye con arte femenino publicidad en pantallas ledes; Diana Gardeneira, curadora"},"content":{"rendered":"\n<p>\u201cCreo que es ideal salir al espacio p\u00fablico e ir tom\u00e1ndonos otros lugares\u201d, se\u00f1al\u00f3 en una entrevista con un diario local Diana Gardeneira, artista visual, gestora cultural y docente de la Universidad de las Artes, quien es la curadora del proyecto Galer\u00eda Urbana, el cual \u2013compuesto por las exposiciones <em>Me veo, luego existo<\/em> y <em>Relatos c\u00f3smic<\/em>os\u2013 sustituye la publicidad de las pantallas ledes de la ciudad.<\/p>\n\n\n\n<p>Estas publicidades que tradicionalmente copaban las pantallas digitales de la urbe han sido sustituidas por el arte femenino de Guayaquil, se indica en el rotativo, que se\u00f1ala a Gardeneira como su mentalizadora y curadora, y que el proyecto se realiz\u00f3 a trav\u00e9s de la Direcci\u00f3n de Cultura del Cabildo porte\u00f1o.<\/p>\n\n\n\n<p>Son 51 las artistas participantes de la propuesta,&nbsp;cuyo eje central es la visibilizaci\u00f3n del arte femenino desde lo femenino. <em>Me veo, luego existo<\/em> aborda la manera en la que cada una de las artistas construye su imagen, o c\u00f3mo se identifican ellas mediante retratos y autorretratos.&nbsp;\u201cEstamos acostumbrados a que los museos tengan obras de arte en donde las mujeres que salen son hechas por hombres\u201d, opina Gardeneira.<\/p>\n\n\n\n<p><em>Relatos c\u00f3smicos<\/em>\u00a0es una invitaci\u00f3n a so\u00f1ar en mundos distintos. \u201cJustamente estando en el encierro quer\u00edamos salir de alguna manera&#8230;\u201d, dice la curadora.<\/p>\n\n\n\n<figure class=\"wp-block-image size-full\"><img fetchpriority=\"high\" decoding=\"async\" width=\"1421\" height=\"1005\" src=\"http:\/\/www.uartes.edu.ec\/sitio\/wp-content\/uploads\/2021\/11\/COPY1.webp\" alt=\"\" class=\"wp-image-16545\" \/><\/figure>\n\n\n\n<p>En total, 82 obras en exposici\u00f3n que, de alguna manera, recogen la diversidad del arte femenino.&nbsp;\u201cTodas somos tan distintas y tenemos estas particularidades, y se las ve reflejadas en la obra de cada una. Todas las mujeres no nos podemos encasillar en un tipo de mujer, no somos un tipo de voz. Lo femenino o las mujeres no somos una sola cosa, somos miles de historias, y eso es necesario que se vea reflejado en el arte, en este tipo de plataformas\u201d, apunta la docente UArtes.<\/p>\n\n\n\n<p>Cada exposici\u00f3n tiene diez videos con una duraci\u00f3n de quince segundos, incluye cuatro obras que se proyectan cada semana.\u00a0La mentalizadora de la propuesta revela que viene trabajando en ella hace m\u00e1s de un a\u00f1o.\u00a0\u201cFue un largo camino el buscarlas y escogerlas&#8230; no a todas las conoc\u00eda. Fue enriquecedor conocer otras formas de crear. Mi principal enfoque es que las artistas fueran de Guayaquil, que vivieran en Guayaquil o que hayan nacido en Guayaquil\u201d, afirma.<\/p>\n\n\n\n<p>Una iniciativa que es aplaudida por&nbsp;Mady Guapulema, una de las artistas emergentes que forman parte de la galer\u00eda.&nbsp;\u201cNormalmente los trabajos que se dan con el arte y que tienen que ver con municipios tienden a focalizar a ciertas personas, a los que son m\u00e1s conocidos, con los que ya han venido trabajando. Entonces, siempre es bueno que se d\u00e9 apertura a nuevos talentos, porque hay much\u00edsimos, sobre todo mujeres, que muchas veces su trabajo no es visibilizado\u201d,&nbsp;expresa la artista, que participa con la obra de una vampiresa y con una ilustraci\u00f3n denominada&nbsp;\u00bfQu\u00e9 ves en la tarjeta?<\/p>\n\n\n\n<p>En tanto,\u00a0Lorena Pe\u00f1a, otra artista presente en las exposiciones, resalta la apropiaci\u00f3n que de a poco el arte va haciendo de los espacios p\u00fablicos.\u00a0\u201c(\u2026) y qu\u00e9 mejor estas plataformas de visibilidad que son las pantallas led, que est\u00e1n acostumbradas a solo proyectar publicidad. Y es poder romper con eso, desde otra perspectiva y aportar a la cultura\u201d, refiere. Pe\u00f1a presenta una ilustraci\u00f3n digital en homenaje a su hermana, llamada\u00a0<em>No veo tu cara, pero veo tu coraz\u00f3n<\/em>,\u00a0y la obra\u00a0<em>Nos vemos para escapar del encierro.<\/em><\/p>\n\n\n\n<p>Cabe indicar que Lorena Pe\u00f1a es alumni de la Universidad de las Artes y que en el proyecto tambi\u00e9n tienen presencia otras estudiantes UArtes, como Shaskya Hurtado, de la Escuela de Artes Visuales. <\/p>\n\n\n\n<p>La exposici\u00f3n\u00a0<em>Me veo, luego existo<\/em>\u00a0se mantuvo todo el mes de octubre en las pantallas digitales de la Metrov\u00eda y en las redes sociales de la Direcci\u00f3n de Cultura de la ciudad. <em>Relatos c\u00f3smicos<\/em>\u00a0lo estar\u00e1 todo noviembre. \u00a0<\/p>\n\n\n\n<figure class=\"wp-block-image size-full\"><img decoding=\"async\" width=\"2000\" height=\"1333\" src=\"http:\/\/www.uartes.edu.ec\/sitio\/wp-content\/uploads\/2021\/11\/COY5.webp\" alt=\"\" class=\"wp-image-16546\" \/><\/figure>\n\n\n\n<p>Fuente: Diario El Universo<br><a href=\"https:\/\/www.eluniverso.com\/entretenimiento\/cultura\/arte-femenino-sustituye-publicidad-en-pantallas-led-de-la-ciudad-con-una-exposicion-que-reivindica-su-presencia-en-el-espacio-publico-nota\/\">https:\/\/www.eluniverso.com\/entretenimiento\/cultura\/arte-femenino-sustituye-publicidad-en-pantallas-led-de-la-ciudad-con-una-exposicion-que-reivindica-su-presencia-en-el-espacio-publico-nota\/<\/a><\/p>\n\n\n\n<p>En im\u00e1genes (cortes\u00eda se\u00f1ala el rotativo): Diana Gardeneira junto algunas de las artistas que son parte del proyecto. Obra <em>Shaskya a black girl,<\/em> de Shaskya Hurtado. Y, la curadora en la presentaci\u00f3n del proyecto.  <\/p>\n","protected":false},"excerpt":{"rendered":"<p>Ochenta y dos obras de 51 artistas forman parte de la propuesta, compuesta por las muestras \u201cMe veo, luego existo\u201d y \u201cRelatos c\u00f3smicos\u201d. La docente UArtes, quien es artista visual y gestora cultural, trabaj\u00f3 m\u00e1s de un a\u00f1o en su concepci\u00f3n y desarrollo, teniendo como eje la visibilizaci\u00f3n del arte femenino desde lo femenino. \u201cCreo que es ideal salir al espacio p\u00fablico e ir tom\u00e1ndonos otros lugares\u201d, se\u00f1al\u00f3.<\/p>\n","protected":false},"author":10,"featured_media":16544,"comment_status":"open","ping_status":"open","sticky":false,"template":"","format":"standard","meta":{"_acf_changed":false,"_uag_custom_page_level_css":"","_monsterinsights_skip_tracking":false,"_monsterinsights_sitenote_active":false,"_monsterinsights_sitenote_note":"","_monsterinsights_sitenote_category":0,"cybocfi_hide_featured_image":"","footnotes":""},"categories":[82,157],"tags":[540],"infouartes":[],"class_list":["post-16543","post","type-post","status-publish","format-standard","has-post-thumbnail","hentry","category-artes","category-artes-visuales","tag-proyecto"],"acf":[],"yoast_head":"<!-- This site is optimized with the Yoast SEO plugin v27.4 - https:\/\/yoast.com\/product\/yoast-seo-wordpress\/ -->\n<title>Universidad de las Artes - Galer\u00eda Urbana sustituye con arte femenino publicidad en pantallas ledes; Diana Gardeneira, curadora<\/title>\n<meta name=\"description\" content=\"Universidad de las Artes - Galer\u00eda Urbana sustituye con arte femenino publicidad en pantallas ledes; Diana Gardeneira, curadora\" \/>\n<meta name=\"robots\" content=\"index, follow, max-snippet:-1, max-image-preview:large, max-video-preview:-1\" \/>\n<link rel=\"canonical\" href=\"https:\/\/www.uartes.edu.ec\/sitio\/blog\/2021\/10\/29\/diana-gardeneira-es-la-curadora-de-galeria-urbana-proyecto-que-sustituye-con-arte-femenino-publicidad-en-pantallas-ledes\/\" \/>\n<meta property=\"og:locale\" content=\"es_ES\" \/>\n<meta property=\"og:type\" content=\"article\" \/>\n<meta property=\"og:title\" content=\"Universidad de las Artes - Galer\u00eda Urbana sustituye con arte femenino publicidad en pantallas ledes; Diana Gardeneira, curadora\" \/>\n<meta property=\"og:description\" content=\"Universidad de las Artes - Galer\u00eda Urbana sustituye con arte femenino publicidad en pantallas ledes; Diana Gardeneira, curadora\" \/>\n<meta property=\"og:url\" content=\"https:\/\/www.uartes.edu.ec\/sitio\/blog\/2021\/10\/29\/diana-gardeneira-es-la-curadora-de-galeria-urbana-proyecto-que-sustituye-con-arte-femenino-publicidad-en-pantallas-ledes\/\" \/>\n<meta property=\"og:site_name\" content=\"Universidad de las Artes\" \/>\n<meta property=\"article:publisher\" content=\"https:\/\/www.facebook.com\/uartesec\" \/>\n<meta property=\"article:published_time\" content=\"2021-10-29T17:23:00+00:00\" \/>\n<meta property=\"article:modified_time\" content=\"2024-07-04T16:25:26+00:00\" \/>\n<meta property=\"og:image\" content=\"https:\/\/www.uartes.edu.ec\/sitio\/wp-content\/uploads\/2021\/11\/COY2.webp\" \/>\n\t<meta property=\"og:image:width\" content=\"2000\" \/>\n\t<meta property=\"og:image:height\" content=\"1333\" \/>\n\t<meta property=\"og:image:type\" content=\"image\/webp\" \/>\n<meta name=\"author\" content=\"ccortez\" \/>\n<meta name=\"twitter:card\" content=\"summary_large_image\" \/>\n<meta name=\"twitter:creator\" content=\"@uartesec\" \/>\n<meta name=\"twitter:site\" content=\"@uartesec\" \/>\n<meta name=\"twitter:label1\" content=\"Escrito por\" \/>\n\t<meta name=\"twitter:data1\" content=\"ccortez\" \/>\n\t<meta name=\"twitter:label2\" content=\"Tiempo de lectura\" \/>\n\t<meta name=\"twitter:data2\" content=\"4 minutos\" \/>\n<script type=\"application\/ld+json\" class=\"yoast-schema-graph\">{\"@context\":\"https:\\\/\\\/schema.org\",\"@graph\":[{\"@type\":\"Article\",\"@id\":\"https:\\\/\\\/www.uartes.edu.ec\\\/sitio\\\/blog\\\/2021\\\/10\\\/29\\\/diana-gardeneira-es-la-curadora-de-galeria-urbana-proyecto-que-sustituye-con-arte-femenino-publicidad-en-pantallas-ledes\\\/#article\",\"isPartOf\":{\"@id\":\"https:\\\/\\\/www.uartes.edu.ec\\\/sitio\\\/blog\\\/2021\\\/10\\\/29\\\/diana-gardeneira-es-la-curadora-de-galeria-urbana-proyecto-que-sustituye-con-arte-femenino-publicidad-en-pantallas-ledes\\\/\"},\"author\":{\"name\":\"ccortez\",\"@id\":\"https:\\\/\\\/www.uartes.edu.ec\\\/sitio\\\/#\\\/schema\\\/person\\\/efa1b8275797664fd7f13a79ccc0b1f4\"},\"headline\":\"Galer\u00eda Urbana sustituye con arte femenino publicidad en pantallas ledes; Diana Gardeneira, curadora\",\"datePublished\":\"2021-10-29T17:23:00+00:00\",\"dateModified\":\"2024-07-04T16:25:26+00:00\",\"mainEntityOfPage\":{\"@id\":\"https:\\\/\\\/www.uartes.edu.ec\\\/sitio\\\/blog\\\/2021\\\/10\\\/29\\\/diana-gardeneira-es-la-curadora-de-galeria-urbana-proyecto-que-sustituye-con-arte-femenino-publicidad-en-pantallas-ledes\\\/\"},\"wordCount\":736,\"commentCount\":0,\"publisher\":{\"@id\":\"https:\\\/\\\/www.uartes.edu.ec\\\/sitio\\\/#organization\"},\"image\":{\"@id\":\"https:\\\/\\\/www.uartes.edu.ec\\\/sitio\\\/blog\\\/2021\\\/10\\\/29\\\/diana-gardeneira-es-la-curadora-de-galeria-urbana-proyecto-que-sustituye-con-arte-femenino-publicidad-en-pantallas-ledes\\\/#primaryimage\"},\"thumbnailUrl\":\"https:\\\/\\\/www.uartes.edu.ec\\\/sitio\\\/wp-content\\\/uploads\\\/2021\\\/11\\\/COY2.webp\",\"keywords\":[\"proyecto\"],\"articleSection\":[\"Artes\",\"Artes Visuales\"],\"inLanguage\":\"es\",\"potentialAction\":[{\"@type\":\"CommentAction\",\"name\":\"Comment\",\"target\":[\"https:\\\/\\\/www.uartes.edu.ec\\\/sitio\\\/blog\\\/2021\\\/10\\\/29\\\/diana-gardeneira-es-la-curadora-de-galeria-urbana-proyecto-que-sustituye-con-arte-femenino-publicidad-en-pantallas-ledes\\\/#respond\"]}]},{\"@type\":[\"WebPage\",\"ItemPage\"],\"@id\":\"https:\\\/\\\/www.uartes.edu.ec\\\/sitio\\\/blog\\\/2021\\\/10\\\/29\\\/diana-gardeneira-es-la-curadora-de-galeria-urbana-proyecto-que-sustituye-con-arte-femenino-publicidad-en-pantallas-ledes\\\/\",\"url\":\"https:\\\/\\\/www.uartes.edu.ec\\\/sitio\\\/blog\\\/2021\\\/10\\\/29\\\/diana-gardeneira-es-la-curadora-de-galeria-urbana-proyecto-que-sustituye-con-arte-femenino-publicidad-en-pantallas-ledes\\\/\",\"name\":\"Universidad de las Artes - Galer\u00eda Urbana sustituye con arte femenino publicidad en pantallas ledes; Diana Gardeneira, curadora\",\"isPartOf\":{\"@id\":\"https:\\\/\\\/www.uartes.edu.ec\\\/sitio\\\/#website\"},\"primaryImageOfPage\":{\"@id\":\"https:\\\/\\\/www.uartes.edu.ec\\\/sitio\\\/blog\\\/2021\\\/10\\\/29\\\/diana-gardeneira-es-la-curadora-de-galeria-urbana-proyecto-que-sustituye-con-arte-femenino-publicidad-en-pantallas-ledes\\\/#primaryimage\"},\"image\":{\"@id\":\"https:\\\/\\\/www.uartes.edu.ec\\\/sitio\\\/blog\\\/2021\\\/10\\\/29\\\/diana-gardeneira-es-la-curadora-de-galeria-urbana-proyecto-que-sustituye-con-arte-femenino-publicidad-en-pantallas-ledes\\\/#primaryimage\"},\"thumbnailUrl\":\"https:\\\/\\\/www.uartes.edu.ec\\\/sitio\\\/wp-content\\\/uploads\\\/2021\\\/11\\\/COY2.webp\",\"datePublished\":\"2021-10-29T17:23:00+00:00\",\"dateModified\":\"2024-07-04T16:25:26+00:00\",\"description\":\"Universidad de las Artes - Galer\u00eda Urbana sustituye con arte femenino publicidad en pantallas ledes; Diana Gardeneira, curadora\",\"breadcrumb\":{\"@id\":\"https:\\\/\\\/www.uartes.edu.ec\\\/sitio\\\/blog\\\/2021\\\/10\\\/29\\\/diana-gardeneira-es-la-curadora-de-galeria-urbana-proyecto-que-sustituye-con-arte-femenino-publicidad-en-pantallas-ledes\\\/#breadcrumb\"},\"inLanguage\":\"es\",\"potentialAction\":[{\"@type\":\"ReadAction\",\"target\":[\"https:\\\/\\\/www.uartes.edu.ec\\\/sitio\\\/blog\\\/2021\\\/10\\\/29\\\/diana-gardeneira-es-la-curadora-de-galeria-urbana-proyecto-que-sustituye-con-arte-femenino-publicidad-en-pantallas-ledes\\\/\"]}]},{\"@type\":\"ImageObject\",\"inLanguage\":\"es\",\"@id\":\"https:\\\/\\\/www.uartes.edu.ec\\\/sitio\\\/blog\\\/2021\\\/10\\\/29\\\/diana-gardeneira-es-la-curadora-de-galeria-urbana-proyecto-que-sustituye-con-arte-femenino-publicidad-en-pantallas-ledes\\\/#primaryimage\",\"url\":\"https:\\\/\\\/www.uartes.edu.ec\\\/sitio\\\/wp-content\\\/uploads\\\/2021\\\/11\\\/COY2.webp\",\"contentUrl\":\"https:\\\/\\\/www.uartes.edu.ec\\\/sitio\\\/wp-content\\\/uploads\\\/2021\\\/11\\\/COY2.webp\",\"width\":2000,\"height\":1333},{\"@type\":\"BreadcrumbList\",\"@id\":\"https:\\\/\\\/www.uartes.edu.ec\\\/sitio\\\/blog\\\/2021\\\/10\\\/29\\\/diana-gardeneira-es-la-curadora-de-galeria-urbana-proyecto-que-sustituye-con-arte-femenino-publicidad-en-pantallas-ledes\\\/#breadcrumb\",\"itemListElement\":[{\"@type\":\"ListItem\",\"position\":1,\"name\":\"Inicio\",\"item\":\"https:\\\/\\\/www.uartes.edu.ec\\\/sitio\\\/\"},{\"@type\":\"ListItem\",\"position\":2,\"name\":\"Galer\u00eda Urbana sustituye con arte femenino publicidad en pantallas ledes; Diana Gardeneira, curadora\"}]},{\"@type\":\"WebSite\",\"@id\":\"https:\\\/\\\/www.uartes.edu.ec\\\/sitio\\\/#website\",\"url\":\"https:\\\/\\\/www.uartes.edu.ec\\\/sitio\\\/\",\"name\":\"Universidad de las Artes\",\"description\":\"Sitio oficial de la Universidad Nacional de las Artes del Ecuador\",\"publisher\":{\"@id\":\"https:\\\/\\\/www.uartes.edu.ec\\\/sitio\\\/#organization\"},\"potentialAction\":[{\"@type\":\"SearchAction\",\"target\":{\"@type\":\"EntryPoint\",\"urlTemplate\":\"https:\\\/\\\/www.uartes.edu.ec\\\/sitio\\\/?s={search_term_string}\"},\"query-input\":{\"@type\":\"PropertyValueSpecification\",\"valueRequired\":true,\"valueName\":\"search_term_string\"}}],\"inLanguage\":\"es\"},{\"@type\":\"Organization\",\"@id\":\"https:\\\/\\\/www.uartes.edu.ec\\\/sitio\\\/#organization\",\"name\":\"Universidad de las Artes\",\"url\":\"https:\\\/\\\/www.uartes.edu.ec\\\/sitio\\\/\",\"logo\":{\"@type\":\"ImageObject\",\"inLanguage\":\"es\",\"@id\":\"https:\\\/\\\/www.uartes.edu.ec\\\/sitio\\\/#\\\/schema\\\/logo\\\/image\\\/\",\"url\":\"https:\\\/\\\/www.uartes.edu.ec\\\/sitio\\\/wp-content\\\/uploads\\\/2022\\\/07\\\/logo-ua-horizontal.png\",\"contentUrl\":\"https:\\\/\\\/www.uartes.edu.ec\\\/sitio\\\/wp-content\\\/uploads\\\/2022\\\/07\\\/logo-ua-horizontal.png\",\"width\":800,\"height\":276,\"caption\":\"Universidad de las Artes\"},\"image\":{\"@id\":\"https:\\\/\\\/www.uartes.edu.ec\\\/sitio\\\/#\\\/schema\\\/logo\\\/image\\\/\"},\"sameAs\":[\"https:\\\/\\\/www.facebook.com\\\/uartesec\",\"https:\\\/\\\/x.com\\\/uartesec\",\"https:\\\/\\\/www.tiktok.com\\\/@uartesec\"]},{\"@type\":\"Person\",\"@id\":\"https:\\\/\\\/www.uartes.edu.ec\\\/sitio\\\/#\\\/schema\\\/person\\\/efa1b8275797664fd7f13a79ccc0b1f4\",\"name\":\"ccortez\",\"image\":{\"@type\":\"ImageObject\",\"inLanguage\":\"es\",\"@id\":\"https:\\\/\\\/secure.gravatar.com\\\/avatar\\\/b2a6f664a3ae8e074346ef91775736c5ec479e637ecced6842de9dc98b5da9cd?s=96&d=mm&r=g\",\"url\":\"https:\\\/\\\/secure.gravatar.com\\\/avatar\\\/b2a6f664a3ae8e074346ef91775736c5ec479e637ecced6842de9dc98b5da9cd?s=96&d=mm&r=g\",\"contentUrl\":\"https:\\\/\\\/secure.gravatar.com\\\/avatar\\\/b2a6f664a3ae8e074346ef91775736c5ec479e637ecced6842de9dc98b5da9cd?s=96&d=mm&r=g\",\"caption\":\"ccortez\"},\"url\":\"https:\\\/\\\/www.uartes.edu.ec\\\/sitio\\\/blog\\\/author\\\/ccortez\\\/\"}]}<\/script>\n<!-- \/ Yoast SEO plugin. -->","yoast_head_json":{"title":"Universidad de las Artes - Galer\u00eda Urbana sustituye con arte femenino publicidad en pantallas ledes; Diana Gardeneira, curadora","description":"Universidad de las Artes - Galer\u00eda Urbana sustituye con arte femenino publicidad en pantallas ledes; Diana Gardeneira, curadora","robots":{"index":"index","follow":"follow","max-snippet":"max-snippet:-1","max-image-preview":"max-image-preview:large","max-video-preview":"max-video-preview:-1"},"canonical":"https:\/\/www.uartes.edu.ec\/sitio\/blog\/2021\/10\/29\/diana-gardeneira-es-la-curadora-de-galeria-urbana-proyecto-que-sustituye-con-arte-femenino-publicidad-en-pantallas-ledes\/","og_locale":"es_ES","og_type":"article","og_title":"Universidad de las Artes - Galer\u00eda Urbana sustituye con arte femenino publicidad en pantallas ledes; Diana Gardeneira, curadora","og_description":"Universidad de las Artes - Galer\u00eda Urbana sustituye con arte femenino publicidad en pantallas ledes; Diana Gardeneira, curadora","og_url":"https:\/\/www.uartes.edu.ec\/sitio\/blog\/2021\/10\/29\/diana-gardeneira-es-la-curadora-de-galeria-urbana-proyecto-que-sustituye-con-arte-femenino-publicidad-en-pantallas-ledes\/","og_site_name":"Universidad de las Artes","article_publisher":"https:\/\/www.facebook.com\/uartesec","article_published_time":"2021-10-29T17:23:00+00:00","article_modified_time":"2024-07-04T16:25:26+00:00","og_image":[{"width":2000,"height":1333,"url":"https:\/\/www.uartes.edu.ec\/sitio\/wp-content\/uploads\/2021\/11\/COY2.webp","type":"image\/webp"}],"author":"ccortez","twitter_card":"summary_large_image","twitter_creator":"@uartesec","twitter_site":"@uartesec","twitter_misc":{"Escrito por":"ccortez","Tiempo de lectura":"4 minutos"},"schema":{"@context":"https:\/\/schema.org","@graph":[{"@type":"Article","@id":"https:\/\/www.uartes.edu.ec\/sitio\/blog\/2021\/10\/29\/diana-gardeneira-es-la-curadora-de-galeria-urbana-proyecto-que-sustituye-con-arte-femenino-publicidad-en-pantallas-ledes\/#article","isPartOf":{"@id":"https:\/\/www.uartes.edu.ec\/sitio\/blog\/2021\/10\/29\/diana-gardeneira-es-la-curadora-de-galeria-urbana-proyecto-que-sustituye-con-arte-femenino-publicidad-en-pantallas-ledes\/"},"author":{"name":"ccortez","@id":"https:\/\/www.uartes.edu.ec\/sitio\/#\/schema\/person\/efa1b8275797664fd7f13a79ccc0b1f4"},"headline":"Galer\u00eda Urbana sustituye con arte femenino publicidad en pantallas ledes; Diana Gardeneira, curadora","datePublished":"2021-10-29T17:23:00+00:00","dateModified":"2024-07-04T16:25:26+00:00","mainEntityOfPage":{"@id":"https:\/\/www.uartes.edu.ec\/sitio\/blog\/2021\/10\/29\/diana-gardeneira-es-la-curadora-de-galeria-urbana-proyecto-que-sustituye-con-arte-femenino-publicidad-en-pantallas-ledes\/"},"wordCount":736,"commentCount":0,"publisher":{"@id":"https:\/\/www.uartes.edu.ec\/sitio\/#organization"},"image":{"@id":"https:\/\/www.uartes.edu.ec\/sitio\/blog\/2021\/10\/29\/diana-gardeneira-es-la-curadora-de-galeria-urbana-proyecto-que-sustituye-con-arte-femenino-publicidad-en-pantallas-ledes\/#primaryimage"},"thumbnailUrl":"https:\/\/www.uartes.edu.ec\/sitio\/wp-content\/uploads\/2021\/11\/COY2.webp","keywords":["proyecto"],"articleSection":["Artes","Artes Visuales"],"inLanguage":"es","potentialAction":[{"@type":"CommentAction","name":"Comment","target":["https:\/\/www.uartes.edu.ec\/sitio\/blog\/2021\/10\/29\/diana-gardeneira-es-la-curadora-de-galeria-urbana-proyecto-que-sustituye-con-arte-femenino-publicidad-en-pantallas-ledes\/#respond"]}]},{"@type":["WebPage","ItemPage"],"@id":"https:\/\/www.uartes.edu.ec\/sitio\/blog\/2021\/10\/29\/diana-gardeneira-es-la-curadora-de-galeria-urbana-proyecto-que-sustituye-con-arte-femenino-publicidad-en-pantallas-ledes\/","url":"https:\/\/www.uartes.edu.ec\/sitio\/blog\/2021\/10\/29\/diana-gardeneira-es-la-curadora-de-galeria-urbana-proyecto-que-sustituye-con-arte-femenino-publicidad-en-pantallas-ledes\/","name":"Universidad de las Artes - Galer\u00eda Urbana sustituye con arte femenino publicidad en pantallas ledes; Diana Gardeneira, curadora","isPartOf":{"@id":"https:\/\/www.uartes.edu.ec\/sitio\/#website"},"primaryImageOfPage":{"@id":"https:\/\/www.uartes.edu.ec\/sitio\/blog\/2021\/10\/29\/diana-gardeneira-es-la-curadora-de-galeria-urbana-proyecto-que-sustituye-con-arte-femenino-publicidad-en-pantallas-ledes\/#primaryimage"},"image":{"@id":"https:\/\/www.uartes.edu.ec\/sitio\/blog\/2021\/10\/29\/diana-gardeneira-es-la-curadora-de-galeria-urbana-proyecto-que-sustituye-con-arte-femenino-publicidad-en-pantallas-ledes\/#primaryimage"},"thumbnailUrl":"https:\/\/www.uartes.edu.ec\/sitio\/wp-content\/uploads\/2021\/11\/COY2.webp","datePublished":"2021-10-29T17:23:00+00:00","dateModified":"2024-07-04T16:25:26+00:00","description":"Universidad de las Artes - Galer\u00eda Urbana sustituye con arte femenino publicidad en pantallas ledes; Diana Gardeneira, curadora","breadcrumb":{"@id":"https:\/\/www.uartes.edu.ec\/sitio\/blog\/2021\/10\/29\/diana-gardeneira-es-la-curadora-de-galeria-urbana-proyecto-que-sustituye-con-arte-femenino-publicidad-en-pantallas-ledes\/#breadcrumb"},"inLanguage":"es","potentialAction":[{"@type":"ReadAction","target":["https:\/\/www.uartes.edu.ec\/sitio\/blog\/2021\/10\/29\/diana-gardeneira-es-la-curadora-de-galeria-urbana-proyecto-que-sustituye-con-arte-femenino-publicidad-en-pantallas-ledes\/"]}]},{"@type":"ImageObject","inLanguage":"es","@id":"https:\/\/www.uartes.edu.ec\/sitio\/blog\/2021\/10\/29\/diana-gardeneira-es-la-curadora-de-galeria-urbana-proyecto-que-sustituye-con-arte-femenino-publicidad-en-pantallas-ledes\/#primaryimage","url":"https:\/\/www.uartes.edu.ec\/sitio\/wp-content\/uploads\/2021\/11\/COY2.webp","contentUrl":"https:\/\/www.uartes.edu.ec\/sitio\/wp-content\/uploads\/2021\/11\/COY2.webp","width":2000,"height":1333},{"@type":"BreadcrumbList","@id":"https:\/\/www.uartes.edu.ec\/sitio\/blog\/2021\/10\/29\/diana-gardeneira-es-la-curadora-de-galeria-urbana-proyecto-que-sustituye-con-arte-femenino-publicidad-en-pantallas-ledes\/#breadcrumb","itemListElement":[{"@type":"ListItem","position":1,"name":"Inicio","item":"https:\/\/www.uartes.edu.ec\/sitio\/"},{"@type":"ListItem","position":2,"name":"Galer\u00eda Urbana sustituye con arte femenino publicidad en pantallas ledes; Diana Gardeneira, curadora"}]},{"@type":"WebSite","@id":"https:\/\/www.uartes.edu.ec\/sitio\/#website","url":"https:\/\/www.uartes.edu.ec\/sitio\/","name":"Universidad de las Artes","description":"Sitio oficial de la Universidad Nacional de las Artes del Ecuador","publisher":{"@id":"https:\/\/www.uartes.edu.ec\/sitio\/#organization"},"potentialAction":[{"@type":"SearchAction","target":{"@type":"EntryPoint","urlTemplate":"https:\/\/www.uartes.edu.ec\/sitio\/?s={search_term_string}"},"query-input":{"@type":"PropertyValueSpecification","valueRequired":true,"valueName":"search_term_string"}}],"inLanguage":"es"},{"@type":"Organization","@id":"https:\/\/www.uartes.edu.ec\/sitio\/#organization","name":"Universidad de las Artes","url":"https:\/\/www.uartes.edu.ec\/sitio\/","logo":{"@type":"ImageObject","inLanguage":"es","@id":"https:\/\/www.uartes.edu.ec\/sitio\/#\/schema\/logo\/image\/","url":"https:\/\/www.uartes.edu.ec\/sitio\/wp-content\/uploads\/2022\/07\/logo-ua-horizontal.png","contentUrl":"https:\/\/www.uartes.edu.ec\/sitio\/wp-content\/uploads\/2022\/07\/logo-ua-horizontal.png","width":800,"height":276,"caption":"Universidad de las Artes"},"image":{"@id":"https:\/\/www.uartes.edu.ec\/sitio\/#\/schema\/logo\/image\/"},"sameAs":["https:\/\/www.facebook.com\/uartesec","https:\/\/x.com\/uartesec","https:\/\/www.tiktok.com\/@uartesec"]},{"@type":"Person","@id":"https:\/\/www.uartes.edu.ec\/sitio\/#\/schema\/person\/efa1b8275797664fd7f13a79ccc0b1f4","name":"ccortez","image":{"@type":"ImageObject","inLanguage":"es","@id":"https:\/\/secure.gravatar.com\/avatar\/b2a6f664a3ae8e074346ef91775736c5ec479e637ecced6842de9dc98b5da9cd?s=96&d=mm&r=g","url":"https:\/\/secure.gravatar.com\/avatar\/b2a6f664a3ae8e074346ef91775736c5ec479e637ecced6842de9dc98b5da9cd?s=96&d=mm&r=g","contentUrl":"https:\/\/secure.gravatar.com\/avatar\/b2a6f664a3ae8e074346ef91775736c5ec479e637ecced6842de9dc98b5da9cd?s=96&d=mm&r=g","caption":"ccortez"},"url":"https:\/\/www.uartes.edu.ec\/sitio\/blog\/author\/ccortez\/"}]}},"uagb_featured_image_src":{"full":["https:\/\/www.uartes.edu.ec\/sitio\/wp-content\/uploads\/2021\/11\/COY2.webp",2000,1333,false],"thumbnail":["https:\/\/www.uartes.edu.ec\/sitio\/wp-content\/uploads\/2021\/11\/COY2.webp",150,100,false],"medium":["https:\/\/www.uartes.edu.ec\/sitio\/wp-content\/uploads\/2021\/11\/COY2.webp",300,200,false],"medium_large":["https:\/\/www.uartes.edu.ec\/sitio\/wp-content\/uploads\/2021\/11\/COY2.webp",768,512,false],"large":["https:\/\/www.uartes.edu.ec\/sitio\/wp-content\/uploads\/2021\/11\/COY2.webp",644,429,false],"1536x1536":["https:\/\/www.uartes.edu.ec\/sitio\/wp-content\/uploads\/2021\/11\/COY2.webp",1536,1024,false],"2048x2048":["https:\/\/www.uartes.edu.ec\/sitio\/wp-content\/uploads\/2021\/11\/COY2.webp",2000,1333,false],"trp-custom-language-flag":["https:\/\/www.uartes.edu.ec\/sitio\/wp-content\/uploads\/2021\/11\/COY2.webp",18,12,false],"htmega_size_585x295":["https:\/\/www.uartes.edu.ec\/sitio\/wp-content\/uploads\/2021\/11\/COY2.webp",443,295,false],"htmega_size_1170x536":["https:\/\/www.uartes.edu.ec\/sitio\/wp-content\/uploads\/2021\/11\/COY2.webp",804,536,false],"htmega_size_396x360":["https:\/\/www.uartes.edu.ec\/sitio\/wp-content\/uploads\/2021\/11\/COY2.webp",396,264,false],"gb-block-post-grid-landscape":["https:\/\/www.uartes.edu.ec\/sitio\/wp-content\/uploads\/2021\/11\/COY2.webp",600,400,false],"gb-block-post-grid-square":["https:\/\/www.uartes.edu.ec\/sitio\/wp-content\/uploads\/2021\/11\/COY2.webp",600,400,false],"university-hub-thumb":["https:\/\/www.uartes.edu.ec\/sitio\/wp-content\/uploads\/2021\/11\/COY2.webp",400,267,false],"mailpoet_newsletter_max":["https:\/\/www.uartes.edu.ec\/sitio\/wp-content\/uploads\/2021\/11\/COY2.webp",1320,880,false]},"uagb_author_info":{"display_name":"ccortez","author_link":"https:\/\/www.uartes.edu.ec\/sitio\/blog\/author\/ccortez\/"},"uagb_comment_info":0,"uagb_excerpt":"Ochenta y dos obras de 51 artistas forman parte de la propuesta, compuesta por las muestras \u201cMe veo, luego existo\u201d y \u201cRelatos c\u00f3smicos\u201d. La docente UArtes, quien es artista visual y gestora cultural, trabaj\u00f3 m\u00e1s de un a\u00f1o en su concepci\u00f3n y desarrollo, teniendo como eje la visibilizaci\u00f3n del arte femenino desde lo femenino. \u201cCreo&hellip;","featured_image_src":"https:\/\/www.uartes.edu.ec\/sitio\/wp-content\/uploads\/2021\/11\/COY2.webp","featured_image_src_square":"https:\/\/www.uartes.edu.ec\/sitio\/wp-content\/uploads\/2021\/11\/COY2.webp","author_info":{"display_name":"ccortez","author_link":"https:\/\/www.uartes.edu.ec\/sitio\/blog\/author\/ccortez\/"},"publishpress_future_workflow_manual_trigger":{"enabledWorkflows":[]},"distributor_meta":false,"distributor_terms":false,"distributor_media":false,"distributor_original_site_name":"Universidad de las Artes","distributor_original_site_url":"https:\/\/www.uartes.edu.ec\/sitio","push-errors":false,"_links":{"self":[{"href":"https:\/\/www.uartes.edu.ec\/sitio\/wp-json\/wp\/v2\/posts\/16543","targetHints":{"allow":["GET"]}}],"collection":[{"href":"https:\/\/www.uartes.edu.ec\/sitio\/wp-json\/wp\/v2\/posts"}],"about":[{"href":"https:\/\/www.uartes.edu.ec\/sitio\/wp-json\/wp\/v2\/types\/post"}],"author":[{"embeddable":true,"href":"https:\/\/www.uartes.edu.ec\/sitio\/wp-json\/wp\/v2\/users\/10"}],"replies":[{"embeddable":true,"href":"https:\/\/www.uartes.edu.ec\/sitio\/wp-json\/wp\/v2\/comments?post=16543"}],"version-history":[{"count":4,"href":"https:\/\/www.uartes.edu.ec\/sitio\/wp-json\/wp\/v2\/posts\/16543\/revisions"}],"predecessor-version":[{"id":47427,"href":"https:\/\/www.uartes.edu.ec\/sitio\/wp-json\/wp\/v2\/posts\/16543\/revisions\/47427"}],"wp:featuredmedia":[{"embeddable":true,"href":"https:\/\/www.uartes.edu.ec\/sitio\/wp-json\/wp\/v2\/media\/16544"}],"wp:attachment":[{"href":"https:\/\/www.uartes.edu.ec\/sitio\/wp-json\/wp\/v2\/media?parent=16543"}],"wp:term":[{"taxonomy":"category","embeddable":true,"href":"https:\/\/www.uartes.edu.ec\/sitio\/wp-json\/wp\/v2\/categories?post=16543"},{"taxonomy":"post_tag","embeddable":true,"href":"https:\/\/www.uartes.edu.ec\/sitio\/wp-json\/wp\/v2\/tags?post=16543"},{"taxonomy":"infouartes","embeddable":true,"href":"https:\/\/www.uartes.edu.ec\/sitio\/wp-json\/wp\/v2\/infouartes?post=16543"}],"curies":[{"name":"wp","href":"https:\/\/api.w.org\/{rel}","templated":true}]}}