{"id":16548,"date":"2021-11-04T13:29:00","date_gmt":"2021-11-04T18:29:00","guid":{"rendered":"http:\/\/www.uartes.edu.ec\/sitio\/?p=16548"},"modified":"2024-07-04T11:25:26","modified_gmt":"2024-07-04T16:25:26","slug":"la-uartes-graduara-el-11-de-diciembre-a-sus-alumnos-de-pre-y-posgrado-en-acto-presencial","status":"publish","type":"post","link":"https:\/\/www.uartes.edu.ec\/sitio\/blog\/2021\/11\/04\/la-uartes-graduara-el-11-de-diciembre-a-sus-alumnos-de-pre-y-posgrado-en-acto-presencial\/","title":{"rendered":"La UArtes graduar\u00e1 el 11 de diciembre a sus alumnos de pre y posgrado en ceremonia presencial"},"content":{"rendered":"\n<p>Con la llegada de noviembre los preparativos para la ceremonia de graduaci\u00f3n se aceleran. Tendr\u00e1 lugar el 11 de diciembre pr\u00f3ximo y, a diferencia del a\u00f1o anterior, ser\u00e1 presencial, adoptando eso s\u00ed todas las medidas de bioseguridad necesarias. Mar\u00eda Jos\u00e9 Bustos, secretaria Acad\u00e9mica de la Universidad de las Artes, indica que recibir\u00e1n el t\u00edtulo de licenciados los estudiantes matriculados en el periodo del segundo semestre de 2020 y del primero de 2021.<\/p>\n\n\n\n<p>De este a\u00f1o son 65 de las siete licenciaturas y del a\u00f1o pasado 64, dando un total de 129 estudiantes de pregrado en titularse. Tambi\u00e9n recibir\u00e1n su diploma los alumnos de posgrado, cuyo n\u00famero tentativo es 44. Bustos hace hincapi\u00e9 en el t\u00e9rmino \u201ctentativo\u201d, puesto que no todos han defendido sus trabajos finales. Entonces, son, aproximadamente, 173 los alumnos que integrar\u00e1n la cohorte de graduados este 2021.<\/p>\n\n\n\n<p>De los de pregrado, Bustos detalla que de Artes Musicales son 20 los que se titular\u00e1n, de Producci\u00f3n Musical 32, de Artes Visuales 21, de Cine 22, de Literatura 18, de Creaci\u00f3n Teatral 13 y de Danza 3, constituyendo esta la primera cohorte de esa carrera de la Escuela de Artes Esc\u00e9nicas.<\/p>\n\n\n\n<p>Son tres las graduadas: Angie Gallegillos, Darashea Toala y Tamia S\u00e1nchez, y solo tres debido al tiempo en que la carrera empez\u00f3 y porque hay que considerar tambi\u00e9n que para ingresar a la Unidad de Titulaci\u00f3n se deben cumplir con requisitos previos y no todos los estudiantes los han cumplido. La carrera de Danza es m\u00e1s pr\u00e1ctica que te\u00f3rica, entonces los alumnos no han tomado a tiempo, por ejemplo, el examen de suficiencia de idiomas. Era la carrera m\u00e1s joven de la universidad, explica Bustos y agrega que en Danza hay en la actualidad 138 estudiantes en los diferentes niveles.<\/p>\n\n\n\n<p>Desde su creaci\u00f3n e inicio de actividades, la Universidad de las Artes ha graduado en pregrado a 432 estudiantes.<\/p>\n\n\n\n<figure class=\"wp-block-image size-full\"><img fetchpriority=\"high\" decoding=\"async\" width=\"2000\" height=\"1333\" src=\"http:\/\/www.uartes.edu.ec\/sitio\/wp-content\/uploads\/2021\/11\/ESCUELA-DE-LITERATURA-2-1.webp\" alt=\"\" class=\"wp-image-16549\" \/><\/figure>\n\n\n\n<p>Con respecto a la ceremonia, la Secretaria Acad\u00e9mica de la UArtes revela que es m\u00e1s una entrega de diplomas con la solemnidad y el reconocimiento que la universidad hace a sus estudiantes por culminar su preparaci\u00f3n acad\u00e9mica. Recuerda que, como en a\u00f1os anteriores, durante la semana en que se realizar\u00e1 el acto de han programado diferentes actividades en el Centro de Producci\u00f3n e Innovaci\u00f3n MZ14, a fin de mostrar a la comunidad universitaria y al p\u00fablico en general los trabajos de titulaci\u00f3n de los graduados. As\u00ed, habr\u00e1 exposiciones de Artes Visuales, presentaciones de Artes Sonoras, Artes Esc\u00e9nicas, Cine y Literatura.<\/p>\n\n\n\n<p>Reiterando que se adoptar\u00e1n todas las medidas de bioseguridad pertinentes, Bustos indica que ser\u00e1 una fiesta de retorno a la presencialidad.<\/p>\n\n\n\n<p>En im\u00e1genes, estudiantes de la cohorte del a\u00f1o pasado. Arriba, de la Escuela de Artes Esc\u00e9nicas. Sobre estas l\u00edneas, de Literatura.<\/p>\n","protected":false},"excerpt":{"rendered":"<p>Con la llegada de noviembre los preparativos para la ceremonia de graduaci\u00f3n se aceleran. Tendr\u00e1 lugar el 11 de diciembre pr\u00f3ximo y, a diferencia del a\u00f1o anterior, ser\u00e1 presencial, adoptando eso s\u00ed todas las medidas de bioseguridad necesarias. Mar\u00eda Jos\u00e9 Bustos, secretaria Acad\u00e9mica de la Universidad de las Artes, indica que recibir\u00e1n el t\u00edtulo de licenciados los estudiantes matriculados en el periodo del segundo semestre de 2020 y del primero de 2021. <\/p>\n","protected":false},"author":10,"featured_media":16550,"comment_status":"open","ping_status":"open","sticky":false,"template":"","format":"standard","meta":{"_acf_changed":false,"_uag_custom_page_level_css":"","_monsterinsights_skip_tracking":false,"_monsterinsights_sitenote_active":false,"_monsterinsights_sitenote_note":"","_monsterinsights_sitenote_category":0,"cybocfi_hide_featured_image":"","footnotes":""},"categories":[159,150,157,147,76,175],"tags":[541],"infouartes":[],"class_list":["post-16548","post","type-post","status-publish","format-standard","has-post-thumbnail","hentry","category-artes-escenicas","category-artes-sonoras","category-artes-visuales","category-cine","category-estudiantes","category-literatura","tag-ceremonia"],"acf":[],"yoast_head":"<!-- This site is optimized with the Yoast SEO plugin v27.4 - https:\/\/yoast.com\/product\/yoast-seo-wordpress\/ -->\n<title>Universidad de las Artes - La UArtes graduar\u00e1 el 11 de diciembre a sus alumnos de pre y posgrado en ceremonia presencial<\/title>\n<meta name=\"description\" content=\"Universidad de las Artes - La UArtes graduar\u00e1 el 11 de diciembre a sus alumnos de pre y posgrado en ceremonia presencial\" \/>\n<meta name=\"robots\" content=\"index, follow, max-snippet:-1, max-image-preview:large, max-video-preview:-1\" \/>\n<link rel=\"canonical\" href=\"https:\/\/www.uartes.edu.ec\/sitio\/blog\/2021\/11\/04\/la-uartes-graduara-el-11-de-diciembre-a-sus-alumnos-de-pre-y-posgrado-en-acto-presencial\/\" \/>\n<meta property=\"og:locale\" content=\"es_ES\" \/>\n<meta property=\"og:type\" content=\"article\" \/>\n<meta property=\"og:title\" content=\"Universidad de las Artes - La UArtes graduar\u00e1 el 11 de diciembre a sus alumnos de pre y posgrado en ceremonia presencial\" \/>\n<meta property=\"og:description\" content=\"Universidad de las Artes - La UArtes graduar\u00e1 el 11 de diciembre a sus alumnos de pre y posgrado en ceremonia presencial\" \/>\n<meta property=\"og:url\" content=\"https:\/\/www.uartes.edu.ec\/sitio\/blog\/2021\/11\/04\/la-uartes-graduara-el-11-de-diciembre-a-sus-alumnos-de-pre-y-posgrado-en-acto-presencial\/\" \/>\n<meta property=\"og:site_name\" content=\"Universidad de las Artes\" \/>\n<meta property=\"article:publisher\" content=\"https:\/\/www.facebook.com\/uartesec\" \/>\n<meta property=\"article:published_time\" content=\"2021-11-04T18:29:00+00:00\" \/>\n<meta property=\"article:modified_time\" content=\"2024-07-04T16:25:26+00:00\" \/>\n<meta property=\"og:image\" content=\"https:\/\/www.uartes.edu.ec\/sitio\/wp-content\/uploads\/2021\/11\/ESCUELA-DE-ARTES-ESCENICAS.webp\" \/>\n\t<meta property=\"og:image:width\" content=\"2000\" \/>\n\t<meta property=\"og:image:height\" content=\"1333\" \/>\n\t<meta property=\"og:image:type\" content=\"image\/webp\" \/>\n<meta name=\"author\" content=\"ccortez\" \/>\n<meta name=\"twitter:card\" content=\"summary_large_image\" \/>\n<meta name=\"twitter:creator\" content=\"@uartesec\" \/>\n<meta name=\"twitter:site\" content=\"@uartesec\" \/>\n<meta name=\"twitter:label1\" content=\"Escrito por\" \/>\n\t<meta name=\"twitter:data1\" content=\"ccortez\" \/>\n\t<meta name=\"twitter:label2\" content=\"Tiempo de lectura\" \/>\n\t<meta name=\"twitter:data2\" content=\"3 minutos\" \/>\n<script type=\"application\/ld+json\" class=\"yoast-schema-graph\">{\"@context\":\"https:\\\/\\\/schema.org\",\"@graph\":[{\"@type\":\"Article\",\"@id\":\"https:\\\/\\\/www.uartes.edu.ec\\\/sitio\\\/blog\\\/2021\\\/11\\\/04\\\/la-uartes-graduara-el-11-de-diciembre-a-sus-alumnos-de-pre-y-posgrado-en-acto-presencial\\\/#article\",\"isPartOf\":{\"@id\":\"https:\\\/\\\/www.uartes.edu.ec\\\/sitio\\\/blog\\\/2021\\\/11\\\/04\\\/la-uartes-graduara-el-11-de-diciembre-a-sus-alumnos-de-pre-y-posgrado-en-acto-presencial\\\/\"},\"author\":{\"name\":\"ccortez\",\"@id\":\"https:\\\/\\\/www.uartes.edu.ec\\\/sitio\\\/#\\\/schema\\\/person\\\/efa1b8275797664fd7f13a79ccc0b1f4\"},\"headline\":\"La UArtes graduar\u00e1 el 11 de diciembre a sus alumnos de pre y posgrado en ceremonia presencial\",\"datePublished\":\"2021-11-04T18:29:00+00:00\",\"dateModified\":\"2024-07-04T16:25:26+00:00\",\"mainEntityOfPage\":{\"@id\":\"https:\\\/\\\/www.uartes.edu.ec\\\/sitio\\\/blog\\\/2021\\\/11\\\/04\\\/la-uartes-graduara-el-11-de-diciembre-a-sus-alumnos-de-pre-y-posgrado-en-acto-presencial\\\/\"},\"wordCount\":491,\"commentCount\":0,\"publisher\":{\"@id\":\"https:\\\/\\\/www.uartes.edu.ec\\\/sitio\\\/#organization\"},\"image\":{\"@id\":\"https:\\\/\\\/www.uartes.edu.ec\\\/sitio\\\/blog\\\/2021\\\/11\\\/04\\\/la-uartes-graduara-el-11-de-diciembre-a-sus-alumnos-de-pre-y-posgrado-en-acto-presencial\\\/#primaryimage\"},\"thumbnailUrl\":\"https:\\\/\\\/www.uartes.edu.ec\\\/sitio\\\/wp-content\\\/uploads\\\/2021\\\/11\\\/ESCUELA-DE-ARTES-ESCENICAS.webp\",\"keywords\":[\"ceremonia\"],\"articleSection\":[\"Artes Esc\u00e9nicas\",\"Artes Sonoras\",\"Artes Visuales\",\"Cine\",\"Estudiantes\",\"Literatura\"],\"inLanguage\":\"es\",\"potentialAction\":[{\"@type\":\"CommentAction\",\"name\":\"Comment\",\"target\":[\"https:\\\/\\\/www.uartes.edu.ec\\\/sitio\\\/blog\\\/2021\\\/11\\\/04\\\/la-uartes-graduara-el-11-de-diciembre-a-sus-alumnos-de-pre-y-posgrado-en-acto-presencial\\\/#respond\"]}]},{\"@type\":[\"WebPage\",\"ItemPage\"],\"@id\":\"https:\\\/\\\/www.uartes.edu.ec\\\/sitio\\\/blog\\\/2021\\\/11\\\/04\\\/la-uartes-graduara-el-11-de-diciembre-a-sus-alumnos-de-pre-y-posgrado-en-acto-presencial\\\/\",\"url\":\"https:\\\/\\\/www.uartes.edu.ec\\\/sitio\\\/blog\\\/2021\\\/11\\\/04\\\/la-uartes-graduara-el-11-de-diciembre-a-sus-alumnos-de-pre-y-posgrado-en-acto-presencial\\\/\",\"name\":\"Universidad de las Artes - La UArtes graduar\u00e1 el 11 de diciembre a sus alumnos de pre y posgrado en ceremonia presencial\",\"isPartOf\":{\"@id\":\"https:\\\/\\\/www.uartes.edu.ec\\\/sitio\\\/#website\"},\"primaryImageOfPage\":{\"@id\":\"https:\\\/\\\/www.uartes.edu.ec\\\/sitio\\\/blog\\\/2021\\\/11\\\/04\\\/la-uartes-graduara-el-11-de-diciembre-a-sus-alumnos-de-pre-y-posgrado-en-acto-presencial\\\/#primaryimage\"},\"image\":{\"@id\":\"https:\\\/\\\/www.uartes.edu.ec\\\/sitio\\\/blog\\\/2021\\\/11\\\/04\\\/la-uartes-graduara-el-11-de-diciembre-a-sus-alumnos-de-pre-y-posgrado-en-acto-presencial\\\/#primaryimage\"},\"thumbnailUrl\":\"https:\\\/\\\/www.uartes.edu.ec\\\/sitio\\\/wp-content\\\/uploads\\\/2021\\\/11\\\/ESCUELA-DE-ARTES-ESCENICAS.webp\",\"datePublished\":\"2021-11-04T18:29:00+00:00\",\"dateModified\":\"2024-07-04T16:25:26+00:00\",\"description\":\"Universidad de las Artes - La UArtes graduar\u00e1 el 11 de diciembre a sus alumnos de pre y posgrado en ceremonia presencial\",\"breadcrumb\":{\"@id\":\"https:\\\/\\\/www.uartes.edu.ec\\\/sitio\\\/blog\\\/2021\\\/11\\\/04\\\/la-uartes-graduara-el-11-de-diciembre-a-sus-alumnos-de-pre-y-posgrado-en-acto-presencial\\\/#breadcrumb\"},\"inLanguage\":\"es\",\"potentialAction\":[{\"@type\":\"ReadAction\",\"target\":[\"https:\\\/\\\/www.uartes.edu.ec\\\/sitio\\\/blog\\\/2021\\\/11\\\/04\\\/la-uartes-graduara-el-11-de-diciembre-a-sus-alumnos-de-pre-y-posgrado-en-acto-presencial\\\/\"]}]},{\"@type\":\"ImageObject\",\"inLanguage\":\"es\",\"@id\":\"https:\\\/\\\/www.uartes.edu.ec\\\/sitio\\\/blog\\\/2021\\\/11\\\/04\\\/la-uartes-graduara-el-11-de-diciembre-a-sus-alumnos-de-pre-y-posgrado-en-acto-presencial\\\/#primaryimage\",\"url\":\"https:\\\/\\\/www.uartes.edu.ec\\\/sitio\\\/wp-content\\\/uploads\\\/2021\\\/11\\\/ESCUELA-DE-ARTES-ESCENICAS.webp\",\"contentUrl\":\"https:\\\/\\\/www.uartes.edu.ec\\\/sitio\\\/wp-content\\\/uploads\\\/2021\\\/11\\\/ESCUELA-DE-ARTES-ESCENICAS.webp\",\"width\":2000,\"height\":1333},{\"@type\":\"BreadcrumbList\",\"@id\":\"https:\\\/\\\/www.uartes.edu.ec\\\/sitio\\\/blog\\\/2021\\\/11\\\/04\\\/la-uartes-graduara-el-11-de-diciembre-a-sus-alumnos-de-pre-y-posgrado-en-acto-presencial\\\/#breadcrumb\",\"itemListElement\":[{\"@type\":\"ListItem\",\"position\":1,\"name\":\"Inicio\",\"item\":\"https:\\\/\\\/www.uartes.edu.ec\\\/sitio\\\/\"},{\"@type\":\"ListItem\",\"position\":2,\"name\":\"La UArtes graduar\u00e1 el 11 de diciembre a sus alumnos de pre y posgrado en ceremonia presencial\"}]},{\"@type\":\"WebSite\",\"@id\":\"https:\\\/\\\/www.uartes.edu.ec\\\/sitio\\\/#website\",\"url\":\"https:\\\/\\\/www.uartes.edu.ec\\\/sitio\\\/\",\"name\":\"Universidad de las Artes\",\"description\":\"Sitio oficial de la Universidad Nacional de las Artes del Ecuador\",\"publisher\":{\"@id\":\"https:\\\/\\\/www.uartes.edu.ec\\\/sitio\\\/#organization\"},\"potentialAction\":[{\"@type\":\"SearchAction\",\"target\":{\"@type\":\"EntryPoint\",\"urlTemplate\":\"https:\\\/\\\/www.uartes.edu.ec\\\/sitio\\\/?s={search_term_string}\"},\"query-input\":{\"@type\":\"PropertyValueSpecification\",\"valueRequired\":true,\"valueName\":\"search_term_string\"}}],\"inLanguage\":\"es\"},{\"@type\":\"Organization\",\"@id\":\"https:\\\/\\\/www.uartes.edu.ec\\\/sitio\\\/#organization\",\"name\":\"Universidad de las Artes\",\"url\":\"https:\\\/\\\/www.uartes.edu.ec\\\/sitio\\\/\",\"logo\":{\"@type\":\"ImageObject\",\"inLanguage\":\"es\",\"@id\":\"https:\\\/\\\/www.uartes.edu.ec\\\/sitio\\\/#\\\/schema\\\/logo\\\/image\\\/\",\"url\":\"https:\\\/\\\/www.uartes.edu.ec\\\/sitio\\\/wp-content\\\/uploads\\\/2022\\\/07\\\/logo-ua-horizontal.png\",\"contentUrl\":\"https:\\\/\\\/www.uartes.edu.ec\\\/sitio\\\/wp-content\\\/uploads\\\/2022\\\/07\\\/logo-ua-horizontal.png\",\"width\":800,\"height\":276,\"caption\":\"Universidad de las Artes\"},\"image\":{\"@id\":\"https:\\\/\\\/www.uartes.edu.ec\\\/sitio\\\/#\\\/schema\\\/logo\\\/image\\\/\"},\"sameAs\":[\"https:\\\/\\\/www.facebook.com\\\/uartesec\",\"https:\\\/\\\/x.com\\\/uartesec\",\"https:\\\/\\\/www.tiktok.com\\\/@uartesec\"]},{\"@type\":\"Person\",\"@id\":\"https:\\\/\\\/www.uartes.edu.ec\\\/sitio\\\/#\\\/schema\\\/person\\\/efa1b8275797664fd7f13a79ccc0b1f4\",\"name\":\"ccortez\",\"image\":{\"@type\":\"ImageObject\",\"inLanguage\":\"es\",\"@id\":\"https:\\\/\\\/secure.gravatar.com\\\/avatar\\\/b2a6f664a3ae8e074346ef91775736c5ec479e637ecced6842de9dc98b5da9cd?s=96&d=mm&r=g\",\"url\":\"https:\\\/\\\/secure.gravatar.com\\\/avatar\\\/b2a6f664a3ae8e074346ef91775736c5ec479e637ecced6842de9dc98b5da9cd?s=96&d=mm&r=g\",\"contentUrl\":\"https:\\\/\\\/secure.gravatar.com\\\/avatar\\\/b2a6f664a3ae8e074346ef91775736c5ec479e637ecced6842de9dc98b5da9cd?s=96&d=mm&r=g\",\"caption\":\"ccortez\"},\"url\":\"https:\\\/\\\/www.uartes.edu.ec\\\/sitio\\\/blog\\\/author\\\/ccortez\\\/\"}]}<\/script>\n<!-- \/ Yoast SEO plugin. -->","yoast_head_json":{"title":"Universidad de las Artes - La UArtes graduar\u00e1 el 11 de diciembre a sus alumnos de pre y posgrado en ceremonia presencial","description":"Universidad de las Artes - La UArtes graduar\u00e1 el 11 de diciembre a sus alumnos de pre y posgrado en ceremonia presencial","robots":{"index":"index","follow":"follow","max-snippet":"max-snippet:-1","max-image-preview":"max-image-preview:large","max-video-preview":"max-video-preview:-1"},"canonical":"https:\/\/www.uartes.edu.ec\/sitio\/blog\/2021\/11\/04\/la-uartes-graduara-el-11-de-diciembre-a-sus-alumnos-de-pre-y-posgrado-en-acto-presencial\/","og_locale":"es_ES","og_type":"article","og_title":"Universidad de las Artes - La UArtes graduar\u00e1 el 11 de diciembre a sus alumnos de pre y posgrado en ceremonia presencial","og_description":"Universidad de las Artes - La UArtes graduar\u00e1 el 11 de diciembre a sus alumnos de pre y posgrado en ceremonia presencial","og_url":"https:\/\/www.uartes.edu.ec\/sitio\/blog\/2021\/11\/04\/la-uartes-graduara-el-11-de-diciembre-a-sus-alumnos-de-pre-y-posgrado-en-acto-presencial\/","og_site_name":"Universidad de las Artes","article_publisher":"https:\/\/www.facebook.com\/uartesec","article_published_time":"2021-11-04T18:29:00+00:00","article_modified_time":"2024-07-04T16:25:26+00:00","og_image":[{"width":2000,"height":1333,"url":"https:\/\/www.uartes.edu.ec\/sitio\/wp-content\/uploads\/2021\/11\/ESCUELA-DE-ARTES-ESCENICAS.webp","type":"image\/webp"}],"author":"ccortez","twitter_card":"summary_large_image","twitter_creator":"@uartesec","twitter_site":"@uartesec","twitter_misc":{"Escrito por":"ccortez","Tiempo de lectura":"3 minutos"},"schema":{"@context":"https:\/\/schema.org","@graph":[{"@type":"Article","@id":"https:\/\/www.uartes.edu.ec\/sitio\/blog\/2021\/11\/04\/la-uartes-graduara-el-11-de-diciembre-a-sus-alumnos-de-pre-y-posgrado-en-acto-presencial\/#article","isPartOf":{"@id":"https:\/\/www.uartes.edu.ec\/sitio\/blog\/2021\/11\/04\/la-uartes-graduara-el-11-de-diciembre-a-sus-alumnos-de-pre-y-posgrado-en-acto-presencial\/"},"author":{"name":"ccortez","@id":"https:\/\/www.uartes.edu.ec\/sitio\/#\/schema\/person\/efa1b8275797664fd7f13a79ccc0b1f4"},"headline":"La UArtes graduar\u00e1 el 11 de diciembre a sus alumnos de pre y posgrado en ceremonia presencial","datePublished":"2021-11-04T18:29:00+00:00","dateModified":"2024-07-04T16:25:26+00:00","mainEntityOfPage":{"@id":"https:\/\/www.uartes.edu.ec\/sitio\/blog\/2021\/11\/04\/la-uartes-graduara-el-11-de-diciembre-a-sus-alumnos-de-pre-y-posgrado-en-acto-presencial\/"},"wordCount":491,"commentCount":0,"publisher":{"@id":"https:\/\/www.uartes.edu.ec\/sitio\/#organization"},"image":{"@id":"https:\/\/www.uartes.edu.ec\/sitio\/blog\/2021\/11\/04\/la-uartes-graduara-el-11-de-diciembre-a-sus-alumnos-de-pre-y-posgrado-en-acto-presencial\/#primaryimage"},"thumbnailUrl":"https:\/\/www.uartes.edu.ec\/sitio\/wp-content\/uploads\/2021\/11\/ESCUELA-DE-ARTES-ESCENICAS.webp","keywords":["ceremonia"],"articleSection":["Artes Esc\u00e9nicas","Artes Sonoras","Artes Visuales","Cine","Estudiantes","Literatura"],"inLanguage":"es","potentialAction":[{"@type":"CommentAction","name":"Comment","target":["https:\/\/www.uartes.edu.ec\/sitio\/blog\/2021\/11\/04\/la-uartes-graduara-el-11-de-diciembre-a-sus-alumnos-de-pre-y-posgrado-en-acto-presencial\/#respond"]}]},{"@type":["WebPage","ItemPage"],"@id":"https:\/\/www.uartes.edu.ec\/sitio\/blog\/2021\/11\/04\/la-uartes-graduara-el-11-de-diciembre-a-sus-alumnos-de-pre-y-posgrado-en-acto-presencial\/","url":"https:\/\/www.uartes.edu.ec\/sitio\/blog\/2021\/11\/04\/la-uartes-graduara-el-11-de-diciembre-a-sus-alumnos-de-pre-y-posgrado-en-acto-presencial\/","name":"Universidad de las Artes - La UArtes graduar\u00e1 el 11 de diciembre a sus alumnos de pre y posgrado en ceremonia presencial","isPartOf":{"@id":"https:\/\/www.uartes.edu.ec\/sitio\/#website"},"primaryImageOfPage":{"@id":"https:\/\/www.uartes.edu.ec\/sitio\/blog\/2021\/11\/04\/la-uartes-graduara-el-11-de-diciembre-a-sus-alumnos-de-pre-y-posgrado-en-acto-presencial\/#primaryimage"},"image":{"@id":"https:\/\/www.uartes.edu.ec\/sitio\/blog\/2021\/11\/04\/la-uartes-graduara-el-11-de-diciembre-a-sus-alumnos-de-pre-y-posgrado-en-acto-presencial\/#primaryimage"},"thumbnailUrl":"https:\/\/www.uartes.edu.ec\/sitio\/wp-content\/uploads\/2021\/11\/ESCUELA-DE-ARTES-ESCENICAS.webp","datePublished":"2021-11-04T18:29:00+00:00","dateModified":"2024-07-04T16:25:26+00:00","description":"Universidad de las Artes - La UArtes graduar\u00e1 el 11 de diciembre a sus alumnos de pre y posgrado en ceremonia presencial","breadcrumb":{"@id":"https:\/\/www.uartes.edu.ec\/sitio\/blog\/2021\/11\/04\/la-uartes-graduara-el-11-de-diciembre-a-sus-alumnos-de-pre-y-posgrado-en-acto-presencial\/#breadcrumb"},"inLanguage":"es","potentialAction":[{"@type":"ReadAction","target":["https:\/\/www.uartes.edu.ec\/sitio\/blog\/2021\/11\/04\/la-uartes-graduara-el-11-de-diciembre-a-sus-alumnos-de-pre-y-posgrado-en-acto-presencial\/"]}]},{"@type":"ImageObject","inLanguage":"es","@id":"https:\/\/www.uartes.edu.ec\/sitio\/blog\/2021\/11\/04\/la-uartes-graduara-el-11-de-diciembre-a-sus-alumnos-de-pre-y-posgrado-en-acto-presencial\/#primaryimage","url":"https:\/\/www.uartes.edu.ec\/sitio\/wp-content\/uploads\/2021\/11\/ESCUELA-DE-ARTES-ESCENICAS.webp","contentUrl":"https:\/\/www.uartes.edu.ec\/sitio\/wp-content\/uploads\/2021\/11\/ESCUELA-DE-ARTES-ESCENICAS.webp","width":2000,"height":1333},{"@type":"BreadcrumbList","@id":"https:\/\/www.uartes.edu.ec\/sitio\/blog\/2021\/11\/04\/la-uartes-graduara-el-11-de-diciembre-a-sus-alumnos-de-pre-y-posgrado-en-acto-presencial\/#breadcrumb","itemListElement":[{"@type":"ListItem","position":1,"name":"Inicio","item":"https:\/\/www.uartes.edu.ec\/sitio\/"},{"@type":"ListItem","position":2,"name":"La UArtes graduar\u00e1 el 11 de diciembre a sus alumnos de pre y posgrado en ceremonia presencial"}]},{"@type":"WebSite","@id":"https:\/\/www.uartes.edu.ec\/sitio\/#website","url":"https:\/\/www.uartes.edu.ec\/sitio\/","name":"Universidad de las Artes","description":"Sitio oficial de la Universidad Nacional de las Artes del Ecuador","publisher":{"@id":"https:\/\/www.uartes.edu.ec\/sitio\/#organization"},"potentialAction":[{"@type":"SearchAction","target":{"@type":"EntryPoint","urlTemplate":"https:\/\/www.uartes.edu.ec\/sitio\/?s={search_term_string}"},"query-input":{"@type":"PropertyValueSpecification","valueRequired":true,"valueName":"search_term_string"}}],"inLanguage":"es"},{"@type":"Organization","@id":"https:\/\/www.uartes.edu.ec\/sitio\/#organization","name":"Universidad de las Artes","url":"https:\/\/www.uartes.edu.ec\/sitio\/","logo":{"@type":"ImageObject","inLanguage":"es","@id":"https:\/\/www.uartes.edu.ec\/sitio\/#\/schema\/logo\/image\/","url":"https:\/\/www.uartes.edu.ec\/sitio\/wp-content\/uploads\/2022\/07\/logo-ua-horizontal.png","contentUrl":"https:\/\/www.uartes.edu.ec\/sitio\/wp-content\/uploads\/2022\/07\/logo-ua-horizontal.png","width":800,"height":276,"caption":"Universidad de las Artes"},"image":{"@id":"https:\/\/www.uartes.edu.ec\/sitio\/#\/schema\/logo\/image\/"},"sameAs":["https:\/\/www.facebook.com\/uartesec","https:\/\/x.com\/uartesec","https:\/\/www.tiktok.com\/@uartesec"]},{"@type":"Person","@id":"https:\/\/www.uartes.edu.ec\/sitio\/#\/schema\/person\/efa1b8275797664fd7f13a79ccc0b1f4","name":"ccortez","image":{"@type":"ImageObject","inLanguage":"es","@id":"https:\/\/secure.gravatar.com\/avatar\/b2a6f664a3ae8e074346ef91775736c5ec479e637ecced6842de9dc98b5da9cd?s=96&d=mm&r=g","url":"https:\/\/secure.gravatar.com\/avatar\/b2a6f664a3ae8e074346ef91775736c5ec479e637ecced6842de9dc98b5da9cd?s=96&d=mm&r=g","contentUrl":"https:\/\/secure.gravatar.com\/avatar\/b2a6f664a3ae8e074346ef91775736c5ec479e637ecced6842de9dc98b5da9cd?s=96&d=mm&r=g","caption":"ccortez"},"url":"https:\/\/www.uartes.edu.ec\/sitio\/blog\/author\/ccortez\/"}]}},"uagb_featured_image_src":{"full":["https:\/\/www.uartes.edu.ec\/sitio\/wp-content\/uploads\/2021\/11\/ESCUELA-DE-ARTES-ESCENICAS.webp",2000,1333,false],"thumbnail":["https:\/\/www.uartes.edu.ec\/sitio\/wp-content\/uploads\/2021\/11\/ESCUELA-DE-ARTES-ESCENICAS.webp",150,100,false],"medium":["https:\/\/www.uartes.edu.ec\/sitio\/wp-content\/uploads\/2021\/11\/ESCUELA-DE-ARTES-ESCENICAS.webp",300,200,false],"medium_large":["https:\/\/www.uartes.edu.ec\/sitio\/wp-content\/uploads\/2021\/11\/ESCUELA-DE-ARTES-ESCENICAS.webp",768,512,false],"large":["https:\/\/www.uartes.edu.ec\/sitio\/wp-content\/uploads\/2021\/11\/ESCUELA-DE-ARTES-ESCENICAS.webp",644,429,false],"1536x1536":["https:\/\/www.uartes.edu.ec\/sitio\/wp-content\/uploads\/2021\/11\/ESCUELA-DE-ARTES-ESCENICAS.webp",1536,1024,false],"2048x2048":["https:\/\/www.uartes.edu.ec\/sitio\/wp-content\/uploads\/2021\/11\/ESCUELA-DE-ARTES-ESCENICAS.webp",2000,1333,false],"trp-custom-language-flag":["https:\/\/www.uartes.edu.ec\/sitio\/wp-content\/uploads\/2021\/11\/ESCUELA-DE-ARTES-ESCENICAS.webp",18,12,false],"htmega_size_585x295":["https:\/\/www.uartes.edu.ec\/sitio\/wp-content\/uploads\/2021\/11\/ESCUELA-DE-ARTES-ESCENICAS.webp",443,295,false],"htmega_size_1170x536":["https:\/\/www.uartes.edu.ec\/sitio\/wp-content\/uploads\/2021\/11\/ESCUELA-DE-ARTES-ESCENICAS.webp",804,536,false],"htmega_size_396x360":["https:\/\/www.uartes.edu.ec\/sitio\/wp-content\/uploads\/2021\/11\/ESCUELA-DE-ARTES-ESCENICAS.webp",396,264,false],"gb-block-post-grid-landscape":["https:\/\/www.uartes.edu.ec\/sitio\/wp-content\/uploads\/2021\/11\/ESCUELA-DE-ARTES-ESCENICAS.webp",600,400,false],"gb-block-post-grid-square":["https:\/\/www.uartes.edu.ec\/sitio\/wp-content\/uploads\/2021\/11\/ESCUELA-DE-ARTES-ESCENICAS.webp",600,400,false],"university-hub-thumb":["https:\/\/www.uartes.edu.ec\/sitio\/wp-content\/uploads\/2021\/11\/ESCUELA-DE-ARTES-ESCENICAS.webp",400,267,false],"mailpoet_newsletter_max":["https:\/\/www.uartes.edu.ec\/sitio\/wp-content\/uploads\/2021\/11\/ESCUELA-DE-ARTES-ESCENICAS.webp",1320,880,false]},"uagb_author_info":{"display_name":"ccortez","author_link":"https:\/\/www.uartes.edu.ec\/sitio\/blog\/author\/ccortez\/"},"uagb_comment_info":0,"uagb_excerpt":"Con la llegada de noviembre los preparativos para la ceremonia de graduaci\u00f3n se aceleran. Tendr\u00e1 lugar el 11 de diciembre pr\u00f3ximo y, a diferencia del a\u00f1o anterior, ser\u00e1 presencial, adoptando eso s\u00ed todas las medidas de bioseguridad necesarias. Mar\u00eda Jos\u00e9 Bustos, secretaria Acad\u00e9mica de la Universidad de las Artes, indica que recibir\u00e1n el t\u00edtulo de&hellip;","featured_image_src":"https:\/\/www.uartes.edu.ec\/sitio\/wp-content\/uploads\/2021\/11\/ESCUELA-DE-ARTES-ESCENICAS.webp","featured_image_src_square":"https:\/\/www.uartes.edu.ec\/sitio\/wp-content\/uploads\/2021\/11\/ESCUELA-DE-ARTES-ESCENICAS.webp","author_info":{"display_name":"ccortez","author_link":"https:\/\/www.uartes.edu.ec\/sitio\/blog\/author\/ccortez\/"},"publishpress_future_workflow_manual_trigger":{"enabledWorkflows":[]},"distributor_meta":false,"distributor_terms":false,"distributor_media":false,"distributor_original_site_name":"Universidad de las Artes","distributor_original_site_url":"https:\/\/www.uartes.edu.ec\/sitio","push-errors":false,"_links":{"self":[{"href":"https:\/\/www.uartes.edu.ec\/sitio\/wp-json\/wp\/v2\/posts\/16548","targetHints":{"allow":["GET"]}}],"collection":[{"href":"https:\/\/www.uartes.edu.ec\/sitio\/wp-json\/wp\/v2\/posts"}],"about":[{"href":"https:\/\/www.uartes.edu.ec\/sitio\/wp-json\/wp\/v2\/types\/post"}],"author":[{"embeddable":true,"href":"https:\/\/www.uartes.edu.ec\/sitio\/wp-json\/wp\/v2\/users\/10"}],"replies":[{"embeddable":true,"href":"https:\/\/www.uartes.edu.ec\/sitio\/wp-json\/wp\/v2\/comments?post=16548"}],"version-history":[{"count":2,"href":"https:\/\/www.uartes.edu.ec\/sitio\/wp-json\/wp\/v2\/posts\/16548\/revisions"}],"predecessor-version":[{"id":16553,"href":"https:\/\/www.uartes.edu.ec\/sitio\/wp-json\/wp\/v2\/posts\/16548\/revisions\/16553"}],"wp:featuredmedia":[{"embeddable":true,"href":"https:\/\/www.uartes.edu.ec\/sitio\/wp-json\/wp\/v2\/media\/16550"}],"wp:attachment":[{"href":"https:\/\/www.uartes.edu.ec\/sitio\/wp-json\/wp\/v2\/media?parent=16548"}],"wp:term":[{"taxonomy":"category","embeddable":true,"href":"https:\/\/www.uartes.edu.ec\/sitio\/wp-json\/wp\/v2\/categories?post=16548"},{"taxonomy":"post_tag","embeddable":true,"href":"https:\/\/www.uartes.edu.ec\/sitio\/wp-json\/wp\/v2\/tags?post=16548"},{"taxonomy":"infouartes","embeddable":true,"href":"https:\/\/www.uartes.edu.ec\/sitio\/wp-json\/wp\/v2\/infouartes?post=16548"}],"curies":[{"name":"wp","href":"https:\/\/api.w.org\/{rel}","templated":true}]}}