{"id":16557,"date":"2021-11-09T17:03:00","date_gmt":"2021-11-09T22:03:00","guid":{"rendered":"http:\/\/www.uartes.edu.ec\/sitio\/?p=16557"},"modified":"2024-07-04T11:25:26","modified_gmt":"2024-07-04T16:25:26","slug":"respondieron-a-la-convocatoria-y-estan-en-la-buam-2021-alumni-rocio-soria-da-detalles-de-la-propuesta-con-la-que-participo","status":"publish","type":"post","link":"https:\/\/www.uartes.edu.ec\/sitio\/blog\/2021\/11\/09\/respondieron-a-la-convocatoria-y-estan-en-la-buam-2021-alumni-rocio-soria-da-detalles-de-la-propuesta-con-la-que-participo\/","title":{"rendered":"Respondieron a la convocatoria y est\u00e1n en la BUAM 2021; alumni Roc\u00edo Soria da detalles de su propuesta"},"content":{"rendered":"\n<p><em>Junto con la artista multidisciplinar fueron seleccionados Andrea Mej\u00eda, C\u00e9sar Delgado y Paulina Romero, estudiantes de la Escuela de Artes Visuales, y Andrea Alejandro, egresada da la Escuela de Creaci\u00f3n Teatral.<\/em><\/p>\n\n\n\n<p>Estudiantes, alumni y egresada de la Universidad de las Artes participan con sus obras en \u201cAlternativas presentes\u201d, la primera edici\u00f3n de la Bienal Universitaria de Arte Multimedial, BUAM 2021. Se inaugur\u00f3 en octubre pasado en el Centro de Arte Contempor\u00e1neo (CAC) de la capital y se mantendr\u00e1 en ese escenario, as\u00ed como en Q Galer\u00eda Virtual, hasta diciembre pr\u00f3ximo.<\/p>\n\n\n\n<p>Junto con el CAC, en la organizaci\u00f3n de la BUAM participa la Universidad San Francisco de Quito. Los alumnos UArtes presentes en la cita son Andrea Mej\u00eda, C\u00e9sar Delgado y Paulina Romero, de la Escuela de Artes Visuales; Roc\u00edo Soria, quien ya obtuvo su licenciatura en esa carrera, y Andrea Alejandro, egresada de la Escuela de Creaci\u00f3n Teatral.<\/p>\n\n\n\n<p>Como tema central, la BUAM 2021 se\u00f1al\u00f3 la capacidad de generar, a trav\u00e9s del arte y la cultura, alternativas a un presente complejo, presidido por las condiciones sociales derivadas de la pandemia mundial de COVID-19. De all\u00ed que para la convocatoria se priorizaran reflexiones que pon\u00edan en valor el papel que las tecnolog\u00edas digitales han tenido en la transformaci\u00f3n de las din\u00e1micas sociales y culturales en la actualidad, as\u00ed como en la configuraci\u00f3n de la llamada \u201cnueva normalidad\u201d.<\/p>\n\n\n\n<p><strong>Una escultura en 3D<br><\/strong>Para la BUAM se recibieron 147 aplicaciones de estudiantes, artistas y docentes de varios rincones del pa\u00eds, dio a conocer la organizaci\u00f3n. De los estudiantes, la alumni UArtes, Roc\u00edo Soria fue quien respondi\u00f3 las inquietudes de InfoUArtes en torno a la propuesta que llev\u00f3 a la Bienal Universitaria de Arte Multimedial. Menciona que <em>Me, myself and I Escultura 3D<\/em> es una representaci\u00f3n de autorrertrato del cuerpo y de c\u00f3mo puede ser representado dependiendo de la plataforma en que se vaya a presentar.<\/p>\n\n\n\n<p>\u201c(\u2026) Aborda la corporalidad, la transformaci\u00f3n y selecci\u00f3n de un cuerpo no homogenizado que permite habitar los metaversos de maneras alternas, pantallizarnos como deseemos, en el cuerpo que viaja, en el cuerpo energ\u00eda\u201d, indica Soria y a\u00f1ade: La idea nace de la utilizaci\u00f3n de plataformas, como second life, habbo, de videojuegos donde uno selecciona a su personaje. Adem\u00e1s, de manera telem\u00e1tica constantemente estamos eligiendo qu\u00e9 extensi\u00f3n de nuestro cuerpo ser entre memes, voicenotes, texto, imagen, video, un link, etc., qu\u00e9 se hizo relevante en la pandemia debido la hiperdigitalizaci\u00f3n, la telem\u00e1tica y la necesidad del cuerpo a estar conectados.<\/p>\n\n\n\n<p>Esta propuesta, anota, es una respuesta a las experiencias virtuales hiperdigitalizadas que viv\u00eda en medio de la pandemia 2020-2021, donde habilit\u00f3 diferentes cuerpos que dirigieron sus pensamientos y cuestionamientos, \u201ca pensarme como ese otro cuerpo abstracto que te permite el metaverso. El cuerpo posdigital y la interpretaci\u00f3n de un cuerpo futuro que es masa y energ\u00eda, tomando en cuenta la vida despu\u00e9s de la muerte, desde el pensamiento de la cosmovisi\u00f3n andina que habla que nuestra alma puede pasar mucho tiempo siendo energ\u00eda, sin tener un cuerpo para evitar la Tierra\u201d.<\/p>\n\n\n\n<figure class=\"wp-block-image size-full\"><img fetchpriority=\"high\" decoding=\"async\" width=\"2000\" height=\"1333\" src=\"http:\/\/www.uartes.edu.ec\/sitio\/wp-content\/uploads\/2021\/11\/02-BIENAL-UNIVERSITARIA.webp\" alt=\"\" class=\"wp-image-16559\" \/><\/figure>\n\n\n\n<p>La alumni UArtes comenta que su obra est\u00e1 montada en Q Galer\u00eda Virtual y f\u00edsicamente est\u00e1 en el CAC; se la puede visitar con gafas de realidad virtual que se encuentran en el sitio. \u201cPara m\u00ed es un honor estar en la bienal no solo como Roc\u00edo Soria, sino como lo que viene detr\u00e1s de m\u00ed, la Universidad de las Artes; a donde sea que vaya la voy a representar\u201d.<\/p>\n\n\n\n<p>Que sigue sintiendo a la universidad como su casa, pues obtuvo todas las herramientas para crecer en su carrera. Menciona, entre otros, a docentes como Cristian Villavicencio, Lupe \u00c1lvarez y Carlos Ter\u00e1n, quien la ha acompa\u00f1ado en los \u00faltimos a\u00f1os en sus procesos creativos y en el mundo de la virtualidad del cuerpo, del metaverso y de la digitalizaci\u00f3n que experimenta e investiga.<\/p>\n\n\n\n<p>Justamente, en el dossier que da cuenta de sus trabajos, el MSc. Carlos Ter\u00e1n escribi\u00f3: \u201cPartiendo de una serie de medios explorados por la artista Roc\u00edo Soria, las obras han sido elaboradas durante su proceso acad\u00e9mico de investigaci\u00f3n. Es en este tr\u00e1fico donde se evidencia y expone una pr\u00e1ctica, un proceso representaci\u00f3n contempor\u00e1nea y un pensamiento que nos permite cuestionar nuestras formas de comprensi\u00f3n, nuestras estructuras de lectura, nuestra arquitectura de consumos y dispositivos perpetuadores de pol\u00edticas e ideolog\u00edas\u201d.<\/p>\n","protected":false},"excerpt":{"rendered":"<p>Estudiantes y egresados de la Universidad de las Artes participan con sus obras en \u201cAlternativas presentes\u201d, la primera edici\u00f3n de la Bienal Universitaria de Arte Multimedial, BUAM 2021. Se inaugur\u00f3 en octubre pasado en el Centro de Arte Contempor\u00e1neo (CAC) de la capital y se mantendr\u00e1 en ese escenario, as\u00ed como en Q Galer\u00eda Virtual, hasta diciembre pr\u00f3ximo. <\/p>\n","protected":false},"author":10,"featured_media":16558,"comment_status":"open","ping_status":"open","sticky":false,"template":"","format":"standard","meta":{"_acf_changed":false,"_uag_custom_page_level_css":"","_monsterinsights_skip_tracking":false,"_monsterinsights_sitenote_active":false,"_monsterinsights_sitenote_note":"","_monsterinsights_sitenote_category":0,"cybocfi_hide_featured_image":"","footnotes":""},"categories":[490,157,76,284],"tags":[517],"infouartes":[],"class_list":["post-16557","post","type-post","status-publish","format-standard","has-post-thumbnail","hentry","category-alumni","category-artes-visuales","category-estudiantes","category-investigacion","tag-exposicion"],"acf":[],"yoast_head":"<!-- This site is optimized with the Yoast SEO plugin v27.4 - https:\/\/yoast.com\/product\/yoast-seo-wordpress\/ -->\n<title>Universidad de las Artes - Respondieron a la convocatoria y est\u00e1n en la BUAM 2021; alumni Roc\u00edo Soria da detalles de su propuesta<\/title>\n<meta name=\"description\" content=\"Universidad de las Artes - Respondieron a la convocatoria y est\u00e1n en la BUAM 2021; alumni Roc\u00edo Soria da detalles de su propuesta\" \/>\n<meta name=\"robots\" content=\"index, follow, max-snippet:-1, max-image-preview:large, max-video-preview:-1\" \/>\n<link rel=\"canonical\" href=\"https:\/\/www.uartes.edu.ec\/sitio\/blog\/2021\/11\/09\/respondieron-a-la-convocatoria-y-estan-en-la-buam-2021-alumni-rocio-soria-da-detalles-de-la-propuesta-con-la-que-participo\/\" \/>\n<meta property=\"og:locale\" content=\"es_ES\" \/>\n<meta property=\"og:type\" content=\"article\" \/>\n<meta property=\"og:title\" content=\"Universidad de las Artes - Respondieron a la convocatoria y est\u00e1n en la BUAM 2021; alumni Roc\u00edo Soria da detalles de su propuesta\" \/>\n<meta property=\"og:description\" content=\"Universidad de las Artes - Respondieron a la convocatoria y est\u00e1n en la BUAM 2021; alumni Roc\u00edo Soria da detalles de su propuesta\" \/>\n<meta property=\"og:url\" content=\"https:\/\/www.uartes.edu.ec\/sitio\/blog\/2021\/11\/09\/respondieron-a-la-convocatoria-y-estan-en-la-buam-2021-alumni-rocio-soria-da-detalles-de-la-propuesta-con-la-que-participo\/\" \/>\n<meta property=\"og:site_name\" content=\"Universidad de las Artes\" \/>\n<meta property=\"article:publisher\" content=\"https:\/\/www.facebook.com\/uartesec\" \/>\n<meta property=\"article:published_time\" content=\"2021-11-09T22:03:00+00:00\" \/>\n<meta property=\"article:modified_time\" content=\"2024-07-04T16:25:26+00:00\" \/>\n<meta property=\"og:image\" content=\"https:\/\/www.uartes.edu.ec\/sitio\/wp-content\/uploads\/2021\/11\/01-BIENAL-UNIVERSITARIA.webp\" \/>\n\t<meta property=\"og:image:width\" content=\"2000\" \/>\n\t<meta property=\"og:image:height\" content=\"1333\" \/>\n\t<meta property=\"og:image:type\" content=\"image\/webp\" \/>\n<meta name=\"author\" content=\"ccortez\" \/>\n<meta name=\"twitter:card\" content=\"summary_large_image\" \/>\n<meta name=\"twitter:creator\" content=\"@uartesec\" \/>\n<meta name=\"twitter:site\" content=\"@uartesec\" \/>\n<meta name=\"twitter:label1\" content=\"Escrito por\" \/>\n\t<meta name=\"twitter:data1\" content=\"ccortez\" \/>\n\t<meta name=\"twitter:label2\" content=\"Tiempo de lectura\" \/>\n\t<meta name=\"twitter:data2\" content=\"4 minutos\" \/>\n<script type=\"application\/ld+json\" class=\"yoast-schema-graph\">{\"@context\":\"https:\\\/\\\/schema.org\",\"@graph\":[{\"@type\":\"Article\",\"@id\":\"https:\\\/\\\/www.uartes.edu.ec\\\/sitio\\\/blog\\\/2021\\\/11\\\/09\\\/respondieron-a-la-convocatoria-y-estan-en-la-buam-2021-alumni-rocio-soria-da-detalles-de-la-propuesta-con-la-que-participo\\\/#article\",\"isPartOf\":{\"@id\":\"https:\\\/\\\/www.uartes.edu.ec\\\/sitio\\\/blog\\\/2021\\\/11\\\/09\\\/respondieron-a-la-convocatoria-y-estan-en-la-buam-2021-alumni-rocio-soria-da-detalles-de-la-propuesta-con-la-que-participo\\\/\"},\"author\":{\"name\":\"ccortez\",\"@id\":\"https:\\\/\\\/www.uartes.edu.ec\\\/sitio\\\/#\\\/schema\\\/person\\\/efa1b8275797664fd7f13a79ccc0b1f4\"},\"headline\":\"Respondieron a la convocatoria y est\u00e1n en la BUAM 2021; alumni Roc\u00edo Soria da detalles de su propuesta\",\"datePublished\":\"2021-11-09T22:03:00+00:00\",\"dateModified\":\"2024-07-04T16:25:26+00:00\",\"mainEntityOfPage\":{\"@id\":\"https:\\\/\\\/www.uartes.edu.ec\\\/sitio\\\/blog\\\/2021\\\/11\\\/09\\\/respondieron-a-la-convocatoria-y-estan-en-la-buam-2021-alumni-rocio-soria-da-detalles-de-la-propuesta-con-la-que-participo\\\/\"},\"wordCount\":788,\"commentCount\":0,\"publisher\":{\"@id\":\"https:\\\/\\\/www.uartes.edu.ec\\\/sitio\\\/#organization\"},\"image\":{\"@id\":\"https:\\\/\\\/www.uartes.edu.ec\\\/sitio\\\/blog\\\/2021\\\/11\\\/09\\\/respondieron-a-la-convocatoria-y-estan-en-la-buam-2021-alumni-rocio-soria-da-detalles-de-la-propuesta-con-la-que-participo\\\/#primaryimage\"},\"thumbnailUrl\":\"https:\\\/\\\/www.uartes.edu.ec\\\/sitio\\\/wp-content\\\/uploads\\\/2021\\\/11\\\/01-BIENAL-UNIVERSITARIA.webp\",\"keywords\":[\"exposici\u00f3n\"],\"articleSection\":[\"Alumni\",\"Artes Visuales\",\"Estudiantes\",\"Investigaci\u00f3n\"],\"inLanguage\":\"es\",\"potentialAction\":[{\"@type\":\"CommentAction\",\"name\":\"Comment\",\"target\":[\"https:\\\/\\\/www.uartes.edu.ec\\\/sitio\\\/blog\\\/2021\\\/11\\\/09\\\/respondieron-a-la-convocatoria-y-estan-en-la-buam-2021-alumni-rocio-soria-da-detalles-de-la-propuesta-con-la-que-participo\\\/#respond\"]}]},{\"@type\":[\"WebPage\",\"ItemPage\"],\"@id\":\"https:\\\/\\\/www.uartes.edu.ec\\\/sitio\\\/blog\\\/2021\\\/11\\\/09\\\/respondieron-a-la-convocatoria-y-estan-en-la-buam-2021-alumni-rocio-soria-da-detalles-de-la-propuesta-con-la-que-participo\\\/\",\"url\":\"https:\\\/\\\/www.uartes.edu.ec\\\/sitio\\\/blog\\\/2021\\\/11\\\/09\\\/respondieron-a-la-convocatoria-y-estan-en-la-buam-2021-alumni-rocio-soria-da-detalles-de-la-propuesta-con-la-que-participo\\\/\",\"name\":\"Universidad de las Artes - Respondieron a la convocatoria y est\u00e1n en la BUAM 2021; alumni Roc\u00edo Soria da detalles de su propuesta\",\"isPartOf\":{\"@id\":\"https:\\\/\\\/www.uartes.edu.ec\\\/sitio\\\/#website\"},\"primaryImageOfPage\":{\"@id\":\"https:\\\/\\\/www.uartes.edu.ec\\\/sitio\\\/blog\\\/2021\\\/11\\\/09\\\/respondieron-a-la-convocatoria-y-estan-en-la-buam-2021-alumni-rocio-soria-da-detalles-de-la-propuesta-con-la-que-participo\\\/#primaryimage\"},\"image\":{\"@id\":\"https:\\\/\\\/www.uartes.edu.ec\\\/sitio\\\/blog\\\/2021\\\/11\\\/09\\\/respondieron-a-la-convocatoria-y-estan-en-la-buam-2021-alumni-rocio-soria-da-detalles-de-la-propuesta-con-la-que-participo\\\/#primaryimage\"},\"thumbnailUrl\":\"https:\\\/\\\/www.uartes.edu.ec\\\/sitio\\\/wp-content\\\/uploads\\\/2021\\\/11\\\/01-BIENAL-UNIVERSITARIA.webp\",\"datePublished\":\"2021-11-09T22:03:00+00:00\",\"dateModified\":\"2024-07-04T16:25:26+00:00\",\"description\":\"Universidad de las Artes - Respondieron a la convocatoria y est\u00e1n en la BUAM 2021; alumni Roc\u00edo Soria da detalles de su propuesta\",\"breadcrumb\":{\"@id\":\"https:\\\/\\\/www.uartes.edu.ec\\\/sitio\\\/blog\\\/2021\\\/11\\\/09\\\/respondieron-a-la-convocatoria-y-estan-en-la-buam-2021-alumni-rocio-soria-da-detalles-de-la-propuesta-con-la-que-participo\\\/#breadcrumb\"},\"inLanguage\":\"es\",\"potentialAction\":[{\"@type\":\"ReadAction\",\"target\":[\"https:\\\/\\\/www.uartes.edu.ec\\\/sitio\\\/blog\\\/2021\\\/11\\\/09\\\/respondieron-a-la-convocatoria-y-estan-en-la-buam-2021-alumni-rocio-soria-da-detalles-de-la-propuesta-con-la-que-participo\\\/\"]}]},{\"@type\":\"ImageObject\",\"inLanguage\":\"es\",\"@id\":\"https:\\\/\\\/www.uartes.edu.ec\\\/sitio\\\/blog\\\/2021\\\/11\\\/09\\\/respondieron-a-la-convocatoria-y-estan-en-la-buam-2021-alumni-rocio-soria-da-detalles-de-la-propuesta-con-la-que-participo\\\/#primaryimage\",\"url\":\"https:\\\/\\\/www.uartes.edu.ec\\\/sitio\\\/wp-content\\\/uploads\\\/2021\\\/11\\\/01-BIENAL-UNIVERSITARIA.webp\",\"contentUrl\":\"https:\\\/\\\/www.uartes.edu.ec\\\/sitio\\\/wp-content\\\/uploads\\\/2021\\\/11\\\/01-BIENAL-UNIVERSITARIA.webp\",\"width\":2000,\"height\":1333},{\"@type\":\"BreadcrumbList\",\"@id\":\"https:\\\/\\\/www.uartes.edu.ec\\\/sitio\\\/blog\\\/2021\\\/11\\\/09\\\/respondieron-a-la-convocatoria-y-estan-en-la-buam-2021-alumni-rocio-soria-da-detalles-de-la-propuesta-con-la-que-participo\\\/#breadcrumb\",\"itemListElement\":[{\"@type\":\"ListItem\",\"position\":1,\"name\":\"Inicio\",\"item\":\"https:\\\/\\\/www.uartes.edu.ec\\\/sitio\\\/\"},{\"@type\":\"ListItem\",\"position\":2,\"name\":\"Respondieron a la convocatoria y est\u00e1n en la BUAM 2021; alumni Roc\u00edo Soria da detalles de su propuesta\"}]},{\"@type\":\"WebSite\",\"@id\":\"https:\\\/\\\/www.uartes.edu.ec\\\/sitio\\\/#website\",\"url\":\"https:\\\/\\\/www.uartes.edu.ec\\\/sitio\\\/\",\"name\":\"Universidad de las Artes\",\"description\":\"Sitio oficial de la Universidad Nacional de las Artes del Ecuador\",\"publisher\":{\"@id\":\"https:\\\/\\\/www.uartes.edu.ec\\\/sitio\\\/#organization\"},\"potentialAction\":[{\"@type\":\"SearchAction\",\"target\":{\"@type\":\"EntryPoint\",\"urlTemplate\":\"https:\\\/\\\/www.uartes.edu.ec\\\/sitio\\\/?s={search_term_string}\"},\"query-input\":{\"@type\":\"PropertyValueSpecification\",\"valueRequired\":true,\"valueName\":\"search_term_string\"}}],\"inLanguage\":\"es\"},{\"@type\":\"Organization\",\"@id\":\"https:\\\/\\\/www.uartes.edu.ec\\\/sitio\\\/#organization\",\"name\":\"Universidad de las Artes\",\"url\":\"https:\\\/\\\/www.uartes.edu.ec\\\/sitio\\\/\",\"logo\":{\"@type\":\"ImageObject\",\"inLanguage\":\"es\",\"@id\":\"https:\\\/\\\/www.uartes.edu.ec\\\/sitio\\\/#\\\/schema\\\/logo\\\/image\\\/\",\"url\":\"https:\\\/\\\/www.uartes.edu.ec\\\/sitio\\\/wp-content\\\/uploads\\\/2022\\\/07\\\/logo-ua-horizontal.png\",\"contentUrl\":\"https:\\\/\\\/www.uartes.edu.ec\\\/sitio\\\/wp-content\\\/uploads\\\/2022\\\/07\\\/logo-ua-horizontal.png\",\"width\":800,\"height\":276,\"caption\":\"Universidad de las Artes\"},\"image\":{\"@id\":\"https:\\\/\\\/www.uartes.edu.ec\\\/sitio\\\/#\\\/schema\\\/logo\\\/image\\\/\"},\"sameAs\":[\"https:\\\/\\\/www.facebook.com\\\/uartesec\",\"https:\\\/\\\/x.com\\\/uartesec\",\"https:\\\/\\\/www.tiktok.com\\\/@uartesec\"]},{\"@type\":\"Person\",\"@id\":\"https:\\\/\\\/www.uartes.edu.ec\\\/sitio\\\/#\\\/schema\\\/person\\\/efa1b8275797664fd7f13a79ccc0b1f4\",\"name\":\"ccortez\",\"image\":{\"@type\":\"ImageObject\",\"inLanguage\":\"es\",\"@id\":\"https:\\\/\\\/secure.gravatar.com\\\/avatar\\\/b2a6f664a3ae8e074346ef91775736c5ec479e637ecced6842de9dc98b5da9cd?s=96&d=mm&r=g\",\"url\":\"https:\\\/\\\/secure.gravatar.com\\\/avatar\\\/b2a6f664a3ae8e074346ef91775736c5ec479e637ecced6842de9dc98b5da9cd?s=96&d=mm&r=g\",\"contentUrl\":\"https:\\\/\\\/secure.gravatar.com\\\/avatar\\\/b2a6f664a3ae8e074346ef91775736c5ec479e637ecced6842de9dc98b5da9cd?s=96&d=mm&r=g\",\"caption\":\"ccortez\"},\"url\":\"https:\\\/\\\/www.uartes.edu.ec\\\/sitio\\\/blog\\\/author\\\/ccortez\\\/\"}]}<\/script>\n<!-- \/ Yoast SEO plugin. -->","yoast_head_json":{"title":"Universidad de las Artes - Respondieron a la convocatoria y est\u00e1n en la BUAM 2021; alumni Roc\u00edo Soria da detalles de su propuesta","description":"Universidad de las Artes - Respondieron a la convocatoria y est\u00e1n en la BUAM 2021; alumni Roc\u00edo Soria da detalles de su propuesta","robots":{"index":"index","follow":"follow","max-snippet":"max-snippet:-1","max-image-preview":"max-image-preview:large","max-video-preview":"max-video-preview:-1"},"canonical":"https:\/\/www.uartes.edu.ec\/sitio\/blog\/2021\/11\/09\/respondieron-a-la-convocatoria-y-estan-en-la-buam-2021-alumni-rocio-soria-da-detalles-de-la-propuesta-con-la-que-participo\/","og_locale":"es_ES","og_type":"article","og_title":"Universidad de las Artes - Respondieron a la convocatoria y est\u00e1n en la BUAM 2021; alumni Roc\u00edo Soria da detalles de su propuesta","og_description":"Universidad de las Artes - Respondieron a la convocatoria y est\u00e1n en la BUAM 2021; alumni Roc\u00edo Soria da detalles de su propuesta","og_url":"https:\/\/www.uartes.edu.ec\/sitio\/blog\/2021\/11\/09\/respondieron-a-la-convocatoria-y-estan-en-la-buam-2021-alumni-rocio-soria-da-detalles-de-la-propuesta-con-la-que-participo\/","og_site_name":"Universidad de las Artes","article_publisher":"https:\/\/www.facebook.com\/uartesec","article_published_time":"2021-11-09T22:03:00+00:00","article_modified_time":"2024-07-04T16:25:26+00:00","og_image":[{"width":2000,"height":1333,"url":"https:\/\/www.uartes.edu.ec\/sitio\/wp-content\/uploads\/2021\/11\/01-BIENAL-UNIVERSITARIA.webp","type":"image\/webp"}],"author":"ccortez","twitter_card":"summary_large_image","twitter_creator":"@uartesec","twitter_site":"@uartesec","twitter_misc":{"Escrito por":"ccortez","Tiempo de lectura":"4 minutos"},"schema":{"@context":"https:\/\/schema.org","@graph":[{"@type":"Article","@id":"https:\/\/www.uartes.edu.ec\/sitio\/blog\/2021\/11\/09\/respondieron-a-la-convocatoria-y-estan-en-la-buam-2021-alumni-rocio-soria-da-detalles-de-la-propuesta-con-la-que-participo\/#article","isPartOf":{"@id":"https:\/\/www.uartes.edu.ec\/sitio\/blog\/2021\/11\/09\/respondieron-a-la-convocatoria-y-estan-en-la-buam-2021-alumni-rocio-soria-da-detalles-de-la-propuesta-con-la-que-participo\/"},"author":{"name":"ccortez","@id":"https:\/\/www.uartes.edu.ec\/sitio\/#\/schema\/person\/efa1b8275797664fd7f13a79ccc0b1f4"},"headline":"Respondieron a la convocatoria y est\u00e1n en la BUAM 2021; alumni Roc\u00edo Soria da detalles de su propuesta","datePublished":"2021-11-09T22:03:00+00:00","dateModified":"2024-07-04T16:25:26+00:00","mainEntityOfPage":{"@id":"https:\/\/www.uartes.edu.ec\/sitio\/blog\/2021\/11\/09\/respondieron-a-la-convocatoria-y-estan-en-la-buam-2021-alumni-rocio-soria-da-detalles-de-la-propuesta-con-la-que-participo\/"},"wordCount":788,"commentCount":0,"publisher":{"@id":"https:\/\/www.uartes.edu.ec\/sitio\/#organization"},"image":{"@id":"https:\/\/www.uartes.edu.ec\/sitio\/blog\/2021\/11\/09\/respondieron-a-la-convocatoria-y-estan-en-la-buam-2021-alumni-rocio-soria-da-detalles-de-la-propuesta-con-la-que-participo\/#primaryimage"},"thumbnailUrl":"https:\/\/www.uartes.edu.ec\/sitio\/wp-content\/uploads\/2021\/11\/01-BIENAL-UNIVERSITARIA.webp","keywords":["exposici\u00f3n"],"articleSection":["Alumni","Artes Visuales","Estudiantes","Investigaci\u00f3n"],"inLanguage":"es","potentialAction":[{"@type":"CommentAction","name":"Comment","target":["https:\/\/www.uartes.edu.ec\/sitio\/blog\/2021\/11\/09\/respondieron-a-la-convocatoria-y-estan-en-la-buam-2021-alumni-rocio-soria-da-detalles-de-la-propuesta-con-la-que-participo\/#respond"]}]},{"@type":["WebPage","ItemPage"],"@id":"https:\/\/www.uartes.edu.ec\/sitio\/blog\/2021\/11\/09\/respondieron-a-la-convocatoria-y-estan-en-la-buam-2021-alumni-rocio-soria-da-detalles-de-la-propuesta-con-la-que-participo\/","url":"https:\/\/www.uartes.edu.ec\/sitio\/blog\/2021\/11\/09\/respondieron-a-la-convocatoria-y-estan-en-la-buam-2021-alumni-rocio-soria-da-detalles-de-la-propuesta-con-la-que-participo\/","name":"Universidad de las Artes - Respondieron a la convocatoria y est\u00e1n en la BUAM 2021; alumni Roc\u00edo Soria da detalles de su propuesta","isPartOf":{"@id":"https:\/\/www.uartes.edu.ec\/sitio\/#website"},"primaryImageOfPage":{"@id":"https:\/\/www.uartes.edu.ec\/sitio\/blog\/2021\/11\/09\/respondieron-a-la-convocatoria-y-estan-en-la-buam-2021-alumni-rocio-soria-da-detalles-de-la-propuesta-con-la-que-participo\/#primaryimage"},"image":{"@id":"https:\/\/www.uartes.edu.ec\/sitio\/blog\/2021\/11\/09\/respondieron-a-la-convocatoria-y-estan-en-la-buam-2021-alumni-rocio-soria-da-detalles-de-la-propuesta-con-la-que-participo\/#primaryimage"},"thumbnailUrl":"https:\/\/www.uartes.edu.ec\/sitio\/wp-content\/uploads\/2021\/11\/01-BIENAL-UNIVERSITARIA.webp","datePublished":"2021-11-09T22:03:00+00:00","dateModified":"2024-07-04T16:25:26+00:00","description":"Universidad de las Artes - Respondieron a la convocatoria y est\u00e1n en la BUAM 2021; alumni Roc\u00edo Soria da detalles de su propuesta","breadcrumb":{"@id":"https:\/\/www.uartes.edu.ec\/sitio\/blog\/2021\/11\/09\/respondieron-a-la-convocatoria-y-estan-en-la-buam-2021-alumni-rocio-soria-da-detalles-de-la-propuesta-con-la-que-participo\/#breadcrumb"},"inLanguage":"es","potentialAction":[{"@type":"ReadAction","target":["https:\/\/www.uartes.edu.ec\/sitio\/blog\/2021\/11\/09\/respondieron-a-la-convocatoria-y-estan-en-la-buam-2021-alumni-rocio-soria-da-detalles-de-la-propuesta-con-la-que-participo\/"]}]},{"@type":"ImageObject","inLanguage":"es","@id":"https:\/\/www.uartes.edu.ec\/sitio\/blog\/2021\/11\/09\/respondieron-a-la-convocatoria-y-estan-en-la-buam-2021-alumni-rocio-soria-da-detalles-de-la-propuesta-con-la-que-participo\/#primaryimage","url":"https:\/\/www.uartes.edu.ec\/sitio\/wp-content\/uploads\/2021\/11\/01-BIENAL-UNIVERSITARIA.webp","contentUrl":"https:\/\/www.uartes.edu.ec\/sitio\/wp-content\/uploads\/2021\/11\/01-BIENAL-UNIVERSITARIA.webp","width":2000,"height":1333},{"@type":"BreadcrumbList","@id":"https:\/\/www.uartes.edu.ec\/sitio\/blog\/2021\/11\/09\/respondieron-a-la-convocatoria-y-estan-en-la-buam-2021-alumni-rocio-soria-da-detalles-de-la-propuesta-con-la-que-participo\/#breadcrumb","itemListElement":[{"@type":"ListItem","position":1,"name":"Inicio","item":"https:\/\/www.uartes.edu.ec\/sitio\/"},{"@type":"ListItem","position":2,"name":"Respondieron a la convocatoria y est\u00e1n en la BUAM 2021; alumni Roc\u00edo Soria da detalles de su propuesta"}]},{"@type":"WebSite","@id":"https:\/\/www.uartes.edu.ec\/sitio\/#website","url":"https:\/\/www.uartes.edu.ec\/sitio\/","name":"Universidad de las Artes","description":"Sitio oficial de la Universidad Nacional de las Artes del Ecuador","publisher":{"@id":"https:\/\/www.uartes.edu.ec\/sitio\/#organization"},"potentialAction":[{"@type":"SearchAction","target":{"@type":"EntryPoint","urlTemplate":"https:\/\/www.uartes.edu.ec\/sitio\/?s={search_term_string}"},"query-input":{"@type":"PropertyValueSpecification","valueRequired":true,"valueName":"search_term_string"}}],"inLanguage":"es"},{"@type":"Organization","@id":"https:\/\/www.uartes.edu.ec\/sitio\/#organization","name":"Universidad de las Artes","url":"https:\/\/www.uartes.edu.ec\/sitio\/","logo":{"@type":"ImageObject","inLanguage":"es","@id":"https:\/\/www.uartes.edu.ec\/sitio\/#\/schema\/logo\/image\/","url":"https:\/\/www.uartes.edu.ec\/sitio\/wp-content\/uploads\/2022\/07\/logo-ua-horizontal.png","contentUrl":"https:\/\/www.uartes.edu.ec\/sitio\/wp-content\/uploads\/2022\/07\/logo-ua-horizontal.png","width":800,"height":276,"caption":"Universidad de las Artes"},"image":{"@id":"https:\/\/www.uartes.edu.ec\/sitio\/#\/schema\/logo\/image\/"},"sameAs":["https:\/\/www.facebook.com\/uartesec","https:\/\/x.com\/uartesec","https:\/\/www.tiktok.com\/@uartesec"]},{"@type":"Person","@id":"https:\/\/www.uartes.edu.ec\/sitio\/#\/schema\/person\/efa1b8275797664fd7f13a79ccc0b1f4","name":"ccortez","image":{"@type":"ImageObject","inLanguage":"es","@id":"https:\/\/secure.gravatar.com\/avatar\/b2a6f664a3ae8e074346ef91775736c5ec479e637ecced6842de9dc98b5da9cd?s=96&d=mm&r=g","url":"https:\/\/secure.gravatar.com\/avatar\/b2a6f664a3ae8e074346ef91775736c5ec479e637ecced6842de9dc98b5da9cd?s=96&d=mm&r=g","contentUrl":"https:\/\/secure.gravatar.com\/avatar\/b2a6f664a3ae8e074346ef91775736c5ec479e637ecced6842de9dc98b5da9cd?s=96&d=mm&r=g","caption":"ccortez"},"url":"https:\/\/www.uartes.edu.ec\/sitio\/blog\/author\/ccortez\/"}]}},"uagb_featured_image_src":{"full":["https:\/\/www.uartes.edu.ec\/sitio\/wp-content\/uploads\/2021\/11\/01-BIENAL-UNIVERSITARIA.webp",2000,1333,false],"thumbnail":["https:\/\/www.uartes.edu.ec\/sitio\/wp-content\/uploads\/2021\/11\/01-BIENAL-UNIVERSITARIA.webp",150,100,false],"medium":["https:\/\/www.uartes.edu.ec\/sitio\/wp-content\/uploads\/2021\/11\/01-BIENAL-UNIVERSITARIA.webp",300,200,false],"medium_large":["https:\/\/www.uartes.edu.ec\/sitio\/wp-content\/uploads\/2021\/11\/01-BIENAL-UNIVERSITARIA.webp",768,512,false],"large":["https:\/\/www.uartes.edu.ec\/sitio\/wp-content\/uploads\/2021\/11\/01-BIENAL-UNIVERSITARIA.webp",644,429,false],"1536x1536":["https:\/\/www.uartes.edu.ec\/sitio\/wp-content\/uploads\/2021\/11\/01-BIENAL-UNIVERSITARIA.webp",1536,1024,false],"2048x2048":["https:\/\/www.uartes.edu.ec\/sitio\/wp-content\/uploads\/2021\/11\/01-BIENAL-UNIVERSITARIA.webp",2000,1333,false],"trp-custom-language-flag":["https:\/\/www.uartes.edu.ec\/sitio\/wp-content\/uploads\/2021\/11\/01-BIENAL-UNIVERSITARIA.webp",18,12,false],"htmega_size_585x295":["https:\/\/www.uartes.edu.ec\/sitio\/wp-content\/uploads\/2021\/11\/01-BIENAL-UNIVERSITARIA.webp",443,295,false],"htmega_size_1170x536":["https:\/\/www.uartes.edu.ec\/sitio\/wp-content\/uploads\/2021\/11\/01-BIENAL-UNIVERSITARIA.webp",804,536,false],"htmega_size_396x360":["https:\/\/www.uartes.edu.ec\/sitio\/wp-content\/uploads\/2021\/11\/01-BIENAL-UNIVERSITARIA.webp",396,264,false],"gb-block-post-grid-landscape":["https:\/\/www.uartes.edu.ec\/sitio\/wp-content\/uploads\/2021\/11\/01-BIENAL-UNIVERSITARIA.webp",600,400,false],"gb-block-post-grid-square":["https:\/\/www.uartes.edu.ec\/sitio\/wp-content\/uploads\/2021\/11\/01-BIENAL-UNIVERSITARIA.webp",600,400,false],"university-hub-thumb":["https:\/\/www.uartes.edu.ec\/sitio\/wp-content\/uploads\/2021\/11\/01-BIENAL-UNIVERSITARIA.webp",400,267,false]},"uagb_author_info":{"display_name":"ccortez","author_link":"https:\/\/www.uartes.edu.ec\/sitio\/blog\/author\/ccortez\/"},"uagb_comment_info":0,"uagb_excerpt":"Estudiantes y egresados de la Universidad de las Artes participan con sus obras en \u201cAlternativas presentes\u201d, la primera edici\u00f3n de la Bienal Universitaria de Arte Multimedial, BUAM 2021. Se inaugur\u00f3 en octubre pasado en el Centro de Arte Contempor\u00e1neo (CAC) de la capital y se mantendr\u00e1 en ese escenario, as\u00ed como en Q Galer\u00eda Virtual,&hellip;","featured_image_src":"https:\/\/www.uartes.edu.ec\/sitio\/wp-content\/uploads\/2021\/11\/01-BIENAL-UNIVERSITARIA.webp","featured_image_src_square":"https:\/\/www.uartes.edu.ec\/sitio\/wp-content\/uploads\/2021\/11\/01-BIENAL-UNIVERSITARIA.webp","author_info":{"display_name":"ccortez","author_link":"https:\/\/www.uartes.edu.ec\/sitio\/blog\/author\/ccortez\/"},"publishpress_future_workflow_manual_trigger":{"enabledWorkflows":[]},"distributor_meta":false,"distributor_terms":false,"distributor_media":false,"distributor_original_site_name":"Universidad de las Artes","distributor_original_site_url":"https:\/\/www.uartes.edu.ec\/sitio","push-errors":false,"_links":{"self":[{"href":"https:\/\/www.uartes.edu.ec\/sitio\/wp-json\/wp\/v2\/posts\/16557","targetHints":{"allow":["GET"]}}],"collection":[{"href":"https:\/\/www.uartes.edu.ec\/sitio\/wp-json\/wp\/v2\/posts"}],"about":[{"href":"https:\/\/www.uartes.edu.ec\/sitio\/wp-json\/wp\/v2\/types\/post"}],"author":[{"embeddable":true,"href":"https:\/\/www.uartes.edu.ec\/sitio\/wp-json\/wp\/v2\/users\/10"}],"replies":[{"embeddable":true,"href":"https:\/\/www.uartes.edu.ec\/sitio\/wp-json\/wp\/v2\/comments?post=16557"}],"version-history":[{"count":4,"href":"https:\/\/www.uartes.edu.ec\/sitio\/wp-json\/wp\/v2\/posts\/16557\/revisions"}],"predecessor-version":[{"id":18624,"href":"https:\/\/www.uartes.edu.ec\/sitio\/wp-json\/wp\/v2\/posts\/16557\/revisions\/18624"}],"wp:featuredmedia":[{"embeddable":true,"href":"https:\/\/www.uartes.edu.ec\/sitio\/wp-json\/wp\/v2\/media\/16558"}],"wp:attachment":[{"href":"https:\/\/www.uartes.edu.ec\/sitio\/wp-json\/wp\/v2\/media?parent=16557"}],"wp:term":[{"taxonomy":"category","embeddable":true,"href":"https:\/\/www.uartes.edu.ec\/sitio\/wp-json\/wp\/v2\/categories?post=16557"},{"taxonomy":"post_tag","embeddable":true,"href":"https:\/\/www.uartes.edu.ec\/sitio\/wp-json\/wp\/v2\/tags?post=16557"},{"taxonomy":"infouartes","embeddable":true,"href":"https:\/\/www.uartes.edu.ec\/sitio\/wp-json\/wp\/v2\/infouartes?post=16557"}],"curies":[{"name":"wp","href":"https:\/\/api.w.org\/{rel}","templated":true}]}}