{"id":16564,"date":"2021-11-09T18:44:00","date_gmt":"2021-11-09T23:44:00","guid":{"rendered":"http:\/\/www.uartes.edu.ec\/sitio\/?p=16564"},"modified":"2024-07-04T11:25:25","modified_gmt":"2024-07-04T16:25:25","slug":"erodita-gano-su-espacio-en-la-programacion-oficial-del-vi-festival-internacional-de-artes-vivas-loja","status":"publish","type":"post","link":"https:\/\/www.uartes.edu.ec\/sitio\/blog\/2021\/11\/09\/erodita-gano-su-espacio-en-la-programacion-oficial-del-vi-festival-internacional-de-artes-vivas-loja\/","title":{"rendered":"\u201cErodita\u201d gan\u00f3 su espacio en la programaci\u00f3n oficial del VI Festival Internacional de Artes Vivas Loja"},"content":{"rendered":"\n<p>La obra <em>Erodita<\/em> consta en la programaci\u00f3n oficial del VI Festival Internacional de Artes Vivas Loja (FIAV-L), que del 17 al 28 de noviembre se desarrollar\u00e1 en la capital de la provincia ecuatoriana del mismo nombre. Esta adaptaci\u00f3n cinematogr\u00e1fica de la obra hom\u00f3nima de danza contempor\u00e1nea, ideada, dirigida y coreografiada por Omar Aguirre, es interpretada por Patricio David Albarrac\u00edn y Miguel Palacios, graduados en la Escuela de Artes Esc\u00e9nicas de la Universidad de las Artes.<\/p>\n\n\n\n<p>Para llegar al FIAV-L, <em>Erodita<\/em> particip\u00f3 en un concurso p\u00fablico anunciado en agosto pasado por el Instituto de Fomento a la Creatividad y la Innovaci\u00f3n (IFCI), para financiar el fomento, la promoci\u00f3n y la difusi\u00f3n de las actividades que realicen los creadores, productores y gestores culturales en el marco de la VI edici\u00f3n del festival. La obra gan\u00f3 dentro de la secci\u00f3n de Sala Virtual, siendo escogida para ser parte de la programaci\u00f3n oficial de la cita.<\/p>\n\n\n\n<p>Asimismo, la producci\u00f3n fue uno de los proyectos ganadores de la l\u00ednea de fomento Cultura en Movimiento EMERGE 2020, financiado por el IFCI.<\/p>\n\n\n\n<p>Junto con Palacios y&nbsp;Albarrac\u00edn, quienes asumieron tambi\u00e9n la producci\u00f3n general, intervienen los alumnis UArtes Daniel Santos, graduado de Cine; Sergio Mendoza, graduado de Creaci\u00f3n Teatral; y, David Barber\u00e1n, graduado en Producci\u00f3n Musical y Sonora, as\u00ed como el estudiante Alexander Pereira (de Cine).<\/p>\n\n\n\n<p>La traducci\u00f3n a lenguaje audiovisual la hizo el cineasta David Grijalva Moscoso y el dise\u00f1o sonoro Enrique Land\u00edvar, profesional tambi\u00e9n graduado en la UArtes. La m\u00fasica cuenta con la participaci\u00f3n de Melissa Mourelle, quien adapt\u00f3 el tema principal, originalmente de la cantante esmeralde\u00f1a Erodita Wila; en la l\u00ednea gr\u00e1fica, la dise\u00f1adora Alisa Pincay; y, en la asistencia de producci\u00f3n, Denisse C\u00f3rdova.<\/p>\n\n\n\n<figure class=\"wp-block-image size-full\"><img fetchpriority=\"high\" decoding=\"async\" width=\"2000\" height=\"1333\" src=\"http:\/\/www.uartes.edu.ec\/sitio\/wp-content\/uploads\/2021\/11\/ERO2.webp\" alt=\"\" class=\"wp-image-16630\" \/><\/figure>\n\n\n\n<p>Miguel Palacios explica que la obra toma como punto de partida la imagen de los tendales de cacao en la ciudad de Guayaquil del siglo XIX. A partir de esto se desarrolla toda una investigaci\u00f3n desde la teor\u00eda y la pr\u00e1ctica, pero, sobre todo, desde el juego y la improvisaci\u00f3n, que conduce a otros temas como el paso del tiempo, la lucha de poder, la masculinidad, los pactos y las convenciones sociales que se resisten a desaparecer.<\/p>\n\n\n\n<p>Agrega que <em>Erodita<\/em> se inici\u00f3 como proyecto en 2019 y debut\u00f3 en septiembre del mismo a\u00f1o, participando luego en dos encuentros locales: las&nbsp;Teatromuestras,&nbsp;organizadas por el Museo Municipal de Guayaquil, y&nbsp;Biblioteca Esc\u00e9nica, por la Biblioteca de las Artes.<\/p>\n\n\n\n<p>El estreno de la pel\u00edcula de videodanza se realiz\u00f3 en mayo de este a\u00f1o en&nbsp;el Espacio Mu\u00e9gano Teatro y cont\u00f3, adem\u00e1s, con un estreno en la ciudad de Esmeraldas gracias a la organizaci\u00f3n en conjunto con el proyecto Tambo de Lectura, coordinado por Anthony Guerrero, estudiante de la carrera de Literatura de la UArtes. Finalmente, hubo una temporada de tres d\u00edas en los que la obra se transmiti\u00f3 en distintas plataformas virtuales.<\/p>\n\n\n\n<p>En junio, <em>Erodita<\/em> fue seleccionada para ser parte de la programaci\u00f3n del&nbsp;XXII&nbsp;Encuentro Internacional &#8220;Manta por la danza&#8221;, uno de los festivales m\u00e1s emblem\u00e1ticos del pa\u00eds, siendo el de Loja su segunda participaci\u00f3n en un certamen internacional.<\/p>\n\n\n\n<p>La obra estar\u00e1 disponible en la p\u00e1gina web de manera permanente y totalmente gratuita durante los d\u00edas que dure el festival.<\/p>\n\n\n\n<p>El link directo a la p\u00e1gina de la obra es&nbsp;<a href=\"https:\/\/festivaldeloja.com\/title\/erodita\/\" target=\"_blank\" rel=\"noreferrer noopener\">https:\/\/festivaldeloja.com\/title\/erodita\/<\/a><\/p>\n","protected":false},"excerpt":{"rendered":"<p>La obra Erodita consta en la programaci\u00f3n oficial del VI Festival Internacional de Artes Vivas Loja (FIAV-L), que del 17 al 28 de noviembre se desarrollar\u00e1 en la capital de la provincia ecuatoriana del mismo nombre. Esta adaptaci\u00f3n cinematogr\u00e1fica de la obra hom\u00f3nima de danza contempor\u00e1nea, ideada, dirigida y coreografiada por Omar Aguirre, es interpretada por Patricio David Albarrac\u00edn y Miguel Palacios, graduados en la Escuela de Artes Esc\u00e9nicas de la Universidad de las Artes.<\/p>\n","protected":false},"author":10,"featured_media":16629,"comment_status":"open","ping_status":"open","sticky":false,"template":"","format":"standard","meta":{"_acf_changed":false,"_uag_custom_page_level_css":"","_monsterinsights_skip_tracking":false,"_monsterinsights_sitenote_active":false,"_monsterinsights_sitenote_note":"","_monsterinsights_sitenote_category":0,"cybocfi_hide_featured_image":"","footnotes":""},"categories":[490,159,150,147,76],"tags":[518],"infouartes":[],"class_list":["post-16564","post","type-post","status-publish","format-standard","has-post-thumbnail","hentry","category-alumni","category-artes-escenicas","category-artes-sonoras","category-cine","category-estudiantes","tag-produccion"],"acf":[],"yoast_head":"<!-- This site is optimized with the Yoast SEO plugin v27.4 - https:\/\/yoast.com\/product\/yoast-seo-wordpress\/ -->\n<title>Universidad de las Artes - \u201cErodita\u201d gan\u00f3 su espacio en la programaci\u00f3n oficial del VI Festival Internacional de Artes Vivas Loja<\/title>\n<meta name=\"description\" content=\"Universidad de las Artes - \u201cErodita\u201d gan\u00f3 su espacio en la programaci\u00f3n oficial del VI Festival Internacional de Artes Vivas Loja\" \/>\n<meta name=\"robots\" content=\"index, follow, max-snippet:-1, max-image-preview:large, max-video-preview:-1\" \/>\n<link rel=\"canonical\" href=\"https:\/\/www.uartes.edu.ec\/sitio\/blog\/2021\/11\/09\/erodita-gano-su-espacio-en-la-programacion-oficial-del-vi-festival-internacional-de-artes-vivas-loja\/\" \/>\n<meta property=\"og:locale\" content=\"es_ES\" \/>\n<meta property=\"og:type\" content=\"article\" \/>\n<meta property=\"og:title\" content=\"Universidad de las Artes - \u201cErodita\u201d gan\u00f3 su espacio en la programaci\u00f3n oficial del VI Festival Internacional de Artes Vivas Loja\" \/>\n<meta property=\"og:description\" content=\"Universidad de las Artes - \u201cErodita\u201d gan\u00f3 su espacio en la programaci\u00f3n oficial del VI Festival Internacional de Artes Vivas Loja\" \/>\n<meta property=\"og:url\" content=\"https:\/\/www.uartes.edu.ec\/sitio\/blog\/2021\/11\/09\/erodita-gano-su-espacio-en-la-programacion-oficial-del-vi-festival-internacional-de-artes-vivas-loja\/\" \/>\n<meta property=\"og:site_name\" content=\"Universidad de las Artes\" \/>\n<meta property=\"article:publisher\" content=\"https:\/\/www.facebook.com\/uartesec\" \/>\n<meta property=\"article:published_time\" content=\"2021-11-09T23:44:00+00:00\" \/>\n<meta property=\"article:modified_time\" content=\"2024-07-04T16:25:25+00:00\" \/>\n<meta property=\"og:image\" content=\"https:\/\/www.uartes.edu.ec\/sitio\/wp-content\/uploads\/2021\/11\/ERO1.webp\" \/>\n\t<meta property=\"og:image:width\" content=\"2000\" \/>\n\t<meta property=\"og:image:height\" content=\"1333\" \/>\n\t<meta property=\"og:image:type\" content=\"image\/webp\" \/>\n<meta name=\"author\" content=\"ccortez\" \/>\n<meta name=\"twitter:card\" content=\"summary_large_image\" \/>\n<meta name=\"twitter:creator\" content=\"@uartesec\" \/>\n<meta name=\"twitter:site\" content=\"@uartesec\" \/>\n<meta name=\"twitter:label1\" content=\"Escrito por\" \/>\n\t<meta name=\"twitter:data1\" content=\"ccortez\" \/>\n\t<meta name=\"twitter:label2\" content=\"Tiempo de lectura\" \/>\n\t<meta name=\"twitter:data2\" content=\"3 minutos\" \/>\n<script type=\"application\/ld+json\" class=\"yoast-schema-graph\">{\"@context\":\"https:\\\/\\\/schema.org\",\"@graph\":[{\"@type\":\"Article\",\"@id\":\"https:\\\/\\\/www.uartes.edu.ec\\\/sitio\\\/blog\\\/2021\\\/11\\\/09\\\/erodita-gano-su-espacio-en-la-programacion-oficial-del-vi-festival-internacional-de-artes-vivas-loja\\\/#article\",\"isPartOf\":{\"@id\":\"https:\\\/\\\/www.uartes.edu.ec\\\/sitio\\\/blog\\\/2021\\\/11\\\/09\\\/erodita-gano-su-espacio-en-la-programacion-oficial-del-vi-festival-internacional-de-artes-vivas-loja\\\/\"},\"author\":{\"name\":\"ccortez\",\"@id\":\"https:\\\/\\\/www.uartes.edu.ec\\\/sitio\\\/#\\\/schema\\\/person\\\/efa1b8275797664fd7f13a79ccc0b1f4\"},\"headline\":\"\u201cErodita\u201d gan\u00f3 su espacio en la programaci\u00f3n oficial del VI Festival Internacional de Artes Vivas Loja\",\"datePublished\":\"2021-11-09T23:44:00+00:00\",\"dateModified\":\"2024-07-04T16:25:25+00:00\",\"mainEntityOfPage\":{\"@id\":\"https:\\\/\\\/www.uartes.edu.ec\\\/sitio\\\/blog\\\/2021\\\/11\\\/09\\\/erodita-gano-su-espacio-en-la-programacion-oficial-del-vi-festival-internacional-de-artes-vivas-loja\\\/\"},\"wordCount\":618,\"commentCount\":0,\"publisher\":{\"@id\":\"https:\\\/\\\/www.uartes.edu.ec\\\/sitio\\\/#organization\"},\"image\":{\"@id\":\"https:\\\/\\\/www.uartes.edu.ec\\\/sitio\\\/blog\\\/2021\\\/11\\\/09\\\/erodita-gano-su-espacio-en-la-programacion-oficial-del-vi-festival-internacional-de-artes-vivas-loja\\\/#primaryimage\"},\"thumbnailUrl\":\"https:\\\/\\\/www.uartes.edu.ec\\\/sitio\\\/wp-content\\\/uploads\\\/2021\\\/11\\\/ERO1.webp\",\"keywords\":[\"producci\u00f3n\"],\"articleSection\":[\"Alumni\",\"Artes Esc\u00e9nicas\",\"Artes Sonoras\",\"Cine\",\"Estudiantes\"],\"inLanguage\":\"es\",\"potentialAction\":[{\"@type\":\"CommentAction\",\"name\":\"Comment\",\"target\":[\"https:\\\/\\\/www.uartes.edu.ec\\\/sitio\\\/blog\\\/2021\\\/11\\\/09\\\/erodita-gano-su-espacio-en-la-programacion-oficial-del-vi-festival-internacional-de-artes-vivas-loja\\\/#respond\"]}]},{\"@type\":[\"WebPage\",\"ItemPage\"],\"@id\":\"https:\\\/\\\/www.uartes.edu.ec\\\/sitio\\\/blog\\\/2021\\\/11\\\/09\\\/erodita-gano-su-espacio-en-la-programacion-oficial-del-vi-festival-internacional-de-artes-vivas-loja\\\/\",\"url\":\"https:\\\/\\\/www.uartes.edu.ec\\\/sitio\\\/blog\\\/2021\\\/11\\\/09\\\/erodita-gano-su-espacio-en-la-programacion-oficial-del-vi-festival-internacional-de-artes-vivas-loja\\\/\",\"name\":\"Universidad de las Artes - \u201cErodita\u201d gan\u00f3 su espacio en la programaci\u00f3n oficial del VI Festival Internacional de Artes Vivas Loja\",\"isPartOf\":{\"@id\":\"https:\\\/\\\/www.uartes.edu.ec\\\/sitio\\\/#website\"},\"primaryImageOfPage\":{\"@id\":\"https:\\\/\\\/www.uartes.edu.ec\\\/sitio\\\/blog\\\/2021\\\/11\\\/09\\\/erodita-gano-su-espacio-en-la-programacion-oficial-del-vi-festival-internacional-de-artes-vivas-loja\\\/#primaryimage\"},\"image\":{\"@id\":\"https:\\\/\\\/www.uartes.edu.ec\\\/sitio\\\/blog\\\/2021\\\/11\\\/09\\\/erodita-gano-su-espacio-en-la-programacion-oficial-del-vi-festival-internacional-de-artes-vivas-loja\\\/#primaryimage\"},\"thumbnailUrl\":\"https:\\\/\\\/www.uartes.edu.ec\\\/sitio\\\/wp-content\\\/uploads\\\/2021\\\/11\\\/ERO1.webp\",\"datePublished\":\"2021-11-09T23:44:00+00:00\",\"dateModified\":\"2024-07-04T16:25:25+00:00\",\"description\":\"Universidad de las Artes - \u201cErodita\u201d gan\u00f3 su espacio en la programaci\u00f3n oficial del VI Festival Internacional de Artes Vivas Loja\",\"breadcrumb\":{\"@id\":\"https:\\\/\\\/www.uartes.edu.ec\\\/sitio\\\/blog\\\/2021\\\/11\\\/09\\\/erodita-gano-su-espacio-en-la-programacion-oficial-del-vi-festival-internacional-de-artes-vivas-loja\\\/#breadcrumb\"},\"inLanguage\":\"es\",\"potentialAction\":[{\"@type\":\"ReadAction\",\"target\":[\"https:\\\/\\\/www.uartes.edu.ec\\\/sitio\\\/blog\\\/2021\\\/11\\\/09\\\/erodita-gano-su-espacio-en-la-programacion-oficial-del-vi-festival-internacional-de-artes-vivas-loja\\\/\"]}]},{\"@type\":\"ImageObject\",\"inLanguage\":\"es\",\"@id\":\"https:\\\/\\\/www.uartes.edu.ec\\\/sitio\\\/blog\\\/2021\\\/11\\\/09\\\/erodita-gano-su-espacio-en-la-programacion-oficial-del-vi-festival-internacional-de-artes-vivas-loja\\\/#primaryimage\",\"url\":\"https:\\\/\\\/www.uartes.edu.ec\\\/sitio\\\/wp-content\\\/uploads\\\/2021\\\/11\\\/ERO1.webp\",\"contentUrl\":\"https:\\\/\\\/www.uartes.edu.ec\\\/sitio\\\/wp-content\\\/uploads\\\/2021\\\/11\\\/ERO1.webp\",\"width\":2000,\"height\":1333},{\"@type\":\"BreadcrumbList\",\"@id\":\"https:\\\/\\\/www.uartes.edu.ec\\\/sitio\\\/blog\\\/2021\\\/11\\\/09\\\/erodita-gano-su-espacio-en-la-programacion-oficial-del-vi-festival-internacional-de-artes-vivas-loja\\\/#breadcrumb\",\"itemListElement\":[{\"@type\":\"ListItem\",\"position\":1,\"name\":\"Inicio\",\"item\":\"https:\\\/\\\/www.uartes.edu.ec\\\/sitio\\\/\"},{\"@type\":\"ListItem\",\"position\":2,\"name\":\"\u201cErodita\u201d gan\u00f3 su espacio en la programaci\u00f3n oficial del VI Festival Internacional de Artes Vivas Loja\"}]},{\"@type\":\"WebSite\",\"@id\":\"https:\\\/\\\/www.uartes.edu.ec\\\/sitio\\\/#website\",\"url\":\"https:\\\/\\\/www.uartes.edu.ec\\\/sitio\\\/\",\"name\":\"Universidad de las Artes\",\"description\":\"Sitio oficial de la Universidad Nacional de las Artes del Ecuador\",\"publisher\":{\"@id\":\"https:\\\/\\\/www.uartes.edu.ec\\\/sitio\\\/#organization\"},\"potentialAction\":[{\"@type\":\"SearchAction\",\"target\":{\"@type\":\"EntryPoint\",\"urlTemplate\":\"https:\\\/\\\/www.uartes.edu.ec\\\/sitio\\\/?s={search_term_string}\"},\"query-input\":{\"@type\":\"PropertyValueSpecification\",\"valueRequired\":true,\"valueName\":\"search_term_string\"}}],\"inLanguage\":\"es\"},{\"@type\":\"Organization\",\"@id\":\"https:\\\/\\\/www.uartes.edu.ec\\\/sitio\\\/#organization\",\"name\":\"Universidad de las Artes\",\"url\":\"https:\\\/\\\/www.uartes.edu.ec\\\/sitio\\\/\",\"logo\":{\"@type\":\"ImageObject\",\"inLanguage\":\"es\",\"@id\":\"https:\\\/\\\/www.uartes.edu.ec\\\/sitio\\\/#\\\/schema\\\/logo\\\/image\\\/\",\"url\":\"https:\\\/\\\/www.uartes.edu.ec\\\/sitio\\\/wp-content\\\/uploads\\\/2022\\\/07\\\/logo-ua-horizontal.png\",\"contentUrl\":\"https:\\\/\\\/www.uartes.edu.ec\\\/sitio\\\/wp-content\\\/uploads\\\/2022\\\/07\\\/logo-ua-horizontal.png\",\"width\":800,\"height\":276,\"caption\":\"Universidad de las Artes\"},\"image\":{\"@id\":\"https:\\\/\\\/www.uartes.edu.ec\\\/sitio\\\/#\\\/schema\\\/logo\\\/image\\\/\"},\"sameAs\":[\"https:\\\/\\\/www.facebook.com\\\/uartesec\",\"https:\\\/\\\/x.com\\\/uartesec\",\"https:\\\/\\\/www.tiktok.com\\\/@uartesec\"]},{\"@type\":\"Person\",\"@id\":\"https:\\\/\\\/www.uartes.edu.ec\\\/sitio\\\/#\\\/schema\\\/person\\\/efa1b8275797664fd7f13a79ccc0b1f4\",\"name\":\"ccortez\",\"image\":{\"@type\":\"ImageObject\",\"inLanguage\":\"es\",\"@id\":\"https:\\\/\\\/secure.gravatar.com\\\/avatar\\\/b2a6f664a3ae8e074346ef91775736c5ec479e637ecced6842de9dc98b5da9cd?s=96&d=mm&r=g\",\"url\":\"https:\\\/\\\/secure.gravatar.com\\\/avatar\\\/b2a6f664a3ae8e074346ef91775736c5ec479e637ecced6842de9dc98b5da9cd?s=96&d=mm&r=g\",\"contentUrl\":\"https:\\\/\\\/secure.gravatar.com\\\/avatar\\\/b2a6f664a3ae8e074346ef91775736c5ec479e637ecced6842de9dc98b5da9cd?s=96&d=mm&r=g\",\"caption\":\"ccortez\"},\"url\":\"https:\\\/\\\/www.uartes.edu.ec\\\/sitio\\\/blog\\\/author\\\/ccortez\\\/\"}]}<\/script>\n<!-- \/ Yoast SEO plugin. -->","yoast_head_json":{"title":"Universidad de las Artes - \u201cErodita\u201d gan\u00f3 su espacio en la programaci\u00f3n oficial del VI Festival Internacional de Artes Vivas Loja","description":"Universidad de las Artes - \u201cErodita\u201d gan\u00f3 su espacio en la programaci\u00f3n oficial del VI Festival Internacional de Artes Vivas Loja","robots":{"index":"index","follow":"follow","max-snippet":"max-snippet:-1","max-image-preview":"max-image-preview:large","max-video-preview":"max-video-preview:-1"},"canonical":"https:\/\/www.uartes.edu.ec\/sitio\/blog\/2021\/11\/09\/erodita-gano-su-espacio-en-la-programacion-oficial-del-vi-festival-internacional-de-artes-vivas-loja\/","og_locale":"es_ES","og_type":"article","og_title":"Universidad de las Artes - \u201cErodita\u201d gan\u00f3 su espacio en la programaci\u00f3n oficial del VI Festival Internacional de Artes Vivas Loja","og_description":"Universidad de las Artes - \u201cErodita\u201d gan\u00f3 su espacio en la programaci\u00f3n oficial del VI Festival Internacional de Artes Vivas Loja","og_url":"https:\/\/www.uartes.edu.ec\/sitio\/blog\/2021\/11\/09\/erodita-gano-su-espacio-en-la-programacion-oficial-del-vi-festival-internacional-de-artes-vivas-loja\/","og_site_name":"Universidad de las Artes","article_publisher":"https:\/\/www.facebook.com\/uartesec","article_published_time":"2021-11-09T23:44:00+00:00","article_modified_time":"2024-07-04T16:25:25+00:00","og_image":[{"width":2000,"height":1333,"url":"https:\/\/www.uartes.edu.ec\/sitio\/wp-content\/uploads\/2021\/11\/ERO1.webp","type":"image\/webp"}],"author":"ccortez","twitter_card":"summary_large_image","twitter_creator":"@uartesec","twitter_site":"@uartesec","twitter_misc":{"Escrito por":"ccortez","Tiempo de lectura":"3 minutos"},"schema":{"@context":"https:\/\/schema.org","@graph":[{"@type":"Article","@id":"https:\/\/www.uartes.edu.ec\/sitio\/blog\/2021\/11\/09\/erodita-gano-su-espacio-en-la-programacion-oficial-del-vi-festival-internacional-de-artes-vivas-loja\/#article","isPartOf":{"@id":"https:\/\/www.uartes.edu.ec\/sitio\/blog\/2021\/11\/09\/erodita-gano-su-espacio-en-la-programacion-oficial-del-vi-festival-internacional-de-artes-vivas-loja\/"},"author":{"name":"ccortez","@id":"https:\/\/www.uartes.edu.ec\/sitio\/#\/schema\/person\/efa1b8275797664fd7f13a79ccc0b1f4"},"headline":"\u201cErodita\u201d gan\u00f3 su espacio en la programaci\u00f3n oficial del VI Festival Internacional de Artes Vivas Loja","datePublished":"2021-11-09T23:44:00+00:00","dateModified":"2024-07-04T16:25:25+00:00","mainEntityOfPage":{"@id":"https:\/\/www.uartes.edu.ec\/sitio\/blog\/2021\/11\/09\/erodita-gano-su-espacio-en-la-programacion-oficial-del-vi-festival-internacional-de-artes-vivas-loja\/"},"wordCount":618,"commentCount":0,"publisher":{"@id":"https:\/\/www.uartes.edu.ec\/sitio\/#organization"},"image":{"@id":"https:\/\/www.uartes.edu.ec\/sitio\/blog\/2021\/11\/09\/erodita-gano-su-espacio-en-la-programacion-oficial-del-vi-festival-internacional-de-artes-vivas-loja\/#primaryimage"},"thumbnailUrl":"https:\/\/www.uartes.edu.ec\/sitio\/wp-content\/uploads\/2021\/11\/ERO1.webp","keywords":["producci\u00f3n"],"articleSection":["Alumni","Artes Esc\u00e9nicas","Artes Sonoras","Cine","Estudiantes"],"inLanguage":"es","potentialAction":[{"@type":"CommentAction","name":"Comment","target":["https:\/\/www.uartes.edu.ec\/sitio\/blog\/2021\/11\/09\/erodita-gano-su-espacio-en-la-programacion-oficial-del-vi-festival-internacional-de-artes-vivas-loja\/#respond"]}]},{"@type":["WebPage","ItemPage"],"@id":"https:\/\/www.uartes.edu.ec\/sitio\/blog\/2021\/11\/09\/erodita-gano-su-espacio-en-la-programacion-oficial-del-vi-festival-internacional-de-artes-vivas-loja\/","url":"https:\/\/www.uartes.edu.ec\/sitio\/blog\/2021\/11\/09\/erodita-gano-su-espacio-en-la-programacion-oficial-del-vi-festival-internacional-de-artes-vivas-loja\/","name":"Universidad de las Artes - \u201cErodita\u201d gan\u00f3 su espacio en la programaci\u00f3n oficial del VI Festival Internacional de Artes Vivas Loja","isPartOf":{"@id":"https:\/\/www.uartes.edu.ec\/sitio\/#website"},"primaryImageOfPage":{"@id":"https:\/\/www.uartes.edu.ec\/sitio\/blog\/2021\/11\/09\/erodita-gano-su-espacio-en-la-programacion-oficial-del-vi-festival-internacional-de-artes-vivas-loja\/#primaryimage"},"image":{"@id":"https:\/\/www.uartes.edu.ec\/sitio\/blog\/2021\/11\/09\/erodita-gano-su-espacio-en-la-programacion-oficial-del-vi-festival-internacional-de-artes-vivas-loja\/#primaryimage"},"thumbnailUrl":"https:\/\/www.uartes.edu.ec\/sitio\/wp-content\/uploads\/2021\/11\/ERO1.webp","datePublished":"2021-11-09T23:44:00+00:00","dateModified":"2024-07-04T16:25:25+00:00","description":"Universidad de las Artes - \u201cErodita\u201d gan\u00f3 su espacio en la programaci\u00f3n oficial del VI Festival Internacional de Artes Vivas Loja","breadcrumb":{"@id":"https:\/\/www.uartes.edu.ec\/sitio\/blog\/2021\/11\/09\/erodita-gano-su-espacio-en-la-programacion-oficial-del-vi-festival-internacional-de-artes-vivas-loja\/#breadcrumb"},"inLanguage":"es","potentialAction":[{"@type":"ReadAction","target":["https:\/\/www.uartes.edu.ec\/sitio\/blog\/2021\/11\/09\/erodita-gano-su-espacio-en-la-programacion-oficial-del-vi-festival-internacional-de-artes-vivas-loja\/"]}]},{"@type":"ImageObject","inLanguage":"es","@id":"https:\/\/www.uartes.edu.ec\/sitio\/blog\/2021\/11\/09\/erodita-gano-su-espacio-en-la-programacion-oficial-del-vi-festival-internacional-de-artes-vivas-loja\/#primaryimage","url":"https:\/\/www.uartes.edu.ec\/sitio\/wp-content\/uploads\/2021\/11\/ERO1.webp","contentUrl":"https:\/\/www.uartes.edu.ec\/sitio\/wp-content\/uploads\/2021\/11\/ERO1.webp","width":2000,"height":1333},{"@type":"BreadcrumbList","@id":"https:\/\/www.uartes.edu.ec\/sitio\/blog\/2021\/11\/09\/erodita-gano-su-espacio-en-la-programacion-oficial-del-vi-festival-internacional-de-artes-vivas-loja\/#breadcrumb","itemListElement":[{"@type":"ListItem","position":1,"name":"Inicio","item":"https:\/\/www.uartes.edu.ec\/sitio\/"},{"@type":"ListItem","position":2,"name":"\u201cErodita\u201d gan\u00f3 su espacio en la programaci\u00f3n oficial del VI Festival Internacional de Artes Vivas Loja"}]},{"@type":"WebSite","@id":"https:\/\/www.uartes.edu.ec\/sitio\/#website","url":"https:\/\/www.uartes.edu.ec\/sitio\/","name":"Universidad de las Artes","description":"Sitio oficial de la Universidad Nacional de las Artes del Ecuador","publisher":{"@id":"https:\/\/www.uartes.edu.ec\/sitio\/#organization"},"potentialAction":[{"@type":"SearchAction","target":{"@type":"EntryPoint","urlTemplate":"https:\/\/www.uartes.edu.ec\/sitio\/?s={search_term_string}"},"query-input":{"@type":"PropertyValueSpecification","valueRequired":true,"valueName":"search_term_string"}}],"inLanguage":"es"},{"@type":"Organization","@id":"https:\/\/www.uartes.edu.ec\/sitio\/#organization","name":"Universidad de las Artes","url":"https:\/\/www.uartes.edu.ec\/sitio\/","logo":{"@type":"ImageObject","inLanguage":"es","@id":"https:\/\/www.uartes.edu.ec\/sitio\/#\/schema\/logo\/image\/","url":"https:\/\/www.uartes.edu.ec\/sitio\/wp-content\/uploads\/2022\/07\/logo-ua-horizontal.png","contentUrl":"https:\/\/www.uartes.edu.ec\/sitio\/wp-content\/uploads\/2022\/07\/logo-ua-horizontal.png","width":800,"height":276,"caption":"Universidad de las Artes"},"image":{"@id":"https:\/\/www.uartes.edu.ec\/sitio\/#\/schema\/logo\/image\/"},"sameAs":["https:\/\/www.facebook.com\/uartesec","https:\/\/x.com\/uartesec","https:\/\/www.tiktok.com\/@uartesec"]},{"@type":"Person","@id":"https:\/\/www.uartes.edu.ec\/sitio\/#\/schema\/person\/efa1b8275797664fd7f13a79ccc0b1f4","name":"ccortez","image":{"@type":"ImageObject","inLanguage":"es","@id":"https:\/\/secure.gravatar.com\/avatar\/b2a6f664a3ae8e074346ef91775736c5ec479e637ecced6842de9dc98b5da9cd?s=96&d=mm&r=g","url":"https:\/\/secure.gravatar.com\/avatar\/b2a6f664a3ae8e074346ef91775736c5ec479e637ecced6842de9dc98b5da9cd?s=96&d=mm&r=g","contentUrl":"https:\/\/secure.gravatar.com\/avatar\/b2a6f664a3ae8e074346ef91775736c5ec479e637ecced6842de9dc98b5da9cd?s=96&d=mm&r=g","caption":"ccortez"},"url":"https:\/\/www.uartes.edu.ec\/sitio\/blog\/author\/ccortez\/"}]}},"uagb_featured_image_src":{"full":["https:\/\/www.uartes.edu.ec\/sitio\/wp-content\/uploads\/2021\/11\/ERO1.webp",2000,1333,false],"thumbnail":["https:\/\/www.uartes.edu.ec\/sitio\/wp-content\/uploads\/2021\/11\/ERO1.webp",150,100,false],"medium":["https:\/\/www.uartes.edu.ec\/sitio\/wp-content\/uploads\/2021\/11\/ERO1.webp",300,200,false],"medium_large":["https:\/\/www.uartes.edu.ec\/sitio\/wp-content\/uploads\/2021\/11\/ERO1.webp",768,512,false],"large":["https:\/\/www.uartes.edu.ec\/sitio\/wp-content\/uploads\/2021\/11\/ERO1.webp",644,429,false],"1536x1536":["https:\/\/www.uartes.edu.ec\/sitio\/wp-content\/uploads\/2021\/11\/ERO1.webp",1536,1024,false],"2048x2048":["https:\/\/www.uartes.edu.ec\/sitio\/wp-content\/uploads\/2021\/11\/ERO1.webp",2000,1333,false],"trp-custom-language-flag":["https:\/\/www.uartes.edu.ec\/sitio\/wp-content\/uploads\/2021\/11\/ERO1.webp",18,12,false],"htmega_size_585x295":["https:\/\/www.uartes.edu.ec\/sitio\/wp-content\/uploads\/2021\/11\/ERO1.webp",443,295,false],"htmega_size_1170x536":["https:\/\/www.uartes.edu.ec\/sitio\/wp-content\/uploads\/2021\/11\/ERO1.webp",804,536,false],"htmega_size_396x360":["https:\/\/www.uartes.edu.ec\/sitio\/wp-content\/uploads\/2021\/11\/ERO1.webp",396,264,false],"gb-block-post-grid-landscape":["https:\/\/www.uartes.edu.ec\/sitio\/wp-content\/uploads\/2021\/11\/ERO1.webp",600,400,false],"gb-block-post-grid-square":["https:\/\/www.uartes.edu.ec\/sitio\/wp-content\/uploads\/2021\/11\/ERO1.webp",600,400,false],"university-hub-thumb":["https:\/\/www.uartes.edu.ec\/sitio\/wp-content\/uploads\/2021\/11\/ERO1.webp",400,267,false]},"uagb_author_info":{"display_name":"ccortez","author_link":"https:\/\/www.uartes.edu.ec\/sitio\/blog\/author\/ccortez\/"},"uagb_comment_info":0,"uagb_excerpt":"La obra Erodita consta en la programaci\u00f3n oficial del VI Festival Internacional de Artes Vivas Loja (FIAV-L), que del 17 al 28 de noviembre se desarrollar\u00e1 en la capital de la provincia ecuatoriana del mismo nombre. Esta adaptaci\u00f3n cinematogr\u00e1fica de la obra hom\u00f3nima de danza contempor\u00e1nea, ideada, dirigida y coreografiada por Omar Aguirre, es interpretada&hellip;","featured_image_src":"https:\/\/www.uartes.edu.ec\/sitio\/wp-content\/uploads\/2021\/11\/ERO1.webp","featured_image_src_square":"https:\/\/www.uartes.edu.ec\/sitio\/wp-content\/uploads\/2021\/11\/ERO1.webp","author_info":{"display_name":"ccortez","author_link":"https:\/\/www.uartes.edu.ec\/sitio\/blog\/author\/ccortez\/"},"publishpress_future_workflow_manual_trigger":{"enabledWorkflows":[]},"distributor_meta":false,"distributor_terms":false,"distributor_media":false,"distributor_original_site_name":"Universidad de las Artes","distributor_original_site_url":"https:\/\/www.uartes.edu.ec\/sitio","push-errors":false,"_links":{"self":[{"href":"https:\/\/www.uartes.edu.ec\/sitio\/wp-json\/wp\/v2\/posts\/16564","targetHints":{"allow":["GET"]}}],"collection":[{"href":"https:\/\/www.uartes.edu.ec\/sitio\/wp-json\/wp\/v2\/posts"}],"about":[{"href":"https:\/\/www.uartes.edu.ec\/sitio\/wp-json\/wp\/v2\/types\/post"}],"author":[{"embeddable":true,"href":"https:\/\/www.uartes.edu.ec\/sitio\/wp-json\/wp\/v2\/users\/10"}],"replies":[{"embeddable":true,"href":"https:\/\/www.uartes.edu.ec\/sitio\/wp-json\/wp\/v2\/comments?post=16564"}],"version-history":[{"count":3,"href":"https:\/\/www.uartes.edu.ec\/sitio\/wp-json\/wp\/v2\/posts\/16564\/revisions"}],"predecessor-version":[{"id":16634,"href":"https:\/\/www.uartes.edu.ec\/sitio\/wp-json\/wp\/v2\/posts\/16564\/revisions\/16634"}],"wp:featuredmedia":[{"embeddable":true,"href":"https:\/\/www.uartes.edu.ec\/sitio\/wp-json\/wp\/v2\/media\/16629"}],"wp:attachment":[{"href":"https:\/\/www.uartes.edu.ec\/sitio\/wp-json\/wp\/v2\/media?parent=16564"}],"wp:term":[{"taxonomy":"category","embeddable":true,"href":"https:\/\/www.uartes.edu.ec\/sitio\/wp-json\/wp\/v2\/categories?post=16564"},{"taxonomy":"post_tag","embeddable":true,"href":"https:\/\/www.uartes.edu.ec\/sitio\/wp-json\/wp\/v2\/tags?post=16564"},{"taxonomy":"infouartes","embeddable":true,"href":"https:\/\/www.uartes.edu.ec\/sitio\/wp-json\/wp\/v2\/infouartes?post=16564"}],"curies":[{"name":"wp","href":"https:\/\/api.w.org\/{rel}","templated":true}]}}