{"id":16635,"date":"2021-10-28T14:00:00","date_gmt":"2021-10-28T19:00:00","guid":{"rendered":"http:\/\/www.uartes.edu.ec\/sitio\/?p=16635"},"modified":"2024-07-04T11:25:27","modified_gmt":"2024-07-04T16:25:27","slug":"talento-e-investigacion-claves-en-recital-virtual-de-voz-y-piano-de-la-eas","status":"publish","type":"post","link":"https:\/\/www.uartes.edu.ec\/sitio\/blog\/2021\/10\/28\/talento-e-investigacion-claves-en-recital-virtual-de-voz-y-piano-de-la-eas\/","title":{"rendered":"Talento e investigaci\u00f3n, claves en recital virtual de voz y piano de la EAS"},"content":{"rendered":"\n<p>Que el recital virtual de voz y piano iba a ser especial y que tendr\u00eda muchas sorpresas anticip\u00f3 el doctor Rafael Guzm\u00e1n, docente de la Escuela de Artes Sonoras de la UArtes, al dar la bienvenida a la audiencia que este martes 26 de octubre se conect\u00f3 al Facebook Live para disfrutar de una cita en la que se escucharon las composiciones de los autores ecuatorianos Manuel V\u00edtores Polanco, In\u00e9s Jij\u00f3n, Aurora Rom\u00e1n Casares y Blanca Layana.<\/p>\n\n\n\n<p>La presentaci\u00f3n la organizaron las docentes Yasmine Yaselga y Zoila Cevallos y result\u00f3 realmente especial. No solo por el gran talento demostrado por los estudiantes de la EAS al interpretar pasillos, danzas, danzantes y preludios, sino por el trabajo de investigaci\u00f3n y rescate de obras de los autores nacionales, en especial de Manuel V\u00edtores, pianista de inicios del siglo XX cuyas partituras fueron recuperadas.<\/p>\n\n\n\n<p>El doctor Guzm\u00e1n, quien coordina en la UArtes la Maestr\u00eda de Composici\u00f3n Musical y Artes Sonoras, cont\u00f3 que los familiares del maestro V\u00edtores estaban conectados al Facebook Live, as\u00ed como la autora Aurora Rom\u00e1n Casares. Dio tambi\u00e9n un agradecimiento eterno a Yaselga y Cevallos por encargarse de sonar las partituras rescatadas.<\/p>\n\n\n\n<p>Agreg\u00f3 que no se iba referir al Grupo de Investigaci\u00f3n del Patrimonio Musical Ecuatoriano que integra con sus pares, sino de lo que significaba para ellas la labor pedag\u00f3gica que vienen realizando durante tantos a\u00f1os y de c\u00f3mo (esta) se ha convertido en un proceso de investigaci\u00f3n, sin necesidad de art\u00edculos o textos extensos.<\/p>\n\n\n\n<figure class=\"wp-block-image size-full\"><img fetchpriority=\"high\" decoding=\"async\" width=\"2000\" height=\"1333\" src=\"http:\/\/www.uartes.edu.ec\/sitio\/wp-content\/uploads\/2021\/11\/PME-2.webp\" alt=\"\" class=\"wp-image-16640\" \/><\/figure>\n\n\n\n<p>\u201cRompieron las rutinas y salieron de la zona de confort para ya no tanto seguir esos programas anquilosados para canto y piano, respectivamente, sino montar partituras nuevas y halladas. Muchas llegaron mutiladas y hubo que analizarlas e interpretarlas, y ese proceso que es el que, quiz\u00e1s, muchas veces se olvida. (\u2026) Estamos buscando las ra\u00edces, la identidad ecuatoriana, aquellas partituras que no han sido visibilizadas o muy poco interpretadas, o sencillamente est\u00e1n empolvadas\u201d, anot\u00f3 el doctor Guzm\u00e1n.<\/p>\n\n\n\n<p>Las partituras y el repertorio que se rescatan no valen nada si no suenan, \u00bfqu\u00e9 sentido tendr\u00eda si se quedara solo en el papel?, se cuestion\u00f3 el docente y coordinador, y mencion\u00f3 a otros integrantes del grupo: el doctor Andrey Astaiza, director de la EAS, y los docentes Daniel Orejuela y Omar Dom\u00ednguez.<\/p>\n\n\n\n<p>Yaselga y Cevallos hicieron todo el trabajo de an\u00e1lisis, montaje e interpretaci\u00f3n t\u00e9cnico de lo que se iba a escuchar, coment\u00f3 Guzm\u00e1n. La primera de las docentes mencionadas expres\u00f3 la satisfacci\u00f3n de presentar algunas de las obras rescatadas de los compositores considerados para la cita. Detall\u00f3 que en formato digital se recibieron 17 del maestro V\u00edtores, \u201cy qu\u00e9 grato descubrir que ha sido abuelo de un querido amigo, guitarrista y excompa\u00f1ero del Conservatorio Antonio Neumane\u201d.<\/p>\n\n\n\n<p>El recital, sostuvo, era el primero de su proyecto de investigaci\u00f3n \u201cLa m\u00fasica ecuatoriana en el repertorio de las y los estudiantes de canto de la UArtes\u201d, la cual es parte del proyecto Patrimonio Musical Ecuatoriano. \u201cUna peque\u00f1a muestra de lo que seguimos haciendo para rescatarlo y visibilizarlo, puesto que ha sido inexplorado por la musicolog\u00eda\u201d.<\/p>\n\n\n\n<figure class=\"wp-block-image size-full\"><img decoding=\"async\" width=\"2000\" height=\"1333\" src=\"http:\/\/www.uartes.edu.ec\/sitio\/wp-content\/uploads\/2021\/11\/PME-3.webp\" alt=\"\" class=\"wp-image-16639\" \/><\/figure>\n\n\n\n<p>Eran cuatro los pasillos de Manuel V\u00edtores los que se escuchar\u00edan, anunci\u00f3 Yaselga y dio paso al nieto del compositor, Jos\u00e9 V\u00edtores Matamoros, tambi\u00e9n arreglista, compositor, productor y guitarrista que se conect\u00f3 desde Alemania, donde reside. \u201cMi abuelo naci\u00f3 en Guayaquil en 1906 y falleci\u00f3 en 1976, compuso alrededor de 70 obras, entre pasillos, valses, boleros, merecumb\u00e9s, etc\u00e9tera\u201d, dijo. Revel\u00f3 guardar recuerdos muy gratos de \u00e9l y trabajar en la edici\u00f3n de una colecci\u00f3n de 17 pasillos, en un intento por dejar un legado musical en el Ecuador.<\/p>\n\n\n\n<p>El material referido se basa en manuscritos dejados por V\u00edtores. \u201cA mi criterio son un punto de partida para arreglos instrumentales, orquestales y no solo de piano\u201d, anot\u00f3 y resalt\u00f3 que es gracias a la UArtes que estos ser\u00e1n publicados y difundidos.<\/p>\n\n\n\n<p>Entonces se escucharon a los estudiantes UArtes interpretar cuatro pasillos del maestro V\u00edtores: <em>No digas que yo nunca te am\u00e9, <\/em>en la voz de Alisson Sol\u00eds, quien tambi\u00e9n cant\u00f3 <em>Nostalgia, <\/em>acompa\u00f1ada por Pablo Negrete en la guitarra y Ariana Gloria en la flauta<em>; <\/em>ambos temas con arreglos deRam\u00f3n Mont\u00fafar. Andrea Betancourt hizo suyo <em>Esc\u00fachame <\/em>y Odalys Avil\u00e9s<em>,<\/em> <em>Esperanza,<\/em> con Rousse Jama en el piano.<\/p>\n\n\n\n<p>En su intervenci\u00f3n, y previo a la presentaci\u00f3n de sus estudiantes, la docente Zoila Cevallos se\u00f1al\u00f3 la propuesta el trabajo desarrollado desde la EAS como la oportunidad de darla vida a obras de compositores ecuatorianos, visibiliz\u00e1ndola. Anunci\u00f3, a continuaci\u00f3n, las interpretaciones al piano de Elsa Astudillo, Aar\u00f3n Fuentes y Ernesto Romero \u2013estudiantes de tercero y cuarto semestre de la EAS\u2013 de obras de las maestras compositoras In\u00e9s Jij\u00f3n, Aurora Rom\u00e1n Casares y Blanca Layana.<\/p>\n\n\n\n<figure class=\"wp-block-image size-full\"><img decoding=\"async\" width=\"2000\" height=\"1333\" src=\"http:\/\/www.uartes.edu.ec\/sitio\/wp-content\/uploads\/2021\/11\/PME-4.webp\" alt=\"\" class=\"wp-image-16641\" \/><\/figure>\n\n\n\n<p>Ya ante el piano, Romero interpret\u00f3 el pasillo <em>Tierra M\u00eda,<\/em> de In\u00e9s Jij\u00f3n. Astudillo, las obras <em>Preludio No. 1,<\/em> de Aurora Rom\u00e1n Casares, y el danzante <em>Pensamiento Ind\u00edgena,<\/em> de Blanca Layana. De esta misma compositora, Aar\u00f3n Fuentes brind\u00f3 a la audiencia <em>Preludio No. 3 <\/em>y la danza <em>A orillas del r\u00edo.<\/em><\/p>\n\n\n\n<p>El recital concluy\u00f3 con las intervenciones de Elsa V\u00edtores, hija del maestro Manuel V\u00edtores, quien agradeci\u00f3 de coraz\u00f3n la presentaci\u00f3n. Hubo, asimismo, mensajes de m\u00e1s familiares del compositor, como Xavier V\u00edtores y el mismo Jos\u00e9 V\u00edtores, quien desde Berl\u00edn destac\u00f3 el trabajo realizado por los docentes, as\u00ed como a los\/las int\u00e9rpretes, arreglistas y ejecutantes \u201cque han demostrado un trabajo serio y profesional\u201d.<\/p>\n\n\n\n<p>Recital Virtual de Voz y Piano: Patrimonio Musical Ecuatoriano<br><a href=\"https:\/\/www.facebook.com\/eas.uartes\/videos\/411594397254584\">https:\/\/www.facebook.com\/eas.uartes\/videos\/411594397254584<\/a><\/p>\n","protected":false},"excerpt":{"rendered":"<p>Que el recital virtual de voz y piano iba a ser especial y que tendr\u00eda muchas sorpresas anticip\u00f3 el doctor Rafael Guzm\u00e1n, docente de la Escuela de Artes Sonoras de la UArtes, al dar la bienvenida a la audiencia que este martes 26 de octubre se conect\u00f3 al Facebook Live para disfrutar de una cita en la que se escucharon las composiciones de los autores ecuatorianos Manuel V\u00edtores Polanco, In\u00e9s Jij\u00f3n, Aurora Rom\u00e1n Casares y Blanca Layana.<\/p>\n","protected":false},"author":10,"featured_media":16638,"comment_status":"open","ping_status":"open","sticky":false,"template":"","format":"standard","meta":{"_acf_changed":false,"_uag_custom_page_level_css":"","_monsterinsights_skip_tracking":false,"_monsterinsights_sitenote_active":false,"_monsterinsights_sitenote_note":"","_monsterinsights_sitenote_category":0,"cybocfi_hide_featured_image":"","footnotes":""},"categories":[150,75,76,284],"tags":[545],"infouartes":[],"class_list":["post-16635","post","type-post","status-publish","format-standard","has-post-thumbnail","hentry","category-artes-sonoras","category-docentes","category-estudiantes","category-investigacion","tag-patrimonio"],"acf":[],"yoast_head":"<!-- This site is optimized with the Yoast SEO plugin v27.4 - https:\/\/yoast.com\/product\/yoast-seo-wordpress\/ -->\n<title>Universidad de las Artes - Talento e investigaci\u00f3n, claves en recital virtual de voz y piano de la EAS<\/title>\n<meta name=\"description\" content=\"Universidad de las Artes - Talento e investigaci\u00f3n, claves en recital virtual de voz y piano de la EAS\" \/>\n<meta name=\"robots\" content=\"index, follow, max-snippet:-1, max-image-preview:large, max-video-preview:-1\" \/>\n<link rel=\"canonical\" href=\"https:\/\/www.uartes.edu.ec\/sitio\/blog\/2021\/10\/28\/talento-e-investigacion-claves-en-recital-virtual-de-voz-y-piano-de-la-eas\/\" \/>\n<meta property=\"og:locale\" content=\"es_ES\" \/>\n<meta property=\"og:type\" content=\"article\" \/>\n<meta property=\"og:title\" content=\"Universidad de las Artes - Talento e investigaci\u00f3n, claves en recital virtual de voz y piano de la EAS\" \/>\n<meta property=\"og:description\" content=\"Universidad de las Artes - Talento e investigaci\u00f3n, claves en recital virtual de voz y piano de la EAS\" \/>\n<meta property=\"og:url\" content=\"https:\/\/www.uartes.edu.ec\/sitio\/blog\/2021\/10\/28\/talento-e-investigacion-claves-en-recital-virtual-de-voz-y-piano-de-la-eas\/\" \/>\n<meta property=\"og:site_name\" content=\"Universidad de las Artes\" \/>\n<meta property=\"article:publisher\" content=\"https:\/\/www.facebook.com\/uartesec\" \/>\n<meta property=\"article:published_time\" content=\"2021-10-28T19:00:00+00:00\" \/>\n<meta property=\"article:modified_time\" content=\"2024-07-04T16:25:27+00:00\" \/>\n<meta property=\"og:image\" content=\"https:\/\/www.uartes.edu.ec\/sitio\/wp-content\/uploads\/2021\/11\/PME.webp\" \/>\n\t<meta property=\"og:image:width\" content=\"2000\" \/>\n\t<meta property=\"og:image:height\" content=\"1333\" \/>\n\t<meta property=\"og:image:type\" content=\"image\/webp\" \/>\n<meta name=\"author\" content=\"ccortez\" \/>\n<meta name=\"twitter:card\" content=\"summary_large_image\" \/>\n<meta name=\"twitter:creator\" content=\"@uartesec\" \/>\n<meta name=\"twitter:site\" content=\"@uartesec\" \/>\n<meta name=\"twitter:label1\" content=\"Escrito por\" \/>\n\t<meta name=\"twitter:data1\" content=\"ccortez\" \/>\n\t<meta name=\"twitter:label2\" content=\"Tiempo de lectura\" \/>\n\t<meta name=\"twitter:data2\" content=\"5 minutos\" \/>\n<script type=\"application\/ld+json\" class=\"yoast-schema-graph\">{\"@context\":\"https:\\\/\\\/schema.org\",\"@graph\":[{\"@type\":\"Article\",\"@id\":\"https:\\\/\\\/www.uartes.edu.ec\\\/sitio\\\/blog\\\/2021\\\/10\\\/28\\\/talento-e-investigacion-claves-en-recital-virtual-de-voz-y-piano-de-la-eas\\\/#article\",\"isPartOf\":{\"@id\":\"https:\\\/\\\/www.uartes.edu.ec\\\/sitio\\\/blog\\\/2021\\\/10\\\/28\\\/talento-e-investigacion-claves-en-recital-virtual-de-voz-y-piano-de-la-eas\\\/\"},\"author\":{\"name\":\"ccortez\",\"@id\":\"https:\\\/\\\/www.uartes.edu.ec\\\/sitio\\\/#\\\/schema\\\/person\\\/efa1b8275797664fd7f13a79ccc0b1f4\"},\"headline\":\"Talento e investigaci\u00f3n, claves en recital virtual de voz y piano de la EAS\",\"datePublished\":\"2021-10-28T19:00:00+00:00\",\"dateModified\":\"2024-07-04T16:25:27+00:00\",\"mainEntityOfPage\":{\"@id\":\"https:\\\/\\\/www.uartes.edu.ec\\\/sitio\\\/blog\\\/2021\\\/10\\\/28\\\/talento-e-investigacion-claves-en-recital-virtual-de-voz-y-piano-de-la-eas\\\/\"},\"wordCount\":992,\"commentCount\":0,\"publisher\":{\"@id\":\"https:\\\/\\\/www.uartes.edu.ec\\\/sitio\\\/#organization\"},\"image\":{\"@id\":\"https:\\\/\\\/www.uartes.edu.ec\\\/sitio\\\/blog\\\/2021\\\/10\\\/28\\\/talento-e-investigacion-claves-en-recital-virtual-de-voz-y-piano-de-la-eas\\\/#primaryimage\"},\"thumbnailUrl\":\"https:\\\/\\\/www.uartes.edu.ec\\\/sitio\\\/wp-content\\\/uploads\\\/2021\\\/11\\\/PME.webp\",\"keywords\":[\"patrimonio\"],\"articleSection\":[\"Artes Sonoras\",\"Docentes\",\"Estudiantes\",\"Investigaci\u00f3n\"],\"inLanguage\":\"es\",\"potentialAction\":[{\"@type\":\"CommentAction\",\"name\":\"Comment\",\"target\":[\"https:\\\/\\\/www.uartes.edu.ec\\\/sitio\\\/blog\\\/2021\\\/10\\\/28\\\/talento-e-investigacion-claves-en-recital-virtual-de-voz-y-piano-de-la-eas\\\/#respond\"]}]},{\"@type\":[\"WebPage\",\"ItemPage\"],\"@id\":\"https:\\\/\\\/www.uartes.edu.ec\\\/sitio\\\/blog\\\/2021\\\/10\\\/28\\\/talento-e-investigacion-claves-en-recital-virtual-de-voz-y-piano-de-la-eas\\\/\",\"url\":\"https:\\\/\\\/www.uartes.edu.ec\\\/sitio\\\/blog\\\/2021\\\/10\\\/28\\\/talento-e-investigacion-claves-en-recital-virtual-de-voz-y-piano-de-la-eas\\\/\",\"name\":\"Universidad de las Artes - Talento e investigaci\u00f3n, claves en recital virtual de voz y piano de la EAS\",\"isPartOf\":{\"@id\":\"https:\\\/\\\/www.uartes.edu.ec\\\/sitio\\\/#website\"},\"primaryImageOfPage\":{\"@id\":\"https:\\\/\\\/www.uartes.edu.ec\\\/sitio\\\/blog\\\/2021\\\/10\\\/28\\\/talento-e-investigacion-claves-en-recital-virtual-de-voz-y-piano-de-la-eas\\\/#primaryimage\"},\"image\":{\"@id\":\"https:\\\/\\\/www.uartes.edu.ec\\\/sitio\\\/blog\\\/2021\\\/10\\\/28\\\/talento-e-investigacion-claves-en-recital-virtual-de-voz-y-piano-de-la-eas\\\/#primaryimage\"},\"thumbnailUrl\":\"https:\\\/\\\/www.uartes.edu.ec\\\/sitio\\\/wp-content\\\/uploads\\\/2021\\\/11\\\/PME.webp\",\"datePublished\":\"2021-10-28T19:00:00+00:00\",\"dateModified\":\"2024-07-04T16:25:27+00:00\",\"description\":\"Universidad de las Artes - Talento e investigaci\u00f3n, claves en recital virtual de voz y piano de la EAS\",\"breadcrumb\":{\"@id\":\"https:\\\/\\\/www.uartes.edu.ec\\\/sitio\\\/blog\\\/2021\\\/10\\\/28\\\/talento-e-investigacion-claves-en-recital-virtual-de-voz-y-piano-de-la-eas\\\/#breadcrumb\"},\"inLanguage\":\"es\",\"potentialAction\":[{\"@type\":\"ReadAction\",\"target\":[\"https:\\\/\\\/www.uartes.edu.ec\\\/sitio\\\/blog\\\/2021\\\/10\\\/28\\\/talento-e-investigacion-claves-en-recital-virtual-de-voz-y-piano-de-la-eas\\\/\"]}]},{\"@type\":\"ImageObject\",\"inLanguage\":\"es\",\"@id\":\"https:\\\/\\\/www.uartes.edu.ec\\\/sitio\\\/blog\\\/2021\\\/10\\\/28\\\/talento-e-investigacion-claves-en-recital-virtual-de-voz-y-piano-de-la-eas\\\/#primaryimage\",\"url\":\"https:\\\/\\\/www.uartes.edu.ec\\\/sitio\\\/wp-content\\\/uploads\\\/2021\\\/11\\\/PME.webp\",\"contentUrl\":\"https:\\\/\\\/www.uartes.edu.ec\\\/sitio\\\/wp-content\\\/uploads\\\/2021\\\/11\\\/PME.webp\",\"width\":2000,\"height\":1333},{\"@type\":\"BreadcrumbList\",\"@id\":\"https:\\\/\\\/www.uartes.edu.ec\\\/sitio\\\/blog\\\/2021\\\/10\\\/28\\\/talento-e-investigacion-claves-en-recital-virtual-de-voz-y-piano-de-la-eas\\\/#breadcrumb\",\"itemListElement\":[{\"@type\":\"ListItem\",\"position\":1,\"name\":\"Inicio\",\"item\":\"https:\\\/\\\/www.uartes.edu.ec\\\/sitio\\\/\"},{\"@type\":\"ListItem\",\"position\":2,\"name\":\"Talento e investigaci\u00f3n, claves en recital virtual de voz y piano de la EAS\"}]},{\"@type\":\"WebSite\",\"@id\":\"https:\\\/\\\/www.uartes.edu.ec\\\/sitio\\\/#website\",\"url\":\"https:\\\/\\\/www.uartes.edu.ec\\\/sitio\\\/\",\"name\":\"Universidad de las Artes\",\"description\":\"Sitio oficial de la Universidad Nacional de las Artes del Ecuador\",\"publisher\":{\"@id\":\"https:\\\/\\\/www.uartes.edu.ec\\\/sitio\\\/#organization\"},\"potentialAction\":[{\"@type\":\"SearchAction\",\"target\":{\"@type\":\"EntryPoint\",\"urlTemplate\":\"https:\\\/\\\/www.uartes.edu.ec\\\/sitio\\\/?s={search_term_string}\"},\"query-input\":{\"@type\":\"PropertyValueSpecification\",\"valueRequired\":true,\"valueName\":\"search_term_string\"}}],\"inLanguage\":\"es\"},{\"@type\":\"Organization\",\"@id\":\"https:\\\/\\\/www.uartes.edu.ec\\\/sitio\\\/#organization\",\"name\":\"Universidad de las Artes\",\"url\":\"https:\\\/\\\/www.uartes.edu.ec\\\/sitio\\\/\",\"logo\":{\"@type\":\"ImageObject\",\"inLanguage\":\"es\",\"@id\":\"https:\\\/\\\/www.uartes.edu.ec\\\/sitio\\\/#\\\/schema\\\/logo\\\/image\\\/\",\"url\":\"https:\\\/\\\/www.uartes.edu.ec\\\/sitio\\\/wp-content\\\/uploads\\\/2022\\\/07\\\/logo-ua-horizontal.png\",\"contentUrl\":\"https:\\\/\\\/www.uartes.edu.ec\\\/sitio\\\/wp-content\\\/uploads\\\/2022\\\/07\\\/logo-ua-horizontal.png\",\"width\":800,\"height\":276,\"caption\":\"Universidad de las Artes\"},\"image\":{\"@id\":\"https:\\\/\\\/www.uartes.edu.ec\\\/sitio\\\/#\\\/schema\\\/logo\\\/image\\\/\"},\"sameAs\":[\"https:\\\/\\\/www.facebook.com\\\/uartesec\",\"https:\\\/\\\/x.com\\\/uartesec\",\"https:\\\/\\\/www.tiktok.com\\\/@uartesec\"]},{\"@type\":\"Person\",\"@id\":\"https:\\\/\\\/www.uartes.edu.ec\\\/sitio\\\/#\\\/schema\\\/person\\\/efa1b8275797664fd7f13a79ccc0b1f4\",\"name\":\"ccortez\",\"image\":{\"@type\":\"ImageObject\",\"inLanguage\":\"es\",\"@id\":\"https:\\\/\\\/secure.gravatar.com\\\/avatar\\\/b2a6f664a3ae8e074346ef91775736c5ec479e637ecced6842de9dc98b5da9cd?s=96&d=mm&r=g\",\"url\":\"https:\\\/\\\/secure.gravatar.com\\\/avatar\\\/b2a6f664a3ae8e074346ef91775736c5ec479e637ecced6842de9dc98b5da9cd?s=96&d=mm&r=g\",\"contentUrl\":\"https:\\\/\\\/secure.gravatar.com\\\/avatar\\\/b2a6f664a3ae8e074346ef91775736c5ec479e637ecced6842de9dc98b5da9cd?s=96&d=mm&r=g\",\"caption\":\"ccortez\"},\"url\":\"https:\\\/\\\/www.uartes.edu.ec\\\/sitio\\\/blog\\\/author\\\/ccortez\\\/\"}]}<\/script>\n<!-- \/ Yoast SEO plugin. -->","yoast_head_json":{"title":"Universidad de las Artes - Talento e investigaci\u00f3n, claves en recital virtual de voz y piano de la EAS","description":"Universidad de las Artes - Talento e investigaci\u00f3n, claves en recital virtual de voz y piano de la EAS","robots":{"index":"index","follow":"follow","max-snippet":"max-snippet:-1","max-image-preview":"max-image-preview:large","max-video-preview":"max-video-preview:-1"},"canonical":"https:\/\/www.uartes.edu.ec\/sitio\/blog\/2021\/10\/28\/talento-e-investigacion-claves-en-recital-virtual-de-voz-y-piano-de-la-eas\/","og_locale":"es_ES","og_type":"article","og_title":"Universidad de las Artes - Talento e investigaci\u00f3n, claves en recital virtual de voz y piano de la EAS","og_description":"Universidad de las Artes - Talento e investigaci\u00f3n, claves en recital virtual de voz y piano de la EAS","og_url":"https:\/\/www.uartes.edu.ec\/sitio\/blog\/2021\/10\/28\/talento-e-investigacion-claves-en-recital-virtual-de-voz-y-piano-de-la-eas\/","og_site_name":"Universidad de las Artes","article_publisher":"https:\/\/www.facebook.com\/uartesec","article_published_time":"2021-10-28T19:00:00+00:00","article_modified_time":"2024-07-04T16:25:27+00:00","og_image":[{"width":2000,"height":1333,"url":"https:\/\/www.uartes.edu.ec\/sitio\/wp-content\/uploads\/2021\/11\/PME.webp","type":"image\/webp"}],"author":"ccortez","twitter_card":"summary_large_image","twitter_creator":"@uartesec","twitter_site":"@uartesec","twitter_misc":{"Escrito por":"ccortez","Tiempo de lectura":"5 minutos"},"schema":{"@context":"https:\/\/schema.org","@graph":[{"@type":"Article","@id":"https:\/\/www.uartes.edu.ec\/sitio\/blog\/2021\/10\/28\/talento-e-investigacion-claves-en-recital-virtual-de-voz-y-piano-de-la-eas\/#article","isPartOf":{"@id":"https:\/\/www.uartes.edu.ec\/sitio\/blog\/2021\/10\/28\/talento-e-investigacion-claves-en-recital-virtual-de-voz-y-piano-de-la-eas\/"},"author":{"name":"ccortez","@id":"https:\/\/www.uartes.edu.ec\/sitio\/#\/schema\/person\/efa1b8275797664fd7f13a79ccc0b1f4"},"headline":"Talento e investigaci\u00f3n, claves en recital virtual de voz y piano de la EAS","datePublished":"2021-10-28T19:00:00+00:00","dateModified":"2024-07-04T16:25:27+00:00","mainEntityOfPage":{"@id":"https:\/\/www.uartes.edu.ec\/sitio\/blog\/2021\/10\/28\/talento-e-investigacion-claves-en-recital-virtual-de-voz-y-piano-de-la-eas\/"},"wordCount":992,"commentCount":0,"publisher":{"@id":"https:\/\/www.uartes.edu.ec\/sitio\/#organization"},"image":{"@id":"https:\/\/www.uartes.edu.ec\/sitio\/blog\/2021\/10\/28\/talento-e-investigacion-claves-en-recital-virtual-de-voz-y-piano-de-la-eas\/#primaryimage"},"thumbnailUrl":"https:\/\/www.uartes.edu.ec\/sitio\/wp-content\/uploads\/2021\/11\/PME.webp","keywords":["patrimonio"],"articleSection":["Artes Sonoras","Docentes","Estudiantes","Investigaci\u00f3n"],"inLanguage":"es","potentialAction":[{"@type":"CommentAction","name":"Comment","target":["https:\/\/www.uartes.edu.ec\/sitio\/blog\/2021\/10\/28\/talento-e-investigacion-claves-en-recital-virtual-de-voz-y-piano-de-la-eas\/#respond"]}]},{"@type":["WebPage","ItemPage"],"@id":"https:\/\/www.uartes.edu.ec\/sitio\/blog\/2021\/10\/28\/talento-e-investigacion-claves-en-recital-virtual-de-voz-y-piano-de-la-eas\/","url":"https:\/\/www.uartes.edu.ec\/sitio\/blog\/2021\/10\/28\/talento-e-investigacion-claves-en-recital-virtual-de-voz-y-piano-de-la-eas\/","name":"Universidad de las Artes - Talento e investigaci\u00f3n, claves en recital virtual de voz y piano de la EAS","isPartOf":{"@id":"https:\/\/www.uartes.edu.ec\/sitio\/#website"},"primaryImageOfPage":{"@id":"https:\/\/www.uartes.edu.ec\/sitio\/blog\/2021\/10\/28\/talento-e-investigacion-claves-en-recital-virtual-de-voz-y-piano-de-la-eas\/#primaryimage"},"image":{"@id":"https:\/\/www.uartes.edu.ec\/sitio\/blog\/2021\/10\/28\/talento-e-investigacion-claves-en-recital-virtual-de-voz-y-piano-de-la-eas\/#primaryimage"},"thumbnailUrl":"https:\/\/www.uartes.edu.ec\/sitio\/wp-content\/uploads\/2021\/11\/PME.webp","datePublished":"2021-10-28T19:00:00+00:00","dateModified":"2024-07-04T16:25:27+00:00","description":"Universidad de las Artes - Talento e investigaci\u00f3n, claves en recital virtual de voz y piano de la EAS","breadcrumb":{"@id":"https:\/\/www.uartes.edu.ec\/sitio\/blog\/2021\/10\/28\/talento-e-investigacion-claves-en-recital-virtual-de-voz-y-piano-de-la-eas\/#breadcrumb"},"inLanguage":"es","potentialAction":[{"@type":"ReadAction","target":["https:\/\/www.uartes.edu.ec\/sitio\/blog\/2021\/10\/28\/talento-e-investigacion-claves-en-recital-virtual-de-voz-y-piano-de-la-eas\/"]}]},{"@type":"ImageObject","inLanguage":"es","@id":"https:\/\/www.uartes.edu.ec\/sitio\/blog\/2021\/10\/28\/talento-e-investigacion-claves-en-recital-virtual-de-voz-y-piano-de-la-eas\/#primaryimage","url":"https:\/\/www.uartes.edu.ec\/sitio\/wp-content\/uploads\/2021\/11\/PME.webp","contentUrl":"https:\/\/www.uartes.edu.ec\/sitio\/wp-content\/uploads\/2021\/11\/PME.webp","width":2000,"height":1333},{"@type":"BreadcrumbList","@id":"https:\/\/www.uartes.edu.ec\/sitio\/blog\/2021\/10\/28\/talento-e-investigacion-claves-en-recital-virtual-de-voz-y-piano-de-la-eas\/#breadcrumb","itemListElement":[{"@type":"ListItem","position":1,"name":"Inicio","item":"https:\/\/www.uartes.edu.ec\/sitio\/"},{"@type":"ListItem","position":2,"name":"Talento e investigaci\u00f3n, claves en recital virtual de voz y piano de la EAS"}]},{"@type":"WebSite","@id":"https:\/\/www.uartes.edu.ec\/sitio\/#website","url":"https:\/\/www.uartes.edu.ec\/sitio\/","name":"Universidad de las Artes","description":"Sitio oficial de la Universidad Nacional de las Artes del Ecuador","publisher":{"@id":"https:\/\/www.uartes.edu.ec\/sitio\/#organization"},"potentialAction":[{"@type":"SearchAction","target":{"@type":"EntryPoint","urlTemplate":"https:\/\/www.uartes.edu.ec\/sitio\/?s={search_term_string}"},"query-input":{"@type":"PropertyValueSpecification","valueRequired":true,"valueName":"search_term_string"}}],"inLanguage":"es"},{"@type":"Organization","@id":"https:\/\/www.uartes.edu.ec\/sitio\/#organization","name":"Universidad de las Artes","url":"https:\/\/www.uartes.edu.ec\/sitio\/","logo":{"@type":"ImageObject","inLanguage":"es","@id":"https:\/\/www.uartes.edu.ec\/sitio\/#\/schema\/logo\/image\/","url":"https:\/\/www.uartes.edu.ec\/sitio\/wp-content\/uploads\/2022\/07\/logo-ua-horizontal.png","contentUrl":"https:\/\/www.uartes.edu.ec\/sitio\/wp-content\/uploads\/2022\/07\/logo-ua-horizontal.png","width":800,"height":276,"caption":"Universidad de las Artes"},"image":{"@id":"https:\/\/www.uartes.edu.ec\/sitio\/#\/schema\/logo\/image\/"},"sameAs":["https:\/\/www.facebook.com\/uartesec","https:\/\/x.com\/uartesec","https:\/\/www.tiktok.com\/@uartesec"]},{"@type":"Person","@id":"https:\/\/www.uartes.edu.ec\/sitio\/#\/schema\/person\/efa1b8275797664fd7f13a79ccc0b1f4","name":"ccortez","image":{"@type":"ImageObject","inLanguage":"es","@id":"https:\/\/secure.gravatar.com\/avatar\/b2a6f664a3ae8e074346ef91775736c5ec479e637ecced6842de9dc98b5da9cd?s=96&d=mm&r=g","url":"https:\/\/secure.gravatar.com\/avatar\/b2a6f664a3ae8e074346ef91775736c5ec479e637ecced6842de9dc98b5da9cd?s=96&d=mm&r=g","contentUrl":"https:\/\/secure.gravatar.com\/avatar\/b2a6f664a3ae8e074346ef91775736c5ec479e637ecced6842de9dc98b5da9cd?s=96&d=mm&r=g","caption":"ccortez"},"url":"https:\/\/www.uartes.edu.ec\/sitio\/blog\/author\/ccortez\/"}]}},"uagb_featured_image_src":{"full":["https:\/\/www.uartes.edu.ec\/sitio\/wp-content\/uploads\/2021\/11\/PME.webp",2000,1333,false],"thumbnail":["https:\/\/www.uartes.edu.ec\/sitio\/wp-content\/uploads\/2021\/11\/PME.webp",150,100,false],"medium":["https:\/\/www.uartes.edu.ec\/sitio\/wp-content\/uploads\/2021\/11\/PME.webp",300,200,false],"medium_large":["https:\/\/www.uartes.edu.ec\/sitio\/wp-content\/uploads\/2021\/11\/PME.webp",768,512,false],"large":["https:\/\/www.uartes.edu.ec\/sitio\/wp-content\/uploads\/2021\/11\/PME.webp",644,429,false],"1536x1536":["https:\/\/www.uartes.edu.ec\/sitio\/wp-content\/uploads\/2021\/11\/PME.webp",1536,1024,false],"2048x2048":["https:\/\/www.uartes.edu.ec\/sitio\/wp-content\/uploads\/2021\/11\/PME.webp",2000,1333,false],"trp-custom-language-flag":["https:\/\/www.uartes.edu.ec\/sitio\/wp-content\/uploads\/2021\/11\/PME.webp",18,12,false],"htmega_size_585x295":["https:\/\/www.uartes.edu.ec\/sitio\/wp-content\/uploads\/2021\/11\/PME.webp",443,295,false],"htmega_size_1170x536":["https:\/\/www.uartes.edu.ec\/sitio\/wp-content\/uploads\/2021\/11\/PME.webp",804,536,false],"htmega_size_396x360":["https:\/\/www.uartes.edu.ec\/sitio\/wp-content\/uploads\/2021\/11\/PME.webp",396,264,false],"gb-block-post-grid-landscape":["https:\/\/www.uartes.edu.ec\/sitio\/wp-content\/uploads\/2021\/11\/PME.webp",600,400,false],"gb-block-post-grid-square":["https:\/\/www.uartes.edu.ec\/sitio\/wp-content\/uploads\/2021\/11\/PME.webp",600,400,false],"university-hub-thumb":["https:\/\/www.uartes.edu.ec\/sitio\/wp-content\/uploads\/2021\/11\/PME.webp",400,267,false],"mailpoet_newsletter_max":["https:\/\/www.uartes.edu.ec\/sitio\/wp-content\/uploads\/2021\/11\/PME.webp",1320,880,false]},"uagb_author_info":{"display_name":"ccortez","author_link":"https:\/\/www.uartes.edu.ec\/sitio\/blog\/author\/ccortez\/"},"uagb_comment_info":0,"uagb_excerpt":"Que el recital virtual de voz y piano iba a ser especial y que tendr\u00eda muchas sorpresas anticip\u00f3 el doctor Rafael Guzm\u00e1n, docente de la Escuela de Artes Sonoras de la UArtes, al dar la bienvenida a la audiencia que este martes 26 de octubre se conect\u00f3 al Facebook Live para disfrutar de una cita&hellip;","featured_image_src":"https:\/\/www.uartes.edu.ec\/sitio\/wp-content\/uploads\/2021\/11\/PME.webp","featured_image_src_square":"https:\/\/www.uartes.edu.ec\/sitio\/wp-content\/uploads\/2021\/11\/PME.webp","author_info":{"display_name":"ccortez","author_link":"https:\/\/www.uartes.edu.ec\/sitio\/blog\/author\/ccortez\/"},"publishpress_future_workflow_manual_trigger":{"enabledWorkflows":[]},"distributor_meta":false,"distributor_terms":false,"distributor_media":false,"distributor_original_site_name":"Universidad de las Artes","distributor_original_site_url":"https:\/\/www.uartes.edu.ec\/sitio","push-errors":false,"_links":{"self":[{"href":"https:\/\/www.uartes.edu.ec\/sitio\/wp-json\/wp\/v2\/posts\/16635","targetHints":{"allow":["GET"]}}],"collection":[{"href":"https:\/\/www.uartes.edu.ec\/sitio\/wp-json\/wp\/v2\/posts"}],"about":[{"href":"https:\/\/www.uartes.edu.ec\/sitio\/wp-json\/wp\/v2\/types\/post"}],"author":[{"embeddable":true,"href":"https:\/\/www.uartes.edu.ec\/sitio\/wp-json\/wp\/v2\/users\/10"}],"replies":[{"embeddable":true,"href":"https:\/\/www.uartes.edu.ec\/sitio\/wp-json\/wp\/v2\/comments?post=16635"}],"version-history":[{"count":1,"href":"https:\/\/www.uartes.edu.ec\/sitio\/wp-json\/wp\/v2\/posts\/16635\/revisions"}],"predecessor-version":[{"id":16642,"href":"https:\/\/www.uartes.edu.ec\/sitio\/wp-json\/wp\/v2\/posts\/16635\/revisions\/16642"}],"wp:featuredmedia":[{"embeddable":true,"href":"https:\/\/www.uartes.edu.ec\/sitio\/wp-json\/wp\/v2\/media\/16638"}],"wp:attachment":[{"href":"https:\/\/www.uartes.edu.ec\/sitio\/wp-json\/wp\/v2\/media?parent=16635"}],"wp:term":[{"taxonomy":"category","embeddable":true,"href":"https:\/\/www.uartes.edu.ec\/sitio\/wp-json\/wp\/v2\/categories?post=16635"},{"taxonomy":"post_tag","embeddable":true,"href":"https:\/\/www.uartes.edu.ec\/sitio\/wp-json\/wp\/v2\/tags?post=16635"},{"taxonomy":"infouartes","embeddable":true,"href":"https:\/\/www.uartes.edu.ec\/sitio\/wp-json\/wp\/v2\/infouartes?post=16635"}],"curies":[{"name":"wp","href":"https:\/\/api.w.org\/{rel}","templated":true}]}}