{"id":1693,"date":"2018-07-16T16:20:25","date_gmt":"2018-07-16T21:20:25","guid":{"rendered":"http:\/\/www.uartes.edu.ec\/infouartes\/?p=1693"},"modified":"2024-07-04T11:53:46","modified_gmt":"2024-07-04T16:53:46","slug":"ii-jornadas-de-estudio-de-arte-y-filosofia-abordan-la-metamorfosis-y-la-repeticion","status":"publish","type":"post","link":"https:\/\/www.uartes.edu.ec\/sitio\/blog\/2018\/07\/16\/ii-jornadas-de-estudio-de-arte-y-filosofia-abordan-la-metamorfosis-y-la-repeticion\/","title":{"rendered":"II Jornadas de Estudio de Arte y Filosof\u00eda abordan la metamorfosis y la repetici\u00f3n"},"content":{"rendered":"<p>En el arte y la filosof\u00eda, la metamorfosis y la repetici\u00f3n juegan un papel medular definiendo no solo el campo de acci\u00f3n del pensamiento y de la experimentaci\u00f3n, sino tambi\u00e9n del pensamiento como experimentaci\u00f3n. Un pensamiento, filos\u00f3fico o art\u00edstico, es impensable sin su impulso transformador, de la misma manera que resulta imposible pensar sin repetir las huellas de lo ya pensado. Por un lado, podr\u00edamos mencionar al menos tres momentos que exhiben el car\u00e1cter irreductible de la repetici\u00f3n en el pensamiento: la filosof\u00eda de las m\u00e1scaras y del eterno retorno de Nietzsche compuestas por el juego abismal entre metamorfosis y repetici\u00f3n; el descubrimiento del inconsciente por Freud y su conexi\u00f3n con el lenguaje demostrada por Lacan proponen la repetici\u00f3n como automatismo; y las epistemolog\u00edas filos\u00f3ficas de la diferencia, desde Heidegger hasta Deleuze, pasando por Derrida \u2013para pensar lo nuevo, lo que a\u00fan no est\u00e1 pensado\u2013 se apoyan en formas de repeticiones existenciales, transcendentales, retencionales que permiten el surgimiento de la diferencia. Por otro lado, el ejercicio geneal\u00f3gico del arte nos revela la relaci\u00f3n intr\u00ednseca existente entre la forma \u2013que necesita de su repetici\u00f3n para afirmarse\u2013 y su transformaci\u00f3n en acontecimiento art\u00edstico. Hoy en d\u00eda, en la era de los algoritmos y los big datas, esta relaci\u00f3n intr\u00ednseca entre forma y transformaci\u00f3n deviene una condici\u00f3n inevitable para el arte y la filosof\u00eda, dado que en su quehacer se inscriben las nociones mismas de texto, archivo, huella, dispositivo, cuerpo, tiempo\u2026<\/p>\n<p>Las intervenciones propuestas en este segundo encuentro de Arte y Filosof\u00eda provienen de un cuerpo interdisciplinar amplio y buscan reflexionar sobre la creaci\u00f3n art\u00edstica y el pensamiento filos\u00f3fico ya no a trav\u00e9s del trabajo de un solo autor \u2013como fue el caso de \u201cLas artes de Gilles Deleuze\u201d en 2017\u2013, sino a trav\u00e9s de nociones filos\u00f3ficas, como metamorfosis y repetici\u00f3n que est\u00e1n estrechamente ligadas tanto al arte como a la pr\u00e1ctica art\u00edstica.<\/p>\n<p><strong>PROGRAMA 2018<\/strong><\/p>\n<ul>\n<li><strong>Mi\u00e9rcoles 18 de julio<\/strong>\n<ul>\n<li>10:00\u00a0\u2013 Presentaci\u00f3n Metamorfosis y repetici\u00f3n<\/li>\n<li>10:30 \u2013 11:00 \u2013\u00a0La fisiograf\u00eda nietzscheana: una est\/\u00e9tica para nuestra \u00e9poca, Olga L\u00f3pez<\/li>\n<li><em>Preguntas e intercambio con el p\u00fablico<\/em><\/li>\n<li>11:20 \u2013 11:50\u00a0\u2013\u00a0Repetir lo que no existe (todav\u00eda). Pierre Menard y Marcelo Chiriboga entre literatura y filosof\u00eda,\u00a0Paolo Vignola<\/li>\n<li><em>Preguntas e intercambio con el p\u00fablico<\/em><\/li>\n<li>12:10 \u2013 12:30 Presentaci\u00f3n del libro: Las Artes de Gilles Deleuze<\/li>\n<\/ul>\n<\/li>\n<li><strong>Jueves 19 de julio<\/strong>\n<ul>\n<li>10:00\u00a0\u2013 10:30\u00a0\u2013\u00a0Modernidad y melodrama en El viento de V\u00edctor Sj\u00f6str\u00f6m,\u00a0Margarita Uribe<\/li>\n<li><em>Preguntas e intercambio con el p\u00fablico<\/em><\/li>\n<li>10:50 \u2013 11:20\u00a0\u2013\u00a0Architexturas y evocaciones: Edgar Allan Poe en el cine de Jan Svankmajer,\u00a0Diana Medina<\/li>\n<li><em>Preguntas e intercambio con el p\u00fablico<\/em><\/li>\n<li>11:40 \u2013 12:10\u00a0\u2013\u00a0Vicisitudes del dios Pan. Jajouka, algo bueno viene hacia ti (2012) de Marc y Eric Hurtado,\u00a0Andr\u00e9s D\u00e1vila<\/li>\n<li><em>Preguntas e intercambio con el p\u00fablico<\/em><\/li>\n<\/ul>\n<\/li>\n<li><strong>Viernes 20 de julio<\/strong>\n<ul>\n<li>10:00 \u2013 10:30\u00a0\u2013 La repetici\u00f3n en \u201cLa \u00faltima banda de Krapp\u201d de Samuel Beckett, 1958 (Krapp\u2019s Last Tape), Ana Gabriela Ribadeneira<\/li>\n<li><em>Preguntas e intercambio con el p\u00fablico<\/em><\/li>\n<li>10:50 \u2013 11:20\u00a0\u2013\u00a0Maneras de hacer,\u00a0Mar\u00eda del Pilar Gavilanes<\/li>\n<li><em>Preguntas e intercambio con el p\u00fablico<\/em><\/li>\n<li>11:40 \u2013 12:10\u00a0\u2013\u00a0Mal de repertorio. Un percepticidio contempor\u00e1neo,\u00a0Sara Baranzoni<\/li>\n<li><em>Preguntas e intercambio con el p\u00fablico<\/em><\/li>\n<\/ul>\n<\/li>\n<\/ul>\n<p>Las jornadas se realizar\u00e1n este 18, 19 y 20 de julio de 2018 en el Museo Nahim Isa\u00edas, Pichincha y Clemente Ball\u00e9n. Los interesados podr\u00e1n inscribirse con Gilda S\u00e1nchez al correo <strong><a href=\"mailto:gilda.sanchez@uartes.edu.ec\">gilda.sanchez@uartes.edu.ec<\/a>. <\/strong>La Entrada a todas las actividades es libre.<\/p>\n","protected":false},"excerpt":{"rendered":"<p>En el arte y la filosof\u00eda, la metamorfosis y la repetici\u00f3n juegan un papel medular definiendo no solo el campo de acci\u00f3n del pensamiento y de la experimentaci\u00f3n, sino tambi\u00e9n del pensamiento como experimentaci\u00f3n. Un pensamiento, filos\u00f3fico o art\u00edstico, es impensable sin su impulso transformador, de la misma manera que resulta imposible pensar sin repetir [&hellip;]<\/p>\n","protected":false},"author":1,"featured_media":1694,"comment_status":"closed","ping_status":"closed","sticky":false,"template":"","format":"standard","meta":{"_acf_changed":false,"_uag_custom_page_level_css":"","_monsterinsights_skip_tracking":false,"_monsterinsights_sitenote_active":false,"_monsterinsights_sitenote_note":"","_monsterinsights_sitenote_category":0,"cybocfi_hide_featured_image":"","footnotes":""},"categories":[82],"tags":[],"infouartes":[],"class_list":["post-1693","post","type-post","status-publish","format-standard","has-post-thumbnail","hentry","category-artes"],"acf":[],"yoast_head":"<!-- This site is optimized with the Yoast SEO plugin v27.4 - https:\/\/yoast.com\/product\/yoast-seo-wordpress\/ -->\n<title>Universidad de las Artes - II Jornadas de Estudio de Arte y Filosof\u00eda abordan la metamorfosis y la repetici\u00f3n<\/title>\n<meta name=\"description\" content=\"Universidad de las Artes - II Jornadas de Estudio de Arte y Filosof\u00eda abordan la metamorfosis y la repetici\u00f3n\" \/>\n<meta name=\"robots\" content=\"index, follow, max-snippet:-1, max-image-preview:large, max-video-preview:-1\" \/>\n<link rel=\"canonical\" href=\"https:\/\/www.uartes.edu.ec\/sitio\/blog\/2018\/07\/16\/ii-jornadas-de-estudio-de-arte-y-filosofia-abordan-la-metamorfosis-y-la-repeticion\/\" \/>\n<meta property=\"og:locale\" content=\"es_ES\" \/>\n<meta property=\"og:type\" content=\"article\" \/>\n<meta property=\"og:title\" content=\"Universidad de las Artes - II Jornadas de Estudio de Arte y Filosof\u00eda abordan la metamorfosis y la repetici\u00f3n\" \/>\n<meta property=\"og:description\" content=\"Universidad de las Artes - II Jornadas de Estudio de Arte y Filosof\u00eda abordan la metamorfosis y la repetici\u00f3n\" \/>\n<meta property=\"og:url\" content=\"https:\/\/www.uartes.edu.ec\/sitio\/blog\/2018\/07\/16\/ii-jornadas-de-estudio-de-arte-y-filosofia-abordan-la-metamorfosis-y-la-repeticion\/\" \/>\n<meta property=\"og:site_name\" content=\"Universidad de las Artes\" \/>\n<meta property=\"article:publisher\" content=\"https:\/\/www.facebook.com\/uartesec\" \/>\n<meta property=\"article:published_time\" content=\"2018-07-16T21:20:25+00:00\" \/>\n<meta property=\"article:modified_time\" content=\"2024-07-04T16:53:46+00:00\" \/>\n<meta name=\"author\" content=\"Universidad de las Artes\" \/>\n<meta name=\"twitter:card\" content=\"summary_large_image\" \/>\n<meta name=\"twitter:creator\" content=\"@uartesec\" \/>\n<meta name=\"twitter:site\" content=\"@uartesec\" \/>\n<meta name=\"twitter:label1\" content=\"Escrito por\" \/>\n\t<meta name=\"twitter:data1\" content=\"Universidad de las Artes\" \/>\n\t<meta name=\"twitter:label2\" content=\"Tiempo de lectura\" \/>\n\t<meta name=\"twitter:data2\" content=\"3 minutos\" \/>\n<script type=\"application\/ld+json\" class=\"yoast-schema-graph\">{\"@context\":\"https:\\\/\\\/schema.org\",\"@graph\":[{\"@type\":\"Article\",\"@id\":\"https:\\\/\\\/www.uartes.edu.ec\\\/sitio\\\/blog\\\/2018\\\/07\\\/16\\\/ii-jornadas-de-estudio-de-arte-y-filosofia-abordan-la-metamorfosis-y-la-repeticion\\\/#article\",\"isPartOf\":{\"@id\":\"https:\\\/\\\/www.uartes.edu.ec\\\/sitio\\\/blog\\\/2018\\\/07\\\/16\\\/ii-jornadas-de-estudio-de-arte-y-filosofia-abordan-la-metamorfosis-y-la-repeticion\\\/\"},\"author\":{\"name\":\"Universidad de las Artes\",\"@id\":\"https:\\\/\\\/www.uartes.edu.ec\\\/sitio\\\/#\\\/schema\\\/person\\\/f33f8c1d2af0d5c80a38c8abf458184a\"},\"headline\":\"II Jornadas de Estudio de Arte y Filosof\u00eda abordan la metamorfosis y la repetici\u00f3n\",\"datePublished\":\"2018-07-16T21:20:25+00:00\",\"dateModified\":\"2024-07-04T16:53:46+00:00\",\"mainEntityOfPage\":{\"@id\":\"https:\\\/\\\/www.uartes.edu.ec\\\/sitio\\\/blog\\\/2018\\\/07\\\/16\\\/ii-jornadas-de-estudio-de-arte-y-filosofia-abordan-la-metamorfosis-y-la-repeticion\\\/\"},\"wordCount\":609,\"publisher\":{\"@id\":\"https:\\\/\\\/www.uartes.edu.ec\\\/sitio\\\/#organization\"},\"image\":{\"@id\":\"https:\\\/\\\/www.uartes.edu.ec\\\/sitio\\\/blog\\\/2018\\\/07\\\/16\\\/ii-jornadas-de-estudio-de-arte-y-filosofia-abordan-la-metamorfosis-y-la-repeticion\\\/#primaryimage\"},\"thumbnailUrl\":\"\",\"articleSection\":[\"Artes\"],\"inLanguage\":\"es\"},{\"@type\":[\"WebPage\",\"ItemPage\"],\"@id\":\"https:\\\/\\\/www.uartes.edu.ec\\\/sitio\\\/blog\\\/2018\\\/07\\\/16\\\/ii-jornadas-de-estudio-de-arte-y-filosofia-abordan-la-metamorfosis-y-la-repeticion\\\/\",\"url\":\"https:\\\/\\\/www.uartes.edu.ec\\\/sitio\\\/blog\\\/2018\\\/07\\\/16\\\/ii-jornadas-de-estudio-de-arte-y-filosofia-abordan-la-metamorfosis-y-la-repeticion\\\/\",\"name\":\"Universidad de las Artes - II Jornadas de Estudio de Arte y Filosof\u00eda abordan la metamorfosis y la repetici\u00f3n\",\"isPartOf\":{\"@id\":\"https:\\\/\\\/www.uartes.edu.ec\\\/sitio\\\/#website\"},\"primaryImageOfPage\":{\"@id\":\"https:\\\/\\\/www.uartes.edu.ec\\\/sitio\\\/blog\\\/2018\\\/07\\\/16\\\/ii-jornadas-de-estudio-de-arte-y-filosofia-abordan-la-metamorfosis-y-la-repeticion\\\/#primaryimage\"},\"image\":{\"@id\":\"https:\\\/\\\/www.uartes.edu.ec\\\/sitio\\\/blog\\\/2018\\\/07\\\/16\\\/ii-jornadas-de-estudio-de-arte-y-filosofia-abordan-la-metamorfosis-y-la-repeticion\\\/#primaryimage\"},\"thumbnailUrl\":\"\",\"datePublished\":\"2018-07-16T21:20:25+00:00\",\"dateModified\":\"2024-07-04T16:53:46+00:00\",\"description\":\"Universidad de las Artes - II Jornadas de Estudio de Arte y Filosof\u00eda abordan la metamorfosis y la repetici\u00f3n\",\"breadcrumb\":{\"@id\":\"https:\\\/\\\/www.uartes.edu.ec\\\/sitio\\\/blog\\\/2018\\\/07\\\/16\\\/ii-jornadas-de-estudio-de-arte-y-filosofia-abordan-la-metamorfosis-y-la-repeticion\\\/#breadcrumb\"},\"inLanguage\":\"es\",\"potentialAction\":[{\"@type\":\"ReadAction\",\"target\":[\"https:\\\/\\\/www.uartes.edu.ec\\\/sitio\\\/blog\\\/2018\\\/07\\\/16\\\/ii-jornadas-de-estudio-de-arte-y-filosofia-abordan-la-metamorfosis-y-la-repeticion\\\/\"]}]},{\"@type\":\"ImageObject\",\"inLanguage\":\"es\",\"@id\":\"https:\\\/\\\/www.uartes.edu.ec\\\/sitio\\\/blog\\\/2018\\\/07\\\/16\\\/ii-jornadas-de-estudio-de-arte-y-filosofia-abordan-la-metamorfosis-y-la-repeticion\\\/#primaryimage\",\"url\":\"\",\"contentUrl\":\"\"},{\"@type\":\"BreadcrumbList\",\"@id\":\"https:\\\/\\\/www.uartes.edu.ec\\\/sitio\\\/blog\\\/2018\\\/07\\\/16\\\/ii-jornadas-de-estudio-de-arte-y-filosofia-abordan-la-metamorfosis-y-la-repeticion\\\/#breadcrumb\",\"itemListElement\":[{\"@type\":\"ListItem\",\"position\":1,\"name\":\"Inicio\",\"item\":\"https:\\\/\\\/www.uartes.edu.ec\\\/sitio\\\/\"},{\"@type\":\"ListItem\",\"position\":2,\"name\":\"II Jornadas de Estudio de Arte y Filosof\u00eda abordan la metamorfosis y la repetici\u00f3n\"}]},{\"@type\":\"WebSite\",\"@id\":\"https:\\\/\\\/www.uartes.edu.ec\\\/sitio\\\/#website\",\"url\":\"https:\\\/\\\/www.uartes.edu.ec\\\/sitio\\\/\",\"name\":\"Universidad de las Artes\",\"description\":\"Sitio oficial de la Universidad Nacional de las Artes del Ecuador\",\"publisher\":{\"@id\":\"https:\\\/\\\/www.uartes.edu.ec\\\/sitio\\\/#organization\"},\"potentialAction\":[{\"@type\":\"SearchAction\",\"target\":{\"@type\":\"EntryPoint\",\"urlTemplate\":\"https:\\\/\\\/www.uartes.edu.ec\\\/sitio\\\/?s={search_term_string}\"},\"query-input\":{\"@type\":\"PropertyValueSpecification\",\"valueRequired\":true,\"valueName\":\"search_term_string\"}}],\"inLanguage\":\"es\"},{\"@type\":\"Organization\",\"@id\":\"https:\\\/\\\/www.uartes.edu.ec\\\/sitio\\\/#organization\",\"name\":\"Universidad de las Artes\",\"url\":\"https:\\\/\\\/www.uartes.edu.ec\\\/sitio\\\/\",\"logo\":{\"@type\":\"ImageObject\",\"inLanguage\":\"es\",\"@id\":\"https:\\\/\\\/www.uartes.edu.ec\\\/sitio\\\/#\\\/schema\\\/logo\\\/image\\\/\",\"url\":\"https:\\\/\\\/www.uartes.edu.ec\\\/sitio\\\/wp-content\\\/uploads\\\/2022\\\/07\\\/logo-ua-horizontal.png\",\"contentUrl\":\"https:\\\/\\\/www.uartes.edu.ec\\\/sitio\\\/wp-content\\\/uploads\\\/2022\\\/07\\\/logo-ua-horizontal.png\",\"width\":800,\"height\":276,\"caption\":\"Universidad de las Artes\"},\"image\":{\"@id\":\"https:\\\/\\\/www.uartes.edu.ec\\\/sitio\\\/#\\\/schema\\\/logo\\\/image\\\/\"},\"sameAs\":[\"https:\\\/\\\/www.facebook.com\\\/uartesec\",\"https:\\\/\\\/x.com\\\/uartesec\",\"https:\\\/\\\/www.tiktok.com\\\/@uartesec\"]},{\"@type\":\"Person\",\"@id\":\"https:\\\/\\\/www.uartes.edu.ec\\\/sitio\\\/#\\\/schema\\\/person\\\/f33f8c1d2af0d5c80a38c8abf458184a\",\"name\":\"Universidad de las Artes\",\"image\":{\"@type\":\"ImageObject\",\"inLanguage\":\"es\",\"@id\":\"https:\\\/\\\/secure.gravatar.com\\\/avatar\\\/52e4757902f5cfa5ac52d020e5be83cae5487519154b6c35482fe08d589f3c13?s=96&d=mm&r=g\",\"url\":\"https:\\\/\\\/secure.gravatar.com\\\/avatar\\\/52e4757902f5cfa5ac52d020e5be83cae5487519154b6c35482fe08d589f3c13?s=96&d=mm&r=g\",\"contentUrl\":\"https:\\\/\\\/secure.gravatar.com\\\/avatar\\\/52e4757902f5cfa5ac52d020e5be83cae5487519154b6c35482fe08d589f3c13?s=96&d=mm&r=g\",\"caption\":\"Universidad de las Artes\"},\"url\":\"https:\\\/\\\/www.uartes.edu.ec\\\/sitio\\\/blog\\\/author\\\/dircomadm\\\/\"}]}<\/script>\n<!-- \/ Yoast SEO plugin. -->","yoast_head_json":{"title":"Universidad de las Artes - II Jornadas de Estudio de Arte y Filosof\u00eda abordan la metamorfosis y la repetici\u00f3n","description":"Universidad de las Artes - II Jornadas de Estudio de Arte y Filosof\u00eda abordan la metamorfosis y la repetici\u00f3n","robots":{"index":"index","follow":"follow","max-snippet":"max-snippet:-1","max-image-preview":"max-image-preview:large","max-video-preview":"max-video-preview:-1"},"canonical":"https:\/\/www.uartes.edu.ec\/sitio\/blog\/2018\/07\/16\/ii-jornadas-de-estudio-de-arte-y-filosofia-abordan-la-metamorfosis-y-la-repeticion\/","og_locale":"es_ES","og_type":"article","og_title":"Universidad de las Artes - II Jornadas de Estudio de Arte y Filosof\u00eda abordan la metamorfosis y la repetici\u00f3n","og_description":"Universidad de las Artes - II Jornadas de Estudio de Arte y Filosof\u00eda abordan la metamorfosis y la repetici\u00f3n","og_url":"https:\/\/www.uartes.edu.ec\/sitio\/blog\/2018\/07\/16\/ii-jornadas-de-estudio-de-arte-y-filosofia-abordan-la-metamorfosis-y-la-repeticion\/","og_site_name":"Universidad de las Artes","article_publisher":"https:\/\/www.facebook.com\/uartesec","article_published_time":"2018-07-16T21:20:25+00:00","article_modified_time":"2024-07-04T16:53:46+00:00","author":"Universidad de las Artes","twitter_card":"summary_large_image","twitter_creator":"@uartesec","twitter_site":"@uartesec","twitter_misc":{"Escrito por":"Universidad de las Artes","Tiempo de lectura":"3 minutos"},"schema":{"@context":"https:\/\/schema.org","@graph":[{"@type":"Article","@id":"https:\/\/www.uartes.edu.ec\/sitio\/blog\/2018\/07\/16\/ii-jornadas-de-estudio-de-arte-y-filosofia-abordan-la-metamorfosis-y-la-repeticion\/#article","isPartOf":{"@id":"https:\/\/www.uartes.edu.ec\/sitio\/blog\/2018\/07\/16\/ii-jornadas-de-estudio-de-arte-y-filosofia-abordan-la-metamorfosis-y-la-repeticion\/"},"author":{"name":"Universidad de las Artes","@id":"https:\/\/www.uartes.edu.ec\/sitio\/#\/schema\/person\/f33f8c1d2af0d5c80a38c8abf458184a"},"headline":"II Jornadas de Estudio de Arte y Filosof\u00eda abordan la metamorfosis y la repetici\u00f3n","datePublished":"2018-07-16T21:20:25+00:00","dateModified":"2024-07-04T16:53:46+00:00","mainEntityOfPage":{"@id":"https:\/\/www.uartes.edu.ec\/sitio\/blog\/2018\/07\/16\/ii-jornadas-de-estudio-de-arte-y-filosofia-abordan-la-metamorfosis-y-la-repeticion\/"},"wordCount":609,"publisher":{"@id":"https:\/\/www.uartes.edu.ec\/sitio\/#organization"},"image":{"@id":"https:\/\/www.uartes.edu.ec\/sitio\/blog\/2018\/07\/16\/ii-jornadas-de-estudio-de-arte-y-filosofia-abordan-la-metamorfosis-y-la-repeticion\/#primaryimage"},"thumbnailUrl":"","articleSection":["Artes"],"inLanguage":"es"},{"@type":["WebPage","ItemPage"],"@id":"https:\/\/www.uartes.edu.ec\/sitio\/blog\/2018\/07\/16\/ii-jornadas-de-estudio-de-arte-y-filosofia-abordan-la-metamorfosis-y-la-repeticion\/","url":"https:\/\/www.uartes.edu.ec\/sitio\/blog\/2018\/07\/16\/ii-jornadas-de-estudio-de-arte-y-filosofia-abordan-la-metamorfosis-y-la-repeticion\/","name":"Universidad de las Artes - II Jornadas de Estudio de Arte y Filosof\u00eda abordan la metamorfosis y la repetici\u00f3n","isPartOf":{"@id":"https:\/\/www.uartes.edu.ec\/sitio\/#website"},"primaryImageOfPage":{"@id":"https:\/\/www.uartes.edu.ec\/sitio\/blog\/2018\/07\/16\/ii-jornadas-de-estudio-de-arte-y-filosofia-abordan-la-metamorfosis-y-la-repeticion\/#primaryimage"},"image":{"@id":"https:\/\/www.uartes.edu.ec\/sitio\/blog\/2018\/07\/16\/ii-jornadas-de-estudio-de-arte-y-filosofia-abordan-la-metamorfosis-y-la-repeticion\/#primaryimage"},"thumbnailUrl":"","datePublished":"2018-07-16T21:20:25+00:00","dateModified":"2024-07-04T16:53:46+00:00","description":"Universidad de las Artes - II Jornadas de Estudio de Arte y Filosof\u00eda abordan la metamorfosis y la repetici\u00f3n","breadcrumb":{"@id":"https:\/\/www.uartes.edu.ec\/sitio\/blog\/2018\/07\/16\/ii-jornadas-de-estudio-de-arte-y-filosofia-abordan-la-metamorfosis-y-la-repeticion\/#breadcrumb"},"inLanguage":"es","potentialAction":[{"@type":"ReadAction","target":["https:\/\/www.uartes.edu.ec\/sitio\/blog\/2018\/07\/16\/ii-jornadas-de-estudio-de-arte-y-filosofia-abordan-la-metamorfosis-y-la-repeticion\/"]}]},{"@type":"ImageObject","inLanguage":"es","@id":"https:\/\/www.uartes.edu.ec\/sitio\/blog\/2018\/07\/16\/ii-jornadas-de-estudio-de-arte-y-filosofia-abordan-la-metamorfosis-y-la-repeticion\/#primaryimage","url":"","contentUrl":""},{"@type":"BreadcrumbList","@id":"https:\/\/www.uartes.edu.ec\/sitio\/blog\/2018\/07\/16\/ii-jornadas-de-estudio-de-arte-y-filosofia-abordan-la-metamorfosis-y-la-repeticion\/#breadcrumb","itemListElement":[{"@type":"ListItem","position":1,"name":"Inicio","item":"https:\/\/www.uartes.edu.ec\/sitio\/"},{"@type":"ListItem","position":2,"name":"II Jornadas de Estudio de Arte y Filosof\u00eda abordan la metamorfosis y la repetici\u00f3n"}]},{"@type":"WebSite","@id":"https:\/\/www.uartes.edu.ec\/sitio\/#website","url":"https:\/\/www.uartes.edu.ec\/sitio\/","name":"Universidad de las Artes","description":"Sitio oficial de la Universidad Nacional de las Artes del Ecuador","publisher":{"@id":"https:\/\/www.uartes.edu.ec\/sitio\/#organization"},"potentialAction":[{"@type":"SearchAction","target":{"@type":"EntryPoint","urlTemplate":"https:\/\/www.uartes.edu.ec\/sitio\/?s={search_term_string}"},"query-input":{"@type":"PropertyValueSpecification","valueRequired":true,"valueName":"search_term_string"}}],"inLanguage":"es"},{"@type":"Organization","@id":"https:\/\/www.uartes.edu.ec\/sitio\/#organization","name":"Universidad de las Artes","url":"https:\/\/www.uartes.edu.ec\/sitio\/","logo":{"@type":"ImageObject","inLanguage":"es","@id":"https:\/\/www.uartes.edu.ec\/sitio\/#\/schema\/logo\/image\/","url":"https:\/\/www.uartes.edu.ec\/sitio\/wp-content\/uploads\/2022\/07\/logo-ua-horizontal.png","contentUrl":"https:\/\/www.uartes.edu.ec\/sitio\/wp-content\/uploads\/2022\/07\/logo-ua-horizontal.png","width":800,"height":276,"caption":"Universidad de las Artes"},"image":{"@id":"https:\/\/www.uartes.edu.ec\/sitio\/#\/schema\/logo\/image\/"},"sameAs":["https:\/\/www.facebook.com\/uartesec","https:\/\/x.com\/uartesec","https:\/\/www.tiktok.com\/@uartesec"]},{"@type":"Person","@id":"https:\/\/www.uartes.edu.ec\/sitio\/#\/schema\/person\/f33f8c1d2af0d5c80a38c8abf458184a","name":"Universidad de las Artes","image":{"@type":"ImageObject","inLanguage":"es","@id":"https:\/\/secure.gravatar.com\/avatar\/52e4757902f5cfa5ac52d020e5be83cae5487519154b6c35482fe08d589f3c13?s=96&d=mm&r=g","url":"https:\/\/secure.gravatar.com\/avatar\/52e4757902f5cfa5ac52d020e5be83cae5487519154b6c35482fe08d589f3c13?s=96&d=mm&r=g","contentUrl":"https:\/\/secure.gravatar.com\/avatar\/52e4757902f5cfa5ac52d020e5be83cae5487519154b6c35482fe08d589f3c13?s=96&d=mm&r=g","caption":"Universidad de las Artes"},"url":"https:\/\/www.uartes.edu.ec\/sitio\/blog\/author\/dircomadm\/"}]}},"uagb_featured_image_src":{"full":false,"thumbnail":false,"medium":false,"medium_large":false,"large":false,"1536x1536":false,"2048x2048":false,"trp-custom-language-flag":false,"htmega_size_585x295":false,"htmega_size_1170x536":false,"htmega_size_396x360":false,"gb-block-post-grid-landscape":false,"gb-block-post-grid-square":false,"university-hub-thumb":false},"uagb_author_info":{"display_name":"Universidad de las Artes","author_link":"https:\/\/www.uartes.edu.ec\/sitio\/blog\/author\/dircomadm\/"},"uagb_comment_info":0,"uagb_excerpt":"En el arte y la filosof\u00eda, la metamorfosis y la repetici\u00f3n juegan un papel medular definiendo no solo el campo de acci\u00f3n del pensamiento y de la experimentaci\u00f3n, sino tambi\u00e9n del pensamiento como experimentaci\u00f3n. Un pensamiento, filos\u00f3fico o art\u00edstico, es impensable sin su impulso transformador, de la misma manera que resulta imposible pensar sin repetir&hellip;","featured_image_src":null,"featured_image_src_square":null,"author_info":{"display_name":"Universidad de las Artes","author_link":"https:\/\/www.uartes.edu.ec\/sitio\/blog\/author\/dircomadm\/"},"publishpress_future_workflow_manual_trigger":{"enabledWorkflows":[]},"distributor_meta":false,"distributor_terms":false,"distributor_media":false,"distributor_original_site_name":"Universidad de las Artes","distributor_original_site_url":"https:\/\/www.uartes.edu.ec\/sitio","push-errors":false,"_links":{"self":[{"href":"https:\/\/www.uartes.edu.ec\/sitio\/wp-json\/wp\/v2\/posts\/1693","targetHints":{"allow":["GET"]}}],"collection":[{"href":"https:\/\/www.uartes.edu.ec\/sitio\/wp-json\/wp\/v2\/posts"}],"about":[{"href":"https:\/\/www.uartes.edu.ec\/sitio\/wp-json\/wp\/v2\/types\/post"}],"author":[{"embeddable":true,"href":"https:\/\/www.uartes.edu.ec\/sitio\/wp-json\/wp\/v2\/users\/1"}],"replies":[{"embeddable":true,"href":"https:\/\/www.uartes.edu.ec\/sitio\/wp-json\/wp\/v2\/comments?post=1693"}],"version-history":[{"count":1,"href":"https:\/\/www.uartes.edu.ec\/sitio\/wp-json\/wp\/v2\/posts\/1693\/revisions"}],"predecessor-version":[{"id":3352,"href":"https:\/\/www.uartes.edu.ec\/sitio\/wp-json\/wp\/v2\/posts\/1693\/revisions\/3352"}],"wp:featuredmedia":[{"embeddable":true,"href":"https:\/\/www.uartes.edu.ec\/sitio\/wp-json\/"}],"wp:attachment":[{"href":"https:\/\/www.uartes.edu.ec\/sitio\/wp-json\/wp\/v2\/media?parent=1693"}],"wp:term":[{"taxonomy":"category","embeddable":true,"href":"https:\/\/www.uartes.edu.ec\/sitio\/wp-json\/wp\/v2\/categories?post=1693"},{"taxonomy":"post_tag","embeddable":true,"href":"https:\/\/www.uartes.edu.ec\/sitio\/wp-json\/wp\/v2\/tags?post=1693"},{"taxonomy":"infouartes","embeddable":true,"href":"https:\/\/www.uartes.edu.ec\/sitio\/wp-json\/wp\/v2\/infouartes?post=1693"}],"curies":[{"name":"wp","href":"https:\/\/api.w.org\/{rel}","templated":true}]}}