{"id":1696,"date":"2018-07-16T16:20:25","date_gmt":"2018-07-16T21:20:25","guid":{"rendered":"http:\/\/www.uartes.edu.ec\/infouartes\/?p=1696"},"modified":"2024-07-04T11:53:46","modified_gmt":"2024-07-04T16:53:46","slug":"ensenanza-de-lenguas-extranjeras-desde-la-diversidad","status":"publish","type":"post","link":"https:\/\/www.uartes.edu.ec\/sitio\/blog\/2018\/07\/16\/ensenanza-de-lenguas-extranjeras-desde-la-diversidad\/","title":{"rendered":"Ense\u00f1anza de lenguas extranjeras desde la diversidad"},"content":{"rendered":"<p>Estudiantes de lenguas extranjeras de la Universidad de las Artes presentar\u00e1n propuestas art\u00edsticas inspiradas en la diversidad. Los proyectos, que han sido trabajados por los alumnos a lo largo del semestre bajo la gu\u00eda de las docentes Aura Mu\u00f1oz, Marcela Santos y Rosa Elena Mart\u00ednez, est\u00e1n orientados a sensibilizar a la ciudadan\u00eda sobre necesidades educativas espec\u00edficas.<\/p>\n<p>Los proyectos, que permiten a los propios estudiantes plantearse preguntas sobre c\u00f3mo est\u00e1n aprendiendo, ofrecen nuevas perspectivas de la ense\u00f1anza\u2013aprendizaje de una lengua extranjera, desde la \u00f3ptica del alumno. Adem\u00e1s, esta propuesta pone al estudiante en el centro del proceso de construcci\u00f3n del conocimiento, subraya las diferencias individuales como fortalezas del sistema de aprendizaje e insta a los docentes a utilizar recursos y metodolog\u00edas diversas para alcanzar los objetivos de aprendizaje.<\/p>\n<p>En las presentaciones se mostrar\u00e1 c\u00f3mo los estudiantes aprenden mejor a trav\u00e9s de la danza, cuentos, canciones, fanzines y, adem\u00e1s, evocar\u00e1n las dificultades de la vida universitaria derivadas de la diversidad en todos sus g\u00e9neros.<\/p>\n<p>El encuentro ser\u00e1 este martes 17 de julio de 2018 de 08h00 a 16h00 en varios espacios del Campus Centro UArtes, Av. Malec\u00f3n y Aguirre.<\/p>\n<h3>Programaci\u00f3n<\/h3>\n<table width=\"510\">\n<tbody>\n<tr>\n<td width=\"170\">FRANC\u00c9S<\/td>\n<td width=\"170\">INGL\u00c9S<\/td>\n<td width=\"170\">PORTUGU\u00c9S<\/td>\n<\/tr>\n<tr>\n<td style=\"text-align: center\" colspan=\"3\" width=\"510\"><strong>PASAJE ILLINGWORTH (08h00 a 15h00)<\/strong><\/td>\n<\/tr>\n<tr>\n<td width=\"170\">-Le fanzine une m\u00e9thodologie d\u2019apprentissage<\/p>\n<p>&#8211; La diversit\u00e9 Quinind\u00e9(Caballete)<\/p>\n<p>-Journal philosophie \u00e0 la rue<\/p>\n<p>-Approche ludique de l\u2019apprentissage de la langue<\/p>\n<p>&#8211; TDA Pedro<\/p>\n<p>-Corps po\u00e9tique<\/p>\n<p>&#8211; Integration de generations stand<\/td>\n<td width=\"170\">-Los muertos de hambre<\/p>\n<p>&nbsp;<\/p>\n<p>-Family inclusion.<\/p>\n<p>&nbsp;<\/p>\n<p>-Fanzine:<\/p>\n<p>Innovating strategy to teach children -traditional Ecuadorian music.<\/td>\n<td width=\"170\">1)Os esquecidos<\/p>\n<p>2)A espada do dragao.<\/p>\n<p>3)Maos que falam<\/p>\n<p>4)Seres Sem Voz<\/p>\n<p>5) ?<\/p>\n<p>6) Lua<\/p>\n<p>7) Performance a la 13h<\/p>\n<p>8) Capoeira a las 14h<\/p>\n<p>9) Alfonso<\/td>\n<\/tr>\n<tr>\n<td style=\"text-align: center\" colspan=\"3\" width=\"510\"><strong>CUBO (13h30 a 15h30)<\/strong><\/td>\n<\/tr>\n<tr>\n<td width=\"170\">-Enseigner gr\u00e2ce au flamenco<\/p>\n<p>&nbsp;<\/p>\n<p>-La sensibilit\u00e9 des mots<\/p>\n<p>-Enseigner avec le corps<\/p>\n<p>-apprendre\u00a0 les langues avec le kpop et danza traditional<\/td>\n<td width=\"170\">Canciones :<\/p>\n<p>-John&#8217;s<\/p>\n<p>world. ING 2<\/p>\n<p>-Real Incusion.\u00a0 ING 3<\/p>\n<p>-Performance:<\/p>\n<p>Portrait. ING 3<\/p>\n<p>( +- 12h30)<\/td>\n<td width=\"170\">-Harmonia para pensar<\/p>\n<p>-Jean<\/p>\n<p>&nbsp;<\/td>\n<\/tr>\n<tr>\n<td style=\"text-align: center\" colspan=\"3\" width=\"510\"><strong>SALA 203 (08h30 a 10h00)<\/strong><\/td>\n<\/tr>\n<tr>\n<td width=\"170\">-L\u2019enseignement du fran\u00e7ais avec les mangas(video)<\/p>\n<p>-Tout le monde n\u2019est pas mauvais (video)<\/p>\n<p>&#8211; Exp\u00e9riences e inclusion educative \u00e0 l\u2019Uartes (video )<\/p>\n<p>-Le petit prince(conte)<\/p>\n<p>&#8211; La c\u00e9cit\u00e9\u00a0 Adela<\/td>\n<td width=\"170\">-Estrategias<\/p>\n<p>Inclusivas: el sue\u00f1o de Miguel.<\/p>\n<p>&nbsp;<\/td>\n<td width=\"170\">1)Voieover<\/p>\n<p>2)Ybelice<\/p>\n<p>3) Ruas Art\u00edsticas.<\/p>\n<p>4) Gloria<\/p>\n<p>5) Jorge e Jhon<\/p>\n<p>6) Yasser<\/p>\n<p>7) Carina<\/p>\n<p>8) Ernesto e Alba Joshua.<\/p>\n<p>9) David e Moll<\/p>\n<p>10) Vanesa<\/td>\n<\/tr>\n<\/tbody>\n<\/table>\n","protected":false},"excerpt":{"rendered":"<p>Estudiantes de lenguas extranjeras de la Universidad de las Artes presentar\u00e1n propuestas art\u00edsticas inspiradas en la diversidad. Los proyectos, que han sido trabajados por los alumnos a lo largo del semestre bajo la gu\u00eda de las docentes Aura Mu\u00f1oz, Marcela Santos y Rosa Elena Mart\u00ednez, est\u00e1n orientados a sensibilizar a la ciudadan\u00eda sobre necesidades educativas [&hellip;]<\/p>\n","protected":false},"author":1,"featured_media":1697,"comment_status":"closed","ping_status":"closed","sticky":false,"template":"","format":"standard","meta":{"_acf_changed":false,"_uag_custom_page_level_css":"","_monsterinsights_skip_tracking":false,"_monsterinsights_sitenote_active":false,"_monsterinsights_sitenote_note":"","_monsterinsights_sitenote_category":0,"cybocfi_hide_featured_image":"","footnotes":""},"categories":[82],"tags":[38],"infouartes":[],"class_list":["post-1696","post","type-post","status-publish","format-standard","has-post-thumbnail","hentry","category-artes","tag-dle"],"acf":[],"yoast_head":"<!-- This site is optimized with the Yoast SEO plugin v27.4 - https:\/\/yoast.com\/product\/yoast-seo-wordpress\/ -->\n<title>Universidad de las Artes - Ense\u00f1anza de lenguas extranjeras desde la diversidad<\/title>\n<meta name=\"description\" content=\"Universidad de las Artes - Ense\u00f1anza de lenguas extranjeras desde la diversidad\" \/>\n<meta name=\"robots\" content=\"index, follow, max-snippet:-1, max-image-preview:large, max-video-preview:-1\" \/>\n<link rel=\"canonical\" href=\"https:\/\/www.uartes.edu.ec\/sitio\/blog\/2018\/07\/16\/ensenanza-de-lenguas-extranjeras-desde-la-diversidad\/\" \/>\n<meta property=\"og:locale\" content=\"es_ES\" \/>\n<meta property=\"og:type\" content=\"article\" \/>\n<meta property=\"og:title\" content=\"Universidad de las Artes - Ense\u00f1anza de lenguas extranjeras desde la diversidad\" \/>\n<meta property=\"og:description\" content=\"Universidad de las Artes - Ense\u00f1anza de lenguas extranjeras desde la diversidad\" \/>\n<meta property=\"og:url\" content=\"https:\/\/www.uartes.edu.ec\/sitio\/blog\/2018\/07\/16\/ensenanza-de-lenguas-extranjeras-desde-la-diversidad\/\" \/>\n<meta property=\"og:site_name\" content=\"Universidad de las Artes\" \/>\n<meta property=\"article:publisher\" content=\"https:\/\/www.facebook.com\/uartesec\" \/>\n<meta property=\"article:published_time\" content=\"2018-07-16T21:20:25+00:00\" \/>\n<meta property=\"article:modified_time\" content=\"2024-07-04T16:53:46+00:00\" \/>\n<meta name=\"author\" content=\"Universidad de las Artes\" \/>\n<meta name=\"twitter:card\" content=\"summary_large_image\" \/>\n<meta name=\"twitter:creator\" content=\"@uartesec\" \/>\n<meta name=\"twitter:site\" content=\"@uartesec\" \/>\n<meta name=\"twitter:label1\" content=\"Escrito por\" \/>\n\t<meta name=\"twitter:data1\" content=\"Universidad de las Artes\" \/>\n\t<meta name=\"twitter:label2\" content=\"Tiempo de lectura\" \/>\n\t<meta name=\"twitter:data2\" content=\"2 minutos\" \/>\n<script type=\"application\/ld+json\" class=\"yoast-schema-graph\">{\"@context\":\"https:\\\/\\\/schema.org\",\"@graph\":[{\"@type\":\"Article\",\"@id\":\"https:\\\/\\\/www.uartes.edu.ec\\\/sitio\\\/blog\\\/2018\\\/07\\\/16\\\/ensenanza-de-lenguas-extranjeras-desde-la-diversidad\\\/#article\",\"isPartOf\":{\"@id\":\"https:\\\/\\\/www.uartes.edu.ec\\\/sitio\\\/blog\\\/2018\\\/07\\\/16\\\/ensenanza-de-lenguas-extranjeras-desde-la-diversidad\\\/\"},\"author\":{\"name\":\"Universidad de las Artes\",\"@id\":\"https:\\\/\\\/www.uartes.edu.ec\\\/sitio\\\/#\\\/schema\\\/person\\\/f33f8c1d2af0d5c80a38c8abf458184a\"},\"headline\":\"Ense\u00f1anza de lenguas extranjeras desde la diversidad\",\"datePublished\":\"2018-07-16T21:20:25+00:00\",\"dateModified\":\"2024-07-04T16:53:46+00:00\",\"mainEntityOfPage\":{\"@id\":\"https:\\\/\\\/www.uartes.edu.ec\\\/sitio\\\/blog\\\/2018\\\/07\\\/16\\\/ensenanza-de-lenguas-extranjeras-desde-la-diversidad\\\/\"},\"wordCount\":412,\"publisher\":{\"@id\":\"https:\\\/\\\/www.uartes.edu.ec\\\/sitio\\\/#organization\"},\"image\":{\"@id\":\"https:\\\/\\\/www.uartes.edu.ec\\\/sitio\\\/blog\\\/2018\\\/07\\\/16\\\/ensenanza-de-lenguas-extranjeras-desde-la-diversidad\\\/#primaryimage\"},\"thumbnailUrl\":\"\",\"keywords\":[\"dle\"],\"articleSection\":[\"Artes\"],\"inLanguage\":\"es\"},{\"@type\":[\"WebPage\",\"ItemPage\"],\"@id\":\"https:\\\/\\\/www.uartes.edu.ec\\\/sitio\\\/blog\\\/2018\\\/07\\\/16\\\/ensenanza-de-lenguas-extranjeras-desde-la-diversidad\\\/\",\"url\":\"https:\\\/\\\/www.uartes.edu.ec\\\/sitio\\\/blog\\\/2018\\\/07\\\/16\\\/ensenanza-de-lenguas-extranjeras-desde-la-diversidad\\\/\",\"name\":\"Universidad de las Artes - Ense\u00f1anza de lenguas extranjeras desde la diversidad\",\"isPartOf\":{\"@id\":\"https:\\\/\\\/www.uartes.edu.ec\\\/sitio\\\/#website\"},\"primaryImageOfPage\":{\"@id\":\"https:\\\/\\\/www.uartes.edu.ec\\\/sitio\\\/blog\\\/2018\\\/07\\\/16\\\/ensenanza-de-lenguas-extranjeras-desde-la-diversidad\\\/#primaryimage\"},\"image\":{\"@id\":\"https:\\\/\\\/www.uartes.edu.ec\\\/sitio\\\/blog\\\/2018\\\/07\\\/16\\\/ensenanza-de-lenguas-extranjeras-desde-la-diversidad\\\/#primaryimage\"},\"thumbnailUrl\":\"\",\"datePublished\":\"2018-07-16T21:20:25+00:00\",\"dateModified\":\"2024-07-04T16:53:46+00:00\",\"description\":\"Universidad de las Artes - Ense\u00f1anza de lenguas extranjeras desde la diversidad\",\"breadcrumb\":{\"@id\":\"https:\\\/\\\/www.uartes.edu.ec\\\/sitio\\\/blog\\\/2018\\\/07\\\/16\\\/ensenanza-de-lenguas-extranjeras-desde-la-diversidad\\\/#breadcrumb\"},\"inLanguage\":\"es\",\"potentialAction\":[{\"@type\":\"ReadAction\",\"target\":[\"https:\\\/\\\/www.uartes.edu.ec\\\/sitio\\\/blog\\\/2018\\\/07\\\/16\\\/ensenanza-de-lenguas-extranjeras-desde-la-diversidad\\\/\"]}]},{\"@type\":\"ImageObject\",\"inLanguage\":\"es\",\"@id\":\"https:\\\/\\\/www.uartes.edu.ec\\\/sitio\\\/blog\\\/2018\\\/07\\\/16\\\/ensenanza-de-lenguas-extranjeras-desde-la-diversidad\\\/#primaryimage\",\"url\":\"\",\"contentUrl\":\"\"},{\"@type\":\"BreadcrumbList\",\"@id\":\"https:\\\/\\\/www.uartes.edu.ec\\\/sitio\\\/blog\\\/2018\\\/07\\\/16\\\/ensenanza-de-lenguas-extranjeras-desde-la-diversidad\\\/#breadcrumb\",\"itemListElement\":[{\"@type\":\"ListItem\",\"position\":1,\"name\":\"Inicio\",\"item\":\"https:\\\/\\\/www.uartes.edu.ec\\\/sitio\\\/\"},{\"@type\":\"ListItem\",\"position\":2,\"name\":\"Ense\u00f1anza de lenguas extranjeras desde la diversidad\"}]},{\"@type\":\"WebSite\",\"@id\":\"https:\\\/\\\/www.uartes.edu.ec\\\/sitio\\\/#website\",\"url\":\"https:\\\/\\\/www.uartes.edu.ec\\\/sitio\\\/\",\"name\":\"Universidad de las Artes\",\"description\":\"Sitio oficial de la Universidad Nacional de las Artes del Ecuador\",\"publisher\":{\"@id\":\"https:\\\/\\\/www.uartes.edu.ec\\\/sitio\\\/#organization\"},\"potentialAction\":[{\"@type\":\"SearchAction\",\"target\":{\"@type\":\"EntryPoint\",\"urlTemplate\":\"https:\\\/\\\/www.uartes.edu.ec\\\/sitio\\\/?s={search_term_string}\"},\"query-input\":{\"@type\":\"PropertyValueSpecification\",\"valueRequired\":true,\"valueName\":\"search_term_string\"}}],\"inLanguage\":\"es\"},{\"@type\":\"Organization\",\"@id\":\"https:\\\/\\\/www.uartes.edu.ec\\\/sitio\\\/#organization\",\"name\":\"Universidad de las Artes\",\"url\":\"https:\\\/\\\/www.uartes.edu.ec\\\/sitio\\\/\",\"logo\":{\"@type\":\"ImageObject\",\"inLanguage\":\"es\",\"@id\":\"https:\\\/\\\/www.uartes.edu.ec\\\/sitio\\\/#\\\/schema\\\/logo\\\/image\\\/\",\"url\":\"https:\\\/\\\/www.uartes.edu.ec\\\/sitio\\\/wp-content\\\/uploads\\\/2022\\\/07\\\/logo-ua-horizontal.png\",\"contentUrl\":\"https:\\\/\\\/www.uartes.edu.ec\\\/sitio\\\/wp-content\\\/uploads\\\/2022\\\/07\\\/logo-ua-horizontal.png\",\"width\":800,\"height\":276,\"caption\":\"Universidad de las Artes\"},\"image\":{\"@id\":\"https:\\\/\\\/www.uartes.edu.ec\\\/sitio\\\/#\\\/schema\\\/logo\\\/image\\\/\"},\"sameAs\":[\"https:\\\/\\\/www.facebook.com\\\/uartesec\",\"https:\\\/\\\/x.com\\\/uartesec\",\"https:\\\/\\\/www.tiktok.com\\\/@uartesec\"]},{\"@type\":\"Person\",\"@id\":\"https:\\\/\\\/www.uartes.edu.ec\\\/sitio\\\/#\\\/schema\\\/person\\\/f33f8c1d2af0d5c80a38c8abf458184a\",\"name\":\"Universidad de las Artes\",\"image\":{\"@type\":\"ImageObject\",\"inLanguage\":\"es\",\"@id\":\"https:\\\/\\\/secure.gravatar.com\\\/avatar\\\/52e4757902f5cfa5ac52d020e5be83cae5487519154b6c35482fe08d589f3c13?s=96&d=mm&r=g\",\"url\":\"https:\\\/\\\/secure.gravatar.com\\\/avatar\\\/52e4757902f5cfa5ac52d020e5be83cae5487519154b6c35482fe08d589f3c13?s=96&d=mm&r=g\",\"contentUrl\":\"https:\\\/\\\/secure.gravatar.com\\\/avatar\\\/52e4757902f5cfa5ac52d020e5be83cae5487519154b6c35482fe08d589f3c13?s=96&d=mm&r=g\",\"caption\":\"Universidad de las Artes\"},\"url\":\"https:\\\/\\\/www.uartes.edu.ec\\\/sitio\\\/blog\\\/author\\\/dircomadm\\\/\"}]}<\/script>\n<!-- \/ Yoast SEO plugin. -->","yoast_head_json":{"title":"Universidad de las Artes - Ense\u00f1anza de lenguas extranjeras desde la diversidad","description":"Universidad de las Artes - Ense\u00f1anza de lenguas extranjeras desde la diversidad","robots":{"index":"index","follow":"follow","max-snippet":"max-snippet:-1","max-image-preview":"max-image-preview:large","max-video-preview":"max-video-preview:-1"},"canonical":"https:\/\/www.uartes.edu.ec\/sitio\/blog\/2018\/07\/16\/ensenanza-de-lenguas-extranjeras-desde-la-diversidad\/","og_locale":"es_ES","og_type":"article","og_title":"Universidad de las Artes - Ense\u00f1anza de lenguas extranjeras desde la diversidad","og_description":"Universidad de las Artes - Ense\u00f1anza de lenguas extranjeras desde la diversidad","og_url":"https:\/\/www.uartes.edu.ec\/sitio\/blog\/2018\/07\/16\/ensenanza-de-lenguas-extranjeras-desde-la-diversidad\/","og_site_name":"Universidad de las Artes","article_publisher":"https:\/\/www.facebook.com\/uartesec","article_published_time":"2018-07-16T21:20:25+00:00","article_modified_time":"2024-07-04T16:53:46+00:00","author":"Universidad de las Artes","twitter_card":"summary_large_image","twitter_creator":"@uartesec","twitter_site":"@uartesec","twitter_misc":{"Escrito por":"Universidad de las Artes","Tiempo de lectura":"2 minutos"},"schema":{"@context":"https:\/\/schema.org","@graph":[{"@type":"Article","@id":"https:\/\/www.uartes.edu.ec\/sitio\/blog\/2018\/07\/16\/ensenanza-de-lenguas-extranjeras-desde-la-diversidad\/#article","isPartOf":{"@id":"https:\/\/www.uartes.edu.ec\/sitio\/blog\/2018\/07\/16\/ensenanza-de-lenguas-extranjeras-desde-la-diversidad\/"},"author":{"name":"Universidad de las Artes","@id":"https:\/\/www.uartes.edu.ec\/sitio\/#\/schema\/person\/f33f8c1d2af0d5c80a38c8abf458184a"},"headline":"Ense\u00f1anza de lenguas extranjeras desde la diversidad","datePublished":"2018-07-16T21:20:25+00:00","dateModified":"2024-07-04T16:53:46+00:00","mainEntityOfPage":{"@id":"https:\/\/www.uartes.edu.ec\/sitio\/blog\/2018\/07\/16\/ensenanza-de-lenguas-extranjeras-desde-la-diversidad\/"},"wordCount":412,"publisher":{"@id":"https:\/\/www.uartes.edu.ec\/sitio\/#organization"},"image":{"@id":"https:\/\/www.uartes.edu.ec\/sitio\/blog\/2018\/07\/16\/ensenanza-de-lenguas-extranjeras-desde-la-diversidad\/#primaryimage"},"thumbnailUrl":"","keywords":["dle"],"articleSection":["Artes"],"inLanguage":"es"},{"@type":["WebPage","ItemPage"],"@id":"https:\/\/www.uartes.edu.ec\/sitio\/blog\/2018\/07\/16\/ensenanza-de-lenguas-extranjeras-desde-la-diversidad\/","url":"https:\/\/www.uartes.edu.ec\/sitio\/blog\/2018\/07\/16\/ensenanza-de-lenguas-extranjeras-desde-la-diversidad\/","name":"Universidad de las Artes - Ense\u00f1anza de lenguas extranjeras desde la diversidad","isPartOf":{"@id":"https:\/\/www.uartes.edu.ec\/sitio\/#website"},"primaryImageOfPage":{"@id":"https:\/\/www.uartes.edu.ec\/sitio\/blog\/2018\/07\/16\/ensenanza-de-lenguas-extranjeras-desde-la-diversidad\/#primaryimage"},"image":{"@id":"https:\/\/www.uartes.edu.ec\/sitio\/blog\/2018\/07\/16\/ensenanza-de-lenguas-extranjeras-desde-la-diversidad\/#primaryimage"},"thumbnailUrl":"","datePublished":"2018-07-16T21:20:25+00:00","dateModified":"2024-07-04T16:53:46+00:00","description":"Universidad de las Artes - Ense\u00f1anza de lenguas extranjeras desde la diversidad","breadcrumb":{"@id":"https:\/\/www.uartes.edu.ec\/sitio\/blog\/2018\/07\/16\/ensenanza-de-lenguas-extranjeras-desde-la-diversidad\/#breadcrumb"},"inLanguage":"es","potentialAction":[{"@type":"ReadAction","target":["https:\/\/www.uartes.edu.ec\/sitio\/blog\/2018\/07\/16\/ensenanza-de-lenguas-extranjeras-desde-la-diversidad\/"]}]},{"@type":"ImageObject","inLanguage":"es","@id":"https:\/\/www.uartes.edu.ec\/sitio\/blog\/2018\/07\/16\/ensenanza-de-lenguas-extranjeras-desde-la-diversidad\/#primaryimage","url":"","contentUrl":""},{"@type":"BreadcrumbList","@id":"https:\/\/www.uartes.edu.ec\/sitio\/blog\/2018\/07\/16\/ensenanza-de-lenguas-extranjeras-desde-la-diversidad\/#breadcrumb","itemListElement":[{"@type":"ListItem","position":1,"name":"Inicio","item":"https:\/\/www.uartes.edu.ec\/sitio\/"},{"@type":"ListItem","position":2,"name":"Ense\u00f1anza de lenguas extranjeras desde la diversidad"}]},{"@type":"WebSite","@id":"https:\/\/www.uartes.edu.ec\/sitio\/#website","url":"https:\/\/www.uartes.edu.ec\/sitio\/","name":"Universidad de las Artes","description":"Sitio oficial de la Universidad Nacional de las Artes del Ecuador","publisher":{"@id":"https:\/\/www.uartes.edu.ec\/sitio\/#organization"},"potentialAction":[{"@type":"SearchAction","target":{"@type":"EntryPoint","urlTemplate":"https:\/\/www.uartes.edu.ec\/sitio\/?s={search_term_string}"},"query-input":{"@type":"PropertyValueSpecification","valueRequired":true,"valueName":"search_term_string"}}],"inLanguage":"es"},{"@type":"Organization","@id":"https:\/\/www.uartes.edu.ec\/sitio\/#organization","name":"Universidad de las Artes","url":"https:\/\/www.uartes.edu.ec\/sitio\/","logo":{"@type":"ImageObject","inLanguage":"es","@id":"https:\/\/www.uartes.edu.ec\/sitio\/#\/schema\/logo\/image\/","url":"https:\/\/www.uartes.edu.ec\/sitio\/wp-content\/uploads\/2022\/07\/logo-ua-horizontal.png","contentUrl":"https:\/\/www.uartes.edu.ec\/sitio\/wp-content\/uploads\/2022\/07\/logo-ua-horizontal.png","width":800,"height":276,"caption":"Universidad de las Artes"},"image":{"@id":"https:\/\/www.uartes.edu.ec\/sitio\/#\/schema\/logo\/image\/"},"sameAs":["https:\/\/www.facebook.com\/uartesec","https:\/\/x.com\/uartesec","https:\/\/www.tiktok.com\/@uartesec"]},{"@type":"Person","@id":"https:\/\/www.uartes.edu.ec\/sitio\/#\/schema\/person\/f33f8c1d2af0d5c80a38c8abf458184a","name":"Universidad de las Artes","image":{"@type":"ImageObject","inLanguage":"es","@id":"https:\/\/secure.gravatar.com\/avatar\/52e4757902f5cfa5ac52d020e5be83cae5487519154b6c35482fe08d589f3c13?s=96&d=mm&r=g","url":"https:\/\/secure.gravatar.com\/avatar\/52e4757902f5cfa5ac52d020e5be83cae5487519154b6c35482fe08d589f3c13?s=96&d=mm&r=g","contentUrl":"https:\/\/secure.gravatar.com\/avatar\/52e4757902f5cfa5ac52d020e5be83cae5487519154b6c35482fe08d589f3c13?s=96&d=mm&r=g","caption":"Universidad de las Artes"},"url":"https:\/\/www.uartes.edu.ec\/sitio\/blog\/author\/dircomadm\/"}]}},"uagb_featured_image_src":{"full":false,"thumbnail":false,"medium":false,"medium_large":false,"large":false,"1536x1536":false,"2048x2048":false,"trp-custom-language-flag":false,"htmega_size_585x295":false,"htmega_size_1170x536":false,"htmega_size_396x360":false,"gb-block-post-grid-landscape":false,"gb-block-post-grid-square":false,"university-hub-thumb":false},"uagb_author_info":{"display_name":"Universidad de las Artes","author_link":"https:\/\/www.uartes.edu.ec\/sitio\/blog\/author\/dircomadm\/"},"uagb_comment_info":0,"uagb_excerpt":"Estudiantes de lenguas extranjeras de la Universidad de las Artes presentar\u00e1n propuestas art\u00edsticas inspiradas en la diversidad. Los proyectos, que han sido trabajados por los alumnos a lo largo del semestre bajo la gu\u00eda de las docentes Aura Mu\u00f1oz, Marcela Santos y Rosa Elena Mart\u00ednez, est\u00e1n orientados a sensibilizar a la ciudadan\u00eda sobre necesidades educativas&hellip;","featured_image_src":null,"featured_image_src_square":null,"author_info":{"display_name":"Universidad de las Artes","author_link":"https:\/\/www.uartes.edu.ec\/sitio\/blog\/author\/dircomadm\/"},"publishpress_future_workflow_manual_trigger":{"enabledWorkflows":[]},"distributor_meta":false,"distributor_terms":false,"distributor_media":false,"distributor_original_site_name":"Universidad de las Artes","distributor_original_site_url":"https:\/\/www.uartes.edu.ec\/sitio","push-errors":false,"_links":{"self":[{"href":"https:\/\/www.uartes.edu.ec\/sitio\/wp-json\/wp\/v2\/posts\/1696","targetHints":{"allow":["GET"]}}],"collection":[{"href":"https:\/\/www.uartes.edu.ec\/sitio\/wp-json\/wp\/v2\/posts"}],"about":[{"href":"https:\/\/www.uartes.edu.ec\/sitio\/wp-json\/wp\/v2\/types\/post"}],"author":[{"embeddable":true,"href":"https:\/\/www.uartes.edu.ec\/sitio\/wp-json\/wp\/v2\/users\/1"}],"replies":[{"embeddable":true,"href":"https:\/\/www.uartes.edu.ec\/sitio\/wp-json\/wp\/v2\/comments?post=1696"}],"version-history":[{"count":1,"href":"https:\/\/www.uartes.edu.ec\/sitio\/wp-json\/wp\/v2\/posts\/1696\/revisions"}],"predecessor-version":[{"id":3351,"href":"https:\/\/www.uartes.edu.ec\/sitio\/wp-json\/wp\/v2\/posts\/1696\/revisions\/3351"}],"wp:featuredmedia":[{"embeddable":true,"href":"https:\/\/www.uartes.edu.ec\/sitio\/wp-json\/"}],"wp:attachment":[{"href":"https:\/\/www.uartes.edu.ec\/sitio\/wp-json\/wp\/v2\/media?parent=1696"}],"wp:term":[{"taxonomy":"category","embeddable":true,"href":"https:\/\/www.uartes.edu.ec\/sitio\/wp-json\/wp\/v2\/categories?post=1696"},{"taxonomy":"post_tag","embeddable":true,"href":"https:\/\/www.uartes.edu.ec\/sitio\/wp-json\/wp\/v2\/tags?post=1696"},{"taxonomy":"infouartes","embeddable":true,"href":"https:\/\/www.uartes.edu.ec\/sitio\/wp-json\/wp\/v2\/infouartes?post=1696"}],"curies":[{"name":"wp","href":"https:\/\/api.w.org\/{rel}","templated":true}]}}