{"id":1717,"date":"2018-07-24T16:20:25","date_gmt":"2018-07-24T21:20:25","guid":{"rendered":"http:\/\/www.uartes.edu.ec\/infouartes\/?p=1717"},"modified":"2024-07-04T11:53:46","modified_gmt":"2024-07-04T16:53:46","slug":"estudiantes-de-la-uartes-ganan-primero-y-segundo-lugar-en-el-salon-de-julio-2018","status":"publish","type":"post","link":"https:\/\/www.uartes.edu.ec\/sitio\/blog\/2018\/07\/24\/estudiantes-de-la-uartes-ganan-primero-y-segundo-lugar-en-el-salon-de-julio-2018\/","title":{"rendered":"Estudiantes de la UArtes ganan primero y segundo lugar en el Sal\u00f3n de Julio 2018"},"content":{"rendered":"<p>Jos\u00e9 Pinto y Omar Bereche, estudiantes de la carrera de Artes Visuales de la Universidad de las Artes del Ecuador, ganaron el primero y segundo lugar en la 59 edici\u00f3n del Sal\u00f3n de Julio, Fundaci\u00f3n de Guayaquil 2018, respectivamente. El tercer lugar fue para Fabricio Mosquera con su obra \u201cYou\u201d. La premiaci\u00f3n se llevar\u00e1 a cabo hoy martes 24 de julio a las 19h00, en el Auditorio del Museo Municipal y permanecer\u00e1 abierta hasta el 25 de agosto.<\/p>\n<p>\u201cTeor\u00edas\u201d, obra con la que Pinto gan\u00f3 el Sal\u00f3n de Julio 2018, es un proyecto de investigaci\u00f3n que ha venido desarrollando el artista en su proceso de titulaci\u00f3n en la Universidad y que culminar\u00e1 en una exposici\u00f3n que se presentar\u00e1 en los pr\u00f3ximos meses en Guayaquil. Esta propuesta, afirma Jos\u00e9 Pinto, entrelaza el dibujo, la pintura y la instalaci\u00f3n, como estudio de<em> montaje, <\/em>en este caso<em>,<\/em> compuesto de holl\u00edn; el cual que se presenta como an\u00e1logo sutil del vac\u00edo (un <em>espacio<\/em> que es <em>f\u00edsico<\/em> en s\u00ed) y que, a su vez connota la <em>explosi\u00f3n<\/em>; como un instante del origen del universo, donde todo pensamiento termina siendo <em>insignificante.<\/em> \u201cLa obra tiene que ver tambi\u00e9n con las tem\u00e1ticas con las que trabajo como es el espacio, el tiempo y la naturaleza. Esta obra en particular est\u00e1 m\u00e1s dirigida a la idea del espacio, a pensar el espacio que uno habita\u201d, comenta.<\/p>\n<p>\u201cEl Sal\u00f3n de Julio se ha establecido como uno de los concursos de mayor resonancia, expectativa y relevancia de las artes visuales del Ecuador, promoviendo y difundiendo la actualidad de la tradici\u00f3n pict\u00f3rica nacional\u201d, afirma el Museo Municipal en un comunicado. 130 obras postularon para la 59 edici\u00f3n del certamen que entregar\u00e1 un valor de 20 mil d\u00f3lares entre los tres ganadores. De ellas, un jurado nacional integrado por Larissa Marangoni, Billy Soto y Luis Erazo escogieron 16 propuestas que integrar\u00e1n la muestra final que permanecer\u00e1 abierta al p\u00fablico hasta el s\u00e1bado 25 de agosto. Finalmente, el jurado internacional integrado por Fernando Baena de Espa\u00f1a, Justo Pastor de Chile y Gustavo Buntinx de Per\u00fa escogieron las obras de Pinto, Bereche y Mosquera como las ganadoras.<\/p>\n<p>\u201cEsta es la primera vez que gano un premio y es un punto de partida para seguir trabajando\u201d, culmina Pinto.<\/p>\n<figure id=\"attachment_1721\" aria-describedby=\"caption-attachment-1721\" style=\"width: 960px\" class=\"wp-caption aligncenter\"><img fetchpriority=\"high\" decoding=\"async\" class=\"size-full wp-image-1721\" src=\"http:\/\/www.uartes.edu.ec\/infouartes\/wp-content\/uploads\/2018\/07\/teorias.jpg\" alt=\"\" width=\"960\" height=\"540\" \/><figcaption id=\"caption-attachment-1721\" class=\"wp-caption-text\">&#8220;Teor\u00edas &#8220;, obra de Jos\u00e9 Antonio Pinto, ganadora del Sal\u00f3n de Julio 2018.<\/figcaption><\/figure>\n","protected":false},"excerpt":{"rendered":"<p>Jos\u00e9 Pinto y Omar Bereche, estudiantes de la carrera de Artes Visuales de la Universidad de las Artes del Ecuador, ganaron el primero y segundo lugar en la 59 edici\u00f3n del Sal\u00f3n de Julio, Fundaci\u00f3n de Guayaquil 2018, respectivamente. El tercer lugar fue para Fabricio Mosquera con su obra \u201cYou\u201d. La premiaci\u00f3n se llevar\u00e1 a [&hellip;]<\/p>\n","protected":false},"author":1,"featured_media":1719,"comment_status":"closed","ping_status":"closed","sticky":false,"template":"","format":"standard","meta":{"_acf_changed":false,"_uag_custom_page_level_css":"","_monsterinsights_skip_tracking":false,"_monsterinsights_sitenote_active":false,"_monsterinsights_sitenote_note":"","_monsterinsights_sitenote_category":0,"cybocfi_hide_featured_image":"","footnotes":""},"categories":[76],"tags":[],"infouartes":[],"class_list":["post-1717","post","type-post","status-publish","format-standard","has-post-thumbnail","hentry","category-estudiantes"],"acf":[],"yoast_head":"<!-- This site is optimized with the Yoast SEO plugin v27.4 - https:\/\/yoast.com\/product\/yoast-seo-wordpress\/ -->\n<title>Universidad de las Artes - Estudiantes de la UArtes ganan primero y segundo lugar en el Sal\u00f3n de Julio 2018<\/title>\n<meta name=\"description\" content=\"Universidad de las Artes - Estudiantes de la UArtes ganan primero y segundo lugar en el Sal\u00f3n de Julio 2018\" \/>\n<meta name=\"robots\" content=\"index, follow, max-snippet:-1, max-image-preview:large, max-video-preview:-1\" \/>\n<link rel=\"canonical\" href=\"https:\/\/www.uartes.edu.ec\/sitio\/blog\/2018\/07\/24\/estudiantes-de-la-uartes-ganan-primero-y-segundo-lugar-en-el-salon-de-julio-2018\/\" \/>\n<meta property=\"og:locale\" content=\"es_ES\" \/>\n<meta property=\"og:type\" content=\"article\" \/>\n<meta property=\"og:title\" content=\"Universidad de las Artes - Estudiantes de la UArtes ganan primero y segundo lugar en el Sal\u00f3n de Julio 2018\" \/>\n<meta property=\"og:description\" content=\"Universidad de las Artes - Estudiantes de la UArtes ganan primero y segundo lugar en el Sal\u00f3n de Julio 2018\" \/>\n<meta property=\"og:url\" content=\"https:\/\/www.uartes.edu.ec\/sitio\/blog\/2018\/07\/24\/estudiantes-de-la-uartes-ganan-primero-y-segundo-lugar-en-el-salon-de-julio-2018\/\" \/>\n<meta property=\"og:site_name\" content=\"Universidad de las Artes\" \/>\n<meta property=\"article:publisher\" content=\"https:\/\/www.facebook.com\/uartesec\" \/>\n<meta property=\"article:published_time\" content=\"2018-07-24T21:20:25+00:00\" \/>\n<meta property=\"article:modified_time\" content=\"2024-07-04T16:53:46+00:00\" \/>\n<meta name=\"author\" content=\"Universidad de las Artes\" \/>\n<meta name=\"twitter:card\" content=\"summary_large_image\" \/>\n<meta name=\"twitter:creator\" content=\"@uartesec\" \/>\n<meta name=\"twitter:site\" content=\"@uartesec\" \/>\n<meta name=\"twitter:label1\" content=\"Escrito por\" \/>\n\t<meta name=\"twitter:data1\" content=\"Universidad de las Artes\" \/>\n\t<meta name=\"twitter:label2\" content=\"Tiempo de lectura\" \/>\n\t<meta name=\"twitter:data2\" content=\"2 minutos\" \/>\n<script type=\"application\/ld+json\" class=\"yoast-schema-graph\">{\"@context\":\"https:\\\/\\\/schema.org\",\"@graph\":[{\"@type\":\"Article\",\"@id\":\"https:\\\/\\\/www.uartes.edu.ec\\\/sitio\\\/blog\\\/2018\\\/07\\\/24\\\/estudiantes-de-la-uartes-ganan-primero-y-segundo-lugar-en-el-salon-de-julio-2018\\\/#article\",\"isPartOf\":{\"@id\":\"https:\\\/\\\/www.uartes.edu.ec\\\/sitio\\\/blog\\\/2018\\\/07\\\/24\\\/estudiantes-de-la-uartes-ganan-primero-y-segundo-lugar-en-el-salon-de-julio-2018\\\/\"},\"author\":{\"name\":\"Universidad de las Artes\",\"@id\":\"https:\\\/\\\/www.uartes.edu.ec\\\/sitio\\\/#\\\/schema\\\/person\\\/f33f8c1d2af0d5c80a38c8abf458184a\"},\"headline\":\"Estudiantes de la UArtes ganan primero y segundo lugar en el Sal\u00f3n de Julio 2018\",\"datePublished\":\"2018-07-24T21:20:25+00:00\",\"dateModified\":\"2024-07-04T16:53:46+00:00\",\"mainEntityOfPage\":{\"@id\":\"https:\\\/\\\/www.uartes.edu.ec\\\/sitio\\\/blog\\\/2018\\\/07\\\/24\\\/estudiantes-de-la-uartes-ganan-primero-y-segundo-lugar-en-el-salon-de-julio-2018\\\/\"},\"wordCount\":425,\"publisher\":{\"@id\":\"https:\\\/\\\/www.uartes.edu.ec\\\/sitio\\\/#organization\"},\"image\":{\"@id\":\"https:\\\/\\\/www.uartes.edu.ec\\\/sitio\\\/blog\\\/2018\\\/07\\\/24\\\/estudiantes-de-la-uartes-ganan-primero-y-segundo-lugar-en-el-salon-de-julio-2018\\\/#primaryimage\"},\"thumbnailUrl\":\"\",\"articleSection\":[\"Estudiantes\"],\"inLanguage\":\"es\"},{\"@type\":[\"WebPage\",\"ItemPage\"],\"@id\":\"https:\\\/\\\/www.uartes.edu.ec\\\/sitio\\\/blog\\\/2018\\\/07\\\/24\\\/estudiantes-de-la-uartes-ganan-primero-y-segundo-lugar-en-el-salon-de-julio-2018\\\/\",\"url\":\"https:\\\/\\\/www.uartes.edu.ec\\\/sitio\\\/blog\\\/2018\\\/07\\\/24\\\/estudiantes-de-la-uartes-ganan-primero-y-segundo-lugar-en-el-salon-de-julio-2018\\\/\",\"name\":\"Universidad de las Artes - Estudiantes de la UArtes ganan primero y segundo lugar en el Sal\u00f3n de Julio 2018\",\"isPartOf\":{\"@id\":\"https:\\\/\\\/www.uartes.edu.ec\\\/sitio\\\/#website\"},\"primaryImageOfPage\":{\"@id\":\"https:\\\/\\\/www.uartes.edu.ec\\\/sitio\\\/blog\\\/2018\\\/07\\\/24\\\/estudiantes-de-la-uartes-ganan-primero-y-segundo-lugar-en-el-salon-de-julio-2018\\\/#primaryimage\"},\"image\":{\"@id\":\"https:\\\/\\\/www.uartes.edu.ec\\\/sitio\\\/blog\\\/2018\\\/07\\\/24\\\/estudiantes-de-la-uartes-ganan-primero-y-segundo-lugar-en-el-salon-de-julio-2018\\\/#primaryimage\"},\"thumbnailUrl\":\"\",\"datePublished\":\"2018-07-24T21:20:25+00:00\",\"dateModified\":\"2024-07-04T16:53:46+00:00\",\"description\":\"Universidad de las Artes - Estudiantes de la UArtes ganan primero y segundo lugar en el Sal\u00f3n de Julio 2018\",\"breadcrumb\":{\"@id\":\"https:\\\/\\\/www.uartes.edu.ec\\\/sitio\\\/blog\\\/2018\\\/07\\\/24\\\/estudiantes-de-la-uartes-ganan-primero-y-segundo-lugar-en-el-salon-de-julio-2018\\\/#breadcrumb\"},\"inLanguage\":\"es\",\"potentialAction\":[{\"@type\":\"ReadAction\",\"target\":[\"https:\\\/\\\/www.uartes.edu.ec\\\/sitio\\\/blog\\\/2018\\\/07\\\/24\\\/estudiantes-de-la-uartes-ganan-primero-y-segundo-lugar-en-el-salon-de-julio-2018\\\/\"]}]},{\"@type\":\"ImageObject\",\"inLanguage\":\"es\",\"@id\":\"https:\\\/\\\/www.uartes.edu.ec\\\/sitio\\\/blog\\\/2018\\\/07\\\/24\\\/estudiantes-de-la-uartes-ganan-primero-y-segundo-lugar-en-el-salon-de-julio-2018\\\/#primaryimage\",\"url\":\"\",\"contentUrl\":\"\"},{\"@type\":\"BreadcrumbList\",\"@id\":\"https:\\\/\\\/www.uartes.edu.ec\\\/sitio\\\/blog\\\/2018\\\/07\\\/24\\\/estudiantes-de-la-uartes-ganan-primero-y-segundo-lugar-en-el-salon-de-julio-2018\\\/#breadcrumb\",\"itemListElement\":[{\"@type\":\"ListItem\",\"position\":1,\"name\":\"Inicio\",\"item\":\"https:\\\/\\\/www.uartes.edu.ec\\\/sitio\\\/\"},{\"@type\":\"ListItem\",\"position\":2,\"name\":\"Estudiantes de la UArtes ganan primero y segundo lugar en el Sal\u00f3n de Julio 2018\"}]},{\"@type\":\"WebSite\",\"@id\":\"https:\\\/\\\/www.uartes.edu.ec\\\/sitio\\\/#website\",\"url\":\"https:\\\/\\\/www.uartes.edu.ec\\\/sitio\\\/\",\"name\":\"Universidad de las Artes\",\"description\":\"Sitio oficial de la Universidad Nacional de las Artes del Ecuador\",\"publisher\":{\"@id\":\"https:\\\/\\\/www.uartes.edu.ec\\\/sitio\\\/#organization\"},\"potentialAction\":[{\"@type\":\"SearchAction\",\"target\":{\"@type\":\"EntryPoint\",\"urlTemplate\":\"https:\\\/\\\/www.uartes.edu.ec\\\/sitio\\\/?s={search_term_string}\"},\"query-input\":{\"@type\":\"PropertyValueSpecification\",\"valueRequired\":true,\"valueName\":\"search_term_string\"}}],\"inLanguage\":\"es\"},{\"@type\":\"Organization\",\"@id\":\"https:\\\/\\\/www.uartes.edu.ec\\\/sitio\\\/#organization\",\"name\":\"Universidad de las Artes\",\"url\":\"https:\\\/\\\/www.uartes.edu.ec\\\/sitio\\\/\",\"logo\":{\"@type\":\"ImageObject\",\"inLanguage\":\"es\",\"@id\":\"https:\\\/\\\/www.uartes.edu.ec\\\/sitio\\\/#\\\/schema\\\/logo\\\/image\\\/\",\"url\":\"https:\\\/\\\/www.uartes.edu.ec\\\/sitio\\\/wp-content\\\/uploads\\\/2022\\\/07\\\/logo-ua-horizontal.png\",\"contentUrl\":\"https:\\\/\\\/www.uartes.edu.ec\\\/sitio\\\/wp-content\\\/uploads\\\/2022\\\/07\\\/logo-ua-horizontal.png\",\"width\":800,\"height\":276,\"caption\":\"Universidad de las Artes\"},\"image\":{\"@id\":\"https:\\\/\\\/www.uartes.edu.ec\\\/sitio\\\/#\\\/schema\\\/logo\\\/image\\\/\"},\"sameAs\":[\"https:\\\/\\\/www.facebook.com\\\/uartesec\",\"https:\\\/\\\/x.com\\\/uartesec\",\"https:\\\/\\\/www.tiktok.com\\\/@uartesec\"]},{\"@type\":\"Person\",\"@id\":\"https:\\\/\\\/www.uartes.edu.ec\\\/sitio\\\/#\\\/schema\\\/person\\\/f33f8c1d2af0d5c80a38c8abf458184a\",\"name\":\"Universidad de las Artes\",\"image\":{\"@type\":\"ImageObject\",\"inLanguage\":\"es\",\"@id\":\"https:\\\/\\\/secure.gravatar.com\\\/avatar\\\/52e4757902f5cfa5ac52d020e5be83cae5487519154b6c35482fe08d589f3c13?s=96&d=mm&r=g\",\"url\":\"https:\\\/\\\/secure.gravatar.com\\\/avatar\\\/52e4757902f5cfa5ac52d020e5be83cae5487519154b6c35482fe08d589f3c13?s=96&d=mm&r=g\",\"contentUrl\":\"https:\\\/\\\/secure.gravatar.com\\\/avatar\\\/52e4757902f5cfa5ac52d020e5be83cae5487519154b6c35482fe08d589f3c13?s=96&d=mm&r=g\",\"caption\":\"Universidad de las Artes\"},\"url\":\"https:\\\/\\\/www.uartes.edu.ec\\\/sitio\\\/blog\\\/author\\\/dircomadm\\\/\"}]}<\/script>\n<!-- \/ Yoast SEO plugin. -->","yoast_head_json":{"title":"Universidad de las Artes - Estudiantes de la UArtes ganan primero y segundo lugar en el Sal\u00f3n de Julio 2018","description":"Universidad de las Artes - Estudiantes de la UArtes ganan primero y segundo lugar en el Sal\u00f3n de Julio 2018","robots":{"index":"index","follow":"follow","max-snippet":"max-snippet:-1","max-image-preview":"max-image-preview:large","max-video-preview":"max-video-preview:-1"},"canonical":"https:\/\/www.uartes.edu.ec\/sitio\/blog\/2018\/07\/24\/estudiantes-de-la-uartes-ganan-primero-y-segundo-lugar-en-el-salon-de-julio-2018\/","og_locale":"es_ES","og_type":"article","og_title":"Universidad de las Artes - Estudiantes de la UArtes ganan primero y segundo lugar en el Sal\u00f3n de Julio 2018","og_description":"Universidad de las Artes - Estudiantes de la UArtes ganan primero y segundo lugar en el Sal\u00f3n de Julio 2018","og_url":"https:\/\/www.uartes.edu.ec\/sitio\/blog\/2018\/07\/24\/estudiantes-de-la-uartes-ganan-primero-y-segundo-lugar-en-el-salon-de-julio-2018\/","og_site_name":"Universidad de las Artes","article_publisher":"https:\/\/www.facebook.com\/uartesec","article_published_time":"2018-07-24T21:20:25+00:00","article_modified_time":"2024-07-04T16:53:46+00:00","author":"Universidad de las Artes","twitter_card":"summary_large_image","twitter_creator":"@uartesec","twitter_site":"@uartesec","twitter_misc":{"Escrito por":"Universidad de las Artes","Tiempo de lectura":"2 minutos"},"schema":{"@context":"https:\/\/schema.org","@graph":[{"@type":"Article","@id":"https:\/\/www.uartes.edu.ec\/sitio\/blog\/2018\/07\/24\/estudiantes-de-la-uartes-ganan-primero-y-segundo-lugar-en-el-salon-de-julio-2018\/#article","isPartOf":{"@id":"https:\/\/www.uartes.edu.ec\/sitio\/blog\/2018\/07\/24\/estudiantes-de-la-uartes-ganan-primero-y-segundo-lugar-en-el-salon-de-julio-2018\/"},"author":{"name":"Universidad de las Artes","@id":"https:\/\/www.uartes.edu.ec\/sitio\/#\/schema\/person\/f33f8c1d2af0d5c80a38c8abf458184a"},"headline":"Estudiantes de la UArtes ganan primero y segundo lugar en el Sal\u00f3n de Julio 2018","datePublished":"2018-07-24T21:20:25+00:00","dateModified":"2024-07-04T16:53:46+00:00","mainEntityOfPage":{"@id":"https:\/\/www.uartes.edu.ec\/sitio\/blog\/2018\/07\/24\/estudiantes-de-la-uartes-ganan-primero-y-segundo-lugar-en-el-salon-de-julio-2018\/"},"wordCount":425,"publisher":{"@id":"https:\/\/www.uartes.edu.ec\/sitio\/#organization"},"image":{"@id":"https:\/\/www.uartes.edu.ec\/sitio\/blog\/2018\/07\/24\/estudiantes-de-la-uartes-ganan-primero-y-segundo-lugar-en-el-salon-de-julio-2018\/#primaryimage"},"thumbnailUrl":"","articleSection":["Estudiantes"],"inLanguage":"es"},{"@type":["WebPage","ItemPage"],"@id":"https:\/\/www.uartes.edu.ec\/sitio\/blog\/2018\/07\/24\/estudiantes-de-la-uartes-ganan-primero-y-segundo-lugar-en-el-salon-de-julio-2018\/","url":"https:\/\/www.uartes.edu.ec\/sitio\/blog\/2018\/07\/24\/estudiantes-de-la-uartes-ganan-primero-y-segundo-lugar-en-el-salon-de-julio-2018\/","name":"Universidad de las Artes - Estudiantes de la UArtes ganan primero y segundo lugar en el Sal\u00f3n de Julio 2018","isPartOf":{"@id":"https:\/\/www.uartes.edu.ec\/sitio\/#website"},"primaryImageOfPage":{"@id":"https:\/\/www.uartes.edu.ec\/sitio\/blog\/2018\/07\/24\/estudiantes-de-la-uartes-ganan-primero-y-segundo-lugar-en-el-salon-de-julio-2018\/#primaryimage"},"image":{"@id":"https:\/\/www.uartes.edu.ec\/sitio\/blog\/2018\/07\/24\/estudiantes-de-la-uartes-ganan-primero-y-segundo-lugar-en-el-salon-de-julio-2018\/#primaryimage"},"thumbnailUrl":"","datePublished":"2018-07-24T21:20:25+00:00","dateModified":"2024-07-04T16:53:46+00:00","description":"Universidad de las Artes - Estudiantes de la UArtes ganan primero y segundo lugar en el Sal\u00f3n de Julio 2018","breadcrumb":{"@id":"https:\/\/www.uartes.edu.ec\/sitio\/blog\/2018\/07\/24\/estudiantes-de-la-uartes-ganan-primero-y-segundo-lugar-en-el-salon-de-julio-2018\/#breadcrumb"},"inLanguage":"es","potentialAction":[{"@type":"ReadAction","target":["https:\/\/www.uartes.edu.ec\/sitio\/blog\/2018\/07\/24\/estudiantes-de-la-uartes-ganan-primero-y-segundo-lugar-en-el-salon-de-julio-2018\/"]}]},{"@type":"ImageObject","inLanguage":"es","@id":"https:\/\/www.uartes.edu.ec\/sitio\/blog\/2018\/07\/24\/estudiantes-de-la-uartes-ganan-primero-y-segundo-lugar-en-el-salon-de-julio-2018\/#primaryimage","url":"","contentUrl":""},{"@type":"BreadcrumbList","@id":"https:\/\/www.uartes.edu.ec\/sitio\/blog\/2018\/07\/24\/estudiantes-de-la-uartes-ganan-primero-y-segundo-lugar-en-el-salon-de-julio-2018\/#breadcrumb","itemListElement":[{"@type":"ListItem","position":1,"name":"Inicio","item":"https:\/\/www.uartes.edu.ec\/sitio\/"},{"@type":"ListItem","position":2,"name":"Estudiantes de la UArtes ganan primero y segundo lugar en el Sal\u00f3n de Julio 2018"}]},{"@type":"WebSite","@id":"https:\/\/www.uartes.edu.ec\/sitio\/#website","url":"https:\/\/www.uartes.edu.ec\/sitio\/","name":"Universidad de las Artes","description":"Sitio oficial de la Universidad Nacional de las Artes del Ecuador","publisher":{"@id":"https:\/\/www.uartes.edu.ec\/sitio\/#organization"},"potentialAction":[{"@type":"SearchAction","target":{"@type":"EntryPoint","urlTemplate":"https:\/\/www.uartes.edu.ec\/sitio\/?s={search_term_string}"},"query-input":{"@type":"PropertyValueSpecification","valueRequired":true,"valueName":"search_term_string"}}],"inLanguage":"es"},{"@type":"Organization","@id":"https:\/\/www.uartes.edu.ec\/sitio\/#organization","name":"Universidad de las Artes","url":"https:\/\/www.uartes.edu.ec\/sitio\/","logo":{"@type":"ImageObject","inLanguage":"es","@id":"https:\/\/www.uartes.edu.ec\/sitio\/#\/schema\/logo\/image\/","url":"https:\/\/www.uartes.edu.ec\/sitio\/wp-content\/uploads\/2022\/07\/logo-ua-horizontal.png","contentUrl":"https:\/\/www.uartes.edu.ec\/sitio\/wp-content\/uploads\/2022\/07\/logo-ua-horizontal.png","width":800,"height":276,"caption":"Universidad de las Artes"},"image":{"@id":"https:\/\/www.uartes.edu.ec\/sitio\/#\/schema\/logo\/image\/"},"sameAs":["https:\/\/www.facebook.com\/uartesec","https:\/\/x.com\/uartesec","https:\/\/www.tiktok.com\/@uartesec"]},{"@type":"Person","@id":"https:\/\/www.uartes.edu.ec\/sitio\/#\/schema\/person\/f33f8c1d2af0d5c80a38c8abf458184a","name":"Universidad de las Artes","image":{"@type":"ImageObject","inLanguage":"es","@id":"https:\/\/secure.gravatar.com\/avatar\/52e4757902f5cfa5ac52d020e5be83cae5487519154b6c35482fe08d589f3c13?s=96&d=mm&r=g","url":"https:\/\/secure.gravatar.com\/avatar\/52e4757902f5cfa5ac52d020e5be83cae5487519154b6c35482fe08d589f3c13?s=96&d=mm&r=g","contentUrl":"https:\/\/secure.gravatar.com\/avatar\/52e4757902f5cfa5ac52d020e5be83cae5487519154b6c35482fe08d589f3c13?s=96&d=mm&r=g","caption":"Universidad de las Artes"},"url":"https:\/\/www.uartes.edu.ec\/sitio\/blog\/author\/dircomadm\/"}]}},"uagb_featured_image_src":{"full":false,"thumbnail":false,"medium":false,"medium_large":false,"large":false,"1536x1536":false,"2048x2048":false,"trp-custom-language-flag":false,"htmega_size_585x295":false,"htmega_size_1170x536":false,"htmega_size_396x360":false,"gb-block-post-grid-landscape":false,"gb-block-post-grid-square":false,"university-hub-thumb":false},"uagb_author_info":{"display_name":"Universidad de las Artes","author_link":"https:\/\/www.uartes.edu.ec\/sitio\/blog\/author\/dircomadm\/"},"uagb_comment_info":0,"uagb_excerpt":"Jos\u00e9 Pinto y Omar Bereche, estudiantes de la carrera de Artes Visuales de la Universidad de las Artes del Ecuador, ganaron el primero y segundo lugar en la 59 edici\u00f3n del Sal\u00f3n de Julio, Fundaci\u00f3n de Guayaquil 2018, respectivamente. El tercer lugar fue para Fabricio Mosquera con su obra \u201cYou\u201d. La premiaci\u00f3n se llevar\u00e1 a&hellip;","featured_image_src":null,"featured_image_src_square":null,"author_info":{"display_name":"Universidad de las Artes","author_link":"https:\/\/www.uartes.edu.ec\/sitio\/blog\/author\/dircomadm\/"},"publishpress_future_workflow_manual_trigger":{"enabledWorkflows":[]},"distributor_meta":false,"distributor_terms":false,"distributor_media":false,"distributor_original_site_name":"Universidad de las Artes","distributor_original_site_url":"https:\/\/www.uartes.edu.ec\/sitio","push-errors":false,"_links":{"self":[{"href":"https:\/\/www.uartes.edu.ec\/sitio\/wp-json\/wp\/v2\/posts\/1717","targetHints":{"allow":["GET"]}}],"collection":[{"href":"https:\/\/www.uartes.edu.ec\/sitio\/wp-json\/wp\/v2\/posts"}],"about":[{"href":"https:\/\/www.uartes.edu.ec\/sitio\/wp-json\/wp\/v2\/types\/post"}],"author":[{"embeddable":true,"href":"https:\/\/www.uartes.edu.ec\/sitio\/wp-json\/wp\/v2\/users\/1"}],"replies":[{"embeddable":true,"href":"https:\/\/www.uartes.edu.ec\/sitio\/wp-json\/wp\/v2\/comments?post=1717"}],"version-history":[{"count":1,"href":"https:\/\/www.uartes.edu.ec\/sitio\/wp-json\/wp\/v2\/posts\/1717\/revisions"}],"predecessor-version":[{"id":3348,"href":"https:\/\/www.uartes.edu.ec\/sitio\/wp-json\/wp\/v2\/posts\/1717\/revisions\/3348"}],"wp:featuredmedia":[{"embeddable":true,"href":"https:\/\/www.uartes.edu.ec\/sitio\/wp-json\/"}],"wp:attachment":[{"href":"https:\/\/www.uartes.edu.ec\/sitio\/wp-json\/wp\/v2\/media?parent=1717"}],"wp:term":[{"taxonomy":"category","embeddable":true,"href":"https:\/\/www.uartes.edu.ec\/sitio\/wp-json\/wp\/v2\/categories?post=1717"},{"taxonomy":"post_tag","embeddable":true,"href":"https:\/\/www.uartes.edu.ec\/sitio\/wp-json\/wp\/v2\/tags?post=1717"},{"taxonomy":"infouartes","embeddable":true,"href":"https:\/\/www.uartes.edu.ec\/sitio\/wp-json\/wp\/v2\/infouartes?post=1717"}],"curies":[{"name":"wp","href":"https:\/\/api.w.org\/{rel}","templated":true}]}}